{"id":315147,"date":"2024-09-10T23:26:34","date_gmt":"2024-09-10T19:26:34","guid":{"rendered":"https:\/\/www.meydan.tv\/?p=315147"},"modified":"2024-09-11T11:37:29","modified_gmt":"2024-09-11T07:37:29","slug":"fazil-qasimov-mecburu-qidalandirilacagi-teqdirde-ozunu-oldureceyini-deyib","status":"publish","type":"post","link":"https:\/\/www.meydan.tv\/az\/article\/fazil-qasimov-mecburu-qidalandirilacagi-teqdirde-ozunu-oldureceyini-deyib\/","title":{"rendered":"Fazil Qas\u0131mov m\u0259cburi qidaland\u0131r\u0131laca\u011f\u0131 t\u0259qdird\u0259 \u00f6z\u00fcn\u00fc \u00f6ld\u00fcr\u0259c\u0259yini deyib"},"content":{"rendered":"\n<p><\/p>\n\n\n\n<p><strong><em>&#8220;Bu bar\u0259d\u0259 q\u0259rar verils\u0259, can\u0131ma q\u0259sd edib, h\u0259yatla bird\u0259f\u0259lik vidala\u015faca\u011fam&#8221;<\/em><\/strong><\/p>\n\n\n\n<p>\u0130stanbul Universitetinin doktorant\u0131, 2023-c\u00fc ilin avqustunda T\u00fcrkiy\u0259d\u0259 saxlan\u0131laraq Az\u0259rbaycana g\u0259tirl\u0259n alim Fazil Qas\u0131movun h\u0259bsd\u0259 89-c\u00fc g\u00fcnd\u00fcr ki, acl\u0131q etdiyi bildirilir.<\/p>\n\n\n\n<p>Bu bar\u0259d\u0259 Meydan TV-y\u0259 h\u00fcquq m\u00fcdafi\u0259\u00e7isi \u2013 \u201cM\u00fcdafi\u0259 X\u0259tti\u201d insan haqlar\u0131 t\u0259\u015fkilat\u0131n\u0131n icra\u00e7\u0131 direktoru R\u00fcf\u0259t S\u0259f\u0259rov m\u0259lumat verib.<\/p>\n\n\n\n<p>O deyir ki, 34 ya\u015fl\u0131 alim \u00f6l\u00fcml\u0259 \u00fcz-\u00fcz\u0259dir, \u0259g\u0259r t\u0259dbir g\u00f6r\u00fclm\u0259s\u0259, yax\u0131n g\u00fcnl\u0259rd\u0259 h\u0259yat\u0131n\u0131 itir\u0259 bil\u0259r.<\/p>\n\n\n\n<p>\u201c<em>M\u0259nd\u0259 olan m\u0259lumata g\u00f6r\u0259, \u00e7\u0259kisi art\u0131q 35 kiloqrama d\u00fc\u015f\u00fcb. Bunun n\u0259 dem\u0259k oldu\u011funu anlamaq \u00e7\u0259tin deyil. H\u00f6kum\u0259t, d\u00f6vl\u0259t bir alimi, bir z\u0259kan\u0131 m\u0259hv edir\u201d.<\/em><\/p>\n\n\n\n<p>H\u00fcquq m\u00fcdafi\u0259\u00e7isi \u0259lav\u0259 edib ki, h\u0259yat\u0131n\u0131n t\u0259hl\u00fck\u0259 alt\u0131nda olmas\u0131na baxmayaraq, Fazil Qas\u0131mov acl\u0131\u011f\u0131 dayand\u0131rmaq niyy\u0259tind\u0259 deyil.<\/p>\n\n\n\n<p>\u018fksin\u0259, onun \u00f6lm\u0259k ehtimal\u0131 n\u0259z\u0259r\u0259 al\u0131naraq, m\u0259cburi qidaland\u0131rma\u011fa c\u0259hd g\u00f6st\u0259r\u0259rl\u0259rs\u0259, \u00f6z\u00fcn\u0259 q\u0259sd ed\u0259c\u0259yini bildirib:<\/p>\n\n\n\n<p><em>&#8220;Deyib ki, \u0259g\u0259r m\u0259cburi qidaland\u0131rma\u011f\u0131m bar\u0259d\u0259 q\u0259rar verils\u0259, can\u0131ma q\u0259sd edib, h\u0259yatla bird\u0259f\u0259lik vidala\u015faca\u011fam, \u00f6l\u00fcm\u00fcm\u00fc tezl\u0259\u015fdir\u0259c\u0259y\u0259m. Ciddiy\u0259m v\u0259 \u00fcmid edir\u0259m ki, bunu r\u0259smi dair\u0259l\u0259r n\u0259z\u0259r\u0259 alar\u201d.<\/em><\/p>\n\n\n\n<p><em>&#8220;M\u0259n d\u0259 inanmaq ist\u0259yir\u0259m ki, bir d\u00f6vl\u0259t \u00f6z v\u0259t\u0259nda\u015f\u0131n\u0131n, aliminin h\u0259yat\u0131n\u0131 bu q\u0259d\u0259r he\u00e7 saymaz\u201d, &#8211;<\/em> dey\u0259 R\u00fcf\u0259t S\u0259f\u0259rov qeyd edib.<\/p>\n\n\n\n<p>V\u0259kili R\u00f6v\u015fan\u0259 R\u0259himli d\u0259 Fazil Qas\u0131movun durumunun \u00e7ox a\u011f\u0131r oldu\u011funu deyir.<\/p>\n\n\n\n<p>Onun s\u00f6zl\u0259rin\u0259 g\u00f6r\u0259, h\u0259l\u0259 acl\u0131\u011f\u0131n 87-ci g\u00fcn\u00fcnd\u0259 Penitensiar Xidm\u0259tin M\u00fcalic\u0259 M\u00fc\u0259ssis\u0259sind\u0259 m\u00fcv\u0259kkili il\u0259 g\u00f6r\u00fc\u015f\u00fcb v\u0259 onun v\u0259ziyy\u0259tinin \u00e7ox a\u011f\u0131r oldu\u011funu g\u00f6r\u00fcb:<\/p>\n\n\n\n<p>\u201c<em>Durumunu t\u0259svir etm\u0259k bel\u0259 m\u0259nim \u00fc\u00e7\u00fcn \u00e7ox a\u011f\u0131rd\u0131r&#8230;\u201d.<\/em><\/p>\n\n\n\n<p>Fazil Qas\u0131mov s\u0259rb\u0259st yeriy\u0259 bilm\u0259diyin\u0259 g\u00f6r\u0259 \u0259lil arabas\u0131ndan istifad\u0259 etm\u0259k m\u0259cburiyy\u0259tind\u0259dir.<\/p>\n\n\n\n<p>Fazil Qas\u0131mov Az\u0259rbaycan Demokratiya v\u0259 Rifah Partiyas\u0131n\u0131n ke\u00e7mi\u015f s\u0259dri, iqtisad\u00e7\u0131 Qubad \u0130bado\u011flu il\u0259 \u0259lbirlikd\u0259 ittiham olunur.<\/p>\n\n\n\n<p>Qubad \u0130bado\u011flu 2023-c\u00fc il iyulun 23-d\u0259 saxlan\u0131l\u0131b, ona qar\u015f\u0131 Cinay\u0259t M\u0259c\u0259ll\u0259sinin 204.3.1 madd\u0259si il\u0259 ittiham ir\u0259li s\u00fcr\u00fcl\u00fcb.<\/p>\n\n\n\n<p>H\u0259min g\u00fcn onun ofisind\u0259 ke\u00e7iril\u0259n axtar\u0131\u015fda 40 min dollar pul tap\u0131ld\u0131\u011f\u0131, onun bir hiss\u0259sinin saxta oldu\u011fu iddia edilib.<\/p>\n\n\n\n<p>T\u0259qsirl\u0259ndiril\u0259n iqtisad\u00e7\u0131 bildirib ki, o pulun ona he\u00e7 bir aidiyy\u0259ti yoxdur v\u0259 ora polisl\u0259rin \u00f6zl\u0259ri yerl\u0259\u015fdirib, sonra da g\u00f6t\u00fcr\u00fcbl\u0259r.<\/p>\n\n\n\n<p>Qubad \u0130bado\u011flunun h\u0259bsind\u0259n az sonra \u2013 avqustun 8-d\u0259 Fazil Qas\u0131mov T\u00fcrkiy\u0259d\u0259 saxlan\u0131laraq, Az\u0259rbaycana g\u0259tirilib. Ona da eyni madd\u0259 il\u0259 ittiham verilib.<\/p>\n\n\n\n<p>\u0130ddia edilib ki, saxta pullar\u0131 Fazil Qas\u0131mov T\u00fcrkiy\u0259d\u0259 \u0259ld\u0259 ed\u0259r\u0259k Qubad \u0130bado\u011fluna verib, o da Az\u0259rbaycana g\u0259tirib.<\/p>\n\n\n\n<p>Onlar h\u0259m\u00e7inin FET\u00d6 (Fetullah G\u00fclen Terror \u00d6rg\u00fct\u00fc) il\u0259 \u0259laq\u0259d\u0259 ittiham olunur. Lakin h\u0259r ikisi ittihamlar\u0131 r\u0259dd edir, siyasi sifari\u015fl\u0259 h\u0259bs olunduqlar\u0131n\u0131 deyirl\u0259r.<\/p>\n\n\n\n<p>Qubad \u0130bado\u011flu h\u0259bs olundu\u011fu g\u00fcn axtar\u0131\u015fdan sonra binadan \u00e7\u0131xar\u0131l\u0131b apar\u0131lark\u0259n Prezident \u0130lham \u018fliyevin sifari\u015fil\u0259 h\u0259bs olundu\u011funu bildirib.<\/p>\n\n\n\n<p>O, aprelin 22-d\u0259 h\u0259bsd\u0259n burax\u0131l\u0131b. Ev dustaql\u0131\u011f\u0131na burax\u0131landan t\u0259xmin\u0259n 20 g\u00fcn sonra \u2013 may\u0131n 14-d\u0259 s\u0259dri oldu\u011fu Az\u0259rbaycan Demokratiya v\u0259 Rifah Partiyas\u0131n\u0131n (ADR) f\u0259aliyy\u0259tinin dayand\u0131r\u0131lmas\u0131 bar\u0259d\u0259 q\u0259rar q\u0259bul edilib.<\/p>\n\n\n\n<p>ADR \u0130dar\u0259 Hey\u0259ti partiyan\u0131n f\u0259aliyy\u0259tini dayand\u0131rmas\u0131n\u0131 qeydiyyata al\u0131nmamas\u0131yla izah edib.<\/p>\n\n\n\n<p>Qubad \u0130bado\u011flu ev dustaql\u0131\u011f\u0131na burax\u0131lsa da, sonradan bu q\u0259timkan t\u0259dbiri \u201cpolis n\u0259zar\u0259tin\u0259 verm\u0259\u201d il\u0259 \u0259v\u0259z olunub.<\/p>\n\n\n\n<p>Fazil Qas\u0131movun i\u015fin\u0259 Bak\u0131 A\u011f\u0131r Cinay\u0259tl\u0259r M\u0259hk\u0259m\u0259sind\u0259 bax\u0131l\u0131r.<\/p>\n\n\n\n<p>O, m\u0259hk\u0259m\u0259d\u0259 bildirib ki, istintaq zaman\u0131 \u00f6z\u00fcn\u00fcn v\u0259 Qubad \u0130bado\u011flunun \u0259leyhin\u0259 yalan ifad\u0259l\u0259r verm\u0259si \u00fc\u00e7\u00fcn d\u00f6y\u00fclm\u0259, ba\u015f\u0131n\u0131n unitaza sal\u0131nmas\u0131, cinsi azl\u0131q olan dustaqlar\u0131n t\u0259cav\u00fcz\u00fc il\u0259 h\u0259d\u0259l\u0259nm\u0259si kimi m\u00fcxt\u0259lif t\u0259zyiql\u0259r\u0259 m\u0259ruz qal\u0131b.<\/p>\n","protected":false},"excerpt":{"rendered":"<p>&#8220;Bu bar\u0259d\u0259 q\u0259rar verils\u0259, can\u0131ma q\u0259sd edib, h\u0259yatla bird\u0259f\u0259lik vidala\u015faca\u011fam&#8221; &#8230; <\/p>\n<p class=\"read-more-container\"><a title=\"Fazil Qas\u0131mov m\u0259cburi qidaland\u0131r\u0131laca\u011f\u0131 t\u0259qdird\u0259 \u00f6z\u00fcn\u00fc \u00f6ld\u00fcr\u0259c\u0259yini deyib\" class=\"read-more button\" href=\"https:\/\/www.meydan.tv\/az\/article\/fazil-qasimov-mecburu-qidalandirilacagi-teqdirde-ozunu-oldureceyini-deyib\/#more-315147\" aria-label=\"Read more about Fazil Qas\u0131mov m\u0259cburi qidaland\u0131r\u0131laca\u011f\u0131 t\u0259qdird\u0259 \u00f6z\u00fcn\u00fc \u00f6ld\u00fcr\u0259c\u0259yini deyib\">Davam\u0131<\/a><\/p>\n","protected":false},"author":8,"featured_media":315056,"comment_status":"closed","ping_status":"closed","sticky":false,"template":"","format":"standard","meta":{"_acf_changed":false,"_sitemap_exclude":false,"_sitemap_priority":"","_sitemap_frequency":"","footnotes":""},"categories":[59,79,56],"tags":[],"class_list":["post-315147","post","type-post","status-publish","format-standard","has-post-thumbnail","hentry","category-siyaset","category-featured","category-xeberler","infinite-scroll-item","generate-columns","tablet-grid-50","mobile-grid-100","grid-parent","grid-33","no-featured-image-padding"],"acf":[],"yoast_head":"<!-- This site is optimized with the Yoast SEO plugin v27.4 - https:\/\/yoast.com\/product\/yoast-seo-wordpress\/ -->\n<title>Fazil Qas\u0131mov m\u0259cburi qidaland\u0131r\u0131laca\u011f\u0131 t\u0259qdird\u0259 \u00f6z\u00fcn\u00fc \u00f6ld\u00fcr\u0259c\u0259yini deyib - MEYDAN.TV<\/title>\n<meta name=\"description\" content=\"&quot;M\u0259n d\u0259 inanmaq ist\u0259yir\u0259m ki, bir d\u00f6vl\u0259t \u00f6z v\u0259t\u0259nda\u015f\u0131n\u0131n, aliminin h\u0259yat\u0131n\u0131 bu q\u0259d\u0259r he\u00e7 saymaz\u201d, - dey\u0259 R\u00fcf\u0259t S\u0259f\u0259rov qeyd edib.\" \/>\n<meta name=\"robots\" content=\"index, follow, max-snippet:-1, max-image-preview:large, max-video-preview:-1\" \/>\n<link rel=\"canonical\" href=\"https:\/\/www.meydan.tv\/az\/article\/fazil-qasimov-mecburu-qidalandirilacagi-teqdirde-ozunu-oldureceyini-deyib\/\" \/>\n<meta property=\"og:locale\" content=\"az_AZ\" \/>\n<meta property=\"og:type\" content=\"article\" \/>\n<meta property=\"og:title\" content=\"Fazil Qas\u0131mov m\u0259cburi qidaland\u0131r\u0131laca\u011f\u0131 t\u0259qdird\u0259 \u00f6z\u00fcn\u00fc \u00f6ld\u00fcr\u0259c\u0259yini deyib - MEYDAN.TV\" \/>\n<meta property=\"og:description\" content=\"&quot;M\u0259n d\u0259 inanmaq ist\u0259yir\u0259m ki, bir d\u00f6vl\u0259t \u00f6z v\u0259t\u0259nda\u015f\u0131n\u0131n, aliminin h\u0259yat\u0131n\u0131 bu q\u0259d\u0259r he\u00e7 saymaz\u201d, - dey\u0259 R\u00fcf\u0259t S\u0259f\u0259rov qeyd edib.\" \/>\n<meta property=\"og:url\" content=\"https:\/\/www.meydan.tv\/az\/article\/fazil-qasimov-mecburu-qidalandirilacagi-teqdirde-ozunu-oldureceyini-deyib\/\" \/>\n<meta property=\"og:site_name\" content=\"MEYDAN.TV\" \/>\n<meta property=\"article:published_time\" content=\"2024-09-10T19:26:34+00:00\" \/>\n<meta property=\"article:modified_time\" content=\"2024-09-11T07:37:29+00:00\" \/>\n<meta property=\"og:image\" content=\"https:\/\/www.meydan.tv\/wp-content\/uploads\/img_1464.jpg\" \/>\n\t<meta property=\"og:image:width\" content=\"1200\" \/>\n\t<meta property=\"og:image:height\" content=\"800\" \/>\n\t<meta property=\"og:image:type\" content=\"image\/jpeg\" \/>\n<meta name=\"author\" content=\"elli\" \/>\n<meta name=\"twitter:card\" content=\"summary_large_image\" \/>\n<meta name=\"twitter:creator\" content=\"@elli\" \/>\n<script type=\"application\/ld+json\" class=\"yoast-schema-graph\">{\"@context\":\"https:\\\/\\\/schema.org\",\"@graph\":[{\"@type\":\"Article\",\"@id\":\"https:\\\/\\\/www.meydan.tv\\\/az\\\/article\\\/fazil-qasimov-mecburu-qidalandirilacagi-teqdirde-ozunu-oldureceyini-deyib\\\/#article\",\"isPartOf\":{\"@id\":\"https:\\\/\\\/www.meydan.tv\\\/az\\\/article\\\/fazil-qasimov-mecburu-qidalandirilacagi-teqdirde-ozunu-oldureceyini-deyib\\\/\"},\"author\":{\"name\":\"elli\",\"@id\":\"https:\\\/\\\/www.meydan.tv\\\/az\\\/#\\\/schema\\\/person\\\/9cdbecf90d17180ce1dfbd95b08dcf47\"},\"headline\":\"Fazil Qas\u0131mov m\u0259cburi qidaland\u0131r\u0131laca\u011f\u0131 t\u0259qdird\u0259 \u00f6z\u00fcn\u00fc \u00f6ld\u00fcr\u0259c\u0259yini deyib\",\"datePublished\":\"2024-09-10T19:26:34+00:00\",\"dateModified\":\"2024-09-11T07:37:29+00:00\",\"mainEntityOfPage\":{\"@id\":\"https:\\\/\\\/www.meydan.tv\\\/az\\\/article\\\/fazil-qasimov-mecburu-qidalandirilacagi-teqdirde-ozunu-oldureceyini-deyib\\\/\"},\"wordCount\":797,\"publisher\":{\"@id\":\"https:\\\/\\\/www.meydan.tv\\\/az\\\/#organization\"},\"image\":{\"@id\":\"https:\\\/\\\/www.meydan.tv\\\/az\\\/article\\\/fazil-qasimov-mecburu-qidalandirilacagi-teqdirde-ozunu-oldureceyini-deyib\\\/#primaryimage\"},\"thumbnailUrl\":\"https:\\\/\\\/www.meydan.tv\\\/wp-content\\\/uploads\\\/img_1464-e1733402139166.jpg\",\"articleSection\":[\"Siyas\u0259t\",\"T\u00f6vsiy\u0259\",\"X\u0259b\u0259rl\u0259r\"],\"inLanguage\":\"az\"},{\"@type\":\"WebPage\",\"@id\":\"https:\\\/\\\/www.meydan.tv\\\/az\\\/article\\\/fazil-qasimov-mecburu-qidalandirilacagi-teqdirde-ozunu-oldureceyini-deyib\\\/\",\"url\":\"https:\\\/\\\/www.meydan.tv\\\/az\\\/article\\\/fazil-qasimov-mecburu-qidalandirilacagi-teqdirde-ozunu-oldureceyini-deyib\\\/\",\"name\":\"Fazil Qas\u0131mov m\u0259cburi qidaland\u0131r\u0131laca\u011f\u0131 t\u0259qdird\u0259 \u00f6z\u00fcn\u00fc \u00f6ld\u00fcr\u0259c\u0259yini deyib - MEYDAN.TV\",\"isPartOf\":{\"@id\":\"https:\\\/\\\/www.meydan.tv\\\/az\\\/#website\"},\"primaryImageOfPage\":{\"@id\":\"https:\\\/\\\/www.meydan.tv\\\/az\\\/article\\\/fazil-qasimov-mecburu-qidalandirilacagi-teqdirde-ozunu-oldureceyini-deyib\\\/#primaryimage\"},\"image\":{\"@id\":\"https:\\\/\\\/www.meydan.tv\\\/az\\\/article\\\/fazil-qasimov-mecburu-qidalandirilacagi-teqdirde-ozunu-oldureceyini-deyib\\\/#primaryimage\"},\"thumbnailUrl\":\"https:\\\/\\\/www.meydan.tv\\\/wp-content\\\/uploads\\\/img_1464-e1733402139166.jpg\",\"datePublished\":\"2024-09-10T19:26:34+00:00\",\"dateModified\":\"2024-09-11T07:37:29+00:00\",\"description\":\"\\\"M\u0259n d\u0259 inanmaq ist\u0259yir\u0259m ki, bir d\u00f6vl\u0259t \u00f6z v\u0259t\u0259nda\u015f\u0131n\u0131n, aliminin h\u0259yat\u0131n\u0131 bu q\u0259d\u0259r he\u00e7 saymaz\u201d, - dey\u0259 R\u00fcf\u0259t S\u0259f\u0259rov qeyd edib.\",\"breadcrumb\":{\"@id\":\"https:\\\/\\\/www.meydan.tv\\\/az\\\/article\\\/fazil-qasimov-mecburu-qidalandirilacagi-teqdirde-ozunu-oldureceyini-deyib\\\/#breadcrumb\"},\"inLanguage\":\"az\",\"potentialAction\":[{\"@type\":\"ReadAction\",\"target\":[\"https:\\\/\\\/www.meydan.tv\\\/az\\\/article\\\/fazil-qasimov-mecburu-qidalandirilacagi-teqdirde-ozunu-oldureceyini-deyib\\\/\"]}]},{\"@type\":\"ImageObject\",\"inLanguage\":\"az\",\"@id\":\"https:\\\/\\\/www.meydan.tv\\\/az\\\/article\\\/fazil-qasimov-mecburu-qidalandirilacagi-teqdirde-ozunu-oldureceyini-deyib\\\/#primaryimage\",\"url\":\"https:\\\/\\\/www.meydan.tv\\\/wp-content\\\/uploads\\\/img_1464-e1733402139166.jpg\",\"contentUrl\":\"https:\\\/\\\/www.meydan.tv\\\/wp-content\\\/uploads\\\/img_1464-e1733402139166.jpg\",\"width\":1200,\"height\":558,\"caption\":\"\u0130ll\u00fcstrasiya: Meydan TV\"},{\"@type\":\"BreadcrumbList\",\"@id\":\"https:\\\/\\\/www.meydan.tv\\\/az\\\/article\\\/fazil-qasimov-mecburu-qidalandirilacagi-teqdirde-ozunu-oldureceyini-deyib\\\/#breadcrumb\",\"itemListElement\":[{\"@type\":\"ListItem\",\"position\":1,\"name\":\"Ana s\u0259hif\u0259\",\"item\":\"https:\\\/\\\/www.meydan.tv\\\/az\\\/\"},{\"@type\":\"ListItem\",\"position\":2,\"name\":\"Siyas\u0259t\",\"item\":\"https:\\\/\\\/www.meydan.tv\\\/az\\\/section\\\/siyaset\\\/\"},{\"@type\":\"ListItem\",\"position\":3,\"name\":\"Fazil Qas\u0131mov m\u0259cburi qidaland\u0131r\u0131laca\u011f\u0131 t\u0259qdird\u0259 \u00f6z\u00fcn\u00fc \u00f6ld\u00fcr\u0259c\u0259yini deyib\"}]},{\"@type\":\"WebSite\",\"@id\":\"https:\\\/\\\/www.meydan.tv\\\/az\\\/#website\",\"url\":\"https:\\\/\\\/www.meydan.tv\\\/az\\\/\",\"name\":\"MEYDAN.TV\",\"description\":\"Meydan TV Az\u0259rbaycan\u0131n media m\u0259kan\u0131ndak\u0131 alternativ s\u0259sidir\",\"publisher\":{\"@id\":\"https:\\\/\\\/www.meydan.tv\\\/az\\\/#organization\"},\"potentialAction\":[{\"@type\":\"SearchAction\",\"target\":{\"@type\":\"EntryPoint\",\"urlTemplate\":\"https:\\\/\\\/www.meydan.tv\\\/az\\\/?s={search_term_string}\"},\"query-input\":{\"@type\":\"PropertyValueSpecification\",\"valueRequired\":true,\"valueName\":\"search_term_string\"}}],\"inLanguage\":\"az\"},{\"@type\":\"Organization\",\"@id\":\"https:\\\/\\\/www.meydan.tv\\\/az\\\/#organization\",\"name\":\"Meydan TV\",\"url\":\"https:\\\/\\\/www.meydan.tv\\\/az\\\/\",\"logo\":{\"@type\":\"ImageObject\",\"inLanguage\":\"az\",\"@id\":\"https:\\\/\\\/www.meydan.tv\\\/az\\\/#\\\/schema\\\/logo\\\/image\\\/\",\"url\":\"https:\\\/\\\/www.meydan.tv\\\/wp-content\\\/uploads\\\/2021\\\/07\\\/meydan-logo.svg\",\"contentUrl\":\"https:\\\/\\\/www.meydan.tv\\\/wp-content\\\/uploads\\\/2021\\\/07\\\/meydan-logo.svg\",\"width\":195,\"height\":46,\"caption\":\"Meydan TV\"},\"image\":{\"@id\":\"https:\\\/\\\/www.meydan.tv\\\/az\\\/#\\\/schema\\\/logo\\\/image\\\/\"}},{\"@type\":\"Person\",\"@id\":\"https:\\\/\\\/www.meydan.tv\\\/az\\\/#\\\/schema\\\/person\\\/9cdbecf90d17180ce1dfbd95b08dcf47\",\"name\":\"elli\",\"sameAs\":[\"https:\\\/\\\/x.com\\\/elli\"]}]}<\/script>\n<!-- \/ Yoast SEO plugin. -->","yoast_head_json":{"title":"Fazil Qas\u0131mov m\u0259cburi qidaland\u0131r\u0131laca\u011f\u0131 t\u0259qdird\u0259 \u00f6z\u00fcn\u00fc \u00f6ld\u00fcr\u0259c\u0259yini deyib - MEYDAN.TV","description":"\"M\u0259n d\u0259 inanmaq ist\u0259yir\u0259m ki, bir d\u00f6vl\u0259t \u00f6z v\u0259t\u0259nda\u015f\u0131n\u0131n, aliminin h\u0259yat\u0131n\u0131 bu q\u0259d\u0259r he\u00e7 saymaz\u201d, - dey\u0259 R\u00fcf\u0259t S\u0259f\u0259rov qeyd edib.","robots":{"index":"index","follow":"follow","max-snippet":"max-snippet:-1","max-image-preview":"max-image-preview:large","max-video-preview":"max-video-preview:-1"},"canonical":"https:\/\/www.meydan.tv\/az\/article\/fazil-qasimov-mecburu-qidalandirilacagi-teqdirde-ozunu-oldureceyini-deyib\/","og_locale":"az_AZ","og_type":"article","og_title":"Fazil Qas\u0131mov m\u0259cburi qidaland\u0131r\u0131laca\u011f\u0131 t\u0259qdird\u0259 \u00f6z\u00fcn\u00fc \u00f6ld\u00fcr\u0259c\u0259yini deyib - MEYDAN.TV","og_description":"\"M\u0259n d\u0259 inanmaq ist\u0259yir\u0259m ki, bir d\u00f6vl\u0259t \u00f6z v\u0259t\u0259nda\u015f\u0131n\u0131n, aliminin h\u0259yat\u0131n\u0131 bu q\u0259d\u0259r he\u00e7 saymaz\u201d, - dey\u0259 R\u00fcf\u0259t S\u0259f\u0259rov qeyd edib.","og_url":"https:\/\/www.meydan.tv\/az\/article\/fazil-qasimov-mecburu-qidalandirilacagi-teqdirde-ozunu-oldureceyini-deyib\/","og_site_name":"MEYDAN.TV","article_published_time":"2024-09-10T19:26:34+00:00","article_modified_time":"2024-09-11T07:37:29+00:00","og_image":[{"width":1200,"height":800,"url":"https:\/\/www.meydan.tv\/wp-content\/uploads\/img_1464.jpg","type":"image\/jpeg"}],"author":"elli","twitter_card":"summary_large_image","twitter_creator":"@elli","schema":{"@context":"https:\/\/schema.org","@graph":[{"@type":"Article","@id":"https:\/\/www.meydan.tv\/az\/article\/fazil-qasimov-mecburu-qidalandirilacagi-teqdirde-ozunu-oldureceyini-deyib\/#article","isPartOf":{"@id":"https:\/\/www.meydan.tv\/az\/article\/fazil-qasimov-mecburu-qidalandirilacagi-teqdirde-ozunu-oldureceyini-deyib\/"},"author":{"name":"elli","@id":"https:\/\/www.meydan.tv\/az\/#\/schema\/person\/9cdbecf90d17180ce1dfbd95b08dcf47"},"headline":"Fazil Qas\u0131mov m\u0259cburi qidaland\u0131r\u0131laca\u011f\u0131 t\u0259qdird\u0259 \u00f6z\u00fcn\u00fc \u00f6ld\u00fcr\u0259c\u0259yini deyib","datePublished":"2024-09-10T19:26:34+00:00","dateModified":"2024-09-11T07:37:29+00:00","mainEntityOfPage":{"@id":"https:\/\/www.meydan.tv\/az\/article\/fazil-qasimov-mecburu-qidalandirilacagi-teqdirde-ozunu-oldureceyini-deyib\/"},"wordCount":797,"publisher":{"@id":"https:\/\/www.meydan.tv\/az\/#organization"},"image":{"@id":"https:\/\/www.meydan.tv\/az\/article\/fazil-qasimov-mecburu-qidalandirilacagi-teqdirde-ozunu-oldureceyini-deyib\/#primaryimage"},"thumbnailUrl":"https:\/\/www.meydan.tv\/wp-content\/uploads\/img_1464-e1733402139166.jpg","articleSection":["Siyas\u0259t","T\u00f6vsiy\u0259","X\u0259b\u0259rl\u0259r"],"inLanguage":"az"},{"@type":"WebPage","@id":"https:\/\/www.meydan.tv\/az\/article\/fazil-qasimov-mecburu-qidalandirilacagi-teqdirde-ozunu-oldureceyini-deyib\/","url":"https:\/\/www.meydan.tv\/az\/article\/fazil-qasimov-mecburu-qidalandirilacagi-teqdirde-ozunu-oldureceyini-deyib\/","name":"Fazil Qas\u0131mov m\u0259cburi qidaland\u0131r\u0131laca\u011f\u0131 t\u0259qdird\u0259 \u00f6z\u00fcn\u00fc \u00f6ld\u00fcr\u0259c\u0259yini deyib - MEYDAN.TV","isPartOf":{"@id":"https:\/\/www.meydan.tv\/az\/#website"},"primaryImageOfPage":{"@id":"https:\/\/www.meydan.tv\/az\/article\/fazil-qasimov-mecburu-qidalandirilacagi-teqdirde-ozunu-oldureceyini-deyib\/#primaryimage"},"image":{"@id":"https:\/\/www.meydan.tv\/az\/article\/fazil-qasimov-mecburu-qidalandirilacagi-teqdirde-ozunu-oldureceyini-deyib\/#primaryimage"},"thumbnailUrl":"https:\/\/www.meydan.tv\/wp-content\/uploads\/img_1464-e1733402139166.jpg","datePublished":"2024-09-10T19:26:34+00:00","dateModified":"2024-09-11T07:37:29+00:00","description":"\"M\u0259n d\u0259 inanmaq ist\u0259yir\u0259m ki, bir d\u00f6vl\u0259t \u00f6z v\u0259t\u0259nda\u015f\u0131n\u0131n, aliminin h\u0259yat\u0131n\u0131 bu q\u0259d\u0259r he\u00e7 saymaz\u201d, - dey\u0259 R\u00fcf\u0259t S\u0259f\u0259rov qeyd edib.","breadcrumb":{"@id":"https:\/\/www.meydan.tv\/az\/article\/fazil-qasimov-mecburu-qidalandirilacagi-teqdirde-ozunu-oldureceyini-deyib\/#breadcrumb"},"inLanguage":"az","potentialAction":[{"@type":"ReadAction","target":["https:\/\/www.meydan.tv\/az\/article\/fazil-qasimov-mecburu-qidalandirilacagi-teqdirde-ozunu-oldureceyini-deyib\/"]}]},{"@type":"ImageObject","inLanguage":"az","@id":"https:\/\/www.meydan.tv\/az\/article\/fazil-qasimov-mecburu-qidalandirilacagi-teqdirde-ozunu-oldureceyini-deyib\/#primaryimage","url":"https:\/\/www.meydan.tv\/wp-content\/uploads\/img_1464-e1733402139166.jpg","contentUrl":"https:\/\/www.meydan.tv\/wp-content\/uploads\/img_1464-e1733402139166.jpg","width":1200,"height":558,"caption":"\u0130ll\u00fcstrasiya: Meydan TV"},{"@type":"BreadcrumbList","@id":"https:\/\/www.meydan.tv\/az\/article\/fazil-qasimov-mecburu-qidalandirilacagi-teqdirde-ozunu-oldureceyini-deyib\/#breadcrumb","itemListElement":[{"@type":"ListItem","position":1,"name":"Ana s\u0259hif\u0259","item":"https:\/\/www.meydan.tv\/az\/"},{"@type":"ListItem","position":2,"name":"Siyas\u0259t","item":"https:\/\/www.meydan.tv\/az\/section\/siyaset\/"},{"@type":"ListItem","position":3,"name":"Fazil Qas\u0131mov m\u0259cburi qidaland\u0131r\u0131laca\u011f\u0131 t\u0259qdird\u0259 \u00f6z\u00fcn\u00fc \u00f6ld\u00fcr\u0259c\u0259yini deyib"}]},{"@type":"WebSite","@id":"https:\/\/www.meydan.tv\/az\/#website","url":"https:\/\/www.meydan.tv\/az\/","name":"MEYDAN.TV","description":"Meydan TV Az\u0259rbaycan\u0131n media m\u0259kan\u0131ndak\u0131 alternativ s\u0259sidir","publisher":{"@id":"https:\/\/www.meydan.tv\/az\/#organization"},"potentialAction":[{"@type":"SearchAction","target":{"@type":"EntryPoint","urlTemplate":"https:\/\/www.meydan.tv\/az\/?s={search_term_string}"},"query-input":{"@type":"PropertyValueSpecification","valueRequired":true,"valueName":"search_term_string"}}],"inLanguage":"az"},{"@type":"Organization","@id":"https:\/\/www.meydan.tv\/az\/#organization","name":"Meydan TV","url":"https:\/\/www.meydan.tv\/az\/","logo":{"@type":"ImageObject","inLanguage":"az","@id":"https:\/\/www.meydan.tv\/az\/#\/schema\/logo\/image\/","url":"https:\/\/www.meydan.tv\/wp-content\/uploads\/2021\/07\/meydan-logo.svg","contentUrl":"https:\/\/www.meydan.tv\/wp-content\/uploads\/2021\/07\/meydan-logo.svg","width":195,"height":46,"caption":"Meydan TV"},"image":{"@id":"https:\/\/www.meydan.tv\/az\/#\/schema\/logo\/image\/"}},{"@type":"Person","@id":"https:\/\/www.meydan.tv\/az\/#\/schema\/person\/9cdbecf90d17180ce1dfbd95b08dcf47","name":"elli","sameAs":["https:\/\/x.com\/elli"]}]}},"_links":{"self":[{"href":"https:\/\/www.meydan.tv\/az\/wp-json\/wp\/v2\/posts\/315147","targetHints":{"allow":["GET"]}}],"collection":[{"href":"https:\/\/www.meydan.tv\/az\/wp-json\/wp\/v2\/posts"}],"about":[{"href":"https:\/\/www.meydan.tv\/az\/wp-json\/wp\/v2\/types\/post"}],"author":[{"embeddable":true,"href":"https:\/\/www.meydan.tv\/az\/wp-json\/wp\/v2\/users\/8"}],"replies":[{"embeddable":true,"href":"https:\/\/www.meydan.tv\/az\/wp-json\/wp\/v2\/comments?post=315147"}],"version-history":[{"count":4,"href":"https:\/\/www.meydan.tv\/az\/wp-json\/wp\/v2\/posts\/315147\/revisions"}],"predecessor-version":[{"id":315158,"href":"https:\/\/www.meydan.tv\/az\/wp-json\/wp\/v2\/posts\/315147\/revisions\/315158"}],"wp:featuredmedia":[{"embeddable":true,"href":"https:\/\/www.meydan.tv\/az\/wp-json\/wp\/v2\/media\/315056"}],"wp:attachment":[{"href":"https:\/\/www.meydan.tv\/az\/wp-json\/wp\/v2\/media?parent=315147"}],"wp:term":[{"taxonomy":"category","embeddable":true,"href":"https:\/\/www.meydan.tv\/az\/wp-json\/wp\/v2\/categories?post=315147"},{"taxonomy":"post_tag","embeddable":true,"href":"https:\/\/www.meydan.tv\/az\/wp-json\/wp\/v2\/tags?post=315147"}],"curies":[{"name":"wp","href":"https:\/\/api.w.org\/{rel}","templated":true}]}}