{"id":315083,"date":"2024-09-10T15:32:31","date_gmt":"2024-09-10T11:32:31","guid":{"rendered":"https:\/\/www.meydan.tv\/?p=315083"},"modified":"2024-09-10T15:32:33","modified_gmt":"2024-09-10T11:32:33","slug":"polis-bakida-emeliyyat-zamani-daha-bir-neferi-gulleleyib","status":"publish","type":"post","link":"https:\/\/www.meydan.tv\/az\/article\/polis-bakida-emeliyyat-zamani-daha-bir-neferi-gulleleyib\/","title":{"rendered":"Polis Bak\u0131da \u0259m\u0259liyyat zaman\u0131 daha bir n\u0259f\u0259ri g\u00fcll\u0259l\u0259yib"},"content":{"rendered":"\n<p><\/p>\n\n\n\n<p><strong><em>\u015eikay\u0259t\u00e7inin ad\u0131 deputat S\u0259ttar M\u00f6hbal\u0131yevl\u0259 ba\u011fl\u0131 hans\u0131sa cinay\u0259t i\u015find\u0259 d\u0259 hallan\u0131r<\/em><\/strong><\/p>\n\n\n\n<p>Sentyabr\u0131n 9-da Bak\u0131da polisl\u0259r \u0259m\u0259liyyat zaman\u0131 daha bir n\u0259f\u0259ri g\u00fcll\u0259l\u0259y\u0259r\u0259k \u00f6ld\u00fcr\u00fcb.<\/p>\n\n\n\n<p>Bu, son bir h\u0259ft\u0259 \u0259rzind\u0259 \u00fc\u00e7\u00fcnc\u00fc ox\u015far hadis\u0259dir.<\/p>\n\n\n\n<p>Bud\u0259f\u0259ki \u00f6l\u00fcm hadis\u0259si paytaxt\u0131n Bin\u0259q\u0259di rayonu, 7-ci mikrorayonda ba\u015f verib.<\/p>\n\n\n\n<p>Daxili \u0130\u015fl\u0259r Nazirliyinin m\u0259tbuat xidm\u0259tinin yayd\u0131\u011f\u0131 m\u0259lumatda bildirilir ki, sentyabr\u0131n 9-da ax\u015fam saat 21 rad\u0259l\u0259rind\u0259 Bin\u0259q\u0259di rayonundak\u0131 evl\u0259rd\u0259n birin\u0259 basq\u0131n bar\u0259d\u0259 polis\u0259 m\u0259lumat daxil olub.<\/p>\n\n\n\n<p>Hadis\u0259 yerin\u0259 yax\u0131nla\u015fan polisl\u0259r\u0259 \u015f\u00fcbh\u0259li \u015f\u0259xs odlu silahla m\u00fcqavim\u0259t g\u00f6st\u0259r\u0259r\u0259k qa\u00e7ma\u011fa c\u0259hd edib.<\/p>\n\n\n\n<p><em>\u201cEv sakinl\u0259rinin t\u0259hl\u00fck\u0259sizliyi t\u0259min olunmaqla, c\u0259hdin qar\u015f\u0131s\u0131 polis \u0259m\u0259kda\u015flar\u0131 t\u0259r\u0259find\u0259n al\u0131naraq, \u015f\u00fcbh\u0259li \u015f\u0259xs t\u0259tbiq olunan xidm\u0259ti tabel silah\u0131 il\u0259 z\u0259r\u0259rsizl\u0259\u015fdirilib. M\u00fc\u0259yy\u0259n edilib ki, cinay\u0259t \u0259m\u0259lini \u0259vv\u0259ll\u0259r d\u0259f\u0259l\u0259rl\u0259 m\u0259hkum olunan \u015e\u00fck\u00fcrov Eld\u0259niz M\u0259mm\u0259dh\u00fcseyn o\u011flu t\u00f6r\u0259dib. Hadis\u0259 yerind\u0259n cinay\u0259t al\u0259ti olan \u201cMakarov\u201d tapan\u00e7as\u0131 a\u015fkar olunaraq g\u00f6t\u00fcr\u00fcl\u00fcb\u201d,<\/em> &#8211; D\u0130N-in m\u0259tbuat xidm\u0259tinin yayd\u0131\u011f\u0131 r\u0259smi a\u00e7\u0131qlama bel\u0259dir.<\/p>\n\n\n\n<p>\u018fm\u0259liyyat n\u0259tic\u0259sind\u0259 \u00f6ld\u00fcr\u00fcl\u0259n Eld\u0259niz \u015e\u00fck\u00fcrovun yax\u0131nlar\u0131n\u0131n onun \u00fcnvan\u0131na s\u0259sl\u0259ndiril\u0259n ittihamlara m\u00fcnasib\u0259ti m\u0259lum deyil.<\/p>\n\n\n\n<p>H\u00fcquq-m\u00fchafiz\u0259 orqanlar\u0131ndak\u0131 m\u0259nb\u0259nin Meydan TV-y\u0259 verdiyi m\u0259lumata g\u00f6r\u0259, hadis\u0259 7-ci mikrorayonda Rauf \u0130smay\u0131lova m\u0259xsus m\u0259nzild\u0259 ba\u015f verib.<\/p>\n\n\n\n<p>Maskal\u0131 \u015f\u0259xs ondan pul t\u0259l\u0259b edib.<\/p>\n\n\n\n<p>M\u0259nb\u0259nin s\u00f6zl\u0259rin\u0259 g\u00f6r\u0259, Rauf \u0130smay\u0131lovun ad\u0131 ba\u015fqa bir cinay\u0259t i\u015find\u0259 d\u0259 ke\u00e7ir.<\/p>\n\n\n\n<p>Deputat S\u0259ttar M\u00f6hbal\u0131yevin ad\u0131 hallanan bir cinay\u0259t i\u015find\u0259 d\u0259 o, z\u0259r\u0259r\u00e7\u0259k\u0259ndir:<\/p>\n\n\n\n<p>\u201c<em>Rauf \u0130smay\u0131lov \u201cM\u0259hsul\u201d stadionunda bina tikm\u0259k ist\u0259yib. Oran\u0131 almaq \u00fc\u00e7\u00fcn pul verib, onu aldad\u0131blar\u201d.<\/em><\/p>\n\n\n\n<p>Son bir h\u0259ft\u0259 \u0259rzind\u0259 dig\u0259r iki \u00f6l\u00fcm hadis\u0259si is\u0259 Sabuncu \u0259razisind\u0259 ba\u015f verib.<\/p>\n\n\n\n<p>Sentyabr\u0131n 4-d\u0259 ax\u015fam saat 21.00 rad\u0259l\u0259rind\u0259 Akif M\u0259mm\u0259dov polisl\u0259r t\u0259r\u0259find\u0259n g\u00fcll\u0259l\u0259n\u0259r\u0259k \u00f6ld\u00fcr\u00fcl\u00fcb.<\/p>\n\n\n\n<p>D\u0130N-in m\u0259tbuat xidm\u0259ti iddia edir ki, onun narkotikl\u0259rin qanunsuz d\u00f6vriyy\u0259sil\u0259 m\u0259\u015f\u011ful olmas\u0131 haqda polis\u0259 m\u0259lumat daxil olub.<\/p>\n\n\n\n<p>H\u0259min m\u0259lumat \u0259sas\u0131nda \u0259m\u0259liyyat h\u0259yata ke\u00e7iril\u0259rk\u0259n Akif M\u0259mm\u0259dov silahl\u0131 m\u00fcqavim\u0259t g\u00f6st\u0259rib, bu \u00fczd\u0259n z\u0259r\u0259rsizl\u0259\u015fdirilib:<\/p>\n\n\n\n<p><em>\u201cHadis\u0259 yerind\u0259n 2 kq m\u00fcxt\u0259lif n\u00f6vl\u00fc narkotik vasit\u0259l\u0259r v\u0259 \u201cMakarov\u201d markal\u0131 tapan\u00e7a a\u015fkar olunaraq g\u00f6t\u00fcr\u00fcl\u00fcb\u201d.<\/em><\/p>\n\n\n\n<p>Bir g\u00fcn \u0259vv\u0259l &#8211; sentyabr\u0131n 3-n\u0259 ke\u00e7\u0259n gec\u0259 d\u0259 polis \u0259m\u0259kda\u015flar\u0131 25 ya\u015fl\u0131 El\u015f\u0259n Haqverdiyevi g\u00fcll\u0259l\u0259y\u0259r\u0259k \u00f6ld\u00fcrm\u00fc\u015fd\u00fc.<\/p>\n\n\n\n<p>Bu hadis\u0259 il\u0259 ba\u011fl\u0131 da D\u0130N-in M\u0259tbuat xidm\u0259ti iddia edirdi ki, gec\u0259 saatlar\u0131nda evl\u0259rd\u0259n birin\u0259 nam\u0259lum \u015f\u0259xsin basq\u0131n etm\u0259si il\u0259 ba\u011fl\u0131 ev sahib\u0259si t\u0259r\u0259find\u0259n polis\u0259 m\u0259lumat daxil olub.<\/p>\n\n\n\n<p>Hadis\u0259 yerin\u0259 g\u0259l\u0259n polis \u0259m\u0259kda\u015flar\u0131na \u015f\u00fcbh\u0259li \u015f\u0259xs k\u0259sici-de\u015fici al\u0259tl\u0259 m\u00fcqavim\u0259t g\u00f6st\u0259r\u0259r\u0259k qa\u00e7ma\u011fa c\u0259hd edib:<\/p>\n\n\n\n<p><em>\u201cEv sakinl\u0259rinin t\u0259hl\u00fck\u0259sizliyi t\u0259min olunmaqla c\u0259hdin qar\u015f\u0131s\u0131 polis \u0259m\u0259kda\u015flar\u0131 t\u0259r\u0259find\u0259n al\u0131nmaqla \u015f\u00fcbh\u0259li \u015f\u0259xs t\u0259tbiq olunan xidm\u0259ti tabel silah\u0131 il\u0259 z\u0259r\u0259rsizl\u0259\u015fdirilib\u201d.<\/em><\/p>\n\n\n\n<p>Bu \u0259m\u0259liyyatlar\u0131n he\u00e7 biri il\u0259 ba\u011fl\u0131 videog\u00f6r\u00fcnt\u00fc, qar\u015f\u0131 t\u0259r\u0259fin m\u00fcqavim\u0259t g\u00f6st\u0259rm\u0259sil\u0259 ba\u011fl\u0131 ba\u015fqa bir s\u00fcbut ortaya qoyulmay\u0131b.<\/p>\n","protected":false},"excerpt":{"rendered":"<p>\u015eikay\u0259t\u00e7inin ad\u0131 deputat S\u0259ttar M\u00f6hbal\u0131yevl\u0259 ba\u011fl\u0131 hans\u0131sa cinay\u0259t i\u015find\u0259 d\u0259 &#8230; <\/p>\n<p class=\"read-more-container\"><a title=\"Polis Bak\u0131da \u0259m\u0259liyyat zaman\u0131 daha bir n\u0259f\u0259ri g\u00fcll\u0259l\u0259yib\" class=\"read-more button\" href=\"https:\/\/www.meydan.tv\/az\/article\/polis-bakida-emeliyyat-zamani-daha-bir-neferi-gulleleyib\/#more-315083\" aria-label=\"Read more about Polis Bak\u0131da \u0259m\u0259liyyat zaman\u0131 daha bir n\u0259f\u0259ri g\u00fcll\u0259l\u0259yib\">Davam\u0131<\/a><\/p>\n","protected":false},"author":8,"featured_media":247152,"comment_status":"closed","ping_status":"closed","sticky":false,"template":"","format":"standard","meta":{"_acf_changed":false,"_sitemap_exclude":false,"_sitemap_priority":"","_sitemap_frequency":"","footnotes":""},"categories":[62,56],"tags":[],"class_list":["post-315083","post","type-post","status-publish","format-standard","has-post-thumbnail","hentry","category-sosial","category-xeberler","infinite-scroll-item","generate-columns","tablet-grid-50","mobile-grid-100","grid-parent","grid-33","no-featured-image-padding"],"acf":[],"yoast_head":"<!-- This site is optimized with the Yoast SEO plugin v27.5 - https:\/\/yoast.com\/product\/yoast-seo-wordpress\/ -->\n<title>Polis Bak\u0131da \u0259m\u0259liyyat zaman\u0131 daha bir n\u0259f\u0259ri g\u00fcll\u0259l\u0259yib - MEYDAN.TV<\/title>\n<meta name=\"description\" content=\"Bu, son bir h\u0259ft\u0259 \u0259rzind\u0259 \u00fc\u00e7\u00fcnc\u00fc ox\u015far hadis\u0259dir.\" \/>\n<meta name=\"robots\" content=\"index, follow, max-snippet:-1, max-image-preview:large, max-video-preview:-1\" \/>\n<link rel=\"canonical\" href=\"https:\/\/www.meydan.tv\/az\/article\/polis-bakida-emeliyyat-zamani-daha-bir-neferi-gulleleyib\/\" \/>\n<meta property=\"og:locale\" content=\"az_AZ\" \/>\n<meta property=\"og:type\" content=\"article\" \/>\n<meta property=\"og:title\" content=\"Polis Bak\u0131da \u0259m\u0259liyyat zaman\u0131 daha bir n\u0259f\u0259ri g\u00fcll\u0259l\u0259yib - MEYDAN.TV\" \/>\n<meta property=\"og:description\" content=\"Bu, son bir h\u0259ft\u0259 \u0259rzind\u0259 \u00fc\u00e7\u00fcnc\u00fc ox\u015far hadis\u0259dir.\" \/>\n<meta property=\"og:url\" content=\"https:\/\/www.meydan.tv\/az\/article\/polis-bakida-emeliyyat-zamani-daha-bir-neferi-gulleleyib\/\" \/>\n<meta property=\"og:site_name\" content=\"MEYDAN.TV\" \/>\n<meta property=\"article:published_time\" content=\"2024-09-10T11:32:31+00:00\" \/>\n<meta property=\"article:modified_time\" content=\"2024-09-10T11:32:33+00:00\" \/>\n<meta property=\"og:image\" content=\"https:\/\/www.meydan.tv\/wp-content\/uploads\/polis-3.jpg\" \/>\n\t<meta property=\"og:image:width\" content=\"1350\" \/>\n\t<meta property=\"og:image:height\" content=\"900\" \/>\n\t<meta property=\"og:image:type\" content=\"image\/jpeg\" \/>\n<meta name=\"author\" content=\"elli\" \/>\n<meta name=\"twitter:card\" content=\"summary_large_image\" \/>\n<meta name=\"twitter:creator\" content=\"@elli\" \/>\n<script type=\"application\/ld+json\" class=\"yoast-schema-graph\">{\"@context\":\"https:\\\/\\\/schema.org\",\"@graph\":[{\"@type\":\"Article\",\"@id\":\"https:\\\/\\\/www.meydan.tv\\\/az\\\/article\\\/polis-bakida-emeliyyat-zamani-daha-bir-neferi-gulleleyib\\\/#article\",\"isPartOf\":{\"@id\":\"https:\\\/\\\/www.meydan.tv\\\/az\\\/article\\\/polis-bakida-emeliyyat-zamani-daha-bir-neferi-gulleleyib\\\/\"},\"author\":{\"name\":\"elli\",\"@id\":\"https:\\\/\\\/www.meydan.tv\\\/az\\\/#\\\/schema\\\/person\\\/9cdbecf90d17180ce1dfbd95b08dcf47\"},\"headline\":\"Polis Bak\u0131da \u0259m\u0259liyyat zaman\u0131 daha bir n\u0259f\u0259ri g\u00fcll\u0259l\u0259yib\",\"datePublished\":\"2024-09-10T11:32:31+00:00\",\"dateModified\":\"2024-09-10T11:32:33+00:00\",\"mainEntityOfPage\":{\"@id\":\"https:\\\/\\\/www.meydan.tv\\\/az\\\/article\\\/polis-bakida-emeliyyat-zamani-daha-bir-neferi-gulleleyib\\\/\"},\"wordCount\":692,\"publisher\":{\"@id\":\"https:\\\/\\\/www.meydan.tv\\\/az\\\/#organization\"},\"image\":{\"@id\":\"https:\\\/\\\/www.meydan.tv\\\/az\\\/article\\\/polis-bakida-emeliyyat-zamani-daha-bir-neferi-gulleleyib\\\/#primaryimage\"},\"thumbnailUrl\":\"https:\\\/\\\/www.meydan.tv\\\/wp-content\\\/uploads\\\/polis-3.jpg\",\"articleSection\":[\"Sosial\",\"X\u0259b\u0259rl\u0259r\"],\"inLanguage\":\"az\"},{\"@type\":\"WebPage\",\"@id\":\"https:\\\/\\\/www.meydan.tv\\\/az\\\/article\\\/polis-bakida-emeliyyat-zamani-daha-bir-neferi-gulleleyib\\\/\",\"url\":\"https:\\\/\\\/www.meydan.tv\\\/az\\\/article\\\/polis-bakida-emeliyyat-zamani-daha-bir-neferi-gulleleyib\\\/\",\"name\":\"Polis Bak\u0131da \u0259m\u0259liyyat zaman\u0131 daha bir n\u0259f\u0259ri g\u00fcll\u0259l\u0259yib - MEYDAN.TV\",\"isPartOf\":{\"@id\":\"https:\\\/\\\/www.meydan.tv\\\/az\\\/#website\"},\"primaryImageOfPage\":{\"@id\":\"https:\\\/\\\/www.meydan.tv\\\/az\\\/article\\\/polis-bakida-emeliyyat-zamani-daha-bir-neferi-gulleleyib\\\/#primaryimage\"},\"image\":{\"@id\":\"https:\\\/\\\/www.meydan.tv\\\/az\\\/article\\\/polis-bakida-emeliyyat-zamani-daha-bir-neferi-gulleleyib\\\/#primaryimage\"},\"thumbnailUrl\":\"https:\\\/\\\/www.meydan.tv\\\/wp-content\\\/uploads\\\/polis-3.jpg\",\"datePublished\":\"2024-09-10T11:32:31+00:00\",\"dateModified\":\"2024-09-10T11:32:33+00:00\",\"description\":\"Bu, son bir h\u0259ft\u0259 \u0259rzind\u0259 \u00fc\u00e7\u00fcnc\u00fc ox\u015far hadis\u0259dir.\",\"breadcrumb\":{\"@id\":\"https:\\\/\\\/www.meydan.tv\\\/az\\\/article\\\/polis-bakida-emeliyyat-zamani-daha-bir-neferi-gulleleyib\\\/#breadcrumb\"},\"inLanguage\":\"az\",\"potentialAction\":[{\"@type\":\"ReadAction\",\"target\":[\"https:\\\/\\\/www.meydan.tv\\\/az\\\/article\\\/polis-bakida-emeliyyat-zamani-daha-bir-neferi-gulleleyib\\\/\"]}]},{\"@type\":\"ImageObject\",\"inLanguage\":\"az\",\"@id\":\"https:\\\/\\\/www.meydan.tv\\\/az\\\/article\\\/polis-bakida-emeliyyat-zamani-daha-bir-neferi-gulleleyib\\\/#primaryimage\",\"url\":\"https:\\\/\\\/www.meydan.tv\\\/wp-content\\\/uploads\\\/polis-3.jpg\",\"contentUrl\":\"https:\\\/\\\/www.meydan.tv\\\/wp-content\\\/uploads\\\/polis-3.jpg\",\"width\":1350,\"height\":900,\"caption\":\"Foto: D\u0130N\"},{\"@type\":\"BreadcrumbList\",\"@id\":\"https:\\\/\\\/www.meydan.tv\\\/az\\\/article\\\/polis-bakida-emeliyyat-zamani-daha-bir-neferi-gulleleyib\\\/#breadcrumb\",\"itemListElement\":[{\"@type\":\"ListItem\",\"position\":1,\"name\":\"Ana s\u0259hif\u0259\",\"item\":\"https:\\\/\\\/www.meydan.tv\\\/az\\\/\"},{\"@type\":\"ListItem\",\"position\":2,\"name\":\"Sosial\",\"item\":\"https:\\\/\\\/www.meydan.tv\\\/az\\\/section\\\/sosial\\\/\"},{\"@type\":\"ListItem\",\"position\":3,\"name\":\"Polis Bak\u0131da \u0259m\u0259liyyat zaman\u0131 daha bir n\u0259f\u0259ri g\u00fcll\u0259l\u0259yib\"}]},{\"@type\":\"WebSite\",\"@id\":\"https:\\\/\\\/www.meydan.tv\\\/az\\\/#website\",\"url\":\"https:\\\/\\\/www.meydan.tv\\\/az\\\/\",\"name\":\"MEYDAN.TV\",\"description\":\"Meydan TV Az\u0259rbaycan\u0131n media m\u0259kan\u0131ndak\u0131 alternativ s\u0259sidir\",\"publisher\":{\"@id\":\"https:\\\/\\\/www.meydan.tv\\\/az\\\/#organization\"},\"potentialAction\":[{\"@type\":\"SearchAction\",\"target\":{\"@type\":\"EntryPoint\",\"urlTemplate\":\"https:\\\/\\\/www.meydan.tv\\\/az\\\/?s={search_term_string}\"},\"query-input\":{\"@type\":\"PropertyValueSpecification\",\"valueRequired\":true,\"valueName\":\"search_term_string\"}}],\"inLanguage\":\"az\"},{\"@type\":\"Organization\",\"@id\":\"https:\\\/\\\/www.meydan.tv\\\/az\\\/#organization\",\"name\":\"Meydan TV\",\"url\":\"https:\\\/\\\/www.meydan.tv\\\/az\\\/\",\"logo\":{\"@type\":\"ImageObject\",\"inLanguage\":\"az\",\"@id\":\"https:\\\/\\\/www.meydan.tv\\\/az\\\/#\\\/schema\\\/logo\\\/image\\\/\",\"url\":\"https:\\\/\\\/www.meydan.tv\\\/wp-content\\\/uploads\\\/2021\\\/07\\\/meydan-logo.svg\",\"contentUrl\":\"https:\\\/\\\/www.meydan.tv\\\/wp-content\\\/uploads\\\/2021\\\/07\\\/meydan-logo.svg\",\"width\":195,\"height\":46,\"caption\":\"Meydan TV\"},\"image\":{\"@id\":\"https:\\\/\\\/www.meydan.tv\\\/az\\\/#\\\/schema\\\/logo\\\/image\\\/\"}},{\"@type\":\"Person\",\"@id\":\"https:\\\/\\\/www.meydan.tv\\\/az\\\/#\\\/schema\\\/person\\\/9cdbecf90d17180ce1dfbd95b08dcf47\",\"name\":\"elli\",\"sameAs\":[\"https:\\\/\\\/x.com\\\/elli\"]}]}<\/script>\n<!-- \/ Yoast SEO plugin. -->","yoast_head_json":{"title":"Polis Bak\u0131da \u0259m\u0259liyyat zaman\u0131 daha bir n\u0259f\u0259ri g\u00fcll\u0259l\u0259yib - MEYDAN.TV","description":"Bu, son bir h\u0259ft\u0259 \u0259rzind\u0259 \u00fc\u00e7\u00fcnc\u00fc ox\u015far hadis\u0259dir.","robots":{"index":"index","follow":"follow","max-snippet":"max-snippet:-1","max-image-preview":"max-image-preview:large","max-video-preview":"max-video-preview:-1"},"canonical":"https:\/\/www.meydan.tv\/az\/article\/polis-bakida-emeliyyat-zamani-daha-bir-neferi-gulleleyib\/","og_locale":"az_AZ","og_type":"article","og_title":"Polis Bak\u0131da \u0259m\u0259liyyat zaman\u0131 daha bir n\u0259f\u0259ri g\u00fcll\u0259l\u0259yib - MEYDAN.TV","og_description":"Bu, son bir h\u0259ft\u0259 \u0259rzind\u0259 \u00fc\u00e7\u00fcnc\u00fc ox\u015far hadis\u0259dir.","og_url":"https:\/\/www.meydan.tv\/az\/article\/polis-bakida-emeliyyat-zamani-daha-bir-neferi-gulleleyib\/","og_site_name":"MEYDAN.TV","article_published_time":"2024-09-10T11:32:31+00:00","article_modified_time":"2024-09-10T11:32:33+00:00","og_image":[{"width":1350,"height":900,"url":"https:\/\/www.meydan.tv\/wp-content\/uploads\/polis-3.jpg","type":"image\/jpeg"}],"author":"elli","twitter_card":"summary_large_image","twitter_creator":"@elli","schema":{"@context":"https:\/\/schema.org","@graph":[{"@type":"Article","@id":"https:\/\/www.meydan.tv\/az\/article\/polis-bakida-emeliyyat-zamani-daha-bir-neferi-gulleleyib\/#article","isPartOf":{"@id":"https:\/\/www.meydan.tv\/az\/article\/polis-bakida-emeliyyat-zamani-daha-bir-neferi-gulleleyib\/"},"author":{"name":"elli","@id":"https:\/\/www.meydan.tv\/az\/#\/schema\/person\/9cdbecf90d17180ce1dfbd95b08dcf47"},"headline":"Polis Bak\u0131da \u0259m\u0259liyyat zaman\u0131 daha bir n\u0259f\u0259ri g\u00fcll\u0259l\u0259yib","datePublished":"2024-09-10T11:32:31+00:00","dateModified":"2024-09-10T11:32:33+00:00","mainEntityOfPage":{"@id":"https:\/\/www.meydan.tv\/az\/article\/polis-bakida-emeliyyat-zamani-daha-bir-neferi-gulleleyib\/"},"wordCount":692,"publisher":{"@id":"https:\/\/www.meydan.tv\/az\/#organization"},"image":{"@id":"https:\/\/www.meydan.tv\/az\/article\/polis-bakida-emeliyyat-zamani-daha-bir-neferi-gulleleyib\/#primaryimage"},"thumbnailUrl":"https:\/\/www.meydan.tv\/wp-content\/uploads\/polis-3.jpg","articleSection":["Sosial","X\u0259b\u0259rl\u0259r"],"inLanguage":"az"},{"@type":"WebPage","@id":"https:\/\/www.meydan.tv\/az\/article\/polis-bakida-emeliyyat-zamani-daha-bir-neferi-gulleleyib\/","url":"https:\/\/www.meydan.tv\/az\/article\/polis-bakida-emeliyyat-zamani-daha-bir-neferi-gulleleyib\/","name":"Polis Bak\u0131da \u0259m\u0259liyyat zaman\u0131 daha bir n\u0259f\u0259ri g\u00fcll\u0259l\u0259yib - MEYDAN.TV","isPartOf":{"@id":"https:\/\/www.meydan.tv\/az\/#website"},"primaryImageOfPage":{"@id":"https:\/\/www.meydan.tv\/az\/article\/polis-bakida-emeliyyat-zamani-daha-bir-neferi-gulleleyib\/#primaryimage"},"image":{"@id":"https:\/\/www.meydan.tv\/az\/article\/polis-bakida-emeliyyat-zamani-daha-bir-neferi-gulleleyib\/#primaryimage"},"thumbnailUrl":"https:\/\/www.meydan.tv\/wp-content\/uploads\/polis-3.jpg","datePublished":"2024-09-10T11:32:31+00:00","dateModified":"2024-09-10T11:32:33+00:00","description":"Bu, son bir h\u0259ft\u0259 \u0259rzind\u0259 \u00fc\u00e7\u00fcnc\u00fc ox\u015far hadis\u0259dir.","breadcrumb":{"@id":"https:\/\/www.meydan.tv\/az\/article\/polis-bakida-emeliyyat-zamani-daha-bir-neferi-gulleleyib\/#breadcrumb"},"inLanguage":"az","potentialAction":[{"@type":"ReadAction","target":["https:\/\/www.meydan.tv\/az\/article\/polis-bakida-emeliyyat-zamani-daha-bir-neferi-gulleleyib\/"]}]},{"@type":"ImageObject","inLanguage":"az","@id":"https:\/\/www.meydan.tv\/az\/article\/polis-bakida-emeliyyat-zamani-daha-bir-neferi-gulleleyib\/#primaryimage","url":"https:\/\/www.meydan.tv\/wp-content\/uploads\/polis-3.jpg","contentUrl":"https:\/\/www.meydan.tv\/wp-content\/uploads\/polis-3.jpg","width":1350,"height":900,"caption":"Foto: D\u0130N"},{"@type":"BreadcrumbList","@id":"https:\/\/www.meydan.tv\/az\/article\/polis-bakida-emeliyyat-zamani-daha-bir-neferi-gulleleyib\/#breadcrumb","itemListElement":[{"@type":"ListItem","position":1,"name":"Ana s\u0259hif\u0259","item":"https:\/\/www.meydan.tv\/az\/"},{"@type":"ListItem","position":2,"name":"Sosial","item":"https:\/\/www.meydan.tv\/az\/section\/sosial\/"},{"@type":"ListItem","position":3,"name":"Polis Bak\u0131da \u0259m\u0259liyyat zaman\u0131 daha bir n\u0259f\u0259ri g\u00fcll\u0259l\u0259yib"}]},{"@type":"WebSite","@id":"https:\/\/www.meydan.tv\/az\/#website","url":"https:\/\/www.meydan.tv\/az\/","name":"MEYDAN.TV","description":"Meydan TV Az\u0259rbaycan\u0131n media m\u0259kan\u0131ndak\u0131 alternativ s\u0259sidir","publisher":{"@id":"https:\/\/www.meydan.tv\/az\/#organization"},"potentialAction":[{"@type":"SearchAction","target":{"@type":"EntryPoint","urlTemplate":"https:\/\/www.meydan.tv\/az\/?s={search_term_string}"},"query-input":{"@type":"PropertyValueSpecification","valueRequired":true,"valueName":"search_term_string"}}],"inLanguage":"az"},{"@type":"Organization","@id":"https:\/\/www.meydan.tv\/az\/#organization","name":"Meydan TV","url":"https:\/\/www.meydan.tv\/az\/","logo":{"@type":"ImageObject","inLanguage":"az","@id":"https:\/\/www.meydan.tv\/az\/#\/schema\/logo\/image\/","url":"https:\/\/www.meydan.tv\/wp-content\/uploads\/2021\/07\/meydan-logo.svg","contentUrl":"https:\/\/www.meydan.tv\/wp-content\/uploads\/2021\/07\/meydan-logo.svg","width":195,"height":46,"caption":"Meydan TV"},"image":{"@id":"https:\/\/www.meydan.tv\/az\/#\/schema\/logo\/image\/"}},{"@type":"Person","@id":"https:\/\/www.meydan.tv\/az\/#\/schema\/person\/9cdbecf90d17180ce1dfbd95b08dcf47","name":"elli","sameAs":["https:\/\/x.com\/elli"]}]}},"_links":{"self":[{"href":"https:\/\/www.meydan.tv\/az\/wp-json\/wp\/v2\/posts\/315083","targetHints":{"allow":["GET"]}}],"collection":[{"href":"https:\/\/www.meydan.tv\/az\/wp-json\/wp\/v2\/posts"}],"about":[{"href":"https:\/\/www.meydan.tv\/az\/wp-json\/wp\/v2\/types\/post"}],"author":[{"embeddable":true,"href":"https:\/\/www.meydan.tv\/az\/wp-json\/wp\/v2\/users\/8"}],"replies":[{"embeddable":true,"href":"https:\/\/www.meydan.tv\/az\/wp-json\/wp\/v2\/comments?post=315083"}],"version-history":[{"count":4,"href":"https:\/\/www.meydan.tv\/az\/wp-json\/wp\/v2\/posts\/315083\/revisions"}],"predecessor-version":[{"id":315089,"href":"https:\/\/www.meydan.tv\/az\/wp-json\/wp\/v2\/posts\/315083\/revisions\/315089"}],"wp:featuredmedia":[{"embeddable":true,"href":"https:\/\/www.meydan.tv\/az\/wp-json\/wp\/v2\/media\/247152"}],"wp:attachment":[{"href":"https:\/\/www.meydan.tv\/az\/wp-json\/wp\/v2\/media?parent=315083"}],"wp:term":[{"taxonomy":"category","embeddable":true,"href":"https:\/\/www.meydan.tv\/az\/wp-json\/wp\/v2\/categories?post=315083"},{"taxonomy":"post_tag","embeddable":true,"href":"https:\/\/www.meydan.tv\/az\/wp-json\/wp\/v2\/tags?post=315083"}],"curies":[{"name":"wp","href":"https:\/\/api.w.org\/{rel}","templated":true}]}}