{"id":315071,"date":"2024-09-10T14:49:45","date_gmt":"2024-09-10T10:49:45","guid":{"rendered":"https:\/\/www.meydan.tv\/?p=315071"},"modified":"2024-09-10T20:43:33","modified_gmt":"2024-09-10T16:43:33","slug":"nikol-pasinyan-cenubi-qafqazda-davamli-sulh-tekce-mumkun-deyil-hem-de-realdir","status":"publish","type":"post","link":"https:\/\/www.meydan.tv\/az\/article\/nikol-pasinyan-cenubi-qafqazda-davamli-sulh-tekce-mumkun-deyil-hem-de-realdir\/","title":{"rendered":"Nikol Pa\u015finyan: &#8220;C\u0259nubi Qafqazda davaml\u0131 s\u00fclh t\u0259kc\u0259 m\u00fcmk\u00fcn deyil, h\u0259m d\u0259 reald\u0131r&#8221; (yenil\u0259nib)"},"content":{"rendered":"\n<p><\/p>\n\n\n\n<p><\/p>\n\n\n\n<p><\/p>\n\n\n\n<p><strong>Az\u0259rbaycan\u0131n Xarici \u0130\u015fl\u0259r Nazirliyi Erm\u0259nistan\u0131n Ba\u015f naziri Nikol Pa\u015finyan\u0131n s\u0259sl\u0259ndirdiyi fikirl\u0259r\u0259 reaksiya verib.<\/strong><\/p>\n\n\n\n<p><strong>Nazirlik hesab edir ki, Nikol Pa\u015finyan\u0131n h\u0259m \u201cs\u00fclh sazi\u015fi\u201d layih\u0259si, h\u0259m d\u0259 \u00fcmumilikd\u0259 10 noyabr tarixli \u00fc\u00e7t\u0259r\u0259fli b\u0259yanatla\u00a0\u00a0 ba\u011fl\u0131 s\u0259sl\u0259ndirdiyi iddialar reall\u0131qlar\u0131n a\u00e7\u0131q-a\u015fkar t\u0259hrif olunmas\u0131d\u0131r:<\/strong><\/p>\n\n\n\n<p><em>&#8220;Erm\u0259nistan r\u0259smil\u0259rinin \u201cs\u00fclh sazi\u015fi\u201d layih\u0259sini raz\u0131la\u015fd\u0131r\u0131lmam\u0131\u015f m\u00fcdd\u0259alar \u00e7\u0131xar\u0131lmaqla imzalanmas\u0131 \u00e7a\u011f\u0131r\u0131\u015f\u0131, bununla ikit\u0259r\u0259fli m\u00fcnasib\u0259tl\u0259rd\u0259 m\u00f6vcud probleml\u0259rin h\u0259llini n\u00f6vb\u0259ti m\u0259rh\u0259l\u0259y\u0259 saxlamaq c\u0259hdl\u0259ri q\u0259buledilm\u0259zdir. Az\u0259rbaycanla Erm\u0259nistan aras\u0131nda real v\u0259 davaml\u0131 s\u00fclh m\u00fcqavil\u0259sinin imzalanmas\u0131 \u00fc\u00e7\u00fcn \u0259sas \u015f\u0259rt, ba\u015fda \u201cErm\u0259nistan v\u0259 Da\u011fl\u0131q Qaraba\u011f\u0131n birl\u0259\u015fm\u0259si\u201dn\u0259 \u00e7a\u011f\u0131ran Erm\u0259nistan\u0131n M\u00fcst\u0259qillik Akt\u0131na a\u00e7\u0131q \u015f\u0259kild\u0259 istinad ed\u0259n Erm\u0259nistan Konstitusiyas\u0131 olmaqla, bu \u00f6lk\u0259nin \u00e7oxsayl\u0131 h\u00fcquqi v\u0259 siyasi s\u0259n\u0259dl\u0259rind\u0259 t\u0259sbit edilmi\u015f Az\u0259rbaycana qar\u015f\u0131 davam ed\u0259n \u0259razi iddialar\u0131na son qoyulmas\u0131d\u0131r&#8221;.<\/em><\/p>\n\n\n\n<p><strong>Az\u0259rbaycan\u0131n Konstitusiya Akt\u0131nda Erm\u0259nistana qar\u015f\u0131 \u0259razi iddialar\u0131n\u0131n olmas\u0131 bar\u0259d\u0259 iddialara g\u0259ldikd\u0259, X\u0130N bildirib ki, bu c\u00fcr paralellik v\u0259 b\u0259rab\u0259rlik yaratmaq c\u0259hdi he\u00e7 bir n\u0259tic\u0259 verm\u0259y\u0259c\u0259k:<\/strong><\/p>\n\n\n\n<p>&#8220;<em>Erm\u0259nistan Konstitusiyas\u0131ndan f\u0259rqli olaraq, Az\u0259rbaycan Konstitusiyas\u0131nda istinad olunan 1991-ci il D\u00f6vl\u0259t M\u00fcst\u0259qilliyi haqq\u0131nda Konstitusiya Akt\u0131 v\u0259 1918-ci il \u0130stiqlal B\u0259yannam\u0259sind\u0259 Erm\u0259nistana qar\u015f\u0131 he\u00e7 bir \u0259razi iddias\u0131 m\u00f6vcud deyil&#8221;. Erm\u0259nistan\u0131n s\u00fclh m\u00fcqavil\u0259si layih\u0259sind\u0259 m\u00f6vcud olan \u201che\u00e7 bir t\u0259r\u0259f s\u00fclh sazi\u015fi \u00e7\u0259r\u00e7iv\u0259sind\u0259 \u00f6z \u00f6hd\u0259likl\u0259rini yerin\u0259 yetirm\u0259m\u0259si il\u0259 \u0259laq\u0259dar \u00f6z daxili qanunvericiliyin\u0259 istinad ed\u0259 bilm\u0259z\u201d m\u00fcdd\u0259as\u0131n\u0131 qeyd ed\u0259r\u0259k, bu \u00f6lk\u0259nin Konstitusiyas\u0131nda m\u00f6vcud olan \u0259razi iddias\u0131n\u0131n z\u0259r\u0259rsiz oldu\u011funu bildirm\u0259si d\u0259 tamamil\u0259 \u0259sass\u0131zd\u0131r. He\u00e7 bir beyn\u0259lxalq sazi\u015fin Konstitusiyadan \u00fcst\u00fcn olmad\u0131\u011f\u0131 h\u0259r k\u0259s\u0259 yax\u015f\u0131 m\u0259lum olan faktd\u0131r&#8221;.<\/em><\/p>\n\n\n\n<p><strong>M\u0259lumatda qeyd olunur ki, kommunikasiyalar\u0131n a\u00e7\u0131lmas\u0131 m\u0259s\u0259l\u0259sind\u0259 d\u0259 Ba\u015f nazir n\u00f6vb\u0259ti d\u0259f\u0259 \u00fcz\u0259rin\u0259 g\u00f6t\u00fcrd\u00fcy\u00fc \u00f6hd\u0259likl\u0259ri yanl\u0131\u015f \u015f\u0259rh edib:<\/strong><\/p>\n\n\n\n<p>&#8220;<em>\u00dc\u00e7t\u0259r\u0259fli b\u0259yanat\u0131n 9-cu b\u0259ndind\u0259 Erm\u0259nistan\u0131n hans\u0131 \u00f6hd\u0259likl\u0259rinin oldu\u011fu, n\u0259qliyyat \u0259laq\u0259si \u00fczr\u0259 n\u0259zar\u0259t nec\u0259 t\u0259\u015fkil olunaca\u011f\u0131 a\u00e7\u0131q-ayd\u0131n yaz\u0131l\u0131b. \u00dcmumilikd\u0259, \u00fc\u00e7t\u0259r\u0259fli b\u0259yanat imzalanandan sonra \u00f6hd\u0259likl\u0259rin\u0259 zidd olaraq 2023-c\u00fc ilin sentyabr ay\u0131nad\u0259k Az\u0259rbaycan \u0259razil\u0259rind\u0259 h\u0259rbi f\u0259aliyy\u0259tini davam etdirmi\u015f v\u0259 erm\u0259ni silahl\u0131 q\u00fcvv\u0259l\u0259rini Az\u0259rbaycan \u0259razil\u0259rind\u0259n \u00e7\u0131xarmayan Erm\u0259nistan t\u0259r\u0259finin guya qa\u00e7q\u0131n v\u0259 m\u0259cburi k\u00f6\u00e7k\u00fcnl\u0259rin geri qay\u0131tmas\u0131na mane\u00e7ilik t\u00f6r\u0259dildiyini, yerli erm\u0259nil\u0259r\u0259 qar\u015f\u0131 etnik t\u0259mizl\u0259m\u0259 h\u0259yata ke\u00e7irildiyini, h\u0259rbi \u0259sirl\u0259rin qaytar\u0131lmad\u0131\u011f\u0131n\u0131 iddia etm\u0259si reall\u0131qlar\u0131n t\u0259hrif olunmas\u0131d\u0131r. Bununla yana\u015f\u0131, 2023-c\u00fc il anti-terror t\u0259dbirl\u0259rind\u0259n sonra erm\u0259ni \u0259silli \u015f\u0259xsl\u0259rin k\u00f6n\u00fcll\u00fc \u0259sasda Az\u0259rbaycan\u0131 t\u0259rk ed\u0259r\u0259k Erm\u0259nistana v\u0259 dig\u0259r \u00f6lk\u0259l\u0259r\u0259 k\u00f6\u00e7m\u0259sinin etnik t\u0259mizl\u0259m\u0259 kimi q\u0259l\u0259m\u0259 verilm\u0259si n\u00f6vb\u0259ti<a href=\"https:\/\/mfa.gov.az\/az\/news\/no32924\"> b\u00f6htand\u0131r&#8221;.<\/a><\/em><\/p>\n\n\n<div class=\"wp-block-image\">\n<figure class=\"aligncenter size-full\"><img decoding=\"async\" width=\"1000\" height=\"541\" data-src=\"https:\/\/www.meydan.tv\/wp-content\/uploads\/xin.jpg\" alt=\"X\u0130N, Foto: Meydan TV\" class=\"wp-image-128601 lazyload\" src=\"data:image\/svg+xml;base64,PHN2ZyB3aWR0aD0iMSIgaGVpZ2h0PSIxIiB4bWxucz0iaHR0cDovL3d3dy53My5vcmcvMjAwMC9zdmciPjwvc3ZnPg==\" style=\"--smush-placeholder-width: 1000px; --smush-placeholder-aspect-ratio: 1000\/541;\" \/><figcaption class=\"wp-element-caption\">X\u0130N, Foto: Meydan TV<\/figcaption><\/figure>\n<\/div>\n\n\n<p><\/p>\n\n\n\n<p><\/p>\n\n\n\n<p><\/p>\n\n\n\n<p><\/p>\n\n\n\n<p><\/p>\n\n\n\n<p><\/p>\n\n\n\n<p><\/p>\n\n\n\n<p><\/p>\n\n\n\n<p><\/p>\n\n\n\n<hr class=\"wp-block-separator has-alpha-channel-opacity\"\/>\n\n\n\n<p><\/p>\n\n\n\n<p><strong><em>O deyib ki, s\u00fclh\u0259 nail olmaq \u00fc\u00e7\u00fcn b\u00fct\u00fcn t\u0259r\u0259fl\u0259rin s\u0259yl\u0259ri laz\u0131md\u0131r<\/em><\/strong><\/p>\n\n\n\n<p>Erm\u0259nistan\u0131n Ba\u015f naziri Nikol Pa\u015finyan hesab edir ki, C\u0259nubi Qafqazda davaml\u0131 s\u00fclh t\u0259kc\u0259 m\u00fcmk\u00fcn deyil, h\u0259m d\u0259 reald\u0131r.<\/p>\n\n\n\n<p>Bu bar\u0259d\u0259 Ba\u015f nazir sentyabr\u0131n 10-da &#8220;Yerevan Dialoqu&#8221; Forumunun a\u00e7\u0131l\u0131\u015f\u0131nda dan\u0131\u015f\u0131b.<\/p>\n\n\n\n<p>Pa\u015finyan sentyabr\u0131n 9-da xarici i\u015fl\u0259r naziri Ararat Mirzoyan\u0131n s\u00f6yl\u0259dikl\u0259rini t\u0259sdiql\u0259yib v\u0259 \u0259lav\u0259 edib ki, s\u00fclh\u0259 nail olmaq \u00fc\u00e7\u00fcn b\u00fct\u00fcn t\u0259r\u0259fl\u0259rin s\u0259yl\u0259ri laz\u0131md\u0131r:<\/p>\n\n\n\n<p>\u201c<em>S\u00fclh m\u00fcqavil\u0259sinin 80 faizi art\u0131q raz\u0131la\u015fd\u0131r\u0131l\u0131b, o c\u00fcml\u0259d\u0259n 13 madd\u0259 v\u0259 iki madd\u0259 qism\u0259n raz\u0131la\u015fd\u0131r\u0131l\u0131b \u2013 onlar\u0131n h\u0259r biri iki c\u00fcml\u0259d\u0259n ibar\u0259tdir\u201d.<\/em><\/p>\n\n\n\n<p>Onun s\u00f6zl\u0259rin\u0259 g\u00f6r\u0259, Erm\u0259nistan sazi\u015fin raz\u0131la\u015fd\u0131r\u0131lm\u0131\u015f hiss\u0259l\u0259rini imzalama\u011f\u0131 v\u0259 qalan b\u0259ndl\u0259r \u00fczr\u0259 i\u015fi davam etdirm\u0259yi t\u0259klif edir.<\/p>\n\n\n\n<p>Ba\u015f nazir onu da vur\u011fulay\u0131b ki, s\u0259n\u0259d Erm\u0259nistanla Az\u0259rbaycan aras\u0131nda diplomatik m\u00fcnasib\u0259tl\u0259rin qurulmas\u0131n\u0131 n\u0259z\u0259rd\u0259 tutur.<\/p>\n\n\n\n<p>Amma Nikol Pa\u015finyan Az\u0259rbaycan Konstitusiyas\u0131nda da Erm\u0259nistana qar\u015f\u0131 \u0259razi iddialar\u0131n\u0131n oldu\u011funu iddia <a href=\"https:\/\/www.aysor.am\/ru\/news\/2024\/09\/10\/%D0%BF%D0%B0%D1%88%D0%B8%D0%BD%D1%8F%D0%BD\/2325899\" target=\"_blank\" rel=\"noreferrer noopener\">edib<\/a>:<\/p>\n\n\n\n<p>&#8220;<em>Az\u0259rbaycan\u0131n 1991-ci ild\u0259 q\u0259bul etdiyi Konstitusiya Akt\u0131 1918-ci il Az\u0259rbaycan Respublikas\u0131n\u0131n M\u00fcst\u0259qillik B\u0259yannam\u0259sin\u0259 istinad edir. Ancaq biz bunu dan\u0131\u015f\u0131qlar\u0131n predmetin\u0259 \u00e7evirmirik, \u00e7\u00fcnki bizim S\u00fclh M\u00fcqavil\u0259sinin raz\u0131la\u015fd\u0131r\u0131lm\u0131\u015f m\u0259tnind\u0259 deyilir ki, he\u00e7 bir t\u0259r\u0259f \u00f6z daxili qanunvericiliyinin m\u00fcdd\u0259alar\u0131n\u0131 \u00f6z u\u011fursuzlu\u011fu \u00fc\u00e7\u00fcn b\u0259han\u0259 kimi \u0259sasland\u0131ra bilm\u0259z\u201d.<\/em><\/p>\n\n\n\n<p>O, haz\u0131rda Erm\u0259nistanla Az\u0259rbaycan aras\u0131nda s\u0259rh\u0259dl\u0259rin delimitasiyas\u0131 v\u0259 demarkasiyas\u0131 m\u0259s\u0259l\u0259l\u0259rind\u0259 ir\u0259lil\u0259yi\u015fin oldu\u011funu da vur\u011fulay\u0131b:<\/p>\n\n\n\n<p>&#8220;<em>Bu prosesin \u0259sas\u0131 Alma- Ata B\u0259yannam\u0259sidir. Regionda n\u0259qliyyat kommunikasiyalar\u0131n\u0131n qar\u015f\u0131s\u0131n\u0131n al\u0131nmas\u0131 da uzunm\u00fcdd\u0259tli s\u00fclh\u0259 do\u011fru m\u00fch\u00fcm add\u0131md\u0131r. Biz h\u0259m d\u0259 \u201cD\u00fcnyan\u0131n k\u0259si\u015fm\u0259si\u201d t\u0259\u015f\u0259bb\u00fcs\u00fcn\u00fc t\u0259qdim etmi\u015fik. Bu t\u0259\u015f\u0259bb\u00fcs bizim \u00fc\u00e7\u00fcn strateji \u0259h\u0259miyy\u0259tli \u00f6lk\u0259 olan \u0130ranla, g\u0259l\u0259c\u0259kd\u0259 is\u0259 T\u00fcrkiy\u0259 v\u0259 Rusiya il\u0259 d\u0259mir yolu \u0259laq\u0259si t\u0259min etdiyi \u00fc\u00e7\u00fcn vacibdir<\/em>\u201d.<\/p>\n\n\n\n<p>Ba\u015f nazir eyni zamanda, Az\u0259rbaycanla Nax\u00e7\u0131van aras\u0131nda Erm\u0259nistan \u0259razisind\u0259n ke\u00e7\u0259n avtomobil v\u0259 d\u0259mir yolu \u0259laq\u0259l\u0259rinin a\u00e7\u0131lmas\u0131n\u0131 da m\u00fch\u00fcm add\u0131m adland\u0131r\u0131b:<\/p>\n\n\n\n<p><em>&#8220;Erm\u0259nistan bu imkan\u0131 yaratma\u011fa haz\u0131rd\u0131r, baxmayaraq ki, Nax\u00e7\u0131van art\u0131q \u0130ran v\u0259 T\u00fcrkiy\u0259 vasit\u0259sil\u0259 xarici d\u00fcnyaya \u00e7\u0131x\u0131\u015f \u0259ld\u0259 <a href=\"https:\/\/am.sputniknews.ru\/20240910\/ustoychivyy-mir-na-yuzhnom-kavkaze-realen-pashinyan-vystupil-na-otkrytii-foruma-v-erevane--80444764.html\" target=\"_blank\" rel=\"noreferrer noopener\">edib&#8221;<\/a>.<\/em><\/p>\n\n\n\n<p>2020-ci ilin \u00fc\u00e7t\u0259r\u0259fli noyabr b\u0259yanat\u0131na toxunan Ba\u015f nazir deyib ki, Erm\u0259nistan \u0259razisind\u0259 kommunikasiyalar\u0131n a\u00e7\u0131lmas\u0131n\u0131n t\u0259hl\u00fck\u0259sizliyinin t\u0259minat\u00e7\u0131s\u0131 rolu Erm\u0259nistana h\u0259val\u0259 edilib:<\/p>\n\n\n\n<p><em>\u201cB\u0259zi beyn\u0259lxalq t\u0259r\u0259fda\u015flar \u00fc\u00e7t\u0259r\u0259fli b\u0259yanatda olmayan bir \u015feyi t\u0259qdim etm\u0259y\u0259 \u00e7al\u0131\u015f\u0131rlar. Amma el\u0259 bir v\u0259ziyy\u0259t yoxdur ki, Erm\u0259nistan \u0259razisinin hans\u0131sa hiss\u0259si ba\u015fqa \u00f6lk\u0259nin n\u0259zar\u0259tind\u0259 olsun. Erm\u0259nistan\u0131n suveren \u0259razisind\u0259ki yurisdiksiyas\u0131n\u0131n g\u00f6mr\u00fck, s\u0259rh\u0259d, fitosanitar v\u0259 dig\u0259r n\u0259zar\u0259ti pozmaqla h\u0259r hans\u0131 \u015f\u0259kild\u0259 m\u0259hdudla\u015fd\u0131r\u0131lmas\u0131n\u0131 n\u0259z\u0259rd\u0259 tutan he\u00e7 bir m\u00fcdd\u0259a yoxdur v\u0259 ola da <a href=\"https:\/\/news.am\/rus\/news\/841684.html\" target=\"_blank\" rel=\"noreferrer noopener\">bilm\u0259z\u201d<\/a>.<\/em><\/p>\n\n\n\n<p>Sentyabr\u0131n 9-da Yerevanda l\u00fcksemburqlu h\u0259mkar\u0131 il\u0259 birg\u0259 ke\u00e7irdiyi brifinqd\u0259 Erm\u0259nistan\u0131n xarici i\u015fl\u0259r naziri Ararat Mirzoyan s\u00fclh m\u00fcqavil\u0259si layih\u0259sinin 16 madd\u0259sinin 13-\u00fc \u00fczr\u0259 tam raz\u0131l\u0131\u011fa g\u0259ldikl\u0259ri bildirmi\u015fdi.<\/p>\n\n\n\n<p>Onun s\u00f6zl\u0259rin\u0259 g\u00f6r\u0259, s\u00fclh sazi\u015finin tezlikl\u0259 imzalanmas\u0131 \u00fc\u00e7\u00fcn real \u015fans var:<\/p>\n\n\n\n<p><em>\u201c16 madd\u0259 var, onlardan 13-\u00fc tam raz\u0131la\u015fd\u0131r\u0131l\u0131b, 3-\u00fc qism\u0259n raz\u0131la\u015fd\u0131r\u0131l\u0131b\u201d.<\/em><\/p>\n\n\n\n<p>Amma bundan \u0259vv\u0259l Erm\u0259nistan\u0131n Ba\u015f naziri Nikol Pa\u015finyan m\u0259tbuat konfrans\u0131nda s\u0259n\u0259din 17 madd\u0259sind\u0259n 13-n\u00fcn raz\u0131la\u015fd\u0131r\u0131ld\u0131\u011f\u0131n\u0131 <a href=\"https:\/\/storage.googleapis.com\/qurium\/www.meydan.tv\/az-article-ararat-mirzoyan-16-maddelik-sulh-muqavilesinin-13-maddesi-tam-razilasdirilib.html\" target=\"_blank\" rel=\"noreferrer noopener\">demi\u015fdi.<\/a><\/p>\n\n\n\n<p>Avqustun 27-d\u0259 Az\u0259rbaycan\u0131n xarici i\u015fl\u0259r naziri Ceyhun Bayramov t\u00fcrkiy\u0259li h\u0259mkar\u0131 Hakan Fidanla Ankarada ke\u00e7irdiyi birg\u0259 m\u0259tbuat konfrans\u0131nda b\u00f6lg\u0259d\u0259 davaml\u0131 s\u00fclh\u00fcn t\u0259min edilm\u0259si \u00fc\u00e7\u00fcn tarixi \u015fans\u0131n yarand\u0131\u011f\u0131n\u0131 s\u00f6yl\u0259mi\u015fdi. Amma Ceyhun Bayramov haz\u0131rda s\u00fclh sazisinin ba\u015fa \u00e7atd\u0131r\u0131lmas\u0131 \u00fc\u00e7\u00fcn \u0259sas \u0259ng\u0259lin m\u0259hz Erm\u0259nistan Konstitusiyas\u0131nda Az\u0259rbaycana qar\u015f\u0131 \u0259razi iddialar\u0131n\u0131n oldu\u011funu \u0259lav\u0259 edib.<\/p>\n\n\n\n<p>Bayramov qeyd edib ki, r\u0259smi Yerevana s\u00fclh sazi\u015finin layih\u0259sini, 5 baza prinsipini t\u0259qdim edibl\u0259r, ancaq dan\u0131\u015f\u0131qlar prosesind\u0259 b\u0259zi probleml\u0259r qal\u0131r:<\/p>\n\n\n\n<p>\u201c<em>Baxmayaraq ki, dan\u0131\u015f\u0131qlar prosesind\u0259 m\u00fcsb\u0259t dinamika m\u00fc\u015fahid\u0259 olunur, sazi\u015f layih\u0259sinin \u0259h\u0259miyy\u0259tli hiss\u0259si raz\u0131la\u015fd\u0131r\u0131l\u0131b, amma h\u0259l\u0259 d\u0259 Erm\u0259nistan Konstitusiyas\u0131nda v\u0259 bir s\u0131ra dig\u0259r normativ h\u00fcquqi aktlar\u0131nda Az\u0259rbaycana qar\u015f\u0131 \u0259razi iddialar\u0131 m\u00f6vcudlu\u011funu saxlay\u0131r. Eyni zamanda, bu da sirr deyil ki, Erm\u0259nistan\u0131n T\u00fcrkiy\u0259 C\u00fcmhuriyy\u0259tin\u0259 qar\u015f\u0131 da \u0259razi iddialar\u0131 m\u00f6vcuddur. Haz\u0131rda s\u00fclh sazisinin ba\u015fa \u00e7atd\u0131r\u0131lmas\u0131 \u00fc\u00e7\u00fcn \u0259sas \u0259ng\u0259l m\u0259hz Erm\u0259nistan Konstitusiyas\u0131nda \u00f6lk\u0259l\u0259rimiz\u0259 qar\u015f\u0131 \u0259razi iddialar\u0131d\u0131r\u201d.<\/em><\/p>\n\n\n\n<p><strong>M\u00fcnaqi\u015f\u0259nin tarix\u00e7\u0259si<\/strong><\/p>\n\n\n\n<p>2020-ci ilin sentyabr\u0131nda Az\u0259rbaycan v\u0259 Erm\u0259nistan silahl\u0131 q\u00fcvv\u0259l\u0259ri aras\u0131nda 44 g\u00fcnl\u00fck \u0130kinci Qaraba\u011f m\u00fcharib\u0259si ba\u015f verib.<\/p>\n\n\n\n<p>Az\u0259rbaycan Qaraba\u011f\u0131n bir hiss\u0259sin\u0259 v\u0259 \u0259traf 7 rayona n\u0259zar\u0259ti b\u0259rpa edib.<\/p>\n\n\n\n<p>2023-c\u00fc ilin sentyabr\u0131n 19-da Az\u0259rbaycan Qaraba\u011fda lokal h\u0259rbi \u0259m\u0259liyyat ke\u00e7irib.<\/p>\n\n\n\n<p>Sentyabr\u0131n 28-d\u0259 is\u0259 separat\u00e7\u0131 \u201cDa\u011fl\u0131q Qaraba\u011f\u0131n (Artsax) Prezidenti\u201d Samvel \u015eahramanyan \u201crespublika\u201dn\u0131n burax\u0131lmas\u0131 bar\u0259d\u0259 f\u0259rman imzalay\u0131b.<\/p>\n\n\n\n<p>O, f\u0259rman\u0131 19 sentyabr 2023-c\u00fc ild\u0259n sonra yaranm\u0131\u015f v\u0259ziyy\u0259tl\u0259 \u0259laq\u0259l\u0259ndirib.<\/p>\n\n\n\n<p>2023-c\u00fc il oktyabr\u0131n 15-d\u0259 is\u0259 Prezident \u0130lham \u018fliyev Xank\u0259ndid\u0259ki \u00e7\u0131x\u0131\u015f\u0131nda Az\u0259rbaycan\u0131n \u00f6z suverenliyini tam b\u0259rpa etdiyini, Qaraba\u011f probleminin bitdiyini, m\u00fcnaqi\u015f\u0259nin sona \u00e7atd\u0131\u011f\u0131n\u0131 deyib.<\/p>\n\n\n\n<p>Az\u0259rbaycan v\u0259 Erm\u0259nistan aras\u0131nda h\u0259l\u0259 d\u0259 s\u00fclh m\u00fcqavil\u0259si imzalanmay\u0131b.<\/p>\n","protected":false},"excerpt":{"rendered":"<p>Az\u0259rbaycan\u0131n Xarici \u0130\u015fl\u0259r Nazirliyi Erm\u0259nistan\u0131n Ba\u015f naziri Nikol Pa\u015finyan\u0131n s\u0259sl\u0259ndirdiyi &#8230; <\/p>\n<p class=\"read-more-container\"><a title=\"Nikol Pa\u015finyan: &#8220;C\u0259nubi Qafqazda davaml\u0131 s\u00fclh t\u0259kc\u0259 m\u00fcmk\u00fcn deyil, h\u0259m d\u0259 reald\u0131r&#8221; (yenil\u0259nib)\" class=\"read-more button\" href=\"https:\/\/www.meydan.tv\/az\/article\/nikol-pasinyan-cenubi-qafqazda-davamli-sulh-tekce-mumkun-deyil-hem-de-realdir\/#more-315071\" aria-label=\"Read more about Nikol Pa\u015finyan: &#8220;C\u0259nubi Qafqazda davaml\u0131 s\u00fclh t\u0259kc\u0259 m\u00fcmk\u00fcn deyil, h\u0259m d\u0259 reald\u0131r&#8221; (yenil\u0259nib)\">Davam\u0131<\/a><\/p>\n","protected":false},"author":8,"featured_media":257814,"comment_status":"closed","ping_status":"closed","sticky":false,"template":"","format":"standard","meta":{"_acf_changed":false,"_sitemap_exclude":false,"_sitemap_priority":"","_sitemap_frequency":"","footnotes":""},"categories":[59,79,56],"tags":[],"class_list":["post-315071","post","type-post","status-publish","format-standard","has-post-thumbnail","hentry","category-siyaset","category-featured","category-xeberler","infinite-scroll-item","generate-columns","tablet-grid-50","mobile-grid-100","grid-parent","grid-33","no-featured-image-padding"],"acf":[],"yoast_head":"<!-- This site is optimized with the Yoast SEO plugin v27.4 - https:\/\/yoast.com\/product\/yoast-seo-wordpress\/ -->\n<title>Nikol Pa\u015finyan: &quot;C\u0259nubi Qafqazda davaml\u0131 s\u00fclh reald\u0131r&quot;<\/title>\n<meta name=\"description\" content=\"\u201cS\u00fclh m\u00fcqavil\u0259sinin 80 faizi art\u0131q raz\u0131la\u015fd\u0131r\u0131l\u0131b, o c\u00fcml\u0259d\u0259n 13 madd\u0259 v\u0259 iki madd\u0259 qism\u0259n raz\u0131la\u015fd\u0131r\u0131l\u0131b \u2013 onlar\u0131n h\u0259r biri iki c\u00fcml\u0259d\u0259n ibar\u0259tdir\u201d.\" \/>\n<meta name=\"robots\" content=\"index, follow, max-snippet:-1, max-image-preview:large, max-video-preview:-1\" \/>\n<link rel=\"canonical\" href=\"https:\/\/www.meydan.tv\/az\/article\/nikol-pasinyan-cenubi-qafqazda-davamli-sulh-tekce-mumkun-deyil-hem-de-realdir\/\" \/>\n<meta property=\"og:locale\" content=\"az_AZ\" \/>\n<meta property=\"og:type\" content=\"article\" \/>\n<meta property=\"og:title\" content=\"Nikol Pa\u015finyan: &quot;C\u0259nubi Qafqazda davaml\u0131 s\u00fclh reald\u0131r&quot;\" \/>\n<meta property=\"og:description\" content=\"\u201cS\u00fclh m\u00fcqavil\u0259sinin 80 faizi art\u0131q raz\u0131la\u015fd\u0131r\u0131l\u0131b, o c\u00fcml\u0259d\u0259n 13 madd\u0259 v\u0259 iki madd\u0259 qism\u0259n raz\u0131la\u015fd\u0131r\u0131l\u0131b \u2013 onlar\u0131n h\u0259r biri iki c\u00fcml\u0259d\u0259n ibar\u0259tdir\u201d.\" \/>\n<meta property=\"og:url\" content=\"https:\/\/www.meydan.tv\/az\/article\/nikol-pasinyan-cenubi-qafqazda-davamli-sulh-tekce-mumkun-deyil-hem-de-realdir\/\" \/>\n<meta property=\"og:site_name\" content=\"MEYDAN.TV\" \/>\n<meta property=\"article:published_time\" content=\"2024-09-10T10:49:45+00:00\" \/>\n<meta property=\"article:modified_time\" content=\"2024-09-10T16:43:33+00:00\" \/>\n<meta property=\"og:image\" content=\"https:\/\/www.meydan.tv\/wp-content\/uploads\/pashinyan-1-e1691061945233.jpg\" \/>\n\t<meta property=\"og:image:width\" content=\"1200\" \/>\n\t<meta property=\"og:image:height\" content=\"594\" \/>\n\t<meta property=\"og:image:type\" content=\"image\/jpeg\" \/>\n<meta name=\"author\" content=\"elli\" \/>\n<meta name=\"twitter:card\" content=\"summary_large_image\" \/>\n<meta name=\"twitter:creator\" content=\"@elli\" \/>\n<script type=\"application\/ld+json\" class=\"yoast-schema-graph\">{\"@context\":\"https:\\\/\\\/schema.org\",\"@graph\":[{\"@type\":\"Article\",\"@id\":\"https:\\\/\\\/www.meydan.tv\\\/az\\\/article\\\/nikol-pasinyan-cenubi-qafqazda-davamli-sulh-tekce-mumkun-deyil-hem-de-realdir\\\/#article\",\"isPartOf\":{\"@id\":\"https:\\\/\\\/www.meydan.tv\\\/az\\\/article\\\/nikol-pasinyan-cenubi-qafqazda-davamli-sulh-tekce-mumkun-deyil-hem-de-realdir\\\/\"},\"author\":{\"name\":\"elli\",\"@id\":\"https:\\\/\\\/www.meydan.tv\\\/az\\\/#\\\/schema\\\/person\\\/9cdbecf90d17180ce1dfbd95b08dcf47\"},\"headline\":\"Nikol Pa\u015finyan: &#8220;C\u0259nubi Qafqazda davaml\u0131 s\u00fclh t\u0259kc\u0259 m\u00fcmk\u00fcn deyil, h\u0259m d\u0259 reald\u0131r&#8221; (yenil\u0259nib)\",\"datePublished\":\"2024-09-10T10:49:45+00:00\",\"dateModified\":\"2024-09-10T16:43:33+00:00\",\"mainEntityOfPage\":{\"@id\":\"https:\\\/\\\/www.meydan.tv\\\/az\\\/article\\\/nikol-pasinyan-cenubi-qafqazda-davamli-sulh-tekce-mumkun-deyil-hem-de-realdir\\\/\"},\"wordCount\":1719,\"publisher\":{\"@id\":\"https:\\\/\\\/www.meydan.tv\\\/az\\\/#organization\"},\"image\":{\"@id\":\"https:\\\/\\\/www.meydan.tv\\\/az\\\/article\\\/nikol-pasinyan-cenubi-qafqazda-davamli-sulh-tekce-mumkun-deyil-hem-de-realdir\\\/#primaryimage\"},\"thumbnailUrl\":\"https:\\\/\\\/www.meydan.tv\\\/wp-content\\\/uploads\\\/pashinyan-1-e1691061945233.jpg\",\"articleSection\":[\"Siyas\u0259t\",\"T\u00f6vsiy\u0259\",\"X\u0259b\u0259rl\u0259r\"],\"inLanguage\":\"az\"},{\"@type\":\"WebPage\",\"@id\":\"https:\\\/\\\/www.meydan.tv\\\/az\\\/article\\\/nikol-pasinyan-cenubi-qafqazda-davamli-sulh-tekce-mumkun-deyil-hem-de-realdir\\\/\",\"url\":\"https:\\\/\\\/www.meydan.tv\\\/az\\\/article\\\/nikol-pasinyan-cenubi-qafqazda-davamli-sulh-tekce-mumkun-deyil-hem-de-realdir\\\/\",\"name\":\"Nikol Pa\u015finyan: \\\"C\u0259nubi Qafqazda davaml\u0131 s\u00fclh reald\u0131r\\\"\",\"isPartOf\":{\"@id\":\"https:\\\/\\\/www.meydan.tv\\\/az\\\/#website\"},\"primaryImageOfPage\":{\"@id\":\"https:\\\/\\\/www.meydan.tv\\\/az\\\/article\\\/nikol-pasinyan-cenubi-qafqazda-davamli-sulh-tekce-mumkun-deyil-hem-de-realdir\\\/#primaryimage\"},\"image\":{\"@id\":\"https:\\\/\\\/www.meydan.tv\\\/az\\\/article\\\/nikol-pasinyan-cenubi-qafqazda-davamli-sulh-tekce-mumkun-deyil-hem-de-realdir\\\/#primaryimage\"},\"thumbnailUrl\":\"https:\\\/\\\/www.meydan.tv\\\/wp-content\\\/uploads\\\/pashinyan-1-e1691061945233.jpg\",\"datePublished\":\"2024-09-10T10:49:45+00:00\",\"dateModified\":\"2024-09-10T16:43:33+00:00\",\"description\":\"\u201cS\u00fclh m\u00fcqavil\u0259sinin 80 faizi art\u0131q raz\u0131la\u015fd\u0131r\u0131l\u0131b, o c\u00fcml\u0259d\u0259n 13 madd\u0259 v\u0259 iki madd\u0259 qism\u0259n raz\u0131la\u015fd\u0131r\u0131l\u0131b \u2013 onlar\u0131n h\u0259r biri iki c\u00fcml\u0259d\u0259n ibar\u0259tdir\u201d.\",\"breadcrumb\":{\"@id\":\"https:\\\/\\\/www.meydan.tv\\\/az\\\/article\\\/nikol-pasinyan-cenubi-qafqazda-davamli-sulh-tekce-mumkun-deyil-hem-de-realdir\\\/#breadcrumb\"},\"inLanguage\":\"az\",\"potentialAction\":[{\"@type\":\"ReadAction\",\"target\":[\"https:\\\/\\\/www.meydan.tv\\\/az\\\/article\\\/nikol-pasinyan-cenubi-qafqazda-davamli-sulh-tekce-mumkun-deyil-hem-de-realdir\\\/\"]}]},{\"@type\":\"ImageObject\",\"inLanguage\":\"az\",\"@id\":\"https:\\\/\\\/www.meydan.tv\\\/az\\\/article\\\/nikol-pasinyan-cenubi-qafqazda-davamli-sulh-tekce-mumkun-deyil-hem-de-realdir\\\/#primaryimage\",\"url\":\"https:\\\/\\\/www.meydan.tv\\\/wp-content\\\/uploads\\\/pashinyan-1-e1691061945233.jpg\",\"contentUrl\":\"https:\\\/\\\/www.meydan.tv\\\/wp-content\\\/uploads\\\/pashinyan-1-e1691061945233.jpg\",\"width\":1200,\"height\":594,\"caption\":\"Nikol Pa\u015finyan. Foto: Meydan TV\"},{\"@type\":\"BreadcrumbList\",\"@id\":\"https:\\\/\\\/www.meydan.tv\\\/az\\\/article\\\/nikol-pasinyan-cenubi-qafqazda-davamli-sulh-tekce-mumkun-deyil-hem-de-realdir\\\/#breadcrumb\",\"itemListElement\":[{\"@type\":\"ListItem\",\"position\":1,\"name\":\"Ana s\u0259hif\u0259\",\"item\":\"https:\\\/\\\/www.meydan.tv\\\/az\\\/\"},{\"@type\":\"ListItem\",\"position\":2,\"name\":\"Siyas\u0259t\",\"item\":\"https:\\\/\\\/www.meydan.tv\\\/az\\\/section\\\/siyaset\\\/\"},{\"@type\":\"ListItem\",\"position\":3,\"name\":\"Nikol Pa\u015finyan: &#8220;C\u0259nubi Qafqazda davaml\u0131 s\u00fclh t\u0259kc\u0259 m\u00fcmk\u00fcn deyil, h\u0259m d\u0259 reald\u0131r&#8221; (yenil\u0259nib)\"}]},{\"@type\":\"WebSite\",\"@id\":\"https:\\\/\\\/www.meydan.tv\\\/az\\\/#website\",\"url\":\"https:\\\/\\\/www.meydan.tv\\\/az\\\/\",\"name\":\"MEYDAN.TV\",\"description\":\"Meydan TV Az\u0259rbaycan\u0131n media m\u0259kan\u0131ndak\u0131 alternativ s\u0259sidir\",\"publisher\":{\"@id\":\"https:\\\/\\\/www.meydan.tv\\\/az\\\/#organization\"},\"potentialAction\":[{\"@type\":\"SearchAction\",\"target\":{\"@type\":\"EntryPoint\",\"urlTemplate\":\"https:\\\/\\\/www.meydan.tv\\\/az\\\/?s={search_term_string}\"},\"query-input\":{\"@type\":\"PropertyValueSpecification\",\"valueRequired\":true,\"valueName\":\"search_term_string\"}}],\"inLanguage\":\"az\"},{\"@type\":\"Organization\",\"@id\":\"https:\\\/\\\/www.meydan.tv\\\/az\\\/#organization\",\"name\":\"Meydan TV\",\"url\":\"https:\\\/\\\/www.meydan.tv\\\/az\\\/\",\"logo\":{\"@type\":\"ImageObject\",\"inLanguage\":\"az\",\"@id\":\"https:\\\/\\\/www.meydan.tv\\\/az\\\/#\\\/schema\\\/logo\\\/image\\\/\",\"url\":\"https:\\\/\\\/www.meydan.tv\\\/wp-content\\\/uploads\\\/2021\\\/07\\\/meydan-logo.svg\",\"contentUrl\":\"https:\\\/\\\/www.meydan.tv\\\/wp-content\\\/uploads\\\/2021\\\/07\\\/meydan-logo.svg\",\"width\":195,\"height\":46,\"caption\":\"Meydan TV\"},\"image\":{\"@id\":\"https:\\\/\\\/www.meydan.tv\\\/az\\\/#\\\/schema\\\/logo\\\/image\\\/\"}},{\"@type\":\"Person\",\"@id\":\"https:\\\/\\\/www.meydan.tv\\\/az\\\/#\\\/schema\\\/person\\\/9cdbecf90d17180ce1dfbd95b08dcf47\",\"name\":\"elli\",\"sameAs\":[\"https:\\\/\\\/x.com\\\/elli\"]}]}<\/script>\n<!-- \/ Yoast SEO plugin. -->","yoast_head_json":{"title":"Nikol Pa\u015finyan: \"C\u0259nubi Qafqazda davaml\u0131 s\u00fclh reald\u0131r\"","description":"\u201cS\u00fclh m\u00fcqavil\u0259sinin 80 faizi art\u0131q raz\u0131la\u015fd\u0131r\u0131l\u0131b, o c\u00fcml\u0259d\u0259n 13 madd\u0259 v\u0259 iki madd\u0259 qism\u0259n raz\u0131la\u015fd\u0131r\u0131l\u0131b \u2013 onlar\u0131n h\u0259r biri iki c\u00fcml\u0259d\u0259n ibar\u0259tdir\u201d.","robots":{"index":"index","follow":"follow","max-snippet":"max-snippet:-1","max-image-preview":"max-image-preview:large","max-video-preview":"max-video-preview:-1"},"canonical":"https:\/\/www.meydan.tv\/az\/article\/nikol-pasinyan-cenubi-qafqazda-davamli-sulh-tekce-mumkun-deyil-hem-de-realdir\/","og_locale":"az_AZ","og_type":"article","og_title":"Nikol Pa\u015finyan: \"C\u0259nubi Qafqazda davaml\u0131 s\u00fclh reald\u0131r\"","og_description":"\u201cS\u00fclh m\u00fcqavil\u0259sinin 80 faizi art\u0131q raz\u0131la\u015fd\u0131r\u0131l\u0131b, o c\u00fcml\u0259d\u0259n 13 madd\u0259 v\u0259 iki madd\u0259 qism\u0259n raz\u0131la\u015fd\u0131r\u0131l\u0131b \u2013 onlar\u0131n h\u0259r biri iki c\u00fcml\u0259d\u0259n ibar\u0259tdir\u201d.","og_url":"https:\/\/www.meydan.tv\/az\/article\/nikol-pasinyan-cenubi-qafqazda-davamli-sulh-tekce-mumkun-deyil-hem-de-realdir\/","og_site_name":"MEYDAN.TV","article_published_time":"2024-09-10T10:49:45+00:00","article_modified_time":"2024-09-10T16:43:33+00:00","og_image":[{"width":1200,"height":594,"url":"https:\/\/www.meydan.tv\/wp-content\/uploads\/pashinyan-1-e1691061945233.jpg","type":"image\/jpeg"}],"author":"elli","twitter_card":"summary_large_image","twitter_creator":"@elli","schema":{"@context":"https:\/\/schema.org","@graph":[{"@type":"Article","@id":"https:\/\/www.meydan.tv\/az\/article\/nikol-pasinyan-cenubi-qafqazda-davamli-sulh-tekce-mumkun-deyil-hem-de-realdir\/#article","isPartOf":{"@id":"https:\/\/www.meydan.tv\/az\/article\/nikol-pasinyan-cenubi-qafqazda-davamli-sulh-tekce-mumkun-deyil-hem-de-realdir\/"},"author":{"name":"elli","@id":"https:\/\/www.meydan.tv\/az\/#\/schema\/person\/9cdbecf90d17180ce1dfbd95b08dcf47"},"headline":"Nikol Pa\u015finyan: &#8220;C\u0259nubi Qafqazda davaml\u0131 s\u00fclh t\u0259kc\u0259 m\u00fcmk\u00fcn deyil, h\u0259m d\u0259 reald\u0131r&#8221; (yenil\u0259nib)","datePublished":"2024-09-10T10:49:45+00:00","dateModified":"2024-09-10T16:43:33+00:00","mainEntityOfPage":{"@id":"https:\/\/www.meydan.tv\/az\/article\/nikol-pasinyan-cenubi-qafqazda-davamli-sulh-tekce-mumkun-deyil-hem-de-realdir\/"},"wordCount":1719,"publisher":{"@id":"https:\/\/www.meydan.tv\/az\/#organization"},"image":{"@id":"https:\/\/www.meydan.tv\/az\/article\/nikol-pasinyan-cenubi-qafqazda-davamli-sulh-tekce-mumkun-deyil-hem-de-realdir\/#primaryimage"},"thumbnailUrl":"https:\/\/www.meydan.tv\/wp-content\/uploads\/pashinyan-1-e1691061945233.jpg","articleSection":["Siyas\u0259t","T\u00f6vsiy\u0259","X\u0259b\u0259rl\u0259r"],"inLanguage":"az"},{"@type":"WebPage","@id":"https:\/\/www.meydan.tv\/az\/article\/nikol-pasinyan-cenubi-qafqazda-davamli-sulh-tekce-mumkun-deyil-hem-de-realdir\/","url":"https:\/\/www.meydan.tv\/az\/article\/nikol-pasinyan-cenubi-qafqazda-davamli-sulh-tekce-mumkun-deyil-hem-de-realdir\/","name":"Nikol Pa\u015finyan: \"C\u0259nubi Qafqazda davaml\u0131 s\u00fclh reald\u0131r\"","isPartOf":{"@id":"https:\/\/www.meydan.tv\/az\/#website"},"primaryImageOfPage":{"@id":"https:\/\/www.meydan.tv\/az\/article\/nikol-pasinyan-cenubi-qafqazda-davamli-sulh-tekce-mumkun-deyil-hem-de-realdir\/#primaryimage"},"image":{"@id":"https:\/\/www.meydan.tv\/az\/article\/nikol-pasinyan-cenubi-qafqazda-davamli-sulh-tekce-mumkun-deyil-hem-de-realdir\/#primaryimage"},"thumbnailUrl":"https:\/\/www.meydan.tv\/wp-content\/uploads\/pashinyan-1-e1691061945233.jpg","datePublished":"2024-09-10T10:49:45+00:00","dateModified":"2024-09-10T16:43:33+00:00","description":"\u201cS\u00fclh m\u00fcqavil\u0259sinin 80 faizi art\u0131q raz\u0131la\u015fd\u0131r\u0131l\u0131b, o c\u00fcml\u0259d\u0259n 13 madd\u0259 v\u0259 iki madd\u0259 qism\u0259n raz\u0131la\u015fd\u0131r\u0131l\u0131b \u2013 onlar\u0131n h\u0259r biri iki c\u00fcml\u0259d\u0259n ibar\u0259tdir\u201d.","breadcrumb":{"@id":"https:\/\/www.meydan.tv\/az\/article\/nikol-pasinyan-cenubi-qafqazda-davamli-sulh-tekce-mumkun-deyil-hem-de-realdir\/#breadcrumb"},"inLanguage":"az","potentialAction":[{"@type":"ReadAction","target":["https:\/\/www.meydan.tv\/az\/article\/nikol-pasinyan-cenubi-qafqazda-davamli-sulh-tekce-mumkun-deyil-hem-de-realdir\/"]}]},{"@type":"ImageObject","inLanguage":"az","@id":"https:\/\/www.meydan.tv\/az\/article\/nikol-pasinyan-cenubi-qafqazda-davamli-sulh-tekce-mumkun-deyil-hem-de-realdir\/#primaryimage","url":"https:\/\/www.meydan.tv\/wp-content\/uploads\/pashinyan-1-e1691061945233.jpg","contentUrl":"https:\/\/www.meydan.tv\/wp-content\/uploads\/pashinyan-1-e1691061945233.jpg","width":1200,"height":594,"caption":"Nikol Pa\u015finyan. Foto: Meydan TV"},{"@type":"BreadcrumbList","@id":"https:\/\/www.meydan.tv\/az\/article\/nikol-pasinyan-cenubi-qafqazda-davamli-sulh-tekce-mumkun-deyil-hem-de-realdir\/#breadcrumb","itemListElement":[{"@type":"ListItem","position":1,"name":"Ana s\u0259hif\u0259","item":"https:\/\/www.meydan.tv\/az\/"},{"@type":"ListItem","position":2,"name":"Siyas\u0259t","item":"https:\/\/www.meydan.tv\/az\/section\/siyaset\/"},{"@type":"ListItem","position":3,"name":"Nikol Pa\u015finyan: &#8220;C\u0259nubi Qafqazda davaml\u0131 s\u00fclh t\u0259kc\u0259 m\u00fcmk\u00fcn deyil, h\u0259m d\u0259 reald\u0131r&#8221; (yenil\u0259nib)"}]},{"@type":"WebSite","@id":"https:\/\/www.meydan.tv\/az\/#website","url":"https:\/\/www.meydan.tv\/az\/","name":"MEYDAN.TV","description":"Meydan TV Az\u0259rbaycan\u0131n media m\u0259kan\u0131ndak\u0131 alternativ s\u0259sidir","publisher":{"@id":"https:\/\/www.meydan.tv\/az\/#organization"},"potentialAction":[{"@type":"SearchAction","target":{"@type":"EntryPoint","urlTemplate":"https:\/\/www.meydan.tv\/az\/?s={search_term_string}"},"query-input":{"@type":"PropertyValueSpecification","valueRequired":true,"valueName":"search_term_string"}}],"inLanguage":"az"},{"@type":"Organization","@id":"https:\/\/www.meydan.tv\/az\/#organization","name":"Meydan TV","url":"https:\/\/www.meydan.tv\/az\/","logo":{"@type":"ImageObject","inLanguage":"az","@id":"https:\/\/www.meydan.tv\/az\/#\/schema\/logo\/image\/","url":"https:\/\/www.meydan.tv\/wp-content\/uploads\/2021\/07\/meydan-logo.svg","contentUrl":"https:\/\/www.meydan.tv\/wp-content\/uploads\/2021\/07\/meydan-logo.svg","width":195,"height":46,"caption":"Meydan TV"},"image":{"@id":"https:\/\/www.meydan.tv\/az\/#\/schema\/logo\/image\/"}},{"@type":"Person","@id":"https:\/\/www.meydan.tv\/az\/#\/schema\/person\/9cdbecf90d17180ce1dfbd95b08dcf47","name":"elli","sameAs":["https:\/\/x.com\/elli"]}]}},"_links":{"self":[{"href":"https:\/\/www.meydan.tv\/az\/wp-json\/wp\/v2\/posts\/315071","targetHints":{"allow":["GET"]}}],"collection":[{"href":"https:\/\/www.meydan.tv\/az\/wp-json\/wp\/v2\/posts"}],"about":[{"href":"https:\/\/www.meydan.tv\/az\/wp-json\/wp\/v2\/types\/post"}],"author":[{"embeddable":true,"href":"https:\/\/www.meydan.tv\/az\/wp-json\/wp\/v2\/users\/8"}],"replies":[{"embeddable":true,"href":"https:\/\/www.meydan.tv\/az\/wp-json\/wp\/v2\/comments?post=315071"}],"version-history":[{"count":5,"href":"https:\/\/www.meydan.tv\/az\/wp-json\/wp\/v2\/posts\/315071\/revisions"}],"predecessor-version":[{"id":315127,"href":"https:\/\/www.meydan.tv\/az\/wp-json\/wp\/v2\/posts\/315071\/revisions\/315127"}],"wp:featuredmedia":[{"embeddable":true,"href":"https:\/\/www.meydan.tv\/az\/wp-json\/wp\/v2\/media\/257814"}],"wp:attachment":[{"href":"https:\/\/www.meydan.tv\/az\/wp-json\/wp\/v2\/media?parent=315071"}],"wp:term":[{"taxonomy":"category","embeddable":true,"href":"https:\/\/www.meydan.tv\/az\/wp-json\/wp\/v2\/categories?post=315071"},{"taxonomy":"post_tag","embeddable":true,"href":"https:\/\/www.meydan.tv\/az\/wp-json\/wp\/v2\/tags?post=315071"}],"curies":[{"name":"wp","href":"https:\/\/api.w.org\/{rel}","templated":true}]}}