{"id":315013,"date":"2024-09-09T17:10:16","date_gmt":"2024-09-09T13:10:16","guid":{"rendered":"https:\/\/www.meydan.tv\/?p=315013"},"modified":"2024-09-09T17:10:19","modified_gmt":"2024-09-09T13:10:19","slug":"tokayev-eliyeve-ermenistanla-sulh-ucun-astana-platformasini-teklif-edib","status":"publish","type":"post","link":"https:\/\/www.meydan.tv\/az\/article\/tokayev-eliyeve-ermenistanla-sulh-ucun-astana-platformasini-teklif-edib\/","title":{"rendered":"Tokayev \u018fliyev\u0259 Erm\u0259nistanla s\u00fclh \u00fc\u00e7\u00fcn Astana platformas\u0131n\u0131 t\u0259klif edib"},"content":{"rendered":"\n<p class=\"wp-block-paragraph\"><\/p>\n\n\n\n<p class=\"wp-block-paragraph\"><strong><em>\u0130lham \u018fliyev Tokayevin t\u0259klifini Az\u0259rbaycan \u00fc\u00e7\u00fcn m\u0259qbul say\u0131b<\/em><\/strong><\/p>\n\n\n\n<p class=\"wp-block-paragraph\">Sentyabr\u0131n 9-da Qazax\u0131stan\u0131n Prezidenti Kas\u0131m-Jomart Tokayevl\u0259 Az\u0259rbaycan\u0131n Prezidenti \u0130lham \u018fliyev aras\u0131nda telefon dan\u0131\u015f\u0131\u011f\u0131 olub.<\/p>\n\n\n\n<p class=\"wp-block-paragraph\">Bu bar\u0259d\u0259 &#8220;president.az&#8221; m\u0259lumat <a href=\"https:\/\/president.az\/az\/articles\/view\/66821\" target=\"_blank\" rel=\"noreferrer noopener\">yay\u0131b.<\/a><\/p>\n\n\n\n<p class=\"wp-block-paragraph\">Bildirilir ki, Kas\u0131m-Jomart Tokayev M\u0259rk\u0259zi Asiya D\u00f6vl\u0259t Ba\u015f\u00e7\u0131lar\u0131n\u0131n M\u0259\u015fv\u0259r\u0259t g\u00f6r\u00fc\u015f\u00fcnd\u0259 \u0130lham \u018fliyevin i\u015ftirak\u0131n\u0131 x\u00fcsusi qeyd edib.<\/p>\n\n\n\n<p class=\"wp-block-paragraph\">Az\u0259rbaycan\u0131n d\u00f6vl\u0259t ba\u015f\u00e7\u0131s\u0131 d\u0259v\u0259t\u0259 g\u00f6r\u0259 minn\u0259tdarl\u0131\u011f\u0131n\u0131 bildirib.<\/p>\n\n\n\n<p class=\"wp-block-paragraph\">H\u0259m\u00e7inin Qazax\u0131stan Prezidenti Astanan\u0131n Erm\u0259nistanla Az\u0259rbaycan aras\u0131nda s\u00fclh m\u00fcqavil\u0259si \u00fczr\u0259 dan\u0131\u015f\u0131qlar\u0131n apar\u0131lmas\u0131 \u00fc\u00e7\u00fcn platforma rolunu oynama\u011fa haz\u0131r oldu\u011funu deyib.<\/p>\n\n\n\n<p class=\"wp-block-paragraph\">&nbsp;\u0130lham \u018fliyev is\u0259 deyib ki, iki \u00f6lk\u0259 aras\u0131nda dan\u0131\u015f\u0131qlar\u0131n Astanada apar\u0131lmas\u0131 t\u0259klifi Az\u0259rbaycan \u00fc\u00e7\u00fcn m\u0259qbuldur.<\/p>\n\n\n\n<p class=\"wp-block-paragraph\">Bu g\u00fcn Erm\u0259nistan\u0131n xarici i\u015fl\u0259r naziri Ararat Mirzoyan Yerevanda l\u00fcksemburqlu h\u0259mkar\u0131 il\u0259 birg\u0259 ke\u00e7irdiyi brifinqd\u0259 deyib ki, Az\u0259rbaycanla s\u00fclh m\u00fcqavil\u0259si layih\u0259sinin 16 madd\u0259sinin 13-\u00fc \u00fczr\u0259 tam raz\u0131l\u0131\u011fa g\u0259libl\u0259r.<\/p>\n\n\n\n<p class=\"wp-block-paragraph\">Onun s\u00f6zl\u0259rin\u0259 g\u00f6r\u0259, s\u00fclh sazi\u015finin tezlikl\u0259 imzalanmas\u0131 \u00fc\u00e7\u00fcn real \u015fans var:<\/p>\n\n\n\n<p class=\"wp-block-paragraph\"><em>\u201c16 madd\u0259 var, onlardan 13-\u00fc tam raz\u0131la\u015fd\u0131r\u0131l\u0131b, 3-\u00fc qism\u0259n <a href=\"https:\/\/storage.googleapis.com\/qurium\/www.meydan.tv\/az-article-ararat-mirzoyan-16-maddelik-sulh-muqavilesinin-13-maddesi-tam-razilasdirilib.html\" target=\"_blank\" rel=\"noreferrer noopener\">raz\u0131la\u015fd\u0131r\u0131l\u0131b\u201d.<\/a><\/em><\/p>\n","protected":false},"excerpt":{"rendered":"<p>\u0130lham \u018fliyev Tokayevin t\u0259klifini Az\u0259rbaycan \u00fc\u00e7\u00fcn m\u0259qbul say\u0131b Sentyabr\u0131n 9-da &#8230; <\/p>\n<p class=\"read-more-container\"><a title=\"Tokayev \u018fliyev\u0259 Erm\u0259nistanla s\u00fclh \u00fc\u00e7\u00fcn Astana platformas\u0131n\u0131 t\u0259klif edib\" class=\"read-more button\" href=\"https:\/\/www.meydan.tv\/az\/article\/tokayev-eliyeve-ermenistanla-sulh-ucun-astana-platformasini-teklif-edib\/#more-315013\" aria-label=\"Read more about Tokayev \u018fliyev\u0259 Erm\u0259nistanla s\u00fclh \u00fc\u00e7\u00fcn Astana platformas\u0131n\u0131 t\u0259klif edib\">Davam\u0131<\/a><\/p>\n","protected":false},"author":8,"featured_media":315014,"comment_status":"closed","ping_status":"closed","sticky":false,"template":"","format":"standard","meta":{"_acf_changed":false,"_sitemap_exclude":false,"_sitemap_priority":"","_sitemap_frequency":"","footnotes":""},"categories":[59,79,56],"tags":[],"class_list":["post-315013","post","type-post","status-publish","format-standard","has-post-thumbnail","hentry","category-siyaset","category-featured","category-xeberler","infinite-scroll-item","generate-columns","tablet-grid-50","mobile-grid-100","grid-parent","grid-33","no-featured-image-padding"],"acf":[],"yoast_head":"<!-- This site is optimized with the Yoast SEO plugin v28.4 - https:\/\/yoast.com\/product\/yoast-seo-wordpress\/ -->\n<title>Tokayev \u018fliyev\u0259 Erm\u0259nistanla s\u00fclh \u00fc\u00e7\u00fcn Astana platformas\u0131n\u0131 t\u0259klif edib - MEYDAN.TV<\/title>\n<meta name=\"description\" content=\"\u0130lham \u018fliyev Tokayevin t\u0259klifini Az\u0259rbaycan \u00fc\u00e7\u00fcn m\u0259qbul say\u0131b.\" \/>\n<meta name=\"robots\" content=\"index, follow, max-snippet:-1, max-image-preview:large, max-video-preview:-1\" \/>\n<link rel=\"canonical\" href=\"https:\/\/www.meydan.tv\/az\/article\/tokayev-eliyeve-ermenistanla-sulh-ucun-astana-platformasini-teklif-edib\/\" \/>\n<meta property=\"og:locale\" content=\"az_AZ\" \/>\n<meta property=\"og:type\" content=\"article\" \/>\n<meta property=\"og:title\" content=\"Tokayev \u018fliyev\u0259 Erm\u0259nistanla s\u00fclh \u00fc\u00e7\u00fcn Astana platformas\u0131n\u0131 t\u0259klif edib - MEYDAN.TV\" \/>\n<meta property=\"og:description\" content=\"\u0130lham \u018fliyev Tokayevin t\u0259klifini Az\u0259rbaycan \u00fc\u00e7\u00fcn m\u0259qbul say\u0131b.\" \/>\n<meta property=\"og:url\" content=\"https:\/\/www.meydan.tv\/az\/article\/tokayev-eliyeve-ermenistanla-sulh-ucun-astana-platformasini-teklif-edib\/\" \/>\n<meta property=\"og:site_name\" content=\"MEYDAN.TV\" \/>\n<meta property=\"article:published_time\" content=\"2024-09-09T13:10:16+00:00\" \/>\n<meta property=\"article:modified_time\" content=\"2024-09-09T13:10:19+00:00\" \/>\n<meta property=\"og:image\" content=\"https:\/\/www.meydan.tv\/wp-content\/uploads\/40a99bbd2a1ebd0aa6e31ef993e6aa9b_4023356.jpg\" \/>\n\t<meta property=\"og:image:width\" content=\"1200\" \/>\n\t<meta property=\"og:image:height\" content=\"608\" \/>\n\t<meta property=\"og:image:type\" content=\"image\/jpeg\" \/>\n<meta name=\"twitter:card\" content=\"summary_large_image\" \/>\n<meta name=\"twitter:creator\" content=\"@elli\" \/>\n<!-- \/ Yoast SEO plugin. -->","yoast_head_json":{"title":"Tokayev \u018fliyev\u0259 Erm\u0259nistanla s\u00fclh \u00fc\u00e7\u00fcn Astana platformas\u0131n\u0131 t\u0259klif edib - MEYDAN.TV","description":"\u0130lham \u018fliyev Tokayevin t\u0259klifini Az\u0259rbaycan \u00fc\u00e7\u00fcn m\u0259qbul say\u0131b.","robots":{"index":"index","follow":"follow","max-snippet":"max-snippet:-1","max-image-preview":"max-image-preview:large","max-video-preview":"max-video-preview:-1"},"canonical":"https:\/\/www.meydan.tv\/az\/article\/tokayev-eliyeve-ermenistanla-sulh-ucun-astana-platformasini-teklif-edib\/","og_locale":"az_AZ","og_type":"article","og_title":"Tokayev \u018fliyev\u0259 Erm\u0259nistanla s\u00fclh \u00fc\u00e7\u00fcn Astana platformas\u0131n\u0131 t\u0259klif edib - MEYDAN.TV","og_description":"\u0130lham \u018fliyev Tokayevin t\u0259klifini Az\u0259rbaycan \u00fc\u00e7\u00fcn m\u0259qbul say\u0131b.","og_url":"https:\/\/www.meydan.tv\/az\/article\/tokayev-eliyeve-ermenistanla-sulh-ucun-astana-platformasini-teklif-edib\/","og_site_name":"MEYDAN.TV","article_published_time":"2024-09-09T13:10:16+00:00","article_modified_time":"2024-09-09T13:10:19+00:00","og_image":[{"width":1200,"height":608,"url":"https:\/\/www.meydan.tv\/wp-content\/uploads\/40a99bbd2a1ebd0aa6e31ef993e6aa9b_4023356.jpg","type":"image\/jpeg"}],"twitter_card":"summary_large_image","twitter_creator":"@elli","schema":{"@context":"https:\/\/schema.org","@graph":[{"@type":"Article","@id":"https:\/\/www.meydan.tv\/az\/article\/tokayev-eliyeve-ermenistanla-sulh-ucun-astana-platformasini-teklif-edib\/#article","isPartOf":{"@id":"https:\/\/www.meydan.tv\/az\/article\/tokayev-eliyeve-ermenistanla-sulh-ucun-astana-platformasini-teklif-edib\/"},"author":{"name":"elli","@id":"https:\/\/www.meydan.tv\/az\/#\/schema\/person\/9cdbecf90d17180ce1dfbd95b08dcf47"},"headline":"Tokayev \u018fliyev\u0259 Erm\u0259nistanla s\u00fclh \u00fc\u00e7\u00fcn Astana platformas\u0131n\u0131 t\u0259klif edib","datePublished":"2024-09-09T13:10:16+00:00","dateModified":"2024-09-09T13:10:19+00:00","mainEntityOfPage":{"@id":"https:\/\/www.meydan.tv\/az\/article\/tokayev-eliyeve-ermenistanla-sulh-ucun-astana-platformasini-teklif-edib\/"},"wordCount":243,"publisher":{"@id":"https:\/\/www.meydan.tv\/az\/#organization"},"image":{"@id":"https:\/\/www.meydan.tv\/az\/article\/tokayev-eliyeve-ermenistanla-sulh-ucun-astana-platformasini-teklif-edib\/#primaryimage"},"thumbnailUrl":"https:\/\/www.meydan.tv\/wp-content\/uploads\/40a99bbd2a1ebd0aa6e31ef993e6aa9b_4023356.jpg","articleSection":["Siyas\u0259t","T\u00f6vsiy\u0259","X\u0259b\u0259rl\u0259r"],"inLanguage":"az"},{"@type":"WebPage","@id":"https:\/\/www.meydan.tv\/az\/article\/tokayev-eliyeve-ermenistanla-sulh-ucun-astana-platformasini-teklif-edib\/","url":"https:\/\/www.meydan.tv\/az\/article\/tokayev-eliyeve-ermenistanla-sulh-ucun-astana-platformasini-teklif-edib\/","name":"Tokayev \u018fliyev\u0259 Erm\u0259nistanla s\u00fclh \u00fc\u00e7\u00fcn Astana platformas\u0131n\u0131 t\u0259klif edib - MEYDAN.TV","isPartOf":{"@id":"https:\/\/www.meydan.tv\/az\/#website"},"primaryImageOfPage":{"@id":"https:\/\/www.meydan.tv\/az\/article\/tokayev-eliyeve-ermenistanla-sulh-ucun-astana-platformasini-teklif-edib\/#primaryimage"},"image":{"@id":"https:\/\/www.meydan.tv\/az\/article\/tokayev-eliyeve-ermenistanla-sulh-ucun-astana-platformasini-teklif-edib\/#primaryimage"},"thumbnailUrl":"https:\/\/www.meydan.tv\/wp-content\/uploads\/40a99bbd2a1ebd0aa6e31ef993e6aa9b_4023356.jpg","datePublished":"2024-09-09T13:10:16+00:00","dateModified":"2024-09-09T13:10:19+00:00","description":"\u0130lham \u018fliyev Tokayevin t\u0259klifini Az\u0259rbaycan \u00fc\u00e7\u00fcn m\u0259qbul say\u0131b.","breadcrumb":{"@id":"https:\/\/www.meydan.tv\/az\/article\/tokayev-eliyeve-ermenistanla-sulh-ucun-astana-platformasini-teklif-edib\/#breadcrumb"},"inLanguage":"az","potentialAction":[{"@type":"ReadAction","target":["https:\/\/www.meydan.tv\/az\/article\/tokayev-eliyeve-ermenistanla-sulh-ucun-astana-platformasini-teklif-edib\/"]}]},{"@type":"ImageObject","inLanguage":"az","@id":"https:\/\/www.meydan.tv\/az\/article\/tokayev-eliyeve-ermenistanla-sulh-ucun-astana-platformasini-teklif-edib\/#primaryimage","url":"https:\/\/www.meydan.tv\/wp-content\/uploads\/40a99bbd2a1ebd0aa6e31ef993e6aa9b_4023356.jpg","contentUrl":"https:\/\/www.meydan.tv\/wp-content\/uploads\/40a99bbd2a1ebd0aa6e31ef993e6aa9b_4023356.jpg","width":1200,"height":608,"caption":"Foto: president.az"},{"@type":"BreadcrumbList","@id":"https:\/\/www.meydan.tv\/az\/article\/tokayev-eliyeve-ermenistanla-sulh-ucun-astana-platformasini-teklif-edib\/#breadcrumb","itemListElement":[{"@type":"ListItem","position":1,"name":"Ana s\u0259hif\u0259","item":"https:\/\/www.meydan.tv\/az\/"},{"@type":"ListItem","position":2,"name":"Siyas\u0259t","item":"https:\/\/www.meydan.tv\/az\/section\/siyaset\/"},{"@type":"ListItem","position":3,"name":"Tokayev \u018fliyev\u0259 Erm\u0259nistanla s\u00fclh \u00fc\u00e7\u00fcn Astana platformas\u0131n\u0131 t\u0259klif edib"}]},{"@type":"WebSite","@id":"https:\/\/www.meydan.tv\/az\/#website","url":"https:\/\/www.meydan.tv\/az\/","name":"MEYDAN.TV","description":"Meydan TV Az\u0259rbaycan\u0131n media m\u0259kan\u0131ndak\u0131 alternativ s\u0259sidir","publisher":{"@id":"https:\/\/www.meydan.tv\/az\/#organization"},"potentialAction":[{"@type":"SearchAction","target":{"@type":"EntryPoint","urlTemplate":"https:\/\/www.meydan.tv\/az\/?s={search_term_string}"},"query-input":{"@type":"PropertyValueSpecification","valueRequired":true,"valueName":"search_term_string"}}],"inLanguage":"az"},{"@type":"Organization","@id":"https:\/\/www.meydan.tv\/az\/#organization","name":"Meydan TV","url":"https:\/\/www.meydan.tv\/az\/","logo":{"@type":"ImageObject","inLanguage":"az","@id":"https:\/\/www.meydan.tv\/az\/#\/schema\/logo\/image\/","url":"https:\/\/www.meydan.tv\/wp-content\/uploads\/2021\/07\/meydan-logo.svg","contentUrl":"https:\/\/www.meydan.tv\/wp-content\/uploads\/2021\/07\/meydan-logo.svg","width":195,"height":46,"caption":"Meydan TV"},"image":{"@id":"https:\/\/www.meydan.tv\/az\/#\/schema\/logo\/image\/"}},{"@type":"Person","@id":"https:\/\/www.meydan.tv\/az\/#\/schema\/person\/9cdbecf90d17180ce1dfbd95b08dcf47","name":"elli","sameAs":["https:\/\/x.com\/elli"]}]}},"_links":{"self":[{"href":"https:\/\/www.meydan.tv\/az\/wp-json\/wp\/v2\/posts\/315013","targetHints":{"allow":["GET"]}}],"collection":[{"href":"https:\/\/www.meydan.tv\/az\/wp-json\/wp\/v2\/posts"}],"about":[{"href":"https:\/\/www.meydan.tv\/az\/wp-json\/wp\/v2\/types\/post"}],"author":[{"embeddable":true,"href":"https:\/\/www.meydan.tv\/az\/wp-json\/wp\/v2\/users\/8"}],"replies":[{"embeddable":true,"href":"https:\/\/www.meydan.tv\/az\/wp-json\/wp\/v2\/comments?post=315013"}],"version-history":[{"count":2,"href":"https:\/\/www.meydan.tv\/az\/wp-json\/wp\/v2\/posts\/315013\/revisions"}],"predecessor-version":[{"id":315020,"href":"https:\/\/www.meydan.tv\/az\/wp-json\/wp\/v2\/posts\/315013\/revisions\/315020"}],"wp:featuredmedia":[{"embeddable":true,"href":"https:\/\/www.meydan.tv\/az\/wp-json\/wp\/v2\/media\/315014"}],"wp:attachment":[{"href":"https:\/\/www.meydan.tv\/az\/wp-json\/wp\/v2\/media?parent=315013"}],"wp:term":[{"taxonomy":"category","embeddable":true,"href":"https:\/\/www.meydan.tv\/az\/wp-json\/wp\/v2\/categories?post=315013"},{"taxonomy":"post_tag","embeddable":true,"href":"https:\/\/www.meydan.tv\/az\/wp-json\/wp\/v2\/tags?post=315013"}],"curies":[{"name":"wp","href":"https:\/\/api.w.org\/{rel}","templated":true}]}}