{"id":315001,"date":"2024-09-09T15:50:09","date_gmt":"2024-09-09T11:50:09","guid":{"rendered":"https:\/\/www.meydan.tv\/?p=315001"},"modified":"2024-09-09T15:50:11","modified_gmt":"2024-09-09T11:50:11","slug":"agsu-xestexanasinin-sobe-mudiri-ve-hekimi-mehkeme-qarsisinda","status":"publish","type":"post","link":"https:\/\/www.meydan.tv\/az\/article\/agsu-xestexanasinin-sobe-mudiri-ve-hekimi-mehkeme-qarsisinda\/","title":{"rendered":"A\u011fsu x\u0259st\u0259xanas\u0131n\u0131n \u015f\u00f6b\u0259 m\u00fcdiri v\u0259 h\u0259kimi m\u0259hk\u0259m\u0259 qar\u015f\u0131s\u0131nda"},"content":{"rendered":"\n<p><\/p>\n\n\n\n<p><strong><em>H\u0259kiml\u0259r k\u00fclli miqdarda d\u0259l\u0259duzluqda ittiham olunurlar<\/em><\/strong><\/p>\n\n\n\n<p>A\u011fsu Rayon M\u0259rk\u0259zi X\u0259st\u0259xanas\u0131n\u0131n Hemodializ \u015f\u00f6b\u0259sinin r\u0259isi Arif Tal\u0131bov v\u0259 h\u0259min \u015f\u00f6b\u0259nin h\u0259kim-nefroloqu Ehtibar Soltiyevin yax\u0131n g\u00fcnl\u0259rd\u0259 Bak\u0131 A\u011f\u0131r Cinay\u0259tl\u0259r M\u0259hk\u0259m\u0259sind\u0259 m\u00fchakim\u0259si ba\u015flayacaq. Onlar k\u00fclli miqdarda d\u0259l\u0259duzluqda ittiham olunur.<\/p>\n\n\n\n<p>Bu bar\u0259d\u0259 Ba\u015f Prokurorlu\u011fun m\u0259tbuat xidm\u0259tind\u0259n veril\u0259n m\u0259lumatda bildirilir ki, adlar\u0131 \u00e7\u0259kil\u0259n \u015f\u0259xsl\u0259r \u0259lillik d\u0259r\u0259c\u0259si t\u0259yin etdirm\u0259k, dayand\u0131r\u0131lm\u0131\u015f pensiyalar\u0131 b\u0259rpa etdirm\u0259k ad\u0131yla m\u00fcxt\u0259lif adamlar\u0131 aldad\u0131b, onlar\u0131n pullar\u0131n\u0131 \u0259l\u0259 ke\u00e7irm\u0259kd\u0259 ittiham olunur.<\/p>\n\n\n\n<p>Arif Tal\u0131bov, Ehtibar Soltiyev v\u0259 dig\u0259rl\u0259ril\u0259 ba\u011fl\u0131 istintaq Korrupsiyaya qar\u015f\u0131 M\u00fcbariz\u0259 \u0130dar\u0259sind\u0259 gedib. Art\u0131q istintaq yekunla\u015f\u0131b v\u0259 cinay\u0259t i\u015finin materiallar\u0131 bax\u0131lmas\u0131 \u00fc\u00e7\u00fcn Bak\u0131 A\u011f\u0131r Cinay\u0259tl\u0259r M\u0259hk\u0259m\u0259sin\u0259 g\u00f6nd\u0259rilib.<\/p>\n\n\n\n<p>Cinay\u0259t i\u015finin materiallar\u0131nda iddia olunur ki, Ehtibar Soltiyev, Arif Tal\u0131bov v\u0259 dig\u0259rl\u0259ri birlikd\u0259 \u0259lillik d\u0259r\u0259c\u0259sinin t\u0259yin olunmas\u0131, dayand\u0131r\u0131lm\u0131\u015f pensiyan\u0131n b\u0259rpas\u0131na k\u00f6m\u0259klik \u00fc\u00e7\u00fcn 2022-2023-c\u00fc ill\u0259r \u0259rzind\u0259 onlara \u00fcz tutan adamlardan \u00fcmumilikd\u0259 126 min manatdan art\u0131q pul al\u0131blar.<\/p>\n\n\n\n<p>\u0130stintaq d\u00f6vr\u00fcnd\u0259 ziyan\u0131n 120 min manat\u0131 \u00f6d\u0259nilib.<\/p>\n\n\n\n<p>Ehtibar Soltiyev v\u0259 Arif Tal\u0131bova Cinay\u0259t M\u0259c\u0259ll\u0259sinin 178.3.2-ci (k\u00fclli miqdarda ziyan vurmaqla d\u0259l\u0259duzluq) madd\u0259sil\u0259 ittiham ir\u0259li s\u00fcr\u00fcl\u00fcb. Onlar\u0131n he\u00e7 biri h\u0259bsd\u0259 deyil. \u0130stintaq d\u00f6vr\u00fc \u00fc\u00e7\u00fcn h\u0259r ikisinin bar\u0259sind\u0259 polisin n\u0259zar\u0259ti alt\u0131na verm\u0259 q\u0259timkan t\u0259dbiri se\u00e7ilib.<\/p>\n\n\n\n<p>Onlar\u0131n bu ittihama m\u00fcnasib\u0259ti, \u00f6zl\u0259rini t\u0259qsirli bilib-bilm\u0259diyi m\u0259lum deyil.<\/p>\n","protected":false},"excerpt":{"rendered":"<p>H\u0259kiml\u0259r k\u00fclli miqdarda d\u0259l\u0259duzluqda ittiham olunurlar A\u011fsu Rayon M\u0259rk\u0259zi X\u0259st\u0259xanas\u0131n\u0131n &#8230; <\/p>\n<p class=\"read-more-container\"><a title=\"A\u011fsu x\u0259st\u0259xanas\u0131n\u0131n \u015f\u00f6b\u0259 m\u00fcdiri v\u0259 h\u0259kimi m\u0259hk\u0259m\u0259 qar\u015f\u0131s\u0131nda\" class=\"read-more button\" href=\"https:\/\/www.meydan.tv\/az\/article\/agsu-xestexanasinin-sobe-mudiri-ve-hekimi-mehkeme-qarsisinda\/#more-315001\" aria-label=\"Read more about A\u011fsu x\u0259st\u0259xanas\u0131n\u0131n \u015f\u00f6b\u0259 m\u00fcdiri v\u0259 h\u0259kimi m\u0259hk\u0259m\u0259 qar\u015f\u0131s\u0131nda\">Davam\u0131<\/a><\/p>\n","protected":false},"author":8,"featured_media":210852,"comment_status":"closed","ping_status":"closed","sticky":false,"template":"","format":"standard","meta":{"_acf_changed":false,"_sitemap_exclude":false,"_sitemap_priority":"","_sitemap_frequency":"","footnotes":""},"categories":[62,56],"tags":[],"class_list":["post-315001","post","type-post","status-publish","format-standard","has-post-thumbnail","hentry","category-sosial","category-xeberler","infinite-scroll-item","generate-columns","tablet-grid-50","mobile-grid-100","grid-parent","grid-33","no-featured-image-padding"],"acf":[],"yoast_head":"<!-- This site is optimized with the Yoast SEO plugin v27.5 - https:\/\/yoast.com\/product\/yoast-seo-wordpress\/ -->\n<title>A\u011fsu x\u0259st\u0259xanas\u0131n\u0131n \u015f\u00f6b\u0259 m\u00fcdiri v\u0259 h\u0259kimi m\u0259hk\u0259m\u0259 qar\u015f\u0131s\u0131nda - MEYDAN.TV<\/title>\n<meta name=\"description\" content=\"Ehtibar Soltiyev v\u0259 Arif Tal\u0131bova Cinay\u0259t M\u0259c\u0259ll\u0259sinin 178.3.2-ci (k\u00fclli miqdarda ziyan vurmaqla d\u0259l\u0259duzluq) madd\u0259sil\u0259 ittiham ir\u0259li s\u00fcr\u00fcl\u00fcb.\" \/>\n<meta name=\"robots\" content=\"index, follow, max-snippet:-1, max-image-preview:large, max-video-preview:-1\" \/>\n<link rel=\"canonical\" href=\"https:\/\/www.meydan.tv\/az\/article\/agsu-xestexanasinin-sobe-mudiri-ve-hekimi-mehkeme-qarsisinda\/\" \/>\n<meta property=\"og:locale\" content=\"az_AZ\" \/>\n<meta property=\"og:type\" content=\"article\" \/>\n<meta property=\"og:title\" content=\"A\u011fsu x\u0259st\u0259xanas\u0131n\u0131n \u015f\u00f6b\u0259 m\u00fcdiri v\u0259 h\u0259kimi m\u0259hk\u0259m\u0259 qar\u015f\u0131s\u0131nda - MEYDAN.TV\" \/>\n<meta property=\"og:description\" content=\"Ehtibar Soltiyev v\u0259 Arif Tal\u0131bova Cinay\u0259t M\u0259c\u0259ll\u0259sinin 178.3.2-ci (k\u00fclli miqdarda ziyan vurmaqla d\u0259l\u0259duzluq) madd\u0259sil\u0259 ittiham ir\u0259li s\u00fcr\u00fcl\u00fcb.\" \/>\n<meta property=\"og:url\" content=\"https:\/\/www.meydan.tv\/az\/article\/agsu-xestexanasinin-sobe-mudiri-ve-hekimi-mehkeme-qarsisinda\/\" \/>\n<meta property=\"og:site_name\" content=\"MEYDAN.TV\" \/>\n<meta property=\"article:published_time\" content=\"2024-09-09T11:50:09+00:00\" \/>\n<meta property=\"article:modified_time\" content=\"2024-09-09T11:50:11+00:00\" \/>\n<meta property=\"og:image\" content=\"https:\/\/www.meydan.tv\/wp-content\/uploads\/mehkeme19_wxnshvn-scaled.jpg\" \/>\n\t<meta property=\"og:image:width\" content=\"2560\" \/>\n\t<meta property=\"og:image:height\" content=\"1440\" \/>\n\t<meta property=\"og:image:type\" content=\"image\/jpeg\" \/>\n<meta name=\"author\" content=\"elli\" \/>\n<meta name=\"twitter:card\" content=\"summary_large_image\" \/>\n<meta name=\"twitter:creator\" content=\"@elli\" \/>\n<script type=\"application\/ld+json\" class=\"yoast-schema-graph\">{\"@context\":\"https:\\\/\\\/schema.org\",\"@graph\":[{\"@type\":\"Article\",\"@id\":\"https:\\\/\\\/www.meydan.tv\\\/az\\\/article\\\/agsu-xestexanasinin-sobe-mudiri-ve-hekimi-mehkeme-qarsisinda\\\/#article\",\"isPartOf\":{\"@id\":\"https:\\\/\\\/www.meydan.tv\\\/az\\\/article\\\/agsu-xestexanasinin-sobe-mudiri-ve-hekimi-mehkeme-qarsisinda\\\/\"},\"author\":{\"name\":\"elli\",\"@id\":\"https:\\\/\\\/www.meydan.tv\\\/az\\\/#\\\/schema\\\/person\\\/9cdbecf90d17180ce1dfbd95b08dcf47\"},\"headline\":\"A\u011fsu x\u0259st\u0259xanas\u0131n\u0131n \u015f\u00f6b\u0259 m\u00fcdiri v\u0259 h\u0259kimi m\u0259hk\u0259m\u0259 qar\u015f\u0131s\u0131nda\",\"datePublished\":\"2024-09-09T11:50:09+00:00\",\"dateModified\":\"2024-09-09T11:50:11+00:00\",\"mainEntityOfPage\":{\"@id\":\"https:\\\/\\\/www.meydan.tv\\\/az\\\/article\\\/agsu-xestexanasinin-sobe-mudiri-ve-hekimi-mehkeme-qarsisinda\\\/\"},\"wordCount\":331,\"publisher\":{\"@id\":\"https:\\\/\\\/www.meydan.tv\\\/az\\\/#organization\"},\"image\":{\"@id\":\"https:\\\/\\\/www.meydan.tv\\\/az\\\/article\\\/agsu-xestexanasinin-sobe-mudiri-ve-hekimi-mehkeme-qarsisinda\\\/#primaryimage\"},\"thumbnailUrl\":\"https:\\\/\\\/www.meydan.tv\\\/wp-content\\\/uploads\\\/mehkeme19_wxnshvn-scaled.jpg\",\"articleSection\":[\"Sosial\",\"X\u0259b\u0259rl\u0259r\"],\"inLanguage\":\"az\"},{\"@type\":\"WebPage\",\"@id\":\"https:\\\/\\\/www.meydan.tv\\\/az\\\/article\\\/agsu-xestexanasinin-sobe-mudiri-ve-hekimi-mehkeme-qarsisinda\\\/\",\"url\":\"https:\\\/\\\/www.meydan.tv\\\/az\\\/article\\\/agsu-xestexanasinin-sobe-mudiri-ve-hekimi-mehkeme-qarsisinda\\\/\",\"name\":\"A\u011fsu x\u0259st\u0259xanas\u0131n\u0131n \u015f\u00f6b\u0259 m\u00fcdiri v\u0259 h\u0259kimi m\u0259hk\u0259m\u0259 qar\u015f\u0131s\u0131nda - MEYDAN.TV\",\"isPartOf\":{\"@id\":\"https:\\\/\\\/www.meydan.tv\\\/az\\\/#website\"},\"primaryImageOfPage\":{\"@id\":\"https:\\\/\\\/www.meydan.tv\\\/az\\\/article\\\/agsu-xestexanasinin-sobe-mudiri-ve-hekimi-mehkeme-qarsisinda\\\/#primaryimage\"},\"image\":{\"@id\":\"https:\\\/\\\/www.meydan.tv\\\/az\\\/article\\\/agsu-xestexanasinin-sobe-mudiri-ve-hekimi-mehkeme-qarsisinda\\\/#primaryimage\"},\"thumbnailUrl\":\"https:\\\/\\\/www.meydan.tv\\\/wp-content\\\/uploads\\\/mehkeme19_wxnshvn-scaled.jpg\",\"datePublished\":\"2024-09-09T11:50:09+00:00\",\"dateModified\":\"2024-09-09T11:50:11+00:00\",\"description\":\"Ehtibar Soltiyev v\u0259 Arif Tal\u0131bova Cinay\u0259t M\u0259c\u0259ll\u0259sinin 178.3.2-ci (k\u00fclli miqdarda ziyan vurmaqla d\u0259l\u0259duzluq) madd\u0259sil\u0259 ittiham ir\u0259li s\u00fcr\u00fcl\u00fcb.\",\"breadcrumb\":{\"@id\":\"https:\\\/\\\/www.meydan.tv\\\/az\\\/article\\\/agsu-xestexanasinin-sobe-mudiri-ve-hekimi-mehkeme-qarsisinda\\\/#breadcrumb\"},\"inLanguage\":\"az\",\"potentialAction\":[{\"@type\":\"ReadAction\",\"target\":[\"https:\\\/\\\/www.meydan.tv\\\/az\\\/article\\\/agsu-xestexanasinin-sobe-mudiri-ve-hekimi-mehkeme-qarsisinda\\\/\"]}]},{\"@type\":\"ImageObject\",\"inLanguage\":\"az\",\"@id\":\"https:\\\/\\\/www.meydan.tv\\\/az\\\/article\\\/agsu-xestexanasinin-sobe-mudiri-ve-hekimi-mehkeme-qarsisinda\\\/#primaryimage\",\"url\":\"https:\\\/\\\/www.meydan.tv\\\/wp-content\\\/uploads\\\/mehkeme19_wxnshvn-scaled.jpg\",\"contentUrl\":\"https:\\\/\\\/www.meydan.tv\\\/wp-content\\\/uploads\\\/mehkeme19_wxnshvn-scaled.jpg\",\"width\":2560,\"height\":1440,\"caption\":\"Foto: Meydan TV\"},{\"@type\":\"BreadcrumbList\",\"@id\":\"https:\\\/\\\/www.meydan.tv\\\/az\\\/article\\\/agsu-xestexanasinin-sobe-mudiri-ve-hekimi-mehkeme-qarsisinda\\\/#breadcrumb\",\"itemListElement\":[{\"@type\":\"ListItem\",\"position\":1,\"name\":\"Ana s\u0259hif\u0259\",\"item\":\"https:\\\/\\\/www.meydan.tv\\\/az\\\/\"},{\"@type\":\"ListItem\",\"position\":2,\"name\":\"Sosial\",\"item\":\"https:\\\/\\\/www.meydan.tv\\\/az\\\/section\\\/sosial\\\/\"},{\"@type\":\"ListItem\",\"position\":3,\"name\":\"A\u011fsu x\u0259st\u0259xanas\u0131n\u0131n \u015f\u00f6b\u0259 m\u00fcdiri v\u0259 h\u0259kimi m\u0259hk\u0259m\u0259 qar\u015f\u0131s\u0131nda\"}]},{\"@type\":\"WebSite\",\"@id\":\"https:\\\/\\\/www.meydan.tv\\\/az\\\/#website\",\"url\":\"https:\\\/\\\/www.meydan.tv\\\/az\\\/\",\"name\":\"MEYDAN.TV\",\"description\":\"Meydan TV Az\u0259rbaycan\u0131n media m\u0259kan\u0131ndak\u0131 alternativ s\u0259sidir\",\"publisher\":{\"@id\":\"https:\\\/\\\/www.meydan.tv\\\/az\\\/#organization\"},\"potentialAction\":[{\"@type\":\"SearchAction\",\"target\":{\"@type\":\"EntryPoint\",\"urlTemplate\":\"https:\\\/\\\/www.meydan.tv\\\/az\\\/?s={search_term_string}\"},\"query-input\":{\"@type\":\"PropertyValueSpecification\",\"valueRequired\":true,\"valueName\":\"search_term_string\"}}],\"inLanguage\":\"az\"},{\"@type\":\"Organization\",\"@id\":\"https:\\\/\\\/www.meydan.tv\\\/az\\\/#organization\",\"name\":\"Meydan TV\",\"url\":\"https:\\\/\\\/www.meydan.tv\\\/az\\\/\",\"logo\":{\"@type\":\"ImageObject\",\"inLanguage\":\"az\",\"@id\":\"https:\\\/\\\/www.meydan.tv\\\/az\\\/#\\\/schema\\\/logo\\\/image\\\/\",\"url\":\"https:\\\/\\\/www.meydan.tv\\\/wp-content\\\/uploads\\\/2021\\\/07\\\/meydan-logo.svg\",\"contentUrl\":\"https:\\\/\\\/www.meydan.tv\\\/wp-content\\\/uploads\\\/2021\\\/07\\\/meydan-logo.svg\",\"width\":195,\"height\":46,\"caption\":\"Meydan TV\"},\"image\":{\"@id\":\"https:\\\/\\\/www.meydan.tv\\\/az\\\/#\\\/schema\\\/logo\\\/image\\\/\"}},{\"@type\":\"Person\",\"@id\":\"https:\\\/\\\/www.meydan.tv\\\/az\\\/#\\\/schema\\\/person\\\/9cdbecf90d17180ce1dfbd95b08dcf47\",\"name\":\"elli\",\"sameAs\":[\"https:\\\/\\\/x.com\\\/elli\"]}]}<\/script>\n<!-- \/ Yoast SEO plugin. -->","yoast_head_json":{"title":"A\u011fsu x\u0259st\u0259xanas\u0131n\u0131n \u015f\u00f6b\u0259 m\u00fcdiri v\u0259 h\u0259kimi m\u0259hk\u0259m\u0259 qar\u015f\u0131s\u0131nda - MEYDAN.TV","description":"Ehtibar Soltiyev v\u0259 Arif Tal\u0131bova Cinay\u0259t M\u0259c\u0259ll\u0259sinin 178.3.2-ci (k\u00fclli miqdarda ziyan vurmaqla d\u0259l\u0259duzluq) madd\u0259sil\u0259 ittiham ir\u0259li s\u00fcr\u00fcl\u00fcb.","robots":{"index":"index","follow":"follow","max-snippet":"max-snippet:-1","max-image-preview":"max-image-preview:large","max-video-preview":"max-video-preview:-1"},"canonical":"https:\/\/www.meydan.tv\/az\/article\/agsu-xestexanasinin-sobe-mudiri-ve-hekimi-mehkeme-qarsisinda\/","og_locale":"az_AZ","og_type":"article","og_title":"A\u011fsu x\u0259st\u0259xanas\u0131n\u0131n \u015f\u00f6b\u0259 m\u00fcdiri v\u0259 h\u0259kimi m\u0259hk\u0259m\u0259 qar\u015f\u0131s\u0131nda - MEYDAN.TV","og_description":"Ehtibar Soltiyev v\u0259 Arif Tal\u0131bova Cinay\u0259t M\u0259c\u0259ll\u0259sinin 178.3.2-ci (k\u00fclli miqdarda ziyan vurmaqla d\u0259l\u0259duzluq) madd\u0259sil\u0259 ittiham ir\u0259li s\u00fcr\u00fcl\u00fcb.","og_url":"https:\/\/www.meydan.tv\/az\/article\/agsu-xestexanasinin-sobe-mudiri-ve-hekimi-mehkeme-qarsisinda\/","og_site_name":"MEYDAN.TV","article_published_time":"2024-09-09T11:50:09+00:00","article_modified_time":"2024-09-09T11:50:11+00:00","og_image":[{"width":2560,"height":1440,"url":"https:\/\/www.meydan.tv\/wp-content\/uploads\/mehkeme19_wxnshvn-scaled.jpg","type":"image\/jpeg"}],"author":"elli","twitter_card":"summary_large_image","twitter_creator":"@elli","schema":{"@context":"https:\/\/schema.org","@graph":[{"@type":"Article","@id":"https:\/\/www.meydan.tv\/az\/article\/agsu-xestexanasinin-sobe-mudiri-ve-hekimi-mehkeme-qarsisinda\/#article","isPartOf":{"@id":"https:\/\/www.meydan.tv\/az\/article\/agsu-xestexanasinin-sobe-mudiri-ve-hekimi-mehkeme-qarsisinda\/"},"author":{"name":"elli","@id":"https:\/\/www.meydan.tv\/az\/#\/schema\/person\/9cdbecf90d17180ce1dfbd95b08dcf47"},"headline":"A\u011fsu x\u0259st\u0259xanas\u0131n\u0131n \u015f\u00f6b\u0259 m\u00fcdiri v\u0259 h\u0259kimi m\u0259hk\u0259m\u0259 qar\u015f\u0131s\u0131nda","datePublished":"2024-09-09T11:50:09+00:00","dateModified":"2024-09-09T11:50:11+00:00","mainEntityOfPage":{"@id":"https:\/\/www.meydan.tv\/az\/article\/agsu-xestexanasinin-sobe-mudiri-ve-hekimi-mehkeme-qarsisinda\/"},"wordCount":331,"publisher":{"@id":"https:\/\/www.meydan.tv\/az\/#organization"},"image":{"@id":"https:\/\/www.meydan.tv\/az\/article\/agsu-xestexanasinin-sobe-mudiri-ve-hekimi-mehkeme-qarsisinda\/#primaryimage"},"thumbnailUrl":"https:\/\/www.meydan.tv\/wp-content\/uploads\/mehkeme19_wxnshvn-scaled.jpg","articleSection":["Sosial","X\u0259b\u0259rl\u0259r"],"inLanguage":"az"},{"@type":"WebPage","@id":"https:\/\/www.meydan.tv\/az\/article\/agsu-xestexanasinin-sobe-mudiri-ve-hekimi-mehkeme-qarsisinda\/","url":"https:\/\/www.meydan.tv\/az\/article\/agsu-xestexanasinin-sobe-mudiri-ve-hekimi-mehkeme-qarsisinda\/","name":"A\u011fsu x\u0259st\u0259xanas\u0131n\u0131n \u015f\u00f6b\u0259 m\u00fcdiri v\u0259 h\u0259kimi m\u0259hk\u0259m\u0259 qar\u015f\u0131s\u0131nda - MEYDAN.TV","isPartOf":{"@id":"https:\/\/www.meydan.tv\/az\/#website"},"primaryImageOfPage":{"@id":"https:\/\/www.meydan.tv\/az\/article\/agsu-xestexanasinin-sobe-mudiri-ve-hekimi-mehkeme-qarsisinda\/#primaryimage"},"image":{"@id":"https:\/\/www.meydan.tv\/az\/article\/agsu-xestexanasinin-sobe-mudiri-ve-hekimi-mehkeme-qarsisinda\/#primaryimage"},"thumbnailUrl":"https:\/\/www.meydan.tv\/wp-content\/uploads\/mehkeme19_wxnshvn-scaled.jpg","datePublished":"2024-09-09T11:50:09+00:00","dateModified":"2024-09-09T11:50:11+00:00","description":"Ehtibar Soltiyev v\u0259 Arif Tal\u0131bova Cinay\u0259t M\u0259c\u0259ll\u0259sinin 178.3.2-ci (k\u00fclli miqdarda ziyan vurmaqla d\u0259l\u0259duzluq) madd\u0259sil\u0259 ittiham ir\u0259li s\u00fcr\u00fcl\u00fcb.","breadcrumb":{"@id":"https:\/\/www.meydan.tv\/az\/article\/agsu-xestexanasinin-sobe-mudiri-ve-hekimi-mehkeme-qarsisinda\/#breadcrumb"},"inLanguage":"az","potentialAction":[{"@type":"ReadAction","target":["https:\/\/www.meydan.tv\/az\/article\/agsu-xestexanasinin-sobe-mudiri-ve-hekimi-mehkeme-qarsisinda\/"]}]},{"@type":"ImageObject","inLanguage":"az","@id":"https:\/\/www.meydan.tv\/az\/article\/agsu-xestexanasinin-sobe-mudiri-ve-hekimi-mehkeme-qarsisinda\/#primaryimage","url":"https:\/\/www.meydan.tv\/wp-content\/uploads\/mehkeme19_wxnshvn-scaled.jpg","contentUrl":"https:\/\/www.meydan.tv\/wp-content\/uploads\/mehkeme19_wxnshvn-scaled.jpg","width":2560,"height":1440,"caption":"Foto: Meydan TV"},{"@type":"BreadcrumbList","@id":"https:\/\/www.meydan.tv\/az\/article\/agsu-xestexanasinin-sobe-mudiri-ve-hekimi-mehkeme-qarsisinda\/#breadcrumb","itemListElement":[{"@type":"ListItem","position":1,"name":"Ana s\u0259hif\u0259","item":"https:\/\/www.meydan.tv\/az\/"},{"@type":"ListItem","position":2,"name":"Sosial","item":"https:\/\/www.meydan.tv\/az\/section\/sosial\/"},{"@type":"ListItem","position":3,"name":"A\u011fsu x\u0259st\u0259xanas\u0131n\u0131n \u015f\u00f6b\u0259 m\u00fcdiri v\u0259 h\u0259kimi m\u0259hk\u0259m\u0259 qar\u015f\u0131s\u0131nda"}]},{"@type":"WebSite","@id":"https:\/\/www.meydan.tv\/az\/#website","url":"https:\/\/www.meydan.tv\/az\/","name":"MEYDAN.TV","description":"Meydan TV Az\u0259rbaycan\u0131n media m\u0259kan\u0131ndak\u0131 alternativ s\u0259sidir","publisher":{"@id":"https:\/\/www.meydan.tv\/az\/#organization"},"potentialAction":[{"@type":"SearchAction","target":{"@type":"EntryPoint","urlTemplate":"https:\/\/www.meydan.tv\/az\/?s={search_term_string}"},"query-input":{"@type":"PropertyValueSpecification","valueRequired":true,"valueName":"search_term_string"}}],"inLanguage":"az"},{"@type":"Organization","@id":"https:\/\/www.meydan.tv\/az\/#organization","name":"Meydan TV","url":"https:\/\/www.meydan.tv\/az\/","logo":{"@type":"ImageObject","inLanguage":"az","@id":"https:\/\/www.meydan.tv\/az\/#\/schema\/logo\/image\/","url":"https:\/\/www.meydan.tv\/wp-content\/uploads\/2021\/07\/meydan-logo.svg","contentUrl":"https:\/\/www.meydan.tv\/wp-content\/uploads\/2021\/07\/meydan-logo.svg","width":195,"height":46,"caption":"Meydan TV"},"image":{"@id":"https:\/\/www.meydan.tv\/az\/#\/schema\/logo\/image\/"}},{"@type":"Person","@id":"https:\/\/www.meydan.tv\/az\/#\/schema\/person\/9cdbecf90d17180ce1dfbd95b08dcf47","name":"elli","sameAs":["https:\/\/x.com\/elli"]}]}},"_links":{"self":[{"href":"https:\/\/www.meydan.tv\/az\/wp-json\/wp\/v2\/posts\/315001","targetHints":{"allow":["GET"]}}],"collection":[{"href":"https:\/\/www.meydan.tv\/az\/wp-json\/wp\/v2\/posts"}],"about":[{"href":"https:\/\/www.meydan.tv\/az\/wp-json\/wp\/v2\/types\/post"}],"author":[{"embeddable":true,"href":"https:\/\/www.meydan.tv\/az\/wp-json\/wp\/v2\/users\/8"}],"replies":[{"embeddable":true,"href":"https:\/\/www.meydan.tv\/az\/wp-json\/wp\/v2\/comments?post=315001"}],"version-history":[{"count":3,"href":"https:\/\/www.meydan.tv\/az\/wp-json\/wp\/v2\/posts\/315001\/revisions"}],"predecessor-version":[{"id":315004,"href":"https:\/\/www.meydan.tv\/az\/wp-json\/wp\/v2\/posts\/315001\/revisions\/315004"}],"wp:featuredmedia":[{"embeddable":true,"href":"https:\/\/www.meydan.tv\/az\/wp-json\/wp\/v2\/media\/210852"}],"wp:attachment":[{"href":"https:\/\/www.meydan.tv\/az\/wp-json\/wp\/v2\/media?parent=315001"}],"wp:term":[{"taxonomy":"category","embeddable":true,"href":"https:\/\/www.meydan.tv\/az\/wp-json\/wp\/v2\/categories?post=315001"},{"taxonomy":"post_tag","embeddable":true,"href":"https:\/\/www.meydan.tv\/az\/wp-json\/wp\/v2\/tags?post=315001"}],"curies":[{"name":"wp","href":"https:\/\/api.w.org\/{rel}","templated":true}]}}