{"id":314915,"date":"2024-09-08T08:36:26","date_gmt":"2024-09-08T04:36:26","guid":{"rendered":"https:\/\/www.meydan.tv\/?p=314915"},"modified":"2024-09-08T08:36:30","modified_gmt":"2024-09-08T04:36:30","slug":"menasiz-mubahiselere-son-qoymaq-ucun","status":"publish","type":"post","link":"https:\/\/www.meydan.tv\/az\/article\/menasiz-mubahiselere-son-qoymaq-ucun\/","title":{"rendered":"M\u0259nas\u0131z m\u00fcbahis\u0259l\u0259r\u0259 son qoymaq \u00fc\u00e7\u00fcn"},"content":{"rendered":"\n<p><strong>Z\u0259rd\u00fc\u015ft \u018flizad\u0259<\/strong><\/p>\n\n\n\n<p><em><strong>T\u0259klif edir\u0259m respublika qurulu\u015fundan imtina edib ke\u00e7\u0259k \u015fahl\u0131q \u00fcsul-idar\u0259sin\u0259<\/strong><\/em><\/p>\n\n\n\n<p>\u0130ll\u0259r ke\u00e7dikc\u0259 ictimai-siyasi hadis\u0259l\u0259r\u0259 daha soyuqqanl\u0131 yana\u015f\u0131ram. Zira h\u0259min bu hadis\u0259l\u0259rin t\u00f6r\u0259nm\u0259 m\u00fchitini, dem\u0259li, m\u0259nas\u0131n\u0131 daha d\u0259qiq anlay\u0131ram. M\u0259hz bu s\u0259b\u0259bd\u0259n sentyabr\u0131n 1-d\u0259 ke\u00e7irilmi\u015f \u201cAz\u0259rbaycan Respublikas\u0131n\u0131n Milli M\u0259clisin\u0259 se\u00e7kil\u0259r\u201d m\u0259rasimi \u0259traf\u0131nda ged\u0259n ehtirasl\u0131 m\u00fcbahis\u0259l\u0259ri tam m\u0259nas\u0131z say\u0131ram.<br>Kims\u0259 namiz\u0259d idi, ke\u00e7m\u0259diyin\u0259 q\u0259z\u0259bl\u0259nib. Kims\u0259 ke\u00e7s\u0259 d\u0259, onun xeyrin\u0259 at\u0131lm\u0131\u015f saxta s\u0259sl\u0259ri \u00f6z pak q\u0259l\u0259b\u0259sin\u0259 qara l\u0259k\u0259 say\u0131b etiraz edir. Kims\u0259 deputat maa\u015f\u0131 v\u0259 imtiyazlar\u0131 il\u0259 ba\u011fl\u0131 \u00fclvi arzular\u0131n\u0131n pu\u00e7 olmas\u0131 m\u00fcnasib\u0259til\u0259 ictimai a\u011fla\u015fma t\u0259\u015fkil edir. Hans\u0131sa pullu adam deputat ad\u0131n\u0131n c\u0259miyy\u0259td\u0259 onun m\u0259zmunsuz v\u00fccuduna \u0259lav\u0259 ed\u0259c\u0259yi zahiri h\u00f6rm\u0259td\u0259n \u0259b\u0259di m\u0259hrum oldu\u011fu \u00fc\u00e7\u00fcn d\u0259rin t\u0259\u0259ss\u00fcf hissini gizl\u0259d\u0259 bilmir.<\/p>\n\n\n\n<p>Sizin f\u0259qir b\u0259nd\u0259niz bu m\u0259nas\u0131z m\u00fcbahis\u0259l\u0259r\u0259 son qoymaq \u00fc\u00e7\u00fcn \u00e7ox sad\u0259 t\u0259klif verm\u0259k ist\u0259yir. \u018fvv\u0259lc\u0259d\u0259n deyim ki, bu t\u0259klifi r\u0259dd ets\u0259niz, \u0259sla r\u0259ncid\u0259 olmaram, nec\u0259 ki, bundan \u0259vv\u0259l d\u0259 35 ildir b\u00fct\u00fcn t\u0259klifl\u0259rimi bizim m\u00fcdrik v\u0259 b\u0259xt\u0259v\u0259r \u0259hali vecin\u0259 almay\u0131b. D\u00fcz d\u0259 edib.<br>M\u0259nc\u0259, biz d\u00f6vl\u0259timizin d\u0259, Milli M\u0259clisin d\u0259, h\u0259tta \u0259halinin ad\u0131n\u0131 da d\u0259yi\u015fs\u0259k, b\u00fct\u00fcn indiki m\u0259nas\u0131z m\u00fcbahis\u0259l\u0259r\u0259 son qoyular. Bu t\u0259klif ke\u00e7s\u0259, Az\u0259rbaycanda forma il\u0259 m\u0259zmun, zahir il\u0259 batin tam \u00fczvi v\u0259hd\u0259t t\u0259\u015fkil ed\u0259r.<\/p>\n\n\n<div class=\"wp-block-image\">\n<figure class=\"alignright size-large is-resized\"><img decoding=\"async\" width=\"1200\" height=\"543\" data-src=\"https:\/\/www.meydan.tv\/wp-content\/uploads\/image_from_ios_2_p52ittc.original.original-scaled-e1682070233838-1200x543.jpg\" alt=\"Z\u0259rd\u00fc\u015ft \u018flizad\u0259\" class=\"wp-image-126823 lazyload\" style=\"--smush-placeholder-width: 1200px; --smush-placeholder-aspect-ratio: 1200\/543;width:443px;height:auto\" src=\"data:image\/svg+xml;base64,PHN2ZyB3aWR0aD0iMSIgaGVpZ2h0PSIxIiB4bWxucz0iaHR0cDovL3d3dy53My5vcmcvMjAwMC9zdmciPjwvc3ZnPg==\" \/><figcaption class=\"wp-element-caption\">Foto: Meydan TV<\/figcaption><\/figure>\n<\/div>\n\n\n<p>Parlamentl\u0259r\u0259 se\u00e7kil\u0259rd\u0259 m\u00fcxt\u0259lif insanlar\u0131n yar\u0131\u015fmas\u0131 son 200-300 ilin meyv\u0259sidir. \u018fvv\u0259ll\u0259r bel\u0259 meyv\u0259l\u0259r siyas\u0259t ba\u011f\u00e7as\u0131nda olmazm\u0131\u015f. B\u0259s n\u0259 olarm\u0131\u015f? Deyim, siz d\u0259 oxuyub bilin.<\/p>\n\n\n\n<p>G\u00f6t\u00fcr\u0259k, m\u0259s\u0259l\u0259n, d\u00fcnya parlamentarizminin be\u015fiyi say\u0131lan \u0130ngilt\u0259r\u0259ni. \u018flb\u0259tt\u0259, Az\u0259rbaycan \u0130ngilt\u0259r\u0259 deyil, lakin bizim hakim z\u00fcmr\u0259nin \u0130ngilt\u0259r\u0259y\u0259 sald\u0131\u011f\u0131 g\u00fccl\u00fc mehri n\u0259z\u0259r\u0259 alsaq, ondan yax\u015f\u0131s\u0131n\u0131 tapmaq \u00e7\u0259tindir. B\u0259li, g\u00f6t\u00fcr\u0259k bizim \u0130ngilt\u0259r\u0259ni.<br>\u0130ngilt\u0259r\u0259 n\u0259dir? Krall\u0131q. Bizim n\u0259yimiz \u0130ngilt\u0259r\u0259d\u0259n \u0259skikdir? M\u0259n t\u0259klif edir\u0259m biz d\u0259 \u0259halimiz\u0259 v\u0259 milli ad\u0259t-\u0259n\u0259n\u0259l\u0259rimiz\u0259 tam yad olan respublika qurulu\u015fundan imtina edib ke\u00e7\u0259k krall\u0131q, y\u0259ni \u015fahl\u0131q \u00fcsul-idar\u0259sin\u0259. \u018fmin\u0259m ki, indi bir d\u0259n\u0259 tam demokratik \u00fcmumxalq referendumu ke\u00e7irib bel\u0259 bir sual qoysaq ki, \u201cAz\u0259rbaycan\u0131n\u0131n d\u00f6vl\u0259t ba\u015f\u00e7\u0131s\u0131n\u0131n v\u0259zif\u0259sinin ad\u0131n\u0131 bundan sonra \u015fah\u0259n\u015fah qoyulmas\u0131na m\u00fcnasib\u0259tiniz nec\u0259dir: h\u0259, ya yox\u201d, \u0259hali ham\u0131l\u0131qla bu m\u0259rasimd\u0259 canla-ba\u015fla i\u015ftirak edib t\u0259xmin\u0259n 95% \u201ch\u0259\u201d dey\u0259r. \u015e\u00fcbh\u0259 yoxdur ki, birinci \u015fah\u0259n\u015fah\u0131n r\u0259smi ad\u0131 \u201cM\u00fcz\u0259ff\u0259r-\u0259d-Din \u015fah\u201d olacaq.<\/p>\n\n\n\n<p>Xub, prezident bizd\u0259 d\u00f6n\u00fcb olur \u015fah\u0259n\u015fah. Bundan hans\u0131 n\u0259tic\u0259 \u00e7\u0131x\u0131r? Az\u0259rbaycan Respublikas\u0131n\u0131n ad\u0131 d\u0259yi\u015fib olur \u201cAz\u0259rbaycan \u015eahl\u0131\u011f\u0131\u201d. \u00c7ox g\u00f6z\u0259l, \u00e7ox pakiz\u0259.<\/p>\n\n\n\n<p>Fikir verirsinizmi, d\u0259rin demokratik islahatlar \u00fc\u00e7\u00fcn nec\u0259 m\u00fcnbit z\u0259min yaran\u0131r? \u0130slahatlar t\u0259k taksil\u0259rin say\u0131 v\u0259 avtomobill\u0259rin istehsal ili il\u0259 kifay\u0259tl\u0259nmir, k\u00f6hn\u0259 elektrik say\u011faclar\u0131n\u0131n l\u0259\u011fvi v\u0259 onlar\u0131n yerin\u0259 elektron haqq-hesablar\u0131n z\u0259f\u0259r \u00e7almas\u0131 il\u0259 d\u0259 qurtarm\u0131r, islahat gedib \u00e7\u0131x\u0131r indiki \u0259ski, z\u0259man\u0259 v\u0259 yeni, in\u015fallah, \u015f\u0259raitl\u0259 ayaqla\u015fmayan siyasi qurumlar\u0131n t\u0259kmill\u0259\u015fdirilm\u0259sin\u0259 v\u0259 h\u0259tta d\u0259yi\u015fdirilm\u0259sin\u0259. B\u0259li, Milli M\u0259clisin ad\u0131 d\u0259yi\u015fdirilib qoyulur \u201cLordlar palatas\u0131\u201d, daha do\u011frusu, milli dill\u0259 des\u0259k, \u201cZad\u0259ganlar M\u0259clisi\u201d. T\u0259bii ki, bu Zad\u0259ganlar M\u0259clisin\u0259 se\u00e7kil\u0259r \u00fcmumxalq se\u00e7kisi il\u0259 deyil, \u015fah\u0259n\u015fah\u0131n a\u00e7\u0131q v\u0259 televiziyada canl\u0131 yay\u0131mda t\u0259nt\u0259n\u0259li elan edil\u0259n t\u0259yinat\u0131 il\u0259 h\u0259yata ke\u00e7irilir.<\/p>\n\n\n\n<p>Bu zaman bir m\u0259xluqun a\u011fl\u0131na bel\u0259 g\u0259lm\u0259z ki, etiraz edib soru\u015fsun: bu M\u0259clis\u0259 niy\u0259 m\u0259ni yox, filank\u0259si t\u0259yin etdil\u0259r? M\u0259g\u0259r zad\u0259gansan? Soru\u015fmazlarm\u0131 ki, \u201c\u0259g\u0259r zad\u0259gan deyils\u0259ns\u0259, s\u0259n bu Zad\u0259ganlar M\u0259clisind\u0259 n\u0259 q\u0259l\u0259t edirs\u0259n?\u201d.<\/p>\n\n\n\n<figure class=\"wp-block-pullquote\"><blockquote><p><strong>He\u00e7 bir Avropa t\u0259\u015fkilat\u0131 bizi t\u0259nqid edib Konstitusiyan\u0131n pozulmas\u0131ndan dan\u0131\u015fa bilm\u0259y\u0259c\u0259k, \u00e7\u00fcnki Konstitusiya \u00f6z\u00fc olmayacaq, t\u0259b\u0259\u0259nin Konstitusiya n\u0259yin\u0259 laz\u0131md\u0131r?<\/strong><\/p><\/blockquote><\/figure>\n\n\n\n<p>T\u0259bii ki, zad\u0259gan silkin\u0259 t\u0259yinat\u0131 da \u018flah\u0259zr\u0259t \u015eah\u0259n\u015fah h\u0259yata ke\u00e7irm\u0259lidir. \u018fvv\u0259l zad\u0259gan silkin\u0259 t\u0259yinat, sonra is\u0259 zad\u0259ganlar\u0131n aras\u0131ndan \u0259n \u00fcr\u0259y\u0259 yatanlar\u0131n Zad\u0259ganlar M\u0259clisin\u0259 sal\u0131nmas\u0131.<\/p>\n\n\n\n<p>\u018fmin\u0259m ki, indi c\u0259miyy\u0259td\u0259 t\u00fc\u011fyan ed\u0259n m\u0259nas\u0131z m\u00fcbahis\u0259l\u0259r\u0259 bird\u0259f\u0259lik son qoyulacaq. Ham\u0131n\u0131n fikri-zikri parlament\u0259 d\u00fc\u015fm\u0259y\u0259 deyil, d\u00f6vl\u0259t\u0259 xidm\u0259t\u0259, y\u0259ni \u015fah\u0259n\u015fah\u0131n xo\u015funa g\u0259lm\u0259y\u0259, ona yar\u0131nma\u011fa y\u00f6n\u0259l\u0259c\u0259k.<\/p>\n\n\n\n<p>\u018fhalinin ad\u0131 d\u0259yi\u015fib, t\u0259bii ki, r\u0259iyy\u0259t olacaq. V\u0259t\u0259nda\u015f olacaq \u201ct\u0259b\u0259\u0259\u201d v\u0259 bununla f\u0259xr ed\u0259c\u0259k. Hakimiyy\u0259t\u0259 \u0259rzi-halda yazacaqlar \u201cM\u0259n, \u018flah\u0259zr\u0259t \u015eah\u0259n\u015fah\u0131n sadiq t\u0259b\u0259\u0259si\u201d.<\/p>\n\n\n\n<p>\u018fmin\u0259m ki, milli tariximizin \u0259n\u0259n\u0259l\u0259rin\u0259 uy\u011fun olaraq sovetd\u0259n qalma 80-dan yuxar\u0131 rayonu l\u0259\u011fv edib, onlar\u0131n yerin\u0259 7 xanl\u0131\u011f\u0131 b\u0259rpa etm\u0259k laz\u0131md\u0131r. \u015eah\u0259n\u015fah \u00f6z\u00fc xanlar\u0131 t\u0259yin edir, \u00e7\u0131xar\u0131r v\u0259 d\u0259yi\u015fir. Qondarma \u201cicra hakimiyy\u0259ti ba\u015f\u00e7\u0131s\u0131\u201d ad\u0131 gedir \u201craykomun birinci katibi\u201dnin ard\u0131nca tarixin zibilliyin\u0259.<\/p>\n\n\n\n<p>\u0130slahatlar ild\u0131r\u0131m s\u00fcr\u0259til\u0259 gedir, Milli Ordu olur \u015eah\u0259n\u015fah Ordusu, polis n\u0259f\u0259rl\u0259ri olurlar \u015eah\u0259n\u015fah\u0131n naibl\u0259ri, Ba\u015f nazir olur S\u0259dri-\u018fz\u0259m, pul vahidinin ad\u0131 d\u0259yi\u015fib olur ya ax\u00e7a, ya dinar. T\u0259klif d\u0259ft\u0259ri a\u00e7\u0131qd\u0131r, yaz\u0131b d\u00f6vl\u0259ti \u00e7i\u00e7\u0259kl\u0259ndirin.<br>Beyn\u0259lxalq al\u0259md\u0259 Az\u0259rbaycan\u0131n h\u00f6rm\u0259ti qalxacaq k\u0259ll\u0259-\u00e7arxa, bizim d\u00f6vl\u0259t avtomatik gedib duracaq \u0130sve\u00e7, Norve\u00e7, Niderland, B\u00f6y\u00fck Britaniya, L\u00fcksemburq v\u0259 \u0130spaniya kimi krall\u0131qlarla bir s\u0131rada.<\/p>\n\n\n\n<p>He\u00e7 bir Avropa t\u0259\u015fkilat\u0131 bizi t\u0259nqid edib Konstitusiyan\u0131n pozulmas\u0131ndan dan\u0131\u015fa bilm\u0259y\u0259c\u0259k, \u00e7\u00fcnki Konstitusiya \u00f6z\u00fc olmayacaq, t\u0259b\u0259\u0259nin Konstitusiya n\u0259yin\u0259 laz\u0131md\u0131r?<\/p>\n\n\n\n<p>\u00dcmid edir\u0259m ki, r\u0259iyy\u0259t bu t\u0259klifi b\u0259y\u0259nib \u00f6z \u00fcr\u0259k s\u00f6zl\u0259rini \u0259lav\u0259 ets\u0259, siyasi h\u0259yat\u0131m\u0131zda milli falaqqa-\u00e7ubuq v\u0259 milli dar a\u011faclar\u0131 da yerini tutacaq.<br>\u018fmin\u0259m ki, ReAL Partiyas\u0131 qalsa, ad\u0131n\u0131 d\u0259yi\u015fm\u0259li olacaq, zira \u201cRespublika\u00e7\u0131 Alternativ\u201dd\u0259n d\u00f6vl\u0259t qurulu\u015funa qar\u015f\u0131 a\u015fkar qiyam qoxusu g\u0259l\u0259c\u0259k.<\/p>\n","protected":false},"excerpt":{"rendered":"<p>Z\u0259rd\u00fc\u015ft \u018flizad\u0259 T\u0259klif edir\u0259m respublika qurulu\u015fundan imtina edib ke\u00e7\u0259k \u015fahl\u0131q &#8230; <\/p>\n<p class=\"read-more-container\"><a title=\"M\u0259nas\u0131z m\u00fcbahis\u0259l\u0259r\u0259 son qoymaq \u00fc\u00e7\u00fcn\" class=\"read-more button\" href=\"https:\/\/www.meydan.tv\/az\/article\/menasiz-mubahiselere-son-qoymaq-ucun\/#more-314915\" aria-label=\"Read more about M\u0259nas\u0131z m\u00fcbahis\u0259l\u0259r\u0259 son qoymaq \u00fc\u00e7\u00fcn\">Davam\u0131<\/a><\/p>\n","protected":false},"author":8,"featured_media":314313,"comment_status":"closed","ping_status":"closed","sticky":false,"template":"","format":"standard","meta":{"_acf_changed":false,"_sitemap_exclude":false,"_sitemap_priority":"","_sitemap_frequency":"","footnotes":""},"categories":[57],"tags":[],"class_list":["post-314915","post","type-post","status-publish","format-standard","has-post-thumbnail","hentry","category-menim-fikrimce","infinite-scroll-item","generate-columns","tablet-grid-50","mobile-grid-100","grid-parent","grid-33","no-featured-image-padding"],"acf":[],"yoast_head":"<!-- This site is optimized with the Yoast SEO plugin v27.4 - https:\/\/yoast.com\/product\/yoast-seo-wordpress\/ -->\n<title>M\u0259nas\u0131z m\u00fcbahis\u0259l\u0259r\u0259 son qoymaq \u00fc\u00e7\u00fcn - MEYDAN.TV<\/title>\n<meta name=\"description\" content=\"Beyn\u0259lxalq al\u0259md\u0259 Az\u0259rbaycan\u0131n h\u00f6rm\u0259ti qalxacaq k\u0259ll\u0259-\u00e7arxa, bizim d\u00f6vl\u0259t avtomatik gedib duracaq \u0130sve\u00e7, Norve\u00e7, Niderland, B\u00f6y\u00fck Britaniya, L\u00fcksemburq v\u0259 \u0130spaniya kimi krall\u0131qlarla bir s\u0131rada.\" \/>\n<meta name=\"robots\" content=\"index, follow, max-snippet:-1, max-image-preview:large, max-video-preview:-1\" \/>\n<link rel=\"canonical\" href=\"https:\/\/www.meydan.tv\/az\/article\/menasiz-mubahiselere-son-qoymaq-ucun\/\" \/>\n<meta property=\"og:locale\" content=\"az_AZ\" \/>\n<meta property=\"og:type\" content=\"article\" \/>\n<meta property=\"og:title\" content=\"M\u0259nas\u0131z m\u00fcbahis\u0259l\u0259r\u0259 son qoymaq \u00fc\u00e7\u00fcn - MEYDAN.TV\" \/>\n<meta property=\"og:description\" content=\"Beyn\u0259lxalq al\u0259md\u0259 Az\u0259rbaycan\u0131n h\u00f6rm\u0259ti qalxacaq k\u0259ll\u0259-\u00e7arxa, bizim d\u00f6vl\u0259t avtomatik gedib duracaq \u0130sve\u00e7, Norve\u00e7, Niderland, B\u00f6y\u00fck Britaniya, L\u00fcksemburq v\u0259 \u0130spaniya kimi krall\u0131qlarla bir s\u0131rada.\" \/>\n<meta property=\"og:url\" content=\"https:\/\/www.meydan.tv\/az\/article\/menasiz-mubahiselere-son-qoymaq-ucun\/\" \/>\n<meta property=\"og:site_name\" content=\"MEYDAN.TV\" \/>\n<meta property=\"article:published_time\" content=\"2024-09-08T04:36:26+00:00\" \/>\n<meta property=\"article:modified_time\" content=\"2024-09-08T04:36:30+00:00\" \/>\n<meta property=\"og:image\" content=\"https:\/\/www.meydan.tv\/wp-content\/uploads\/457523792_1684903359060890_8434579058003198552_n.jpg\" \/>\n\t<meta property=\"og:image:width\" content=\"1200\" \/>\n\t<meta property=\"og:image:height\" content=\"900\" \/>\n\t<meta property=\"og:image:type\" content=\"image\/jpeg\" \/>\n<meta name=\"author\" content=\"elli\" \/>\n<meta name=\"twitter:card\" content=\"summary_large_image\" \/>\n<meta name=\"twitter:creator\" content=\"@elli\" \/>\n<script type=\"application\/ld+json\" class=\"yoast-schema-graph\">{\"@context\":\"https:\\\/\\\/schema.org\",\"@graph\":[{\"@type\":\"Article\",\"@id\":\"https:\\\/\\\/www.meydan.tv\\\/az\\\/article\\\/menasiz-mubahiselere-son-qoymaq-ucun\\\/#article\",\"isPartOf\":{\"@id\":\"https:\\\/\\\/www.meydan.tv\\\/az\\\/article\\\/menasiz-mubahiselere-son-qoymaq-ucun\\\/\"},\"author\":{\"name\":\"elli\",\"@id\":\"https:\\\/\\\/www.meydan.tv\\\/az\\\/#\\\/schema\\\/person\\\/9cdbecf90d17180ce1dfbd95b08dcf47\"},\"headline\":\"M\u0259nas\u0131z m\u00fcbahis\u0259l\u0259r\u0259 son qoymaq \u00fc\u00e7\u00fcn\",\"datePublished\":\"2024-09-08T04:36:26+00:00\",\"dateModified\":\"2024-09-08T04:36:30+00:00\",\"mainEntityOfPage\":{\"@id\":\"https:\\\/\\\/www.meydan.tv\\\/az\\\/article\\\/menasiz-mubahiselere-son-qoymaq-ucun\\\/\"},\"wordCount\":1244,\"publisher\":{\"@id\":\"https:\\\/\\\/www.meydan.tv\\\/az\\\/#organization\"},\"image\":{\"@id\":\"https:\\\/\\\/www.meydan.tv\\\/az\\\/article\\\/menasiz-mubahiselere-son-qoymaq-ucun\\\/#primaryimage\"},\"thumbnailUrl\":\"https:\\\/\\\/www.meydan.tv\\\/wp-content\\\/uploads\\\/457523792_1684903359060890_8434579058003198552_n.jpg\",\"articleSection\":[\"M\u0259nim Fikrimc\u0259\"],\"inLanguage\":\"az\"},{\"@type\":\"WebPage\",\"@id\":\"https:\\\/\\\/www.meydan.tv\\\/az\\\/article\\\/menasiz-mubahiselere-son-qoymaq-ucun\\\/\",\"url\":\"https:\\\/\\\/www.meydan.tv\\\/az\\\/article\\\/menasiz-mubahiselere-son-qoymaq-ucun\\\/\",\"name\":\"M\u0259nas\u0131z m\u00fcbahis\u0259l\u0259r\u0259 son qoymaq \u00fc\u00e7\u00fcn - MEYDAN.TV\",\"isPartOf\":{\"@id\":\"https:\\\/\\\/www.meydan.tv\\\/az\\\/#website\"},\"primaryImageOfPage\":{\"@id\":\"https:\\\/\\\/www.meydan.tv\\\/az\\\/article\\\/menasiz-mubahiselere-son-qoymaq-ucun\\\/#primaryimage\"},\"image\":{\"@id\":\"https:\\\/\\\/www.meydan.tv\\\/az\\\/article\\\/menasiz-mubahiselere-son-qoymaq-ucun\\\/#primaryimage\"},\"thumbnailUrl\":\"https:\\\/\\\/www.meydan.tv\\\/wp-content\\\/uploads\\\/457523792_1684903359060890_8434579058003198552_n.jpg\",\"datePublished\":\"2024-09-08T04:36:26+00:00\",\"dateModified\":\"2024-09-08T04:36:30+00:00\",\"description\":\"Beyn\u0259lxalq al\u0259md\u0259 Az\u0259rbaycan\u0131n h\u00f6rm\u0259ti qalxacaq k\u0259ll\u0259-\u00e7arxa, bizim d\u00f6vl\u0259t avtomatik gedib duracaq \u0130sve\u00e7, Norve\u00e7, Niderland, B\u00f6y\u00fck Britaniya, L\u00fcksemburq v\u0259 \u0130spaniya kimi krall\u0131qlarla bir s\u0131rada.\",\"breadcrumb\":{\"@id\":\"https:\\\/\\\/www.meydan.tv\\\/az\\\/article\\\/menasiz-mubahiselere-son-qoymaq-ucun\\\/#breadcrumb\"},\"inLanguage\":\"az\",\"potentialAction\":[{\"@type\":\"ReadAction\",\"target\":[\"https:\\\/\\\/www.meydan.tv\\\/az\\\/article\\\/menasiz-mubahiselere-son-qoymaq-ucun\\\/\"]}]},{\"@type\":\"ImageObject\",\"inLanguage\":\"az\",\"@id\":\"https:\\\/\\\/www.meydan.tv\\\/az\\\/article\\\/menasiz-mubahiselere-son-qoymaq-ucun\\\/#primaryimage\",\"url\":\"https:\\\/\\\/www.meydan.tv\\\/wp-content\\\/uploads\\\/457523792_1684903359060890_8434579058003198552_n.jpg\",\"contentUrl\":\"https:\\\/\\\/www.meydan.tv\\\/wp-content\\\/uploads\\\/457523792_1684903359060890_8434579058003198552_n.jpg\",\"width\":1200,\"height\":900,\"caption\":\"70 sayl\u0131 Neft\u00e7ala se\u00e7ki dair\u0259sinin 43 sayl\u0131 m\u0259nt\u0259q\u0259si. Foto: V\u0259fa Na\u011f\u0131\"},{\"@type\":\"BreadcrumbList\",\"@id\":\"https:\\\/\\\/www.meydan.tv\\\/az\\\/article\\\/menasiz-mubahiselere-son-qoymaq-ucun\\\/#breadcrumb\",\"itemListElement\":[{\"@type\":\"ListItem\",\"position\":1,\"name\":\"Ana s\u0259hif\u0259\",\"item\":\"https:\\\/\\\/www.meydan.tv\\\/az\\\/\"},{\"@type\":\"ListItem\",\"position\":2,\"name\":\"M\u0259nim Fikrimc\u0259\",\"item\":\"https:\\\/\\\/www.meydan.tv\\\/az\\\/section\\\/menim-fikrimce\\\/\"},{\"@type\":\"ListItem\",\"position\":3,\"name\":\"M\u0259nas\u0131z m\u00fcbahis\u0259l\u0259r\u0259 son qoymaq \u00fc\u00e7\u00fcn\"}]},{\"@type\":\"WebSite\",\"@id\":\"https:\\\/\\\/www.meydan.tv\\\/az\\\/#website\",\"url\":\"https:\\\/\\\/www.meydan.tv\\\/az\\\/\",\"name\":\"MEYDAN.TV\",\"description\":\"Meydan TV Az\u0259rbaycan\u0131n media m\u0259kan\u0131ndak\u0131 alternativ s\u0259sidir\",\"publisher\":{\"@id\":\"https:\\\/\\\/www.meydan.tv\\\/az\\\/#organization\"},\"potentialAction\":[{\"@type\":\"SearchAction\",\"target\":{\"@type\":\"EntryPoint\",\"urlTemplate\":\"https:\\\/\\\/www.meydan.tv\\\/az\\\/?s={search_term_string}\"},\"query-input\":{\"@type\":\"PropertyValueSpecification\",\"valueRequired\":true,\"valueName\":\"search_term_string\"}}],\"inLanguage\":\"az\"},{\"@type\":\"Organization\",\"@id\":\"https:\\\/\\\/www.meydan.tv\\\/az\\\/#organization\",\"name\":\"Meydan TV\",\"url\":\"https:\\\/\\\/www.meydan.tv\\\/az\\\/\",\"logo\":{\"@type\":\"ImageObject\",\"inLanguage\":\"az\",\"@id\":\"https:\\\/\\\/www.meydan.tv\\\/az\\\/#\\\/schema\\\/logo\\\/image\\\/\",\"url\":\"https:\\\/\\\/www.meydan.tv\\\/wp-content\\\/uploads\\\/2021\\\/07\\\/meydan-logo.svg\",\"contentUrl\":\"https:\\\/\\\/www.meydan.tv\\\/wp-content\\\/uploads\\\/2021\\\/07\\\/meydan-logo.svg\",\"width\":195,\"height\":46,\"caption\":\"Meydan TV\"},\"image\":{\"@id\":\"https:\\\/\\\/www.meydan.tv\\\/az\\\/#\\\/schema\\\/logo\\\/image\\\/\"}},{\"@type\":\"Person\",\"@id\":\"https:\\\/\\\/www.meydan.tv\\\/az\\\/#\\\/schema\\\/person\\\/9cdbecf90d17180ce1dfbd95b08dcf47\",\"name\":\"elli\",\"sameAs\":[\"https:\\\/\\\/x.com\\\/elli\"]}]}<\/script>\n<!-- \/ Yoast SEO plugin. -->","yoast_head_json":{"title":"M\u0259nas\u0131z m\u00fcbahis\u0259l\u0259r\u0259 son qoymaq \u00fc\u00e7\u00fcn - MEYDAN.TV","description":"Beyn\u0259lxalq al\u0259md\u0259 Az\u0259rbaycan\u0131n h\u00f6rm\u0259ti qalxacaq k\u0259ll\u0259-\u00e7arxa, bizim d\u00f6vl\u0259t avtomatik gedib duracaq \u0130sve\u00e7, Norve\u00e7, Niderland, B\u00f6y\u00fck Britaniya, L\u00fcksemburq v\u0259 \u0130spaniya kimi krall\u0131qlarla bir s\u0131rada.","robots":{"index":"index","follow":"follow","max-snippet":"max-snippet:-1","max-image-preview":"max-image-preview:large","max-video-preview":"max-video-preview:-1"},"canonical":"https:\/\/www.meydan.tv\/az\/article\/menasiz-mubahiselere-son-qoymaq-ucun\/","og_locale":"az_AZ","og_type":"article","og_title":"M\u0259nas\u0131z m\u00fcbahis\u0259l\u0259r\u0259 son qoymaq \u00fc\u00e7\u00fcn - MEYDAN.TV","og_description":"Beyn\u0259lxalq al\u0259md\u0259 Az\u0259rbaycan\u0131n h\u00f6rm\u0259ti qalxacaq k\u0259ll\u0259-\u00e7arxa, bizim d\u00f6vl\u0259t avtomatik gedib duracaq \u0130sve\u00e7, Norve\u00e7, Niderland, B\u00f6y\u00fck Britaniya, L\u00fcksemburq v\u0259 \u0130spaniya kimi krall\u0131qlarla bir s\u0131rada.","og_url":"https:\/\/www.meydan.tv\/az\/article\/menasiz-mubahiselere-son-qoymaq-ucun\/","og_site_name":"MEYDAN.TV","article_published_time":"2024-09-08T04:36:26+00:00","article_modified_time":"2024-09-08T04:36:30+00:00","og_image":[{"width":1200,"height":900,"url":"https:\/\/www.meydan.tv\/wp-content\/uploads\/457523792_1684903359060890_8434579058003198552_n.jpg","type":"image\/jpeg"}],"author":"elli","twitter_card":"summary_large_image","twitter_creator":"@elli","schema":{"@context":"https:\/\/schema.org","@graph":[{"@type":"Article","@id":"https:\/\/www.meydan.tv\/az\/article\/menasiz-mubahiselere-son-qoymaq-ucun\/#article","isPartOf":{"@id":"https:\/\/www.meydan.tv\/az\/article\/menasiz-mubahiselere-son-qoymaq-ucun\/"},"author":{"name":"elli","@id":"https:\/\/www.meydan.tv\/az\/#\/schema\/person\/9cdbecf90d17180ce1dfbd95b08dcf47"},"headline":"M\u0259nas\u0131z m\u00fcbahis\u0259l\u0259r\u0259 son qoymaq \u00fc\u00e7\u00fcn","datePublished":"2024-09-08T04:36:26+00:00","dateModified":"2024-09-08T04:36:30+00:00","mainEntityOfPage":{"@id":"https:\/\/www.meydan.tv\/az\/article\/menasiz-mubahiselere-son-qoymaq-ucun\/"},"wordCount":1244,"publisher":{"@id":"https:\/\/www.meydan.tv\/az\/#organization"},"image":{"@id":"https:\/\/www.meydan.tv\/az\/article\/menasiz-mubahiselere-son-qoymaq-ucun\/#primaryimage"},"thumbnailUrl":"https:\/\/www.meydan.tv\/wp-content\/uploads\/457523792_1684903359060890_8434579058003198552_n.jpg","articleSection":["M\u0259nim Fikrimc\u0259"],"inLanguage":"az"},{"@type":"WebPage","@id":"https:\/\/www.meydan.tv\/az\/article\/menasiz-mubahiselere-son-qoymaq-ucun\/","url":"https:\/\/www.meydan.tv\/az\/article\/menasiz-mubahiselere-son-qoymaq-ucun\/","name":"M\u0259nas\u0131z m\u00fcbahis\u0259l\u0259r\u0259 son qoymaq \u00fc\u00e7\u00fcn - MEYDAN.TV","isPartOf":{"@id":"https:\/\/www.meydan.tv\/az\/#website"},"primaryImageOfPage":{"@id":"https:\/\/www.meydan.tv\/az\/article\/menasiz-mubahiselere-son-qoymaq-ucun\/#primaryimage"},"image":{"@id":"https:\/\/www.meydan.tv\/az\/article\/menasiz-mubahiselere-son-qoymaq-ucun\/#primaryimage"},"thumbnailUrl":"https:\/\/www.meydan.tv\/wp-content\/uploads\/457523792_1684903359060890_8434579058003198552_n.jpg","datePublished":"2024-09-08T04:36:26+00:00","dateModified":"2024-09-08T04:36:30+00:00","description":"Beyn\u0259lxalq al\u0259md\u0259 Az\u0259rbaycan\u0131n h\u00f6rm\u0259ti qalxacaq k\u0259ll\u0259-\u00e7arxa, bizim d\u00f6vl\u0259t avtomatik gedib duracaq \u0130sve\u00e7, Norve\u00e7, Niderland, B\u00f6y\u00fck Britaniya, L\u00fcksemburq v\u0259 \u0130spaniya kimi krall\u0131qlarla bir s\u0131rada.","breadcrumb":{"@id":"https:\/\/www.meydan.tv\/az\/article\/menasiz-mubahiselere-son-qoymaq-ucun\/#breadcrumb"},"inLanguage":"az","potentialAction":[{"@type":"ReadAction","target":["https:\/\/www.meydan.tv\/az\/article\/menasiz-mubahiselere-son-qoymaq-ucun\/"]}]},{"@type":"ImageObject","inLanguage":"az","@id":"https:\/\/www.meydan.tv\/az\/article\/menasiz-mubahiselere-son-qoymaq-ucun\/#primaryimage","url":"https:\/\/www.meydan.tv\/wp-content\/uploads\/457523792_1684903359060890_8434579058003198552_n.jpg","contentUrl":"https:\/\/www.meydan.tv\/wp-content\/uploads\/457523792_1684903359060890_8434579058003198552_n.jpg","width":1200,"height":900,"caption":"70 sayl\u0131 Neft\u00e7ala se\u00e7ki dair\u0259sinin 43 sayl\u0131 m\u0259nt\u0259q\u0259si. Foto: V\u0259fa Na\u011f\u0131"},{"@type":"BreadcrumbList","@id":"https:\/\/www.meydan.tv\/az\/article\/menasiz-mubahiselere-son-qoymaq-ucun\/#breadcrumb","itemListElement":[{"@type":"ListItem","position":1,"name":"Ana s\u0259hif\u0259","item":"https:\/\/www.meydan.tv\/az\/"},{"@type":"ListItem","position":2,"name":"M\u0259nim Fikrimc\u0259","item":"https:\/\/www.meydan.tv\/az\/section\/menim-fikrimce\/"},{"@type":"ListItem","position":3,"name":"M\u0259nas\u0131z m\u00fcbahis\u0259l\u0259r\u0259 son qoymaq \u00fc\u00e7\u00fcn"}]},{"@type":"WebSite","@id":"https:\/\/www.meydan.tv\/az\/#website","url":"https:\/\/www.meydan.tv\/az\/","name":"MEYDAN.TV","description":"Meydan TV Az\u0259rbaycan\u0131n media m\u0259kan\u0131ndak\u0131 alternativ s\u0259sidir","publisher":{"@id":"https:\/\/www.meydan.tv\/az\/#organization"},"potentialAction":[{"@type":"SearchAction","target":{"@type":"EntryPoint","urlTemplate":"https:\/\/www.meydan.tv\/az\/?s={search_term_string}"},"query-input":{"@type":"PropertyValueSpecification","valueRequired":true,"valueName":"search_term_string"}}],"inLanguage":"az"},{"@type":"Organization","@id":"https:\/\/www.meydan.tv\/az\/#organization","name":"Meydan TV","url":"https:\/\/www.meydan.tv\/az\/","logo":{"@type":"ImageObject","inLanguage":"az","@id":"https:\/\/www.meydan.tv\/az\/#\/schema\/logo\/image\/","url":"https:\/\/www.meydan.tv\/wp-content\/uploads\/2021\/07\/meydan-logo.svg","contentUrl":"https:\/\/www.meydan.tv\/wp-content\/uploads\/2021\/07\/meydan-logo.svg","width":195,"height":46,"caption":"Meydan TV"},"image":{"@id":"https:\/\/www.meydan.tv\/az\/#\/schema\/logo\/image\/"}},{"@type":"Person","@id":"https:\/\/www.meydan.tv\/az\/#\/schema\/person\/9cdbecf90d17180ce1dfbd95b08dcf47","name":"elli","sameAs":["https:\/\/x.com\/elli"]}]}},"_links":{"self":[{"href":"https:\/\/www.meydan.tv\/az\/wp-json\/wp\/v2\/posts\/314915","targetHints":{"allow":["GET"]}}],"collection":[{"href":"https:\/\/www.meydan.tv\/az\/wp-json\/wp\/v2\/posts"}],"about":[{"href":"https:\/\/www.meydan.tv\/az\/wp-json\/wp\/v2\/types\/post"}],"author":[{"embeddable":true,"href":"https:\/\/www.meydan.tv\/az\/wp-json\/wp\/v2\/users\/8"}],"replies":[{"embeddable":true,"href":"https:\/\/www.meydan.tv\/az\/wp-json\/wp\/v2\/comments?post=314915"}],"version-history":[{"count":1,"href":"https:\/\/www.meydan.tv\/az\/wp-json\/wp\/v2\/posts\/314915\/revisions"}],"predecessor-version":[{"id":314916,"href":"https:\/\/www.meydan.tv\/az\/wp-json\/wp\/v2\/posts\/314915\/revisions\/314916"}],"wp:featuredmedia":[{"embeddable":true,"href":"https:\/\/www.meydan.tv\/az\/wp-json\/wp\/v2\/media\/314313"}],"wp:attachment":[{"href":"https:\/\/www.meydan.tv\/az\/wp-json\/wp\/v2\/media?parent=314915"}],"wp:term":[{"taxonomy":"category","embeddable":true,"href":"https:\/\/www.meydan.tv\/az\/wp-json\/wp\/v2\/categories?post=314915"},{"taxonomy":"post_tag","embeddable":true,"href":"https:\/\/www.meydan.tv\/az\/wp-json\/wp\/v2\/tags?post=314915"}],"curies":[{"name":"wp","href":"https:\/\/api.w.org\/{rel}","templated":true}]}}