{"id":314856,"date":"2024-09-06T18:14:29","date_gmt":"2024-09-06T14:14:29","guid":{"rendered":"https:\/\/www.meydan.tv\/?p=314856"},"modified":"2024-09-06T18:14:31","modified_gmt":"2024-09-06T14:14:31","slug":"eli-insanovun-mehkumlugu-vaxtindan-evvel-goturulub","status":"publish","type":"post","link":"https:\/\/www.meydan.tv\/az\/article\/eli-insanovun-mehkumlugu-vaxtindan-evvel-goturulub\/","title":{"rendered":"\u018fli \u0130nsanovun m\u0259hkumlu\u011fu vaxt\u0131ndan \u0259vv\u0259l g\u00f6t\u00fcr\u00fcl\u00fcb"},"content":{"rendered":"\n<p class=\"wp-block-paragraph\"><\/p>\n\n\n\n<p class=\"wp-block-paragraph\"><em><strong>M\u0259hk\u0259m\u0259 4 aydan sonra q\u0259rar\u0131n\u0131 elan edib<\/strong><\/em><\/p>\n\n\n\n<p class=\"wp-block-paragraph\">Ke\u00e7mi\u015f s\u0259hiyy\u0259 naziri, Haqq \u018fdal\u0259t Partiyas\u0131n\u0131n s\u0259dri (H\u018fP) \u018fli \u0130nsanovun \u00fcz\u0259rind\u0259ki m\u0259hkumluq vaxt\u0131ndan \u0259vv\u0259l g\u00f6t\u00fcr\u00fcl\u00fcb. Onun bu bar\u0259d\u0259 Bin\u0259q\u0259di Rayon M\u0259hk\u0259m\u0259sin\u0259 m\u00fcraci\u0259tin\u0259 m\u00fcsb\u0259t cavab verilib.<\/p>\n\n\n\n<p class=\"wp-block-paragraph\">Sabiq nazirin \u0259riz\u0259sin\u0259 4 ay \u0259rzind\u0259 bax\u0131l\u0131b v\u0259 sentyabr\u0131n 6-da m\u00fcsb\u0259t cavab veril\u0259r\u0259k, m\u0259hkumlu\u011fun vaxt\u0131ndan \u0259vv\u0259l g\u00f6t\u00fcr\u00fclm\u0259sin\u0259 q\u0259rar verilib.<\/p>\n\n\n\n<p class=\"wp-block-paragraph\">\u018fli \u0130nsanov 2005-ci illin oktyabr\u0131nda h\u0259bs olunub. O,&nbsp; 11 il azadl\u0131qdan m\u0259hrum edilib. <\/p>\n\n\n\n<p class=\"wp-block-paragraph\">C\u0259zas\u0131n\u0131n bitm\u0259sin\u0259 az qalm\u0131\u015f &#8211; 2016-c\u0131 ild\u0259 ona qar\u015f\u0131 yeni ittihamlar ir\u0259li s\u00fcr\u00fcl\u00fcb v\u0259 qalan c\u0259zas\u0131 da n\u0259z\u0259r\u0259 al\u0131nmaqla, yenid\u0259n 7 il 5 ay azadl\u0131qdan m\u0259hrum edilib.<\/p>\n\n\n\n<p class=\"wp-block-paragraph\">\u018fli \u0130nsanov 2019-cu ild\u0259 Prezident \u0130lham \u018fliyevin imzalad\u0131\u011f\u0131 \u0259fv s\u0259r\u0259ncam\u0131 il\u0259 azadl\u0131\u011fa burax\u0131l\u0131b.<\/p>\n\n\n\n<p class=\"wp-block-paragraph\">O, h\u0259bsd\u0259 oldu\u011fu d\u00f6vrd\u0259 Az\u0259rbaycandak\u0131 idar\u0259\u00e7iliyi v\u0259 \u015f\u0259xs\u0259n Prezidenti s\u0259rt t\u0259nqid ets\u0259 d\u0259, h\u0259bsd\u0259n burax\u0131landan bir m\u00fcdd\u0259t sonra \u018fliyevi d\u0259st\u0259kl\u0259diyini b\u0259yan edib.<\/p>\n","protected":false},"excerpt":{"rendered":"<p>M\u0259hk\u0259m\u0259 4 aydan sonra q\u0259rar\u0131n\u0131 elan edib Ke\u00e7mi\u015f s\u0259hiyy\u0259 naziri, &#8230; <\/p>\n<p class=\"read-more-container\"><a title=\"\u018fli \u0130nsanovun m\u0259hkumlu\u011fu vaxt\u0131ndan \u0259vv\u0259l g\u00f6t\u00fcr\u00fcl\u00fcb\" class=\"read-more button\" href=\"https:\/\/www.meydan.tv\/az\/article\/eli-insanovun-mehkumlugu-vaxtindan-evvel-goturulub\/#more-314856\" aria-label=\"Read more about \u018fli \u0130nsanovun m\u0259hkumlu\u011fu vaxt\u0131ndan \u0259vv\u0259l g\u00f6t\u00fcr\u00fcl\u00fcb\">Davam\u0131<\/a><\/p>\n","protected":false},"author":8,"featured_media":128394,"comment_status":"closed","ping_status":"closed","sticky":false,"template":"","format":"standard","meta":{"_acf_changed":false,"_sitemap_exclude":false,"_sitemap_priority":"","_sitemap_frequency":"","footnotes":""},"categories":[59,56],"tags":[],"class_list":["post-314856","post","type-post","status-publish","format-standard","has-post-thumbnail","hentry","category-siyaset","category-xeberler","infinite-scroll-item","generate-columns","tablet-grid-50","mobile-grid-100","grid-parent","grid-33","no-featured-image-padding"],"acf":[],"yoast_head":"<!-- This site is optimized with the Yoast SEO plugin v28.4 - https:\/\/yoast.com\/product\/yoast-seo-wordpress\/ -->\n<title>\u018fli \u0130nsanovun m\u0259hkumlu\u011fu vaxt\u0131ndan \u0259vv\u0259l g\u00f6t\u00fcr\u00fcl\u00fcb - MEYDAN.TV<\/title>\n<meta name=\"description\" content=\"Onun bu bar\u0259d\u0259 Bin\u0259q\u0259di Rayon M\u0259hk\u0259m\u0259sin\u0259 m\u00fcraci\u0259tin\u0259 m\u00fcsb\u0259t cavab verilib.\" \/>\n<meta name=\"robots\" content=\"index, follow, max-snippet:-1, max-image-preview:large, max-video-preview:-1\" \/>\n<link rel=\"canonical\" href=\"https:\/\/www.meydan.tv\/az\/article\/eli-insanovun-mehkumlugu-vaxtindan-evvel-goturulub\/\" \/>\n<meta property=\"og:locale\" content=\"az_AZ\" \/>\n<meta property=\"og:type\" content=\"article\" \/>\n<meta property=\"og:title\" content=\"\u018fli \u0130nsanovun m\u0259hkumlu\u011fu vaxt\u0131ndan \u0259vv\u0259l g\u00f6t\u00fcr\u00fcl\u00fcb - MEYDAN.TV\" \/>\n<meta property=\"og:description\" content=\"Onun bu bar\u0259d\u0259 Bin\u0259q\u0259di Rayon M\u0259hk\u0259m\u0259sin\u0259 m\u00fcraci\u0259tin\u0259 m\u00fcsb\u0259t cavab verilib.\" \/>\n<meta property=\"og:url\" content=\"https:\/\/www.meydan.tv\/az\/article\/eli-insanovun-mehkumlugu-vaxtindan-evvel-goturulub\/\" \/>\n<meta property=\"og:site_name\" content=\"MEYDAN.TV\" \/>\n<meta property=\"article:published_time\" content=\"2024-09-06T14:14:29+00:00\" \/>\n<meta property=\"article:modified_time\" content=\"2024-09-06T14:14:31+00:00\" \/>\n<meta property=\"og:image\" content=\"https:\/\/www.meydan.tv\/wp-content\/uploads\/untitled_design_72-e1639567579168.jpg\" \/>\n\t<meta property=\"og:image:width\" content=\"1280\" \/>\n\t<meta property=\"og:image:height\" content=\"636\" \/>\n\t<meta property=\"og:image:type\" content=\"image\/jpeg\" \/>\n<meta name=\"twitter:card\" content=\"summary_large_image\" \/>\n<meta name=\"twitter:creator\" content=\"@elli\" \/>\n<!-- \/ Yoast SEO plugin. -->","yoast_head_json":{"title":"\u018fli \u0130nsanovun m\u0259hkumlu\u011fu vaxt\u0131ndan \u0259vv\u0259l g\u00f6t\u00fcr\u00fcl\u00fcb - MEYDAN.TV","description":"Onun bu bar\u0259d\u0259 Bin\u0259q\u0259di Rayon M\u0259hk\u0259m\u0259sin\u0259 m\u00fcraci\u0259tin\u0259 m\u00fcsb\u0259t cavab verilib.","robots":{"index":"index","follow":"follow","max-snippet":"max-snippet:-1","max-image-preview":"max-image-preview:large","max-video-preview":"max-video-preview:-1"},"canonical":"https:\/\/www.meydan.tv\/az\/article\/eli-insanovun-mehkumlugu-vaxtindan-evvel-goturulub\/","og_locale":"az_AZ","og_type":"article","og_title":"\u018fli \u0130nsanovun m\u0259hkumlu\u011fu vaxt\u0131ndan \u0259vv\u0259l g\u00f6t\u00fcr\u00fcl\u00fcb - MEYDAN.TV","og_description":"Onun bu bar\u0259d\u0259 Bin\u0259q\u0259di Rayon M\u0259hk\u0259m\u0259sin\u0259 m\u00fcraci\u0259tin\u0259 m\u00fcsb\u0259t cavab verilib.","og_url":"https:\/\/www.meydan.tv\/az\/article\/eli-insanovun-mehkumlugu-vaxtindan-evvel-goturulub\/","og_site_name":"MEYDAN.TV","article_published_time":"2024-09-06T14:14:29+00:00","article_modified_time":"2024-09-06T14:14:31+00:00","og_image":[{"width":1280,"height":636,"url":"https:\/\/www.meydan.tv\/wp-content\/uploads\/untitled_design_72-e1639567579168.jpg","type":"image\/jpeg"}],"twitter_card":"summary_large_image","twitter_creator":"@elli","schema":{"@context":"https:\/\/schema.org","@graph":[{"@type":"Article","@id":"https:\/\/www.meydan.tv\/az\/article\/eli-insanovun-mehkumlugu-vaxtindan-evvel-goturulub\/#article","isPartOf":{"@id":"https:\/\/www.meydan.tv\/az\/article\/eli-insanovun-mehkumlugu-vaxtindan-evvel-goturulub\/"},"author":{"name":"elli","@id":"https:\/\/www.meydan.tv\/az\/#\/schema\/person\/9cdbecf90d17180ce1dfbd95b08dcf47"},"headline":"\u018fli \u0130nsanovun m\u0259hkumlu\u011fu vaxt\u0131ndan \u0259vv\u0259l g\u00f6t\u00fcr\u00fcl\u00fcb","datePublished":"2024-09-06T14:14:29+00:00","dateModified":"2024-09-06T14:14:31+00:00","mainEntityOfPage":{"@id":"https:\/\/www.meydan.tv\/az\/article\/eli-insanovun-mehkumlugu-vaxtindan-evvel-goturulub\/"},"wordCount":224,"publisher":{"@id":"https:\/\/www.meydan.tv\/az\/#organization"},"image":{"@id":"https:\/\/www.meydan.tv\/az\/article\/eli-insanovun-mehkumlugu-vaxtindan-evvel-goturulub\/#primaryimage"},"thumbnailUrl":"https:\/\/www.meydan.tv\/wp-content\/uploads\/untitled_design_72-e1639567579168.jpg","articleSection":["Siyas\u0259t","X\u0259b\u0259rl\u0259r"],"inLanguage":"az"},{"@type":"WebPage","@id":"https:\/\/www.meydan.tv\/az\/article\/eli-insanovun-mehkumlugu-vaxtindan-evvel-goturulub\/","url":"https:\/\/www.meydan.tv\/az\/article\/eli-insanovun-mehkumlugu-vaxtindan-evvel-goturulub\/","name":"\u018fli \u0130nsanovun m\u0259hkumlu\u011fu vaxt\u0131ndan \u0259vv\u0259l g\u00f6t\u00fcr\u00fcl\u00fcb - MEYDAN.TV","isPartOf":{"@id":"https:\/\/www.meydan.tv\/az\/#website"},"primaryImageOfPage":{"@id":"https:\/\/www.meydan.tv\/az\/article\/eli-insanovun-mehkumlugu-vaxtindan-evvel-goturulub\/#primaryimage"},"image":{"@id":"https:\/\/www.meydan.tv\/az\/article\/eli-insanovun-mehkumlugu-vaxtindan-evvel-goturulub\/#primaryimage"},"thumbnailUrl":"https:\/\/www.meydan.tv\/wp-content\/uploads\/untitled_design_72-e1639567579168.jpg","datePublished":"2024-09-06T14:14:29+00:00","dateModified":"2024-09-06T14:14:31+00:00","description":"Onun bu bar\u0259d\u0259 Bin\u0259q\u0259di Rayon M\u0259hk\u0259m\u0259sin\u0259 m\u00fcraci\u0259tin\u0259 m\u00fcsb\u0259t cavab verilib.","breadcrumb":{"@id":"https:\/\/www.meydan.tv\/az\/article\/eli-insanovun-mehkumlugu-vaxtindan-evvel-goturulub\/#breadcrumb"},"inLanguage":"az","potentialAction":[{"@type":"ReadAction","target":["https:\/\/www.meydan.tv\/az\/article\/eli-insanovun-mehkumlugu-vaxtindan-evvel-goturulub\/"]}]},{"@type":"ImageObject","inLanguage":"az","@id":"https:\/\/www.meydan.tv\/az\/article\/eli-insanovun-mehkumlugu-vaxtindan-evvel-goturulub\/#primaryimage","url":"https:\/\/www.meydan.tv\/wp-content\/uploads\/untitled_design_72-e1639567579168.jpg","contentUrl":"https:\/\/www.meydan.tv\/wp-content\/uploads\/untitled_design_72-e1639567579168.jpg","width":1280,"height":636,"caption":"Foto: Meydan TV"},{"@type":"BreadcrumbList","@id":"https:\/\/www.meydan.tv\/az\/article\/eli-insanovun-mehkumlugu-vaxtindan-evvel-goturulub\/#breadcrumb","itemListElement":[{"@type":"ListItem","position":1,"name":"Ana s\u0259hif\u0259","item":"https:\/\/www.meydan.tv\/az\/"},{"@type":"ListItem","position":2,"name":"Siyas\u0259t","item":"https:\/\/www.meydan.tv\/az\/section\/siyaset\/"},{"@type":"ListItem","position":3,"name":"\u018fli \u0130nsanovun m\u0259hkumlu\u011fu vaxt\u0131ndan \u0259vv\u0259l g\u00f6t\u00fcr\u00fcl\u00fcb"}]},{"@type":"WebSite","@id":"https:\/\/www.meydan.tv\/az\/#website","url":"https:\/\/www.meydan.tv\/az\/","name":"MEYDAN.TV","description":"Meydan TV Az\u0259rbaycan\u0131n media m\u0259kan\u0131ndak\u0131 alternativ s\u0259sidir","publisher":{"@id":"https:\/\/www.meydan.tv\/az\/#organization"},"potentialAction":[{"@type":"SearchAction","target":{"@type":"EntryPoint","urlTemplate":"https:\/\/www.meydan.tv\/az\/?s={search_term_string}"},"query-input":{"@type":"PropertyValueSpecification","valueRequired":true,"valueName":"search_term_string"}}],"inLanguage":"az"},{"@type":"Organization","@id":"https:\/\/www.meydan.tv\/az\/#organization","name":"Meydan TV","url":"https:\/\/www.meydan.tv\/az\/","logo":{"@type":"ImageObject","inLanguage":"az","@id":"https:\/\/www.meydan.tv\/az\/#\/schema\/logo\/image\/","url":"https:\/\/www.meydan.tv\/wp-content\/uploads\/2021\/07\/meydan-logo.svg","contentUrl":"https:\/\/www.meydan.tv\/wp-content\/uploads\/2021\/07\/meydan-logo.svg","width":195,"height":46,"caption":"Meydan TV"},"image":{"@id":"https:\/\/www.meydan.tv\/az\/#\/schema\/logo\/image\/"}},{"@type":"Person","@id":"https:\/\/www.meydan.tv\/az\/#\/schema\/person\/9cdbecf90d17180ce1dfbd95b08dcf47","name":"elli","sameAs":["https:\/\/x.com\/elli"]}]}},"_links":{"self":[{"href":"https:\/\/www.meydan.tv\/az\/wp-json\/wp\/v2\/posts\/314856","targetHints":{"allow":["GET"]}}],"collection":[{"href":"https:\/\/www.meydan.tv\/az\/wp-json\/wp\/v2\/posts"}],"about":[{"href":"https:\/\/www.meydan.tv\/az\/wp-json\/wp\/v2\/types\/post"}],"author":[{"embeddable":true,"href":"https:\/\/www.meydan.tv\/az\/wp-json\/wp\/v2\/users\/8"}],"replies":[{"embeddable":true,"href":"https:\/\/www.meydan.tv\/az\/wp-json\/wp\/v2\/comments?post=314856"}],"version-history":[{"count":4,"href":"https:\/\/www.meydan.tv\/az\/wp-json\/wp\/v2\/posts\/314856\/revisions"}],"predecessor-version":[{"id":314862,"href":"https:\/\/www.meydan.tv\/az\/wp-json\/wp\/v2\/posts\/314856\/revisions\/314862"}],"wp:featuredmedia":[{"embeddable":true,"href":"https:\/\/www.meydan.tv\/az\/wp-json\/wp\/v2\/media\/128394"}],"wp:attachment":[{"href":"https:\/\/www.meydan.tv\/az\/wp-json\/wp\/v2\/media?parent=314856"}],"wp:term":[{"taxonomy":"category","embeddable":true,"href":"https:\/\/www.meydan.tv\/az\/wp-json\/wp\/v2\/categories?post=314856"},{"taxonomy":"post_tag","embeddable":true,"href":"https:\/\/www.meydan.tv\/az\/wp-json\/wp\/v2\/tags?post=314856"}],"curies":[{"name":"wp","href":"https:\/\/api.w.org\/{rel}","templated":true}]}}