{"id":314797,"date":"2024-09-06T11:15:41","date_gmt":"2024-09-06T07:15:41","guid":{"rendered":"https:\/\/www.meydan.tv\/?p=314797"},"modified":"2024-09-06T11:15:45","modified_gmt":"2024-09-06T07:15:45","slug":"tonqali-feal-cop-29-erefesinde-azerbaycanin-ekoloji-gostericilerini-pisleyib","status":"publish","type":"post","link":"https:\/\/www.meydan.tv\/az\/article\/tonqali-feal-cop-29-erefesinde-azerbaycanin-ekoloji-gostericilerini-pisleyib\/","title":{"rendered":"Tonqal\u0131 f\u0259al COP29 \u0259r\u0259f\u0259sind\u0259 Az\u0259rbaycan\u0131n ekoloji g\u00f6st\u0259ricil\u0259rini pisl\u0259yib"},"content":{"rendered":"\n<p><\/p>\n\n\n\n<p><strong><em>Sakit Okean \u0130qlim H\u0259r\u0259kat\u0131n\u0131n f\u0259al\u0131 Muxtar Babayev\u0259 m\u0259ktub yaz\u0131b<\/em><\/strong><\/p>\n\n\n\n<p>Tonqadan olan eko-f\u0259al BMT-nin Bak\u0131da ke\u00e7iril\u0259n COP29 iqlim sammiti \u0259r\u0259f\u0259sind\u0259 Az\u0259rbaycan\u0131n iqlim g\u00f6st\u0259ricil\u0259rini t\u0259nqid edib.<\/p>\n\n\n\n<p>Sakit Okean \u0130qlim H\u0259r\u0259kat\u0131n\u0131n f\u0259al\u0131 Cozef Zane Sikulu bu fikirl\u0259ri COP29-un prezidenti, ekologiya v\u0259 t\u0259bii s\u0259rv\u0259tl\u0259r naziri Muxtar Babayev\u0259 a\u00e7\u0131q m\u0259ktubunda bildirib.<\/p>\n\n\n\n<p>\u201cOC Media\u201d <a href=\"https:\/\/oc-media.org\/tongan-activist-hits-out-at-azerbaijans-environmental-record-ahead-of-cop29\/\" target=\"_blank\" rel=\"noreferrer noopener\">yaz\u0131r<\/a> ki, m\u0259ktubda Sikulu \u00f6z\u00fcn\u00fc yerli tonqal\u0131 kimi t\u0259qdim ed\u0259r\u0259k, Babayevin bu yax\u0131nlarda 53-c\u00fc Sakit Okean Adalar\u0131 Forumunda i\u015ftirak etm\u0259k \u00fc\u00e7\u00fcn Tonqa adalar\u0131na s\u0259f\u0259r etdiyini qeyd edib.<\/p>\n\n\n\n<p>\u201c<em>Ke\u00e7\u0259n h\u0259ft\u0259 m\u0259nim do\u011fma adam\u0131 ziyar\u0259t etdiniz v\u0259 n\u00fcmay\u0259nd\u0259 hey\u0259tiniz g\u00fccl\u00fc ya\u011f\u0131\u015flar\u0131n v\u0259 z\u0259lz\u0259l\u0259nin \u015fahidi oldu. Xalq\u0131m\u0131z\u0131n t\u0259bii f\u0259lak\u0259tl\u0259r\u0259 qar\u015f\u0131 n\u0259 q\u0259d\u0259r h\u0259ssas oldu\u011funu v\u0259 n\u0259 q\u0259d\u0259r haz\u0131rl\u0131ql\u0131 olmas\u0131 laz\u0131m g\u0259ldiyini g\u00f6rd\u00fcn\u00fcz\u201d, <\/em>&#8211; Sikulu yaz\u0131b.<\/p>\n\n\n\n<p>O, x\u00fcsusil\u0259 Az\u0259rbaycan Prezidenti \u0130lham \u018fliyevi bu ilin \u0259vv\u0259lind\u0259 etdiyi \u00e7\u0131x\u0131\u015f\u0131nda qal\u0131q yanacaqlar\u0131 \u201ctanr\u0131lar\u0131n h\u0259diyy\u0259si\u201d adland\u0131rd\u0131\u011f\u0131na g\u00f6r\u0259 t\u0259nqid edib.<\/p>\n\n\n\n<p>\u201cBizim Sakit Okean sakinl\u0259ri \u00fc\u00e7\u00fcn bu c\u00fcr s\u00f6zl\u0259r sad\u0259c\u0259 diqq\u0259tsizlik deyil, q\u0259ddarl\u0131qd\u0131r. <em>Evl\u0259rimiz t\u0259hl\u00fck\u0259 alt\u0131ndad\u0131r v\u0259 Sakit Okeandak\u0131 evl\u0259rimizi qorumaq, qal\u0131q yanacaq istifad\u0259sinin geni\u015fl\u0259ndirilm\u0259si dem\u0259k deyil&#8221;<\/em>,- dey\u0259 Sikulu yaz\u0131b.<\/p>\n\n\n<div class=\"wp-block-image\">\n<figure class=\"alignright size-full is-resized\"><img decoding=\"async\" width=\"1200\" height=\"464\" data-src=\"https:\/\/www.meydan.tv\/wp-content\/uploads\/dyev2iox0aau-ly-e1725605988330.jpg\" alt=\"\" class=\"wp-image-314798 lazyload\" style=\"--smush-placeholder-width: 1200px; --smush-placeholder-aspect-ratio: 1200\/464;width:393px;height:auto\" src=\"data:image\/svg+xml;base64,PHN2ZyB3aWR0aD0iMSIgaGVpZ2h0PSIxIiB4bWxucz0iaHR0cDovL3d3dy53My5vcmcvMjAwMC9zdmciPjwvc3ZnPg==\" \/><figcaption class=\"wp-element-caption\">Foto: Cozef Zane Sikulunun &#8220;X&#8221; s\u0259hif\u0259sind\u0259n<\/figcaption><\/figure>\n<\/div>\n\n\n<p>O bildirib ki, Az\u0259rbaycan iqlim lideri deyil.<\/p>\n\n\n\n<p><em>\u201cSiz 1990-c\u0131 il s\u0259viyy\u0259l\u0259ri il\u0259 m\u00fcqayis\u0259d\u0259 2050-ci il\u0259 q\u0259d\u0259r emissiyalar\u0131n 40 faiz azalmas\u0131ndan dan\u0131\u015f\u0131rs\u0131n\u0131z. Lakin 1990-c\u0131 ill\u0259rd\u0259 tullant\u0131lar\u0131n\u0131z 21-ci \u0259srd\u0259kind\u0259n qat-qat y\u00fcks\u0259k idi\u201d, &#8211; m\u0259ktubda deyilir. &#8220;Qal\u0131q yanacaq ixrac\u0131n\u0131 art\u0131rmaq planlar\u0131n\u0131z iqlim h\u0259d\u0259fl\u0259rinizl\u0259 ziddiyy\u0259t t\u0259\u015fkil edir&#8221;.<\/em><\/p>\n\n\n\n<p>Sikulu onu da bildirib ki, Az\u0259rbaycan m\u0259d\u0259n yanacaq s\u0259nayesini m\u0259suliyy\u0259t\u0259 c\u0259lb etm\u0259k \u0259v\u0259zin\u0259, d\u00f6vl\u0259t neft \u015firk\u0259ti olan SOCAR qal\u0131q yanacaq hasilat\u0131n\u0131n geni\u015fl\u0259ndirilm\u0259sini \u00f6rt-basd\u0131r etm\u0259k \u00fc\u00e7\u00fcn \u201cya\u015f\u0131lla\u015fd\u0131rma\u201d fondu yarad\u0131b:<\/p>\n\n\n\n<p><em>\u201c1 milyard dollarl\u0131q fond g\u00fcz\u0259\u015ftli \u015f\u0259rtl\u0259rl\u0259 deyil, bazar qiym\u0259tl\u0259ri il\u0259 f\u0259aliyy\u0259t g\u00f6st\u0259r\u0259c\u0259k. Bu, iqlim d\u0259yi\u015fikliyi v\u0259 b\u0259rpas\u0131 il\u0259 ba\u011fl\u0131 real f\u0259aliyy\u0259t \u00fc\u00e7\u00fcn laz\u0131m olan b\u00f6y\u00fck m\u0259bl\u0259\u011fl\u0259rl\u0259 m\u00fcqayis\u0259d\u0259 ac\u0131nacaql\u0131 bir jest, h\u0259m\u00e7inin diqq\u0259ti \u00f6lk\u0259nizin da\u011f\u0131d\u0131c\u0131 ekoloji t\u0259cr\u00fcb\u0259l\u0259rind\u0259n yay\u0131nd\u0131rmaq \u00fc\u00e7\u00fcn a\u00e7\u0131q c\u0259hddir<\/em>\u201d.<\/p>\n\n\n\n<p>Bo\u015f s\u00f6zl\u0259r\u0259 daha \u00e7ox vaxt qalmad\u0131\u011f\u0131n\u0131 dey\u0259n Sikulu \u0259lav\u0259 edib ki, d\u00fcnyan\u0131n Az\u0259rbaycan\u0131 \u201cqlobal enerji ke\u00e7idini t\u0259\u015fviq etm\u0259k \u00fc\u00e7\u00fcn COP29-da iddial\u0131 v\u0259 \u0259dal\u0259tli yeni kollektiv maliyy\u0259 h\u0259d\u0259fin\u0259\u201d aparmas\u0131 laz\u0131md\u0131r.<\/p>\n\n\n\n<p>\u201c<em>Az\u0259rbaycan noyabr ay\u0131na q\u0259d\u0259r iddial\u0131 iqlim h\u0259d\u0259fl\u0259ri ir\u0259li s\u00fcrm\u0259lidir. \u00c7\u00fcnki iqlim f\u0259aliyy\u0259tinin h\u00f6rm\u0259tli \u00f6lk\u0259si kimi g\u00f6r\u00fcnm\u0259k m\u0259qs\u0259di da\u015f\u0131y\u0131r. H\u0259qiqi iqlim r\u0259hb\u0259rliyi ist\u0259y\u0259 ba\u011fl\u0131 deyil; \u0130qlim sammitl\u0259ri \u00fc\u00e7\u00fcn ilkin \u015f\u0259rt insan h\u00fcquqlar\u0131na v\u0259 v\u0259t\u0259nda\u015f c\u0259miyy\u0259tin\u0259 h\u00f6rm\u0259t v\u0259 d\u0259st\u0259kdir. \u0130ndi real \u00f6hd\u0259likl\u0259r g\u00f6t\u00fcrm\u0259yin v\u0259 onlara \u0259m\u0259l etm\u0259yin vaxt\u0131d\u0131r\u201d, &#8211;<\/em> Sikulu yaz\u0131b.<\/p>\n\n\n<div class=\"wp-block-image\">\n<figure class=\"alignleft size-full is-resized\"><img decoding=\"async\" width=\"1200\" height=\"561\" data-src=\"https:\/\/www.meydan.tv\/wp-content\/uploads\/untitled-design-5-65-e1689181705226.jpg\" alt=\"Muxtar Babayev, foto: Az\u0259rtac\" class=\"wp-image-279646 lazyload\" style=\"--smush-placeholder-width: 1200px; --smush-placeholder-aspect-ratio: 1200\/561;width:437px;height:auto\" src=\"data:image\/svg+xml;base64,PHN2ZyB3aWR0aD0iMSIgaGVpZ2h0PSIxIiB4bWxucz0iaHR0cDovL3d3dy53My5vcmcvMjAwMC9zdmciPjwvc3ZnPg==\" \/><figcaption class=\"wp-element-caption\"> Muxtar Babayev. Foto: Az\u0259rtac<\/figcaption><\/figure>\n<\/div>\n\n\n<p>\u201cOC Media\u201d \u015f\u0259rh \u00fc\u00e7\u00fcn Ekologiya v\u0259 T\u0259bii S\u0259rv\u0259tl\u0259r Nazirliyi il\u0259 \u0259laq\u0259 saxlasa da, cavab ala bilm\u0259yib.<\/p>\n\n\n\n<p>N\u0259\u015fr yaz\u0131r ki, \u00f6t\u0259n il Dubay sammiti zaman\u0131 COP29-un n\u00f6vb\u0259ti ev sahibliyinin hans\u0131 \u00f6lk\u0259nin olaca\u011f\u0131 il\u0259 ba\u011fl\u0131 g\u00f6r\u00fcnm\u0259mi\u015f \u00e7\u0131x\u0131lmaz v\u0259ziyy\u0259t yaranm\u0131\u015fd\u0131. BMT qaydalar\u0131na g\u00f6r\u0259, q\u0259rar regionun b\u00fct\u00fcn \u00f6lk\u0259l\u0259rind\u0259, indiki halda \u015e\u0259rqi Avropada yekdil olmal\u0131d\u0131r.<\/p>\n\n\n\n<p>\u201c<em>Bu \u00e7\u0131x\u0131lmaz v\u0259ziyy\u0259t 2023-c\u00fc ilin dekabr\u0131nda Erm\u0259nistan\u0131n xo\u015fm\u0259raml\u0131 jest kimi sammitin Az\u0259rbaycanda ke\u00e7irilm\u0259si il\u0259 ba\u011fl\u0131 t\u0259klifind\u0259n, el\u0259c\u0259 d\u0259 etiraz etm\u0259dikl\u0259rini bildirdikd\u0259n sonra ba\u015fa \u00e7at\u0131b\u201d, &#8211; <\/em>\u201cOC Media\u201d yaz\u0131b.<\/p>\n\n\n\n<p>M\u0259qal\u0259d\u0259 qeyd olunub ki, sammit h\u0259m d\u0259 Az\u0259rbaycanda m\u00fcxalif\u0259t\u00e7il\u0259r\u0259 qar\u015f\u0131 repressiyalar\u0131n yenid\u0259n g\u00fccl\u0259ndiyi bir vaxta t\u0259sad\u00fcf edir.<\/p>\n\n\n\n<p>Noyabrda Az\u0259rbaycan polisi m\u00fcst\u0259qil \u201cAbzasMedia\u201d x\u0259b\u0259r sayt\u0131n\u0131n ofisl\u0259rin\u0259 basq\u0131n edib v\u0259 direktorunu saxlay\u0131b. Fevral ay\u0131nda \u201cAbzasMedia\u201dn\u0131n 7 \u0259m\u0259kda\u015f\u0131 saxlan\u0131laraq valyuta qa\u00e7aqmal\u00e7\u0131l\u0131\u011f\u0131 il\u0259 ba\u011fl\u0131 ittiham ir\u0259li s\u00fcr\u00fcl\u00fcb, mart ay\u0131nda is\u0259 polis \u201cToplum TV\u201d-nin ofisind\u0259 reyd ke\u00e7irib.<\/p>\n\n\n\n<p>\u0130yulda Az\u0259rbaycan tal\u0131\u015f t\u0259dqiqat\u00e7\u0131s\u0131 \u0130qbal \u018fbilovu d\u00f6vl\u0259t\u0259 x\u0259yan\u0259t ittiham\u0131 il\u0259 h\u0259bs edib. Ox\u015far ittihamlar avqustun sonunda az\u0259rbaycanl\u0131 t\u0259dqiqat\u00e7\u0131, \u201cOC Media\u201d-n\u0131n m\u00fcxbiri B\u0259hruz S\u0259m\u0259dova qar\u015f\u0131 ir\u0259li s\u00fcr\u00fcl\u00fcb.<\/p>\n","protected":false},"excerpt":{"rendered":"<p>Sakit Okean \u0130qlim H\u0259r\u0259kat\u0131n\u0131n f\u0259al\u0131 Muxtar Babayev\u0259 m\u0259ktub yaz\u0131b Tonqadan &#8230; <\/p>\n<p class=\"read-more-container\"><a title=\"Tonqal\u0131 f\u0259al COP29 \u0259r\u0259f\u0259sind\u0259 Az\u0259rbaycan\u0131n ekoloji g\u00f6st\u0259ricil\u0259rini pisl\u0259yib\" class=\"read-more button\" href=\"https:\/\/www.meydan.tv\/az\/article\/tonqali-feal-cop-29-erefesinde-azerbaycanin-ekoloji-gostericilerini-pisleyib\/#more-314797\" aria-label=\"Read more about Tonqal\u0131 f\u0259al COP29 \u0259r\u0259f\u0259sind\u0259 Az\u0259rbaycan\u0131n ekoloji g\u00f6st\u0259ricil\u0259rini pisl\u0259yib\">Davam\u0131<\/a><\/p>\n","protected":false},"author":8,"featured_media":295658,"comment_status":"closed","ping_status":"closed","sticky":false,"template":"","format":"standard","meta":{"_acf_changed":false,"_sitemap_exclude":false,"_sitemap_priority":"","_sitemap_frequency":"","footnotes":""},"categories":[62,79,56],"tags":[],"class_list":["post-314797","post","type-post","status-publish","format-standard","has-post-thumbnail","hentry","category-sosial","category-featured","category-xeberler","infinite-scroll-item","generate-columns","tablet-grid-50","mobile-grid-100","grid-parent","grid-33","no-featured-image-padding"],"acf":[],"yoast_head":"<!-- This site is optimized with the Yoast SEO plugin v27.5 - https:\/\/yoast.com\/product\/yoast-seo-wordpress\/ -->\n<title>Tonqal\u0131 f\u0259al COP29 \u0259r\u0259f\u0259sind\u0259 Az\u0259rbaycan\u0131n ekoloji g\u00f6st\u0259ricil\u0259rini pisl\u0259yib - MEYDAN.TV<\/title>\n<meta name=\"description\" content=\"\u0130qlim H\u0259r\u0259kat\u0131n\u0131n f\u0259al\u0131 Cozef Zane Sikulu COP29-un prezidenti, ekologiya v\u0259 t\u0259bii s\u0259rv\u0259tl\u0259r naziri Muxtar Babayev\u0259 a\u00e7\u0131q m\u0259ktub yaz\u0131b.\" \/>\n<meta name=\"robots\" content=\"index, follow, max-snippet:-1, max-image-preview:large, max-video-preview:-1\" \/>\n<link rel=\"canonical\" href=\"https:\/\/www.meydan.tv\/az\/article\/tonqali-feal-cop-29-erefesinde-azerbaycanin-ekoloji-gostericilerini-pisleyib\/\" \/>\n<meta property=\"og:locale\" content=\"az_AZ\" \/>\n<meta property=\"og:type\" content=\"article\" \/>\n<meta property=\"og:title\" content=\"Tonqal\u0131 f\u0259al COP29 \u0259r\u0259f\u0259sind\u0259 Az\u0259rbaycan\u0131n ekoloji g\u00f6st\u0259ricil\u0259rini pisl\u0259yib - MEYDAN.TV\" \/>\n<meta property=\"og:description\" content=\"\u0130qlim H\u0259r\u0259kat\u0131n\u0131n f\u0259al\u0131 Cozef Zane Sikulu COP29-un prezidenti, ekologiya v\u0259 t\u0259bii s\u0259rv\u0259tl\u0259r naziri Muxtar Babayev\u0259 a\u00e7\u0131q m\u0259ktub yaz\u0131b.\" \/>\n<meta property=\"og:url\" content=\"https:\/\/www.meydan.tv\/az\/article\/tonqali-feal-cop-29-erefesinde-azerbaycanin-ekoloji-gostericilerini-pisleyib\/\" \/>\n<meta property=\"og:site_name\" content=\"MEYDAN.TV\" \/>\n<meta property=\"article:published_time\" content=\"2024-09-06T07:15:41+00:00\" \/>\n<meta property=\"article:modified_time\" content=\"2024-09-06T07:15:45+00:00\" \/>\n<meta property=\"og:image\" content=\"https:\/\/www.meydan.tv\/wp-content\/uploads\/17029739995381676_1200x630.jpg\" \/>\n\t<meta property=\"og:image:width\" content=\"1200\" \/>\n\t<meta property=\"og:image:height\" content=\"818\" \/>\n\t<meta property=\"og:image:type\" content=\"image\/jpeg\" \/>\n<meta name=\"author\" content=\"elli\" \/>\n<meta name=\"twitter:card\" content=\"summary_large_image\" \/>\n<meta name=\"twitter:creator\" content=\"@elli\" \/>\n<script type=\"application\/ld+json\" class=\"yoast-schema-graph\">{\"@context\":\"https:\\\/\\\/schema.org\",\"@graph\":[{\"@type\":\"Article\",\"@id\":\"https:\\\/\\\/www.meydan.tv\\\/az\\\/article\\\/tonqali-feal-cop-29-erefesinde-azerbaycanin-ekoloji-gostericilerini-pisleyib\\\/#article\",\"isPartOf\":{\"@id\":\"https:\\\/\\\/www.meydan.tv\\\/az\\\/article\\\/tonqali-feal-cop-29-erefesinde-azerbaycanin-ekoloji-gostericilerini-pisleyib\\\/\"},\"author\":{\"name\":\"elli\",\"@id\":\"https:\\\/\\\/www.meydan.tv\\\/az\\\/#\\\/schema\\\/person\\\/9cdbecf90d17180ce1dfbd95b08dcf47\"},\"headline\":\"Tonqal\u0131 f\u0259al COP29 \u0259r\u0259f\u0259sind\u0259 Az\u0259rbaycan\u0131n ekoloji g\u00f6st\u0259ricil\u0259rini pisl\u0259yib\",\"datePublished\":\"2024-09-06T07:15:41+00:00\",\"dateModified\":\"2024-09-06T07:15:45+00:00\",\"mainEntityOfPage\":{\"@id\":\"https:\\\/\\\/www.meydan.tv\\\/az\\\/article\\\/tonqali-feal-cop-29-erefesinde-azerbaycanin-ekoloji-gostericilerini-pisleyib\\\/\"},\"wordCount\":918,\"publisher\":{\"@id\":\"https:\\\/\\\/www.meydan.tv\\\/az\\\/#organization\"},\"image\":{\"@id\":\"https:\\\/\\\/www.meydan.tv\\\/az\\\/article\\\/tonqali-feal-cop-29-erefesinde-azerbaycanin-ekoloji-gostericilerini-pisleyib\\\/#primaryimage\"},\"thumbnailUrl\":\"https:\\\/\\\/www.meydan.tv\\\/wp-content\\\/uploads\\\/17029739995381676_1200x630.jpg\",\"articleSection\":[\"Sosial\",\"T\u00f6vsiy\u0259\",\"X\u0259b\u0259rl\u0259r\"],\"inLanguage\":\"az\"},{\"@type\":\"WebPage\",\"@id\":\"https:\\\/\\\/www.meydan.tv\\\/az\\\/article\\\/tonqali-feal-cop-29-erefesinde-azerbaycanin-ekoloji-gostericilerini-pisleyib\\\/\",\"url\":\"https:\\\/\\\/www.meydan.tv\\\/az\\\/article\\\/tonqali-feal-cop-29-erefesinde-azerbaycanin-ekoloji-gostericilerini-pisleyib\\\/\",\"name\":\"Tonqal\u0131 f\u0259al COP29 \u0259r\u0259f\u0259sind\u0259 Az\u0259rbaycan\u0131n ekoloji g\u00f6st\u0259ricil\u0259rini pisl\u0259yib - MEYDAN.TV\",\"isPartOf\":{\"@id\":\"https:\\\/\\\/www.meydan.tv\\\/az\\\/#website\"},\"primaryImageOfPage\":{\"@id\":\"https:\\\/\\\/www.meydan.tv\\\/az\\\/article\\\/tonqali-feal-cop-29-erefesinde-azerbaycanin-ekoloji-gostericilerini-pisleyib\\\/#primaryimage\"},\"image\":{\"@id\":\"https:\\\/\\\/www.meydan.tv\\\/az\\\/article\\\/tonqali-feal-cop-29-erefesinde-azerbaycanin-ekoloji-gostericilerini-pisleyib\\\/#primaryimage\"},\"thumbnailUrl\":\"https:\\\/\\\/www.meydan.tv\\\/wp-content\\\/uploads\\\/17029739995381676_1200x630.jpg\",\"datePublished\":\"2024-09-06T07:15:41+00:00\",\"dateModified\":\"2024-09-06T07:15:45+00:00\",\"description\":\"\u0130qlim H\u0259r\u0259kat\u0131n\u0131n f\u0259al\u0131 Cozef Zane Sikulu COP29-un prezidenti, ekologiya v\u0259 t\u0259bii s\u0259rv\u0259tl\u0259r naziri Muxtar Babayev\u0259 a\u00e7\u0131q m\u0259ktub yaz\u0131b.\",\"breadcrumb\":{\"@id\":\"https:\\\/\\\/www.meydan.tv\\\/az\\\/article\\\/tonqali-feal-cop-29-erefesinde-azerbaycanin-ekoloji-gostericilerini-pisleyib\\\/#breadcrumb\"},\"inLanguage\":\"az\",\"potentialAction\":[{\"@type\":\"ReadAction\",\"target\":[\"https:\\\/\\\/www.meydan.tv\\\/az\\\/article\\\/tonqali-feal-cop-29-erefesinde-azerbaycanin-ekoloji-gostericilerini-pisleyib\\\/\"]}]},{\"@type\":\"ImageObject\",\"inLanguage\":\"az\",\"@id\":\"https:\\\/\\\/www.meydan.tv\\\/az\\\/article\\\/tonqali-feal-cop-29-erefesinde-azerbaycanin-ekoloji-gostericilerini-pisleyib\\\/#primaryimage\",\"url\":\"https:\\\/\\\/www.meydan.tv\\\/wp-content\\\/uploads\\\/17029739995381676_1200x630.jpg\",\"contentUrl\":\"https:\\\/\\\/www.meydan.tv\\\/wp-content\\\/uploads\\\/17029739995381676_1200x630.jpg\",\"width\":1200,\"height\":818,\"caption\":\"COP29. M\u0259nb\u0259: COP\"},{\"@type\":\"BreadcrumbList\",\"@id\":\"https:\\\/\\\/www.meydan.tv\\\/az\\\/article\\\/tonqali-feal-cop-29-erefesinde-azerbaycanin-ekoloji-gostericilerini-pisleyib\\\/#breadcrumb\",\"itemListElement\":[{\"@type\":\"ListItem\",\"position\":1,\"name\":\"Ana s\u0259hif\u0259\",\"item\":\"https:\\\/\\\/www.meydan.tv\\\/az\\\/\"},{\"@type\":\"ListItem\",\"position\":2,\"name\":\"Sosial\",\"item\":\"https:\\\/\\\/www.meydan.tv\\\/az\\\/section\\\/sosial\\\/\"},{\"@type\":\"ListItem\",\"position\":3,\"name\":\"Tonqal\u0131 f\u0259al COP29 \u0259r\u0259f\u0259sind\u0259 Az\u0259rbaycan\u0131n ekoloji g\u00f6st\u0259ricil\u0259rini pisl\u0259yib\"}]},{\"@type\":\"WebSite\",\"@id\":\"https:\\\/\\\/www.meydan.tv\\\/az\\\/#website\",\"url\":\"https:\\\/\\\/www.meydan.tv\\\/az\\\/\",\"name\":\"MEYDAN.TV\",\"description\":\"Meydan TV Az\u0259rbaycan\u0131n media m\u0259kan\u0131ndak\u0131 alternativ s\u0259sidir\",\"publisher\":{\"@id\":\"https:\\\/\\\/www.meydan.tv\\\/az\\\/#organization\"},\"potentialAction\":[{\"@type\":\"SearchAction\",\"target\":{\"@type\":\"EntryPoint\",\"urlTemplate\":\"https:\\\/\\\/www.meydan.tv\\\/az\\\/?s={search_term_string}\"},\"query-input\":{\"@type\":\"PropertyValueSpecification\",\"valueRequired\":true,\"valueName\":\"search_term_string\"}}],\"inLanguage\":\"az\"},{\"@type\":\"Organization\",\"@id\":\"https:\\\/\\\/www.meydan.tv\\\/az\\\/#organization\",\"name\":\"Meydan TV\",\"url\":\"https:\\\/\\\/www.meydan.tv\\\/az\\\/\",\"logo\":{\"@type\":\"ImageObject\",\"inLanguage\":\"az\",\"@id\":\"https:\\\/\\\/www.meydan.tv\\\/az\\\/#\\\/schema\\\/logo\\\/image\\\/\",\"url\":\"https:\\\/\\\/www.meydan.tv\\\/wp-content\\\/uploads\\\/2021\\\/07\\\/meydan-logo.svg\",\"contentUrl\":\"https:\\\/\\\/www.meydan.tv\\\/wp-content\\\/uploads\\\/2021\\\/07\\\/meydan-logo.svg\",\"width\":195,\"height\":46,\"caption\":\"Meydan TV\"},\"image\":{\"@id\":\"https:\\\/\\\/www.meydan.tv\\\/az\\\/#\\\/schema\\\/logo\\\/image\\\/\"}},{\"@type\":\"Person\",\"@id\":\"https:\\\/\\\/www.meydan.tv\\\/az\\\/#\\\/schema\\\/person\\\/9cdbecf90d17180ce1dfbd95b08dcf47\",\"name\":\"elli\",\"sameAs\":[\"https:\\\/\\\/x.com\\\/elli\"]}]}<\/script>\n<!-- \/ Yoast SEO plugin. -->","yoast_head_json":{"title":"Tonqal\u0131 f\u0259al COP29 \u0259r\u0259f\u0259sind\u0259 Az\u0259rbaycan\u0131n ekoloji g\u00f6st\u0259ricil\u0259rini pisl\u0259yib - MEYDAN.TV","description":"\u0130qlim H\u0259r\u0259kat\u0131n\u0131n f\u0259al\u0131 Cozef Zane Sikulu COP29-un prezidenti, ekologiya v\u0259 t\u0259bii s\u0259rv\u0259tl\u0259r naziri Muxtar Babayev\u0259 a\u00e7\u0131q m\u0259ktub yaz\u0131b.","robots":{"index":"index","follow":"follow","max-snippet":"max-snippet:-1","max-image-preview":"max-image-preview:large","max-video-preview":"max-video-preview:-1"},"canonical":"https:\/\/www.meydan.tv\/az\/article\/tonqali-feal-cop-29-erefesinde-azerbaycanin-ekoloji-gostericilerini-pisleyib\/","og_locale":"az_AZ","og_type":"article","og_title":"Tonqal\u0131 f\u0259al COP29 \u0259r\u0259f\u0259sind\u0259 Az\u0259rbaycan\u0131n ekoloji g\u00f6st\u0259ricil\u0259rini pisl\u0259yib - MEYDAN.TV","og_description":"\u0130qlim H\u0259r\u0259kat\u0131n\u0131n f\u0259al\u0131 Cozef Zane Sikulu COP29-un prezidenti, ekologiya v\u0259 t\u0259bii s\u0259rv\u0259tl\u0259r naziri Muxtar Babayev\u0259 a\u00e7\u0131q m\u0259ktub yaz\u0131b.","og_url":"https:\/\/www.meydan.tv\/az\/article\/tonqali-feal-cop-29-erefesinde-azerbaycanin-ekoloji-gostericilerini-pisleyib\/","og_site_name":"MEYDAN.TV","article_published_time":"2024-09-06T07:15:41+00:00","article_modified_time":"2024-09-06T07:15:45+00:00","og_image":[{"width":1200,"height":818,"url":"https:\/\/www.meydan.tv\/wp-content\/uploads\/17029739995381676_1200x630.jpg","type":"image\/jpeg"}],"author":"elli","twitter_card":"summary_large_image","twitter_creator":"@elli","schema":{"@context":"https:\/\/schema.org","@graph":[{"@type":"Article","@id":"https:\/\/www.meydan.tv\/az\/article\/tonqali-feal-cop-29-erefesinde-azerbaycanin-ekoloji-gostericilerini-pisleyib\/#article","isPartOf":{"@id":"https:\/\/www.meydan.tv\/az\/article\/tonqali-feal-cop-29-erefesinde-azerbaycanin-ekoloji-gostericilerini-pisleyib\/"},"author":{"name":"elli","@id":"https:\/\/www.meydan.tv\/az\/#\/schema\/person\/9cdbecf90d17180ce1dfbd95b08dcf47"},"headline":"Tonqal\u0131 f\u0259al COP29 \u0259r\u0259f\u0259sind\u0259 Az\u0259rbaycan\u0131n ekoloji g\u00f6st\u0259ricil\u0259rini pisl\u0259yib","datePublished":"2024-09-06T07:15:41+00:00","dateModified":"2024-09-06T07:15:45+00:00","mainEntityOfPage":{"@id":"https:\/\/www.meydan.tv\/az\/article\/tonqali-feal-cop-29-erefesinde-azerbaycanin-ekoloji-gostericilerini-pisleyib\/"},"wordCount":918,"publisher":{"@id":"https:\/\/www.meydan.tv\/az\/#organization"},"image":{"@id":"https:\/\/www.meydan.tv\/az\/article\/tonqali-feal-cop-29-erefesinde-azerbaycanin-ekoloji-gostericilerini-pisleyib\/#primaryimage"},"thumbnailUrl":"https:\/\/www.meydan.tv\/wp-content\/uploads\/17029739995381676_1200x630.jpg","articleSection":["Sosial","T\u00f6vsiy\u0259","X\u0259b\u0259rl\u0259r"],"inLanguage":"az"},{"@type":"WebPage","@id":"https:\/\/www.meydan.tv\/az\/article\/tonqali-feal-cop-29-erefesinde-azerbaycanin-ekoloji-gostericilerini-pisleyib\/","url":"https:\/\/www.meydan.tv\/az\/article\/tonqali-feal-cop-29-erefesinde-azerbaycanin-ekoloji-gostericilerini-pisleyib\/","name":"Tonqal\u0131 f\u0259al COP29 \u0259r\u0259f\u0259sind\u0259 Az\u0259rbaycan\u0131n ekoloji g\u00f6st\u0259ricil\u0259rini pisl\u0259yib - MEYDAN.TV","isPartOf":{"@id":"https:\/\/www.meydan.tv\/az\/#website"},"primaryImageOfPage":{"@id":"https:\/\/www.meydan.tv\/az\/article\/tonqali-feal-cop-29-erefesinde-azerbaycanin-ekoloji-gostericilerini-pisleyib\/#primaryimage"},"image":{"@id":"https:\/\/www.meydan.tv\/az\/article\/tonqali-feal-cop-29-erefesinde-azerbaycanin-ekoloji-gostericilerini-pisleyib\/#primaryimage"},"thumbnailUrl":"https:\/\/www.meydan.tv\/wp-content\/uploads\/17029739995381676_1200x630.jpg","datePublished":"2024-09-06T07:15:41+00:00","dateModified":"2024-09-06T07:15:45+00:00","description":"\u0130qlim H\u0259r\u0259kat\u0131n\u0131n f\u0259al\u0131 Cozef Zane Sikulu COP29-un prezidenti, ekologiya v\u0259 t\u0259bii s\u0259rv\u0259tl\u0259r naziri Muxtar Babayev\u0259 a\u00e7\u0131q m\u0259ktub yaz\u0131b.","breadcrumb":{"@id":"https:\/\/www.meydan.tv\/az\/article\/tonqali-feal-cop-29-erefesinde-azerbaycanin-ekoloji-gostericilerini-pisleyib\/#breadcrumb"},"inLanguage":"az","potentialAction":[{"@type":"ReadAction","target":["https:\/\/www.meydan.tv\/az\/article\/tonqali-feal-cop-29-erefesinde-azerbaycanin-ekoloji-gostericilerini-pisleyib\/"]}]},{"@type":"ImageObject","inLanguage":"az","@id":"https:\/\/www.meydan.tv\/az\/article\/tonqali-feal-cop-29-erefesinde-azerbaycanin-ekoloji-gostericilerini-pisleyib\/#primaryimage","url":"https:\/\/www.meydan.tv\/wp-content\/uploads\/17029739995381676_1200x630.jpg","contentUrl":"https:\/\/www.meydan.tv\/wp-content\/uploads\/17029739995381676_1200x630.jpg","width":1200,"height":818,"caption":"COP29. M\u0259nb\u0259: COP"},{"@type":"BreadcrumbList","@id":"https:\/\/www.meydan.tv\/az\/article\/tonqali-feal-cop-29-erefesinde-azerbaycanin-ekoloji-gostericilerini-pisleyib\/#breadcrumb","itemListElement":[{"@type":"ListItem","position":1,"name":"Ana s\u0259hif\u0259","item":"https:\/\/www.meydan.tv\/az\/"},{"@type":"ListItem","position":2,"name":"Sosial","item":"https:\/\/www.meydan.tv\/az\/section\/sosial\/"},{"@type":"ListItem","position":3,"name":"Tonqal\u0131 f\u0259al COP29 \u0259r\u0259f\u0259sind\u0259 Az\u0259rbaycan\u0131n ekoloji g\u00f6st\u0259ricil\u0259rini pisl\u0259yib"}]},{"@type":"WebSite","@id":"https:\/\/www.meydan.tv\/az\/#website","url":"https:\/\/www.meydan.tv\/az\/","name":"MEYDAN.TV","description":"Meydan TV Az\u0259rbaycan\u0131n media m\u0259kan\u0131ndak\u0131 alternativ s\u0259sidir","publisher":{"@id":"https:\/\/www.meydan.tv\/az\/#organization"},"potentialAction":[{"@type":"SearchAction","target":{"@type":"EntryPoint","urlTemplate":"https:\/\/www.meydan.tv\/az\/?s={search_term_string}"},"query-input":{"@type":"PropertyValueSpecification","valueRequired":true,"valueName":"search_term_string"}}],"inLanguage":"az"},{"@type":"Organization","@id":"https:\/\/www.meydan.tv\/az\/#organization","name":"Meydan TV","url":"https:\/\/www.meydan.tv\/az\/","logo":{"@type":"ImageObject","inLanguage":"az","@id":"https:\/\/www.meydan.tv\/az\/#\/schema\/logo\/image\/","url":"https:\/\/www.meydan.tv\/wp-content\/uploads\/2021\/07\/meydan-logo.svg","contentUrl":"https:\/\/www.meydan.tv\/wp-content\/uploads\/2021\/07\/meydan-logo.svg","width":195,"height":46,"caption":"Meydan TV"},"image":{"@id":"https:\/\/www.meydan.tv\/az\/#\/schema\/logo\/image\/"}},{"@type":"Person","@id":"https:\/\/www.meydan.tv\/az\/#\/schema\/person\/9cdbecf90d17180ce1dfbd95b08dcf47","name":"elli","sameAs":["https:\/\/x.com\/elli"]}]}},"_links":{"self":[{"href":"https:\/\/www.meydan.tv\/az\/wp-json\/wp\/v2\/posts\/314797","targetHints":{"allow":["GET"]}}],"collection":[{"href":"https:\/\/www.meydan.tv\/az\/wp-json\/wp\/v2\/posts"}],"about":[{"href":"https:\/\/www.meydan.tv\/az\/wp-json\/wp\/v2\/types\/post"}],"author":[{"embeddable":true,"href":"https:\/\/www.meydan.tv\/az\/wp-json\/wp\/v2\/users\/8"}],"replies":[{"embeddable":true,"href":"https:\/\/www.meydan.tv\/az\/wp-json\/wp\/v2\/comments?post=314797"}],"version-history":[{"count":4,"href":"https:\/\/www.meydan.tv\/az\/wp-json\/wp\/v2\/posts\/314797\/revisions"}],"predecessor-version":[{"id":314804,"href":"https:\/\/www.meydan.tv\/az\/wp-json\/wp\/v2\/posts\/314797\/revisions\/314804"}],"wp:featuredmedia":[{"embeddable":true,"href":"https:\/\/www.meydan.tv\/az\/wp-json\/wp\/v2\/media\/295658"}],"wp:attachment":[{"href":"https:\/\/www.meydan.tv\/az\/wp-json\/wp\/v2\/media?parent=314797"}],"wp:term":[{"taxonomy":"category","embeddable":true,"href":"https:\/\/www.meydan.tv\/az\/wp-json\/wp\/v2\/categories?post=314797"},{"taxonomy":"post_tag","embeddable":true,"href":"https:\/\/www.meydan.tv\/az\/wp-json\/wp\/v2\/tags?post=314797"}],"curies":[{"name":"wp","href":"https:\/\/api.w.org\/{rel}","templated":true}]}}