{"id":314740,"date":"2024-09-05T14:13:22","date_gmt":"2024-09-05T10:13:22","guid":{"rendered":"https:\/\/www.meydan.tv\/?p=314740"},"modified":"2024-09-05T14:13:27","modified_gmt":"2024-09-05T10:13:27","slug":"gurcustan-ve-azerbaycan-hokumet-jurnaliste-kompensasiya-odeyecek","status":"publish","type":"post","link":"https:\/\/www.meydan.tv\/az\/article\/gurcustan-ve-azerbaycan-hokumet-jurnaliste-kompensasiya-odeyecek\/","title":{"rendered":"G\u00fcrc\u00fcstan v\u0259 Az\u0259rbaycan h\u00f6kum\u0259ti jurnalist\u0259 kompensasiya \u00f6d\u0259y\u0259c\u0259k"},"content":{"rendered":"\n<p><\/p>\n\n\n\n<p><strong><em>Avropa M\u0259hk\u0259m\u0259si ictimai-siyasi f\u0259allarla ba\u011fl\u0131 da q\u0259rar\u0131n\u0131 a\u00e7\u0131qlay\u0131b<\/em><\/strong><\/p>\n\n\n\n<p>Avropa \u0130nsan H\u00fcquqlar\u0131 M\u0259hk\u0259m\u0259si (A\u0130HM) sentyabr\u0131n 5-d\u0259 Az\u0259rbaycandan g\u00f6nd\u0259rilmi\u015f \u015fikay\u0259tl\u0259r \u00fczr\u0259 7 q\u0259rar v\u0259 q\u0259rardad\u0131n\u0131 elan <a href=\"https:\/\/aihmaz.org\/aihm-gurcustan-v%c9%99-az%c9%99rbaycan-hokum%c9%99ti-efqan-muxtarliya-t%c9%99zminat-od%c9%99m%c9%99lidir\/?fbclid=IwZXh0bgNhZW0CMTEAAR3B7pqevSSkLfzMz7WpviCiImVBFDPv-QDq7yTYv78UQcZy6DbWPu1zACk_aem_hDOdEAeyTqsI49vlnBHa1Q\">edib<\/a>.<\/p>\n\n\n\n<p>\u201c<strong>\u018ffqan Muxtarl\u0131 Az\u0259rbaycan v\u0259 G\u00fcrc\u00fcstana qar\u015f\u0131<\/strong>\u201d &#8211; i\u015fd\u0259 \u0259riz\u0259\u00e7i, jurnalist \u018ffqan Muxtarl\u0131n\u0131n 2017-ci ild\u0259 m\u00fcv\u0259qq\u0259ti ya\u015fad\u0131\u011f\u0131 G\u00fcrc\u00fcstandan o\u011furlan\u0131b, Az\u0259rbaycana g\u0259tirilm\u0259si, pis r\u0259ftara m\u0259ruz qalmas\u0131, daha sonra h\u0259bs edilm\u0259si, m\u0259hk\u0259m\u0259y\u0259 q\u0259d\u0259r h\u0259bsd\u0259 tutulmas\u0131n\u0131n qanunsuzlu\u011fu iddialar\u0131 il\u0259 ba\u011fl\u0131d\u0131r.<\/p>\n\n\n\n<p>\u018friz\u0259\u00e7i iddia edib ki, m\u0259ruz qald\u0131\u011f\u0131 b\u00fct\u00fcn h\u0259r\u0259k\u0259tl\u0259r onu susdurmaq v\u0259 jurnalist f\u0259aliyy\u0259tin\u0259 g\u00f6r\u0259 c\u0259zaland\u0131rmaq m\u0259qs\u0259di da\u015f\u0131y\u0131b.<\/p>\n\n\n<div class=\"wp-block-image\">\n<figure class=\"alignright size-large is-resized\"><img decoding=\"async\" width=\"1200\" height=\"567\" data-src=\"https:\/\/www.meydan.tv\/wp-content\/uploads\/photo_2020-03-24_18.20.30-1200x567.jpeg\" alt=\"Jurnalist \u018ffqan Muxtarl\u0131\" class=\"wp-image-139512 lazyload\" style=\"--smush-placeholder-width: 1200px; --smush-placeholder-aspect-ratio: 1200\/567;width:381px;height:auto\" src=\"data:image\/svg+xml;base64,PHN2ZyB3aWR0aD0iMSIgaGVpZ2h0PSIxIiB4bWxucz0iaHR0cDovL3d3dy53My5vcmcvMjAwMC9zdmciPjwvc3ZnPg==\" \/><figcaption class=\"wp-element-caption\">Foto: Meydan TV<\/figcaption><\/figure>\n<\/div>\n\n\n<p>\u018friz\u0259\u00e7i G\u00fcrc\u00fcstanla ba\u011fl\u0131 onun o\u011furlanmas\u0131ndan, pis r\u0259ftara m\u0259ruz qalmas\u0131ndan, zorla Az\u0259rbaycana \u00f6t\u00fcr\u00fclm\u0259sind\u0259n v\u0259 m\u00fcvafiq orqanlar\u0131n ba\u015f ver\u0259nl\u0259rl\u0259 ba\u011fl\u0131 s\u0259m\u0259r\u0259li ara\u015fd\u0131rma aparmamas\u0131ndan \u015fikay\u0259t edib. Az\u0259rbaycana g\u0259ldikd\u0259, \u0259riz\u0259\u00e7i iddia edib ki, onun h\u0259bsi v\u0259 m\u0259hk\u0259m\u0259y\u0259 q\u0259d\u0259r orada saxlanmas\u0131 qanunsuz v\u0259 \u0259sass\u0131z olub.<\/p>\n\n\n\n<p>\u018friz\u0259\u00e7iy\u0259 g\u00f6r\u0259, ona m\u00fcnasib\u0259td\u0259 Konvensiyan\u0131n 3-c\u00fc, 5-ci, 8-ci, 10-cu, 13-c\u00fc v\u0259 18-ci madd\u0259l\u0259rinin pozuntusu ba\u015f verib. H\u0259r\u0259k\u0259t azadl\u0131\u011f\u0131, \u0259cn\u0259bil\u0259rin \u00f6lk\u0259d\u0259n \u00e7\u0131xar\u0131lmas\u0131 il\u0259 ba\u011fl\u0131 prosessual t\u0259minat h\u00fcquqlar\u0131n\u0131n da pozuldu\u011funu iddia ed\u0259n \u0259riz\u0259\u00e7i, faktiki olaraq, o\u011furland\u0131\u011f\u0131n\u0131 v\u0259 bununla G\u00fcrc\u00fcstan d\u00f6vl\u0259tinin onun Konvensiyan\u0131n 3 v\u0259 5-ci madd\u0259l\u0259ri il\u0259 t\u0259minat alt\u0131na al\u0131nan haqlar\u0131n\u0131 pozdu\u011funu iddia edib.<\/p>\n\n\n\n<p>A\u0130HM q\u0259rar\u0131nda G\u00fcrc\u00fcstan d\u00f6vl\u0259tinin \u0259riz\u0259\u00e7iy\u0259 m\u00fcnasib\u0259td\u0259 Konvensiyan\u0131n 3-c\u00fc (pis r\u0259ftar) v\u0259 5-ci (azadl\u0131q v\u0259 toxunulmazl\u0131q h\u00fcququ) madd\u0259l\u0259rinin (jurnalistin qa\u00e7\u0131r\u0131lmas\u0131, pis r\u0259ftara m\u0259ruz qalmas\u0131, qanunsuz Az\u0259rbaycana verilm\u0259si il\u0259 ba\u011fl\u0131 s\u0259m\u0259r\u0259li ara\u015fd\u0131rman\u0131n apar\u0131lmamas\u0131 s\u0259b\u0259bind\u0259n) pozulmas\u0131na q\u0259rar verib.<\/p>\n\n\n\n<p>M\u0259hk\u0259m\u0259 Az\u0259rbaycana m\u00fcnasib\u0259td\u0259 Konvensiyan\u0131n 5.3-c\u00fc v\u0259 8-ci madd\u0259l\u0259rinin pozulmas\u0131n\u0131 tan\u0131y\u0131b.<\/p>\n\n\n\n<p>Q\u0259rara g\u00f6r\u0259, \u0259riz\u0259\u00e7iy\u0259 G\u00fcrc\u00fcstan h\u00f6kum\u0259ti 10 min, Az\u0259rbaycan h\u00f6kum\u0259ti is\u0259 6 min avro m\u0259n\u0259vi z\u0259r\u0259r \u0259v\u0259zi \u00f6d\u0259m\u0259lidir.<\/p>\n\n\n\n<p>Bundan \u0259lav\u0259, \u0259riz\u0259\u00e7iy\u0259 x\u0259rc v\u0259 m\u0259sr\u0259fl\u0259r\u0259 g\u00f6r\u0259, h\u0259m G\u00fcrc\u00fcstan, h\u0259m d\u0259 Az\u0259rbaycan h\u00f6kum\u0259ti 2500 avro \u00f6d\u0259m\u0259lidir.<\/p>\n\n\n\n<p>\u201c<strong>\u018fhm\u0259dov v\u0259 ba\u015fqalar\u0131 Az\u0259rbaycana qar\u015f\u0131\u201d<\/strong> v\u0259 <strong>\u201c\u0130brahimov v\u0259 ba\u015fqalar\u0131 Az\u0259rbaycana qar\u015f\u0131\u201d<\/strong> m\u0259hk\u0259m\u0259 i\u015fl\u0259rind\u0259 \u0259riz\u0259\u00e7il\u0259r bar\u0259l\u0259rind\u0259ki inzibati icraatlar\u0131n qanunsuzlu\u011fundan v\u0259 topla\u015fmaq azadl\u0131\u011f\u0131 h\u00fcququnun ger\u00e7\u0259kl\u0259\u015fdirilm\u0259sin\u0259 m\u00fcdaxil\u0259l\u0259rin qanunsuz olmas\u0131ndan \u015fikay\u0259t edilib.<\/p>\n\n\n<div class=\"wp-block-image\">\n<figure class=\"alignleft size-full is-resized\"><img decoding=\"async\" width=\"1200\" height=\"800\" data-src=\"https:\/\/www.meydan.tv\/wp-content\/uploads\/untitled-design-12.png\" alt=\"\" class=\"wp-image-225919 lazyload\" style=\"--smush-placeholder-width: 1200px; --smush-placeholder-aspect-ratio: 1200\/800;width:425px;height:auto\" src=\"data:image\/svg+xml;base64,PHN2ZyB3aWR0aD0iMSIgaGVpZ2h0PSIxIiB4bWxucz0iaHR0cDovL3d3dy53My5vcmcvMjAwMC9zdmciPjwvc3ZnPg==\" \/><figcaption class=\"wp-element-caption\">Avropa M\u0259hk\u0259m\u0259si, Foto: By Maykova Galina\/Shutterstock<\/figcaption><\/figure>\n<\/div>\n\n\n<p>\u018fhm\u0259dov v\u0259 ba\u015fqalar\u0131n\u0131n i\u015find\u0259 h\u00f6kum\u0259t 5-ci madd\u0259nin pozuntusunu etiraf edib. Q\u0259rardada \u0259sas\u0259n, h\u00f6kum\u0259t \u0259riz\u0259\u00e7il\u0259rd\u0259n Niyam\u0259ddin \u018fhm\u0259dov v\u0259 Faiq \u018fmirovun h\u0259r birin\u0259 1125 avro, Elnur Yusubov v\u0259 Elnur H\u0259s\u0259novun h\u0259r birin\u0259 is\u0259 2025 avro \u00f6d\u0259m\u0259lidir.<\/p>\n\n\n\n<p>\u0130brahimov v\u0259 ba\u015fqalar\u0131n\u0131n i\u015find\u0259 is\u0259 t\u0259r\u0259fl\u0259r dostca anla\u015f\u0131blar. Anla\u015fmaya \u0259sas\u0259n, h\u00f6kum\u0259t \u0259riz\u0259\u00e7il\u0259r Cavid \u0130brahimov, S\u00fcleyman M\u0259h\u0259rr\u0259mov, Nicat Abdullayev, B\u0259xtiyar Yusubov v\u0259 Baba S\u00fcleymanovun h\u0259r birin\u0259 2850 avro \u00f6d\u0259m\u0259lidir.<\/p>\n\n\n\n<p><strong>\u201c\u015e\u0259rifov Az\u0259rbaycana qar\u015f\u0131\u201d<\/strong> m\u00fclkiyy\u0259t h\u00fcququnun pozuntusu m\u00fcbahis\u0259l\u0259ndiril\u0259n i\u015f \u201cQ\u0131\u015f Park\u0131\u201dn\u0131n sal\u0131nmas\u0131 zaman\u0131 h\u0259min \u0259razid\u0259ki tikilil\u0259rin s\u00f6k\u00fclm\u0259si, onlar\u0131n kompensasiya edilm\u0259m\u0259si il\u0259 ba\u011fl\u0131d\u0131r. \u018friz\u0259\u00e7i ona m\u0259xsus ya\u015fay\u0131\u015f sah\u0259si s\u00f6k\u00fcls\u0259 d\u0259, qanunvericiliy\u0259 uy\u011fun olaraq, kompensasiya ala bilm\u0259m\u0259sinin onun m\u00fclkiyy\u0259t, \u0259dal\u0259tli m\u0259hk\u0259m\u0259 ara\u015fd\u0131rmas\u0131 v\u0259 \u015f\u0259xsi h\u0259yata h\u00f6rm\u0259t h\u00fcququnun pozmas\u0131ndan \u015fikay\u0259t etmi\u015fdi.<\/p>\n\n\n\n<p>A\u0130HM bu i\u015fd\u0259 m\u00fclkiyy\u0259t h\u00fcququnun pozulmas\u0131na q\u0259rar verib. \u018friz\u0259\u00e7i \u00fcmumilikd\u0259 256 min 124 avro t\u0259zminat t\u0259l\u0259b etmi\u015fdi. A\u0130HM q\u0259rar\u0131nda t\u0259zminat t\u0259l\u0259bi \u00fczr\u0259 q\u0259rar verm\u0259y\u0259 haz\u0131r olmad\u0131\u011f\u0131n\u0131 qeyd edib, t\u0259r\u0259fl\u0259r\u0259 maddi t\u0259l\u0259bl\u0259r \u00fczr\u0259 raz\u0131la\u015fmalar\u0131 \u00fc\u00e7\u00fcn 3 ay vaxt m\u00fc\u0259yy\u0259n edib.<br><\/p>\n\n\n\n<p><strong>\u201cAbbasov v\u0259 ba\u015fqalar\u0131 Az\u0259rbaycana qar\u015f\u0131\u201d<\/strong>,<strong>\u201cB\u00f6y\u00fckki\u015fiyev Az\u0259rbaycana qar\u015f\u0131\u201d<\/strong> &#8211; i\u015fl\u0259rd\u0259 \u0259dal\u0259tli m\u0259hk\u0259m\u0259 ara\u015fd\u0131rmas\u0131 h\u00fcququnun pozuntusu m\u00fcbahis\u0259l\u0259ndirilib. \u018friz\u0259\u00e7il\u0259r m\u00fcxt\u0259lif tarixl\u0259rd\u0259 yerli m\u0259hk\u0259m\u0259l\u0259r qar\u015f\u0131s\u0131nda m\u00fclki iddia qald\u0131r\u0131b, onlar\u0131n iddialar\u0131 t\u0259min edilm\u0259yib.<\/p>\n\n\n\n<p>Abbasov v\u0259 ba\u015fqalar\u0131n\u0131n i\u015find\u0259 h\u00f6kum\u0259t iddia olunan pozuntular\u0131 etiraf edib. H\u00f6kum\u0259tin t\u0259kt\u0259r\u0259fli b\u0259yannam\u0259sin\u0259 \u0259saslanan q\u0259rardada g\u00f6r\u0259, \u0259riz\u0259\u00e7iy\u0259 4100 avro m\u0259n\u0259vi z\u0259r\u0259r, x\u0259rc v\u0259 m\u0259sr\u0259f \u0259v\u0259zi \u00f6d\u0259nilm\u0259lidir.<\/p>\n\n\n\n<p>B\u00f6y\u00fckki\u015fiyevin i\u015find\u0259 d\u0259 t\u0259kt\u0259r\u0259fli b\u0259yannam\u0259 t\u0259qdim ed\u0259n h\u00f6kum\u0259t iddia olunan pozuntular\u0131 etiraf edib. H\u0259min b\u0259yannam\u0259y\u0259 \u0259saslanan q\u0259rardada g\u00f6r\u0259, h\u00f6kum\u0259t \u0259riz\u0259\u00e7iy\u0259 4100 avro m\u0259n\u0259vi z\u0259r\u0259r, x\u0259rc v\u0259 m\u0259sr\u0259f \u0259v\u0259zi \u00f6d\u0259m\u0259lidir.<\/p>\n\n\n\n<p>\u201c<strong>A\u011fayev Az\u0259rbaycana qar\u015f\u0131<\/strong>\u201d i\u015fin hallar\u0131 \u0259vv\u0259lki i\u015fl\u0259 ox\u015fard\u0131r. Saatl\u0131 rayon sakini olan \u0259riz\u0259\u00e7i m\u0259hk\u0259m\u0259 qar\u015f\u0131s\u0131nda iddia edib ki, rayon adminstrasiyas\u0131n\u0131n q\u0259rar\u0131na \u0259sas\u0259n, ona m\u0259xsus iki qeyri-ya\u015fay\u0131\u015f sah\u0259si s\u00f6k\u00fcl\u00fcb, \u0259lind\u0259n al\u0131n\u0131b. Ancaq ona kompensasiya \u00f6d\u0259nilm\u0259yib.<\/p>\n\n\n\n<p>\u018friz\u0259\u00e7i m\u00fclkiyy\u0259t v\u0259 \u0259dal\u0259tli m\u0259hk\u0259m\u0259 ara\u015fd\u0131rmas\u0131 h\u00fcquqlar\u0131n\u0131n pozuldu\u011funu iddia edib.<\/p>\n\n\n\n<p>A\u0130HM bu \u0259riz\u0259ni q\u0259buledilm\u0259z elan edib.<\/p>\n","protected":false},"excerpt":{"rendered":"<p>Avropa M\u0259hk\u0259m\u0259si ictimai-siyasi f\u0259allarla ba\u011fl\u0131 da q\u0259rar\u0131n\u0131 a\u00e7\u0131qlay\u0131b Avropa \u0130nsan &#8230; <\/p>\n<p class=\"read-more-container\"><a title=\"G\u00fcrc\u00fcstan v\u0259 Az\u0259rbaycan h\u00f6kum\u0259ti jurnalist\u0259 kompensasiya \u00f6d\u0259y\u0259c\u0259k\" class=\"read-more button\" href=\"https:\/\/www.meydan.tv\/az\/article\/gurcustan-ve-azerbaycan-hokumet-jurnaliste-kompensasiya-odeyecek\/#more-314740\" aria-label=\"Read more about G\u00fcrc\u00fcstan v\u0259 Az\u0259rbaycan h\u00f6kum\u0259ti jurnalist\u0259 kompensasiya \u00f6d\u0259y\u0259c\u0259k\">Davam\u0131<\/a><\/p>\n","protected":false},"author":8,"featured_media":127955,"comment_status":"closed","ping_status":"closed","sticky":false,"template":"","format":"standard","meta":{"_acf_changed":false,"_sitemap_exclude":false,"_sitemap_priority":"","_sitemap_frequency":"","footnotes":""},"categories":[59,56],"tags":[],"class_list":["post-314740","post","type-post","status-publish","format-standard","has-post-thumbnail","hentry","category-siyaset","category-xeberler","infinite-scroll-item","generate-columns","tablet-grid-50","mobile-grid-100","grid-parent","grid-33","no-featured-image-padding"],"acf":[],"yoast_head":"<!-- This site is optimized with the Yoast SEO plugin v27.4 - https:\/\/yoast.com\/product\/yoast-seo-wordpress\/ -->\n<title>G\u00fcrc\u00fcstan v\u0259 Az\u0259rbaycan h\u00f6kum\u0259ti jurnalist\u0259 kompensasiya \u00f6d\u0259y\u0259c\u0259k - MEYDAN.TV<\/title>\n<meta name=\"description\" content=\"Q\u0259rara g\u00f6r\u0259, \u0259riz\u0259\u00e7iy\u0259 G\u00fcrc\u00fcstan h\u00f6kum\u0259ti 10 min, Az\u0259rbaycan h\u00f6kum\u0259ti is\u0259 6 min avro m\u0259n\u0259vi z\u0259r\u0259r \u0259v\u0259zi \u00f6d\u0259m\u0259lidir.\" \/>\n<meta name=\"robots\" content=\"index, follow, max-snippet:-1, max-image-preview:large, max-video-preview:-1\" \/>\n<link rel=\"canonical\" href=\"https:\/\/www.meydan.tv\/az\/article\/gurcustan-ve-azerbaycan-hokumet-jurnaliste-kompensasiya-odeyecek\/\" \/>\n<meta property=\"og:locale\" content=\"az_AZ\" \/>\n<meta property=\"og:type\" content=\"article\" \/>\n<meta property=\"og:title\" content=\"G\u00fcrc\u00fcstan v\u0259 Az\u0259rbaycan h\u00f6kum\u0259ti jurnalist\u0259 kompensasiya \u00f6d\u0259y\u0259c\u0259k - MEYDAN.TV\" \/>\n<meta property=\"og:description\" content=\"Q\u0259rara g\u00f6r\u0259, \u0259riz\u0259\u00e7iy\u0259 G\u00fcrc\u00fcstan h\u00f6kum\u0259ti 10 min, Az\u0259rbaycan h\u00f6kum\u0259ti is\u0259 6 min avro m\u0259n\u0259vi z\u0259r\u0259r \u0259v\u0259zi \u00f6d\u0259m\u0259lidir.\" \/>\n<meta property=\"og:url\" content=\"https:\/\/www.meydan.tv\/az\/article\/gurcustan-ve-azerbaycan-hokumet-jurnaliste-kompensasiya-odeyecek\/\" \/>\n<meta property=\"og:site_name\" content=\"MEYDAN.TV\" \/>\n<meta property=\"article:published_time\" content=\"2024-09-05T10:13:22+00:00\" \/>\n<meta property=\"article:modified_time\" content=\"2024-09-05T10:13:27+00:00\" \/>\n<meta property=\"og:image\" content=\"https:\/\/www.meydan.tv\/wp-content\/uploads\/35ddf297-3ad3-423a-8276-28d4c41262a2_w1023_r1_s.jpg\" \/>\n\t<meta property=\"og:image:width\" content=\"1023\" \/>\n\t<meta property=\"og:image:height\" content=\"575\" \/>\n\t<meta property=\"og:image:type\" content=\"image\/jpeg\" \/>\n<meta name=\"author\" content=\"elli\" \/>\n<meta name=\"twitter:card\" content=\"summary_large_image\" \/>\n<meta name=\"twitter:creator\" content=\"@elli\" \/>\n<script type=\"application\/ld+json\" class=\"yoast-schema-graph\">{\"@context\":\"https:\\\/\\\/schema.org\",\"@graph\":[{\"@type\":\"Article\",\"@id\":\"https:\\\/\\\/www.meydan.tv\\\/az\\\/article\\\/gurcustan-ve-azerbaycan-hokumet-jurnaliste-kompensasiya-odeyecek\\\/#article\",\"isPartOf\":{\"@id\":\"https:\\\/\\\/www.meydan.tv\\\/az\\\/article\\\/gurcustan-ve-azerbaycan-hokumet-jurnaliste-kompensasiya-odeyecek\\\/\"},\"author\":{\"name\":\"elli\",\"@id\":\"https:\\\/\\\/www.meydan.tv\\\/az\\\/#\\\/schema\\\/person\\\/9cdbecf90d17180ce1dfbd95b08dcf47\"},\"headline\":\"G\u00fcrc\u00fcstan v\u0259 Az\u0259rbaycan h\u00f6kum\u0259ti jurnalist\u0259 kompensasiya \u00f6d\u0259y\u0259c\u0259k\",\"datePublished\":\"2024-09-05T10:13:22+00:00\",\"dateModified\":\"2024-09-05T10:13:27+00:00\",\"mainEntityOfPage\":{\"@id\":\"https:\\\/\\\/www.meydan.tv\\\/az\\\/article\\\/gurcustan-ve-azerbaycan-hokumet-jurnaliste-kompensasiya-odeyecek\\\/\"},\"wordCount\":1083,\"publisher\":{\"@id\":\"https:\\\/\\\/www.meydan.tv\\\/az\\\/#organization\"},\"image\":{\"@id\":\"https:\\\/\\\/www.meydan.tv\\\/az\\\/article\\\/gurcustan-ve-azerbaycan-hokumet-jurnaliste-kompensasiya-odeyecek\\\/#primaryimage\"},\"thumbnailUrl\":\"https:\\\/\\\/www.meydan.tv\\\/wp-content\\\/uploads\\\/35ddf297-3ad3-423a-8276-28d4c41262a2_w1023_r1_s.jpg\",\"articleSection\":[\"Siyas\u0259t\",\"X\u0259b\u0259rl\u0259r\"],\"inLanguage\":\"az\"},{\"@type\":\"WebPage\",\"@id\":\"https:\\\/\\\/www.meydan.tv\\\/az\\\/article\\\/gurcustan-ve-azerbaycan-hokumet-jurnaliste-kompensasiya-odeyecek\\\/\",\"url\":\"https:\\\/\\\/www.meydan.tv\\\/az\\\/article\\\/gurcustan-ve-azerbaycan-hokumet-jurnaliste-kompensasiya-odeyecek\\\/\",\"name\":\"G\u00fcrc\u00fcstan v\u0259 Az\u0259rbaycan h\u00f6kum\u0259ti jurnalist\u0259 kompensasiya \u00f6d\u0259y\u0259c\u0259k - MEYDAN.TV\",\"isPartOf\":{\"@id\":\"https:\\\/\\\/www.meydan.tv\\\/az\\\/#website\"},\"primaryImageOfPage\":{\"@id\":\"https:\\\/\\\/www.meydan.tv\\\/az\\\/article\\\/gurcustan-ve-azerbaycan-hokumet-jurnaliste-kompensasiya-odeyecek\\\/#primaryimage\"},\"image\":{\"@id\":\"https:\\\/\\\/www.meydan.tv\\\/az\\\/article\\\/gurcustan-ve-azerbaycan-hokumet-jurnaliste-kompensasiya-odeyecek\\\/#primaryimage\"},\"thumbnailUrl\":\"https:\\\/\\\/www.meydan.tv\\\/wp-content\\\/uploads\\\/35ddf297-3ad3-423a-8276-28d4c41262a2_w1023_r1_s.jpg\",\"datePublished\":\"2024-09-05T10:13:22+00:00\",\"dateModified\":\"2024-09-05T10:13:27+00:00\",\"description\":\"Q\u0259rara g\u00f6r\u0259, \u0259riz\u0259\u00e7iy\u0259 G\u00fcrc\u00fcstan h\u00f6kum\u0259ti 10 min, Az\u0259rbaycan h\u00f6kum\u0259ti is\u0259 6 min avro m\u0259n\u0259vi z\u0259r\u0259r \u0259v\u0259zi \u00f6d\u0259m\u0259lidir.\",\"breadcrumb\":{\"@id\":\"https:\\\/\\\/www.meydan.tv\\\/az\\\/article\\\/gurcustan-ve-azerbaycan-hokumet-jurnaliste-kompensasiya-odeyecek\\\/#breadcrumb\"},\"inLanguage\":\"az\",\"potentialAction\":[{\"@type\":\"ReadAction\",\"target\":[\"https:\\\/\\\/www.meydan.tv\\\/az\\\/article\\\/gurcustan-ve-azerbaycan-hokumet-jurnaliste-kompensasiya-odeyecek\\\/\"]}]},{\"@type\":\"ImageObject\",\"inLanguage\":\"az\",\"@id\":\"https:\\\/\\\/www.meydan.tv\\\/az\\\/article\\\/gurcustan-ve-azerbaycan-hokumet-jurnaliste-kompensasiya-odeyecek\\\/#primaryimage\",\"url\":\"https:\\\/\\\/www.meydan.tv\\\/wp-content\\\/uploads\\\/35ddf297-3ad3-423a-8276-28d4c41262a2_w1023_r1_s.jpg\",\"contentUrl\":\"https:\\\/\\\/www.meydan.tv\\\/wp-content\\\/uploads\\\/35ddf297-3ad3-423a-8276-28d4c41262a2_w1023_r1_s.jpg\",\"width\":1023,\"height\":575,\"caption\":\"Foto: arxiv\"},{\"@type\":\"BreadcrumbList\",\"@id\":\"https:\\\/\\\/www.meydan.tv\\\/az\\\/article\\\/gurcustan-ve-azerbaycan-hokumet-jurnaliste-kompensasiya-odeyecek\\\/#breadcrumb\",\"itemListElement\":[{\"@type\":\"ListItem\",\"position\":1,\"name\":\"Ana s\u0259hif\u0259\",\"item\":\"https:\\\/\\\/www.meydan.tv\\\/az\\\/\"},{\"@type\":\"ListItem\",\"position\":2,\"name\":\"Siyas\u0259t\",\"item\":\"https:\\\/\\\/www.meydan.tv\\\/az\\\/section\\\/siyaset\\\/\"},{\"@type\":\"ListItem\",\"position\":3,\"name\":\"G\u00fcrc\u00fcstan v\u0259 Az\u0259rbaycan h\u00f6kum\u0259ti jurnalist\u0259 kompensasiya \u00f6d\u0259y\u0259c\u0259k\"}]},{\"@type\":\"WebSite\",\"@id\":\"https:\\\/\\\/www.meydan.tv\\\/az\\\/#website\",\"url\":\"https:\\\/\\\/www.meydan.tv\\\/az\\\/\",\"name\":\"MEYDAN.TV\",\"description\":\"Meydan TV Az\u0259rbaycan\u0131n media m\u0259kan\u0131ndak\u0131 alternativ s\u0259sidir\",\"publisher\":{\"@id\":\"https:\\\/\\\/www.meydan.tv\\\/az\\\/#organization\"},\"potentialAction\":[{\"@type\":\"SearchAction\",\"target\":{\"@type\":\"EntryPoint\",\"urlTemplate\":\"https:\\\/\\\/www.meydan.tv\\\/az\\\/?s={search_term_string}\"},\"query-input\":{\"@type\":\"PropertyValueSpecification\",\"valueRequired\":true,\"valueName\":\"search_term_string\"}}],\"inLanguage\":\"az\"},{\"@type\":\"Organization\",\"@id\":\"https:\\\/\\\/www.meydan.tv\\\/az\\\/#organization\",\"name\":\"Meydan TV\",\"url\":\"https:\\\/\\\/www.meydan.tv\\\/az\\\/\",\"logo\":{\"@type\":\"ImageObject\",\"inLanguage\":\"az\",\"@id\":\"https:\\\/\\\/www.meydan.tv\\\/az\\\/#\\\/schema\\\/logo\\\/image\\\/\",\"url\":\"https:\\\/\\\/www.meydan.tv\\\/wp-content\\\/uploads\\\/2021\\\/07\\\/meydan-logo.svg\",\"contentUrl\":\"https:\\\/\\\/www.meydan.tv\\\/wp-content\\\/uploads\\\/2021\\\/07\\\/meydan-logo.svg\",\"width\":195,\"height\":46,\"caption\":\"Meydan TV\"},\"image\":{\"@id\":\"https:\\\/\\\/www.meydan.tv\\\/az\\\/#\\\/schema\\\/logo\\\/image\\\/\"}},{\"@type\":\"Person\",\"@id\":\"https:\\\/\\\/www.meydan.tv\\\/az\\\/#\\\/schema\\\/person\\\/9cdbecf90d17180ce1dfbd95b08dcf47\",\"name\":\"elli\",\"sameAs\":[\"https:\\\/\\\/x.com\\\/elli\"]}]}<\/script>\n<!-- \/ Yoast SEO plugin. -->","yoast_head_json":{"title":"G\u00fcrc\u00fcstan v\u0259 Az\u0259rbaycan h\u00f6kum\u0259ti jurnalist\u0259 kompensasiya \u00f6d\u0259y\u0259c\u0259k - MEYDAN.TV","description":"Q\u0259rara g\u00f6r\u0259, \u0259riz\u0259\u00e7iy\u0259 G\u00fcrc\u00fcstan h\u00f6kum\u0259ti 10 min, Az\u0259rbaycan h\u00f6kum\u0259ti is\u0259 6 min avro m\u0259n\u0259vi z\u0259r\u0259r \u0259v\u0259zi \u00f6d\u0259m\u0259lidir.","robots":{"index":"index","follow":"follow","max-snippet":"max-snippet:-1","max-image-preview":"max-image-preview:large","max-video-preview":"max-video-preview:-1"},"canonical":"https:\/\/www.meydan.tv\/az\/article\/gurcustan-ve-azerbaycan-hokumet-jurnaliste-kompensasiya-odeyecek\/","og_locale":"az_AZ","og_type":"article","og_title":"G\u00fcrc\u00fcstan v\u0259 Az\u0259rbaycan h\u00f6kum\u0259ti jurnalist\u0259 kompensasiya \u00f6d\u0259y\u0259c\u0259k - MEYDAN.TV","og_description":"Q\u0259rara g\u00f6r\u0259, \u0259riz\u0259\u00e7iy\u0259 G\u00fcrc\u00fcstan h\u00f6kum\u0259ti 10 min, Az\u0259rbaycan h\u00f6kum\u0259ti is\u0259 6 min avro m\u0259n\u0259vi z\u0259r\u0259r \u0259v\u0259zi \u00f6d\u0259m\u0259lidir.","og_url":"https:\/\/www.meydan.tv\/az\/article\/gurcustan-ve-azerbaycan-hokumet-jurnaliste-kompensasiya-odeyecek\/","og_site_name":"MEYDAN.TV","article_published_time":"2024-09-05T10:13:22+00:00","article_modified_time":"2024-09-05T10:13:27+00:00","og_image":[{"width":1023,"height":575,"url":"https:\/\/www.meydan.tv\/wp-content\/uploads\/35ddf297-3ad3-423a-8276-28d4c41262a2_w1023_r1_s.jpg","type":"image\/jpeg"}],"author":"elli","twitter_card":"summary_large_image","twitter_creator":"@elli","schema":{"@context":"https:\/\/schema.org","@graph":[{"@type":"Article","@id":"https:\/\/www.meydan.tv\/az\/article\/gurcustan-ve-azerbaycan-hokumet-jurnaliste-kompensasiya-odeyecek\/#article","isPartOf":{"@id":"https:\/\/www.meydan.tv\/az\/article\/gurcustan-ve-azerbaycan-hokumet-jurnaliste-kompensasiya-odeyecek\/"},"author":{"name":"elli","@id":"https:\/\/www.meydan.tv\/az\/#\/schema\/person\/9cdbecf90d17180ce1dfbd95b08dcf47"},"headline":"G\u00fcrc\u00fcstan v\u0259 Az\u0259rbaycan h\u00f6kum\u0259ti jurnalist\u0259 kompensasiya \u00f6d\u0259y\u0259c\u0259k","datePublished":"2024-09-05T10:13:22+00:00","dateModified":"2024-09-05T10:13:27+00:00","mainEntityOfPage":{"@id":"https:\/\/www.meydan.tv\/az\/article\/gurcustan-ve-azerbaycan-hokumet-jurnaliste-kompensasiya-odeyecek\/"},"wordCount":1083,"publisher":{"@id":"https:\/\/www.meydan.tv\/az\/#organization"},"image":{"@id":"https:\/\/www.meydan.tv\/az\/article\/gurcustan-ve-azerbaycan-hokumet-jurnaliste-kompensasiya-odeyecek\/#primaryimage"},"thumbnailUrl":"https:\/\/www.meydan.tv\/wp-content\/uploads\/35ddf297-3ad3-423a-8276-28d4c41262a2_w1023_r1_s.jpg","articleSection":["Siyas\u0259t","X\u0259b\u0259rl\u0259r"],"inLanguage":"az"},{"@type":"WebPage","@id":"https:\/\/www.meydan.tv\/az\/article\/gurcustan-ve-azerbaycan-hokumet-jurnaliste-kompensasiya-odeyecek\/","url":"https:\/\/www.meydan.tv\/az\/article\/gurcustan-ve-azerbaycan-hokumet-jurnaliste-kompensasiya-odeyecek\/","name":"G\u00fcrc\u00fcstan v\u0259 Az\u0259rbaycan h\u00f6kum\u0259ti jurnalist\u0259 kompensasiya \u00f6d\u0259y\u0259c\u0259k - MEYDAN.TV","isPartOf":{"@id":"https:\/\/www.meydan.tv\/az\/#website"},"primaryImageOfPage":{"@id":"https:\/\/www.meydan.tv\/az\/article\/gurcustan-ve-azerbaycan-hokumet-jurnaliste-kompensasiya-odeyecek\/#primaryimage"},"image":{"@id":"https:\/\/www.meydan.tv\/az\/article\/gurcustan-ve-azerbaycan-hokumet-jurnaliste-kompensasiya-odeyecek\/#primaryimage"},"thumbnailUrl":"https:\/\/www.meydan.tv\/wp-content\/uploads\/35ddf297-3ad3-423a-8276-28d4c41262a2_w1023_r1_s.jpg","datePublished":"2024-09-05T10:13:22+00:00","dateModified":"2024-09-05T10:13:27+00:00","description":"Q\u0259rara g\u00f6r\u0259, \u0259riz\u0259\u00e7iy\u0259 G\u00fcrc\u00fcstan h\u00f6kum\u0259ti 10 min, Az\u0259rbaycan h\u00f6kum\u0259ti is\u0259 6 min avro m\u0259n\u0259vi z\u0259r\u0259r \u0259v\u0259zi \u00f6d\u0259m\u0259lidir.","breadcrumb":{"@id":"https:\/\/www.meydan.tv\/az\/article\/gurcustan-ve-azerbaycan-hokumet-jurnaliste-kompensasiya-odeyecek\/#breadcrumb"},"inLanguage":"az","potentialAction":[{"@type":"ReadAction","target":["https:\/\/www.meydan.tv\/az\/article\/gurcustan-ve-azerbaycan-hokumet-jurnaliste-kompensasiya-odeyecek\/"]}]},{"@type":"ImageObject","inLanguage":"az","@id":"https:\/\/www.meydan.tv\/az\/article\/gurcustan-ve-azerbaycan-hokumet-jurnaliste-kompensasiya-odeyecek\/#primaryimage","url":"https:\/\/www.meydan.tv\/wp-content\/uploads\/35ddf297-3ad3-423a-8276-28d4c41262a2_w1023_r1_s.jpg","contentUrl":"https:\/\/www.meydan.tv\/wp-content\/uploads\/35ddf297-3ad3-423a-8276-28d4c41262a2_w1023_r1_s.jpg","width":1023,"height":575,"caption":"Foto: arxiv"},{"@type":"BreadcrumbList","@id":"https:\/\/www.meydan.tv\/az\/article\/gurcustan-ve-azerbaycan-hokumet-jurnaliste-kompensasiya-odeyecek\/#breadcrumb","itemListElement":[{"@type":"ListItem","position":1,"name":"Ana s\u0259hif\u0259","item":"https:\/\/www.meydan.tv\/az\/"},{"@type":"ListItem","position":2,"name":"Siyas\u0259t","item":"https:\/\/www.meydan.tv\/az\/section\/siyaset\/"},{"@type":"ListItem","position":3,"name":"G\u00fcrc\u00fcstan v\u0259 Az\u0259rbaycan h\u00f6kum\u0259ti jurnalist\u0259 kompensasiya \u00f6d\u0259y\u0259c\u0259k"}]},{"@type":"WebSite","@id":"https:\/\/www.meydan.tv\/az\/#website","url":"https:\/\/www.meydan.tv\/az\/","name":"MEYDAN.TV","description":"Meydan TV Az\u0259rbaycan\u0131n media m\u0259kan\u0131ndak\u0131 alternativ s\u0259sidir","publisher":{"@id":"https:\/\/www.meydan.tv\/az\/#organization"},"potentialAction":[{"@type":"SearchAction","target":{"@type":"EntryPoint","urlTemplate":"https:\/\/www.meydan.tv\/az\/?s={search_term_string}"},"query-input":{"@type":"PropertyValueSpecification","valueRequired":true,"valueName":"search_term_string"}}],"inLanguage":"az"},{"@type":"Organization","@id":"https:\/\/www.meydan.tv\/az\/#organization","name":"Meydan TV","url":"https:\/\/www.meydan.tv\/az\/","logo":{"@type":"ImageObject","inLanguage":"az","@id":"https:\/\/www.meydan.tv\/az\/#\/schema\/logo\/image\/","url":"https:\/\/www.meydan.tv\/wp-content\/uploads\/2021\/07\/meydan-logo.svg","contentUrl":"https:\/\/www.meydan.tv\/wp-content\/uploads\/2021\/07\/meydan-logo.svg","width":195,"height":46,"caption":"Meydan TV"},"image":{"@id":"https:\/\/www.meydan.tv\/az\/#\/schema\/logo\/image\/"}},{"@type":"Person","@id":"https:\/\/www.meydan.tv\/az\/#\/schema\/person\/9cdbecf90d17180ce1dfbd95b08dcf47","name":"elli","sameAs":["https:\/\/x.com\/elli"]}]}},"_links":{"self":[{"href":"https:\/\/www.meydan.tv\/az\/wp-json\/wp\/v2\/posts\/314740","targetHints":{"allow":["GET"]}}],"collection":[{"href":"https:\/\/www.meydan.tv\/az\/wp-json\/wp\/v2\/posts"}],"about":[{"href":"https:\/\/www.meydan.tv\/az\/wp-json\/wp\/v2\/types\/post"}],"author":[{"embeddable":true,"href":"https:\/\/www.meydan.tv\/az\/wp-json\/wp\/v2\/users\/8"}],"replies":[{"embeddable":true,"href":"https:\/\/www.meydan.tv\/az\/wp-json\/wp\/v2\/comments?post=314740"}],"version-history":[{"count":4,"href":"https:\/\/www.meydan.tv\/az\/wp-json\/wp\/v2\/posts\/314740\/revisions"}],"predecessor-version":[{"id":314755,"href":"https:\/\/www.meydan.tv\/az\/wp-json\/wp\/v2\/posts\/314740\/revisions\/314755"}],"wp:featuredmedia":[{"embeddable":true,"href":"https:\/\/www.meydan.tv\/az\/wp-json\/wp\/v2\/media\/127955"}],"wp:attachment":[{"href":"https:\/\/www.meydan.tv\/az\/wp-json\/wp\/v2\/media?parent=314740"}],"wp:term":[{"taxonomy":"category","embeddable":true,"href":"https:\/\/www.meydan.tv\/az\/wp-json\/wp\/v2\/categories?post=314740"},{"taxonomy":"post_tag","embeddable":true,"href":"https:\/\/www.meydan.tv\/az\/wp-json\/wp\/v2\/tags?post=314740"}],"curies":[{"name":"wp","href":"https:\/\/api.w.org\/{rel}","templated":true}]}}