{"id":314700,"date":"2024-09-05T12:18:25","date_gmt":"2024-09-05T08:18:25","guid":{"rendered":"https:\/\/www.meydan.tv\/?p=314700"},"modified":"2024-09-05T12:45:36","modified_gmt":"2024-09-05T08:45:36","slug":"sertifikatlasmadan-kecen-muellimlerin-musahibesi-baslayir","status":"publish","type":"post","link":"https:\/\/www.meydan.tv\/az\/article\/sertifikatlasmadan-kecen-muellimlerin-musahibesi-baslayir\/","title":{"rendered":"Sertifikatla\u015fmadan ke\u00e7\u0259n m\u00fc\u0259lliml\u0259rin m\u00fcsahib\u0259si ba\u015flay\u0131r"},"content":{"rendered":"\n<p><\/p>\n\n\n\n<p><strong><em>Test imtahanlar\u0131nda ke\u00e7id bal\u0131 toplayan \u015f\u0259xsl\u0259rin \u0259m\u0259khaqq\u0131na \u0259lav\u0259 veril\u0259c\u0259k<\/em><\/strong><\/p>\n\n\n\n<p>Sertifikatla\u015fd\u0131rma prosesinin m\u00fcsahib\u0259l\u0259ri bar\u0259d\u0259 m\u0259lumat m\u00fc\u0259lliml\u0259rin \u015f\u0259xsi kabinetl\u0259rin\u0259 g\u00f6nd\u0259rilib.<\/p>\n\n\n\n<p>T\u0259hsil \u0130nstitutunun m\u0259lumat\u0131nda bildirilir ki, t\u0259hsilver\u0259nl\u0259rin sertifikatla\u015fd\u0131r\u0131lmas\u0131 prosesinin m\u00fcsahib\u0259 m\u0259rh\u0259l\u0259sinin ke\u00e7iril\u0259c\u0259yi tarix v\u0259 m\u0259kan bar\u0259d\u0259 m\u0259lumatlar m\u00fc\u0259lliml\u0259rin \u015f\u0259xsi kabinetl\u0259rin\u0259 <a href=\"https:\/\/arti.edu.az\/2024\/09\/05\/sertifikatlasdirma-prosesinin-musahib%c9%99l%c9%99ri-bar%c9%99d%c9%99-m%c9%99lumat-mu%c9%99lliml%c9%99rin-s%c9%99xsi-kabinetl%c9%99rin%c9%99-gond%c9%99rilib-2\/\" target=\"_blank\" rel=\"noreferrer noopener\">g\u00f6nd\u0259rilib.<\/a><\/p>\n\n\n\n<p>2024-c\u00fc il sentyabr\u0131n 9-dan etibar\u0259n sertifikatla\u015fd\u0131rma prosesinin m\u00fcsahib\u0259l\u0259ri t\u0259\u015fkil olunacaq.<\/p>\n\n\n\n<p>M\u00fcsahib\u0259 m\u0259rh\u0259l\u0259si il\u0259 ba\u011fl\u0131 m\u0259lumatlar m\u00fc\u0259lliml\u0259rin \u015f\u0259xsi kabinetl\u0259rin\u0259 hiss\u0259-hiss\u0259 g\u00f6nd\u0259rilir.<\/p>\n\n\n\n<p>Xat\u0131rlad\u0131l\u0131b ki, test imtahanlar\u0131nda ke\u00e7id bal\u0131 toplayan \u015f\u0259xsl\u0259rin \u0259m\u0259khaqq\u0131na 10 %, 51 bal v\u0259 daha y\u00fcks\u0259k n\u0259tic\u0259 \u0259ld\u0259 etmi\u015f \u015f\u0259xsl\u0259rin \u0259m\u0259khaqq\u0131na 35 % \u0259lav\u0259 veril\u0259c\u0259k.<\/p>\n\n\n\n<p>\u018flav\u0259l\u0259r m\u00fcsahib\u0259 m\u0259rh\u0259l\u0259sind\u0259 u\u011fur qazanan m\u00fc\u0259lliml\u0259rin \u0259m\u0259khaqq\u0131na t\u0259tbiq olunacaq.<\/p>\n\n\n\n<p>2023-c\u00fc ild\u0259 t\u0259\u015fkil olunan sertifikatla\u015fd\u0131rma prosesinin m\u00fcsahib\u0259 m\u0259rh\u0259l\u0259sind\u0259 21883 n\u0259f\u0259r t\u0259hsilver\u0259n i\u015ftirak edib. \u0130\u015ftirak ed\u0259nd\u0259n 21784 (99,5%) n\u0259f\u0259ri u\u011fur qazan\u0131b.<\/p>\n\n\n\n<p>2024-c\u00fc il iyunun 21-22 v\u0259 24-d\u0259 Az\u0259rbaycanda n\u00f6vb\u0259ti d\u0259f\u0259 m\u00fc\u0259lliml\u0259rin sertifikatla\u015fd\u0131r\u0131lmas\u0131 imtahan\u0131 ke\u00e7irilib.<\/p>\n\n\n\n<p>Bu il ilk d\u0259f\u0259 proses\u0259 riyaziyyat v\u0259 xarici dil (ingilis dili, rus dili, Az\u0259rbaycan dili (rus b\u00f6lm\u0259si), alman dili, frans\u0131z dili v\u0259 s.) f\u0259nl\u0259rini t\u0259dris ed\u0259n t\u0259hsilver\u0259nl\u0259r c\u0259lb edilibl\u0259r.<\/p>\n\n\n\n<p>Eyni zamanda, ibtidai sinif, Az\u0259rbaycan dili v\u0259 \u0259d\u0259biyyat m\u00fc\u0259lliml\u0259ri d\u0259 imtahan veribl\u0259r.<\/p>\n\n\n\n<p>Sertifikatla\u015fd\u0131rma prosesinin test imtahan\u0131 m\u0259rh\u0259l\u0259si \u00f6lk\u0259nin 18 m\u00fcxt\u0259lif \u015f\u0259h\u0259r v\u0259 rayonu \u00fczr\u0259 \u00fcmumilikd\u0259 27 imtahan m\u0259rk\u0259zini \u0259hat\u0259 edib.<\/p>\n\n\n\n<p>Test imtahanlar\u0131nda 23 448 m\u00fc\u0259llim i\u015ftirak edib.<\/p>\n\n\n\n<p>\u0130mtahanlarda 97,5% davamiyy\u0259t qeyd\u0259 al\u0131n\u0131b.<\/p>\n\n\n\n<p>Elm v\u0259 t\u0259hsil naziri Emin \u018fmrullayev iyunun 27-d\u0259 \u201cSertifikatla\u015fd\u0131rma 2024: pe\u015f\u0259kar m\u00fc\u0259llim \u2013 keyfiyy\u0259tli t\u0259hsil\u201d adl\u0131 t\u0259dbirind\u0259 \u00e7\u0131x\u0131\u015f\u0131 zaman\u0131 deyib ki, ara\u015fd\u0131rma n\u0259tic\u0259l\u0259rin\u0259 g\u00f6r\u0259, t\u0259xmin\u0259n 400 n\u0259f\u0259r 1977- 1991- il\u0259 kimi olan d\u00f6vrd\u0259 i\u015f\u0259 q\u0259bul<a href=\"https:\/\/musavat.com\/news\/emin-emrullayev-muellimler-ozleri-de-saxta-diplom-vermemeye-calismalidirlar_1080932.html?d=1\" target=\"_blank\" rel=\"noreferrer noopener\"> olunanlard\u0131r<\/a>.<\/p>\n\n\n\n<p><em>\u201cBu, onu g\u00f6st\u0259rir ki, saxta diplom tolerantl\u0131\u011f\u0131n\u0131n s\u0259viyy\u0259si y\u00fcks\u0259kdir. Bel\u0259 olmamal\u0131d\u0131r\u201d,<\/em> \u2013 nazir deyib.<\/p>\n\n\n\n<p>\u0130yunun 28-d\u0259 is\u0259 bir qrup m\u00fc\u0259llim Elm v\u0259 T\u0259hsil Nazirliyinin \u00f6n\u00fcnd\u0259 etiraz aksiyas\u0131 ke\u00e7ir\u0259r\u0259k, sertifikatla\u015fd\u0131rma prosesind\u0259n naraz\u0131l\u0131q <a href=\"https:\/\/d9mc3ts4czbpr.cloudfront.net\/az\/article\/muellimler-nazirliyin-qarsisinda-aksiya-kecirdiler-sertifikasiya-qeyri-seffaf-kecirilib\/\" target=\"_blank\" rel=\"noreferrer noopener\">edibl\u0259r.<\/a><br><\/p>\n","protected":false},"excerpt":{"rendered":"<p>Test imtahanlar\u0131nda ke\u00e7id bal\u0131 toplayan \u015f\u0259xsl\u0259rin \u0259m\u0259khaqq\u0131na \u0259lav\u0259 veril\u0259c\u0259k Sertifikatla\u015fd\u0131rma &#8230; <\/p>\n<p class=\"read-more-container\"><a title=\"Sertifikatla\u015fmadan ke\u00e7\u0259n m\u00fc\u0259lliml\u0259rin m\u00fcsahib\u0259si ba\u015flay\u0131r\" class=\"read-more button\" href=\"https:\/\/www.meydan.tv\/az\/article\/sertifikatlasmadan-kecen-muellimlerin-musahibesi-baslayir\/#more-314700\" aria-label=\"Read more about Sertifikatla\u015fmadan ke\u00e7\u0259n m\u00fc\u0259lliml\u0259rin m\u00fcsahib\u0259si ba\u015flay\u0131r\">Davam\u0131<\/a><\/p>\n","protected":false},"author":8,"featured_media":309194,"comment_status":"closed","ping_status":"closed","sticky":false,"template":"","format":"standard","meta":{"_acf_changed":false,"_sitemap_exclude":false,"_sitemap_priority":"","_sitemap_frequency":"","footnotes":""},"categories":[62,56],"tags":[],"class_list":["post-314700","post","type-post","status-publish","format-standard","has-post-thumbnail","hentry","category-sosial","category-xeberler","infinite-scroll-item","generate-columns","tablet-grid-50","mobile-grid-100","grid-parent","grid-33","no-featured-image-padding"],"acf":[],"yoast_head":"<!-- This site is optimized with the Yoast SEO plugin v27.5 - https:\/\/yoast.com\/product\/yoast-seo-wordpress\/ -->\n<title>Sertifikatla\u015fmadan ke\u00e7\u0259n m\u00fc\u0259lliml\u0259rin m\u00fcsahib\u0259si ba\u015flay\u0131r - MEYDAN.TV<\/title>\n<meta name=\"description\" content=\"Test imtahanlar\u0131nda ke\u00e7id bal\u0131 toplayan \u015f\u0259xsl\u0259rin \u0259m\u0259khaqq\u0131na 10 %, 51 bal v\u0259 daha y\u00fcks\u0259k n\u0259tic\u0259 \u0259ld\u0259 etmi\u015f \u015f\u0259xsl\u0259rin \u0259m\u0259khaqq\u0131na 35 % \u0259lav\u0259 veril\u0259c\u0259k.\" \/>\n<meta name=\"robots\" content=\"index, follow, max-snippet:-1, max-image-preview:large, max-video-preview:-1\" \/>\n<link rel=\"canonical\" href=\"https:\/\/www.meydan.tv\/az\/article\/sertifikatlasmadan-kecen-muellimlerin-musahibesi-baslayir\/\" \/>\n<meta property=\"og:locale\" content=\"az_AZ\" \/>\n<meta property=\"og:type\" content=\"article\" \/>\n<meta property=\"og:title\" content=\"Sertifikatla\u015fmadan ke\u00e7\u0259n m\u00fc\u0259lliml\u0259rin m\u00fcsahib\u0259si ba\u015flay\u0131r - MEYDAN.TV\" \/>\n<meta property=\"og:description\" content=\"Test imtahanlar\u0131nda ke\u00e7id bal\u0131 toplayan \u015f\u0259xsl\u0259rin \u0259m\u0259khaqq\u0131na 10 %, 51 bal v\u0259 daha y\u00fcks\u0259k n\u0259tic\u0259 \u0259ld\u0259 etmi\u015f \u015f\u0259xsl\u0259rin \u0259m\u0259khaqq\u0131na 35 % \u0259lav\u0259 veril\u0259c\u0259k.\" \/>\n<meta property=\"og:url\" content=\"https:\/\/www.meydan.tv\/az\/article\/sertifikatlasmadan-kecen-muellimlerin-musahibesi-baslayir\/\" \/>\n<meta property=\"og:site_name\" content=\"MEYDAN.TV\" \/>\n<meta property=\"article:published_time\" content=\"2024-09-05T08:18:25+00:00\" \/>\n<meta property=\"article:modified_time\" content=\"2024-09-05T08:45:36+00:00\" \/>\n<meta property=\"og:image\" content=\"https:\/\/www.meydan.tv\/wp-content\/uploads\/05-30.08.22-04.jpg\" \/>\n\t<meta property=\"og:image:width\" content=\"2000\" \/>\n\t<meta property=\"og:image:height\" content=\"1333\" \/>\n\t<meta property=\"og:image:type\" content=\"image\/jpeg\" \/>\n<meta name=\"author\" content=\"elli\" \/>\n<meta name=\"twitter:card\" content=\"summary_large_image\" \/>\n<meta name=\"twitter:creator\" content=\"@elli\" \/>\n<script type=\"application\/ld+json\" class=\"yoast-schema-graph\">{\"@context\":\"https:\\\/\\\/schema.org\",\"@graph\":[{\"@type\":\"Article\",\"@id\":\"https:\\\/\\\/www.meydan.tv\\\/az\\\/article\\\/sertifikatlasmadan-kecen-muellimlerin-musahibesi-baslayir\\\/#article\",\"isPartOf\":{\"@id\":\"https:\\\/\\\/www.meydan.tv\\\/az\\\/article\\\/sertifikatlasmadan-kecen-muellimlerin-musahibesi-baslayir\\\/\"},\"author\":{\"name\":\"elli\",\"@id\":\"https:\\\/\\\/www.meydan.tv\\\/az\\\/#\\\/schema\\\/person\\\/9cdbecf90d17180ce1dfbd95b08dcf47\"},\"headline\":\"Sertifikatla\u015fmadan ke\u00e7\u0259n m\u00fc\u0259lliml\u0259rin m\u00fcsahib\u0259si ba\u015flay\u0131r\",\"datePublished\":\"2024-09-05T08:18:25+00:00\",\"dateModified\":\"2024-09-05T08:45:36+00:00\",\"mainEntityOfPage\":{\"@id\":\"https:\\\/\\\/www.meydan.tv\\\/az\\\/article\\\/sertifikatlasmadan-kecen-muellimlerin-musahibesi-baslayir\\\/\"},\"wordCount\":458,\"publisher\":{\"@id\":\"https:\\\/\\\/www.meydan.tv\\\/az\\\/#organization\"},\"image\":{\"@id\":\"https:\\\/\\\/www.meydan.tv\\\/az\\\/article\\\/sertifikatlasmadan-kecen-muellimlerin-musahibesi-baslayir\\\/#primaryimage\"},\"thumbnailUrl\":\"https:\\\/\\\/www.meydan.tv\\\/wp-content\\\/uploads\\\/05-30.08.22-04.jpg\",\"articleSection\":[\"Sosial\",\"X\u0259b\u0259rl\u0259r\"],\"inLanguage\":\"az\"},{\"@type\":\"WebPage\",\"@id\":\"https:\\\/\\\/www.meydan.tv\\\/az\\\/article\\\/sertifikatlasmadan-kecen-muellimlerin-musahibesi-baslayir\\\/\",\"url\":\"https:\\\/\\\/www.meydan.tv\\\/az\\\/article\\\/sertifikatlasmadan-kecen-muellimlerin-musahibesi-baslayir\\\/\",\"name\":\"Sertifikatla\u015fmadan ke\u00e7\u0259n m\u00fc\u0259lliml\u0259rin m\u00fcsahib\u0259si ba\u015flay\u0131r - MEYDAN.TV\",\"isPartOf\":{\"@id\":\"https:\\\/\\\/www.meydan.tv\\\/az\\\/#website\"},\"primaryImageOfPage\":{\"@id\":\"https:\\\/\\\/www.meydan.tv\\\/az\\\/article\\\/sertifikatlasmadan-kecen-muellimlerin-musahibesi-baslayir\\\/#primaryimage\"},\"image\":{\"@id\":\"https:\\\/\\\/www.meydan.tv\\\/az\\\/article\\\/sertifikatlasmadan-kecen-muellimlerin-musahibesi-baslayir\\\/#primaryimage\"},\"thumbnailUrl\":\"https:\\\/\\\/www.meydan.tv\\\/wp-content\\\/uploads\\\/05-30.08.22-04.jpg\",\"datePublished\":\"2024-09-05T08:18:25+00:00\",\"dateModified\":\"2024-09-05T08:45:36+00:00\",\"description\":\"Test imtahanlar\u0131nda ke\u00e7id bal\u0131 toplayan \u015f\u0259xsl\u0259rin \u0259m\u0259khaqq\u0131na 10 %, 51 bal v\u0259 daha y\u00fcks\u0259k n\u0259tic\u0259 \u0259ld\u0259 etmi\u015f \u015f\u0259xsl\u0259rin \u0259m\u0259khaqq\u0131na 35 % \u0259lav\u0259 veril\u0259c\u0259k.\",\"breadcrumb\":{\"@id\":\"https:\\\/\\\/www.meydan.tv\\\/az\\\/article\\\/sertifikatlasmadan-kecen-muellimlerin-musahibesi-baslayir\\\/#breadcrumb\"},\"inLanguage\":\"az\",\"potentialAction\":[{\"@type\":\"ReadAction\",\"target\":[\"https:\\\/\\\/www.meydan.tv\\\/az\\\/article\\\/sertifikatlasmadan-kecen-muellimlerin-musahibesi-baslayir\\\/\"]}]},{\"@type\":\"ImageObject\",\"inLanguage\":\"az\",\"@id\":\"https:\\\/\\\/www.meydan.tv\\\/az\\\/article\\\/sertifikatlasmadan-kecen-muellimlerin-musahibesi-baslayir\\\/#primaryimage\",\"url\":\"https:\\\/\\\/www.meydan.tv\\\/wp-content\\\/uploads\\\/05-30.08.22-04.jpg\",\"contentUrl\":\"https:\\\/\\\/www.meydan.tv\\\/wp-content\\\/uploads\\\/05-30.08.22-04.jpg\",\"width\":2000,\"height\":1333,\"caption\":\"M\u00fc\u0259lliml\u0259rin sertifikasiya imtahan\u0131. Foto: Elm v\u0259 T\u0259hsil Nazirliyinin sayt\u0131\"},{\"@type\":\"BreadcrumbList\",\"@id\":\"https:\\\/\\\/www.meydan.tv\\\/az\\\/article\\\/sertifikatlasmadan-kecen-muellimlerin-musahibesi-baslayir\\\/#breadcrumb\",\"itemListElement\":[{\"@type\":\"ListItem\",\"position\":1,\"name\":\"Ana s\u0259hif\u0259\",\"item\":\"https:\\\/\\\/www.meydan.tv\\\/az\\\/\"},{\"@type\":\"ListItem\",\"position\":2,\"name\":\"Sosial\",\"item\":\"https:\\\/\\\/www.meydan.tv\\\/az\\\/section\\\/sosial\\\/\"},{\"@type\":\"ListItem\",\"position\":3,\"name\":\"Sertifikatla\u015fmadan ke\u00e7\u0259n m\u00fc\u0259lliml\u0259rin m\u00fcsahib\u0259si ba\u015flay\u0131r\"}]},{\"@type\":\"WebSite\",\"@id\":\"https:\\\/\\\/www.meydan.tv\\\/az\\\/#website\",\"url\":\"https:\\\/\\\/www.meydan.tv\\\/az\\\/\",\"name\":\"MEYDAN.TV\",\"description\":\"Meydan TV Az\u0259rbaycan\u0131n media m\u0259kan\u0131ndak\u0131 alternativ s\u0259sidir\",\"publisher\":{\"@id\":\"https:\\\/\\\/www.meydan.tv\\\/az\\\/#organization\"},\"potentialAction\":[{\"@type\":\"SearchAction\",\"target\":{\"@type\":\"EntryPoint\",\"urlTemplate\":\"https:\\\/\\\/www.meydan.tv\\\/az\\\/?s={search_term_string}\"},\"query-input\":{\"@type\":\"PropertyValueSpecification\",\"valueRequired\":true,\"valueName\":\"search_term_string\"}}],\"inLanguage\":\"az\"},{\"@type\":\"Organization\",\"@id\":\"https:\\\/\\\/www.meydan.tv\\\/az\\\/#organization\",\"name\":\"Meydan TV\",\"url\":\"https:\\\/\\\/www.meydan.tv\\\/az\\\/\",\"logo\":{\"@type\":\"ImageObject\",\"inLanguage\":\"az\",\"@id\":\"https:\\\/\\\/www.meydan.tv\\\/az\\\/#\\\/schema\\\/logo\\\/image\\\/\",\"url\":\"https:\\\/\\\/www.meydan.tv\\\/wp-content\\\/uploads\\\/2021\\\/07\\\/meydan-logo.svg\",\"contentUrl\":\"https:\\\/\\\/www.meydan.tv\\\/wp-content\\\/uploads\\\/2021\\\/07\\\/meydan-logo.svg\",\"width\":195,\"height\":46,\"caption\":\"Meydan TV\"},\"image\":{\"@id\":\"https:\\\/\\\/www.meydan.tv\\\/az\\\/#\\\/schema\\\/logo\\\/image\\\/\"}},{\"@type\":\"Person\",\"@id\":\"https:\\\/\\\/www.meydan.tv\\\/az\\\/#\\\/schema\\\/person\\\/9cdbecf90d17180ce1dfbd95b08dcf47\",\"name\":\"elli\",\"sameAs\":[\"https:\\\/\\\/x.com\\\/elli\"]}]}<\/script>\n<!-- \/ Yoast SEO plugin. -->","yoast_head_json":{"title":"Sertifikatla\u015fmadan ke\u00e7\u0259n m\u00fc\u0259lliml\u0259rin m\u00fcsahib\u0259si ba\u015flay\u0131r - MEYDAN.TV","description":"Test imtahanlar\u0131nda ke\u00e7id bal\u0131 toplayan \u015f\u0259xsl\u0259rin \u0259m\u0259khaqq\u0131na 10 %, 51 bal v\u0259 daha y\u00fcks\u0259k n\u0259tic\u0259 \u0259ld\u0259 etmi\u015f \u015f\u0259xsl\u0259rin \u0259m\u0259khaqq\u0131na 35 % \u0259lav\u0259 veril\u0259c\u0259k.","robots":{"index":"index","follow":"follow","max-snippet":"max-snippet:-1","max-image-preview":"max-image-preview:large","max-video-preview":"max-video-preview:-1"},"canonical":"https:\/\/www.meydan.tv\/az\/article\/sertifikatlasmadan-kecen-muellimlerin-musahibesi-baslayir\/","og_locale":"az_AZ","og_type":"article","og_title":"Sertifikatla\u015fmadan ke\u00e7\u0259n m\u00fc\u0259lliml\u0259rin m\u00fcsahib\u0259si ba\u015flay\u0131r - MEYDAN.TV","og_description":"Test imtahanlar\u0131nda ke\u00e7id bal\u0131 toplayan \u015f\u0259xsl\u0259rin \u0259m\u0259khaqq\u0131na 10 %, 51 bal v\u0259 daha y\u00fcks\u0259k n\u0259tic\u0259 \u0259ld\u0259 etmi\u015f \u015f\u0259xsl\u0259rin \u0259m\u0259khaqq\u0131na 35 % \u0259lav\u0259 veril\u0259c\u0259k.","og_url":"https:\/\/www.meydan.tv\/az\/article\/sertifikatlasmadan-kecen-muellimlerin-musahibesi-baslayir\/","og_site_name":"MEYDAN.TV","article_published_time":"2024-09-05T08:18:25+00:00","article_modified_time":"2024-09-05T08:45:36+00:00","og_image":[{"width":2000,"height":1333,"url":"https:\/\/www.meydan.tv\/wp-content\/uploads\/05-30.08.22-04.jpg","type":"image\/jpeg"}],"author":"elli","twitter_card":"summary_large_image","twitter_creator":"@elli","schema":{"@context":"https:\/\/schema.org","@graph":[{"@type":"Article","@id":"https:\/\/www.meydan.tv\/az\/article\/sertifikatlasmadan-kecen-muellimlerin-musahibesi-baslayir\/#article","isPartOf":{"@id":"https:\/\/www.meydan.tv\/az\/article\/sertifikatlasmadan-kecen-muellimlerin-musahibesi-baslayir\/"},"author":{"name":"elli","@id":"https:\/\/www.meydan.tv\/az\/#\/schema\/person\/9cdbecf90d17180ce1dfbd95b08dcf47"},"headline":"Sertifikatla\u015fmadan ke\u00e7\u0259n m\u00fc\u0259lliml\u0259rin m\u00fcsahib\u0259si ba\u015flay\u0131r","datePublished":"2024-09-05T08:18:25+00:00","dateModified":"2024-09-05T08:45:36+00:00","mainEntityOfPage":{"@id":"https:\/\/www.meydan.tv\/az\/article\/sertifikatlasmadan-kecen-muellimlerin-musahibesi-baslayir\/"},"wordCount":458,"publisher":{"@id":"https:\/\/www.meydan.tv\/az\/#organization"},"image":{"@id":"https:\/\/www.meydan.tv\/az\/article\/sertifikatlasmadan-kecen-muellimlerin-musahibesi-baslayir\/#primaryimage"},"thumbnailUrl":"https:\/\/www.meydan.tv\/wp-content\/uploads\/05-30.08.22-04.jpg","articleSection":["Sosial","X\u0259b\u0259rl\u0259r"],"inLanguage":"az"},{"@type":"WebPage","@id":"https:\/\/www.meydan.tv\/az\/article\/sertifikatlasmadan-kecen-muellimlerin-musahibesi-baslayir\/","url":"https:\/\/www.meydan.tv\/az\/article\/sertifikatlasmadan-kecen-muellimlerin-musahibesi-baslayir\/","name":"Sertifikatla\u015fmadan ke\u00e7\u0259n m\u00fc\u0259lliml\u0259rin m\u00fcsahib\u0259si ba\u015flay\u0131r - MEYDAN.TV","isPartOf":{"@id":"https:\/\/www.meydan.tv\/az\/#website"},"primaryImageOfPage":{"@id":"https:\/\/www.meydan.tv\/az\/article\/sertifikatlasmadan-kecen-muellimlerin-musahibesi-baslayir\/#primaryimage"},"image":{"@id":"https:\/\/www.meydan.tv\/az\/article\/sertifikatlasmadan-kecen-muellimlerin-musahibesi-baslayir\/#primaryimage"},"thumbnailUrl":"https:\/\/www.meydan.tv\/wp-content\/uploads\/05-30.08.22-04.jpg","datePublished":"2024-09-05T08:18:25+00:00","dateModified":"2024-09-05T08:45:36+00:00","description":"Test imtahanlar\u0131nda ke\u00e7id bal\u0131 toplayan \u015f\u0259xsl\u0259rin \u0259m\u0259khaqq\u0131na 10 %, 51 bal v\u0259 daha y\u00fcks\u0259k n\u0259tic\u0259 \u0259ld\u0259 etmi\u015f \u015f\u0259xsl\u0259rin \u0259m\u0259khaqq\u0131na 35 % \u0259lav\u0259 veril\u0259c\u0259k.","breadcrumb":{"@id":"https:\/\/www.meydan.tv\/az\/article\/sertifikatlasmadan-kecen-muellimlerin-musahibesi-baslayir\/#breadcrumb"},"inLanguage":"az","potentialAction":[{"@type":"ReadAction","target":["https:\/\/www.meydan.tv\/az\/article\/sertifikatlasmadan-kecen-muellimlerin-musahibesi-baslayir\/"]}]},{"@type":"ImageObject","inLanguage":"az","@id":"https:\/\/www.meydan.tv\/az\/article\/sertifikatlasmadan-kecen-muellimlerin-musahibesi-baslayir\/#primaryimage","url":"https:\/\/www.meydan.tv\/wp-content\/uploads\/05-30.08.22-04.jpg","contentUrl":"https:\/\/www.meydan.tv\/wp-content\/uploads\/05-30.08.22-04.jpg","width":2000,"height":1333,"caption":"M\u00fc\u0259lliml\u0259rin sertifikasiya imtahan\u0131. Foto: Elm v\u0259 T\u0259hsil Nazirliyinin sayt\u0131"},{"@type":"BreadcrumbList","@id":"https:\/\/www.meydan.tv\/az\/article\/sertifikatlasmadan-kecen-muellimlerin-musahibesi-baslayir\/#breadcrumb","itemListElement":[{"@type":"ListItem","position":1,"name":"Ana s\u0259hif\u0259","item":"https:\/\/www.meydan.tv\/az\/"},{"@type":"ListItem","position":2,"name":"Sosial","item":"https:\/\/www.meydan.tv\/az\/section\/sosial\/"},{"@type":"ListItem","position":3,"name":"Sertifikatla\u015fmadan ke\u00e7\u0259n m\u00fc\u0259lliml\u0259rin m\u00fcsahib\u0259si ba\u015flay\u0131r"}]},{"@type":"WebSite","@id":"https:\/\/www.meydan.tv\/az\/#website","url":"https:\/\/www.meydan.tv\/az\/","name":"MEYDAN.TV","description":"Meydan TV Az\u0259rbaycan\u0131n media m\u0259kan\u0131ndak\u0131 alternativ s\u0259sidir","publisher":{"@id":"https:\/\/www.meydan.tv\/az\/#organization"},"potentialAction":[{"@type":"SearchAction","target":{"@type":"EntryPoint","urlTemplate":"https:\/\/www.meydan.tv\/az\/?s={search_term_string}"},"query-input":{"@type":"PropertyValueSpecification","valueRequired":true,"valueName":"search_term_string"}}],"inLanguage":"az"},{"@type":"Organization","@id":"https:\/\/www.meydan.tv\/az\/#organization","name":"Meydan TV","url":"https:\/\/www.meydan.tv\/az\/","logo":{"@type":"ImageObject","inLanguage":"az","@id":"https:\/\/www.meydan.tv\/az\/#\/schema\/logo\/image\/","url":"https:\/\/www.meydan.tv\/wp-content\/uploads\/2021\/07\/meydan-logo.svg","contentUrl":"https:\/\/www.meydan.tv\/wp-content\/uploads\/2021\/07\/meydan-logo.svg","width":195,"height":46,"caption":"Meydan TV"},"image":{"@id":"https:\/\/www.meydan.tv\/az\/#\/schema\/logo\/image\/"}},{"@type":"Person","@id":"https:\/\/www.meydan.tv\/az\/#\/schema\/person\/9cdbecf90d17180ce1dfbd95b08dcf47","name":"elli","sameAs":["https:\/\/x.com\/elli"]}]}},"_links":{"self":[{"href":"https:\/\/www.meydan.tv\/az\/wp-json\/wp\/v2\/posts\/314700","targetHints":{"allow":["GET"]}}],"collection":[{"href":"https:\/\/www.meydan.tv\/az\/wp-json\/wp\/v2\/posts"}],"about":[{"href":"https:\/\/www.meydan.tv\/az\/wp-json\/wp\/v2\/types\/post"}],"author":[{"embeddable":true,"href":"https:\/\/www.meydan.tv\/az\/wp-json\/wp\/v2\/users\/8"}],"replies":[{"embeddable":true,"href":"https:\/\/www.meydan.tv\/az\/wp-json\/wp\/v2\/comments?post=314700"}],"version-history":[{"count":4,"href":"https:\/\/www.meydan.tv\/az\/wp-json\/wp\/v2\/posts\/314700\/revisions"}],"predecessor-version":[{"id":314711,"href":"https:\/\/www.meydan.tv\/az\/wp-json\/wp\/v2\/posts\/314700\/revisions\/314711"}],"wp:featuredmedia":[{"embeddable":true,"href":"https:\/\/www.meydan.tv\/az\/wp-json\/wp\/v2\/media\/309194"}],"wp:attachment":[{"href":"https:\/\/www.meydan.tv\/az\/wp-json\/wp\/v2\/media?parent=314700"}],"wp:term":[{"taxonomy":"category","embeddable":true,"href":"https:\/\/www.meydan.tv\/az\/wp-json\/wp\/v2\/categories?post=314700"},{"taxonomy":"post_tag","embeddable":true,"href":"https:\/\/www.meydan.tv\/az\/wp-json\/wp\/v2\/tags?post=314700"}],"curies":[{"name":"wp","href":"https:\/\/api.w.org\/{rel}","templated":true}]}}