{"id":314698,"date":"2024-09-05T12:10:47","date_gmt":"2024-09-05T08:10:47","guid":{"rendered":"https:\/\/www.meydan.tv\/?p=314698"},"modified":"2024-09-05T12:47:48","modified_gmt":"2024-09-05T08:47:48","slug":"vekil-hebsde-acliq-eden-alim-artiq-elil-arabasinda-gezir","status":"publish","type":"post","link":"https:\/\/www.meydan.tv\/az\/article\/vekil-hebsde-acliq-eden-alim-artiq-elil-arabasinda-gezir\/","title":{"rendered":"V\u0259kil: H\u0259bsd\u0259 acl\u0131q ed\u0259n alim art\u0131q \u0259lil arabas\u0131nda g\u0259zir"},"content":{"rendered":"\n<p><\/p>\n\n\n\n<p><strong><em>Fazil Qas\u0131mov yaln\u0131z maye il\u0259 qidalan\u0131r<\/em><\/strong><\/p>\n\n\n\n<p>\u0130stanbul Universitetinin doktorant\u0131, 2023-c\u00fc ilin avqustunda T\u00fcrkiy\u0259d\u0259 saxlan\u0131laraq Az\u0259rbaycana g\u0259tiril\u0259n alim Fazil Qas\u0131movun h\u0259bsd\u0259 84-c\u00fc g\u00fcnd\u00fcr ki, acl\u0131q etdiyi bildirilir. Bu bar\u0259d\u0259 \u201cM\u00fcdafi\u0259 X\u0259tti\u201d insan haqlar\u0131 t\u0259\u015fkilat\u0131n\u0131n icra\u00e7\u0131 direktoru R\u00fcf\u0259t S\u0259f\u0259rov m\u0259lumat verib.<\/p>\n\n\n\n<p>H\u00fcquq m\u00fcdafi\u0259\u00e7isi bildirib ki, 3 ayd\u0131r davam ed\u0259n acl\u0131q n\u0259tic\u0259sind\u0259 Fazil Qas\u0131movun \u00e7\u0259kisi 37 kiloqrama d\u00fc\u015f\u00fcb.<\/p>\n\n\n\n<p><em>\u201c84 g\u00fcnd\u00fcr ki, qida q\u0259bul el\u0259mir. Yaln\u0131z maye q\u0259bul edir. Orqanizm o q\u0259d\u0259r z\u0259ifl\u0259yib ki, bu isti g\u00fcnl\u0259rd\u0259 q\u0131\u015f paltar\u0131ndad\u0131r. M\u00fcst\u0259qil \u015f\u0259kild\u0259 yeriy\u0259 bilmir. Su \u015f\u00fc\u015f\u0259sini d\u0259 \u0259lind\u0259 tuta bilmir\u201d<\/em>, &#8211; R\u00fcf\u0259t S\u0259f\u0259rov bildirib.<\/p>\n\n\n\n<p>H\u0259bsd\u0259 olan alimin durumunun a\u011f\u0131r oldu\u011funu v\u0259kili R\u00f6v\u015fan\u0259 R\u0259himli d\u0259 t\u0259sdiql\u0259yib. V\u0259kil bildirib ki, Fazil Qas\u0131mov art\u0131q yeriy\u0259 bilmir:<\/p>\n\n\n\n<p><em>\u201cFazil Qas\u0131mov \u00f6l\u00fcm acl\u0131\u011f\u0131n\u0131n 84-c\u00fc g\u00fcn\u00fcnd\u0259dir. Art\u0131q \u0259lil arabas\u0131ndan istifad\u0259 etm\u0259k m\u0259cburiyy\u0259tind\u0259dir\u201d.<\/em><\/p>\n\n\n\n<p>V\u0259kil h\u00fcquqlar\u0131n\u0131 m\u00fcdafi\u0259 etdiyi \u015f\u0259xs\u0259 qar\u015f\u0131 ir\u0259li s\u00fcr\u00fclm\u00fc\u015f saxta pul ittiham\u0131n\u0131n \u0259sass\u0131z oldu\u011funu, onun siyasi s\u0259b\u0259bl\u0259rl\u0259 h\u0259bs olundu\u011funu da vur\u011fulay\u0131b:<\/p>\n\n\n\n<p><em>\u201cFazilin h\u0259bsi tamamil\u0259 siyasi motivlidir\u201d.<\/em><\/p>\n\n\n\n<p>Fazil Qas\u0131mov ke\u00e7mi\u015f Az\u0259rbaycan Demokratiya v\u0259 Rifah Partiyas\u0131n\u0131n s\u0259dri, iqtisad\u00e7\u0131 Qubad \u0130bado\u011flu il\u0259 \u0259lbirlikd\u0259 ittiham olunur.<\/p>\n\n\n\n<p>Qubad \u0130bado\u011flu 2023-c\u00fc il iyulun 23-d\u0259 saxlan\u0131l\u0131b, ona qar\u015f\u0131 Cinay\u0259t M\u0259c\u0259ll\u0259sinin 204.3.1 madd\u0259si il\u0259 ittiham ir\u0259li s\u00fcr\u00fcl\u00fcb. H\u0259min g\u00fcn onun ofisind\u0259 ke\u00e7iril\u0259n axtar\u0131\u015fda 40 min dollar pul tap\u0131ld\u0131\u011f\u0131, onun bir hiss\u0259sinin saxta oldu\u011fu iddia edilib.<\/p>\n\n\n\n<p>T\u0259qsirl\u0259ndiril\u0259n iqtisad\u00e7\u0131 bildirib ki, o pulun ona he\u00e7 bir aidiyy\u0259ti yoxdur v\u0259 ora polisl\u0259rin \u00f6zl\u0259ri yerl\u0259\u015fdirib, sonra da g\u00f6t\u00fcr\u00fcbl\u0259r.<\/p>\n\n\n\n<p>Qubad \u0130bado\u011flunun h\u0259bsind\u0259n az sonra \u2013 avqustun 8-d\u0259 Fazil Qas\u0131mov T\u00fcrkiy\u0259d\u0259 saxlan\u0131laraq, Az\u0259rbaycana g\u0259tirilib.<\/p>\n\n\n\n<p>Ona da eyni madd\u0259 il\u0259 ittiham verilib. \u0130ddia edilib ki, saxta pullar\u0131 Fazil Qas\u0131mov T\u00fcrkiy\u0259d\u0259 \u0259ld\u0259 ed\u0259r\u0259k Qubad \u0130bado\u011fluna verib, o da Az\u0259rbaycana g\u0259tirib<\/p>\n\n\n\n<p>Qubad \u0130bado\u011flu h\u0259bs olundu\u011fu g\u00fcn axtar\u0131\u015fdan sonra binadan \u00e7\u0131xar\u0131l\u0131b apar\u0131lark\u0259n Prezident \u0130lham \u018fliyevin sifari\u015fil\u0259 h\u0259bs olundu\u011funu bildirib.<\/p>\n\n\n\n<p>O, aprelin 22-d\u0259 h\u0259bsd\u0259n burax\u0131l\u0131b. Ev dustaql\u0131\u011f\u0131na burax\u0131landan t\u0259xmin\u0259n 20 g\u00fcn sonra \u2013 may\u0131n 14-d\u0259 s\u0259dri oldu\u011fu Az\u0259rbaycan Demokratiya v\u0259 Rifah Partiyas\u0131n\u0131n (ADR) f\u0259aliyy\u0259tinin dayand\u0131r\u0131lmas\u0131 bar\u0259d\u0259 q\u0259rar q\u0259bul edilib.<\/p>\n\n\n\n<p>ADR \u0130dar\u0259 Hey\u0259ti partiyan\u0131n f\u0259aliyy\u0259tini dayand\u0131rmas\u0131n\u0131 qeydiyyata al\u0131nmamas\u0131yla izah edib.<br>Qubad \u0130bado\u011flu ev dustaql\u0131\u011f\u0131na burax\u0131lsa da, sonradan bu q\u0259timkan t\u0259dbiri \u201cpolis n\u0259zar\u0259tin\u0259 verm\u0259\u201d il\u0259 \u0259v\u0259z olunub<\/p>\n\n\n\n<p>Fazil M\u0259mm\u0259dovun i\u015fin\u0259 Bak\u0131 A\u011f\u0131r Cinay\u0259tl\u0259r M\u0259hk\u0259m\u0259sind\u0259 bax\u0131l\u0131r. O, m\u0259hk\u0259m\u0259d\u0259 bildirib ki, istintaq zaman\u0131 \u00f6z\u00fcn\u00fcn v\u0259 Qubad \u0130bado\u011flunun \u0259leyhin\u0259 yalan ifad\u0259l\u0259r verm\u0259si \u00fc\u00e7\u00fcn d\u00f6y\u00fclm\u0259, ba\u015f\u0131n\u0131n unitaza sal\u0131nmas\u0131, cinsi azl\u0131q olan dustaqlar\u0131n t\u0259cav\u00fcz\u00fc il\u0259 h\u0259d\u0259l\u0259nm\u0259si kimi m\u00fcxt\u0259lif t\u0259zyiql\u0259r\u0259 m\u0259ruz qal\u0131b.<\/p>\n\n\n\n<p><\/p>\n","protected":false},"excerpt":{"rendered":"<p>Fazil Qas\u0131mov yaln\u0131z maye il\u0259 qidalan\u0131r \u0130stanbul Universitetinin doktorant\u0131, 2023-c\u00fc &#8230; <\/p>\n<p class=\"read-more-container\"><a title=\"V\u0259kil: H\u0259bsd\u0259 acl\u0131q ed\u0259n alim art\u0131q \u0259lil arabas\u0131nda g\u0259zir\" class=\"read-more button\" href=\"https:\/\/www.meydan.tv\/az\/article\/vekil-hebsde-acliq-eden-alim-artiq-elil-arabasinda-gezir\/#more-314698\" aria-label=\"Read more about V\u0259kil: H\u0259bsd\u0259 acl\u0131q ed\u0259n alim art\u0131q \u0259lil arabas\u0131nda g\u0259zir\">Davam\u0131<\/a><\/p>\n","protected":false},"author":8,"featured_media":281728,"comment_status":"closed","ping_status":"closed","sticky":false,"template":"","format":"standard","meta":{"_acf_changed":false,"_sitemap_exclude":false,"_sitemap_priority":"","_sitemap_frequency":"","footnotes":""},"categories":[59,79,56],"tags":[],"class_list":["post-314698","post","type-post","status-publish","format-standard","has-post-thumbnail","hentry","category-siyaset","category-featured","category-xeberler","infinite-scroll-item","generate-columns","tablet-grid-50","mobile-grid-100","grid-parent","grid-33","no-featured-image-padding"],"acf":[],"yoast_head":"<!-- This site is optimized with the Yoast SEO plugin v27.4 - https:\/\/yoast.com\/product\/yoast-seo-wordpress\/ -->\n<title>V\u0259kil: H\u0259bsd\u0259 acl\u0131q ed\u0259n alim art\u0131q \u0259lil arabas\u0131nda g\u0259zir - MEYDAN.TV<\/title>\n<meta name=\"description\" content=\"3 ayd\u0131r davam ed\u0259n acl\u0131q n\u0259tic\u0259sind\u0259 Fazil Qas\u0131movun \u00e7\u0259kisi 37 kiloqrama d\u00fc\u015f\u00fcb.\" \/>\n<meta name=\"robots\" content=\"index, follow, max-snippet:-1, max-image-preview:large, max-video-preview:-1\" \/>\n<link rel=\"canonical\" href=\"https:\/\/www.meydan.tv\/az\/article\/vekil-hebsde-acliq-eden-alim-artiq-elil-arabasinda-gezir\/\" \/>\n<meta property=\"og:locale\" content=\"az_AZ\" \/>\n<meta property=\"og:type\" content=\"article\" \/>\n<meta property=\"og:title\" content=\"V\u0259kil: H\u0259bsd\u0259 acl\u0131q ed\u0259n alim art\u0131q \u0259lil arabas\u0131nda g\u0259zir - MEYDAN.TV\" \/>\n<meta property=\"og:description\" content=\"3 ayd\u0131r davam ed\u0259n acl\u0131q n\u0259tic\u0259sind\u0259 Fazil Qas\u0131movun \u00e7\u0259kisi 37 kiloqrama d\u00fc\u015f\u00fcb.\" \/>\n<meta property=\"og:url\" content=\"https:\/\/www.meydan.tv\/az\/article\/vekil-hebsde-acliq-eden-alim-artiq-elil-arabasinda-gezir\/\" \/>\n<meta property=\"og:site_name\" content=\"MEYDAN.TV\" \/>\n<meta property=\"article:published_time\" content=\"2024-09-05T08:10:47+00:00\" \/>\n<meta property=\"article:modified_time\" content=\"2024-09-05T08:47:48+00:00\" \/>\n<meta property=\"og:image\" content=\"https:\/\/www.meydan.tv\/wp-content\/uploads\/untitled-design-176.jpg\" \/>\n\t<meta property=\"og:image:width\" content=\"1200\" \/>\n\t<meta property=\"og:image:height\" content=\"800\" \/>\n\t<meta property=\"og:image:type\" content=\"image\/jpeg\" \/>\n<meta name=\"author\" content=\"elli\" \/>\n<meta name=\"twitter:card\" content=\"summary_large_image\" \/>\n<meta name=\"twitter:creator\" content=\"@elli\" \/>\n<script type=\"application\/ld+json\" class=\"yoast-schema-graph\">{\"@context\":\"https:\\\/\\\/schema.org\",\"@graph\":[{\"@type\":\"Article\",\"@id\":\"https:\\\/\\\/www.meydan.tv\\\/az\\\/article\\\/vekil-hebsde-acliq-eden-alim-artiq-elil-arabasinda-gezir\\\/#article\",\"isPartOf\":{\"@id\":\"https:\\\/\\\/www.meydan.tv\\\/az\\\/article\\\/vekil-hebsde-acliq-eden-alim-artiq-elil-arabasinda-gezir\\\/\"},\"author\":{\"name\":\"elli\",\"@id\":\"https:\\\/\\\/www.meydan.tv\\\/az\\\/#\\\/schema\\\/person\\\/9cdbecf90d17180ce1dfbd95b08dcf47\"},\"headline\":\"V\u0259kil: H\u0259bsd\u0259 acl\u0131q ed\u0259n alim art\u0131q \u0259lil arabas\u0131nda g\u0259zir\",\"datePublished\":\"2024-09-05T08:10:47+00:00\",\"dateModified\":\"2024-09-05T08:47:48+00:00\",\"mainEntityOfPage\":{\"@id\":\"https:\\\/\\\/www.meydan.tv\\\/az\\\/article\\\/vekil-hebsde-acliq-eden-alim-artiq-elil-arabasinda-gezir\\\/\"},\"wordCount\":615,\"publisher\":{\"@id\":\"https:\\\/\\\/www.meydan.tv\\\/az\\\/#organization\"},\"image\":{\"@id\":\"https:\\\/\\\/www.meydan.tv\\\/az\\\/article\\\/vekil-hebsde-acliq-eden-alim-artiq-elil-arabasinda-gezir\\\/#primaryimage\"},\"thumbnailUrl\":\"https:\\\/\\\/www.meydan.tv\\\/wp-content\\\/uploads\\\/untitled-design-176.jpg\",\"articleSection\":[\"Siyas\u0259t\",\"T\u00f6vsiy\u0259\",\"X\u0259b\u0259rl\u0259r\"],\"inLanguage\":\"az\"},{\"@type\":\"WebPage\",\"@id\":\"https:\\\/\\\/www.meydan.tv\\\/az\\\/article\\\/vekil-hebsde-acliq-eden-alim-artiq-elil-arabasinda-gezir\\\/\",\"url\":\"https:\\\/\\\/www.meydan.tv\\\/az\\\/article\\\/vekil-hebsde-acliq-eden-alim-artiq-elil-arabasinda-gezir\\\/\",\"name\":\"V\u0259kil: H\u0259bsd\u0259 acl\u0131q ed\u0259n alim art\u0131q \u0259lil arabas\u0131nda g\u0259zir - MEYDAN.TV\",\"isPartOf\":{\"@id\":\"https:\\\/\\\/www.meydan.tv\\\/az\\\/#website\"},\"primaryImageOfPage\":{\"@id\":\"https:\\\/\\\/www.meydan.tv\\\/az\\\/article\\\/vekil-hebsde-acliq-eden-alim-artiq-elil-arabasinda-gezir\\\/#primaryimage\"},\"image\":{\"@id\":\"https:\\\/\\\/www.meydan.tv\\\/az\\\/article\\\/vekil-hebsde-acliq-eden-alim-artiq-elil-arabasinda-gezir\\\/#primaryimage\"},\"thumbnailUrl\":\"https:\\\/\\\/www.meydan.tv\\\/wp-content\\\/uploads\\\/untitled-design-176.jpg\",\"datePublished\":\"2024-09-05T08:10:47+00:00\",\"dateModified\":\"2024-09-05T08:47:48+00:00\",\"description\":\"3 ayd\u0131r davam ed\u0259n acl\u0131q n\u0259tic\u0259sind\u0259 Fazil Qas\u0131movun \u00e7\u0259kisi 37 kiloqrama d\u00fc\u015f\u00fcb.\",\"breadcrumb\":{\"@id\":\"https:\\\/\\\/www.meydan.tv\\\/az\\\/article\\\/vekil-hebsde-acliq-eden-alim-artiq-elil-arabasinda-gezir\\\/#breadcrumb\"},\"inLanguage\":\"az\",\"potentialAction\":[{\"@type\":\"ReadAction\",\"target\":[\"https:\\\/\\\/www.meydan.tv\\\/az\\\/article\\\/vekil-hebsde-acliq-eden-alim-artiq-elil-arabasinda-gezir\\\/\"]}]},{\"@type\":\"ImageObject\",\"inLanguage\":\"az\",\"@id\":\"https:\\\/\\\/www.meydan.tv\\\/az\\\/article\\\/vekil-hebsde-acliq-eden-alim-artiq-elil-arabasinda-gezir\\\/#primaryimage\",\"url\":\"https:\\\/\\\/www.meydan.tv\\\/wp-content\\\/uploads\\\/untitled-design-176.jpg\",\"contentUrl\":\"https:\\\/\\\/www.meydan.tv\\\/wp-content\\\/uploads\\\/untitled-design-176.jpg\",\"width\":1200,\"height\":800,\"caption\":\"Fazil Qas\u0131mov. Foto: Fazil Qas\u0131movun \u015f\u0259xsi arxivind\u0259n\"},{\"@type\":\"BreadcrumbList\",\"@id\":\"https:\\\/\\\/www.meydan.tv\\\/az\\\/article\\\/vekil-hebsde-acliq-eden-alim-artiq-elil-arabasinda-gezir\\\/#breadcrumb\",\"itemListElement\":[{\"@type\":\"ListItem\",\"position\":1,\"name\":\"Ana s\u0259hif\u0259\",\"item\":\"https:\\\/\\\/www.meydan.tv\\\/az\\\/\"},{\"@type\":\"ListItem\",\"position\":2,\"name\":\"Siyas\u0259t\",\"item\":\"https:\\\/\\\/www.meydan.tv\\\/az\\\/section\\\/siyaset\\\/\"},{\"@type\":\"ListItem\",\"position\":3,\"name\":\"V\u0259kil: H\u0259bsd\u0259 acl\u0131q ed\u0259n alim art\u0131q \u0259lil arabas\u0131nda g\u0259zir\"}]},{\"@type\":\"WebSite\",\"@id\":\"https:\\\/\\\/www.meydan.tv\\\/az\\\/#website\",\"url\":\"https:\\\/\\\/www.meydan.tv\\\/az\\\/\",\"name\":\"MEYDAN.TV\",\"description\":\"Meydan TV Az\u0259rbaycan\u0131n media m\u0259kan\u0131ndak\u0131 alternativ s\u0259sidir\",\"publisher\":{\"@id\":\"https:\\\/\\\/www.meydan.tv\\\/az\\\/#organization\"},\"potentialAction\":[{\"@type\":\"SearchAction\",\"target\":{\"@type\":\"EntryPoint\",\"urlTemplate\":\"https:\\\/\\\/www.meydan.tv\\\/az\\\/?s={search_term_string}\"},\"query-input\":{\"@type\":\"PropertyValueSpecification\",\"valueRequired\":true,\"valueName\":\"search_term_string\"}}],\"inLanguage\":\"az\"},{\"@type\":\"Organization\",\"@id\":\"https:\\\/\\\/www.meydan.tv\\\/az\\\/#organization\",\"name\":\"Meydan TV\",\"url\":\"https:\\\/\\\/www.meydan.tv\\\/az\\\/\",\"logo\":{\"@type\":\"ImageObject\",\"inLanguage\":\"az\",\"@id\":\"https:\\\/\\\/www.meydan.tv\\\/az\\\/#\\\/schema\\\/logo\\\/image\\\/\",\"url\":\"https:\\\/\\\/www.meydan.tv\\\/wp-content\\\/uploads\\\/2021\\\/07\\\/meydan-logo.svg\",\"contentUrl\":\"https:\\\/\\\/www.meydan.tv\\\/wp-content\\\/uploads\\\/2021\\\/07\\\/meydan-logo.svg\",\"width\":195,\"height\":46,\"caption\":\"Meydan TV\"},\"image\":{\"@id\":\"https:\\\/\\\/www.meydan.tv\\\/az\\\/#\\\/schema\\\/logo\\\/image\\\/\"}},{\"@type\":\"Person\",\"@id\":\"https:\\\/\\\/www.meydan.tv\\\/az\\\/#\\\/schema\\\/person\\\/9cdbecf90d17180ce1dfbd95b08dcf47\",\"name\":\"elli\",\"sameAs\":[\"https:\\\/\\\/x.com\\\/elli\"]}]}<\/script>\n<!-- \/ Yoast SEO plugin. -->","yoast_head_json":{"title":"V\u0259kil: H\u0259bsd\u0259 acl\u0131q ed\u0259n alim art\u0131q \u0259lil arabas\u0131nda g\u0259zir - MEYDAN.TV","description":"3 ayd\u0131r davam ed\u0259n acl\u0131q n\u0259tic\u0259sind\u0259 Fazil Qas\u0131movun \u00e7\u0259kisi 37 kiloqrama d\u00fc\u015f\u00fcb.","robots":{"index":"index","follow":"follow","max-snippet":"max-snippet:-1","max-image-preview":"max-image-preview:large","max-video-preview":"max-video-preview:-1"},"canonical":"https:\/\/www.meydan.tv\/az\/article\/vekil-hebsde-acliq-eden-alim-artiq-elil-arabasinda-gezir\/","og_locale":"az_AZ","og_type":"article","og_title":"V\u0259kil: H\u0259bsd\u0259 acl\u0131q ed\u0259n alim art\u0131q \u0259lil arabas\u0131nda g\u0259zir - MEYDAN.TV","og_description":"3 ayd\u0131r davam ed\u0259n acl\u0131q n\u0259tic\u0259sind\u0259 Fazil Qas\u0131movun \u00e7\u0259kisi 37 kiloqrama d\u00fc\u015f\u00fcb.","og_url":"https:\/\/www.meydan.tv\/az\/article\/vekil-hebsde-acliq-eden-alim-artiq-elil-arabasinda-gezir\/","og_site_name":"MEYDAN.TV","article_published_time":"2024-09-05T08:10:47+00:00","article_modified_time":"2024-09-05T08:47:48+00:00","og_image":[{"width":1200,"height":800,"url":"https:\/\/www.meydan.tv\/wp-content\/uploads\/untitled-design-176.jpg","type":"image\/jpeg"}],"author":"elli","twitter_card":"summary_large_image","twitter_creator":"@elli","schema":{"@context":"https:\/\/schema.org","@graph":[{"@type":"Article","@id":"https:\/\/www.meydan.tv\/az\/article\/vekil-hebsde-acliq-eden-alim-artiq-elil-arabasinda-gezir\/#article","isPartOf":{"@id":"https:\/\/www.meydan.tv\/az\/article\/vekil-hebsde-acliq-eden-alim-artiq-elil-arabasinda-gezir\/"},"author":{"name":"elli","@id":"https:\/\/www.meydan.tv\/az\/#\/schema\/person\/9cdbecf90d17180ce1dfbd95b08dcf47"},"headline":"V\u0259kil: H\u0259bsd\u0259 acl\u0131q ed\u0259n alim art\u0131q \u0259lil arabas\u0131nda g\u0259zir","datePublished":"2024-09-05T08:10:47+00:00","dateModified":"2024-09-05T08:47:48+00:00","mainEntityOfPage":{"@id":"https:\/\/www.meydan.tv\/az\/article\/vekil-hebsde-acliq-eden-alim-artiq-elil-arabasinda-gezir\/"},"wordCount":615,"publisher":{"@id":"https:\/\/www.meydan.tv\/az\/#organization"},"image":{"@id":"https:\/\/www.meydan.tv\/az\/article\/vekil-hebsde-acliq-eden-alim-artiq-elil-arabasinda-gezir\/#primaryimage"},"thumbnailUrl":"https:\/\/www.meydan.tv\/wp-content\/uploads\/untitled-design-176.jpg","articleSection":["Siyas\u0259t","T\u00f6vsiy\u0259","X\u0259b\u0259rl\u0259r"],"inLanguage":"az"},{"@type":"WebPage","@id":"https:\/\/www.meydan.tv\/az\/article\/vekil-hebsde-acliq-eden-alim-artiq-elil-arabasinda-gezir\/","url":"https:\/\/www.meydan.tv\/az\/article\/vekil-hebsde-acliq-eden-alim-artiq-elil-arabasinda-gezir\/","name":"V\u0259kil: H\u0259bsd\u0259 acl\u0131q ed\u0259n alim art\u0131q \u0259lil arabas\u0131nda g\u0259zir - MEYDAN.TV","isPartOf":{"@id":"https:\/\/www.meydan.tv\/az\/#website"},"primaryImageOfPage":{"@id":"https:\/\/www.meydan.tv\/az\/article\/vekil-hebsde-acliq-eden-alim-artiq-elil-arabasinda-gezir\/#primaryimage"},"image":{"@id":"https:\/\/www.meydan.tv\/az\/article\/vekil-hebsde-acliq-eden-alim-artiq-elil-arabasinda-gezir\/#primaryimage"},"thumbnailUrl":"https:\/\/www.meydan.tv\/wp-content\/uploads\/untitled-design-176.jpg","datePublished":"2024-09-05T08:10:47+00:00","dateModified":"2024-09-05T08:47:48+00:00","description":"3 ayd\u0131r davam ed\u0259n acl\u0131q n\u0259tic\u0259sind\u0259 Fazil Qas\u0131movun \u00e7\u0259kisi 37 kiloqrama d\u00fc\u015f\u00fcb.","breadcrumb":{"@id":"https:\/\/www.meydan.tv\/az\/article\/vekil-hebsde-acliq-eden-alim-artiq-elil-arabasinda-gezir\/#breadcrumb"},"inLanguage":"az","potentialAction":[{"@type":"ReadAction","target":["https:\/\/www.meydan.tv\/az\/article\/vekil-hebsde-acliq-eden-alim-artiq-elil-arabasinda-gezir\/"]}]},{"@type":"ImageObject","inLanguage":"az","@id":"https:\/\/www.meydan.tv\/az\/article\/vekil-hebsde-acliq-eden-alim-artiq-elil-arabasinda-gezir\/#primaryimage","url":"https:\/\/www.meydan.tv\/wp-content\/uploads\/untitled-design-176.jpg","contentUrl":"https:\/\/www.meydan.tv\/wp-content\/uploads\/untitled-design-176.jpg","width":1200,"height":800,"caption":"Fazil Qas\u0131mov. Foto: Fazil Qas\u0131movun \u015f\u0259xsi arxivind\u0259n"},{"@type":"BreadcrumbList","@id":"https:\/\/www.meydan.tv\/az\/article\/vekil-hebsde-acliq-eden-alim-artiq-elil-arabasinda-gezir\/#breadcrumb","itemListElement":[{"@type":"ListItem","position":1,"name":"Ana s\u0259hif\u0259","item":"https:\/\/www.meydan.tv\/az\/"},{"@type":"ListItem","position":2,"name":"Siyas\u0259t","item":"https:\/\/www.meydan.tv\/az\/section\/siyaset\/"},{"@type":"ListItem","position":3,"name":"V\u0259kil: H\u0259bsd\u0259 acl\u0131q ed\u0259n alim art\u0131q \u0259lil arabas\u0131nda g\u0259zir"}]},{"@type":"WebSite","@id":"https:\/\/www.meydan.tv\/az\/#website","url":"https:\/\/www.meydan.tv\/az\/","name":"MEYDAN.TV","description":"Meydan TV Az\u0259rbaycan\u0131n media m\u0259kan\u0131ndak\u0131 alternativ s\u0259sidir","publisher":{"@id":"https:\/\/www.meydan.tv\/az\/#organization"},"potentialAction":[{"@type":"SearchAction","target":{"@type":"EntryPoint","urlTemplate":"https:\/\/www.meydan.tv\/az\/?s={search_term_string}"},"query-input":{"@type":"PropertyValueSpecification","valueRequired":true,"valueName":"search_term_string"}}],"inLanguage":"az"},{"@type":"Organization","@id":"https:\/\/www.meydan.tv\/az\/#organization","name":"Meydan TV","url":"https:\/\/www.meydan.tv\/az\/","logo":{"@type":"ImageObject","inLanguage":"az","@id":"https:\/\/www.meydan.tv\/az\/#\/schema\/logo\/image\/","url":"https:\/\/www.meydan.tv\/wp-content\/uploads\/2021\/07\/meydan-logo.svg","contentUrl":"https:\/\/www.meydan.tv\/wp-content\/uploads\/2021\/07\/meydan-logo.svg","width":195,"height":46,"caption":"Meydan TV"},"image":{"@id":"https:\/\/www.meydan.tv\/az\/#\/schema\/logo\/image\/"}},{"@type":"Person","@id":"https:\/\/www.meydan.tv\/az\/#\/schema\/person\/9cdbecf90d17180ce1dfbd95b08dcf47","name":"elli","sameAs":["https:\/\/x.com\/elli"]}]}},"_links":{"self":[{"href":"https:\/\/www.meydan.tv\/az\/wp-json\/wp\/v2\/posts\/314698","targetHints":{"allow":["GET"]}}],"collection":[{"href":"https:\/\/www.meydan.tv\/az\/wp-json\/wp\/v2\/posts"}],"about":[{"href":"https:\/\/www.meydan.tv\/az\/wp-json\/wp\/v2\/types\/post"}],"author":[{"embeddable":true,"href":"https:\/\/www.meydan.tv\/az\/wp-json\/wp\/v2\/users\/8"}],"replies":[{"embeddable":true,"href":"https:\/\/www.meydan.tv\/az\/wp-json\/wp\/v2\/comments?post=314698"}],"version-history":[{"count":3,"href":"https:\/\/www.meydan.tv\/az\/wp-json\/wp\/v2\/posts\/314698\/revisions"}],"predecessor-version":[{"id":314705,"href":"https:\/\/www.meydan.tv\/az\/wp-json\/wp\/v2\/posts\/314698\/revisions\/314705"}],"wp:featuredmedia":[{"embeddable":true,"href":"https:\/\/www.meydan.tv\/az\/wp-json\/wp\/v2\/media\/281728"}],"wp:attachment":[{"href":"https:\/\/www.meydan.tv\/az\/wp-json\/wp\/v2\/media?parent=314698"}],"wp:term":[{"taxonomy":"category","embeddable":true,"href":"https:\/\/www.meydan.tv\/az\/wp-json\/wp\/v2\/categories?post=314698"},{"taxonomy":"post_tag","embeddable":true,"href":"https:\/\/www.meydan.tv\/az\/wp-json\/wp\/v2\/tags?post=314698"}],"curies":[{"name":"wp","href":"https:\/\/api.w.org\/{rel}","templated":true}]}}