{"id":314667,"date":"2024-09-04T15:57:30","date_gmt":"2024-09-04T11:57:30","guid":{"rendered":"https:\/\/www.meydan.tv\/?p=314667"},"modified":"2024-09-04T15:57:32","modified_gmt":"2024-09-04T11:57:32","slug":"hesabat-azerbaycanda-jurnalistlere-qarsi-147-tezyiq-hali-qeyde-alinib","status":"publish","type":"post","link":"https:\/\/www.meydan.tv\/az\/article\/hesabat-azerbaycanda-jurnalistlere-qarsi-147-tezyiq-hali-qeyde-alinib\/","title":{"rendered":"Hesabat: &#8220;Az\u0259rbaycanda jurnalistl\u0259r\u0259 qar\u015f\u0131 147 t\u0259zyiq hal\u0131 qeyd\u0259 al\u0131n\u0131b&#8221;"},"content":{"rendered":"\n<p><\/p>\n\n\n\n<p><strong><em>H\u00f6kum\u0259tin xaricd\u0259ki t\u0259nqid\u00e7il\u0259rini d\u0259 susdurma\u011fa \u00e7al\u0131\u015fd\u0131\u011f\u0131 bildirilir<\/em><\/strong><\/p>\n\n\n\n<p>\u201cJurnalistl\u0259r\u0259 \u018fdal\u0259t\u201d Beyn\u0259lxalq Fondu 2023-c\u00fc ild\u0259 ke\u00e7mi\u015f SSR\u0130 \u00f6lk\u0259l\u0259rind\u0259 jurnalistl\u0259rin h\u00fcquqlar\u0131n\u0131n pozulmas\u0131na dair hesabat haz\u0131rlay\u0131b.<\/p>\n\n\n\n<p>H\u0259min hesabatda Az\u0259rbaycanla ba\u011fl\u0131 m\u0259lumatlar da yer al\u0131b.<\/p>\n\n\n\n<p>Fond bildirib ki, hesabat\u0131 haz\u0131rlayark\u0259n yaln\u0131z a\u00e7\u0131q m\u0259nb\u0259l\u0259rd\u0259n istifad\u0259 <a href=\"https:\/\/jfj.fund\/attacks-on-media-workers-in-azerbaijan-2023\/\" target=\"_blank\" rel=\"noreferrer noopener\">edib<\/a>.<\/p>\n\n\n\n<p>Az\u0259rbaycanla ba\u011fl\u0131 hiss\u0259d\u0259 bildirilib ki, bu \u00f6lk\u0259d\u0259 jurnalistl\u0259r\u0259, blogerl\u0259r\u0259, media redaksiyalar\u0131na, h\u0259m\u00e7inin v\u0259t\u0259nda\u015f c\u0259miyy\u0259ti f\u0259allar\u0131na qar\u015f\u0131 147 t\u0259zyiq hal\u0131 ba\u015f verib.<\/p>\n\n\n\n<p>Hesabatdak\u0131 insidentl\u0259r 2023-c\u00fc ild\u0259 ba\u015f ver\u0259nl\u0259rdir:<\/p>\n\n\n\n<p><em>&#8220;Az\u0259rbaycanda 2023-c\u00fc ilin sonundan ba\u015flayaraq, m\u00fcst\u0259qil v\u0259 t\u0259nqid\u00e7i media v\u0259 jurnalistl\u0259r\u0259 qar\u015f\u0131 misli g\u00f6r\u00fcnm\u0259mi\u015f t\u0259qibl\u0259r ba\u015flay\u0131b. N\u0259tic\u0259d\u0259, 20-d\u0259n \u00e7ox jurnalist h\u0259bs edilib v\u0259 ya m\u0259suliyy\u0259t\u0259 c\u0259lb edilib. H\u0259m\u00e7inin \u00f6lk\u0259d\u0259 f\u0259aliyy\u0259t g\u00f6st\u0259r\u0259n m\u00fcst\u0259qil median\u0131n \u0259ks\u0259riyy\u0259ti qapad\u0131l\u0131b v\u0259 yaxud f\u0259aliyy\u0259ti \u0259ng\u0259ll\u0259nib\u201d.<\/em><\/p>\n\n\n\n<p>Hesabatda bildirilir ki, Az\u0259rbaycan h\u00f6kum\u0259ti h\u0259m\u00e7inin xaricd\u0259ki t\u0259nqid\u00e7il\u0259rini d\u0259 susdurma\u011fa \u00e7al\u0131\u015f\u0131b.<\/p>\n\n\n\n<p>2024-c\u00fc ilin avqustunda G\u00fcrc\u00fcstanda ya\u015fayan jurnalist \u018ffqan Sad\u0131qov h\u0259bs edilib, onun Az\u0259rbaycana ekstradisiyas\u0131 t\u0259l\u0259b olunub:<\/p>\n\n\n\n<p><em>&#8220;\u018ffqan Sad\u0131qov t\u0259hdid yoluyla pul t\u0259l\u0259b etm\u0259kd\u0259 ittiham olunur&#8221;.<\/em><\/p>\n\n\n\n<p>Bundan \u0259lav\u0259, hesabatda bildirilir ki, Az\u0259rbaycanda 2022-ci ild\u0259 q\u0259bul edilmi\u015f &#8220;Media haqq\u0131nda&#8221; yeni qanun q\u00fcvv\u0259y\u0259 minib.<\/p>\n\n\n\n<p>Bu qanun b\u00fct\u00fcn median\u0131n reyestrd\u0259n ke\u00e7m\u0259sini t\u0259l\u0259b edir.<\/p>\n\n\n\n<p>Bu da m\u00fcst\u0259qil median\u0131n f\u0259aliyy\u0259tini avtomatik olaraq \u00f6lk\u0259 \u0259razisind\u0259 qanunsuz edib.<\/p>\n\n\n\n<p>Qanunun q\u0259bulu aksiyalara s\u0259b\u0259b olub. Aksiyalarda polis m\u00fcst\u0259qil media n\u00fcmay\u0259nd\u0259l\u0259rin\u0259 h\u00fccum edib. Sonradan bu t\u0259zyiql\u0259rl\u0259 ba\u011fl\u0131 \u015fikay\u0259tl\u0259r olsa da, he\u00e7 biri ara\u015fd\u0131r\u0131lmay\u0131b:<\/p>\n\n\n\n<p><em>\u201cM\u0259hk\u0259m\u0259 v\u0259 ya iqtisadi vasit\u0259l\u0259rd\u0259n istifad\u0259 etm\u0259kl\u0259 mediaya h\u00fccum Az\u0259rbaycanda mediaya t\u0259zyiq g\u00f6st\u0259rm\u0259yin \u0259sas metodu olaraq qal\u0131r. H\u0259m\u00e7inin dindirm\u0259l\u0259r, axtar\u0131\u015flar, m\u00fcsadir\u0259l\u0259r v\u0259 m\u0259hk\u0259m\u0259 \u00e7\u0259ki\u015fm\u0259l\u0259ri \u0259sas t\u0259zyiq \u00fcsullar\u0131 olub v\u0259 bu kateqoriyada 50 insident qeyd\u0259 al\u0131n\u0131b\u201d.<\/em><\/p>\n\n\n\n<p>Hesabatda qeyd edilir ki, 2023-c\u00fc ild\u0259 Az\u0259rbaycanda K\u0130V i\u015f\u00e7il\u0259rin\u0259 qar\u015f\u0131 19 fiziki h\u00fccum qeyd\u0259 al\u0131n\u0131b.<\/p>\n\n\n\n<p>Bu insidentl\u0259rin \u0259ks\u0259riyy\u0259tind\u0259 jurnalistl\u0259r k\u00fctl\u0259vi etirazlar\u0131 v\u0259 toplant\u0131lar\u0131 i\u015f\u0131qland\u0131rark\u0259n ba\u015f verib.<\/p>\n\n\n\n<p>Qeyd\u0259 al\u0131nan h\u00fccumlar\u0131n ham\u0131s\u0131 hakimiyy\u0259t n\u00fcmay\u0259nd\u0259l\u0259ri t\u0259r\u0259find\u0259n t\u00f6r\u0259dilib.<\/p>\n\n\n\n<p>\u018fn k\u00fctl\u0259vi h\u00fccum jurnalistl\u0259rin G\u0259d\u0259b\u0259y rayonunun S\u00f6y\u00fcdl\u00fc k\u0259nd sakinl\u0259rinin etiraz aksiyas\u0131n\u0131 i\u015f\u0131qland\u0131rmas\u0131 zaman\u0131 ba\u015f verib.<\/p>\n","protected":false},"excerpt":{"rendered":"<p>H\u00f6kum\u0259tin xaricd\u0259ki t\u0259nqid\u00e7il\u0259rini d\u0259 susdurma\u011fa \u00e7al\u0131\u015fd\u0131\u011f\u0131 bildirilir \u201cJurnalistl\u0259r\u0259 \u018fdal\u0259t\u201d Beyn\u0259lxalq &#8230; <\/p>\n<p class=\"read-more-container\"><a title=\"Hesabat: &#8220;Az\u0259rbaycanda jurnalistl\u0259r\u0259 qar\u015f\u0131 147 t\u0259zyiq hal\u0131 qeyd\u0259 al\u0131n\u0131b&#8221;\" class=\"read-more button\" href=\"https:\/\/www.meydan.tv\/az\/article\/hesabat-azerbaycanda-jurnalistlere-qarsi-147-tezyiq-hali-qeyde-alinib\/#more-314667\" aria-label=\"Read more about Hesabat: &#8220;Az\u0259rbaycanda jurnalistl\u0259r\u0259 qar\u015f\u0131 147 t\u0259zyiq hal\u0131 qeyd\u0259 al\u0131n\u0131b&#8221;\">Davam\u0131<\/a><\/p>\n","protected":false},"author":8,"featured_media":294629,"comment_status":"closed","ping_status":"closed","sticky":false,"template":"","format":"standard","meta":{"_acf_changed":false,"_sitemap_exclude":false,"_sitemap_priority":"","_sitemap_frequency":"","footnotes":""},"categories":[59,79,56],"tags":[],"class_list":["post-314667","post","type-post","status-publish","format-standard","has-post-thumbnail","hentry","category-siyaset","category-featured","category-xeberler","infinite-scroll-item","generate-columns","tablet-grid-50","mobile-grid-100","grid-parent","grid-33","no-featured-image-padding"],"acf":[],"yoast_head":"<!-- This site is optimized with the Yoast SEO plugin v27.4 - https:\/\/yoast.com\/product\/yoast-seo-wordpress\/ -->\n<title>&quot;Az\u0259rbaycanda jurnalistl\u0259r\u0259 qar\u015f\u0131 147 t\u0259zyiq hal\u0131 qeyd\u0259 al\u0131n\u0131b&quot;<\/title>\n<meta name=\"description\" content=\"Bildirilir ki, Az\u0259rbaycan h\u00f6kum\u0259ti h\u0259m\u00e7inin xaricd\u0259ki t\u0259nqid\u00e7il\u0259rini d\u0259 susdurma\u011fa \u00e7al\u0131\u015f\u0131b.\" \/>\n<meta name=\"robots\" content=\"index, follow, max-snippet:-1, max-image-preview:large, max-video-preview:-1\" \/>\n<link rel=\"canonical\" href=\"https:\/\/www.meydan.tv\/az\/article\/hesabat-azerbaycanda-jurnalistlere-qarsi-147-tezyiq-hali-qeyde-alinib\/\" \/>\n<meta property=\"og:locale\" content=\"az_AZ\" \/>\n<meta property=\"og:type\" content=\"article\" \/>\n<meta property=\"og:title\" content=\"&quot;Az\u0259rbaycanda jurnalistl\u0259r\u0259 qar\u015f\u0131 147 t\u0259zyiq hal\u0131 qeyd\u0259 al\u0131n\u0131b&quot;\" \/>\n<meta property=\"og:description\" content=\"Bildirilir ki, Az\u0259rbaycan h\u00f6kum\u0259ti h\u0259m\u00e7inin xaricd\u0259ki t\u0259nqid\u00e7il\u0259rini d\u0259 susdurma\u011fa \u00e7al\u0131\u015f\u0131b.\" \/>\n<meta property=\"og:url\" content=\"https:\/\/www.meydan.tv\/az\/article\/hesabat-azerbaycanda-jurnalistlere-qarsi-147-tezyiq-hali-qeyde-alinib\/\" \/>\n<meta property=\"og:site_name\" content=\"MEYDAN.TV\" \/>\n<meta property=\"article:published_time\" content=\"2024-09-04T11:57:30+00:00\" \/>\n<meta property=\"article:modified_time\" content=\"2024-09-04T11:57:32+00:00\" \/>\n<meta property=\"og:image\" content=\"https:\/\/www.meydan.tv\/wp-content\/uploads\/img_9579__1_-1.jpg\" \/>\n\t<meta property=\"og:image:width\" content=\"1200\" \/>\n\t<meta property=\"og:image:height\" content=\"800\" \/>\n\t<meta property=\"og:image:type\" content=\"image\/jpeg\" \/>\n<meta name=\"author\" content=\"elli\" \/>\n<meta name=\"twitter:card\" content=\"summary_large_image\" \/>\n<meta name=\"twitter:creator\" content=\"@elli\" \/>\n<script type=\"application\/ld+json\" class=\"yoast-schema-graph\">{\"@context\":\"https:\\\/\\\/schema.org\",\"@graph\":[{\"@type\":\"Article\",\"@id\":\"https:\\\/\\\/www.meydan.tv\\\/az\\\/article\\\/hesabat-azerbaycanda-jurnalistlere-qarsi-147-tezyiq-hali-qeyde-alinib\\\/#article\",\"isPartOf\":{\"@id\":\"https:\\\/\\\/www.meydan.tv\\\/az\\\/article\\\/hesabat-azerbaycanda-jurnalistlere-qarsi-147-tezyiq-hali-qeyde-alinib\\\/\"},\"author\":{\"name\":\"elli\",\"@id\":\"https:\\\/\\\/www.meydan.tv\\\/az\\\/#\\\/schema\\\/person\\\/9cdbecf90d17180ce1dfbd95b08dcf47\"},\"headline\":\"Hesabat: &#8220;Az\u0259rbaycanda jurnalistl\u0259r\u0259 qar\u015f\u0131 147 t\u0259zyiq hal\u0131 qeyd\u0259 al\u0131n\u0131b&#8221;\",\"datePublished\":\"2024-09-04T11:57:30+00:00\",\"dateModified\":\"2024-09-04T11:57:32+00:00\",\"mainEntityOfPage\":{\"@id\":\"https:\\\/\\\/www.meydan.tv\\\/az\\\/article\\\/hesabat-azerbaycanda-jurnalistlere-qarsi-147-tezyiq-hali-qeyde-alinib\\\/\"},\"wordCount\":520,\"publisher\":{\"@id\":\"https:\\\/\\\/www.meydan.tv\\\/az\\\/#organization\"},\"image\":{\"@id\":\"https:\\\/\\\/www.meydan.tv\\\/az\\\/article\\\/hesabat-azerbaycanda-jurnalistlere-qarsi-147-tezyiq-hali-qeyde-alinib\\\/#primaryimage\"},\"thumbnailUrl\":\"https:\\\/\\\/www.meydan.tv\\\/wp-content\\\/uploads\\\/img_9579__1_-1.jpg\",\"articleSection\":[\"Siyas\u0259t\",\"T\u00f6vsiy\u0259\",\"X\u0259b\u0259rl\u0259r\"],\"inLanguage\":\"az\"},{\"@type\":\"WebPage\",\"@id\":\"https:\\\/\\\/www.meydan.tv\\\/az\\\/article\\\/hesabat-azerbaycanda-jurnalistlere-qarsi-147-tezyiq-hali-qeyde-alinib\\\/\",\"url\":\"https:\\\/\\\/www.meydan.tv\\\/az\\\/article\\\/hesabat-azerbaycanda-jurnalistlere-qarsi-147-tezyiq-hali-qeyde-alinib\\\/\",\"name\":\"\\\"Az\u0259rbaycanda jurnalistl\u0259r\u0259 qar\u015f\u0131 147 t\u0259zyiq hal\u0131 qeyd\u0259 al\u0131n\u0131b\\\"\",\"isPartOf\":{\"@id\":\"https:\\\/\\\/www.meydan.tv\\\/az\\\/#website\"},\"primaryImageOfPage\":{\"@id\":\"https:\\\/\\\/www.meydan.tv\\\/az\\\/article\\\/hesabat-azerbaycanda-jurnalistlere-qarsi-147-tezyiq-hali-qeyde-alinib\\\/#primaryimage\"},\"image\":{\"@id\":\"https:\\\/\\\/www.meydan.tv\\\/az\\\/article\\\/hesabat-azerbaycanda-jurnalistlere-qarsi-147-tezyiq-hali-qeyde-alinib\\\/#primaryimage\"},\"thumbnailUrl\":\"https:\\\/\\\/www.meydan.tv\\\/wp-content\\\/uploads\\\/img_9579__1_-1.jpg\",\"datePublished\":\"2024-09-04T11:57:30+00:00\",\"dateModified\":\"2024-09-04T11:57:32+00:00\",\"description\":\"Bildirilir ki, Az\u0259rbaycan h\u00f6kum\u0259ti h\u0259m\u00e7inin xaricd\u0259ki t\u0259nqid\u00e7il\u0259rini d\u0259 susdurma\u011fa \u00e7al\u0131\u015f\u0131b.\",\"breadcrumb\":{\"@id\":\"https:\\\/\\\/www.meydan.tv\\\/az\\\/article\\\/hesabat-azerbaycanda-jurnalistlere-qarsi-147-tezyiq-hali-qeyde-alinib\\\/#breadcrumb\"},\"inLanguage\":\"az\",\"potentialAction\":[{\"@type\":\"ReadAction\",\"target\":[\"https:\\\/\\\/www.meydan.tv\\\/az\\\/article\\\/hesabat-azerbaycanda-jurnalistlere-qarsi-147-tezyiq-hali-qeyde-alinib\\\/\"]}]},{\"@type\":\"ImageObject\",\"inLanguage\":\"az\",\"@id\":\"https:\\\/\\\/www.meydan.tv\\\/az\\\/article\\\/hesabat-azerbaycanda-jurnalistlere-qarsi-147-tezyiq-hali-qeyde-alinib\\\/#primaryimage\",\"url\":\"https:\\\/\\\/www.meydan.tv\\\/wp-content\\\/uploads\\\/img_9579__1_-1.jpg\",\"contentUrl\":\"https:\\\/\\\/www.meydan.tv\\\/wp-content\\\/uploads\\\/img_9579__1_-1.jpg\",\"width\":1200,\"height\":800,\"caption\":\"Media. Photo: \u00dclviyy\u0259 \u018fli.\"},{\"@type\":\"BreadcrumbList\",\"@id\":\"https:\\\/\\\/www.meydan.tv\\\/az\\\/article\\\/hesabat-azerbaycanda-jurnalistlere-qarsi-147-tezyiq-hali-qeyde-alinib\\\/#breadcrumb\",\"itemListElement\":[{\"@type\":\"ListItem\",\"position\":1,\"name\":\"Ana s\u0259hif\u0259\",\"item\":\"https:\\\/\\\/www.meydan.tv\\\/az\\\/\"},{\"@type\":\"ListItem\",\"position\":2,\"name\":\"Siyas\u0259t\",\"item\":\"https:\\\/\\\/www.meydan.tv\\\/az\\\/section\\\/siyaset\\\/\"},{\"@type\":\"ListItem\",\"position\":3,\"name\":\"Hesabat: &#8220;Az\u0259rbaycanda jurnalistl\u0259r\u0259 qar\u015f\u0131 147 t\u0259zyiq hal\u0131 qeyd\u0259 al\u0131n\u0131b&#8221;\"}]},{\"@type\":\"WebSite\",\"@id\":\"https:\\\/\\\/www.meydan.tv\\\/az\\\/#website\",\"url\":\"https:\\\/\\\/www.meydan.tv\\\/az\\\/\",\"name\":\"MEYDAN.TV\",\"description\":\"Meydan TV Az\u0259rbaycan\u0131n media m\u0259kan\u0131ndak\u0131 alternativ s\u0259sidir\",\"publisher\":{\"@id\":\"https:\\\/\\\/www.meydan.tv\\\/az\\\/#organization\"},\"potentialAction\":[{\"@type\":\"SearchAction\",\"target\":{\"@type\":\"EntryPoint\",\"urlTemplate\":\"https:\\\/\\\/www.meydan.tv\\\/az\\\/?s={search_term_string}\"},\"query-input\":{\"@type\":\"PropertyValueSpecification\",\"valueRequired\":true,\"valueName\":\"search_term_string\"}}],\"inLanguage\":\"az\"},{\"@type\":\"Organization\",\"@id\":\"https:\\\/\\\/www.meydan.tv\\\/az\\\/#organization\",\"name\":\"Meydan TV\",\"url\":\"https:\\\/\\\/www.meydan.tv\\\/az\\\/\",\"logo\":{\"@type\":\"ImageObject\",\"inLanguage\":\"az\",\"@id\":\"https:\\\/\\\/www.meydan.tv\\\/az\\\/#\\\/schema\\\/logo\\\/image\\\/\",\"url\":\"https:\\\/\\\/www.meydan.tv\\\/wp-content\\\/uploads\\\/2021\\\/07\\\/meydan-logo.svg\",\"contentUrl\":\"https:\\\/\\\/www.meydan.tv\\\/wp-content\\\/uploads\\\/2021\\\/07\\\/meydan-logo.svg\",\"width\":195,\"height\":46,\"caption\":\"Meydan TV\"},\"image\":{\"@id\":\"https:\\\/\\\/www.meydan.tv\\\/az\\\/#\\\/schema\\\/logo\\\/image\\\/\"}},{\"@type\":\"Person\",\"@id\":\"https:\\\/\\\/www.meydan.tv\\\/az\\\/#\\\/schema\\\/person\\\/9cdbecf90d17180ce1dfbd95b08dcf47\",\"name\":\"elli\",\"sameAs\":[\"https:\\\/\\\/x.com\\\/elli\"]}]}<\/script>\n<!-- \/ Yoast SEO plugin. -->","yoast_head_json":{"title":"\"Az\u0259rbaycanda jurnalistl\u0259r\u0259 qar\u015f\u0131 147 t\u0259zyiq hal\u0131 qeyd\u0259 al\u0131n\u0131b\"","description":"Bildirilir ki, Az\u0259rbaycan h\u00f6kum\u0259ti h\u0259m\u00e7inin xaricd\u0259ki t\u0259nqid\u00e7il\u0259rini d\u0259 susdurma\u011fa \u00e7al\u0131\u015f\u0131b.","robots":{"index":"index","follow":"follow","max-snippet":"max-snippet:-1","max-image-preview":"max-image-preview:large","max-video-preview":"max-video-preview:-1"},"canonical":"https:\/\/www.meydan.tv\/az\/article\/hesabat-azerbaycanda-jurnalistlere-qarsi-147-tezyiq-hali-qeyde-alinib\/","og_locale":"az_AZ","og_type":"article","og_title":"\"Az\u0259rbaycanda jurnalistl\u0259r\u0259 qar\u015f\u0131 147 t\u0259zyiq hal\u0131 qeyd\u0259 al\u0131n\u0131b\"","og_description":"Bildirilir ki, Az\u0259rbaycan h\u00f6kum\u0259ti h\u0259m\u00e7inin xaricd\u0259ki t\u0259nqid\u00e7il\u0259rini d\u0259 susdurma\u011fa \u00e7al\u0131\u015f\u0131b.","og_url":"https:\/\/www.meydan.tv\/az\/article\/hesabat-azerbaycanda-jurnalistlere-qarsi-147-tezyiq-hali-qeyde-alinib\/","og_site_name":"MEYDAN.TV","article_published_time":"2024-09-04T11:57:30+00:00","article_modified_time":"2024-09-04T11:57:32+00:00","og_image":[{"width":1200,"height":800,"url":"https:\/\/www.meydan.tv\/wp-content\/uploads\/img_9579__1_-1.jpg","type":"image\/jpeg"}],"author":"elli","twitter_card":"summary_large_image","twitter_creator":"@elli","schema":{"@context":"https:\/\/schema.org","@graph":[{"@type":"Article","@id":"https:\/\/www.meydan.tv\/az\/article\/hesabat-azerbaycanda-jurnalistlere-qarsi-147-tezyiq-hali-qeyde-alinib\/#article","isPartOf":{"@id":"https:\/\/www.meydan.tv\/az\/article\/hesabat-azerbaycanda-jurnalistlere-qarsi-147-tezyiq-hali-qeyde-alinib\/"},"author":{"name":"elli","@id":"https:\/\/www.meydan.tv\/az\/#\/schema\/person\/9cdbecf90d17180ce1dfbd95b08dcf47"},"headline":"Hesabat: &#8220;Az\u0259rbaycanda jurnalistl\u0259r\u0259 qar\u015f\u0131 147 t\u0259zyiq hal\u0131 qeyd\u0259 al\u0131n\u0131b&#8221;","datePublished":"2024-09-04T11:57:30+00:00","dateModified":"2024-09-04T11:57:32+00:00","mainEntityOfPage":{"@id":"https:\/\/www.meydan.tv\/az\/article\/hesabat-azerbaycanda-jurnalistlere-qarsi-147-tezyiq-hali-qeyde-alinib\/"},"wordCount":520,"publisher":{"@id":"https:\/\/www.meydan.tv\/az\/#organization"},"image":{"@id":"https:\/\/www.meydan.tv\/az\/article\/hesabat-azerbaycanda-jurnalistlere-qarsi-147-tezyiq-hali-qeyde-alinib\/#primaryimage"},"thumbnailUrl":"https:\/\/www.meydan.tv\/wp-content\/uploads\/img_9579__1_-1.jpg","articleSection":["Siyas\u0259t","T\u00f6vsiy\u0259","X\u0259b\u0259rl\u0259r"],"inLanguage":"az"},{"@type":"WebPage","@id":"https:\/\/www.meydan.tv\/az\/article\/hesabat-azerbaycanda-jurnalistlere-qarsi-147-tezyiq-hali-qeyde-alinib\/","url":"https:\/\/www.meydan.tv\/az\/article\/hesabat-azerbaycanda-jurnalistlere-qarsi-147-tezyiq-hali-qeyde-alinib\/","name":"\"Az\u0259rbaycanda jurnalistl\u0259r\u0259 qar\u015f\u0131 147 t\u0259zyiq hal\u0131 qeyd\u0259 al\u0131n\u0131b\"","isPartOf":{"@id":"https:\/\/www.meydan.tv\/az\/#website"},"primaryImageOfPage":{"@id":"https:\/\/www.meydan.tv\/az\/article\/hesabat-azerbaycanda-jurnalistlere-qarsi-147-tezyiq-hali-qeyde-alinib\/#primaryimage"},"image":{"@id":"https:\/\/www.meydan.tv\/az\/article\/hesabat-azerbaycanda-jurnalistlere-qarsi-147-tezyiq-hali-qeyde-alinib\/#primaryimage"},"thumbnailUrl":"https:\/\/www.meydan.tv\/wp-content\/uploads\/img_9579__1_-1.jpg","datePublished":"2024-09-04T11:57:30+00:00","dateModified":"2024-09-04T11:57:32+00:00","description":"Bildirilir ki, Az\u0259rbaycan h\u00f6kum\u0259ti h\u0259m\u00e7inin xaricd\u0259ki t\u0259nqid\u00e7il\u0259rini d\u0259 susdurma\u011fa \u00e7al\u0131\u015f\u0131b.","breadcrumb":{"@id":"https:\/\/www.meydan.tv\/az\/article\/hesabat-azerbaycanda-jurnalistlere-qarsi-147-tezyiq-hali-qeyde-alinib\/#breadcrumb"},"inLanguage":"az","potentialAction":[{"@type":"ReadAction","target":["https:\/\/www.meydan.tv\/az\/article\/hesabat-azerbaycanda-jurnalistlere-qarsi-147-tezyiq-hali-qeyde-alinib\/"]}]},{"@type":"ImageObject","inLanguage":"az","@id":"https:\/\/www.meydan.tv\/az\/article\/hesabat-azerbaycanda-jurnalistlere-qarsi-147-tezyiq-hali-qeyde-alinib\/#primaryimage","url":"https:\/\/www.meydan.tv\/wp-content\/uploads\/img_9579__1_-1.jpg","contentUrl":"https:\/\/www.meydan.tv\/wp-content\/uploads\/img_9579__1_-1.jpg","width":1200,"height":800,"caption":"Media. Photo: \u00dclviyy\u0259 \u018fli."},{"@type":"BreadcrumbList","@id":"https:\/\/www.meydan.tv\/az\/article\/hesabat-azerbaycanda-jurnalistlere-qarsi-147-tezyiq-hali-qeyde-alinib\/#breadcrumb","itemListElement":[{"@type":"ListItem","position":1,"name":"Ana s\u0259hif\u0259","item":"https:\/\/www.meydan.tv\/az\/"},{"@type":"ListItem","position":2,"name":"Siyas\u0259t","item":"https:\/\/www.meydan.tv\/az\/section\/siyaset\/"},{"@type":"ListItem","position":3,"name":"Hesabat: &#8220;Az\u0259rbaycanda jurnalistl\u0259r\u0259 qar\u015f\u0131 147 t\u0259zyiq hal\u0131 qeyd\u0259 al\u0131n\u0131b&#8221;"}]},{"@type":"WebSite","@id":"https:\/\/www.meydan.tv\/az\/#website","url":"https:\/\/www.meydan.tv\/az\/","name":"MEYDAN.TV","description":"Meydan TV Az\u0259rbaycan\u0131n media m\u0259kan\u0131ndak\u0131 alternativ s\u0259sidir","publisher":{"@id":"https:\/\/www.meydan.tv\/az\/#organization"},"potentialAction":[{"@type":"SearchAction","target":{"@type":"EntryPoint","urlTemplate":"https:\/\/www.meydan.tv\/az\/?s={search_term_string}"},"query-input":{"@type":"PropertyValueSpecification","valueRequired":true,"valueName":"search_term_string"}}],"inLanguage":"az"},{"@type":"Organization","@id":"https:\/\/www.meydan.tv\/az\/#organization","name":"Meydan TV","url":"https:\/\/www.meydan.tv\/az\/","logo":{"@type":"ImageObject","inLanguage":"az","@id":"https:\/\/www.meydan.tv\/az\/#\/schema\/logo\/image\/","url":"https:\/\/www.meydan.tv\/wp-content\/uploads\/2021\/07\/meydan-logo.svg","contentUrl":"https:\/\/www.meydan.tv\/wp-content\/uploads\/2021\/07\/meydan-logo.svg","width":195,"height":46,"caption":"Meydan TV"},"image":{"@id":"https:\/\/www.meydan.tv\/az\/#\/schema\/logo\/image\/"}},{"@type":"Person","@id":"https:\/\/www.meydan.tv\/az\/#\/schema\/person\/9cdbecf90d17180ce1dfbd95b08dcf47","name":"elli","sameAs":["https:\/\/x.com\/elli"]}]}},"_links":{"self":[{"href":"https:\/\/www.meydan.tv\/az\/wp-json\/wp\/v2\/posts\/314667","targetHints":{"allow":["GET"]}}],"collection":[{"href":"https:\/\/www.meydan.tv\/az\/wp-json\/wp\/v2\/posts"}],"about":[{"href":"https:\/\/www.meydan.tv\/az\/wp-json\/wp\/v2\/types\/post"}],"author":[{"embeddable":true,"href":"https:\/\/www.meydan.tv\/az\/wp-json\/wp\/v2\/users\/8"}],"replies":[{"embeddable":true,"href":"https:\/\/www.meydan.tv\/az\/wp-json\/wp\/v2\/comments?post=314667"}],"version-history":[{"count":3,"href":"https:\/\/www.meydan.tv\/az\/wp-json\/wp\/v2\/posts\/314667\/revisions"}],"predecessor-version":[{"id":314670,"href":"https:\/\/www.meydan.tv\/az\/wp-json\/wp\/v2\/posts\/314667\/revisions\/314670"}],"wp:featuredmedia":[{"embeddable":true,"href":"https:\/\/www.meydan.tv\/az\/wp-json\/wp\/v2\/media\/294629"}],"wp:attachment":[{"href":"https:\/\/www.meydan.tv\/az\/wp-json\/wp\/v2\/media?parent=314667"}],"wp:term":[{"taxonomy":"category","embeddable":true,"href":"https:\/\/www.meydan.tv\/az\/wp-json\/wp\/v2\/categories?post=314667"},{"taxonomy":"post_tag","embeddable":true,"href":"https:\/\/www.meydan.tv\/az\/wp-json\/wp\/v2\/tags?post=314667"}],"curies":[{"name":"wp","href":"https:\/\/api.w.org\/{rel}","templated":true}]}}