{"id":314416,"date":"2024-09-01T18:38:28","date_gmt":"2024-09-01T14:38:28","guid":{"rendered":"https:\/\/www.meydan.tv\/?p=314416"},"modified":"2024-09-01T18:44:26","modified_gmt":"2024-09-01T14:44:26","slug":"isden-cixarilan-ofisiant-sirketi-qanunsuzluq-ve-vergidenyayinmada-qinayir","status":"publish","type":"post","link":"https:\/\/www.meydan.tv\/az\/article\/isden-cixarilan-ofisiant-sirketi-qanunsuzluq-ve-vergidenyayinmada-qinayir\/","title":{"rendered":"\u0130\u015fd\u0259n \u00e7\u0131xar\u0131lan ofisiant \u015firk\u0259ti qanunsuzluq v\u0259 vergid\u0259n yay\u0131nmada q\u0131nay\u0131r"},"content":{"rendered":"\n<p><\/p>\n\n\n\n<p><strong><em>\u015eirk\u0259t r\u0259hb\u0259rliyi iddialar\u0131 b\u00f6l\u00fc\u015fm\u00fcr, b\u00f6htan adland\u0131r\u0131r<\/em><\/strong><\/p>\n\n\n\n<p>\u201c\u0130stanbul CFC\u201d restoranlar \u015f\u0259b\u0259k\u0259sinin Xudu M\u0259mm\u0259dov 41 \u00fcnvan\u0131nda (H\u0259zi Aslanov metrostansiyas\u0131 yax\u0131nl\u0131\u011f\u0131nda) yerl\u0259\u015f\u0259n filial\u0131nda ofisiant i\u015fl\u0259y\u0259n El\u00e7in Duman o\u011flu N\u0259sirov i\u015fd\u0259n \u00e7\u0131xar\u0131ld\u0131\u011f\u0131n\u0131 deyir.<\/p>\n\n\n\n<p>Meydan TV-y\u0259 dan\u0131\u015fan El\u00e7in N\u0259sirov bildirir ki, filial\u0131n r\u0259hb\u0259ri Furkan Muhammed \u00c7avdar ona t\u0259zyiq g\u00f6st\u0259rib ki, i\u015fd\u0259n \u00e7\u0131xmas\u0131 il\u0259 \u0259laq\u0259dar \u0259riz\u0259 yazs\u0131n:<\/p>\n\n\n\n<p><em>\u201cHadis\u0259 bu g\u00fcn, sentyabr\u0131n 1-d\u0259 ba\u015f verib. Bizim restoran\u0131n \u00fc\u00e7 zal\u0131 var. H\u0259r zalda da 2-3 ofisiant i\u015fl\u0259yir. H\u0259r g\u00fcn zallarda ofisiant b\u00f6lg\u00fcs\u00fc olur. \u018flav\u0259 ofisiant\u0131n i\u015fl\u0259m\u0259si biz\u0259 s\u0259rf etmir. Bel\u0259 olanda faiz itirmi\u015f oluruq. G\u00fcnd\u0259lik adam ba\u015f\u0131na \u0259n a\u015fa\u011f\u0131s\u0131, 25-30 manat b\u0259x\u015fi\u015f olur. Ofisiant \u00e7ox olanda toplanan pul aram\u0131zda b\u00f6l\u00fcn\u00fcr. M\u0259n dem\u0259mi\u015f\u0259m ki, \u00e7\u0259tinliyim var, yan\u0131ma ofisiant verin. \u018fziz adl\u0131 ofisiant bizim zala yax\u0131nla\u015fanda ona dedim ki, burada \u0259lav\u0259 i\u015f\u00e7iy\u0259 ehtiyac yoxdur, siz gedin. Bilmirdim ki, g\u00f6st\u0259ri\u015fi Furkan b\u0259y verib\u201d.<\/em><\/p>\n\n\n\n<p>\u015eikay\u0259t\u00e7i deyir ki, hadis\u0259d\u0259n x\u0259b\u0259r tutan Furkan Muhammed \u00c7avdar ona q\u0259z\u0259bl\u0259nib v\u0259 i\u015fd\u0259n \u00e7\u0131xar\u0131b:<\/p>\n\n\n\n<p>\u201c<em>Furkan b\u0259y dedi ki, obyekt r\u0259hb\u0259ri m\u0259n\u0259m. S\u00f6y\u00fc\u015fl\u0259 dedi ki, xo\u015fun g\u0259lmir, i\u015fd\u0259n \u00e7\u0131x. M\u0259n d\u0259 cavab\u0131nda bildirdim ki, ofisiant\u0131 sizin g\u00f6nd\u0259rdiyinizi bilmirdim. H\u0259m d\u0259 i\u015fi \u00e7atd\u0131r\u0131r\u0131q, \u0259lav\u0259 adama ehtiyac yoxdur. Furkan b\u0259y m\u0259ni \u201cBanket zal\u0131\u201dna apard\u0131. S\u00f6y\u00fc\u015f s\u00f6y\u0259r\u0259k, \u0259lini stola \u00e7\u0131rparaq, dedi ki, \u0259riz\u0259ni yaz, i\u015fd\u0259n \u00e7\u0131x. M\u0259n d\u0259 dedim ki, 15 g\u00fcn m\u00f6hl\u0259tim var. Siz m\u0259ni q\u0259bah\u0259tim olmad\u0131\u011f\u0131 halda, durdu\u011fum yerd\u0259 i\u015fd\u0259n \u00e7\u0131xara bilm\u0259zsiniz. O da cavab\u0131nda dedi ki, onsuz da s\u0259nin yazaca\u011f\u0131n \u0259riz\u0259 15 g\u00fcn \u0259vv\u0259ld\u0259n hesablanacaq. \u015eikay\u0259t ed\u0259c\u0259yimi bildir\u0259nd\u0259 dedi ki, get, \u00fcr\u0259yin hara ist\u0259yir, ora da \u015fikay\u0259t et. 15 g\u00fcn m\u00f6hl\u0259t verm\u0259d\u0259n yerind\u0259c\u0259 \u0259riz\u0259 yazd\u0131r\u0131b, m\u0259ni i\u015fd\u0259n \u00e7\u0131xard\u0131lar\u201d.<\/em><\/p>\n\n\n\n<p>El\u00e7in N\u0259sirov iddia edib ki, restoran r\u0259hb\u0259rliyi vergid\u0259n yay\u0131n\u0131r.<\/p>\n\n\n\n<p>\u201c<em>Maa\u015f\u0131m\u0131z\u0131n az hiss\u0259sini kartla \u00f6d\u0259yirl\u0259r. Yerd\u0259 qalan\u0131n\u0131 is\u0259 n\u0259\u011fd \u015f\u0259kild\u0259 \u0259lb\u0259\u0259l verirl\u0259r. M\u0259s\u0259l\u0259 il\u0259 ba\u011fl\u0131 \u018fm\u0259k M\u00fcf\u0259tti\u015fliyin\u0259 d\u0259 m\u00fcraci\u0259t etmi\u015f\u0259m\u201d, &#8211; <\/em>\u015fikay\u0259t\u00e7i deyib.<\/p>\n\n\n\n<p>Furkan Muhammed \u00c7avdar Meydan TV-y\u0259 bildirib ki, El\u00e7in N\u0259sirov dig\u0259r i\u015f yolda\u015flar\u0131 il\u0259 yola getm\u0259diyin\u0259 g\u00f6r\u0259 i\u015fd\u0259n \u00e7\u0131xar\u0131l\u0131b:<\/p>\n\n\n\n<p><em>\u201cBizim t\u0259xmin\u0259n \u00fc\u00e7 \u015f\u00f6b\u0259miz var. He\u00e7 bir i\u015f\u00e7ini durdu\u011fu yerd\u0259 v\u0259 yaxud da hans\u0131sa i\u015f\u00e7inin kefin\u0259 g\u00f6r\u0259 i\u015fd\u0259n \u00e7\u0131xarm\u0131r\u0131q. Haz\u0131rda 200-250 n\u0259f\u0259r az\u0259rbaycanl\u0131 i\u015f\u00e7imiz var. Burada birlik, b\u0259rab\u0259rlik i\u00e7\u0259risind\u0259 i\u015fl\u0259yirik. H\u0259min \u015f\u0259xsi i\u015f yerind\u0259ki yolda\u015flar\u0131na qar\u015f\u0131 davran\u0131\u015flar\u0131na g\u00f6r\u0259 i\u015fd\u0259n \u00e7\u0131xarm\u0131\u015f\u0131q. Dig\u0259r ofisiant yolda\u015flar\u0131 \u0259riz\u0259 yaz\u0131b, El\u00e7in N\u0259sirovdan naraz\u0131 olduqlar\u0131n\u0131 bildiribl\u0259r. Bu, birinci d\u0259f\u0259 d\u0259 deyil. Bunu s\u00fcbut da ed\u0259 bil\u0259r\u0259m. Sonuncu d\u0259f\u0259 hay-k\u00fcy, xo\u015fag\u0259lm\u0259z s\u00f6zl\u0259\u015fm\u0259 fonunda restoran meneceri olaraq hadis\u0259y\u0259 m\u00fcdaxil\u0259 etm\u0259k m\u0259cburiyy\u0259tind\u0259 qald\u0131m. \u018friz\u0259sini yazd\u0131, i\u015fd\u0259n \u00e7\u0131xard\u0131q. O, \u0259riz\u0259d\u0259 d\u0259: \u201cT\u0259krar olaraq etdiyim bir ne\u00e7\u0259 h\u0259r\u0259k\u0259td\u0259n dolay\u0131 m\u00fcdiriyy\u0259t i\u015fd\u0259n \u00e7\u0131xma\u011f\u0131m\u0131 t\u0259l\u0259b edir, m\u0259n d\u0259 bunu q\u0259bul edir\u0259m\u201d, &#8211; dey\u0259 yaz\u0131b\u201d.<\/em><\/p>\n\n\n\n<p>Vergid\u0259n yay\u0131nmaq iddias\u0131na g\u0259linc\u0259, Furkan Muhammed \u00c7avdar bunu b\u00f6htan adland\u0131r\u0131b:<\/p>\n\n\n\n<p>\u201c<em>Bel\u0259 \u015fey ola bilm\u0259z. \u015eirk\u0259timiz b\u00f6y\u00fckd\u00fcr. Bak\u0131da iki \u201cMado\u201d, bir ne\u00e7\u0259 \u201cPeynirci baba\u201d, \u00fc\u00e7 \u201c\u0130stanbul CFC\u201d \u015f\u00f6b\u0259miz var. Y\u0259ni t\u0259k bir qida sektorunda deyilik. Vergid\u0259n yay\u0131nma kimi s\u00f6hb\u0259tin olmas\u0131 m\u00fcmk\u00fcns\u00fczd\u00fcr. Ara q\u0131z\u0131\u015fandan sonra \u00fczr ist\u0259m\u0259k \u0259v\u0259zin\u0259, gedib, \u015fikay\u0259t edirs\u0259, vallah, d\u0259v\u0259d\u0259n b\u00f6y\u00fck fil var. Problem yoxdur, ist\u0259diyi yer\u0259 \u015fikay\u0259t ed\u0259 bil\u0259r. G\u0259lib, yoxlama da apara bil\u0259rl\u0259r. Biz he\u00e7 bir yer\u0259 qa\u00e7m\u0131r\u0131q. Oldu\u011fumuz yerd\u0259yik. \u0130st\u0259yirl\u0259rs\u0259, g\u0259lib bir-bir i\u015f\u00e7il\u0259rd\u0259n soru\u015fsunlar. Bizd\u0259n \u00e7\u0131xan adam halalla\u015f\u0131b, gedir. \u0130\u015f, etiklik \u00e7\u0259r\u00e7iv\u0259sind\u0259 bir insan dig\u0259rini \u0259zirs\u0259, buna bigan\u0259 qala bilm\u0259r\u0259m\u201d.<\/em><\/p>\n\n\n\n<p>2024-c\u00fc ilin may\u0131nda \u0130\u015f\u00e7i Masas\u0131 H\u0259mkarlar \u0130ttifaqlar\u0131 Konfederasiyas\u0131n\u0131n \u0130dar\u0259 Hey\u0259tinin \u00fczv\u00fc Tural F\u0259rzili d\u0259 a\u015fpaz i\u015fl\u0259diyi \u201c\u0130stanbul CFC\u201d restoranlar \u015f\u0259b\u0259k\u0259sinin Xudu M\u0259mm\u0259dov 41 \u00fcnvan\u0131nda (H\u0259zi Aslanov metrostansiyas\u0131 yax\u0131nl\u0131\u011f\u0131nda) yerl\u0259\u015f\u0259n filial\u0131nda restoran sahibinin i\u015f\u00e7il\u0259rin \u015f\u0259xsi \u0259\u015fyalar\u0131n\u0131 yoxlamas\u0131na etiraz etdiyi \u00fc\u00e7\u00fcn i\u015fd\u0259n <a href=\"https:\/\/storage.googleapis.com\/qurium\/www.meydan.tv\/az-article-restoran-sahibinin-iscilerin-sexsi-esyalarini-yoxlamasina-etiraz-eden-aspaz-isden-cixarilib.html\">\u00e7\u0131xar\u0131lm\u0131\u015fd\u0131.<\/a><\/p>\n\n\n\n<p><\/p>\n","protected":false},"excerpt":{"rendered":"<p>\u015eirk\u0259t r\u0259hb\u0259rliyi iddialar\u0131 b\u00f6l\u00fc\u015fm\u00fcr, b\u00f6htan adland\u0131r\u0131r \u201c\u0130stanbul CFC\u201d restoranlar \u015f\u0259b\u0259k\u0259sinin &#8230; <\/p>\n<p class=\"read-more-container\"><a title=\"\u0130\u015fd\u0259n \u00e7\u0131xar\u0131lan ofisiant \u015firk\u0259ti qanunsuzluq v\u0259 vergid\u0259n yay\u0131nmada q\u0131nay\u0131r\" class=\"read-more button\" href=\"https:\/\/www.meydan.tv\/az\/article\/isden-cixarilan-ofisiant-sirketi-qanunsuzluq-ve-vergidenyayinmada-qinayir\/#more-314416\" aria-label=\"Read more about \u0130\u015fd\u0259n \u00e7\u0131xar\u0131lan ofisiant \u015firk\u0259ti qanunsuzluq v\u0259 vergid\u0259n yay\u0131nmada q\u0131nay\u0131r\">Davam\u0131<\/a><\/p>\n","protected":false},"author":8,"featured_media":314409,"comment_status":"closed","ping_status":"closed","sticky":false,"template":"","format":"standard","meta":{"_acf_changed":false,"_sitemap_exclude":false,"_sitemap_priority":"","_sitemap_frequency":"","footnotes":""},"categories":[62,56],"tags":[],"class_list":["post-314416","post","type-post","status-publish","format-standard","has-post-thumbnail","hentry","category-sosial","category-xeberler","infinite-scroll-item","generate-columns","tablet-grid-50","mobile-grid-100","grid-parent","grid-33","no-featured-image-padding"],"acf":[],"yoast_head":"<!-- This site is optimized with the Yoast SEO plugin v27.5 - https:\/\/yoast.com\/product\/yoast-seo-wordpress\/ -->\n<title>\u0130\u015fd\u0259n \u00e7\u0131xar\u0131lan ofisiant \u015firk\u0259ti qanunsuzluq v\u0259 vergid\u0259n yay\u0131nmada q\u0131nay\u0131r - MEYDAN.TV<\/title>\n<meta name=\"description\" content=\"\u015eikay\u0259t\u00e7i deyir ki, hadis\u0259d\u0259n x\u0259b\u0259r tutan Furkan Muhammed \u00c7avdar ona q\u0259z\u0259bl\u0259nib v\u0259 i\u015fd\u0259n \u00e7\u0131xar\u0131b\" \/>\n<meta name=\"robots\" content=\"index, follow, max-snippet:-1, max-image-preview:large, max-video-preview:-1\" \/>\n<link rel=\"canonical\" href=\"https:\/\/www.meydan.tv\/az\/article\/isden-cixarilan-ofisiant-sirketi-qanunsuzluq-ve-vergidenyayinmada-qinayir\/\" \/>\n<meta property=\"og:locale\" content=\"az_AZ\" \/>\n<meta property=\"og:type\" content=\"article\" \/>\n<meta property=\"og:title\" content=\"\u0130\u015fd\u0259n \u00e7\u0131xar\u0131lan ofisiant \u015firk\u0259ti qanunsuzluq v\u0259 vergid\u0259n yay\u0131nmada q\u0131nay\u0131r - MEYDAN.TV\" \/>\n<meta property=\"og:description\" content=\"\u015eikay\u0259t\u00e7i deyir ki, hadis\u0259d\u0259n x\u0259b\u0259r tutan Furkan Muhammed \u00c7avdar ona q\u0259z\u0259bl\u0259nib v\u0259 i\u015fd\u0259n \u00e7\u0131xar\u0131b\" \/>\n<meta property=\"og:url\" content=\"https:\/\/www.meydan.tv\/az\/article\/isden-cixarilan-ofisiant-sirketi-qanunsuzluq-ve-vergidenyayinmada-qinayir\/\" \/>\n<meta property=\"og:site_name\" content=\"MEYDAN.TV\" \/>\n<meta property=\"article:published_time\" content=\"2024-09-01T14:38:28+00:00\" \/>\n<meta property=\"article:modified_time\" content=\"2024-09-01T14:44:26+00:00\" \/>\n<meta property=\"og:image\" content=\"https:\/\/www.meydan.tv\/wp-content\/uploads\/img-20240901-wa0077.jpg\" \/>\n\t<meta property=\"og:image:width\" content=\"1200\" \/>\n\t<meta property=\"og:image:height\" content=\"878\" \/>\n\t<meta property=\"og:image:type\" content=\"image\/jpeg\" \/>\n<meta name=\"author\" content=\"elli\" \/>\n<meta name=\"twitter:card\" content=\"summary_large_image\" \/>\n<meta name=\"twitter:creator\" content=\"@elli\" \/>\n<script type=\"application\/ld+json\" class=\"yoast-schema-graph\">{\"@context\":\"https:\\\/\\\/schema.org\",\"@graph\":[{\"@type\":\"Article\",\"@id\":\"https:\\\/\\\/www.meydan.tv\\\/az\\\/article\\\/isden-cixarilan-ofisiant-sirketi-qanunsuzluq-ve-vergidenyayinmada-qinayir\\\/#article\",\"isPartOf\":{\"@id\":\"https:\\\/\\\/www.meydan.tv\\\/az\\\/article\\\/isden-cixarilan-ofisiant-sirketi-qanunsuzluq-ve-vergidenyayinmada-qinayir\\\/\"},\"author\":{\"name\":\"elli\",\"@id\":\"https:\\\/\\\/www.meydan.tv\\\/az\\\/#\\\/schema\\\/person\\\/9cdbecf90d17180ce1dfbd95b08dcf47\"},\"headline\":\"\u0130\u015fd\u0259n \u00e7\u0131xar\u0131lan ofisiant \u015firk\u0259ti qanunsuzluq v\u0259 vergid\u0259n yay\u0131nmada q\u0131nay\u0131r\",\"datePublished\":\"2024-09-01T14:38:28+00:00\",\"dateModified\":\"2024-09-01T14:44:26+00:00\",\"mainEntityOfPage\":{\"@id\":\"https:\\\/\\\/www.meydan.tv\\\/az\\\/article\\\/isden-cixarilan-ofisiant-sirketi-qanunsuzluq-ve-vergidenyayinmada-qinayir\\\/\"},\"wordCount\":902,\"publisher\":{\"@id\":\"https:\\\/\\\/www.meydan.tv\\\/az\\\/#organization\"},\"image\":{\"@id\":\"https:\\\/\\\/www.meydan.tv\\\/az\\\/article\\\/isden-cixarilan-ofisiant-sirketi-qanunsuzluq-ve-vergidenyayinmada-qinayir\\\/#primaryimage\"},\"thumbnailUrl\":\"https:\\\/\\\/www.meydan.tv\\\/wp-content\\\/uploads\\\/img-20240901-wa0077.jpg\",\"articleSection\":[\"Sosial\",\"X\u0259b\u0259rl\u0259r\"],\"inLanguage\":\"az\"},{\"@type\":\"WebPage\",\"@id\":\"https:\\\/\\\/www.meydan.tv\\\/az\\\/article\\\/isden-cixarilan-ofisiant-sirketi-qanunsuzluq-ve-vergidenyayinmada-qinayir\\\/\",\"url\":\"https:\\\/\\\/www.meydan.tv\\\/az\\\/article\\\/isden-cixarilan-ofisiant-sirketi-qanunsuzluq-ve-vergidenyayinmada-qinayir\\\/\",\"name\":\"\u0130\u015fd\u0259n \u00e7\u0131xar\u0131lan ofisiant \u015firk\u0259ti qanunsuzluq v\u0259 vergid\u0259n yay\u0131nmada q\u0131nay\u0131r - MEYDAN.TV\",\"isPartOf\":{\"@id\":\"https:\\\/\\\/www.meydan.tv\\\/az\\\/#website\"},\"primaryImageOfPage\":{\"@id\":\"https:\\\/\\\/www.meydan.tv\\\/az\\\/article\\\/isden-cixarilan-ofisiant-sirketi-qanunsuzluq-ve-vergidenyayinmada-qinayir\\\/#primaryimage\"},\"image\":{\"@id\":\"https:\\\/\\\/www.meydan.tv\\\/az\\\/article\\\/isden-cixarilan-ofisiant-sirketi-qanunsuzluq-ve-vergidenyayinmada-qinayir\\\/#primaryimage\"},\"thumbnailUrl\":\"https:\\\/\\\/www.meydan.tv\\\/wp-content\\\/uploads\\\/img-20240901-wa0077.jpg\",\"datePublished\":\"2024-09-01T14:38:28+00:00\",\"dateModified\":\"2024-09-01T14:44:26+00:00\",\"description\":\"\u015eikay\u0259t\u00e7i deyir ki, hadis\u0259d\u0259n x\u0259b\u0259r tutan Furkan Muhammed \u00c7avdar ona q\u0259z\u0259bl\u0259nib v\u0259 i\u015fd\u0259n \u00e7\u0131xar\u0131b\",\"breadcrumb\":{\"@id\":\"https:\\\/\\\/www.meydan.tv\\\/az\\\/article\\\/isden-cixarilan-ofisiant-sirketi-qanunsuzluq-ve-vergidenyayinmada-qinayir\\\/#breadcrumb\"},\"inLanguage\":\"az\",\"potentialAction\":[{\"@type\":\"ReadAction\",\"target\":[\"https:\\\/\\\/www.meydan.tv\\\/az\\\/article\\\/isden-cixarilan-ofisiant-sirketi-qanunsuzluq-ve-vergidenyayinmada-qinayir\\\/\"]}]},{\"@type\":\"ImageObject\",\"inLanguage\":\"az\",\"@id\":\"https:\\\/\\\/www.meydan.tv\\\/az\\\/article\\\/isden-cixarilan-ofisiant-sirketi-qanunsuzluq-ve-vergidenyayinmada-qinayir\\\/#primaryimage\",\"url\":\"https:\\\/\\\/www.meydan.tv\\\/wp-content\\\/uploads\\\/img-20240901-wa0077.jpg\",\"contentUrl\":\"https:\\\/\\\/www.meydan.tv\\\/wp-content\\\/uploads\\\/img-20240901-wa0077.jpg\",\"width\":1200,\"height\":878,\"caption\":\"Foto: El\u00e7in N\u0259sirovun \u015f\u0259xsi arxivind\u0259n\"},{\"@type\":\"BreadcrumbList\",\"@id\":\"https:\\\/\\\/www.meydan.tv\\\/az\\\/article\\\/isden-cixarilan-ofisiant-sirketi-qanunsuzluq-ve-vergidenyayinmada-qinayir\\\/#breadcrumb\",\"itemListElement\":[{\"@type\":\"ListItem\",\"position\":1,\"name\":\"Ana s\u0259hif\u0259\",\"item\":\"https:\\\/\\\/www.meydan.tv\\\/az\\\/\"},{\"@type\":\"ListItem\",\"position\":2,\"name\":\"Sosial\",\"item\":\"https:\\\/\\\/www.meydan.tv\\\/az\\\/section\\\/sosial\\\/\"},{\"@type\":\"ListItem\",\"position\":3,\"name\":\"\u0130\u015fd\u0259n \u00e7\u0131xar\u0131lan ofisiant \u015firk\u0259ti qanunsuzluq v\u0259 vergid\u0259n yay\u0131nmada q\u0131nay\u0131r\"}]},{\"@type\":\"WebSite\",\"@id\":\"https:\\\/\\\/www.meydan.tv\\\/az\\\/#website\",\"url\":\"https:\\\/\\\/www.meydan.tv\\\/az\\\/\",\"name\":\"MEYDAN.TV\",\"description\":\"Meydan TV Az\u0259rbaycan\u0131n media m\u0259kan\u0131ndak\u0131 alternativ s\u0259sidir\",\"publisher\":{\"@id\":\"https:\\\/\\\/www.meydan.tv\\\/az\\\/#organization\"},\"potentialAction\":[{\"@type\":\"SearchAction\",\"target\":{\"@type\":\"EntryPoint\",\"urlTemplate\":\"https:\\\/\\\/www.meydan.tv\\\/az\\\/?s={search_term_string}\"},\"query-input\":{\"@type\":\"PropertyValueSpecification\",\"valueRequired\":true,\"valueName\":\"search_term_string\"}}],\"inLanguage\":\"az\"},{\"@type\":\"Organization\",\"@id\":\"https:\\\/\\\/www.meydan.tv\\\/az\\\/#organization\",\"name\":\"Meydan TV\",\"url\":\"https:\\\/\\\/www.meydan.tv\\\/az\\\/\",\"logo\":{\"@type\":\"ImageObject\",\"inLanguage\":\"az\",\"@id\":\"https:\\\/\\\/www.meydan.tv\\\/az\\\/#\\\/schema\\\/logo\\\/image\\\/\",\"url\":\"https:\\\/\\\/www.meydan.tv\\\/wp-content\\\/uploads\\\/2021\\\/07\\\/meydan-logo.svg\",\"contentUrl\":\"https:\\\/\\\/www.meydan.tv\\\/wp-content\\\/uploads\\\/2021\\\/07\\\/meydan-logo.svg\",\"width\":195,\"height\":46,\"caption\":\"Meydan TV\"},\"image\":{\"@id\":\"https:\\\/\\\/www.meydan.tv\\\/az\\\/#\\\/schema\\\/logo\\\/image\\\/\"}},{\"@type\":\"Person\",\"@id\":\"https:\\\/\\\/www.meydan.tv\\\/az\\\/#\\\/schema\\\/person\\\/9cdbecf90d17180ce1dfbd95b08dcf47\",\"name\":\"elli\",\"sameAs\":[\"https:\\\/\\\/x.com\\\/elli\"]}]}<\/script>\n<!-- \/ Yoast SEO plugin. -->","yoast_head_json":{"title":"\u0130\u015fd\u0259n \u00e7\u0131xar\u0131lan ofisiant \u015firk\u0259ti qanunsuzluq v\u0259 vergid\u0259n yay\u0131nmada q\u0131nay\u0131r - MEYDAN.TV","description":"\u015eikay\u0259t\u00e7i deyir ki, hadis\u0259d\u0259n x\u0259b\u0259r tutan Furkan Muhammed \u00c7avdar ona q\u0259z\u0259bl\u0259nib v\u0259 i\u015fd\u0259n \u00e7\u0131xar\u0131b","robots":{"index":"index","follow":"follow","max-snippet":"max-snippet:-1","max-image-preview":"max-image-preview:large","max-video-preview":"max-video-preview:-1"},"canonical":"https:\/\/www.meydan.tv\/az\/article\/isden-cixarilan-ofisiant-sirketi-qanunsuzluq-ve-vergidenyayinmada-qinayir\/","og_locale":"az_AZ","og_type":"article","og_title":"\u0130\u015fd\u0259n \u00e7\u0131xar\u0131lan ofisiant \u015firk\u0259ti qanunsuzluq v\u0259 vergid\u0259n yay\u0131nmada q\u0131nay\u0131r - MEYDAN.TV","og_description":"\u015eikay\u0259t\u00e7i deyir ki, hadis\u0259d\u0259n x\u0259b\u0259r tutan Furkan Muhammed \u00c7avdar ona q\u0259z\u0259bl\u0259nib v\u0259 i\u015fd\u0259n \u00e7\u0131xar\u0131b","og_url":"https:\/\/www.meydan.tv\/az\/article\/isden-cixarilan-ofisiant-sirketi-qanunsuzluq-ve-vergidenyayinmada-qinayir\/","og_site_name":"MEYDAN.TV","article_published_time":"2024-09-01T14:38:28+00:00","article_modified_time":"2024-09-01T14:44:26+00:00","og_image":[{"width":1200,"height":878,"url":"https:\/\/www.meydan.tv\/wp-content\/uploads\/img-20240901-wa0077.jpg","type":"image\/jpeg"}],"author":"elli","twitter_card":"summary_large_image","twitter_creator":"@elli","schema":{"@context":"https:\/\/schema.org","@graph":[{"@type":"Article","@id":"https:\/\/www.meydan.tv\/az\/article\/isden-cixarilan-ofisiant-sirketi-qanunsuzluq-ve-vergidenyayinmada-qinayir\/#article","isPartOf":{"@id":"https:\/\/www.meydan.tv\/az\/article\/isden-cixarilan-ofisiant-sirketi-qanunsuzluq-ve-vergidenyayinmada-qinayir\/"},"author":{"name":"elli","@id":"https:\/\/www.meydan.tv\/az\/#\/schema\/person\/9cdbecf90d17180ce1dfbd95b08dcf47"},"headline":"\u0130\u015fd\u0259n \u00e7\u0131xar\u0131lan ofisiant \u015firk\u0259ti qanunsuzluq v\u0259 vergid\u0259n yay\u0131nmada q\u0131nay\u0131r","datePublished":"2024-09-01T14:38:28+00:00","dateModified":"2024-09-01T14:44:26+00:00","mainEntityOfPage":{"@id":"https:\/\/www.meydan.tv\/az\/article\/isden-cixarilan-ofisiant-sirketi-qanunsuzluq-ve-vergidenyayinmada-qinayir\/"},"wordCount":902,"publisher":{"@id":"https:\/\/www.meydan.tv\/az\/#organization"},"image":{"@id":"https:\/\/www.meydan.tv\/az\/article\/isden-cixarilan-ofisiant-sirketi-qanunsuzluq-ve-vergidenyayinmada-qinayir\/#primaryimage"},"thumbnailUrl":"https:\/\/www.meydan.tv\/wp-content\/uploads\/img-20240901-wa0077.jpg","articleSection":["Sosial","X\u0259b\u0259rl\u0259r"],"inLanguage":"az"},{"@type":"WebPage","@id":"https:\/\/www.meydan.tv\/az\/article\/isden-cixarilan-ofisiant-sirketi-qanunsuzluq-ve-vergidenyayinmada-qinayir\/","url":"https:\/\/www.meydan.tv\/az\/article\/isden-cixarilan-ofisiant-sirketi-qanunsuzluq-ve-vergidenyayinmada-qinayir\/","name":"\u0130\u015fd\u0259n \u00e7\u0131xar\u0131lan ofisiant \u015firk\u0259ti qanunsuzluq v\u0259 vergid\u0259n yay\u0131nmada q\u0131nay\u0131r - MEYDAN.TV","isPartOf":{"@id":"https:\/\/www.meydan.tv\/az\/#website"},"primaryImageOfPage":{"@id":"https:\/\/www.meydan.tv\/az\/article\/isden-cixarilan-ofisiant-sirketi-qanunsuzluq-ve-vergidenyayinmada-qinayir\/#primaryimage"},"image":{"@id":"https:\/\/www.meydan.tv\/az\/article\/isden-cixarilan-ofisiant-sirketi-qanunsuzluq-ve-vergidenyayinmada-qinayir\/#primaryimage"},"thumbnailUrl":"https:\/\/www.meydan.tv\/wp-content\/uploads\/img-20240901-wa0077.jpg","datePublished":"2024-09-01T14:38:28+00:00","dateModified":"2024-09-01T14:44:26+00:00","description":"\u015eikay\u0259t\u00e7i deyir ki, hadis\u0259d\u0259n x\u0259b\u0259r tutan Furkan Muhammed \u00c7avdar ona q\u0259z\u0259bl\u0259nib v\u0259 i\u015fd\u0259n \u00e7\u0131xar\u0131b","breadcrumb":{"@id":"https:\/\/www.meydan.tv\/az\/article\/isden-cixarilan-ofisiant-sirketi-qanunsuzluq-ve-vergidenyayinmada-qinayir\/#breadcrumb"},"inLanguage":"az","potentialAction":[{"@type":"ReadAction","target":["https:\/\/www.meydan.tv\/az\/article\/isden-cixarilan-ofisiant-sirketi-qanunsuzluq-ve-vergidenyayinmada-qinayir\/"]}]},{"@type":"ImageObject","inLanguage":"az","@id":"https:\/\/www.meydan.tv\/az\/article\/isden-cixarilan-ofisiant-sirketi-qanunsuzluq-ve-vergidenyayinmada-qinayir\/#primaryimage","url":"https:\/\/www.meydan.tv\/wp-content\/uploads\/img-20240901-wa0077.jpg","contentUrl":"https:\/\/www.meydan.tv\/wp-content\/uploads\/img-20240901-wa0077.jpg","width":1200,"height":878,"caption":"Foto: El\u00e7in N\u0259sirovun \u015f\u0259xsi arxivind\u0259n"},{"@type":"BreadcrumbList","@id":"https:\/\/www.meydan.tv\/az\/article\/isden-cixarilan-ofisiant-sirketi-qanunsuzluq-ve-vergidenyayinmada-qinayir\/#breadcrumb","itemListElement":[{"@type":"ListItem","position":1,"name":"Ana s\u0259hif\u0259","item":"https:\/\/www.meydan.tv\/az\/"},{"@type":"ListItem","position":2,"name":"Sosial","item":"https:\/\/www.meydan.tv\/az\/section\/sosial\/"},{"@type":"ListItem","position":3,"name":"\u0130\u015fd\u0259n \u00e7\u0131xar\u0131lan ofisiant \u015firk\u0259ti qanunsuzluq v\u0259 vergid\u0259n yay\u0131nmada q\u0131nay\u0131r"}]},{"@type":"WebSite","@id":"https:\/\/www.meydan.tv\/az\/#website","url":"https:\/\/www.meydan.tv\/az\/","name":"MEYDAN.TV","description":"Meydan TV Az\u0259rbaycan\u0131n media m\u0259kan\u0131ndak\u0131 alternativ s\u0259sidir","publisher":{"@id":"https:\/\/www.meydan.tv\/az\/#organization"},"potentialAction":[{"@type":"SearchAction","target":{"@type":"EntryPoint","urlTemplate":"https:\/\/www.meydan.tv\/az\/?s={search_term_string}"},"query-input":{"@type":"PropertyValueSpecification","valueRequired":true,"valueName":"search_term_string"}}],"inLanguage":"az"},{"@type":"Organization","@id":"https:\/\/www.meydan.tv\/az\/#organization","name":"Meydan TV","url":"https:\/\/www.meydan.tv\/az\/","logo":{"@type":"ImageObject","inLanguage":"az","@id":"https:\/\/www.meydan.tv\/az\/#\/schema\/logo\/image\/","url":"https:\/\/www.meydan.tv\/wp-content\/uploads\/2021\/07\/meydan-logo.svg","contentUrl":"https:\/\/www.meydan.tv\/wp-content\/uploads\/2021\/07\/meydan-logo.svg","width":195,"height":46,"caption":"Meydan TV"},"image":{"@id":"https:\/\/www.meydan.tv\/az\/#\/schema\/logo\/image\/"}},{"@type":"Person","@id":"https:\/\/www.meydan.tv\/az\/#\/schema\/person\/9cdbecf90d17180ce1dfbd95b08dcf47","name":"elli","sameAs":["https:\/\/x.com\/elli"]}]}},"_links":{"self":[{"href":"https:\/\/www.meydan.tv\/az\/wp-json\/wp\/v2\/posts\/314416","targetHints":{"allow":["GET"]}}],"collection":[{"href":"https:\/\/www.meydan.tv\/az\/wp-json\/wp\/v2\/posts"}],"about":[{"href":"https:\/\/www.meydan.tv\/az\/wp-json\/wp\/v2\/types\/post"}],"author":[{"embeddable":true,"href":"https:\/\/www.meydan.tv\/az\/wp-json\/wp\/v2\/users\/8"}],"replies":[{"embeddable":true,"href":"https:\/\/www.meydan.tv\/az\/wp-json\/wp\/v2\/comments?post=314416"}],"version-history":[{"count":4,"href":"https:\/\/www.meydan.tv\/az\/wp-json\/wp\/v2\/posts\/314416\/revisions"}],"predecessor-version":[{"id":314421,"href":"https:\/\/www.meydan.tv\/az\/wp-json\/wp\/v2\/posts\/314416\/revisions\/314421"}],"wp:featuredmedia":[{"embeddable":true,"href":"https:\/\/www.meydan.tv\/az\/wp-json\/wp\/v2\/media\/314409"}],"wp:attachment":[{"href":"https:\/\/www.meydan.tv\/az\/wp-json\/wp\/v2\/media?parent=314416"}],"wp:term":[{"taxonomy":"category","embeddable":true,"href":"https:\/\/www.meydan.tv\/az\/wp-json\/wp\/v2\/categories?post=314416"},{"taxonomy":"post_tag","embeddable":true,"href":"https:\/\/www.meydan.tv\/az\/wp-json\/wp\/v2\/tags?post=314416"}],"curies":[{"name":"wp","href":"https:\/\/api.w.org\/{rel}","templated":true}]}}