{"id":314274,"date":"2024-09-01T00:26:08","date_gmt":"2024-08-31T20:26:08","guid":{"rendered":"https:\/\/www.meydan.tv\/?p=314274"},"modified":"2024-09-02T00:06:31","modified_gmt":"2024-09-01T20:06:31","slug":"novbedenkenar-parlament-seckileri-kecirilir-canli-bloq","status":"publish","type":"post","link":"https:\/\/www.meydan.tv\/az\/article\/novbedenkenar-parlament-seckileri-kecirilir-canli-bloq\/","title":{"rendered":"N\u00f6vb\u0259d\u0259nk\u0259nar parlament se\u00e7kil\u0259ri ke\u00e7irilib &#8211; CANLI BLOQ"},"content":{"rendered":"\n<p>Az\u0259rbaycan Respublikas\u0131 Milli M\u0259clisin\u0259 n\u00f6vb\u0259d\u0259nk\u0259nar se\u00e7kil\u0259rl\u0259 \u0259laq\u0259dar s\u0259sverm\u0259 ba\u015flay\u0131b. Parlament se\u00e7kil\u0259rind\u0259 125 deputat mandat\u0131 u\u011frunda 990 namiz\u0259d m\u00fcbariz\u0259 apar\u0131r.<\/p>\n<div id=\"elb-liveblog\" class=\"elb-liveblog elb-theme-light\" data-append-timestamp=\"\" data-status=\"closed\" data-highlighted-entry=\"\" data-show-entries=\"10\" data-endpoint=\"https:\/\/www.meydan.tv\/az\/wp-json\/easy-liveblogs\/v1\/liveblog\/314274\"><div class=\"elb-liveblog-closed-message\" style=\"display: none;\">Bu canl\u0131 bloq sona \u00e7atd\u0131.<\/div><button id=\"elb-show-new-posts\" class=\"elb-button button\" style=\"display: none;\"><\/button><div class=\"elb-no-liveblog-entries-message\" style=\"display: none;\">H\u0259l\u0259 he\u00e7 bir bloq postu yoxdur.<\/div><ul class=\"elb-liveblog-list\"><\/ul><div class=\"elb-loader\"><!-- By Sam Herbert (@sherb) -->\n\t\t\t<svg width=\"45\" height=\"45\" viewBox=\"0 0 45 45\" xmlns=\"http:\/\/www.w3.org\/2000\/svg\" stroke=\"currentColor\">\n\t\t\t\t<g fill=\"none\" fill-rule=\"evenodd\" transform=\"translate(1 1)\" stroke-width=\"2\">\n\t\t\t\t\t<circle cx=\"22\" cy=\"22\" r=\"6\" stroke-opacity=\"0\">\n\t\t\t\t\t\t<animate attributeName=\"r\"\n\t\t\t\t\t\t\t begin=\"1.5s\" dur=\"3s\"\n\t\t\t\t\t\t\t values=\"6;22\"\n\t\t\t\t\t\t\t calcMode=\"linear\"\n\t\t\t\t\t\t\t repeatCount=\"indefinite\" \/>\n\t\t\t\t\t\t<animate attributeName=\"stroke-opacity\"\n\t\t\t\t\t\t\t begin=\"1.5s\" dur=\"3s\"\n\t\t\t\t\t\t\t values=\"1;0\" calcMode=\"linear\"\n\t\t\t\t\t\t\t repeatCount=\"indefinite\" \/>\n\t\t\t\t\t\t<animate attributeName=\"stroke-width\"\n\t\t\t\t\t\t\t begin=\"1.5s\" dur=\"3s\"\n\t\t\t\t\t\t\t values=\"2;0\" calcMode=\"linear\"\n\t\t\t\t\t\t\t repeatCount=\"indefinite\" \/>\n\t\t\t\t\t<\/circle>\n\t\t\t\t\t<circle cx=\"22\" cy=\"22\" r=\"6\" stroke-opacity=\"0\">\n\t\t\t\t\t\t<animate attributeName=\"r\"\n\t\t\t\t\t\t\t begin=\"3s\" dur=\"3s\"\n\t\t\t\t\t\t\t values=\"6;22\"\n\t\t\t\t\t\t\t calcMode=\"linear\"\n\t\t\t\t\t\t\t repeatCount=\"indefinite\" \/>\n\t\t\t\t\t\t<animate attributeName=\"stroke-opacity\"\n\t\t\t\t\t\t\t begin=\"3s\" dur=\"3s\"\n\t\t\t\t\t\t\t values=\"1;0\" calcMode=\"linear\"\n\t\t\t\t\t\t\t repeatCount=\"indefinite\" \/>\n\t\t\t\t\t\t<animate attributeName=\"stroke-width\"\n\t\t\t\t\t\t\t begin=\"3s\" dur=\"3s\"\n\t\t\t\t\t\t\t values=\"2;0\" calcMode=\"linear\"\n\t\t\t\t\t\t\t repeatCount=\"indefinite\" \/>\n\t\t\t\t\t<\/circle>\n\t\t\t\t\t<circle cx=\"22\" cy=\"22\" r=\"8\">\n\t\t\t\t\t\t<animate attributeName=\"r\"\n\t\t\t\t\t\t\t begin=\"0s\" dur=\"1.5s\"\n\t\t\t\t\t\t\t values=\"6;1;2;3;4;5;6\"\n\t\t\t\t\t\t\t calcMode=\"linear\"\n\t\t\t\t\t\t\t repeatCount=\"indefinite\" \/>\n\t\t\t\t\t<\/circle>\n\t\t\t\t<\/g>\n\t\t\t<\/svg><\/div><button id=\"elb-load-more\" style=\"display: none;\" class=\"elb-button button\">Load more<\/button><\/div>","protected":false},"excerpt":{"rendered":"<p>Az\u0259rbaycan Respublikas\u0131 Milli M\u0259clisin\u0259 n\u00f6vb\u0259d\u0259nk\u0259nar se\u00e7kil\u0259rl\u0259 \u0259laq\u0259dar s\u0259sverm\u0259 ba\u015flay\u0131b. Parlament &#8230; <\/p>\n<p class=\"read-more-container\"><a title=\"N\u00f6vb\u0259d\u0259nk\u0259nar parlament se\u00e7kil\u0259ri ke\u00e7irilib &#8211; CANLI BLOQ\" class=\"read-more button\" href=\"https:\/\/www.meydan.tv\/az\/article\/novbedenkenar-parlament-seckileri-kecirilir-canli-bloq\/#more-314274\" aria-label=\"Read more about N\u00f6vb\u0259d\u0259nk\u0259nar parlament se\u00e7kil\u0259ri ke\u00e7irilib &#8211; CANLI BLOQ\">Davam\u0131<\/a><\/p>\n","protected":false},"author":12,"featured_media":314275,"comment_status":"closed","ping_status":"closed","sticky":false,"template":"","format":"standard","meta":{"_acf_changed":false,"_sitemap_exclude":false,"_sitemap_priority":"","_sitemap_frequency":"","footnotes":""},"categories":[109,129,59,79,56],"tags":[],"class_list":["post-314274","post","type-post","status-publish","format-standard","has-post-thumbnail","hentry","category-pinned-az","category-sechki-2024","category-siyaset","category-featured","category-xeberler","infinite-scroll-item","generate-columns","tablet-grid-50","mobile-grid-100","grid-parent","grid-33","no-featured-image-padding"],"acf":[],"yoast_head":"<!-- This site is optimized with the Yoast SEO plugin v27.4 - https:\/\/yoast.com\/product\/yoast-seo-wordpress\/ -->\n<title>N\u00f6vb\u0259d\u0259nk\u0259nar parlament se\u00e7kil\u0259ri ke\u00e7irilib - CANLI BLOQ - MEYDAN.TV<\/title>\n<meta name=\"robots\" content=\"index, follow, max-snippet:-1, max-image-preview:large, max-video-preview:-1\" \/>\n<link rel=\"canonical\" href=\"https:\/\/www.meydan.tv\/az\/article\/novbedenkenar-parlament-seckileri-kecirilir-canli-bloq\/\" \/>\n<meta property=\"og:locale\" content=\"az_AZ\" \/>\n<meta property=\"og:type\" content=\"article\" \/>\n<meta property=\"og:title\" content=\"N\u00f6vb\u0259d\u0259nk\u0259nar parlament se\u00e7kil\u0259ri ke\u00e7irilib - CANLI BLOQ - MEYDAN.TV\" \/>\n<meta property=\"og:description\" content=\"Az\u0259rbaycan Respublikas\u0131 Milli M\u0259clisin\u0259 n\u00f6vb\u0259d\u0259nk\u0259nar se\u00e7kil\u0259rl\u0259 \u0259laq\u0259dar s\u0259sverm\u0259 ba\u015flay\u0131b. Parlament ... Davam\u0131\" \/>\n<meta property=\"og:url\" content=\"https:\/\/www.meydan.tv\/az\/article\/novbedenkenar-parlament-seckileri-kecirilir-canli-bloq\/\" \/>\n<meta property=\"og:site_name\" content=\"MEYDAN.TV\" \/>\n<meta property=\"article:published_time\" content=\"2024-08-31T20:26:08+00:00\" \/>\n<meta property=\"article:modified_time\" content=\"2024-09-01T20:06:31+00:00\" \/>\n<meta property=\"og:image\" content=\"https:\/\/www.meydan.tv\/wp-content\/uploads\/2024-02-07t094907z_938410996_mt1anadl000swq378_rtrmadp_3_anadolu-scaled.jpg\" \/>\n\t<meta property=\"og:image:width\" content=\"2560\" \/>\n\t<meta property=\"og:image:height\" content=\"1707\" \/>\n\t<meta property=\"og:image:type\" content=\"image\/jpeg\" \/>\n<meta name=\"author\" content=\"aleks\" \/>\n<meta name=\"twitter:card\" content=\"summary_large_image\" \/>\n<script type=\"application\/ld+json\" class=\"yoast-schema-graph\">{\"@context\":\"https:\\\/\\\/schema.org\",\"@graph\":[{\"@type\":\"Article\",\"@id\":\"https:\\\/\\\/www.meydan.tv\\\/az\\\/article\\\/novbedenkenar-parlament-seckileri-kecirilir-canli-bloq\\\/#article\",\"isPartOf\":{\"@id\":\"https:\\\/\\\/www.meydan.tv\\\/az\\\/article\\\/novbedenkenar-parlament-seckileri-kecirilir-canli-bloq\\\/\"},\"author\":{\"name\":\"aleks\",\"@id\":\"https:\\\/\\\/www.meydan.tv\\\/az\\\/#\\\/schema\\\/person\\\/476e9360e593fa131d5d71d51866f8da\"},\"headline\":\"N\u00f6vb\u0259d\u0259nk\u0259nar parlament se\u00e7kil\u0259ri ke\u00e7irilib &#8211; CANLI BLOQ\",\"datePublished\":\"2024-08-31T20:26:08+00:00\",\"dateModified\":\"2024-09-01T20:06:31+00:00\",\"mainEntityOfPage\":{\"@id\":\"https:\\\/\\\/www.meydan.tv\\\/az\\\/article\\\/novbedenkenar-parlament-seckileri-kecirilir-canli-bloq\\\/\"},\"wordCount\":49,\"publisher\":{\"@id\":\"https:\\\/\\\/www.meydan.tv\\\/az\\\/#organization\"},\"image\":{\"@id\":\"https:\\\/\\\/www.meydan.tv\\\/az\\\/article\\\/novbedenkenar-parlament-seckileri-kecirilir-canli-bloq\\\/#primaryimage\"},\"thumbnailUrl\":\"https:\\\/\\\/www.meydan.tv\\\/wp-content\\\/uploads\\\/2024-02-07t094907z_938410996_mt1anadl000swq378_rtrmadp_3_anadolu-scaled.jpg\",\"articleSection\":[\"Pinned\",\"Se\u00e7ki 2024\",\"Siyas\u0259t\",\"T\u00f6vsiy\u0259\",\"X\u0259b\u0259rl\u0259r\"],\"inLanguage\":\"az\"},{\"@type\":\"WebPage\",\"@id\":\"https:\\\/\\\/www.meydan.tv\\\/az\\\/article\\\/novbedenkenar-parlament-seckileri-kecirilir-canli-bloq\\\/\",\"url\":\"https:\\\/\\\/www.meydan.tv\\\/az\\\/article\\\/novbedenkenar-parlament-seckileri-kecirilir-canli-bloq\\\/\",\"name\":\"N\u00f6vb\u0259d\u0259nk\u0259nar parlament se\u00e7kil\u0259ri ke\u00e7irilib - CANLI BLOQ - MEYDAN.TV\",\"isPartOf\":{\"@id\":\"https:\\\/\\\/www.meydan.tv\\\/az\\\/#website\"},\"primaryImageOfPage\":{\"@id\":\"https:\\\/\\\/www.meydan.tv\\\/az\\\/article\\\/novbedenkenar-parlament-seckileri-kecirilir-canli-bloq\\\/#primaryimage\"},\"image\":{\"@id\":\"https:\\\/\\\/www.meydan.tv\\\/az\\\/article\\\/novbedenkenar-parlament-seckileri-kecirilir-canli-bloq\\\/#primaryimage\"},\"thumbnailUrl\":\"https:\\\/\\\/www.meydan.tv\\\/wp-content\\\/uploads\\\/2024-02-07t094907z_938410996_mt1anadl000swq378_rtrmadp_3_anadolu-scaled.jpg\",\"datePublished\":\"2024-08-31T20:26:08+00:00\",\"dateModified\":\"2024-09-01T20:06:31+00:00\",\"breadcrumb\":{\"@id\":\"https:\\\/\\\/www.meydan.tv\\\/az\\\/article\\\/novbedenkenar-parlament-seckileri-kecirilir-canli-bloq\\\/#breadcrumb\"},\"inLanguage\":\"az\",\"potentialAction\":[{\"@type\":\"ReadAction\",\"target\":[\"https:\\\/\\\/www.meydan.tv\\\/az\\\/article\\\/novbedenkenar-parlament-seckileri-kecirilir-canli-bloq\\\/\"]}]},{\"@type\":\"ImageObject\",\"inLanguage\":\"az\",\"@id\":\"https:\\\/\\\/www.meydan.tv\\\/az\\\/article\\\/novbedenkenar-parlament-seckileri-kecirilir-canli-bloq\\\/#primaryimage\",\"url\":\"https:\\\/\\\/www.meydan.tv\\\/wp-content\\\/uploads\\\/2024-02-07t094907z_938410996_mt1anadl000swq378_rtrmadp_3_anadolu-scaled.jpg\",\"contentUrl\":\"https:\\\/\\\/www.meydan.tv\\\/wp-content\\\/uploads\\\/2024-02-07t094907z_938410996_mt1anadl000swq378_rtrmadp_3_anadolu-scaled.jpg\",\"width\":2560,\"height\":1707,\"caption\":\"Se\u00e7kil\u0259r. Foto: Reuters\"},{\"@type\":\"BreadcrumbList\",\"@id\":\"https:\\\/\\\/www.meydan.tv\\\/az\\\/article\\\/novbedenkenar-parlament-seckileri-kecirilir-canli-bloq\\\/#breadcrumb\",\"itemListElement\":[{\"@type\":\"ListItem\",\"position\":1,\"name\":\"Ana s\u0259hif\u0259\",\"item\":\"https:\\\/\\\/www.meydan.tv\\\/az\\\/\"},{\"@type\":\"ListItem\",\"position\":2,\"name\":\"X\u0259b\u0259rl\u0259r\",\"item\":\"https:\\\/\\\/www.meydan.tv\\\/az\\\/section\\\/xeberler\\\/\"},{\"@type\":\"ListItem\",\"position\":3,\"name\":\"N\u00f6vb\u0259d\u0259nk\u0259nar parlament se\u00e7kil\u0259ri ke\u00e7irilib &#8211; CANLI BLOQ\"}]},{\"@type\":\"WebSite\",\"@id\":\"https:\\\/\\\/www.meydan.tv\\\/az\\\/#website\",\"url\":\"https:\\\/\\\/www.meydan.tv\\\/az\\\/\",\"name\":\"MEYDAN.TV\",\"description\":\"Meydan TV Az\u0259rbaycan\u0131n media m\u0259kan\u0131ndak\u0131 alternativ s\u0259sidir\",\"publisher\":{\"@id\":\"https:\\\/\\\/www.meydan.tv\\\/az\\\/#organization\"},\"potentialAction\":[{\"@type\":\"SearchAction\",\"target\":{\"@type\":\"EntryPoint\",\"urlTemplate\":\"https:\\\/\\\/www.meydan.tv\\\/az\\\/?s={search_term_string}\"},\"query-input\":{\"@type\":\"PropertyValueSpecification\",\"valueRequired\":true,\"valueName\":\"search_term_string\"}}],\"inLanguage\":\"az\"},{\"@type\":\"Organization\",\"@id\":\"https:\\\/\\\/www.meydan.tv\\\/az\\\/#organization\",\"name\":\"Meydan TV\",\"url\":\"https:\\\/\\\/www.meydan.tv\\\/az\\\/\",\"logo\":{\"@type\":\"ImageObject\",\"inLanguage\":\"az\",\"@id\":\"https:\\\/\\\/www.meydan.tv\\\/az\\\/#\\\/schema\\\/logo\\\/image\\\/\",\"url\":\"https:\\\/\\\/www.meydan.tv\\\/wp-content\\\/uploads\\\/2021\\\/07\\\/meydan-logo.svg\",\"contentUrl\":\"https:\\\/\\\/www.meydan.tv\\\/wp-content\\\/uploads\\\/2021\\\/07\\\/meydan-logo.svg\",\"width\":195,\"height\":46,\"caption\":\"Meydan TV\"},\"image\":{\"@id\":\"https:\\\/\\\/www.meydan.tv\\\/az\\\/#\\\/schema\\\/logo\\\/image\\\/\"}},{\"@type\":\"Person\",\"@id\":\"https:\\\/\\\/www.meydan.tv\\\/az\\\/#\\\/schema\\\/person\\\/476e9360e593fa131d5d71d51866f8da\",\"name\":\"aleks\"}]}<\/script>\n<!-- \/ Yoast SEO plugin. -->","yoast_head_json":{"title":"N\u00f6vb\u0259d\u0259nk\u0259nar parlament se\u00e7kil\u0259ri ke\u00e7irilib - CANLI BLOQ - MEYDAN.TV","robots":{"index":"index","follow":"follow","max-snippet":"max-snippet:-1","max-image-preview":"max-image-preview:large","max-video-preview":"max-video-preview:-1"},"canonical":"https:\/\/www.meydan.tv\/az\/article\/novbedenkenar-parlament-seckileri-kecirilir-canli-bloq\/","og_locale":"az_AZ","og_type":"article","og_title":"N\u00f6vb\u0259d\u0259nk\u0259nar parlament se\u00e7kil\u0259ri ke\u00e7irilib - CANLI BLOQ - MEYDAN.TV","og_description":"Az\u0259rbaycan Respublikas\u0131 Milli M\u0259clisin\u0259 n\u00f6vb\u0259d\u0259nk\u0259nar se\u00e7kil\u0259rl\u0259 \u0259laq\u0259dar s\u0259sverm\u0259 ba\u015flay\u0131b. Parlament ... Davam\u0131","og_url":"https:\/\/www.meydan.tv\/az\/article\/novbedenkenar-parlament-seckileri-kecirilir-canli-bloq\/","og_site_name":"MEYDAN.TV","article_published_time":"2024-08-31T20:26:08+00:00","article_modified_time":"2024-09-01T20:06:31+00:00","og_image":[{"width":2560,"height":1707,"url":"https:\/\/www.meydan.tv\/wp-content\/uploads\/2024-02-07t094907z_938410996_mt1anadl000swq378_rtrmadp_3_anadolu-scaled.jpg","type":"image\/jpeg"}],"author":"aleks","twitter_card":"summary_large_image","schema":{"@context":"https:\/\/schema.org","@graph":[{"@type":"Article","@id":"https:\/\/www.meydan.tv\/az\/article\/novbedenkenar-parlament-seckileri-kecirilir-canli-bloq\/#article","isPartOf":{"@id":"https:\/\/www.meydan.tv\/az\/article\/novbedenkenar-parlament-seckileri-kecirilir-canli-bloq\/"},"author":{"name":"aleks","@id":"https:\/\/www.meydan.tv\/az\/#\/schema\/person\/476e9360e593fa131d5d71d51866f8da"},"headline":"N\u00f6vb\u0259d\u0259nk\u0259nar parlament se\u00e7kil\u0259ri ke\u00e7irilib &#8211; CANLI BLOQ","datePublished":"2024-08-31T20:26:08+00:00","dateModified":"2024-09-01T20:06:31+00:00","mainEntityOfPage":{"@id":"https:\/\/www.meydan.tv\/az\/article\/novbedenkenar-parlament-seckileri-kecirilir-canli-bloq\/"},"wordCount":49,"publisher":{"@id":"https:\/\/www.meydan.tv\/az\/#organization"},"image":{"@id":"https:\/\/www.meydan.tv\/az\/article\/novbedenkenar-parlament-seckileri-kecirilir-canli-bloq\/#primaryimage"},"thumbnailUrl":"https:\/\/www.meydan.tv\/wp-content\/uploads\/2024-02-07t094907z_938410996_mt1anadl000swq378_rtrmadp_3_anadolu-scaled.jpg","articleSection":["Pinned","Se\u00e7ki 2024","Siyas\u0259t","T\u00f6vsiy\u0259","X\u0259b\u0259rl\u0259r"],"inLanguage":"az"},{"@type":"WebPage","@id":"https:\/\/www.meydan.tv\/az\/article\/novbedenkenar-parlament-seckileri-kecirilir-canli-bloq\/","url":"https:\/\/www.meydan.tv\/az\/article\/novbedenkenar-parlament-seckileri-kecirilir-canli-bloq\/","name":"N\u00f6vb\u0259d\u0259nk\u0259nar parlament se\u00e7kil\u0259ri ke\u00e7irilib - CANLI BLOQ - MEYDAN.TV","isPartOf":{"@id":"https:\/\/www.meydan.tv\/az\/#website"},"primaryImageOfPage":{"@id":"https:\/\/www.meydan.tv\/az\/article\/novbedenkenar-parlament-seckileri-kecirilir-canli-bloq\/#primaryimage"},"image":{"@id":"https:\/\/www.meydan.tv\/az\/article\/novbedenkenar-parlament-seckileri-kecirilir-canli-bloq\/#primaryimage"},"thumbnailUrl":"https:\/\/www.meydan.tv\/wp-content\/uploads\/2024-02-07t094907z_938410996_mt1anadl000swq378_rtrmadp_3_anadolu-scaled.jpg","datePublished":"2024-08-31T20:26:08+00:00","dateModified":"2024-09-01T20:06:31+00:00","breadcrumb":{"@id":"https:\/\/www.meydan.tv\/az\/article\/novbedenkenar-parlament-seckileri-kecirilir-canli-bloq\/#breadcrumb"},"inLanguage":"az","potentialAction":[{"@type":"ReadAction","target":["https:\/\/www.meydan.tv\/az\/article\/novbedenkenar-parlament-seckileri-kecirilir-canli-bloq\/"]}]},{"@type":"ImageObject","inLanguage":"az","@id":"https:\/\/www.meydan.tv\/az\/article\/novbedenkenar-parlament-seckileri-kecirilir-canli-bloq\/#primaryimage","url":"https:\/\/www.meydan.tv\/wp-content\/uploads\/2024-02-07t094907z_938410996_mt1anadl000swq378_rtrmadp_3_anadolu-scaled.jpg","contentUrl":"https:\/\/www.meydan.tv\/wp-content\/uploads\/2024-02-07t094907z_938410996_mt1anadl000swq378_rtrmadp_3_anadolu-scaled.jpg","width":2560,"height":1707,"caption":"Se\u00e7kil\u0259r. Foto: Reuters"},{"@type":"BreadcrumbList","@id":"https:\/\/www.meydan.tv\/az\/article\/novbedenkenar-parlament-seckileri-kecirilir-canli-bloq\/#breadcrumb","itemListElement":[{"@type":"ListItem","position":1,"name":"Ana s\u0259hif\u0259","item":"https:\/\/www.meydan.tv\/az\/"},{"@type":"ListItem","position":2,"name":"X\u0259b\u0259rl\u0259r","item":"https:\/\/www.meydan.tv\/az\/section\/xeberler\/"},{"@type":"ListItem","position":3,"name":"N\u00f6vb\u0259d\u0259nk\u0259nar parlament se\u00e7kil\u0259ri ke\u00e7irilib &#8211; CANLI BLOQ"}]},{"@type":"WebSite","@id":"https:\/\/www.meydan.tv\/az\/#website","url":"https:\/\/www.meydan.tv\/az\/","name":"MEYDAN.TV","description":"Meydan TV Az\u0259rbaycan\u0131n media m\u0259kan\u0131ndak\u0131 alternativ s\u0259sidir","publisher":{"@id":"https:\/\/www.meydan.tv\/az\/#organization"},"potentialAction":[{"@type":"SearchAction","target":{"@type":"EntryPoint","urlTemplate":"https:\/\/www.meydan.tv\/az\/?s={search_term_string}"},"query-input":{"@type":"PropertyValueSpecification","valueRequired":true,"valueName":"search_term_string"}}],"inLanguage":"az"},{"@type":"Organization","@id":"https:\/\/www.meydan.tv\/az\/#organization","name":"Meydan TV","url":"https:\/\/www.meydan.tv\/az\/","logo":{"@type":"ImageObject","inLanguage":"az","@id":"https:\/\/www.meydan.tv\/az\/#\/schema\/logo\/image\/","url":"https:\/\/www.meydan.tv\/wp-content\/uploads\/2021\/07\/meydan-logo.svg","contentUrl":"https:\/\/www.meydan.tv\/wp-content\/uploads\/2021\/07\/meydan-logo.svg","width":195,"height":46,"caption":"Meydan TV"},"image":{"@id":"https:\/\/www.meydan.tv\/az\/#\/schema\/logo\/image\/"}},{"@type":"Person","@id":"https:\/\/www.meydan.tv\/az\/#\/schema\/person\/476e9360e593fa131d5d71d51866f8da","name":"aleks"}]}},"_links":{"self":[{"href":"https:\/\/www.meydan.tv\/az\/wp-json\/wp\/v2\/posts\/314274","targetHints":{"allow":["GET"]}}],"collection":[{"href":"https:\/\/www.meydan.tv\/az\/wp-json\/wp\/v2\/posts"}],"about":[{"href":"https:\/\/www.meydan.tv\/az\/wp-json\/wp\/v2\/types\/post"}],"author":[{"embeddable":true,"href":"https:\/\/www.meydan.tv\/az\/wp-json\/wp\/v2\/users\/12"}],"replies":[{"embeddable":true,"href":"https:\/\/www.meydan.tv\/az\/wp-json\/wp\/v2\/comments?post=314274"}],"version-history":[{"count":8,"href":"https:\/\/www.meydan.tv\/az\/wp-json\/wp\/v2\/posts\/314274\/revisions"}],"predecessor-version":[{"id":314456,"href":"https:\/\/www.meydan.tv\/az\/wp-json\/wp\/v2\/posts\/314274\/revisions\/314456"}],"wp:featuredmedia":[{"embeddable":true,"href":"https:\/\/www.meydan.tv\/az\/wp-json\/wp\/v2\/media\/314275"}],"wp:attachment":[{"href":"https:\/\/www.meydan.tv\/az\/wp-json\/wp\/v2\/media?parent=314274"}],"wp:term":[{"taxonomy":"category","embeddable":true,"href":"https:\/\/www.meydan.tv\/az\/wp-json\/wp\/v2\/categories?post=314274"},{"taxonomy":"post_tag","embeddable":true,"href":"https:\/\/www.meydan.tv\/az\/wp-json\/wp\/v2\/tags?post=314274"}],"curies":[{"name":"wp","href":"https:\/\/api.w.org\/{rel}","templated":true}]}}