{"id":314246,"date":"2024-08-31T12:25:10","date_gmt":"2024-08-31T08:25:10","guid":{"rendered":"https:\/\/www.meydan.tv\/?p=314246"},"modified":"2024-08-31T12:25:12","modified_gmt":"2024-08-31T08:25:12","slug":"qezada-ovladini-itiren-ana-90-a-yaxin-masini-olan-sirket-8-min-manati-odeye-bilmir","status":"publish","type":"post","link":"https:\/\/www.meydan.tv\/az\/article\/qezada-ovladini-itiren-ana-90-a-yaxin-masini-olan-sirket-8-min-manati-odeye-bilmir\/","title":{"rendered":"Q\u0259zada \u00f6vlad\u0131n\u0131 itir\u0259n ana: \u201c90-a yax\u0131n ma\u015f\u0131n\u0131 olan \u015firk\u0259t 8 min manat\u0131 \u00f6d\u0259y\u0259 bilmir?\u201d"},"content":{"rendered":"\n<p><\/p>\n\n\n\n<p><strong><em>\u201cAztikintiyol\u201da qar\u015f\u0131 q\u0259rar\u0131n q\u0259bulundan 1 il 4 ay vaxt ke\u00e7ir, amma \u015firk\u0259t q\u0259rar\u0131 icra el\u0259mir\u201d<\/em><\/strong><\/p>\n\n\n\n<p>\u015eabran sakini olan M\u0259mm\u0259dta\u011f\u0131yevl\u0259r ail\u0259si 10 il \u00f6nc\u0259 Bak\u0131-Qazax magistral yolunun K\u00fcrd\u0259mir rayonunun S\u0131\u011f\u0131rl\u0131 k\u0259ndind\u0259n ke\u00e7\u0259n hiss\u0259sind\u0259 a\u011f\u0131r q\u0259zaya d\u00fc\u015f\u00fcb. N\u0259tic\u0259d\u0259 34 ya\u015fl\u0131 Mehrab M\u0259mm\u0259dta\u011f\u0131yev, onun h\u0259yat yolda\u015f\u0131 28 ya\u015fl\u0131 Ofelya M\u0259mm\u0259dta\u011f\u0131yeva, onlar\u0131n 7 v\u0259 6 ya\u015flar\u0131nda iki q\u0131zlar\u0131 yaralan\u0131b, Yusif adl\u0131 8 ayl\u0131q daha bir \u00f6vladlar\u0131 is\u0259 q\u0259za zaman\u0131 \u00f6l\u00fcb.<br>M\u0259mm\u0259dta\u011f\u0131yevl\u0259r h\u0259rb\u00e7i ail\u0259sidir, zaman-zaman m\u00fcxt\u0259lif b\u00f6lg\u0259l\u0259rd\u0259 ya\u015fay\u0131blar. <\/p>\n\n\n\n<p>Hadis\u0259 ba\u015f ver\u0259n d\u00f6vrd\u0259 &#8211; 2014-c\u00fc il iyunun 30-da G\u0259nc\u0259y\u0259 gedirl\u0259rmi\u015f. Mehrab M\u0259mm\u0259dta\u011f\u0131yev idar\u0259 etdiyi \u201cVAZ-2107\u201d markal\u0131 avtomobili nasazl\u0131\u011fa g\u00f6r\u0259 yolun k\u0259nar\u0131nda saxlay\u0131b. Bu zaman \u0259trafda iki y\u00fck ma\u015f\u0131n\u0131 &#8211; M\u00fcst\u0259c\u0259b \u0130sg\u0259nd\u0259rovun idar\u0259 etdiyi \u201cMAN\u201dla Niyam\u0259ddin K\u0259rimovun s\u00fcrd\u00fcy\u00fc \u201cKamAZ\u201d toqqu\u015fub. Z\u0259rb\u0259nin t\u0259sirind\u0259n \u201cKamAZ\u201d g\u0259lib i\u00e7ind\u0259 ail\u0259nin oldu\u011fu avtomobil\u0259 \u00e7\u0131rp\u0131l\u0131b. N\u0259tic\u0259d\u0259 M\u0259mm\u0259dta\u011f\u0131yevl\u0259r ail\u0259sinin ba\u015f\u0131na bel\u0259 bir faci\u0259 g\u0259lib.<\/p>\n\n\n\n<p>Ara\u015fd\u0131rmalardan sonra istintaq\u00e7\u0131lar bel\u0259 n\u0259tic\u0259y\u0259 g\u0259lib ki, q\u0259zan\u0131n ba\u015f verm\u0259sin\u0259 g\u00f6r\u0259 t\u0259qsirkar M\u00fcst\u0259c\u0259b \u0130sg\u0259nd\u0259rovdur. O, cinay\u0259t m\u0259suliyy\u0259tin\u0259 c\u0259lb edilib. Onun idar\u0259 etdiyi y\u00fck ma\u015f\u0131n\u0131 is\u0259 \u201cAztikintiyol\u201d MMC-y\u0259 m\u0259xsus olub. Hadis\u0259 d\u0259 \u015firk\u0259tin y\u00fck\u00fcn\u00fc da\u015f\u0131d\u0131\u011f\u0131 vaxt ba\u015f verib.<\/p>\n\n\n\n<p>Bu \u00fczd\u0259n Ofelya M\u0259mm\u0259dta\u011f\u0131yeva \u015firk\u0259t\u0259 qar\u015f\u0131 t\u0259zminat t\u0259l\u0259bil\u0259 iddia qald\u0131r\u0131b. Z\u0259r\u0259r\u00e7\u0259kmi\u015f deyir ki, q\u0259za n\u0259tic\u0259sind\u0259 onun ail\u0259sin\u0259 h\u0259m maddi, h\u0259m d\u0259 a\u011f\u0131r m\u0259n\u0259vi z\u0259r\u0259r d\u0259yib, \u00f6vlad\u0131n\u0131 itirib. Buna g\u00f6r\u0259 is\u0259 s\u00fcr\u00fcc\u00fc il\u0259 yana\u015f\u0131, \u015firk\u0259t d\u0259 m\u0259suliyy\u0259t da\u015f\u0131y\u0131r.<\/p>\n\n\n\n<p>Onun s\u00f6zl\u0259rin\u0259 g\u00f6r\u0259, \u201cAztikintiyol\u201da qar\u015f\u0131 40 min manat t\u0259zminat t\u0259l\u0259bil\u0259 m\u0259hk\u0259m\u0259d\u0259 iddia qald\u0131r\u0131b. Lakin m\u0259hk\u0259m\u0259 onun iddias\u0131n\u0131 qism\u0259n t\u0259min edib. \u015eirk\u0259tin \u00fcz\u0259rin\u0259 z\u0259r\u0259r\u00e7\u0259kmi\u015f ail\u0259y\u0259 8 min manat t\u0259zminat \u00f6d\u0259m\u0259k \u00f6hd\u0259liyi qoyub:<\/p>\n\n\n\n<p><em>\u201cBu q\u0259rar\u0131n q\u0259bulundan bir il d\u00f6rd ay vaxt ke\u00e7ir, amma indiy\u0259 q\u0259d\u0259r icra olunmay\u0131b. Ka\u011f\u0131z \u00fcz\u0259rind\u0259 qal\u0131b. \u015eirk\u0259t bu ki\u00e7ik m\u0259bl\u0259\u011fd\u0259 t\u0259zminat\u0131 d\u0259 \u00f6d\u0259m\u0259k ist\u0259mir. D\u0259f\u0259l\u0259rl\u0259 q\u0259rar\u0131n icras\u0131 \u00fc\u00e7\u00fcn m\u0259hk\u0259m\u0259 icra\u00e7\u0131lar\u0131na da m\u00fcraci\u0259t olunub. Onlar da deyir ki, bu \u015firk\u0259tl\u0259 ba\u011fl\u0131 ba\u015fqa m\u0259hk\u0259m\u0259 q\u0259rarlar\u0131 da var. O q\u0259rarlar da icras\u0131n\u0131 g\u00f6zl\u0259yir. Bu, n\u0259 dem\u0259kdir? V\u0259kill\u0259rl\u0259 m\u0259sl\u0259h\u0259tl\u0259\u015fmi\u015fik, deyirl\u0259r ki, insanlar\u0131n h\u0259yat\u0131, sa\u011flaml\u0131\u011f\u0131yla ba\u011fl\u0131 m\u0259s\u0259l\u0259l\u0259r\u0259 \u00fcst\u00fcnl\u00fck verilm\u0259lidir\u201d.<\/em><\/p>\n\n\n<div class=\"wp-block-image\">\n<figure class=\"alignright size-full is-resized\"><img decoding=\"async\" width=\"779\" height=\"696\" data-src=\"https:\/\/www.meydan.tv\/wp-content\/uploads\/photo-2024-08-31-11-29-22.jpg\" alt=\"\" class=\"wp-image-314243 lazyload\" style=\"--smush-placeholder-width: 779px; --smush-placeholder-aspect-ratio: 779\/696;width:373px;height:auto\" src=\"data:image\/svg+xml;base64,PHN2ZyB3aWR0aD0iMSIgaGVpZ2h0PSIxIiB4bWxucz0iaHR0cDovL3d3dy53My5vcmcvMjAwMC9zdmciPjwvc3ZnPg==\" \/><figcaption class=\"wp-element-caption\">Foto: Meydan TV<\/figcaption><\/figure>\n<\/div>\n\n\n<p>Meydan TV m\u0259hk\u0259m\u0259 q\u0259rar\u0131n\u0131n icra olunmamas\u0131n\u0131n s\u0259b\u0259bil\u0259 ba\u011fl\u0131 \u201cAztikintiyol\u201d MMC-d\u0259n m\u00fcnasib\u0259t \u00f6yr\u0259n\u0259 bilm\u0259yib. O da m\u0259lum olub ki, \u015firk\u0259tin n\u00fcmay\u0259nd\u0259si t\u0259zminat t\u0259l\u0259bil\u0259 qald\u0131r\u0131lm\u0131\u015f m\u0259hk\u0259m\u0259d\u0259 d\u0259 i\u015ftirak etm\u0259yib v\u0259 bu proses\u0259 etiraz da g\u00f6nd\u0259rm\u0259yib.<br>Ba\u015f D\u00f6vl\u0259t Yol Polisi \u0130dar\u0259sinin m\u0259ktubuna \u0259sas\u0259n, \u201cAztikintiyol\u201d MMC-nin m\u00fclkiyy\u0259tind\u0259 85 n\u0259qliyyat vasit\u0259si v\u0259 yar\u0131\u015fqo\u015fqular var.<\/p>\n\n\n\n<p><em>\u201c90-a yax\u0131n ma\u015f\u0131n\u0131 olan \u015firk\u0259t 8 min manat\u0131 \u00f6d\u0259y\u0259 bilmir? Ya da \u00f6d\u0259m\u0259k ist\u0259mir\u201d<\/em>, &#8211; \u015fikay\u0259t\u00e7i deyir.<\/p>\n","protected":false},"excerpt":{"rendered":"<p>\u201cAztikintiyol\u201da qar\u015f\u0131 q\u0259rar\u0131n q\u0259bulundan 1 il 4 ay vaxt ke\u00e7ir, &#8230; <\/p>\n<p class=\"read-more-container\"><a title=\"Q\u0259zada \u00f6vlad\u0131n\u0131 itir\u0259n ana: \u201c90-a yax\u0131n ma\u015f\u0131n\u0131 olan \u015firk\u0259t 8 min manat\u0131 \u00f6d\u0259y\u0259 bilmir?\u201d\" class=\"read-more button\" href=\"https:\/\/www.meydan.tv\/az\/article\/qezada-ovladini-itiren-ana-90-a-yaxin-masini-olan-sirket-8-min-manati-odeye-bilmir\/#more-314246\" aria-label=\"Read more about Q\u0259zada \u00f6vlad\u0131n\u0131 itir\u0259n ana: \u201c90-a yax\u0131n ma\u015f\u0131n\u0131 olan \u015firk\u0259t 8 min manat\u0131 \u00f6d\u0259y\u0259 bilmir?\u201d\">Davam\u0131<\/a><\/p>\n","protected":false},"author":8,"featured_media":304390,"comment_status":"closed","ping_status":"closed","sticky":false,"template":"","format":"standard","meta":{"_acf_changed":false,"_sitemap_exclude":false,"_sitemap_priority":"","_sitemap_frequency":"","footnotes":""},"categories":[62,56],"tags":[],"class_list":["post-314246","post","type-post","status-publish","format-standard","has-post-thumbnail","hentry","category-sosial","category-xeberler","infinite-scroll-item","generate-columns","tablet-grid-50","mobile-grid-100","grid-parent","grid-33","no-featured-image-padding"],"acf":[],"yoast_head":"<!-- This site is optimized with the Yoast SEO plugin v27.5 - https:\/\/yoast.com\/product\/yoast-seo-wordpress\/ -->\n<title>Q\u0259zada \u00f6vlad\u0131n\u0131 itir\u0259n ana: \u201c90-a yax\u0131n ma\u015f\u0131n\u0131 olan \u015firk\u0259t 8 min manat\u0131 \u00f6d\u0259y\u0259 bilmir?\u201d - MEYDAN.TV<\/title>\n<meta name=\"description\" content=\"Ara\u015fd\u0131rmalardan sonra istintaq\u00e7\u0131lar bel\u0259 n\u0259tic\u0259y\u0259 g\u0259lib ki, q\u0259zan\u0131n ba\u015f verm\u0259sin\u0259 g\u00f6r\u0259 t\u0259qsirkar M\u00fcst\u0259c\u0259b \u0130sg\u0259nd\u0259rovdur.\" \/>\n<meta name=\"robots\" content=\"index, follow, max-snippet:-1, max-image-preview:large, max-video-preview:-1\" \/>\n<link rel=\"canonical\" href=\"https:\/\/www.meydan.tv\/az\/article\/qezada-ovladini-itiren-ana-90-a-yaxin-masini-olan-sirket-8-min-manati-odeye-bilmir\/\" \/>\n<meta property=\"og:locale\" content=\"az_AZ\" \/>\n<meta property=\"og:type\" content=\"article\" \/>\n<meta property=\"og:title\" content=\"Q\u0259zada \u00f6vlad\u0131n\u0131 itir\u0259n ana: \u201c90-a yax\u0131n ma\u015f\u0131n\u0131 olan \u015firk\u0259t 8 min manat\u0131 \u00f6d\u0259y\u0259 bilmir?\u201d - MEYDAN.TV\" \/>\n<meta property=\"og:description\" content=\"Ara\u015fd\u0131rmalardan sonra istintaq\u00e7\u0131lar bel\u0259 n\u0259tic\u0259y\u0259 g\u0259lib ki, q\u0259zan\u0131n ba\u015f verm\u0259sin\u0259 g\u00f6r\u0259 t\u0259qsirkar M\u00fcst\u0259c\u0259b \u0130sg\u0259nd\u0259rovdur.\" \/>\n<meta property=\"og:url\" content=\"https:\/\/www.meydan.tv\/az\/article\/qezada-ovladini-itiren-ana-90-a-yaxin-masini-olan-sirket-8-min-manati-odeye-bilmir\/\" \/>\n<meta property=\"og:site_name\" content=\"MEYDAN.TV\" \/>\n<meta property=\"article:published_time\" content=\"2024-08-31T08:25:10+00:00\" \/>\n<meta property=\"article:modified_time\" content=\"2024-08-31T08:25:12+00:00\" \/>\n<meta property=\"og:image\" content=\"https:\/\/www.meydan.tv\/wp-content\/uploads\/img-20240416-wa0010.jpg\" \/>\n\t<meta property=\"og:image:width\" content=\"1200\" \/>\n\t<meta property=\"og:image:height\" content=\"787\" \/>\n\t<meta property=\"og:image:type\" content=\"image\/jpeg\" \/>\n<meta name=\"author\" content=\"elli\" \/>\n<meta name=\"twitter:card\" content=\"summary_large_image\" \/>\n<meta name=\"twitter:creator\" content=\"@elli\" \/>\n<script type=\"application\/ld+json\" class=\"yoast-schema-graph\">{\"@context\":\"https:\\\/\\\/schema.org\",\"@graph\":[{\"@type\":\"Article\",\"@id\":\"https:\\\/\\\/www.meydan.tv\\\/az\\\/article\\\/qezada-ovladini-itiren-ana-90-a-yaxin-masini-olan-sirket-8-min-manati-odeye-bilmir\\\/#article\",\"isPartOf\":{\"@id\":\"https:\\\/\\\/www.meydan.tv\\\/az\\\/article\\\/qezada-ovladini-itiren-ana-90-a-yaxin-masini-olan-sirket-8-min-manati-odeye-bilmir\\\/\"},\"author\":{\"name\":\"elli\",\"@id\":\"https:\\\/\\\/www.meydan.tv\\\/az\\\/#\\\/schema\\\/person\\\/9cdbecf90d17180ce1dfbd95b08dcf47\"},\"headline\":\"Q\u0259zada \u00f6vlad\u0131n\u0131 itir\u0259n ana: \u201c90-a yax\u0131n ma\u015f\u0131n\u0131 olan \u015firk\u0259t 8 min manat\u0131 \u00f6d\u0259y\u0259 bilmir?\u201d\",\"datePublished\":\"2024-08-31T08:25:10+00:00\",\"dateModified\":\"2024-08-31T08:25:12+00:00\",\"mainEntityOfPage\":{\"@id\":\"https:\\\/\\\/www.meydan.tv\\\/az\\\/article\\\/qezada-ovladini-itiren-ana-90-a-yaxin-masini-olan-sirket-8-min-manati-odeye-bilmir\\\/\"},\"wordCount\":681,\"publisher\":{\"@id\":\"https:\\\/\\\/www.meydan.tv\\\/az\\\/#organization\"},\"image\":{\"@id\":\"https:\\\/\\\/www.meydan.tv\\\/az\\\/article\\\/qezada-ovladini-itiren-ana-90-a-yaxin-masini-olan-sirket-8-min-manati-odeye-bilmir\\\/#primaryimage\"},\"thumbnailUrl\":\"https:\\\/\\\/www.meydan.tv\\\/wp-content\\\/uploads\\\/img-20240416-wa0010.jpg\",\"articleSection\":[\"Sosial\",\"X\u0259b\u0259rl\u0259r\"],\"inLanguage\":\"az\"},{\"@type\":\"WebPage\",\"@id\":\"https:\\\/\\\/www.meydan.tv\\\/az\\\/article\\\/qezada-ovladini-itiren-ana-90-a-yaxin-masini-olan-sirket-8-min-manati-odeye-bilmir\\\/\",\"url\":\"https:\\\/\\\/www.meydan.tv\\\/az\\\/article\\\/qezada-ovladini-itiren-ana-90-a-yaxin-masini-olan-sirket-8-min-manati-odeye-bilmir\\\/\",\"name\":\"Q\u0259zada \u00f6vlad\u0131n\u0131 itir\u0259n ana: \u201c90-a yax\u0131n ma\u015f\u0131n\u0131 olan \u015firk\u0259t 8 min manat\u0131 \u00f6d\u0259y\u0259 bilmir?\u201d - MEYDAN.TV\",\"isPartOf\":{\"@id\":\"https:\\\/\\\/www.meydan.tv\\\/az\\\/#website\"},\"primaryImageOfPage\":{\"@id\":\"https:\\\/\\\/www.meydan.tv\\\/az\\\/article\\\/qezada-ovladini-itiren-ana-90-a-yaxin-masini-olan-sirket-8-min-manati-odeye-bilmir\\\/#primaryimage\"},\"image\":{\"@id\":\"https:\\\/\\\/www.meydan.tv\\\/az\\\/article\\\/qezada-ovladini-itiren-ana-90-a-yaxin-masini-olan-sirket-8-min-manati-odeye-bilmir\\\/#primaryimage\"},\"thumbnailUrl\":\"https:\\\/\\\/www.meydan.tv\\\/wp-content\\\/uploads\\\/img-20240416-wa0010.jpg\",\"datePublished\":\"2024-08-31T08:25:10+00:00\",\"dateModified\":\"2024-08-31T08:25:12+00:00\",\"description\":\"Ara\u015fd\u0131rmalardan sonra istintaq\u00e7\u0131lar bel\u0259 n\u0259tic\u0259y\u0259 g\u0259lib ki, q\u0259zan\u0131n ba\u015f verm\u0259sin\u0259 g\u00f6r\u0259 t\u0259qsirkar M\u00fcst\u0259c\u0259b \u0130sg\u0259nd\u0259rovdur.\",\"breadcrumb\":{\"@id\":\"https:\\\/\\\/www.meydan.tv\\\/az\\\/article\\\/qezada-ovladini-itiren-ana-90-a-yaxin-masini-olan-sirket-8-min-manati-odeye-bilmir\\\/#breadcrumb\"},\"inLanguage\":\"az\",\"potentialAction\":[{\"@type\":\"ReadAction\",\"target\":[\"https:\\\/\\\/www.meydan.tv\\\/az\\\/article\\\/qezada-ovladini-itiren-ana-90-a-yaxin-masini-olan-sirket-8-min-manati-odeye-bilmir\\\/\"]}]},{\"@type\":\"ImageObject\",\"inLanguage\":\"az\",\"@id\":\"https:\\\/\\\/www.meydan.tv\\\/az\\\/article\\\/qezada-ovladini-itiren-ana-90-a-yaxin-masini-olan-sirket-8-min-manati-odeye-bilmir\\\/#primaryimage\",\"url\":\"https:\\\/\\\/www.meydan.tv\\\/wp-content\\\/uploads\\\/img-20240416-wa0010.jpg\",\"contentUrl\":\"https:\\\/\\\/www.meydan.tv\\\/wp-content\\\/uploads\\\/img-20240416-wa0010.jpg\",\"width\":1200,\"height\":787,\"caption\":\"Yol q\u0259zas\u0131. Foto: D\u0130N\"},{\"@type\":\"BreadcrumbList\",\"@id\":\"https:\\\/\\\/www.meydan.tv\\\/az\\\/article\\\/qezada-ovladini-itiren-ana-90-a-yaxin-masini-olan-sirket-8-min-manati-odeye-bilmir\\\/#breadcrumb\",\"itemListElement\":[{\"@type\":\"ListItem\",\"position\":1,\"name\":\"Ana s\u0259hif\u0259\",\"item\":\"https:\\\/\\\/www.meydan.tv\\\/az\\\/\"},{\"@type\":\"ListItem\",\"position\":2,\"name\":\"Sosial\",\"item\":\"https:\\\/\\\/www.meydan.tv\\\/az\\\/section\\\/sosial\\\/\"},{\"@type\":\"ListItem\",\"position\":3,\"name\":\"Q\u0259zada \u00f6vlad\u0131n\u0131 itir\u0259n ana: \u201c90-a yax\u0131n ma\u015f\u0131n\u0131 olan \u015firk\u0259t 8 min manat\u0131 \u00f6d\u0259y\u0259 bilmir?\u201d\"}]},{\"@type\":\"WebSite\",\"@id\":\"https:\\\/\\\/www.meydan.tv\\\/az\\\/#website\",\"url\":\"https:\\\/\\\/www.meydan.tv\\\/az\\\/\",\"name\":\"MEYDAN.TV\",\"description\":\"Meydan TV Az\u0259rbaycan\u0131n media m\u0259kan\u0131ndak\u0131 alternativ s\u0259sidir\",\"publisher\":{\"@id\":\"https:\\\/\\\/www.meydan.tv\\\/az\\\/#organization\"},\"potentialAction\":[{\"@type\":\"SearchAction\",\"target\":{\"@type\":\"EntryPoint\",\"urlTemplate\":\"https:\\\/\\\/www.meydan.tv\\\/az\\\/?s={search_term_string}\"},\"query-input\":{\"@type\":\"PropertyValueSpecification\",\"valueRequired\":true,\"valueName\":\"search_term_string\"}}],\"inLanguage\":\"az\"},{\"@type\":\"Organization\",\"@id\":\"https:\\\/\\\/www.meydan.tv\\\/az\\\/#organization\",\"name\":\"Meydan TV\",\"url\":\"https:\\\/\\\/www.meydan.tv\\\/az\\\/\",\"logo\":{\"@type\":\"ImageObject\",\"inLanguage\":\"az\",\"@id\":\"https:\\\/\\\/www.meydan.tv\\\/az\\\/#\\\/schema\\\/logo\\\/image\\\/\",\"url\":\"https:\\\/\\\/www.meydan.tv\\\/wp-content\\\/uploads\\\/2021\\\/07\\\/meydan-logo.svg\",\"contentUrl\":\"https:\\\/\\\/www.meydan.tv\\\/wp-content\\\/uploads\\\/2021\\\/07\\\/meydan-logo.svg\",\"width\":195,\"height\":46,\"caption\":\"Meydan TV\"},\"image\":{\"@id\":\"https:\\\/\\\/www.meydan.tv\\\/az\\\/#\\\/schema\\\/logo\\\/image\\\/\"}},{\"@type\":\"Person\",\"@id\":\"https:\\\/\\\/www.meydan.tv\\\/az\\\/#\\\/schema\\\/person\\\/9cdbecf90d17180ce1dfbd95b08dcf47\",\"name\":\"elli\",\"sameAs\":[\"https:\\\/\\\/x.com\\\/elli\"]}]}<\/script>\n<!-- \/ Yoast SEO plugin. -->","yoast_head_json":{"title":"Q\u0259zada \u00f6vlad\u0131n\u0131 itir\u0259n ana: \u201c90-a yax\u0131n ma\u015f\u0131n\u0131 olan \u015firk\u0259t 8 min manat\u0131 \u00f6d\u0259y\u0259 bilmir?\u201d - MEYDAN.TV","description":"Ara\u015fd\u0131rmalardan sonra istintaq\u00e7\u0131lar bel\u0259 n\u0259tic\u0259y\u0259 g\u0259lib ki, q\u0259zan\u0131n ba\u015f verm\u0259sin\u0259 g\u00f6r\u0259 t\u0259qsirkar M\u00fcst\u0259c\u0259b \u0130sg\u0259nd\u0259rovdur.","robots":{"index":"index","follow":"follow","max-snippet":"max-snippet:-1","max-image-preview":"max-image-preview:large","max-video-preview":"max-video-preview:-1"},"canonical":"https:\/\/www.meydan.tv\/az\/article\/qezada-ovladini-itiren-ana-90-a-yaxin-masini-olan-sirket-8-min-manati-odeye-bilmir\/","og_locale":"az_AZ","og_type":"article","og_title":"Q\u0259zada \u00f6vlad\u0131n\u0131 itir\u0259n ana: \u201c90-a yax\u0131n ma\u015f\u0131n\u0131 olan \u015firk\u0259t 8 min manat\u0131 \u00f6d\u0259y\u0259 bilmir?\u201d - MEYDAN.TV","og_description":"Ara\u015fd\u0131rmalardan sonra istintaq\u00e7\u0131lar bel\u0259 n\u0259tic\u0259y\u0259 g\u0259lib ki, q\u0259zan\u0131n ba\u015f verm\u0259sin\u0259 g\u00f6r\u0259 t\u0259qsirkar M\u00fcst\u0259c\u0259b \u0130sg\u0259nd\u0259rovdur.","og_url":"https:\/\/www.meydan.tv\/az\/article\/qezada-ovladini-itiren-ana-90-a-yaxin-masini-olan-sirket-8-min-manati-odeye-bilmir\/","og_site_name":"MEYDAN.TV","article_published_time":"2024-08-31T08:25:10+00:00","article_modified_time":"2024-08-31T08:25:12+00:00","og_image":[{"width":1200,"height":787,"url":"https:\/\/www.meydan.tv\/wp-content\/uploads\/img-20240416-wa0010.jpg","type":"image\/jpeg"}],"author":"elli","twitter_card":"summary_large_image","twitter_creator":"@elli","schema":{"@context":"https:\/\/schema.org","@graph":[{"@type":"Article","@id":"https:\/\/www.meydan.tv\/az\/article\/qezada-ovladini-itiren-ana-90-a-yaxin-masini-olan-sirket-8-min-manati-odeye-bilmir\/#article","isPartOf":{"@id":"https:\/\/www.meydan.tv\/az\/article\/qezada-ovladini-itiren-ana-90-a-yaxin-masini-olan-sirket-8-min-manati-odeye-bilmir\/"},"author":{"name":"elli","@id":"https:\/\/www.meydan.tv\/az\/#\/schema\/person\/9cdbecf90d17180ce1dfbd95b08dcf47"},"headline":"Q\u0259zada \u00f6vlad\u0131n\u0131 itir\u0259n ana: \u201c90-a yax\u0131n ma\u015f\u0131n\u0131 olan \u015firk\u0259t 8 min manat\u0131 \u00f6d\u0259y\u0259 bilmir?\u201d","datePublished":"2024-08-31T08:25:10+00:00","dateModified":"2024-08-31T08:25:12+00:00","mainEntityOfPage":{"@id":"https:\/\/www.meydan.tv\/az\/article\/qezada-ovladini-itiren-ana-90-a-yaxin-masini-olan-sirket-8-min-manati-odeye-bilmir\/"},"wordCount":681,"publisher":{"@id":"https:\/\/www.meydan.tv\/az\/#organization"},"image":{"@id":"https:\/\/www.meydan.tv\/az\/article\/qezada-ovladini-itiren-ana-90-a-yaxin-masini-olan-sirket-8-min-manati-odeye-bilmir\/#primaryimage"},"thumbnailUrl":"https:\/\/www.meydan.tv\/wp-content\/uploads\/img-20240416-wa0010.jpg","articleSection":["Sosial","X\u0259b\u0259rl\u0259r"],"inLanguage":"az"},{"@type":"WebPage","@id":"https:\/\/www.meydan.tv\/az\/article\/qezada-ovladini-itiren-ana-90-a-yaxin-masini-olan-sirket-8-min-manati-odeye-bilmir\/","url":"https:\/\/www.meydan.tv\/az\/article\/qezada-ovladini-itiren-ana-90-a-yaxin-masini-olan-sirket-8-min-manati-odeye-bilmir\/","name":"Q\u0259zada \u00f6vlad\u0131n\u0131 itir\u0259n ana: \u201c90-a yax\u0131n ma\u015f\u0131n\u0131 olan \u015firk\u0259t 8 min manat\u0131 \u00f6d\u0259y\u0259 bilmir?\u201d - MEYDAN.TV","isPartOf":{"@id":"https:\/\/www.meydan.tv\/az\/#website"},"primaryImageOfPage":{"@id":"https:\/\/www.meydan.tv\/az\/article\/qezada-ovladini-itiren-ana-90-a-yaxin-masini-olan-sirket-8-min-manati-odeye-bilmir\/#primaryimage"},"image":{"@id":"https:\/\/www.meydan.tv\/az\/article\/qezada-ovladini-itiren-ana-90-a-yaxin-masini-olan-sirket-8-min-manati-odeye-bilmir\/#primaryimage"},"thumbnailUrl":"https:\/\/www.meydan.tv\/wp-content\/uploads\/img-20240416-wa0010.jpg","datePublished":"2024-08-31T08:25:10+00:00","dateModified":"2024-08-31T08:25:12+00:00","description":"Ara\u015fd\u0131rmalardan sonra istintaq\u00e7\u0131lar bel\u0259 n\u0259tic\u0259y\u0259 g\u0259lib ki, q\u0259zan\u0131n ba\u015f verm\u0259sin\u0259 g\u00f6r\u0259 t\u0259qsirkar M\u00fcst\u0259c\u0259b \u0130sg\u0259nd\u0259rovdur.","breadcrumb":{"@id":"https:\/\/www.meydan.tv\/az\/article\/qezada-ovladini-itiren-ana-90-a-yaxin-masini-olan-sirket-8-min-manati-odeye-bilmir\/#breadcrumb"},"inLanguage":"az","potentialAction":[{"@type":"ReadAction","target":["https:\/\/www.meydan.tv\/az\/article\/qezada-ovladini-itiren-ana-90-a-yaxin-masini-olan-sirket-8-min-manati-odeye-bilmir\/"]}]},{"@type":"ImageObject","inLanguage":"az","@id":"https:\/\/www.meydan.tv\/az\/article\/qezada-ovladini-itiren-ana-90-a-yaxin-masini-olan-sirket-8-min-manati-odeye-bilmir\/#primaryimage","url":"https:\/\/www.meydan.tv\/wp-content\/uploads\/img-20240416-wa0010.jpg","contentUrl":"https:\/\/www.meydan.tv\/wp-content\/uploads\/img-20240416-wa0010.jpg","width":1200,"height":787,"caption":"Yol q\u0259zas\u0131. Foto: D\u0130N"},{"@type":"BreadcrumbList","@id":"https:\/\/www.meydan.tv\/az\/article\/qezada-ovladini-itiren-ana-90-a-yaxin-masini-olan-sirket-8-min-manati-odeye-bilmir\/#breadcrumb","itemListElement":[{"@type":"ListItem","position":1,"name":"Ana s\u0259hif\u0259","item":"https:\/\/www.meydan.tv\/az\/"},{"@type":"ListItem","position":2,"name":"Sosial","item":"https:\/\/www.meydan.tv\/az\/section\/sosial\/"},{"@type":"ListItem","position":3,"name":"Q\u0259zada \u00f6vlad\u0131n\u0131 itir\u0259n ana: \u201c90-a yax\u0131n ma\u015f\u0131n\u0131 olan \u015firk\u0259t 8 min manat\u0131 \u00f6d\u0259y\u0259 bilmir?\u201d"}]},{"@type":"WebSite","@id":"https:\/\/www.meydan.tv\/az\/#website","url":"https:\/\/www.meydan.tv\/az\/","name":"MEYDAN.TV","description":"Meydan TV Az\u0259rbaycan\u0131n media m\u0259kan\u0131ndak\u0131 alternativ s\u0259sidir","publisher":{"@id":"https:\/\/www.meydan.tv\/az\/#organization"},"potentialAction":[{"@type":"SearchAction","target":{"@type":"EntryPoint","urlTemplate":"https:\/\/www.meydan.tv\/az\/?s={search_term_string}"},"query-input":{"@type":"PropertyValueSpecification","valueRequired":true,"valueName":"search_term_string"}}],"inLanguage":"az"},{"@type":"Organization","@id":"https:\/\/www.meydan.tv\/az\/#organization","name":"Meydan TV","url":"https:\/\/www.meydan.tv\/az\/","logo":{"@type":"ImageObject","inLanguage":"az","@id":"https:\/\/www.meydan.tv\/az\/#\/schema\/logo\/image\/","url":"https:\/\/www.meydan.tv\/wp-content\/uploads\/2021\/07\/meydan-logo.svg","contentUrl":"https:\/\/www.meydan.tv\/wp-content\/uploads\/2021\/07\/meydan-logo.svg","width":195,"height":46,"caption":"Meydan TV"},"image":{"@id":"https:\/\/www.meydan.tv\/az\/#\/schema\/logo\/image\/"}},{"@type":"Person","@id":"https:\/\/www.meydan.tv\/az\/#\/schema\/person\/9cdbecf90d17180ce1dfbd95b08dcf47","name":"elli","sameAs":["https:\/\/x.com\/elli"]}]}},"_links":{"self":[{"href":"https:\/\/www.meydan.tv\/az\/wp-json\/wp\/v2\/posts\/314246","targetHints":{"allow":["GET"]}}],"collection":[{"href":"https:\/\/www.meydan.tv\/az\/wp-json\/wp\/v2\/posts"}],"about":[{"href":"https:\/\/www.meydan.tv\/az\/wp-json\/wp\/v2\/types\/post"}],"author":[{"embeddable":true,"href":"https:\/\/www.meydan.tv\/az\/wp-json\/wp\/v2\/users\/8"}],"replies":[{"embeddable":true,"href":"https:\/\/www.meydan.tv\/az\/wp-json\/wp\/v2\/comments?post=314246"}],"version-history":[{"count":1,"href":"https:\/\/www.meydan.tv\/az\/wp-json\/wp\/v2\/posts\/314246\/revisions"}],"predecessor-version":[{"id":314247,"href":"https:\/\/www.meydan.tv\/az\/wp-json\/wp\/v2\/posts\/314246\/revisions\/314247"}],"wp:featuredmedia":[{"embeddable":true,"href":"https:\/\/www.meydan.tv\/az\/wp-json\/wp\/v2\/media\/304390"}],"wp:attachment":[{"href":"https:\/\/www.meydan.tv\/az\/wp-json\/wp\/v2\/media?parent=314246"}],"wp:term":[{"taxonomy":"category","embeddable":true,"href":"https:\/\/www.meydan.tv\/az\/wp-json\/wp\/v2\/categories?post=314246"},{"taxonomy":"post_tag","embeddable":true,"href":"https:\/\/www.meydan.tv\/az\/wp-json\/wp\/v2\/tags?post=314246"}],"curies":[{"name":"wp","href":"https:\/\/api.w.org\/{rel}","templated":true}]}}