{"id":314194,"date":"2024-08-30T17:44:21","date_gmt":"2024-08-30T13:44:21","guid":{"rendered":"https:\/\/www.meydan.tv\/?p=314194"},"modified":"2024-08-30T17:44:23","modified_gmt":"2024-08-30T13:44:23","slug":"suraxanida-yangin-fhn-ve-tecili-yardim-briqadasi-celb-olunub","status":"publish","type":"post","link":"https:\/\/www.meydan.tv\/az\/article\/suraxanida-yangin-fhn-ve-tecili-yardim-briqadasi-celb-olunub\/","title":{"rendered":"Suraxan\u0131da yan\u011f\u0131n: FHN v\u0259 t\u0259cili yard\u0131m briqadas\u0131 c\u0259lb olunub"},"content":{"rendered":"\n<p><\/p>\n\n\n\n<p><strong><em>Bir n\u0259f\u0259r\u0259 tibbi yard\u0131m\u0131n g\u00f6st\u0259rildiyi a\u00e7\u0131qlan\u0131b<\/em><\/strong><\/p>\n\n\n\n<p>Bak\u0131n\u0131n Suraxan\u0131 rayonu \u0259razisind\u0259 yerl\u0259\u015f\u0259n SOCAR-\u0131n (Az\u0259rbaycan Respublikas\u0131n\u0131n D\u00f6vl\u0259t Neft \u015eirk\u0259ti) &#8220;Neftqazelmit\u0259dqiqatlayih\u0259&#8221; \u0130nstitutunun Eksperimental T\u0259cr\u00fcb\u0259-S\u0131naq \u0130\u015fl\u0259ri M\u00fc\u0259ssis\u0259sinin \u0259razisind\u0259 yan\u011f\u0131n ba\u015f verdiyi bildirilir.<\/p>\n\n\n\n<p>F\u00f6vq\u0259lad\u0259 Hallar Nazirliyinin (FHN) m\u0259lumat\u0131na g\u00f6r\u0259, D\u00f6vl\u0259t Yan\u011f\u0131ndan M\u00fchafiz\u0259 v\u0259 X\u00fcsusi Riskli Xilasetm\u0259 xidm\u0259tl\u0259rinin q\u00fcvv\u0259l\u0259ri hadis\u0259 yerin\u0259 c\u0259lb <a href=\"https:\/\/fhn.gov.az\/az\/melumatlar\/fhn-metbuat-xidmetinin-melumati-video-foto-62ba272a\">olunub.<\/a><\/p>\n\n\n\n<p>Yan\u011f\u0131n\u0131n \u0259traf \u0259razil\u0259r\u0259, o c\u00fcml\u0259d\u0259n yax\u0131nl\u0131qdak\u0131 evl\u0259r\u0259 ke\u00e7m\u0259sinin qar\u015f\u0131s\u0131 al\u0131n\u0131b.<\/p>\n\n\n\n<p>Haz\u0131rda yan\u011f\u0131nla m\u00fcbariz\u0259 t\u0259dbirl\u0259ri davam etdirilir.<\/p>\n\n\n\n<p>Tibbi \u018frazi B\u00f6lm\u0259l\u0259rini \u0130dar\u0259etm\u0259 Birliyind\u0259n (T\u018fB\u0130B) APA-ya bildirilib ki, Respublika T\u0259cili v\u0259 T\u0259xir\u0259sal\u0131nmaz Tibbi Yard\u0131m M\u0259rk\u0259zin\u0259 saat 14:55 rad\u0259l\u0259rind\u0259 Suraxan\u0131 rayonu \u0259razind\u0259ki obyektd\u0259 yan\u011f\u0131n s\u0259b\u0259bil\u0259 \u00e7a\u011f\u0131r\u0131\u015f daxil olub.<\/p>\n\n\n\n<p>Qeyd edilib ki, \u00e7a\u011f\u0131r\u0131\u015f \u00fcnvan\u0131na 3 t\u0259cili tibbi yard\u0131m briqadas\u0131 c\u0259lb olunub.<\/p>\n\n\n\n<p>\u0130ndiy\u0259d\u0259k 1 n\u0259f\u0259r\u0259 yerind\u0259 tibbi yard\u0131m g\u00f6st\u0259rilib.<\/p>\n\n\n\n<p>T\u0259cili tibbi yard\u0131m briqadalar\u0131 hadis\u0259 yerind\u0259dir.<\/p>\n","protected":false},"excerpt":{"rendered":"<p>Bir n\u0259f\u0259r\u0259 tibbi yard\u0131m\u0131n g\u00f6st\u0259rildiyi a\u00e7\u0131qlan\u0131b Bak\u0131n\u0131n Suraxan\u0131 rayonu \u0259razisind\u0259 &#8230; <\/p>\n<p class=\"read-more-container\"><a title=\"Suraxan\u0131da yan\u011f\u0131n: FHN v\u0259 t\u0259cili yard\u0131m briqadas\u0131 c\u0259lb olunub\" class=\"read-more button\" href=\"https:\/\/www.meydan.tv\/az\/article\/suraxanida-yangin-fhn-ve-tecili-yardim-briqadasi-celb-olunub\/#more-314194\" aria-label=\"Read more about Suraxan\u0131da yan\u011f\u0131n: FHN v\u0259 t\u0259cili yard\u0131m briqadas\u0131 c\u0259lb olunub\">Davam\u0131<\/a><\/p>\n","protected":false},"author":8,"featured_media":314195,"comment_status":"closed","ping_status":"closed","sticky":false,"template":"","format":"standard","meta":{"_acf_changed":false,"_sitemap_exclude":false,"_sitemap_priority":"","_sitemap_frequency":"","footnotes":""},"categories":[62,56],"tags":[],"class_list":["post-314194","post","type-post","status-publish","format-standard","has-post-thumbnail","hentry","category-sosial","category-xeberler","infinite-scroll-item","generate-columns","tablet-grid-50","mobile-grid-100","grid-parent","grid-33","no-featured-image-padding"],"acf":[],"yoast_head":"<!-- This site is optimized with the Yoast SEO plugin v27.5 - https:\/\/yoast.com\/product\/yoast-seo-wordpress\/ -->\n<title>Suraxan\u0131da yan\u011f\u0131n: FHN v\u0259 t\u0259cili yard\u0131m briqadas\u0131 c\u0259lb olunub - MEYDAN.TV<\/title>\n<meta name=\"description\" content=\"Respublika T\u0259cili v\u0259 T\u0259xir\u0259sal\u0131nmaz Tibbi Yard\u0131m M\u0259rk\u0259zin\u0259 saat 14:55 rad\u0259l\u0259rind\u0259 Suraxan\u0131 rayonu \u0259razind\u0259ki obyektd\u0259 yan\u011f\u0131n s\u0259b\u0259bil\u0259 \u00e7a\u011f\u0131r\u0131\u015f daxil olub.\" \/>\n<meta name=\"robots\" content=\"index, follow, max-snippet:-1, max-image-preview:large, max-video-preview:-1\" \/>\n<link rel=\"canonical\" href=\"https:\/\/www.meydan.tv\/az\/article\/suraxanida-yangin-fhn-ve-tecili-yardim-briqadasi-celb-olunub\/\" \/>\n<meta property=\"og:locale\" content=\"az_AZ\" \/>\n<meta property=\"og:type\" content=\"article\" \/>\n<meta property=\"og:title\" content=\"Suraxan\u0131da yan\u011f\u0131n: FHN v\u0259 t\u0259cili yard\u0131m briqadas\u0131 c\u0259lb olunub - MEYDAN.TV\" \/>\n<meta property=\"og:description\" content=\"Respublika T\u0259cili v\u0259 T\u0259xir\u0259sal\u0131nmaz Tibbi Yard\u0131m M\u0259rk\u0259zin\u0259 saat 14:55 rad\u0259l\u0259rind\u0259 Suraxan\u0131 rayonu \u0259razind\u0259ki obyektd\u0259 yan\u011f\u0131n s\u0259b\u0259bil\u0259 \u00e7a\u011f\u0131r\u0131\u015f daxil olub.\" \/>\n<meta property=\"og:url\" content=\"https:\/\/www.meydan.tv\/az\/article\/suraxanida-yangin-fhn-ve-tecili-yardim-briqadasi-celb-olunub\/\" \/>\n<meta property=\"og:site_name\" content=\"MEYDAN.TV\" \/>\n<meta property=\"article:published_time\" content=\"2024-08-30T13:44:21+00:00\" \/>\n<meta property=\"article:modified_time\" content=\"2024-08-30T13:44:23+00:00\" \/>\n<meta property=\"og:image\" content=\"https:\/\/www.meydan.tv\/wp-content\/uploads\/2-20.jpg\" \/>\n\t<meta property=\"og:image:width\" content=\"1200\" \/>\n\t<meta property=\"og:image:height\" content=\"744\" \/>\n\t<meta property=\"og:image:type\" content=\"image\/jpeg\" \/>\n<meta name=\"author\" content=\"elli\" \/>\n<meta name=\"twitter:card\" content=\"summary_large_image\" \/>\n<meta name=\"twitter:creator\" content=\"@elli\" \/>\n<script type=\"application\/ld+json\" class=\"yoast-schema-graph\">{\"@context\":\"https:\\\/\\\/schema.org\",\"@graph\":[{\"@type\":\"Article\",\"@id\":\"https:\\\/\\\/www.meydan.tv\\\/az\\\/article\\\/suraxanida-yangin-fhn-ve-tecili-yardim-briqadasi-celb-olunub\\\/#article\",\"isPartOf\":{\"@id\":\"https:\\\/\\\/www.meydan.tv\\\/az\\\/article\\\/suraxanida-yangin-fhn-ve-tecili-yardim-briqadasi-celb-olunub\\\/\"},\"author\":{\"name\":\"elli\",\"@id\":\"https:\\\/\\\/www.meydan.tv\\\/az\\\/#\\\/schema\\\/person\\\/9cdbecf90d17180ce1dfbd95b08dcf47\"},\"headline\":\"Suraxan\u0131da yan\u011f\u0131n: FHN v\u0259 t\u0259cili yard\u0131m briqadas\u0131 c\u0259lb olunub\",\"datePublished\":\"2024-08-30T13:44:21+00:00\",\"dateModified\":\"2024-08-30T13:44:23+00:00\",\"mainEntityOfPage\":{\"@id\":\"https:\\\/\\\/www.meydan.tv\\\/az\\\/article\\\/suraxanida-yangin-fhn-ve-tecili-yardim-briqadasi-celb-olunub\\\/\"},\"wordCount\":225,\"publisher\":{\"@id\":\"https:\\\/\\\/www.meydan.tv\\\/az\\\/#organization\"},\"image\":{\"@id\":\"https:\\\/\\\/www.meydan.tv\\\/az\\\/article\\\/suraxanida-yangin-fhn-ve-tecili-yardim-briqadasi-celb-olunub\\\/#primaryimage\"},\"thumbnailUrl\":\"https:\\\/\\\/www.meydan.tv\\\/wp-content\\\/uploads\\\/2-20.jpg\",\"articleSection\":[\"Sosial\",\"X\u0259b\u0259rl\u0259r\"],\"inLanguage\":\"az\"},{\"@type\":\"WebPage\",\"@id\":\"https:\\\/\\\/www.meydan.tv\\\/az\\\/article\\\/suraxanida-yangin-fhn-ve-tecili-yardim-briqadasi-celb-olunub\\\/\",\"url\":\"https:\\\/\\\/www.meydan.tv\\\/az\\\/article\\\/suraxanida-yangin-fhn-ve-tecili-yardim-briqadasi-celb-olunub\\\/\",\"name\":\"Suraxan\u0131da yan\u011f\u0131n: FHN v\u0259 t\u0259cili yard\u0131m briqadas\u0131 c\u0259lb olunub - MEYDAN.TV\",\"isPartOf\":{\"@id\":\"https:\\\/\\\/www.meydan.tv\\\/az\\\/#website\"},\"primaryImageOfPage\":{\"@id\":\"https:\\\/\\\/www.meydan.tv\\\/az\\\/article\\\/suraxanida-yangin-fhn-ve-tecili-yardim-briqadasi-celb-olunub\\\/#primaryimage\"},\"image\":{\"@id\":\"https:\\\/\\\/www.meydan.tv\\\/az\\\/article\\\/suraxanida-yangin-fhn-ve-tecili-yardim-briqadasi-celb-olunub\\\/#primaryimage\"},\"thumbnailUrl\":\"https:\\\/\\\/www.meydan.tv\\\/wp-content\\\/uploads\\\/2-20.jpg\",\"datePublished\":\"2024-08-30T13:44:21+00:00\",\"dateModified\":\"2024-08-30T13:44:23+00:00\",\"description\":\"Respublika T\u0259cili v\u0259 T\u0259xir\u0259sal\u0131nmaz Tibbi Yard\u0131m M\u0259rk\u0259zin\u0259 saat 14:55 rad\u0259l\u0259rind\u0259 Suraxan\u0131 rayonu \u0259razind\u0259ki obyektd\u0259 yan\u011f\u0131n s\u0259b\u0259bil\u0259 \u00e7a\u011f\u0131r\u0131\u015f daxil olub.\",\"breadcrumb\":{\"@id\":\"https:\\\/\\\/www.meydan.tv\\\/az\\\/article\\\/suraxanida-yangin-fhn-ve-tecili-yardim-briqadasi-celb-olunub\\\/#breadcrumb\"},\"inLanguage\":\"az\",\"potentialAction\":[{\"@type\":\"ReadAction\",\"target\":[\"https:\\\/\\\/www.meydan.tv\\\/az\\\/article\\\/suraxanida-yangin-fhn-ve-tecili-yardim-briqadasi-celb-olunub\\\/\"]}]},{\"@type\":\"ImageObject\",\"inLanguage\":\"az\",\"@id\":\"https:\\\/\\\/www.meydan.tv\\\/az\\\/article\\\/suraxanida-yangin-fhn-ve-tecili-yardim-briqadasi-celb-olunub\\\/#primaryimage\",\"url\":\"https:\\\/\\\/www.meydan.tv\\\/wp-content\\\/uploads\\\/2-20.jpg\",\"contentUrl\":\"https:\\\/\\\/www.meydan.tv\\\/wp-content\\\/uploads\\\/2-20.jpg\",\"width\":1200,\"height\":744,\"caption\":\"Suraxanad\u0131 yan\u011f\u0131n. Foto:Meydan TV\"},{\"@type\":\"BreadcrumbList\",\"@id\":\"https:\\\/\\\/www.meydan.tv\\\/az\\\/article\\\/suraxanida-yangin-fhn-ve-tecili-yardim-briqadasi-celb-olunub\\\/#breadcrumb\",\"itemListElement\":[{\"@type\":\"ListItem\",\"position\":1,\"name\":\"Ana s\u0259hif\u0259\",\"item\":\"https:\\\/\\\/www.meydan.tv\\\/az\\\/\"},{\"@type\":\"ListItem\",\"position\":2,\"name\":\"Sosial\",\"item\":\"https:\\\/\\\/www.meydan.tv\\\/az\\\/section\\\/sosial\\\/\"},{\"@type\":\"ListItem\",\"position\":3,\"name\":\"Suraxan\u0131da yan\u011f\u0131n: FHN v\u0259 t\u0259cili yard\u0131m briqadas\u0131 c\u0259lb olunub\"}]},{\"@type\":\"WebSite\",\"@id\":\"https:\\\/\\\/www.meydan.tv\\\/az\\\/#website\",\"url\":\"https:\\\/\\\/www.meydan.tv\\\/az\\\/\",\"name\":\"MEYDAN.TV\",\"description\":\"Meydan TV Az\u0259rbaycan\u0131n media m\u0259kan\u0131ndak\u0131 alternativ s\u0259sidir\",\"publisher\":{\"@id\":\"https:\\\/\\\/www.meydan.tv\\\/az\\\/#organization\"},\"potentialAction\":[{\"@type\":\"SearchAction\",\"target\":{\"@type\":\"EntryPoint\",\"urlTemplate\":\"https:\\\/\\\/www.meydan.tv\\\/az\\\/?s={search_term_string}\"},\"query-input\":{\"@type\":\"PropertyValueSpecification\",\"valueRequired\":true,\"valueName\":\"search_term_string\"}}],\"inLanguage\":\"az\"},{\"@type\":\"Organization\",\"@id\":\"https:\\\/\\\/www.meydan.tv\\\/az\\\/#organization\",\"name\":\"Meydan TV\",\"url\":\"https:\\\/\\\/www.meydan.tv\\\/az\\\/\",\"logo\":{\"@type\":\"ImageObject\",\"inLanguage\":\"az\",\"@id\":\"https:\\\/\\\/www.meydan.tv\\\/az\\\/#\\\/schema\\\/logo\\\/image\\\/\",\"url\":\"https:\\\/\\\/www.meydan.tv\\\/wp-content\\\/uploads\\\/2021\\\/07\\\/meydan-logo.svg\",\"contentUrl\":\"https:\\\/\\\/www.meydan.tv\\\/wp-content\\\/uploads\\\/2021\\\/07\\\/meydan-logo.svg\",\"width\":195,\"height\":46,\"caption\":\"Meydan TV\"},\"image\":{\"@id\":\"https:\\\/\\\/www.meydan.tv\\\/az\\\/#\\\/schema\\\/logo\\\/image\\\/\"}},{\"@type\":\"Person\",\"@id\":\"https:\\\/\\\/www.meydan.tv\\\/az\\\/#\\\/schema\\\/person\\\/9cdbecf90d17180ce1dfbd95b08dcf47\",\"name\":\"elli\",\"sameAs\":[\"https:\\\/\\\/x.com\\\/elli\"]}]}<\/script>\n<!-- \/ Yoast SEO plugin. -->","yoast_head_json":{"title":"Suraxan\u0131da yan\u011f\u0131n: FHN v\u0259 t\u0259cili yard\u0131m briqadas\u0131 c\u0259lb olunub - MEYDAN.TV","description":"Respublika T\u0259cili v\u0259 T\u0259xir\u0259sal\u0131nmaz Tibbi Yard\u0131m M\u0259rk\u0259zin\u0259 saat 14:55 rad\u0259l\u0259rind\u0259 Suraxan\u0131 rayonu \u0259razind\u0259ki obyektd\u0259 yan\u011f\u0131n s\u0259b\u0259bil\u0259 \u00e7a\u011f\u0131r\u0131\u015f daxil olub.","robots":{"index":"index","follow":"follow","max-snippet":"max-snippet:-1","max-image-preview":"max-image-preview:large","max-video-preview":"max-video-preview:-1"},"canonical":"https:\/\/www.meydan.tv\/az\/article\/suraxanida-yangin-fhn-ve-tecili-yardim-briqadasi-celb-olunub\/","og_locale":"az_AZ","og_type":"article","og_title":"Suraxan\u0131da yan\u011f\u0131n: FHN v\u0259 t\u0259cili yard\u0131m briqadas\u0131 c\u0259lb olunub - MEYDAN.TV","og_description":"Respublika T\u0259cili v\u0259 T\u0259xir\u0259sal\u0131nmaz Tibbi Yard\u0131m M\u0259rk\u0259zin\u0259 saat 14:55 rad\u0259l\u0259rind\u0259 Suraxan\u0131 rayonu \u0259razind\u0259ki obyektd\u0259 yan\u011f\u0131n s\u0259b\u0259bil\u0259 \u00e7a\u011f\u0131r\u0131\u015f daxil olub.","og_url":"https:\/\/www.meydan.tv\/az\/article\/suraxanida-yangin-fhn-ve-tecili-yardim-briqadasi-celb-olunub\/","og_site_name":"MEYDAN.TV","article_published_time":"2024-08-30T13:44:21+00:00","article_modified_time":"2024-08-30T13:44:23+00:00","og_image":[{"width":1200,"height":744,"url":"https:\/\/www.meydan.tv\/wp-content\/uploads\/2-20.jpg","type":"image\/jpeg"}],"author":"elli","twitter_card":"summary_large_image","twitter_creator":"@elli","schema":{"@context":"https:\/\/schema.org","@graph":[{"@type":"Article","@id":"https:\/\/www.meydan.tv\/az\/article\/suraxanida-yangin-fhn-ve-tecili-yardim-briqadasi-celb-olunub\/#article","isPartOf":{"@id":"https:\/\/www.meydan.tv\/az\/article\/suraxanida-yangin-fhn-ve-tecili-yardim-briqadasi-celb-olunub\/"},"author":{"name":"elli","@id":"https:\/\/www.meydan.tv\/az\/#\/schema\/person\/9cdbecf90d17180ce1dfbd95b08dcf47"},"headline":"Suraxan\u0131da yan\u011f\u0131n: FHN v\u0259 t\u0259cili yard\u0131m briqadas\u0131 c\u0259lb olunub","datePublished":"2024-08-30T13:44:21+00:00","dateModified":"2024-08-30T13:44:23+00:00","mainEntityOfPage":{"@id":"https:\/\/www.meydan.tv\/az\/article\/suraxanida-yangin-fhn-ve-tecili-yardim-briqadasi-celb-olunub\/"},"wordCount":225,"publisher":{"@id":"https:\/\/www.meydan.tv\/az\/#organization"},"image":{"@id":"https:\/\/www.meydan.tv\/az\/article\/suraxanida-yangin-fhn-ve-tecili-yardim-briqadasi-celb-olunub\/#primaryimage"},"thumbnailUrl":"https:\/\/www.meydan.tv\/wp-content\/uploads\/2-20.jpg","articleSection":["Sosial","X\u0259b\u0259rl\u0259r"],"inLanguage":"az"},{"@type":"WebPage","@id":"https:\/\/www.meydan.tv\/az\/article\/suraxanida-yangin-fhn-ve-tecili-yardim-briqadasi-celb-olunub\/","url":"https:\/\/www.meydan.tv\/az\/article\/suraxanida-yangin-fhn-ve-tecili-yardim-briqadasi-celb-olunub\/","name":"Suraxan\u0131da yan\u011f\u0131n: FHN v\u0259 t\u0259cili yard\u0131m briqadas\u0131 c\u0259lb olunub - MEYDAN.TV","isPartOf":{"@id":"https:\/\/www.meydan.tv\/az\/#website"},"primaryImageOfPage":{"@id":"https:\/\/www.meydan.tv\/az\/article\/suraxanida-yangin-fhn-ve-tecili-yardim-briqadasi-celb-olunub\/#primaryimage"},"image":{"@id":"https:\/\/www.meydan.tv\/az\/article\/suraxanida-yangin-fhn-ve-tecili-yardim-briqadasi-celb-olunub\/#primaryimage"},"thumbnailUrl":"https:\/\/www.meydan.tv\/wp-content\/uploads\/2-20.jpg","datePublished":"2024-08-30T13:44:21+00:00","dateModified":"2024-08-30T13:44:23+00:00","description":"Respublika T\u0259cili v\u0259 T\u0259xir\u0259sal\u0131nmaz Tibbi Yard\u0131m M\u0259rk\u0259zin\u0259 saat 14:55 rad\u0259l\u0259rind\u0259 Suraxan\u0131 rayonu \u0259razind\u0259ki obyektd\u0259 yan\u011f\u0131n s\u0259b\u0259bil\u0259 \u00e7a\u011f\u0131r\u0131\u015f daxil olub.","breadcrumb":{"@id":"https:\/\/www.meydan.tv\/az\/article\/suraxanida-yangin-fhn-ve-tecili-yardim-briqadasi-celb-olunub\/#breadcrumb"},"inLanguage":"az","potentialAction":[{"@type":"ReadAction","target":["https:\/\/www.meydan.tv\/az\/article\/suraxanida-yangin-fhn-ve-tecili-yardim-briqadasi-celb-olunub\/"]}]},{"@type":"ImageObject","inLanguage":"az","@id":"https:\/\/www.meydan.tv\/az\/article\/suraxanida-yangin-fhn-ve-tecili-yardim-briqadasi-celb-olunub\/#primaryimage","url":"https:\/\/www.meydan.tv\/wp-content\/uploads\/2-20.jpg","contentUrl":"https:\/\/www.meydan.tv\/wp-content\/uploads\/2-20.jpg","width":1200,"height":744,"caption":"Suraxanad\u0131 yan\u011f\u0131n. Foto:Meydan TV"},{"@type":"BreadcrumbList","@id":"https:\/\/www.meydan.tv\/az\/article\/suraxanida-yangin-fhn-ve-tecili-yardim-briqadasi-celb-olunub\/#breadcrumb","itemListElement":[{"@type":"ListItem","position":1,"name":"Ana s\u0259hif\u0259","item":"https:\/\/www.meydan.tv\/az\/"},{"@type":"ListItem","position":2,"name":"Sosial","item":"https:\/\/www.meydan.tv\/az\/section\/sosial\/"},{"@type":"ListItem","position":3,"name":"Suraxan\u0131da yan\u011f\u0131n: FHN v\u0259 t\u0259cili yard\u0131m briqadas\u0131 c\u0259lb olunub"}]},{"@type":"WebSite","@id":"https:\/\/www.meydan.tv\/az\/#website","url":"https:\/\/www.meydan.tv\/az\/","name":"MEYDAN.TV","description":"Meydan TV Az\u0259rbaycan\u0131n media m\u0259kan\u0131ndak\u0131 alternativ s\u0259sidir","publisher":{"@id":"https:\/\/www.meydan.tv\/az\/#organization"},"potentialAction":[{"@type":"SearchAction","target":{"@type":"EntryPoint","urlTemplate":"https:\/\/www.meydan.tv\/az\/?s={search_term_string}"},"query-input":{"@type":"PropertyValueSpecification","valueRequired":true,"valueName":"search_term_string"}}],"inLanguage":"az"},{"@type":"Organization","@id":"https:\/\/www.meydan.tv\/az\/#organization","name":"Meydan TV","url":"https:\/\/www.meydan.tv\/az\/","logo":{"@type":"ImageObject","inLanguage":"az","@id":"https:\/\/www.meydan.tv\/az\/#\/schema\/logo\/image\/","url":"https:\/\/www.meydan.tv\/wp-content\/uploads\/2021\/07\/meydan-logo.svg","contentUrl":"https:\/\/www.meydan.tv\/wp-content\/uploads\/2021\/07\/meydan-logo.svg","width":195,"height":46,"caption":"Meydan TV"},"image":{"@id":"https:\/\/www.meydan.tv\/az\/#\/schema\/logo\/image\/"}},{"@type":"Person","@id":"https:\/\/www.meydan.tv\/az\/#\/schema\/person\/9cdbecf90d17180ce1dfbd95b08dcf47","name":"elli","sameAs":["https:\/\/x.com\/elli"]}]}},"_links":{"self":[{"href":"https:\/\/www.meydan.tv\/az\/wp-json\/wp\/v2\/posts\/314194","targetHints":{"allow":["GET"]}}],"collection":[{"href":"https:\/\/www.meydan.tv\/az\/wp-json\/wp\/v2\/posts"}],"about":[{"href":"https:\/\/www.meydan.tv\/az\/wp-json\/wp\/v2\/types\/post"}],"author":[{"embeddable":true,"href":"https:\/\/www.meydan.tv\/az\/wp-json\/wp\/v2\/users\/8"}],"replies":[{"embeddable":true,"href":"https:\/\/www.meydan.tv\/az\/wp-json\/wp\/v2\/comments?post=314194"}],"version-history":[{"count":1,"href":"https:\/\/www.meydan.tv\/az\/wp-json\/wp\/v2\/posts\/314194\/revisions"}],"predecessor-version":[{"id":314198,"href":"https:\/\/www.meydan.tv\/az\/wp-json\/wp\/v2\/posts\/314194\/revisions\/314198"}],"wp:featuredmedia":[{"embeddable":true,"href":"https:\/\/www.meydan.tv\/az\/wp-json\/wp\/v2\/media\/314195"}],"wp:attachment":[{"href":"https:\/\/www.meydan.tv\/az\/wp-json\/wp\/v2\/media?parent=314194"}],"wp:term":[{"taxonomy":"category","embeddable":true,"href":"https:\/\/www.meydan.tv\/az\/wp-json\/wp\/v2\/categories?post=314194"},{"taxonomy":"post_tag","embeddable":true,"href":"https:\/\/www.meydan.tv\/az\/wp-json\/wp\/v2\/tags?post=314194"}],"curies":[{"name":"wp","href":"https:\/\/api.w.org\/{rel}","templated":true}]}}