{"id":314167,"date":"2024-08-30T14:25:21","date_gmt":"2024-08-30T10:25:21","guid":{"rendered":"https:\/\/www.meydan.tv\/?p=314167"},"modified":"2024-08-30T14:39:59","modified_gmt":"2024-08-30T10:39:59","slug":"din-rejissoru-velosipedle-vuran-sexsler-saxlaniliblar","status":"publish","type":"post","link":"https:\/\/www.meydan.tv\/az\/article\/din-rejissoru-velosipedle-vuran-sexsler-saxlaniliblar\/","title":{"rendered":"D\u0130N: &#8220;Rejissoru velosipedl\u0259 vuran \u015f\u0259xsl\u0259r saxlan\u0131l\u0131blar&#8221;"},"content":{"rendered":"\n<p class=\"wp-block-paragraph\"><\/p>\n\n\n\n<p class=\"wp-block-paragraph\"><strong><em>Haz\u0131rda ara\u015fd\u0131rmalar\u0131n davam etdirildiyi bildirilir<\/em><\/strong><\/p>\n\n\n\n<p class=\"wp-block-paragraph\">Bak\u0131n\u0131n N\u0259simi rayonunda rejissor Elvin Ad\u0131g\u00f6z\u0259l velosipedl\u0259 vurub qa\u00e7an \u015f\u0259xsl\u0259r saxlan\u0131l\u0131blar.<\/p>\n\n\n\n<p class=\"wp-block-paragraph\">Daxili \u0130\u015fl\u0259r Nazirliyinin (D\u0130N) m\u0259tbuat xidm\u0259tind\u0259n Meydan TV-y\u0259 bildirilib ki, avqustun 25-d\u0259 ax\u015fam saatlar\u0131nda Elvin Ad\u0131g\u00f6z\u0259l qar\u015f\u0131 h\u00fcquqazidd h\u0259r\u0259k\u0259tl\u0259r ed\u0259n E.\u018fsg\u0259rov, C.\u0130smay\u0131lov v\u0259 Q.Abdullayev polis \u0259m\u0259kda\u015flar\u0131n\u0131n ke\u00e7irdikl\u0259ri t\u0259dbirl\u0259r n\u0259tic\u0259sind\u0259 m\u00fc\u0259yy\u0259n olunaraq saxlan\u0131l\u0131blar.<\/p>\n\n\n<div class=\"wp-block-image\">\n<figure class=\"alignleft size-full is-resized\"><img loading=\"lazy\" decoding=\"async\" width=\"1200\" height=\"673\" src=\"https:\/\/www.meydan.tv\/wp-content\/uploads\/screenshot_2-49.png\" alt=\"\" class=\"wp-image-314098\" style=\"width:400px;height:auto\"\/><figcaption class=\"wp-element-caption\">Elvin Adg\u00f6z\u0259l. Foto: Meydan TV<\/figcaption><\/figure>\n<\/div>\n\n\n<p class=\"wp-block-paragraph\">Fakt \u00fczr\u0259 N\u0259simi Rayon Polis \u0130dar\u0259sind\u0259 ara\u015fd\u0131rmalar\u0131n davam etdirildiyi bildirilir.<\/p>\n\n\n\n<p class=\"wp-block-paragraph\">Elvin Ad\u0131g\u00f6z\u0259l avqustun 25-d\u0259 ax\u015fam saat 10 rad\u0259l\u0259rind\u0259 \u00fc\u00e7 velosiped\u00e7i t\u0259r\u0259find\u0259n vuruldu\u011funu<a href=\"https:\/\/storage.googleapis.com\/qurium\/www.meydan.tv\/az-article-rejissoru-velosiped-vurub-polis-kameraya-dusmeyib-deyir.html\"> deyib.<\/a><\/p>\n\n\n\n<p class=\"wp-block-paragraph\">N\u0259tic\u0259d\u0259 rejissorun qolu s\u0131n\u0131b, m\u00fcxt\u0259lif b\u0259d\u0259n x\u0259sar\u0259tl\u0259ti al\u0131b.<\/p>\n\n\n\n<p class=\"wp-block-paragraph\">Elvin Ad\u0131g\u00f6z\u0259l Meydan TV-y\u0259 haz\u0131rda m\u00fcalic\u0259sini evd\u0259 davam etdirdiyini bildirib.<\/p>\n","protected":false},"excerpt":{"rendered":"<p>Haz\u0131rda ara\u015fd\u0131rmalar\u0131n davam etdirildiyi bildirilir Bak\u0131n\u0131n N\u0259simi rayonunda rejissor Elvin &#8230; <\/p>\n<p class=\"read-more-container\"><a title=\"D\u0130N: &#8220;Rejissoru velosipedl\u0259 vuran \u015f\u0259xsl\u0259r saxlan\u0131l\u0131blar&#8221;\" class=\"read-more button\" href=\"https:\/\/www.meydan.tv\/az\/article\/din-rejissoru-velosipedle-vuran-sexsler-saxlaniliblar\/#more-314167\" aria-label=\"Read more about D\u0130N: &#8220;Rejissoru velosipedl\u0259 vuran \u015f\u0259xsl\u0259r saxlan\u0131l\u0131blar&#8221;\">Davam\u0131<\/a><\/p>\n","protected":false},"author":8,"featured_media":294906,"comment_status":"closed","ping_status":"closed","sticky":false,"template":"","format":"standard","meta":{"_acf_changed":false,"_sitemap_exclude":false,"_sitemap_priority":"","_sitemap_frequency":"","footnotes":""},"categories":[52,56],"tags":[],"class_list":["post-314167","post","type-post","status-publish","format-standard","has-post-thumbnail","hentry","category-medeniyyet","category-xeberler","infinite-scroll-item","generate-columns","tablet-grid-50","mobile-grid-100","grid-parent","grid-33","no-featured-image-padding"],"acf":[],"yoast_head":"<!-- This site is optimized with the Yoast SEO plugin v28.4 - https:\/\/yoast.com\/product\/yoast-seo-wordpress\/ -->\n<title>D\u0130N: &quot;Rejissoru velosipedl\u0259 vuran \u015f\u0259xsl\u0259r saxlan\u0131l\u0131blar&quot; - MEYDAN.TV<\/title>\n<meta name=\"description\" content=\"Elvin Ad\u0131g\u00f6z\u0259l Meydan TV-y\u0259 haz\u0131rda m\u00fcalic\u0259sini evd\u0259 davam etdirdiyini bildirib.\" \/>\n<meta name=\"robots\" content=\"index, follow, max-snippet:-1, max-image-preview:large, max-video-preview:-1\" \/>\n<link rel=\"canonical\" href=\"https:\/\/www.meydan.tv\/az\/article\/din-rejissoru-velosipedle-vuran-sexsler-saxlaniliblar\/\" \/>\n<meta property=\"og:locale\" content=\"az_AZ\" \/>\n<meta property=\"og:type\" content=\"article\" \/>\n<meta property=\"og:title\" content=\"D\u0130N: &quot;Rejissoru velosipedl\u0259 vuran \u015f\u0259xsl\u0259r saxlan\u0131l\u0131blar&quot; - MEYDAN.TV\" \/>\n<meta property=\"og:description\" content=\"Elvin Ad\u0131g\u00f6z\u0259l Meydan TV-y\u0259 haz\u0131rda m\u00fcalic\u0259sini evd\u0259 davam etdirdiyini bildirib.\" \/>\n<meta property=\"og:url\" content=\"https:\/\/www.meydan.tv\/az\/article\/din-rejissoru-velosipedle-vuran-sexsler-saxlaniliblar\/\" \/>\n<meta property=\"og:site_name\" content=\"MEYDAN.TV\" \/>\n<meta property=\"article:published_time\" content=\"2024-08-30T10:25:21+00:00\" \/>\n<meta property=\"article:modified_time\" content=\"2024-08-30T10:39:59+00:00\" \/>\n<meta property=\"og:image\" content=\"https:\/\/www.meydan.tv\/wp-content\/uploads\/din-1.jpg\" \/>\n\t<meta property=\"og:image:width\" content=\"1200\" \/>\n\t<meta property=\"og:image:height\" content=\"800\" \/>\n\t<meta property=\"og:image:type\" content=\"image\/jpeg\" \/>\n<meta name=\"twitter:card\" content=\"summary_large_image\" \/>\n<meta name=\"twitter:creator\" content=\"@elli\" \/>\n<!-- \/ Yoast SEO plugin. -->","yoast_head_json":{"title":"D\u0130N: \"Rejissoru velosipedl\u0259 vuran \u015f\u0259xsl\u0259r saxlan\u0131l\u0131blar\" - MEYDAN.TV","description":"Elvin Ad\u0131g\u00f6z\u0259l Meydan TV-y\u0259 haz\u0131rda m\u00fcalic\u0259sini evd\u0259 davam etdirdiyini bildirib.","robots":{"index":"index","follow":"follow","max-snippet":"max-snippet:-1","max-image-preview":"max-image-preview:large","max-video-preview":"max-video-preview:-1"},"canonical":"https:\/\/www.meydan.tv\/az\/article\/din-rejissoru-velosipedle-vuran-sexsler-saxlaniliblar\/","og_locale":"az_AZ","og_type":"article","og_title":"D\u0130N: \"Rejissoru velosipedl\u0259 vuran \u015f\u0259xsl\u0259r saxlan\u0131l\u0131blar\" - MEYDAN.TV","og_description":"Elvin Ad\u0131g\u00f6z\u0259l Meydan TV-y\u0259 haz\u0131rda m\u00fcalic\u0259sini evd\u0259 davam etdirdiyini bildirib.","og_url":"https:\/\/www.meydan.tv\/az\/article\/din-rejissoru-velosipedle-vuran-sexsler-saxlaniliblar\/","og_site_name":"MEYDAN.TV","article_published_time":"2024-08-30T10:25:21+00:00","article_modified_time":"2024-08-30T10:39:59+00:00","og_image":[{"width":1200,"height":800,"url":"https:\/\/www.meydan.tv\/wp-content\/uploads\/din-1.jpg","type":"image\/jpeg"}],"twitter_card":"summary_large_image","twitter_creator":"@elli","schema":{"@context":"https:\/\/schema.org","@graph":[{"@type":"Article","@id":"https:\/\/www.meydan.tv\/az\/article\/din-rejissoru-velosipedle-vuran-sexsler-saxlaniliblar\/#article","isPartOf":{"@id":"https:\/\/www.meydan.tv\/az\/article\/din-rejissoru-velosipedle-vuran-sexsler-saxlaniliblar\/"},"author":{"name":"elli","@id":"https:\/\/www.meydan.tv\/az\/#\/schema\/person\/9cdbecf90d17180ce1dfbd95b08dcf47"},"headline":"D\u0130N: &#8220;Rejissoru velosipedl\u0259 vuran \u015f\u0259xsl\u0259r saxlan\u0131l\u0131blar&#8221;","datePublished":"2024-08-30T10:25:21+00:00","dateModified":"2024-08-30T10:39:59+00:00","mainEntityOfPage":{"@id":"https:\/\/www.meydan.tv\/az\/article\/din-rejissoru-velosipedle-vuran-sexsler-saxlaniliblar\/"},"wordCount":187,"publisher":{"@id":"https:\/\/www.meydan.tv\/az\/#organization"},"image":{"@id":"https:\/\/www.meydan.tv\/az\/article\/din-rejissoru-velosipedle-vuran-sexsler-saxlaniliblar\/#primaryimage"},"thumbnailUrl":"https:\/\/www.meydan.tv\/wp-content\/uploads\/din-1.jpg","articleSection":["M\u0259d\u0259niyy\u0259t","X\u0259b\u0259rl\u0259r"],"inLanguage":"az"},{"@type":"WebPage","@id":"https:\/\/www.meydan.tv\/az\/article\/din-rejissoru-velosipedle-vuran-sexsler-saxlaniliblar\/","url":"https:\/\/www.meydan.tv\/az\/article\/din-rejissoru-velosipedle-vuran-sexsler-saxlaniliblar\/","name":"D\u0130N: \"Rejissoru velosipedl\u0259 vuran \u015f\u0259xsl\u0259r saxlan\u0131l\u0131blar\" - MEYDAN.TV","isPartOf":{"@id":"https:\/\/www.meydan.tv\/az\/#website"},"primaryImageOfPage":{"@id":"https:\/\/www.meydan.tv\/az\/article\/din-rejissoru-velosipedle-vuran-sexsler-saxlaniliblar\/#primaryimage"},"image":{"@id":"https:\/\/www.meydan.tv\/az\/article\/din-rejissoru-velosipedle-vuran-sexsler-saxlaniliblar\/#primaryimage"},"thumbnailUrl":"https:\/\/www.meydan.tv\/wp-content\/uploads\/din-1.jpg","datePublished":"2024-08-30T10:25:21+00:00","dateModified":"2024-08-30T10:39:59+00:00","description":"Elvin Ad\u0131g\u00f6z\u0259l Meydan TV-y\u0259 haz\u0131rda m\u00fcalic\u0259sini evd\u0259 davam etdirdiyini bildirib.","breadcrumb":{"@id":"https:\/\/www.meydan.tv\/az\/article\/din-rejissoru-velosipedle-vuran-sexsler-saxlaniliblar\/#breadcrumb"},"inLanguage":"az","potentialAction":[{"@type":"ReadAction","target":["https:\/\/www.meydan.tv\/az\/article\/din-rejissoru-velosipedle-vuran-sexsler-saxlaniliblar\/"]}]},{"@type":"ImageObject","inLanguage":"az","@id":"https:\/\/www.meydan.tv\/az\/article\/din-rejissoru-velosipedle-vuran-sexsler-saxlaniliblar\/#primaryimage","url":"https:\/\/www.meydan.tv\/wp-content\/uploads\/din-1.jpg","contentUrl":"https:\/\/www.meydan.tv\/wp-content\/uploads\/din-1.jpg","width":1200,"height":800,"caption":"Daxili \u0130\u015fl\u0259r Nazirliyi. Foto: D\u0130N"},{"@type":"BreadcrumbList","@id":"https:\/\/www.meydan.tv\/az\/article\/din-rejissoru-velosipedle-vuran-sexsler-saxlaniliblar\/#breadcrumb","itemListElement":[{"@type":"ListItem","position":1,"name":"Ana s\u0259hif\u0259","item":"https:\/\/www.meydan.tv\/az\/"},{"@type":"ListItem","position":2,"name":"M\u0259d\u0259niyy\u0259t","item":"https:\/\/www.meydan.tv\/az\/section\/medeniyyet\/"},{"@type":"ListItem","position":3,"name":"D\u0130N: &#8220;Rejissoru velosipedl\u0259 vuran \u015f\u0259xsl\u0259r saxlan\u0131l\u0131blar&#8221;"}]},{"@type":"WebSite","@id":"https:\/\/www.meydan.tv\/az\/#website","url":"https:\/\/www.meydan.tv\/az\/","name":"MEYDAN.TV","description":"Meydan TV Az\u0259rbaycan\u0131n media m\u0259kan\u0131ndak\u0131 alternativ s\u0259sidir","publisher":{"@id":"https:\/\/www.meydan.tv\/az\/#organization"},"potentialAction":[{"@type":"SearchAction","target":{"@type":"EntryPoint","urlTemplate":"https:\/\/www.meydan.tv\/az\/?s={search_term_string}"},"query-input":{"@type":"PropertyValueSpecification","valueRequired":true,"valueName":"search_term_string"}}],"inLanguage":"az"},{"@type":"Organization","@id":"https:\/\/www.meydan.tv\/az\/#organization","name":"Meydan TV","url":"https:\/\/www.meydan.tv\/az\/","logo":{"@type":"ImageObject","inLanguage":"az","@id":"https:\/\/www.meydan.tv\/az\/#\/schema\/logo\/image\/","url":"https:\/\/www.meydan.tv\/wp-content\/uploads\/2021\/07\/meydan-logo.svg","contentUrl":"https:\/\/www.meydan.tv\/wp-content\/uploads\/2021\/07\/meydan-logo.svg","width":195,"height":46,"caption":"Meydan TV"},"image":{"@id":"https:\/\/www.meydan.tv\/az\/#\/schema\/logo\/image\/"}},{"@type":"Person","@id":"https:\/\/www.meydan.tv\/az\/#\/schema\/person\/9cdbecf90d17180ce1dfbd95b08dcf47","name":"elli","sameAs":["https:\/\/x.com\/elli"]}]}},"_links":{"self":[{"href":"https:\/\/www.meydan.tv\/az\/wp-json\/wp\/v2\/posts\/314167","targetHints":{"allow":["GET"]}}],"collection":[{"href":"https:\/\/www.meydan.tv\/az\/wp-json\/wp\/v2\/posts"}],"about":[{"href":"https:\/\/www.meydan.tv\/az\/wp-json\/wp\/v2\/types\/post"}],"author":[{"embeddable":true,"href":"https:\/\/www.meydan.tv\/az\/wp-json\/wp\/v2\/users\/8"}],"replies":[{"embeddable":true,"href":"https:\/\/www.meydan.tv\/az\/wp-json\/wp\/v2\/comments?post=314167"}],"version-history":[{"count":5,"href":"https:\/\/www.meydan.tv\/az\/wp-json\/wp\/v2\/posts\/314167\/revisions"}],"predecessor-version":[{"id":314176,"href":"https:\/\/www.meydan.tv\/az\/wp-json\/wp\/v2\/posts\/314167\/revisions\/314176"}],"wp:featuredmedia":[{"embeddable":true,"href":"https:\/\/www.meydan.tv\/az\/wp-json\/wp\/v2\/media\/294906"}],"wp:attachment":[{"href":"https:\/\/www.meydan.tv\/az\/wp-json\/wp\/v2\/media?parent=314167"}],"wp:term":[{"taxonomy":"category","embeddable":true,"href":"https:\/\/www.meydan.tv\/az\/wp-json\/wp\/v2\/categories?post=314167"},{"taxonomy":"post_tag","embeddable":true,"href":"https:\/\/www.meydan.tv\/az\/wp-json\/wp\/v2\/tags?post=314167"}],"curies":[{"name":"wp","href":"https:\/\/api.w.org\/{rel}","templated":true}]}}