{"id":314000,"date":"2024-08-28T20:09:38","date_gmt":"2024-08-28T16:09:38","guid":{"rendered":"https:\/\/www.meydan.tv\/?p=314000"},"modified":"2024-08-28T20:11:40","modified_gmt":"2024-08-28T16:11:40","slug":"vekil-kulli-miqdarda-deleduzluq-ittihami-ile-hebs-olundu","status":"publish","type":"post","link":"https:\/\/www.meydan.tv\/az\/article\/vekil-kulli-miqdarda-deleduzluq-ittihami-ile-hebs-olundu\/","title":{"rendered":"V\u0259kil k\u00fclli miqdarda d\u0259l\u0259duzluq ittiham\u0131 il\u0259 h\u0259bs olundu"},"content":{"rendered":"\n<p><\/p>\n\n\n\n<p><em><strong>V\u0259kill\u0259r Kollegiyas\u0131 bu ittihamlara g\u00f6r\u0259 Fuad \u018fliyevin f\u0259aliyy\u0259tini dayand\u0131rd\u0131\u011f\u0131n\u0131 deyir<\/strong><\/em><\/p>\n\n\n\n<p>\u201cFemida\u201d v\u0259kil b\u00fcrosunda f\u0259aliyy\u0259t g\u00f6st\u0259r\u0259n v\u0259kil Fuad \u018fliyev d\u0259l\u0259duzluq ittiham\u0131 il\u0259 h\u0259bs olunub. Qarada\u011f Rayon M\u0259hk\u0259m\u0259sinin q\u0259rar\u0131 il\u0259 onun haqq\u0131nda h\u0259bs q\u0259timkan t\u0259dbiri se\u00e7ilib.<\/p>\n\n\n\n<p>Fuad \u018fliyev\u0259 qar\u015f\u0131 Cinay\u0259t M\u0259c\u0259ll\u0259sinin 178.3.2-ci (d\u0259l\u0259duzluq-k\u00fclli miqdarda ziyan vurmaqla t\u00f6r\u0259dildikd\u0259) madd\u0259si il\u0259 ittiham ir\u0259li s\u00fcr\u00fcl\u00fcb. Onun i\u015fi \u00fczr\u0259 z\u0259r\u0259r\u00e7\u0259kmi\u015f qismind\u0259 tan\u0131nan \u015f\u0259xsin \u00f6z tan\u0131\u015f\u0131 oldu\u011fu bildirilir. V\u0259kil onu i\u015f d\u00fcz\u0259ltm\u0259k ad\u0131 il\u0259 aldadaraq, pulunu \u0259l\u0259 ke\u00e7irm\u0259kd\u0259 t\u0259qsirl\u0259ndirilir.<\/p>\n\n\n\n<p>Meydan TV-nin \u0259ld\u0259 etdiyi m\u0259lumata g\u00f6r\u0259, v\u0259kild\u0259n \u015fikay\u0259t\u00e7i olan ba\u015fqa z\u0259r\u0259r\u00e7\u0259k\u0259nl\u0259r d\u0259 var.<\/p>\n\n\n\n<p>V\u0259kill\u0259r Kollegiyas\u0131n\u0131n m\u0259tbuat xidm\u0259tinin yayd\u0131\u011f\u0131 m\u0259lumata g\u00f6r\u0259, Fuad \u018fliyevd\u0259n bu quruma da \u015fikay\u0259tl\u0259r daxil olub. El\u0259 h\u0259min \u015fikay\u0259tl\u0259r \u0259sas\u0131nda da V\u0259kill\u0259r Kollegiyas\u0131n\u0131n R\u0259yas\u0259t Hey\u0259ti bu il may\u0131n 17-d\u0259 onun v\u0259killik f\u0259aliyy\u0259tinin dayand\u0131r\u0131lmas\u0131 bar\u0259d\u0259 q\u0259rar q\u0259bul edib. <\/p>\n\n\n\n<p>T\u0259xmin\u0259n iki ay sonra &#8211; 10 iyul 2024-c\u00fc ild\u0259 is\u0259 onun V\u0259kill\u0259r Kollegiyas\u0131ndan \u00e7\u0131xar\u0131lmas\u0131 \u00fc\u00e7\u00fcn m\u0259hk\u0259m\u0259y\u0259 m\u00fcraci\u0259t olunmas\u0131na q\u0259rar verilib. Haz\u0131rda bu m\u0259s\u0259l\u0259y\u0259 m\u0259hk\u0259m\u0259d\u0259 bax\u0131l\u0131r.<br>Fuad \u018fliyevin ona qar\u015f\u0131 ir\u0259li s\u00fcr\u00fclm\u00fc\u015f ittihama m\u00fcnasib\u0259ti, \u00f6z\u00fcn\u00fc t\u0259qsirli bilib-bilm\u0259diyi m\u0259lum deyil.<\/p>\n","protected":false},"excerpt":{"rendered":"<p>V\u0259kill\u0259r Kollegiyas\u0131 bu ittihamlara g\u00f6r\u0259 Fuad \u018fliyevin f\u0259aliyy\u0259tini dayand\u0131rd\u0131\u011f\u0131n\u0131 deyir &#8230; <\/p>\n<p class=\"read-more-container\"><a title=\"V\u0259kil k\u00fclli miqdarda d\u0259l\u0259duzluq ittiham\u0131 il\u0259 h\u0259bs olundu\" class=\"read-more button\" href=\"https:\/\/www.meydan.tv\/az\/article\/vekil-kulli-miqdarda-deleduzluq-ittihami-ile-hebs-olundu\/#more-314000\" aria-label=\"Read more about V\u0259kil k\u00fclli miqdarda d\u0259l\u0259duzluq ittiham\u0131 il\u0259 h\u0259bs olundu\">Davam\u0131<\/a><\/p>\n","protected":false},"author":8,"featured_media":209565,"comment_status":"closed","ping_status":"closed","sticky":false,"template":"","format":"standard","meta":{"_acf_changed":false,"_sitemap_exclude":false,"_sitemap_priority":"","_sitemap_frequency":"","footnotes":""},"categories":[62,79,56],"tags":[],"class_list":["post-314000","post","type-post","status-publish","format-standard","has-post-thumbnail","hentry","category-sosial","category-featured","category-xeberler","infinite-scroll-item","generate-columns","tablet-grid-50","mobile-grid-100","grid-parent","grid-33","no-featured-image-padding"],"acf":[],"yoast_head":"<!-- This site is optimized with the Yoast SEO plugin v27.5 - https:\/\/yoast.com\/product\/yoast-seo-wordpress\/ -->\n<title>V\u0259kil k\u00fclli miqdarda d\u0259l\u0259duzluq ittiham\u0131 il\u0259 h\u0259bs olundu - MEYDAN.TV<\/title>\n<meta name=\"description\" content=\"El\u0259 h\u0259min \u015fikay\u0259tl\u0259r \u0259sas\u0131nda da V\u0259kill\u0259r Kollegiyas\u0131n\u0131n R\u0259yas\u0259t Hey\u0259ti bu il may\u0131n 17-d\u0259 onun v\u0259killik f\u0259aliyy\u0259tinin dayand\u0131r\u0131lmas\u0131 bar\u0259d\u0259 q\u0259rar q\u0259bul edib.\" \/>\n<meta name=\"robots\" content=\"index, follow, max-snippet:-1, max-image-preview:large, max-video-preview:-1\" \/>\n<link rel=\"canonical\" href=\"https:\/\/www.meydan.tv\/az\/article\/vekil-kulli-miqdarda-deleduzluq-ittihami-ile-hebs-olundu\/\" \/>\n<meta property=\"og:locale\" content=\"az_AZ\" \/>\n<meta property=\"og:type\" content=\"article\" \/>\n<meta property=\"og:title\" content=\"V\u0259kil k\u00fclli miqdarda d\u0259l\u0259duzluq ittiham\u0131 il\u0259 h\u0259bs olundu - MEYDAN.TV\" \/>\n<meta property=\"og:description\" content=\"El\u0259 h\u0259min \u015fikay\u0259tl\u0259r \u0259sas\u0131nda da V\u0259kill\u0259r Kollegiyas\u0131n\u0131n R\u0259yas\u0259t Hey\u0259ti bu il may\u0131n 17-d\u0259 onun v\u0259killik f\u0259aliyy\u0259tinin dayand\u0131r\u0131lmas\u0131 bar\u0259d\u0259 q\u0259rar q\u0259bul edib.\" \/>\n<meta property=\"og:url\" content=\"https:\/\/www.meydan.tv\/az\/article\/vekil-kulli-miqdarda-deleduzluq-ittihami-ile-hebs-olundu\/\" \/>\n<meta property=\"og:site_name\" content=\"MEYDAN.TV\" \/>\n<meta property=\"article:published_time\" content=\"2024-08-28T16:09:38+00:00\" \/>\n<meta property=\"article:modified_time\" content=\"2024-08-28T16:11:40+00:00\" \/>\n<meta property=\"og:image\" content=\"https:\/\/www.meydan.tv\/wp-content\/uploads\/image_from_ios_k6oinno-scaled.jpg\" \/>\n\t<meta property=\"og:image:width\" content=\"2560\" \/>\n\t<meta property=\"og:image:height\" content=\"1440\" \/>\n\t<meta property=\"og:image:type\" content=\"image\/jpeg\" \/>\n<meta name=\"author\" content=\"elli\" \/>\n<meta name=\"twitter:card\" content=\"summary_large_image\" \/>\n<meta name=\"twitter:creator\" content=\"@elli\" \/>\n<script type=\"application\/ld+json\" class=\"yoast-schema-graph\">{\"@context\":\"https:\\\/\\\/schema.org\",\"@graph\":[{\"@type\":\"Article\",\"@id\":\"https:\\\/\\\/www.meydan.tv\\\/az\\\/article\\\/vekil-kulli-miqdarda-deleduzluq-ittihami-ile-hebs-olundu\\\/#article\",\"isPartOf\":{\"@id\":\"https:\\\/\\\/www.meydan.tv\\\/az\\\/article\\\/vekil-kulli-miqdarda-deleduzluq-ittihami-ile-hebs-olundu\\\/\"},\"author\":{\"name\":\"elli\",\"@id\":\"https:\\\/\\\/www.meydan.tv\\\/az\\\/#\\\/schema\\\/person\\\/9cdbecf90d17180ce1dfbd95b08dcf47\"},\"headline\":\"V\u0259kil k\u00fclli miqdarda d\u0259l\u0259duzluq ittiham\u0131 il\u0259 h\u0259bs olundu\",\"datePublished\":\"2024-08-28T16:09:38+00:00\",\"dateModified\":\"2024-08-28T16:11:40+00:00\",\"mainEntityOfPage\":{\"@id\":\"https:\\\/\\\/www.meydan.tv\\\/az\\\/article\\\/vekil-kulli-miqdarda-deleduzluq-ittihami-ile-hebs-olundu\\\/\"},\"wordCount\":300,\"publisher\":{\"@id\":\"https:\\\/\\\/www.meydan.tv\\\/az\\\/#organization\"},\"image\":{\"@id\":\"https:\\\/\\\/www.meydan.tv\\\/az\\\/article\\\/vekil-kulli-miqdarda-deleduzluq-ittihami-ile-hebs-olundu\\\/#primaryimage\"},\"thumbnailUrl\":\"https:\\\/\\\/www.meydan.tv\\\/wp-content\\\/uploads\\\/image_from_ios_k6oinno-scaled.jpg\",\"articleSection\":[\"Sosial\",\"T\u00f6vsiy\u0259\",\"X\u0259b\u0259rl\u0259r\"],\"inLanguage\":\"az\"},{\"@type\":\"WebPage\",\"@id\":\"https:\\\/\\\/www.meydan.tv\\\/az\\\/article\\\/vekil-kulli-miqdarda-deleduzluq-ittihami-ile-hebs-olundu\\\/\",\"url\":\"https:\\\/\\\/www.meydan.tv\\\/az\\\/article\\\/vekil-kulli-miqdarda-deleduzluq-ittihami-ile-hebs-olundu\\\/\",\"name\":\"V\u0259kil k\u00fclli miqdarda d\u0259l\u0259duzluq ittiham\u0131 il\u0259 h\u0259bs olundu - MEYDAN.TV\",\"isPartOf\":{\"@id\":\"https:\\\/\\\/www.meydan.tv\\\/az\\\/#website\"},\"primaryImageOfPage\":{\"@id\":\"https:\\\/\\\/www.meydan.tv\\\/az\\\/article\\\/vekil-kulli-miqdarda-deleduzluq-ittihami-ile-hebs-olundu\\\/#primaryimage\"},\"image\":{\"@id\":\"https:\\\/\\\/www.meydan.tv\\\/az\\\/article\\\/vekil-kulli-miqdarda-deleduzluq-ittihami-ile-hebs-olundu\\\/#primaryimage\"},\"thumbnailUrl\":\"https:\\\/\\\/www.meydan.tv\\\/wp-content\\\/uploads\\\/image_from_ios_k6oinno-scaled.jpg\",\"datePublished\":\"2024-08-28T16:09:38+00:00\",\"dateModified\":\"2024-08-28T16:11:40+00:00\",\"description\":\"El\u0259 h\u0259min \u015fikay\u0259tl\u0259r \u0259sas\u0131nda da V\u0259kill\u0259r Kollegiyas\u0131n\u0131n R\u0259yas\u0259t Hey\u0259ti bu il may\u0131n 17-d\u0259 onun v\u0259killik f\u0259aliyy\u0259tinin dayand\u0131r\u0131lmas\u0131 bar\u0259d\u0259 q\u0259rar q\u0259bul edib.\",\"breadcrumb\":{\"@id\":\"https:\\\/\\\/www.meydan.tv\\\/az\\\/article\\\/vekil-kulli-miqdarda-deleduzluq-ittihami-ile-hebs-olundu\\\/#breadcrumb\"},\"inLanguage\":\"az\",\"potentialAction\":[{\"@type\":\"ReadAction\",\"target\":[\"https:\\\/\\\/www.meydan.tv\\\/az\\\/article\\\/vekil-kulli-miqdarda-deleduzluq-ittihami-ile-hebs-olundu\\\/\"]}]},{\"@type\":\"ImageObject\",\"inLanguage\":\"az\",\"@id\":\"https:\\\/\\\/www.meydan.tv\\\/az\\\/article\\\/vekil-kulli-miqdarda-deleduzluq-ittihami-ile-hebs-olundu\\\/#primaryimage\",\"url\":\"https:\\\/\\\/www.meydan.tv\\\/wp-content\\\/uploads\\\/image_from_ios_k6oinno-scaled.jpg\",\"contentUrl\":\"https:\\\/\\\/www.meydan.tv\\\/wp-content\\\/uploads\\\/image_from_ios_k6oinno-scaled.jpg\",\"width\":2560,\"height\":1440,\"caption\":\"\u0130ll\u00fcstrasiya: Meydan TV\"},{\"@type\":\"BreadcrumbList\",\"@id\":\"https:\\\/\\\/www.meydan.tv\\\/az\\\/article\\\/vekil-kulli-miqdarda-deleduzluq-ittihami-ile-hebs-olundu\\\/#breadcrumb\",\"itemListElement\":[{\"@type\":\"ListItem\",\"position\":1,\"name\":\"Ana s\u0259hif\u0259\",\"item\":\"https:\\\/\\\/www.meydan.tv\\\/az\\\/\"},{\"@type\":\"ListItem\",\"position\":2,\"name\":\"Sosial\",\"item\":\"https:\\\/\\\/www.meydan.tv\\\/az\\\/section\\\/sosial\\\/\"},{\"@type\":\"ListItem\",\"position\":3,\"name\":\"V\u0259kil k\u00fclli miqdarda d\u0259l\u0259duzluq ittiham\u0131 il\u0259 h\u0259bs olundu\"}]},{\"@type\":\"WebSite\",\"@id\":\"https:\\\/\\\/www.meydan.tv\\\/az\\\/#website\",\"url\":\"https:\\\/\\\/www.meydan.tv\\\/az\\\/\",\"name\":\"MEYDAN.TV\",\"description\":\"Meydan TV Az\u0259rbaycan\u0131n media m\u0259kan\u0131ndak\u0131 alternativ s\u0259sidir\",\"publisher\":{\"@id\":\"https:\\\/\\\/www.meydan.tv\\\/az\\\/#organization\"},\"potentialAction\":[{\"@type\":\"SearchAction\",\"target\":{\"@type\":\"EntryPoint\",\"urlTemplate\":\"https:\\\/\\\/www.meydan.tv\\\/az\\\/?s={search_term_string}\"},\"query-input\":{\"@type\":\"PropertyValueSpecification\",\"valueRequired\":true,\"valueName\":\"search_term_string\"}}],\"inLanguage\":\"az\"},{\"@type\":\"Organization\",\"@id\":\"https:\\\/\\\/www.meydan.tv\\\/az\\\/#organization\",\"name\":\"Meydan TV\",\"url\":\"https:\\\/\\\/www.meydan.tv\\\/az\\\/\",\"logo\":{\"@type\":\"ImageObject\",\"inLanguage\":\"az\",\"@id\":\"https:\\\/\\\/www.meydan.tv\\\/az\\\/#\\\/schema\\\/logo\\\/image\\\/\",\"url\":\"https:\\\/\\\/www.meydan.tv\\\/wp-content\\\/uploads\\\/2021\\\/07\\\/meydan-logo.svg\",\"contentUrl\":\"https:\\\/\\\/www.meydan.tv\\\/wp-content\\\/uploads\\\/2021\\\/07\\\/meydan-logo.svg\",\"width\":195,\"height\":46,\"caption\":\"Meydan TV\"},\"image\":{\"@id\":\"https:\\\/\\\/www.meydan.tv\\\/az\\\/#\\\/schema\\\/logo\\\/image\\\/\"}},{\"@type\":\"Person\",\"@id\":\"https:\\\/\\\/www.meydan.tv\\\/az\\\/#\\\/schema\\\/person\\\/9cdbecf90d17180ce1dfbd95b08dcf47\",\"name\":\"elli\",\"sameAs\":[\"https:\\\/\\\/x.com\\\/elli\"]}]}<\/script>\n<!-- \/ Yoast SEO plugin. -->","yoast_head_json":{"title":"V\u0259kil k\u00fclli miqdarda d\u0259l\u0259duzluq ittiham\u0131 il\u0259 h\u0259bs olundu - MEYDAN.TV","description":"El\u0259 h\u0259min \u015fikay\u0259tl\u0259r \u0259sas\u0131nda da V\u0259kill\u0259r Kollegiyas\u0131n\u0131n R\u0259yas\u0259t Hey\u0259ti bu il may\u0131n 17-d\u0259 onun v\u0259killik f\u0259aliyy\u0259tinin dayand\u0131r\u0131lmas\u0131 bar\u0259d\u0259 q\u0259rar q\u0259bul edib.","robots":{"index":"index","follow":"follow","max-snippet":"max-snippet:-1","max-image-preview":"max-image-preview:large","max-video-preview":"max-video-preview:-1"},"canonical":"https:\/\/www.meydan.tv\/az\/article\/vekil-kulli-miqdarda-deleduzluq-ittihami-ile-hebs-olundu\/","og_locale":"az_AZ","og_type":"article","og_title":"V\u0259kil k\u00fclli miqdarda d\u0259l\u0259duzluq ittiham\u0131 il\u0259 h\u0259bs olundu - MEYDAN.TV","og_description":"El\u0259 h\u0259min \u015fikay\u0259tl\u0259r \u0259sas\u0131nda da V\u0259kill\u0259r Kollegiyas\u0131n\u0131n R\u0259yas\u0259t Hey\u0259ti bu il may\u0131n 17-d\u0259 onun v\u0259killik f\u0259aliyy\u0259tinin dayand\u0131r\u0131lmas\u0131 bar\u0259d\u0259 q\u0259rar q\u0259bul edib.","og_url":"https:\/\/www.meydan.tv\/az\/article\/vekil-kulli-miqdarda-deleduzluq-ittihami-ile-hebs-olundu\/","og_site_name":"MEYDAN.TV","article_published_time":"2024-08-28T16:09:38+00:00","article_modified_time":"2024-08-28T16:11:40+00:00","og_image":[{"width":2560,"height":1440,"url":"https:\/\/www.meydan.tv\/wp-content\/uploads\/image_from_ios_k6oinno-scaled.jpg","type":"image\/jpeg"}],"author":"elli","twitter_card":"summary_large_image","twitter_creator":"@elli","schema":{"@context":"https:\/\/schema.org","@graph":[{"@type":"Article","@id":"https:\/\/www.meydan.tv\/az\/article\/vekil-kulli-miqdarda-deleduzluq-ittihami-ile-hebs-olundu\/#article","isPartOf":{"@id":"https:\/\/www.meydan.tv\/az\/article\/vekil-kulli-miqdarda-deleduzluq-ittihami-ile-hebs-olundu\/"},"author":{"name":"elli","@id":"https:\/\/www.meydan.tv\/az\/#\/schema\/person\/9cdbecf90d17180ce1dfbd95b08dcf47"},"headline":"V\u0259kil k\u00fclli miqdarda d\u0259l\u0259duzluq ittiham\u0131 il\u0259 h\u0259bs olundu","datePublished":"2024-08-28T16:09:38+00:00","dateModified":"2024-08-28T16:11:40+00:00","mainEntityOfPage":{"@id":"https:\/\/www.meydan.tv\/az\/article\/vekil-kulli-miqdarda-deleduzluq-ittihami-ile-hebs-olundu\/"},"wordCount":300,"publisher":{"@id":"https:\/\/www.meydan.tv\/az\/#organization"},"image":{"@id":"https:\/\/www.meydan.tv\/az\/article\/vekil-kulli-miqdarda-deleduzluq-ittihami-ile-hebs-olundu\/#primaryimage"},"thumbnailUrl":"https:\/\/www.meydan.tv\/wp-content\/uploads\/image_from_ios_k6oinno-scaled.jpg","articleSection":["Sosial","T\u00f6vsiy\u0259","X\u0259b\u0259rl\u0259r"],"inLanguage":"az"},{"@type":"WebPage","@id":"https:\/\/www.meydan.tv\/az\/article\/vekil-kulli-miqdarda-deleduzluq-ittihami-ile-hebs-olundu\/","url":"https:\/\/www.meydan.tv\/az\/article\/vekil-kulli-miqdarda-deleduzluq-ittihami-ile-hebs-olundu\/","name":"V\u0259kil k\u00fclli miqdarda d\u0259l\u0259duzluq ittiham\u0131 il\u0259 h\u0259bs olundu - MEYDAN.TV","isPartOf":{"@id":"https:\/\/www.meydan.tv\/az\/#website"},"primaryImageOfPage":{"@id":"https:\/\/www.meydan.tv\/az\/article\/vekil-kulli-miqdarda-deleduzluq-ittihami-ile-hebs-olundu\/#primaryimage"},"image":{"@id":"https:\/\/www.meydan.tv\/az\/article\/vekil-kulli-miqdarda-deleduzluq-ittihami-ile-hebs-olundu\/#primaryimage"},"thumbnailUrl":"https:\/\/www.meydan.tv\/wp-content\/uploads\/image_from_ios_k6oinno-scaled.jpg","datePublished":"2024-08-28T16:09:38+00:00","dateModified":"2024-08-28T16:11:40+00:00","description":"El\u0259 h\u0259min \u015fikay\u0259tl\u0259r \u0259sas\u0131nda da V\u0259kill\u0259r Kollegiyas\u0131n\u0131n R\u0259yas\u0259t Hey\u0259ti bu il may\u0131n 17-d\u0259 onun v\u0259killik f\u0259aliyy\u0259tinin dayand\u0131r\u0131lmas\u0131 bar\u0259d\u0259 q\u0259rar q\u0259bul edib.","breadcrumb":{"@id":"https:\/\/www.meydan.tv\/az\/article\/vekil-kulli-miqdarda-deleduzluq-ittihami-ile-hebs-olundu\/#breadcrumb"},"inLanguage":"az","potentialAction":[{"@type":"ReadAction","target":["https:\/\/www.meydan.tv\/az\/article\/vekil-kulli-miqdarda-deleduzluq-ittihami-ile-hebs-olundu\/"]}]},{"@type":"ImageObject","inLanguage":"az","@id":"https:\/\/www.meydan.tv\/az\/article\/vekil-kulli-miqdarda-deleduzluq-ittihami-ile-hebs-olundu\/#primaryimage","url":"https:\/\/www.meydan.tv\/wp-content\/uploads\/image_from_ios_k6oinno-scaled.jpg","contentUrl":"https:\/\/www.meydan.tv\/wp-content\/uploads\/image_from_ios_k6oinno-scaled.jpg","width":2560,"height":1440,"caption":"\u0130ll\u00fcstrasiya: Meydan TV"},{"@type":"BreadcrumbList","@id":"https:\/\/www.meydan.tv\/az\/article\/vekil-kulli-miqdarda-deleduzluq-ittihami-ile-hebs-olundu\/#breadcrumb","itemListElement":[{"@type":"ListItem","position":1,"name":"Ana s\u0259hif\u0259","item":"https:\/\/www.meydan.tv\/az\/"},{"@type":"ListItem","position":2,"name":"Sosial","item":"https:\/\/www.meydan.tv\/az\/section\/sosial\/"},{"@type":"ListItem","position":3,"name":"V\u0259kil k\u00fclli miqdarda d\u0259l\u0259duzluq ittiham\u0131 il\u0259 h\u0259bs olundu"}]},{"@type":"WebSite","@id":"https:\/\/www.meydan.tv\/az\/#website","url":"https:\/\/www.meydan.tv\/az\/","name":"MEYDAN.TV","description":"Meydan TV Az\u0259rbaycan\u0131n media m\u0259kan\u0131ndak\u0131 alternativ s\u0259sidir","publisher":{"@id":"https:\/\/www.meydan.tv\/az\/#organization"},"potentialAction":[{"@type":"SearchAction","target":{"@type":"EntryPoint","urlTemplate":"https:\/\/www.meydan.tv\/az\/?s={search_term_string}"},"query-input":{"@type":"PropertyValueSpecification","valueRequired":true,"valueName":"search_term_string"}}],"inLanguage":"az"},{"@type":"Organization","@id":"https:\/\/www.meydan.tv\/az\/#organization","name":"Meydan TV","url":"https:\/\/www.meydan.tv\/az\/","logo":{"@type":"ImageObject","inLanguage":"az","@id":"https:\/\/www.meydan.tv\/az\/#\/schema\/logo\/image\/","url":"https:\/\/www.meydan.tv\/wp-content\/uploads\/2021\/07\/meydan-logo.svg","contentUrl":"https:\/\/www.meydan.tv\/wp-content\/uploads\/2021\/07\/meydan-logo.svg","width":195,"height":46,"caption":"Meydan TV"},"image":{"@id":"https:\/\/www.meydan.tv\/az\/#\/schema\/logo\/image\/"}},{"@type":"Person","@id":"https:\/\/www.meydan.tv\/az\/#\/schema\/person\/9cdbecf90d17180ce1dfbd95b08dcf47","name":"elli","sameAs":["https:\/\/x.com\/elli"]}]}},"_links":{"self":[{"href":"https:\/\/www.meydan.tv\/az\/wp-json\/wp\/v2\/posts\/314000","targetHints":{"allow":["GET"]}}],"collection":[{"href":"https:\/\/www.meydan.tv\/az\/wp-json\/wp\/v2\/posts"}],"about":[{"href":"https:\/\/www.meydan.tv\/az\/wp-json\/wp\/v2\/types\/post"}],"author":[{"embeddable":true,"href":"https:\/\/www.meydan.tv\/az\/wp-json\/wp\/v2\/users\/8"}],"replies":[{"embeddable":true,"href":"https:\/\/www.meydan.tv\/az\/wp-json\/wp\/v2\/comments?post=314000"}],"version-history":[{"count":2,"href":"https:\/\/www.meydan.tv\/az\/wp-json\/wp\/v2\/posts\/314000\/revisions"}],"predecessor-version":[{"id":314005,"href":"https:\/\/www.meydan.tv\/az\/wp-json\/wp\/v2\/posts\/314000\/revisions\/314005"}],"wp:featuredmedia":[{"embeddable":true,"href":"https:\/\/www.meydan.tv\/az\/wp-json\/wp\/v2\/media\/209565"}],"wp:attachment":[{"href":"https:\/\/www.meydan.tv\/az\/wp-json\/wp\/v2\/media?parent=314000"}],"wp:term":[{"taxonomy":"category","embeddable":true,"href":"https:\/\/www.meydan.tv\/az\/wp-json\/wp\/v2\/categories?post=314000"},{"taxonomy":"post_tag","embeddable":true,"href":"https:\/\/www.meydan.tv\/az\/wp-json\/wp\/v2\/tags?post=314000"}],"curies":[{"name":"wp","href":"https:\/\/api.w.org\/{rel}","templated":true}]}}