{"id":313890,"date":"2024-08-27T21:47:21","date_gmt":"2024-08-27T17:47:21","guid":{"rendered":"https:\/\/www.meydan.tv\/?p=313890"},"modified":"2024-08-27T21:47:23","modified_gmt":"2024-08-27T17:47:23","slug":"behruz-semedov-kamerada-bezen-oturmaga-da-icaze-verilmediyini-deyir","status":"publish","type":"post","link":"https:\/\/www.meydan.tv\/az\/article\/behruz-semedov-kamerada-bezen-oturmaga-da-icaze-verilmediyini-deyir\/","title":{"rendered":"B\u0259hruz S\u0259m\u0259dov kamerada b\u0259z\u0259n oturma\u011fa da icaz\u0259 verilm\u0259diyini deyir"},"content":{"rendered":"\n<p><\/p>\n\n\n\n<p><strong><em>O, t\u0259kadaml\u0131q kamerada saxlan\u0131ld\u0131\u011f\u0131n\u0131 bildirib<\/em><\/strong><\/p>\n\n\n\n<p>Xarici mediada Az\u0259rbaycandak\u0131 idar\u0259\u00e7ilikd\u0259 ba\u011fl\u0131 t\u0259nqidi m\u0259qal\u0259l\u0259rin m\u00fc\u0259llifi olan g\u0259nc politoloq, \u00c7exiyan\u0131n Karlov Universitetind\u0259 doktorant\u0131 B\u0259hruz S\u0259m\u0259dovun h\u0259bs q\u0259rar\u0131ndan apelyasiya \u015fikay\u0259ti verilmi\u015fdi. \u015eikay\u0259t\u0259 avqustun 26-da Bak\u0131 Apelyasiya M\u0259hk\u0259m\u0259sind\u0259 bax\u0131l\u0131b.<\/p>\n\n\n\n<p>B\u0259hruz S\u0259m\u0259dovun i\u015fi \u00fczr\u0259 istintaq D\u00f6vl\u0259t T\u0259hl\u00fck\u0259sizliyi Xidm\u0259tind\u0259 (DTX) apar\u0131l\u0131r, \u00f6z\u00fc d\u0259 bu qurumun istintaq t\u0259cridxanas\u0131nda saxlan\u0131l\u0131r.<\/p>\n\n\n\n<p>DTX-n\u0131n m\u00fcst\u0259ntiqi apelyasiya \u015fikay\u0259tin\u0259 &#8211; B\u0259hruz S\u0259m\u0259dovun haqq\u0131nda h\u0259bs q\u0259timkan t\u0259dbirinin d\u0259yi\u015fdiril\u0259r\u0259k, istintaq m\u00fcdd\u0259tind\u0259 azadl\u0131qda qalmas\u0131na etiraz edib. Deyib ki, B\u0259hruz S\u0259m\u0259dov x\u00fcsusil\u0259 a\u011f\u0131r cinay\u0259td\u0259 ittiham olunur, istintaqdan yay\u0131nmaq, prosesin gedi\u015fin\u0259 mane olmaq ehtimal\u0131 var.<\/p>\n\n\n\n<p>T\u0259qsirl\u0259ndiril\u0259n politoloq v\u0259 v\u0259kili is\u0259 bildirib ki, onun h\u0259bsd\u0259 saxlanmas\u0131 \u00fc\u00e7\u00fcn he\u00e7 bir \u0259sas yoxdur. B\u0259hruz S\u0259m\u0259dov ona qar\u015f\u0131 ir\u0259li s\u00fcr\u00fclm\u00fc\u015f d\u00f6vl\u0259t\u0259 x\u0259yan\u0259t ittiham\u0131n\u0131n \u0259sass\u0131z oldu\u011funu vur\u011fulay\u0131b. O bildirib ki, hans\u0131sa m\u0259lumatlar\u0131 erm\u0259nil\u0259r\u0259 \u00f6t\u00fcrm\u0259si haqda ittihamda yaz\u0131lanlar absurddur.<\/p>\n\n\n\n<p>B\u0259hruz S\u0259m\u0259dov DTX-n\u0131n istintaq t\u0259cridxanas\u0131nda nec\u0259 saxlanmas\u0131 bar\u0259d\u0259 d\u0259 dan\u0131\u015faraq bildirib ki, t\u0259kadaml\u0131q kameradad\u0131r. Lakin saxland\u0131\u011f\u0131 kamerada n\u0259 televizor var, n\u0259 d\u0259 kitab oxuma\u011fa icaz\u0259 verilir. H\u0259tta g\u00fcn\u00fcn m\u00fc\u0259yy\u0259n saatlar\u0131nda \u0259yl\u0259\u015fm\u0259k bel\u0259 qada\u011fan edilir.<\/p>\n\n\n\n<p>B\u0259hruz S\u0259m\u0259dovun s\u00f6zl\u0259rin\u0259 g\u00f6r\u0259, yaln\u0131z n\u0259n\u0259si il\u0259 telefon dan\u0131\u015f\u0131\u011f\u0131na icaz\u0259 verilir.<br>V\u0259kil Zibeyd\u0259 Sad\u0131qova is\u0259 bildirib ki, B\u0259hruz S\u0259m\u0259dovu h\u0259bsd\u0259 saxlamadan da istintaq davam etdiril\u0259 bil\u0259r. O, ali t\u0259hsilli \u015f\u0259xsdir &#8211; alimdir, Bak\u0131da ya\u015fay\u0131\u015f yeri m\u0259lumdur, istintaqdan yay\u0131nmaq niyy\u0259tind\u0259 deyil.<\/p>\n\n\n\n<p>Lakin Bak\u0131 Apelyasiya M\u0259hk\u0259m\u0259si politoloqla ba\u011fl\u0131 \u015fikay\u0259ti t\u0259min etm\u0259yib. Politoloq haqq\u0131nda ilkin istintaq d\u00f6vr\u00fc \u00fc\u00e7\u00fcn 4 ayl\u0131q h\u0259bs q\u0259timkan t\u0259dbiri se\u00e7ilm\u0259si bar\u0259d\u0259 S\u0259bail Rayon M\u0259hk\u0259m\u0259sinin q\u0259rar\u0131 q\u00fcvv\u0259d\u0259 saxlan\u0131l\u0131b.<\/p>\n\n\n\n<p>B\u0259hruz S\u0259m\u0259dova qar\u015f\u0131 Cinay\u0259t M\u0259c\u0259ll\u0259sinin 274-c\u00fc (d\u00f6vl\u0259t\u0259 x\u0259yan\u0259t) madd\u0259sil\u0259 ittiham ir\u0259li s\u00fcr\u00fcl\u00fcb. O, Erm\u0259nistan x\u00fcsusi xidm\u0259t orqanlar\u0131 il\u0259 \u0259m\u0259kda\u015fl\u0131qda t\u0259qsirl\u0259ndirilir.<\/p>\n\n\n\n<p>B\u0259hruz S\u0259m\u0259dov ittiham\u0131 q\u0259bul etmir, \u00f6z\u00fcn\u00fc t\u0259qsirli bilmir. O, h\u0259bs q\u0259rar\u0131 veril\u0259n m\u0259hk\u0259m\u0259d\u0259 \u00e7\u0131x\u0131\u015f ed\u0259r\u0259k bildirib ki, s\u00fclhp\u0259rv\u0259rdir, m\u00fcharib\u0259nin \u0259leyhin\u0259dir. \u00c7\u0131x\u0131\u015flar\u0131, m\u0259qal\u0259l\u0259ri d\u0259 bu bar\u0259d\u0259dir. Buna g\u00f6r\u0259 d\u0259 susdurmaq \u00fc\u00e7\u00fcn saxta ittihamla c\u0259zaland\u0131r\u0131l\u0131r.<\/p>\n\n\n\n<p>Erm\u0259nistan x\u00fcsusi xidm\u0259t orqanlar\u0131 il\u0259 \u0259m\u0259kda\u015fl\u0131q haqda ittiham\u0131n absurd oldu\u011funu dey\u0259n B\u0259hruz S\u0259m\u0259dov saxlan\u0131lark\u0259n v\u0259 daha sonra t\u0259cridxanada i\u015fg\u0259nc\u0259y\u0259 m\u0259ruz qald\u0131\u011f\u0131n\u0131 da m\u0259hk\u0259m\u0259d\u0259 vur\u011fulay\u0131b. Onun i\u015fg\u0259nc\u0259 \u015fikay\u0259tinin ara\u015fd\u0131r\u0131lmas\u0131 \u00fc\u00e7\u00fcn m\u0259hk\u0259m\u0259 prokurorlu\u011fa m\u0259ktub g\u00f6nd\u0259rm\u0259y\u0259 q\u0259rar verib.<\/p>\n\n\n\n<p>B\u0259hruz S\u0259m\u0259dovun ittiham olundu\u011fu Cinay\u0259t M\u0259c\u0259ll\u0259sinin 274-c\u00fc (d\u00f6vl\u0259t\u0259 x\u0259yan\u0259t) madd\u0259sind\u0259 20 il\u0259 q\u0259d\u0259r v\u0259 ya \u00f6m\u00fcrl\u00fck azadl\u0131qdan m\u0259hrumetm\u0259 n\u0259z\u0259rd\u0259 tutulub.<br>B\u0259hruz S\u0259m\u0259dov avqustun 21-d\u0259 g\u00fcnorta saat 16.00 rad\u0259l\u0259rind\u0259 saxlan\u0131l\u0131b.<\/p>\n\n\n\n<p>N\u0259n\u0259si Zibeyd\u0259 Osmanova bildirib ki, saat 16.00-17.00 aras\u0131 ya\u015fad\u0131qlar\u0131 ev\u0259 6-7 n\u0259f\u0259r m\u00fclki geyimli \u015f\u0259xs g\u0259lib. Onlar \u00f6zl\u0259rini D\u00f6vl\u0259t T\u0259hl\u00fck\u0259sizliyi Xidm\u0259tinin (DTX) \u0259m\u0259kda\u015flar\u0131 kimi t\u0259qdim edibl\u0259r. Deyibl\u0259r ki, evd\u0259 axtar\u0131\u015f aparmal\u0131d\u0131lar.<br>N\u0259n\u0259si deyir ki, B\u0259hruz S\u0259m\u0259dov evd\u0259n t\u0259xmin\u0259n yar\u0131m saat \u0259vv\u0259l \u00e7\u0131xm\u0131\u015fd\u0131. O, dostu il\u0259 g\u00f6r\u00fc\u015fm\u0259y\u0259 getdiyini demi\u015fdi:<\/p>\n\n\n\n<p><em>\u201cG\u0259l\u0259nl\u0259r dedil\u0259r ki, guya narkotik m\u0259s\u0259l\u0259si var, bununla \u0259laq\u0259dar axtar\u0131\u015f aparacaqlar. Amma B\u0259hruzu g\u0259tirm\u0259mi\u015fdil\u0259r. \u018flb\u0259tt\u0259 ki, evd\u0259n narkotik tapmad\u0131lar. Bizim evd\u0259 narkotik ola bilm\u0259z. Amma B\u0259hruzun komp\u00fcterl\u0259rini, telefon, B\u0259hruza aid n\u0259 s\u0259n\u0259d varsa, apard\u0131lar\u201d.<\/em><\/p>\n\n\n\n<p>N\u0259n\u0259sinin bildirdiyin\u0259 g\u00f6r\u0259, g\u00f6t\u00fcr\u00fcl\u0259n s\u0259n\u0259dl\u0259r aras\u0131nda B\u0259hruz S\u0259m\u0259dovun pasportu, Az\u0259rbaycanda v\u0259 xaricd\u0259 t\u0259hsil ald\u0131\u011f\u0131 universitetl\u0259rin diplomlar\u0131 v\u0259 s. materiallar olub.<\/p>\n\n\n\n<p>Zibeyd\u0259 Osmanova n\u0259v\u0259sinin elmi ara\u015fd\u0131rmalarla m\u0259\u015f\u011ful oldu\u011funu, ist\u0259r narkotik, d\u00f6vl\u0259t\u0259 x\u0259yan\u0259t, ist\u0259rs\u0259 d\u0259 ba\u015fqa cinay\u0259t xarakterli i\u015fl\u0259rd\u0259n uzaq oldu\u011funu deyir.<\/p>\n\n\n\n<p>B\u0259hruz S\u0259m\u0259dov \u00c7exiyada Karlov Universitetind\u0259 doktoranturada oxuyurdu. O, t\u0259xmin\u0259n bir ay \u0259vv\u0259l t\u0259til\u0259 g\u0259lmi\u015fdi v\u0259 bug\u00fcnl\u0259rd\u0259 geri qay\u0131tmal\u0131 idi.<br>B\u0259hruz S\u0259m\u0259dov Az\u0259rbaycanda m\u00fcharib\u0259 \u0259leyhin\u0259 olan g\u0259nc f\u0259allardan biridir.<\/p>\n","protected":false},"excerpt":{"rendered":"<p>O, t\u0259kadaml\u0131q kamerada saxlan\u0131ld\u0131\u011f\u0131n\u0131 bildirib Xarici mediada Az\u0259rbaycandak\u0131 idar\u0259\u00e7ilikd\u0259 ba\u011fl\u0131 &#8230; <\/p>\n<p class=\"read-more-container\"><a title=\"B\u0259hruz S\u0259m\u0259dov kamerada b\u0259z\u0259n oturma\u011fa da icaz\u0259 verilm\u0259diyini deyir\" class=\"read-more button\" href=\"https:\/\/www.meydan.tv\/az\/article\/behruz-semedov-kamerada-bezen-oturmaga-da-icaze-verilmediyini-deyir\/#more-313890\" aria-label=\"Read more about B\u0259hruz S\u0259m\u0259dov kamerada b\u0259z\u0259n oturma\u011fa da icaz\u0259 verilm\u0259diyini deyir\">Davam\u0131<\/a><\/p>\n","protected":false},"author":8,"featured_media":313670,"comment_status":"closed","ping_status":"closed","sticky":false,"template":"","format":"standard","meta":{"_acf_changed":false,"_sitemap_exclude":false,"_sitemap_priority":"","_sitemap_frequency":"","footnotes":""},"categories":[59,56],"tags":[],"class_list":["post-313890","post","type-post","status-publish","format-standard","has-post-thumbnail","hentry","category-siyaset","category-xeberler","infinite-scroll-item","generate-columns","tablet-grid-50","mobile-grid-100","grid-parent","grid-33","no-featured-image-padding"],"acf":[],"yoast_head":"<!-- This site is optimized with the Yoast SEO plugin v27.4 - https:\/\/yoast.com\/product\/yoast-seo-wordpress\/ -->\n<title>B\u0259hruz S\u0259m\u0259dov kamerada b\u0259z\u0259n oturma\u011fa da icaz\u0259 verilm\u0259diyini deyir - MEYDAN.TV<\/title>\n<meta name=\"description\" content=\"O, Erm\u0259nistan x\u00fcsusi xidm\u0259t orqanlar\u0131 il\u0259 \u0259m\u0259kda\u015fl\u0131qda t\u0259qsirl\u0259ndirilir.\" \/>\n<meta name=\"robots\" content=\"index, follow, max-snippet:-1, max-image-preview:large, max-video-preview:-1\" \/>\n<link rel=\"canonical\" href=\"https:\/\/www.meydan.tv\/az\/article\/behruz-semedov-kamerada-bezen-oturmaga-da-icaze-verilmediyini-deyir\/\" \/>\n<meta property=\"og:locale\" content=\"az_AZ\" \/>\n<meta property=\"og:type\" content=\"article\" \/>\n<meta property=\"og:title\" content=\"B\u0259hruz S\u0259m\u0259dov kamerada b\u0259z\u0259n oturma\u011fa da icaz\u0259 verilm\u0259diyini deyir - MEYDAN.TV\" \/>\n<meta property=\"og:description\" content=\"O, Erm\u0259nistan x\u00fcsusi xidm\u0259t orqanlar\u0131 il\u0259 \u0259m\u0259kda\u015fl\u0131qda t\u0259qsirl\u0259ndirilir.\" \/>\n<meta property=\"og:url\" content=\"https:\/\/www.meydan.tv\/az\/article\/behruz-semedov-kamerada-bezen-oturmaga-da-icaze-verilmediyini-deyir\/\" \/>\n<meta property=\"og:site_name\" content=\"MEYDAN.TV\" \/>\n<meta property=\"article:published_time\" content=\"2024-08-27T17:47:21+00:00\" \/>\n<meta property=\"article:modified_time\" content=\"2024-08-27T17:47:23+00:00\" \/>\n<meta property=\"og:image\" content=\"https:\/\/www.meydan.tv\/wp-content\/uploads\/img_2395-e1724423886821.jpg\" \/>\n\t<meta property=\"og:image:width\" content=\"1200\" \/>\n\t<meta property=\"og:image:height\" content=\"560\" \/>\n\t<meta property=\"og:image:type\" content=\"image\/jpeg\" \/>\n<meta name=\"author\" content=\"elli\" \/>\n<meta name=\"twitter:card\" content=\"summary_large_image\" \/>\n<meta name=\"twitter:creator\" content=\"@elli\" \/>\n<script type=\"application\/ld+json\" class=\"yoast-schema-graph\">{\"@context\":\"https:\\\/\\\/schema.org\",\"@graph\":[{\"@type\":\"Article\",\"@id\":\"https:\\\/\\\/www.meydan.tv\\\/az\\\/article\\\/behruz-semedov-kamerada-bezen-oturmaga-da-icaze-verilmediyini-deyir\\\/#article\",\"isPartOf\":{\"@id\":\"https:\\\/\\\/www.meydan.tv\\\/az\\\/article\\\/behruz-semedov-kamerada-bezen-oturmaga-da-icaze-verilmediyini-deyir\\\/\"},\"author\":{\"name\":\"elli\",\"@id\":\"https:\\\/\\\/www.meydan.tv\\\/az\\\/#\\\/schema\\\/person\\\/9cdbecf90d17180ce1dfbd95b08dcf47\"},\"headline\":\"B\u0259hruz S\u0259m\u0259dov kamerada b\u0259z\u0259n oturma\u011fa da icaz\u0259 verilm\u0259diyini deyir\",\"datePublished\":\"2024-08-27T17:47:21+00:00\",\"dateModified\":\"2024-08-27T17:47:23+00:00\",\"mainEntityOfPage\":{\"@id\":\"https:\\\/\\\/www.meydan.tv\\\/az\\\/article\\\/behruz-semedov-kamerada-bezen-oturmaga-da-icaze-verilmediyini-deyir\\\/\"},\"wordCount\":912,\"publisher\":{\"@id\":\"https:\\\/\\\/www.meydan.tv\\\/az\\\/#organization\"},\"image\":{\"@id\":\"https:\\\/\\\/www.meydan.tv\\\/az\\\/article\\\/behruz-semedov-kamerada-bezen-oturmaga-da-icaze-verilmediyini-deyir\\\/#primaryimage\"},\"thumbnailUrl\":\"https:\\\/\\\/www.meydan.tv\\\/wp-content\\\/uploads\\\/img_2395-e1724423886821.jpg\",\"articleSection\":[\"Siyas\u0259t\",\"X\u0259b\u0259rl\u0259r\"],\"inLanguage\":\"az\"},{\"@type\":\"WebPage\",\"@id\":\"https:\\\/\\\/www.meydan.tv\\\/az\\\/article\\\/behruz-semedov-kamerada-bezen-oturmaga-da-icaze-verilmediyini-deyir\\\/\",\"url\":\"https:\\\/\\\/www.meydan.tv\\\/az\\\/article\\\/behruz-semedov-kamerada-bezen-oturmaga-da-icaze-verilmediyini-deyir\\\/\",\"name\":\"B\u0259hruz S\u0259m\u0259dov kamerada b\u0259z\u0259n oturma\u011fa da icaz\u0259 verilm\u0259diyini deyir - MEYDAN.TV\",\"isPartOf\":{\"@id\":\"https:\\\/\\\/www.meydan.tv\\\/az\\\/#website\"},\"primaryImageOfPage\":{\"@id\":\"https:\\\/\\\/www.meydan.tv\\\/az\\\/article\\\/behruz-semedov-kamerada-bezen-oturmaga-da-icaze-verilmediyini-deyir\\\/#primaryimage\"},\"image\":{\"@id\":\"https:\\\/\\\/www.meydan.tv\\\/az\\\/article\\\/behruz-semedov-kamerada-bezen-oturmaga-da-icaze-verilmediyini-deyir\\\/#primaryimage\"},\"thumbnailUrl\":\"https:\\\/\\\/www.meydan.tv\\\/wp-content\\\/uploads\\\/img_2395-e1724423886821.jpg\",\"datePublished\":\"2024-08-27T17:47:21+00:00\",\"dateModified\":\"2024-08-27T17:47:23+00:00\",\"description\":\"O, Erm\u0259nistan x\u00fcsusi xidm\u0259t orqanlar\u0131 il\u0259 \u0259m\u0259kda\u015fl\u0131qda t\u0259qsirl\u0259ndirilir.\",\"breadcrumb\":{\"@id\":\"https:\\\/\\\/www.meydan.tv\\\/az\\\/article\\\/behruz-semedov-kamerada-bezen-oturmaga-da-icaze-verilmediyini-deyir\\\/#breadcrumb\"},\"inLanguage\":\"az\",\"potentialAction\":[{\"@type\":\"ReadAction\",\"target\":[\"https:\\\/\\\/www.meydan.tv\\\/az\\\/article\\\/behruz-semedov-kamerada-bezen-oturmaga-da-icaze-verilmediyini-deyir\\\/\"]}]},{\"@type\":\"ImageObject\",\"inLanguage\":\"az\",\"@id\":\"https:\\\/\\\/www.meydan.tv\\\/az\\\/article\\\/behruz-semedov-kamerada-bezen-oturmaga-da-icaze-verilmediyini-deyir\\\/#primaryimage\",\"url\":\"https:\\\/\\\/www.meydan.tv\\\/wp-content\\\/uploads\\\/img_2395-e1724423886821.jpg\",\"contentUrl\":\"https:\\\/\\\/www.meydan.tv\\\/wp-content\\\/uploads\\\/img_2395-e1724423886821.jpg\",\"width\":1200,\"height\":560,\"caption\":\"B\u0259hruz S\u0259m\u0259dov. Foto: Nurlan Libre\"},{\"@type\":\"BreadcrumbList\",\"@id\":\"https:\\\/\\\/www.meydan.tv\\\/az\\\/article\\\/behruz-semedov-kamerada-bezen-oturmaga-da-icaze-verilmediyini-deyir\\\/#breadcrumb\",\"itemListElement\":[{\"@type\":\"ListItem\",\"position\":1,\"name\":\"Ana s\u0259hif\u0259\",\"item\":\"https:\\\/\\\/www.meydan.tv\\\/az\\\/\"},{\"@type\":\"ListItem\",\"position\":2,\"name\":\"Siyas\u0259t\",\"item\":\"https:\\\/\\\/www.meydan.tv\\\/az\\\/section\\\/siyaset\\\/\"},{\"@type\":\"ListItem\",\"position\":3,\"name\":\"B\u0259hruz S\u0259m\u0259dov kamerada b\u0259z\u0259n oturma\u011fa da icaz\u0259 verilm\u0259diyini deyir\"}]},{\"@type\":\"WebSite\",\"@id\":\"https:\\\/\\\/www.meydan.tv\\\/az\\\/#website\",\"url\":\"https:\\\/\\\/www.meydan.tv\\\/az\\\/\",\"name\":\"MEYDAN.TV\",\"description\":\"Meydan TV Az\u0259rbaycan\u0131n media m\u0259kan\u0131ndak\u0131 alternativ s\u0259sidir\",\"publisher\":{\"@id\":\"https:\\\/\\\/www.meydan.tv\\\/az\\\/#organization\"},\"potentialAction\":[{\"@type\":\"SearchAction\",\"target\":{\"@type\":\"EntryPoint\",\"urlTemplate\":\"https:\\\/\\\/www.meydan.tv\\\/az\\\/?s={search_term_string}\"},\"query-input\":{\"@type\":\"PropertyValueSpecification\",\"valueRequired\":true,\"valueName\":\"search_term_string\"}}],\"inLanguage\":\"az\"},{\"@type\":\"Organization\",\"@id\":\"https:\\\/\\\/www.meydan.tv\\\/az\\\/#organization\",\"name\":\"Meydan TV\",\"url\":\"https:\\\/\\\/www.meydan.tv\\\/az\\\/\",\"logo\":{\"@type\":\"ImageObject\",\"inLanguage\":\"az\",\"@id\":\"https:\\\/\\\/www.meydan.tv\\\/az\\\/#\\\/schema\\\/logo\\\/image\\\/\",\"url\":\"https:\\\/\\\/www.meydan.tv\\\/wp-content\\\/uploads\\\/2021\\\/07\\\/meydan-logo.svg\",\"contentUrl\":\"https:\\\/\\\/www.meydan.tv\\\/wp-content\\\/uploads\\\/2021\\\/07\\\/meydan-logo.svg\",\"width\":195,\"height\":46,\"caption\":\"Meydan TV\"},\"image\":{\"@id\":\"https:\\\/\\\/www.meydan.tv\\\/az\\\/#\\\/schema\\\/logo\\\/image\\\/\"}},{\"@type\":\"Person\",\"@id\":\"https:\\\/\\\/www.meydan.tv\\\/az\\\/#\\\/schema\\\/person\\\/9cdbecf90d17180ce1dfbd95b08dcf47\",\"name\":\"elli\",\"sameAs\":[\"https:\\\/\\\/x.com\\\/elli\"]}]}<\/script>\n<!-- \/ Yoast SEO plugin. -->","yoast_head_json":{"title":"B\u0259hruz S\u0259m\u0259dov kamerada b\u0259z\u0259n oturma\u011fa da icaz\u0259 verilm\u0259diyini deyir - MEYDAN.TV","description":"O, Erm\u0259nistan x\u00fcsusi xidm\u0259t orqanlar\u0131 il\u0259 \u0259m\u0259kda\u015fl\u0131qda t\u0259qsirl\u0259ndirilir.","robots":{"index":"index","follow":"follow","max-snippet":"max-snippet:-1","max-image-preview":"max-image-preview:large","max-video-preview":"max-video-preview:-1"},"canonical":"https:\/\/www.meydan.tv\/az\/article\/behruz-semedov-kamerada-bezen-oturmaga-da-icaze-verilmediyini-deyir\/","og_locale":"az_AZ","og_type":"article","og_title":"B\u0259hruz S\u0259m\u0259dov kamerada b\u0259z\u0259n oturma\u011fa da icaz\u0259 verilm\u0259diyini deyir - MEYDAN.TV","og_description":"O, Erm\u0259nistan x\u00fcsusi xidm\u0259t orqanlar\u0131 il\u0259 \u0259m\u0259kda\u015fl\u0131qda t\u0259qsirl\u0259ndirilir.","og_url":"https:\/\/www.meydan.tv\/az\/article\/behruz-semedov-kamerada-bezen-oturmaga-da-icaze-verilmediyini-deyir\/","og_site_name":"MEYDAN.TV","article_published_time":"2024-08-27T17:47:21+00:00","article_modified_time":"2024-08-27T17:47:23+00:00","og_image":[{"width":1200,"height":560,"url":"https:\/\/www.meydan.tv\/wp-content\/uploads\/img_2395-e1724423886821.jpg","type":"image\/jpeg"}],"author":"elli","twitter_card":"summary_large_image","twitter_creator":"@elli","schema":{"@context":"https:\/\/schema.org","@graph":[{"@type":"Article","@id":"https:\/\/www.meydan.tv\/az\/article\/behruz-semedov-kamerada-bezen-oturmaga-da-icaze-verilmediyini-deyir\/#article","isPartOf":{"@id":"https:\/\/www.meydan.tv\/az\/article\/behruz-semedov-kamerada-bezen-oturmaga-da-icaze-verilmediyini-deyir\/"},"author":{"name":"elli","@id":"https:\/\/www.meydan.tv\/az\/#\/schema\/person\/9cdbecf90d17180ce1dfbd95b08dcf47"},"headline":"B\u0259hruz S\u0259m\u0259dov kamerada b\u0259z\u0259n oturma\u011fa da icaz\u0259 verilm\u0259diyini deyir","datePublished":"2024-08-27T17:47:21+00:00","dateModified":"2024-08-27T17:47:23+00:00","mainEntityOfPage":{"@id":"https:\/\/www.meydan.tv\/az\/article\/behruz-semedov-kamerada-bezen-oturmaga-da-icaze-verilmediyini-deyir\/"},"wordCount":912,"publisher":{"@id":"https:\/\/www.meydan.tv\/az\/#organization"},"image":{"@id":"https:\/\/www.meydan.tv\/az\/article\/behruz-semedov-kamerada-bezen-oturmaga-da-icaze-verilmediyini-deyir\/#primaryimage"},"thumbnailUrl":"https:\/\/www.meydan.tv\/wp-content\/uploads\/img_2395-e1724423886821.jpg","articleSection":["Siyas\u0259t","X\u0259b\u0259rl\u0259r"],"inLanguage":"az"},{"@type":"WebPage","@id":"https:\/\/www.meydan.tv\/az\/article\/behruz-semedov-kamerada-bezen-oturmaga-da-icaze-verilmediyini-deyir\/","url":"https:\/\/www.meydan.tv\/az\/article\/behruz-semedov-kamerada-bezen-oturmaga-da-icaze-verilmediyini-deyir\/","name":"B\u0259hruz S\u0259m\u0259dov kamerada b\u0259z\u0259n oturma\u011fa da icaz\u0259 verilm\u0259diyini deyir - MEYDAN.TV","isPartOf":{"@id":"https:\/\/www.meydan.tv\/az\/#website"},"primaryImageOfPage":{"@id":"https:\/\/www.meydan.tv\/az\/article\/behruz-semedov-kamerada-bezen-oturmaga-da-icaze-verilmediyini-deyir\/#primaryimage"},"image":{"@id":"https:\/\/www.meydan.tv\/az\/article\/behruz-semedov-kamerada-bezen-oturmaga-da-icaze-verilmediyini-deyir\/#primaryimage"},"thumbnailUrl":"https:\/\/www.meydan.tv\/wp-content\/uploads\/img_2395-e1724423886821.jpg","datePublished":"2024-08-27T17:47:21+00:00","dateModified":"2024-08-27T17:47:23+00:00","description":"O, Erm\u0259nistan x\u00fcsusi xidm\u0259t orqanlar\u0131 il\u0259 \u0259m\u0259kda\u015fl\u0131qda t\u0259qsirl\u0259ndirilir.","breadcrumb":{"@id":"https:\/\/www.meydan.tv\/az\/article\/behruz-semedov-kamerada-bezen-oturmaga-da-icaze-verilmediyini-deyir\/#breadcrumb"},"inLanguage":"az","potentialAction":[{"@type":"ReadAction","target":["https:\/\/www.meydan.tv\/az\/article\/behruz-semedov-kamerada-bezen-oturmaga-da-icaze-verilmediyini-deyir\/"]}]},{"@type":"ImageObject","inLanguage":"az","@id":"https:\/\/www.meydan.tv\/az\/article\/behruz-semedov-kamerada-bezen-oturmaga-da-icaze-verilmediyini-deyir\/#primaryimage","url":"https:\/\/www.meydan.tv\/wp-content\/uploads\/img_2395-e1724423886821.jpg","contentUrl":"https:\/\/www.meydan.tv\/wp-content\/uploads\/img_2395-e1724423886821.jpg","width":1200,"height":560,"caption":"B\u0259hruz S\u0259m\u0259dov. Foto: Nurlan Libre"},{"@type":"BreadcrumbList","@id":"https:\/\/www.meydan.tv\/az\/article\/behruz-semedov-kamerada-bezen-oturmaga-da-icaze-verilmediyini-deyir\/#breadcrumb","itemListElement":[{"@type":"ListItem","position":1,"name":"Ana s\u0259hif\u0259","item":"https:\/\/www.meydan.tv\/az\/"},{"@type":"ListItem","position":2,"name":"Siyas\u0259t","item":"https:\/\/www.meydan.tv\/az\/section\/siyaset\/"},{"@type":"ListItem","position":3,"name":"B\u0259hruz S\u0259m\u0259dov kamerada b\u0259z\u0259n oturma\u011fa da icaz\u0259 verilm\u0259diyini deyir"}]},{"@type":"WebSite","@id":"https:\/\/www.meydan.tv\/az\/#website","url":"https:\/\/www.meydan.tv\/az\/","name":"MEYDAN.TV","description":"Meydan TV Az\u0259rbaycan\u0131n media m\u0259kan\u0131ndak\u0131 alternativ s\u0259sidir","publisher":{"@id":"https:\/\/www.meydan.tv\/az\/#organization"},"potentialAction":[{"@type":"SearchAction","target":{"@type":"EntryPoint","urlTemplate":"https:\/\/www.meydan.tv\/az\/?s={search_term_string}"},"query-input":{"@type":"PropertyValueSpecification","valueRequired":true,"valueName":"search_term_string"}}],"inLanguage":"az"},{"@type":"Organization","@id":"https:\/\/www.meydan.tv\/az\/#organization","name":"Meydan TV","url":"https:\/\/www.meydan.tv\/az\/","logo":{"@type":"ImageObject","inLanguage":"az","@id":"https:\/\/www.meydan.tv\/az\/#\/schema\/logo\/image\/","url":"https:\/\/www.meydan.tv\/wp-content\/uploads\/2021\/07\/meydan-logo.svg","contentUrl":"https:\/\/www.meydan.tv\/wp-content\/uploads\/2021\/07\/meydan-logo.svg","width":195,"height":46,"caption":"Meydan TV"},"image":{"@id":"https:\/\/www.meydan.tv\/az\/#\/schema\/logo\/image\/"}},{"@type":"Person","@id":"https:\/\/www.meydan.tv\/az\/#\/schema\/person\/9cdbecf90d17180ce1dfbd95b08dcf47","name":"elli","sameAs":["https:\/\/x.com\/elli"]}]}},"_links":{"self":[{"href":"https:\/\/www.meydan.tv\/az\/wp-json\/wp\/v2\/posts\/313890","targetHints":{"allow":["GET"]}}],"collection":[{"href":"https:\/\/www.meydan.tv\/az\/wp-json\/wp\/v2\/posts"}],"about":[{"href":"https:\/\/www.meydan.tv\/az\/wp-json\/wp\/v2\/types\/post"}],"author":[{"embeddable":true,"href":"https:\/\/www.meydan.tv\/az\/wp-json\/wp\/v2\/users\/8"}],"replies":[{"embeddable":true,"href":"https:\/\/www.meydan.tv\/az\/wp-json\/wp\/v2\/comments?post=313890"}],"version-history":[{"count":1,"href":"https:\/\/www.meydan.tv\/az\/wp-json\/wp\/v2\/posts\/313890\/revisions"}],"predecessor-version":[{"id":313891,"href":"https:\/\/www.meydan.tv\/az\/wp-json\/wp\/v2\/posts\/313890\/revisions\/313891"}],"wp:featuredmedia":[{"embeddable":true,"href":"https:\/\/www.meydan.tv\/az\/wp-json\/wp\/v2\/media\/313670"}],"wp:attachment":[{"href":"https:\/\/www.meydan.tv\/az\/wp-json\/wp\/v2\/media?parent=313890"}],"wp:term":[{"taxonomy":"category","embeddable":true,"href":"https:\/\/www.meydan.tv\/az\/wp-json\/wp\/v2\/categories?post=313890"},{"taxonomy":"post_tag","embeddable":true,"href":"https:\/\/www.meydan.tv\/az\/wp-json\/wp\/v2\/tags?post=313890"}],"curies":[{"name":"wp","href":"https:\/\/api.w.org\/{rel}","templated":true}]}}