{"id":313885,"date":"2024-08-27T21:44:19","date_gmt":"2024-08-27T17:44:19","guid":{"rendered":"https:\/\/www.meydan.tv\/?p=313885"},"modified":"2024-08-27T21:44:21","modified_gmt":"2024-08-27T17:44:21","slug":"daha-bir-ictimai-feal-behruz-semedova-gore-ifade-verdiyini-deyir","status":"publish","type":"post","link":"https:\/\/www.meydan.tv\/az\/article\/daha-bir-ictimai-feal-behruz-semedova-gore-ifade-verdiyini-deyir\/","title":{"rendered":"Daha bir ictimai f\u0259al B\u0259hruz S\u0259m\u0259dova g\u00f6r\u0259 ifad\u0259 verdiyini deyir"},"content":{"rendered":"\n<p><\/p>\n\n\n\n<p><strong><em>Cavid A\u011fa xaric\u0259 getm\u0259k ist\u0259s\u0259 d\u0259, burax\u0131lmay\u0131b<\/em><\/strong><\/p>\n\n\n\n<p>Daha bir ictimai f\u0259al \u2013 t\u0259hqiqat\u00e7\u0131 v\u0259 jurnalist Cavid A\u011fa avqustun 26-da D\u00f6vl\u0259t T\u0259hl\u00fck\u0259sizliyi Xidm\u0259tin\u0259 (DTX) apar\u0131l\u0131b.<\/p>\n\n\n\n<p>Bu bar\u0259d\u0259 onun \u00f6z\u00fcn\u00fcn \u201cFacebook\u201d hesab\u0131nda m\u0259lumat yay\u0131l\u0131b. M\u0259lumatda bildirilir ki, o, DTX-da avqustun 21-d\u0259n h\u0259bsd\u0259 olan g\u0259nc politoloq, \u00c7exiyadak\u0131 \u00c7arlz Universitetinin doktorant\u0131 B\u0259hruz S\u0259m\u0259dovun i\u015fi \u00fczr\u0259 \u015fahid qismind\u0259 ifad\u0259 verib.<\/p>\n\n\n\n<p>Cavid A\u011fa avqustun 26-da s\u0259h\u0259r saat 06.50-d\u0259 olan reysl\u0259 Litvaya getm\u0259li idi. G\u00fcnorta saatlar\u0131nda dostlar\u0131na m\u0259lum olub ki, o, t\u0259yyar\u0259y\u0259 minm\u0259yib v\u0259 \u00f6lk\u0259ni t\u0259rk getm\u0259yib. Lakin onun yax\u0131nlar\u0131na hava liman\u0131ndan hara apar\u0131lmas\u0131, saxland\u0131\u011f\u0131 yer bar\u0259d\u0259 he\u00e7 bir m\u0259lumat verilm\u0259yib. Dostlar\u0131 bununla ba\u011fl\u0131 narahatl\u0131qlar\u0131n\u0131 sosial \u015f\u0259b\u0259k\u0259l\u0259rd\u0259 payla\u015f\u0131blar.<br>Ax\u015fam saat 18.30 rad\u0259l\u0259rind\u0259 Cavid A\u011fan\u0131n \u201cFacebook\u201d hesab\u0131nda bel\u0259 bir status yay\u0131l\u0131b:<\/p>\n\n\n\n<p><em>\u201cSalam dostlar, bu s\u0259h\u0259r Litvaya t\u0259hsil\u0259 getm\u0259li idim, amma al\u0131nmad\u0131. B\u0259hruz S\u0259m\u0259dov i\u015fi il\u0259 ba\u011fl\u0131 \u015fahid qismind\u0259 ifad\u0259y\u0259 d\u0259v\u0259t edilmi\u015f\u0259m. \u0130stintaq davam etdiyi \u00fc\u00e7\u00fcn \u0259lav\u0259 m\u0259lumat ver\u0259 bilmir\u0259m. Gec\u0259 saat 3-d\u0259n b\u0259ri yuxusuz oldu\u011fum \u00fc\u00e7\u00fcn indi ev\u0259 qay\u0131d\u0131ram. Onu dey\u0259 bil\u0259r\u0259m ki, m\u0259n\u0259 qar\u015f\u0131 zorak\u0131l\u0131q olmad\u0131 v\u0259 t\u0259hl\u00fck\u0259d\u0259 deyil\u0259m\u201d.<\/em><\/p>\n\n\n\n<p>Avqustun 23-d\u0259 ax\u015fam saat 19.00 rad\u0259l\u0259rind\u0259 ba\u015fqa bir ictimai f\u0259al \u2013 yaz\u0131\u00e7\u0131 S\u0259m\u0259d \u015e\u0131x\u0131 da G\u00fcrc\u00fcstana ged\u0259rk\u0259n hava liman\u0131nda saxlanm\u0131\u015fd\u0131. Onun \u00f6z\u00fc hava liman\u0131ndan dostlar\u0131na saxlanmas\u0131 bar\u0259d\u0259 mesaj yazm\u0131\u015fd\u0131. T\u0259xmin\u0259n 1 sutka \u0259rzind\u0259 S\u0259m\u0259d \u015e\u0131x\u0131n\u0131n hara apar\u0131lmas\u0131, saxland\u0131\u011f\u0131 yer bar\u0259d\u0259 onun ail\u0259sin\u0259 he\u00e7 bir m\u0259lumat verilm\u0259yib.<\/p>\n\n\n\n<p>Avqustun 24-d\u0259 saat 17.00 rad\u0259l\u0259rind\u0259 S\u0259m\u0259d \u015e\u0131x\u0131n\u0131n \u201cFacebook\u201d hesab\u0131ndan bir payla\u015f\u0131m olunub. Orada g\u00f6st\u0259rilib ki, B\u0259hruz S\u0259m\u0259dovun i\u015fi \u00fczr\u0259 \u015fahid qismind\u0259 DTX-da ifad\u0259 verib. \u0130fad\u0259d\u0259 B\u0259hruz S\u0259m\u0259dovun onu xaricd\u0259 m\u00fc\u0259yy\u0259n erm\u0259nil\u0259rl\u0259 g\u00f6r\u00fc\u015fd\u00fcrd\u00fcy\u00fcn\u00fc v\u0259 b\u00fct\u00fcn maliyy\u0259 x\u0259rcl\u0259rinin qar\u015f\u0131land\u0131\u011f\u0131n\u0131 deyib. Statusda vur\u011fulan\u0131b ki, o, DTX-ya ifad\u0259 verm\u0259k \u00fc\u00e7\u00fcn d\u0259v\u0259t olunub, orada t\u0259zyiq\u0259 m\u0259ruz qalmay\u0131b.<\/p>\n\n\n\n<p>Dostlar\u0131 hesab edirdi ki, bu payla\u015f\u0131m\u0131 DTX \u0259m\u0259kda\u015flar\u0131n\u0131n \u00f6zl\u0259ri yaz\u0131b. \u00c7\u00fcnki S\u0259m\u0259d \u015e\u0131x\u0131n\u0131n yeri haqda bir sutka \u0259rzind\u0259, h\u0259tta ail\u0259 \u00fczvl\u0259rin\u0259 bel\u0259, m\u0259lumat verilm\u0259m\u0259si, qanunsuz saxlanmas\u0131 bar\u0259d\u0259 sosial \u015f\u0259b\u0259k\u0259l\u0259rd\u0259 m\u00fczakir\u0259l\u0259r gedirdi.<\/p>\n\n\n\n<p>Bu payla\u015f\u0131mdan 2-3 saat sonra S\u0259m\u0259d \u015e\u0131x\u0131 burax\u0131lsa da, bir sutka \u0259rzind\u0259 harada v\u0259 nec\u0259 saxlanmas\u0131, ba\u015f\u0131na g\u0259l\u0259nl\u0259r bar\u0259d\u0259 m\u0259lumat verm\u0259k ist\u0259m\u0259yib.<\/p>\n\n\n\n<p>Avqsutun 21-d\u0259n h\u0259bsd\u0259 olan B\u0259hruz S\u0259m\u0259dova qar\u015f\u0131 Cinay\u0259t M\u0259c\u0259ll\u0259sinin 274-c\u00fc (d\u00f6vl\u0259t\u0259 x\u0259yan\u0259t) madd\u0259sil\u0259 ittiham ir\u0259li s\u00fcr\u00fcl\u00fcb. O, Erm\u0259nistan x\u00fcsusi xidm\u0259t orqanlar\u0131 il\u0259 \u0259m\u0259kda\u015fl\u0131qda t\u0259qsirl\u0259ndirilir.<\/p>\n\n\n\n<p>B\u0259hruz S\u0259m\u0259dov ittiham\u0131 q\u0259bul etmir, \u00f6z\u00fcn\u00fc t\u0259qsirli bilmir. O bildirib ki, s\u00fclhp\u0259rv\u0259rdir, m\u00fcharib\u0259nin \u0259leyhin\u0259dir, \u00e7\u0131x\u0131\u015flar\u0131, m\u0259qal\u0259l\u0259ri d\u0259 bu bar\u0259d\u0259dir. Buna g\u00f6r\u0259 d\u0259 susdurmaq \u00fc\u00e7\u00fcn saxta ittihamla c\u0259zaland\u0131r\u0131l\u0131r.<br>Onun i\u015fi \u00fczr\u0259 dindiril\u0259n S\u0259m\u0259d \u015e\u0131x\u0131, Cavid A\u011fa da m\u00fcharib\u0259 \u0259leyhdar\u0131 olan ictimai f\u0259allardand\u0131r.<\/p>\n","protected":false},"excerpt":{"rendered":"<p>Cavid A\u011fa xaric\u0259 getm\u0259k ist\u0259s\u0259 d\u0259, burax\u0131lmay\u0131b Daha bir ictimai &#8230; <\/p>\n<p class=\"read-more-container\"><a title=\"Daha bir ictimai f\u0259al B\u0259hruz S\u0259m\u0259dova g\u00f6r\u0259 ifad\u0259 verdiyini deyir\" class=\"read-more button\" href=\"https:\/\/www.meydan.tv\/az\/article\/daha-bir-ictimai-feal-behruz-semedova-gore-ifade-verdiyini-deyir\/#more-313885\" aria-label=\"Read more about Daha bir ictimai f\u0259al B\u0259hruz S\u0259m\u0259dova g\u00f6r\u0259 ifad\u0259 verdiyini deyir\">Davam\u0131<\/a><\/p>\n","protected":false},"author":8,"featured_media":313886,"comment_status":"closed","ping_status":"closed","sticky":false,"template":"","format":"standard","meta":{"_acf_changed":false,"_sitemap_exclude":false,"_sitemap_priority":"","_sitemap_frequency":"","footnotes":""},"categories":[59,56],"tags":[],"class_list":["post-313885","post","type-post","status-publish","format-standard","has-post-thumbnail","hentry","category-siyaset","category-xeberler","infinite-scroll-item","generate-columns","tablet-grid-50","mobile-grid-100","grid-parent","grid-33","no-featured-image-padding"],"acf":[],"yoast_head":"<!-- This site is optimized with the Yoast SEO plugin v27.4 - https:\/\/yoast.com\/product\/yoast-seo-wordpress\/ -->\n<title>Daha bir ictimai f\u0259al B\u0259hruz S\u0259m\u0259dova g\u00f6r\u0259 ifad\u0259 verdiyini deyir - MEYDAN.TV<\/title>\n<meta name=\"description\" content=\"T\u0259xmin\u0259n 1 sutka \u0259rzind\u0259 S\u0259m\u0259d \u015e\u0131x\u0131n\u0131n hara apar\u0131lmas\u0131, saxland\u0131\u011f\u0131 yer bar\u0259d\u0259 onun ail\u0259sin\u0259 he\u00e7 bir m\u0259lumat verilm\u0259yib.\" \/>\n<meta name=\"robots\" content=\"index, follow, max-snippet:-1, max-image-preview:large, max-video-preview:-1\" \/>\n<link rel=\"canonical\" href=\"https:\/\/www.meydan.tv\/az\/article\/daha-bir-ictimai-feal-behruz-semedova-gore-ifade-verdiyini-deyir\/\" \/>\n<meta property=\"og:locale\" content=\"az_AZ\" \/>\n<meta property=\"og:type\" content=\"article\" \/>\n<meta property=\"og:title\" content=\"Daha bir ictimai f\u0259al B\u0259hruz S\u0259m\u0259dova g\u00f6r\u0259 ifad\u0259 verdiyini deyir - MEYDAN.TV\" \/>\n<meta property=\"og:description\" content=\"T\u0259xmin\u0259n 1 sutka \u0259rzind\u0259 S\u0259m\u0259d \u015e\u0131x\u0131n\u0131n hara apar\u0131lmas\u0131, saxland\u0131\u011f\u0131 yer bar\u0259d\u0259 onun ail\u0259sin\u0259 he\u00e7 bir m\u0259lumat verilm\u0259yib.\" \/>\n<meta property=\"og:url\" content=\"https:\/\/www.meydan.tv\/az\/article\/daha-bir-ictimai-feal-behruz-semedova-gore-ifade-verdiyini-deyir\/\" \/>\n<meta property=\"og:site_name\" content=\"MEYDAN.TV\" \/>\n<meta property=\"article:published_time\" content=\"2024-08-27T17:44:19+00:00\" \/>\n<meta property=\"article:modified_time\" content=\"2024-08-27T17:44:21+00:00\" \/>\n<meta property=\"og:image\" content=\"https:\/\/www.meydan.tv\/wp-content\/uploads\/457315930_523215180225451_4548869614615564304_n.jpg\" \/>\n\t<meta property=\"og:image:width\" content=\"1200\" \/>\n\t<meta property=\"og:image:height\" content=\"833\" \/>\n\t<meta property=\"og:image:type\" content=\"image\/jpeg\" \/>\n<meta name=\"author\" content=\"elli\" \/>\n<meta name=\"twitter:card\" content=\"summary_large_image\" \/>\n<meta name=\"twitter:creator\" content=\"@elli\" \/>\n<script type=\"application\/ld+json\" class=\"yoast-schema-graph\">{\"@context\":\"https:\\\/\\\/schema.org\",\"@graph\":[{\"@type\":\"Article\",\"@id\":\"https:\\\/\\\/www.meydan.tv\\\/az\\\/article\\\/daha-bir-ictimai-feal-behruz-semedova-gore-ifade-verdiyini-deyir\\\/#article\",\"isPartOf\":{\"@id\":\"https:\\\/\\\/www.meydan.tv\\\/az\\\/article\\\/daha-bir-ictimai-feal-behruz-semedova-gore-ifade-verdiyini-deyir\\\/\"},\"author\":{\"name\":\"elli\",\"@id\":\"https:\\\/\\\/www.meydan.tv\\\/az\\\/#\\\/schema\\\/person\\\/9cdbecf90d17180ce1dfbd95b08dcf47\"},\"headline\":\"Daha bir ictimai f\u0259al B\u0259hruz S\u0259m\u0259dova g\u00f6r\u0259 ifad\u0259 verdiyini deyir\",\"datePublished\":\"2024-08-27T17:44:19+00:00\",\"dateModified\":\"2024-08-27T17:44:21+00:00\",\"mainEntityOfPage\":{\"@id\":\"https:\\\/\\\/www.meydan.tv\\\/az\\\/article\\\/daha-bir-ictimai-feal-behruz-semedova-gore-ifade-verdiyini-deyir\\\/\"},\"wordCount\":646,\"publisher\":{\"@id\":\"https:\\\/\\\/www.meydan.tv\\\/az\\\/#organization\"},\"image\":{\"@id\":\"https:\\\/\\\/www.meydan.tv\\\/az\\\/article\\\/daha-bir-ictimai-feal-behruz-semedova-gore-ifade-verdiyini-deyir\\\/#primaryimage\"},\"thumbnailUrl\":\"https:\\\/\\\/www.meydan.tv\\\/wp-content\\\/uploads\\\/457315930_523215180225451_4548869614615564304_n.jpg\",\"articleSection\":[\"Siyas\u0259t\",\"X\u0259b\u0259rl\u0259r\"],\"inLanguage\":\"az\"},{\"@type\":\"WebPage\",\"@id\":\"https:\\\/\\\/www.meydan.tv\\\/az\\\/article\\\/daha-bir-ictimai-feal-behruz-semedova-gore-ifade-verdiyini-deyir\\\/\",\"url\":\"https:\\\/\\\/www.meydan.tv\\\/az\\\/article\\\/daha-bir-ictimai-feal-behruz-semedova-gore-ifade-verdiyini-deyir\\\/\",\"name\":\"Daha bir ictimai f\u0259al B\u0259hruz S\u0259m\u0259dova g\u00f6r\u0259 ifad\u0259 verdiyini deyir - MEYDAN.TV\",\"isPartOf\":{\"@id\":\"https:\\\/\\\/www.meydan.tv\\\/az\\\/#website\"},\"primaryImageOfPage\":{\"@id\":\"https:\\\/\\\/www.meydan.tv\\\/az\\\/article\\\/daha-bir-ictimai-feal-behruz-semedova-gore-ifade-verdiyini-deyir\\\/#primaryimage\"},\"image\":{\"@id\":\"https:\\\/\\\/www.meydan.tv\\\/az\\\/article\\\/daha-bir-ictimai-feal-behruz-semedova-gore-ifade-verdiyini-deyir\\\/#primaryimage\"},\"thumbnailUrl\":\"https:\\\/\\\/www.meydan.tv\\\/wp-content\\\/uploads\\\/457315930_523215180225451_4548869614615564304_n.jpg\",\"datePublished\":\"2024-08-27T17:44:19+00:00\",\"dateModified\":\"2024-08-27T17:44:21+00:00\",\"description\":\"T\u0259xmin\u0259n 1 sutka \u0259rzind\u0259 S\u0259m\u0259d \u015e\u0131x\u0131n\u0131n hara apar\u0131lmas\u0131, saxland\u0131\u011f\u0131 yer bar\u0259d\u0259 onun ail\u0259sin\u0259 he\u00e7 bir m\u0259lumat verilm\u0259yib.\",\"breadcrumb\":{\"@id\":\"https:\\\/\\\/www.meydan.tv\\\/az\\\/article\\\/daha-bir-ictimai-feal-behruz-semedova-gore-ifade-verdiyini-deyir\\\/#breadcrumb\"},\"inLanguage\":\"az\",\"potentialAction\":[{\"@type\":\"ReadAction\",\"target\":[\"https:\\\/\\\/www.meydan.tv\\\/az\\\/article\\\/daha-bir-ictimai-feal-behruz-semedova-gore-ifade-verdiyini-deyir\\\/\"]}]},{\"@type\":\"ImageObject\",\"inLanguage\":\"az\",\"@id\":\"https:\\\/\\\/www.meydan.tv\\\/az\\\/article\\\/daha-bir-ictimai-feal-behruz-semedova-gore-ifade-verdiyini-deyir\\\/#primaryimage\",\"url\":\"https:\\\/\\\/www.meydan.tv\\\/wp-content\\\/uploads\\\/457315930_523215180225451_4548869614615564304_n.jpg\",\"contentUrl\":\"https:\\\/\\\/www.meydan.tv\\\/wp-content\\\/uploads\\\/457315930_523215180225451_4548869614615564304_n.jpg\",\"width\":1200,\"height\":833,\"caption\":\"Foto: Cavid A\u011fan\u0131n \u015f\u0259xsi arxivind\u0259n\"},{\"@type\":\"BreadcrumbList\",\"@id\":\"https:\\\/\\\/www.meydan.tv\\\/az\\\/article\\\/daha-bir-ictimai-feal-behruz-semedova-gore-ifade-verdiyini-deyir\\\/#breadcrumb\",\"itemListElement\":[{\"@type\":\"ListItem\",\"position\":1,\"name\":\"Ana s\u0259hif\u0259\",\"item\":\"https:\\\/\\\/www.meydan.tv\\\/az\\\/\"},{\"@type\":\"ListItem\",\"position\":2,\"name\":\"Siyas\u0259t\",\"item\":\"https:\\\/\\\/www.meydan.tv\\\/az\\\/section\\\/siyaset\\\/\"},{\"@type\":\"ListItem\",\"position\":3,\"name\":\"Daha bir ictimai f\u0259al B\u0259hruz S\u0259m\u0259dova g\u00f6r\u0259 ifad\u0259 verdiyini deyir\"}]},{\"@type\":\"WebSite\",\"@id\":\"https:\\\/\\\/www.meydan.tv\\\/az\\\/#website\",\"url\":\"https:\\\/\\\/www.meydan.tv\\\/az\\\/\",\"name\":\"MEYDAN.TV\",\"description\":\"Meydan TV Az\u0259rbaycan\u0131n media m\u0259kan\u0131ndak\u0131 alternativ s\u0259sidir\",\"publisher\":{\"@id\":\"https:\\\/\\\/www.meydan.tv\\\/az\\\/#organization\"},\"potentialAction\":[{\"@type\":\"SearchAction\",\"target\":{\"@type\":\"EntryPoint\",\"urlTemplate\":\"https:\\\/\\\/www.meydan.tv\\\/az\\\/?s={search_term_string}\"},\"query-input\":{\"@type\":\"PropertyValueSpecification\",\"valueRequired\":true,\"valueName\":\"search_term_string\"}}],\"inLanguage\":\"az\"},{\"@type\":\"Organization\",\"@id\":\"https:\\\/\\\/www.meydan.tv\\\/az\\\/#organization\",\"name\":\"Meydan TV\",\"url\":\"https:\\\/\\\/www.meydan.tv\\\/az\\\/\",\"logo\":{\"@type\":\"ImageObject\",\"inLanguage\":\"az\",\"@id\":\"https:\\\/\\\/www.meydan.tv\\\/az\\\/#\\\/schema\\\/logo\\\/image\\\/\",\"url\":\"https:\\\/\\\/www.meydan.tv\\\/wp-content\\\/uploads\\\/2021\\\/07\\\/meydan-logo.svg\",\"contentUrl\":\"https:\\\/\\\/www.meydan.tv\\\/wp-content\\\/uploads\\\/2021\\\/07\\\/meydan-logo.svg\",\"width\":195,\"height\":46,\"caption\":\"Meydan TV\"},\"image\":{\"@id\":\"https:\\\/\\\/www.meydan.tv\\\/az\\\/#\\\/schema\\\/logo\\\/image\\\/\"}},{\"@type\":\"Person\",\"@id\":\"https:\\\/\\\/www.meydan.tv\\\/az\\\/#\\\/schema\\\/person\\\/9cdbecf90d17180ce1dfbd95b08dcf47\",\"name\":\"elli\",\"sameAs\":[\"https:\\\/\\\/x.com\\\/elli\"]}]}<\/script>\n<!-- \/ Yoast SEO plugin. -->","yoast_head_json":{"title":"Daha bir ictimai f\u0259al B\u0259hruz S\u0259m\u0259dova g\u00f6r\u0259 ifad\u0259 verdiyini deyir - MEYDAN.TV","description":"T\u0259xmin\u0259n 1 sutka \u0259rzind\u0259 S\u0259m\u0259d \u015e\u0131x\u0131n\u0131n hara apar\u0131lmas\u0131, saxland\u0131\u011f\u0131 yer bar\u0259d\u0259 onun ail\u0259sin\u0259 he\u00e7 bir m\u0259lumat verilm\u0259yib.","robots":{"index":"index","follow":"follow","max-snippet":"max-snippet:-1","max-image-preview":"max-image-preview:large","max-video-preview":"max-video-preview:-1"},"canonical":"https:\/\/www.meydan.tv\/az\/article\/daha-bir-ictimai-feal-behruz-semedova-gore-ifade-verdiyini-deyir\/","og_locale":"az_AZ","og_type":"article","og_title":"Daha bir ictimai f\u0259al B\u0259hruz S\u0259m\u0259dova g\u00f6r\u0259 ifad\u0259 verdiyini deyir - MEYDAN.TV","og_description":"T\u0259xmin\u0259n 1 sutka \u0259rzind\u0259 S\u0259m\u0259d \u015e\u0131x\u0131n\u0131n hara apar\u0131lmas\u0131, saxland\u0131\u011f\u0131 yer bar\u0259d\u0259 onun ail\u0259sin\u0259 he\u00e7 bir m\u0259lumat verilm\u0259yib.","og_url":"https:\/\/www.meydan.tv\/az\/article\/daha-bir-ictimai-feal-behruz-semedova-gore-ifade-verdiyini-deyir\/","og_site_name":"MEYDAN.TV","article_published_time":"2024-08-27T17:44:19+00:00","article_modified_time":"2024-08-27T17:44:21+00:00","og_image":[{"width":1200,"height":833,"url":"https:\/\/www.meydan.tv\/wp-content\/uploads\/457315930_523215180225451_4548869614615564304_n.jpg","type":"image\/jpeg"}],"author":"elli","twitter_card":"summary_large_image","twitter_creator":"@elli","schema":{"@context":"https:\/\/schema.org","@graph":[{"@type":"Article","@id":"https:\/\/www.meydan.tv\/az\/article\/daha-bir-ictimai-feal-behruz-semedova-gore-ifade-verdiyini-deyir\/#article","isPartOf":{"@id":"https:\/\/www.meydan.tv\/az\/article\/daha-bir-ictimai-feal-behruz-semedova-gore-ifade-verdiyini-deyir\/"},"author":{"name":"elli","@id":"https:\/\/www.meydan.tv\/az\/#\/schema\/person\/9cdbecf90d17180ce1dfbd95b08dcf47"},"headline":"Daha bir ictimai f\u0259al B\u0259hruz S\u0259m\u0259dova g\u00f6r\u0259 ifad\u0259 verdiyini deyir","datePublished":"2024-08-27T17:44:19+00:00","dateModified":"2024-08-27T17:44:21+00:00","mainEntityOfPage":{"@id":"https:\/\/www.meydan.tv\/az\/article\/daha-bir-ictimai-feal-behruz-semedova-gore-ifade-verdiyini-deyir\/"},"wordCount":646,"publisher":{"@id":"https:\/\/www.meydan.tv\/az\/#organization"},"image":{"@id":"https:\/\/www.meydan.tv\/az\/article\/daha-bir-ictimai-feal-behruz-semedova-gore-ifade-verdiyini-deyir\/#primaryimage"},"thumbnailUrl":"https:\/\/www.meydan.tv\/wp-content\/uploads\/457315930_523215180225451_4548869614615564304_n.jpg","articleSection":["Siyas\u0259t","X\u0259b\u0259rl\u0259r"],"inLanguage":"az"},{"@type":"WebPage","@id":"https:\/\/www.meydan.tv\/az\/article\/daha-bir-ictimai-feal-behruz-semedova-gore-ifade-verdiyini-deyir\/","url":"https:\/\/www.meydan.tv\/az\/article\/daha-bir-ictimai-feal-behruz-semedova-gore-ifade-verdiyini-deyir\/","name":"Daha bir ictimai f\u0259al B\u0259hruz S\u0259m\u0259dova g\u00f6r\u0259 ifad\u0259 verdiyini deyir - MEYDAN.TV","isPartOf":{"@id":"https:\/\/www.meydan.tv\/az\/#website"},"primaryImageOfPage":{"@id":"https:\/\/www.meydan.tv\/az\/article\/daha-bir-ictimai-feal-behruz-semedova-gore-ifade-verdiyini-deyir\/#primaryimage"},"image":{"@id":"https:\/\/www.meydan.tv\/az\/article\/daha-bir-ictimai-feal-behruz-semedova-gore-ifade-verdiyini-deyir\/#primaryimage"},"thumbnailUrl":"https:\/\/www.meydan.tv\/wp-content\/uploads\/457315930_523215180225451_4548869614615564304_n.jpg","datePublished":"2024-08-27T17:44:19+00:00","dateModified":"2024-08-27T17:44:21+00:00","description":"T\u0259xmin\u0259n 1 sutka \u0259rzind\u0259 S\u0259m\u0259d \u015e\u0131x\u0131n\u0131n hara apar\u0131lmas\u0131, saxland\u0131\u011f\u0131 yer bar\u0259d\u0259 onun ail\u0259sin\u0259 he\u00e7 bir m\u0259lumat verilm\u0259yib.","breadcrumb":{"@id":"https:\/\/www.meydan.tv\/az\/article\/daha-bir-ictimai-feal-behruz-semedova-gore-ifade-verdiyini-deyir\/#breadcrumb"},"inLanguage":"az","potentialAction":[{"@type":"ReadAction","target":["https:\/\/www.meydan.tv\/az\/article\/daha-bir-ictimai-feal-behruz-semedova-gore-ifade-verdiyini-deyir\/"]}]},{"@type":"ImageObject","inLanguage":"az","@id":"https:\/\/www.meydan.tv\/az\/article\/daha-bir-ictimai-feal-behruz-semedova-gore-ifade-verdiyini-deyir\/#primaryimage","url":"https:\/\/www.meydan.tv\/wp-content\/uploads\/457315930_523215180225451_4548869614615564304_n.jpg","contentUrl":"https:\/\/www.meydan.tv\/wp-content\/uploads\/457315930_523215180225451_4548869614615564304_n.jpg","width":1200,"height":833,"caption":"Foto: Cavid A\u011fan\u0131n \u015f\u0259xsi arxivind\u0259n"},{"@type":"BreadcrumbList","@id":"https:\/\/www.meydan.tv\/az\/article\/daha-bir-ictimai-feal-behruz-semedova-gore-ifade-verdiyini-deyir\/#breadcrumb","itemListElement":[{"@type":"ListItem","position":1,"name":"Ana s\u0259hif\u0259","item":"https:\/\/www.meydan.tv\/az\/"},{"@type":"ListItem","position":2,"name":"Siyas\u0259t","item":"https:\/\/www.meydan.tv\/az\/section\/siyaset\/"},{"@type":"ListItem","position":3,"name":"Daha bir ictimai f\u0259al B\u0259hruz S\u0259m\u0259dova g\u00f6r\u0259 ifad\u0259 verdiyini deyir"}]},{"@type":"WebSite","@id":"https:\/\/www.meydan.tv\/az\/#website","url":"https:\/\/www.meydan.tv\/az\/","name":"MEYDAN.TV","description":"Meydan TV Az\u0259rbaycan\u0131n media m\u0259kan\u0131ndak\u0131 alternativ s\u0259sidir","publisher":{"@id":"https:\/\/www.meydan.tv\/az\/#organization"},"potentialAction":[{"@type":"SearchAction","target":{"@type":"EntryPoint","urlTemplate":"https:\/\/www.meydan.tv\/az\/?s={search_term_string}"},"query-input":{"@type":"PropertyValueSpecification","valueRequired":true,"valueName":"search_term_string"}}],"inLanguage":"az"},{"@type":"Organization","@id":"https:\/\/www.meydan.tv\/az\/#organization","name":"Meydan TV","url":"https:\/\/www.meydan.tv\/az\/","logo":{"@type":"ImageObject","inLanguage":"az","@id":"https:\/\/www.meydan.tv\/az\/#\/schema\/logo\/image\/","url":"https:\/\/www.meydan.tv\/wp-content\/uploads\/2021\/07\/meydan-logo.svg","contentUrl":"https:\/\/www.meydan.tv\/wp-content\/uploads\/2021\/07\/meydan-logo.svg","width":195,"height":46,"caption":"Meydan TV"},"image":{"@id":"https:\/\/www.meydan.tv\/az\/#\/schema\/logo\/image\/"}},{"@type":"Person","@id":"https:\/\/www.meydan.tv\/az\/#\/schema\/person\/9cdbecf90d17180ce1dfbd95b08dcf47","name":"elli","sameAs":["https:\/\/x.com\/elli"]}]}},"_links":{"self":[{"href":"https:\/\/www.meydan.tv\/az\/wp-json\/wp\/v2\/posts\/313885","targetHints":{"allow":["GET"]}}],"collection":[{"href":"https:\/\/www.meydan.tv\/az\/wp-json\/wp\/v2\/posts"}],"about":[{"href":"https:\/\/www.meydan.tv\/az\/wp-json\/wp\/v2\/types\/post"}],"author":[{"embeddable":true,"href":"https:\/\/www.meydan.tv\/az\/wp-json\/wp\/v2\/users\/8"}],"replies":[{"embeddable":true,"href":"https:\/\/www.meydan.tv\/az\/wp-json\/wp\/v2\/comments?post=313885"}],"version-history":[{"count":1,"href":"https:\/\/www.meydan.tv\/az\/wp-json\/wp\/v2\/posts\/313885\/revisions"}],"predecessor-version":[{"id":313889,"href":"https:\/\/www.meydan.tv\/az\/wp-json\/wp\/v2\/posts\/313885\/revisions\/313889"}],"wp:featuredmedia":[{"embeddable":true,"href":"https:\/\/www.meydan.tv\/az\/wp-json\/wp\/v2\/media\/313886"}],"wp:attachment":[{"href":"https:\/\/www.meydan.tv\/az\/wp-json\/wp\/v2\/media?parent=313885"}],"wp:term":[{"taxonomy":"category","embeddable":true,"href":"https:\/\/www.meydan.tv\/az\/wp-json\/wp\/v2\/categories?post=313885"},{"taxonomy":"post_tag","embeddable":true,"href":"https:\/\/www.meydan.tv\/az\/wp-json\/wp\/v2\/tags?post=313885"}],"curies":[{"name":"wp","href":"https:\/\/api.w.org\/{rel}","templated":true}]}}