{"id":313847,"date":"2024-08-27T17:50:48","date_gmt":"2024-08-27T13:50:48","guid":{"rendered":"https:\/\/www.meydan.tv\/?p=313847"},"modified":"2024-08-27T17:50:51","modified_gmt":"2024-08-27T13:50:51","slug":"terter-sakini-bacimin-olumune-sebeb-olan-hekimi-qoruyurlar","status":"publish","type":"post","link":"https:\/\/www.meydan.tv\/az\/article\/terter-sakini-bacimin-olumune-sebeb-olan-hekimi-qoruyurlar\/","title":{"rendered":"T\u0259rt\u0259r sakini: \u201cBac\u0131m\u0131n \u00f6l\u00fcm\u00fcn\u0259 s\u0259b\u0259b olan h\u0259kimi qoruyurlar\u201d"},"content":{"rendered":"\n<p><\/p>\n\n\n\n<p><strong><em>33 ya\u015fl\u0131 Sevda Ab\u0131\u015fovan\u0131n \u00f6l\u00fcm\u00fcnd\u0259 h\u0259kim s\u0259hl\u0259nkarl\u0131\u011f\u0131 bar\u0259d\u0259 ekspert r\u0259yl\u0259ri olsa da, prokurorluq cinay\u0259t i\u015fin\u0259 xitam verib<\/em><\/strong><\/p>\n\n\n\n<p>T\u0259rt\u0259r sakini Sevda Ab\u0131\u015fova ilyar\u0131m \u00f6nc\u0259 G\u0259nc\u0259 Beyn\u0259lxalq X\u0259st\u0259xanas\u0131nda diz \u0259m\u0259liyyat\u0131 ke\u00e7irib v\u0259 ert\u0259si g\u00fcn h\u0259yat\u0131n\u0131 itirib. Ail\u0259 \u00fczvl\u0259ri deyir ki, 5 v\u0259 8 ya\u015flar\u0131nda iki azya\u015fl\u0131n\u0131n anas\u0131z qalmas\u0131n\u0131n s\u0259b\u0259bi h\u0259kim s\u0259hl\u0259nkarl\u0131\u011f\u0131 olub.<\/p>\n\n\n\n<p><strong>\u201c\u0130st\u0259yir\u0259m ki, he\u00e7 olmasa, ba\u015fqa u\u015faqlar anas\u0131z qalmas\u0131n\u201d<\/strong><\/p>\n\n\n\n<p>Qarda\u015f\u0131 Emin \u018fliyev Meydan TV-y\u0259 dan\u0131\u015f\u0131r ki, \u0259ll\u0259rind\u0259 bac\u0131s\u0131n\u0131n \u00f6l\u00fcm\u00fcn\u0259 h\u0259kim s\u0259hl\u0259nkarl\u0131\u011f\u0131n\u0131n s\u0259b\u0259b oldu\u011funu s\u00fcbut ed\u0259n ekspertiza r\u0259yl\u0259ri var. Buna baxmayaraq, G\u0259nc\u0259 \u015e\u0259h\u0259r Prokurorlu\u011fu h\u0259min r\u0259yl\u0259ri s\u00fcbut kimi q\u0259bul etm\u0259kd\u0259n imtina edir. H\u0259r\u00e7\u0259nd, o r\u0259yl\u0259rin \u00f6z\u00fc d\u0259 prokurorlu\u011fun \u00f6z\u00fcn\u00fcn t\u0259yin etdiyi ekspertizalar n\u0259tic\u0259sind\u0259 verilib:<\/p>\n\n\n\n<p><em>\u201cH\u0259kimi a\u00e7\u0131q-a\u015fkar \u015f\u0259kild\u0259 c\u0259zaland\u0131rmaq ist\u0259mirl\u0259r, m\u0259suliyy\u0259td\u0259n k\u0259narda saxlay\u0131rlar. M\u0259n d\u0259 bilir\u0259m ki, h\u0259tta c\u0259zalansa bel\u0259, bac\u0131m geri qay\u0131tmayacaq. Amma ist\u0259yir\u0259m ki, he\u00e7 olmasa, bel\u0259 s\u0259hl\u0259nkarl\u0131q, m\u0259suliyy\u0259tsizlik n\u0259tic\u0259sind\u0259 ba\u015fqalar\u0131n\u0131n bac\u0131s\u0131 \u00f6lm\u0259sin, ba\u015fqa u\u015faqlar anas\u0131z qalmas\u0131n. H\u0259m d\u0259 bel\u0259 bir \u0259m\u0259li t\u00f6r\u0259d\u0259n niy\u0259 c\u0259zas\u0131z qalmal\u0131d\u0131r?\u201d.<\/em><\/p>\n\n\n\n<p>34 ya\u015fl\u0131 Sevda Ab\u0131\u015fovaya \u00f6t\u0259n ilin mart\u0131nda \u201ch\u0259r iki dizin menisk y\u0131rt\u0131\u011f\u0131\u201d diaqnozu qoyulub. Mart\u0131n 4-d\u0259 \u201cdizin oraqvari q\u0131\u011f\u0131rda\u011f\u0131n\u0131n k\u0259sikl\u0259 \u00e7\u0131xar\u0131lmas\u0131\u201d \u0259m\u0259liyyat\u0131 ke\u00e7irilib.<\/p>\n\n\n\n<p>Emin \u018fliyev deyir ki, bac\u0131s\u0131n\u0131 \u0259m\u0259liyyat el\u0259y\u0259n h\u0259kim \u0130ltifat H\u00fcseynov prosesin u\u011furlu ke\u00e7diyini bildirib. Onlar\u0131 arxay\u0131n sal\u0131b ki, Sevdan\u0131n v\u0259ziyy\u0259ti yax\u015f\u0131d\u0131r, ev\u0259 ged\u0259 bil\u0259rl\u0259r, ert\u0259si g\u00fcn d\u0259 g\u0259lib x\u0259st\u0259xanadan \u00e7\u0131xararlar:<\/p>\n\n\n\n<p><em>\u201cS\u0259h\u0259r tezd\u0259n saat 8 rad\u0259l\u0259rind\u0259 z\u0259ng el\u0259dil\u0259r ki, \u201cv\u0259ziyy\u0259ti a\u011f\u0131rd\u0131r, x\u0259st\u0259xanaya g\u0259lin\u201d. G\u0259ldim, reanimasiyada dedil\u0259r ki, art\u0131q ke\u00e7inib. T\u0259l\u0259b el\u0259dim ki, h\u00fcquq-m\u00fchafiz\u0259 orqanlar\u0131na m\u0259lumat verilsin. Diz \u0259m\u0259liyyat\u0131 n\u0259dir ki, ondan adam \u00f6ls\u00fcn? \u00d6z\u00fcm d\u0259 \u201c102\u201dy\u0259 z\u0259ng el\u0259dim\u201d.<\/em><\/p>\n\n\n\n<p><strong>M\u0259hk\u0259m\u0259 prokurorlu\u011fun q\u0259rar\u0131n\u0131 l\u0259\u011fv edib, i\u015fi yenid\u0259n ara\u015fd\u0131rmaya g\u00f6nd\u0259rib<\/strong><\/p>\n\n\n\n<p>\u018fm\u0259liyyat\u0131n ert\u0259si g\u00fcn s\u0259h\u0259r saat 7 rad\u0259l\u0259rind\u0259 tibb bac\u0131s\u0131 Sevda Ab\u0131\u015fovan\u0131 g\u0259zdir\u0259nd\u0259 o, \u00f6z\u00fcn\u00fc pis hiss el\u0259diyini deyib. V\u0259ziyy\u0259ti pisl\u0259\u015fdiyin\u0259 g\u00f6r\u0259 reanimasiya \u015f\u00f6b\u0259sin\u0259 yerl\u0259\u015fdirils\u0259 d\u0259, t\u0259xmin\u0259n 1 saat sonra orada v\u0259fat edib.<\/p>\n\n\n\n<p>Sevda Ab\u0131\u015fovan\u0131n \u00f6l\u00fcm fakt\u0131 il\u0259 \u0259laq\u0259dar G\u0259nc\u0259 \u015e\u0259h\u0259r Prokurorlu\u011funda \u0259vv\u0259l Cinay\u0259t M\u0259c\u0259ll\u0259sinin 124.1 (ehtiyats\u0131zl\u0131qdan adam \u00f6ld\u00fcrm\u0259) madd\u0259sil\u0259 cinay\u0259t i\u015fi ba\u015flan\u0131b. Oktyabr\u0131n 18-d\u0259 ba\u015flanan bu cinay\u0259t i\u015fi \u00fczr\u0259 icraat iki ay sonra dayand\u0131r\u0131l\u0131b. T\u0259xmin\u0259n bir ay sonra \u2013 2024-c\u00fc ilin yanvar\u0131nda icraat t\u0259z\u0259l\u0259nib v\u0259 Cinay\u0259t M\u0259c\u0259ll\u0259sinin 314.2 (s\u0259hl\u0259nkarl\u0131q \u2013 ehtiyats\u0131zl\u0131qdan z\u0259r\u0259r\u00e7\u0259kmi\u015fin \u00f6l\u00fcm\u00fcn\u0259 v\u0259 dig\u0259r a\u011f\u0131r n\u0259tic\u0259l\u0259r\u0259 s\u0259b\u0259b olduqda) madd\u0259sin\u0259 t\u00f6vsif olunub.<\/p>\n\n\n\n<p>Mart\u0131n 31-d\u0259 is\u0259 G\u0259nc\u0259 \u015e\u0259h\u0259r Prokurorlu\u011fu \u00fcmumiyy\u0259tl\u0259, cinay\u0259t i\u015fin\u0259 xitam verilm\u0259si bar\u0259d\u0259 q\u0259rar q\u0259bul edib.<\/p>\n\n\n\n<p>Bir il davam ed\u0259n istintaq m\u00fcdd\u0259tind\u0259 \u00fc\u00e7 d\u0259f\u0259 ekspertiza t\u0259yin edilib. H\u0259r \u00fc\u00e7\u00fcnd\u0259 d\u0259 ekspertl\u0259r r\u0259y verib ki, ke\u00e7irilmi\u015f \u0259m\u0259liyyatla \u00f6l\u00fcm aras\u0131nda \u0259laq\u0259 var. \u00d6l\u00fcm\u00fcn s\u0259b\u0259bi a\u011fciy\u0259r arteriyalar\u0131n\u0131n tromboemboliyas\u0131 olub. Buna da g\u0259tirib \u00e7\u0131xaran amill\u0259r var &#8211; \u0259m\u0259liyyatdan \u0259vv\u0259l v\u0259 sonra tromboemboliyan\u0131n profilaktikas\u0131 tam apar\u0131lmamas\u0131, yet\u0259rli dozada qandurulducu vurulmamas\u0131, ayaqlara bandaj &#8211; elastik bint ba\u011flanmamas\u0131, v\u0259ziyy\u0259ti pisl\u0259\u015f\u0259nd\u0259n sonra apar\u0131lm\u0131\u015f reanimasyon t\u0259dbirl\u0259rin t\u0259limat qaydalar\u0131na uy\u011fun olmamas\u0131. <\/p>\n\n\n\n<p>Ekspertl\u0259r vur\u011fulay\u0131b ki, buna m\u0259sul \u015f\u0259xsl\u0259r d\u0259 m\u00fcalic\u0259 h\u0259kimi, h\u0259kim-travmatoloq v\u0259 h\u0259kim-anestezioloq-reanimotoloqdur.<\/p>\n\n\n\n<p>Amma G\u0259nc\u0259 \u015e\u0259h\u0259r Prokurorlu\u011funun m\u00fcst\u0259ntiqi H\u0259s\u0259n H\u0259s\u0259nli ekspert r\u0259yl\u0259rini s\u00fcbut kimi q\u0259bul el\u0259m\u0259yib. M\u00fcst\u0259ntiq iddia edir ki, ekspertiza r\u0259yl\u0259ri ba\u015fqa s\u00fcbutlarla t\u0259sdiqini tapm\u0131r.<\/p>\n\n\n<div class=\"wp-block-image\">\n<figure class=\"aligncenter size-full is-resized\"><img decoding=\"async\" width=\"683\" height=\"378\" data-src=\"https:\/\/www.meydan.tv\/wp-content\/uploads\/screenshot_2-47.png\" alt=\"\" class=\"wp-image-313850 lazyload\" style=\"--smush-placeholder-width: 683px; --smush-placeholder-aspect-ratio: 683\/378;width:802px;height:auto\" src=\"data:image\/svg+xml;base64,PHN2ZyB3aWR0aD0iMSIgaGVpZ2h0PSIxIiB4bWxucz0iaHR0cDovL3d3dy53My5vcmcvMjAwMC9zdmciPjwvc3ZnPg==\" \/><figcaption class=\"wp-element-caption\">Foto-kollaj: Meydan TV<\/figcaption><\/figure>\n<\/div>\n\n\n<p>\u0130stintaqda z\u0259r\u0259r\u00e7\u0259kmi\u015fin h\u00fcquqi varisi kimi tan\u0131nan Emin \u018fliyev deyir ki, cinay\u0259t i\u015fin\u0259 xitam verilm\u0259si bar\u0259d\u0259 ona vaxt\u0131nda m\u0259lumat verilm\u0259yib. Onu \u0259min el\u0259yibl\u0259r ki, istintaq ba\u015fa \u00e7atandan sonra i\u015f m\u0259hk\u0259m\u0259y\u0259 g\u00f6nd\u0259ril\u0259c\u0259k. G\u00fcn\u00fcn birind\u0259 is\u0259 x\u0259b\u0259r tutub ki, mart\u0131n 31-d\u0259 cinay\u0259t i\u015fin\u0259 xitam verilib.<\/p>\n\n\n\n<p>Emin \u018fliyev prokurorlu\u011fun xitam q\u0259rar\u0131n\u0131n l\u0259\u011fvi \u00fc\u00e7\u00fcn m\u0259hk\u0259m\u0259y\u0259 \u00fcz tutub. G\u0259nc\u0259 \u015e\u0259h\u0259r M\u0259hk\u0259m\u0259si onun \u015fikay\u0259tin\u0259 bax\u0131b, xitam q\u0259rar\u0131n\u0131 ver\u0259n m\u00fcst\u0259ntiqi d\u0259 dindirib. M\u00fcst\u0259ntiq q\u0259rar\u0131n\u0131 m\u0259hk\u0259m\u0259d\u0259 d\u0259 m\u00fcdafi\u0259 edib.<\/p>\n\n\n\n<p>\u0130yulun 16-da hakim Elxan \u018flizad\u0259 prokurorlu\u011fun q\u0259rar\u0131n\u0131 l\u0259\u011fv edib v\u0259 bu i\u015fi yenid\u0259n ara\u015fd\u0131rmaq \u00fc\u00e7\u00fcn prokurorlu\u011fa qaytar\u0131b.<\/p>\n\n\n\n<p><strong>\u201c\u0130ki d\u0259f\u0259 Ba\u015f prokurorun q\u0259bulunda olmu\u015fam\u201d<\/strong><\/p>\n\n\n\n<p><em>\u201cM\u0259hk\u0259m\u0259 xitam q\u0259rar\u0131n\u0131 l\u0259\u011fv edib, i\u015fi prokurorlu\u011fa qaytarsa da, yeni ara\u015fd\u0131rma bar\u0259d\u0259 bizd\u0259 he\u00e7 bir m\u0259lumat yoxdur. Ehtiyat edir\u0259m ki, \u0259vv\u0259lki kimi, yen\u0259 d\u0259 \u0259dal\u0259tsiz yana\u015farlar, i\u015fi d\u00fczg\u00fcn ara\u015fd\u0131rmazlar. \u0130ki d\u0259f\u0259 Ba\u015f prokuror Kamran \u018fliyevin q\u0259bulunda olmu\u015fam \u2013 bir d\u0259f\u0259 Beyl\u0259qanda, bir d\u0259f\u0259 d\u0259 T\u0259rt\u0259rd\u0259. Respublika Prokurorlu\u011funda idar\u0259 r\u0259isi Fazil H\u0259s\u0259n\u0259liyevin, G\u0259nc\u0259nin prokuroru Azad Qarayevin q\u0259bulunda olmu\u015fam. M\u0259n h\u0259l\u0259 orta savadl\u0131 adamam, o ekspertiza r\u0259yl\u0259rini oxuyanda g\u00f6r\u00fcn\u00fcr ki, h\u0259kim s\u0259hvin\u0259 g\u00f6r\u0259 olub bu hadis\u0259. H\u0259kimi qoruyurlar. H\u0259r yerd\u0259 adam\u0131 var. DTX-n\u0131n x\u0259st\u0259xanas\u0131nda i\u015fl\u0259yir\u201d,<\/em> &#8211; Emin \u018fliyev bildirib<\/p>\n\n\n\n<p>\u018fm\u0259liyyat\u0131 h\u0259yata ke\u00e7irmi\u015f h\u0259kim-travmatoloq \u0130ltifat H\u00fcseynov D\u00f6vl\u0259t T\u0259hl\u00fck\u0259sizliyi Xidm\u0259tinin (DTX) H\u0259rbi Hospital\u0131nda \u00e7al\u0131\u015f\u0131r. O, h\u0259m d\u0259 G\u0259nc\u0259 Beyn\u0259lxalq X\u0259st\u0259xanas\u0131 il\u0259 r\u0259smi m\u00fcqavil\u0259 il\u0259 \u0259m\u0259kda\u015fl\u0131q edib.<\/p>\n\n\n\n<p>\u0130ltifat H\u00fcseynov Sevda Ab\u0131\u015fovan\u0131n \u00f6l\u00fcm\u00fcnd\u0259 \u00f6z\u00fcn\u00fc g\u00fcnahkar saym\u0131r. O bildirib ki, \u0259m\u0259liyyat f\u0259sads\u0131z ke\u00e7ib. \u018fm\u0259liyyatdan sonra ay\u0131landa g\u00f6st\u0259ricil\u0259rin ham\u0131s\u0131 normal olub, palataya k\u00f6\u00e7\u00fcr\u00fcl\u00fcb, yax\u0131nlar\u0131 il\u0259 telefonla dan\u0131\u015f\u0131b:<\/p>\n\n\n\n<p><em>\u201cS\u0259h\u0259r saat 7-d\u0259 aya\u011fa qalx\u0131b, yeriyib. Bir m\u00fcdd\u0259t sonra tibb bac\u0131lar\u0131na \u00f6z\u00fcn\u00fc pis hiss el\u0259diyini deyib. Onu yerin\u0259 uzad\u0131blar, reanimotoloqa x\u0259b\u0259r veribl\u0259r. M\u0259n \u0259m\u0259liyyat zaman\u0131 hans\u0131sa s\u0259hv\u0259 yol verm\u0259mi\u015f\u0259m\u201d.<\/em><\/p>\n\n\n\n<p>Reanimotoluq Nail R\u0259c\u0259bov da bu hadis\u0259d\u0259 m\u0259suliyy\u0259tin m\u00fcalic\u0259 h\u0259kiminin \u00fcz\u0259rind\u0259 oldu\u011funu deyir. Onun s\u00f6zl\u0259rin\u0259 g\u00f6r\u0259, s\u0259h\u0259r saat 07.30 rad\u0259l\u0259rind\u0259 t\u0259cili stasionar \u015f\u00f6b\u0259y\u0259 \u00e7a\u011fr\u0131l\u0131b, bir g\u00fcn \u0259vv\u0259l dizind\u0259n \u0259m\u0259liyyat olunan pasiyentin v\u0259ziyy\u0259tinin pisl\u0259\u015fdiyi bildirilib. Sevda Ab\u0131\u015fovada t\u0259ngn\u0259f\u0259slik, bo\u011fulma yaran\u0131b, \u00fcz\u00fcnd\u0259 g\u00f6y\u0259rm\u0259l\u0259r \u0259m\u0259l\u0259 g\u0259lib:<\/p>\n\n\n\n<p><em>\u201cT\u0259cili reanimasiya \u015f\u00f6b\u0259sin\u0259 g\u0259tirildi, s\u00fcni t\u0259n\u0259ff\u00fcs aparat\u0131na qo\u015fduq. Stasionar \u015f\u00f6b\u0259y\u0259 g\u0259lib ona baxanda ayaqlar\u0131nda elastik bint yox idi. H\u0259min vaxt art\u0131q tromb a\u011fciy\u0259r\u0259 vurdu\u011funa v\u0259 v\u0259ziyy\u0259ti a\u011f\u0131rla\u015fd\u0131\u011f\u0131na g\u00f6r\u0259 bundan sonra elastik corab k\u00f6m\u0259k el\u0259y\u0259 bilm\u0259zdi. \u018fm\u0259liyyat\u0131 el\u0259y\u0259n h\u0259kim \u00f6z\u00fc d\u0259rhal sonra bunu el\u0259m\u0259li idi. \u018fm\u0259liyyatdan sonra x\u0259st\u0259 h\u0259r\u0259k\u0259tsiz qald\u0131\u011f\u0131na g\u00f6r\u0259 a\u015fa\u011f\u0131 \u0259traflarda trombun \u0259m\u0259l\u0259 g\u0259lm\u0259sinin qar\u015f\u0131s\u0131n\u0131 almaq \u00fc\u00e7\u00fcn elastik corab geyindirilm\u0259li idi\u201d.<\/em><\/p>\n\n\n\n<p>Tibb bac\u0131s\u0131 M\u0259l\u0259k Quliyeva is\u0259 iddia edir ki, Sevda Ab\u0131\u015fovan\u0131n ayaqlar\u0131na elastik bint ba\u011flanm\u0131\u015fd\u0131.<br>Amma z\u0259r\u0259r\u00e7\u0259kmi\u015f t\u0259r\u0259f buna inanm\u0131r. Onlar hesab edir ki, tibb bac\u0131s\u0131 h\u0259kimi qorumaq \u00fc\u00e7\u00fcn bel\u0259 ifad\u0259 verir.<\/p>\n","protected":false},"excerpt":{"rendered":"<p>33 ya\u015fl\u0131 Sevda Ab\u0131\u015fovan\u0131n \u00f6l\u00fcm\u00fcnd\u0259 h\u0259kim s\u0259hl\u0259nkarl\u0131\u011f\u0131 bar\u0259d\u0259 ekspert r\u0259yl\u0259ri &#8230; <\/p>\n<p class=\"read-more-container\"><a title=\"T\u0259rt\u0259r sakini: \u201cBac\u0131m\u0131n \u00f6l\u00fcm\u00fcn\u0259 s\u0259b\u0259b olan h\u0259kimi qoruyurlar\u201d\" class=\"read-more button\" href=\"https:\/\/www.meydan.tv\/az\/article\/terter-sakini-bacimin-olumune-sebeb-olan-hekimi-qoruyurlar\/#more-313847\" aria-label=\"Read more about T\u0259rt\u0259r sakini: \u201cBac\u0131m\u0131n \u00f6l\u00fcm\u00fcn\u0259 s\u0259b\u0259b olan h\u0259kimi qoruyurlar\u201d\">Davam\u0131<\/a><\/p>\n","protected":false},"author":8,"featured_media":313853,"comment_status":"closed","ping_status":"closed","sticky":false,"template":"","format":"standard","meta":{"_acf_changed":false,"_sitemap_exclude":false,"_sitemap_priority":"","_sitemap_frequency":"","footnotes":""},"categories":[62,56],"tags":[],"class_list":["post-313847","post","type-post","status-publish","format-standard","has-post-thumbnail","hentry","category-sosial","category-xeberler","infinite-scroll-item","generate-columns","tablet-grid-50","mobile-grid-100","grid-parent","grid-33","no-featured-image-padding"],"acf":[],"yoast_head":"<!-- This site is optimized with the Yoast SEO plugin v27.5 - https:\/\/yoast.com\/product\/yoast-seo-wordpress\/ -->\n<title>T\u0259rt\u0259r sakini: \u201cBac\u0131m\u0131n \u00f6l\u00fcm\u00fcn\u0259 s\u0259b\u0259b olan h\u0259kimi qoruyurlar\u201d - MEYDAN.TV<\/title>\n<meta name=\"description\" content=\"V\u0259ziyy\u0259ti pisl\u0259\u015fdiyin\u0259 g\u00f6r\u0259 reanimasiya \u015f\u00f6b\u0259sin\u0259 yerl\u0259\u015fdirils\u0259 d\u0259, t\u0259xmin\u0259n 1 saat sonra orada v\u0259fat edib.\" \/>\n<meta name=\"robots\" content=\"index, follow, max-snippet:-1, max-image-preview:large, max-video-preview:-1\" \/>\n<link rel=\"canonical\" href=\"https:\/\/www.meydan.tv\/az\/article\/terter-sakini-bacimin-olumune-sebeb-olan-hekimi-qoruyurlar\/\" \/>\n<meta property=\"og:locale\" content=\"az_AZ\" \/>\n<meta property=\"og:type\" content=\"article\" \/>\n<meta property=\"og:title\" content=\"T\u0259rt\u0259r sakini: \u201cBac\u0131m\u0131n \u00f6l\u00fcm\u00fcn\u0259 s\u0259b\u0259b olan h\u0259kimi qoruyurlar\u201d - MEYDAN.TV\" \/>\n<meta property=\"og:description\" content=\"V\u0259ziyy\u0259ti pisl\u0259\u015fdiyin\u0259 g\u00f6r\u0259 reanimasiya \u015f\u00f6b\u0259sin\u0259 yerl\u0259\u015fdirils\u0259 d\u0259, t\u0259xmin\u0259n 1 saat sonra orada v\u0259fat edib.\" \/>\n<meta property=\"og:url\" content=\"https:\/\/www.meydan.tv\/az\/article\/terter-sakini-bacimin-olumune-sebeb-olan-hekimi-qoruyurlar\/\" \/>\n<meta property=\"og:site_name\" content=\"MEYDAN.TV\" \/>\n<meta property=\"article:published_time\" content=\"2024-08-27T13:50:48+00:00\" \/>\n<meta property=\"article:modified_time\" content=\"2024-08-27T13:50:51+00:00\" \/>\n<meta property=\"og:image\" content=\"https:\/\/www.meydan.tv\/wp-content\/uploads\/about.jpg\" \/>\n\t<meta property=\"og:image:width\" content=\"1700\" \/>\n\t<meta property=\"og:image:height\" content=\"648\" \/>\n\t<meta property=\"og:image:type\" content=\"image\/jpeg\" \/>\n<meta name=\"author\" content=\"elli\" \/>\n<meta name=\"twitter:card\" content=\"summary_large_image\" \/>\n<meta name=\"twitter:creator\" content=\"@elli\" \/>\n<script type=\"application\/ld+json\" class=\"yoast-schema-graph\">{\"@context\":\"https:\\\/\\\/schema.org\",\"@graph\":[{\"@type\":\"Article\",\"@id\":\"https:\\\/\\\/www.meydan.tv\\\/az\\\/article\\\/terter-sakini-bacimin-olumune-sebeb-olan-hekimi-qoruyurlar\\\/#article\",\"isPartOf\":{\"@id\":\"https:\\\/\\\/www.meydan.tv\\\/az\\\/article\\\/terter-sakini-bacimin-olumune-sebeb-olan-hekimi-qoruyurlar\\\/\"},\"author\":{\"name\":\"elli\",\"@id\":\"https:\\\/\\\/www.meydan.tv\\\/az\\\/#\\\/schema\\\/person\\\/9cdbecf90d17180ce1dfbd95b08dcf47\"},\"headline\":\"T\u0259rt\u0259r sakini: \u201cBac\u0131m\u0131n \u00f6l\u00fcm\u00fcn\u0259 s\u0259b\u0259b olan h\u0259kimi qoruyurlar\u201d\",\"datePublished\":\"2024-08-27T13:50:48+00:00\",\"dateModified\":\"2024-08-27T13:50:51+00:00\",\"mainEntityOfPage\":{\"@id\":\"https:\\\/\\\/www.meydan.tv\\\/az\\\/article\\\/terter-sakini-bacimin-olumune-sebeb-olan-hekimi-qoruyurlar\\\/\"},\"wordCount\":1525,\"publisher\":{\"@id\":\"https:\\\/\\\/www.meydan.tv\\\/az\\\/#organization\"},\"image\":{\"@id\":\"https:\\\/\\\/www.meydan.tv\\\/az\\\/article\\\/terter-sakini-bacimin-olumune-sebeb-olan-hekimi-qoruyurlar\\\/#primaryimage\"},\"thumbnailUrl\":\"https:\\\/\\\/www.meydan.tv\\\/wp-content\\\/uploads\\\/about.jpg\",\"articleSection\":[\"Sosial\",\"X\u0259b\u0259rl\u0259r\"],\"inLanguage\":\"az\"},{\"@type\":\"WebPage\",\"@id\":\"https:\\\/\\\/www.meydan.tv\\\/az\\\/article\\\/terter-sakini-bacimin-olumune-sebeb-olan-hekimi-qoruyurlar\\\/\",\"url\":\"https:\\\/\\\/www.meydan.tv\\\/az\\\/article\\\/terter-sakini-bacimin-olumune-sebeb-olan-hekimi-qoruyurlar\\\/\",\"name\":\"T\u0259rt\u0259r sakini: \u201cBac\u0131m\u0131n \u00f6l\u00fcm\u00fcn\u0259 s\u0259b\u0259b olan h\u0259kimi qoruyurlar\u201d - MEYDAN.TV\",\"isPartOf\":{\"@id\":\"https:\\\/\\\/www.meydan.tv\\\/az\\\/#website\"},\"primaryImageOfPage\":{\"@id\":\"https:\\\/\\\/www.meydan.tv\\\/az\\\/article\\\/terter-sakini-bacimin-olumune-sebeb-olan-hekimi-qoruyurlar\\\/#primaryimage\"},\"image\":{\"@id\":\"https:\\\/\\\/www.meydan.tv\\\/az\\\/article\\\/terter-sakini-bacimin-olumune-sebeb-olan-hekimi-qoruyurlar\\\/#primaryimage\"},\"thumbnailUrl\":\"https:\\\/\\\/www.meydan.tv\\\/wp-content\\\/uploads\\\/about.jpg\",\"datePublished\":\"2024-08-27T13:50:48+00:00\",\"dateModified\":\"2024-08-27T13:50:51+00:00\",\"description\":\"V\u0259ziyy\u0259ti pisl\u0259\u015fdiyin\u0259 g\u00f6r\u0259 reanimasiya \u015f\u00f6b\u0259sin\u0259 yerl\u0259\u015fdirils\u0259 d\u0259, t\u0259xmin\u0259n 1 saat sonra orada v\u0259fat edib.\",\"breadcrumb\":{\"@id\":\"https:\\\/\\\/www.meydan.tv\\\/az\\\/article\\\/terter-sakini-bacimin-olumune-sebeb-olan-hekimi-qoruyurlar\\\/#breadcrumb\"},\"inLanguage\":\"az\",\"potentialAction\":[{\"@type\":\"ReadAction\",\"target\":[\"https:\\\/\\\/www.meydan.tv\\\/az\\\/article\\\/terter-sakini-bacimin-olumune-sebeb-olan-hekimi-qoruyurlar\\\/\"]}]},{\"@type\":\"ImageObject\",\"inLanguage\":\"az\",\"@id\":\"https:\\\/\\\/www.meydan.tv\\\/az\\\/article\\\/terter-sakini-bacimin-olumune-sebeb-olan-hekimi-qoruyurlar\\\/#primaryimage\",\"url\":\"https:\\\/\\\/www.meydan.tv\\\/wp-content\\\/uploads\\\/about.jpg\",\"contentUrl\":\"https:\\\/\\\/www.meydan.tv\\\/wp-content\\\/uploads\\\/about.jpg\",\"width\":1700,\"height\":648,\"caption\":\"Foto: G\u0259nc\u0259 Beyn\u0259lxalq X\u0259st\u0259xanas\u0131\"},{\"@type\":\"BreadcrumbList\",\"@id\":\"https:\\\/\\\/www.meydan.tv\\\/az\\\/article\\\/terter-sakini-bacimin-olumune-sebeb-olan-hekimi-qoruyurlar\\\/#breadcrumb\",\"itemListElement\":[{\"@type\":\"ListItem\",\"position\":1,\"name\":\"Ana s\u0259hif\u0259\",\"item\":\"https:\\\/\\\/www.meydan.tv\\\/az\\\/\"},{\"@type\":\"ListItem\",\"position\":2,\"name\":\"Sosial\",\"item\":\"https:\\\/\\\/www.meydan.tv\\\/az\\\/section\\\/sosial\\\/\"},{\"@type\":\"ListItem\",\"position\":3,\"name\":\"T\u0259rt\u0259r sakini: \u201cBac\u0131m\u0131n \u00f6l\u00fcm\u00fcn\u0259 s\u0259b\u0259b olan h\u0259kimi qoruyurlar\u201d\"}]},{\"@type\":\"WebSite\",\"@id\":\"https:\\\/\\\/www.meydan.tv\\\/az\\\/#website\",\"url\":\"https:\\\/\\\/www.meydan.tv\\\/az\\\/\",\"name\":\"MEYDAN.TV\",\"description\":\"Meydan TV Az\u0259rbaycan\u0131n media m\u0259kan\u0131ndak\u0131 alternativ s\u0259sidir\",\"publisher\":{\"@id\":\"https:\\\/\\\/www.meydan.tv\\\/az\\\/#organization\"},\"potentialAction\":[{\"@type\":\"SearchAction\",\"target\":{\"@type\":\"EntryPoint\",\"urlTemplate\":\"https:\\\/\\\/www.meydan.tv\\\/az\\\/?s={search_term_string}\"},\"query-input\":{\"@type\":\"PropertyValueSpecification\",\"valueRequired\":true,\"valueName\":\"search_term_string\"}}],\"inLanguage\":\"az\"},{\"@type\":\"Organization\",\"@id\":\"https:\\\/\\\/www.meydan.tv\\\/az\\\/#organization\",\"name\":\"Meydan TV\",\"url\":\"https:\\\/\\\/www.meydan.tv\\\/az\\\/\",\"logo\":{\"@type\":\"ImageObject\",\"inLanguage\":\"az\",\"@id\":\"https:\\\/\\\/www.meydan.tv\\\/az\\\/#\\\/schema\\\/logo\\\/image\\\/\",\"url\":\"https:\\\/\\\/www.meydan.tv\\\/wp-content\\\/uploads\\\/2021\\\/07\\\/meydan-logo.svg\",\"contentUrl\":\"https:\\\/\\\/www.meydan.tv\\\/wp-content\\\/uploads\\\/2021\\\/07\\\/meydan-logo.svg\",\"width\":195,\"height\":46,\"caption\":\"Meydan TV\"},\"image\":{\"@id\":\"https:\\\/\\\/www.meydan.tv\\\/az\\\/#\\\/schema\\\/logo\\\/image\\\/\"}},{\"@type\":\"Person\",\"@id\":\"https:\\\/\\\/www.meydan.tv\\\/az\\\/#\\\/schema\\\/person\\\/9cdbecf90d17180ce1dfbd95b08dcf47\",\"name\":\"elli\",\"sameAs\":[\"https:\\\/\\\/x.com\\\/elli\"]}]}<\/script>\n<!-- \/ Yoast SEO plugin. -->","yoast_head_json":{"title":"T\u0259rt\u0259r sakini: \u201cBac\u0131m\u0131n \u00f6l\u00fcm\u00fcn\u0259 s\u0259b\u0259b olan h\u0259kimi qoruyurlar\u201d - MEYDAN.TV","description":"V\u0259ziyy\u0259ti pisl\u0259\u015fdiyin\u0259 g\u00f6r\u0259 reanimasiya \u015f\u00f6b\u0259sin\u0259 yerl\u0259\u015fdirils\u0259 d\u0259, t\u0259xmin\u0259n 1 saat sonra orada v\u0259fat edib.","robots":{"index":"index","follow":"follow","max-snippet":"max-snippet:-1","max-image-preview":"max-image-preview:large","max-video-preview":"max-video-preview:-1"},"canonical":"https:\/\/www.meydan.tv\/az\/article\/terter-sakini-bacimin-olumune-sebeb-olan-hekimi-qoruyurlar\/","og_locale":"az_AZ","og_type":"article","og_title":"T\u0259rt\u0259r sakini: \u201cBac\u0131m\u0131n \u00f6l\u00fcm\u00fcn\u0259 s\u0259b\u0259b olan h\u0259kimi qoruyurlar\u201d - MEYDAN.TV","og_description":"V\u0259ziyy\u0259ti pisl\u0259\u015fdiyin\u0259 g\u00f6r\u0259 reanimasiya \u015f\u00f6b\u0259sin\u0259 yerl\u0259\u015fdirils\u0259 d\u0259, t\u0259xmin\u0259n 1 saat sonra orada v\u0259fat edib.","og_url":"https:\/\/www.meydan.tv\/az\/article\/terter-sakini-bacimin-olumune-sebeb-olan-hekimi-qoruyurlar\/","og_site_name":"MEYDAN.TV","article_published_time":"2024-08-27T13:50:48+00:00","article_modified_time":"2024-08-27T13:50:51+00:00","og_image":[{"width":1700,"height":648,"url":"https:\/\/www.meydan.tv\/wp-content\/uploads\/about.jpg","type":"image\/jpeg"}],"author":"elli","twitter_card":"summary_large_image","twitter_creator":"@elli","schema":{"@context":"https:\/\/schema.org","@graph":[{"@type":"Article","@id":"https:\/\/www.meydan.tv\/az\/article\/terter-sakini-bacimin-olumune-sebeb-olan-hekimi-qoruyurlar\/#article","isPartOf":{"@id":"https:\/\/www.meydan.tv\/az\/article\/terter-sakini-bacimin-olumune-sebeb-olan-hekimi-qoruyurlar\/"},"author":{"name":"elli","@id":"https:\/\/www.meydan.tv\/az\/#\/schema\/person\/9cdbecf90d17180ce1dfbd95b08dcf47"},"headline":"T\u0259rt\u0259r sakini: \u201cBac\u0131m\u0131n \u00f6l\u00fcm\u00fcn\u0259 s\u0259b\u0259b olan h\u0259kimi qoruyurlar\u201d","datePublished":"2024-08-27T13:50:48+00:00","dateModified":"2024-08-27T13:50:51+00:00","mainEntityOfPage":{"@id":"https:\/\/www.meydan.tv\/az\/article\/terter-sakini-bacimin-olumune-sebeb-olan-hekimi-qoruyurlar\/"},"wordCount":1525,"publisher":{"@id":"https:\/\/www.meydan.tv\/az\/#organization"},"image":{"@id":"https:\/\/www.meydan.tv\/az\/article\/terter-sakini-bacimin-olumune-sebeb-olan-hekimi-qoruyurlar\/#primaryimage"},"thumbnailUrl":"https:\/\/www.meydan.tv\/wp-content\/uploads\/about.jpg","articleSection":["Sosial","X\u0259b\u0259rl\u0259r"],"inLanguage":"az"},{"@type":"WebPage","@id":"https:\/\/www.meydan.tv\/az\/article\/terter-sakini-bacimin-olumune-sebeb-olan-hekimi-qoruyurlar\/","url":"https:\/\/www.meydan.tv\/az\/article\/terter-sakini-bacimin-olumune-sebeb-olan-hekimi-qoruyurlar\/","name":"T\u0259rt\u0259r sakini: \u201cBac\u0131m\u0131n \u00f6l\u00fcm\u00fcn\u0259 s\u0259b\u0259b olan h\u0259kimi qoruyurlar\u201d - MEYDAN.TV","isPartOf":{"@id":"https:\/\/www.meydan.tv\/az\/#website"},"primaryImageOfPage":{"@id":"https:\/\/www.meydan.tv\/az\/article\/terter-sakini-bacimin-olumune-sebeb-olan-hekimi-qoruyurlar\/#primaryimage"},"image":{"@id":"https:\/\/www.meydan.tv\/az\/article\/terter-sakini-bacimin-olumune-sebeb-olan-hekimi-qoruyurlar\/#primaryimage"},"thumbnailUrl":"https:\/\/www.meydan.tv\/wp-content\/uploads\/about.jpg","datePublished":"2024-08-27T13:50:48+00:00","dateModified":"2024-08-27T13:50:51+00:00","description":"V\u0259ziyy\u0259ti pisl\u0259\u015fdiyin\u0259 g\u00f6r\u0259 reanimasiya \u015f\u00f6b\u0259sin\u0259 yerl\u0259\u015fdirils\u0259 d\u0259, t\u0259xmin\u0259n 1 saat sonra orada v\u0259fat edib.","breadcrumb":{"@id":"https:\/\/www.meydan.tv\/az\/article\/terter-sakini-bacimin-olumune-sebeb-olan-hekimi-qoruyurlar\/#breadcrumb"},"inLanguage":"az","potentialAction":[{"@type":"ReadAction","target":["https:\/\/www.meydan.tv\/az\/article\/terter-sakini-bacimin-olumune-sebeb-olan-hekimi-qoruyurlar\/"]}]},{"@type":"ImageObject","inLanguage":"az","@id":"https:\/\/www.meydan.tv\/az\/article\/terter-sakini-bacimin-olumune-sebeb-olan-hekimi-qoruyurlar\/#primaryimage","url":"https:\/\/www.meydan.tv\/wp-content\/uploads\/about.jpg","contentUrl":"https:\/\/www.meydan.tv\/wp-content\/uploads\/about.jpg","width":1700,"height":648,"caption":"Foto: G\u0259nc\u0259 Beyn\u0259lxalq X\u0259st\u0259xanas\u0131"},{"@type":"BreadcrumbList","@id":"https:\/\/www.meydan.tv\/az\/article\/terter-sakini-bacimin-olumune-sebeb-olan-hekimi-qoruyurlar\/#breadcrumb","itemListElement":[{"@type":"ListItem","position":1,"name":"Ana s\u0259hif\u0259","item":"https:\/\/www.meydan.tv\/az\/"},{"@type":"ListItem","position":2,"name":"Sosial","item":"https:\/\/www.meydan.tv\/az\/section\/sosial\/"},{"@type":"ListItem","position":3,"name":"T\u0259rt\u0259r sakini: \u201cBac\u0131m\u0131n \u00f6l\u00fcm\u00fcn\u0259 s\u0259b\u0259b olan h\u0259kimi qoruyurlar\u201d"}]},{"@type":"WebSite","@id":"https:\/\/www.meydan.tv\/az\/#website","url":"https:\/\/www.meydan.tv\/az\/","name":"MEYDAN.TV","description":"Meydan TV Az\u0259rbaycan\u0131n media m\u0259kan\u0131ndak\u0131 alternativ s\u0259sidir","publisher":{"@id":"https:\/\/www.meydan.tv\/az\/#organization"},"potentialAction":[{"@type":"SearchAction","target":{"@type":"EntryPoint","urlTemplate":"https:\/\/www.meydan.tv\/az\/?s={search_term_string}"},"query-input":{"@type":"PropertyValueSpecification","valueRequired":true,"valueName":"search_term_string"}}],"inLanguage":"az"},{"@type":"Organization","@id":"https:\/\/www.meydan.tv\/az\/#organization","name":"Meydan TV","url":"https:\/\/www.meydan.tv\/az\/","logo":{"@type":"ImageObject","inLanguage":"az","@id":"https:\/\/www.meydan.tv\/az\/#\/schema\/logo\/image\/","url":"https:\/\/www.meydan.tv\/wp-content\/uploads\/2021\/07\/meydan-logo.svg","contentUrl":"https:\/\/www.meydan.tv\/wp-content\/uploads\/2021\/07\/meydan-logo.svg","width":195,"height":46,"caption":"Meydan TV"},"image":{"@id":"https:\/\/www.meydan.tv\/az\/#\/schema\/logo\/image\/"}},{"@type":"Person","@id":"https:\/\/www.meydan.tv\/az\/#\/schema\/person\/9cdbecf90d17180ce1dfbd95b08dcf47","name":"elli","sameAs":["https:\/\/x.com\/elli"]}]}},"_links":{"self":[{"href":"https:\/\/www.meydan.tv\/az\/wp-json\/wp\/v2\/posts\/313847","targetHints":{"allow":["GET"]}}],"collection":[{"href":"https:\/\/www.meydan.tv\/az\/wp-json\/wp\/v2\/posts"}],"about":[{"href":"https:\/\/www.meydan.tv\/az\/wp-json\/wp\/v2\/types\/post"}],"author":[{"embeddable":true,"href":"https:\/\/www.meydan.tv\/az\/wp-json\/wp\/v2\/users\/8"}],"replies":[{"embeddable":true,"href":"https:\/\/www.meydan.tv\/az\/wp-json\/wp\/v2\/comments?post=313847"}],"version-history":[{"count":1,"href":"https:\/\/www.meydan.tv\/az\/wp-json\/wp\/v2\/posts\/313847\/revisions"}],"predecessor-version":[{"id":313856,"href":"https:\/\/www.meydan.tv\/az\/wp-json\/wp\/v2\/posts\/313847\/revisions\/313856"}],"wp:featuredmedia":[{"embeddable":true,"href":"https:\/\/www.meydan.tv\/az\/wp-json\/wp\/v2\/media\/313853"}],"wp:attachment":[{"href":"https:\/\/www.meydan.tv\/az\/wp-json\/wp\/v2\/media?parent=313847"}],"wp:term":[{"taxonomy":"category","embeddable":true,"href":"https:\/\/www.meydan.tv\/az\/wp-json\/wp\/v2\/categories?post=313847"},{"taxonomy":"post_tag","embeddable":true,"href":"https:\/\/www.meydan.tv\/az\/wp-json\/wp\/v2\/tags?post=313847"}],"curies":[{"name":"wp","href":"https:\/\/api.w.org\/{rel}","templated":true}]}}