{"id":313826,"date":"2024-08-27T14:56:28","date_gmt":"2024-08-27T10:56:28","guid":{"rendered":"https:\/\/www.meydan.tv\/?p=313826"},"modified":"2024-08-27T14:56:30","modified_gmt":"2024-08-27T10:56:30","slug":"polise-sikayet-etdi-ozu-cinayet-mesuliyyetine-celb-olundu","status":"publish","type":"post","link":"https:\/\/www.meydan.tv\/az\/article\/polise-sikayet-etdi-ozu-cinayet-mesuliyyetine-celb-olundu\/","title":{"rendered":"Polis\u0259 \u015fikay\u0259t etdi, \u00f6z\u00fc cinay\u0259t m\u0259suliyy\u0259tin\u0259 c\u0259lb olundu"},"content":{"rendered":"\n<p><\/p>\n\n\n\n<p><strong><em>Yalan m\u0259lumat verm\u0259kd\u0259 \u015f\u00fcbh\u0259li bilin\u0259n \u015f\u0259xsi 5 il\u0259d\u0259k h\u0259bs g\u00f6zl\u0259yir<\/em><\/strong><\/p>\n\n\n\n<p>\u0130ki g\u00fcn \u0259vv\u0259l polis\u0259 \u015fikay\u0259t ed\u0259r\u0259k, quldurlu\u011fa m\u0259ruz qald\u0131\u011f\u0131n\u0131 iddia ed\u0259n \u015f\u0259xsin \u00f6z\u00fc cinay\u0259t m\u0259suliyy\u0259tin\u0259 c\u0259lb olunub. Hadis\u0259 paytaxt\u0131n N\u0259simi rayonunda ba\u015f verib.<\/p>\n\n\n\n<p>Daxili \u0130\u015fl\u0259r Nazirliyinin M\u0259tbuat xidm\u0259tind\u0259n bu bar\u0259d\u0259 veril\u0259n m\u0259lumata g\u00f6r\u0259, avqustun 25-d\u0259 M\u0259rh\u0259m\u0259t Mehdiyev h\u0259m \u201c102\u201d z\u0259ng m\u0259rk\u0259zin\u0259, h\u0259m d\u0259 N\u0259simi rayonu, 19-cu polis b\u00f6lm\u0259sin\u0259 m\u00fcraci\u0259t edib. O, \u015fikay\u0259tind\u0259 g\u00f6st\u0259rib ki, \u201c\u018fbd\u00fcl\u201d, \u201cTofiq\u201d v\u0259 \u201cTaleh\u201d adl\u0131 \u015f\u0259xsl\u0259r t\u0259r\u0259find\u0259n avtomobil\u0259 mindirilib. Onlar ma\u015f\u0131nda ba\u015f\u0131na be\u015fbarmaqla vurub, 164 manat\u0131n\u0131n v\u0259 mobil telefonunu zorla \u0259lind\u0259n al\u0131blar.<\/p>\n\n\n\n<p>Bu \u015fikay\u0259t \u0259sas\u0131nda N\u0259simi Rayon Polis \u0130dar\u0259sinin \u0130stintaq \u015e\u00f6b\u0259sind\u0259 Cinay\u0259t M\u0259c\u0259ll\u0259sinin 181.2.1-ci (quldurluq, qabaqcadan \u0259lbir olan bir qrup \u015f\u0259xs t\u0259r\u0259find\u0259n t\u00f6r\u0259dildikd\u0259) madd\u0259si il\u0259 cinay\u0259t i\u015fi ba\u015flan\u0131l\u0131b. M\u0259rh\u0259m\u0259t Mehdiyev d\u0259 i\u015f \u00fczr\u0259 z\u0259r\u0259r\u00e7\u0259kmi\u015f \u015f\u0259xs qismind\u0259 dindirilib.<\/p>\n\n\n\n<p>Polis Tofiq Ta\u011f\u0131yev v\u0259 \u018fbd\u00fcl M\u0259mm\u0259dovu \u015f\u00fcbh\u0259li \u015f\u0259xs qismind\u0259 saxlay\u0131b. Onlar\u0131n h\u0259r ikisi ifad\u0259l\u0259rind\u0259 \u015fikay\u0259t\u00e7inin dedikl\u0259rinin yalan oldu\u011funu, ona qar\u015f\u0131 he\u00e7 bir cinay\u0259t t\u00f6r\u0259tm\u0259dikl\u0259rini bildiribl\u0259r.<\/p>\n\n\n\n<p>\u018flav\u0259 istintaq h\u0259r\u0259k\u0259tl\u0259ri zaman\u0131 M\u0259rh\u0259m\u0259t Mehdiyev ilkin ifad\u0259sind\u0259 dedikl\u0259rinin tam \u0259ksin\u0259 dan\u0131\u015f\u0131b. O, h\u0259min \u015f\u0259xsl\u0259rin ona qar\u015f\u0131 he\u00e7 bir zorak\u0131l\u0131q etm\u0259diyini, pulunu v\u0259 telefonunu \u0259lind\u0259n almaqd\u0131qlar\u0131n\u0131 bildirib. Deyib ki, aralar\u0131nda \u0259vv\u0259ll\u0259r naraz\u0131l\u0131q olub, buna g\u00f6r\u0259 h\u0259min adamlar\u0131n h\u0259bsini ist\u0259yib v\u0259 polis\u0259 onlar haqq\u0131nda yalan m\u0259lumat verib.<br>Bundan sonra Cinay\u0259t M\u0259c\u0259ll\u0259sinin 181.2.1-ci madd\u0259si il\u0259 ba\u015flanan cinay\u0259t i\u015fi h\u0259min m\u0259c\u0259ll\u0259nin 296.2-ci (bil\u0259-bil\u0259 yalan x\u0259b\u0259r\u00e7ilik etm\u0259) madd\u0259sin\u0259 t\u00f6vsif olunub.<\/p>\n\n\n\n<p>Tofiq Ta\u011f\u0131yev v\u0259 \u018fbd\u00fcl M\u0259mm\u0259dov s\u0259rb\u0259st burax\u0131l\u0131b. M\u0259rh\u0259m\u0259t Mehdiyev is\u0259 Cinay\u0259t M\u0259c\u0259ll\u0259sinun 296.2-ci madd\u0259si il\u0259 \u015f\u00fcbh\u0259li \u015f\u0259xs qismind\u0259 saxlan\u0131l\u0131b.<br>Bu madd\u0259d\u0259 2 ild\u0259n 4 il\u0259d\u0259k azadl\u0131\u011f\u0131n m\u0259hdudla\u015fd\u0131r\u0131lmas\u0131 v\u0259 ya 2 ild\u0259n 5 il\u0259d\u0259k azadl\u0131qdan m\u0259hrumetm\u0259 n\u0259z\u0259rd\u0259 tutulub.<\/p>\n\n\n\n<p><\/p>\n","protected":false},"excerpt":{"rendered":"<p>Yalan m\u0259lumat verm\u0259kd\u0259 \u015f\u00fcbh\u0259li bilin\u0259n \u015f\u0259xsi 5 il\u0259d\u0259k h\u0259bs g\u00f6zl\u0259yir &#8230; <\/p>\n<p class=\"read-more-container\"><a title=\"Polis\u0259 \u015fikay\u0259t etdi, \u00f6z\u00fc cinay\u0259t m\u0259suliyy\u0259tin\u0259 c\u0259lb olundu\" class=\"read-more button\" href=\"https:\/\/www.meydan.tv\/az\/article\/polise-sikayet-etdi-ozu-cinayet-mesuliyyetine-celb-olundu\/#more-313826\" aria-label=\"Read more about Polis\u0259 \u015fikay\u0259t etdi, \u00f6z\u00fc cinay\u0259t m\u0259suliyy\u0259tin\u0259 c\u0259lb olundu\">Davam\u0131<\/a><\/p>\n","protected":false},"author":8,"featured_media":313828,"comment_status":"closed","ping_status":"closed","sticky":false,"template":"","format":"standard","meta":{"_acf_changed":false,"_sitemap_exclude":false,"_sitemap_priority":"","_sitemap_frequency":"","footnotes":""},"categories":[62,56],"tags":[],"class_list":["post-313826","post","type-post","status-publish","format-standard","has-post-thumbnail","hentry","category-sosial","category-xeberler","infinite-scroll-item","generate-columns","tablet-grid-50","mobile-grid-100","grid-parent","grid-33","no-featured-image-padding"],"acf":[],"yoast_head":"<!-- This site is optimized with the Yoast SEO plugin v27.5 - https:\/\/yoast.com\/product\/yoast-seo-wordpress\/ -->\n<title>Polis\u0259 \u015fikay\u0259t etdi, \u00f6z\u00fc cinay\u0259t m\u0259suliyy\u0259tin\u0259 c\u0259lb olundu - MEYDAN.TV<\/title>\n<meta name=\"description\" content=\"Bundan sonra Cinay\u0259t M\u0259c\u0259ll\u0259sinin 181.2.1-ci madd\u0259si il\u0259 ba\u015flanan cinay\u0259t i\u015fi h\u0259min m\u0259c\u0259ll\u0259nin 296.2-ci (bil\u0259-bil\u0259 yalan x\u0259b\u0259r\u00e7ilik etm\u0259) madd\u0259sin\u0259 t\u00f6vsif olunub\" \/>\n<meta name=\"robots\" content=\"index, follow, max-snippet:-1, max-image-preview:large, max-video-preview:-1\" \/>\n<link rel=\"canonical\" href=\"https:\/\/www.meydan.tv\/az\/article\/polise-sikayet-etdi-ozu-cinayet-mesuliyyetine-celb-olundu\/\" \/>\n<meta property=\"og:locale\" content=\"az_AZ\" \/>\n<meta property=\"og:type\" content=\"article\" \/>\n<meta property=\"og:title\" content=\"Polis\u0259 \u015fikay\u0259t etdi, \u00f6z\u00fc cinay\u0259t m\u0259suliyy\u0259tin\u0259 c\u0259lb olundu - MEYDAN.TV\" \/>\n<meta property=\"og:description\" content=\"Bundan sonra Cinay\u0259t M\u0259c\u0259ll\u0259sinin 181.2.1-ci madd\u0259si il\u0259 ba\u015flanan cinay\u0259t i\u015fi h\u0259min m\u0259c\u0259ll\u0259nin 296.2-ci (bil\u0259-bil\u0259 yalan x\u0259b\u0259r\u00e7ilik etm\u0259) madd\u0259sin\u0259 t\u00f6vsif olunub\" \/>\n<meta property=\"og:url\" content=\"https:\/\/www.meydan.tv\/az\/article\/polise-sikayet-etdi-ozu-cinayet-mesuliyyetine-celb-olundu\/\" \/>\n<meta property=\"og:site_name\" content=\"MEYDAN.TV\" \/>\n<meta property=\"article:published_time\" content=\"2024-08-27T10:56:28+00:00\" \/>\n<meta property=\"article:modified_time\" content=\"2024-08-27T10:56:30+00:00\" \/>\n<meta property=\"og:image\" content=\"https:\/\/www.meydan.tv\/wp-content\/uploads\/15940429671106329361_1200x630.jpg\" \/>\n\t<meta property=\"og:image:width\" content=\"1200\" \/>\n\t<meta property=\"og:image:height\" content=\"819\" \/>\n\t<meta property=\"og:image:type\" content=\"image\/jpeg\" \/>\n<meta name=\"author\" content=\"elli\" \/>\n<meta name=\"twitter:card\" content=\"summary_large_image\" \/>\n<meta name=\"twitter:creator\" content=\"@elli\" \/>\n<script type=\"application\/ld+json\" class=\"yoast-schema-graph\">{\"@context\":\"https:\\\/\\\/schema.org\",\"@graph\":[{\"@type\":\"Article\",\"@id\":\"https:\\\/\\\/www.meydan.tv\\\/az\\\/article\\\/polise-sikayet-etdi-ozu-cinayet-mesuliyyetine-celb-olundu\\\/#article\",\"isPartOf\":{\"@id\":\"https:\\\/\\\/www.meydan.tv\\\/az\\\/article\\\/polise-sikayet-etdi-ozu-cinayet-mesuliyyetine-celb-olundu\\\/\"},\"author\":{\"name\":\"elli\",\"@id\":\"https:\\\/\\\/www.meydan.tv\\\/az\\\/#\\\/schema\\\/person\\\/9cdbecf90d17180ce1dfbd95b08dcf47\"},\"headline\":\"Polis\u0259 \u015fikay\u0259t etdi, \u00f6z\u00fc cinay\u0259t m\u0259suliyy\u0259tin\u0259 c\u0259lb olundu\",\"datePublished\":\"2024-08-27T10:56:28+00:00\",\"dateModified\":\"2024-08-27T10:56:30+00:00\",\"mainEntityOfPage\":{\"@id\":\"https:\\\/\\\/www.meydan.tv\\\/az\\\/article\\\/polise-sikayet-etdi-ozu-cinayet-mesuliyyetine-celb-olundu\\\/\"},\"wordCount\":444,\"publisher\":{\"@id\":\"https:\\\/\\\/www.meydan.tv\\\/az\\\/#organization\"},\"image\":{\"@id\":\"https:\\\/\\\/www.meydan.tv\\\/az\\\/article\\\/polise-sikayet-etdi-ozu-cinayet-mesuliyyetine-celb-olundu\\\/#primaryimage\"},\"thumbnailUrl\":\"https:\\\/\\\/www.meydan.tv\\\/wp-content\\\/uploads\\\/15940429671106329361_1200x630.jpg\",\"articleSection\":[\"Sosial\",\"X\u0259b\u0259rl\u0259r\"],\"inLanguage\":\"az\"},{\"@type\":\"WebPage\",\"@id\":\"https:\\\/\\\/www.meydan.tv\\\/az\\\/article\\\/polise-sikayet-etdi-ozu-cinayet-mesuliyyetine-celb-olundu\\\/\",\"url\":\"https:\\\/\\\/www.meydan.tv\\\/az\\\/article\\\/polise-sikayet-etdi-ozu-cinayet-mesuliyyetine-celb-olundu\\\/\",\"name\":\"Polis\u0259 \u015fikay\u0259t etdi, \u00f6z\u00fc cinay\u0259t m\u0259suliyy\u0259tin\u0259 c\u0259lb olundu - MEYDAN.TV\",\"isPartOf\":{\"@id\":\"https:\\\/\\\/www.meydan.tv\\\/az\\\/#website\"},\"primaryImageOfPage\":{\"@id\":\"https:\\\/\\\/www.meydan.tv\\\/az\\\/article\\\/polise-sikayet-etdi-ozu-cinayet-mesuliyyetine-celb-olundu\\\/#primaryimage\"},\"image\":{\"@id\":\"https:\\\/\\\/www.meydan.tv\\\/az\\\/article\\\/polise-sikayet-etdi-ozu-cinayet-mesuliyyetine-celb-olundu\\\/#primaryimage\"},\"thumbnailUrl\":\"https:\\\/\\\/www.meydan.tv\\\/wp-content\\\/uploads\\\/15940429671106329361_1200x630.jpg\",\"datePublished\":\"2024-08-27T10:56:28+00:00\",\"dateModified\":\"2024-08-27T10:56:30+00:00\",\"description\":\"Bundan sonra Cinay\u0259t M\u0259c\u0259ll\u0259sinin 181.2.1-ci madd\u0259si il\u0259 ba\u015flanan cinay\u0259t i\u015fi h\u0259min m\u0259c\u0259ll\u0259nin 296.2-ci (bil\u0259-bil\u0259 yalan x\u0259b\u0259r\u00e7ilik etm\u0259) madd\u0259sin\u0259 t\u00f6vsif olunub\",\"breadcrumb\":{\"@id\":\"https:\\\/\\\/www.meydan.tv\\\/az\\\/article\\\/polise-sikayet-etdi-ozu-cinayet-mesuliyyetine-celb-olundu\\\/#breadcrumb\"},\"inLanguage\":\"az\",\"potentialAction\":[{\"@type\":\"ReadAction\",\"target\":[\"https:\\\/\\\/www.meydan.tv\\\/az\\\/article\\\/polise-sikayet-etdi-ozu-cinayet-mesuliyyetine-celb-olundu\\\/\"]}]},{\"@type\":\"ImageObject\",\"inLanguage\":\"az\",\"@id\":\"https:\\\/\\\/www.meydan.tv\\\/az\\\/article\\\/polise-sikayet-etdi-ozu-cinayet-mesuliyyetine-celb-olundu\\\/#primaryimage\",\"url\":\"https:\\\/\\\/www.meydan.tv\\\/wp-content\\\/uploads\\\/15940429671106329361_1200x630.jpg\",\"contentUrl\":\"https:\\\/\\\/www.meydan.tv\\\/wp-content\\\/uploads\\\/15940429671106329361_1200x630.jpg\",\"width\":1200,\"height\":819,\"caption\":\"N\u0259simi Rayon Polis \u0130dar\u0259si. Foto: Az\u0259rtac\"},{\"@type\":\"BreadcrumbList\",\"@id\":\"https:\\\/\\\/www.meydan.tv\\\/az\\\/article\\\/polise-sikayet-etdi-ozu-cinayet-mesuliyyetine-celb-olundu\\\/#breadcrumb\",\"itemListElement\":[{\"@type\":\"ListItem\",\"position\":1,\"name\":\"Ana s\u0259hif\u0259\",\"item\":\"https:\\\/\\\/www.meydan.tv\\\/az\\\/\"},{\"@type\":\"ListItem\",\"position\":2,\"name\":\"Sosial\",\"item\":\"https:\\\/\\\/www.meydan.tv\\\/az\\\/section\\\/sosial\\\/\"},{\"@type\":\"ListItem\",\"position\":3,\"name\":\"Polis\u0259 \u015fikay\u0259t etdi, \u00f6z\u00fc cinay\u0259t m\u0259suliyy\u0259tin\u0259 c\u0259lb olundu\"}]},{\"@type\":\"WebSite\",\"@id\":\"https:\\\/\\\/www.meydan.tv\\\/az\\\/#website\",\"url\":\"https:\\\/\\\/www.meydan.tv\\\/az\\\/\",\"name\":\"MEYDAN.TV\",\"description\":\"Meydan TV Az\u0259rbaycan\u0131n media m\u0259kan\u0131ndak\u0131 alternativ s\u0259sidir\",\"publisher\":{\"@id\":\"https:\\\/\\\/www.meydan.tv\\\/az\\\/#organization\"},\"potentialAction\":[{\"@type\":\"SearchAction\",\"target\":{\"@type\":\"EntryPoint\",\"urlTemplate\":\"https:\\\/\\\/www.meydan.tv\\\/az\\\/?s={search_term_string}\"},\"query-input\":{\"@type\":\"PropertyValueSpecification\",\"valueRequired\":true,\"valueName\":\"search_term_string\"}}],\"inLanguage\":\"az\"},{\"@type\":\"Organization\",\"@id\":\"https:\\\/\\\/www.meydan.tv\\\/az\\\/#organization\",\"name\":\"Meydan TV\",\"url\":\"https:\\\/\\\/www.meydan.tv\\\/az\\\/\",\"logo\":{\"@type\":\"ImageObject\",\"inLanguage\":\"az\",\"@id\":\"https:\\\/\\\/www.meydan.tv\\\/az\\\/#\\\/schema\\\/logo\\\/image\\\/\",\"url\":\"https:\\\/\\\/www.meydan.tv\\\/wp-content\\\/uploads\\\/2021\\\/07\\\/meydan-logo.svg\",\"contentUrl\":\"https:\\\/\\\/www.meydan.tv\\\/wp-content\\\/uploads\\\/2021\\\/07\\\/meydan-logo.svg\",\"width\":195,\"height\":46,\"caption\":\"Meydan TV\"},\"image\":{\"@id\":\"https:\\\/\\\/www.meydan.tv\\\/az\\\/#\\\/schema\\\/logo\\\/image\\\/\"}},{\"@type\":\"Person\",\"@id\":\"https:\\\/\\\/www.meydan.tv\\\/az\\\/#\\\/schema\\\/person\\\/9cdbecf90d17180ce1dfbd95b08dcf47\",\"name\":\"elli\",\"sameAs\":[\"https:\\\/\\\/x.com\\\/elli\"]}]}<\/script>\n<!-- \/ Yoast SEO plugin. -->","yoast_head_json":{"title":"Polis\u0259 \u015fikay\u0259t etdi, \u00f6z\u00fc cinay\u0259t m\u0259suliyy\u0259tin\u0259 c\u0259lb olundu - MEYDAN.TV","description":"Bundan sonra Cinay\u0259t M\u0259c\u0259ll\u0259sinin 181.2.1-ci madd\u0259si il\u0259 ba\u015flanan cinay\u0259t i\u015fi h\u0259min m\u0259c\u0259ll\u0259nin 296.2-ci (bil\u0259-bil\u0259 yalan x\u0259b\u0259r\u00e7ilik etm\u0259) madd\u0259sin\u0259 t\u00f6vsif olunub","robots":{"index":"index","follow":"follow","max-snippet":"max-snippet:-1","max-image-preview":"max-image-preview:large","max-video-preview":"max-video-preview:-1"},"canonical":"https:\/\/www.meydan.tv\/az\/article\/polise-sikayet-etdi-ozu-cinayet-mesuliyyetine-celb-olundu\/","og_locale":"az_AZ","og_type":"article","og_title":"Polis\u0259 \u015fikay\u0259t etdi, \u00f6z\u00fc cinay\u0259t m\u0259suliyy\u0259tin\u0259 c\u0259lb olundu - MEYDAN.TV","og_description":"Bundan sonra Cinay\u0259t M\u0259c\u0259ll\u0259sinin 181.2.1-ci madd\u0259si il\u0259 ba\u015flanan cinay\u0259t i\u015fi h\u0259min m\u0259c\u0259ll\u0259nin 296.2-ci (bil\u0259-bil\u0259 yalan x\u0259b\u0259r\u00e7ilik etm\u0259) madd\u0259sin\u0259 t\u00f6vsif olunub","og_url":"https:\/\/www.meydan.tv\/az\/article\/polise-sikayet-etdi-ozu-cinayet-mesuliyyetine-celb-olundu\/","og_site_name":"MEYDAN.TV","article_published_time":"2024-08-27T10:56:28+00:00","article_modified_time":"2024-08-27T10:56:30+00:00","og_image":[{"width":1200,"height":819,"url":"https:\/\/www.meydan.tv\/wp-content\/uploads\/15940429671106329361_1200x630.jpg","type":"image\/jpeg"}],"author":"elli","twitter_card":"summary_large_image","twitter_creator":"@elli","schema":{"@context":"https:\/\/schema.org","@graph":[{"@type":"Article","@id":"https:\/\/www.meydan.tv\/az\/article\/polise-sikayet-etdi-ozu-cinayet-mesuliyyetine-celb-olundu\/#article","isPartOf":{"@id":"https:\/\/www.meydan.tv\/az\/article\/polise-sikayet-etdi-ozu-cinayet-mesuliyyetine-celb-olundu\/"},"author":{"name":"elli","@id":"https:\/\/www.meydan.tv\/az\/#\/schema\/person\/9cdbecf90d17180ce1dfbd95b08dcf47"},"headline":"Polis\u0259 \u015fikay\u0259t etdi, \u00f6z\u00fc cinay\u0259t m\u0259suliyy\u0259tin\u0259 c\u0259lb olundu","datePublished":"2024-08-27T10:56:28+00:00","dateModified":"2024-08-27T10:56:30+00:00","mainEntityOfPage":{"@id":"https:\/\/www.meydan.tv\/az\/article\/polise-sikayet-etdi-ozu-cinayet-mesuliyyetine-celb-olundu\/"},"wordCount":444,"publisher":{"@id":"https:\/\/www.meydan.tv\/az\/#organization"},"image":{"@id":"https:\/\/www.meydan.tv\/az\/article\/polise-sikayet-etdi-ozu-cinayet-mesuliyyetine-celb-olundu\/#primaryimage"},"thumbnailUrl":"https:\/\/www.meydan.tv\/wp-content\/uploads\/15940429671106329361_1200x630.jpg","articleSection":["Sosial","X\u0259b\u0259rl\u0259r"],"inLanguage":"az"},{"@type":"WebPage","@id":"https:\/\/www.meydan.tv\/az\/article\/polise-sikayet-etdi-ozu-cinayet-mesuliyyetine-celb-olundu\/","url":"https:\/\/www.meydan.tv\/az\/article\/polise-sikayet-etdi-ozu-cinayet-mesuliyyetine-celb-olundu\/","name":"Polis\u0259 \u015fikay\u0259t etdi, \u00f6z\u00fc cinay\u0259t m\u0259suliyy\u0259tin\u0259 c\u0259lb olundu - MEYDAN.TV","isPartOf":{"@id":"https:\/\/www.meydan.tv\/az\/#website"},"primaryImageOfPage":{"@id":"https:\/\/www.meydan.tv\/az\/article\/polise-sikayet-etdi-ozu-cinayet-mesuliyyetine-celb-olundu\/#primaryimage"},"image":{"@id":"https:\/\/www.meydan.tv\/az\/article\/polise-sikayet-etdi-ozu-cinayet-mesuliyyetine-celb-olundu\/#primaryimage"},"thumbnailUrl":"https:\/\/www.meydan.tv\/wp-content\/uploads\/15940429671106329361_1200x630.jpg","datePublished":"2024-08-27T10:56:28+00:00","dateModified":"2024-08-27T10:56:30+00:00","description":"Bundan sonra Cinay\u0259t M\u0259c\u0259ll\u0259sinin 181.2.1-ci madd\u0259si il\u0259 ba\u015flanan cinay\u0259t i\u015fi h\u0259min m\u0259c\u0259ll\u0259nin 296.2-ci (bil\u0259-bil\u0259 yalan x\u0259b\u0259r\u00e7ilik etm\u0259) madd\u0259sin\u0259 t\u00f6vsif olunub","breadcrumb":{"@id":"https:\/\/www.meydan.tv\/az\/article\/polise-sikayet-etdi-ozu-cinayet-mesuliyyetine-celb-olundu\/#breadcrumb"},"inLanguage":"az","potentialAction":[{"@type":"ReadAction","target":["https:\/\/www.meydan.tv\/az\/article\/polise-sikayet-etdi-ozu-cinayet-mesuliyyetine-celb-olundu\/"]}]},{"@type":"ImageObject","inLanguage":"az","@id":"https:\/\/www.meydan.tv\/az\/article\/polise-sikayet-etdi-ozu-cinayet-mesuliyyetine-celb-olundu\/#primaryimage","url":"https:\/\/www.meydan.tv\/wp-content\/uploads\/15940429671106329361_1200x630.jpg","contentUrl":"https:\/\/www.meydan.tv\/wp-content\/uploads\/15940429671106329361_1200x630.jpg","width":1200,"height":819,"caption":"N\u0259simi Rayon Polis \u0130dar\u0259si. Foto: Az\u0259rtac"},{"@type":"BreadcrumbList","@id":"https:\/\/www.meydan.tv\/az\/article\/polise-sikayet-etdi-ozu-cinayet-mesuliyyetine-celb-olundu\/#breadcrumb","itemListElement":[{"@type":"ListItem","position":1,"name":"Ana s\u0259hif\u0259","item":"https:\/\/www.meydan.tv\/az\/"},{"@type":"ListItem","position":2,"name":"Sosial","item":"https:\/\/www.meydan.tv\/az\/section\/sosial\/"},{"@type":"ListItem","position":3,"name":"Polis\u0259 \u015fikay\u0259t etdi, \u00f6z\u00fc cinay\u0259t m\u0259suliyy\u0259tin\u0259 c\u0259lb olundu"}]},{"@type":"WebSite","@id":"https:\/\/www.meydan.tv\/az\/#website","url":"https:\/\/www.meydan.tv\/az\/","name":"MEYDAN.TV","description":"Meydan TV Az\u0259rbaycan\u0131n media m\u0259kan\u0131ndak\u0131 alternativ s\u0259sidir","publisher":{"@id":"https:\/\/www.meydan.tv\/az\/#organization"},"potentialAction":[{"@type":"SearchAction","target":{"@type":"EntryPoint","urlTemplate":"https:\/\/www.meydan.tv\/az\/?s={search_term_string}"},"query-input":{"@type":"PropertyValueSpecification","valueRequired":true,"valueName":"search_term_string"}}],"inLanguage":"az"},{"@type":"Organization","@id":"https:\/\/www.meydan.tv\/az\/#organization","name":"Meydan TV","url":"https:\/\/www.meydan.tv\/az\/","logo":{"@type":"ImageObject","inLanguage":"az","@id":"https:\/\/www.meydan.tv\/az\/#\/schema\/logo\/image\/","url":"https:\/\/www.meydan.tv\/wp-content\/uploads\/2021\/07\/meydan-logo.svg","contentUrl":"https:\/\/www.meydan.tv\/wp-content\/uploads\/2021\/07\/meydan-logo.svg","width":195,"height":46,"caption":"Meydan TV"},"image":{"@id":"https:\/\/www.meydan.tv\/az\/#\/schema\/logo\/image\/"}},{"@type":"Person","@id":"https:\/\/www.meydan.tv\/az\/#\/schema\/person\/9cdbecf90d17180ce1dfbd95b08dcf47","name":"elli","sameAs":["https:\/\/x.com\/elli"]}]}},"_links":{"self":[{"href":"https:\/\/www.meydan.tv\/az\/wp-json\/wp\/v2\/posts\/313826","targetHints":{"allow":["GET"]}}],"collection":[{"href":"https:\/\/www.meydan.tv\/az\/wp-json\/wp\/v2\/posts"}],"about":[{"href":"https:\/\/www.meydan.tv\/az\/wp-json\/wp\/v2\/types\/post"}],"author":[{"embeddable":true,"href":"https:\/\/www.meydan.tv\/az\/wp-json\/wp\/v2\/users\/8"}],"replies":[{"embeddable":true,"href":"https:\/\/www.meydan.tv\/az\/wp-json\/wp\/v2\/comments?post=313826"}],"version-history":[{"count":1,"href":"https:\/\/www.meydan.tv\/az\/wp-json\/wp\/v2\/posts\/313826\/revisions"}],"predecessor-version":[{"id":313831,"href":"https:\/\/www.meydan.tv\/az\/wp-json\/wp\/v2\/posts\/313826\/revisions\/313831"}],"wp:featuredmedia":[{"embeddable":true,"href":"https:\/\/www.meydan.tv\/az\/wp-json\/wp\/v2\/media\/313828"}],"wp:attachment":[{"href":"https:\/\/www.meydan.tv\/az\/wp-json\/wp\/v2\/media?parent=313826"}],"wp:term":[{"taxonomy":"category","embeddable":true,"href":"https:\/\/www.meydan.tv\/az\/wp-json\/wp\/v2\/categories?post=313826"},{"taxonomy":"post_tag","embeddable":true,"href":"https:\/\/www.meydan.tv\/az\/wp-json\/wp\/v2\/tags?post=313826"}],"curies":[{"name":"wp","href":"https:\/\/api.w.org\/{rel}","templated":true}]}}