{"id":313825,"date":"2024-08-27T14:53:13","date_gmt":"2024-08-27T10:53:13","guid":{"rendered":"https:\/\/www.meydan.tv\/?p=313825"},"modified":"2024-08-27T14:53:15","modified_gmt":"2024-08-27T10:53:15","slug":"quzu-etinde-bahalasma-var-2","status":"publish","type":"post","link":"https:\/\/www.meydan.tv\/az\/article\/quzu-etinde-bahalasma-var-2\/","title":{"rendered":"Quzu \u0259tind\u0259 bahala\u015fma var"},"content":{"rendered":"\n<p><\/p>\n\n\n\n<p><strong><em>Fermer onlar \u00fc\u00e7\u00fcn \u0259lveri\u015fli \u015f\u0259raitin olmad\u0131\u011f\u0131n\u0131 deyir<\/em><\/strong><\/p>\n\n\n\n<p>Az\u0259rbaycanda quzu \u0259tinin diri \u00e7\u0259kid\u0259 p\u0259rak\u0259nd\u0259 sat\u0131\u015f qiym\u0259ti art\u0131b. Bu bar\u0259d\u0259 Meydan TV-y\u0259 sat\u0131c\u0131lar m\u0259lumat veribl\u0259r. Onlar\u0131n s\u00f6zl\u0259rin\u0259 g\u00f6r\u0259, son bir ne\u00e7\u0259 g\u00fcnd\u00fcr b\u0259zi b\u00f6lg\u0259l\u0259rd\u0259 quzu \u0259ti diri \u00e7\u0259kid\u0259 t\u0259xmin\u0259n 50-70 q\u0259pik aras\u0131nda bahala\u015f\u0131b. Halbuki yayda \u0259t\u0259 t\u0259l\u0259bat azald\u0131\u011f\u0131ndan ad\u0259t\u0259n yayda bahala\u015fma olmur. Sat\u0131c\u0131lar deyibl\u0259r ki, h\u0259l\u0259lik \u0259tin qiym\u0259ti d\u0259yi\u015fm\u0259s\u0259 d\u0259, pay\u0131za do\u011fru, x\u00fcsusil\u0259 toylar\u0131n ba\u015flad\u0131\u011f\u0131 \u0259r\u0259f\u0259d\u0259 qiym\u0259tin \u0259n az\u0131 1-2 manat bahala\u015faca\u011f\u0131 g\u00f6zl\u0259nilir. Bak\u0131n\u0131n \u0259t bazar\u0131nda haz\u0131rda quzu \u0259tinin kiloqram\u0131 20 manatdan t\u0259klif edilir.<\/p>\n\n\n\n<p>A\u011fda\u015fl\u0131 fermer Nazim R\u00fcst\u0259mov bildirib ki, x\u0259rcl\u0259r \u00e7ox oldu\u011fundan iribuynuzlu heyvan saxlamaq s\u0259rf\u0259li deyil. Buna g\u00f6r\u0259 d\u0259 onun kimi \u00e7oxu x\u0131rdabuynuzlu heyvanlara \u00fcst\u00fcnl\u00fck verir:<\/p>\n\n\n\n<p><em>\u201cQuzu \u0259tini diri \u00e7\u0259kid\u0259 18 manat 50 q\u0259pikd\u0259n satm\u0131\u015fam. Yay olmas\u0131na baxmayaraq, al\u0131c\u0131 da var. B\u0259zi b\u00f6lg\u0259l\u0259rd\u0259 18, b\u0259zil\u0259rind\u0259 is\u0259 19 manatdan satanlar var\u201d.<\/em><\/p>\n\n\n\n<p>Fermer \u0259tin bahala\u015faca\u011f\u0131n\u0131n g\u00f6zl\u0259nil\u0259n oldu\u011funu deyib. \u00c7\u00fcnki bu il hava \u015f\u0259raitin\u0259 g\u00f6r\u0259, b\u0259zi b\u00f6lg\u0259l\u0259rd\u0259 is\u0259 suvarma problemi s\u0259b\u0259bind\u0259n otun m\u0259hsuldarl\u0131\u011f\u0131 az olub. Onun s\u00f6zl\u0259rin\u0259 g\u00f6r\u0259, x\u0259rcl\u0259r artd\u0131\u011f\u0131ndan heyvandarl\u0131qdan g\u0259l\u0259n g\u0259lir ild\u0259n-il\u0259 azal\u0131r.<\/p>\n\n\n\n<p>Liberal \u0130qtisad\u00e7\u0131lar M\u0259rk\u0259zinin s\u0259dri Akif N\u0259sirli Meydan TV-y\u0259 bildirib ki, \u00f6lk\u0259d\u0259 dem\u0259k olar ki b\u00fct\u00fcn \u00f6r\u00fc\u015f sah\u0259l\u0259ri z\u0259bt edilib, heyvandarl\u0131qla m\u0259\u015f\u011ful olan fermerl\u0259r k\u00fcnc\u0259 s\u0131x\u0131\u015fd\u0131r\u0131l\u0131b. Buna g\u00f6r\u0259 d\u0259 fermerl\u0259rin b\u00f6y\u00fck \u0259ks\u0259riyy\u0259ti qapal\u0131 \u015f\u0259raitd\u0259 heyvan saxlamaqla m\u0259\u015f\u011fuldur.<\/p>\n\n\n\n<p><em>\u201cHeyvanlar\u0131n qapal\u0131 \u015f\u0259raitd\u0259 saxlan\u0131lmas\u0131 baha ba\u015fa g\u0259lir, dig\u0259r t\u0259r\u0259fd\u0259n, qapal\u0131 \u015f\u0259raitd\u0259 k\u00fctl\u0259vi heyvan saxlamaq m\u00fcmk\u00fcn deyil. M\u0259s\u0259l\u0259n, bir fermer qapal\u0131 \u015f\u0259raitd\u0259 be\u015f y\u00fcz qoyun saxlaya bilm\u0259z. Amma \u00f6r\u00fc\u015f sah\u0259si olduqda iki min d\u0259 qoyun saxlaya bilirdi. Bu da \u0259tin ild\u0259n-il\u0259 bahala\u015fma s\u0259b\u0259bl\u0259rind\u0259n biridir\u201d<\/em>,-ekspert deyib.<\/p>\n\n\n\n<p>N\u0259sirli qeyd edib ki, bu il hava \u015f\u0259raiti \u0259lveri\u015fli olmay\u0131b, ot bi\u00e7il\u0259nd\u0259n sonra ya\u011f\u0131\u015f\u0131n ya\u011fmas\u0131 otun keyfiyy\u0259tin\u0259 t\u0259sir edib. Fermerl\u0259r ot y\u0131\u011f\u0131m\u0131 zaman\u0131 probleml\u0259 qar\u015f\u0131la\u015f\u0131b:<\/p>\n\n\n\n<p><em>\u201cH\u0259l\u0259 ki yayd\u0131r, \u0259t\u0259 t\u0259l\u0259bat azd\u0131r. Bir t\u0259r\u0259fd\u0259n d\u0259 M\u0259h\u0259rr\u0259mlik ay\u0131 il\u0259 ba\u011fl\u0131 toylar dayan\u0131b. \u018ft\u0259 t\u0259l\u0259bat minimum s\u0259viyy\u0259d\u0259 oldu\u011fu vaxtda c\u00fczi d\u0259 olsa bahala\u015fma varsa, pay\u0131zda &#8211; \u0259t\u0259 t\u0259l\u0259bat\u0131n artd\u0131\u011f\u0131 bir vaxtda bahala\u015fma qa\u00e7\u0131lmaz olacaq\u201d.<\/em><\/p>\n","protected":false},"excerpt":{"rendered":"<p>Fermer onlar \u00fc\u00e7\u00fcn \u0259lveri\u015fli \u015f\u0259raitin olmad\u0131\u011f\u0131n\u0131 deyir Az\u0259rbaycanda quzu \u0259tinin &#8230; <\/p>\n<p class=\"read-more-container\"><a title=\"Quzu \u0259tind\u0259 bahala\u015fma var\" class=\"read-more button\" href=\"https:\/\/www.meydan.tv\/az\/article\/quzu-etinde-bahalasma-var-2\/#more-313825\" aria-label=\"Read more about Quzu \u0259tind\u0259 bahala\u015fma var\">Davam\u0131<\/a><\/p>\n","protected":false},"author":8,"featured_media":48346,"comment_status":"closed","ping_status":"closed","sticky":false,"template":"","format":"standard","meta":{"_acf_changed":false,"_sitemap_exclude":false,"_sitemap_priority":"","_sitemap_frequency":"","footnotes":""},"categories":[62,79,56],"tags":[],"class_list":["post-313825","post","type-post","status-publish","format-standard","has-post-thumbnail","hentry","category-sosial","category-featured","category-xeberler","infinite-scroll-item","generate-columns","tablet-grid-50","mobile-grid-100","grid-parent","grid-33","no-featured-image-padding"],"acf":[],"yoast_head":"<!-- This site is optimized with the Yoast SEO plugin v27.5 - https:\/\/yoast.com\/product\/yoast-seo-wordpress\/ -->\n<title>Quzu \u0259tind\u0259 bahala\u015fma var - MEYDAN.TV<\/title>\n<meta name=\"robots\" content=\"index, follow, max-snippet:-1, max-image-preview:large, max-video-preview:-1\" \/>\n<link rel=\"canonical\" href=\"https:\/\/www.meydan.tv\/az\/article\/quzu-etinde-bahalasma-var-2\/\" \/>\n<meta property=\"og:locale\" content=\"az_AZ\" \/>\n<meta property=\"og:type\" content=\"article\" \/>\n<meta property=\"og:title\" content=\"Quzu \u0259tind\u0259 bahala\u015fma var - MEYDAN.TV\" \/>\n<meta property=\"og:description\" content=\"Fermer onlar \u00fc\u00e7\u00fcn \u0259lveri\u015fli \u015f\u0259raitin olmad\u0131\u011f\u0131n\u0131 deyir Az\u0259rbaycanda quzu \u0259tinin ... Davam\u0131\" \/>\n<meta property=\"og:url\" content=\"https:\/\/www.meydan.tv\/az\/article\/quzu-etinde-bahalasma-var-2\/\" \/>\n<meta property=\"og:site_name\" content=\"MEYDAN.TV\" \/>\n<meta property=\"article:published_time\" content=\"2024-08-27T10:53:13+00:00\" \/>\n<meta property=\"article:modified_time\" content=\"2024-08-27T10:53:15+00:00\" \/>\n<meta property=\"og:image\" content=\"https:\/\/www.meydan.tv\/wp-content\/uploads\/18149-e1724755951715.jpg\" \/>\n\t<meta property=\"og:image:width\" content=\"1936\" \/>\n\t<meta property=\"og:image:height\" content=\"1652\" \/>\n\t<meta property=\"og:image:type\" content=\"image\/jpeg\" \/>\n<meta name=\"author\" content=\"elli\" \/>\n<meta name=\"twitter:card\" content=\"summary_large_image\" \/>\n<meta name=\"twitter:creator\" content=\"@elli\" \/>\n<script type=\"application\/ld+json\" class=\"yoast-schema-graph\">{\"@context\":\"https:\\\/\\\/schema.org\",\"@graph\":[{\"@type\":\"Article\",\"@id\":\"https:\\\/\\\/www.meydan.tv\\\/az\\\/article\\\/quzu-etinde-bahalasma-var-2\\\/#article\",\"isPartOf\":{\"@id\":\"https:\\\/\\\/www.meydan.tv\\\/az\\\/article\\\/quzu-etinde-bahalasma-var-2\\\/\"},\"author\":{\"name\":\"elli\",\"@id\":\"https:\\\/\\\/www.meydan.tv\\\/az\\\/#\\\/schema\\\/person\\\/9cdbecf90d17180ce1dfbd95b08dcf47\"},\"headline\":\"Quzu \u0259tind\u0259 bahala\u015fma var\",\"datePublished\":\"2024-08-27T10:53:13+00:00\",\"dateModified\":\"2024-08-27T10:53:15+00:00\",\"mainEntityOfPage\":{\"@id\":\"https:\\\/\\\/www.meydan.tv\\\/az\\\/article\\\/quzu-etinde-bahalasma-var-2\\\/\"},\"wordCount\":506,\"publisher\":{\"@id\":\"https:\\\/\\\/www.meydan.tv\\\/az\\\/#organization\"},\"image\":{\"@id\":\"https:\\\/\\\/www.meydan.tv\\\/az\\\/article\\\/quzu-etinde-bahalasma-var-2\\\/#primaryimage\"},\"thumbnailUrl\":\"https:\\\/\\\/www.meydan.tv\\\/wp-content\\\/uploads\\\/18149-e1724755951715.jpg\",\"articleSection\":[\"Sosial\",\"T\u00f6vsiy\u0259\",\"X\u0259b\u0259rl\u0259r\"],\"inLanguage\":\"az\"},{\"@type\":\"WebPage\",\"@id\":\"https:\\\/\\\/www.meydan.tv\\\/az\\\/article\\\/quzu-etinde-bahalasma-var-2\\\/\",\"url\":\"https:\\\/\\\/www.meydan.tv\\\/az\\\/article\\\/quzu-etinde-bahalasma-var-2\\\/\",\"name\":\"Quzu \u0259tind\u0259 bahala\u015fma var - MEYDAN.TV\",\"isPartOf\":{\"@id\":\"https:\\\/\\\/www.meydan.tv\\\/az\\\/#website\"},\"primaryImageOfPage\":{\"@id\":\"https:\\\/\\\/www.meydan.tv\\\/az\\\/article\\\/quzu-etinde-bahalasma-var-2\\\/#primaryimage\"},\"image\":{\"@id\":\"https:\\\/\\\/www.meydan.tv\\\/az\\\/article\\\/quzu-etinde-bahalasma-var-2\\\/#primaryimage\"},\"thumbnailUrl\":\"https:\\\/\\\/www.meydan.tv\\\/wp-content\\\/uploads\\\/18149-e1724755951715.jpg\",\"datePublished\":\"2024-08-27T10:53:13+00:00\",\"dateModified\":\"2024-08-27T10:53:15+00:00\",\"breadcrumb\":{\"@id\":\"https:\\\/\\\/www.meydan.tv\\\/az\\\/article\\\/quzu-etinde-bahalasma-var-2\\\/#breadcrumb\"},\"inLanguage\":\"az\",\"potentialAction\":[{\"@type\":\"ReadAction\",\"target\":[\"https:\\\/\\\/www.meydan.tv\\\/az\\\/article\\\/quzu-etinde-bahalasma-var-2\\\/\"]}]},{\"@type\":\"ImageObject\",\"inLanguage\":\"az\",\"@id\":\"https:\\\/\\\/www.meydan.tv\\\/az\\\/article\\\/quzu-etinde-bahalasma-var-2\\\/#primaryimage\",\"url\":\"https:\\\/\\\/www.meydan.tv\\\/wp-content\\\/uploads\\\/18149-e1724755951715.jpg\",\"contentUrl\":\"https:\\\/\\\/www.meydan.tv\\\/wp-content\\\/uploads\\\/18149-e1724755951715.jpg\",\"width\":1936,\"height\":1652,\"caption\":\"Foto: arxiv\"},{\"@type\":\"BreadcrumbList\",\"@id\":\"https:\\\/\\\/www.meydan.tv\\\/az\\\/article\\\/quzu-etinde-bahalasma-var-2\\\/#breadcrumb\",\"itemListElement\":[{\"@type\":\"ListItem\",\"position\":1,\"name\":\"Ana s\u0259hif\u0259\",\"item\":\"https:\\\/\\\/www.meydan.tv\\\/az\\\/\"},{\"@type\":\"ListItem\",\"position\":2,\"name\":\"Sosial\",\"item\":\"https:\\\/\\\/www.meydan.tv\\\/az\\\/section\\\/sosial\\\/\"},{\"@type\":\"ListItem\",\"position\":3,\"name\":\"Quzu \u0259tind\u0259 bahala\u015fma var\"}]},{\"@type\":\"WebSite\",\"@id\":\"https:\\\/\\\/www.meydan.tv\\\/az\\\/#website\",\"url\":\"https:\\\/\\\/www.meydan.tv\\\/az\\\/\",\"name\":\"MEYDAN.TV\",\"description\":\"Meydan TV Az\u0259rbaycan\u0131n media m\u0259kan\u0131ndak\u0131 alternativ s\u0259sidir\",\"publisher\":{\"@id\":\"https:\\\/\\\/www.meydan.tv\\\/az\\\/#organization\"},\"potentialAction\":[{\"@type\":\"SearchAction\",\"target\":{\"@type\":\"EntryPoint\",\"urlTemplate\":\"https:\\\/\\\/www.meydan.tv\\\/az\\\/?s={search_term_string}\"},\"query-input\":{\"@type\":\"PropertyValueSpecification\",\"valueRequired\":true,\"valueName\":\"search_term_string\"}}],\"inLanguage\":\"az\"},{\"@type\":\"Organization\",\"@id\":\"https:\\\/\\\/www.meydan.tv\\\/az\\\/#organization\",\"name\":\"Meydan TV\",\"url\":\"https:\\\/\\\/www.meydan.tv\\\/az\\\/\",\"logo\":{\"@type\":\"ImageObject\",\"inLanguage\":\"az\",\"@id\":\"https:\\\/\\\/www.meydan.tv\\\/az\\\/#\\\/schema\\\/logo\\\/image\\\/\",\"url\":\"https:\\\/\\\/www.meydan.tv\\\/wp-content\\\/uploads\\\/2021\\\/07\\\/meydan-logo.svg\",\"contentUrl\":\"https:\\\/\\\/www.meydan.tv\\\/wp-content\\\/uploads\\\/2021\\\/07\\\/meydan-logo.svg\",\"width\":195,\"height\":46,\"caption\":\"Meydan TV\"},\"image\":{\"@id\":\"https:\\\/\\\/www.meydan.tv\\\/az\\\/#\\\/schema\\\/logo\\\/image\\\/\"}},{\"@type\":\"Person\",\"@id\":\"https:\\\/\\\/www.meydan.tv\\\/az\\\/#\\\/schema\\\/person\\\/9cdbecf90d17180ce1dfbd95b08dcf47\",\"name\":\"elli\",\"sameAs\":[\"https:\\\/\\\/x.com\\\/elli\"]}]}<\/script>\n<!-- \/ Yoast SEO plugin. -->","yoast_head_json":{"title":"Quzu \u0259tind\u0259 bahala\u015fma var - MEYDAN.TV","robots":{"index":"index","follow":"follow","max-snippet":"max-snippet:-1","max-image-preview":"max-image-preview:large","max-video-preview":"max-video-preview:-1"},"canonical":"https:\/\/www.meydan.tv\/az\/article\/quzu-etinde-bahalasma-var-2\/","og_locale":"az_AZ","og_type":"article","og_title":"Quzu \u0259tind\u0259 bahala\u015fma var - MEYDAN.TV","og_description":"Fermer onlar \u00fc\u00e7\u00fcn \u0259lveri\u015fli \u015f\u0259raitin olmad\u0131\u011f\u0131n\u0131 deyir Az\u0259rbaycanda quzu \u0259tinin ... Davam\u0131","og_url":"https:\/\/www.meydan.tv\/az\/article\/quzu-etinde-bahalasma-var-2\/","og_site_name":"MEYDAN.TV","article_published_time":"2024-08-27T10:53:13+00:00","article_modified_time":"2024-08-27T10:53:15+00:00","og_image":[{"width":1936,"height":1652,"url":"https:\/\/www.meydan.tv\/wp-content\/uploads\/18149-e1724755951715.jpg","type":"image\/jpeg"}],"author":"elli","twitter_card":"summary_large_image","twitter_creator":"@elli","schema":{"@context":"https:\/\/schema.org","@graph":[{"@type":"Article","@id":"https:\/\/www.meydan.tv\/az\/article\/quzu-etinde-bahalasma-var-2\/#article","isPartOf":{"@id":"https:\/\/www.meydan.tv\/az\/article\/quzu-etinde-bahalasma-var-2\/"},"author":{"name":"elli","@id":"https:\/\/www.meydan.tv\/az\/#\/schema\/person\/9cdbecf90d17180ce1dfbd95b08dcf47"},"headline":"Quzu \u0259tind\u0259 bahala\u015fma var","datePublished":"2024-08-27T10:53:13+00:00","dateModified":"2024-08-27T10:53:15+00:00","mainEntityOfPage":{"@id":"https:\/\/www.meydan.tv\/az\/article\/quzu-etinde-bahalasma-var-2\/"},"wordCount":506,"publisher":{"@id":"https:\/\/www.meydan.tv\/az\/#organization"},"image":{"@id":"https:\/\/www.meydan.tv\/az\/article\/quzu-etinde-bahalasma-var-2\/#primaryimage"},"thumbnailUrl":"https:\/\/www.meydan.tv\/wp-content\/uploads\/18149-e1724755951715.jpg","articleSection":["Sosial","T\u00f6vsiy\u0259","X\u0259b\u0259rl\u0259r"],"inLanguage":"az"},{"@type":"WebPage","@id":"https:\/\/www.meydan.tv\/az\/article\/quzu-etinde-bahalasma-var-2\/","url":"https:\/\/www.meydan.tv\/az\/article\/quzu-etinde-bahalasma-var-2\/","name":"Quzu \u0259tind\u0259 bahala\u015fma var - MEYDAN.TV","isPartOf":{"@id":"https:\/\/www.meydan.tv\/az\/#website"},"primaryImageOfPage":{"@id":"https:\/\/www.meydan.tv\/az\/article\/quzu-etinde-bahalasma-var-2\/#primaryimage"},"image":{"@id":"https:\/\/www.meydan.tv\/az\/article\/quzu-etinde-bahalasma-var-2\/#primaryimage"},"thumbnailUrl":"https:\/\/www.meydan.tv\/wp-content\/uploads\/18149-e1724755951715.jpg","datePublished":"2024-08-27T10:53:13+00:00","dateModified":"2024-08-27T10:53:15+00:00","breadcrumb":{"@id":"https:\/\/www.meydan.tv\/az\/article\/quzu-etinde-bahalasma-var-2\/#breadcrumb"},"inLanguage":"az","potentialAction":[{"@type":"ReadAction","target":["https:\/\/www.meydan.tv\/az\/article\/quzu-etinde-bahalasma-var-2\/"]}]},{"@type":"ImageObject","inLanguage":"az","@id":"https:\/\/www.meydan.tv\/az\/article\/quzu-etinde-bahalasma-var-2\/#primaryimage","url":"https:\/\/www.meydan.tv\/wp-content\/uploads\/18149-e1724755951715.jpg","contentUrl":"https:\/\/www.meydan.tv\/wp-content\/uploads\/18149-e1724755951715.jpg","width":1936,"height":1652,"caption":"Foto: arxiv"},{"@type":"BreadcrumbList","@id":"https:\/\/www.meydan.tv\/az\/article\/quzu-etinde-bahalasma-var-2\/#breadcrumb","itemListElement":[{"@type":"ListItem","position":1,"name":"Ana s\u0259hif\u0259","item":"https:\/\/www.meydan.tv\/az\/"},{"@type":"ListItem","position":2,"name":"Sosial","item":"https:\/\/www.meydan.tv\/az\/section\/sosial\/"},{"@type":"ListItem","position":3,"name":"Quzu \u0259tind\u0259 bahala\u015fma var"}]},{"@type":"WebSite","@id":"https:\/\/www.meydan.tv\/az\/#website","url":"https:\/\/www.meydan.tv\/az\/","name":"MEYDAN.TV","description":"Meydan TV Az\u0259rbaycan\u0131n media m\u0259kan\u0131ndak\u0131 alternativ s\u0259sidir","publisher":{"@id":"https:\/\/www.meydan.tv\/az\/#organization"},"potentialAction":[{"@type":"SearchAction","target":{"@type":"EntryPoint","urlTemplate":"https:\/\/www.meydan.tv\/az\/?s={search_term_string}"},"query-input":{"@type":"PropertyValueSpecification","valueRequired":true,"valueName":"search_term_string"}}],"inLanguage":"az"},{"@type":"Organization","@id":"https:\/\/www.meydan.tv\/az\/#organization","name":"Meydan TV","url":"https:\/\/www.meydan.tv\/az\/","logo":{"@type":"ImageObject","inLanguage":"az","@id":"https:\/\/www.meydan.tv\/az\/#\/schema\/logo\/image\/","url":"https:\/\/www.meydan.tv\/wp-content\/uploads\/2021\/07\/meydan-logo.svg","contentUrl":"https:\/\/www.meydan.tv\/wp-content\/uploads\/2021\/07\/meydan-logo.svg","width":195,"height":46,"caption":"Meydan TV"},"image":{"@id":"https:\/\/www.meydan.tv\/az\/#\/schema\/logo\/image\/"}},{"@type":"Person","@id":"https:\/\/www.meydan.tv\/az\/#\/schema\/person\/9cdbecf90d17180ce1dfbd95b08dcf47","name":"elli","sameAs":["https:\/\/x.com\/elli"]}]}},"_links":{"self":[{"href":"https:\/\/www.meydan.tv\/az\/wp-json\/wp\/v2\/posts\/313825","targetHints":{"allow":["GET"]}}],"collection":[{"href":"https:\/\/www.meydan.tv\/az\/wp-json\/wp\/v2\/posts"}],"about":[{"href":"https:\/\/www.meydan.tv\/az\/wp-json\/wp\/v2\/types\/post"}],"author":[{"embeddable":true,"href":"https:\/\/www.meydan.tv\/az\/wp-json\/wp\/v2\/users\/8"}],"replies":[{"embeddable":true,"href":"https:\/\/www.meydan.tv\/az\/wp-json\/wp\/v2\/comments?post=313825"}],"version-history":[{"count":1,"href":"https:\/\/www.meydan.tv\/az\/wp-json\/wp\/v2\/posts\/313825\/revisions"}],"predecessor-version":[{"id":313827,"href":"https:\/\/www.meydan.tv\/az\/wp-json\/wp\/v2\/posts\/313825\/revisions\/313827"}],"wp:featuredmedia":[{"embeddable":true,"href":"https:\/\/www.meydan.tv\/az\/wp-json\/wp\/v2\/media\/48346"}],"wp:attachment":[{"href":"https:\/\/www.meydan.tv\/az\/wp-json\/wp\/v2\/media?parent=313825"}],"wp:term":[{"taxonomy":"category","embeddable":true,"href":"https:\/\/www.meydan.tv\/az\/wp-json\/wp\/v2\/categories?post=313825"},{"taxonomy":"post_tag","embeddable":true,"href":"https:\/\/www.meydan.tv\/az\/wp-json\/wp\/v2\/tags?post=313825"}],"curies":[{"name":"wp","href":"https:\/\/api.w.org\/{rel}","templated":true}]}}