{"id":313818,"date":"2024-08-27T13:23:16","date_gmt":"2024-08-27T09:23:16","guid":{"rendered":"https:\/\/www.meydan.tv\/?p=313818"},"modified":"2024-08-27T13:23:18","modified_gmt":"2024-08-27T09:23:18","slug":"sehiyye-tv-16-min-manat-cerimelenib","status":"publish","type":"post","link":"https:\/\/www.meydan.tv\/az\/article\/sehiyye-tv-16-min-manat-cerimelenib\/","title":{"rendered":"\u201cS\u0259hiyy\u0259 TV\u201d\u00a0 16 min manat c\u0259rim\u0259l\u0259nib"},"content":{"rendered":"\n<p><\/p>\n\n\n\n<p><strong><em>S\u0259b\u0259b kimi &#8220;Reklam haqq\u0131nda&#8221; Qanun pozulmas\u0131 g\u00f6st\u0259rilir<\/em><\/strong><\/p>\n\n\n\n<p>Peyk yay\u0131m\u0131 h\u0259yata ke\u00e7irm\u0259y\u0259n platforma yay\u0131m\u00e7\u0131s\u0131 olan \u201cS\u0259hiyy\u0259 TV\u201d kanal\u0131 c\u0259rim\u0259l\u0259nib.<\/p>\n\n\n\n<p>Bu bar\u0259d\u0259 Audiovizual \u015euradan m\u0259lumat <a href=\"https:\/\/acra.gov.az\/az\/xeberler\/1264\">verilib.<\/a><\/p>\n\n\n\n<p>Buna s\u0259b\u0259b kanal\u0131n proqramlar\u0131n\u0131n \u015eura t\u0259r\u0259find\u0259n apar\u0131lan monitorinqi zaman\u0131 \u201cReklam haqq\u0131nda\u201d Az\u0259rbaycan Respublikas\u0131 Qanunun 4.3-c\u00fc madd\u0259sinin t\u0259l\u0259binin pozulmas\u0131 fakt\u0131 il\u0259 ba\u011fl\u0131d\u0131r.<\/p>\n\n\n\n<p>\u0130yunun 7-d\u0259 saat 20.00-da v\u0259 08 iyun 2024-c\u00fc il tarixd\u0259, saat 08.00-da kanal\u0131n efirind\u0259 yay\u0131mlanm\u0131\u015f tibb m\u00fc\u0259ssis\u0259l\u0259rinin reklam \u00e7arxlar\u0131nda h\u0259min tibb m\u00fc\u0259ssis\u0259l\u0259rinin lisenziyas\u0131n\u0131n v\u0259 ya sertifikat\u0131n\u0131n n\u00f6mr\u0259l\u0259ri, verilm\u0259 tarixl\u0259ri v\u0259 onlar\u0131 ver\u0259n orqan\u0131n ad\u0131 g\u00f6st\u0259rilm\u0259yib.<\/p>\n\n\n\n<p>Audiovizual \u015eura t\u0259r\u0259find\u0259n 2 protokol t\u0259rtib edilib v\u0259 m\u00fcvafiq m\u0259hk\u0259m\u0259y\u0259 g\u00f6nd\u0259rilib.<\/p>\n\n\n\n<p>M\u0259hk\u0259m\u0259nin q\u0259rarlar\u0131 il\u0259 \u201cS\u0259hiyy\u0259 TV\u201d MMC h\u0259r bir inzibati x\u0259ta \u00fczr\u0259 8000 manat olmaqla \u00fcmumi 16000 manat m\u0259bl\u0259\u011find\u0259 c\u0259rim\u0259 edilib.<\/p>\n\n\n\n<p>Bak\u0131 Apelyasiya M\u0259hk\u0259m\u0259si birinci instansiya m\u0259hk\u0259m\u0259sinin q\u0259rarlar\u0131n\u0131 q\u00fcvv\u0259d\u0259 saxlam\u0131\u015f v\u0259 h\u0259min q\u0259rarlar qanuni q\u00fcvv\u0259y\u0259 minib.<\/p>\n","protected":false},"excerpt":{"rendered":"<p>S\u0259b\u0259b kimi &#8220;Reklam haqq\u0131nda&#8221; Qanun pozulmas\u0131 g\u00f6st\u0259rilir Peyk yay\u0131m\u0131 h\u0259yata &#8230; <\/p>\n<p class=\"read-more-container\"><a title=\"\u201cS\u0259hiyy\u0259 TV\u201d\u00a0 16 min manat c\u0259rim\u0259l\u0259nib\" class=\"read-more button\" href=\"https:\/\/www.meydan.tv\/az\/article\/sehiyye-tv-16-min-manat-cerimelenib\/#more-313818\" aria-label=\"Read more about \u201cS\u0259hiyy\u0259 TV\u201d\u00a0 16 min manat c\u0259rim\u0259l\u0259nib\">Davam\u0131<\/a><\/p>\n","protected":false},"author":8,"featured_media":279999,"comment_status":"closed","ping_status":"closed","sticky":false,"template":"","format":"standard","meta":{"_acf_changed":false,"_sitemap_exclude":false,"_sitemap_priority":"","_sitemap_frequency":"","footnotes":""},"categories":[62,56],"tags":[],"class_list":["post-313818","post","type-post","status-publish","format-standard","has-post-thumbnail","hentry","category-sosial","category-xeberler","infinite-scroll-item","generate-columns","tablet-grid-50","mobile-grid-100","grid-parent","grid-33","no-featured-image-padding"],"acf":[],"yoast_head":"<!-- This site is optimized with the Yoast SEO plugin v27.5 - https:\/\/yoast.com\/product\/yoast-seo-wordpress\/ -->\n<title>\u201cS\u0259hiyy\u0259 TV\u201d\u00a0 16 min manat c\u0259rim\u0259l\u0259nib - MEYDAN.TV<\/title>\n<meta name=\"robots\" content=\"index, follow, max-snippet:-1, max-image-preview:large, max-video-preview:-1\" \/>\n<link rel=\"canonical\" href=\"https:\/\/www.meydan.tv\/az\/article\/sehiyye-tv-16-min-manat-cerimelenib\/\" \/>\n<meta property=\"og:locale\" content=\"az_AZ\" \/>\n<meta property=\"og:type\" content=\"article\" \/>\n<meta property=\"og:title\" content=\"\u201cS\u0259hiyy\u0259 TV\u201d\u00a0 16 min manat c\u0259rim\u0259l\u0259nib - MEYDAN.TV\" \/>\n<meta property=\"og:description\" content=\"S\u0259b\u0259b kimi &#8220;Reklam haqq\u0131nda&#8221; Qanun pozulmas\u0131 g\u00f6st\u0259rilir Peyk yay\u0131m\u0131 h\u0259yata ... Davam\u0131\" \/>\n<meta property=\"og:url\" content=\"https:\/\/www.meydan.tv\/az\/article\/sehiyye-tv-16-min-manat-cerimelenib\/\" \/>\n<meta property=\"og:site_name\" content=\"MEYDAN.TV\" \/>\n<meta property=\"article:published_time\" content=\"2024-08-27T09:23:16+00:00\" \/>\n<meta property=\"article:modified_time\" content=\"2024-08-27T09:23:18+00:00\" \/>\n<meta property=\"og:image\" content=\"https:\/\/www.meydan.tv\/wp-content\/uploads\/untitled-design-3-103.jpg\" \/>\n\t<meta property=\"og:image:width\" content=\"1200\" \/>\n\t<meta property=\"og:image:height\" content=\"800\" \/>\n\t<meta property=\"og:image:type\" content=\"image\/jpeg\" \/>\n<meta name=\"author\" content=\"elli\" \/>\n<meta name=\"twitter:card\" content=\"summary_large_image\" \/>\n<meta name=\"twitter:creator\" content=\"@elli\" \/>\n<script type=\"application\/ld+json\" class=\"yoast-schema-graph\">{\"@context\":\"https:\\\/\\\/schema.org\",\"@graph\":[{\"@type\":\"Article\",\"@id\":\"https:\\\/\\\/www.meydan.tv\\\/az\\\/article\\\/sehiyye-tv-16-min-manat-cerimelenib\\\/#article\",\"isPartOf\":{\"@id\":\"https:\\\/\\\/www.meydan.tv\\\/az\\\/article\\\/sehiyye-tv-16-min-manat-cerimelenib\\\/\"},\"author\":{\"name\":\"elli\",\"@id\":\"https:\\\/\\\/www.meydan.tv\\\/az\\\/#\\\/schema\\\/person\\\/9cdbecf90d17180ce1dfbd95b08dcf47\"},\"headline\":\"\u201cS\u0259hiyy\u0259 TV\u201d\u00a0 16 min manat c\u0259rim\u0259l\u0259nib\",\"datePublished\":\"2024-08-27T09:23:16+00:00\",\"dateModified\":\"2024-08-27T09:23:18+00:00\",\"mainEntityOfPage\":{\"@id\":\"https:\\\/\\\/www.meydan.tv\\\/az\\\/article\\\/sehiyye-tv-16-min-manat-cerimelenib\\\/\"},\"wordCount\":223,\"publisher\":{\"@id\":\"https:\\\/\\\/www.meydan.tv\\\/az\\\/#organization\"},\"image\":{\"@id\":\"https:\\\/\\\/www.meydan.tv\\\/az\\\/article\\\/sehiyye-tv-16-min-manat-cerimelenib\\\/#primaryimage\"},\"thumbnailUrl\":\"https:\\\/\\\/www.meydan.tv\\\/wp-content\\\/uploads\\\/untitled-design-3-103.jpg\",\"articleSection\":[\"Sosial\",\"X\u0259b\u0259rl\u0259r\"],\"inLanguage\":\"az\"},{\"@type\":\"WebPage\",\"@id\":\"https:\\\/\\\/www.meydan.tv\\\/az\\\/article\\\/sehiyye-tv-16-min-manat-cerimelenib\\\/\",\"url\":\"https:\\\/\\\/www.meydan.tv\\\/az\\\/article\\\/sehiyye-tv-16-min-manat-cerimelenib\\\/\",\"name\":\"\u201cS\u0259hiyy\u0259 TV\u201d\u00a0 16 min manat c\u0259rim\u0259l\u0259nib - MEYDAN.TV\",\"isPartOf\":{\"@id\":\"https:\\\/\\\/www.meydan.tv\\\/az\\\/#website\"},\"primaryImageOfPage\":{\"@id\":\"https:\\\/\\\/www.meydan.tv\\\/az\\\/article\\\/sehiyye-tv-16-min-manat-cerimelenib\\\/#primaryimage\"},\"image\":{\"@id\":\"https:\\\/\\\/www.meydan.tv\\\/az\\\/article\\\/sehiyye-tv-16-min-manat-cerimelenib\\\/#primaryimage\"},\"thumbnailUrl\":\"https:\\\/\\\/www.meydan.tv\\\/wp-content\\\/uploads\\\/untitled-design-3-103.jpg\",\"datePublished\":\"2024-08-27T09:23:16+00:00\",\"dateModified\":\"2024-08-27T09:23:18+00:00\",\"breadcrumb\":{\"@id\":\"https:\\\/\\\/www.meydan.tv\\\/az\\\/article\\\/sehiyye-tv-16-min-manat-cerimelenib\\\/#breadcrumb\"},\"inLanguage\":\"az\",\"potentialAction\":[{\"@type\":\"ReadAction\",\"target\":[\"https:\\\/\\\/www.meydan.tv\\\/az\\\/article\\\/sehiyye-tv-16-min-manat-cerimelenib\\\/\"]}]},{\"@type\":\"ImageObject\",\"inLanguage\":\"az\",\"@id\":\"https:\\\/\\\/www.meydan.tv\\\/az\\\/article\\\/sehiyye-tv-16-min-manat-cerimelenib\\\/#primaryimage\",\"url\":\"https:\\\/\\\/www.meydan.tv\\\/wp-content\\\/uploads\\\/untitled-design-3-103.jpg\",\"contentUrl\":\"https:\\\/\\\/www.meydan.tv\\\/wp-content\\\/uploads\\\/untitled-design-3-103.jpg\",\"width\":1200,\"height\":800,\"caption\":\"Bak\u0131 Apelyasiya M\u0259hk\u0259m\u0259si. Foto: \\\"e-huquq.az\\\"\"},{\"@type\":\"BreadcrumbList\",\"@id\":\"https:\\\/\\\/www.meydan.tv\\\/az\\\/article\\\/sehiyye-tv-16-min-manat-cerimelenib\\\/#breadcrumb\",\"itemListElement\":[{\"@type\":\"ListItem\",\"position\":1,\"name\":\"Ana s\u0259hif\u0259\",\"item\":\"https:\\\/\\\/www.meydan.tv\\\/az\\\/\"},{\"@type\":\"ListItem\",\"position\":2,\"name\":\"Sosial\",\"item\":\"https:\\\/\\\/www.meydan.tv\\\/az\\\/section\\\/sosial\\\/\"},{\"@type\":\"ListItem\",\"position\":3,\"name\":\"\u201cS\u0259hiyy\u0259 TV\u201d\u00a0 16 min manat c\u0259rim\u0259l\u0259nib\"}]},{\"@type\":\"WebSite\",\"@id\":\"https:\\\/\\\/www.meydan.tv\\\/az\\\/#website\",\"url\":\"https:\\\/\\\/www.meydan.tv\\\/az\\\/\",\"name\":\"MEYDAN.TV\",\"description\":\"Meydan TV Az\u0259rbaycan\u0131n media m\u0259kan\u0131ndak\u0131 alternativ s\u0259sidir\",\"publisher\":{\"@id\":\"https:\\\/\\\/www.meydan.tv\\\/az\\\/#organization\"},\"potentialAction\":[{\"@type\":\"SearchAction\",\"target\":{\"@type\":\"EntryPoint\",\"urlTemplate\":\"https:\\\/\\\/www.meydan.tv\\\/az\\\/?s={search_term_string}\"},\"query-input\":{\"@type\":\"PropertyValueSpecification\",\"valueRequired\":true,\"valueName\":\"search_term_string\"}}],\"inLanguage\":\"az\"},{\"@type\":\"Organization\",\"@id\":\"https:\\\/\\\/www.meydan.tv\\\/az\\\/#organization\",\"name\":\"Meydan TV\",\"url\":\"https:\\\/\\\/www.meydan.tv\\\/az\\\/\",\"logo\":{\"@type\":\"ImageObject\",\"inLanguage\":\"az\",\"@id\":\"https:\\\/\\\/www.meydan.tv\\\/az\\\/#\\\/schema\\\/logo\\\/image\\\/\",\"url\":\"https:\\\/\\\/www.meydan.tv\\\/wp-content\\\/uploads\\\/2021\\\/07\\\/meydan-logo.svg\",\"contentUrl\":\"https:\\\/\\\/www.meydan.tv\\\/wp-content\\\/uploads\\\/2021\\\/07\\\/meydan-logo.svg\",\"width\":195,\"height\":46,\"caption\":\"Meydan TV\"},\"image\":{\"@id\":\"https:\\\/\\\/www.meydan.tv\\\/az\\\/#\\\/schema\\\/logo\\\/image\\\/\"}},{\"@type\":\"Person\",\"@id\":\"https:\\\/\\\/www.meydan.tv\\\/az\\\/#\\\/schema\\\/person\\\/9cdbecf90d17180ce1dfbd95b08dcf47\",\"name\":\"elli\",\"sameAs\":[\"https:\\\/\\\/x.com\\\/elli\"]}]}<\/script>\n<!-- \/ Yoast SEO plugin. -->","yoast_head_json":{"title":"\u201cS\u0259hiyy\u0259 TV\u201d\u00a0 16 min manat c\u0259rim\u0259l\u0259nib - MEYDAN.TV","robots":{"index":"index","follow":"follow","max-snippet":"max-snippet:-1","max-image-preview":"max-image-preview:large","max-video-preview":"max-video-preview:-1"},"canonical":"https:\/\/www.meydan.tv\/az\/article\/sehiyye-tv-16-min-manat-cerimelenib\/","og_locale":"az_AZ","og_type":"article","og_title":"\u201cS\u0259hiyy\u0259 TV\u201d\u00a0 16 min manat c\u0259rim\u0259l\u0259nib - MEYDAN.TV","og_description":"S\u0259b\u0259b kimi &#8220;Reklam haqq\u0131nda&#8221; Qanun pozulmas\u0131 g\u00f6st\u0259rilir Peyk yay\u0131m\u0131 h\u0259yata ... Davam\u0131","og_url":"https:\/\/www.meydan.tv\/az\/article\/sehiyye-tv-16-min-manat-cerimelenib\/","og_site_name":"MEYDAN.TV","article_published_time":"2024-08-27T09:23:16+00:00","article_modified_time":"2024-08-27T09:23:18+00:00","og_image":[{"width":1200,"height":800,"url":"https:\/\/www.meydan.tv\/wp-content\/uploads\/untitled-design-3-103.jpg","type":"image\/jpeg"}],"author":"elli","twitter_card":"summary_large_image","twitter_creator":"@elli","schema":{"@context":"https:\/\/schema.org","@graph":[{"@type":"Article","@id":"https:\/\/www.meydan.tv\/az\/article\/sehiyye-tv-16-min-manat-cerimelenib\/#article","isPartOf":{"@id":"https:\/\/www.meydan.tv\/az\/article\/sehiyye-tv-16-min-manat-cerimelenib\/"},"author":{"name":"elli","@id":"https:\/\/www.meydan.tv\/az\/#\/schema\/person\/9cdbecf90d17180ce1dfbd95b08dcf47"},"headline":"\u201cS\u0259hiyy\u0259 TV\u201d\u00a0 16 min manat c\u0259rim\u0259l\u0259nib","datePublished":"2024-08-27T09:23:16+00:00","dateModified":"2024-08-27T09:23:18+00:00","mainEntityOfPage":{"@id":"https:\/\/www.meydan.tv\/az\/article\/sehiyye-tv-16-min-manat-cerimelenib\/"},"wordCount":223,"publisher":{"@id":"https:\/\/www.meydan.tv\/az\/#organization"},"image":{"@id":"https:\/\/www.meydan.tv\/az\/article\/sehiyye-tv-16-min-manat-cerimelenib\/#primaryimage"},"thumbnailUrl":"https:\/\/www.meydan.tv\/wp-content\/uploads\/untitled-design-3-103.jpg","articleSection":["Sosial","X\u0259b\u0259rl\u0259r"],"inLanguage":"az"},{"@type":"WebPage","@id":"https:\/\/www.meydan.tv\/az\/article\/sehiyye-tv-16-min-manat-cerimelenib\/","url":"https:\/\/www.meydan.tv\/az\/article\/sehiyye-tv-16-min-manat-cerimelenib\/","name":"\u201cS\u0259hiyy\u0259 TV\u201d\u00a0 16 min manat c\u0259rim\u0259l\u0259nib - MEYDAN.TV","isPartOf":{"@id":"https:\/\/www.meydan.tv\/az\/#website"},"primaryImageOfPage":{"@id":"https:\/\/www.meydan.tv\/az\/article\/sehiyye-tv-16-min-manat-cerimelenib\/#primaryimage"},"image":{"@id":"https:\/\/www.meydan.tv\/az\/article\/sehiyye-tv-16-min-manat-cerimelenib\/#primaryimage"},"thumbnailUrl":"https:\/\/www.meydan.tv\/wp-content\/uploads\/untitled-design-3-103.jpg","datePublished":"2024-08-27T09:23:16+00:00","dateModified":"2024-08-27T09:23:18+00:00","breadcrumb":{"@id":"https:\/\/www.meydan.tv\/az\/article\/sehiyye-tv-16-min-manat-cerimelenib\/#breadcrumb"},"inLanguage":"az","potentialAction":[{"@type":"ReadAction","target":["https:\/\/www.meydan.tv\/az\/article\/sehiyye-tv-16-min-manat-cerimelenib\/"]}]},{"@type":"ImageObject","inLanguage":"az","@id":"https:\/\/www.meydan.tv\/az\/article\/sehiyye-tv-16-min-manat-cerimelenib\/#primaryimage","url":"https:\/\/www.meydan.tv\/wp-content\/uploads\/untitled-design-3-103.jpg","contentUrl":"https:\/\/www.meydan.tv\/wp-content\/uploads\/untitled-design-3-103.jpg","width":1200,"height":800,"caption":"Bak\u0131 Apelyasiya M\u0259hk\u0259m\u0259si. Foto: \"e-huquq.az\""},{"@type":"BreadcrumbList","@id":"https:\/\/www.meydan.tv\/az\/article\/sehiyye-tv-16-min-manat-cerimelenib\/#breadcrumb","itemListElement":[{"@type":"ListItem","position":1,"name":"Ana s\u0259hif\u0259","item":"https:\/\/www.meydan.tv\/az\/"},{"@type":"ListItem","position":2,"name":"Sosial","item":"https:\/\/www.meydan.tv\/az\/section\/sosial\/"},{"@type":"ListItem","position":3,"name":"\u201cS\u0259hiyy\u0259 TV\u201d\u00a0 16 min manat c\u0259rim\u0259l\u0259nib"}]},{"@type":"WebSite","@id":"https:\/\/www.meydan.tv\/az\/#website","url":"https:\/\/www.meydan.tv\/az\/","name":"MEYDAN.TV","description":"Meydan TV Az\u0259rbaycan\u0131n media m\u0259kan\u0131ndak\u0131 alternativ s\u0259sidir","publisher":{"@id":"https:\/\/www.meydan.tv\/az\/#organization"},"potentialAction":[{"@type":"SearchAction","target":{"@type":"EntryPoint","urlTemplate":"https:\/\/www.meydan.tv\/az\/?s={search_term_string}"},"query-input":{"@type":"PropertyValueSpecification","valueRequired":true,"valueName":"search_term_string"}}],"inLanguage":"az"},{"@type":"Organization","@id":"https:\/\/www.meydan.tv\/az\/#organization","name":"Meydan TV","url":"https:\/\/www.meydan.tv\/az\/","logo":{"@type":"ImageObject","inLanguage":"az","@id":"https:\/\/www.meydan.tv\/az\/#\/schema\/logo\/image\/","url":"https:\/\/www.meydan.tv\/wp-content\/uploads\/2021\/07\/meydan-logo.svg","contentUrl":"https:\/\/www.meydan.tv\/wp-content\/uploads\/2021\/07\/meydan-logo.svg","width":195,"height":46,"caption":"Meydan TV"},"image":{"@id":"https:\/\/www.meydan.tv\/az\/#\/schema\/logo\/image\/"}},{"@type":"Person","@id":"https:\/\/www.meydan.tv\/az\/#\/schema\/person\/9cdbecf90d17180ce1dfbd95b08dcf47","name":"elli","sameAs":["https:\/\/x.com\/elli"]}]}},"_links":{"self":[{"href":"https:\/\/www.meydan.tv\/az\/wp-json\/wp\/v2\/posts\/313818","targetHints":{"allow":["GET"]}}],"collection":[{"href":"https:\/\/www.meydan.tv\/az\/wp-json\/wp\/v2\/posts"}],"about":[{"href":"https:\/\/www.meydan.tv\/az\/wp-json\/wp\/v2\/types\/post"}],"author":[{"embeddable":true,"href":"https:\/\/www.meydan.tv\/az\/wp-json\/wp\/v2\/users\/8"}],"replies":[{"embeddable":true,"href":"https:\/\/www.meydan.tv\/az\/wp-json\/wp\/v2\/comments?post=313818"}],"version-history":[{"count":1,"href":"https:\/\/www.meydan.tv\/az\/wp-json\/wp\/v2\/posts\/313818\/revisions"}],"predecessor-version":[{"id":313819,"href":"https:\/\/www.meydan.tv\/az\/wp-json\/wp\/v2\/posts\/313818\/revisions\/313819"}],"wp:featuredmedia":[{"embeddable":true,"href":"https:\/\/www.meydan.tv\/az\/wp-json\/wp\/v2\/media\/279999"}],"wp:attachment":[{"href":"https:\/\/www.meydan.tv\/az\/wp-json\/wp\/v2\/media?parent=313818"}],"wp:term":[{"taxonomy":"category","embeddable":true,"href":"https:\/\/www.meydan.tv\/az\/wp-json\/wp\/v2\/categories?post=313818"},{"taxonomy":"post_tag","embeddable":true,"href":"https:\/\/www.meydan.tv\/az\/wp-json\/wp\/v2\/tags?post=313818"}],"curies":[{"name":"wp","href":"https:\/\/api.w.org\/{rel}","templated":true}]}}