{"id":313814,"date":"2024-08-27T13:19:34","date_gmt":"2024-08-27T09:19:34","guid":{"rendered":"https:\/\/www.meydan.tv\/?p=313814"},"modified":"2024-08-27T13:42:15","modified_gmt":"2024-08-27T09:42:15","slug":"aspa-prezidenti-azerbaycan-avropa-surasindaki-movqeyini-cetinlesdirir","status":"publish","type":"post","link":"https:\/\/www.meydan.tv\/az\/article\/aspa-prezidenti-azerbaycan-avropa-surasindaki-movqeyini-cetinlesdirir\/","title":{"rendered":"A\u015ePA prezidenti: &#8220;Az\u0259rbaycan Avropa \u015euras\u0131ndak\u0131 m\u00f6vqeyini \u00e7\u0259tinl\u0259\u015fdirir&#8221;"},"content":{"rendered":"\n<p><\/p>\n\n\n\n<p><strong><em>&#8220;\u00d6z vicdanlar\u0131na uy\u011fun s\u0259s ver\u0259nl\u0259ri qara siyah\u0131ya salmaq \u0259ks n\u0259tic\u0259l\u0259r\u0259 g\u0259tirib \u00e7\u0131xara bil\u0259r\u201d<\/em><\/strong><\/p>\n\n\n\n<p>Avropa \u015euras\u0131 Parlament Assambleyas\u0131n\u0131n (A\u015e PA) prezidenti Teodor Russopulos Az\u0259rbaycan Xarici \u0130\u015fl\u0259r Nazirliyinin b\u0259yanatna reaksiya verib.<\/p>\n\n\n\n<p>O, A\u015ePA-n\u0131n Az\u0259rbaycan\u0131n \u0259leyhin\u0259 s\u0259s ver\u0259n deputatlar\u0131n\u0131n &#8220;persona non-qrata&#8221; elan edilm\u0259sini Bak\u0131n\u0131n yanl\u0131\u015f add\u0131m\u0131 kimi qiym\u0259tl\u0259ndirib.<\/p>\n\n\n\n<p>Bu bar\u0259d\u0259 avqustun 27-d\u0259 A\u015ePA-n\u0131n s\u0259hif\u0259sind\u0259 <a href=\"https:\/\/pace.coe.int\/en\/news\/9570\/azerbaijan-pace-president-reacts-to-ban-on-certain-pace-members-entering-the-country\">yaz\u0131l\u0131b<\/a>.<\/p>\n\n\n\n<p>A\u015ePA prezidenti deyib ki, Xarici \u0130\u015fl\u0259r Nazirliyinin b\u0259yanat\u0131 Az\u0259rbaycan\u0131n Avropa \u015euras\u0131ndak\u0131 haz\u0131rk\u0131 m\u00f6vqeyini \u00e7\u0259tinl\u0259\u015fdir\u0259n v\u0259 t\u0259\u0259ss\u00fcf do\u011furan siqnald\u0131r:<\/p>\n\n\n\n<p><em>&#8220;\u00dczv d\u00f6vl\u0259tl\u0259r \u00f6zl\u0259rini demokratiya standartlar\u0131na riay\u0259t etm\u0259k \u00f6hd\u0259liyini g\u00f6t\u00fcr\u00fcbl\u0259r. Odur ki, \u00f6z vicdanlar\u0131na uy\u011fun s\u0259s ver\u0259nl\u0259ri qara siyah\u0131ya salmaq yaln\u0131z \u0259ks n\u0259tic\u0259l\u0259r\u0259 g\u0259tirib \u00e7\u0131xara bil\u0259r\u201d.<\/em><\/p>\n\n\n\n<p>Avqustun 25-d\u0259 Az\u0259rbaycan Xarici \u0130\u015fl\u0259r Nazirliyinin s\u00f6z\u00e7\u00fcs\u00fc Ayxan Hac\u0131zad\u0259 demi\u015fdi ki, 2024-c\u00fc ilin yanvar\u0131nda Az\u0259rbaycan n\u00fcmay\u0259nd\u0259 hey\u0259tinin A\u015ePA-da s\u0259sverm\u0259 h\u00fcququndan m\u0259hrum edilm\u0259sin\u0259 s\u0259s ver\u0259n deputatlar \u00f6lk\u0259y\u0259 burax\u0131lmayacaq.<\/p>\n\n\n\n<p><strong>\u015evabe \u018fliyevi diktator, qada\u011fan\u0131 \u015f\u0259r\u0259f say\u0131r&#8230;<\/strong><\/p>\n\n\n\n<p>Onun ard\u0131nca A\u015e PA-n\u0131n Almaniyadan olan deputat\u0131 Frank \u015evabe X\u0130N r\u0259smisinin a\u00e7\u0131qlamas\u0131na reaksiya verib.<\/p>\n\n\n\n<p>Az\u0259rbaycan\u0131n d\u00f6vl\u0259t ba\u015f\u00e7\u0131s\u0131 \u0130lham \u018fliyevi diktator adland\u0131ran deputat daha sonra bel\u0259 deyib:<\/p>\n\n\n\n<p>\u201c<em>Az\u0259rbaycan h\u00f6kum\u0259ti m\u0259ni \u201cpersona-non qrata\u201d elan edib. Bu, o dem\u0259kdir ki,\u00a0 m\u0259n \u201carzuolunmaz\u201dam v\u0259 art\u0131q \u00f6lk\u0259y\u0259 getm\u0259y\u0259 icaz\u0259m yoxdur. \u018fg\u0259r bir diktator onu \u201cdiktator\u201d adland\u0131rd\u0131\u011f\u0131n\u0131z \u00fc\u00e7\u00fcn siz\u0259 \u00f6lk\u0259sin\u0259 giri\u015fi qada\u011fan edirs\u0259, bu, \u015f\u0259r\u0259fdir. Az\u0259rbaycanda insan haqlar\u0131n\u0131, demokratiyan\u0131 m\u00fcdafi\u0259 ed\u0259n, korrupsiyaya qar\u015f\u0131 \u00e7\u0131xan deputatlar\u0131n ba\u015f\u0131na g\u0259l\u0259nl\u0259r bel\u0259dir. Bu qada\u011falar m\u0259niml\u0259 b\u0259rab\u0259r onlarla ba\u015fqalar\u0131na da aid edilib. Ancaq \u00f6lk\u0259ni t\u0259rifl\u0259y\u0259n, insan haqlar\u0131 cinay\u0259tl\u0259rini \u00f6rt-basd\u0131r ed\u0259n tamamil\u0259 f\u0259rqli deputatlar bol-bol m\u00fckafatland\u0131r\u0131l\u0131blar. Buraya Bundestaq\u0131n deputatlar\u0131 da daxil idi. Korrupsiya i\u015fi h\u0259l\u0259 d\u0259 davam edir. Bu bax\u0131mdan, t\u0259\u0259ss\u00fcf ki, ba\u015fqa he\u00e7 n\u0259 g\u00f6zl\u0259m\u0259k olmazd\u0131\u201d.<\/em><\/p>\n\n\n\n<p><strong>Az\u0259rbaycan\u0131n A\u015ePA-da f\u0259aliyy\u0259ti n\u0259 vaxt dondurulub?<\/strong><\/p>\n\n\n\n<p>Yanvar\u0131n 22-d\u0259 Avropa \u015euras\u0131 Parlament Assambleyas\u0131 Az\u0259rbaycan n\u00fcmay\u0259nd\u0259 hey\u0259tinin f\u0259aliyy\u0259tinin m\u0259hdudla\u015fd\u0131r\u0131lmas\u0131 il\u0259 ba\u011fl\u0131 q\u0259rar q\u0259bul edib.<br>S\u0259b\u0259b kimi \u00f6lk\u0259d\u0259 artan siyasi h\u0259bsl\u0259r, A\u015ePA h\u0259mm\u0259ruz\u0259\u00e7il\u0259rin\u0259 qoyulan m\u0259hdudiyy\u0259tl\u0259r, onlar\u0131n siyasi m\u0259hbuslarla g\u00f6r\u00fc\u015f\u00fcn\u0259 imkan verilm\u0259m\u0259si, La\u00e7\u0131n d\u0259hlizin\u0259 burax\u0131lmamas\u0131 v\u0259 A\u015ePA-n\u0131 se\u00e7ki m\u00fc\u015fahid\u0259sin\u0259 d\u0259v\u0259t edilm\u0259m\u0259si g\u00f6st\u0259rilir.<\/p>\n\n\n\n<p>T\u0259klifl\u0259 Almaniyadan olan deputat Frank \u015evabe \u00e7\u0131x\u0131\u015f edib v\u0259 q\u0259rar s\u0259s \u00e7oxlu\u011fu il\u0259 q\u0259bul edilib.<\/p>\n\n\n\n<p>Bildirilir ki, bu t\u0259klifin qiym\u0259tl\u0259ndirilm\u0259sil\u0259 Avropa \u015euras\u0131 Parlament Assambleyas\u0131n\u0131n Monitorinq Komit\u0259si m\u0259\u015f\u011ful olacaq. Komit\u0259nin \u00f6z r\u0259yini t\u0259qdim etm\u0259k \u00fc\u00e7\u00fcn is\u0259 24 saat vaxt\u0131 var.<\/p>\n\n\n\n<p>Yanvar\u0131n 24-d\u0259 Az\u0259rbaycan\u0131n Avropa \u015euras\u0131 Parlament Assambleyas\u0131ndak\u0131 n\u00fcmay\u0259nd\u0259 hey\u0259ti b\u0259yanat ver\u0259r\u0259k, A\u015ePA il\u0259 \u0259m\u0259kda\u015fl\u0131\u011f\u0131 v\u0259 t\u0259\u015fkilatda i\u015ftirak\u0131n\u0131 qeyri-m\u00fc\u0259yy\u0259n m\u00fcdd\u0259t\u0259 dayand\u0131rmaq q\u0259rar\u0131n\u0131 elan edib.<\/p>\n\n\n\n<p>B\u0259yanat\u0131 s\u0259sl\u0259ndir\u0259n n\u00fcmay\u0259nd\u0259 hey\u0259tinin r\u0259hb\u0259ri S\u0259m\u0259d Seyidov, q\u0259rar\u0131 t\u0259\u015fkilatda olan Az\u0259rbaycana qar\u015f\u0131 \u0259dal\u0259tsiz m\u00f6vqe, islamafob, az\u0259rbaycanafob meyll\u0259rl\u0259 \u0259laq\u0259l\u0259ndirib.<\/p>\n\n\n\n<p><strong>B\u0259s Az\u0259rbaycan\u0131n Avropa il\u0259 \u0259laq\u0259l\u0259ri n\u0259 vaxtdan ba\u015flay\u0131r?<\/strong><\/p>\n\n\n\n<p>Az\u0259rbaycan il\u0259 Avropa \u015euras\u0131 aras\u0131nda \u0259laq\u0259l\u0259rin tarixi 1992-ci ild\u0259n ba\u015flay\u0131b.<\/p>\n\n\n\n<p>H\u0259min il yanvar\u0131n 24-d\u0259 Az\u0259rbaycan parlamenti \u201cx\u00fcsusi d\u0259v\u0259t edilmi\u015f qonaq\u201d statusu almaq \u00fc\u00e7\u00fcn Avropa \u015euras\u0131na m\u00fcraci\u0259t edib.<\/p>\n\n\n\n<p>1996-c\u0131 il mart\u0131n 17-18-d\u0259 Az\u0259rbaycan Avropa \u015euras\u0131n\u0131n Qanun vasit\u0259sil\u0259 Demokratiya \u00fczr\u0259 Avropa Komissiyas\u0131na \u00fczv q\u0259bul olunub.<\/p>\n\n\n\n<p>1996-c\u0131 il iyulun 13-d\u0259 is\u0259 Az\u0259rbaycan\u0131n Prezidenti Heyd\u0259r \u018fliyev Avropa \u015euras\u0131 ba\u015f katibinin ad\u0131na m\u0259ktub g\u00f6nd\u0259r\u0259r\u0259k Az\u0259rbaycan\u0131n Avropa \u015euras\u0131na tamh\u00fcquqlu \u00fczv q\u0259bul olunmaq v\u0259 dig\u0259r \u00fczv d\u00f6vl\u0259tl\u0259r kimi \u201c\u0130nsan h\u00fcquqlar\u0131n\u0131n v\u0259 \u0259sas azadl\u0131qlar\u0131n\u0131n m\u00fcdafi\u0259si haqq\u0131nda\u201d Avropa Konvensiyas\u0131na qo\u015fulmaq arzusunda oldu\u011funu bildirib.<\/p>\n\n\n\n<p>1998-ci il yanvar\u0131n 20-d\u0259 Prezident Heyd\u0259r \u018fliyev \u201cAz\u0259rbaycan Respublikas\u0131 il\u0259 Avropa \u015euras\u0131 aras\u0131nda \u0259m\u0259kda\u015fl\u0131\u011f\u0131n d\u0259rinl\u0259\u015fdirilm\u0259si v\u0259 Az\u0259rbaycan Respublikas\u0131n\u0131n Avropada m\u0259nafel\u0259rinin m\u00fcdafi\u0259 edilm\u0259si sah\u0259sind\u0259 t\u0259dbirl\u0259r haqq\u0131nda\u201d, 1999-cu il oktyabr\u0131n 21-d\u0259 \u201cAvropa \u015euras\u0131nda Az\u0259rbaycan Respublikas\u0131n\u0131n t\u0259msil\u00e7iliyinin t\u0259\u015fkilati t\u0259minat\u0131 haqq\u0131nda\u201d s\u0259r\u0259ncamlar verib.<\/p>\n\n\n\n<p>2000-ci il iyunun 26\u201328-d\u0259 A\u015ePA-n\u0131n n\u00f6vb\u0259ti sessiyas\u0131nda Az\u0259rbaycan Respublikas\u0131n\u0131n Avropa \u015euras\u0131n\u0131n tamh\u00fcquqlu \u00fczvl\u00fcy\u00fcn\u0259 q\u0259bul edilm\u0259sin\u0259 dair m\u00fcsb\u0259t r\u0259y verilib.<\/p>\n\n\n\n<p>Avropa \u015euras\u0131 Nazirl\u0259r Komit\u0259sinin 2000-ci il noyabr\u0131n 7-9-da ke\u00e7iril\u0259n sessiyas\u0131nda \u201cAz\u0259rbaycan\u0131n Avropa \u015euras\u0131na \u00fczv olma\u011fa d\u0259v\u0259t edilm\u0259si\u201d adl\u0131 14 sayl\u0131 q\u0259tnam\u0259 q\u0259bul edilib.<\/p>\n\n\n\n<p>N\u0259hay\u0259t, 2001-ci il yanvar\u0131n 17-d\u0259 Avropa \u015euras\u0131 Nazirl\u0259r Komit\u0259sinin n\u00fcmay\u0259nd\u0259l\u0259r s\u0259viyy\u0259sind\u0259 ke\u00e7irilmi\u015f iclas\u0131nda Az\u0259rbaycan\u0131n Avropa \u015euras\u0131na tamh\u00fcquqlu \u00fczv q\u0259bul edilm\u0259sin\u0259 dair q\u0259rar q\u0259bul edilib.&nbsp;<\/p>\n","protected":false},"excerpt":{"rendered":"<p>&#8220;\u00d6z vicdanlar\u0131na uy\u011fun s\u0259s ver\u0259nl\u0259ri qara siyah\u0131ya salmaq \u0259ks n\u0259tic\u0259l\u0259r\u0259 &#8230; <\/p>\n<p class=\"read-more-container\"><a title=\"A\u015ePA prezidenti: &#8220;Az\u0259rbaycan Avropa \u015euras\u0131ndak\u0131 m\u00f6vqeyini \u00e7\u0259tinl\u0259\u015fdirir&#8221;\" class=\"read-more button\" href=\"https:\/\/www.meydan.tv\/az\/article\/aspa-prezidenti-azerbaycan-avropa-surasindaki-movqeyini-cetinlesdirir\/#more-313814\" aria-label=\"Read more about A\u015ePA prezidenti: &#8220;Az\u0259rbaycan Avropa \u015euras\u0131ndak\u0131 m\u00f6vqeyini \u00e7\u0259tinl\u0259\u015fdirir&#8221;\">Davam\u0131<\/a><\/p>\n","protected":false},"author":8,"featured_media":313805,"comment_status":"closed","ping_status":"closed","sticky":false,"template":"","format":"standard","meta":{"_acf_changed":false,"_sitemap_exclude":false,"_sitemap_priority":"","_sitemap_frequency":"","footnotes":""},"categories":[59,79,56],"tags":[],"class_list":["post-313814","post","type-post","status-publish","format-standard","has-post-thumbnail","hentry","category-siyaset","category-featured","category-xeberler","infinite-scroll-item","generate-columns","tablet-grid-50","mobile-grid-100","grid-parent","grid-33","no-featured-image-padding"],"acf":[],"yoast_head":"<!-- This site is optimized with the Yoast SEO plugin v27.4 - https:\/\/yoast.com\/product\/yoast-seo-wordpress\/ -->\n<title>A\u015ePA prezidenti: &quot;Az\u0259rbaycan Avropa \u015euras\u0131ndak\u0131 m\u00f6vqeyini \u00e7\u0259tinl\u0259\u015fdirir&quot; - MEYDAN.TV<\/title>\n<meta name=\"description\" content=\"S\u0259b\u0259b kimi \u00f6lk\u0259d\u0259 artan siyasi h\u0259bsl\u0259r, A\u015ePA h\u0259mm\u0259ruz\u0259\u00e7il\u0259rin\u0259 qoyulan m\u0259hdudiyy\u0259tl\u0259r, onlar\u0131n siyasi m\u0259hbuslarla g\u00f6r\u00fc\u015f\u00fcn\u0259 imkan verilm\u0259m\u0259si, La\u00e7\u0131n d\u0259hlizin\u0259 burax\u0131lmamas\u0131 v\u0259 A\u015ePA-n\u0131 se\u00e7ki m\u00fc\u015fahid\u0259sin\u0259 d\u0259v\u0259t edilm\u0259m\u0259si g\u00f6st\u0259rilir.\" \/>\n<meta name=\"robots\" content=\"index, follow, max-snippet:-1, max-image-preview:large, max-video-preview:-1\" \/>\n<link rel=\"canonical\" href=\"https:\/\/www.meydan.tv\/az\/article\/aspa-prezidenti-azerbaycan-avropa-surasindaki-movqeyini-cetinlesdirir\/\" \/>\n<meta property=\"og:locale\" content=\"az_AZ\" \/>\n<meta property=\"og:type\" content=\"article\" \/>\n<meta property=\"og:title\" content=\"A\u015ePA prezidenti: &quot;Az\u0259rbaycan Avropa \u015euras\u0131ndak\u0131 m\u00f6vqeyini \u00e7\u0259tinl\u0259\u015fdirir&quot; - MEYDAN.TV\" \/>\n<meta property=\"og:description\" content=\"S\u0259b\u0259b kimi \u00f6lk\u0259d\u0259 artan siyasi h\u0259bsl\u0259r, A\u015ePA h\u0259mm\u0259ruz\u0259\u00e7il\u0259rin\u0259 qoyulan m\u0259hdudiyy\u0259tl\u0259r, onlar\u0131n siyasi m\u0259hbuslarla g\u00f6r\u00fc\u015f\u00fcn\u0259 imkan verilm\u0259m\u0259si, La\u00e7\u0131n d\u0259hlizin\u0259 burax\u0131lmamas\u0131 v\u0259 A\u015ePA-n\u0131 se\u00e7ki m\u00fc\u015fahid\u0259sin\u0259 d\u0259v\u0259t edilm\u0259m\u0259si g\u00f6st\u0259rilir.\" \/>\n<meta property=\"og:url\" content=\"https:\/\/www.meydan.tv\/az\/article\/aspa-prezidenti-azerbaycan-avropa-surasindaki-movqeyini-cetinlesdirir\/\" \/>\n<meta property=\"og:site_name\" content=\"MEYDAN.TV\" \/>\n<meta property=\"article:published_time\" content=\"2024-08-27T09:19:34+00:00\" \/>\n<meta property=\"article:modified_time\" content=\"2024-08-27T09:42:15+00:00\" \/>\n<meta property=\"og:image\" content=\"https:\/\/www.meydan.tv\/wp-content\/uploads\/9570-1-e1724750302296.png\" \/>\n\t<meta property=\"og:image:width\" content=\"1200\" \/>\n\t<meta property=\"og:image:height\" content=\"530\" \/>\n\t<meta property=\"og:image:type\" content=\"image\/png\" \/>\n<meta name=\"author\" content=\"elli\" \/>\n<meta name=\"twitter:card\" content=\"summary_large_image\" \/>\n<meta name=\"twitter:creator\" content=\"@elli\" \/>\n<script type=\"application\/ld+json\" class=\"yoast-schema-graph\">{\"@context\":\"https:\\\/\\\/schema.org\",\"@graph\":[{\"@type\":\"Article\",\"@id\":\"https:\\\/\\\/www.meydan.tv\\\/az\\\/article\\\/aspa-prezidenti-azerbaycan-avropa-surasindaki-movqeyini-cetinlesdirir\\\/#article\",\"isPartOf\":{\"@id\":\"https:\\\/\\\/www.meydan.tv\\\/az\\\/article\\\/aspa-prezidenti-azerbaycan-avropa-surasindaki-movqeyini-cetinlesdirir\\\/\"},\"author\":{\"name\":\"elli\",\"@id\":\"https:\\\/\\\/www.meydan.tv\\\/az\\\/#\\\/schema\\\/person\\\/9cdbecf90d17180ce1dfbd95b08dcf47\"},\"headline\":\"A\u015ePA prezidenti: &#8220;Az\u0259rbaycan Avropa \u015euras\u0131ndak\u0131 m\u00f6vqeyini \u00e7\u0259tinl\u0259\u015fdirir&#8221;\",\"datePublished\":\"2024-08-27T09:19:34+00:00\",\"dateModified\":\"2024-08-27T09:42:15+00:00\",\"mainEntityOfPage\":{\"@id\":\"https:\\\/\\\/www.meydan.tv\\\/az\\\/article\\\/aspa-prezidenti-azerbaycan-avropa-surasindaki-movqeyini-cetinlesdirir\\\/\"},\"wordCount\":1007,\"publisher\":{\"@id\":\"https:\\\/\\\/www.meydan.tv\\\/az\\\/#organization\"},\"image\":{\"@id\":\"https:\\\/\\\/www.meydan.tv\\\/az\\\/article\\\/aspa-prezidenti-azerbaycan-avropa-surasindaki-movqeyini-cetinlesdirir\\\/#primaryimage\"},\"thumbnailUrl\":\"https:\\\/\\\/www.meydan.tv\\\/wp-content\\\/uploads\\\/9570-1-e1724750302296.png\",\"articleSection\":[\"Siyas\u0259t\",\"T\u00f6vsiy\u0259\",\"X\u0259b\u0259rl\u0259r\"],\"inLanguage\":\"az\"},{\"@type\":\"WebPage\",\"@id\":\"https:\\\/\\\/www.meydan.tv\\\/az\\\/article\\\/aspa-prezidenti-azerbaycan-avropa-surasindaki-movqeyini-cetinlesdirir\\\/\",\"url\":\"https:\\\/\\\/www.meydan.tv\\\/az\\\/article\\\/aspa-prezidenti-azerbaycan-avropa-surasindaki-movqeyini-cetinlesdirir\\\/\",\"name\":\"A\u015ePA prezidenti: \\\"Az\u0259rbaycan Avropa \u015euras\u0131ndak\u0131 m\u00f6vqeyini \u00e7\u0259tinl\u0259\u015fdirir\\\" - MEYDAN.TV\",\"isPartOf\":{\"@id\":\"https:\\\/\\\/www.meydan.tv\\\/az\\\/#website\"},\"primaryImageOfPage\":{\"@id\":\"https:\\\/\\\/www.meydan.tv\\\/az\\\/article\\\/aspa-prezidenti-azerbaycan-avropa-surasindaki-movqeyini-cetinlesdirir\\\/#primaryimage\"},\"image\":{\"@id\":\"https:\\\/\\\/www.meydan.tv\\\/az\\\/article\\\/aspa-prezidenti-azerbaycan-avropa-surasindaki-movqeyini-cetinlesdirir\\\/#primaryimage\"},\"thumbnailUrl\":\"https:\\\/\\\/www.meydan.tv\\\/wp-content\\\/uploads\\\/9570-1-e1724750302296.png\",\"datePublished\":\"2024-08-27T09:19:34+00:00\",\"dateModified\":\"2024-08-27T09:42:15+00:00\",\"description\":\"S\u0259b\u0259b kimi \u00f6lk\u0259d\u0259 artan siyasi h\u0259bsl\u0259r, A\u015ePA h\u0259mm\u0259ruz\u0259\u00e7il\u0259rin\u0259 qoyulan m\u0259hdudiyy\u0259tl\u0259r, onlar\u0131n siyasi m\u0259hbuslarla g\u00f6r\u00fc\u015f\u00fcn\u0259 imkan verilm\u0259m\u0259si, La\u00e7\u0131n d\u0259hlizin\u0259 burax\u0131lmamas\u0131 v\u0259 A\u015ePA-n\u0131 se\u00e7ki m\u00fc\u015fahid\u0259sin\u0259 d\u0259v\u0259t edilm\u0259m\u0259si g\u00f6st\u0259rilir.\",\"breadcrumb\":{\"@id\":\"https:\\\/\\\/www.meydan.tv\\\/az\\\/article\\\/aspa-prezidenti-azerbaycan-avropa-surasindaki-movqeyini-cetinlesdirir\\\/#breadcrumb\"},\"inLanguage\":\"az\",\"potentialAction\":[{\"@type\":\"ReadAction\",\"target\":[\"https:\\\/\\\/www.meydan.tv\\\/az\\\/article\\\/aspa-prezidenti-azerbaycan-avropa-surasindaki-movqeyini-cetinlesdirir\\\/\"]}]},{\"@type\":\"ImageObject\",\"inLanguage\":\"az\",\"@id\":\"https:\\\/\\\/www.meydan.tv\\\/az\\\/article\\\/aspa-prezidenti-azerbaycan-avropa-surasindaki-movqeyini-cetinlesdirir\\\/#primaryimage\",\"url\":\"https:\\\/\\\/www.meydan.tv\\\/wp-content\\\/uploads\\\/9570-1-e1724750302296.png\",\"contentUrl\":\"https:\\\/\\\/www.meydan.tv\\\/wp-content\\\/uploads\\\/9570-1-e1724750302296.png\",\"width\":1200,\"height\":530,\"caption\":\"A\u015ePA prezidenti Teodor Russopulos. Foto: \\\"pace.coe.int\\\"\"},{\"@type\":\"BreadcrumbList\",\"@id\":\"https:\\\/\\\/www.meydan.tv\\\/az\\\/article\\\/aspa-prezidenti-azerbaycan-avropa-surasindaki-movqeyini-cetinlesdirir\\\/#breadcrumb\",\"itemListElement\":[{\"@type\":\"ListItem\",\"position\":1,\"name\":\"Ana s\u0259hif\u0259\",\"item\":\"https:\\\/\\\/www.meydan.tv\\\/az\\\/\"},{\"@type\":\"ListItem\",\"position\":2,\"name\":\"Siyas\u0259t\",\"item\":\"https:\\\/\\\/www.meydan.tv\\\/az\\\/section\\\/siyaset\\\/\"},{\"@type\":\"ListItem\",\"position\":3,\"name\":\"A\u015ePA prezidenti: &#8220;Az\u0259rbaycan Avropa \u015euras\u0131ndak\u0131 m\u00f6vqeyini \u00e7\u0259tinl\u0259\u015fdirir&#8221;\"}]},{\"@type\":\"WebSite\",\"@id\":\"https:\\\/\\\/www.meydan.tv\\\/az\\\/#website\",\"url\":\"https:\\\/\\\/www.meydan.tv\\\/az\\\/\",\"name\":\"MEYDAN.TV\",\"description\":\"Meydan TV Az\u0259rbaycan\u0131n media m\u0259kan\u0131ndak\u0131 alternativ s\u0259sidir\",\"publisher\":{\"@id\":\"https:\\\/\\\/www.meydan.tv\\\/az\\\/#organization\"},\"potentialAction\":[{\"@type\":\"SearchAction\",\"target\":{\"@type\":\"EntryPoint\",\"urlTemplate\":\"https:\\\/\\\/www.meydan.tv\\\/az\\\/?s={search_term_string}\"},\"query-input\":{\"@type\":\"PropertyValueSpecification\",\"valueRequired\":true,\"valueName\":\"search_term_string\"}}],\"inLanguage\":\"az\"},{\"@type\":\"Organization\",\"@id\":\"https:\\\/\\\/www.meydan.tv\\\/az\\\/#organization\",\"name\":\"Meydan TV\",\"url\":\"https:\\\/\\\/www.meydan.tv\\\/az\\\/\",\"logo\":{\"@type\":\"ImageObject\",\"inLanguage\":\"az\",\"@id\":\"https:\\\/\\\/www.meydan.tv\\\/az\\\/#\\\/schema\\\/logo\\\/image\\\/\",\"url\":\"https:\\\/\\\/www.meydan.tv\\\/wp-content\\\/uploads\\\/2021\\\/07\\\/meydan-logo.svg\",\"contentUrl\":\"https:\\\/\\\/www.meydan.tv\\\/wp-content\\\/uploads\\\/2021\\\/07\\\/meydan-logo.svg\",\"width\":195,\"height\":46,\"caption\":\"Meydan TV\"},\"image\":{\"@id\":\"https:\\\/\\\/www.meydan.tv\\\/az\\\/#\\\/schema\\\/logo\\\/image\\\/\"}},{\"@type\":\"Person\",\"@id\":\"https:\\\/\\\/www.meydan.tv\\\/az\\\/#\\\/schema\\\/person\\\/9cdbecf90d17180ce1dfbd95b08dcf47\",\"name\":\"elli\",\"sameAs\":[\"https:\\\/\\\/x.com\\\/elli\"]}]}<\/script>\n<!-- \/ Yoast SEO plugin. -->","yoast_head_json":{"title":"A\u015ePA prezidenti: \"Az\u0259rbaycan Avropa \u015euras\u0131ndak\u0131 m\u00f6vqeyini \u00e7\u0259tinl\u0259\u015fdirir\" - MEYDAN.TV","description":"S\u0259b\u0259b kimi \u00f6lk\u0259d\u0259 artan siyasi h\u0259bsl\u0259r, A\u015ePA h\u0259mm\u0259ruz\u0259\u00e7il\u0259rin\u0259 qoyulan m\u0259hdudiyy\u0259tl\u0259r, onlar\u0131n siyasi m\u0259hbuslarla g\u00f6r\u00fc\u015f\u00fcn\u0259 imkan verilm\u0259m\u0259si, La\u00e7\u0131n d\u0259hlizin\u0259 burax\u0131lmamas\u0131 v\u0259 A\u015ePA-n\u0131 se\u00e7ki m\u00fc\u015fahid\u0259sin\u0259 d\u0259v\u0259t edilm\u0259m\u0259si g\u00f6st\u0259rilir.","robots":{"index":"index","follow":"follow","max-snippet":"max-snippet:-1","max-image-preview":"max-image-preview:large","max-video-preview":"max-video-preview:-1"},"canonical":"https:\/\/www.meydan.tv\/az\/article\/aspa-prezidenti-azerbaycan-avropa-surasindaki-movqeyini-cetinlesdirir\/","og_locale":"az_AZ","og_type":"article","og_title":"A\u015ePA prezidenti: \"Az\u0259rbaycan Avropa \u015euras\u0131ndak\u0131 m\u00f6vqeyini \u00e7\u0259tinl\u0259\u015fdirir\" - MEYDAN.TV","og_description":"S\u0259b\u0259b kimi \u00f6lk\u0259d\u0259 artan siyasi h\u0259bsl\u0259r, A\u015ePA h\u0259mm\u0259ruz\u0259\u00e7il\u0259rin\u0259 qoyulan m\u0259hdudiyy\u0259tl\u0259r, onlar\u0131n siyasi m\u0259hbuslarla g\u00f6r\u00fc\u015f\u00fcn\u0259 imkan verilm\u0259m\u0259si, La\u00e7\u0131n d\u0259hlizin\u0259 burax\u0131lmamas\u0131 v\u0259 A\u015ePA-n\u0131 se\u00e7ki m\u00fc\u015fahid\u0259sin\u0259 d\u0259v\u0259t edilm\u0259m\u0259si g\u00f6st\u0259rilir.","og_url":"https:\/\/www.meydan.tv\/az\/article\/aspa-prezidenti-azerbaycan-avropa-surasindaki-movqeyini-cetinlesdirir\/","og_site_name":"MEYDAN.TV","article_published_time":"2024-08-27T09:19:34+00:00","article_modified_time":"2024-08-27T09:42:15+00:00","og_image":[{"width":1200,"height":530,"url":"https:\/\/www.meydan.tv\/wp-content\/uploads\/9570-1-e1724750302296.png","type":"image\/png"}],"author":"elli","twitter_card":"summary_large_image","twitter_creator":"@elli","schema":{"@context":"https:\/\/schema.org","@graph":[{"@type":"Article","@id":"https:\/\/www.meydan.tv\/az\/article\/aspa-prezidenti-azerbaycan-avropa-surasindaki-movqeyini-cetinlesdirir\/#article","isPartOf":{"@id":"https:\/\/www.meydan.tv\/az\/article\/aspa-prezidenti-azerbaycan-avropa-surasindaki-movqeyini-cetinlesdirir\/"},"author":{"name":"elli","@id":"https:\/\/www.meydan.tv\/az\/#\/schema\/person\/9cdbecf90d17180ce1dfbd95b08dcf47"},"headline":"A\u015ePA prezidenti: &#8220;Az\u0259rbaycan Avropa \u015euras\u0131ndak\u0131 m\u00f6vqeyini \u00e7\u0259tinl\u0259\u015fdirir&#8221;","datePublished":"2024-08-27T09:19:34+00:00","dateModified":"2024-08-27T09:42:15+00:00","mainEntityOfPage":{"@id":"https:\/\/www.meydan.tv\/az\/article\/aspa-prezidenti-azerbaycan-avropa-surasindaki-movqeyini-cetinlesdirir\/"},"wordCount":1007,"publisher":{"@id":"https:\/\/www.meydan.tv\/az\/#organization"},"image":{"@id":"https:\/\/www.meydan.tv\/az\/article\/aspa-prezidenti-azerbaycan-avropa-surasindaki-movqeyini-cetinlesdirir\/#primaryimage"},"thumbnailUrl":"https:\/\/www.meydan.tv\/wp-content\/uploads\/9570-1-e1724750302296.png","articleSection":["Siyas\u0259t","T\u00f6vsiy\u0259","X\u0259b\u0259rl\u0259r"],"inLanguage":"az"},{"@type":"WebPage","@id":"https:\/\/www.meydan.tv\/az\/article\/aspa-prezidenti-azerbaycan-avropa-surasindaki-movqeyini-cetinlesdirir\/","url":"https:\/\/www.meydan.tv\/az\/article\/aspa-prezidenti-azerbaycan-avropa-surasindaki-movqeyini-cetinlesdirir\/","name":"A\u015ePA prezidenti: \"Az\u0259rbaycan Avropa \u015euras\u0131ndak\u0131 m\u00f6vqeyini \u00e7\u0259tinl\u0259\u015fdirir\" - MEYDAN.TV","isPartOf":{"@id":"https:\/\/www.meydan.tv\/az\/#website"},"primaryImageOfPage":{"@id":"https:\/\/www.meydan.tv\/az\/article\/aspa-prezidenti-azerbaycan-avropa-surasindaki-movqeyini-cetinlesdirir\/#primaryimage"},"image":{"@id":"https:\/\/www.meydan.tv\/az\/article\/aspa-prezidenti-azerbaycan-avropa-surasindaki-movqeyini-cetinlesdirir\/#primaryimage"},"thumbnailUrl":"https:\/\/www.meydan.tv\/wp-content\/uploads\/9570-1-e1724750302296.png","datePublished":"2024-08-27T09:19:34+00:00","dateModified":"2024-08-27T09:42:15+00:00","description":"S\u0259b\u0259b kimi \u00f6lk\u0259d\u0259 artan siyasi h\u0259bsl\u0259r, A\u015ePA h\u0259mm\u0259ruz\u0259\u00e7il\u0259rin\u0259 qoyulan m\u0259hdudiyy\u0259tl\u0259r, onlar\u0131n siyasi m\u0259hbuslarla g\u00f6r\u00fc\u015f\u00fcn\u0259 imkan verilm\u0259m\u0259si, La\u00e7\u0131n d\u0259hlizin\u0259 burax\u0131lmamas\u0131 v\u0259 A\u015ePA-n\u0131 se\u00e7ki m\u00fc\u015fahid\u0259sin\u0259 d\u0259v\u0259t edilm\u0259m\u0259si g\u00f6st\u0259rilir.","breadcrumb":{"@id":"https:\/\/www.meydan.tv\/az\/article\/aspa-prezidenti-azerbaycan-avropa-surasindaki-movqeyini-cetinlesdirir\/#breadcrumb"},"inLanguage":"az","potentialAction":[{"@type":"ReadAction","target":["https:\/\/www.meydan.tv\/az\/article\/aspa-prezidenti-azerbaycan-avropa-surasindaki-movqeyini-cetinlesdirir\/"]}]},{"@type":"ImageObject","inLanguage":"az","@id":"https:\/\/www.meydan.tv\/az\/article\/aspa-prezidenti-azerbaycan-avropa-surasindaki-movqeyini-cetinlesdirir\/#primaryimage","url":"https:\/\/www.meydan.tv\/wp-content\/uploads\/9570-1-e1724750302296.png","contentUrl":"https:\/\/www.meydan.tv\/wp-content\/uploads\/9570-1-e1724750302296.png","width":1200,"height":530,"caption":"A\u015ePA prezidenti Teodor Russopulos. Foto: \"pace.coe.int\""},{"@type":"BreadcrumbList","@id":"https:\/\/www.meydan.tv\/az\/article\/aspa-prezidenti-azerbaycan-avropa-surasindaki-movqeyini-cetinlesdirir\/#breadcrumb","itemListElement":[{"@type":"ListItem","position":1,"name":"Ana s\u0259hif\u0259","item":"https:\/\/www.meydan.tv\/az\/"},{"@type":"ListItem","position":2,"name":"Siyas\u0259t","item":"https:\/\/www.meydan.tv\/az\/section\/siyaset\/"},{"@type":"ListItem","position":3,"name":"A\u015ePA prezidenti: &#8220;Az\u0259rbaycan Avropa \u015euras\u0131ndak\u0131 m\u00f6vqeyini \u00e7\u0259tinl\u0259\u015fdirir&#8221;"}]},{"@type":"WebSite","@id":"https:\/\/www.meydan.tv\/az\/#website","url":"https:\/\/www.meydan.tv\/az\/","name":"MEYDAN.TV","description":"Meydan TV Az\u0259rbaycan\u0131n media m\u0259kan\u0131ndak\u0131 alternativ s\u0259sidir","publisher":{"@id":"https:\/\/www.meydan.tv\/az\/#organization"},"potentialAction":[{"@type":"SearchAction","target":{"@type":"EntryPoint","urlTemplate":"https:\/\/www.meydan.tv\/az\/?s={search_term_string}"},"query-input":{"@type":"PropertyValueSpecification","valueRequired":true,"valueName":"search_term_string"}}],"inLanguage":"az"},{"@type":"Organization","@id":"https:\/\/www.meydan.tv\/az\/#organization","name":"Meydan TV","url":"https:\/\/www.meydan.tv\/az\/","logo":{"@type":"ImageObject","inLanguage":"az","@id":"https:\/\/www.meydan.tv\/az\/#\/schema\/logo\/image\/","url":"https:\/\/www.meydan.tv\/wp-content\/uploads\/2021\/07\/meydan-logo.svg","contentUrl":"https:\/\/www.meydan.tv\/wp-content\/uploads\/2021\/07\/meydan-logo.svg","width":195,"height":46,"caption":"Meydan TV"},"image":{"@id":"https:\/\/www.meydan.tv\/az\/#\/schema\/logo\/image\/"}},{"@type":"Person","@id":"https:\/\/www.meydan.tv\/az\/#\/schema\/person\/9cdbecf90d17180ce1dfbd95b08dcf47","name":"elli","sameAs":["https:\/\/x.com\/elli"]}]}},"_links":{"self":[{"href":"https:\/\/www.meydan.tv\/az\/wp-json\/wp\/v2\/posts\/313814","targetHints":{"allow":["GET"]}}],"collection":[{"href":"https:\/\/www.meydan.tv\/az\/wp-json\/wp\/v2\/posts"}],"about":[{"href":"https:\/\/www.meydan.tv\/az\/wp-json\/wp\/v2\/types\/post"}],"author":[{"embeddable":true,"href":"https:\/\/www.meydan.tv\/az\/wp-json\/wp\/v2\/users\/8"}],"replies":[{"embeddable":true,"href":"https:\/\/www.meydan.tv\/az\/wp-json\/wp\/v2\/comments?post=313814"}],"version-history":[{"count":3,"href":"https:\/\/www.meydan.tv\/az\/wp-json\/wp\/v2\/posts\/313814\/revisions"}],"predecessor-version":[{"id":313822,"href":"https:\/\/www.meydan.tv\/az\/wp-json\/wp\/v2\/posts\/313814\/revisions\/313822"}],"wp:featuredmedia":[{"embeddable":true,"href":"https:\/\/www.meydan.tv\/az\/wp-json\/wp\/v2\/media\/313805"}],"wp:attachment":[{"href":"https:\/\/www.meydan.tv\/az\/wp-json\/wp\/v2\/media?parent=313814"}],"wp:term":[{"taxonomy":"category","embeddable":true,"href":"https:\/\/www.meydan.tv\/az\/wp-json\/wp\/v2\/categories?post=313814"},{"taxonomy":"post_tag","embeddable":true,"href":"https:\/\/www.meydan.tv\/az\/wp-json\/wp\/v2\/tags?post=313814"}],"curies":[{"name":"wp","href":"https:\/\/api.w.org\/{rel}","templated":true}]}}