{"id":313793,"date":"2024-08-27T12:33:29","date_gmt":"2024-08-27T08:33:29","guid":{"rendered":"https:\/\/www.meydan.tv\/?p=313793"},"modified":"2024-08-27T18:02:11","modified_gmt":"2024-08-27T14:02:11","slug":"reutersin-emekdasi-ukraynada-helak-olub","status":"publish","type":"post","link":"https:\/\/www.meydan.tv\/az\/article\/reutersin-emekdasi-ukraynada-helak-olub\/","title":{"rendered":"\u201cReuters\u201din \u0259m\u0259kda\u015f\u0131 Ukraynada h\u0259lak olub"},"content":{"rendered":"\n<figure class=\"wp-block-embed is-type-video is-provider-youtube wp-block-embed-youtube wp-embed-aspect-16-9 wp-has-aspect-ratio\"><div class=\"wp-block-embed__wrapper\">\n<iframe title=\"Rusiya Ukraynaya \u0259n b\u00f6y\u00fck hava h\u00fccumlar\u0131ndan birini edib\" width=\"1200\" height=\"675\" data-src=\"https:\/\/www.youtube.com\/embed\/K5qZ2Ilh7yI?feature=oembed\" frameborder=\"0\" allow=\"accelerometer; autoplay; clipboard-write; encrypted-media; gyroscope; picture-in-picture; web-share\" referrerpolicy=\"strict-origin-when-cross-origin\" allowfullscreen src=\"data:image\/svg+xml;base64,PHN2ZyB3aWR0aD0iMSIgaGVpZ2h0PSIxIiB4bWxucz0iaHR0cDovL3d3dy53My5vcmcvMjAwMC9zdmciPjwvc3ZnPg==\" class=\"lazyload\" data-load-mode=\"1\"><\/iframe>\n<\/div><\/figure>\n\n\n\n<!--more-->\n\n\n\n<p><strong><em>Otel\u0259 at\u0131lan raket daha iki jurnalisti yaralay\u0131b<\/em><\/strong><\/p>\n\n\n\n<p>Ukraynan\u0131n \u015f\u0259rqind\u0259ki Kramatorsk \u015f\u0259h\u0259rind\u0259 otel\u0259 h\u00fccum zaman\u0131 \u201cReuters\u201d Agentliyinin Ukraynadak\u0131 m\u00fcharib\u0259ni i\u015f\u0131qland\u0131ran komandas\u0131n\u0131n \u00fczv\u00fc Rayan Evans \u00f6l\u00fcb. Daha iki \u201cReuters\u201d jurnalisti <a href=\"https:\/\/www.reuters.com\/world\/europe\/reuters-staff-hit-strike-hotel-ukraines-kramatorsk-2024-08-25\/\">yaralan\u0131b<\/a>.<\/p>\n\n\n\n<p>Agentlikd\u0259 t\u0259hl\u00fck\u0259sizlik \u00fczr\u0259 m\u0259sl\u0259h\u0259t\u00e7i kimi \u00e7al\u0131\u015fan Evans alt\u0131 n\u0259f\u0259rlik komandas\u0131 il\u0259 \u201cHotel Sapphire\u201d-d\u0259 qal\u0131rm\u0131\u015f.<\/p>\n\n\n\n<p>Agentliyin iki jurnalisti x\u0259st\u0259xanada m\u00fcalic\u0259 olunur. Onlardan birinin a\u011f\u0131r yaraland\u0131\u011f\u0131 bildirilir.<\/p>\n\n\n\n<p>&#8220;<em>Biz t\u0259cili olaraq h\u00fccumla ba\u011fl\u0131 \u0259lav\u0259 m\u0259lumat axtar\u0131r\u0131q, o c\u00fcml\u0259d\u0259n Kramatorskdak\u0131 s\u0259lahiyy\u0259tlil\u0259rl\u0259 i\u015fl\u0259yirik v\u0259 h\u0259mkarlar\u0131m\u0131z\u0131n, onlar\u0131n ail\u0259l\u0259rinin yan\u0131nday\u0131q&#8221;<\/em>, &#8211; \u201cReuters\u201d deyib.<\/p>\n\n\n\n<p>Ukrayna Prezidenti Volodimir Zelenski bildirib ki, otel Rusiyan\u0131n 500 km (310 mil) m\u0259saf\u0259d\u0259n vura bil\u0259n ballistik raketi olan \u201c\u0130sk\u0259nd\u0259r\u201d il\u0259 vurulub.<\/p>\n\n\n\n<p>O, m\u00fcraci\u0259tind\u0259 &#8220;Adi bir \u015f\u0259h\u0259r oteli rusiyal\u0131 \u0130sk\u0259nd\u0259r t\u0259r\u0259find\u0259n da\u011f\u0131d\u0131ld\u0131&#8221;, &#8211; deyib. \u018flav\u0259 edib ki, bu, &#8220;tamamil\u0259 m\u0259qs\u0259dy\u00f6nl\u00fc, d\u00fc\u015f\u00fcn\u00fclm\u00fc\u015f add\u0131md\u0131r\u201d.<\/p>\n\n\n\n<p>H\u0259l\u0259lik, oteli vuran raketin Rusiya t\u0259r\u0259find\u0259n at\u0131l\u0131b-at\u0131lmad\u0131\u011f\u0131 v\u0259 ya h\u0259min binan\u0131n q\u0259sd\u0259n vurulmas\u0131 t\u0259sdiql\u0259nm\u0259yib.<\/p>\n","protected":false},"excerpt":{"rendered":"","protected":false},"author":8,"featured_media":313794,"comment_status":"closed","ping_status":"closed","sticky":false,"template":"","format":"standard","meta":{"_acf_changed":false,"_sitemap_exclude":false,"_sitemap_priority":"","_sitemap_frequency":"","footnotes":""},"categories":[64,59,63,56],"tags":[],"class_list":["post-313793","post","type-post","status-publish","format-standard","has-post-thumbnail","hentry","category-dunya","category-siyaset","category-video-2","category-xeberler","infinite-scroll-item","generate-columns","tablet-grid-50","mobile-grid-100","grid-parent","grid-33","no-featured-image-padding"],"acf":[],"yoast_head":"<!-- This site is optimized with the Yoast SEO plugin v27.4 - https:\/\/yoast.com\/product\/yoast-seo-wordpress\/ -->\n<title>\u201cReuters\u201din \u0259m\u0259kda\u015f\u0131 Ukraynada h\u0259lak olub - MEYDAN.TV<\/title>\n<meta name=\"description\" content=\"Ukrayna Prezidenti Volodimir Zelenski bildirib ki, otel Rusiyan\u0131n 500 km (310 mil) m\u0259saf\u0259d\u0259n vura bil\u0259n ballistik raketi olan \u201c\u0130sk\u0259nd\u0259r\u201d il\u0259 vurulub.\" \/>\n<meta name=\"robots\" content=\"index, follow, max-snippet:-1, max-image-preview:large, max-video-preview:-1\" \/>\n<link rel=\"canonical\" href=\"https:\/\/www.meydan.tv\/az\/article\/reutersin-emekdasi-ukraynada-helak-olub\/\" \/>\n<meta property=\"og:locale\" content=\"az_AZ\" \/>\n<meta property=\"og:type\" content=\"article\" \/>\n<meta property=\"og:title\" content=\"\u201cReuters\u201din \u0259m\u0259kda\u015f\u0131 Ukraynada h\u0259lak olub - MEYDAN.TV\" \/>\n<meta property=\"og:description\" content=\"Ukrayna Prezidenti Volodimir Zelenski bildirib ki, otel Rusiyan\u0131n 500 km (310 mil) m\u0259saf\u0259d\u0259n vura bil\u0259n ballistik raketi olan \u201c\u0130sk\u0259nd\u0259r\u201d il\u0259 vurulub.\" \/>\n<meta property=\"og:url\" content=\"https:\/\/www.meydan.tv\/az\/article\/reutersin-emekdasi-ukraynada-helak-olub\/\" \/>\n<meta property=\"og:site_name\" content=\"MEYDAN.TV\" \/>\n<meta property=\"article:published_time\" content=\"2024-08-27T08:33:29+00:00\" \/>\n<meta property=\"article:modified_time\" content=\"2024-08-27T14:02:11+00:00\" \/>\n<meta property=\"og:image\" content=\"https:\/\/www.meydan.tv\/wp-content\/uploads\/https___cloudfront-us-east-2.images.arcpublishing.com_reuters_3kngtizn2rgfvg2tc3kby23laq-e1724747602997.jpg\" \/>\n\t<meta property=\"og:image:width\" content=\"1200\" \/>\n\t<meta property=\"og:image:height\" content=\"534\" \/>\n\t<meta property=\"og:image:type\" content=\"image\/jpeg\" \/>\n<meta name=\"author\" content=\"elli\" \/>\n<meta name=\"twitter:card\" content=\"summary_large_image\" \/>\n<meta name=\"twitter:creator\" content=\"@elli\" \/>\n<script type=\"application\/ld+json\" class=\"yoast-schema-graph\">{\"@context\":\"https:\\\/\\\/schema.org\",\"@graph\":[{\"@type\":\"Article\",\"@id\":\"https:\\\/\\\/www.meydan.tv\\\/az\\\/article\\\/reutersin-emekdasi-ukraynada-helak-olub\\\/#article\",\"isPartOf\":{\"@id\":\"https:\\\/\\\/www.meydan.tv\\\/az\\\/article\\\/reutersin-emekdasi-ukraynada-helak-olub\\\/\"},\"author\":{\"name\":\"elli\",\"@id\":\"https:\\\/\\\/www.meydan.tv\\\/az\\\/#\\\/schema\\\/person\\\/9cdbecf90d17180ce1dfbd95b08dcf47\"},\"headline\":\"\u201cReuters\u201din \u0259m\u0259kda\u015f\u0131 Ukraynada h\u0259lak olub\",\"datePublished\":\"2024-08-27T08:33:29+00:00\",\"dateModified\":\"2024-08-27T14:02:11+00:00\",\"mainEntityOfPage\":{\"@id\":\"https:\\\/\\\/www.meydan.tv\\\/az\\\/article\\\/reutersin-emekdasi-ukraynada-helak-olub\\\/\"},\"wordCount\":240,\"publisher\":{\"@id\":\"https:\\\/\\\/www.meydan.tv\\\/az\\\/#organization\"},\"image\":{\"@id\":\"https:\\\/\\\/www.meydan.tv\\\/az\\\/article\\\/reutersin-emekdasi-ukraynada-helak-olub\\\/#primaryimage\"},\"thumbnailUrl\":\"https:\\\/\\\/www.meydan.tv\\\/wp-content\\\/uploads\\\/https___cloudfront-us-east-2.images.arcpublishing.com_reuters_3kngtizn2rgfvg2tc3kby23laq-e1724747602997.jpg\",\"articleSection\":[\"D\u00fcnya\",\"Siyas\u0259t\",\"Video\",\"X\u0259b\u0259rl\u0259r\"],\"inLanguage\":\"az\"},{\"@type\":\"WebPage\",\"@id\":\"https:\\\/\\\/www.meydan.tv\\\/az\\\/article\\\/reutersin-emekdasi-ukraynada-helak-olub\\\/\",\"url\":\"https:\\\/\\\/www.meydan.tv\\\/az\\\/article\\\/reutersin-emekdasi-ukraynada-helak-olub\\\/\",\"name\":\"\u201cReuters\u201din \u0259m\u0259kda\u015f\u0131 Ukraynada h\u0259lak olub - MEYDAN.TV\",\"isPartOf\":{\"@id\":\"https:\\\/\\\/www.meydan.tv\\\/az\\\/#website\"},\"primaryImageOfPage\":{\"@id\":\"https:\\\/\\\/www.meydan.tv\\\/az\\\/article\\\/reutersin-emekdasi-ukraynada-helak-olub\\\/#primaryimage\"},\"image\":{\"@id\":\"https:\\\/\\\/www.meydan.tv\\\/az\\\/article\\\/reutersin-emekdasi-ukraynada-helak-olub\\\/#primaryimage\"},\"thumbnailUrl\":\"https:\\\/\\\/www.meydan.tv\\\/wp-content\\\/uploads\\\/https___cloudfront-us-east-2.images.arcpublishing.com_reuters_3kngtizn2rgfvg2tc3kby23laq-e1724747602997.jpg\",\"datePublished\":\"2024-08-27T08:33:29+00:00\",\"dateModified\":\"2024-08-27T14:02:11+00:00\",\"description\":\"Ukrayna Prezidenti Volodimir Zelenski bildirib ki, otel Rusiyan\u0131n 500 km (310 mil) m\u0259saf\u0259d\u0259n vura bil\u0259n ballistik raketi olan \u201c\u0130sk\u0259nd\u0259r\u201d il\u0259 vurulub.\",\"breadcrumb\":{\"@id\":\"https:\\\/\\\/www.meydan.tv\\\/az\\\/article\\\/reutersin-emekdasi-ukraynada-helak-olub\\\/#breadcrumb\"},\"inLanguage\":\"az\",\"potentialAction\":[{\"@type\":\"ReadAction\",\"target\":[\"https:\\\/\\\/www.meydan.tv\\\/az\\\/article\\\/reutersin-emekdasi-ukraynada-helak-olub\\\/\"]}]},{\"@type\":\"ImageObject\",\"inLanguage\":\"az\",\"@id\":\"https:\\\/\\\/www.meydan.tv\\\/az\\\/article\\\/reutersin-emekdasi-ukraynada-helak-olub\\\/#primaryimage\",\"url\":\"https:\\\/\\\/www.meydan.tv\\\/wp-content\\\/uploads\\\/https___cloudfront-us-east-2.images.arcpublishing.com_reuters_3kngtizn2rgfvg2tc3kby23laq-e1724747602997.jpg\",\"contentUrl\":\"https:\\\/\\\/www.meydan.tv\\\/wp-content\\\/uploads\\\/https___cloudfront-us-east-2.images.arcpublishing.com_reuters_3kngtizn2rgfvg2tc3kby23laq-e1724747602997.jpg\",\"width\":1200,\"height\":534,\"caption\":\"Rayan Evans. Foto: Reuters\"},{\"@type\":\"BreadcrumbList\",\"@id\":\"https:\\\/\\\/www.meydan.tv\\\/az\\\/article\\\/reutersin-emekdasi-ukraynada-helak-olub\\\/#breadcrumb\",\"itemListElement\":[{\"@type\":\"ListItem\",\"position\":1,\"name\":\"Ana s\u0259hif\u0259\",\"item\":\"https:\\\/\\\/www.meydan.tv\\\/az\\\/\"},{\"@type\":\"ListItem\",\"position\":2,\"name\":\"D\u00fcnya\",\"item\":\"https:\\\/\\\/www.meydan.tv\\\/az\\\/section\\\/dunya\\\/\"},{\"@type\":\"ListItem\",\"position\":3,\"name\":\"\u201cReuters\u201din \u0259m\u0259kda\u015f\u0131 Ukraynada h\u0259lak olub\"}]},{\"@type\":\"WebSite\",\"@id\":\"https:\\\/\\\/www.meydan.tv\\\/az\\\/#website\",\"url\":\"https:\\\/\\\/www.meydan.tv\\\/az\\\/\",\"name\":\"MEYDAN.TV\",\"description\":\"Meydan TV Az\u0259rbaycan\u0131n media m\u0259kan\u0131ndak\u0131 alternativ s\u0259sidir\",\"publisher\":{\"@id\":\"https:\\\/\\\/www.meydan.tv\\\/az\\\/#organization\"},\"potentialAction\":[{\"@type\":\"SearchAction\",\"target\":{\"@type\":\"EntryPoint\",\"urlTemplate\":\"https:\\\/\\\/www.meydan.tv\\\/az\\\/?s={search_term_string}\"},\"query-input\":{\"@type\":\"PropertyValueSpecification\",\"valueRequired\":true,\"valueName\":\"search_term_string\"}}],\"inLanguage\":\"az\"},{\"@type\":\"Organization\",\"@id\":\"https:\\\/\\\/www.meydan.tv\\\/az\\\/#organization\",\"name\":\"Meydan TV\",\"url\":\"https:\\\/\\\/www.meydan.tv\\\/az\\\/\",\"logo\":{\"@type\":\"ImageObject\",\"inLanguage\":\"az\",\"@id\":\"https:\\\/\\\/www.meydan.tv\\\/az\\\/#\\\/schema\\\/logo\\\/image\\\/\",\"url\":\"https:\\\/\\\/www.meydan.tv\\\/wp-content\\\/uploads\\\/2021\\\/07\\\/meydan-logo.svg\",\"contentUrl\":\"https:\\\/\\\/www.meydan.tv\\\/wp-content\\\/uploads\\\/2021\\\/07\\\/meydan-logo.svg\",\"width\":195,\"height\":46,\"caption\":\"Meydan TV\"},\"image\":{\"@id\":\"https:\\\/\\\/www.meydan.tv\\\/az\\\/#\\\/schema\\\/logo\\\/image\\\/\"}},{\"@type\":\"Person\",\"@id\":\"https:\\\/\\\/www.meydan.tv\\\/az\\\/#\\\/schema\\\/person\\\/9cdbecf90d17180ce1dfbd95b08dcf47\",\"name\":\"elli\",\"sameAs\":[\"https:\\\/\\\/x.com\\\/elli\"]}]}<\/script>\n<!-- \/ Yoast SEO plugin. -->","yoast_head_json":{"title":"\u201cReuters\u201din \u0259m\u0259kda\u015f\u0131 Ukraynada h\u0259lak olub - MEYDAN.TV","description":"Ukrayna Prezidenti Volodimir Zelenski bildirib ki, otel Rusiyan\u0131n 500 km (310 mil) m\u0259saf\u0259d\u0259n vura bil\u0259n ballistik raketi olan \u201c\u0130sk\u0259nd\u0259r\u201d il\u0259 vurulub.","robots":{"index":"index","follow":"follow","max-snippet":"max-snippet:-1","max-image-preview":"max-image-preview:large","max-video-preview":"max-video-preview:-1"},"canonical":"https:\/\/www.meydan.tv\/az\/article\/reutersin-emekdasi-ukraynada-helak-olub\/","og_locale":"az_AZ","og_type":"article","og_title":"\u201cReuters\u201din \u0259m\u0259kda\u015f\u0131 Ukraynada h\u0259lak olub - MEYDAN.TV","og_description":"Ukrayna Prezidenti Volodimir Zelenski bildirib ki, otel Rusiyan\u0131n 500 km (310 mil) m\u0259saf\u0259d\u0259n vura bil\u0259n ballistik raketi olan \u201c\u0130sk\u0259nd\u0259r\u201d il\u0259 vurulub.","og_url":"https:\/\/www.meydan.tv\/az\/article\/reutersin-emekdasi-ukraynada-helak-olub\/","og_site_name":"MEYDAN.TV","article_published_time":"2024-08-27T08:33:29+00:00","article_modified_time":"2024-08-27T14:02:11+00:00","og_image":[{"width":1200,"height":534,"url":"https:\/\/www.meydan.tv\/wp-content\/uploads\/https___cloudfront-us-east-2.images.arcpublishing.com_reuters_3kngtizn2rgfvg2tc3kby23laq-e1724747602997.jpg","type":"image\/jpeg"}],"author":"elli","twitter_card":"summary_large_image","twitter_creator":"@elli","schema":{"@context":"https:\/\/schema.org","@graph":[{"@type":"Article","@id":"https:\/\/www.meydan.tv\/az\/article\/reutersin-emekdasi-ukraynada-helak-olub\/#article","isPartOf":{"@id":"https:\/\/www.meydan.tv\/az\/article\/reutersin-emekdasi-ukraynada-helak-olub\/"},"author":{"name":"elli","@id":"https:\/\/www.meydan.tv\/az\/#\/schema\/person\/9cdbecf90d17180ce1dfbd95b08dcf47"},"headline":"\u201cReuters\u201din \u0259m\u0259kda\u015f\u0131 Ukraynada h\u0259lak olub","datePublished":"2024-08-27T08:33:29+00:00","dateModified":"2024-08-27T14:02:11+00:00","mainEntityOfPage":{"@id":"https:\/\/www.meydan.tv\/az\/article\/reutersin-emekdasi-ukraynada-helak-olub\/"},"wordCount":240,"publisher":{"@id":"https:\/\/www.meydan.tv\/az\/#organization"},"image":{"@id":"https:\/\/www.meydan.tv\/az\/article\/reutersin-emekdasi-ukraynada-helak-olub\/#primaryimage"},"thumbnailUrl":"https:\/\/www.meydan.tv\/wp-content\/uploads\/https___cloudfront-us-east-2.images.arcpublishing.com_reuters_3kngtizn2rgfvg2tc3kby23laq-e1724747602997.jpg","articleSection":["D\u00fcnya","Siyas\u0259t","Video","X\u0259b\u0259rl\u0259r"],"inLanguage":"az"},{"@type":"WebPage","@id":"https:\/\/www.meydan.tv\/az\/article\/reutersin-emekdasi-ukraynada-helak-olub\/","url":"https:\/\/www.meydan.tv\/az\/article\/reutersin-emekdasi-ukraynada-helak-olub\/","name":"\u201cReuters\u201din \u0259m\u0259kda\u015f\u0131 Ukraynada h\u0259lak olub - MEYDAN.TV","isPartOf":{"@id":"https:\/\/www.meydan.tv\/az\/#website"},"primaryImageOfPage":{"@id":"https:\/\/www.meydan.tv\/az\/article\/reutersin-emekdasi-ukraynada-helak-olub\/#primaryimage"},"image":{"@id":"https:\/\/www.meydan.tv\/az\/article\/reutersin-emekdasi-ukraynada-helak-olub\/#primaryimage"},"thumbnailUrl":"https:\/\/www.meydan.tv\/wp-content\/uploads\/https___cloudfront-us-east-2.images.arcpublishing.com_reuters_3kngtizn2rgfvg2tc3kby23laq-e1724747602997.jpg","datePublished":"2024-08-27T08:33:29+00:00","dateModified":"2024-08-27T14:02:11+00:00","description":"Ukrayna Prezidenti Volodimir Zelenski bildirib ki, otel Rusiyan\u0131n 500 km (310 mil) m\u0259saf\u0259d\u0259n vura bil\u0259n ballistik raketi olan \u201c\u0130sk\u0259nd\u0259r\u201d il\u0259 vurulub.","breadcrumb":{"@id":"https:\/\/www.meydan.tv\/az\/article\/reutersin-emekdasi-ukraynada-helak-olub\/#breadcrumb"},"inLanguage":"az","potentialAction":[{"@type":"ReadAction","target":["https:\/\/www.meydan.tv\/az\/article\/reutersin-emekdasi-ukraynada-helak-olub\/"]}]},{"@type":"ImageObject","inLanguage":"az","@id":"https:\/\/www.meydan.tv\/az\/article\/reutersin-emekdasi-ukraynada-helak-olub\/#primaryimage","url":"https:\/\/www.meydan.tv\/wp-content\/uploads\/https___cloudfront-us-east-2.images.arcpublishing.com_reuters_3kngtizn2rgfvg2tc3kby23laq-e1724747602997.jpg","contentUrl":"https:\/\/www.meydan.tv\/wp-content\/uploads\/https___cloudfront-us-east-2.images.arcpublishing.com_reuters_3kngtizn2rgfvg2tc3kby23laq-e1724747602997.jpg","width":1200,"height":534,"caption":"Rayan Evans. Foto: Reuters"},{"@type":"BreadcrumbList","@id":"https:\/\/www.meydan.tv\/az\/article\/reutersin-emekdasi-ukraynada-helak-olub\/#breadcrumb","itemListElement":[{"@type":"ListItem","position":1,"name":"Ana s\u0259hif\u0259","item":"https:\/\/www.meydan.tv\/az\/"},{"@type":"ListItem","position":2,"name":"D\u00fcnya","item":"https:\/\/www.meydan.tv\/az\/section\/dunya\/"},{"@type":"ListItem","position":3,"name":"\u201cReuters\u201din \u0259m\u0259kda\u015f\u0131 Ukraynada h\u0259lak olub"}]},{"@type":"WebSite","@id":"https:\/\/www.meydan.tv\/az\/#website","url":"https:\/\/www.meydan.tv\/az\/","name":"MEYDAN.TV","description":"Meydan TV Az\u0259rbaycan\u0131n media m\u0259kan\u0131ndak\u0131 alternativ s\u0259sidir","publisher":{"@id":"https:\/\/www.meydan.tv\/az\/#organization"},"potentialAction":[{"@type":"SearchAction","target":{"@type":"EntryPoint","urlTemplate":"https:\/\/www.meydan.tv\/az\/?s={search_term_string}"},"query-input":{"@type":"PropertyValueSpecification","valueRequired":true,"valueName":"search_term_string"}}],"inLanguage":"az"},{"@type":"Organization","@id":"https:\/\/www.meydan.tv\/az\/#organization","name":"Meydan TV","url":"https:\/\/www.meydan.tv\/az\/","logo":{"@type":"ImageObject","inLanguage":"az","@id":"https:\/\/www.meydan.tv\/az\/#\/schema\/logo\/image\/","url":"https:\/\/www.meydan.tv\/wp-content\/uploads\/2021\/07\/meydan-logo.svg","contentUrl":"https:\/\/www.meydan.tv\/wp-content\/uploads\/2021\/07\/meydan-logo.svg","width":195,"height":46,"caption":"Meydan TV"},"image":{"@id":"https:\/\/www.meydan.tv\/az\/#\/schema\/logo\/image\/"}},{"@type":"Person","@id":"https:\/\/www.meydan.tv\/az\/#\/schema\/person\/9cdbecf90d17180ce1dfbd95b08dcf47","name":"elli","sameAs":["https:\/\/x.com\/elli"]}]}},"_links":{"self":[{"href":"https:\/\/www.meydan.tv\/az\/wp-json\/wp\/v2\/posts\/313793","targetHints":{"allow":["GET"]}}],"collection":[{"href":"https:\/\/www.meydan.tv\/az\/wp-json\/wp\/v2\/posts"}],"about":[{"href":"https:\/\/www.meydan.tv\/az\/wp-json\/wp\/v2\/types\/post"}],"author":[{"embeddable":true,"href":"https:\/\/www.meydan.tv\/az\/wp-json\/wp\/v2\/users\/8"}],"replies":[{"embeddable":true,"href":"https:\/\/www.meydan.tv\/az\/wp-json\/wp\/v2\/comments?post=313793"}],"version-history":[{"count":2,"href":"https:\/\/www.meydan.tv\/az\/wp-json\/wp\/v2\/posts\/313793\/revisions"}],"predecessor-version":[{"id":313857,"href":"https:\/\/www.meydan.tv\/az\/wp-json\/wp\/v2\/posts\/313793\/revisions\/313857"}],"wp:featuredmedia":[{"embeddable":true,"href":"https:\/\/www.meydan.tv\/az\/wp-json\/wp\/v2\/media\/313794"}],"wp:attachment":[{"href":"https:\/\/www.meydan.tv\/az\/wp-json\/wp\/v2\/media?parent=313793"}],"wp:term":[{"taxonomy":"category","embeddable":true,"href":"https:\/\/www.meydan.tv\/az\/wp-json\/wp\/v2\/categories?post=313793"},{"taxonomy":"post_tag","embeddable":true,"href":"https:\/\/www.meydan.tv\/az\/wp-json\/wp\/v2\/tags?post=313793"}],"curies":[{"name":"wp","href":"https:\/\/api.w.org\/{rel}","templated":true}]}}