{"id":313755,"date":"2024-08-26T16:02:12","date_gmt":"2024-08-26T12:02:12","guid":{"rendered":"https:\/\/www.meydan.tv\/?p=313755"},"modified":"2024-08-26T16:02:14","modified_gmt":"2024-08-26T12:02:14","slug":"aspa-da-azerbaycan-ucun-arzuolunmaz-sexsler-hakimiyyet-arxayin-deyil-narahatdir","status":"publish","type":"post","link":"https:\/\/www.meydan.tv\/az\/article\/aspa-da-azerbaycan-ucun-arzuolunmaz-sexsler-hakimiyyet-arxayin-deyil-narahatdir\/","title":{"rendered":"A\u015ePA-da Az\u0259rbaycan \u00fc\u00e7\u00fcn &#8220;arzuolunmaz \u015f\u0259xsl\u0259r&#8221;: &#8220;Hakimiyy\u0259t arxay\u0131n deyil, narahatd\u0131r&#8230;&#8221;"},"content":{"rendered":"\n<p><\/p>\n\n\n\n<p><strong><em>Siyasi \u015f\u0259rh\u00e7i deyir ki, hakimiyy\u0259t A\u015ePA-n\u0131n t\u0259zyiql\u0259rin\u0259 ba\u015f \u0259ym\u0259y\u0259c\u0259yini n\u00fcmayi\u015f etdirm\u0259k ist\u0259yir<\/em><\/strong><\/p>\n\n\n\n<p>R\u0259smi Bak\u0131 Avropa \u015euras\u0131 Parlament Assambleyas\u0131nda (A\u015ePA) Az\u0259rbaycan n\u00fcmay\u0259nd\u0259 hey\u0259tinin \u0259leyhin\u0259 s\u0259s ver\u0259n \u015f\u0259xsl\u0259ri \u201carzuolunmaz \u015f\u0259xsl\u0259r\u201d siyah\u0131s\u0131na sal\u0131b.<\/p>\n\n\n\n<p>Bu bar\u0259d\u0259 Xarici \u0130\u015fl\u0259r Nazirliyinin r\u0259smisi Ayxan Hac\u0131zad\u0259 almaniyal\u0131 deputat Frank \u015evabeninin &#8220;Azadl\u0131q&#8221; radiosuna m\u00fcsahib\u0259sind\u0259 s\u0259sl\u0259ndirdiyi fikirl\u0259r\u0259 reaksiya ver\u0259rk\u0259n bildirib.<\/p>\n\n\n\n<p><em>&#8220;A\u015ePA-da n\u00fcmay\u0259nd\u0259 hey\u0259timizin mandat\u0131 b\u0259rpa olunmayan\u0259d\u0259k s\u00f6z\u00fcged\u0259n \u015f\u0259xsl\u0259r Az\u0259rbaycana g\u0259ldikl\u0259ri t\u0259qdird\u0259, onlara \u00f6lk\u0259 \u0259razisin\u0259 daxil olma\u011fa icaz\u0259 verilm\u0259y\u0259c\u0259k,<\/em> &#8211; dey\u0259 Hac\u0131zad\u0259 vur\u011fulay\u0131b.<\/p>\n\n\n\n<p>Frank \u015evabe m\u00fcsahib\u0259sind\u0259 Az\u0259rbaycan\u0131n Avropa \u015euras\u0131nda \u00fczvl\u00fckd\u0259 maraql\u0131 olmad\u0131\u011f\u0131n\u0131 v\u0259 r\u0259smi Bak\u0131n\u0131n A\u015ePA-n\u0131n Milli M\u0259clis\u0259 se\u00e7kil\u0259rd\u0259 m\u00fc\u015fahid\u0259\u00e7i kimi d\u0259v\u0259t olunmamas\u0131na irad\u0131n\u0131 bildirib:<\/p>\n\n\n\n<p><em>&#8220;Az\u0259rbaycan Avropa \u015euras\u0131n\u0131n t\u0259bli\u011f etdiyi d\u0259y\u0259rl\u0259r\u0259 sadiq deyil. \u018fg\u0259r s\u0259n Avropa \u015euras\u0131 \u00fczv\u00fc olmaq ist\u0259yirs\u0259ns\u0259, demokratiyaya, qanunun aliliyin\u0259 v\u0259 insan haqlar\u0131na h\u00f6rm\u0259t etm\u0259lis\u0259n&#8221;.<\/em><\/p>\n\n\n\n<p>Almaniyal\u0131 deputat Az\u0259rbaycandak\u0131 idar\u0259etm\u0259ni Sovet \u0130ttifaq\u0131na b\u0259nz\u0259tmi\u015fdi:<\/p>\n\n\n\n<p><em>&#8220;Biz Sovet \u0130ttifaq\u0131na ox\u015far bir avtoritar rejiml\u0259 <a href=\"https:\/\/www.azadliq.org\/a\/frank-svabe-aspa-musahibe\/33089496.html\">\u00fcz-\u00fcz\u0259yik&#8221;<\/a>.<\/em><\/p>\n\n\n<div class=\"wp-block-image\">\n<figure class=\"aligncenter size-full\"><img decoding=\"async\" width=\"923\" height=\"630\" data-src=\"https:\/\/www.meydan.tv\/wp-content\/uploads\/16743185206339931040_1200x630.jpg\" alt=\"\" class=\"wp-image-268568 lazyload\" src=\"data:image\/svg+xml;base64,PHN2ZyB3aWR0aD0iMSIgaGVpZ2h0PSIxIiB4bWxucz0iaHR0cDovL3d3dy53My5vcmcvMjAwMC9zdmciPjwvc3ZnPg==\" style=\"--smush-placeholder-width: 923px; --smush-placeholder-aspect-ratio: 923\/630;\" \/><figcaption class=\"wp-element-caption\">Ayxan Hac\u0131zad\u0259. Foto: &#8220;azertag.az&#8221;<\/figcaption><\/figure>\n<\/div>\n\n\n<p>X\u0130N r\u0259smisi Ayxan Hac\u0131zad\u0259 is\u0259 deyil\u0259nl\u0259ri q\u0259r\u0259zli say\u0131b:<\/p>\n\n\n\n<p>&#8220;<em>A\u015ePA m\u00fc\u015fahid\u0259\u00e7il\u0259rinin Milli M\u0259clis\u0259 se\u00e7kil\u0259ri m\u00fc\u015fahid\u0259 etm\u0259y\u0259 d\u0259v\u0259t olunmamas\u0131n\u0131n yegan\u0259 s\u0259b\u0259bi Almaniya r\u0259smil\u0259ri t\u0259r\u0259find\u0259n \u00f6lk\u0259miz\u0259 veril\u0259n siyasi s\u0259viyy\u0259d\u0259 v\u0259dl\u0259r\u0259 baxmayaraq, Az\u0259rbaycan n\u00fcmay\u0259nd\u0259 hey\u0259tinin mandat\u0131n\u0131n h\u0259l\u0259 d\u0259 b\u0259rpa edilm\u0259m\u0259sidir. Frank \u015evabe \u00f6z\u00fc d\u0259 bunu <a href=\"https:\/\/mfa.gov.az\/az\/news\/no31424\">bilir&#8221;.<\/a><\/em><\/p>\n\n\n\n<p>Hac\u0131zad\u0259 qeyd edib ki, Az\u0259rbaycan beyn\u0259lxalq s\u0259viyy\u0259d\u0259 \u00fcz\u0259rin\u0259 g\u00f6t\u00fcrd\u00fcy\u00fc \u00f6hd\u0259likl\u0259r\u0259 sadiqdir, bu \u00f6hd\u0259likl\u0259ri yax\u015f\u0131 anlay\u0131r:<\/p>\n\n\n\n<p>&#8220;<em>Bununla yana\u015f\u0131, bu \u00f6hd\u0259likl\u0259rin yaln\u0131z birt\u0259r\u0259fli v\u0259 ikili standartlar \u0259sas\u0131nda t\u0259tbiq edilm\u0259sin\u0259, onlardan sui-istifad\u0259 edil\u0259r\u0259k \u00f6lk\u0259miz\u0259 qar\u015f\u0131 q\u0259r\u0259zli yana\u015fmalar\u0131n t\u0259tbiq edilm\u0259sin\u0259 yol verilm\u0259y\u0259c\u0259yini bir daha diqq\u0259t\u0259 \u00e7atd\u0131r\u0131r\u0131q&#8221;.<\/em><\/p>\n\n\n\n<p><strong><em>&#8220;<\/em>Hakimiyy\u0259t \u00e7ox ciddi c\u0259hdl\u0259 n\u00fcmay\u0259nd\u0259 hey\u0259tinin A\u015ePA-ya qay\u0131tmas\u0131 \u00fc\u00e7\u00fcn \u00e7al\u0131\u015f\u0131b&#8221;<\/strong><\/p>\n\n\n\n<p>Demokratik Q\u00fcvv\u0259l\u0259rin Milli \u015euras\u0131n\u0131n beyn\u0259lxalq m\u0259s\u0259l\u0259l\u0259r \u00fczr\u0259 koordinatoru, sabiq deputat G\u00fclt\u0259kin Hac\u0131b\u0259yli hesab edir ki, Az\u0259rbaycan hakimiyy\u0259tinin bu add\u0131m\u0131 arxay\u0131nl\u0131\u011f\u0131ndan yox, narahatl\u0131\u011f\u0131ndan ir\u0259li g\u0259lir:<\/p>\n\n\n\n<p>&#8220;<em>Bu, Ayxan Hac\u0131zad\u0259nin suallara cavab\u0131nda da \u00f6z\u00fcn\u00fc b\u00fcruz\u0259 verir. X\u0130N r\u0259smisinin dedikl\u0259rind\u0259 demar\u015fdan \u00e7ox, giley notlar\u0131 \u00fcst\u00fcnl\u00fck t\u0259\u015fkil edir. Hac\u0131zad\u0259 deyir ki, r\u0259smi Bak\u0131ya y\u00fcks\u0259k s\u0259viyy\u0259d\u0259 veril\u0259n v\u0259dl\u0259r\u0259 baxmayaraq n\u00fcmay\u0259nd\u0259 hey\u0259tinin A\u015ePA-da mandat\u0131 b\u0259rpa edilm\u0259di. Y\u0259ni hakimiyy\u0259t \u00e7ox ciddi c\u0259hdl\u0259 n\u00fcmay\u0259nd\u0259 hey\u0259tinin A\u015ePA-ya qay\u0131tmas\u0131 \u00fc\u00e7\u00fcn \u00e7al\u0131\u015f\u0131b. Ola bilsin, Almaniya v\u0259 \u0130taliya, A\u015e r\u0259hb\u0259rliyi il\u0259 m\u00fc\u0259yy\u0259n dan\u0131\u015f\u0131qlar olub. Ayxan Hac\u0131zad\u0259 d\u0259 etiraf edir ki, onlara siyasi v\u0259dl\u0259r verils\u0259 d\u0259, yerin\u0259 yetirilm\u0259di. \u0130kincisi, Hac\u0131zad\u0259 bildirir ki, \u0259g\u0259r mandat t\u0259sdiql\u0259n\u0259rs\u0259, he\u00e7 bir problem olmayacaq v\u0259 bu mane\u0259l\u0259r aradan qald\u0131r\u0131lacaq. H\u0259m\u00e7inin yaln\u0131z n\u00fcmay\u0259nd\u0259 hey\u0259tinin mandat\u0131n\u0131n \u0259leyhin\u0259 s\u0259s vermi\u015f deputatlara qada\u011fan\u0131n t\u0259tbiq olunmas\u0131 mesaj\u0131 A\u015ePA-dan \u00e7\u0131xmaq anlam\u0131na g\u0259lmir v\u0259 yaxud m\u0259saf\u0259 qoyulmas\u0131 dem\u0259k deyil. \u018fksin\u0259, h\u00f6kum\u0259t A\u015e PA-ya qay\u0131tmaq ist\u0259diyini g\u00f6st\u0259rir&#8221;.<\/em><\/p>\n\n\n\n<p>&#8220;<em>G\u00f6r\u00fcn\u00fcr, hakimiyy\u0259t A\u015ePA-dan bu add\u0131m\u0131 g\u00f6zl\u0259mirdi, uzun ill\u0259r Stratsburq n\u00fcmay\u0259nd\u0259 hey\u0259tinin \u0259rk\u00f6y\u00fcnl\u00fcy\u00fcn\u0259 s\u0259brl\u0259 d\u00f6z\u00fcrd\u00fc. \u0130\u015f o s\u0259viyy\u0259y\u0259 \u00e7atm\u0131\u015fd\u0131 ki, &#8220;K\u00fcr\u00fc diplomatiyas\u0131\u201c s\u00f6hb\u0259tind\u0259 d\u0259 r\u0259smi Bak\u0131ya tolerantl\u0131q g\u00f6st\u0259rildi v\u0259 n\u00fcmay\u0259nd\u0259 hey\u0259tinin mandat\u0131 t\u0259qsdiql\u0259ndi. Ona g\u00f6r\u0259 bu d\u0259f\u0259 bel\u0259 bir z\u0259rb\u0259 g\u00f6zl\u0259mirdil\u0259r, sonrak\u0131 davran\u0131\u015flar da hakimiyy\u0259tin A\u015ePA-ya qay\u0131tmas\u0131 \u00fc\u00e7\u00fcn h\u0259r \u015feyi etdiyini g\u00f6st\u0259rir&#8221;,<\/em> &#8211; dey\u0259 o qeyd edib.<\/p>\n\n\n<div class=\"wp-block-image\">\n<figure class=\"alignleft size-full is-resized\"><img decoding=\"async\" width=\"800\" height=\"600\" data-src=\"https:\/\/www.meydan.tv\/wp-content\/uploads\/632057_ogkzo3u.jpg\" alt=\"G\u00fclt\u0259kin Hac\u0131b\u0259yli\" class=\"wp-image-121695 lazyload\" style=\"--smush-placeholder-width: 800px; --smush-placeholder-aspect-ratio: 800\/600;width:414px;height:auto\" src=\"data:image\/svg+xml;base64,PHN2ZyB3aWR0aD0iMSIgaGVpZ2h0PSIxIiB4bWxucz0iaHR0cDovL3d3dy53My5vcmcvMjAwMC9zdmciPjwvc3ZnPg==\" \/><figcaption class=\"wp-element-caption\">M\u0259nb\u0259: Meydan TV<\/figcaption><\/figure>\n<\/div>\n\n\n<p><strong>&#8220;B\u0259s hakimiyy\u0259t niy\u0259 bu add\u0131m\u0131 at\u0131r?<\/strong>&#8221; sual\u0131na g\u0259linc\u0259, G\u00fclt\u0259kin Hac\u0131b\u0259ylinin hesab edir ki, r\u0259smi Bak\u0131 uzun ill\u0259r apard\u0131\u011f\u0131 balansl\u0131 siyas\u0259ti indi d\u0259 davam etdirm\u0259k ist\u0259yir:<\/p>\n\n\n\n<p><em>&#8220;Bir t\u0259r\u0259fd\u0259n &#8220;Qazprom&#8221;la m\u00fcqavil\u0259 imzalay\u0131r, dig\u0259r t\u0259r\u0259fd\u0259n Ukraynan\u0131n m\u00fcst\u0259qilliyi g\u00fcn\u00fcnd\u0259 Zelenskini t\u0259brik edirl\u0259r. Yeri g\u0259lmi\u015fk\u0259n, Ayxan Hac\u0131zad\u0259nin m\u00fcsahib\u0259sind\u0259 Almaniyan\u0131 &#8220;Qazprom&#8221;la ba\u011fl\u0131 q\u0131namaq da vard\u0131, ke\u00e7mi\u015f kansler \u015er\u00f6derin y\u00fcks\u0259k v\u0259zif\u0259 tutmas\u0131na eyhamlar a\u00e7\u0131q sezilirdi. Yaxud \u015evabeni korrupsiaya bula\u015fmaqda ittiham etm\u0259si, bu hakimiyy\u0259tin mahiyy\u0259tind\u0259n do\u011fur. Kim hakimiyy\u0259t korrupsiyada ittiham edirs\u0259, ona qar\u015f\u0131 h\u0259min ittiham\u0131 s\u00fcr\u00fcr. M\u0259s\u0259l\u0259n, Qubad \u0130bado\u011flu korrupsiyayla ba\u011fl\u0131 faktlar qoyandan sonra onun \u00f6z\u00fcn\u00fc saxta pul k\u0259sm\u0259kd\u0259 ittiham etdil\u0259r. Hakimiyy\u0259t balansl\u0131 siyas\u0259tl\u0259rini qorumaq \u00fc\u00e7\u00fcn bu add\u0131m\u0131 at\u0131r. Bu g\u00fcn\u00fcn \u00f6z\u00fcnd\u0259 d\u0259 hakimiyy\u0259t \u00fc\u00e7\u00fcn Rusiya-Ukrayna sava\u015f\u0131n\u0131n nec\u0259 bit\u0259c\u0259yi b\u0259lli deyil, o c\u00fcml\u0259d\u0259n, AB\u015e se\u00e7kil\u0259rinin n\u0259tic\u0259l\u0259ri v\u0259 ya \u0130ran-\u0130srail m\u00fcnasib\u0259tl\u0259ri&#8230; Ona g\u00f6r\u0259 qeyri-m\u00fc\u0259yy\u0259n durumda h\u0259r iki t\u0259r\u0259fl\u0259 m\u00fcnasib\u0259tl\u0259rini qorumaq ist\u0259yir\u201c.<\/em><\/p>\n\n\n\n<p><em>&#8220;Bir fakt\u0131 da xat\u0131rlad\u0131m ki, \u018fliyev prezident v\u0259zif\u0259sin\u0259 y\u00fcks\u0259l\u0259rk\u0259n t\u0259bli\u011fat\u0131n\u0131 A\u015ePA-da n\u00fcmay\u0259nd\u0259 hey\u0259tinin s\u0259dri \u00fcz\u0259rind\u0259ki f\u0259aliyy\u0259ti \u0259sas\u0131nda qurmu\u015fdu. Bu m\u0259nada beyn\u0259lxalq quruma qay\u0131tmaq niyy\u0259tind\u0259n \u0259l \u00e7\u0259kmirl\u0259r. Ancaq bir \u00f6lk\u0259d\u0259 300-d\u0259n \u00e7ox siyasi m\u0259hbus varsa, normal se\u00e7kinin i\u015fart\u0131lar\u0131 yoxdursa, azad media fenomeni \u00f6lk\u0259nin ictimai-siyasi g\u00fcnd\u0259mind\u0259n \u00e7\u0131xar\u0131l\u0131bsa, bu \u015f\u0259raitd\u0259 Az\u0259rbaycan\u0131n A\u015e PA-ya qay\u0131tmas\u0131 m\u00fcmk\u00fcn deyil\u201c, &#8211;<\/em> dey\u0259 G\u00fclt\u0259kin Hac\u0131b\u0259yli \u0259lav\u0259 edib.<\/p>\n\n\n\n<p><strong>&#8220;\u0130ki stulda oturmaq olmur, se\u00e7im etm\u0259lis\u0259n&#8230;&#8221;<\/strong><\/p>\n\n\n\n<p>Siyasi \u015f\u0259rh\u00e7i Rauf Mirq\u0259dirov bir q\u0259d\u0259r f\u0259rqli d\u00fc\u015f\u00fcn\u00fcr.<\/p>\n\n\n\n<p>Onun fikrinc\u0259, hakimiyy\u0259t A\u015ePA-n\u0131n t\u0259zyiql\u0259rin\u0259 ba\u015f \u0259ym\u0259y\u0259c\u0259yini n\u00fcmayi\u015f etdirm\u0259k ist\u0259yir:<\/p>\n\n\n\n<p><em>&#8220;\u00dcmumiyy\u0259tl\u0259, hakimiyy\u0259t son parlament v\u0259 prezident se\u00e7kil\u0259rini m\u00fc\u015fahid\u0259 etm\u0259y\u0259 d\u0259\u00a0 A\u015ePA missiyas\u0131n\u0131 \u00e7a\u011f\u0131rmam\u0131\u015fd\u0131. Bu, m\u00fc\u0259yy\u0259n m\u0259nada h\u00f6kum\u0259tin A\u015e PA s\u0259viyy\u0259sind\u0259 \u00f6z \u00f6hd\u0259likl\u0259rini yerin\u0259 yetirm\u0259kd\u0259n n\u00fcmayi\u015fkaran\u0259 imtinas\u0131d\u0131r. Halbuki h\u00f6kum\u0259t k\u00f6n\u00fcll\u00fc \u015f\u0259kild\u0259 A\u015e PA-ya \u00fczv olub v\u0259 \u00fcz\u0259rin\u0259 \u00f6hd\u0259likl\u0259r g\u00f6t\u00fcr\u00fcb. \u0130ndi is\u0259 h\u0259min \u00f6hd\u0259likl\u0259ri yerin\u0259 yetirm\u0259k ist\u0259mir. Avropa \u015euras\u0131na \u00fczv d\u00f6vl\u0259tl\u0259r s\u0131ras\u0131nda pl\u00fcralizmin, demokratiyan\u0131n, qanunun aliliyinin, s\u00f6z azadl\u0131\u011f\u0131n\u0131n, insan h\u00fcquqlar\u0131n\u0131n s\u0259viyy\u0259sin\u0259 g\u00f6r\u0259 Az\u0259rbaycan son s\u0131radad\u0131r. H\u0259l\u0259lik bu v\u0259ziyy\u0259td\u0259 olan \u00f6lk\u0259 tan\u0131m\u0131ram. D\u00fczd\u00fcr, b\u0259zil\u0259ri Az\u0259rbaycana yax\u0131nla\u015fma\u011fa \u00e7al\u0131\u015f\u0131rlar. Eyni zamanda, \u00f6lk\u0259 ba\u015f\u00e7\u0131s\u0131 \u018fliyev d\u0259 Avropaya inteqrasiya olmaq ist\u0259m\u0259m\u0259si bar\u0259d\u0259 b\u0259yanat\u0131 var. \u018fg\u0259r bel\u0259dirs\u0259, bunun sad\u0259 yolu odur ki, ya A\u015ePA-n\u0131n d\u0259y\u0259rl\u0259rin\u0259 riay\u0259t edirs\u0259n, ya da qurumdan \u00e7\u0131x\u0131b yerini m\u00fc\u0259yy\u0259nl\u0259\u015fdirm\u0259lis\u0259n. O zaman \u00f6lk\u0259y\u0259 t\u0259\u015fkilat s\u0259viyy\u0259sind\u0259 he\u00e7 bir basq\u0131 olmayacaq&#8221;.<\/em><\/p>\n\n\n<div class=\"wp-block-image\">\n<figure class=\"alignright size-large is-resized\"><img decoding=\"async\" width=\"1200\" height=\"800\" data-src=\"https:\/\/www.meydan.tv\/wp-content\/uploads\/12596605_986768104750481_2097728364_o-1200x800.jpg\" alt=\"Jurnalist m\u00fchacir Rauf Mirq\u0259dirov\" class=\"wp-image-123541 lazyload\" style=\"--smush-placeholder-width: 1200px; --smush-placeholder-aspect-ratio: 1200\/800;width:427px;height:auto\" src=\"data:image\/svg+xml;base64,PHN2ZyB3aWR0aD0iMSIgaGVpZ2h0PSIxIiB4bWxucz0iaHR0cDovL3d3dy53My5vcmcvMjAwMC9zdmciPjwvc3ZnPg==\" \/><figcaption class=\"wp-element-caption\">Rauf Mirq\u0259dirov, Foto: Meydan.TV<\/figcaption><\/figure>\n<\/div>\n\n\n<p>Rauf Mirq\u0259dirov deyir ki, son d\u00f6vrl\u0259r G\u00fcrc\u00fcstan v\u0259 Macar\u0131standa da b\u0259zi v\u0259rdi\u015fl\u0259r yaran\u0131b:<\/p>\n\n\n\n<p>&#8220;<em>R\u0259smi Tbilisi b\u0259yan edir ki, onlar Avropa Birliyinin qaydalar\u0131n\u0131 d\u0259yi\u015f\u0259c\u0259kl\u0259r. Bel\u0259 olmur, \u0259g\u0259r h\u0259min quruma \u00fczv olursansa, qaydalar\u0131na \u0259m\u0259l etm\u0259lis\u0259n. \u018fks t\u0259qdird\u0259, Q\u0259t\u0259r, S\u0259udiyy\u0259 \u018fr\u0259bistan yoluyla gedirs\u0259n, onlar da s\u0259n\u0259 he\u00e7 bir basq\u0131 etmir. Bir t\u0259t\u0259fd\u0259n Avropadan azad viza, bazar ist\u0259yirl\u0259r, dig\u0259r t\u0259r\u0259fd\u0259n d\u0259 qaydalar\u0131n\u0131 q\u0259bul etmirl\u0259r. Bilirsiniz, iki stulda oturmaq olmur, se\u00e7im etm\u0259lis\u0259n\u201c.<\/em><\/p>\n\n\n\n<p>&nbsp;Siyasi \u015f\u0259rh\u00e7i hesab edir ki, h\u00f6kum\u0259tl\u0259r bu c\u00fcr add\u0131mlar\u0131nda ehtiyatl\u0131 olmal\u0131d\u0131rlar:<\/p>\n\n\n\n<p><em>&#8220;M\u0259s\u0259l\u0259n, Almaniya n\u00fcmay\u0259nd\u0259 hey\u0259ti COP29-a g\u0259lm\u0259kd\u0259n imtina ed\u0259 bil\u0259r. Ancaq \u00fcmumi \u015f\u0259kild\u0259 Az\u0259rbaycan h\u00f6kum\u0259tin\u0259 ciddi t\u0259zyiql\u0259rin olaca\u011f\u0131n\u0131 d\u00fc\u015f\u00fcnm\u00fcr\u0259m. M\u0259nc\u0259, parlament se\u00e7kil\u0259rind\u0259n sonra h\u00f6kum\u0259t 4-5 m\u00fcxalif\u0259t\u00e7iy\u0259 mandat ver\u0259rs\u0259, onlardan birini n\u00fcmay\u0259nd\u0259 hey\u0259tin\u0259 daxil ed\u0259rs\u0259, problem h\u0259ll olunacaq. V\u0259 h\u0259r iki t\u0259r\u0259f simas\u0131n\u0131 bu c\u00fcr qoruyacaq. Avropal\u0131lar h\u0259dd\u0259n art\u0131q tolerantd\u0131lar v\u0259 haql\u0131 olaraq yuxar\u0131dan a\u015fa\u011f\u0131 bax\u0131b &#8220;Bura Az\u0259rbaycand\u0131r, g\u00f6r\u0259k nec\u0259 olur&#8230;&#8221; dey\u0259 d\u00fc\u015f\u00fcn\u00fcrl\u0259r&#8221;.<\/em><\/p>\n\n\n\n<p>Yanvar\u0131n 24-d\u0259 Az\u0259rbaycan\u0131n Avropa \u015euras\u0131 Parlament Assambleyas\u0131ndak\u0131 n\u00fcmay\u0259nd\u0259 hey\u0259ti b\u0259yanat ver\u0259r\u0259k A\u015ePA il\u0259 \u0259m\u0259kda\u015fl\u0131\u011f\u0131 v\u0259 t\u0259\u015fkilatda i\u015ftirak\u0131n\u0131 qeyri-m\u00fc\u0259yy\u0259n m\u00fcdd\u0259t\u0259 dayand\u0131rmaq q\u0259rar\u0131n\u0131 elan edib.<\/p>\n\n\n\n<p><strong>Az\u0259rbaycan\u0131n Avropa il\u0259 \u0259laq\u0259l\u0259ri n\u0259 vaxtdan ba\u015flay\u0131r?<\/strong><\/p>\n\n\n\n<p>Az\u0259rbaycan il\u0259 Avropa \u015euras\u0131 aras\u0131nda \u0259laq\u0259l\u0259rin tarixi 1992-ci ild\u0259n ba\u015flay\u0131b.<\/p>\n\n\n\n<p>H\u0259min il yanvar\u0131n 24-d\u0259 Az\u0259rbaycan parlamenti \u201cx\u00fcsusi d\u0259v\u0259t edilmi\u015f qonaq\u201d statusu almaq \u00fc\u00e7\u00fcn Avropa \u015euras\u0131na m\u00fcraci\u0259t edib.<\/p>\n\n\n\n<p>1996-c\u0131 il mart\u0131n 17-18-d\u0259 Az\u0259rbaycan Avropa \u015euras\u0131n\u0131n Qanun vasit\u0259sil\u0259 Demokratiya \u00fczr\u0259 Avropa Komissiyas\u0131na \u00fczv q\u0259bul olunub.<\/p>\n\n\n\n<p>1996-c\u0131 il iyulun 13-d\u0259 is\u0259 Az\u0259rbaycan\u0131n Prezidenti Heyd\u0259r \u018fliyev Avropa \u015euras\u0131 ba\u015f katibinin ad\u0131na m\u0259ktub g\u00f6nd\u0259r\u0259r\u0259k Az\u0259rbaycan\u0131n Avropa \u015euras\u0131na tamh\u00fcquqlu \u00fczv q\u0259bul olunmaq v\u0259 dig\u0259r \u00fczv d\u00f6vl\u0259tl\u0259r kimi \u201c\u0130nsan h\u00fcquqlar\u0131n\u0131n v\u0259 \u0259sas azadl\u0131qlar\u0131n\u0131n m\u00fcdafi\u0259si haqq\u0131nda\u201d Avropa Konvensiyas\u0131na qo\u015fulmaq arzusunda oldu\u011funu bildirib.<\/p>\n\n\n\n<p>1998-ci il yanvar\u0131n 20-d\u0259 Prezident Heyd\u0259r \u018fliyev \u201cAz\u0259rbaycan Respublikas\u0131 il\u0259 Avropa \u015euras\u0131 aras\u0131nda \u0259m\u0259kda\u015fl\u0131\u011f\u0131n d\u0259rinl\u0259\u015fdirilm\u0259si v\u0259 Az\u0259rbaycan Respublikas\u0131n\u0131n Avropada m\u0259nafel\u0259rinin m\u00fcdafi\u0259 edilm\u0259si sah\u0259sind\u0259 t\u0259dbirl\u0259r haqq\u0131nda\u201d, 1999-cu il oktyabr\u0131n 21-d\u0259 \u201cAvropa \u015euras\u0131nda Az\u0259rbaycan Respublikas\u0131n\u0131n t\u0259msil\u00e7iliyinin t\u0259\u015fkilati t\u0259minat\u0131 haqq\u0131nda\u201d s\u0259r\u0259ncamlar verib.<\/p>\n\n\n\n<p>2000-ci il iyunun 26\u201328-d\u0259 A\u015ePA-n\u0131n n\u00f6vb\u0259ti sessiyas\u0131nda Az\u0259rbaycan Respublikas\u0131n\u0131n Avropa \u015euras\u0131n\u0131n tamh\u00fcquqlu \u00fczvl\u00fcy\u00fcn\u0259 q\u0259bul edilm\u0259sin\u0259 dair m\u00fcsb\u0259t r\u0259y verilib.<\/p>\n\n\n\n<p>Avropa \u015euras\u0131 Nazirl\u0259r Komit\u0259sinin 2000-ci il noyabr\u0131n 7-9-da ke\u00e7iril\u0259n sessiyas\u0131nda \u201cAz\u0259rbaycan\u0131n Avropa \u015euras\u0131na \u00fczv olma\u011fa d\u0259v\u0259t edilm\u0259si\u201d adl\u0131 14 sayl\u0131 q\u0259tnam\u0259 q\u0259bul edilib.<\/p>\n\n\n\n<p>N\u0259hay\u0259t, 2001-ci il yanvar\u0131n 17-d\u0259 Avropa \u015euras\u0131 Nazirl\u0259r Komit\u0259sinin n\u00fcmay\u0259nd\u0259l\u0259r s\u0259viyy\u0259sind\u0259 ke\u00e7irilmi\u015f iclas\u0131nda Az\u0259rbaycan\u0131n Avropa \u015euras\u0131na tamh\u00fcquqlu \u00fczv q\u0259bul edilm\u0259sin\u0259 dair q\u0259rar q\u0259bul edilib.<\/p>\n","protected":false},"excerpt":{"rendered":"<p>Siyasi \u015f\u0259rh\u00e7i deyir ki, hakimiyy\u0259t A\u015ePA-n\u0131n t\u0259zyiql\u0259rin\u0259 ba\u015f \u0259ym\u0259y\u0259c\u0259yini n\u00fcmayi\u015f &#8230; <\/p>\n<p class=\"read-more-container\"><a title=\"A\u015ePA-da Az\u0259rbaycan \u00fc\u00e7\u00fcn &#8220;arzuolunmaz \u015f\u0259xsl\u0259r&#8221;: &#8220;Hakimiyy\u0259t arxay\u0131n deyil, narahatd\u0131r&#8230;&#8221;\" class=\"read-more button\" href=\"https:\/\/www.meydan.tv\/az\/article\/aspa-da-azerbaycan-ucun-arzuolunmaz-sexsler-hakimiyyet-arxayin-deyil-narahatdir\/#more-313755\" aria-label=\"Read more about A\u015ePA-da Az\u0259rbaycan \u00fc\u00e7\u00fcn &#8220;arzuolunmaz \u015f\u0259xsl\u0259r&#8221;: &#8220;Hakimiyy\u0259t arxay\u0131n deyil, narahatd\u0131r&#8230;&#8221;\">Davam\u0131<\/a><\/p>\n","protected":false},"author":8,"featured_media":295771,"comment_status":"closed","ping_status":"closed","sticky":false,"template":"","format":"standard","meta":{"_acf_changed":false,"_sitemap_exclude":false,"_sitemap_priority":"","_sitemap_frequency":"","footnotes":""},"categories":[59,79,56],"tags":[],"class_list":["post-313755","post","type-post","status-publish","format-standard","has-post-thumbnail","hentry","category-siyaset","category-featured","category-xeberler","infinite-scroll-item","generate-columns","tablet-grid-50","mobile-grid-100","grid-parent","grid-33","no-featured-image-padding"],"acf":[],"yoast_head":"<!-- This site is optimized with the Yoast SEO plugin v27.4 - https:\/\/yoast.com\/product\/yoast-seo-wordpress\/ -->\n<title>A\u015ePA-da Az\u0259rbaycan \u00fc\u00e7\u00fcn &quot;arzuolunmaz \u015f\u0259xsl\u0259r&quot;: &quot;Hakimiyy\u0259t arxay\u0131n deyil, narahatd\u0131r...&quot; - MEYDAN.TV<\/title>\n<meta name=\"description\" content=\"kincisi, Hac\u0131zad\u0259 bildirir ki, \u0259g\u0259r mandat t\u0259sdiql\u0259n\u0259rs\u0259, he\u00e7 bir problem olmayacaq v\u0259 bu mane\u0259l\u0259r aradan qald\u0131r\u0131lacaq.\" \/>\n<meta name=\"robots\" content=\"index, follow, max-snippet:-1, max-image-preview:large, max-video-preview:-1\" \/>\n<link rel=\"canonical\" href=\"https:\/\/www.meydan.tv\/az\/article\/aspa-da-azerbaycan-ucun-arzuolunmaz-sexsler-hakimiyyet-arxayin-deyil-narahatdir\/\" \/>\n<meta property=\"og:locale\" content=\"az_AZ\" \/>\n<meta property=\"og:type\" content=\"article\" \/>\n<meta property=\"og:title\" content=\"A\u015ePA-da Az\u0259rbaycan \u00fc\u00e7\u00fcn &quot;arzuolunmaz \u015f\u0259xsl\u0259r&quot;: &quot;Hakimiyy\u0259t arxay\u0131n deyil, narahatd\u0131r...&quot; - MEYDAN.TV\" \/>\n<meta property=\"og:description\" content=\"kincisi, Hac\u0131zad\u0259 bildirir ki, \u0259g\u0259r mandat t\u0259sdiql\u0259n\u0259rs\u0259, he\u00e7 bir problem olmayacaq v\u0259 bu mane\u0259l\u0259r aradan qald\u0131r\u0131lacaq.\" \/>\n<meta property=\"og:url\" content=\"https:\/\/www.meydan.tv\/az\/article\/aspa-da-azerbaycan-ucun-arzuolunmaz-sexsler-hakimiyyet-arxayin-deyil-narahatdir\/\" \/>\n<meta property=\"og:site_name\" content=\"MEYDAN.TV\" \/>\n<meta property=\"article:published_time\" content=\"2024-08-26T12:02:12+00:00\" \/>\n<meta property=\"article:modified_time\" content=\"2024-08-26T12:02:14+00:00\" \/>\n<meta property=\"og:image\" content=\"https:\/\/www.meydan.tv\/wp-content\/uploads\/shutterstock_219059278-2.jpg\" \/>\n\t<meta property=\"og:image:width\" content=\"1000\" \/>\n\t<meta property=\"og:image:height\" content=\"667\" \/>\n\t<meta property=\"og:image:type\" content=\"image\/jpeg\" \/>\n<meta name=\"author\" content=\"elli\" \/>\n<meta name=\"twitter:card\" content=\"summary_large_image\" \/>\n<meta name=\"twitter:creator\" content=\"@elli\" \/>\n<script type=\"application\/ld+json\" class=\"yoast-schema-graph\">{\"@context\":\"https:\\\/\\\/schema.org\",\"@graph\":[{\"@type\":\"Article\",\"@id\":\"https:\\\/\\\/www.meydan.tv\\\/az\\\/article\\\/aspa-da-azerbaycan-ucun-arzuolunmaz-sexsler-hakimiyyet-arxayin-deyil-narahatdir\\\/#article\",\"isPartOf\":{\"@id\":\"https:\\\/\\\/www.meydan.tv\\\/az\\\/article\\\/aspa-da-azerbaycan-ucun-arzuolunmaz-sexsler-hakimiyyet-arxayin-deyil-narahatdir\\\/\"},\"author\":{\"name\":\"elli\",\"@id\":\"https:\\\/\\\/www.meydan.tv\\\/az\\\/#\\\/schema\\\/person\\\/9cdbecf90d17180ce1dfbd95b08dcf47\"},\"headline\":\"A\u015ePA-da Az\u0259rbaycan \u00fc\u00e7\u00fcn &#8220;arzuolunmaz \u015f\u0259xsl\u0259r&#8221;: &#8220;Hakimiyy\u0259t arxay\u0131n deyil, narahatd\u0131r&#8230;&#8221;\",\"datePublished\":\"2024-08-26T12:02:12+00:00\",\"dateModified\":\"2024-08-26T12:02:14+00:00\",\"mainEntityOfPage\":{\"@id\":\"https:\\\/\\\/www.meydan.tv\\\/az\\\/article\\\/aspa-da-azerbaycan-ucun-arzuolunmaz-sexsler-hakimiyyet-arxayin-deyil-narahatdir\\\/\"},\"wordCount\":2040,\"publisher\":{\"@id\":\"https:\\\/\\\/www.meydan.tv\\\/az\\\/#organization\"},\"image\":{\"@id\":\"https:\\\/\\\/www.meydan.tv\\\/az\\\/article\\\/aspa-da-azerbaycan-ucun-arzuolunmaz-sexsler-hakimiyyet-arxayin-deyil-narahatdir\\\/#primaryimage\"},\"thumbnailUrl\":\"https:\\\/\\\/www.meydan.tv\\\/wp-content\\\/uploads\\\/shutterstock_219059278-2.jpg\",\"articleSection\":[\"Siyas\u0259t\",\"T\u00f6vsiy\u0259\",\"X\u0259b\u0259rl\u0259r\"],\"inLanguage\":\"az\"},{\"@type\":\"WebPage\",\"@id\":\"https:\\\/\\\/www.meydan.tv\\\/az\\\/article\\\/aspa-da-azerbaycan-ucun-arzuolunmaz-sexsler-hakimiyyet-arxayin-deyil-narahatdir\\\/\",\"url\":\"https:\\\/\\\/www.meydan.tv\\\/az\\\/article\\\/aspa-da-azerbaycan-ucun-arzuolunmaz-sexsler-hakimiyyet-arxayin-deyil-narahatdir\\\/\",\"name\":\"A\u015ePA-da Az\u0259rbaycan \u00fc\u00e7\u00fcn \\\"arzuolunmaz \u015f\u0259xsl\u0259r\\\": \\\"Hakimiyy\u0259t arxay\u0131n deyil, narahatd\u0131r...\\\" - MEYDAN.TV\",\"isPartOf\":{\"@id\":\"https:\\\/\\\/www.meydan.tv\\\/az\\\/#website\"},\"primaryImageOfPage\":{\"@id\":\"https:\\\/\\\/www.meydan.tv\\\/az\\\/article\\\/aspa-da-azerbaycan-ucun-arzuolunmaz-sexsler-hakimiyyet-arxayin-deyil-narahatdir\\\/#primaryimage\"},\"image\":{\"@id\":\"https:\\\/\\\/www.meydan.tv\\\/az\\\/article\\\/aspa-da-azerbaycan-ucun-arzuolunmaz-sexsler-hakimiyyet-arxayin-deyil-narahatdir\\\/#primaryimage\"},\"thumbnailUrl\":\"https:\\\/\\\/www.meydan.tv\\\/wp-content\\\/uploads\\\/shutterstock_219059278-2.jpg\",\"datePublished\":\"2024-08-26T12:02:12+00:00\",\"dateModified\":\"2024-08-26T12:02:14+00:00\",\"description\":\"kincisi, Hac\u0131zad\u0259 bildirir ki, \u0259g\u0259r mandat t\u0259sdiql\u0259n\u0259rs\u0259, he\u00e7 bir problem olmayacaq v\u0259 bu mane\u0259l\u0259r aradan qald\u0131r\u0131lacaq.\",\"breadcrumb\":{\"@id\":\"https:\\\/\\\/www.meydan.tv\\\/az\\\/article\\\/aspa-da-azerbaycan-ucun-arzuolunmaz-sexsler-hakimiyyet-arxayin-deyil-narahatdir\\\/#breadcrumb\"},\"inLanguage\":\"az\",\"potentialAction\":[{\"@type\":\"ReadAction\",\"target\":[\"https:\\\/\\\/www.meydan.tv\\\/az\\\/article\\\/aspa-da-azerbaycan-ucun-arzuolunmaz-sexsler-hakimiyyet-arxayin-deyil-narahatdir\\\/\"]}]},{\"@type\":\"ImageObject\",\"inLanguage\":\"az\",\"@id\":\"https:\\\/\\\/www.meydan.tv\\\/az\\\/article\\\/aspa-da-azerbaycan-ucun-arzuolunmaz-sexsler-hakimiyyet-arxayin-deyil-narahatdir\\\/#primaryimage\",\"url\":\"https:\\\/\\\/www.meydan.tv\\\/wp-content\\\/uploads\\\/shutterstock_219059278-2.jpg\",\"contentUrl\":\"https:\\\/\\\/www.meydan.tv\\\/wp-content\\\/uploads\\\/shutterstock_219059278-2.jpg\",\"width\":1000,\"height\":667,\"caption\":\"Foto: DiamondDallas\\\\shutterstock\"},{\"@type\":\"BreadcrumbList\",\"@id\":\"https:\\\/\\\/www.meydan.tv\\\/az\\\/article\\\/aspa-da-azerbaycan-ucun-arzuolunmaz-sexsler-hakimiyyet-arxayin-deyil-narahatdir\\\/#breadcrumb\",\"itemListElement\":[{\"@type\":\"ListItem\",\"position\":1,\"name\":\"Ana s\u0259hif\u0259\",\"item\":\"https:\\\/\\\/www.meydan.tv\\\/az\\\/\"},{\"@type\":\"ListItem\",\"position\":2,\"name\":\"Siyas\u0259t\",\"item\":\"https:\\\/\\\/www.meydan.tv\\\/az\\\/section\\\/siyaset\\\/\"},{\"@type\":\"ListItem\",\"position\":3,\"name\":\"A\u015ePA-da Az\u0259rbaycan \u00fc\u00e7\u00fcn &#8220;arzuolunmaz \u015f\u0259xsl\u0259r&#8221;: &#8220;Hakimiyy\u0259t arxay\u0131n deyil, narahatd\u0131r&#8230;&#8221;\"}]},{\"@type\":\"WebSite\",\"@id\":\"https:\\\/\\\/www.meydan.tv\\\/az\\\/#website\",\"url\":\"https:\\\/\\\/www.meydan.tv\\\/az\\\/\",\"name\":\"MEYDAN.TV\",\"description\":\"Meydan TV Az\u0259rbaycan\u0131n media m\u0259kan\u0131ndak\u0131 alternativ s\u0259sidir\",\"publisher\":{\"@id\":\"https:\\\/\\\/www.meydan.tv\\\/az\\\/#organization\"},\"potentialAction\":[{\"@type\":\"SearchAction\",\"target\":{\"@type\":\"EntryPoint\",\"urlTemplate\":\"https:\\\/\\\/www.meydan.tv\\\/az\\\/?s={search_term_string}\"},\"query-input\":{\"@type\":\"PropertyValueSpecification\",\"valueRequired\":true,\"valueName\":\"search_term_string\"}}],\"inLanguage\":\"az\"},{\"@type\":\"Organization\",\"@id\":\"https:\\\/\\\/www.meydan.tv\\\/az\\\/#organization\",\"name\":\"Meydan TV\",\"url\":\"https:\\\/\\\/www.meydan.tv\\\/az\\\/\",\"logo\":{\"@type\":\"ImageObject\",\"inLanguage\":\"az\",\"@id\":\"https:\\\/\\\/www.meydan.tv\\\/az\\\/#\\\/schema\\\/logo\\\/image\\\/\",\"url\":\"https:\\\/\\\/www.meydan.tv\\\/wp-content\\\/uploads\\\/2021\\\/07\\\/meydan-logo.svg\",\"contentUrl\":\"https:\\\/\\\/www.meydan.tv\\\/wp-content\\\/uploads\\\/2021\\\/07\\\/meydan-logo.svg\",\"width\":195,\"height\":46,\"caption\":\"Meydan TV\"},\"image\":{\"@id\":\"https:\\\/\\\/www.meydan.tv\\\/az\\\/#\\\/schema\\\/logo\\\/image\\\/\"}},{\"@type\":\"Person\",\"@id\":\"https:\\\/\\\/www.meydan.tv\\\/az\\\/#\\\/schema\\\/person\\\/9cdbecf90d17180ce1dfbd95b08dcf47\",\"name\":\"elli\",\"sameAs\":[\"https:\\\/\\\/x.com\\\/elli\"]}]}<\/script>\n<!-- \/ Yoast SEO plugin. -->","yoast_head_json":{"title":"A\u015ePA-da Az\u0259rbaycan \u00fc\u00e7\u00fcn \"arzuolunmaz \u015f\u0259xsl\u0259r\": \"Hakimiyy\u0259t arxay\u0131n deyil, narahatd\u0131r...\" - MEYDAN.TV","description":"kincisi, Hac\u0131zad\u0259 bildirir ki, \u0259g\u0259r mandat t\u0259sdiql\u0259n\u0259rs\u0259, he\u00e7 bir problem olmayacaq v\u0259 bu mane\u0259l\u0259r aradan qald\u0131r\u0131lacaq.","robots":{"index":"index","follow":"follow","max-snippet":"max-snippet:-1","max-image-preview":"max-image-preview:large","max-video-preview":"max-video-preview:-1"},"canonical":"https:\/\/www.meydan.tv\/az\/article\/aspa-da-azerbaycan-ucun-arzuolunmaz-sexsler-hakimiyyet-arxayin-deyil-narahatdir\/","og_locale":"az_AZ","og_type":"article","og_title":"A\u015ePA-da Az\u0259rbaycan \u00fc\u00e7\u00fcn \"arzuolunmaz \u015f\u0259xsl\u0259r\": \"Hakimiyy\u0259t arxay\u0131n deyil, narahatd\u0131r...\" - MEYDAN.TV","og_description":"kincisi, Hac\u0131zad\u0259 bildirir ki, \u0259g\u0259r mandat t\u0259sdiql\u0259n\u0259rs\u0259, he\u00e7 bir problem olmayacaq v\u0259 bu mane\u0259l\u0259r aradan qald\u0131r\u0131lacaq.","og_url":"https:\/\/www.meydan.tv\/az\/article\/aspa-da-azerbaycan-ucun-arzuolunmaz-sexsler-hakimiyyet-arxayin-deyil-narahatdir\/","og_site_name":"MEYDAN.TV","article_published_time":"2024-08-26T12:02:12+00:00","article_modified_time":"2024-08-26T12:02:14+00:00","og_image":[{"width":1000,"height":667,"url":"https:\/\/www.meydan.tv\/wp-content\/uploads\/shutterstock_219059278-2.jpg","type":"image\/jpeg"}],"author":"elli","twitter_card":"summary_large_image","twitter_creator":"@elli","schema":{"@context":"https:\/\/schema.org","@graph":[{"@type":"Article","@id":"https:\/\/www.meydan.tv\/az\/article\/aspa-da-azerbaycan-ucun-arzuolunmaz-sexsler-hakimiyyet-arxayin-deyil-narahatdir\/#article","isPartOf":{"@id":"https:\/\/www.meydan.tv\/az\/article\/aspa-da-azerbaycan-ucun-arzuolunmaz-sexsler-hakimiyyet-arxayin-deyil-narahatdir\/"},"author":{"name":"elli","@id":"https:\/\/www.meydan.tv\/az\/#\/schema\/person\/9cdbecf90d17180ce1dfbd95b08dcf47"},"headline":"A\u015ePA-da Az\u0259rbaycan \u00fc\u00e7\u00fcn &#8220;arzuolunmaz \u015f\u0259xsl\u0259r&#8221;: &#8220;Hakimiyy\u0259t arxay\u0131n deyil, narahatd\u0131r&#8230;&#8221;","datePublished":"2024-08-26T12:02:12+00:00","dateModified":"2024-08-26T12:02:14+00:00","mainEntityOfPage":{"@id":"https:\/\/www.meydan.tv\/az\/article\/aspa-da-azerbaycan-ucun-arzuolunmaz-sexsler-hakimiyyet-arxayin-deyil-narahatdir\/"},"wordCount":2040,"publisher":{"@id":"https:\/\/www.meydan.tv\/az\/#organization"},"image":{"@id":"https:\/\/www.meydan.tv\/az\/article\/aspa-da-azerbaycan-ucun-arzuolunmaz-sexsler-hakimiyyet-arxayin-deyil-narahatdir\/#primaryimage"},"thumbnailUrl":"https:\/\/www.meydan.tv\/wp-content\/uploads\/shutterstock_219059278-2.jpg","articleSection":["Siyas\u0259t","T\u00f6vsiy\u0259","X\u0259b\u0259rl\u0259r"],"inLanguage":"az"},{"@type":"WebPage","@id":"https:\/\/www.meydan.tv\/az\/article\/aspa-da-azerbaycan-ucun-arzuolunmaz-sexsler-hakimiyyet-arxayin-deyil-narahatdir\/","url":"https:\/\/www.meydan.tv\/az\/article\/aspa-da-azerbaycan-ucun-arzuolunmaz-sexsler-hakimiyyet-arxayin-deyil-narahatdir\/","name":"A\u015ePA-da Az\u0259rbaycan \u00fc\u00e7\u00fcn \"arzuolunmaz \u015f\u0259xsl\u0259r\": \"Hakimiyy\u0259t arxay\u0131n deyil, narahatd\u0131r...\" - MEYDAN.TV","isPartOf":{"@id":"https:\/\/www.meydan.tv\/az\/#website"},"primaryImageOfPage":{"@id":"https:\/\/www.meydan.tv\/az\/article\/aspa-da-azerbaycan-ucun-arzuolunmaz-sexsler-hakimiyyet-arxayin-deyil-narahatdir\/#primaryimage"},"image":{"@id":"https:\/\/www.meydan.tv\/az\/article\/aspa-da-azerbaycan-ucun-arzuolunmaz-sexsler-hakimiyyet-arxayin-deyil-narahatdir\/#primaryimage"},"thumbnailUrl":"https:\/\/www.meydan.tv\/wp-content\/uploads\/shutterstock_219059278-2.jpg","datePublished":"2024-08-26T12:02:12+00:00","dateModified":"2024-08-26T12:02:14+00:00","description":"kincisi, Hac\u0131zad\u0259 bildirir ki, \u0259g\u0259r mandat t\u0259sdiql\u0259n\u0259rs\u0259, he\u00e7 bir problem olmayacaq v\u0259 bu mane\u0259l\u0259r aradan qald\u0131r\u0131lacaq.","breadcrumb":{"@id":"https:\/\/www.meydan.tv\/az\/article\/aspa-da-azerbaycan-ucun-arzuolunmaz-sexsler-hakimiyyet-arxayin-deyil-narahatdir\/#breadcrumb"},"inLanguage":"az","potentialAction":[{"@type":"ReadAction","target":["https:\/\/www.meydan.tv\/az\/article\/aspa-da-azerbaycan-ucun-arzuolunmaz-sexsler-hakimiyyet-arxayin-deyil-narahatdir\/"]}]},{"@type":"ImageObject","inLanguage":"az","@id":"https:\/\/www.meydan.tv\/az\/article\/aspa-da-azerbaycan-ucun-arzuolunmaz-sexsler-hakimiyyet-arxayin-deyil-narahatdir\/#primaryimage","url":"https:\/\/www.meydan.tv\/wp-content\/uploads\/shutterstock_219059278-2.jpg","contentUrl":"https:\/\/www.meydan.tv\/wp-content\/uploads\/shutterstock_219059278-2.jpg","width":1000,"height":667,"caption":"Foto: DiamondDallas\\shutterstock"},{"@type":"BreadcrumbList","@id":"https:\/\/www.meydan.tv\/az\/article\/aspa-da-azerbaycan-ucun-arzuolunmaz-sexsler-hakimiyyet-arxayin-deyil-narahatdir\/#breadcrumb","itemListElement":[{"@type":"ListItem","position":1,"name":"Ana s\u0259hif\u0259","item":"https:\/\/www.meydan.tv\/az\/"},{"@type":"ListItem","position":2,"name":"Siyas\u0259t","item":"https:\/\/www.meydan.tv\/az\/section\/siyaset\/"},{"@type":"ListItem","position":3,"name":"A\u015ePA-da Az\u0259rbaycan \u00fc\u00e7\u00fcn &#8220;arzuolunmaz \u015f\u0259xsl\u0259r&#8221;: &#8220;Hakimiyy\u0259t arxay\u0131n deyil, narahatd\u0131r&#8230;&#8221;"}]},{"@type":"WebSite","@id":"https:\/\/www.meydan.tv\/az\/#website","url":"https:\/\/www.meydan.tv\/az\/","name":"MEYDAN.TV","description":"Meydan TV Az\u0259rbaycan\u0131n media m\u0259kan\u0131ndak\u0131 alternativ s\u0259sidir","publisher":{"@id":"https:\/\/www.meydan.tv\/az\/#organization"},"potentialAction":[{"@type":"SearchAction","target":{"@type":"EntryPoint","urlTemplate":"https:\/\/www.meydan.tv\/az\/?s={search_term_string}"},"query-input":{"@type":"PropertyValueSpecification","valueRequired":true,"valueName":"search_term_string"}}],"inLanguage":"az"},{"@type":"Organization","@id":"https:\/\/www.meydan.tv\/az\/#organization","name":"Meydan TV","url":"https:\/\/www.meydan.tv\/az\/","logo":{"@type":"ImageObject","inLanguage":"az","@id":"https:\/\/www.meydan.tv\/az\/#\/schema\/logo\/image\/","url":"https:\/\/www.meydan.tv\/wp-content\/uploads\/2021\/07\/meydan-logo.svg","contentUrl":"https:\/\/www.meydan.tv\/wp-content\/uploads\/2021\/07\/meydan-logo.svg","width":195,"height":46,"caption":"Meydan TV"},"image":{"@id":"https:\/\/www.meydan.tv\/az\/#\/schema\/logo\/image\/"}},{"@type":"Person","@id":"https:\/\/www.meydan.tv\/az\/#\/schema\/person\/9cdbecf90d17180ce1dfbd95b08dcf47","name":"elli","sameAs":["https:\/\/x.com\/elli"]}]}},"_links":{"self":[{"href":"https:\/\/www.meydan.tv\/az\/wp-json\/wp\/v2\/posts\/313755","targetHints":{"allow":["GET"]}}],"collection":[{"href":"https:\/\/www.meydan.tv\/az\/wp-json\/wp\/v2\/posts"}],"about":[{"href":"https:\/\/www.meydan.tv\/az\/wp-json\/wp\/v2\/types\/post"}],"author":[{"embeddable":true,"href":"https:\/\/www.meydan.tv\/az\/wp-json\/wp\/v2\/users\/8"}],"replies":[{"embeddable":true,"href":"https:\/\/www.meydan.tv\/az\/wp-json\/wp\/v2\/comments?post=313755"}],"version-history":[{"count":1,"href":"https:\/\/www.meydan.tv\/az\/wp-json\/wp\/v2\/posts\/313755\/revisions"}],"predecessor-version":[{"id":313756,"href":"https:\/\/www.meydan.tv\/az\/wp-json\/wp\/v2\/posts\/313755\/revisions\/313756"}],"wp:featuredmedia":[{"embeddable":true,"href":"https:\/\/www.meydan.tv\/az\/wp-json\/wp\/v2\/media\/295771"}],"wp:attachment":[{"href":"https:\/\/www.meydan.tv\/az\/wp-json\/wp\/v2\/media?parent=313755"}],"wp:term":[{"taxonomy":"category","embeddable":true,"href":"https:\/\/www.meydan.tv\/az\/wp-json\/wp\/v2\/categories?post=313755"},{"taxonomy":"post_tag","embeddable":true,"href":"https:\/\/www.meydan.tv\/az\/wp-json\/wp\/v2\/tags?post=313755"}],"curies":[{"name":"wp","href":"https:\/\/api.w.org\/{rel}","templated":true}]}}