{"id":313526,"date":"2024-08-22T11:21:48","date_gmt":"2024-08-22T07:21:48","guid":{"rendered":"https:\/\/www.meydan.tv\/?p=313526"},"modified":"2024-08-22T11:21:52","modified_gmt":"2024-08-22T07:21:52","slug":"tecridxana-rehberliyinin-acligi-dayandirmasi-ucun-famil-xelilova-tezyiq-gosterdiyi-bildirilir","status":"publish","type":"post","link":"https:\/\/www.meydan.tv\/az\/article\/tecridxana-rehberliyinin-acligi-dayandirmasi-ucun-famil-xelilova-tezyiq-gosterdiyi-bildirilir\/","title":{"rendered":"T\u0259cridxana r\u0259hb\u0259rliyinin acl\u0131\u011f\u0131 dayand\u0131rmas\u0131 \u00fc\u00e7\u00fcn Famil X\u0259lilova t\u0259zyiq g\u00f6st\u0259rdiyi bildirilir"},"content":{"rendered":"\n<p><\/p>\n\n\n\n<p><strong><em>Ail\u0259si \u0259riz\u0259 yazma\u011fa m\u0259cbur edildiyini deyir<\/em><\/strong><\/p>\n\n\n\n<p>Sosial \u015f\u0259b\u0259k\u0259l\u0259rd\u0259 h\u00f6kum\u0259tl\u0259 ba\u011fl\u0131 t\u0259nqidi payla\u015f\u0131mlar ed\u0259n&nbsp; v\u0259 4 ay \u0259vv\u0259l narkotik ittiham\u0131 il\u0259 h\u0259bs edil\u0259n ictimai f\u0259al &#8211; birinci qrup \u0259lil Famil X\u0259lilovun 8 g\u00fcnd\u00fcr ki, istintaq t\u0259cridxanas\u0131nda acl\u0131\u011f\u0131 davam etdirdiyi bildirilir. Bu bar\u0259d\u0259 m\u0259lumat ver\u0259n h\u0259yat yolda\u015f\u0131 Ki\u00e7ikxan\u0131m X\u0259lilova bildirib ki, iki g\u00fcn \u0259vv\u0259l Bak\u0131 \u0130stintaq T\u0259cridxanas\u0131nda g\u00f6r\u00fc\u015f\u00fcb v\u0259 onun ac\u0131nacaql\u0131 v\u0259ziyy\u0259td\u0259 oldu\u011funu g\u00f6r\u00fcb.<\/p>\n\n\n\n<p>H\u0259yat yolda\u015f\u0131 deyir ki, h\u0259r iki qolu iflic olan Famil X\u0259lilov \u015f\u0259rl\u0259n\u0259r\u0259k h\u0259bs olunmas\u0131na etiraz olaraq, acl\u0131q edir. Onun s\u00f6zl\u0259rin\u0259 g\u00f6r\u0259, ba\u015fqas\u0131n\u0131n k\u00f6m\u0259yi olmadan h\u0259r\u0259k\u0259t etm\u0259kd\u0259, ehtiyaclar\u0131n\u0131 \u00f6d\u0259m\u0259kd\u0259 \u00e7\u0259tinlik \u00e7\u0259k\u0259n Famil X\u0259lilova \u0259vv\u0259ll\u0259r kameradak\u0131 dig\u0259r dustaqlar k\u00f6m\u0259k el\u0259s\u0259l\u0259r d\u0259, art\u0131q onlar da yorulduqlar\u0131n\u0131 deyir v\u0259 imtina edirl\u0259r. Bu s\u0259b\u0259bd\u0259n Famil X\u0259lilov acl\u0131q m\u00fcdd\u0259tind\u0259 q\u0259bul etdiyi suyun da miqdar\u0131n\u0131 azald\u0131b.<\/p>\n\n\n\n<p>1990-c\u0131 il t\u0259v\u0259ll\u00fcdl\u00fc Famil X\u0259lilov Bak\u0131 \u0130stintaq T\u0259cridxanas\u0131nda saxlan\u0131l\u0131r. T\u0259cridxana r\u0259hb\u0259rliyinin acl\u0131\u011f\u0131 dayand\u0131rmas\u0131 \u00fc\u00e7\u00fcn h\u0259m onun \u00f6z\u00fcn\u0259, h\u0259m d\u0259 ail\u0259 \u00fczvl\u0259rin\u0259 t\u0259zyiq g\u00f6st\u0259rdiyi bildirilir. \u0130ddia olunur ki, ictimai f\u0259al\u0131n anas\u0131 v\u0259 h\u0259yat yolda\u015f\u0131ndan acl\u0131\u011f\u0131n dayand\u0131r\u0131lmas\u0131 bar\u0259d\u0259 \u0259riz\u0259 yazmalar\u0131 t\u0259l\u0259b edilib:<em> \u201cElnur \u0130smay\u0131lov t\u0259l\u0259b edir ki, Familin acl\u0131\u011f\u0131 dayand\u0131rmas\u0131 bar\u0259d\u0259 \u0259riz\u0259 yaz\u0131ls\u0131n. Deyir ki, onsuz da indi onu buraxan olmayacaq. M\u0259hk\u0259m\u0259d\u0259 y\u0259qin ev dustaql\u0131\u011f\u0131na burax\u0131lar\u201d.<\/em><\/p>\n\n\n\n<p>Famil X\u0259lilovun ail\u0259 \u00fczvl\u0259ri bel\u0259 bir \u0259riz\u0259 yazmay\u0131b.<\/p>\n\n\n\n<p><em>\u201cFamil acl\u0131q etdiyi halda, biz nec\u0259 dey\u0259 bil\u0259rik ki, acl\u0131\u011f\u0131 dayand\u0131r\u0131b? Familin raz\u0131l\u0131\u011f\u0131 yoxdursa, acl\u0131\u011f\u0131 davam etdirirs\u0259, nec\u0259 yalan dan\u0131\u015fa bil\u0259rik?\u201d, &#8211;<\/em> Ki\u00e7ikxan\u0131m X\u0259lilova bel\u0259 deyib.<\/p>\n\n\n\n<p>Deyil\u0259nl\u0259r\u0259 Penitensiar Xidm\u0259td\u0259n m\u00fcnasib\u0259t \u00f6yr\u0259nm\u0259k m\u00fcmk\u00fcn olmay\u0131b.<\/p>\n\n\n\n<p>\u0130sve\u00e7d\u0259n ail\u0259sil\u0259 birlikd\u0259 s\u0131\u011f\u0131nacaq ist\u0259s\u0259 d\u0259, imtina cavab\u0131 alaraq, Az\u0259rbaycana deportasiya edil\u0259nd\u0259n bir m\u00fcdd\u0259t sonra \u2013 may\u0131n 2-d\u0259 h\u0259bs edil\u0259n Famil X\u0259lilovun i\u015fi art\u0131q m\u0259hk\u0259m\u0259y\u0259 g\u00f6nd\u0259rilib. Onun i\u015fin\u0259 Bak\u0131 A\u011f\u0131r Cinay\u0259tl\u0259r M\u0259hk\u0259m\u0259sind\u0259 Az\u0259r Ta\u011f\u0131yevin s\u0259drliyil\u0259, Kamran Muxtarov v\u0259 Elnur Nuriyevd\u0259n ibar\u0259t hakiml\u0259r kollegiyas\u0131 baxacaq. Onun i\u015fi \u00fczr\u0259 m\u0259hk\u0259m\u0259nin ilkin haz\u0131rl\u0131q iclas\u0131 avqustun 29-na t\u0259yin olunub.<\/p>\n\n\n\n<p>34 ya\u015fl\u0131 Famil X\u0259lilova qar\u015f\u0131 Cinay\u0259t M\u0259c\u0259ll\u0259sinin 234.4.3 (sat\u0131\u015f m\u0259qs\u0259dil\u0259 k\u00fclli miqdarda narkotik \u0259ld\u0259 etm\u0259, da\u015f\u0131ma, saxlama) madd\u0259sil\u0259 ittiham ir\u0259li s\u00fcr\u00fcl\u00fcb. Bu madd\u0259d\u0259 5 ild\u0259n 12 il\u0259 q\u0259d\u0259r azadl\u0131qdan m\u0259hrumetm\u0259 c\u0259zas\u0131 n\u0259z\u0259rd\u0259 tutulub.<\/p>\n\n\n\n<p>H\u0259yat yolda\u015f\u0131 Ki\u00e7ikxan\u0131m X\u0259lilova da narkotik ittiham\u0131n\u0131n saxta oldu\u011funu deyir. O bildirir ki, h\u0259yat yolda\u015f\u0131 sosial \u015f\u0259b\u0259k\u0259l\u0259rd\u0259ki t\u0259nqidi payla\u015f\u0131mlar\u0131na, hokum\u0259td\u0259n, \u015f\u0259xs\u0259n d\u00f6vl\u0259t ba\u015f\u00e7\u0131s\u0131 \u0130lham \u018fliyevd\u0259n insanlar\u0131n h\u00fcquq v\u0259 azadl\u0131qlar\u0131na h\u00f6rm\u0259t t\u0259l\u0259b etdiyin\u0259 g\u00f6r\u0259 \u015f\u0259rl\u0259n\u0259r\u0259k h\u0259bs edilib.<\/p>\n\n\n\n<p>O bildirir ki, h\u0259yat yolda\u015f\u0131 saxland\u0131\u011f\u0131 g\u00fcn Sulut\u0259p\u0259 q\u0259s\u0259b\u0259sind\u0259 kiray\u0259 ya\u015fad\u0131qlar\u0131 ev\u0259 10 n\u0259f\u0259rd\u0259n \u00e7ox polis \u0259m\u0259kda\u015f\u0131 g\u0259l\u0259r\u0259k, Famil X\u0259lilovu zorla s\u00fcr\u00fcy\u00fcb apar\u0131blar:<\/p>\n\n\n\n<p>\u201c<em>Famil birinci qrup \u0259lildir, qollar\u0131n\u0131n h\u0259r ikisi iflicdir. Onu yedirm\u0259k, geyindirm\u0259k, bir s\u00f6zl\u0259, b\u00fct\u00fcn ehtiyaclar\u0131n\u0131 m\u0259nim k\u00f6m\u0259yiml\u0259 qar\u015f\u0131lay\u0131r. El\u0259 polisl\u0259r evimiz\u0259 basq\u0131n el\u0259y\u0259nd\u0259 d\u0259 onu hamamda yuyundururdum, qap\u0131 d\u00f6y\u00fcl\u0259nd\u0259 q\u0131z\u0131m a\u00e7\u0131b. Q\u0131rm\u0131z\u0131-q\u0131rm\u0131z\u0131 yalan dan\u0131\u015f\u0131rlar ki, guya evd\u0259n narkotik tap\u0131blar. \u018fg\u0259r narkotik\u0259 g\u00f6r\u0259 g\u0259lmi\u015fdil\u0259rs\u0259, o zaman komp\u00fcteri aparmazd\u0131lar\u201d.<\/em><\/p>\n","protected":false},"excerpt":{"rendered":"<p>Ail\u0259si \u0259riz\u0259 yazma\u011fa m\u0259cbur edildiyini deyir Sosial \u015f\u0259b\u0259k\u0259l\u0259rd\u0259 h\u00f6kum\u0259tl\u0259 ba\u011fl\u0131 &#8230; <\/p>\n<p class=\"read-more-container\"><a title=\"T\u0259cridxana r\u0259hb\u0259rliyinin acl\u0131\u011f\u0131 dayand\u0131rmas\u0131 \u00fc\u00e7\u00fcn Famil X\u0259lilova t\u0259zyiq g\u00f6st\u0259rdiyi bildirilir\" class=\"read-more button\" href=\"https:\/\/www.meydan.tv\/az\/article\/tecridxana-rehberliyinin-acligi-dayandirmasi-ucun-famil-xelilova-tezyiq-gosterdiyi-bildirilir\/#more-313526\" aria-label=\"Read more about T\u0259cridxana r\u0259hb\u0259rliyinin acl\u0131\u011f\u0131 dayand\u0131rmas\u0131 \u00fc\u00e7\u00fcn Famil X\u0259lilova t\u0259zyiq g\u00f6st\u0259rdiyi bildirilir\">Davam\u0131<\/a><\/p>\n","protected":false},"author":8,"featured_media":307666,"comment_status":"closed","ping_status":"closed","sticky":false,"template":"","format":"standard","meta":{"_acf_changed":false,"_sitemap_exclude":false,"_sitemap_priority":"","_sitemap_frequency":"","footnotes":""},"categories":[59,79,56],"tags":[],"class_list":["post-313526","post","type-post","status-publish","format-standard","has-post-thumbnail","hentry","category-siyaset","category-featured","category-xeberler","infinite-scroll-item","generate-columns","tablet-grid-50","mobile-grid-100","grid-parent","grid-33","no-featured-image-padding"],"acf":[],"yoast_head":"<!-- This site is optimized with the Yoast SEO plugin v27.4 - https:\/\/yoast.com\/product\/yoast-seo-wordpress\/ -->\n<title>T\u0259cridxana r\u0259hb\u0259rliyinin acl\u0131\u011f\u0131 dayand\u0131rmas\u0131 \u00fc\u00e7\u00fcn Famil X\u0259lilova t\u0259zyiq g\u00f6st\u0259rdiyi bildirilir - MEYDAN.TV<\/title>\n<meta name=\"description\" content=\"34 ya\u015fl\u0131 Famil X\u0259lilova qar\u015f\u0131 Cinay\u0259t M\u0259c\u0259ll\u0259sinin 234.4.3 (sat\u0131\u015f m\u0259qs\u0259dil\u0259 k\u00fclli miqdarda narkotik \u0259ld\u0259 etm\u0259, da\u015f\u0131ma, saxlama) madd\u0259sil\u0259 ittiham ir\u0259li s\u00fcr\u00fcl\u00fcb.\" \/>\n<meta name=\"robots\" content=\"index, follow, max-snippet:-1, max-image-preview:large, max-video-preview:-1\" \/>\n<link rel=\"canonical\" href=\"https:\/\/www.meydan.tv\/az\/article\/tecridxana-rehberliyinin-acligi-dayandirmasi-ucun-famil-xelilova-tezyiq-gosterdiyi-bildirilir\/\" \/>\n<meta property=\"og:locale\" content=\"az_AZ\" \/>\n<meta property=\"og:type\" content=\"article\" \/>\n<meta property=\"og:title\" content=\"T\u0259cridxana r\u0259hb\u0259rliyinin acl\u0131\u011f\u0131 dayand\u0131rmas\u0131 \u00fc\u00e7\u00fcn Famil X\u0259lilova t\u0259zyiq g\u00f6st\u0259rdiyi bildirilir - MEYDAN.TV\" \/>\n<meta property=\"og:description\" content=\"34 ya\u015fl\u0131 Famil X\u0259lilova qar\u015f\u0131 Cinay\u0259t M\u0259c\u0259ll\u0259sinin 234.4.3 (sat\u0131\u015f m\u0259qs\u0259dil\u0259 k\u00fclli miqdarda narkotik \u0259ld\u0259 etm\u0259, da\u015f\u0131ma, saxlama) madd\u0259sil\u0259 ittiham ir\u0259li s\u00fcr\u00fcl\u00fcb.\" \/>\n<meta property=\"og:url\" content=\"https:\/\/www.meydan.tv\/az\/article\/tecridxana-rehberliyinin-acligi-dayandirmasi-ucun-famil-xelilova-tezyiq-gosterdiyi-bildirilir\/\" \/>\n<meta property=\"og:site_name\" content=\"MEYDAN.TV\" \/>\n<meta property=\"article:published_time\" content=\"2024-08-22T07:21:48+00:00\" \/>\n<meta property=\"article:modified_time\" content=\"2024-08-22T07:21:52+00:00\" \/>\n<meta property=\"og:image\" content=\"https:\/\/www.meydan.tv\/wp-content\/uploads\/img_1246_720.jpg\" \/>\n\t<meta property=\"og:image:width\" content=\"1200\" \/>\n\t<meta property=\"og:image:height\" content=\"675\" \/>\n\t<meta property=\"og:image:type\" content=\"image\/jpeg\" \/>\n<meta name=\"author\" content=\"elli\" \/>\n<meta name=\"twitter:card\" content=\"summary_large_image\" \/>\n<meta name=\"twitter:creator\" content=\"@elli\" \/>\n<script type=\"application\/ld+json\" class=\"yoast-schema-graph\">{\"@context\":\"https:\\\/\\\/schema.org\",\"@graph\":[{\"@type\":\"Article\",\"@id\":\"https:\\\/\\\/www.meydan.tv\\\/az\\\/article\\\/tecridxana-rehberliyinin-acligi-dayandirmasi-ucun-famil-xelilova-tezyiq-gosterdiyi-bildirilir\\\/#article\",\"isPartOf\":{\"@id\":\"https:\\\/\\\/www.meydan.tv\\\/az\\\/article\\\/tecridxana-rehberliyinin-acligi-dayandirmasi-ucun-famil-xelilova-tezyiq-gosterdiyi-bildirilir\\\/\"},\"author\":{\"name\":\"elli\",\"@id\":\"https:\\\/\\\/www.meydan.tv\\\/az\\\/#\\\/schema\\\/person\\\/9cdbecf90d17180ce1dfbd95b08dcf47\"},\"headline\":\"T\u0259cridxana r\u0259hb\u0259rliyinin acl\u0131\u011f\u0131 dayand\u0131rmas\u0131 \u00fc\u00e7\u00fcn Famil X\u0259lilova t\u0259zyiq g\u00f6st\u0259rdiyi bildirilir\",\"datePublished\":\"2024-08-22T07:21:48+00:00\",\"dateModified\":\"2024-08-22T07:21:52+00:00\",\"mainEntityOfPage\":{\"@id\":\"https:\\\/\\\/www.meydan.tv\\\/az\\\/article\\\/tecridxana-rehberliyinin-acligi-dayandirmasi-ucun-famil-xelilova-tezyiq-gosterdiyi-bildirilir\\\/\"},\"wordCount\":743,\"publisher\":{\"@id\":\"https:\\\/\\\/www.meydan.tv\\\/az\\\/#organization\"},\"image\":{\"@id\":\"https:\\\/\\\/www.meydan.tv\\\/az\\\/article\\\/tecridxana-rehberliyinin-acligi-dayandirmasi-ucun-famil-xelilova-tezyiq-gosterdiyi-bildirilir\\\/#primaryimage\"},\"thumbnailUrl\":\"https:\\\/\\\/www.meydan.tv\\\/wp-content\\\/uploads\\\/img_1246_720.jpg\",\"articleSection\":[\"Siyas\u0259t\",\"T\u00f6vsiy\u0259\",\"X\u0259b\u0259rl\u0259r\"],\"inLanguage\":\"az\"},{\"@type\":\"WebPage\",\"@id\":\"https:\\\/\\\/www.meydan.tv\\\/az\\\/article\\\/tecridxana-rehberliyinin-acligi-dayandirmasi-ucun-famil-xelilova-tezyiq-gosterdiyi-bildirilir\\\/\",\"url\":\"https:\\\/\\\/www.meydan.tv\\\/az\\\/article\\\/tecridxana-rehberliyinin-acligi-dayandirmasi-ucun-famil-xelilova-tezyiq-gosterdiyi-bildirilir\\\/\",\"name\":\"T\u0259cridxana r\u0259hb\u0259rliyinin acl\u0131\u011f\u0131 dayand\u0131rmas\u0131 \u00fc\u00e7\u00fcn Famil X\u0259lilova t\u0259zyiq g\u00f6st\u0259rdiyi bildirilir - MEYDAN.TV\",\"isPartOf\":{\"@id\":\"https:\\\/\\\/www.meydan.tv\\\/az\\\/#website\"},\"primaryImageOfPage\":{\"@id\":\"https:\\\/\\\/www.meydan.tv\\\/az\\\/article\\\/tecridxana-rehberliyinin-acligi-dayandirmasi-ucun-famil-xelilova-tezyiq-gosterdiyi-bildirilir\\\/#primaryimage\"},\"image\":{\"@id\":\"https:\\\/\\\/www.meydan.tv\\\/az\\\/article\\\/tecridxana-rehberliyinin-acligi-dayandirmasi-ucun-famil-xelilova-tezyiq-gosterdiyi-bildirilir\\\/#primaryimage\"},\"thumbnailUrl\":\"https:\\\/\\\/www.meydan.tv\\\/wp-content\\\/uploads\\\/img_1246_720.jpg\",\"datePublished\":\"2024-08-22T07:21:48+00:00\",\"dateModified\":\"2024-08-22T07:21:52+00:00\",\"description\":\"34 ya\u015fl\u0131 Famil X\u0259lilova qar\u015f\u0131 Cinay\u0259t M\u0259c\u0259ll\u0259sinin 234.4.3 (sat\u0131\u015f m\u0259qs\u0259dil\u0259 k\u00fclli miqdarda narkotik \u0259ld\u0259 etm\u0259, da\u015f\u0131ma, saxlama) madd\u0259sil\u0259 ittiham ir\u0259li s\u00fcr\u00fcl\u00fcb.\",\"breadcrumb\":{\"@id\":\"https:\\\/\\\/www.meydan.tv\\\/az\\\/article\\\/tecridxana-rehberliyinin-acligi-dayandirmasi-ucun-famil-xelilova-tezyiq-gosterdiyi-bildirilir\\\/#breadcrumb\"},\"inLanguage\":\"az\",\"potentialAction\":[{\"@type\":\"ReadAction\",\"target\":[\"https:\\\/\\\/www.meydan.tv\\\/az\\\/article\\\/tecridxana-rehberliyinin-acligi-dayandirmasi-ucun-famil-xelilova-tezyiq-gosterdiyi-bildirilir\\\/\"]}]},{\"@type\":\"ImageObject\",\"inLanguage\":\"az\",\"@id\":\"https:\\\/\\\/www.meydan.tv\\\/az\\\/article\\\/tecridxana-rehberliyinin-acligi-dayandirmasi-ucun-famil-xelilova-tezyiq-gosterdiyi-bildirilir\\\/#primaryimage\",\"url\":\"https:\\\/\\\/www.meydan.tv\\\/wp-content\\\/uploads\\\/img_1246_720.jpg\",\"contentUrl\":\"https:\\\/\\\/www.meydan.tv\\\/wp-content\\\/uploads\\\/img_1246_720.jpg\",\"width\":1200,\"height\":675,\"caption\":\"Famil X\u0259lilov. Foto: Meydan TV\"},{\"@type\":\"BreadcrumbList\",\"@id\":\"https:\\\/\\\/www.meydan.tv\\\/az\\\/article\\\/tecridxana-rehberliyinin-acligi-dayandirmasi-ucun-famil-xelilova-tezyiq-gosterdiyi-bildirilir\\\/#breadcrumb\",\"itemListElement\":[{\"@type\":\"ListItem\",\"position\":1,\"name\":\"Ana s\u0259hif\u0259\",\"item\":\"https:\\\/\\\/www.meydan.tv\\\/az\\\/\"},{\"@type\":\"ListItem\",\"position\":2,\"name\":\"Siyas\u0259t\",\"item\":\"https:\\\/\\\/www.meydan.tv\\\/az\\\/section\\\/siyaset\\\/\"},{\"@type\":\"ListItem\",\"position\":3,\"name\":\"T\u0259cridxana r\u0259hb\u0259rliyinin acl\u0131\u011f\u0131 dayand\u0131rmas\u0131 \u00fc\u00e7\u00fcn Famil X\u0259lilova t\u0259zyiq g\u00f6st\u0259rdiyi bildirilir\"}]},{\"@type\":\"WebSite\",\"@id\":\"https:\\\/\\\/www.meydan.tv\\\/az\\\/#website\",\"url\":\"https:\\\/\\\/www.meydan.tv\\\/az\\\/\",\"name\":\"MEYDAN.TV\",\"description\":\"Meydan TV Az\u0259rbaycan\u0131n media m\u0259kan\u0131ndak\u0131 alternativ s\u0259sidir\",\"publisher\":{\"@id\":\"https:\\\/\\\/www.meydan.tv\\\/az\\\/#organization\"},\"potentialAction\":[{\"@type\":\"SearchAction\",\"target\":{\"@type\":\"EntryPoint\",\"urlTemplate\":\"https:\\\/\\\/www.meydan.tv\\\/az\\\/?s={search_term_string}\"},\"query-input\":{\"@type\":\"PropertyValueSpecification\",\"valueRequired\":true,\"valueName\":\"search_term_string\"}}],\"inLanguage\":\"az\"},{\"@type\":\"Organization\",\"@id\":\"https:\\\/\\\/www.meydan.tv\\\/az\\\/#organization\",\"name\":\"Meydan TV\",\"url\":\"https:\\\/\\\/www.meydan.tv\\\/az\\\/\",\"logo\":{\"@type\":\"ImageObject\",\"inLanguage\":\"az\",\"@id\":\"https:\\\/\\\/www.meydan.tv\\\/az\\\/#\\\/schema\\\/logo\\\/image\\\/\",\"url\":\"https:\\\/\\\/www.meydan.tv\\\/wp-content\\\/uploads\\\/2021\\\/07\\\/meydan-logo.svg\",\"contentUrl\":\"https:\\\/\\\/www.meydan.tv\\\/wp-content\\\/uploads\\\/2021\\\/07\\\/meydan-logo.svg\",\"width\":195,\"height\":46,\"caption\":\"Meydan TV\"},\"image\":{\"@id\":\"https:\\\/\\\/www.meydan.tv\\\/az\\\/#\\\/schema\\\/logo\\\/image\\\/\"}},{\"@type\":\"Person\",\"@id\":\"https:\\\/\\\/www.meydan.tv\\\/az\\\/#\\\/schema\\\/person\\\/9cdbecf90d17180ce1dfbd95b08dcf47\",\"name\":\"elli\",\"sameAs\":[\"https:\\\/\\\/x.com\\\/elli\"]}]}<\/script>\n<!-- \/ Yoast SEO plugin. -->","yoast_head_json":{"title":"T\u0259cridxana r\u0259hb\u0259rliyinin acl\u0131\u011f\u0131 dayand\u0131rmas\u0131 \u00fc\u00e7\u00fcn Famil X\u0259lilova t\u0259zyiq g\u00f6st\u0259rdiyi bildirilir - MEYDAN.TV","description":"34 ya\u015fl\u0131 Famil X\u0259lilova qar\u015f\u0131 Cinay\u0259t M\u0259c\u0259ll\u0259sinin 234.4.3 (sat\u0131\u015f m\u0259qs\u0259dil\u0259 k\u00fclli miqdarda narkotik \u0259ld\u0259 etm\u0259, da\u015f\u0131ma, saxlama) madd\u0259sil\u0259 ittiham ir\u0259li s\u00fcr\u00fcl\u00fcb.","robots":{"index":"index","follow":"follow","max-snippet":"max-snippet:-1","max-image-preview":"max-image-preview:large","max-video-preview":"max-video-preview:-1"},"canonical":"https:\/\/www.meydan.tv\/az\/article\/tecridxana-rehberliyinin-acligi-dayandirmasi-ucun-famil-xelilova-tezyiq-gosterdiyi-bildirilir\/","og_locale":"az_AZ","og_type":"article","og_title":"T\u0259cridxana r\u0259hb\u0259rliyinin acl\u0131\u011f\u0131 dayand\u0131rmas\u0131 \u00fc\u00e7\u00fcn Famil X\u0259lilova t\u0259zyiq g\u00f6st\u0259rdiyi bildirilir - MEYDAN.TV","og_description":"34 ya\u015fl\u0131 Famil X\u0259lilova qar\u015f\u0131 Cinay\u0259t M\u0259c\u0259ll\u0259sinin 234.4.3 (sat\u0131\u015f m\u0259qs\u0259dil\u0259 k\u00fclli miqdarda narkotik \u0259ld\u0259 etm\u0259, da\u015f\u0131ma, saxlama) madd\u0259sil\u0259 ittiham ir\u0259li s\u00fcr\u00fcl\u00fcb.","og_url":"https:\/\/www.meydan.tv\/az\/article\/tecridxana-rehberliyinin-acligi-dayandirmasi-ucun-famil-xelilova-tezyiq-gosterdiyi-bildirilir\/","og_site_name":"MEYDAN.TV","article_published_time":"2024-08-22T07:21:48+00:00","article_modified_time":"2024-08-22T07:21:52+00:00","og_image":[{"width":1200,"height":675,"url":"https:\/\/www.meydan.tv\/wp-content\/uploads\/img_1246_720.jpg","type":"image\/jpeg"}],"author":"elli","twitter_card":"summary_large_image","twitter_creator":"@elli","schema":{"@context":"https:\/\/schema.org","@graph":[{"@type":"Article","@id":"https:\/\/www.meydan.tv\/az\/article\/tecridxana-rehberliyinin-acligi-dayandirmasi-ucun-famil-xelilova-tezyiq-gosterdiyi-bildirilir\/#article","isPartOf":{"@id":"https:\/\/www.meydan.tv\/az\/article\/tecridxana-rehberliyinin-acligi-dayandirmasi-ucun-famil-xelilova-tezyiq-gosterdiyi-bildirilir\/"},"author":{"name":"elli","@id":"https:\/\/www.meydan.tv\/az\/#\/schema\/person\/9cdbecf90d17180ce1dfbd95b08dcf47"},"headline":"T\u0259cridxana r\u0259hb\u0259rliyinin acl\u0131\u011f\u0131 dayand\u0131rmas\u0131 \u00fc\u00e7\u00fcn Famil X\u0259lilova t\u0259zyiq g\u00f6st\u0259rdiyi bildirilir","datePublished":"2024-08-22T07:21:48+00:00","dateModified":"2024-08-22T07:21:52+00:00","mainEntityOfPage":{"@id":"https:\/\/www.meydan.tv\/az\/article\/tecridxana-rehberliyinin-acligi-dayandirmasi-ucun-famil-xelilova-tezyiq-gosterdiyi-bildirilir\/"},"wordCount":743,"publisher":{"@id":"https:\/\/www.meydan.tv\/az\/#organization"},"image":{"@id":"https:\/\/www.meydan.tv\/az\/article\/tecridxana-rehberliyinin-acligi-dayandirmasi-ucun-famil-xelilova-tezyiq-gosterdiyi-bildirilir\/#primaryimage"},"thumbnailUrl":"https:\/\/www.meydan.tv\/wp-content\/uploads\/img_1246_720.jpg","articleSection":["Siyas\u0259t","T\u00f6vsiy\u0259","X\u0259b\u0259rl\u0259r"],"inLanguage":"az"},{"@type":"WebPage","@id":"https:\/\/www.meydan.tv\/az\/article\/tecridxana-rehberliyinin-acligi-dayandirmasi-ucun-famil-xelilova-tezyiq-gosterdiyi-bildirilir\/","url":"https:\/\/www.meydan.tv\/az\/article\/tecridxana-rehberliyinin-acligi-dayandirmasi-ucun-famil-xelilova-tezyiq-gosterdiyi-bildirilir\/","name":"T\u0259cridxana r\u0259hb\u0259rliyinin acl\u0131\u011f\u0131 dayand\u0131rmas\u0131 \u00fc\u00e7\u00fcn Famil X\u0259lilova t\u0259zyiq g\u00f6st\u0259rdiyi bildirilir - MEYDAN.TV","isPartOf":{"@id":"https:\/\/www.meydan.tv\/az\/#website"},"primaryImageOfPage":{"@id":"https:\/\/www.meydan.tv\/az\/article\/tecridxana-rehberliyinin-acligi-dayandirmasi-ucun-famil-xelilova-tezyiq-gosterdiyi-bildirilir\/#primaryimage"},"image":{"@id":"https:\/\/www.meydan.tv\/az\/article\/tecridxana-rehberliyinin-acligi-dayandirmasi-ucun-famil-xelilova-tezyiq-gosterdiyi-bildirilir\/#primaryimage"},"thumbnailUrl":"https:\/\/www.meydan.tv\/wp-content\/uploads\/img_1246_720.jpg","datePublished":"2024-08-22T07:21:48+00:00","dateModified":"2024-08-22T07:21:52+00:00","description":"34 ya\u015fl\u0131 Famil X\u0259lilova qar\u015f\u0131 Cinay\u0259t M\u0259c\u0259ll\u0259sinin 234.4.3 (sat\u0131\u015f m\u0259qs\u0259dil\u0259 k\u00fclli miqdarda narkotik \u0259ld\u0259 etm\u0259, da\u015f\u0131ma, saxlama) madd\u0259sil\u0259 ittiham ir\u0259li s\u00fcr\u00fcl\u00fcb.","breadcrumb":{"@id":"https:\/\/www.meydan.tv\/az\/article\/tecridxana-rehberliyinin-acligi-dayandirmasi-ucun-famil-xelilova-tezyiq-gosterdiyi-bildirilir\/#breadcrumb"},"inLanguage":"az","potentialAction":[{"@type":"ReadAction","target":["https:\/\/www.meydan.tv\/az\/article\/tecridxana-rehberliyinin-acligi-dayandirmasi-ucun-famil-xelilova-tezyiq-gosterdiyi-bildirilir\/"]}]},{"@type":"ImageObject","inLanguage":"az","@id":"https:\/\/www.meydan.tv\/az\/article\/tecridxana-rehberliyinin-acligi-dayandirmasi-ucun-famil-xelilova-tezyiq-gosterdiyi-bildirilir\/#primaryimage","url":"https:\/\/www.meydan.tv\/wp-content\/uploads\/img_1246_720.jpg","contentUrl":"https:\/\/www.meydan.tv\/wp-content\/uploads\/img_1246_720.jpg","width":1200,"height":675,"caption":"Famil X\u0259lilov. Foto: Meydan TV"},{"@type":"BreadcrumbList","@id":"https:\/\/www.meydan.tv\/az\/article\/tecridxana-rehberliyinin-acligi-dayandirmasi-ucun-famil-xelilova-tezyiq-gosterdiyi-bildirilir\/#breadcrumb","itemListElement":[{"@type":"ListItem","position":1,"name":"Ana s\u0259hif\u0259","item":"https:\/\/www.meydan.tv\/az\/"},{"@type":"ListItem","position":2,"name":"Siyas\u0259t","item":"https:\/\/www.meydan.tv\/az\/section\/siyaset\/"},{"@type":"ListItem","position":3,"name":"T\u0259cridxana r\u0259hb\u0259rliyinin acl\u0131\u011f\u0131 dayand\u0131rmas\u0131 \u00fc\u00e7\u00fcn Famil X\u0259lilova t\u0259zyiq g\u00f6st\u0259rdiyi bildirilir"}]},{"@type":"WebSite","@id":"https:\/\/www.meydan.tv\/az\/#website","url":"https:\/\/www.meydan.tv\/az\/","name":"MEYDAN.TV","description":"Meydan TV Az\u0259rbaycan\u0131n media m\u0259kan\u0131ndak\u0131 alternativ s\u0259sidir","publisher":{"@id":"https:\/\/www.meydan.tv\/az\/#organization"},"potentialAction":[{"@type":"SearchAction","target":{"@type":"EntryPoint","urlTemplate":"https:\/\/www.meydan.tv\/az\/?s={search_term_string}"},"query-input":{"@type":"PropertyValueSpecification","valueRequired":true,"valueName":"search_term_string"}}],"inLanguage":"az"},{"@type":"Organization","@id":"https:\/\/www.meydan.tv\/az\/#organization","name":"Meydan TV","url":"https:\/\/www.meydan.tv\/az\/","logo":{"@type":"ImageObject","inLanguage":"az","@id":"https:\/\/www.meydan.tv\/az\/#\/schema\/logo\/image\/","url":"https:\/\/www.meydan.tv\/wp-content\/uploads\/2021\/07\/meydan-logo.svg","contentUrl":"https:\/\/www.meydan.tv\/wp-content\/uploads\/2021\/07\/meydan-logo.svg","width":195,"height":46,"caption":"Meydan TV"},"image":{"@id":"https:\/\/www.meydan.tv\/az\/#\/schema\/logo\/image\/"}},{"@type":"Person","@id":"https:\/\/www.meydan.tv\/az\/#\/schema\/person\/9cdbecf90d17180ce1dfbd95b08dcf47","name":"elli","sameAs":["https:\/\/x.com\/elli"]}]}},"_links":{"self":[{"href":"https:\/\/www.meydan.tv\/az\/wp-json\/wp\/v2\/posts\/313526","targetHints":{"allow":["GET"]}}],"collection":[{"href":"https:\/\/www.meydan.tv\/az\/wp-json\/wp\/v2\/posts"}],"about":[{"href":"https:\/\/www.meydan.tv\/az\/wp-json\/wp\/v2\/types\/post"}],"author":[{"embeddable":true,"href":"https:\/\/www.meydan.tv\/az\/wp-json\/wp\/v2\/users\/8"}],"replies":[{"embeddable":true,"href":"https:\/\/www.meydan.tv\/az\/wp-json\/wp\/v2\/comments?post=313526"}],"version-history":[{"count":1,"href":"https:\/\/www.meydan.tv\/az\/wp-json\/wp\/v2\/posts\/313526\/revisions"}],"predecessor-version":[{"id":313527,"href":"https:\/\/www.meydan.tv\/az\/wp-json\/wp\/v2\/posts\/313526\/revisions\/313527"}],"wp:featuredmedia":[{"embeddable":true,"href":"https:\/\/www.meydan.tv\/az\/wp-json\/wp\/v2\/media\/307666"}],"wp:attachment":[{"href":"https:\/\/www.meydan.tv\/az\/wp-json\/wp\/v2\/media?parent=313526"}],"wp:term":[{"taxonomy":"category","embeddable":true,"href":"https:\/\/www.meydan.tv\/az\/wp-json\/wp\/v2\/categories?post=313526"},{"taxonomy":"post_tag","embeddable":true,"href":"https:\/\/www.meydan.tv\/az\/wp-json\/wp\/v2\/tags?post=313526"}],"curies":[{"name":"wp","href":"https:\/\/api.w.org\/{rel}","templated":true}]}}