{"id":313421,"date":"2024-08-20T22:22:18","date_gmt":"2024-08-20T18:22:18","guid":{"rendered":"https:\/\/www.meydan.tv\/?p=313421"},"modified":"2024-08-20T22:22:19","modified_gmt":"2024-08-20T18:22:19","slug":"sevda-sanaliyevani-teqib-eden-sexs-saxlanilib","status":"publish","type":"post","link":"https:\/\/www.meydan.tv\/az\/article\/sevda-sanaliyevani-teqib-eden-sexs-saxlanilib\/","title":{"rendered":"Sevda Sanaliyevan\u0131 t\u0259qib ed\u0259n \u015f\u0259xs saxlan\u0131l\u0131b"},"content":{"rendered":"\n<p class=\"wp-block-paragraph\"><em>M\u00fc\u011f\u0259nni \u00f6z\u00fcn\u00fcn v\u0259 \u00f6vladlar\u0131n\u0131n t\u0259hl\u00fck\u0259d\u0259 oldu\u011funu a\u00e7\u0131qlam\u0131\u015fd\u0131<\/em><\/p>\n\n\n\n<p class=\"wp-block-paragraph\">M\u00fc\u011f\u0259nni Sevda Sanaliyeva tan\u0131d\u0131\u011f\u0131 \u015f\u0259xs t\u0259r\u0259find\u0259n t\u0259qib edildiyini v\u0259 h\u0259yatna t\u0259hl\u00fck\u0259 oldu\u011funu bildirib.<\/p>\n\n\n\n<p class=\"wp-block-paragraph\">O bu bar\u0259d\u0259 \u201c\u0130nstagram\u201d s\u0259hif\u0259sind\u0259 payla\u015f\u0131m <a href=\"https:\/\/www.instagram.com\/p\/C-3EkwAIJi2\/\">edib<\/a>.<\/p>\n\n\n\n<p class=\"wp-block-paragraph\">\u201cBu adam\u0131 tan\u0131y\u0131ram, ya\u015fad\u0131\u011f\u0131 yeri d\u0259 bilir\u0259m. \u00c7ox t\u0259hl\u00fck\u0259li insand\u0131r. \u018fg\u0259r m\u0259n\u0259 n\u0259s\u0259 olsa, bilin ki, s\u0259b\u0259bkar\u0131 bu insand\u0131r. D\u0259f\u0259l\u0259rl\u0259 \u201c102\u201dy\u0259 \u015fikay\u0259t etmi\u015f\u0259m, m\u0259hk\u0259m\u0259y\u0259, b\u00f6lm\u0259y\u0259 \u0259riz\u0259li \u015f\u0259kild\u0259 m\u00fcraci\u0259t etmi\u015f\u0259m. Uzaqla\u015fd\u0131rma q\u0259rar\u0131n\u0131n \u00e7\u0131xar\u0131lmas\u0131 bir az vaxt t\u0259l\u0259b edir, amma bilmir\u0259m ki, buna vaxt\u0131m var, ya yox. Q\u0259rar \u00e7\u0131xana q\u0259d\u0259r, b\u0259lk\u0259 d\u0259, m\u0259n olmayaca\u011fam\u201d, &#8211; m\u00fc\u011f\u0259nni bildirib.<\/p>\n\n\n\n<p class=\"wp-block-paragraph\">Video vasit\u0259sil\u0259 h\u00fcquq-m\u00fchafiz\u0259 orqanlar\u0131na m\u00fcraci\u0259t ed\u0259n Sevda Sanaliyeva h\u0259min \u015f\u0259xs\u0259 \u00f6vladlar\u0131na v\u0259 ona yax\u0131nla\u015fd\u0131\u011f\u0131 t\u0259qdird\u0259, kimliyini a\u00e7\u0131qlayaca\u011f\u0131n\u0131 da s\u00f6yl\u0259yib.<\/p>\n\n\n\n<p class=\"wp-block-paragraph\">Daxili \u0130\u015fl\u0259r Nazirliyi (D\u0130N) bildirib ki, h\u0259min \u015f\u0259xs Sevda Sanaliyevan\u0131n m\u00fcraci\u0259ti \u0259sas\u0131nda polis b\u00f6lm\u0259sin\u0259 d\u0259v\u0259t edilib.<\/p>\n\n\n\n<p class=\"wp-block-paragraph\">\u201cAra\u015fd\u0131rman\u0131n n\u0259tic\u0259sin\u0259 \u0259sas\u0259n h\u0259min \u015f\u0259xs saxlan\u0131l\u0131b. Bar\u0259sind\u0259 protokol t\u0259rtib edilib. Bax\u0131lmas\u0131 \u00fc\u00e7\u00fcn aidiyy\u0259ti \u00fczr\u0259 m\u0259hk\u0259m\u0259y\u0259 g\u00f6nd\u0259ril\u0259c\u0259k\u201d, &#8211; D\u0130N-nin m\u0259lumat\u0131nda deyilir.<\/p>\n","protected":false},"excerpt":{"rendered":"<p>M\u00fc\u011f\u0259nni \u00f6z\u00fcn\u00fcn v\u0259 \u00f6vladlar\u0131n\u0131n t\u0259hl\u00fck\u0259d\u0259 oldu\u011funu a\u00e7\u0131qlam\u0131\u015fd\u0131 M\u00fc\u011f\u0259nni Sevda Sanaliyeva &#8230; <\/p>\n<p class=\"read-more-container\"><a title=\"Sevda Sanaliyevan\u0131 t\u0259qib ed\u0259n \u015f\u0259xs saxlan\u0131l\u0131b\" class=\"read-more button\" href=\"https:\/\/www.meydan.tv\/az\/article\/sevda-sanaliyevani-teqib-eden-sexs-saxlanilib\/#more-313421\" aria-label=\"Read more about Sevda Sanaliyevan\u0131 t\u0259qib ed\u0259n \u015f\u0259xs saxlan\u0131l\u0131b\">Davam\u0131<\/a><\/p>\n","protected":false},"author":12,"featured_media":257656,"comment_status":"closed","ping_status":"closed","sticky":false,"template":"","format":"standard","meta":{"_acf_changed":false,"_sitemap_exclude":false,"_sitemap_priority":"","_sitemap_frequency":"","footnotes":""},"categories":[52,56],"tags":[],"class_list":["post-313421","post","type-post","status-publish","format-standard","has-post-thumbnail","hentry","category-medeniyyet","category-xeberler","infinite-scroll-item","generate-columns","tablet-grid-50","mobile-grid-100","grid-parent","grid-33","no-featured-image-padding"],"acf":[],"yoast_head":"<!-- This site is optimized with the Yoast SEO plugin v28.4 - https:\/\/yoast.com\/product\/yoast-seo-wordpress\/ -->\n<title>Sevda Sanaliyevan\u0131 t\u0259qib ed\u0259n \u015f\u0259xs saxlan\u0131l\u0131b - MEYDAN.TV<\/title>\n<meta name=\"robots\" content=\"index, follow, max-snippet:-1, max-image-preview:large, max-video-preview:-1\" \/>\n<link rel=\"canonical\" href=\"https:\/\/www.meydan.tv\/az\/article\/sevda-sanaliyevani-teqib-eden-sexs-saxlanilib\/\" \/>\n<meta property=\"og:locale\" content=\"az_AZ\" \/>\n<meta property=\"og:type\" content=\"article\" \/>\n<meta property=\"og:title\" content=\"Sevda Sanaliyevan\u0131 t\u0259qib ed\u0259n \u015f\u0259xs saxlan\u0131l\u0131b - MEYDAN.TV\" \/>\n<meta property=\"og:description\" content=\"M\u00fc\u011f\u0259nni \u00f6z\u00fcn\u00fcn v\u0259 \u00f6vladlar\u0131n\u0131n t\u0259hl\u00fck\u0259d\u0259 oldu\u011funu a\u00e7\u0131qlam\u0131\u015fd\u0131 M\u00fc\u011f\u0259nni Sevda Sanaliyeva ... Davam\u0131\" \/>\n<meta property=\"og:url\" content=\"https:\/\/www.meydan.tv\/az\/article\/sevda-sanaliyevani-teqib-eden-sexs-saxlanilib\/\" \/>\n<meta property=\"og:site_name\" content=\"MEYDAN.TV\" \/>\n<meta property=\"article:published_time\" content=\"2024-08-20T18:22:18+00:00\" \/>\n<meta property=\"article:modified_time\" content=\"2024-08-20T18:22:19+00:00\" \/>\n<meta property=\"og:image\" content=\"https:\/\/www.meydan.tv\/wp-content\/uploads\/untitled_artwork_1-2.jpg\" \/>\n\t<meta property=\"og:image:width\" content=\"1200\" \/>\n\t<meta property=\"og:image:height\" content=\"675\" \/>\n\t<meta property=\"og:image:type\" content=\"image\/jpeg\" \/>\n<meta name=\"twitter:card\" content=\"summary_large_image\" \/>\n<!-- \/ Yoast SEO plugin. -->","yoast_head_json":{"title":"Sevda Sanaliyevan\u0131 t\u0259qib ed\u0259n \u015f\u0259xs saxlan\u0131l\u0131b - MEYDAN.TV","robots":{"index":"index","follow":"follow","max-snippet":"max-snippet:-1","max-image-preview":"max-image-preview:large","max-video-preview":"max-video-preview:-1"},"canonical":"https:\/\/www.meydan.tv\/az\/article\/sevda-sanaliyevani-teqib-eden-sexs-saxlanilib\/","og_locale":"az_AZ","og_type":"article","og_title":"Sevda Sanaliyevan\u0131 t\u0259qib ed\u0259n \u015f\u0259xs saxlan\u0131l\u0131b - MEYDAN.TV","og_description":"M\u00fc\u011f\u0259nni \u00f6z\u00fcn\u00fcn v\u0259 \u00f6vladlar\u0131n\u0131n t\u0259hl\u00fck\u0259d\u0259 oldu\u011funu a\u00e7\u0131qlam\u0131\u015fd\u0131 M\u00fc\u011f\u0259nni Sevda Sanaliyeva ... Davam\u0131","og_url":"https:\/\/www.meydan.tv\/az\/article\/sevda-sanaliyevani-teqib-eden-sexs-saxlanilib\/","og_site_name":"MEYDAN.TV","article_published_time":"2024-08-20T18:22:18+00:00","article_modified_time":"2024-08-20T18:22:19+00:00","og_image":[{"width":1200,"height":675,"url":"https:\/\/www.meydan.tv\/wp-content\/uploads\/untitled_artwork_1-2.jpg","type":"image\/jpeg"}],"twitter_card":"summary_large_image","schema":{"@context":"https:\/\/schema.org","@graph":[{"@type":"Article","@id":"https:\/\/www.meydan.tv\/az\/article\/sevda-sanaliyevani-teqib-eden-sexs-saxlanilib\/#article","isPartOf":{"@id":"https:\/\/www.meydan.tv\/az\/article\/sevda-sanaliyevani-teqib-eden-sexs-saxlanilib\/"},"author":{"name":"aleks","@id":"https:\/\/www.meydan.tv\/az\/#\/schema\/person\/476e9360e593fa131d5d71d51866f8da"},"headline":"Sevda Sanaliyevan\u0131 t\u0259qib ed\u0259n \u015f\u0259xs saxlan\u0131l\u0131b","datePublished":"2024-08-20T18:22:18+00:00","dateModified":"2024-08-20T18:22:19+00:00","mainEntityOfPage":{"@id":"https:\/\/www.meydan.tv\/az\/article\/sevda-sanaliyevani-teqib-eden-sexs-saxlanilib\/"},"wordCount":267,"publisher":{"@id":"https:\/\/www.meydan.tv\/az\/#organization"},"image":{"@id":"https:\/\/www.meydan.tv\/az\/article\/sevda-sanaliyevani-teqib-eden-sexs-saxlanilib\/#primaryimage"},"thumbnailUrl":"https:\/\/www.meydan.tv\/wp-content\/uploads\/untitled_artwork_1-2.jpg","articleSection":["M\u0259d\u0259niyy\u0259t","X\u0259b\u0259rl\u0259r"],"inLanguage":"az"},{"@type":"WebPage","@id":"https:\/\/www.meydan.tv\/az\/article\/sevda-sanaliyevani-teqib-eden-sexs-saxlanilib\/","url":"https:\/\/www.meydan.tv\/az\/article\/sevda-sanaliyevani-teqib-eden-sexs-saxlanilib\/","name":"Sevda Sanaliyevan\u0131 t\u0259qib ed\u0259n \u015f\u0259xs saxlan\u0131l\u0131b - MEYDAN.TV","isPartOf":{"@id":"https:\/\/www.meydan.tv\/az\/#website"},"primaryImageOfPage":{"@id":"https:\/\/www.meydan.tv\/az\/article\/sevda-sanaliyevani-teqib-eden-sexs-saxlanilib\/#primaryimage"},"image":{"@id":"https:\/\/www.meydan.tv\/az\/article\/sevda-sanaliyevani-teqib-eden-sexs-saxlanilib\/#primaryimage"},"thumbnailUrl":"https:\/\/www.meydan.tv\/wp-content\/uploads\/untitled_artwork_1-2.jpg","datePublished":"2024-08-20T18:22:18+00:00","dateModified":"2024-08-20T18:22:19+00:00","breadcrumb":{"@id":"https:\/\/www.meydan.tv\/az\/article\/sevda-sanaliyevani-teqib-eden-sexs-saxlanilib\/#breadcrumb"},"inLanguage":"az","potentialAction":[{"@type":"ReadAction","target":["https:\/\/www.meydan.tv\/az\/article\/sevda-sanaliyevani-teqib-eden-sexs-saxlanilib\/"]}]},{"@type":"ImageObject","inLanguage":"az","@id":"https:\/\/www.meydan.tv\/az\/article\/sevda-sanaliyevani-teqib-eden-sexs-saxlanilib\/#primaryimage","url":"https:\/\/www.meydan.tv\/wp-content\/uploads\/untitled_artwork_1-2.jpg","contentUrl":"https:\/\/www.meydan.tv\/wp-content\/uploads\/untitled_artwork_1-2.jpg","width":1200,"height":675,"caption":"\u0130ll\u00fcstrasiya: Meydan TV"},{"@type":"BreadcrumbList","@id":"https:\/\/www.meydan.tv\/az\/article\/sevda-sanaliyevani-teqib-eden-sexs-saxlanilib\/#breadcrumb","itemListElement":[{"@type":"ListItem","position":1,"name":"Ana s\u0259hif\u0259","item":"https:\/\/www.meydan.tv\/az\/"},{"@type":"ListItem","position":2,"name":"X\u0259b\u0259rl\u0259r","item":"https:\/\/www.meydan.tv\/az\/section\/xeberler\/"},{"@type":"ListItem","position":3,"name":"Sevda Sanaliyevan\u0131 t\u0259qib ed\u0259n \u015f\u0259xs saxlan\u0131l\u0131b"}]},{"@type":"WebSite","@id":"https:\/\/www.meydan.tv\/az\/#website","url":"https:\/\/www.meydan.tv\/az\/","name":"MEYDAN.TV","description":"Meydan TV Az\u0259rbaycan\u0131n media m\u0259kan\u0131ndak\u0131 alternativ s\u0259sidir","publisher":{"@id":"https:\/\/www.meydan.tv\/az\/#organization"},"potentialAction":[{"@type":"SearchAction","target":{"@type":"EntryPoint","urlTemplate":"https:\/\/www.meydan.tv\/az\/?s={search_term_string}"},"query-input":{"@type":"PropertyValueSpecification","valueRequired":true,"valueName":"search_term_string"}}],"inLanguage":"az"},{"@type":"Organization","@id":"https:\/\/www.meydan.tv\/az\/#organization","name":"Meydan TV","url":"https:\/\/www.meydan.tv\/az\/","logo":{"@type":"ImageObject","inLanguage":"az","@id":"https:\/\/www.meydan.tv\/az\/#\/schema\/logo\/image\/","url":"https:\/\/www.meydan.tv\/wp-content\/uploads\/2021\/07\/meydan-logo.svg","contentUrl":"https:\/\/www.meydan.tv\/wp-content\/uploads\/2021\/07\/meydan-logo.svg","width":195,"height":46,"caption":"Meydan TV"},"image":{"@id":"https:\/\/www.meydan.tv\/az\/#\/schema\/logo\/image\/"}},{"@type":"Person","@id":"https:\/\/www.meydan.tv\/az\/#\/schema\/person\/476e9360e593fa131d5d71d51866f8da","name":"aleks"}]}},"_links":{"self":[{"href":"https:\/\/www.meydan.tv\/az\/wp-json\/wp\/v2\/posts\/313421","targetHints":{"allow":["GET"]}}],"collection":[{"href":"https:\/\/www.meydan.tv\/az\/wp-json\/wp\/v2\/posts"}],"about":[{"href":"https:\/\/www.meydan.tv\/az\/wp-json\/wp\/v2\/types\/post"}],"author":[{"embeddable":true,"href":"https:\/\/www.meydan.tv\/az\/wp-json\/wp\/v2\/users\/12"}],"replies":[{"embeddable":true,"href":"https:\/\/www.meydan.tv\/az\/wp-json\/wp\/v2\/comments?post=313421"}],"version-history":[{"count":1,"href":"https:\/\/www.meydan.tv\/az\/wp-json\/wp\/v2\/posts\/313421\/revisions"}],"predecessor-version":[{"id":313422,"href":"https:\/\/www.meydan.tv\/az\/wp-json\/wp\/v2\/posts\/313421\/revisions\/313422"}],"wp:featuredmedia":[{"embeddable":true,"href":"https:\/\/www.meydan.tv\/az\/wp-json\/wp\/v2\/media\/257656"}],"wp:attachment":[{"href":"https:\/\/www.meydan.tv\/az\/wp-json\/wp\/v2\/media?parent=313421"}],"wp:term":[{"taxonomy":"category","embeddable":true,"href":"https:\/\/www.meydan.tv\/az\/wp-json\/wp\/v2\/categories?post=313421"},{"taxonomy":"post_tag","embeddable":true,"href":"https:\/\/www.meydan.tv\/az\/wp-json\/wp\/v2\/tags?post=313421"}],"curies":[{"name":"wp","href":"https:\/\/api.w.org\/{rel}","templated":true}]}}