{"id":313382,"date":"2024-08-19T19:03:01","date_gmt":"2024-08-19T15:03:01","guid":{"rendered":"https:\/\/www.meydan.tv\/?p=313382"},"modified":"2024-08-19T19:11:23","modified_gmt":"2024-08-19T15:11:23","slug":"eli-kerimli-onun-ozu-hesab-edir-ki-hakimiyyetle-emekdasliq-etmek-tehqirdir","status":"publish","type":"post","link":"https:\/\/www.meydan.tv\/az\/article\/eli-kerimli-onun-ozu-hesab-edir-ki-hakimiyyetle-emekdasliq-etmek-tehqirdir\/","title":{"rendered":"\u018fli K\u0259rimli: \u201cOnun \u00f6z\u00fc hesab edir ki, hakimiyy\u0259tl\u0259 \u0259m\u0259kda\u015fl\u0131q etm\u0259k t\u0259hqirdir\u201d"},"content":{"rendered":"\n<figure class=\"wp-block-embed is-type-video is-provider-youtube wp-block-embed-youtube wp-embed-aspect-16-9 wp-has-aspect-ratio\"><div class=\"wp-block-embed__wrapper\">\n<iframe title=\"\u018fli K\u0259rimli: Xalq c\u0259bh\u0259si \u018fliyevl\u0259r hakimiyy\u0259tin\u0259 son qoyma\u011f\u0131 h\u0259d\u0259fl\u0259y\u0259n partiyad\u0131r\" width=\"1200\" height=\"675\" data-src=\"https:\/\/www.youtube.com\/embed\/2_trR-JK6_c?feature=oembed\" frameborder=\"0\" allow=\"accelerometer; autoplay; clipboard-write; encrypted-media; gyroscope; picture-in-picture; web-share\" referrerpolicy=\"strict-origin-when-cross-origin\" allowfullscreen src=\"data:image\/svg+xml;base64,PHN2ZyB3aWR0aD0iMSIgaGVpZ2h0PSIxIiB4bWxucz0iaHR0cDovL3d3dy53My5vcmcvMjAwMC9zdmciPjwvc3ZnPg==\" class=\"lazyload\" data-load-mode=\"1\"><\/iframe>\n<\/div><\/figure>\n\n\n\n<!--more-->\n\n\n\n<p><em>AXCP s\u0259drin\u0259 qar\u015f\u0131 yeni \u015fikay\u0259t verildi, b\u00f6htanla yana\u015f\u0131, t\u0259hqir\u0259 g\u00f6r\u0259 d\u0259 c\u0259zaland\u0131r\u0131lmas\u0131 t\u0259l\u0259b olunur<\/em><\/p>\n\n\n\n<p>Az\u0259rbaycan Xalq C\u0259bh\u0259si Partiyas\u0131n\u0131n (AXCP) s\u0259dri \u018fli K\u0259rimliy\u0259 qar\u015f\u0131 x\u00fcsusi ittiham qaydas\u0131nda qald\u0131r\u0131lm\u0131\u015f iddia \u00fczr\u0259 m\u0259hk\u0259m\u0259nin haz\u0131rl\u0131q iclas\u0131 avqustun 19-da davam etdirilib. N\u0259rimi Rayon M\u0259hk\u0259m\u0259sind\u0259 hakim Bab\u0259k P\u0259nahovun s\u0259drliyil\u0259 ke\u00e7iril\u0259n iclasda v\u0259kil Elvin \u018fliyev orderini t\u0259qdim ed\u0259r\u0259k bildirib ki, Ayd\u0131n \u018fliyevi m\u0259hk\u0259m\u0259d\u0259 n\u00fcmay\u0259nd\u0259si kimi t\u0259msil ed\u0259c\u0259k.<\/p>\n\n\n\n<p>M\u0259hk\u0259m\u0259d\u0259 n\u00fcmay\u0259nd\u0259 kimi i\u015ftirak \u00fc\u00e7\u00fcn \u015f\u0259xsin etibarnam\u0259si olmal\u0131d\u0131r. Lakin onlar bildirib ki, bu g\u00fcn \u2013 avqustun 19-da m\u00fcqavil\u0259 ba\u011flad\u0131qlar\u0131na g\u00f6r\u0259 etibarnam\u0259 verm\u0259y\u0259 vaxt olmay\u0131b. Etibarnam\u0259 olmad\u0131\u011f\u0131na g\u00f6r\u0259 Elvin \u018fliyev m\u0259hk\u0259m\u0259 prosesin\u0259 i\u015ftirak\u00e7\u0131 kimi burax\u0131lmay\u0131b. Bununla bel\u0259, o, v\u0259kill\u0259r \u00fc\u00e7\u00fcn ayr\u0131lm\u0131\u015f masan\u0131n arxas\u0131nda \u0259yl\u0259\u015fib, Ayd\u0131n \u018fliyevin h\u00fcquqlar\u0131, \u015fikay\u0259til\u0259 ba\u011fl\u0131 \u00e7\u0131x\u0131\u015f edib.<\/p>\n\n\n\n<p>\u018fli K\u0259rimli v\u0259 v\u0259kili F\u0259xr\u0259ddin Mehdiyev proses i\u015ftirak\u00e7\u0131s\u0131 olmad\u0131\u011f\u0131 halda, Elvin \u018fliyevin \u00e7\u0131x\u0131\u015f\u0131na imkan verilm\u0259sin\u0259 etiraz edib.<\/p>\n\n\n\n<p>Daha sonra Ayd\u0131n \u018fliyev m\u0259hk\u0259m\u0259y\u0259 s\u0259n\u0259d t\u0259qdim ed\u0259r\u0259k bildirib ki, bu, \u015fikay\u0259tin\u0259 \u0259lav\u0259dir. O, avqustun 13-d\u0259 ke\u00e7iril\u0259n \u00f6t\u0259n m\u0259hk\u0259m\u0259 iclas\u0131nda da \u015fikay\u0259t\u0259 \u0259lav\u0259 t\u0259qdim etmi\u015fdi. Y\u0259ni bu, ikinci \u0259lav\u0259dir.<\/p>\n\n\n\n<p>Hakim Bab\u0259k P\u0259nahov \u015fikay\u0259t\u0259 \u0259lav\u0259ni elan ed\u0259r\u0259k bildirib ki, Ayd\u0131n \u018fliyev m\u0259hk\u0259m\u0259y\u0259 t\u0259qdim etdiyi ilkin iddiada \u018fli K\u0259rimlinin Cinay\u0259t M\u0259c\u0259ll\u0259sinin 147.1 (b\u00f6htan) madd\u0259sil\u0259 c\u0259zaland\u0131r\u0131lmas\u0131n\u0131 t\u0259l\u0259b edirdi. Bu \u015fikay\u0259td\u0259 is\u0259 h\u0259m d\u0259 Cinay\u0259t M\u0259c\u0259ll\u0259sinin 148-ci (t\u0259hqir) madd\u0259sini \u0259lav\u0259 edib.<\/p>\n\n\n\n<p>AXCP s\u0259drinin v\u0259kili \u0259lav\u0259nin q\u0259buluna etiraz ed\u0259r\u0259k bildirib ki, cinay\u0259t-prosessual qanunvericilikd\u0259 x\u00fcsusi ittiham qaydas\u0131nda qald\u0131r\u0131lm\u0131\u015f \u015fikay\u0259t\u0259 \u0259lav\u0259 verilm\u0259si n\u0259z\u0259rd\u0259 tutulmay\u0131b. Lakin \u00f6t\u0259n iclasda da Ayd\u0131n \u018fliyev \u015fikay\u0259t\u0259 \u0259lav\u0259 vermi\u015fdi v\u0259 q\u0259bul edildi: \u201c<em>Q\u0259tiyy\u0259n q\u0259bul edilm\u0259m\u0259lidir. \u00c7\u00fcnki qanunda n\u0259z\u0259rd\u0259 tutulmayan bir s\u0259n\u0259d m\u0259hk\u0259m\u0259y\u0259 t\u0259qdim olunur v\u0259 m\u0259hk\u0259m\u0259 d\u0259 ona bax\u0131rsa, bu, m\u0259hk\u0259m\u0259 praktikas\u0131 \u00fc\u00e7\u00fcn l\u0259k\u0259dir\u201d.<\/em><\/p>\n\n\n\n<p>V\u0259kil F\u0259xr\u0259ddin Mehdiyev x\u00fcsusi ittiham qaydas\u0131nda qald\u0131r\u0131lan \u015fikay\u0259tl\u0259rin icraata q\u0259bulu il\u0259 ba\u011fl\u0131 Ali M\u0259hk\u0259m\u0259nin Plenumunun q\u0259rar\u0131n\u0131 da m\u0259hk\u0259m\u0259nin diqq\u0259tin\u0259 \u00e7atd\u0131r\u0131b.<\/p>\n\n\n\n<p>Ayd\u0131n \u018fliyevin v\u0259kili Elvin \u018fliyev \u00e7\u0131x\u015f ed\u0259r\u0259k, buna etiraz\u0131n\u0131 bildirib. Ona \u00e7\u0131x\u0131\u015f imkan\u0131n\u0131n yarad\u0131lmas\u0131 is\u0259 \u018fli K\u0259rimlinin etiraz\u0131na s\u0259b\u0259b olub: <em>\u201cBu adam hans\u0131 statusla burada \u00e7\u0131x\u0131\u015f edir? Proses i\u015ftirak\u00e7\u0131s\u0131 olmad\u0131\u011f\u0131 halda, ham\u0131m\u0131zdan da \u00e7ox dan\u0131\u015f\u0131r. Bu adam \u00e7\u0131x\u0131\u015f edirs\u0259, o zaman m\u0259hk\u0259m\u0259 zal\u0131nda oturanlar\u0131n h\u0259r biri \u00e7\u0131x\u0131\u015f ed\u0259 bil\u0259r\u201d.<\/em><\/p>\n\n\n<div class=\"wp-block-image\">\n<figure class=\"aligncenter size-large\"><img decoding=\"async\" width=\"1095\" height=\"821\" data-src=\"https:\/\/www.meydan.tv\/wp-content\/uploads\/img_4925-1095x821.jpg\" alt=\"\" class=\"wp-image-313315 lazyload\" src=\"data:image\/svg+xml;base64,PHN2ZyB3aWR0aD0iMSIgaGVpZ2h0PSIxIiB4bWxucz0iaHR0cDovL3d3dy53My5vcmcvMjAwMC9zdmciPjwvc3ZnPg==\" style=\"--smush-placeholder-width: 1095px; --smush-placeholder-aspect-ratio: 1095\/821;\" \/><figcaption class=\"wp-element-caption\">\u018fli K\u0259rimlinin m\u0259hk\u0259m\u0259sinin \u00f6n\u00fc. Foto: Meydan TV<\/figcaption><\/figure>\n<\/div>\n\n\n<p>Ayd\u0131n \u018fliyev v\u0259 v\u0259kili hakimd\u0259n vaxt ist\u0259yibl\u0259r. Onlar bildirib ki, m\u00fcdafi\u0259 h\u00fcququnun m\u00fcdafi\u0259si bax\u0131m\u0131ndan onlara vaxt verilm\u0259lidir.<\/p>\n\n\n\n<p>\u018fli K\u0259rimlinin v\u0259kili is\u0259 etiraz ed\u0259r\u0259k bildirib ki, m\u00fcdafi\u0259 h\u00fcququ konstitusion h\u00fcquqdur. Lakin h\u00fcquqlardan sui-istifad\u0259 d\u0259 qada\u011fand\u0131r:<em> \u201c\u0130ddia \u0259riz\u0259sinin m\u0259hk\u0259m\u0259y\u0259 verilm\u0259sind\u0259n n\u0259 q\u0259d\u0259r vaxt ke\u00e7ib. Bir h\u0259ft\u0259 \u0259vv\u0259l d\u0259 haz\u0131rl\u0131q iclas\u0131 olmu\u015fdu. Niy\u0259 bu g\u00fcn\u0259 saxlay\u0131b m\u00fcqavil\u0259 ba\u011flama\u011f\u0131? Haz\u0131rl\u0131q iclas\u0131 niy\u0259 uzad\u0131lmal\u0131d\u0131r?\u201d.<\/em><\/p>\n\n\n\n<p>AXCP s\u0259dri d\u0259 etiraz ed\u0259r\u0259k deyib ki, onunla ba\u011fl\u0131 m\u0259hk\u0259m\u0259 i\u015fi siyasi prosesdir. Bu s\u0259b\u0259bd\u0259n d\u0259 m\u0259hk\u0259m\u0259d\u0259 qanunlar\u0131n pozulmas\u0131na g\u00f6z yumulur: <em>\u201cHans\u0131 qanuna, hans\u0131 madd\u0259y\u0259 \u0259sas\u0259n \u015fikay\u0259t\u0259 \u0259lav\u0259l\u0259r verilir v\u0259 q\u0259bul olunur? Hakim olaraq, q\u0259rar elan el\u0259diniz ki, bu \u015f\u0259xs proses\u0259 burax\u0131lm\u0131r. Amma bayaqdan \u00e7\u0131x\u0131\u015f edir. \u015eikay\u0259tin mahiyy\u0259tin\u0259 g\u0259linc\u0259, qanun deyir ki, yalan oldu\u011funu bil\u0259-bil\u0259 yay\u0131lan, \u015f\u0259r\u0259f v\u0259 l\u0259yaq\u0259ti a\u015fa\u011f\u0131layan m\u0259lumata g\u00f6r\u0259 m\u0259suliyy\u0259t da\u015f\u0131y\u0131rsan. M\u0259n hans\u0131 yalan m\u0259lumat\u0131 yaym\u0131\u015fam? Hans\u0131 formada \u015f\u0259r\u0259f v\u0259 l\u0259yaq\u0259tini a\u015fa\u011f\u0131lam\u0131\u015fam? \u00d6z\u00fc d\u0259 \u015fikay\u0259tind\u0259 yazd\u0131\u011f\u0131 kimi, demi\u015f\u0259m ki, AXCP-nin siyasi x\u0259ttin\u0259 zidd davran\u0131\u015flar\u0131na, hakimiyy\u0259tl\u0259 \u0259m\u0259kda\u015fl\u0131\u011f\u0131na g\u00f6r\u0259 partiyan\u0131n R\u0259yas\u0259t Hey\u0259tinin 19 iyun 2019-cu il tarixli q\u0259rar\u0131 il\u0259 uzaqla\u015fd\u0131r\u0131l\u0131b. Ayd\u0131n \u018fliyev \u0130ctimai N\u0259zar\u0259t Koalisiyas\u0131 adl\u0131 bir quruma \u00fczv olub. Bu qurumun yayd\u0131\u011f\u0131 m\u0259lumat v\u0259 fotolardan da g\u00f6r\u00fcn\u00fcr. O t\u0259\u015fkilat\u0131n m\u0259rk\u0259zi ofisind\u0259 Heyd\u0259r \u018fliyev Muzeyi, \u0130lham \u018fliyev gu\u015f\u0259si var.&nbsp; \u201cHakimiyy\u0259tl\u0259 \u0259m\u0259kda\u015fl\u0131q edir\u201d dem\u0259yim onun \u015f\u0259r\u0259f v\u0259 l\u0259yaq\u0259tini a\u015fa\u011f\u0131lay\u0131r? Bu c\u00fcr yana\u015fman\u0131n \u00f6z\u00fc minl\u0259rl\u0259 adam\u0131 t\u0259hqir el\u0259m\u0259kdir. \u00c7\u00fcnki bu hakimiyy\u0259tl\u0259 \u0259m\u0259kda\u015fl\u0131q ed\u0259n minl\u0259rl\u0259 adam var. Dem\u0259li, bunun \u00f6z\u00fc hesab edir ki, hakimiyy\u0259tl\u0259 \u0259m\u0259kda\u015fl\u0131q etm\u0259k t\u0259hqirdir\u201d.<\/em><\/p>\n\n\n\n<p>\u018fli K\u0259rimliy\u0259 qar\u015f\u0131 \u015fikay\u0259td\u0259 Ayd\u0131n \u018fliyevin b\u00f6htan kimi qiym\u0259tl\u0259ndirdiyi fikirl\u0259rd\u0259n biri d\u0259 onun m\u0259hk\u0259m\u0259 q\u0259rar\u0131 il\u0259 zorla partiyaya qaytar\u0131lmas\u0131d\u0131r. \u018fli K\u0259rimli bunun da h\u0259qiq\u0259t oldu\u011funu deyir:<\/p>\n\n\n\n<p>\u201c<em>Partiyada insanlar h\u0259mfikirl\u0259ri, \u0259qid\u0259 yolda\u015flar\u0131 il\u0259 birlikd\u0259 olmaq ist\u0259yir. Bu g\u00fcn partiyada bir n\u0259f\u0259r d\u0259 Ayd\u0131n \u018fliyevi orada g\u00f6rm\u0259k ist\u0259mir. Amma m\u0259hk\u0259m\u0259 q\u0259rar verir ki, b\u0259rpa olunmal\u0131d\u0131r. M\u0259hk\u0259m\u0259 icra\u00e7\u0131lar\u0131n\u0131n biz\u0259 g\u00f6nd\u0259rdiyi x\u0259b\u0259rdarl\u0131q m\u0259ktublar\u0131 var. Birind\u0259 yaz\u0131r ki, \u201cb\u0259rpa el\u0259m\u0259s\u0259niz, m\u0259hk\u0259m\u0259 q\u0259rar\u0131n\u0131n icra olunmamas\u0131na g\u00f6r\u0259 inzibati v\u0259 cinay\u0259t m\u0259suliyy\u0259ti da\u015f\u0131y\u0131rs\u0131n\u0131z\u201d. Ba\u015fqa bir m\u0259ktubda yaz\u0131r ki, \u201cq\u0259rar icra olunmasa, \u0259mlak\u0131n\u0131z siyah\u0131ya al\u0131nacaq\u201d. Bu, zorla b\u0259rpa olunmaq deyils\u0259, b\u0259s n\u0259dir? M\u00fcxalif\u0259t liderini c\u0259zaland\u0131rma \u00fc\u00e7\u00fcn h\u00fcququ, qanunlar\u0131 ayaqlar alt\u0131na at\u0131blar. M\u0259n d\u0259 bilir\u0259m ki, hans\u0131 sifari\u015f g\u0259ls\u0259, siz d\u0259 onu icra ed\u0259c\u0259ksiniz. Bu q\u0259d\u0259r absurd olmaz\u201d<\/em>.<\/p>\n\n\n\n<p>Ayd\u0131n \u018fliyevin v\u0259kilin\u0259 etibarnam\u0259 verm\u0259si v\u0259 dig\u0259r probleml\u0259ri h\u0259ll etm\u0259si \u00fc\u00e7\u00fcn m\u0259hk\u0259m\u0259 prosesi avqustun 26-na q\u0259d\u0259r t\u0259xir\u0259 sal\u0131n\u0131b.<\/p>\n\n\n\n<p>AXCP bu m\u0259hk\u0259m\u0259 prosesinin hakimiyy\u0259tin sifari\u015fil\u0259 ba\u015flad\u0131ld\u0131\u011f\u0131n\u0131 b\u0259yan edib.<\/p>\n\n\n\n<p>\u201c<em>Haz\u0131rda hakimiyy\u0259t AXCP-ni qanundan k\u0259nar qoymaq, onun s\u0259dri \u018fli K\u0259rimlini siyasi f\u0259aliyy\u0259td\u0259n m\u0259hrum etm\u0259k \u00fc\u00e7\u00fcn bir ne\u00e7\u0259 istiqam\u0259td\u0259 i\u015f apar\u0131r. Bu i\u015fl\u0259rd\u0259 is\u0259 vaxtil\u0259 partiyan\u0131n f\u0259al \u00fczv\u00fc v\u0259 N\u0259zar\u0259t-T\u0259fti\u015f Komissiyas\u0131n\u0131n s\u0259dri olmu\u015f, sonralar hakimiyy\u0259ty\u00f6nl\u00fc ictimai f\u0259aliyy\u0259t\u0259 ba\u015flad\u0131\u011f\u0131 \u00fc\u00e7\u00fcn partiyadan xaric edilmi\u015f Ayd\u0131n \u018fliyevd\u0259n istifad\u0259 edir\u201d,<\/em> &#8211; partiyan\u0131n b\u0259yanat\u0131nda bildirilir.<\/p>\n","protected":false},"excerpt":{"rendered":"","protected":false},"author":8,"featured_media":313374,"comment_status":"closed","ping_status":"closed","sticky":false,"template":"","format":"standard","meta":{"_acf_changed":false,"_sitemap_exclude":false,"_sitemap_priority":"","_sitemap_frequency":"","footnotes":""},"categories":[59,79,63,56],"tags":[],"class_list":["post-313382","post","type-post","status-publish","format-standard","has-post-thumbnail","hentry","category-siyaset","category-featured","category-video-2","category-xeberler","infinite-scroll-item","generate-columns","tablet-grid-50","mobile-grid-100","grid-parent","grid-33","no-featured-image-padding"],"acf":[],"yoast_head":"<!-- This site is optimized with the Yoast SEO plugin v27.4 - https:\/\/yoast.com\/product\/yoast-seo-wordpress\/ -->\n<title>\u018fli K\u0259rimli: \u201cOnun \u00f6z\u00fc hesab edir ki, hakimiyy\u0259tl\u0259 \u0259m\u0259kda\u015fl\u0131q etm\u0259k t\u0259hqirdir\u201d - MEYDAN.TV<\/title>\n<meta name=\"description\" content=\"\u018fli K\u0259rimli v\u0259 v\u0259kili F\u0259xr\u0259ddin Mehdiyev proses i\u015ftirak\u00e7\u0131s\u0131 olmad\u0131\u011f\u0131 halda, Elvin \u018fliyevin \u00e7\u0131x\u0131\u015f\u0131na imkan verilm\u0259sin\u0259 etiraz edib.\" \/>\n<meta name=\"robots\" content=\"index, follow, max-snippet:-1, max-image-preview:large, max-video-preview:-1\" \/>\n<link rel=\"canonical\" href=\"https:\/\/www.meydan.tv\/az\/article\/eli-kerimli-onun-ozu-hesab-edir-ki-hakimiyyetle-emekdasliq-etmek-tehqirdir\/\" \/>\n<meta property=\"og:locale\" content=\"az_AZ\" \/>\n<meta property=\"og:type\" content=\"article\" \/>\n<meta property=\"og:title\" content=\"\u018fli K\u0259rimli: \u201cOnun \u00f6z\u00fc hesab edir ki, hakimiyy\u0259tl\u0259 \u0259m\u0259kda\u015fl\u0131q etm\u0259k t\u0259hqirdir\u201d - MEYDAN.TV\" \/>\n<meta property=\"og:description\" content=\"\u018fli K\u0259rimli v\u0259 v\u0259kili F\u0259xr\u0259ddin Mehdiyev proses i\u015ftirak\u00e7\u0131s\u0131 olmad\u0131\u011f\u0131 halda, Elvin \u018fliyevin \u00e7\u0131x\u0131\u015f\u0131na imkan verilm\u0259sin\u0259 etiraz edib.\" \/>\n<meta property=\"og:url\" content=\"https:\/\/www.meydan.tv\/az\/article\/eli-kerimli-onun-ozu-hesab-edir-ki-hakimiyyetle-emekdasliq-etmek-tehqirdir\/\" \/>\n<meta property=\"og:site_name\" content=\"MEYDAN.TV\" \/>\n<meta property=\"article:published_time\" content=\"2024-08-19T15:03:01+00:00\" \/>\n<meta property=\"article:modified_time\" content=\"2024-08-19T15:11:23+00:00\" \/>\n<meta property=\"og:image\" content=\"https:\/\/www.meydan.tv\/wp-content\/uploads\/3-11-e1724079746262.jpg\" \/>\n\t<meta property=\"og:image:width\" content=\"1200\" \/>\n\t<meta property=\"og:image:height\" content=\"760\" \/>\n\t<meta property=\"og:image:type\" content=\"image\/jpeg\" \/>\n<meta name=\"author\" content=\"elli\" \/>\n<meta name=\"twitter:card\" content=\"summary_large_image\" \/>\n<meta name=\"twitter:creator\" content=\"@elli\" \/>\n<script type=\"application\/ld+json\" class=\"yoast-schema-graph\">{\"@context\":\"https:\\\/\\\/schema.org\",\"@graph\":[{\"@type\":\"Article\",\"@id\":\"https:\\\/\\\/www.meydan.tv\\\/az\\\/article\\\/eli-kerimli-onun-ozu-hesab-edir-ki-hakimiyyetle-emekdasliq-etmek-tehqirdir\\\/#article\",\"isPartOf\":{\"@id\":\"https:\\\/\\\/www.meydan.tv\\\/az\\\/article\\\/eli-kerimli-onun-ozu-hesab-edir-ki-hakimiyyetle-emekdasliq-etmek-tehqirdir\\\/\"},\"author\":{\"name\":\"elli\",\"@id\":\"https:\\\/\\\/www.meydan.tv\\\/az\\\/#\\\/schema\\\/person\\\/9cdbecf90d17180ce1dfbd95b08dcf47\"},\"headline\":\"\u018fli K\u0259rimli: \u201cOnun \u00f6z\u00fc hesab edir ki, hakimiyy\u0259tl\u0259 \u0259m\u0259kda\u015fl\u0131q etm\u0259k t\u0259hqirdir\u201d\",\"datePublished\":\"2024-08-19T15:03:01+00:00\",\"dateModified\":\"2024-08-19T15:11:23+00:00\",\"mainEntityOfPage\":{\"@id\":\"https:\\\/\\\/www.meydan.tv\\\/az\\\/article\\\/eli-kerimli-onun-ozu-hesab-edir-ki-hakimiyyetle-emekdasliq-etmek-tehqirdir\\\/\"},\"wordCount\":1302,\"publisher\":{\"@id\":\"https:\\\/\\\/www.meydan.tv\\\/az\\\/#organization\"},\"image\":{\"@id\":\"https:\\\/\\\/www.meydan.tv\\\/az\\\/article\\\/eli-kerimli-onun-ozu-hesab-edir-ki-hakimiyyetle-emekdasliq-etmek-tehqirdir\\\/#primaryimage\"},\"thumbnailUrl\":\"https:\\\/\\\/www.meydan.tv\\\/wp-content\\\/uploads\\\/3-11-e1726130362425.jpg\",\"articleSection\":[\"Siyas\u0259t\",\"T\u00f6vsiy\u0259\",\"Video\",\"X\u0259b\u0259rl\u0259r\"],\"inLanguage\":\"az\"},{\"@type\":\"WebPage\",\"@id\":\"https:\\\/\\\/www.meydan.tv\\\/az\\\/article\\\/eli-kerimli-onun-ozu-hesab-edir-ki-hakimiyyetle-emekdasliq-etmek-tehqirdir\\\/\",\"url\":\"https:\\\/\\\/www.meydan.tv\\\/az\\\/article\\\/eli-kerimli-onun-ozu-hesab-edir-ki-hakimiyyetle-emekdasliq-etmek-tehqirdir\\\/\",\"name\":\"\u018fli K\u0259rimli: \u201cOnun \u00f6z\u00fc hesab edir ki, hakimiyy\u0259tl\u0259 \u0259m\u0259kda\u015fl\u0131q etm\u0259k t\u0259hqirdir\u201d - MEYDAN.TV\",\"isPartOf\":{\"@id\":\"https:\\\/\\\/www.meydan.tv\\\/az\\\/#website\"},\"primaryImageOfPage\":{\"@id\":\"https:\\\/\\\/www.meydan.tv\\\/az\\\/article\\\/eli-kerimli-onun-ozu-hesab-edir-ki-hakimiyyetle-emekdasliq-etmek-tehqirdir\\\/#primaryimage\"},\"image\":{\"@id\":\"https:\\\/\\\/www.meydan.tv\\\/az\\\/article\\\/eli-kerimli-onun-ozu-hesab-edir-ki-hakimiyyetle-emekdasliq-etmek-tehqirdir\\\/#primaryimage\"},\"thumbnailUrl\":\"https:\\\/\\\/www.meydan.tv\\\/wp-content\\\/uploads\\\/3-11-e1726130362425.jpg\",\"datePublished\":\"2024-08-19T15:03:01+00:00\",\"dateModified\":\"2024-08-19T15:11:23+00:00\",\"description\":\"\u018fli K\u0259rimli v\u0259 v\u0259kili F\u0259xr\u0259ddin Mehdiyev proses i\u015ftirak\u00e7\u0131s\u0131 olmad\u0131\u011f\u0131 halda, Elvin \u018fliyevin \u00e7\u0131x\u0131\u015f\u0131na imkan verilm\u0259sin\u0259 etiraz edib.\",\"breadcrumb\":{\"@id\":\"https:\\\/\\\/www.meydan.tv\\\/az\\\/article\\\/eli-kerimli-onun-ozu-hesab-edir-ki-hakimiyyetle-emekdasliq-etmek-tehqirdir\\\/#breadcrumb\"},\"inLanguage\":\"az\",\"potentialAction\":[{\"@type\":\"ReadAction\",\"target\":[\"https:\\\/\\\/www.meydan.tv\\\/az\\\/article\\\/eli-kerimli-onun-ozu-hesab-edir-ki-hakimiyyetle-emekdasliq-etmek-tehqirdir\\\/\"]}]},{\"@type\":\"ImageObject\",\"inLanguage\":\"az\",\"@id\":\"https:\\\/\\\/www.meydan.tv\\\/az\\\/article\\\/eli-kerimli-onun-ozu-hesab-edir-ki-hakimiyyetle-emekdasliq-etmek-tehqirdir\\\/#primaryimage\",\"url\":\"https:\\\/\\\/www.meydan.tv\\\/wp-content\\\/uploads\\\/3-11-e1726130362425.jpg\",\"contentUrl\":\"https:\\\/\\\/www.meydan.tv\\\/wp-content\\\/uploads\\\/3-11-e1726130362425.jpg\",\"width\":1200,\"height\":524,\"caption\":\"\u018fli K\u0259rimli. Foto: AXCP\"},{\"@type\":\"BreadcrumbList\",\"@id\":\"https:\\\/\\\/www.meydan.tv\\\/az\\\/article\\\/eli-kerimli-onun-ozu-hesab-edir-ki-hakimiyyetle-emekdasliq-etmek-tehqirdir\\\/#breadcrumb\",\"itemListElement\":[{\"@type\":\"ListItem\",\"position\":1,\"name\":\"Ana s\u0259hif\u0259\",\"item\":\"https:\\\/\\\/www.meydan.tv\\\/az\\\/\"},{\"@type\":\"ListItem\",\"position\":2,\"name\":\"Siyas\u0259t\",\"item\":\"https:\\\/\\\/www.meydan.tv\\\/az\\\/section\\\/siyaset\\\/\"},{\"@type\":\"ListItem\",\"position\":3,\"name\":\"\u018fli K\u0259rimli: \u201cOnun \u00f6z\u00fc hesab edir ki, hakimiyy\u0259tl\u0259 \u0259m\u0259kda\u015fl\u0131q etm\u0259k t\u0259hqirdir\u201d\"}]},{\"@type\":\"WebSite\",\"@id\":\"https:\\\/\\\/www.meydan.tv\\\/az\\\/#website\",\"url\":\"https:\\\/\\\/www.meydan.tv\\\/az\\\/\",\"name\":\"MEYDAN.TV\",\"description\":\"Meydan TV Az\u0259rbaycan\u0131n media m\u0259kan\u0131ndak\u0131 alternativ s\u0259sidir\",\"publisher\":{\"@id\":\"https:\\\/\\\/www.meydan.tv\\\/az\\\/#organization\"},\"potentialAction\":[{\"@type\":\"SearchAction\",\"target\":{\"@type\":\"EntryPoint\",\"urlTemplate\":\"https:\\\/\\\/www.meydan.tv\\\/az\\\/?s={search_term_string}\"},\"query-input\":{\"@type\":\"PropertyValueSpecification\",\"valueRequired\":true,\"valueName\":\"search_term_string\"}}],\"inLanguage\":\"az\"},{\"@type\":\"Organization\",\"@id\":\"https:\\\/\\\/www.meydan.tv\\\/az\\\/#organization\",\"name\":\"Meydan TV\",\"url\":\"https:\\\/\\\/www.meydan.tv\\\/az\\\/\",\"logo\":{\"@type\":\"ImageObject\",\"inLanguage\":\"az\",\"@id\":\"https:\\\/\\\/www.meydan.tv\\\/az\\\/#\\\/schema\\\/logo\\\/image\\\/\",\"url\":\"https:\\\/\\\/www.meydan.tv\\\/wp-content\\\/uploads\\\/2021\\\/07\\\/meydan-logo.svg\",\"contentUrl\":\"https:\\\/\\\/www.meydan.tv\\\/wp-content\\\/uploads\\\/2021\\\/07\\\/meydan-logo.svg\",\"width\":195,\"height\":46,\"caption\":\"Meydan TV\"},\"image\":{\"@id\":\"https:\\\/\\\/www.meydan.tv\\\/az\\\/#\\\/schema\\\/logo\\\/image\\\/\"}},{\"@type\":\"Person\",\"@id\":\"https:\\\/\\\/www.meydan.tv\\\/az\\\/#\\\/schema\\\/person\\\/9cdbecf90d17180ce1dfbd95b08dcf47\",\"name\":\"elli\",\"sameAs\":[\"https:\\\/\\\/x.com\\\/elli\"]}]}<\/script>\n<!-- \/ Yoast SEO plugin. -->","yoast_head_json":{"title":"\u018fli K\u0259rimli: \u201cOnun \u00f6z\u00fc hesab edir ki, hakimiyy\u0259tl\u0259 \u0259m\u0259kda\u015fl\u0131q etm\u0259k t\u0259hqirdir\u201d - MEYDAN.TV","description":"\u018fli K\u0259rimli v\u0259 v\u0259kili F\u0259xr\u0259ddin Mehdiyev proses i\u015ftirak\u00e7\u0131s\u0131 olmad\u0131\u011f\u0131 halda, Elvin \u018fliyevin \u00e7\u0131x\u0131\u015f\u0131na imkan verilm\u0259sin\u0259 etiraz edib.","robots":{"index":"index","follow":"follow","max-snippet":"max-snippet:-1","max-image-preview":"max-image-preview:large","max-video-preview":"max-video-preview:-1"},"canonical":"https:\/\/www.meydan.tv\/az\/article\/eli-kerimli-onun-ozu-hesab-edir-ki-hakimiyyetle-emekdasliq-etmek-tehqirdir\/","og_locale":"az_AZ","og_type":"article","og_title":"\u018fli K\u0259rimli: \u201cOnun \u00f6z\u00fc hesab edir ki, hakimiyy\u0259tl\u0259 \u0259m\u0259kda\u015fl\u0131q etm\u0259k t\u0259hqirdir\u201d - MEYDAN.TV","og_description":"\u018fli K\u0259rimli v\u0259 v\u0259kili F\u0259xr\u0259ddin Mehdiyev proses i\u015ftirak\u00e7\u0131s\u0131 olmad\u0131\u011f\u0131 halda, Elvin \u018fliyevin \u00e7\u0131x\u0131\u015f\u0131na imkan verilm\u0259sin\u0259 etiraz edib.","og_url":"https:\/\/www.meydan.tv\/az\/article\/eli-kerimli-onun-ozu-hesab-edir-ki-hakimiyyetle-emekdasliq-etmek-tehqirdir\/","og_site_name":"MEYDAN.TV","article_published_time":"2024-08-19T15:03:01+00:00","article_modified_time":"2024-08-19T15:11:23+00:00","og_image":[{"width":1200,"height":760,"url":"https:\/\/www.meydan.tv\/wp-content\/uploads\/3-11-e1724079746262.jpg","type":"image\/jpeg"}],"author":"elli","twitter_card":"summary_large_image","twitter_creator":"@elli","schema":{"@context":"https:\/\/schema.org","@graph":[{"@type":"Article","@id":"https:\/\/www.meydan.tv\/az\/article\/eli-kerimli-onun-ozu-hesab-edir-ki-hakimiyyetle-emekdasliq-etmek-tehqirdir\/#article","isPartOf":{"@id":"https:\/\/www.meydan.tv\/az\/article\/eli-kerimli-onun-ozu-hesab-edir-ki-hakimiyyetle-emekdasliq-etmek-tehqirdir\/"},"author":{"name":"elli","@id":"https:\/\/www.meydan.tv\/az\/#\/schema\/person\/9cdbecf90d17180ce1dfbd95b08dcf47"},"headline":"\u018fli K\u0259rimli: \u201cOnun \u00f6z\u00fc hesab edir ki, hakimiyy\u0259tl\u0259 \u0259m\u0259kda\u015fl\u0131q etm\u0259k t\u0259hqirdir\u201d","datePublished":"2024-08-19T15:03:01+00:00","dateModified":"2024-08-19T15:11:23+00:00","mainEntityOfPage":{"@id":"https:\/\/www.meydan.tv\/az\/article\/eli-kerimli-onun-ozu-hesab-edir-ki-hakimiyyetle-emekdasliq-etmek-tehqirdir\/"},"wordCount":1302,"publisher":{"@id":"https:\/\/www.meydan.tv\/az\/#organization"},"image":{"@id":"https:\/\/www.meydan.tv\/az\/article\/eli-kerimli-onun-ozu-hesab-edir-ki-hakimiyyetle-emekdasliq-etmek-tehqirdir\/#primaryimage"},"thumbnailUrl":"https:\/\/www.meydan.tv\/wp-content\/uploads\/3-11-e1726130362425.jpg","articleSection":["Siyas\u0259t","T\u00f6vsiy\u0259","Video","X\u0259b\u0259rl\u0259r"],"inLanguage":"az"},{"@type":"WebPage","@id":"https:\/\/www.meydan.tv\/az\/article\/eli-kerimli-onun-ozu-hesab-edir-ki-hakimiyyetle-emekdasliq-etmek-tehqirdir\/","url":"https:\/\/www.meydan.tv\/az\/article\/eli-kerimli-onun-ozu-hesab-edir-ki-hakimiyyetle-emekdasliq-etmek-tehqirdir\/","name":"\u018fli K\u0259rimli: \u201cOnun \u00f6z\u00fc hesab edir ki, hakimiyy\u0259tl\u0259 \u0259m\u0259kda\u015fl\u0131q etm\u0259k t\u0259hqirdir\u201d - MEYDAN.TV","isPartOf":{"@id":"https:\/\/www.meydan.tv\/az\/#website"},"primaryImageOfPage":{"@id":"https:\/\/www.meydan.tv\/az\/article\/eli-kerimli-onun-ozu-hesab-edir-ki-hakimiyyetle-emekdasliq-etmek-tehqirdir\/#primaryimage"},"image":{"@id":"https:\/\/www.meydan.tv\/az\/article\/eli-kerimli-onun-ozu-hesab-edir-ki-hakimiyyetle-emekdasliq-etmek-tehqirdir\/#primaryimage"},"thumbnailUrl":"https:\/\/www.meydan.tv\/wp-content\/uploads\/3-11-e1726130362425.jpg","datePublished":"2024-08-19T15:03:01+00:00","dateModified":"2024-08-19T15:11:23+00:00","description":"\u018fli K\u0259rimli v\u0259 v\u0259kili F\u0259xr\u0259ddin Mehdiyev proses i\u015ftirak\u00e7\u0131s\u0131 olmad\u0131\u011f\u0131 halda, Elvin \u018fliyevin \u00e7\u0131x\u0131\u015f\u0131na imkan verilm\u0259sin\u0259 etiraz edib.","breadcrumb":{"@id":"https:\/\/www.meydan.tv\/az\/article\/eli-kerimli-onun-ozu-hesab-edir-ki-hakimiyyetle-emekdasliq-etmek-tehqirdir\/#breadcrumb"},"inLanguage":"az","potentialAction":[{"@type":"ReadAction","target":["https:\/\/www.meydan.tv\/az\/article\/eli-kerimli-onun-ozu-hesab-edir-ki-hakimiyyetle-emekdasliq-etmek-tehqirdir\/"]}]},{"@type":"ImageObject","inLanguage":"az","@id":"https:\/\/www.meydan.tv\/az\/article\/eli-kerimli-onun-ozu-hesab-edir-ki-hakimiyyetle-emekdasliq-etmek-tehqirdir\/#primaryimage","url":"https:\/\/www.meydan.tv\/wp-content\/uploads\/3-11-e1726130362425.jpg","contentUrl":"https:\/\/www.meydan.tv\/wp-content\/uploads\/3-11-e1726130362425.jpg","width":1200,"height":524,"caption":"\u018fli K\u0259rimli. Foto: AXCP"},{"@type":"BreadcrumbList","@id":"https:\/\/www.meydan.tv\/az\/article\/eli-kerimli-onun-ozu-hesab-edir-ki-hakimiyyetle-emekdasliq-etmek-tehqirdir\/#breadcrumb","itemListElement":[{"@type":"ListItem","position":1,"name":"Ana s\u0259hif\u0259","item":"https:\/\/www.meydan.tv\/az\/"},{"@type":"ListItem","position":2,"name":"Siyas\u0259t","item":"https:\/\/www.meydan.tv\/az\/section\/siyaset\/"},{"@type":"ListItem","position":3,"name":"\u018fli K\u0259rimli: \u201cOnun \u00f6z\u00fc hesab edir ki, hakimiyy\u0259tl\u0259 \u0259m\u0259kda\u015fl\u0131q etm\u0259k t\u0259hqirdir\u201d"}]},{"@type":"WebSite","@id":"https:\/\/www.meydan.tv\/az\/#website","url":"https:\/\/www.meydan.tv\/az\/","name":"MEYDAN.TV","description":"Meydan TV Az\u0259rbaycan\u0131n media m\u0259kan\u0131ndak\u0131 alternativ s\u0259sidir","publisher":{"@id":"https:\/\/www.meydan.tv\/az\/#organization"},"potentialAction":[{"@type":"SearchAction","target":{"@type":"EntryPoint","urlTemplate":"https:\/\/www.meydan.tv\/az\/?s={search_term_string}"},"query-input":{"@type":"PropertyValueSpecification","valueRequired":true,"valueName":"search_term_string"}}],"inLanguage":"az"},{"@type":"Organization","@id":"https:\/\/www.meydan.tv\/az\/#organization","name":"Meydan TV","url":"https:\/\/www.meydan.tv\/az\/","logo":{"@type":"ImageObject","inLanguage":"az","@id":"https:\/\/www.meydan.tv\/az\/#\/schema\/logo\/image\/","url":"https:\/\/www.meydan.tv\/wp-content\/uploads\/2021\/07\/meydan-logo.svg","contentUrl":"https:\/\/www.meydan.tv\/wp-content\/uploads\/2021\/07\/meydan-logo.svg","width":195,"height":46,"caption":"Meydan TV"},"image":{"@id":"https:\/\/www.meydan.tv\/az\/#\/schema\/logo\/image\/"}},{"@type":"Person","@id":"https:\/\/www.meydan.tv\/az\/#\/schema\/person\/9cdbecf90d17180ce1dfbd95b08dcf47","name":"elli","sameAs":["https:\/\/x.com\/elli"]}]}},"_links":{"self":[{"href":"https:\/\/www.meydan.tv\/az\/wp-json\/wp\/v2\/posts\/313382","targetHints":{"allow":["GET"]}}],"collection":[{"href":"https:\/\/www.meydan.tv\/az\/wp-json\/wp\/v2\/posts"}],"about":[{"href":"https:\/\/www.meydan.tv\/az\/wp-json\/wp\/v2\/types\/post"}],"author":[{"embeddable":true,"href":"https:\/\/www.meydan.tv\/az\/wp-json\/wp\/v2\/users\/8"}],"replies":[{"embeddable":true,"href":"https:\/\/www.meydan.tv\/az\/wp-json\/wp\/v2\/comments?post=313382"}],"version-history":[{"count":3,"href":"https:\/\/www.meydan.tv\/az\/wp-json\/wp\/v2\/posts\/313382\/revisions"}],"predecessor-version":[{"id":313385,"href":"https:\/\/www.meydan.tv\/az\/wp-json\/wp\/v2\/posts\/313382\/revisions\/313385"}],"wp:featuredmedia":[{"embeddable":true,"href":"https:\/\/www.meydan.tv\/az\/wp-json\/wp\/v2\/media\/313374"}],"wp:attachment":[{"href":"https:\/\/www.meydan.tv\/az\/wp-json\/wp\/v2\/media?parent=313382"}],"wp:term":[{"taxonomy":"category","embeddable":true,"href":"https:\/\/www.meydan.tv\/az\/wp-json\/wp\/v2\/categories?post=313382"},{"taxonomy":"post_tag","embeddable":true,"href":"https:\/\/www.meydan.tv\/az\/wp-json\/wp\/v2\/tags?post=313382"}],"curies":[{"name":"wp","href":"https:\/\/api.w.org\/{rel}","templated":true}]}}