{"id":313345,"date":"2024-08-19T14:50:20","date_gmt":"2024-08-19T10:50:20","guid":{"rendered":"https:\/\/www.meydan.tv\/?p=313345"},"modified":"2024-08-19T15:02:42","modified_gmt":"2024-08-19T11:02:42","slug":"putin-azerbaycan-rusiya-ile-muttefiqliyini-ugurla-davam-etdirir","status":"publish","type":"post","link":"https:\/\/www.meydan.tv\/az\/article\/putin-azerbaycan-rusiya-ile-muttefiqliyini-ugurla-davam-etdirir\/","title":{"rendered":"Putin: \u201cAz\u0259rbaycan Rusiya il\u0259 m\u00fctt\u0259fiqliyini u\u011furla davam etdirir\u201d"},"content":{"rendered":"\n<p><\/p>\n\n\n\n<p><strong><em>\u0130lham \u018fliyev Rusiya Prezidentinin s\u0259f\u0259rini m\u00fcnasib\u0259tl\u0259rin inki\u015faf\u0131 \u00fc\u00e7\u00fcn faydal\u0131 say\u0131b<\/em><\/strong><\/p>\n\n\n\n<p>Bak\u0131da olan Rusiya Prezidenti Vladimir Putin Az\u0259rbaycanla Rusiya aras\u0131nda \u201cM\u00fctt\u0259fiqlik, qar\u015f\u0131l\u0131ql\u0131 f\u0259aliyy\u0259t haqq\u0131nda\u201d B\u0259yannam\u0259nin u\u011furla yerin\u0259 yetirildiyini bildirib.<\/p>\n\n\n\n<p>Bu bar\u0259d\u0259 avqustun 19-da Vladimir Putin az\u0259rbaycanl\u0131 h\u0259mkar\u0131 \u0130lham \u018fliyevl\u0259 g\u00f6r\u00fc\u015fd\u0259 deyib.<\/p>\n\n\n\n<p>Putinin s\u00f6zl\u0259rin\u0259 <a href=\"https:\/\/azertag.az\/xeber\/rusiya_prezidenti_muttefiqlik_qarsiliqli_fealiyyeti_haqqinda_beyanname_ugurla_yerine_yetirilir-3142230\">g\u00f6r\u0259<\/a>, iki d\u00f6vl\u0259tin m\u00fcnasib\u0259tl\u0259ri 2022-ci ild\u0259 imzalanm\u0131\u015f B\u0259yannam\u0259 \u0259sas\u0131nda inki\u015faf edir, u\u011furla yerin\u0259 yetirilir:<\/p>\n\n\n\n<p>&#8220;<em>Sizin bu ilin aprelind\u0259 Moskvaya s\u0259f\u0259riniz zaman\u0131 ikit\u0259r\u0259fli m\u00fcnasib\u0259tl\u0259rimizin inki\u015faf\u0131na yax\u015f\u0131 t\u0259kan verilib. \u0130qtisadi-ticari \u0259laq\u0259l\u0259r u\u011furla inki\u015faf edir. Rusiyada ke\u00e7iril\u0259n \u0259vv\u0259lki g\u00f6r\u00fc\u015f\u00fcm\u00fczd\u0259 Siz m\u0259n\u0259 demi\u015fdiniz ki, 4 milyarddan bir az \u00e7ox  yax\u015f\u0131 r\u0259q\u0259mdir. Bu, yax\u015f\u0131 r\u0259q\u0259mdir, amma bizim imkanlar\u0131m\u0131z\u0131n potensial\u0131na uy\u011fun deyil. H\u0259qiq\u0259t\u0259n burada t\u0259kc\u0259 energetika, s\u0259naye kooperasiyas\u0131, n\u0259qliyyat, logistika, y\u00fcng\u00fcl s\u0259nayed\u0259n dan\u0131\u015fmaq olmaz. Bizim birg\u0259 f\u0259aliyy\u0259timizin istiqam\u0259tl\u0259ri \u00e7oxdur. Az\u0259rbaycan iqtisadiyyat\u0131na qoyulan d\u00f6rd milyarddan art\u0131q birba\u015fa investisiyalar da pis g\u00f6st\u0259rici deyil. Az\u0259rbaycanda Rusiya kapital\u0131 il\u0259 1270-d\u0259n \u00e7ox m\u00fc\u0259ssis\u0259 f\u0259aliyy\u0259t g\u00f6st\u0259rir, s\u00f6zs\u00fcz ki, bu da son h\u0259dd <a href=\"https:\/\/azertag.az\/xeber\/vladimir_putin_birge_fealiyyetimizin_istiqametleri_choxdur-3142282\">deyil\u201d.<\/a><\/em><\/p>\n\n\n<div class=\"wp-block-image\">\n<figure class=\"aligncenter size-full\"><img decoding=\"async\" width=\"1200\" height=\"797\" data-src=\"https:\/\/www.meydan.tv\/wp-content\/uploads\/1724062821_d2cbdd6029395081cda835dfd3976834.jpg\" alt=\"\" class=\"wp-image-313342 lazyload\" src=\"data:image\/svg+xml;base64,PHN2ZyB3aWR0aD0iMSIgaGVpZ2h0PSIxIiB4bWxucz0iaHR0cDovL3d3dy53My5vcmcvMjAwMC9zdmciPjwvc3ZnPg==\" style=\"--smush-placeholder-width: 1200px; --smush-placeholder-aspect-ratio: 1200\/797;\" \/><figcaption class=\"wp-element-caption\">Foto: president.az<\/figcaption><\/figure>\n<\/div>\n\n\n<p>Rusiya r\u0259hb\u0259ri bildirib ki, \u00f6lk\u0259si Bak\u0131 il\u0259 Yerevan aras\u0131nda m\u00fcnasib\u0259tl\u0259rin nizamlanmas\u0131nda h\u0259r iki t\u0259r\u0259f \u00fc\u00e7\u00fcn vacib oldu\u011fu q\u0259d\u0259r i\u015ftirak etm\u0259y\u0259 haz\u0131rd\u0131r.<\/p>\n\n\n\n<p>O h\u0259m\u00e7inin deyib ki, \u0130lham \u018fliyevl\u0259 apard\u0131\u011f\u0131 dan\u0131\u015f\u0131qlar\u0131n n\u0259tic\u0259l\u0259rini Az\u0259rbaycana s\u0259f\u0259rind\u0259n sonra Erm\u0259nistan\u0131n Ba\u015f naziri Nikol Pa\u015finyanla da m\u00fczakir\u0259 ed\u0259c\u0259k:<\/p>\n\n\n\n<p><em>&#8220;Rusiya Erm\u0259nistanla Az\u0259rbaycan aras\u0131nda s\u00fclh sazi\u015finin imzalanmas\u0131 v\u0259 s\u0259rh\u0259din demarkasiyas\u0131 \u00fc\u00e7\u00fcn n\u0259s\u0259 ed\u0259 bils\u0259, \u015fad olar&#8221;.<\/em><\/p>\n\n\n\n<p>Az\u0259rbaycan\u0131n d\u00f6vl\u0259t ba\u015f\u00e7\u0131s\u0131 \u0130lham \u018fliyev is\u0259 qeyd edib ki, Putinin bug\u00fcnk\u00fc s\u0259f\u0259ri ikit\u0259r\u0259fli m\u00fcnasib\u0259tl\u0259r \u00fc\u00e7\u00fcn faydal\u0131 olacaq:<\/p>\n\n\n\n<p><em>\u201cBu g\u00fcn g\u00fcnd\u0259likd\u0259 duran m\u0259s\u0259l\u0259l\u0259ri bir daha m\u00fczakir\u0259 ed\u0259c\u0259yik. \u018fmin\u0259m ki, s\u0259f\u0259r h\u0259m Sizin, h\u0259m d\u0259 m\u00fcnasib\u0259tl\u0259rimiz \u00fc\u00e7\u00fcn xo\u015f olacaq\u201d<\/em>.<\/p>\n\n\n\n<p><em>&#8220;Biz \u00f6lk\u0259l\u0259rimiz aras\u0131nda qar\u015f\u0131l\u0131ql\u0131 f\u0259aliyy\u0259tin s\u0259viyy\u0259sind\u0259n \u00e7ox m\u0259mnunuq. 2022-ci ilin fevral\u0131nda imzalad\u0131\u011f\u0131m\u0131z \u201cM\u00fctt\u0259fiqlik qar\u015f\u0131l\u0131ql\u0131 f\u0259aliyy\u0259ti haqq\u0131nda\u201d B\u0259yannam\u0259 u\u011furla yerin\u0259 yetirilir, h\u0259m siyasi, h\u0259m d\u0259 iqtisadi sah\u0259d\u0259 \u00e7ox m\u00fcsb\u0259t dinamika, yax\u015f\u0131 r\u0259q\u0259ml\u0259r g\u00f6r\u00fcr\u00fck. \u018flb\u0259tt\u0259, h\u0259m energetika, h\u0259m d\u0259 n\u0259qliyyat sah\u0259l\u0259rind\u0259 \u0259m\u0259kda\u015fl\u0131q edirik, humanitar \u0259laq\u0259l\u0259r\u0259, h\u0259m\u00e7inin bir \u00e7ox dig\u0259r sah\u0259l\u0259r\u0259 x\u00fcsusi diqq\u0259t yetiririk\u201d,<\/em>&#8211; dey\u0259 \u018fliyev \u0259lav\u0259 <a href=\"https:\/\/azertag.az\/xeber\/azerbaycan_prezidenti_eminem_ki_prezident_vladimir_putinin_seferi_ikiterefli_munasibetler_uchun_faydali_olacaq-3142226\">edib.<\/a><\/p>\n","protected":false},"excerpt":{"rendered":"<p>\u0130lham \u018fliyev Rusiya Prezidentinin s\u0259f\u0259rini m\u00fcnasib\u0259tl\u0259rin inki\u015faf\u0131 \u00fc\u00e7\u00fcn faydal\u0131 say\u0131b &#8230; <\/p>\n<p class=\"read-more-container\"><a title=\"Putin: \u201cAz\u0259rbaycan Rusiya il\u0259 m\u00fctt\u0259fiqliyini u\u011furla davam etdirir\u201d\" class=\"read-more button\" href=\"https:\/\/www.meydan.tv\/az\/article\/putin-azerbaycan-rusiya-ile-muttefiqliyini-ugurla-davam-etdirir\/#more-313345\" aria-label=\"Read more about Putin: \u201cAz\u0259rbaycan Rusiya il\u0259 m\u00fctt\u0259fiqliyini u\u011furla davam etdirir\u201d\">Davam\u0131<\/a><\/p>\n","protected":false},"author":8,"featured_media":313339,"comment_status":"closed","ping_status":"closed","sticky":false,"template":"","format":"standard","meta":{"_acf_changed":false,"_sitemap_exclude":false,"_sitemap_priority":"","_sitemap_frequency":"","footnotes":""},"categories":[59,79,56],"tags":[],"class_list":["post-313345","post","type-post","status-publish","format-standard","has-post-thumbnail","hentry","category-siyaset","category-featured","category-xeberler","infinite-scroll-item","generate-columns","tablet-grid-50","mobile-grid-100","grid-parent","grid-33","no-featured-image-padding"],"acf":[],"yoast_head":"<!-- This site is optimized with the Yoast SEO plugin v27.4 - https:\/\/yoast.com\/product\/yoast-seo-wordpress\/ -->\n<title>Putin: \u201cAz\u0259rbaycan Rusiya il\u0259 m\u00fctt\u0259fiqliyini u\u011furla davam etdirir\u201d - MEYDAN.TV<\/title>\n<meta name=\"description\" content=\"Az\u0259rbaycan\u0131n d\u00f6vl\u0259t ba\u015f\u00e7\u0131s\u0131 \u0130lham \u018fliyev is\u0259 qeyd edib ki, Putinin bug\u00fcnk\u00fc s\u0259f\u0259ri ikit\u0259r\u0259fli m\u00fcnasib\u0259tl\u0259r \u00fc\u00e7\u00fcn faydal\u0131 olacaq\" \/>\n<meta name=\"robots\" content=\"index, follow, max-snippet:-1, max-image-preview:large, max-video-preview:-1\" \/>\n<link rel=\"canonical\" href=\"https:\/\/www.meydan.tv\/az\/article\/putin-azerbaycan-rusiya-ile-muttefiqliyini-ugurla-davam-etdirir\/\" \/>\n<meta property=\"og:locale\" content=\"az_AZ\" \/>\n<meta property=\"og:type\" content=\"article\" \/>\n<meta property=\"og:title\" content=\"Putin: \u201cAz\u0259rbaycan Rusiya il\u0259 m\u00fctt\u0259fiqliyini u\u011furla davam etdirir\u201d - MEYDAN.TV\" \/>\n<meta property=\"og:description\" content=\"Az\u0259rbaycan\u0131n d\u00f6vl\u0259t ba\u015f\u00e7\u0131s\u0131 \u0130lham \u018fliyev is\u0259 qeyd edib ki, Putinin bug\u00fcnk\u00fc s\u0259f\u0259ri ikit\u0259r\u0259fli m\u00fcnasib\u0259tl\u0259r \u00fc\u00e7\u00fcn faydal\u0131 olacaq\" \/>\n<meta property=\"og:url\" content=\"https:\/\/www.meydan.tv\/az\/article\/putin-azerbaycan-rusiya-ile-muttefiqliyini-ugurla-davam-etdirir\/\" \/>\n<meta property=\"og:site_name\" content=\"MEYDAN.TV\" \/>\n<meta property=\"article:published_time\" content=\"2024-08-19T10:50:20+00:00\" \/>\n<meta property=\"article:modified_time\" content=\"2024-08-19T11:02:42+00:00\" \/>\n<meta property=\"og:image\" content=\"https:\/\/www.meydan.tv\/wp-content\/uploads\/17240622592557329525_1200x630-1.jpg\" \/>\n\t<meta property=\"og:image:width\" content=\"1200\" \/>\n\t<meta property=\"og:image:height\" content=\"820\" \/>\n\t<meta property=\"og:image:type\" content=\"image\/jpeg\" \/>\n<meta name=\"author\" content=\"elli\" \/>\n<meta name=\"twitter:card\" content=\"summary_large_image\" \/>\n<meta name=\"twitter:creator\" content=\"@elli\" \/>\n<script type=\"application\/ld+json\" class=\"yoast-schema-graph\">{\"@context\":\"https:\\\/\\\/schema.org\",\"@graph\":[{\"@type\":\"Article\",\"@id\":\"https:\\\/\\\/www.meydan.tv\\\/az\\\/article\\\/putin-azerbaycan-rusiya-ile-muttefiqliyini-ugurla-davam-etdirir\\\/#article\",\"isPartOf\":{\"@id\":\"https:\\\/\\\/www.meydan.tv\\\/az\\\/article\\\/putin-azerbaycan-rusiya-ile-muttefiqliyini-ugurla-davam-etdirir\\\/\"},\"author\":{\"name\":\"elli\",\"@id\":\"https:\\\/\\\/www.meydan.tv\\\/az\\\/#\\\/schema\\\/person\\\/9cdbecf90d17180ce1dfbd95b08dcf47\"},\"headline\":\"Putin: \u201cAz\u0259rbaycan Rusiya il\u0259 m\u00fctt\u0259fiqliyini u\u011furla davam etdirir\u201d\",\"datePublished\":\"2024-08-19T10:50:20+00:00\",\"dateModified\":\"2024-08-19T11:02:42+00:00\",\"mainEntityOfPage\":{\"@id\":\"https:\\\/\\\/www.meydan.tv\\\/az\\\/article\\\/putin-azerbaycan-rusiya-ile-muttefiqliyini-ugurla-davam-etdirir\\\/\"},\"wordCount\":533,\"publisher\":{\"@id\":\"https:\\\/\\\/www.meydan.tv\\\/az\\\/#organization\"},\"image\":{\"@id\":\"https:\\\/\\\/www.meydan.tv\\\/az\\\/article\\\/putin-azerbaycan-rusiya-ile-muttefiqliyini-ugurla-davam-etdirir\\\/#primaryimage\"},\"thumbnailUrl\":\"https:\\\/\\\/www.meydan.tv\\\/wp-content\\\/uploads\\\/17240622592557329525_1200x630-1.jpg\",\"articleSection\":[\"Siyas\u0259t\",\"T\u00f6vsiy\u0259\",\"X\u0259b\u0259rl\u0259r\"],\"inLanguage\":\"az\"},{\"@type\":\"WebPage\",\"@id\":\"https:\\\/\\\/www.meydan.tv\\\/az\\\/article\\\/putin-azerbaycan-rusiya-ile-muttefiqliyini-ugurla-davam-etdirir\\\/\",\"url\":\"https:\\\/\\\/www.meydan.tv\\\/az\\\/article\\\/putin-azerbaycan-rusiya-ile-muttefiqliyini-ugurla-davam-etdirir\\\/\",\"name\":\"Putin: \u201cAz\u0259rbaycan Rusiya il\u0259 m\u00fctt\u0259fiqliyini u\u011furla davam etdirir\u201d - MEYDAN.TV\",\"isPartOf\":{\"@id\":\"https:\\\/\\\/www.meydan.tv\\\/az\\\/#website\"},\"primaryImageOfPage\":{\"@id\":\"https:\\\/\\\/www.meydan.tv\\\/az\\\/article\\\/putin-azerbaycan-rusiya-ile-muttefiqliyini-ugurla-davam-etdirir\\\/#primaryimage\"},\"image\":{\"@id\":\"https:\\\/\\\/www.meydan.tv\\\/az\\\/article\\\/putin-azerbaycan-rusiya-ile-muttefiqliyini-ugurla-davam-etdirir\\\/#primaryimage\"},\"thumbnailUrl\":\"https:\\\/\\\/www.meydan.tv\\\/wp-content\\\/uploads\\\/17240622592557329525_1200x630-1.jpg\",\"datePublished\":\"2024-08-19T10:50:20+00:00\",\"dateModified\":\"2024-08-19T11:02:42+00:00\",\"description\":\"Az\u0259rbaycan\u0131n d\u00f6vl\u0259t ba\u015f\u00e7\u0131s\u0131 \u0130lham \u018fliyev is\u0259 qeyd edib ki, Putinin bug\u00fcnk\u00fc s\u0259f\u0259ri ikit\u0259r\u0259fli m\u00fcnasib\u0259tl\u0259r \u00fc\u00e7\u00fcn faydal\u0131 olacaq\",\"breadcrumb\":{\"@id\":\"https:\\\/\\\/www.meydan.tv\\\/az\\\/article\\\/putin-azerbaycan-rusiya-ile-muttefiqliyini-ugurla-davam-etdirir\\\/#breadcrumb\"},\"inLanguage\":\"az\",\"potentialAction\":[{\"@type\":\"ReadAction\",\"target\":[\"https:\\\/\\\/www.meydan.tv\\\/az\\\/article\\\/putin-azerbaycan-rusiya-ile-muttefiqliyini-ugurla-davam-etdirir\\\/\"]}]},{\"@type\":\"ImageObject\",\"inLanguage\":\"az\",\"@id\":\"https:\\\/\\\/www.meydan.tv\\\/az\\\/article\\\/putin-azerbaycan-rusiya-ile-muttefiqliyini-ugurla-davam-etdirir\\\/#primaryimage\",\"url\":\"https:\\\/\\\/www.meydan.tv\\\/wp-content\\\/uploads\\\/17240622592557329525_1200x630-1.jpg\",\"contentUrl\":\"https:\\\/\\\/www.meydan.tv\\\/wp-content\\\/uploads\\\/17240622592557329525_1200x630-1.jpg\",\"width\":1200,\"height\":820,\"caption\":\"Foto: president.az\"},{\"@type\":\"BreadcrumbList\",\"@id\":\"https:\\\/\\\/www.meydan.tv\\\/az\\\/article\\\/putin-azerbaycan-rusiya-ile-muttefiqliyini-ugurla-davam-etdirir\\\/#breadcrumb\",\"itemListElement\":[{\"@type\":\"ListItem\",\"position\":1,\"name\":\"Ana s\u0259hif\u0259\",\"item\":\"https:\\\/\\\/www.meydan.tv\\\/az\\\/\"},{\"@type\":\"ListItem\",\"position\":2,\"name\":\"Siyas\u0259t\",\"item\":\"https:\\\/\\\/www.meydan.tv\\\/az\\\/section\\\/siyaset\\\/\"},{\"@type\":\"ListItem\",\"position\":3,\"name\":\"Putin: \u201cAz\u0259rbaycan Rusiya il\u0259 m\u00fctt\u0259fiqliyini u\u011furla davam etdirir\u201d\"}]},{\"@type\":\"WebSite\",\"@id\":\"https:\\\/\\\/www.meydan.tv\\\/az\\\/#website\",\"url\":\"https:\\\/\\\/www.meydan.tv\\\/az\\\/\",\"name\":\"MEYDAN.TV\",\"description\":\"Meydan TV Az\u0259rbaycan\u0131n media m\u0259kan\u0131ndak\u0131 alternativ s\u0259sidir\",\"publisher\":{\"@id\":\"https:\\\/\\\/www.meydan.tv\\\/az\\\/#organization\"},\"potentialAction\":[{\"@type\":\"SearchAction\",\"target\":{\"@type\":\"EntryPoint\",\"urlTemplate\":\"https:\\\/\\\/www.meydan.tv\\\/az\\\/?s={search_term_string}\"},\"query-input\":{\"@type\":\"PropertyValueSpecification\",\"valueRequired\":true,\"valueName\":\"search_term_string\"}}],\"inLanguage\":\"az\"},{\"@type\":\"Organization\",\"@id\":\"https:\\\/\\\/www.meydan.tv\\\/az\\\/#organization\",\"name\":\"Meydan TV\",\"url\":\"https:\\\/\\\/www.meydan.tv\\\/az\\\/\",\"logo\":{\"@type\":\"ImageObject\",\"inLanguage\":\"az\",\"@id\":\"https:\\\/\\\/www.meydan.tv\\\/az\\\/#\\\/schema\\\/logo\\\/image\\\/\",\"url\":\"https:\\\/\\\/www.meydan.tv\\\/wp-content\\\/uploads\\\/2021\\\/07\\\/meydan-logo.svg\",\"contentUrl\":\"https:\\\/\\\/www.meydan.tv\\\/wp-content\\\/uploads\\\/2021\\\/07\\\/meydan-logo.svg\",\"width\":195,\"height\":46,\"caption\":\"Meydan TV\"},\"image\":{\"@id\":\"https:\\\/\\\/www.meydan.tv\\\/az\\\/#\\\/schema\\\/logo\\\/image\\\/\"}},{\"@type\":\"Person\",\"@id\":\"https:\\\/\\\/www.meydan.tv\\\/az\\\/#\\\/schema\\\/person\\\/9cdbecf90d17180ce1dfbd95b08dcf47\",\"name\":\"elli\",\"sameAs\":[\"https:\\\/\\\/x.com\\\/elli\"]}]}<\/script>\n<!-- \/ Yoast SEO plugin. -->","yoast_head_json":{"title":"Putin: \u201cAz\u0259rbaycan Rusiya il\u0259 m\u00fctt\u0259fiqliyini u\u011furla davam etdirir\u201d - MEYDAN.TV","description":"Az\u0259rbaycan\u0131n d\u00f6vl\u0259t ba\u015f\u00e7\u0131s\u0131 \u0130lham \u018fliyev is\u0259 qeyd edib ki, Putinin bug\u00fcnk\u00fc s\u0259f\u0259ri ikit\u0259r\u0259fli m\u00fcnasib\u0259tl\u0259r \u00fc\u00e7\u00fcn faydal\u0131 olacaq","robots":{"index":"index","follow":"follow","max-snippet":"max-snippet:-1","max-image-preview":"max-image-preview:large","max-video-preview":"max-video-preview:-1"},"canonical":"https:\/\/www.meydan.tv\/az\/article\/putin-azerbaycan-rusiya-ile-muttefiqliyini-ugurla-davam-etdirir\/","og_locale":"az_AZ","og_type":"article","og_title":"Putin: \u201cAz\u0259rbaycan Rusiya il\u0259 m\u00fctt\u0259fiqliyini u\u011furla davam etdirir\u201d - MEYDAN.TV","og_description":"Az\u0259rbaycan\u0131n d\u00f6vl\u0259t ba\u015f\u00e7\u0131s\u0131 \u0130lham \u018fliyev is\u0259 qeyd edib ki, Putinin bug\u00fcnk\u00fc s\u0259f\u0259ri ikit\u0259r\u0259fli m\u00fcnasib\u0259tl\u0259r \u00fc\u00e7\u00fcn faydal\u0131 olacaq","og_url":"https:\/\/www.meydan.tv\/az\/article\/putin-azerbaycan-rusiya-ile-muttefiqliyini-ugurla-davam-etdirir\/","og_site_name":"MEYDAN.TV","article_published_time":"2024-08-19T10:50:20+00:00","article_modified_time":"2024-08-19T11:02:42+00:00","og_image":[{"width":1200,"height":820,"url":"https:\/\/www.meydan.tv\/wp-content\/uploads\/17240622592557329525_1200x630-1.jpg","type":"image\/jpeg"}],"author":"elli","twitter_card":"summary_large_image","twitter_creator":"@elli","schema":{"@context":"https:\/\/schema.org","@graph":[{"@type":"Article","@id":"https:\/\/www.meydan.tv\/az\/article\/putin-azerbaycan-rusiya-ile-muttefiqliyini-ugurla-davam-etdirir\/#article","isPartOf":{"@id":"https:\/\/www.meydan.tv\/az\/article\/putin-azerbaycan-rusiya-ile-muttefiqliyini-ugurla-davam-etdirir\/"},"author":{"name":"elli","@id":"https:\/\/www.meydan.tv\/az\/#\/schema\/person\/9cdbecf90d17180ce1dfbd95b08dcf47"},"headline":"Putin: \u201cAz\u0259rbaycan Rusiya il\u0259 m\u00fctt\u0259fiqliyini u\u011furla davam etdirir\u201d","datePublished":"2024-08-19T10:50:20+00:00","dateModified":"2024-08-19T11:02:42+00:00","mainEntityOfPage":{"@id":"https:\/\/www.meydan.tv\/az\/article\/putin-azerbaycan-rusiya-ile-muttefiqliyini-ugurla-davam-etdirir\/"},"wordCount":533,"publisher":{"@id":"https:\/\/www.meydan.tv\/az\/#organization"},"image":{"@id":"https:\/\/www.meydan.tv\/az\/article\/putin-azerbaycan-rusiya-ile-muttefiqliyini-ugurla-davam-etdirir\/#primaryimage"},"thumbnailUrl":"https:\/\/www.meydan.tv\/wp-content\/uploads\/17240622592557329525_1200x630-1.jpg","articleSection":["Siyas\u0259t","T\u00f6vsiy\u0259","X\u0259b\u0259rl\u0259r"],"inLanguage":"az"},{"@type":"WebPage","@id":"https:\/\/www.meydan.tv\/az\/article\/putin-azerbaycan-rusiya-ile-muttefiqliyini-ugurla-davam-etdirir\/","url":"https:\/\/www.meydan.tv\/az\/article\/putin-azerbaycan-rusiya-ile-muttefiqliyini-ugurla-davam-etdirir\/","name":"Putin: \u201cAz\u0259rbaycan Rusiya il\u0259 m\u00fctt\u0259fiqliyini u\u011furla davam etdirir\u201d - MEYDAN.TV","isPartOf":{"@id":"https:\/\/www.meydan.tv\/az\/#website"},"primaryImageOfPage":{"@id":"https:\/\/www.meydan.tv\/az\/article\/putin-azerbaycan-rusiya-ile-muttefiqliyini-ugurla-davam-etdirir\/#primaryimage"},"image":{"@id":"https:\/\/www.meydan.tv\/az\/article\/putin-azerbaycan-rusiya-ile-muttefiqliyini-ugurla-davam-etdirir\/#primaryimage"},"thumbnailUrl":"https:\/\/www.meydan.tv\/wp-content\/uploads\/17240622592557329525_1200x630-1.jpg","datePublished":"2024-08-19T10:50:20+00:00","dateModified":"2024-08-19T11:02:42+00:00","description":"Az\u0259rbaycan\u0131n d\u00f6vl\u0259t ba\u015f\u00e7\u0131s\u0131 \u0130lham \u018fliyev is\u0259 qeyd edib ki, Putinin bug\u00fcnk\u00fc s\u0259f\u0259ri ikit\u0259r\u0259fli m\u00fcnasib\u0259tl\u0259r \u00fc\u00e7\u00fcn faydal\u0131 olacaq","breadcrumb":{"@id":"https:\/\/www.meydan.tv\/az\/article\/putin-azerbaycan-rusiya-ile-muttefiqliyini-ugurla-davam-etdirir\/#breadcrumb"},"inLanguage":"az","potentialAction":[{"@type":"ReadAction","target":["https:\/\/www.meydan.tv\/az\/article\/putin-azerbaycan-rusiya-ile-muttefiqliyini-ugurla-davam-etdirir\/"]}]},{"@type":"ImageObject","inLanguage":"az","@id":"https:\/\/www.meydan.tv\/az\/article\/putin-azerbaycan-rusiya-ile-muttefiqliyini-ugurla-davam-etdirir\/#primaryimage","url":"https:\/\/www.meydan.tv\/wp-content\/uploads\/17240622592557329525_1200x630-1.jpg","contentUrl":"https:\/\/www.meydan.tv\/wp-content\/uploads\/17240622592557329525_1200x630-1.jpg","width":1200,"height":820,"caption":"Foto: president.az"},{"@type":"BreadcrumbList","@id":"https:\/\/www.meydan.tv\/az\/article\/putin-azerbaycan-rusiya-ile-muttefiqliyini-ugurla-davam-etdirir\/#breadcrumb","itemListElement":[{"@type":"ListItem","position":1,"name":"Ana s\u0259hif\u0259","item":"https:\/\/www.meydan.tv\/az\/"},{"@type":"ListItem","position":2,"name":"Siyas\u0259t","item":"https:\/\/www.meydan.tv\/az\/section\/siyaset\/"},{"@type":"ListItem","position":3,"name":"Putin: \u201cAz\u0259rbaycan Rusiya il\u0259 m\u00fctt\u0259fiqliyini u\u011furla davam etdirir\u201d"}]},{"@type":"WebSite","@id":"https:\/\/www.meydan.tv\/az\/#website","url":"https:\/\/www.meydan.tv\/az\/","name":"MEYDAN.TV","description":"Meydan TV Az\u0259rbaycan\u0131n media m\u0259kan\u0131ndak\u0131 alternativ s\u0259sidir","publisher":{"@id":"https:\/\/www.meydan.tv\/az\/#organization"},"potentialAction":[{"@type":"SearchAction","target":{"@type":"EntryPoint","urlTemplate":"https:\/\/www.meydan.tv\/az\/?s={search_term_string}"},"query-input":{"@type":"PropertyValueSpecification","valueRequired":true,"valueName":"search_term_string"}}],"inLanguage":"az"},{"@type":"Organization","@id":"https:\/\/www.meydan.tv\/az\/#organization","name":"Meydan TV","url":"https:\/\/www.meydan.tv\/az\/","logo":{"@type":"ImageObject","inLanguage":"az","@id":"https:\/\/www.meydan.tv\/az\/#\/schema\/logo\/image\/","url":"https:\/\/www.meydan.tv\/wp-content\/uploads\/2021\/07\/meydan-logo.svg","contentUrl":"https:\/\/www.meydan.tv\/wp-content\/uploads\/2021\/07\/meydan-logo.svg","width":195,"height":46,"caption":"Meydan TV"},"image":{"@id":"https:\/\/www.meydan.tv\/az\/#\/schema\/logo\/image\/"}},{"@type":"Person","@id":"https:\/\/www.meydan.tv\/az\/#\/schema\/person\/9cdbecf90d17180ce1dfbd95b08dcf47","name":"elli","sameAs":["https:\/\/x.com\/elli"]}]}},"_links":{"self":[{"href":"https:\/\/www.meydan.tv\/az\/wp-json\/wp\/v2\/posts\/313345","targetHints":{"allow":["GET"]}}],"collection":[{"href":"https:\/\/www.meydan.tv\/az\/wp-json\/wp\/v2\/posts"}],"about":[{"href":"https:\/\/www.meydan.tv\/az\/wp-json\/wp\/v2\/types\/post"}],"author":[{"embeddable":true,"href":"https:\/\/www.meydan.tv\/az\/wp-json\/wp\/v2\/users\/8"}],"replies":[{"embeddable":true,"href":"https:\/\/www.meydan.tv\/az\/wp-json\/wp\/v2\/comments?post=313345"}],"version-history":[{"count":3,"href":"https:\/\/www.meydan.tv\/az\/wp-json\/wp\/v2\/posts\/313345\/revisions"}],"predecessor-version":[{"id":313349,"href":"https:\/\/www.meydan.tv\/az\/wp-json\/wp\/v2\/posts\/313345\/revisions\/313349"}],"wp:featuredmedia":[{"embeddable":true,"href":"https:\/\/www.meydan.tv\/az\/wp-json\/wp\/v2\/media\/313339"}],"wp:attachment":[{"href":"https:\/\/www.meydan.tv\/az\/wp-json\/wp\/v2\/media?parent=313345"}],"wp:term":[{"taxonomy":"category","embeddable":true,"href":"https:\/\/www.meydan.tv\/az\/wp-json\/wp\/v2\/categories?post=313345"},{"taxonomy":"post_tag","embeddable":true,"href":"https:\/\/www.meydan.tv\/az\/wp-json\/wp\/v2\/tags?post=313345"}],"curies":[{"name":"wp","href":"https:\/\/api.w.org\/{rel}","templated":true}]}}