{"id":313304,"date":"2024-08-18T23:03:01","date_gmt":"2024-08-18T19:03:01","guid":{"rendered":"https:\/\/www.meydan.tv\/?p=313304"},"modified":"2024-08-18T23:05:19","modified_gmt":"2024-08-18T19:05:19","slug":"putin-bakiya-geldi-eliyev-onu-evinde-qarsiladi","status":"publish","type":"post","link":"https:\/\/www.meydan.tv\/az\/article\/putin-bakiya-geldi-eliyev-onu-evinde-qarsiladi\/","title":{"rendered":"Putin Bak\u0131ya g\u0259ldi, \u018fliyev onu evind\u0259 qar\u015f\u0131lad\u0131"},"content":{"rendered":"\n<p><\/p>\n\n\n\n<p><strong>Kreml s\u0259f\u0259rin planlar\u0131n\u0131 a\u00e7\u0131qlay\u0131b<\/strong><\/p>\n\n\n\n<p>Avqustun 18-d\u0259 Rusiya Prezidenti Vladimir Putin Az\u0259rbaycana r\u0259smi s\u0259f\u0259r\u0259 g\u0259lib.<\/p>\n\n\n\n<p>Onu Bak\u0131 Hava Liman\u0131nda Az\u0259rbaycan\u0131n Ba\u015f nazirinin birinci m\u00fcavini Yaqub Eyyubov, xarici i\u015fl\u0259r nazirinin m\u00fcavini Samir \u015e\u0259rifov v\u0259 dig\u0259r r\u0259smi \u015f\u0259xsl\u0259r qar\u015f\u0131lay\u0131blar.<\/p>\n\n\n\n<p>Rusiya liderinin Bak\u0131 s\u0259f\u0259rinin planlar\u0131 bar\u0259d\u0259 Kreml d\u0259 m\u0259lumat<a href=\"https:\/\/ria.ru\/20240818\/putin-1966930772.html\"> yay\u0131b.<\/a><\/p>\n\n\n\n<p>Bildirilir ki, Putinin \u0259sas r\u0259smi v\u0259 i\u015fg\u00fczar t\u0259dbirl\u0259ri avqustun 19-na t\u0259yin edilib:<\/p>\n\n\n\n<p>&#8220;<em>O, Az\u0259rbaycan Prezidenti \u0130lham \u018fliyevl\u0259 ikit\u0259r\u0259fli \u0259m\u0259kda\u015fl\u0131\u011f\u0131n v\u0259ziyy\u0259ti v\u0259 perspektivl\u0259rini, beyn\u0259lxalq v\u0259 regional g\u00fcnd\u0259likd\u0259ki aktual m\u0259s\u0259l\u0259l\u0259ri m\u00fczakir\u0259 ed\u0259c\u0259k&#8221;.<\/em><\/p>\n\n\n\n<p>Qeyd olunur ki, Rusiyan\u0131n d\u00f6vl\u0259t ba\u015f\u00e7\u0131s\u0131 eks-prezident Heyd\u0259r \u018fliyevin m\u0259zar\u0131n\u0131 v\u0259 \u015e\u0259hidl\u0259r xiyaban\u0131n\u0131 ziyar\u0259t ed\u0259c\u0259k:<\/p>\n\n\n\n<p><em>&#8220;Vladimir Putin \u0130lham \u018fliyevl\u0259 \u201cZaqulba\u201ddak\u0131 iqam\u0259tgah\u0131nda g\u00f6r\u00fc\u015f\u0259c\u0259k. Onlar \u0259vv\u0259lc\u0259 dar t\u0259rkibd\u0259 g\u00f6r\u00fc\u015f\u0259c\u0259k, sonra is\u0259 dan\u0131\u015f\u0131qlar geni\u015f t\u0259rkibd\u0259 davam etdiril\u0259c\u0259k. Dan\u0131\u015f\u0131qlar\u0131n iki raundu n\u0259tic\u0259sind\u0259 liderl\u0259rin birg\u0259 b\u0259yanat\u0131 q\u0259bul edil\u0259c\u0259k, bir s\u0131ra h\u00f6kum\u0259tl\u0259raras\u0131 v\u0259 dig\u0259r s\u0259n\u0259dl\u0259r imzalanacaq. Ard\u0131nca Putin v\u0259 \u018fliyev mediaya dan\u0131\u015f\u0131qlar\u0131n n\u0259tic\u0259l\u0259ri bar\u0259d\u0259 m\u0259lumat ver\u0259c\u0259kl\u0259r&#8221;.<\/em><\/p>\n\n\n\n<p><em>&#8220;Bununla bel\u0259, Putinin Az\u0259rbaycana s\u0259f\u0259r proqram\u0131 bununla bitm\u0259y\u0259c\u0259k. Liderl\u0259r birlikd\u0259 \u201cA\u011f \u015f\u0259h\u0259r\u201d \u0259razisini g\u0259z\u0259c\u0259k, daha sonra M\u00fcq\u0259dd\u0259s Mirra Da\u015f\u0131yan Qad\u0131nlar Katedralini ziyar\u0259t ed\u0259c\u0259kl\u0259r. S\u0259f\u0259rin ba\u015fa \u00e7atmas\u0131 m\u00fcnasib\u0259til\u0259 \u018fliyev rusiyal\u0131 qona\u011f\u0131n \u015f\u0259r\u0259fin\u0259 d\u00f6vl\u0259t ziyaf\u0259ti ver\u0259c\u0259k&#8221;, &#8211;<\/em> dey\u0259 m\u0259lumatda qeyd olunub.<\/p>\n\n\n\n<p>R\u0259smi median\u0131n yazd\u0131\u011f\u0131na g\u00f6r\u0259, art\u0131q Bak\u0131da olan Vladimir Putini el\u0259 ax\u015fam saatlar\u0131nda Prezident \u0130lham \u018fliyev v\u0259 xan\u0131m\u0131, Birinci vitse-prezident Mehriban \u018fliyeva evl\u0259rind\u0259 qar\u015f\u0131lay\u0131blar v\u0259 birg\u0259 \u015fam edibl\u0259r.<\/p>\n\n\n\n<p>Onun Bak\u0131ya s\u0259f\u0259ri Ukrayna medias\u0131nda da birm\u0259nal\u0131 <a href=\"https:\/\/t.me\/uniannet\/142454\">qar\u015f\u0131lanmay\u0131b.<\/a><\/p>\n\n\n\n<p>V.Putinin Az\u0259rbaycana sonuncu s\u0259f\u0259ri 2018-ci ilin sentyabr\u0131nda ba\u015f tutmu\u015fdu.<\/p>\n\n\n\n<p>2022-ci ilin 22 fevral\u0131nda Moskavada Az\u0259rbaycan\u0131n Prezidenti \u0130lham \u018fliyevl\u0259 Rusiyan\u0131n Prezidenti Vladimir Putin aras\u0131nda \u201cRusiya Federasiyas\u0131 v\u0259 Az\u0259rbaycan Respublikas\u0131 aras\u0131nda m\u00fctt\u0259fiqlik qar\u015f\u0131l\u0131ql\u0131 f\u0259aliyy\u0259ti haqq\u0131nda B\u0259yannam\u0259\u201d imzalan\u0131b.<\/p>\n","protected":false},"excerpt":{"rendered":"<p>Kreml s\u0259f\u0259rin planlar\u0131n\u0131 a\u00e7\u0131qlay\u0131b Avqustun 18-d\u0259 Rusiya Prezidenti Vladimir Putin &#8230; <\/p>\n<p class=\"read-more-container\"><a title=\"Putin Bak\u0131ya g\u0259ldi, \u018fliyev onu evind\u0259 qar\u015f\u0131lad\u0131\" class=\"read-more button\" href=\"https:\/\/www.meydan.tv\/az\/article\/putin-bakiya-geldi-eliyev-onu-evinde-qarsiladi\/#more-313304\" aria-label=\"Read more about Putin Bak\u0131ya g\u0259ldi, \u018fliyev onu evind\u0259 qar\u015f\u0131lad\u0131\">Davam\u0131<\/a><\/p>\n","protected":false},"author":8,"featured_media":313301,"comment_status":"closed","ping_status":"closed","sticky":false,"template":"","format":"standard","meta":{"_acf_changed":false,"_sitemap_exclude":false,"_sitemap_priority":"","_sitemap_frequency":"","footnotes":""},"categories":[59,79,56],"tags":[],"class_list":["post-313304","post","type-post","status-publish","format-standard","has-post-thumbnail","hentry","category-siyaset","category-featured","category-xeberler","infinite-scroll-item","generate-columns","tablet-grid-50","mobile-grid-100","grid-parent","grid-33","no-featured-image-padding"],"acf":[],"yoast_head":"<!-- This site is optimized with the Yoast SEO plugin v27.4 - https:\/\/yoast.com\/product\/yoast-seo-wordpress\/ -->\n<title>Putin Bak\u0131ya g\u0259ldi, \u018fliyev onu evind\u0259 qar\u015f\u0131lad\u0131 - MEYDAN.TV<\/title>\n<meta name=\"description\" content=\"R\u0259smi median\u0131n yazd\u0131\u011f\u0131na g\u00f6r\u0259, art\u0131q Bak\u0131da olan Vladimir Putini el\u0259 ax\u015fam saatlar\u0131nda Prezident \u0130lham \u018fliyev v\u0259 xan\u0131m\u0131, Birinci vitse-prezident Mehriban \u018fliyeva evl\u0259rind\u0259 qar\u015f\u0131lay\u0131blar v\u0259 birg\u0259 \u015fam edibl\u0259r.\" \/>\n<meta name=\"robots\" content=\"index, follow, max-snippet:-1, max-image-preview:large, max-video-preview:-1\" \/>\n<link rel=\"canonical\" href=\"https:\/\/www.meydan.tv\/az\/article\/putin-bakiya-geldi-eliyev-onu-evinde-qarsiladi\/\" \/>\n<meta property=\"og:locale\" content=\"az_AZ\" \/>\n<meta property=\"og:type\" content=\"article\" \/>\n<meta property=\"og:title\" content=\"Putin Bak\u0131ya g\u0259ldi, \u018fliyev onu evind\u0259 qar\u015f\u0131lad\u0131 - MEYDAN.TV\" \/>\n<meta property=\"og:description\" content=\"R\u0259smi median\u0131n yazd\u0131\u011f\u0131na g\u00f6r\u0259, art\u0131q Bak\u0131da olan Vladimir Putini el\u0259 ax\u015fam saatlar\u0131nda Prezident \u0130lham \u018fliyev v\u0259 xan\u0131m\u0131, Birinci vitse-prezident Mehriban \u018fliyeva evl\u0259rind\u0259 qar\u015f\u0131lay\u0131blar v\u0259 birg\u0259 \u015fam edibl\u0259r.\" \/>\n<meta property=\"og:url\" content=\"https:\/\/www.meydan.tv\/az\/article\/putin-bakiya-geldi-eliyev-onu-evinde-qarsiladi\/\" \/>\n<meta property=\"og:site_name\" content=\"MEYDAN.TV\" \/>\n<meta property=\"article:published_time\" content=\"2024-08-18T19:03:01+00:00\" \/>\n<meta property=\"article:modified_time\" content=\"2024-08-18T19:05:19+00:00\" \/>\n<meta property=\"og:image\" content=\"https:\/\/www.meydan.tv\/wp-content\/uploads\/17240012435935864172_1200x630.jpg\" \/>\n\t<meta property=\"og:image:width\" content=\"1200\" \/>\n\t<meta property=\"og:image:height\" content=\"805\" \/>\n\t<meta property=\"og:image:type\" content=\"image\/jpeg\" \/>\n<meta name=\"author\" content=\"elli\" \/>\n<meta name=\"twitter:card\" content=\"summary_large_image\" \/>\n<meta name=\"twitter:creator\" content=\"@elli\" \/>\n<script type=\"application\/ld+json\" class=\"yoast-schema-graph\">{\"@context\":\"https:\\\/\\\/schema.org\",\"@graph\":[{\"@type\":\"Article\",\"@id\":\"https:\\\/\\\/www.meydan.tv\\\/az\\\/article\\\/putin-bakiya-geldi-eliyev-onu-evinde-qarsiladi\\\/#article\",\"isPartOf\":{\"@id\":\"https:\\\/\\\/www.meydan.tv\\\/az\\\/article\\\/putin-bakiya-geldi-eliyev-onu-evinde-qarsiladi\\\/\"},\"author\":{\"name\":\"elli\",\"@id\":\"https:\\\/\\\/www.meydan.tv\\\/az\\\/#\\\/schema\\\/person\\\/9cdbecf90d17180ce1dfbd95b08dcf47\"},\"headline\":\"Putin Bak\u0131ya g\u0259ldi, \u018fliyev onu evind\u0259 qar\u015f\u0131lad\u0131\",\"datePublished\":\"2024-08-18T19:03:01+00:00\",\"dateModified\":\"2024-08-18T19:05:19+00:00\",\"mainEntityOfPage\":{\"@id\":\"https:\\\/\\\/www.meydan.tv\\\/az\\\/article\\\/putin-bakiya-geldi-eliyev-onu-evinde-qarsiladi\\\/\"},\"wordCount\":437,\"publisher\":{\"@id\":\"https:\\\/\\\/www.meydan.tv\\\/az\\\/#organization\"},\"image\":{\"@id\":\"https:\\\/\\\/www.meydan.tv\\\/az\\\/article\\\/putin-bakiya-geldi-eliyev-onu-evinde-qarsiladi\\\/#primaryimage\"},\"thumbnailUrl\":\"https:\\\/\\\/www.meydan.tv\\\/wp-content\\\/uploads\\\/17240012435935864172_1200x630.jpg\",\"articleSection\":[\"Siyas\u0259t\",\"T\u00f6vsiy\u0259\",\"X\u0259b\u0259rl\u0259r\"],\"inLanguage\":\"az\"},{\"@type\":\"WebPage\",\"@id\":\"https:\\\/\\\/www.meydan.tv\\\/az\\\/article\\\/putin-bakiya-geldi-eliyev-onu-evinde-qarsiladi\\\/\",\"url\":\"https:\\\/\\\/www.meydan.tv\\\/az\\\/article\\\/putin-bakiya-geldi-eliyev-onu-evinde-qarsiladi\\\/\",\"name\":\"Putin Bak\u0131ya g\u0259ldi, \u018fliyev onu evind\u0259 qar\u015f\u0131lad\u0131 - MEYDAN.TV\",\"isPartOf\":{\"@id\":\"https:\\\/\\\/www.meydan.tv\\\/az\\\/#website\"},\"primaryImageOfPage\":{\"@id\":\"https:\\\/\\\/www.meydan.tv\\\/az\\\/article\\\/putin-bakiya-geldi-eliyev-onu-evinde-qarsiladi\\\/#primaryimage\"},\"image\":{\"@id\":\"https:\\\/\\\/www.meydan.tv\\\/az\\\/article\\\/putin-bakiya-geldi-eliyev-onu-evinde-qarsiladi\\\/#primaryimage\"},\"thumbnailUrl\":\"https:\\\/\\\/www.meydan.tv\\\/wp-content\\\/uploads\\\/17240012435935864172_1200x630.jpg\",\"datePublished\":\"2024-08-18T19:03:01+00:00\",\"dateModified\":\"2024-08-18T19:05:19+00:00\",\"description\":\"R\u0259smi median\u0131n yazd\u0131\u011f\u0131na g\u00f6r\u0259, art\u0131q Bak\u0131da olan Vladimir Putini el\u0259 ax\u015fam saatlar\u0131nda Prezident \u0130lham \u018fliyev v\u0259 xan\u0131m\u0131, Birinci vitse-prezident Mehriban \u018fliyeva evl\u0259rind\u0259 qar\u015f\u0131lay\u0131blar v\u0259 birg\u0259 \u015fam edibl\u0259r.\",\"breadcrumb\":{\"@id\":\"https:\\\/\\\/www.meydan.tv\\\/az\\\/article\\\/putin-bakiya-geldi-eliyev-onu-evinde-qarsiladi\\\/#breadcrumb\"},\"inLanguage\":\"az\",\"potentialAction\":[{\"@type\":\"ReadAction\",\"target\":[\"https:\\\/\\\/www.meydan.tv\\\/az\\\/article\\\/putin-bakiya-geldi-eliyev-onu-evinde-qarsiladi\\\/\"]}]},{\"@type\":\"ImageObject\",\"inLanguage\":\"az\",\"@id\":\"https:\\\/\\\/www.meydan.tv\\\/az\\\/article\\\/putin-bakiya-geldi-eliyev-onu-evinde-qarsiladi\\\/#primaryimage\",\"url\":\"https:\\\/\\\/www.meydan.tv\\\/wp-content\\\/uploads\\\/17240012435935864172_1200x630.jpg\",\"contentUrl\":\"https:\\\/\\\/www.meydan.tv\\\/wp-content\\\/uploads\\\/17240012435935864172_1200x630.jpg\",\"width\":1200,\"height\":805,\"caption\":\"Foto: Az\u0259rtac\"},{\"@type\":\"BreadcrumbList\",\"@id\":\"https:\\\/\\\/www.meydan.tv\\\/az\\\/article\\\/putin-bakiya-geldi-eliyev-onu-evinde-qarsiladi\\\/#breadcrumb\",\"itemListElement\":[{\"@type\":\"ListItem\",\"position\":1,\"name\":\"Ana s\u0259hif\u0259\",\"item\":\"https:\\\/\\\/www.meydan.tv\\\/az\\\/\"},{\"@type\":\"ListItem\",\"position\":2,\"name\":\"Siyas\u0259t\",\"item\":\"https:\\\/\\\/www.meydan.tv\\\/az\\\/section\\\/siyaset\\\/\"},{\"@type\":\"ListItem\",\"position\":3,\"name\":\"Putin Bak\u0131ya g\u0259ldi, \u018fliyev onu evind\u0259 qar\u015f\u0131lad\u0131\"}]},{\"@type\":\"WebSite\",\"@id\":\"https:\\\/\\\/www.meydan.tv\\\/az\\\/#website\",\"url\":\"https:\\\/\\\/www.meydan.tv\\\/az\\\/\",\"name\":\"MEYDAN.TV\",\"description\":\"Meydan TV Az\u0259rbaycan\u0131n media m\u0259kan\u0131ndak\u0131 alternativ s\u0259sidir\",\"publisher\":{\"@id\":\"https:\\\/\\\/www.meydan.tv\\\/az\\\/#organization\"},\"potentialAction\":[{\"@type\":\"SearchAction\",\"target\":{\"@type\":\"EntryPoint\",\"urlTemplate\":\"https:\\\/\\\/www.meydan.tv\\\/az\\\/?s={search_term_string}\"},\"query-input\":{\"@type\":\"PropertyValueSpecification\",\"valueRequired\":true,\"valueName\":\"search_term_string\"}}],\"inLanguage\":\"az\"},{\"@type\":\"Organization\",\"@id\":\"https:\\\/\\\/www.meydan.tv\\\/az\\\/#organization\",\"name\":\"Meydan TV\",\"url\":\"https:\\\/\\\/www.meydan.tv\\\/az\\\/\",\"logo\":{\"@type\":\"ImageObject\",\"inLanguage\":\"az\",\"@id\":\"https:\\\/\\\/www.meydan.tv\\\/az\\\/#\\\/schema\\\/logo\\\/image\\\/\",\"url\":\"https:\\\/\\\/www.meydan.tv\\\/wp-content\\\/uploads\\\/2021\\\/07\\\/meydan-logo.svg\",\"contentUrl\":\"https:\\\/\\\/www.meydan.tv\\\/wp-content\\\/uploads\\\/2021\\\/07\\\/meydan-logo.svg\",\"width\":195,\"height\":46,\"caption\":\"Meydan TV\"},\"image\":{\"@id\":\"https:\\\/\\\/www.meydan.tv\\\/az\\\/#\\\/schema\\\/logo\\\/image\\\/\"}},{\"@type\":\"Person\",\"@id\":\"https:\\\/\\\/www.meydan.tv\\\/az\\\/#\\\/schema\\\/person\\\/9cdbecf90d17180ce1dfbd95b08dcf47\",\"name\":\"elli\",\"sameAs\":[\"https:\\\/\\\/x.com\\\/elli\"]}]}<\/script>\n<!-- \/ Yoast SEO plugin. -->","yoast_head_json":{"title":"Putin Bak\u0131ya g\u0259ldi, \u018fliyev onu evind\u0259 qar\u015f\u0131lad\u0131 - MEYDAN.TV","description":"R\u0259smi median\u0131n yazd\u0131\u011f\u0131na g\u00f6r\u0259, art\u0131q Bak\u0131da olan Vladimir Putini el\u0259 ax\u015fam saatlar\u0131nda Prezident \u0130lham \u018fliyev v\u0259 xan\u0131m\u0131, Birinci vitse-prezident Mehriban \u018fliyeva evl\u0259rind\u0259 qar\u015f\u0131lay\u0131blar v\u0259 birg\u0259 \u015fam edibl\u0259r.","robots":{"index":"index","follow":"follow","max-snippet":"max-snippet:-1","max-image-preview":"max-image-preview:large","max-video-preview":"max-video-preview:-1"},"canonical":"https:\/\/www.meydan.tv\/az\/article\/putin-bakiya-geldi-eliyev-onu-evinde-qarsiladi\/","og_locale":"az_AZ","og_type":"article","og_title":"Putin Bak\u0131ya g\u0259ldi, \u018fliyev onu evind\u0259 qar\u015f\u0131lad\u0131 - MEYDAN.TV","og_description":"R\u0259smi median\u0131n yazd\u0131\u011f\u0131na g\u00f6r\u0259, art\u0131q Bak\u0131da olan Vladimir Putini el\u0259 ax\u015fam saatlar\u0131nda Prezident \u0130lham \u018fliyev v\u0259 xan\u0131m\u0131, Birinci vitse-prezident Mehriban \u018fliyeva evl\u0259rind\u0259 qar\u015f\u0131lay\u0131blar v\u0259 birg\u0259 \u015fam edibl\u0259r.","og_url":"https:\/\/www.meydan.tv\/az\/article\/putin-bakiya-geldi-eliyev-onu-evinde-qarsiladi\/","og_site_name":"MEYDAN.TV","article_published_time":"2024-08-18T19:03:01+00:00","article_modified_time":"2024-08-18T19:05:19+00:00","og_image":[{"width":1200,"height":805,"url":"https:\/\/www.meydan.tv\/wp-content\/uploads\/17240012435935864172_1200x630.jpg","type":"image\/jpeg"}],"author":"elli","twitter_card":"summary_large_image","twitter_creator":"@elli","schema":{"@context":"https:\/\/schema.org","@graph":[{"@type":"Article","@id":"https:\/\/www.meydan.tv\/az\/article\/putin-bakiya-geldi-eliyev-onu-evinde-qarsiladi\/#article","isPartOf":{"@id":"https:\/\/www.meydan.tv\/az\/article\/putin-bakiya-geldi-eliyev-onu-evinde-qarsiladi\/"},"author":{"name":"elli","@id":"https:\/\/www.meydan.tv\/az\/#\/schema\/person\/9cdbecf90d17180ce1dfbd95b08dcf47"},"headline":"Putin Bak\u0131ya g\u0259ldi, \u018fliyev onu evind\u0259 qar\u015f\u0131lad\u0131","datePublished":"2024-08-18T19:03:01+00:00","dateModified":"2024-08-18T19:05:19+00:00","mainEntityOfPage":{"@id":"https:\/\/www.meydan.tv\/az\/article\/putin-bakiya-geldi-eliyev-onu-evinde-qarsiladi\/"},"wordCount":437,"publisher":{"@id":"https:\/\/www.meydan.tv\/az\/#organization"},"image":{"@id":"https:\/\/www.meydan.tv\/az\/article\/putin-bakiya-geldi-eliyev-onu-evinde-qarsiladi\/#primaryimage"},"thumbnailUrl":"https:\/\/www.meydan.tv\/wp-content\/uploads\/17240012435935864172_1200x630.jpg","articleSection":["Siyas\u0259t","T\u00f6vsiy\u0259","X\u0259b\u0259rl\u0259r"],"inLanguage":"az"},{"@type":"WebPage","@id":"https:\/\/www.meydan.tv\/az\/article\/putin-bakiya-geldi-eliyev-onu-evinde-qarsiladi\/","url":"https:\/\/www.meydan.tv\/az\/article\/putin-bakiya-geldi-eliyev-onu-evinde-qarsiladi\/","name":"Putin Bak\u0131ya g\u0259ldi, \u018fliyev onu evind\u0259 qar\u015f\u0131lad\u0131 - MEYDAN.TV","isPartOf":{"@id":"https:\/\/www.meydan.tv\/az\/#website"},"primaryImageOfPage":{"@id":"https:\/\/www.meydan.tv\/az\/article\/putin-bakiya-geldi-eliyev-onu-evinde-qarsiladi\/#primaryimage"},"image":{"@id":"https:\/\/www.meydan.tv\/az\/article\/putin-bakiya-geldi-eliyev-onu-evinde-qarsiladi\/#primaryimage"},"thumbnailUrl":"https:\/\/www.meydan.tv\/wp-content\/uploads\/17240012435935864172_1200x630.jpg","datePublished":"2024-08-18T19:03:01+00:00","dateModified":"2024-08-18T19:05:19+00:00","description":"R\u0259smi median\u0131n yazd\u0131\u011f\u0131na g\u00f6r\u0259, art\u0131q Bak\u0131da olan Vladimir Putini el\u0259 ax\u015fam saatlar\u0131nda Prezident \u0130lham \u018fliyev v\u0259 xan\u0131m\u0131, Birinci vitse-prezident Mehriban \u018fliyeva evl\u0259rind\u0259 qar\u015f\u0131lay\u0131blar v\u0259 birg\u0259 \u015fam edibl\u0259r.","breadcrumb":{"@id":"https:\/\/www.meydan.tv\/az\/article\/putin-bakiya-geldi-eliyev-onu-evinde-qarsiladi\/#breadcrumb"},"inLanguage":"az","potentialAction":[{"@type":"ReadAction","target":["https:\/\/www.meydan.tv\/az\/article\/putin-bakiya-geldi-eliyev-onu-evinde-qarsiladi\/"]}]},{"@type":"ImageObject","inLanguage":"az","@id":"https:\/\/www.meydan.tv\/az\/article\/putin-bakiya-geldi-eliyev-onu-evinde-qarsiladi\/#primaryimage","url":"https:\/\/www.meydan.tv\/wp-content\/uploads\/17240012435935864172_1200x630.jpg","contentUrl":"https:\/\/www.meydan.tv\/wp-content\/uploads\/17240012435935864172_1200x630.jpg","width":1200,"height":805,"caption":"Foto: Az\u0259rtac"},{"@type":"BreadcrumbList","@id":"https:\/\/www.meydan.tv\/az\/article\/putin-bakiya-geldi-eliyev-onu-evinde-qarsiladi\/#breadcrumb","itemListElement":[{"@type":"ListItem","position":1,"name":"Ana s\u0259hif\u0259","item":"https:\/\/www.meydan.tv\/az\/"},{"@type":"ListItem","position":2,"name":"Siyas\u0259t","item":"https:\/\/www.meydan.tv\/az\/section\/siyaset\/"},{"@type":"ListItem","position":3,"name":"Putin Bak\u0131ya g\u0259ldi, \u018fliyev onu evind\u0259 qar\u015f\u0131lad\u0131"}]},{"@type":"WebSite","@id":"https:\/\/www.meydan.tv\/az\/#website","url":"https:\/\/www.meydan.tv\/az\/","name":"MEYDAN.TV","description":"Meydan TV Az\u0259rbaycan\u0131n media m\u0259kan\u0131ndak\u0131 alternativ s\u0259sidir","publisher":{"@id":"https:\/\/www.meydan.tv\/az\/#organization"},"potentialAction":[{"@type":"SearchAction","target":{"@type":"EntryPoint","urlTemplate":"https:\/\/www.meydan.tv\/az\/?s={search_term_string}"},"query-input":{"@type":"PropertyValueSpecification","valueRequired":true,"valueName":"search_term_string"}}],"inLanguage":"az"},{"@type":"Organization","@id":"https:\/\/www.meydan.tv\/az\/#organization","name":"Meydan TV","url":"https:\/\/www.meydan.tv\/az\/","logo":{"@type":"ImageObject","inLanguage":"az","@id":"https:\/\/www.meydan.tv\/az\/#\/schema\/logo\/image\/","url":"https:\/\/www.meydan.tv\/wp-content\/uploads\/2021\/07\/meydan-logo.svg","contentUrl":"https:\/\/www.meydan.tv\/wp-content\/uploads\/2021\/07\/meydan-logo.svg","width":195,"height":46,"caption":"Meydan TV"},"image":{"@id":"https:\/\/www.meydan.tv\/az\/#\/schema\/logo\/image\/"}},{"@type":"Person","@id":"https:\/\/www.meydan.tv\/az\/#\/schema\/person\/9cdbecf90d17180ce1dfbd95b08dcf47","name":"elli","sameAs":["https:\/\/x.com\/elli"]}]}},"_links":{"self":[{"href":"https:\/\/www.meydan.tv\/az\/wp-json\/wp\/v2\/posts\/313304","targetHints":{"allow":["GET"]}}],"collection":[{"href":"https:\/\/www.meydan.tv\/az\/wp-json\/wp\/v2\/posts"}],"about":[{"href":"https:\/\/www.meydan.tv\/az\/wp-json\/wp\/v2\/types\/post"}],"author":[{"embeddable":true,"href":"https:\/\/www.meydan.tv\/az\/wp-json\/wp\/v2\/users\/8"}],"replies":[{"embeddable":true,"href":"https:\/\/www.meydan.tv\/az\/wp-json\/wp\/v2\/comments?post=313304"}],"version-history":[{"count":3,"href":"https:\/\/www.meydan.tv\/az\/wp-json\/wp\/v2\/posts\/313304\/revisions"}],"predecessor-version":[{"id":313307,"href":"https:\/\/www.meydan.tv\/az\/wp-json\/wp\/v2\/posts\/313304\/revisions\/313307"}],"wp:featuredmedia":[{"embeddable":true,"href":"https:\/\/www.meydan.tv\/az\/wp-json\/wp\/v2\/media\/313301"}],"wp:attachment":[{"href":"https:\/\/www.meydan.tv\/az\/wp-json\/wp\/v2\/media?parent=313304"}],"wp:term":[{"taxonomy":"category","embeddable":true,"href":"https:\/\/www.meydan.tv\/az\/wp-json\/wp\/v2\/categories?post=313304"},{"taxonomy":"post_tag","embeddable":true,"href":"https:\/\/www.meydan.tv\/az\/wp-json\/wp\/v2\/tags?post=313304"}],"curies":[{"name":"wp","href":"https:\/\/api.w.org\/{rel}","templated":true}]}}