{"id":313107,"date":"2024-08-16T13:12:06","date_gmt":"2024-08-16T09:12:06","guid":{"rendered":"https:\/\/www.meydan.tv\/?p=313107"},"modified":"2024-08-16T13:12:09","modified_gmt":"2024-08-16T09:12:09","slug":"bakinin-su-problemi-naraziliq-yaradib","status":"publish","type":"post","link":"https:\/\/www.meydan.tv\/az\/article\/bakinin-su-problemi-naraziliq-yaradib\/","title":{"rendered":"Bak\u0131n\u0131n su problemi naraz\u0131l\u0131q yarad\u0131b"},"content":{"rendered":"\n<p><\/p>\n\n\n\n<p><strong>\u201cAlterantiv su m\u0259nb\u0259yi hans\u0131d\u0131r? Niy\u0259 ehtiyat \u00e7\u0259nl\u0259r dolu deyil?\u201d<\/strong><\/p>\n\n\n\n<p>Bir ne\u00e7\u0259 g\u00fcnd\u00fcr paytaxt\u0131n m\u0259rk\u0259zi k\u00fc\u00e7\u0259l\u0259ri d\u0259 daxil olmaqla Yasamal, N\u0259simi, S\u0259bail, X\u0259z\u0259r, Bin\u0259q\u0259di, Suraxan\u0131 v\u0259 Pirallah\u0131 rayonlar\u0131n\u0131n \u0259ks\u0259r \u0259razil\u0259rin\u0259, Bak\u0131\u0259traf\u0131 k\u0259nd v\u0259 q\u0259s\u0259b\u0259l\u0259r\u0259 su verilmir.<\/p>\n\n\n\n<p>D\u00f6vl\u0259t Su Ehtiyatlar\u0131 Agentliyin\u0259 daxil olan \u0130ri \u015e\u0259h\u0259rl\u0259rin Birl\u0259\u015fmi\u015f Su T\u0259chizat\u0131 publik h\u00fcquqi \u015f\u0259xsin r\u0259smi a\u00e7\u0131qlamas\u0131nda O\u011fuz-Q\u0259b\u0259l\u0259 k\u0259m\u0259rind\u0259 t\u0259mir-b\u0259rpa i\u015fl\u0259ri apar\u0131ld\u0131\u011f\u0131, avqustun 16-s\u0131 g\u00fcnorta saatlar\u0131ndan suyun verilm\u0259sinin b\u0259rpa olunaca\u011f\u0131 bildirilib. Qeyd edilib ki, O\u011fuz-Q\u0259b\u0259l\u0259 k\u0259m\u0259ri vasit\u0259sil\u0259 i\u00e7m\u0259li su il\u0259 t\u0259min olunan \u0259razil\u0259r\u0259 alternativ m\u0259nb\u0259l\u0259r hesab\u0131na suyun verilm\u0259si \u00fc\u00e7\u00fcn b\u00fct\u00fcn i\u015fl\u0259r g\u00f6r\u00fcl\u00fcr.<\/p>\n\n\n\n<p>Bak\u0131 sakinl\u0259ri is\u0259 deyirl\u0259r ki, k\u0259m\u0259rd\u0259 t\u0259mir i\u015fl\u0259rin\u0259 ba\u015flan\u0131lmadan \u0259vv\u0259l d\u0259 suyun verilm\u0259sind\u0259 probleml\u0259r yaran\u0131b. Qurumun telefonlar\u0131, el\u0259c\u0259 d\u0259 \u201cqaynar x\u0259tt\u201d xidm\u0259ti is\u0259 son on g\u00fcnd\u00fcr daim m\u0259\u015f\u011ful g\u00f6st\u0259rib.<\/p>\n\n\n\n<p>Metronun \u201cElml\u0259r Akademiyas\u0131\u201d stansiyas\u0131n\u0131n yax\u0131nl\u0131\u011f\u0131nda ya\u015fayan G\u00fclnar \u018fliyeva deyir ki, 8 g\u00fcnd\u00fcr i\u00e7m\u0259li su g\u0259lmir, veril\u0259nd\u0259 is\u0259 t\u0259zyiq el\u0259 olur ki, bir saata bir vedr\u0259 g\u00fccl\u0259 dolur.<\/p>\n\n\n\n<p><em>\u201cAlterantiv su m\u0259nb\u0259yi hans\u0131d\u0131r? Niy\u0259 ehtiyat \u00e7\u0259nl\u0259r dolu deyil? V\u0259t\u0259nda\u015flar\u0131n suallar\u0131 cavabland\u0131r\u0131lm\u0131r, sanki bizi \u0259l\u0259 sal\u0131blar\u201d<\/em>,-\u018fliyeva Meydan TV-y\u0259 \u015fikay\u0259tind\u0259 s\u00f6yl\u0259yib.<\/p>\n\n\n\n<p>Paytaxt\u0131n Bil\u0259c\u0259ri q\u0259s\u0259b\u0259sinin m\u00fcxt\u0259lif istiqam\u0259tl\u0259rin\u0259 d\u0259 g\u00fcnl\u0259rdir su verilmir. Sakinl\u0259r deyirl\u0259r ki, yay g\u0259l\u0259nd\u0259n su problemi ya\u015fay\u0131rlar. Su iki-\u00fc\u00e7 g\u00fcn fasil\u0259l\u0259rl\u0259 sakinl\u0259rin yatd\u0131\u011f\u0131 saatlarda verilir, yaxud t\u0259zyiq a\u015fa\u011f\u0131 olur.<\/p>\n\n\n\n<p>X\u0259tai rayonu Neapol k\u00fc\u00e7\u0259si ev 41, Neapol 22-d\u0259 ya\u015fayan sakinl\u0259r d\u0259 g\u00fcnorta saatlar\u0131 olmas\u0131na baxmayaraq, h\u0259l\u0259 d\u0259 suyun verilm\u0259m\u0259sind\u0259n naraz\u0131l\u0131q edibl\u0259r.<br>Sakinl\u0259rd\u0259n Leyla M\u0259mm\u0259dova bildirib ki, \u00fc\u00e7 azya\u015fl\u0131 \u00f6vlad\u0131 var. Su problemin\u0259 g\u00f6r\u0259 bir ne\u00e7\u0259 g\u00fcn qohumlar\u0131n\u0131n evin\u0259 k\u00f6\u00e7m\u0259y\u0259 m\u0259cbur qal\u0131b. \u00c7\u00fcnki binadan \u00e7\u0259nl\u0259r y\u0131\u011f\u0131\u015fd\u0131r\u0131l\u0131b, ehtiyat y\u0131\u011fd\u0131\u011f\u0131 su bitib. U\u015faqlara verm\u0259y\u0259 bel\u0259 su tapm\u0131r. H\u0259yat yolda\u015f\u0131 g\u00fcn\u0259muzd f\u0259hl\u0259 i\u015fl\u0259yir, su il\u0259 ba\u011fl\u0131 m\u0259lumatlardan d\u0259rhal sonra ma\u011fazalarda qiym\u0259t art\u0131r\u0131l\u0131b.<\/p>\n\n\n<div class=\"wp-block-image\">\n<figure class=\"alignright size-full is-resized\"><img decoding=\"async\" width=\"1200\" height=\"733\" data-src=\"https:\/\/www.meydan.tv\/wp-content\/uploads\/screenshot_2-33.png\" alt=\"\" class=\"wp-image-310334 lazyload\" style=\"--smush-placeholder-width: 1200px; --smush-placeholder-aspect-ratio: 1200\/733;width:423px;height:auto\" src=\"data:image\/svg+xml;base64,PHN2ZyB3aWR0aD0iMSIgaGVpZ2h0PSIxIiB4bWxucz0iaHR0cDovL3d3dy53My5vcmcvMjAwMC9zdmciPjwvc3ZnPg==\" \/><figcaption class=\"wp-element-caption\">Az\u0259rsu. Foto: Az\u0259rsu<\/figcaption><\/figure>\n<\/div>\n\n\n<p>\u201c<em>He\u00e7 \u00fczr d\u0259 ist\u0259m\u0259dil\u0259r. K\u0259m\u0259rd\u0259 niy\u0259 nasazl\u0131q yaran\u0131b, a\u00e7\u0131qlama verilmir. \u00d6t\u0259n il su q\u0131tl\u0131\u011f\u0131 idi, bu il ya\u011f\u0131nt\u0131lar \u00e7ox olub. Bunlar el\u0259 bilirl\u0259r ki, ham\u0131 savads\u0131zd\u0131r, ist\u0259nil\u0259n m\u0259lumata inan\u0131r\u0131q\u201d<\/em>,-\u015fikay\u0259t\u00e7i bildirib.<\/p>\n\n\n\n<p>Raman\u0131 sakinl\u0259ri is\u0259 deyibl\u0259r ki, q\u0259s\u0259b\u0259d\u0259 su ma\u015f\u0131nlar\u0131 g\u00f6r\u0259n olmay\u0131b. Sumqayit \u015f\u0259h\u0259r Corat 2-ci m\u0259h\u0259ll\u0259, \u018fla\u011fa Vahid v\u0259 \u015eaban Babazad\u0259 k\u00fc\u00e7\u0259sin\u0259 is\u0259 g\u00fcnl\u0259rdir su verilmir. H\u00f6vsan, T\u00fcrkan, \u018fmircan q\u0259s\u0259b\u0259 sakinl\u0259ri d\u0259 suyun verilm\u0259m\u0259sind\u0259n naraz\u0131l\u0131q edibl\u0259r.<\/p>\n\n\n\n<p>\u0130ri \u015e\u0259h\u0259rl\u0259rin Birl\u0259\u015fmi\u015f Su T\u0259chizat\u0131 publik h\u00fcquqi \u015f\u0259xsin \u201cFacebook\u201d s\u0259hif\u0259sin\u0259 abonentl\u0259r t\u0259r\u0259find\u0259n \u00e7oxsayl\u0131 qar\u011f\u0131\u015flar, t\u0259nqidl\u0259r yaz\u0131l\u0131b.<br>Az\u0259rbaycan D\u00f6vl\u0259t Su Ehtiyatlar\u0131 Agentliyi \u0130ri \u015e\u0259h\u0259rl\u0259rin Birl\u0259\u015fmi\u015f Su T\u0259chizat\u0131 Xidm\u0259tinin bu g\u00fcn yayd\u0131\u011f\u0131 a\u00e7\u0131qlamada is\u0259 bildirilib ki, O\u011fuz-Q\u0259b\u0259l\u0259-Bak\u0131 k\u0259m\u0259ri i\u00e7m\u0259li su il\u0259 tam h\u0259cmd\u0259 doldurulub, su paytaxta daxil olub:<\/p>\n\n\n\n<p>\u201c<em>\u00d6nc\u0259d\u0259n d\u0259 elan etdiyimiz kimi g\u00fcnorta saatlar\u0131nda \u0259halinin su t\u0259minat\u0131 normal rejimd\u0259 b\u0259rpa olunacaq&#8221;.<\/em><\/p>\n\n\n\n<p>O\u011fuz-Q\u0259b\u0259l\u0259-Bak\u0131 su k\u0259m\u0259ri 2010-cu ild\u0259 istismara verilib. K\u0259m\u0259r vasit\u0259sil\u0259 Bak\u0131 \u015f\u0259h\u0259rind\u0259 ya\u015fayan \u0259halinin \u0259n az\u0131 85 faizi he\u00e7 bir problem olmadan fasil\u0259siz i\u00e7m\u0259li su il\u0259 t\u0259min olunmas\u0131 n\u0259z\u0259rd\u0259 tutulmu\u015fdu.<\/p>\n","protected":false},"excerpt":{"rendered":"<p>\u201cAlterantiv su m\u0259nb\u0259yi hans\u0131d\u0131r? Niy\u0259 ehtiyat \u00e7\u0259nl\u0259r dolu deyil?\u201d Bir &#8230; <\/p>\n<p class=\"read-more-container\"><a title=\"Bak\u0131n\u0131n su problemi naraz\u0131l\u0131q yarad\u0131b\" class=\"read-more button\" href=\"https:\/\/www.meydan.tv\/az\/article\/bakinin-su-problemi-naraziliq-yaradib\/#more-313107\" aria-label=\"Read more about Bak\u0131n\u0131n su problemi naraz\u0131l\u0131q yarad\u0131b\">Davam\u0131<\/a><\/p>\n","protected":false},"author":8,"featured_media":149371,"comment_status":"closed","ping_status":"closed","sticky":false,"template":"","format":"standard","meta":{"_acf_changed":false,"_sitemap_exclude":false,"_sitemap_priority":"","_sitemap_frequency":"","footnotes":""},"categories":[62,79,56],"tags":[],"class_list":["post-313107","post","type-post","status-publish","format-standard","has-post-thumbnail","hentry","category-sosial","category-featured","category-xeberler","infinite-scroll-item","generate-columns","tablet-grid-50","mobile-grid-100","grid-parent","grid-33","no-featured-image-padding"],"acf":[],"yoast_head":"<!-- This site is optimized with the Yoast SEO plugin v27.5 - https:\/\/yoast.com\/product\/yoast-seo-wordpress\/ -->\n<title>Bak\u0131n\u0131n su problemi naraz\u0131l\u0131q yarad\u0131b - MEYDAN.TV<\/title>\n<meta name=\"description\" content=\"Bak\u0131 sakinl\u0259ri is\u0259 deyirl\u0259r ki, k\u0259m\u0259rd\u0259 t\u0259mir i\u015fl\u0259rin\u0259 ba\u015flan\u0131lmadan \u0259vv\u0259l d\u0259 suyun verilm\u0259sind\u0259 probleml\u0259r yaran\u0131b.\" \/>\n<meta name=\"robots\" content=\"index, follow, max-snippet:-1, max-image-preview:large, max-video-preview:-1\" \/>\n<link rel=\"canonical\" href=\"https:\/\/www.meydan.tv\/az\/article\/bakinin-su-problemi-naraziliq-yaradib\/\" \/>\n<meta property=\"og:locale\" content=\"az_AZ\" \/>\n<meta property=\"og:type\" content=\"article\" \/>\n<meta property=\"og:title\" content=\"Bak\u0131n\u0131n su problemi naraz\u0131l\u0131q yarad\u0131b - MEYDAN.TV\" \/>\n<meta property=\"og:description\" content=\"Bak\u0131 sakinl\u0259ri is\u0259 deyirl\u0259r ki, k\u0259m\u0259rd\u0259 t\u0259mir i\u015fl\u0259rin\u0259 ba\u015flan\u0131lmadan \u0259vv\u0259l d\u0259 suyun verilm\u0259sind\u0259 probleml\u0259r yaran\u0131b.\" \/>\n<meta property=\"og:url\" content=\"https:\/\/www.meydan.tv\/az\/article\/bakinin-su-problemi-naraziliq-yaradib\/\" \/>\n<meta property=\"og:site_name\" content=\"MEYDAN.TV\" \/>\n<meta property=\"article:published_time\" content=\"2024-08-16T09:12:06+00:00\" \/>\n<meta property=\"article:modified_time\" content=\"2024-08-16T09:12:09+00:00\" \/>\n<meta property=\"og:image\" content=\"https:\/\/www.meydan.tv\/wp-content\/uploads\/14570742126408213970_1000x669.jpg\" \/>\n\t<meta property=\"og:image:width\" content=\"1000\" \/>\n\t<meta property=\"og:image:height\" content=\"666\" \/>\n\t<meta property=\"og:image:type\" content=\"image\/jpeg\" \/>\n<meta name=\"author\" content=\"elli\" \/>\n<meta name=\"twitter:card\" content=\"summary_large_image\" \/>\n<meta name=\"twitter:creator\" content=\"@elli\" \/>\n<script type=\"application\/ld+json\" class=\"yoast-schema-graph\">{\"@context\":\"https:\\\/\\\/schema.org\",\"@graph\":[{\"@type\":\"Article\",\"@id\":\"https:\\\/\\\/www.meydan.tv\\\/az\\\/article\\\/bakinin-su-problemi-naraziliq-yaradib\\\/#article\",\"isPartOf\":{\"@id\":\"https:\\\/\\\/www.meydan.tv\\\/az\\\/article\\\/bakinin-su-problemi-naraziliq-yaradib\\\/\"},\"author\":{\"name\":\"elli\",\"@id\":\"https:\\\/\\\/www.meydan.tv\\\/az\\\/#\\\/schema\\\/person\\\/9cdbecf90d17180ce1dfbd95b08dcf47\"},\"headline\":\"Bak\u0131n\u0131n su problemi naraz\u0131l\u0131q yarad\u0131b\",\"datePublished\":\"2024-08-16T09:12:06+00:00\",\"dateModified\":\"2024-08-16T09:12:09+00:00\",\"mainEntityOfPage\":{\"@id\":\"https:\\\/\\\/www.meydan.tv\\\/az\\\/article\\\/bakinin-su-problemi-naraziliq-yaradib\\\/\"},\"wordCount\":736,\"publisher\":{\"@id\":\"https:\\\/\\\/www.meydan.tv\\\/az\\\/#organization\"},\"image\":{\"@id\":\"https:\\\/\\\/www.meydan.tv\\\/az\\\/article\\\/bakinin-su-problemi-naraziliq-yaradib\\\/#primaryimage\"},\"thumbnailUrl\":\"https:\\\/\\\/www.meydan.tv\\\/wp-content\\\/uploads\\\/14570742126408213970_1000x669.jpg\",\"articleSection\":[\"Sosial\",\"T\u00f6vsiy\u0259\",\"X\u0259b\u0259rl\u0259r\"],\"inLanguage\":\"az\"},{\"@type\":\"WebPage\",\"@id\":\"https:\\\/\\\/www.meydan.tv\\\/az\\\/article\\\/bakinin-su-problemi-naraziliq-yaradib\\\/\",\"url\":\"https:\\\/\\\/www.meydan.tv\\\/az\\\/article\\\/bakinin-su-problemi-naraziliq-yaradib\\\/\",\"name\":\"Bak\u0131n\u0131n su problemi naraz\u0131l\u0131q yarad\u0131b - MEYDAN.TV\",\"isPartOf\":{\"@id\":\"https:\\\/\\\/www.meydan.tv\\\/az\\\/#website\"},\"primaryImageOfPage\":{\"@id\":\"https:\\\/\\\/www.meydan.tv\\\/az\\\/article\\\/bakinin-su-problemi-naraziliq-yaradib\\\/#primaryimage\"},\"image\":{\"@id\":\"https:\\\/\\\/www.meydan.tv\\\/az\\\/article\\\/bakinin-su-problemi-naraziliq-yaradib\\\/#primaryimage\"},\"thumbnailUrl\":\"https:\\\/\\\/www.meydan.tv\\\/wp-content\\\/uploads\\\/14570742126408213970_1000x669.jpg\",\"datePublished\":\"2024-08-16T09:12:06+00:00\",\"dateModified\":\"2024-08-16T09:12:09+00:00\",\"description\":\"Bak\u0131 sakinl\u0259ri is\u0259 deyirl\u0259r ki, k\u0259m\u0259rd\u0259 t\u0259mir i\u015fl\u0259rin\u0259 ba\u015flan\u0131lmadan \u0259vv\u0259l d\u0259 suyun verilm\u0259sind\u0259 probleml\u0259r yaran\u0131b.\",\"breadcrumb\":{\"@id\":\"https:\\\/\\\/www.meydan.tv\\\/az\\\/article\\\/bakinin-su-problemi-naraziliq-yaradib\\\/#breadcrumb\"},\"inLanguage\":\"az\",\"potentialAction\":[{\"@type\":\"ReadAction\",\"target\":[\"https:\\\/\\\/www.meydan.tv\\\/az\\\/article\\\/bakinin-su-problemi-naraziliq-yaradib\\\/\"]}]},{\"@type\":\"ImageObject\",\"inLanguage\":\"az\",\"@id\":\"https:\\\/\\\/www.meydan.tv\\\/az\\\/article\\\/bakinin-su-problemi-naraziliq-yaradib\\\/#primaryimage\",\"url\":\"https:\\\/\\\/www.meydan.tv\\\/wp-content\\\/uploads\\\/14570742126408213970_1000x669.jpg\",\"contentUrl\":\"https:\\\/\\\/www.meydan.tv\\\/wp-content\\\/uploads\\\/14570742126408213970_1000x669.jpg\",\"width\":1000,\"height\":666,\"caption\":\"Foto: arxiv\"},{\"@type\":\"BreadcrumbList\",\"@id\":\"https:\\\/\\\/www.meydan.tv\\\/az\\\/article\\\/bakinin-su-problemi-naraziliq-yaradib\\\/#breadcrumb\",\"itemListElement\":[{\"@type\":\"ListItem\",\"position\":1,\"name\":\"Ana s\u0259hif\u0259\",\"item\":\"https:\\\/\\\/www.meydan.tv\\\/az\\\/\"},{\"@type\":\"ListItem\",\"position\":2,\"name\":\"Sosial\",\"item\":\"https:\\\/\\\/www.meydan.tv\\\/az\\\/section\\\/sosial\\\/\"},{\"@type\":\"ListItem\",\"position\":3,\"name\":\"Bak\u0131n\u0131n su problemi naraz\u0131l\u0131q yarad\u0131b\"}]},{\"@type\":\"WebSite\",\"@id\":\"https:\\\/\\\/www.meydan.tv\\\/az\\\/#website\",\"url\":\"https:\\\/\\\/www.meydan.tv\\\/az\\\/\",\"name\":\"MEYDAN.TV\",\"description\":\"Meydan TV Az\u0259rbaycan\u0131n media m\u0259kan\u0131ndak\u0131 alternativ s\u0259sidir\",\"publisher\":{\"@id\":\"https:\\\/\\\/www.meydan.tv\\\/az\\\/#organization\"},\"potentialAction\":[{\"@type\":\"SearchAction\",\"target\":{\"@type\":\"EntryPoint\",\"urlTemplate\":\"https:\\\/\\\/www.meydan.tv\\\/az\\\/?s={search_term_string}\"},\"query-input\":{\"@type\":\"PropertyValueSpecification\",\"valueRequired\":true,\"valueName\":\"search_term_string\"}}],\"inLanguage\":\"az\"},{\"@type\":\"Organization\",\"@id\":\"https:\\\/\\\/www.meydan.tv\\\/az\\\/#organization\",\"name\":\"Meydan TV\",\"url\":\"https:\\\/\\\/www.meydan.tv\\\/az\\\/\",\"logo\":{\"@type\":\"ImageObject\",\"inLanguage\":\"az\",\"@id\":\"https:\\\/\\\/www.meydan.tv\\\/az\\\/#\\\/schema\\\/logo\\\/image\\\/\",\"url\":\"https:\\\/\\\/www.meydan.tv\\\/wp-content\\\/uploads\\\/2021\\\/07\\\/meydan-logo.svg\",\"contentUrl\":\"https:\\\/\\\/www.meydan.tv\\\/wp-content\\\/uploads\\\/2021\\\/07\\\/meydan-logo.svg\",\"width\":195,\"height\":46,\"caption\":\"Meydan TV\"},\"image\":{\"@id\":\"https:\\\/\\\/www.meydan.tv\\\/az\\\/#\\\/schema\\\/logo\\\/image\\\/\"}},{\"@type\":\"Person\",\"@id\":\"https:\\\/\\\/www.meydan.tv\\\/az\\\/#\\\/schema\\\/person\\\/9cdbecf90d17180ce1dfbd95b08dcf47\",\"name\":\"elli\",\"sameAs\":[\"https:\\\/\\\/x.com\\\/elli\"]}]}<\/script>\n<!-- \/ Yoast SEO plugin. -->","yoast_head_json":{"title":"Bak\u0131n\u0131n su problemi naraz\u0131l\u0131q yarad\u0131b - MEYDAN.TV","description":"Bak\u0131 sakinl\u0259ri is\u0259 deyirl\u0259r ki, k\u0259m\u0259rd\u0259 t\u0259mir i\u015fl\u0259rin\u0259 ba\u015flan\u0131lmadan \u0259vv\u0259l d\u0259 suyun verilm\u0259sind\u0259 probleml\u0259r yaran\u0131b.","robots":{"index":"index","follow":"follow","max-snippet":"max-snippet:-1","max-image-preview":"max-image-preview:large","max-video-preview":"max-video-preview:-1"},"canonical":"https:\/\/www.meydan.tv\/az\/article\/bakinin-su-problemi-naraziliq-yaradib\/","og_locale":"az_AZ","og_type":"article","og_title":"Bak\u0131n\u0131n su problemi naraz\u0131l\u0131q yarad\u0131b - MEYDAN.TV","og_description":"Bak\u0131 sakinl\u0259ri is\u0259 deyirl\u0259r ki, k\u0259m\u0259rd\u0259 t\u0259mir i\u015fl\u0259rin\u0259 ba\u015flan\u0131lmadan \u0259vv\u0259l d\u0259 suyun verilm\u0259sind\u0259 probleml\u0259r yaran\u0131b.","og_url":"https:\/\/www.meydan.tv\/az\/article\/bakinin-su-problemi-naraziliq-yaradib\/","og_site_name":"MEYDAN.TV","article_published_time":"2024-08-16T09:12:06+00:00","article_modified_time":"2024-08-16T09:12:09+00:00","og_image":[{"width":1000,"height":666,"url":"https:\/\/www.meydan.tv\/wp-content\/uploads\/14570742126408213970_1000x669.jpg","type":"image\/jpeg"}],"author":"elli","twitter_card":"summary_large_image","twitter_creator":"@elli","schema":{"@context":"https:\/\/schema.org","@graph":[{"@type":"Article","@id":"https:\/\/www.meydan.tv\/az\/article\/bakinin-su-problemi-naraziliq-yaradib\/#article","isPartOf":{"@id":"https:\/\/www.meydan.tv\/az\/article\/bakinin-su-problemi-naraziliq-yaradib\/"},"author":{"name":"elli","@id":"https:\/\/www.meydan.tv\/az\/#\/schema\/person\/9cdbecf90d17180ce1dfbd95b08dcf47"},"headline":"Bak\u0131n\u0131n su problemi naraz\u0131l\u0131q yarad\u0131b","datePublished":"2024-08-16T09:12:06+00:00","dateModified":"2024-08-16T09:12:09+00:00","mainEntityOfPage":{"@id":"https:\/\/www.meydan.tv\/az\/article\/bakinin-su-problemi-naraziliq-yaradib\/"},"wordCount":736,"publisher":{"@id":"https:\/\/www.meydan.tv\/az\/#organization"},"image":{"@id":"https:\/\/www.meydan.tv\/az\/article\/bakinin-su-problemi-naraziliq-yaradib\/#primaryimage"},"thumbnailUrl":"https:\/\/www.meydan.tv\/wp-content\/uploads\/14570742126408213970_1000x669.jpg","articleSection":["Sosial","T\u00f6vsiy\u0259","X\u0259b\u0259rl\u0259r"],"inLanguage":"az"},{"@type":"WebPage","@id":"https:\/\/www.meydan.tv\/az\/article\/bakinin-su-problemi-naraziliq-yaradib\/","url":"https:\/\/www.meydan.tv\/az\/article\/bakinin-su-problemi-naraziliq-yaradib\/","name":"Bak\u0131n\u0131n su problemi naraz\u0131l\u0131q yarad\u0131b - MEYDAN.TV","isPartOf":{"@id":"https:\/\/www.meydan.tv\/az\/#website"},"primaryImageOfPage":{"@id":"https:\/\/www.meydan.tv\/az\/article\/bakinin-su-problemi-naraziliq-yaradib\/#primaryimage"},"image":{"@id":"https:\/\/www.meydan.tv\/az\/article\/bakinin-su-problemi-naraziliq-yaradib\/#primaryimage"},"thumbnailUrl":"https:\/\/www.meydan.tv\/wp-content\/uploads\/14570742126408213970_1000x669.jpg","datePublished":"2024-08-16T09:12:06+00:00","dateModified":"2024-08-16T09:12:09+00:00","description":"Bak\u0131 sakinl\u0259ri is\u0259 deyirl\u0259r ki, k\u0259m\u0259rd\u0259 t\u0259mir i\u015fl\u0259rin\u0259 ba\u015flan\u0131lmadan \u0259vv\u0259l d\u0259 suyun verilm\u0259sind\u0259 probleml\u0259r yaran\u0131b.","breadcrumb":{"@id":"https:\/\/www.meydan.tv\/az\/article\/bakinin-su-problemi-naraziliq-yaradib\/#breadcrumb"},"inLanguage":"az","potentialAction":[{"@type":"ReadAction","target":["https:\/\/www.meydan.tv\/az\/article\/bakinin-su-problemi-naraziliq-yaradib\/"]}]},{"@type":"ImageObject","inLanguage":"az","@id":"https:\/\/www.meydan.tv\/az\/article\/bakinin-su-problemi-naraziliq-yaradib\/#primaryimage","url":"https:\/\/www.meydan.tv\/wp-content\/uploads\/14570742126408213970_1000x669.jpg","contentUrl":"https:\/\/www.meydan.tv\/wp-content\/uploads\/14570742126408213970_1000x669.jpg","width":1000,"height":666,"caption":"Foto: arxiv"},{"@type":"BreadcrumbList","@id":"https:\/\/www.meydan.tv\/az\/article\/bakinin-su-problemi-naraziliq-yaradib\/#breadcrumb","itemListElement":[{"@type":"ListItem","position":1,"name":"Ana s\u0259hif\u0259","item":"https:\/\/www.meydan.tv\/az\/"},{"@type":"ListItem","position":2,"name":"Sosial","item":"https:\/\/www.meydan.tv\/az\/section\/sosial\/"},{"@type":"ListItem","position":3,"name":"Bak\u0131n\u0131n su problemi naraz\u0131l\u0131q yarad\u0131b"}]},{"@type":"WebSite","@id":"https:\/\/www.meydan.tv\/az\/#website","url":"https:\/\/www.meydan.tv\/az\/","name":"MEYDAN.TV","description":"Meydan TV Az\u0259rbaycan\u0131n media m\u0259kan\u0131ndak\u0131 alternativ s\u0259sidir","publisher":{"@id":"https:\/\/www.meydan.tv\/az\/#organization"},"potentialAction":[{"@type":"SearchAction","target":{"@type":"EntryPoint","urlTemplate":"https:\/\/www.meydan.tv\/az\/?s={search_term_string}"},"query-input":{"@type":"PropertyValueSpecification","valueRequired":true,"valueName":"search_term_string"}}],"inLanguage":"az"},{"@type":"Organization","@id":"https:\/\/www.meydan.tv\/az\/#organization","name":"Meydan TV","url":"https:\/\/www.meydan.tv\/az\/","logo":{"@type":"ImageObject","inLanguage":"az","@id":"https:\/\/www.meydan.tv\/az\/#\/schema\/logo\/image\/","url":"https:\/\/www.meydan.tv\/wp-content\/uploads\/2021\/07\/meydan-logo.svg","contentUrl":"https:\/\/www.meydan.tv\/wp-content\/uploads\/2021\/07\/meydan-logo.svg","width":195,"height":46,"caption":"Meydan TV"},"image":{"@id":"https:\/\/www.meydan.tv\/az\/#\/schema\/logo\/image\/"}},{"@type":"Person","@id":"https:\/\/www.meydan.tv\/az\/#\/schema\/person\/9cdbecf90d17180ce1dfbd95b08dcf47","name":"elli","sameAs":["https:\/\/x.com\/elli"]}]}},"_links":{"self":[{"href":"https:\/\/www.meydan.tv\/az\/wp-json\/wp\/v2\/posts\/313107","targetHints":{"allow":["GET"]}}],"collection":[{"href":"https:\/\/www.meydan.tv\/az\/wp-json\/wp\/v2\/posts"}],"about":[{"href":"https:\/\/www.meydan.tv\/az\/wp-json\/wp\/v2\/types\/post"}],"author":[{"embeddable":true,"href":"https:\/\/www.meydan.tv\/az\/wp-json\/wp\/v2\/users\/8"}],"replies":[{"embeddable":true,"href":"https:\/\/www.meydan.tv\/az\/wp-json\/wp\/v2\/comments?post=313107"}],"version-history":[{"count":1,"href":"https:\/\/www.meydan.tv\/az\/wp-json\/wp\/v2\/posts\/313107\/revisions"}],"predecessor-version":[{"id":313108,"href":"https:\/\/www.meydan.tv\/az\/wp-json\/wp\/v2\/posts\/313107\/revisions\/313108"}],"wp:featuredmedia":[{"embeddable":true,"href":"https:\/\/www.meydan.tv\/az\/wp-json\/wp\/v2\/media\/149371"}],"wp:attachment":[{"href":"https:\/\/www.meydan.tv\/az\/wp-json\/wp\/v2\/media?parent=313107"}],"wp:term":[{"taxonomy":"category","embeddable":true,"href":"https:\/\/www.meydan.tv\/az\/wp-json\/wp\/v2\/categories?post=313107"},{"taxonomy":"post_tag","embeddable":true,"href":"https:\/\/www.meydan.tv\/az\/wp-json\/wp\/v2\/tags?post=313107"}],"curies":[{"name":"wp","href":"https:\/\/api.w.org\/{rel}","templated":true}]}}