{"id":313097,"date":"2024-08-15T22:22:26","date_gmt":"2024-08-15T18:22:26","guid":{"rendered":"https:\/\/www.meydan.tv\/?p=313097"},"modified":"2024-08-15T22:22:27","modified_gmt":"2024-08-15T18:22:27","slug":"fazil-qasimov-meni-dustaqlarin-cinsi-tecavuzune-meruz-qoymaqla-hedelediler","status":"publish","type":"post","link":"https:\/\/www.meydan.tv\/az\/article\/fazil-qasimov-meni-dustaqlarin-cinsi-tecavuzune-meruz-qoymaqla-hedelediler\/","title":{"rendered":"Fazil Qas\u0131mov: \u201cM\u0259ni dustaqlar\u0131n cinsi t\u0259cav\u00fcz\u00fcn\u0259 m\u0259ruz qoymaqla h\u0259d\u0259l\u0259dil\u0259r\u201d"},"content":{"rendered":"\n<p><em>Alim Qubad \u0130bado\u011flu il\u0259 ba\u011fl\u0131 cinay\u0259t i\u015finin ayr\u0131lmas\u0131na etiraz edib<\/em><\/p>\n\n\n\n<p>\u0130stanbul Universitetinin doktorant\u0131, 2023-c\u00fc ilin avqustunda T\u00fcrkiy\u0259d\u0259 saxlan\u0131laraq Az\u0259rbaycana g\u0259tirl\u0259n alim Fazil Qas\u0131movun m\u0259hk\u0259m\u0259si ba\u015flay\u0131b. Avqustun 15-d\u0259 Bak\u0131 A\u011f\u0131r Cinay\u0259tl\u0259r M\u0259hk\u0259m\u0259sind\u0259 hakim Mahir\u0259 K\u0259rimovan\u0131n s\u0259drliyil\u0259 onun i\u015fi \u00fczr\u0259 m\u0259hk\u0259m\u0259nin haz\u0131rl\u0131q iclas\u0131 ke\u00e7irilib.<\/p>\n\n\n\n<p>Fazil Qas\u0131mov Az\u0259rbaycan Demokratiya v\u0259 Rifah Partiyas\u0131n\u0131n ke\u00e7mi\u015f s\u0259dri, iqtisad\u00e7\u0131 Qubad \u0130bado\u011flu v\u0259 Anar \u018fliyev adl\u0131 daha bir n\u0259f\u0259rl\u0259 \u0259lbirlikd\u0259 ittiham olunur. Ancaq iyulun 16-da Qubad \u0130bado\u011flunun i\u015fi onlardan ayr\u0131l\u0131b v\u0259 bu s\u0259b\u0259bd\u0259n haz\u0131rda m\u0259hk\u0259m\u0259d\u0259 Fazil Qas\u0131movla Anar \u018fliyevin i\u015fin\u0259 bax\u0131l\u0131r.<\/p>\n\n\n\n<p>M\u0259hk\u0259m\u0259nin haz\u0131rl\u0131q iclas\u0131nda t\u0259qsirl\u0259ndiril\u0259n \u015f\u0259xsl\u0259rin anket m\u0259lumatlar\u0131 d\u0259qiql\u0259\u015fdirilib, m\u00fcdafi\u0259 t\u0259r\u0259fi bir ne\u00e7\u0259 v\u0259sat\u0259t verib.<\/p>\n\n\n\n<p>1989-cu il t\u0259v\u0259ll\u00fcdl\u00fc Anar \u018fliyev \u0259vv\u0259ll\u0259r avtomobill\u0259rin icar\u0259y\u0259 verilm\u0259sil\u0259 (Rent a car) m\u0259\u015f\u011ful olub.<\/p>\n\n\n\n<p>1990-c\u0131 il t\u0259v\u0259ll\u00fcdl\u00fc Fazil Qas\u0131mov is\u0259 elmi f\u0259aliyy\u0259tl\u0259 m\u0259\u015f\u011ful olub, \u0130stanbul Universitetind\u0259 v\u0259 \u201cPalmali\u201d \u015firk\u0259tind\u0259 i\u015fl\u0259yib.<\/p>\n\n\n\n<p>Fazil Qas\u0131mov m\u0259hk\u0259m\u0259d\u0259 v\u0259sat\u0259t qald\u0131raraq bildirib ki, Qubad \u0130bado\u011flu haqq\u0131nda cinay\u0259t i\u015finin bu i\u015fd\u0259n ayr\u0131lmas\u0131 bar\u0259d\u0259 q\u0259rar \u0259sass\u0131zd\u0131r. O, m\u0259hk\u0259m\u0259nin bu i\u015fi istintaqa qaytarmas\u0131 v\u0259 Qubad \u0130bado\u011flunun i\u015fi il\u0259 birl\u0259\u015fdirilm\u0259si bar\u0259d\u0259 v\u0259sat\u0259t qald\u0131r\u0131b:<\/p>\n\n\n\n<p>\u201cBiz eyni madd\u0259 il\u0259, eyni \u0259m\u0259ld\u0259 v\u0259 \u0259lbirlikd\u0259 ittiham olunuruq. \u0130ddia olunur ki, m\u0259n 22-30 iyunda T\u00fcrkiy\u0259d\u0259 saxta dollar \u0259ld\u0259 etmi\u015f\u0259m, Qubad \u0130bado\u011fluya vermi\u015f\u0259m, o da Az\u0259rbaycana g\u0259tirib. M\u00fct\u0259\u015f\u0259kkil Cinay\u0259tkarl\u0131\u011fa Qar\u015f\u0131 M\u00fcbariz\u0259 \u0130dar\u0259sind\u0259 m\u0259n\u0259 i\u015fg\u0259nc\u0259 verm\u0259kl\u0259, ail\u0259ml\u0259 h\u0259d\u0259l\u0259m\u0259kl\u0259, \u00f6z\u00fcm\u0259 qar\u015f\u0131, Qubad \u0130bado\u011flunun \u0259leyhin\u0259 bu bar\u0259d\u0259 yalan ifad\u0259l\u0259r verm\u0259y\u0259 m\u0259cbur el\u0259dil\u0259r. O ifad\u0259l\u0259r h\u0259qiq\u0259td\u0259n uzaqd\u0131r. M\u0259n mayda Ba\u015f prokurora, Ombudsmana m\u00fcraci\u0259t etmi\u015f\u0259m. Orada g\u00f6st\u0259rmi\u015f\u0259m ki, i\u015fg\u0259nc\u0259l\u0259r\u0259, qeyri-insani r\u0259ftara m\u0259ruz qalm\u0131\u015fam. Bel\u0259 bir v\u0259ziyy\u0259td\u0259 veril\u0259n yalan ifad\u0259l\u0259rd\u0259n imtina etdiyimi bildirmi\u015f\u0259m. O ifad\u0259l\u0259r\u0259 g\u00f6r\u0259, guya biz \u00fc\u00e7\u00fcm\u00fcz \u2013 Qubad \u0130bado\u011flu, m\u0259n v\u0259 Anar \u018fliyev videog\u00f6r\u00fcnt\u00fcl\u0259r vasit\u0259sil\u0259 dan\u0131\u015fm\u0131\u015f\u0131q. H\u0259qiq\u0259td\u0259 is\u0259 bel\u0259 bir \u015fey olmay\u0131b. Bu i\u015f\u0259 obyektiv, \u0259dal\u0259tli bax\u0131lmas\u0131 \u00fc\u00e7\u00fcn m\u00fctl\u0259q o biri i\u015fl\u0259 birl\u0259\u015fdirilm\u0259lidir\u201d.<\/p>\n\n\n\n<p>Fazil Qas\u0131movun ikinci v\u0259sat\u0259ti is\u0259 \u00f6z\u00fc haqq\u0131nda cinay\u0259t i\u015fin\u0259 xitam verilm\u0259si olub. O bildirib ki, bar\u0259sind\u0259ki saxta cinay\u0259t i\u015fin\u0259 etiraz olaraq, 62 g\u00fcnd\u00fcr acl\u0131q edir. N\u0259tic\u0259d\u0259 s\u0259hh\u0259tind\u0259 ciddi probleml\u0259r yaran\u0131b.<\/p>\n\n\n\n<p>Onun s\u00f6zl\u0259rin\u0259 g\u00f6r\u0259, istintaq vaxt\u0131 t\u0259zyiq \u00fcsullar\u0131ndan biri d\u0259 \u00e7ay\u0131na psixiatrop qat\u0131lmas\u0131 olub. Bu s\u0259b\u0259bd\u0259n ondan n\u00fcmun\u0259 g\u00f6t\u00fcr\u00fcl\u0259r\u0259k, ara\u015fd\u0131rma \u00fc\u00e7\u00fcn xaricd\u0259 laboratoriyaya g\u00f6nd\u0259rilib.<\/p>\n\n\n\n<p>\u201cM\u0259n \u0130stanbul Universitetind\u0259 elml\u0259, t\u0259dqiqatlarla m\u0259\u015f\u011ful olmu\u015fam. BMT-nin G\u0259nc Liderl\u0259r proqram\u0131n\u0131n m\u0259zunuyam. \u00d6mr\u00fcn\u00fc elm\u0259 h\u0259sr el\u0259mi\u015f adamam. M\u0259n iqtisadi cinay\u0259tkarl\u0131\u011fa qar\u015f\u0131 m\u00fcbariz\u0259 apard\u0131\u011f\u0131m halda, g\u0259lib m\u0259ni saxta pulda ittiham el\u0259dil\u0259r. Cinay\u0259t i\u015find\u0259 yaz\u0131lanlar tamamil\u0259 yaland\u0131r. Qubad \u0130bado\u011flunun \u0259leyhin\u0259 ifad\u0259 almaq, \u00fczl\u0259\u015fm\u0259d\u0259 yalan ifad\u0259ni t\u0259sdiql\u0259m\u0259yim \u00fc\u00e7\u00fcn m\u0259n\u0259 \u00e7ox a\u011f\u0131r i\u015fg\u0259nc\u0259l\u0259r verdil\u0259r. Ham\u0131s\u0131n\u0131 burada dem\u0259k olmur. \u0130stintaq t\u0259cridxanas\u0131nda m\u0259ni dustaqlar\u0131n cinsi t\u0259cav\u00fcz\u00fcn\u0259 m\u0259ruz qoymaqla h\u0259d\u0259l\u0259dil\u0259r\u201d, &#8211; Fazil Qas\u0131mov bildirib.<\/p>\n\n\n\n<p>Onun s\u00f6zl\u0259rin\u0259 g\u00f6r\u0259, bel\u0259 m\u0259qamlarda ke\u00e7mi\u015f v\u0259kili Anar Qas\u0131mov da onu m\u00fcdafi\u0259 etm\u0259yib.<\/p>\n\n\n\n<p>T\u0259qsirl\u0259ndiril\u0259n alim \u0259lav\u0259 edib ki, onun h\u0259bsinin s\u0259b\u0259bi Qubad \u0130bado\u011flu il\u0259 birlikd\u0259 Londonda qeydiyyatdan ke\u00e7irdikl\u0259ri Az\u0259rbaycan G\u0259ncl\u0259rinin T\u0259hsil Fondudur: \u201cM\u0259n\u0259 istintaqda da bu bar\u0259d\u0259 suallar verirdil\u0259r. \u0130yunda T\u0259hsil Fondunu yarad\u0131b qeydiyyatdan ke\u00e7irdik, iyulda Qubad \u0130bado\u011flu Az\u0259rbaycana g\u0259ldi, h\u0259bs olundu. Sonra m\u0259ni d\u0259 T\u00fcrkiy\u0259d\u0259 tutub g\u0259tirdil\u0259r. Onun saxta pulla n\u0259 \u0259laq\u0259si var? Bu qondarma ittiham bizi h\u0259bs el\u0259m\u0259k \u00fc\u00e7\u00fcn qura\u015fd\u0131r\u0131l\u0131b\u201d.<\/p>\n\n\n\n<p>Fazil Qas\u0131movun v\u0259kill\u0259ri Telman Qas\u0131mov v\u0259 R\u00f6v\u015fan\u0259 R\u0259himli 62 g\u00fcn davam ed\u0259n acl\u0131qdan sonra onun v\u0259ziyy\u0259tinin a\u011f\u0131r oldu\u011funu qeyd ed\u0259r\u0259k, ev dustaql\u0131\u011f\u0131na burax\u0131lmas\u0131 bar\u0259d\u0259 v\u0259sat\u0259t qald\u0131r\u0131blar.<\/p>\n\n\n\n<p>V\u0259kil Telman Qas\u0131mov da xat\u0131rlad\u0131b ki, eyni cinay\u0259t i\u015fi \u00fczr\u0259 t\u0259qsirl\u0259ndiril\u0259n Qubad \u0130bado\u011flu apreld\u0259 ev dustaql\u0131\u011f\u0131na burax\u0131l\u0131b, daha sonra bar\u0259sind\u0259ki cinay\u0259t i\u015fi ayr\u0131l\u0131b. Lakin Fazil Qas\u0131mov bu g\u00fcn\u0259 q\u0259d\u0259r h\u0259bsd\u0259 saxlan\u0131l\u0131r, \u00fcst\u0259lik, acl\u0131q n\u0259tic\u0259sind\u0259 v\u0259ziyy\u0259ti d\u0259 a\u011f\u0131rd\u0131r: \u201cFazil Qas\u0131movun cinay\u0259t t\u00f6r\u0259tm\u0259sini t\u0259sdiql\u0259y\u0259n birc\u0259 s\u00fcbut yoxdur. Qubad \u0130bado\u011flu bu i\u015fd\u0259 \u0259sas fiqurdur. O burax\u0131l\u0131b, \u00e7\u00f6ld\u0259 g\u0259zir, bu is\u0259 h\u0259bsd\u0259 qal\u0131r. \u00d6z\u00fc d\u0259 bel\u0259 a\u011f\u0131r v\u0259ziyy\u0259td\u0259. Qubad \u0130bado\u011flunun i\u015fini bu i\u015fd\u0259n ay\u0131rmaqla istintaq hiyl\u0259g\u0259r gedi\u015f el\u0259di. He\u00e7 bir \u0259sasland\u0131rma olmadan ay\u0131rd\u0131lar. M\u0259hk\u0259m\u0259d\u0259 dindiril\u0259c\u0259k \u015fahidl\u0259rin aras\u0131nda da Qubad \u0130bado\u011flunun ad\u0131 yoxdur\u201d.<\/p>\n\n\n\n<p>Cinay\u0259t i\u015fl\u0259rinin birl\u0259\u015fdirilm\u0259sini ist\u0259y\u0259n v\u0259kil h\u0259m\u00e7inin Fazil Qas\u0131movun Ba\u015f prokuror Kamran \u018fliyev\u0259 yazd\u0131\u011f\u0131 m\u0259ktubun cinay\u0259t i\u015finin materiallar\u0131na \u0259lav\u0259 olunmas\u0131 bar\u0259d\u0259 d\u0259 v\u0259sat\u0259t qald\u0131r\u0131b.<\/p>\n\n\n\n<p>V\u0259kil R\u00f6v\u015fan\u0259 R\u0259himli d\u0259 m\u00fcv\u0259kkilinin ev dustaql\u0131\u011f\u0131na burax\u0131lmas\u0131n\u0131 xahi\u015f edib. V\u0259kil bildirib ki, bir m\u00fcdd\u0259t \u0259vv\u0259l Fazil Qas\u0131mov Penitensiar Xidm\u0259tin M\u00fcalic\u0259 M\u00fc\u0259ssis\u0259sin\u0259 k\u00f6\u00e7\u00fcr\u00fcl\u00fcb. Lakin onun v\u0259ziyy\u0259ti g\u00fcn\u00fc-g\u00fcnd\u0259n a\u011f\u0131rla\u015f\u0131r:<\/p>\n\n\n\n<p>\u201cBu adam 62 g\u00fcnd\u00fcr yaln\u0131z su i\u00e7ir, qidadan imtina edib. M\u00fc\u0259ssis\u0259d\u0259 divarlar\u0131 tuta-tuta g\u0259zir. Bir ne\u00e7\u0259 il \u0259vv\u0259l m\u0259d\u0259 \u0259m\u0259liyyat\u0131 ke\u00e7irib. V\u0259ziyy\u0259ti kritikdir. Onun bel\u0259 v\u0259ziyy\u0259td\u0259 h\u0259bsd\u0259 qalmas\u0131na z\u0259rur\u0259t yoxdur\u201d.<\/p>\n\n\n\n<p>M\u0259hk\u0259m\u0259 yaln\u0131z Ba\u015f prokurora m\u0259ktubun sur\u0259tinin cinay\u0259t i\u015finin materiallar\u0131na \u0259lav\u0259 olunmas\u0131 bar\u0259d\u0259 v\u0259sat\u0259ti t\u0259min edib. Dig\u0259r v\u0259sat\u0259tl\u0259r is\u0259 r\u0259dd olunub.<\/p>\n\n\n\n<p>Fazil Qas\u0131movun i\u015fi \u00fczr\u0259 m\u0259hk\u0259m\u0259 prosesi avqustun 29-na t\u0259yin edilib.<\/p>\n\n\n\n<p>\u0130qtisad\u00e7\u0131 Qubad \u0130bado\u011flu 2023-c\u00fc il iyulun 23-d\u0259 saxlan\u0131l\u0131b, h\u0259min g\u00fcn ona qar\u015f\u0131 Cinay\u0259t M\u0259c\u0259ll\u0259sinin 204.3.1 madd\u0259si il\u0259 ittiham ir\u0259li s\u00fcr\u00fcl\u00fcb. Ert\u0259si g\u00fcn N\u0259rimanov rayon M\u0259hk\u0259m\u0259sind\u0259 onun bar\u0259sind\u0259 ilkin istintaq d\u00f6vr\u00fc \u00fc\u00e7\u00fcn 3 ay 26 g\u00fcnl\u00fck h\u0259bs q\u0259timkan t\u0259dbiri se\u00e7ilib.<\/p>\n\n\n\n<p>Qubad \u0130bado\u011flu saxland\u0131\u011f\u0131 g\u00fcn ofisd\u0259 ke\u00e7iril\u0259n axtar\u0131\u015fda 40 min dollar pul tap\u0131ld\u0131\u011f\u0131, onun bir hiss\u0259sinin saxta oldu\u011fu iddia olunur.<\/p>\n\n\n\n<p>T\u0259qsirl\u0259ndiril\u0259n iqtisad\u00e7\u0131 bildirib ki, h\u0259min pulun ona he\u00e7 bir aidiyy\u0259ti yoxdur v\u0259 ora polisl\u0259rin \u00f6zl\u0259ri yerl\u0259\u015fdirib, sonra da g\u00f6t\u00fcr\u00fcbl\u0259r.<\/p>\n\n\n\n<p>Qubad \u0130bado\u011flunun h\u0259bsind\u0259n az sonra \u2013 avqustun 8-d\u0259 Fazil Qas\u0131mov T\u00fcrkiy\u0259d\u0259 saxlan\u0131laraq, Az\u0259rbaycana g\u0259tirilib. Ona da eyni madd\u0259 il\u0259 ittiham verilib.<\/p>\n\n\n\n<p>Avqustun 25-d\u0259 Qubad \u0130bado\u011fluya Cinay\u0259t M\u0259c\u0259ll\u0259sinin 167-3.1-ci (dini ekstremist materiallar\u0131 haz\u0131rlama, saxlama, yayma) madd\u0259sil\u0259 yeni ittiham elan olunub.<\/p>\n\n\n\n<p>Qubad \u0130bado\u011flu h\u0259bs olundu\u011fu g\u00fcn axtar\u0131\u015fdan sonra binadan \u00e7\u0131xar\u0131l\u0131b apar\u0131lark\u0259n Prezident \u0130lham \u018fliyevin sifari\u015fil\u0259 h\u0259bs olundu\u011funu bildirib.<\/p>\n\n\n\n<p>O, aprelin 22-d\u0259 h\u0259bsd\u0259n burax\u0131l\u0131b. Ev dustaql\u0131\u011f\u0131na burax\u0131landan t\u0259xmin\u0259n 20 g\u00fcn sonra \u2013 may\u0131n 14-d\u0259 s\u0259dri oldu\u011fu Az\u0259rbaycan Demokratiya v\u0259 Rifah Partiyas\u0131n\u0131n f\u0259aliyy\u0259tinin dayand\u0131r\u0131lmas\u0131 bar\u0259d\u0259 q\u0259rar q\u0259bul edilib.<\/p>\n\n\n\n<p>ADR \u0130dar\u0259 Hey\u0259ti partiyan\u0131n f\u0259aliyy\u0259tini dayand\u0131rmas\u0131n\u0131 qeydiyyata al\u0131nmamas\u0131yla izah edib.<\/p>\n\n\n\n<p>Qubad \u0130bado\u011flu ev dustaql\u0131\u011f\u0131na burax\u0131lsa da, sonradan bu q\u0259timkan t\u0259dbiri \u201cpolis n\u0259zar\u0259tin\u0259 verm\u0259\u201d il\u0259 \u0259v\u0259z olunub.<\/p>\n","protected":false},"excerpt":{"rendered":"<p>Alim Qubad \u0130bado\u011flu il\u0259 ba\u011fl\u0131 cinay\u0259t i\u015finin ayr\u0131lmas\u0131na etiraz edib &#8230; <\/p>\n<p class=\"read-more-container\"><a title=\"Fazil Qas\u0131mov: \u201cM\u0259ni dustaqlar\u0131n cinsi t\u0259cav\u00fcz\u00fcn\u0259 m\u0259ruz qoymaqla h\u0259d\u0259l\u0259dil\u0259r\u201d\" class=\"read-more button\" href=\"https:\/\/www.meydan.tv\/az\/article\/fazil-qasimov-meni-dustaqlarin-cinsi-tecavuzune-meruz-qoymaqla-hedelediler\/#more-313097\" aria-label=\"Read more about Fazil Qas\u0131mov: \u201cM\u0259ni dustaqlar\u0131n cinsi t\u0259cav\u00fcz\u00fcn\u0259 m\u0259ruz qoymaqla h\u0259d\u0259l\u0259dil\u0259r\u201d\">Davam\u0131<\/a><\/p>\n","protected":false},"author":12,"featured_media":281728,"comment_status":"closed","ping_status":"closed","sticky":false,"template":"","format":"standard","meta":{"_acf_changed":false,"_sitemap_exclude":false,"_sitemap_priority":"","_sitemap_frequency":"","footnotes":""},"categories":[59,79,56],"tags":[],"class_list":["post-313097","post","type-post","status-publish","format-standard","has-post-thumbnail","hentry","category-siyaset","category-featured","category-xeberler","infinite-scroll-item","generate-columns","tablet-grid-50","mobile-grid-100","grid-parent","grid-33","no-featured-image-padding"],"acf":[],"yoast_head":"<!-- This site is optimized with the Yoast SEO plugin v27.4 - https:\/\/yoast.com\/product\/yoast-seo-wordpress\/ -->\n<title>Fazil Qas\u0131mov: \u201cM\u0259ni dustaqlar\u0131n cinsi t\u0259cav\u00fcz\u00fcn\u0259 m\u0259ruz qoymaqla h\u0259d\u0259l\u0259dil\u0259r\u201d - MEYDAN.TV<\/title>\n<meta name=\"robots\" content=\"index, follow, max-snippet:-1, max-image-preview:large, max-video-preview:-1\" \/>\n<link rel=\"canonical\" href=\"https:\/\/www.meydan.tv\/az\/article\/fazil-qasimov-meni-dustaqlarin-cinsi-tecavuzune-meruz-qoymaqla-hedelediler\/\" \/>\n<meta property=\"og:locale\" content=\"az_AZ\" \/>\n<meta property=\"og:type\" content=\"article\" \/>\n<meta property=\"og:title\" content=\"Fazil Qas\u0131mov: \u201cM\u0259ni dustaqlar\u0131n cinsi t\u0259cav\u00fcz\u00fcn\u0259 m\u0259ruz qoymaqla h\u0259d\u0259l\u0259dil\u0259r\u201d - MEYDAN.TV\" \/>\n<meta property=\"og:description\" content=\"Alim Qubad \u0130bado\u011flu il\u0259 ba\u011fl\u0131 cinay\u0259t i\u015finin ayr\u0131lmas\u0131na etiraz edib ... Davam\u0131\" \/>\n<meta property=\"og:url\" content=\"https:\/\/www.meydan.tv\/az\/article\/fazil-qasimov-meni-dustaqlarin-cinsi-tecavuzune-meruz-qoymaqla-hedelediler\/\" \/>\n<meta property=\"og:site_name\" content=\"MEYDAN.TV\" \/>\n<meta property=\"article:published_time\" content=\"2024-08-15T18:22:26+00:00\" \/>\n<meta property=\"article:modified_time\" content=\"2024-08-15T18:22:27+00:00\" \/>\n<meta property=\"og:image\" content=\"https:\/\/www.meydan.tv\/wp-content\/uploads\/untitled-design-176.jpg\" \/>\n\t<meta property=\"og:image:width\" content=\"1200\" \/>\n\t<meta property=\"og:image:height\" content=\"800\" \/>\n\t<meta property=\"og:image:type\" content=\"image\/jpeg\" \/>\n<meta name=\"author\" content=\"aleks\" \/>\n<meta name=\"twitter:card\" content=\"summary_large_image\" \/>\n<script type=\"application\/ld+json\" class=\"yoast-schema-graph\">{\"@context\":\"https:\\\/\\\/schema.org\",\"@graph\":[{\"@type\":\"Article\",\"@id\":\"https:\\\/\\\/www.meydan.tv\\\/az\\\/article\\\/fazil-qasimov-meni-dustaqlarin-cinsi-tecavuzune-meruz-qoymaqla-hedelediler\\\/#article\",\"isPartOf\":{\"@id\":\"https:\\\/\\\/www.meydan.tv\\\/az\\\/article\\\/fazil-qasimov-meni-dustaqlarin-cinsi-tecavuzune-meruz-qoymaqla-hedelediler\\\/\"},\"author\":{\"name\":\"aleks\",\"@id\":\"https:\\\/\\\/www.meydan.tv\\\/az\\\/#\\\/schema\\\/person\\\/476e9360e593fa131d5d71d51866f8da\"},\"headline\":\"Fazil Qas\u0131mov: \u201cM\u0259ni dustaqlar\u0131n cinsi t\u0259cav\u00fcz\u00fcn\u0259 m\u0259ruz qoymaqla h\u0259d\u0259l\u0259dil\u0259r\u201d\",\"datePublished\":\"2024-08-15T18:22:26+00:00\",\"dateModified\":\"2024-08-15T18:22:27+00:00\",\"mainEntityOfPage\":{\"@id\":\"https:\\\/\\\/www.meydan.tv\\\/az\\\/article\\\/fazil-qasimov-meni-dustaqlarin-cinsi-tecavuzune-meruz-qoymaqla-hedelediler\\\/\"},\"wordCount\":1533,\"publisher\":{\"@id\":\"https:\\\/\\\/www.meydan.tv\\\/az\\\/#organization\"},\"image\":{\"@id\":\"https:\\\/\\\/www.meydan.tv\\\/az\\\/article\\\/fazil-qasimov-meni-dustaqlarin-cinsi-tecavuzune-meruz-qoymaqla-hedelediler\\\/#primaryimage\"},\"thumbnailUrl\":\"https:\\\/\\\/www.meydan.tv\\\/wp-content\\\/uploads\\\/untitled-design-176.jpg\",\"articleSection\":[\"Siyas\u0259t\",\"T\u00f6vsiy\u0259\",\"X\u0259b\u0259rl\u0259r\"],\"inLanguage\":\"az\"},{\"@type\":\"WebPage\",\"@id\":\"https:\\\/\\\/www.meydan.tv\\\/az\\\/article\\\/fazil-qasimov-meni-dustaqlarin-cinsi-tecavuzune-meruz-qoymaqla-hedelediler\\\/\",\"url\":\"https:\\\/\\\/www.meydan.tv\\\/az\\\/article\\\/fazil-qasimov-meni-dustaqlarin-cinsi-tecavuzune-meruz-qoymaqla-hedelediler\\\/\",\"name\":\"Fazil Qas\u0131mov: \u201cM\u0259ni dustaqlar\u0131n cinsi t\u0259cav\u00fcz\u00fcn\u0259 m\u0259ruz qoymaqla h\u0259d\u0259l\u0259dil\u0259r\u201d - MEYDAN.TV\",\"isPartOf\":{\"@id\":\"https:\\\/\\\/www.meydan.tv\\\/az\\\/#website\"},\"primaryImageOfPage\":{\"@id\":\"https:\\\/\\\/www.meydan.tv\\\/az\\\/article\\\/fazil-qasimov-meni-dustaqlarin-cinsi-tecavuzune-meruz-qoymaqla-hedelediler\\\/#primaryimage\"},\"image\":{\"@id\":\"https:\\\/\\\/www.meydan.tv\\\/az\\\/article\\\/fazil-qasimov-meni-dustaqlarin-cinsi-tecavuzune-meruz-qoymaqla-hedelediler\\\/#primaryimage\"},\"thumbnailUrl\":\"https:\\\/\\\/www.meydan.tv\\\/wp-content\\\/uploads\\\/untitled-design-176.jpg\",\"datePublished\":\"2024-08-15T18:22:26+00:00\",\"dateModified\":\"2024-08-15T18:22:27+00:00\",\"breadcrumb\":{\"@id\":\"https:\\\/\\\/www.meydan.tv\\\/az\\\/article\\\/fazil-qasimov-meni-dustaqlarin-cinsi-tecavuzune-meruz-qoymaqla-hedelediler\\\/#breadcrumb\"},\"inLanguage\":\"az\",\"potentialAction\":[{\"@type\":\"ReadAction\",\"target\":[\"https:\\\/\\\/www.meydan.tv\\\/az\\\/article\\\/fazil-qasimov-meni-dustaqlarin-cinsi-tecavuzune-meruz-qoymaqla-hedelediler\\\/\"]}]},{\"@type\":\"ImageObject\",\"inLanguage\":\"az\",\"@id\":\"https:\\\/\\\/www.meydan.tv\\\/az\\\/article\\\/fazil-qasimov-meni-dustaqlarin-cinsi-tecavuzune-meruz-qoymaqla-hedelediler\\\/#primaryimage\",\"url\":\"https:\\\/\\\/www.meydan.tv\\\/wp-content\\\/uploads\\\/untitled-design-176.jpg\",\"contentUrl\":\"https:\\\/\\\/www.meydan.tv\\\/wp-content\\\/uploads\\\/untitled-design-176.jpg\",\"width\":1200,\"height\":800,\"caption\":\"Fazil Qas\u0131mov. Foto: Fazil Qas\u0131movun \u015f\u0259xsi arxivind\u0259n\"},{\"@type\":\"BreadcrumbList\",\"@id\":\"https:\\\/\\\/www.meydan.tv\\\/az\\\/article\\\/fazil-qasimov-meni-dustaqlarin-cinsi-tecavuzune-meruz-qoymaqla-hedelediler\\\/#breadcrumb\",\"itemListElement\":[{\"@type\":\"ListItem\",\"position\":1,\"name\":\"Ana s\u0259hif\u0259\",\"item\":\"https:\\\/\\\/www.meydan.tv\\\/az\\\/\"},{\"@type\":\"ListItem\",\"position\":2,\"name\":\"X\u0259b\u0259rl\u0259r\",\"item\":\"https:\\\/\\\/www.meydan.tv\\\/az\\\/section\\\/xeberler\\\/\"},{\"@type\":\"ListItem\",\"position\":3,\"name\":\"Fazil Qas\u0131mov: \u201cM\u0259ni dustaqlar\u0131n cinsi t\u0259cav\u00fcz\u00fcn\u0259 m\u0259ruz qoymaqla h\u0259d\u0259l\u0259dil\u0259r\u201d\"}]},{\"@type\":\"WebSite\",\"@id\":\"https:\\\/\\\/www.meydan.tv\\\/az\\\/#website\",\"url\":\"https:\\\/\\\/www.meydan.tv\\\/az\\\/\",\"name\":\"MEYDAN.TV\",\"description\":\"Meydan TV Az\u0259rbaycan\u0131n media m\u0259kan\u0131ndak\u0131 alternativ s\u0259sidir\",\"publisher\":{\"@id\":\"https:\\\/\\\/www.meydan.tv\\\/az\\\/#organization\"},\"potentialAction\":[{\"@type\":\"SearchAction\",\"target\":{\"@type\":\"EntryPoint\",\"urlTemplate\":\"https:\\\/\\\/www.meydan.tv\\\/az\\\/?s={search_term_string}\"},\"query-input\":{\"@type\":\"PropertyValueSpecification\",\"valueRequired\":true,\"valueName\":\"search_term_string\"}}],\"inLanguage\":\"az\"},{\"@type\":\"Organization\",\"@id\":\"https:\\\/\\\/www.meydan.tv\\\/az\\\/#organization\",\"name\":\"Meydan TV\",\"url\":\"https:\\\/\\\/www.meydan.tv\\\/az\\\/\",\"logo\":{\"@type\":\"ImageObject\",\"inLanguage\":\"az\",\"@id\":\"https:\\\/\\\/www.meydan.tv\\\/az\\\/#\\\/schema\\\/logo\\\/image\\\/\",\"url\":\"https:\\\/\\\/www.meydan.tv\\\/wp-content\\\/uploads\\\/2021\\\/07\\\/meydan-logo.svg\",\"contentUrl\":\"https:\\\/\\\/www.meydan.tv\\\/wp-content\\\/uploads\\\/2021\\\/07\\\/meydan-logo.svg\",\"width\":195,\"height\":46,\"caption\":\"Meydan TV\"},\"image\":{\"@id\":\"https:\\\/\\\/www.meydan.tv\\\/az\\\/#\\\/schema\\\/logo\\\/image\\\/\"}},{\"@type\":\"Person\",\"@id\":\"https:\\\/\\\/www.meydan.tv\\\/az\\\/#\\\/schema\\\/person\\\/476e9360e593fa131d5d71d51866f8da\",\"name\":\"aleks\"}]}<\/script>\n<!-- \/ Yoast SEO plugin. -->","yoast_head_json":{"title":"Fazil Qas\u0131mov: \u201cM\u0259ni dustaqlar\u0131n cinsi t\u0259cav\u00fcz\u00fcn\u0259 m\u0259ruz qoymaqla h\u0259d\u0259l\u0259dil\u0259r\u201d - MEYDAN.TV","robots":{"index":"index","follow":"follow","max-snippet":"max-snippet:-1","max-image-preview":"max-image-preview:large","max-video-preview":"max-video-preview:-1"},"canonical":"https:\/\/www.meydan.tv\/az\/article\/fazil-qasimov-meni-dustaqlarin-cinsi-tecavuzune-meruz-qoymaqla-hedelediler\/","og_locale":"az_AZ","og_type":"article","og_title":"Fazil Qas\u0131mov: \u201cM\u0259ni dustaqlar\u0131n cinsi t\u0259cav\u00fcz\u00fcn\u0259 m\u0259ruz qoymaqla h\u0259d\u0259l\u0259dil\u0259r\u201d - MEYDAN.TV","og_description":"Alim Qubad \u0130bado\u011flu il\u0259 ba\u011fl\u0131 cinay\u0259t i\u015finin ayr\u0131lmas\u0131na etiraz edib ... Davam\u0131","og_url":"https:\/\/www.meydan.tv\/az\/article\/fazil-qasimov-meni-dustaqlarin-cinsi-tecavuzune-meruz-qoymaqla-hedelediler\/","og_site_name":"MEYDAN.TV","article_published_time":"2024-08-15T18:22:26+00:00","article_modified_time":"2024-08-15T18:22:27+00:00","og_image":[{"width":1200,"height":800,"url":"https:\/\/www.meydan.tv\/wp-content\/uploads\/untitled-design-176.jpg","type":"image\/jpeg"}],"author":"aleks","twitter_card":"summary_large_image","schema":{"@context":"https:\/\/schema.org","@graph":[{"@type":"Article","@id":"https:\/\/www.meydan.tv\/az\/article\/fazil-qasimov-meni-dustaqlarin-cinsi-tecavuzune-meruz-qoymaqla-hedelediler\/#article","isPartOf":{"@id":"https:\/\/www.meydan.tv\/az\/article\/fazil-qasimov-meni-dustaqlarin-cinsi-tecavuzune-meruz-qoymaqla-hedelediler\/"},"author":{"name":"aleks","@id":"https:\/\/www.meydan.tv\/az\/#\/schema\/person\/476e9360e593fa131d5d71d51866f8da"},"headline":"Fazil Qas\u0131mov: \u201cM\u0259ni dustaqlar\u0131n cinsi t\u0259cav\u00fcz\u00fcn\u0259 m\u0259ruz qoymaqla h\u0259d\u0259l\u0259dil\u0259r\u201d","datePublished":"2024-08-15T18:22:26+00:00","dateModified":"2024-08-15T18:22:27+00:00","mainEntityOfPage":{"@id":"https:\/\/www.meydan.tv\/az\/article\/fazil-qasimov-meni-dustaqlarin-cinsi-tecavuzune-meruz-qoymaqla-hedelediler\/"},"wordCount":1533,"publisher":{"@id":"https:\/\/www.meydan.tv\/az\/#organization"},"image":{"@id":"https:\/\/www.meydan.tv\/az\/article\/fazil-qasimov-meni-dustaqlarin-cinsi-tecavuzune-meruz-qoymaqla-hedelediler\/#primaryimage"},"thumbnailUrl":"https:\/\/www.meydan.tv\/wp-content\/uploads\/untitled-design-176.jpg","articleSection":["Siyas\u0259t","T\u00f6vsiy\u0259","X\u0259b\u0259rl\u0259r"],"inLanguage":"az"},{"@type":"WebPage","@id":"https:\/\/www.meydan.tv\/az\/article\/fazil-qasimov-meni-dustaqlarin-cinsi-tecavuzune-meruz-qoymaqla-hedelediler\/","url":"https:\/\/www.meydan.tv\/az\/article\/fazil-qasimov-meni-dustaqlarin-cinsi-tecavuzune-meruz-qoymaqla-hedelediler\/","name":"Fazil Qas\u0131mov: \u201cM\u0259ni dustaqlar\u0131n cinsi t\u0259cav\u00fcz\u00fcn\u0259 m\u0259ruz qoymaqla h\u0259d\u0259l\u0259dil\u0259r\u201d - MEYDAN.TV","isPartOf":{"@id":"https:\/\/www.meydan.tv\/az\/#website"},"primaryImageOfPage":{"@id":"https:\/\/www.meydan.tv\/az\/article\/fazil-qasimov-meni-dustaqlarin-cinsi-tecavuzune-meruz-qoymaqla-hedelediler\/#primaryimage"},"image":{"@id":"https:\/\/www.meydan.tv\/az\/article\/fazil-qasimov-meni-dustaqlarin-cinsi-tecavuzune-meruz-qoymaqla-hedelediler\/#primaryimage"},"thumbnailUrl":"https:\/\/www.meydan.tv\/wp-content\/uploads\/untitled-design-176.jpg","datePublished":"2024-08-15T18:22:26+00:00","dateModified":"2024-08-15T18:22:27+00:00","breadcrumb":{"@id":"https:\/\/www.meydan.tv\/az\/article\/fazil-qasimov-meni-dustaqlarin-cinsi-tecavuzune-meruz-qoymaqla-hedelediler\/#breadcrumb"},"inLanguage":"az","potentialAction":[{"@type":"ReadAction","target":["https:\/\/www.meydan.tv\/az\/article\/fazil-qasimov-meni-dustaqlarin-cinsi-tecavuzune-meruz-qoymaqla-hedelediler\/"]}]},{"@type":"ImageObject","inLanguage":"az","@id":"https:\/\/www.meydan.tv\/az\/article\/fazil-qasimov-meni-dustaqlarin-cinsi-tecavuzune-meruz-qoymaqla-hedelediler\/#primaryimage","url":"https:\/\/www.meydan.tv\/wp-content\/uploads\/untitled-design-176.jpg","contentUrl":"https:\/\/www.meydan.tv\/wp-content\/uploads\/untitled-design-176.jpg","width":1200,"height":800,"caption":"Fazil Qas\u0131mov. Foto: Fazil Qas\u0131movun \u015f\u0259xsi arxivind\u0259n"},{"@type":"BreadcrumbList","@id":"https:\/\/www.meydan.tv\/az\/article\/fazil-qasimov-meni-dustaqlarin-cinsi-tecavuzune-meruz-qoymaqla-hedelediler\/#breadcrumb","itemListElement":[{"@type":"ListItem","position":1,"name":"Ana s\u0259hif\u0259","item":"https:\/\/www.meydan.tv\/az\/"},{"@type":"ListItem","position":2,"name":"X\u0259b\u0259rl\u0259r","item":"https:\/\/www.meydan.tv\/az\/section\/xeberler\/"},{"@type":"ListItem","position":3,"name":"Fazil Qas\u0131mov: \u201cM\u0259ni dustaqlar\u0131n cinsi t\u0259cav\u00fcz\u00fcn\u0259 m\u0259ruz qoymaqla h\u0259d\u0259l\u0259dil\u0259r\u201d"}]},{"@type":"WebSite","@id":"https:\/\/www.meydan.tv\/az\/#website","url":"https:\/\/www.meydan.tv\/az\/","name":"MEYDAN.TV","description":"Meydan TV Az\u0259rbaycan\u0131n media m\u0259kan\u0131ndak\u0131 alternativ s\u0259sidir","publisher":{"@id":"https:\/\/www.meydan.tv\/az\/#organization"},"potentialAction":[{"@type":"SearchAction","target":{"@type":"EntryPoint","urlTemplate":"https:\/\/www.meydan.tv\/az\/?s={search_term_string}"},"query-input":{"@type":"PropertyValueSpecification","valueRequired":true,"valueName":"search_term_string"}}],"inLanguage":"az"},{"@type":"Organization","@id":"https:\/\/www.meydan.tv\/az\/#organization","name":"Meydan TV","url":"https:\/\/www.meydan.tv\/az\/","logo":{"@type":"ImageObject","inLanguage":"az","@id":"https:\/\/www.meydan.tv\/az\/#\/schema\/logo\/image\/","url":"https:\/\/www.meydan.tv\/wp-content\/uploads\/2021\/07\/meydan-logo.svg","contentUrl":"https:\/\/www.meydan.tv\/wp-content\/uploads\/2021\/07\/meydan-logo.svg","width":195,"height":46,"caption":"Meydan TV"},"image":{"@id":"https:\/\/www.meydan.tv\/az\/#\/schema\/logo\/image\/"}},{"@type":"Person","@id":"https:\/\/www.meydan.tv\/az\/#\/schema\/person\/476e9360e593fa131d5d71d51866f8da","name":"aleks"}]}},"_links":{"self":[{"href":"https:\/\/www.meydan.tv\/az\/wp-json\/wp\/v2\/posts\/313097","targetHints":{"allow":["GET"]}}],"collection":[{"href":"https:\/\/www.meydan.tv\/az\/wp-json\/wp\/v2\/posts"}],"about":[{"href":"https:\/\/www.meydan.tv\/az\/wp-json\/wp\/v2\/types\/post"}],"author":[{"embeddable":true,"href":"https:\/\/www.meydan.tv\/az\/wp-json\/wp\/v2\/users\/12"}],"replies":[{"embeddable":true,"href":"https:\/\/www.meydan.tv\/az\/wp-json\/wp\/v2\/comments?post=313097"}],"version-history":[{"count":1,"href":"https:\/\/www.meydan.tv\/az\/wp-json\/wp\/v2\/posts\/313097\/revisions"}],"predecessor-version":[{"id":313098,"href":"https:\/\/www.meydan.tv\/az\/wp-json\/wp\/v2\/posts\/313097\/revisions\/313098"}],"wp:featuredmedia":[{"embeddable":true,"href":"https:\/\/www.meydan.tv\/az\/wp-json\/wp\/v2\/media\/281728"}],"wp:attachment":[{"href":"https:\/\/www.meydan.tv\/az\/wp-json\/wp\/v2\/media?parent=313097"}],"wp:term":[{"taxonomy":"category","embeddable":true,"href":"https:\/\/www.meydan.tv\/az\/wp-json\/wp\/v2\/categories?post=313097"},{"taxonomy":"post_tag","embeddable":true,"href":"https:\/\/www.meydan.tv\/az\/wp-json\/wp\/v2\/tags?post=313097"}],"curies":[{"name":"wp","href":"https:\/\/api.w.org\/{rel}","templated":true}]}}