{"id":313015,"date":"2024-08-14T17:29:10","date_gmt":"2024-08-14T13:29:10","guid":{"rendered":"https:\/\/www.meydan.tv\/?p=313015"},"modified":"2024-08-14T17:29:12","modified_gmt":"2024-08-14T13:29:12","slug":"son-iki-ilde-15-milyondan-cox-rusiyali-ve-ukraynali-azerbaycana-gelib","status":"publish","type":"post","link":"https:\/\/www.meydan.tv\/az\/article\/son-iki-ilde-15-milyondan-cox-rusiyali-ve-ukraynali-azerbaycana-gelib\/","title":{"rendered":"Son iki ild\u0259 1,5 milyondan \u00e7ox rusiyal\u0131 v\u0259 ukraynal\u0131 Az\u0259rbaycana g\u0259lib"},"content":{"rendered":"\n<p><\/p>\n\n\n\n<p><strong>\u00d6lk\u0259y\u0259 g\u0259l\u0259n Rusiya v\u0259t\u0259nda\u015flar\u0131 statistikada \u00e7oxluq t\u0259\u015fkil edir<\/strong><\/p>\n\n\n\n<p>Rusiyan\u0131n Ukrayanada ba\u015flad\u0131\u011f\u0131 h\u0259rbi \u0259m\u0259liyyatlar fonunda Az\u0259rbaycana h\u0259r iki \u00f6lk\u0259d\u0259n \u00fcmumilikd\u0259 1 milyon 535 min 889 n\u0259f\u0259r v\u0259t\u0259nda\u015f g\u0259lib.<\/p>\n\n\n\n<p>D\u00f6vl\u0259t Statistika Komit\u0259sinin m\u0259lumat\u0131na g\u00f6r\u0259, bu r\u0259q\u0259m 2022-ci ilin mart ay\u0131ndan 2024-c\u00fc ilin iyul ay\u0131nad\u0259k olan zaman\u0131 \u0259hat\u0259 <a href=\"https:\/\/report.az\/xarici-siyaset\/muharibe-baslayandan-beri-bir-milyon-yarimdan-cox-rusiya-ve-ukrayna-vetendasi-azerbaycana-gelib\/\">edir<\/a>.<\/p>\n\n\n\n<p>2022-ci ilin mart-dekabr aylar\u0131nda Rusiyadan 397 min 5 n\u0259f\u0259r, Ukraynadan is\u0259 24 min 609 n\u0259f\u0259r \u00f6lk\u0259y\u0259 daxil olub.<\/p>\n\n\n\n<p>\u00d6t\u0259n il \u0259rzind\u0259 is\u0259 Rusiyadan Az\u0259rbaycana g\u0259l\u0259nl\u0259rin say\u0131nda k\u0259skin art\u0131m m\u00fc\u015fahid\u0259 olunub. Bel\u0259 ki, \u00f6lk\u0259y\u0259 g\u0259l\u0259n Rusiya v\u0259t\u0259nda\u015flar\u0131n\u0131n say\u0131 200 mind\u0259n \u00e7ox artaraq 624 min 753 n\u0259f\u0259r\u0259 \u00e7at\u0131b.<\/p>\n\n\n\n<p>\u00d6t\u0259n il 31 min 267 Ukrayna v\u0259t\u0259nda\u015f\u0131 da Az\u0259rbaycana daxil olub.<\/p>\n\n\n\n<p>2024-c\u00fc ilin yanvar-iyul aylar\u0131nda 438 min 66 n\u0259f\u0259r Rusiya, 20 min 189 Ukrayna v\u0259t\u0259nda\u015f\u0131 da Az\u0259rbaycana giri\u015f edib.<\/p>\n\n\n\n<p>Rusiya il\u0259 Ukrayna aras\u0131nda m\u00fcharib\u0259 2022-ci il fevral\u0131n 24-d\u0259 ba\u015flay\u0131b.<\/p>\n","protected":false},"excerpt":{"rendered":"<p>\u00d6lk\u0259y\u0259 g\u0259l\u0259n Rusiya v\u0259t\u0259nda\u015flar\u0131 statistikada \u00e7oxluq t\u0259\u015fkil edir Rusiyan\u0131n Ukrayanada &#8230; <\/p>\n<p class=\"read-more-container\"><a title=\"Son iki ild\u0259 1,5 milyondan \u00e7ox rusiyal\u0131 v\u0259 ukraynal\u0131 Az\u0259rbaycana g\u0259lib\" class=\"read-more button\" href=\"https:\/\/www.meydan.tv\/az\/article\/son-iki-ilde-15-milyondan-cox-rusiyali-ve-ukraynali-azerbaycana-gelib\/#more-313015\" aria-label=\"Read more about Son iki ild\u0259 1,5 milyondan \u00e7ox rusiyal\u0131 v\u0259 ukraynal\u0131 Az\u0259rbaycana g\u0259lib\">Davam\u0131<\/a><\/p>\n","protected":false},"author":8,"featured_media":238605,"comment_status":"closed","ping_status":"closed","sticky":false,"template":"","format":"standard","meta":{"_acf_changed":false,"_sitemap_exclude":false,"_sitemap_priority":"","_sitemap_frequency":"","footnotes":""},"categories":[59,79,56],"tags":[],"class_list":["post-313015","post","type-post","status-publish","format-standard","has-post-thumbnail","hentry","category-siyaset","category-featured","category-xeberler","infinite-scroll-item","generate-columns","tablet-grid-50","mobile-grid-100","grid-parent","grid-33","no-featured-image-padding"],"acf":[],"yoast_head":"<!-- This site is optimized with the Yoast SEO plugin v27.4 - https:\/\/yoast.com\/product\/yoast-seo-wordpress\/ -->\n<title>Son iki ild\u0259 1,5 milyondan \u00e7ox rusiyal\u0131 v\u0259 ukraynal\u0131 Az\u0259rbaycana g\u0259lib - MEYDAN.TV<\/title>\n<meta name=\"description\" content=\"2024-c\u00fc ilin yanvar-iyul aylar\u0131nda 438 min 66 n\u0259f\u0259r Rusiya, 20 min 189 Ukrayna v\u0259t\u0259nda\u015f\u0131 da Az\u0259rbaycana giri\u015f edib.\" \/>\n<meta name=\"robots\" content=\"index, follow, max-snippet:-1, max-image-preview:large, max-video-preview:-1\" \/>\n<link rel=\"canonical\" href=\"https:\/\/www.meydan.tv\/az\/article\/son-iki-ilde-15-milyondan-cox-rusiyali-ve-ukraynali-azerbaycana-gelib\/\" \/>\n<meta property=\"og:locale\" content=\"az_AZ\" \/>\n<meta property=\"og:type\" content=\"article\" \/>\n<meta property=\"og:title\" content=\"Son iki ild\u0259 1,5 milyondan \u00e7ox rusiyal\u0131 v\u0259 ukraynal\u0131 Az\u0259rbaycana g\u0259lib - MEYDAN.TV\" \/>\n<meta property=\"og:description\" content=\"2024-c\u00fc ilin yanvar-iyul aylar\u0131nda 438 min 66 n\u0259f\u0259r Rusiya, 20 min 189 Ukrayna v\u0259t\u0259nda\u015f\u0131 da Az\u0259rbaycana giri\u015f edib.\" \/>\n<meta property=\"og:url\" content=\"https:\/\/www.meydan.tv\/az\/article\/son-iki-ilde-15-milyondan-cox-rusiyali-ve-ukraynali-azerbaycana-gelib\/\" \/>\n<meta property=\"og:site_name\" content=\"MEYDAN.TV\" \/>\n<meta property=\"article:published_time\" content=\"2024-08-14T13:29:10+00:00\" \/>\n<meta property=\"article:modified_time\" content=\"2024-08-14T13:29:12+00:00\" \/>\n<meta property=\"og:image\" content=\"https:\/\/www.meydan.tv\/wp-content\/uploads\/shutterstock_2131279401.jpg\" \/>\n\t<meta property=\"og:image:width\" content=\"1200\" \/>\n\t<meta property=\"og:image:height\" content=\"800\" \/>\n\t<meta property=\"og:image:type\" content=\"image\/jpeg\" \/>\n<meta name=\"author\" content=\"elli\" \/>\n<meta name=\"twitter:card\" content=\"summary_large_image\" \/>\n<meta name=\"twitter:creator\" content=\"@elli\" \/>\n<script type=\"application\/ld+json\" class=\"yoast-schema-graph\">{\"@context\":\"https:\\\/\\\/schema.org\",\"@graph\":[{\"@type\":\"Article\",\"@id\":\"https:\\\/\\\/www.meydan.tv\\\/az\\\/article\\\/son-iki-ilde-15-milyondan-cox-rusiyali-ve-ukraynali-azerbaycana-gelib\\\/#article\",\"isPartOf\":{\"@id\":\"https:\\\/\\\/www.meydan.tv\\\/az\\\/article\\\/son-iki-ilde-15-milyondan-cox-rusiyali-ve-ukraynali-azerbaycana-gelib\\\/\"},\"author\":{\"name\":\"elli\",\"@id\":\"https:\\\/\\\/www.meydan.tv\\\/az\\\/#\\\/schema\\\/person\\\/9cdbecf90d17180ce1dfbd95b08dcf47\"},\"headline\":\"Son iki ild\u0259 1,5 milyondan \u00e7ox rusiyal\u0131 v\u0259 ukraynal\u0131 Az\u0259rbaycana g\u0259lib\",\"datePublished\":\"2024-08-14T13:29:10+00:00\",\"dateModified\":\"2024-08-14T13:29:12+00:00\",\"mainEntityOfPage\":{\"@id\":\"https:\\\/\\\/www.meydan.tv\\\/az\\\/article\\\/son-iki-ilde-15-milyondan-cox-rusiyali-ve-ukraynali-azerbaycana-gelib\\\/\"},\"wordCount\":200,\"publisher\":{\"@id\":\"https:\\\/\\\/www.meydan.tv\\\/az\\\/#organization\"},\"image\":{\"@id\":\"https:\\\/\\\/www.meydan.tv\\\/az\\\/article\\\/son-iki-ilde-15-milyondan-cox-rusiyali-ve-ukraynali-azerbaycana-gelib\\\/#primaryimage\"},\"thumbnailUrl\":\"https:\\\/\\\/www.meydan.tv\\\/wp-content\\\/uploads\\\/shutterstock_2131279401.jpg\",\"articleSection\":[\"Siyas\u0259t\",\"T\u00f6vsiy\u0259\",\"X\u0259b\u0259rl\u0259r\"],\"inLanguage\":\"az\"},{\"@type\":\"WebPage\",\"@id\":\"https:\\\/\\\/www.meydan.tv\\\/az\\\/article\\\/son-iki-ilde-15-milyondan-cox-rusiyali-ve-ukraynali-azerbaycana-gelib\\\/\",\"url\":\"https:\\\/\\\/www.meydan.tv\\\/az\\\/article\\\/son-iki-ilde-15-milyondan-cox-rusiyali-ve-ukraynali-azerbaycana-gelib\\\/\",\"name\":\"Son iki ild\u0259 1,5 milyondan \u00e7ox rusiyal\u0131 v\u0259 ukraynal\u0131 Az\u0259rbaycana g\u0259lib - MEYDAN.TV\",\"isPartOf\":{\"@id\":\"https:\\\/\\\/www.meydan.tv\\\/az\\\/#website\"},\"primaryImageOfPage\":{\"@id\":\"https:\\\/\\\/www.meydan.tv\\\/az\\\/article\\\/son-iki-ilde-15-milyondan-cox-rusiyali-ve-ukraynali-azerbaycana-gelib\\\/#primaryimage\"},\"image\":{\"@id\":\"https:\\\/\\\/www.meydan.tv\\\/az\\\/article\\\/son-iki-ilde-15-milyondan-cox-rusiyali-ve-ukraynali-azerbaycana-gelib\\\/#primaryimage\"},\"thumbnailUrl\":\"https:\\\/\\\/www.meydan.tv\\\/wp-content\\\/uploads\\\/shutterstock_2131279401.jpg\",\"datePublished\":\"2024-08-14T13:29:10+00:00\",\"dateModified\":\"2024-08-14T13:29:12+00:00\",\"description\":\"2024-c\u00fc ilin yanvar-iyul aylar\u0131nda 438 min 66 n\u0259f\u0259r Rusiya, 20 min 189 Ukrayna v\u0259t\u0259nda\u015f\u0131 da Az\u0259rbaycana giri\u015f edib.\",\"breadcrumb\":{\"@id\":\"https:\\\/\\\/www.meydan.tv\\\/az\\\/article\\\/son-iki-ilde-15-milyondan-cox-rusiyali-ve-ukraynali-azerbaycana-gelib\\\/#breadcrumb\"},\"inLanguage\":\"az\",\"potentialAction\":[{\"@type\":\"ReadAction\",\"target\":[\"https:\\\/\\\/www.meydan.tv\\\/az\\\/article\\\/son-iki-ilde-15-milyondan-cox-rusiyali-ve-ukraynali-azerbaycana-gelib\\\/\"]}]},{\"@type\":\"ImageObject\",\"inLanguage\":\"az\",\"@id\":\"https:\\\/\\\/www.meydan.tv\\\/az\\\/article\\\/son-iki-ilde-15-milyondan-cox-rusiyali-ve-ukraynali-azerbaycana-gelib\\\/#primaryimage\",\"url\":\"https:\\\/\\\/www.meydan.tv\\\/wp-content\\\/uploads\\\/shutterstock_2131279401.jpg\",\"contentUrl\":\"https:\\\/\\\/www.meydan.tv\\\/wp-content\\\/uploads\\\/shutterstock_2131279401.jpg\",\"width\":1200,\"height\":800,\"caption\":\"Ukraynal\u0131 qa\u00e7q\u0131nlar. Foto: Yanosh Nemesh\\\/shutterstock\"},{\"@type\":\"BreadcrumbList\",\"@id\":\"https:\\\/\\\/www.meydan.tv\\\/az\\\/article\\\/son-iki-ilde-15-milyondan-cox-rusiyali-ve-ukraynali-azerbaycana-gelib\\\/#breadcrumb\",\"itemListElement\":[{\"@type\":\"ListItem\",\"position\":1,\"name\":\"Ana s\u0259hif\u0259\",\"item\":\"https:\\\/\\\/www.meydan.tv\\\/az\\\/\"},{\"@type\":\"ListItem\",\"position\":2,\"name\":\"Siyas\u0259t\",\"item\":\"https:\\\/\\\/www.meydan.tv\\\/az\\\/section\\\/siyaset\\\/\"},{\"@type\":\"ListItem\",\"position\":3,\"name\":\"Son iki ild\u0259 1,5 milyondan \u00e7ox rusiyal\u0131 v\u0259 ukraynal\u0131 Az\u0259rbaycana g\u0259lib\"}]},{\"@type\":\"WebSite\",\"@id\":\"https:\\\/\\\/www.meydan.tv\\\/az\\\/#website\",\"url\":\"https:\\\/\\\/www.meydan.tv\\\/az\\\/\",\"name\":\"MEYDAN.TV\",\"description\":\"Meydan TV Az\u0259rbaycan\u0131n media m\u0259kan\u0131ndak\u0131 alternativ s\u0259sidir\",\"publisher\":{\"@id\":\"https:\\\/\\\/www.meydan.tv\\\/az\\\/#organization\"},\"potentialAction\":[{\"@type\":\"SearchAction\",\"target\":{\"@type\":\"EntryPoint\",\"urlTemplate\":\"https:\\\/\\\/www.meydan.tv\\\/az\\\/?s={search_term_string}\"},\"query-input\":{\"@type\":\"PropertyValueSpecification\",\"valueRequired\":true,\"valueName\":\"search_term_string\"}}],\"inLanguage\":\"az\"},{\"@type\":\"Organization\",\"@id\":\"https:\\\/\\\/www.meydan.tv\\\/az\\\/#organization\",\"name\":\"Meydan TV\",\"url\":\"https:\\\/\\\/www.meydan.tv\\\/az\\\/\",\"logo\":{\"@type\":\"ImageObject\",\"inLanguage\":\"az\",\"@id\":\"https:\\\/\\\/www.meydan.tv\\\/az\\\/#\\\/schema\\\/logo\\\/image\\\/\",\"url\":\"https:\\\/\\\/www.meydan.tv\\\/wp-content\\\/uploads\\\/2021\\\/07\\\/meydan-logo.svg\",\"contentUrl\":\"https:\\\/\\\/www.meydan.tv\\\/wp-content\\\/uploads\\\/2021\\\/07\\\/meydan-logo.svg\",\"width\":195,\"height\":46,\"caption\":\"Meydan TV\"},\"image\":{\"@id\":\"https:\\\/\\\/www.meydan.tv\\\/az\\\/#\\\/schema\\\/logo\\\/image\\\/\"}},{\"@type\":\"Person\",\"@id\":\"https:\\\/\\\/www.meydan.tv\\\/az\\\/#\\\/schema\\\/person\\\/9cdbecf90d17180ce1dfbd95b08dcf47\",\"name\":\"elli\",\"sameAs\":[\"https:\\\/\\\/x.com\\\/elli\"]}]}<\/script>\n<!-- \/ Yoast SEO plugin. -->","yoast_head_json":{"title":"Son iki ild\u0259 1,5 milyondan \u00e7ox rusiyal\u0131 v\u0259 ukraynal\u0131 Az\u0259rbaycana g\u0259lib - MEYDAN.TV","description":"2024-c\u00fc ilin yanvar-iyul aylar\u0131nda 438 min 66 n\u0259f\u0259r Rusiya, 20 min 189 Ukrayna v\u0259t\u0259nda\u015f\u0131 da Az\u0259rbaycana giri\u015f edib.","robots":{"index":"index","follow":"follow","max-snippet":"max-snippet:-1","max-image-preview":"max-image-preview:large","max-video-preview":"max-video-preview:-1"},"canonical":"https:\/\/www.meydan.tv\/az\/article\/son-iki-ilde-15-milyondan-cox-rusiyali-ve-ukraynali-azerbaycana-gelib\/","og_locale":"az_AZ","og_type":"article","og_title":"Son iki ild\u0259 1,5 milyondan \u00e7ox rusiyal\u0131 v\u0259 ukraynal\u0131 Az\u0259rbaycana g\u0259lib - MEYDAN.TV","og_description":"2024-c\u00fc ilin yanvar-iyul aylar\u0131nda 438 min 66 n\u0259f\u0259r Rusiya, 20 min 189 Ukrayna v\u0259t\u0259nda\u015f\u0131 da Az\u0259rbaycana giri\u015f edib.","og_url":"https:\/\/www.meydan.tv\/az\/article\/son-iki-ilde-15-milyondan-cox-rusiyali-ve-ukraynali-azerbaycana-gelib\/","og_site_name":"MEYDAN.TV","article_published_time":"2024-08-14T13:29:10+00:00","article_modified_time":"2024-08-14T13:29:12+00:00","og_image":[{"width":1200,"height":800,"url":"https:\/\/www.meydan.tv\/wp-content\/uploads\/shutterstock_2131279401.jpg","type":"image\/jpeg"}],"author":"elli","twitter_card":"summary_large_image","twitter_creator":"@elli","schema":{"@context":"https:\/\/schema.org","@graph":[{"@type":"Article","@id":"https:\/\/www.meydan.tv\/az\/article\/son-iki-ilde-15-milyondan-cox-rusiyali-ve-ukraynali-azerbaycana-gelib\/#article","isPartOf":{"@id":"https:\/\/www.meydan.tv\/az\/article\/son-iki-ilde-15-milyondan-cox-rusiyali-ve-ukraynali-azerbaycana-gelib\/"},"author":{"name":"elli","@id":"https:\/\/www.meydan.tv\/az\/#\/schema\/person\/9cdbecf90d17180ce1dfbd95b08dcf47"},"headline":"Son iki ild\u0259 1,5 milyondan \u00e7ox rusiyal\u0131 v\u0259 ukraynal\u0131 Az\u0259rbaycana g\u0259lib","datePublished":"2024-08-14T13:29:10+00:00","dateModified":"2024-08-14T13:29:12+00:00","mainEntityOfPage":{"@id":"https:\/\/www.meydan.tv\/az\/article\/son-iki-ilde-15-milyondan-cox-rusiyali-ve-ukraynali-azerbaycana-gelib\/"},"wordCount":200,"publisher":{"@id":"https:\/\/www.meydan.tv\/az\/#organization"},"image":{"@id":"https:\/\/www.meydan.tv\/az\/article\/son-iki-ilde-15-milyondan-cox-rusiyali-ve-ukraynali-azerbaycana-gelib\/#primaryimage"},"thumbnailUrl":"https:\/\/www.meydan.tv\/wp-content\/uploads\/shutterstock_2131279401.jpg","articleSection":["Siyas\u0259t","T\u00f6vsiy\u0259","X\u0259b\u0259rl\u0259r"],"inLanguage":"az"},{"@type":"WebPage","@id":"https:\/\/www.meydan.tv\/az\/article\/son-iki-ilde-15-milyondan-cox-rusiyali-ve-ukraynali-azerbaycana-gelib\/","url":"https:\/\/www.meydan.tv\/az\/article\/son-iki-ilde-15-milyondan-cox-rusiyali-ve-ukraynali-azerbaycana-gelib\/","name":"Son iki ild\u0259 1,5 milyondan \u00e7ox rusiyal\u0131 v\u0259 ukraynal\u0131 Az\u0259rbaycana g\u0259lib - MEYDAN.TV","isPartOf":{"@id":"https:\/\/www.meydan.tv\/az\/#website"},"primaryImageOfPage":{"@id":"https:\/\/www.meydan.tv\/az\/article\/son-iki-ilde-15-milyondan-cox-rusiyali-ve-ukraynali-azerbaycana-gelib\/#primaryimage"},"image":{"@id":"https:\/\/www.meydan.tv\/az\/article\/son-iki-ilde-15-milyondan-cox-rusiyali-ve-ukraynali-azerbaycana-gelib\/#primaryimage"},"thumbnailUrl":"https:\/\/www.meydan.tv\/wp-content\/uploads\/shutterstock_2131279401.jpg","datePublished":"2024-08-14T13:29:10+00:00","dateModified":"2024-08-14T13:29:12+00:00","description":"2024-c\u00fc ilin yanvar-iyul aylar\u0131nda 438 min 66 n\u0259f\u0259r Rusiya, 20 min 189 Ukrayna v\u0259t\u0259nda\u015f\u0131 da Az\u0259rbaycana giri\u015f edib.","breadcrumb":{"@id":"https:\/\/www.meydan.tv\/az\/article\/son-iki-ilde-15-milyondan-cox-rusiyali-ve-ukraynali-azerbaycana-gelib\/#breadcrumb"},"inLanguage":"az","potentialAction":[{"@type":"ReadAction","target":["https:\/\/www.meydan.tv\/az\/article\/son-iki-ilde-15-milyondan-cox-rusiyali-ve-ukraynali-azerbaycana-gelib\/"]}]},{"@type":"ImageObject","inLanguage":"az","@id":"https:\/\/www.meydan.tv\/az\/article\/son-iki-ilde-15-milyondan-cox-rusiyali-ve-ukraynali-azerbaycana-gelib\/#primaryimage","url":"https:\/\/www.meydan.tv\/wp-content\/uploads\/shutterstock_2131279401.jpg","contentUrl":"https:\/\/www.meydan.tv\/wp-content\/uploads\/shutterstock_2131279401.jpg","width":1200,"height":800,"caption":"Ukraynal\u0131 qa\u00e7q\u0131nlar. Foto: Yanosh Nemesh\/shutterstock"},{"@type":"BreadcrumbList","@id":"https:\/\/www.meydan.tv\/az\/article\/son-iki-ilde-15-milyondan-cox-rusiyali-ve-ukraynali-azerbaycana-gelib\/#breadcrumb","itemListElement":[{"@type":"ListItem","position":1,"name":"Ana s\u0259hif\u0259","item":"https:\/\/www.meydan.tv\/az\/"},{"@type":"ListItem","position":2,"name":"Siyas\u0259t","item":"https:\/\/www.meydan.tv\/az\/section\/siyaset\/"},{"@type":"ListItem","position":3,"name":"Son iki ild\u0259 1,5 milyondan \u00e7ox rusiyal\u0131 v\u0259 ukraynal\u0131 Az\u0259rbaycana g\u0259lib"}]},{"@type":"WebSite","@id":"https:\/\/www.meydan.tv\/az\/#website","url":"https:\/\/www.meydan.tv\/az\/","name":"MEYDAN.TV","description":"Meydan TV Az\u0259rbaycan\u0131n media m\u0259kan\u0131ndak\u0131 alternativ s\u0259sidir","publisher":{"@id":"https:\/\/www.meydan.tv\/az\/#organization"},"potentialAction":[{"@type":"SearchAction","target":{"@type":"EntryPoint","urlTemplate":"https:\/\/www.meydan.tv\/az\/?s={search_term_string}"},"query-input":{"@type":"PropertyValueSpecification","valueRequired":true,"valueName":"search_term_string"}}],"inLanguage":"az"},{"@type":"Organization","@id":"https:\/\/www.meydan.tv\/az\/#organization","name":"Meydan TV","url":"https:\/\/www.meydan.tv\/az\/","logo":{"@type":"ImageObject","inLanguage":"az","@id":"https:\/\/www.meydan.tv\/az\/#\/schema\/logo\/image\/","url":"https:\/\/www.meydan.tv\/wp-content\/uploads\/2021\/07\/meydan-logo.svg","contentUrl":"https:\/\/www.meydan.tv\/wp-content\/uploads\/2021\/07\/meydan-logo.svg","width":195,"height":46,"caption":"Meydan TV"},"image":{"@id":"https:\/\/www.meydan.tv\/az\/#\/schema\/logo\/image\/"}},{"@type":"Person","@id":"https:\/\/www.meydan.tv\/az\/#\/schema\/person\/9cdbecf90d17180ce1dfbd95b08dcf47","name":"elli","sameAs":["https:\/\/x.com\/elli"]}]}},"_links":{"self":[{"href":"https:\/\/www.meydan.tv\/az\/wp-json\/wp\/v2\/posts\/313015","targetHints":{"allow":["GET"]}}],"collection":[{"href":"https:\/\/www.meydan.tv\/az\/wp-json\/wp\/v2\/posts"}],"about":[{"href":"https:\/\/www.meydan.tv\/az\/wp-json\/wp\/v2\/types\/post"}],"author":[{"embeddable":true,"href":"https:\/\/www.meydan.tv\/az\/wp-json\/wp\/v2\/users\/8"}],"replies":[{"embeddable":true,"href":"https:\/\/www.meydan.tv\/az\/wp-json\/wp\/v2\/comments?post=313015"}],"version-history":[{"count":1,"href":"https:\/\/www.meydan.tv\/az\/wp-json\/wp\/v2\/posts\/313015\/revisions"}],"predecessor-version":[{"id":313016,"href":"https:\/\/www.meydan.tv\/az\/wp-json\/wp\/v2\/posts\/313015\/revisions\/313016"}],"wp:featuredmedia":[{"embeddable":true,"href":"https:\/\/www.meydan.tv\/az\/wp-json\/wp\/v2\/media\/238605"}],"wp:attachment":[{"href":"https:\/\/www.meydan.tv\/az\/wp-json\/wp\/v2\/media?parent=313015"}],"wp:term":[{"taxonomy":"category","embeddable":true,"href":"https:\/\/www.meydan.tv\/az\/wp-json\/wp\/v2\/categories?post=313015"},{"taxonomy":"post_tag","embeddable":true,"href":"https:\/\/www.meydan.tv\/az\/wp-json\/wp\/v2\/tags?post=313015"}],"curies":[{"name":"wp","href":"https:\/\/api.w.org\/{rel}","templated":true}]}}