{"id":313002,"date":"2024-08-14T15:34:47","date_gmt":"2024-08-14T11:34:47","guid":{"rendered":"https:\/\/www.meydan.tv\/?p=313002"},"modified":"2024-08-14T15:34:49","modified_gmt":"2024-08-14T11:34:49","slug":"azerbaycanda-397-min-420-nefere-prezident-teqaudu-verilir","status":"publish","type":"post","link":"https:\/\/www.meydan.tv\/az\/article\/azerbaycanda-397-min-420-nefere-prezident-teqaudu-verilir\/","title":{"rendered":"Az\u0259rbaycanda 397 min 420 n\u0259f\u0259r\u0259 Prezident t\u0259qa\u00fcd\u00fc verilir"},"content":{"rendered":"\n<p><\/p>\n\n\n\n<p><strong><em>R\u0259q\u0259mi D\u00f6vl\u0259t Statistika Komit\u0259si a\u00e7\u0131qlay\u0131b<\/em><\/strong><\/p>\n\n\n\n<p>Az\u0259rbaycanda Prezident t\u0259qa\u00fcd\u00fc alanlar\u0131n say\u0131 a\u00e7\u0131qlan\u0131b.<\/p>\n\n\n\n<p>D\u00f6vl\u0259t Statistika Komit\u0259sinin hesabat\u0131nda qeyd olunub ki, 2024-c\u00fc il iyulun 1-n\u0259 olan hesablamalara g\u00f6r\u0259, haz\u0131rda Az\u0259rbaycanda 397 min 420 n\u0259f\u0259r\u0259 Prezident t\u0259qa\u00fcd\u00fc verilir.<\/p>\n\n\n\n<p>253 n\u0259f\u0259r \u201cXalq\u201d, 4560 n\u0259f\u0259r is\u0259 \u201c\u018fm\u0259kdar\u201d f\u0259xri ad\u0131na g\u00f6r\u0259 t\u0259qa\u00fcd al\u0131r.<\/p>\n\n\n\n<p>\u00d6lk\u0259d\u0259 333 n\u0259f\u0259r\u0259 f\u0259rdi t\u0259qa\u00fcd, 18 min 493 n\u0259f\u0259r\u0259 is\u0259 \u015f\u0259hid ail\u0259si t\u0259qa\u00fcd\u00fc verilir.<\/p>\n\n\n\n<p>\u201cV\u0259t\u0259n M\u00fcharib\u0259si Q\u0259hr\u0259man\u0131\u201d ad\u0131na g\u00f6r\u0259 m\u00fcvafiq t\u0259qa\u00fcd alanlar\u0131n say\u0131 (h\u0259min \u015f\u0259xsl\u0259r, onlar\u0131n dul arvadlar\u0131 v\u0259 18 ya\u015f\u0131na \u00e7atmam\u0131\u015f u\u015faqlar\u0131) 180 n\u0259f\u0259r, \u201cAz\u0259rbaycan\u0131n Milli Q\u0259hr\u0259man\u0131\u201d ad\u0131na g\u00f6r\u0259 (h\u0259min \u015f\u0259xsl\u0259r, onlar\u0131n dul arvadlar\u0131 v\u0259 18 ya\u015f\u0131na \u00e7atmam\u0131\u015f u\u015faqlar\u0131) 177 n\u0259f\u0259rdir.<\/p>\n\n\n\n<p>1941-1945-ci ill\u0259r \u0130kinci D\u00fcnya m\u00fcharib\u0259si i\u015ftirak\u00e7\u0131s\u0131 olan 21 n\u0259f\u0259r\u0259 d\u0259 Prezident t\u0259qa\u00fcd\u00fc verilir.<\/p>\n\n\n\n<p>1990-c\u0131 ilin 20 Yanvar hadis\u0259l\u0259ri il\u0259 \u0259laq\u0259dar \u0259lilliyi olan 231 n\u0259f\u0259r, \u018ffqan\u0131standa sovet qo\u015funlar\u0131n\u0131n t\u0259rkibind\u0259 h\u0259lak olan, itkin d\u00fc\u015fm\u00fc\u015f v\u0259 m\u0259hk\u0259m\u0259 qaydas\u0131nda \u00f6lm\u00fc\u015f elan edil\u0259n h\u0259rbi qulluq\u00e7ular\u0131n ail\u0259l\u0259rind\u0259n 31 n\u0259f\u0259r Prezident t\u0259qa\u00fcd\u00fc al\u0131r.<\/p>\n\n\n\n<p>M\u00fcharib\u0259 il\u0259 \u0259laq\u0259dar \u0259lilliyi olan 19 858 n\u0259f\u0259r Prezident t\u0259qa\u00fcd\u00fc al\u0131r. Onlardan 14 526 n\u0259f\u0259ri Az\u0259rbaycan\u0131n \u0259razi b\u00fct\u00f6vl\u00fcy\u00fcn\u00fcn, m\u00fcst\u0259qilliyinin v\u0259 konstitusiya qurulu\u015funun m\u00fcdafi\u0259si il\u0259 \u0259laq\u0259dar \u0259lilliyi olan \u015f\u0259xsl\u0259rdir.<\/p>\n\n\n\n<p>2819 n\u0259f\u0259r h\u0259rbi xidm\u0259t v\u0259zif\u0259l\u0259rini yerin\u0259 yetirm\u0259kl\u0259 \u0259laq\u0259dar \u0259lilliyi olan, 2513-\u00fc is\u0259 \u00c7ernob\u0131l Atom Elektrik Stansiyas\u0131nda h\u0259rbi xidm\u0259t v\u0259zif\u0259l\u0259rini yerin\u0259 yetirm\u0259kl\u0259 \u0259laq\u0259dar \u0259lilliyi olan \u015f\u0259xsl\u0259rdir.<\/p>\n\n\n\n<p>Az\u0259rbaycan\u0131n \u0259razi b\u00fct\u00f6vl\u00fcy\u00fc u\u011frunda d\u00f6y\u00fc\u015f \u0259m\u0259liyyatlar\u0131nda i\u015ftirak etmi\u015f 180 354 n\u0259f\u0259r, ba\u015fqa \u00f6lk\u0259l\u0259rin \u0259razisind\u0259 ged\u0259n m\u0259h\u0259lli m\u00fcharib\u0259l\u0259rind\u0259 v\u0259 h\u0259rbi m\u00fcnaqi\u015f\u0259l\u0259rd\u0259 h\u0259rbi birl\u0259\u015fm\u0259l\u0259rin t\u0259rkibind\u0259 i\u015ftirak etmi\u015f \u015f\u0259xsl\u0259r v\u0259 ke\u00e7mi\u015f SSR\u0130 silahl\u0131 q\u00fcvv\u0259l\u0259rinin, D\u00f6vl\u0259t T\u0259hl\u00fck\u0259sizliyi Komit\u0259sinin, Daxili \u0130\u015fl\u0259r Nazirliyinin m\u00fct\u0259x\u0259ssisl\u0259ri v\u0259 m\u00fc\u015favirl\u0259ri olan 3 740 n\u0259f\u0259r Prezident t\u0259qa\u00fcd\u00fc al\u0131r.<\/p>\n\n\n\n<p>Komit\u0259nin m\u0259lumat\u0131nda qeyd edilib ki, \u00fcmumi s\u0259b\u0259bl\u0259rd\u0259n orqanizmin funksiyalar\u0131n\u0131n 81-100 faiz pozulmas\u0131na g\u00f6r\u0259 \u0259lilliyi m\u00fc\u0259yy\u0259n edilmi\u015f 52 227 n\u0259f\u0259r, g\u00f6zd\u0259n \u0259lilliyi m\u00fc\u0259yy\u0259n edilmi\u015f 13 188 n\u0259f\u0259r d\u0259 h\u0259m\u00e7inin t\u0259qa\u00fcd al\u0131r.<\/p>\n\n\n\n<p>18 ya\u015f\u0131nad\u0259k \u0259lilliyi m\u00fc\u0259yy\u0259n edilmi\u015f \u015f\u0259xsl\u0259r\u0259 qulluq ed\u0259n 44 061 n\u0259f\u0259r d\u0259 bu t\u0259qa\u00fcd\u00fc al\u0131r.<\/p>\n\n\n\n<p>Elml\u0259r doktoru elmi d\u0259r\u0259c\u0259si olan 229 n\u0259f\u0259r, f\u0259ls\u0259f\u0259 doktoru elmi d\u0259r\u0259c\u0259si olan 1522 n\u0259f\u0259r d\u0259 Prezident t\u0259qa\u00fcd\u00fc al\u0131r.<\/p>\n","protected":false},"excerpt":{"rendered":"<p>R\u0259q\u0259mi D\u00f6vl\u0259t Statistika Komit\u0259si a\u00e7\u0131qlay\u0131b Az\u0259rbaycanda Prezident t\u0259qa\u00fcd\u00fc alanlar\u0131n say\u0131 &#8230; <\/p>\n<p class=\"read-more-container\"><a title=\"Az\u0259rbaycanda 397 min 420 n\u0259f\u0259r\u0259 Prezident t\u0259qa\u00fcd\u00fc verilir\" class=\"read-more button\" href=\"https:\/\/www.meydan.tv\/az\/article\/azerbaycanda-397-min-420-nefere-prezident-teqaudu-verilir\/#more-313002\" aria-label=\"Read more about Az\u0259rbaycanda 397 min 420 n\u0259f\u0259r\u0259 Prezident t\u0259qa\u00fcd\u00fc verilir\">Davam\u0131<\/a><\/p>\n","protected":false},"author":8,"featured_media":123079,"comment_status":"closed","ping_status":"closed","sticky":false,"template":"","format":"standard","meta":{"_acf_changed":false,"_sitemap_exclude":false,"_sitemap_priority":"","_sitemap_frequency":"","footnotes":""},"categories":[62,56],"tags":[],"class_list":["post-313002","post","type-post","status-publish","format-standard","has-post-thumbnail","hentry","category-sosial","category-xeberler","infinite-scroll-item","generate-columns","tablet-grid-50","mobile-grid-100","grid-parent","grid-33","no-featured-image-padding"],"acf":[],"yoast_head":"<!-- This site is optimized with the Yoast SEO plugin v27.5 - https:\/\/yoast.com\/product\/yoast-seo-wordpress\/ -->\n<title>Az\u0259rbaycanda 397 min 420 n\u0259f\u0259r\u0259 Prezident t\u0259qa\u00fcd\u00fc verilir - MEYDAN.TV<\/title>\n<meta name=\"description\" content=\"M\u00fcharib\u0259 il\u0259 \u0259laq\u0259dar \u0259lilliyi olan 19 858 n\u0259f\u0259r Prezident t\u0259qa\u00fcd\u00fc al\u0131r.\" \/>\n<meta name=\"robots\" content=\"index, follow, max-snippet:-1, max-image-preview:large, max-video-preview:-1\" \/>\n<link rel=\"canonical\" href=\"https:\/\/www.meydan.tv\/az\/article\/azerbaycanda-397-min-420-nefere-prezident-teqaudu-verilir\/\" \/>\n<meta property=\"og:locale\" content=\"az_AZ\" \/>\n<meta property=\"og:type\" content=\"article\" \/>\n<meta property=\"og:title\" content=\"Az\u0259rbaycanda 397 min 420 n\u0259f\u0259r\u0259 Prezident t\u0259qa\u00fcd\u00fc verilir - MEYDAN.TV\" \/>\n<meta property=\"og:description\" content=\"M\u00fcharib\u0259 il\u0259 \u0259laq\u0259dar \u0259lilliyi olan 19 858 n\u0259f\u0259r Prezident t\u0259qa\u00fcd\u00fc al\u0131r.\" \/>\n<meta property=\"og:url\" content=\"https:\/\/www.meydan.tv\/az\/article\/azerbaycanda-397-min-420-nefere-prezident-teqaudu-verilir\/\" \/>\n<meta property=\"og:site_name\" content=\"MEYDAN.TV\" \/>\n<meta property=\"article:published_time\" content=\"2024-08-14T11:34:47+00:00\" \/>\n<meta property=\"article:modified_time\" content=\"2024-08-14T11:34:49+00:00\" \/>\n<meta property=\"og:image\" content=\"https:\/\/www.meydan.tv\/wp-content\/uploads\/684432_521812.jpg\" \/>\n\t<meta property=\"og:image:width\" content=\"1108\" \/>\n\t<meta property=\"og:image:height\" content=\"480\" \/>\n\t<meta property=\"og:image:type\" content=\"image\/jpeg\" \/>\n<meta name=\"author\" content=\"elli\" \/>\n<meta name=\"twitter:card\" content=\"summary_large_image\" \/>\n<meta name=\"twitter:creator\" content=\"@elli\" \/>\n<script type=\"application\/ld+json\" class=\"yoast-schema-graph\">{\"@context\":\"https:\\\/\\\/schema.org\",\"@graph\":[{\"@type\":\"Article\",\"@id\":\"https:\\\/\\\/www.meydan.tv\\\/az\\\/article\\\/azerbaycanda-397-min-420-nefere-prezident-teqaudu-verilir\\\/#article\",\"isPartOf\":{\"@id\":\"https:\\\/\\\/www.meydan.tv\\\/az\\\/article\\\/azerbaycanda-397-min-420-nefere-prezident-teqaudu-verilir\\\/\"},\"author\":{\"name\":\"elli\",\"@id\":\"https:\\\/\\\/www.meydan.tv\\\/az\\\/#\\\/schema\\\/person\\\/9cdbecf90d17180ce1dfbd95b08dcf47\"},\"headline\":\"Az\u0259rbaycanda 397 min 420 n\u0259f\u0259r\u0259 Prezident t\u0259qa\u00fcd\u00fc verilir\",\"datePublished\":\"2024-08-14T11:34:47+00:00\",\"dateModified\":\"2024-08-14T11:34:49+00:00\",\"mainEntityOfPage\":{\"@id\":\"https:\\\/\\\/www.meydan.tv\\\/az\\\/article\\\/azerbaycanda-397-min-420-nefere-prezident-teqaudu-verilir\\\/\"},\"wordCount\":550,\"publisher\":{\"@id\":\"https:\\\/\\\/www.meydan.tv\\\/az\\\/#organization\"},\"image\":{\"@id\":\"https:\\\/\\\/www.meydan.tv\\\/az\\\/article\\\/azerbaycanda-397-min-420-nefere-prezident-teqaudu-verilir\\\/#primaryimage\"},\"thumbnailUrl\":\"https:\\\/\\\/www.meydan.tv\\\/wp-content\\\/uploads\\\/684432_521812.jpg\",\"articleSection\":[\"Sosial\",\"X\u0259b\u0259rl\u0259r\"],\"inLanguage\":\"az\"},{\"@type\":\"WebPage\",\"@id\":\"https:\\\/\\\/www.meydan.tv\\\/az\\\/article\\\/azerbaycanda-397-min-420-nefere-prezident-teqaudu-verilir\\\/\",\"url\":\"https:\\\/\\\/www.meydan.tv\\\/az\\\/article\\\/azerbaycanda-397-min-420-nefere-prezident-teqaudu-verilir\\\/\",\"name\":\"Az\u0259rbaycanda 397 min 420 n\u0259f\u0259r\u0259 Prezident t\u0259qa\u00fcd\u00fc verilir - MEYDAN.TV\",\"isPartOf\":{\"@id\":\"https:\\\/\\\/www.meydan.tv\\\/az\\\/#website\"},\"primaryImageOfPage\":{\"@id\":\"https:\\\/\\\/www.meydan.tv\\\/az\\\/article\\\/azerbaycanda-397-min-420-nefere-prezident-teqaudu-verilir\\\/#primaryimage\"},\"image\":{\"@id\":\"https:\\\/\\\/www.meydan.tv\\\/az\\\/article\\\/azerbaycanda-397-min-420-nefere-prezident-teqaudu-verilir\\\/#primaryimage\"},\"thumbnailUrl\":\"https:\\\/\\\/www.meydan.tv\\\/wp-content\\\/uploads\\\/684432_521812.jpg\",\"datePublished\":\"2024-08-14T11:34:47+00:00\",\"dateModified\":\"2024-08-14T11:34:49+00:00\",\"description\":\"M\u00fcharib\u0259 il\u0259 \u0259laq\u0259dar \u0259lilliyi olan 19 858 n\u0259f\u0259r Prezident t\u0259qa\u00fcd\u00fc al\u0131r.\",\"breadcrumb\":{\"@id\":\"https:\\\/\\\/www.meydan.tv\\\/az\\\/article\\\/azerbaycanda-397-min-420-nefere-prezident-teqaudu-verilir\\\/#breadcrumb\"},\"inLanguage\":\"az\",\"potentialAction\":[{\"@type\":\"ReadAction\",\"target\":[\"https:\\\/\\\/www.meydan.tv\\\/az\\\/article\\\/azerbaycanda-397-min-420-nefere-prezident-teqaudu-verilir\\\/\"]}]},{\"@type\":\"ImageObject\",\"inLanguage\":\"az\",\"@id\":\"https:\\\/\\\/www.meydan.tv\\\/az\\\/article\\\/azerbaycanda-397-min-420-nefere-prezident-teqaudu-verilir\\\/#primaryimage\",\"url\":\"https:\\\/\\\/www.meydan.tv\\\/wp-content\\\/uploads\\\/684432_521812.jpg\",\"contentUrl\":\"https:\\\/\\\/www.meydan.tv\\\/wp-content\\\/uploads\\\/684432_521812.jpg\",\"width\":1108,\"height\":480,\"caption\":\"Foto: Meydan TV\"},{\"@type\":\"BreadcrumbList\",\"@id\":\"https:\\\/\\\/www.meydan.tv\\\/az\\\/article\\\/azerbaycanda-397-min-420-nefere-prezident-teqaudu-verilir\\\/#breadcrumb\",\"itemListElement\":[{\"@type\":\"ListItem\",\"position\":1,\"name\":\"Ana s\u0259hif\u0259\",\"item\":\"https:\\\/\\\/www.meydan.tv\\\/az\\\/\"},{\"@type\":\"ListItem\",\"position\":2,\"name\":\"Sosial\",\"item\":\"https:\\\/\\\/www.meydan.tv\\\/az\\\/section\\\/sosial\\\/\"},{\"@type\":\"ListItem\",\"position\":3,\"name\":\"Az\u0259rbaycanda 397 min 420 n\u0259f\u0259r\u0259 Prezident t\u0259qa\u00fcd\u00fc verilir\"}]},{\"@type\":\"WebSite\",\"@id\":\"https:\\\/\\\/www.meydan.tv\\\/az\\\/#website\",\"url\":\"https:\\\/\\\/www.meydan.tv\\\/az\\\/\",\"name\":\"MEYDAN.TV\",\"description\":\"Meydan TV Az\u0259rbaycan\u0131n media m\u0259kan\u0131ndak\u0131 alternativ s\u0259sidir\",\"publisher\":{\"@id\":\"https:\\\/\\\/www.meydan.tv\\\/az\\\/#organization\"},\"potentialAction\":[{\"@type\":\"SearchAction\",\"target\":{\"@type\":\"EntryPoint\",\"urlTemplate\":\"https:\\\/\\\/www.meydan.tv\\\/az\\\/?s={search_term_string}\"},\"query-input\":{\"@type\":\"PropertyValueSpecification\",\"valueRequired\":true,\"valueName\":\"search_term_string\"}}],\"inLanguage\":\"az\"},{\"@type\":\"Organization\",\"@id\":\"https:\\\/\\\/www.meydan.tv\\\/az\\\/#organization\",\"name\":\"Meydan TV\",\"url\":\"https:\\\/\\\/www.meydan.tv\\\/az\\\/\",\"logo\":{\"@type\":\"ImageObject\",\"inLanguage\":\"az\",\"@id\":\"https:\\\/\\\/www.meydan.tv\\\/az\\\/#\\\/schema\\\/logo\\\/image\\\/\",\"url\":\"https:\\\/\\\/www.meydan.tv\\\/wp-content\\\/uploads\\\/2021\\\/07\\\/meydan-logo.svg\",\"contentUrl\":\"https:\\\/\\\/www.meydan.tv\\\/wp-content\\\/uploads\\\/2021\\\/07\\\/meydan-logo.svg\",\"width\":195,\"height\":46,\"caption\":\"Meydan TV\"},\"image\":{\"@id\":\"https:\\\/\\\/www.meydan.tv\\\/az\\\/#\\\/schema\\\/logo\\\/image\\\/\"}},{\"@type\":\"Person\",\"@id\":\"https:\\\/\\\/www.meydan.tv\\\/az\\\/#\\\/schema\\\/person\\\/9cdbecf90d17180ce1dfbd95b08dcf47\",\"name\":\"elli\",\"sameAs\":[\"https:\\\/\\\/x.com\\\/elli\"]}]}<\/script>\n<!-- \/ Yoast SEO plugin. -->","yoast_head_json":{"title":"Az\u0259rbaycanda 397 min 420 n\u0259f\u0259r\u0259 Prezident t\u0259qa\u00fcd\u00fc verilir - MEYDAN.TV","description":"M\u00fcharib\u0259 il\u0259 \u0259laq\u0259dar \u0259lilliyi olan 19 858 n\u0259f\u0259r Prezident t\u0259qa\u00fcd\u00fc al\u0131r.","robots":{"index":"index","follow":"follow","max-snippet":"max-snippet:-1","max-image-preview":"max-image-preview:large","max-video-preview":"max-video-preview:-1"},"canonical":"https:\/\/www.meydan.tv\/az\/article\/azerbaycanda-397-min-420-nefere-prezident-teqaudu-verilir\/","og_locale":"az_AZ","og_type":"article","og_title":"Az\u0259rbaycanda 397 min 420 n\u0259f\u0259r\u0259 Prezident t\u0259qa\u00fcd\u00fc verilir - MEYDAN.TV","og_description":"M\u00fcharib\u0259 il\u0259 \u0259laq\u0259dar \u0259lilliyi olan 19 858 n\u0259f\u0259r Prezident t\u0259qa\u00fcd\u00fc al\u0131r.","og_url":"https:\/\/www.meydan.tv\/az\/article\/azerbaycanda-397-min-420-nefere-prezident-teqaudu-verilir\/","og_site_name":"MEYDAN.TV","article_published_time":"2024-08-14T11:34:47+00:00","article_modified_time":"2024-08-14T11:34:49+00:00","og_image":[{"width":1108,"height":480,"url":"https:\/\/www.meydan.tv\/wp-content\/uploads\/684432_521812.jpg","type":"image\/jpeg"}],"author":"elli","twitter_card":"summary_large_image","twitter_creator":"@elli","schema":{"@context":"https:\/\/schema.org","@graph":[{"@type":"Article","@id":"https:\/\/www.meydan.tv\/az\/article\/azerbaycanda-397-min-420-nefere-prezident-teqaudu-verilir\/#article","isPartOf":{"@id":"https:\/\/www.meydan.tv\/az\/article\/azerbaycanda-397-min-420-nefere-prezident-teqaudu-verilir\/"},"author":{"name":"elli","@id":"https:\/\/www.meydan.tv\/az\/#\/schema\/person\/9cdbecf90d17180ce1dfbd95b08dcf47"},"headline":"Az\u0259rbaycanda 397 min 420 n\u0259f\u0259r\u0259 Prezident t\u0259qa\u00fcd\u00fc verilir","datePublished":"2024-08-14T11:34:47+00:00","dateModified":"2024-08-14T11:34:49+00:00","mainEntityOfPage":{"@id":"https:\/\/www.meydan.tv\/az\/article\/azerbaycanda-397-min-420-nefere-prezident-teqaudu-verilir\/"},"wordCount":550,"publisher":{"@id":"https:\/\/www.meydan.tv\/az\/#organization"},"image":{"@id":"https:\/\/www.meydan.tv\/az\/article\/azerbaycanda-397-min-420-nefere-prezident-teqaudu-verilir\/#primaryimage"},"thumbnailUrl":"https:\/\/www.meydan.tv\/wp-content\/uploads\/684432_521812.jpg","articleSection":["Sosial","X\u0259b\u0259rl\u0259r"],"inLanguage":"az"},{"@type":"WebPage","@id":"https:\/\/www.meydan.tv\/az\/article\/azerbaycanda-397-min-420-nefere-prezident-teqaudu-verilir\/","url":"https:\/\/www.meydan.tv\/az\/article\/azerbaycanda-397-min-420-nefere-prezident-teqaudu-verilir\/","name":"Az\u0259rbaycanda 397 min 420 n\u0259f\u0259r\u0259 Prezident t\u0259qa\u00fcd\u00fc verilir - MEYDAN.TV","isPartOf":{"@id":"https:\/\/www.meydan.tv\/az\/#website"},"primaryImageOfPage":{"@id":"https:\/\/www.meydan.tv\/az\/article\/azerbaycanda-397-min-420-nefere-prezident-teqaudu-verilir\/#primaryimage"},"image":{"@id":"https:\/\/www.meydan.tv\/az\/article\/azerbaycanda-397-min-420-nefere-prezident-teqaudu-verilir\/#primaryimage"},"thumbnailUrl":"https:\/\/www.meydan.tv\/wp-content\/uploads\/684432_521812.jpg","datePublished":"2024-08-14T11:34:47+00:00","dateModified":"2024-08-14T11:34:49+00:00","description":"M\u00fcharib\u0259 il\u0259 \u0259laq\u0259dar \u0259lilliyi olan 19 858 n\u0259f\u0259r Prezident t\u0259qa\u00fcd\u00fc al\u0131r.","breadcrumb":{"@id":"https:\/\/www.meydan.tv\/az\/article\/azerbaycanda-397-min-420-nefere-prezident-teqaudu-verilir\/#breadcrumb"},"inLanguage":"az","potentialAction":[{"@type":"ReadAction","target":["https:\/\/www.meydan.tv\/az\/article\/azerbaycanda-397-min-420-nefere-prezident-teqaudu-verilir\/"]}]},{"@type":"ImageObject","inLanguage":"az","@id":"https:\/\/www.meydan.tv\/az\/article\/azerbaycanda-397-min-420-nefere-prezident-teqaudu-verilir\/#primaryimage","url":"https:\/\/www.meydan.tv\/wp-content\/uploads\/684432_521812.jpg","contentUrl":"https:\/\/www.meydan.tv\/wp-content\/uploads\/684432_521812.jpg","width":1108,"height":480,"caption":"Foto: Meydan TV"},{"@type":"BreadcrumbList","@id":"https:\/\/www.meydan.tv\/az\/article\/azerbaycanda-397-min-420-nefere-prezident-teqaudu-verilir\/#breadcrumb","itemListElement":[{"@type":"ListItem","position":1,"name":"Ana s\u0259hif\u0259","item":"https:\/\/www.meydan.tv\/az\/"},{"@type":"ListItem","position":2,"name":"Sosial","item":"https:\/\/www.meydan.tv\/az\/section\/sosial\/"},{"@type":"ListItem","position":3,"name":"Az\u0259rbaycanda 397 min 420 n\u0259f\u0259r\u0259 Prezident t\u0259qa\u00fcd\u00fc verilir"}]},{"@type":"WebSite","@id":"https:\/\/www.meydan.tv\/az\/#website","url":"https:\/\/www.meydan.tv\/az\/","name":"MEYDAN.TV","description":"Meydan TV Az\u0259rbaycan\u0131n media m\u0259kan\u0131ndak\u0131 alternativ s\u0259sidir","publisher":{"@id":"https:\/\/www.meydan.tv\/az\/#organization"},"potentialAction":[{"@type":"SearchAction","target":{"@type":"EntryPoint","urlTemplate":"https:\/\/www.meydan.tv\/az\/?s={search_term_string}"},"query-input":{"@type":"PropertyValueSpecification","valueRequired":true,"valueName":"search_term_string"}}],"inLanguage":"az"},{"@type":"Organization","@id":"https:\/\/www.meydan.tv\/az\/#organization","name":"Meydan TV","url":"https:\/\/www.meydan.tv\/az\/","logo":{"@type":"ImageObject","inLanguage":"az","@id":"https:\/\/www.meydan.tv\/az\/#\/schema\/logo\/image\/","url":"https:\/\/www.meydan.tv\/wp-content\/uploads\/2021\/07\/meydan-logo.svg","contentUrl":"https:\/\/www.meydan.tv\/wp-content\/uploads\/2021\/07\/meydan-logo.svg","width":195,"height":46,"caption":"Meydan TV"},"image":{"@id":"https:\/\/www.meydan.tv\/az\/#\/schema\/logo\/image\/"}},{"@type":"Person","@id":"https:\/\/www.meydan.tv\/az\/#\/schema\/person\/9cdbecf90d17180ce1dfbd95b08dcf47","name":"elli","sameAs":["https:\/\/x.com\/elli"]}]}},"_links":{"self":[{"href":"https:\/\/www.meydan.tv\/az\/wp-json\/wp\/v2\/posts\/313002","targetHints":{"allow":["GET"]}}],"collection":[{"href":"https:\/\/www.meydan.tv\/az\/wp-json\/wp\/v2\/posts"}],"about":[{"href":"https:\/\/www.meydan.tv\/az\/wp-json\/wp\/v2\/types\/post"}],"author":[{"embeddable":true,"href":"https:\/\/www.meydan.tv\/az\/wp-json\/wp\/v2\/users\/8"}],"replies":[{"embeddable":true,"href":"https:\/\/www.meydan.tv\/az\/wp-json\/wp\/v2\/comments?post=313002"}],"version-history":[{"count":1,"href":"https:\/\/www.meydan.tv\/az\/wp-json\/wp\/v2\/posts\/313002\/revisions"}],"predecessor-version":[{"id":313003,"href":"https:\/\/www.meydan.tv\/az\/wp-json\/wp\/v2\/posts\/313002\/revisions\/313003"}],"wp:featuredmedia":[{"embeddable":true,"href":"https:\/\/www.meydan.tv\/az\/wp-json\/wp\/v2\/media\/123079"}],"wp:attachment":[{"href":"https:\/\/www.meydan.tv\/az\/wp-json\/wp\/v2\/media?parent=313002"}],"wp:term":[{"taxonomy":"category","embeddable":true,"href":"https:\/\/www.meydan.tv\/az\/wp-json\/wp\/v2\/categories?post=313002"},{"taxonomy":"post_tag","embeddable":true,"href":"https:\/\/www.meydan.tv\/az\/wp-json\/wp\/v2\/tags?post=313002"}],"curies":[{"name":"wp","href":"https:\/\/api.w.org\/{rel}","templated":true}]}}