{"id":312919,"date":"2024-08-13T14:56:03","date_gmt":"2024-08-13T10:56:03","guid":{"rendered":"https:\/\/www.meydan.tv\/?p=312919"},"modified":"2024-08-13T15:10:12","modified_gmt":"2024-08-13T11:10:12","slug":"azerbaycan-anlayir-ki-zengezur-dehlizini-elde-ede-bilmeyecek","status":"publish","type":"post","link":"https:\/\/www.meydan.tv\/az\/article\/azerbaycan-anlayir-ki-zengezur-dehlizini-elde-ede-bilmeyecek\/","title":{"rendered":"&#8220;Az\u0259rbaycan anlay\u0131r ki, Z\u0259ng\u0259zur d\u0259hlizini \u0259ld\u0259 ed\u0259 bilm\u0259y\u0259c\u0259k&#8221;"},"content":{"rendered":"\n<figure class=\"wp-block-embed is-type-video is-provider-youtube wp-block-embed-youtube wp-embed-aspect-16-9 wp-has-aspect-ratio\"><div class=\"wp-block-embed__wrapper\">\n<iframe loading=\"lazy\" title=\"&quot;Az\u0259rbaycan anlay\u0131r ki, Z\u0259ng\u0259zur D\u0259hlizini \u0259ld\u0259 ed\u0259 bilm\u0259y\u0259c\u0259k&quot;\" width=\"1200\" height=\"675\" src=\"https:\/\/www.youtube.com\/embed\/-oy59DWp_uA?feature=oembed\" frameborder=\"0\" allow=\"accelerometer; autoplay; clipboard-write; encrypted-media; gyroscope; picture-in-picture; web-share\" referrerpolicy=\"strict-origin-when-cross-origin\" allowfullscreen><\/iframe>\n<\/div><\/figure>\n\n\n\n<!--more-->\n\n\n\n<p class=\"wp-block-paragraph\">\u0130lham \u018fliyev \u00e7\u0131x\u0131\u015flar\u0131nda &#8220;Z\u0259ng\u0259zur d\u0259hlizi&#8221; adland\u0131r\u0131lan layih\u0259nin art\u0131q reall\u0131\u011fa \u00e7evrildiyini vur\u011fulam\u0131\u015f v\u0259 bildirmi\u015fdi ki, bu reall\u0131q al\u0131nmad\u0131\u011f\u0131 t\u0259qdird\u0259 dig\u0259r n\u0259qliyyat kommunikasiyalar\u0131 da a\u00e7\u0131lmayacaq. Bir ne\u00e7\u0259 g\u00fcn \u0259vv\u0259l m\u0259lum oldu ki, n\u0259qliyyat- kommunikasiyaya dair madd\u0259 qar\u015f\u0131l\u0131ql\u0131 raz\u0131la\u015fma \u0259sas\u0131nda s\u00fclh m\u00fcqavil\u0259si layih\u0259sind\u0259n \u00e7\u0131xar\u0131l\u0131b.<\/p>\n\n\n\n<p class=\"wp-block-paragraph\">&#8220;Az\u0259rbaycan anlay\u0131r ki, Z\u0259ng\u0259zur d\u0259hlizini \u0259ld\u0259 ed\u0259 bilm\u0259y\u0259c\u0259k. Bu m\u0259s\u0259l\u0259d\u0259 Erm\u0259nistana Q\u0259rbd\u0259n d\u0259st\u0259k xeyli b\u00f6y\u00fck oldu. Bunun fonunda Az\u0259rbaycan bu d\u0259hlizd\u0259n \u00f6tr\u00fc h\u0259rbi \u0259m\u0259liyyatlara ba\u015flasa, bu, art\u0131q ba\u015fqa \u00f6lk\u0259nin s\u00fcverenliyini pozmaq hesab edil\u0259c\u0259kdi. Bu da Az\u0259rbaycan\u0131n beyn\u0259lxalq t\u0259zyiql\u0259r\u0259 tu\u015f g\u0259lm\u0259sin\u0259 g\u0259tirib \u00e7\u0131xarard\u0131&#8221;.<\/p>\n","protected":false},"excerpt":{"rendered":"","protected":false},"author":12,"featured_media":312920,"comment_status":"closed","ping_status":"closed","sticky":false,"template":"","format":"standard","meta":{"_acf_changed":false,"_sitemap_exclude":false,"_sitemap_priority":"","_sitemap_frequency":"","footnotes":""},"categories":[59,63],"tags":[],"class_list":["post-312919","post","type-post","status-publish","format-standard","has-post-thumbnail","hentry","category-siyaset","category-video-2","infinite-scroll-item","generate-columns","tablet-grid-50","mobile-grid-100","grid-parent","grid-33","no-featured-image-padding"],"acf":[],"yoast_head":"<!-- This site is optimized with the Yoast SEO plugin v28.4 - https:\/\/yoast.com\/product\/yoast-seo-wordpress\/ -->\n<title>&quot;Az\u0259rbaycan anlay\u0131r ki, Z\u0259ng\u0259zur d\u0259hlizini \u0259ld\u0259 ed\u0259 bilm\u0259y\u0259c\u0259k&quot; - MEYDAN.TV<\/title>\n<meta name=\"robots\" content=\"index, follow, max-snippet:-1, max-image-preview:large, max-video-preview:-1\" \/>\n<link rel=\"canonical\" href=\"https:\/\/www.meydan.tv\/az\/article\/azerbaycan-anlayir-ki-zengezur-dehlizini-elde-ede-bilmeyecek\/\" \/>\n<meta property=\"og:locale\" content=\"az_AZ\" \/>\n<meta property=\"og:type\" content=\"article\" \/>\n<meta property=\"og:title\" content=\"&quot;Az\u0259rbaycan anlay\u0131r ki, Z\u0259ng\u0259zur d\u0259hlizini \u0259ld\u0259 ed\u0259 bilm\u0259y\u0259c\u0259k&quot; - MEYDAN.TV\" \/>\n<meta property=\"og:url\" content=\"https:\/\/www.meydan.tv\/az\/article\/azerbaycan-anlayir-ki-zengezur-dehlizini-elde-ede-bilmeyecek\/\" \/>\n<meta property=\"og:site_name\" content=\"MEYDAN.TV\" \/>\n<meta property=\"article:published_time\" content=\"2024-08-13T10:56:03+00:00\" \/>\n<meta property=\"article:modified_time\" content=\"2024-08-13T11:10:12+00:00\" \/>\n<meta property=\"og:image\" content=\"https:\/\/www.meydan.tv\/wp-content\/uploads\/screenshot-2024-08-13-at-12.33.07.png\" \/>\n\t<meta property=\"og:image:width\" content=\"1602\" \/>\n\t<meta property=\"og:image:height\" content=\"788\" \/>\n\t<meta property=\"og:image:type\" content=\"image\/png\" \/>\n<meta name=\"twitter:card\" content=\"summary_large_image\" \/>\n<!-- \/ Yoast SEO plugin. -->","yoast_head_json":{"title":"\"Az\u0259rbaycan anlay\u0131r ki, Z\u0259ng\u0259zur d\u0259hlizini \u0259ld\u0259 ed\u0259 bilm\u0259y\u0259c\u0259k\" - MEYDAN.TV","robots":{"index":"index","follow":"follow","max-snippet":"max-snippet:-1","max-image-preview":"max-image-preview:large","max-video-preview":"max-video-preview:-1"},"canonical":"https:\/\/www.meydan.tv\/az\/article\/azerbaycan-anlayir-ki-zengezur-dehlizini-elde-ede-bilmeyecek\/","og_locale":"az_AZ","og_type":"article","og_title":"\"Az\u0259rbaycan anlay\u0131r ki, Z\u0259ng\u0259zur d\u0259hlizini \u0259ld\u0259 ed\u0259 bilm\u0259y\u0259c\u0259k\" - MEYDAN.TV","og_url":"https:\/\/www.meydan.tv\/az\/article\/azerbaycan-anlayir-ki-zengezur-dehlizini-elde-ede-bilmeyecek\/","og_site_name":"MEYDAN.TV","article_published_time":"2024-08-13T10:56:03+00:00","article_modified_time":"2024-08-13T11:10:12+00:00","og_image":[{"width":1602,"height":788,"url":"https:\/\/www.meydan.tv\/wp-content\/uploads\/screenshot-2024-08-13-at-12.33.07.png","type":"image\/png"}],"twitter_card":"summary_large_image","schema":{"@context":"https:\/\/schema.org","@graph":[{"@type":"Article","@id":"https:\/\/www.meydan.tv\/az\/article\/azerbaycan-anlayir-ki-zengezur-dehlizini-elde-ede-bilmeyecek\/#article","isPartOf":{"@id":"https:\/\/www.meydan.tv\/az\/article\/azerbaycan-anlayir-ki-zengezur-dehlizini-elde-ede-bilmeyecek\/"},"author":{"name":"aleks","@id":"https:\/\/www.meydan.tv\/az\/#\/schema\/person\/476e9360e593fa131d5d71d51866f8da"},"headline":"&#8220;Az\u0259rbaycan anlay\u0131r ki, Z\u0259ng\u0259zur d\u0259hlizini \u0259ld\u0259 ed\u0259 bilm\u0259y\u0259c\u0259k&#8221;","datePublished":"2024-08-13T10:56:03+00:00","dateModified":"2024-08-13T11:10:12+00:00","mainEntityOfPage":{"@id":"https:\/\/www.meydan.tv\/az\/article\/azerbaycan-anlayir-ki-zengezur-dehlizini-elde-ede-bilmeyecek\/"},"wordCount":177,"publisher":{"@id":"https:\/\/www.meydan.tv\/az\/#organization"},"image":{"@id":"https:\/\/www.meydan.tv\/az\/article\/azerbaycan-anlayir-ki-zengezur-dehlizini-elde-ede-bilmeyecek\/#primaryimage"},"thumbnailUrl":"https:\/\/www.meydan.tv\/wp-content\/uploads\/screenshot-2024-08-13-at-12.33.07.png","articleSection":["Siyas\u0259t","Video"],"inLanguage":"az"},{"@type":"WebPage","@id":"https:\/\/www.meydan.tv\/az\/article\/azerbaycan-anlayir-ki-zengezur-dehlizini-elde-ede-bilmeyecek\/","url":"https:\/\/www.meydan.tv\/az\/article\/azerbaycan-anlayir-ki-zengezur-dehlizini-elde-ede-bilmeyecek\/","name":"\"Az\u0259rbaycan anlay\u0131r ki, Z\u0259ng\u0259zur d\u0259hlizini \u0259ld\u0259 ed\u0259 bilm\u0259y\u0259c\u0259k\" - MEYDAN.TV","isPartOf":{"@id":"https:\/\/www.meydan.tv\/az\/#website"},"primaryImageOfPage":{"@id":"https:\/\/www.meydan.tv\/az\/article\/azerbaycan-anlayir-ki-zengezur-dehlizini-elde-ede-bilmeyecek\/#primaryimage"},"image":{"@id":"https:\/\/www.meydan.tv\/az\/article\/azerbaycan-anlayir-ki-zengezur-dehlizini-elde-ede-bilmeyecek\/#primaryimage"},"thumbnailUrl":"https:\/\/www.meydan.tv\/wp-content\/uploads\/screenshot-2024-08-13-at-12.33.07.png","datePublished":"2024-08-13T10:56:03+00:00","dateModified":"2024-08-13T11:10:12+00:00","breadcrumb":{"@id":"https:\/\/www.meydan.tv\/az\/article\/azerbaycan-anlayir-ki-zengezur-dehlizini-elde-ede-bilmeyecek\/#breadcrumb"},"inLanguage":"az","potentialAction":[{"@type":"ReadAction","target":["https:\/\/www.meydan.tv\/az\/article\/azerbaycan-anlayir-ki-zengezur-dehlizini-elde-ede-bilmeyecek\/"]}]},{"@type":"ImageObject","inLanguage":"az","@id":"https:\/\/www.meydan.tv\/az\/article\/azerbaycan-anlayir-ki-zengezur-dehlizini-elde-ede-bilmeyecek\/#primaryimage","url":"https:\/\/www.meydan.tv\/wp-content\/uploads\/screenshot-2024-08-13-at-12.33.07.png","contentUrl":"https:\/\/www.meydan.tv\/wp-content\/uploads\/screenshot-2024-08-13-at-12.33.07.png","width":1602,"height":788},{"@type":"BreadcrumbList","@id":"https:\/\/www.meydan.tv\/az\/article\/azerbaycan-anlayir-ki-zengezur-dehlizini-elde-ede-bilmeyecek\/#breadcrumb","itemListElement":[{"@type":"ListItem","position":1,"name":"Ana s\u0259hif\u0259","item":"https:\/\/www.meydan.tv\/az\/"},{"@type":"ListItem","position":2,"name":"Video","item":"https:\/\/www.meydan.tv\/az\/section\/video-2\/"},{"@type":"ListItem","position":3,"name":"&#8220;Az\u0259rbaycan anlay\u0131r ki, Z\u0259ng\u0259zur d\u0259hlizini \u0259ld\u0259 ed\u0259 bilm\u0259y\u0259c\u0259k&#8221;"}]},{"@type":"WebSite","@id":"https:\/\/www.meydan.tv\/az\/#website","url":"https:\/\/www.meydan.tv\/az\/","name":"MEYDAN.TV","description":"Meydan TV Az\u0259rbaycan\u0131n media m\u0259kan\u0131ndak\u0131 alternativ s\u0259sidir","publisher":{"@id":"https:\/\/www.meydan.tv\/az\/#organization"},"potentialAction":[{"@type":"SearchAction","target":{"@type":"EntryPoint","urlTemplate":"https:\/\/www.meydan.tv\/az\/?s={search_term_string}"},"query-input":{"@type":"PropertyValueSpecification","valueRequired":true,"valueName":"search_term_string"}}],"inLanguage":"az"},{"@type":"Organization","@id":"https:\/\/www.meydan.tv\/az\/#organization","name":"Meydan TV","url":"https:\/\/www.meydan.tv\/az\/","logo":{"@type":"ImageObject","inLanguage":"az","@id":"https:\/\/www.meydan.tv\/az\/#\/schema\/logo\/image\/","url":"https:\/\/www.meydan.tv\/wp-content\/uploads\/2021\/07\/meydan-logo.svg","contentUrl":"https:\/\/www.meydan.tv\/wp-content\/uploads\/2021\/07\/meydan-logo.svg","width":195,"height":46,"caption":"Meydan TV"},"image":{"@id":"https:\/\/www.meydan.tv\/az\/#\/schema\/logo\/image\/"}},{"@type":"Person","@id":"https:\/\/www.meydan.tv\/az\/#\/schema\/person\/476e9360e593fa131d5d71d51866f8da","name":"aleks"}]}},"_links":{"self":[{"href":"https:\/\/www.meydan.tv\/az\/wp-json\/wp\/v2\/posts\/312919","targetHints":{"allow":["GET"]}}],"collection":[{"href":"https:\/\/www.meydan.tv\/az\/wp-json\/wp\/v2\/posts"}],"about":[{"href":"https:\/\/www.meydan.tv\/az\/wp-json\/wp\/v2\/types\/post"}],"author":[{"embeddable":true,"href":"https:\/\/www.meydan.tv\/az\/wp-json\/wp\/v2\/users\/12"}],"replies":[{"embeddable":true,"href":"https:\/\/www.meydan.tv\/az\/wp-json\/wp\/v2\/comments?post=312919"}],"version-history":[{"count":3,"href":"https:\/\/www.meydan.tv\/az\/wp-json\/wp\/v2\/posts\/312919\/revisions"}],"predecessor-version":[{"id":312930,"href":"https:\/\/www.meydan.tv\/az\/wp-json\/wp\/v2\/posts\/312919\/revisions\/312930"}],"wp:featuredmedia":[{"embeddable":true,"href":"https:\/\/www.meydan.tv\/az\/wp-json\/wp\/v2\/media\/312920"}],"wp:attachment":[{"href":"https:\/\/www.meydan.tv\/az\/wp-json\/wp\/v2\/media?parent=312919"}],"wp:term":[{"taxonomy":"category","embeddable":true,"href":"https:\/\/www.meydan.tv\/az\/wp-json\/wp\/v2\/categories?post=312919"},{"taxonomy":"post_tag","embeddable":true,"href":"https:\/\/www.meydan.tv\/az\/wp-json\/wp\/v2\/tags?post=312919"}],"curies":[{"name":"wp","href":"https:\/\/api.w.org\/{rel}","templated":true}]}}