{"id":312881,"date":"2024-08-12T18:42:59","date_gmt":"2024-08-12T14:42:59","guid":{"rendered":"https:\/\/www.meydan.tv\/?p=312881"},"modified":"2024-08-12T19:38:49","modified_gmt":"2024-08-12T15:38:49","slug":"soyudlu-etirazlarinda-plakatlari-hazirlayana-3-il-hebs-cezasi","status":"publish","type":"post","link":"https:\/\/www.meydan.tv\/az\/article\/soyudlu-etirazlarinda-plakatlari-hazirlayana-3-il-hebs-cezasi\/","title":{"rendered":"S\u00f6y\u00fcdl\u00fc etirazlar\u0131nda plakatlar\u0131 haz\u0131rlayana 3 il h\u0259bs c\u0259zas\u0131"},"content":{"rendered":"\n<p><\/p>\n\n\n\n<p><strong><em>&nbsp;\u201cSumkan\u0131 g\u00f6st\u0259rdil\u0259r ki, bu 10 kilonu g\u00f6t\u00fcr\u0259rs\u0259n&#8230;\u201d<\/em><\/strong><\/p>\n\n\n\n<p>G\u0259d\u0259b\u0259y rayonunun S\u00f6y\u00fcdl\u00fc k\u0259ndind\u0259 yerli sakinl\u0259rin ke\u00e7irdiyi etiraz aksiyas\u0131 zaman\u0131 qald\u0131rd\u0131qlar\u0131 plakatlar\u0131 haz\u0131rlayan, aksiyadan bir g\u00fcn sonra narkotik ittiham\u0131yla h\u0259bs olunan Co\u015fqun Musayevin m\u0259hk\u0259m\u0259si yekunla\u015f\u0131b. Bak\u0131 A\u011f\u0131r Cinay\u0259tl\u0259r M\u0259hk\u0259m\u0259sind\u0259 hakim Eldar \u0130smay\u0131lovun s\u0259drliyil\u0259 \u00e7\u0131xar\u0131lan h\u00f6km\u0259 \u0259sas\u0259n, Co\u015fqun Musayev 3 il azadl\u0131qdan m\u0259hrum edilib.<\/p>\n\n\n\n<p>Co\u015fqun Musayev 2023-c\u00fc ilin iyununda tutulandan sonra ona qar\u015f\u0131 Cinay\u0259t M\u0259c\u0259ll\u0259sinin 234.4.3 (sat\u0131\u015f m\u0259qs\u0259dil\u0259 narkotik vasit\u0259l\u0259ri \u0259ld\u0259 etm\u0259 v\u0259 ya saxlama, haz\u0131rlama, da\u015f\u0131ma \u2013 k\u00fclli miqdarda) madd\u0259sil\u0259 ittiham ir\u0259li s\u00fcr\u00fcl\u00fcb.<\/p>\n\n\n\n<p>\u0130ttihama g\u00f6r\u0259, M\u00fct\u0259\u015f\u0259kkil Cinay\u0259tkarl\u0131\u011fa Qar\u015f\u0131 M\u00fcbariz\u0259 \u0130dar\u0259sinin \u0259m\u0259kda\u015f\u0131lar\u0131 \u0259m\u0259liyyat m\u0259lumat\u0131 \u0259sas\u0131nda onu 22-d\u0259 s\u0259h\u0259r saat 10 rad\u0259l\u0259rind\u0259 metronun \u201cN\u0259riman N\u0259rimanov\u201d stansiyas\u0131n\u0131n yax\u0131nl\u0131\u011f\u0131nda \u2013 A\u015f\u0131q Molla C\u00fcm\u0259 k\u00fc\u00e7\u0259sind\u0259 \u015f\u00fcbh\u0259li \u015f\u0259xs qismind\u0259 saxlay\u0131b. Onu idar\u0259y\u0259 g\u0259tirib, \u00fcst\u00fcnd\u0259 axtar\u0131\u015f apar\u0131lark\u0259n \u015falvar\u0131n\u0131n cibind\u0259n 6,4 qram heroin tap\u0131l\u0131b.<\/p>\n\n\n\n<p>Onun haqq\u0131nda cinay\u0259t i\u015fi 2023-c\u00fc ilin noyabr\u0131nda bu ittihamla da Bak\u0131 A\u011f\u0131r Cinay\u0259tl\u0259r M\u0259hk\u0259m\u0259sin\u0259 g\u00f6nd\u0259rilib. Lakin bug\u00fcnl\u0259rd\u0259 m\u0259hk\u0259m\u0259d\u0259 h\u00f6km \u00e7\u0131xar\u0131landa ittiham d\u0259yi\u015fib.<\/p>\n\n\n\n<p>1990-c\u0131 il t\u0259v\u0259ll\u00fcdl\u00fc Co\u015fqun Musayev m\u0259hk\u0259m\u0259d\u0259 bildirib ki, onun h\u0259bsinin s\u0259b\u0259bi S\u00f6y\u00fcdl\u00fcd\u0259ki etirazlar zaman\u0131 qald\u0131r\u0131lan plakatlar\u0131 haz\u0131rlamas\u0131d\u0131r. Buna g\u00f6r\u0259 onu narkotikl\u0259 \u015f\u0259rl\u0259y\u0259r\u0259k c\u0259zaland\u0131r\u0131blar.<\/p>\n\n\n\n<p>Nec\u0259 h\u0259bs olunmas\u0131 haqda ifad\u0259 ver\u0259n k\u0259nd sakini bildirib ki, iyunun 21-d\u0259 G\u0259nc\u0259d\u0259 h\u0259yat yolda\u015f\u0131 il\u0259 birlikd\u0259 \u201cDubay bazar\u0131\u201d adlanan yerd\u0259n in\u015faat mallar\u0131 alanda ona z\u0259ng g\u0259lib. Z\u0259ng ed\u0259n \u015f\u0259xs harada oldu\u011funu soru\u015fub. H\u0259m\u00e7inin bildirib ki, satd\u0131\u011f\u0131 mobil telefonla ba\u011fl\u0131 problem yaran\u0131b, bu m\u0259s\u0259l\u0259 il\u0259 \u0259laq\u0259dar b\u0259zi suallara cavab verm\u0259lidir: <\/p>\n\n\n\n<p><em>\u201cM\u0259n telefonlar\u0131n alq\u0131-satq\u0131s\u0131, t\u0259miri, banerl\u0259rin, plakatlar\u0131n haz\u0131rlanmas\u0131 il\u0259 m\u0259\u015f\u011ful oluram. Z\u0259ng el\u0259y\u0259n \u015f\u0259xs dedi ki, polisdir, satd\u0131\u011f\u0131m telefonla ba\u011fl\u0131 suallar\u0131 var. Yolda\u015f\u0131ma dedim ki, z\u0259ng el\u0259y\u0259n n\u00f6mr\u0259ni \u201cGetcontact\u201d proqram\u0131nda axtars\u0131n. Baxd\u0131, m\u0259lum oldu ki, n\u00f6mr\u0259 telefonlarda \u201cM\u0259h\u0259bb\u0259t DTX\u201d kimi qeyd olunub. Yolda\u015f\u0131ma dedim ki, \u201cs\u0259n ev\u0259 get, ax\u015fama q\u0259d\u0259r g\u0259lm\u0259s\u0259m, 102-y\u0259 x\u0259b\u0259r ver\u201d. Yolda\u015f\u0131mdan ayr\u0131lan kimi bir n\u0259f\u0259r yax\u0131nla\u015fd\u0131, m\u0259ni DTX-n\u0131n G\u0259nc\u0259 \u015f\u00f6b\u0259sin\u0259 apard\u0131lar. Orada S\u00f6y\u00fcdl\u00fcd\u0259ki hadis\u0259l\u0259r haqda sor\u011fu-sual el\u0259dil\u0259r. \u00d6zl\u0259ri dedil\u0259r ki, \u201cplakatlar\u0131 s\u0259n d\u00fcz\u0259ltmis\u0259n\u201d. Dedimn ki, h\u0259, m\u0259n d\u00fcz\u0259ltmi\u015f\u0259m. M\u0259n o k\u0259ndl\u0259 ba\u011fl\u0131 \u00e7ox plakatlar d\u00fcz\u0259ltmi\u015f\u0259m \u2013 \u015f\u0259hidl\u0259rin, q\u0259hr\u0259manlar\u0131n, k\u0259ndin tarixi bar\u0259d\u0259. Bir az saxlayandan sonra dedil\u0259r ki, m\u0259ni Bak\u0131ya aparacaqlar, oradan buraxacaqlar. Ev\u0259 x\u0259b\u0259r verm\u0259k ist\u0259dim, qoymad\u0131lar\u201d.<\/em><\/p>\n\n\n<div class=\"wp-block-image\">\n<figure class=\"aligncenter size-full\"><img decoding=\"async\" width=\"1200\" height=\"673\" data-src=\"https:\/\/www.meydan.tv\/wp-content\/uploads\/img_6817-1200x673-1.jpg\" alt=\"\" class=\"wp-image-312884 lazyload\" src=\"data:image\/svg+xml;base64,PHN2ZyB3aWR0aD0iMSIgaGVpZ2h0PSIxIiB4bWxucz0iaHR0cDovL3d3dy53My5vcmcvMjAwMC9zdmciPjwvc3ZnPg==\" style=\"--smush-placeholder-width: 1200px; --smush-placeholder-aspect-ratio: 1200\/673;\" \/><figcaption class=\"wp-element-caption\">S\u00f6y\u00fcdl\u00fc. Foto: Meydan TV<\/figcaption><\/figure>\n<\/div>\n\n\n<p>Co\u015fqun Musayevin bildirdiyin\u0259 g\u00f6r\u0259, onu Bak\u0131ya \u2013 M\u00fct\u0259\u015f\u0259kkil Cinay\u0259tkarl\u0131\u011fa Qar\u015f\u0131 M\u00fcbariz\u0259 \u0130dar\u0259sin\u0259 g\u0259tiribl\u0259r. \u0130dar\u0259y\u0259 ax\u015fan saat 19-20 rad\u0259l\u0259rind\u0259 \u00e7at\u0131blar. Orada ondan plakatlar\u0131 n\u0259 vaxt, nec\u0259 d\u00fcz\u0259ltdiyini soru\u015fublar. Gec\u0259 idar\u0259d\u0259 saxlayandan sonra s\u0259h\u0259r saat 9 rad\u0259l\u0259rind\u0259 \u201cN\u0259rimanov\u201d park\u0131na g\u0259tiribl\u0259r: <\/p>\n\n\n\n<p><em>\u201cM\u0259n\u0259 dedil\u0259r ki, bir n\u0259f\u0259r adam var, S\u00f6y\u00fcdl\u00fcd\u0259ki etirazlarla \u0259laq\u0259lidir, bax\u0131m g\u00f6r\u00fcm onu tan\u0131yaca\u011fam? M\u0259n parkda skamyada oturdum, baxd\u0131m ki, k\u0259nardan m\u0259ni \u00e7\u0259kirl\u0259r. He\u00e7 n\u0259 ba\u015fa d\u00fc\u015fm\u0259dim. \u0130dar\u0259y\u0259 g\u0259tir\u0259nd\u0259n sonra m\u0259n\u0259 b\u00fck\u00fcm verdil\u0259r ki, boynuna g\u00f6t\u00fcrm\u0259lis\u0259n. \u018flb\u0259tt\u0259 ki, q\u0259bul el\u0259m\u0259dim. He\u00e7 kim el\u0259m\u0259zdi. Dedil\u0259r ki, yax\u015f\u0131. Bir sumka g\u00f6st\u0259rdil\u0259r, dedil\u0259r ki, onda 10 kilonu g\u00f6t\u00fcr\u0259rs\u0259n&#8230;\u201d<\/em>.<\/p>\n\n\n\n<p>Co\u015fqun Musayev deyir ki, onu idar\u0259d\u0259 d\u00f6ym\u0259yibl\u0259r, psixoloji t\u0259zyiql\u0259r, t\u0259hdidl\u0259r alt\u0131nda etiraf ifad\u0259sini imzalama\u011fa m\u0259cbur edibl\u0259r. S\u00f6y\u00fcdl\u00fc etirazlar\u0131na g\u00f6r\u0259 bir ne\u00e7\u0259 ba\u015fqa h\u0259mk\u0259ndlisinin d\u0259 narkotik ittiham\u0131 il\u0259 h\u0259bs edildiyini s\u00f6yl\u0259y\u0259n Co\u015fqun Musayev \u0259lav\u0259 edib ki, h\u0259bsind\u0259n sonra 40 g\u00fcn ail\u0259 \u00fczvl\u0259ril\u0259 dan\u0131\u015fmas\u0131na imkan verilm\u0259yib. Onun iki azya\u015fl\u0131 \u00f6vlad\u0131 var.<\/p>\n\n\n\n<p>Co\u015fqun Musayevin h\u0259yat yolda\u015f\u0131 da m\u0259hk\u0259m\u0259d\u0259 \u0259lav\u0259 \u015fahid qismind\u0259 dindirilib v\u0259 onun G\u0259nc\u0259d\u0259 saxlanmas\u0131 haqda dedikl\u0259rini t\u0259sdiql\u0259yib.<\/p>\n\n\n\n<p>M\u0259hk\u0259m\u0259d\u0259 dindiril\u0259n \u201cbandotdel\u201d \u0259m\u0259kda\u015flar\u0131 is\u0259 iddia edib ki, Co\u015fqun Musayevin narkotikl\u0259rin qanunsuz d\u00f6vriyy\u0259sil\u0259 m\u0259\u015f\u011ful olmas\u0131 bar\u0259d\u0259 onlara \u0259m\u0259liyyat m\u0259lumat\u0131 daxil olmu\u015fdu. H\u0259min m\u0259lumat \u0259sas\u0131nda da onu N\u0259rimanov rayonu \u0259razisind\u0259 &#8211; A\u015f\u0131q Molla C\u00fcm\u0259 k\u00fc\u00e7\u0259sind\u0259 saxlay\u0131blar. \u0130dar\u0259d\u0259 axtar\u0131\u015f vaxt\u0131 \u00fcst\u00fcnd\u0259n \u00fc\u00e7 b\u00fck\u00fcm heroin \u00e7\u0131x\u0131b. Deyib ki, onu 50 manata tan\u0131mad\u0131\u011f\u0131 \u015f\u0259xsd\u0259n al\u0131b.<\/p>\n\n\n\n<p>Co\u015fqun Musayevin i\u015fi \u00fczr\u0259 m\u0259hk\u0259m\u0259 prosesi 8 aydan \u00e7ox davam edib. Eldar \u0130smay\u0131lovun s\u0259drliyil\u0259, Cavid H\u00fcseynov v\u0259 S\u0259buhi H\u00fcseynovdan ibar\u0259t hakiml\u0259r hey\u0259ti bug\u00fcnl\u0259rd\u0259 onun haqq\u0131nda h\u00f6km \u00e7\u0131xar\u0131b. H\u00f6km\u0259 \u0259sas\u0259n, Cinay\u0259t M\u0259c\u0259ll\u0259sinin 234.4.3 madd\u0259sil\u0259 veril\u0259n ittiham d\u0259yi\u015fib. Sat\u0131\u015f m\u0259qs\u0259di \u00e7\u0131xar\u0131laraq, ittiham Cinay\u0259t M\u0259c\u0259ll\u0259sinin 234.1-1 (sat\u0131\u015f m\u0259qs\u0259di olmadan narkotik vasit\u0259l\u0259ri \u0259ld\u0259 etm\u0259 v\u0259 ya saxlama, haz\u0131rlama, da\u015f\u0131ma \u2013 k\u00fclli miqdarda) madd\u0259sin\u0259 t\u00f6vsif olunub. Bu madd\u0259 il\u0259 d\u0259 onun 3 il azadl\u0131qdan m\u0259hrum edilm\u0259si bar\u0259d\u0259 h\u00f6km \u00e7\u0131xar\u0131l\u0131b.<\/p>\n","protected":false},"excerpt":{"rendered":"<p>&nbsp;\u201cSumkan\u0131 g\u00f6st\u0259rdil\u0259r ki, bu 10 kilonu g\u00f6t\u00fcr\u0259rs\u0259n&#8230;\u201d G\u0259d\u0259b\u0259y rayonunun S\u00f6y\u00fcdl\u00fc &#8230; <\/p>\n<p class=\"read-more-container\"><a title=\"S\u00f6y\u00fcdl\u00fc etirazlar\u0131nda plakatlar\u0131 haz\u0131rlayana 3 il h\u0259bs c\u0259zas\u0131\" class=\"read-more button\" href=\"https:\/\/www.meydan.tv\/az\/article\/soyudlu-etirazlarinda-plakatlari-hazirlayana-3-il-hebs-cezasi\/#more-312881\" aria-label=\"Read more about S\u00f6y\u00fcdl\u00fc etirazlar\u0131nda plakatlar\u0131 haz\u0131rlayana 3 il h\u0259bs c\u0259zas\u0131\">Davam\u0131<\/a><\/p>\n","protected":false},"author":8,"featured_media":277953,"comment_status":"closed","ping_status":"closed","sticky":false,"template":"","format":"standard","meta":{"_acf_changed":false,"_sitemap_exclude":false,"_sitemap_priority":"","_sitemap_frequency":"","footnotes":""},"categories":[59,79,56],"tags":[],"class_list":["post-312881","post","type-post","status-publish","format-standard","has-post-thumbnail","hentry","category-siyaset","category-featured","category-xeberler","infinite-scroll-item","generate-columns","tablet-grid-50","mobile-grid-100","grid-parent","grid-33","no-featured-image-padding"],"acf":[],"yoast_head":"<!-- This site is optimized with the Yoast SEO plugin v27.4 - https:\/\/yoast.com\/product\/yoast-seo-wordpress\/ -->\n<title>S\u00f6y\u00fcdl\u00fc etirazlar\u0131nda plakatlar\u0131 haz\u0131rlayana 3 il h\u0259bs c\u0259zas\u0131 - MEYDAN.TV<\/title>\n<meta name=\"robots\" content=\"index, follow, max-snippet:-1, max-image-preview:large, max-video-preview:-1\" \/>\n<link rel=\"canonical\" href=\"https:\/\/www.meydan.tv\/az\/article\/soyudlu-etirazlarinda-plakatlari-hazirlayana-3-il-hebs-cezasi\/\" \/>\n<meta property=\"og:locale\" content=\"az_AZ\" \/>\n<meta property=\"og:type\" content=\"article\" \/>\n<meta property=\"og:title\" content=\"S\u00f6y\u00fcdl\u00fc etirazlar\u0131nda plakatlar\u0131 haz\u0131rlayana 3 il h\u0259bs c\u0259zas\u0131 - MEYDAN.TV\" \/>\n<meta property=\"og:description\" content=\"&nbsp;\u201cSumkan\u0131 g\u00f6st\u0259rdil\u0259r ki, bu 10 kilonu g\u00f6t\u00fcr\u0259rs\u0259n&#8230;\u201d G\u0259d\u0259b\u0259y rayonunun S\u00f6y\u00fcdl\u00fc ... Davam\u0131\" \/>\n<meta property=\"og:url\" content=\"https:\/\/www.meydan.tv\/az\/article\/soyudlu-etirazlarinda-plakatlari-hazirlayana-3-il-hebs-cezasi\/\" \/>\n<meta property=\"og:site_name\" content=\"MEYDAN.TV\" \/>\n<meta property=\"article:published_time\" content=\"2024-08-12T14:42:59+00:00\" \/>\n<meta property=\"article:modified_time\" content=\"2024-08-12T15:38:49+00:00\" \/>\n<meta property=\"og:image\" content=\"https:\/\/www.meydan.tv\/wp-content\/uploads\/untitled-design-5-61-e1687339568130.jpg\" \/>\n\t<meta property=\"og:image:width\" content=\"1200\" \/>\n\t<meta property=\"og:image:height\" content=\"720\" \/>\n\t<meta property=\"og:image:type\" content=\"image\/jpeg\" \/>\n<meta name=\"author\" content=\"elli\" \/>\n<meta name=\"twitter:card\" content=\"summary_large_image\" \/>\n<meta name=\"twitter:creator\" content=\"@elli\" \/>\n<script type=\"application\/ld+json\" class=\"yoast-schema-graph\">{\"@context\":\"https:\\\/\\\/schema.org\",\"@graph\":[{\"@type\":\"Article\",\"@id\":\"https:\\\/\\\/www.meydan.tv\\\/az\\\/article\\\/soyudlu-etirazlarinda-plakatlari-hazirlayana-3-il-hebs-cezasi\\\/#article\",\"isPartOf\":{\"@id\":\"https:\\\/\\\/www.meydan.tv\\\/az\\\/article\\\/soyudlu-etirazlarinda-plakatlari-hazirlayana-3-il-hebs-cezasi\\\/\"},\"author\":{\"name\":\"elli\",\"@id\":\"https:\\\/\\\/www.meydan.tv\\\/az\\\/#\\\/schema\\\/person\\\/9cdbecf90d17180ce1dfbd95b08dcf47\"},\"headline\":\"S\u00f6y\u00fcdl\u00fc etirazlar\u0131nda plakatlar\u0131 haz\u0131rlayana 3 il h\u0259bs c\u0259zas\u0131\",\"datePublished\":\"2024-08-12T14:42:59+00:00\",\"dateModified\":\"2024-08-12T15:38:49+00:00\",\"mainEntityOfPage\":{\"@id\":\"https:\\\/\\\/www.meydan.tv\\\/az\\\/article\\\/soyudlu-etirazlarinda-plakatlari-hazirlayana-3-il-hebs-cezasi\\\/\"},\"wordCount\":1068,\"publisher\":{\"@id\":\"https:\\\/\\\/www.meydan.tv\\\/az\\\/#organization\"},\"image\":{\"@id\":\"https:\\\/\\\/www.meydan.tv\\\/az\\\/article\\\/soyudlu-etirazlarinda-plakatlari-hazirlayana-3-il-hebs-cezasi\\\/#primaryimage\"},\"thumbnailUrl\":\"https:\\\/\\\/www.meydan.tv\\\/wp-content\\\/uploads\\\/untitled-design-5-61-e1687339568130.jpg\",\"articleSection\":[\"Siyas\u0259t\",\"T\u00f6vsiy\u0259\",\"X\u0259b\u0259rl\u0259r\"],\"inLanguage\":\"az\"},{\"@type\":\"WebPage\",\"@id\":\"https:\\\/\\\/www.meydan.tv\\\/az\\\/article\\\/soyudlu-etirazlarinda-plakatlari-hazirlayana-3-il-hebs-cezasi\\\/\",\"url\":\"https:\\\/\\\/www.meydan.tv\\\/az\\\/article\\\/soyudlu-etirazlarinda-plakatlari-hazirlayana-3-il-hebs-cezasi\\\/\",\"name\":\"S\u00f6y\u00fcdl\u00fc etirazlar\u0131nda plakatlar\u0131 haz\u0131rlayana 3 il h\u0259bs c\u0259zas\u0131 - MEYDAN.TV\",\"isPartOf\":{\"@id\":\"https:\\\/\\\/www.meydan.tv\\\/az\\\/#website\"},\"primaryImageOfPage\":{\"@id\":\"https:\\\/\\\/www.meydan.tv\\\/az\\\/article\\\/soyudlu-etirazlarinda-plakatlari-hazirlayana-3-il-hebs-cezasi\\\/#primaryimage\"},\"image\":{\"@id\":\"https:\\\/\\\/www.meydan.tv\\\/az\\\/article\\\/soyudlu-etirazlarinda-plakatlari-hazirlayana-3-il-hebs-cezasi\\\/#primaryimage\"},\"thumbnailUrl\":\"https:\\\/\\\/www.meydan.tv\\\/wp-content\\\/uploads\\\/untitled-design-5-61-e1687339568130.jpg\",\"datePublished\":\"2024-08-12T14:42:59+00:00\",\"dateModified\":\"2024-08-12T15:38:49+00:00\",\"breadcrumb\":{\"@id\":\"https:\\\/\\\/www.meydan.tv\\\/az\\\/article\\\/soyudlu-etirazlarinda-plakatlari-hazirlayana-3-il-hebs-cezasi\\\/#breadcrumb\"},\"inLanguage\":\"az\",\"potentialAction\":[{\"@type\":\"ReadAction\",\"target\":[\"https:\\\/\\\/www.meydan.tv\\\/az\\\/article\\\/soyudlu-etirazlarinda-plakatlari-hazirlayana-3-il-hebs-cezasi\\\/\"]}]},{\"@type\":\"ImageObject\",\"inLanguage\":\"az\",\"@id\":\"https:\\\/\\\/www.meydan.tv\\\/az\\\/article\\\/soyudlu-etirazlarinda-plakatlari-hazirlayana-3-il-hebs-cezasi\\\/#primaryimage\",\"url\":\"https:\\\/\\\/www.meydan.tv\\\/wp-content\\\/uploads\\\/untitled-design-5-61-e1687339568130.jpg\",\"contentUrl\":\"https:\\\/\\\/www.meydan.tv\\\/wp-content\\\/uploads\\\/untitled-design-5-61-e1687339568130.jpg\",\"width\":1200,\"height\":720,\"caption\":\"S\u00f6y\u00fcdl\u00fc k\u0259ndi. Foto: Meydan TV\"},{\"@type\":\"BreadcrumbList\",\"@id\":\"https:\\\/\\\/www.meydan.tv\\\/az\\\/article\\\/soyudlu-etirazlarinda-plakatlari-hazirlayana-3-il-hebs-cezasi\\\/#breadcrumb\",\"itemListElement\":[{\"@type\":\"ListItem\",\"position\":1,\"name\":\"Ana s\u0259hif\u0259\",\"item\":\"https:\\\/\\\/www.meydan.tv\\\/az\\\/\"},{\"@type\":\"ListItem\",\"position\":2,\"name\":\"Siyas\u0259t\",\"item\":\"https:\\\/\\\/www.meydan.tv\\\/az\\\/section\\\/siyaset\\\/\"},{\"@type\":\"ListItem\",\"position\":3,\"name\":\"S\u00f6y\u00fcdl\u00fc etirazlar\u0131nda plakatlar\u0131 haz\u0131rlayana 3 il h\u0259bs c\u0259zas\u0131\"}]},{\"@type\":\"WebSite\",\"@id\":\"https:\\\/\\\/www.meydan.tv\\\/az\\\/#website\",\"url\":\"https:\\\/\\\/www.meydan.tv\\\/az\\\/\",\"name\":\"MEYDAN.TV\",\"description\":\"Meydan TV Az\u0259rbaycan\u0131n media m\u0259kan\u0131ndak\u0131 alternativ s\u0259sidir\",\"publisher\":{\"@id\":\"https:\\\/\\\/www.meydan.tv\\\/az\\\/#organization\"},\"potentialAction\":[{\"@type\":\"SearchAction\",\"target\":{\"@type\":\"EntryPoint\",\"urlTemplate\":\"https:\\\/\\\/www.meydan.tv\\\/az\\\/?s={search_term_string}\"},\"query-input\":{\"@type\":\"PropertyValueSpecification\",\"valueRequired\":true,\"valueName\":\"search_term_string\"}}],\"inLanguage\":\"az\"},{\"@type\":\"Organization\",\"@id\":\"https:\\\/\\\/www.meydan.tv\\\/az\\\/#organization\",\"name\":\"Meydan TV\",\"url\":\"https:\\\/\\\/www.meydan.tv\\\/az\\\/\",\"logo\":{\"@type\":\"ImageObject\",\"inLanguage\":\"az\",\"@id\":\"https:\\\/\\\/www.meydan.tv\\\/az\\\/#\\\/schema\\\/logo\\\/image\\\/\",\"url\":\"https:\\\/\\\/www.meydan.tv\\\/wp-content\\\/uploads\\\/2021\\\/07\\\/meydan-logo.svg\",\"contentUrl\":\"https:\\\/\\\/www.meydan.tv\\\/wp-content\\\/uploads\\\/2021\\\/07\\\/meydan-logo.svg\",\"width\":195,\"height\":46,\"caption\":\"Meydan TV\"},\"image\":{\"@id\":\"https:\\\/\\\/www.meydan.tv\\\/az\\\/#\\\/schema\\\/logo\\\/image\\\/\"}},{\"@type\":\"Person\",\"@id\":\"https:\\\/\\\/www.meydan.tv\\\/az\\\/#\\\/schema\\\/person\\\/9cdbecf90d17180ce1dfbd95b08dcf47\",\"name\":\"elli\",\"sameAs\":[\"https:\\\/\\\/x.com\\\/elli\"]}]}<\/script>\n<!-- \/ Yoast SEO plugin. -->","yoast_head_json":{"title":"S\u00f6y\u00fcdl\u00fc etirazlar\u0131nda plakatlar\u0131 haz\u0131rlayana 3 il h\u0259bs c\u0259zas\u0131 - MEYDAN.TV","robots":{"index":"index","follow":"follow","max-snippet":"max-snippet:-1","max-image-preview":"max-image-preview:large","max-video-preview":"max-video-preview:-1"},"canonical":"https:\/\/www.meydan.tv\/az\/article\/soyudlu-etirazlarinda-plakatlari-hazirlayana-3-il-hebs-cezasi\/","og_locale":"az_AZ","og_type":"article","og_title":"S\u00f6y\u00fcdl\u00fc etirazlar\u0131nda plakatlar\u0131 haz\u0131rlayana 3 il h\u0259bs c\u0259zas\u0131 - MEYDAN.TV","og_description":"&nbsp;\u201cSumkan\u0131 g\u00f6st\u0259rdil\u0259r ki, bu 10 kilonu g\u00f6t\u00fcr\u0259rs\u0259n&#8230;\u201d G\u0259d\u0259b\u0259y rayonunun S\u00f6y\u00fcdl\u00fc ... Davam\u0131","og_url":"https:\/\/www.meydan.tv\/az\/article\/soyudlu-etirazlarinda-plakatlari-hazirlayana-3-il-hebs-cezasi\/","og_site_name":"MEYDAN.TV","article_published_time":"2024-08-12T14:42:59+00:00","article_modified_time":"2024-08-12T15:38:49+00:00","og_image":[{"width":1200,"height":720,"url":"https:\/\/www.meydan.tv\/wp-content\/uploads\/untitled-design-5-61-e1687339568130.jpg","type":"image\/jpeg"}],"author":"elli","twitter_card":"summary_large_image","twitter_creator":"@elli","schema":{"@context":"https:\/\/schema.org","@graph":[{"@type":"Article","@id":"https:\/\/www.meydan.tv\/az\/article\/soyudlu-etirazlarinda-plakatlari-hazirlayana-3-il-hebs-cezasi\/#article","isPartOf":{"@id":"https:\/\/www.meydan.tv\/az\/article\/soyudlu-etirazlarinda-plakatlari-hazirlayana-3-il-hebs-cezasi\/"},"author":{"name":"elli","@id":"https:\/\/www.meydan.tv\/az\/#\/schema\/person\/9cdbecf90d17180ce1dfbd95b08dcf47"},"headline":"S\u00f6y\u00fcdl\u00fc etirazlar\u0131nda plakatlar\u0131 haz\u0131rlayana 3 il h\u0259bs c\u0259zas\u0131","datePublished":"2024-08-12T14:42:59+00:00","dateModified":"2024-08-12T15:38:49+00:00","mainEntityOfPage":{"@id":"https:\/\/www.meydan.tv\/az\/article\/soyudlu-etirazlarinda-plakatlari-hazirlayana-3-il-hebs-cezasi\/"},"wordCount":1068,"publisher":{"@id":"https:\/\/www.meydan.tv\/az\/#organization"},"image":{"@id":"https:\/\/www.meydan.tv\/az\/article\/soyudlu-etirazlarinda-plakatlari-hazirlayana-3-il-hebs-cezasi\/#primaryimage"},"thumbnailUrl":"https:\/\/www.meydan.tv\/wp-content\/uploads\/untitled-design-5-61-e1687339568130.jpg","articleSection":["Siyas\u0259t","T\u00f6vsiy\u0259","X\u0259b\u0259rl\u0259r"],"inLanguage":"az"},{"@type":"WebPage","@id":"https:\/\/www.meydan.tv\/az\/article\/soyudlu-etirazlarinda-plakatlari-hazirlayana-3-il-hebs-cezasi\/","url":"https:\/\/www.meydan.tv\/az\/article\/soyudlu-etirazlarinda-plakatlari-hazirlayana-3-il-hebs-cezasi\/","name":"S\u00f6y\u00fcdl\u00fc etirazlar\u0131nda plakatlar\u0131 haz\u0131rlayana 3 il h\u0259bs c\u0259zas\u0131 - MEYDAN.TV","isPartOf":{"@id":"https:\/\/www.meydan.tv\/az\/#website"},"primaryImageOfPage":{"@id":"https:\/\/www.meydan.tv\/az\/article\/soyudlu-etirazlarinda-plakatlari-hazirlayana-3-il-hebs-cezasi\/#primaryimage"},"image":{"@id":"https:\/\/www.meydan.tv\/az\/article\/soyudlu-etirazlarinda-plakatlari-hazirlayana-3-il-hebs-cezasi\/#primaryimage"},"thumbnailUrl":"https:\/\/www.meydan.tv\/wp-content\/uploads\/untitled-design-5-61-e1687339568130.jpg","datePublished":"2024-08-12T14:42:59+00:00","dateModified":"2024-08-12T15:38:49+00:00","breadcrumb":{"@id":"https:\/\/www.meydan.tv\/az\/article\/soyudlu-etirazlarinda-plakatlari-hazirlayana-3-il-hebs-cezasi\/#breadcrumb"},"inLanguage":"az","potentialAction":[{"@type":"ReadAction","target":["https:\/\/www.meydan.tv\/az\/article\/soyudlu-etirazlarinda-plakatlari-hazirlayana-3-il-hebs-cezasi\/"]}]},{"@type":"ImageObject","inLanguage":"az","@id":"https:\/\/www.meydan.tv\/az\/article\/soyudlu-etirazlarinda-plakatlari-hazirlayana-3-il-hebs-cezasi\/#primaryimage","url":"https:\/\/www.meydan.tv\/wp-content\/uploads\/untitled-design-5-61-e1687339568130.jpg","contentUrl":"https:\/\/www.meydan.tv\/wp-content\/uploads\/untitled-design-5-61-e1687339568130.jpg","width":1200,"height":720,"caption":"S\u00f6y\u00fcdl\u00fc k\u0259ndi. Foto: Meydan TV"},{"@type":"BreadcrumbList","@id":"https:\/\/www.meydan.tv\/az\/article\/soyudlu-etirazlarinda-plakatlari-hazirlayana-3-il-hebs-cezasi\/#breadcrumb","itemListElement":[{"@type":"ListItem","position":1,"name":"Ana s\u0259hif\u0259","item":"https:\/\/www.meydan.tv\/az\/"},{"@type":"ListItem","position":2,"name":"Siyas\u0259t","item":"https:\/\/www.meydan.tv\/az\/section\/siyaset\/"},{"@type":"ListItem","position":3,"name":"S\u00f6y\u00fcdl\u00fc etirazlar\u0131nda plakatlar\u0131 haz\u0131rlayana 3 il h\u0259bs c\u0259zas\u0131"}]},{"@type":"WebSite","@id":"https:\/\/www.meydan.tv\/az\/#website","url":"https:\/\/www.meydan.tv\/az\/","name":"MEYDAN.TV","description":"Meydan TV Az\u0259rbaycan\u0131n media m\u0259kan\u0131ndak\u0131 alternativ s\u0259sidir","publisher":{"@id":"https:\/\/www.meydan.tv\/az\/#organization"},"potentialAction":[{"@type":"SearchAction","target":{"@type":"EntryPoint","urlTemplate":"https:\/\/www.meydan.tv\/az\/?s={search_term_string}"},"query-input":{"@type":"PropertyValueSpecification","valueRequired":true,"valueName":"search_term_string"}}],"inLanguage":"az"},{"@type":"Organization","@id":"https:\/\/www.meydan.tv\/az\/#organization","name":"Meydan TV","url":"https:\/\/www.meydan.tv\/az\/","logo":{"@type":"ImageObject","inLanguage":"az","@id":"https:\/\/www.meydan.tv\/az\/#\/schema\/logo\/image\/","url":"https:\/\/www.meydan.tv\/wp-content\/uploads\/2021\/07\/meydan-logo.svg","contentUrl":"https:\/\/www.meydan.tv\/wp-content\/uploads\/2021\/07\/meydan-logo.svg","width":195,"height":46,"caption":"Meydan TV"},"image":{"@id":"https:\/\/www.meydan.tv\/az\/#\/schema\/logo\/image\/"}},{"@type":"Person","@id":"https:\/\/www.meydan.tv\/az\/#\/schema\/person\/9cdbecf90d17180ce1dfbd95b08dcf47","name":"elli","sameAs":["https:\/\/x.com\/elli"]}]}},"_links":{"self":[{"href":"https:\/\/www.meydan.tv\/az\/wp-json\/wp\/v2\/posts\/312881","targetHints":{"allow":["GET"]}}],"collection":[{"href":"https:\/\/www.meydan.tv\/az\/wp-json\/wp\/v2\/posts"}],"about":[{"href":"https:\/\/www.meydan.tv\/az\/wp-json\/wp\/v2\/types\/post"}],"author":[{"embeddable":true,"href":"https:\/\/www.meydan.tv\/az\/wp-json\/wp\/v2\/users\/8"}],"replies":[{"embeddable":true,"href":"https:\/\/www.meydan.tv\/az\/wp-json\/wp\/v2\/comments?post=312881"}],"version-history":[{"count":5,"href":"https:\/\/www.meydan.tv\/az\/wp-json\/wp\/v2\/posts\/312881\/revisions"}],"predecessor-version":[{"id":312889,"href":"https:\/\/www.meydan.tv\/az\/wp-json\/wp\/v2\/posts\/312881\/revisions\/312889"}],"wp:featuredmedia":[{"embeddable":true,"href":"https:\/\/www.meydan.tv\/az\/wp-json\/wp\/v2\/media\/277953"}],"wp:attachment":[{"href":"https:\/\/www.meydan.tv\/az\/wp-json\/wp\/v2\/media?parent=312881"}],"wp:term":[{"taxonomy":"category","embeddable":true,"href":"https:\/\/www.meydan.tv\/az\/wp-json\/wp\/v2\/categories?post=312881"},{"taxonomy":"post_tag","embeddable":true,"href":"https:\/\/www.meydan.tv\/az\/wp-json\/wp\/v2\/tags?post=312881"}],"curies":[{"name":"wp","href":"https:\/\/api.w.org\/{rel}","templated":true}]}}