{"id":312879,"date":"2024-08-12T18:10:04","date_gmt":"2024-08-12T14:10:04","guid":{"rendered":"https:\/\/www.meydan.tv\/?p=312879"},"modified":"2024-08-13T14:51:07","modified_gmt":"2024-08-13T10:51:07","slug":"putin-ukraynanin-kurska-hucumundan-danisdi-danisiqlardan-niye-imtina-etdikleri-aydin-oldu","status":"publish","type":"post","link":"https:\/\/www.meydan.tv\/az\/article\/putin-ukraynanin-kurska-hucumundan-danisdi-danisiqlardan-niye-imtina-etdikleri-aydin-oldu\/","title":{"rendered":"Putin Ukraynan\u0131n Kurska h\u00fccumundan dan\u0131\u015fd\u0131: \u201cDan\u0131\u015f\u0131qlardan niy\u0259 imtina etdikl\u0259ri ayd\u0131n oldu\u201d"},"content":{"rendered":"\n<figure class=\"wp-block-embed is-type-video is-provider-youtube wp-block-embed-youtube wp-embed-aspect-16-9 wp-has-aspect-ratio\"><div class=\"wp-block-embed__wrapper\">\n<iframe title=\"Ukraynan\u0131n art\u0131q Rusiyan\u0131n Kursk vilay\u0259tind\u0259 28 k\u0259ndi n\u0259zar\u0259t alt\u0131na ald\u0131\u011f\u0131 bildirilir\" width=\"1200\" height=\"675\" data-src=\"https:\/\/www.youtube.com\/embed\/lOes6ZP-PmA?feature=oembed\" frameborder=\"0\" allow=\"accelerometer; autoplay; clipboard-write; encrypted-media; gyroscope; picture-in-picture; web-share\" referrerpolicy=\"strict-origin-when-cross-origin\" allowfullscreen src=\"data:image\/svg+xml;base64,PHN2ZyB3aWR0aD0iMSIgaGVpZ2h0PSIxIiB4bWxucz0iaHR0cDovL3d3dy53My5vcmcvMjAwMC9zdmciPjwvc3ZnPg==\" class=\"lazyload\" data-load-mode=\"1\"><\/iframe>\n<\/div><\/figure>\n\n\n\n<!--more-->\n\n\n\n<p><em><strong>O, Rusiya ordusunun b\u00fct\u00fcn t\u0259mas x\u0259tti boyu ir\u0259lil\u0259diyini deyib<\/strong><\/em><\/p>\n\n\n\n<p>Rusiyan\u0131n Kursk vilay\u0259tinin qubernatoru v\u0259zif\u0259sini icra ed\u0259n Aleksey Smirnov Prezident Vladimir Putinl\u0259 g\u00f6r\u00fc\u015fd\u0259 b\u00f6lg\u0259d\u0259ki v\u0259ziyy\u0259ti \u201cm\u00fcr\u0259kk\u0259b\u201d adland\u0131r\u0131b.<\/p>\n\n\n\n<p>Smirnovun s\u00f6zl\u0259rin\u0259 g\u00f6r\u0259, Ukrayna Silahl\u0131 Q\u00fcvv\u0259l\u0259ri Kursk vilay\u0259tind\u0259 28 ya\u015fay\u0131\u015f m\u0259nt\u0259q\u0259sin\u0259 n\u0259zar\u0259t edir.<\/p>\n\n\n\n<p>O \u0259lav\u0259 edib ki, yerli hakimiyy\u0259t orqanlar\u0131n\u0131n Ukrayna Silahl\u0131 Q\u00fcvv\u0259l\u0259rinin n\u0259zar\u0259tind\u0259 olan Kursk vilay\u0259tinin ya\u015fay\u0131\u015f m\u0259nt\u0259q\u0259l\u0259rind\u0259 olan iki min\u0259 yax\u0131n insan\u0131n taleyi bar\u0259d\u0259 m\u0259lumat\u0131 yoxdur.<\/p>\n\n\n\n<p>Smirnov deyib ki, Ukrayna ordusunun Kursk vilay\u0259tin\u0259 h\u00fccumu n\u0259tic\u0259sind\u0259 12 n\u0259f\u0259r \u00f6l\u00fcb, 10-u u\u015faq olmaqla 121 n\u0259f\u0259r yaralan\u0131b:<\/p>\n\n\n\n<p>&#8220;Bu g\u00fcn\u0259d\u0259k rayonun s\u0259rh\u0259dyan\u0131 rayonlar\u0131n\u0131 121 min\u0259 yax\u0131n sakin t\u0259rk edib. \u00dcmumilikd\u0259 180 min insan t\u0259xliy\u0259 edilir&#8221;.<\/p>\n\n\n\n<p>&#8220;<em>Probleml\u0259rd\u0259n biri d\u0259qiq c\u0259bh\u0259 x\u0259ttinin olmamas\u0131d\u0131r ki, bu da Ukrayna Silahl\u0131 Q\u00fcvv\u0259l\u0259rinin yerini m\u00fc\u0259yy\u0259nl\u0259\u015fdirm\u0259yi \u00e7\u0259tinl\u0259\u015fdirir&#8221;, <\/em>&#8211; dey\u0259 o qeyd edib.<\/p>\n\n\n\n<p>Rusiya Prezidenti Vladimir Putin haz\u0131rda M\u00fcdafi\u0259 Nazirliyinin \u0259sas v\u0259zif\u0259sinin Ukrayna ordusunu s\u0131x\u0131\u015fd\u0131r\u0131b \u00e7\u0131xarmaq v\u0259 s\u0259rh\u0259dl\u0259rin etibarl\u0131 \u015f\u0259kild\u0259 m\u00fchafiz\u0259sini t\u0259min etm\u0259k oldu\u011funu vur\u011fulay\u0131b.<\/p>\n\n\n\n<p>Putinin fikrinc\u0259, Kiyevin Moskvan\u0131n s\u00fclh dan\u0131\u015f\u0131qlar\u0131na qay\u0131tmaq t\u0259klifl\u0259rind\u0259n niy\u0259 imtina etdiyi indi ayd\u0131n olub:<\/p>\n\n\n\n<p>&#8220;<em>D\u00fc\u015fm\u0259n Q\u0259rb a\u011falar\u0131n\u0131n k\u00f6m\u0259yi il\u0259 dan\u0131\u015f\u0131qlarda m\u00f6vqeyini yax\u015f\u0131la\u015fd\u0131rma\u011fa \u00e7al\u0131\u015f\u0131r. B\u0259s dinc \u0259haliy\u0259 v\u0259 m\u00fclki infrastruktura f\u0259rq qoymadan h\u00fccum ed\u0259n v\u0259 ya n\u00fcv\u0259 enerjisi obyektl\u0259rin\u0259 t\u0259hl\u00fck\u0259 yaratma\u011fa \u00e7al\u0131\u015fan insanlarla hans\u0131 dan\u0131\u015f\u0131qlardan dan\u0131\u015fmaq olar? Onlarla n\u0259 dan\u0131\u015fa bil\u0259rs\u0259n? Bu c\u00fcr h\u0259r\u0259k\u0259tl\u0259r \u0259sas h\u0259rbi m\u0259qs\u0259d g\u00fcd\u00fcr: Novorossiya \u0259razisini tamamil\u0259 azad etm\u0259k \u00fc\u00e7\u00fcn qo\u015funlar\u0131m\u0131z\u0131n ir\u0259lil\u0259yi\u015fini dayand\u0131rmaq&#8221;.<\/em><\/p>\n\n\n\n<p>Kremlin sahibi bildirib ki, Rusiya ordusu b\u00fct\u00fcn t\u0259mas x\u0259tti \u00fczr\u0259 ir\u0259lil\u0259yir:<\/p>\n\n\n\n<p>&#8220;<em>D\u00fc\u015fm\u0259nin dig\u0259r m\u0259qs\u0259di Rusiya c\u0259miyy\u0259tind\u0259 nifaq salmaqd\u0131r. Buna cavab olaraq Rusiyan\u0131n v\u0259t\u0259nda\u015flar\u0131 \u00e7\u0259tin v\u0259ziyy\u0259td\u0259 olan h\u0259r k\u0259s\u0259 v\u0259 ordumuza d\u0259st\u0259k verirl\u0259r. Son g\u00fcnl\u0259r M\u00fcdafi\u0259 Nazirliyi il\u0259 m\u00fcqavil\u0259 ba\u011flamaq ist\u0259y\u0259nl\u0259rin say\u0131 art\u0131b&#8221;.<\/em><\/p>\n\n\n\n<p>&#8220;<em>Kiyev rejiminin r\u0259hb\u0259rl\u0259ri n\u0259inki Rusiya xalq\u0131na qar\u015f\u0131 cinay\u0259tl\u0259r t\u00f6r\u0259dirl\u0259r, h\u0259m d\u0259 ukraynal\u0131lar\u0131 m\u0259hv etm\u0259k yolunu tutublar. Ukrayna Silahl\u0131 Q\u00fcvv\u0259l\u0259rinin itkil\u0259ri k\u0259skin \u015f\u0259kild\u0259 art\u0131r. D\u00fc\u015fm\u0259n m\u00fctl\u0259q layiqli cavab\u0131n\u0131 alacaq v\u0259 \u015eimal H\u0259rbi Dair\u0259sinin b\u00fct\u00fcn m\u0259qs\u0259dl\u0259rin\u0259 \u00e7atacaq&#8221;, <\/em>&#8211; dey\u0259 Putin \u0259lav\u0259 edib.<\/p>\n\n\n\n<p>G\u00f6r\u00fc\u015fd\u0259 olan Belqorod vilay\u0259tinin qubernatoru Vya\u00e7eslav Qladkov da\u011f\u0131nt\u0131lar\u0131n k\u0259skin \u015f\u0259kild\u0259 artd\u0131\u011f\u0131n\u0131 deyib:<\/p>\n\n\n\n<p><em>&#8220;\u0130ki il yar\u0131m \u0259rzind\u0259 30 mind\u0259n \u00e7ox ev v\u0259 m\u0259nzil\u0259 ziyan d\u0259yib. 25 mini b\u0259rpa etdik. \u018fn \u00e7\u0259tin v\u0259ziyy\u0259t \u015eebekinodad\u0131r. 2024-c\u00fc ilin \u0259vv\u0259lind\u0259n 300-\u0259 yax\u0131n insan yaralan\u0131b, 36 n\u0259f\u0259r \u00f6l\u00fcb. Tam m\u0259lumat yoxdur, lakin bizim hesablamalar\u0131m\u0131za g\u00f6r\u0259, sakinl\u0259rin t\u0259xmin\u0259n 50-70 faiz \u015eebekino \u0259razisini t\u0259rk edib, \u0259hali aras\u0131nda g\u0259rginlik <a href=\"https:\/\/meduza.io\/paragraph\/2024\/08\/12\/putin-provel-soveschanie-iz-za-nastupleniya-vsu-v-kurskoy-oblasti-pravda-on-schitaet-chto-eto-rossiyskaya-armiya-nastupaet-na-vseh-frontah\">art\u0131r&#8221;.<\/a><\/em><\/p>\n\n\n\n<p><strong>M\u00fcharib\u0259nin xronikas\u0131<\/strong><\/p>\n\n\n\n<p>2022-cil il Rusiya Prezidenti Vladimir Putin Ukraynan\u0131n \u015f\u0259rqind\u0259ki separat\u00e7\u0131 qurumlar\u0131 tan\u0131d\u0131\u011f\u0131n\u0131 b\u0259yan etdikd\u0259n 2 g\u00fcn sonra, fevral\u0131n 24-d\u0259 Ukraynaya qar\u015f\u0131 m\u00fcharib\u0259y\u0259 ba\u015flay\u0131b.<\/p>\n\n\n\n<p>D\u00fcnyan\u0131n \u0259ks\u0259r \u00f6lk\u0259si Rusiyan\u0131n h\u00fccumunu pisl\u0259yib.<\/p>\n\n\n\n<p>Bundan sonra Avropa Birliyi \u00f6lk\u0259l\u0259ri, el\u0259c\u0259 d\u0259 AB\u015e Rusiyaya qar\u015f\u0131 sanksiyalar t\u0259tbiq edib.<\/p>\n\n\n\n<p>600-d\u0259n \u00e7ox rusiyal\u0131 oliqarx, y\u00fcks\u0259k r\u00fctb\u0259li h\u0259rb\u00e7il\u0259r, \u015firk\u0259t sahibl\u0259ri, biznesmenl\u0259rl\u0259 yana\u015f\u0131, Rusiya Prezidenti Vladimir Putin v\u0259 xarici i\u015fl\u0259r naziri Sergey Lavrova qar\u015f\u0131 sanksiyalar t\u0259tbiq edilib. Rusiyada t\u0259\u015fkil olunacaq yar\u0131\u015flar t\u0259xir\u0259 sal\u0131n\u0131b, bu \u00f6lk\u0259nin ad\u0131 m\u00fch\u00fcm t\u0259dbirl\u0259rd\u0259n v\u0259 t\u0259\u015fkilatlardan \u00e7\u0131xar\u0131l\u0131b.<\/p>\n\n\n\n<p>2022-ci il aprelin 7-d\u0259 is\u0259 BMT Ba\u015f Assambleyas\u0131 Rusiyan\u0131n t\u0259\u015fkilat\u0131n \u0130nsan H\u00fcquqlar\u0131 \u015euras\u0131ndan \u00e7\u0131xar\u0131lmas\u0131 il\u0259 ba\u011fl\u0131 q\u0259tnam\u0259 q\u0259bul edib. Rusiya is\u0259 Avropa \u015euras\u0131 \u00fczvl\u00fcy\u00fcnd\u0259n \u00e7\u0131x\u0131b.<\/p>\n\n\n\n<p>Rusiya ordusunun Bu\u00e7a v\u0259 dig\u0259r Ukrayna \u015f\u0259h\u0259rl\u0259rind\u0259 k\u00fctl\u0259vi q\u0259tliamlar v\u0259 m\u00fcharib\u0259 cinay\u0259tl\u0259ri t\u00f6r\u0259tdiyi iddia olunur.<\/p>\n\n\n\n<p>2022-ci il iyunun 25-d\u0259 Avropa \u0130ttifaq\u0131n\u0131n 12 \u00f6lk\u0259si Rusiya qaz\u0131n\u0131n t\u0259dar\u00fck\u00fcnd\u0259n tamamil\u0259 v\u0259 ya qism\u0259n imtina edib.<\/p>\n\n\n\n<p>2022-ci ilin sentyabr\u0131n 30-da Vladimir Putin Rusiyan\u0131n n\u0259zar\u0259ti \u0259l\u0259 ke\u00e7irdiyi \u0259razil\u0259rl\u0259 m\u00fcqavil\u0259 imzalay\u0131b.<\/p>\n\n\n\n<p>Sentyabr\u0131n 23-d\u0259n -27-d\u0259k Rusiyan\u0131n i\u015f\u011fal alt\u0131nda saxlad\u0131\u011f\u0131 Donetsk, Luqansk, Xerson v\u0259 Zaporojye vilay\u0259tl\u0259rind\u0259 referendum ke\u00e7irilib.<\/p>\n\n\n\n<p>Rusiyan\u0131n a\u00e7\u0131qlad\u0131\u011f\u0131 n\u0259tic\u0259l\u0259r\u0259 g\u00f6r\u0259, h\u0259min vilay\u0259tl\u0259rin sakinl\u0259ri Rusiyan\u0131 d\u0259st\u0259kl\u0259yib.<\/p>\n\n\n\n<p>Ukrayna v\u0259 Q\u0259rb \u00f6lk\u0259l\u0259ri is\u0259 referendumu saxta adland\u0131r\u0131b.<\/p>\n","protected":false},"excerpt":{"rendered":"","protected":false},"author":8,"featured_media":266151,"comment_status":"closed","ping_status":"closed","sticky":false,"template":"","format":"standard","meta":{"_acf_changed":false,"_sitemap_exclude":false,"_sitemap_priority":"","_sitemap_frequency":"","footnotes":""},"categories":[64,59,63,56],"tags":[],"class_list":["post-312879","post","type-post","status-publish","format-standard","has-post-thumbnail","hentry","category-dunya","category-siyaset","category-video-2","category-xeberler","infinite-scroll-item","generate-columns","tablet-grid-50","mobile-grid-100","grid-parent","grid-33","no-featured-image-padding"],"acf":[],"yoast_head":"<!-- This site is optimized with the Yoast SEO plugin v27.4 - https:\/\/yoast.com\/product\/yoast-seo-wordpress\/ -->\n<title>Putin Ukraynan\u0131n Kurska h\u00fccumundan dan\u0131\u015fd\u0131: \u201cDan\u0131\u015f\u0131qlardan niy\u0259 imtina etdikl\u0259ri ayd\u0131n oldu\u201d - MEYDAN.TV<\/title>\n<meta name=\"description\" content=\"Putinin fikrinc\u0259, Kiyevin Moskvan\u0131n s\u00fclh dan\u0131\u015f\u0131qlar\u0131na qay\u0131tmaq t\u0259klifl\u0259rind\u0259n niy\u0259 imtina etdiyi indi ayd\u0131n olub\" \/>\n<meta name=\"robots\" content=\"index, follow, max-snippet:-1, max-image-preview:large, max-video-preview:-1\" \/>\n<link rel=\"canonical\" href=\"https:\/\/www.meydan.tv\/az\/article\/putin-ukraynanin-kurska-hucumundan-danisdi-danisiqlardan-niye-imtina-etdikleri-aydin-oldu\/\" \/>\n<meta property=\"og:locale\" content=\"az_AZ\" \/>\n<meta property=\"og:type\" content=\"article\" \/>\n<meta property=\"og:title\" content=\"Putin Ukraynan\u0131n Kurska h\u00fccumundan dan\u0131\u015fd\u0131: \u201cDan\u0131\u015f\u0131qlardan niy\u0259 imtina etdikl\u0259ri ayd\u0131n oldu\u201d - MEYDAN.TV\" \/>\n<meta property=\"og:description\" content=\"Putinin fikrinc\u0259, Kiyevin Moskvan\u0131n s\u00fclh dan\u0131\u015f\u0131qlar\u0131na qay\u0131tmaq t\u0259klifl\u0259rind\u0259n niy\u0259 imtina etdiyi indi ayd\u0131n olub\" \/>\n<meta property=\"og:url\" content=\"https:\/\/www.meydan.tv\/az\/article\/putin-ukraynanin-kurska-hucumundan-danisdi-danisiqlardan-niye-imtina-etdikleri-aydin-oldu\/\" \/>\n<meta property=\"og:site_name\" content=\"MEYDAN.TV\" \/>\n<meta property=\"article:published_time\" content=\"2024-08-12T14:10:04+00:00\" \/>\n<meta property=\"article:modified_time\" content=\"2024-08-13T10:51:07+00:00\" \/>\n<meta property=\"og:image\" content=\"https:\/\/www.meydan.tv\/wp-content\/uploads\/img_9408-scaled-e1679072966458.jpg\" \/>\n\t<meta property=\"og:image:width\" content=\"2560\" \/>\n\t<meta property=\"og:image:height\" content=\"1120\" \/>\n\t<meta property=\"og:image:type\" content=\"image\/jpeg\" \/>\n<meta name=\"author\" content=\"elli\" \/>\n<meta name=\"twitter:card\" content=\"summary_large_image\" \/>\n<meta name=\"twitter:creator\" content=\"@elli\" \/>\n<script type=\"application\/ld+json\" class=\"yoast-schema-graph\">{\"@context\":\"https:\\\/\\\/schema.org\",\"@graph\":[{\"@type\":\"Article\",\"@id\":\"https:\\\/\\\/www.meydan.tv\\\/az\\\/article\\\/putin-ukraynanin-kurska-hucumundan-danisdi-danisiqlardan-niye-imtina-etdikleri-aydin-oldu\\\/#article\",\"isPartOf\":{\"@id\":\"https:\\\/\\\/www.meydan.tv\\\/az\\\/article\\\/putin-ukraynanin-kurska-hucumundan-danisdi-danisiqlardan-niye-imtina-etdikleri-aydin-oldu\\\/\"},\"author\":{\"name\":\"elli\",\"@id\":\"https:\\\/\\\/www.meydan.tv\\\/az\\\/#\\\/schema\\\/person\\\/9cdbecf90d17180ce1dfbd95b08dcf47\"},\"headline\":\"Putin Ukraynan\u0131n Kurska h\u00fccumundan dan\u0131\u015fd\u0131: \u201cDan\u0131\u015f\u0131qlardan niy\u0259 imtina etdikl\u0259ri ayd\u0131n oldu\u201d\",\"datePublished\":\"2024-08-12T14:10:04+00:00\",\"dateModified\":\"2024-08-13T10:51:07+00:00\",\"mainEntityOfPage\":{\"@id\":\"https:\\\/\\\/www.meydan.tv\\\/az\\\/article\\\/putin-ukraynanin-kurska-hucumundan-danisdi-danisiqlardan-niye-imtina-etdikleri-aydin-oldu\\\/\"},\"wordCount\":937,\"publisher\":{\"@id\":\"https:\\\/\\\/www.meydan.tv\\\/az\\\/#organization\"},\"image\":{\"@id\":\"https:\\\/\\\/www.meydan.tv\\\/az\\\/article\\\/putin-ukraynanin-kurska-hucumundan-danisdi-danisiqlardan-niye-imtina-etdikleri-aydin-oldu\\\/#primaryimage\"},\"thumbnailUrl\":\"https:\\\/\\\/www.meydan.tv\\\/wp-content\\\/uploads\\\/img_9408-scaled-e1679072966458.jpg\",\"articleSection\":[\"D\u00fcnya\",\"Siyas\u0259t\",\"Video\",\"X\u0259b\u0259rl\u0259r\"],\"inLanguage\":\"az\"},{\"@type\":\"WebPage\",\"@id\":\"https:\\\/\\\/www.meydan.tv\\\/az\\\/article\\\/putin-ukraynanin-kurska-hucumundan-danisdi-danisiqlardan-niye-imtina-etdikleri-aydin-oldu\\\/\",\"url\":\"https:\\\/\\\/www.meydan.tv\\\/az\\\/article\\\/putin-ukraynanin-kurska-hucumundan-danisdi-danisiqlardan-niye-imtina-etdikleri-aydin-oldu\\\/\",\"name\":\"Putin Ukraynan\u0131n Kurska h\u00fccumundan dan\u0131\u015fd\u0131: \u201cDan\u0131\u015f\u0131qlardan niy\u0259 imtina etdikl\u0259ri ayd\u0131n oldu\u201d - MEYDAN.TV\",\"isPartOf\":{\"@id\":\"https:\\\/\\\/www.meydan.tv\\\/az\\\/#website\"},\"primaryImageOfPage\":{\"@id\":\"https:\\\/\\\/www.meydan.tv\\\/az\\\/article\\\/putin-ukraynanin-kurska-hucumundan-danisdi-danisiqlardan-niye-imtina-etdikleri-aydin-oldu\\\/#primaryimage\"},\"image\":{\"@id\":\"https:\\\/\\\/www.meydan.tv\\\/az\\\/article\\\/putin-ukraynanin-kurska-hucumundan-danisdi-danisiqlardan-niye-imtina-etdikleri-aydin-oldu\\\/#primaryimage\"},\"thumbnailUrl\":\"https:\\\/\\\/www.meydan.tv\\\/wp-content\\\/uploads\\\/img_9408-scaled-e1679072966458.jpg\",\"datePublished\":\"2024-08-12T14:10:04+00:00\",\"dateModified\":\"2024-08-13T10:51:07+00:00\",\"description\":\"Putinin fikrinc\u0259, Kiyevin Moskvan\u0131n s\u00fclh dan\u0131\u015f\u0131qlar\u0131na qay\u0131tmaq t\u0259klifl\u0259rind\u0259n niy\u0259 imtina etdiyi indi ayd\u0131n olub\",\"breadcrumb\":{\"@id\":\"https:\\\/\\\/www.meydan.tv\\\/az\\\/article\\\/putin-ukraynanin-kurska-hucumundan-danisdi-danisiqlardan-niye-imtina-etdikleri-aydin-oldu\\\/#breadcrumb\"},\"inLanguage\":\"az\",\"potentialAction\":[{\"@type\":\"ReadAction\",\"target\":[\"https:\\\/\\\/www.meydan.tv\\\/az\\\/article\\\/putin-ukraynanin-kurska-hucumundan-danisdi-danisiqlardan-niye-imtina-etdikleri-aydin-oldu\\\/\"]}]},{\"@type\":\"ImageObject\",\"inLanguage\":\"az\",\"@id\":\"https:\\\/\\\/www.meydan.tv\\\/az\\\/article\\\/putin-ukraynanin-kurska-hucumundan-danisdi-danisiqlardan-niye-imtina-etdikleri-aydin-oldu\\\/#primaryimage\",\"url\":\"https:\\\/\\\/www.meydan.tv\\\/wp-content\\\/uploads\\\/img_9408-scaled-e1679072966458.jpg\",\"contentUrl\":\"https:\\\/\\\/www.meydan.tv\\\/wp-content\\\/uploads\\\/img_9408-scaled-e1679072966458.jpg\",\"width\":2560,\"height\":1120,\"caption\":\"Vladimir Putin. Foto: Meydan TV\"},{\"@type\":\"BreadcrumbList\",\"@id\":\"https:\\\/\\\/www.meydan.tv\\\/az\\\/article\\\/putin-ukraynanin-kurska-hucumundan-danisdi-danisiqlardan-niye-imtina-etdikleri-aydin-oldu\\\/#breadcrumb\",\"itemListElement\":[{\"@type\":\"ListItem\",\"position\":1,\"name\":\"Ana s\u0259hif\u0259\",\"item\":\"https:\\\/\\\/www.meydan.tv\\\/az\\\/\"},{\"@type\":\"ListItem\",\"position\":2,\"name\":\"D\u00fcnya\",\"item\":\"https:\\\/\\\/www.meydan.tv\\\/az\\\/section\\\/dunya\\\/\"},{\"@type\":\"ListItem\",\"position\":3,\"name\":\"Putin Ukraynan\u0131n Kurska h\u00fccumundan dan\u0131\u015fd\u0131: \u201cDan\u0131\u015f\u0131qlardan niy\u0259 imtina etdikl\u0259ri ayd\u0131n oldu\u201d\"}]},{\"@type\":\"WebSite\",\"@id\":\"https:\\\/\\\/www.meydan.tv\\\/az\\\/#website\",\"url\":\"https:\\\/\\\/www.meydan.tv\\\/az\\\/\",\"name\":\"MEYDAN.TV\",\"description\":\"Meydan TV Az\u0259rbaycan\u0131n media m\u0259kan\u0131ndak\u0131 alternativ s\u0259sidir\",\"publisher\":{\"@id\":\"https:\\\/\\\/www.meydan.tv\\\/az\\\/#organization\"},\"potentialAction\":[{\"@type\":\"SearchAction\",\"target\":{\"@type\":\"EntryPoint\",\"urlTemplate\":\"https:\\\/\\\/www.meydan.tv\\\/az\\\/?s={search_term_string}\"},\"query-input\":{\"@type\":\"PropertyValueSpecification\",\"valueRequired\":true,\"valueName\":\"search_term_string\"}}],\"inLanguage\":\"az\"},{\"@type\":\"Organization\",\"@id\":\"https:\\\/\\\/www.meydan.tv\\\/az\\\/#organization\",\"name\":\"Meydan TV\",\"url\":\"https:\\\/\\\/www.meydan.tv\\\/az\\\/\",\"logo\":{\"@type\":\"ImageObject\",\"inLanguage\":\"az\",\"@id\":\"https:\\\/\\\/www.meydan.tv\\\/az\\\/#\\\/schema\\\/logo\\\/image\\\/\",\"url\":\"https:\\\/\\\/www.meydan.tv\\\/wp-content\\\/uploads\\\/2021\\\/07\\\/meydan-logo.svg\",\"contentUrl\":\"https:\\\/\\\/www.meydan.tv\\\/wp-content\\\/uploads\\\/2021\\\/07\\\/meydan-logo.svg\",\"width\":195,\"height\":46,\"caption\":\"Meydan TV\"},\"image\":{\"@id\":\"https:\\\/\\\/www.meydan.tv\\\/az\\\/#\\\/schema\\\/logo\\\/image\\\/\"}},{\"@type\":\"Person\",\"@id\":\"https:\\\/\\\/www.meydan.tv\\\/az\\\/#\\\/schema\\\/person\\\/9cdbecf90d17180ce1dfbd95b08dcf47\",\"name\":\"elli\",\"sameAs\":[\"https:\\\/\\\/x.com\\\/elli\"]}]}<\/script>\n<!-- \/ Yoast SEO plugin. -->","yoast_head_json":{"title":"Putin Ukraynan\u0131n Kurska h\u00fccumundan dan\u0131\u015fd\u0131: \u201cDan\u0131\u015f\u0131qlardan niy\u0259 imtina etdikl\u0259ri ayd\u0131n oldu\u201d - MEYDAN.TV","description":"Putinin fikrinc\u0259, Kiyevin Moskvan\u0131n s\u00fclh dan\u0131\u015f\u0131qlar\u0131na qay\u0131tmaq t\u0259klifl\u0259rind\u0259n niy\u0259 imtina etdiyi indi ayd\u0131n olub","robots":{"index":"index","follow":"follow","max-snippet":"max-snippet:-1","max-image-preview":"max-image-preview:large","max-video-preview":"max-video-preview:-1"},"canonical":"https:\/\/www.meydan.tv\/az\/article\/putin-ukraynanin-kurska-hucumundan-danisdi-danisiqlardan-niye-imtina-etdikleri-aydin-oldu\/","og_locale":"az_AZ","og_type":"article","og_title":"Putin Ukraynan\u0131n Kurska h\u00fccumundan dan\u0131\u015fd\u0131: \u201cDan\u0131\u015f\u0131qlardan niy\u0259 imtina etdikl\u0259ri ayd\u0131n oldu\u201d - MEYDAN.TV","og_description":"Putinin fikrinc\u0259, Kiyevin Moskvan\u0131n s\u00fclh dan\u0131\u015f\u0131qlar\u0131na qay\u0131tmaq t\u0259klifl\u0259rind\u0259n niy\u0259 imtina etdiyi indi ayd\u0131n olub","og_url":"https:\/\/www.meydan.tv\/az\/article\/putin-ukraynanin-kurska-hucumundan-danisdi-danisiqlardan-niye-imtina-etdikleri-aydin-oldu\/","og_site_name":"MEYDAN.TV","article_published_time":"2024-08-12T14:10:04+00:00","article_modified_time":"2024-08-13T10:51:07+00:00","og_image":[{"width":2560,"height":1120,"url":"https:\/\/www.meydan.tv\/wp-content\/uploads\/img_9408-scaled-e1679072966458.jpg","type":"image\/jpeg"}],"author":"elli","twitter_card":"summary_large_image","twitter_creator":"@elli","schema":{"@context":"https:\/\/schema.org","@graph":[{"@type":"Article","@id":"https:\/\/www.meydan.tv\/az\/article\/putin-ukraynanin-kurska-hucumundan-danisdi-danisiqlardan-niye-imtina-etdikleri-aydin-oldu\/#article","isPartOf":{"@id":"https:\/\/www.meydan.tv\/az\/article\/putin-ukraynanin-kurska-hucumundan-danisdi-danisiqlardan-niye-imtina-etdikleri-aydin-oldu\/"},"author":{"name":"elli","@id":"https:\/\/www.meydan.tv\/az\/#\/schema\/person\/9cdbecf90d17180ce1dfbd95b08dcf47"},"headline":"Putin Ukraynan\u0131n Kurska h\u00fccumundan dan\u0131\u015fd\u0131: \u201cDan\u0131\u015f\u0131qlardan niy\u0259 imtina etdikl\u0259ri ayd\u0131n oldu\u201d","datePublished":"2024-08-12T14:10:04+00:00","dateModified":"2024-08-13T10:51:07+00:00","mainEntityOfPage":{"@id":"https:\/\/www.meydan.tv\/az\/article\/putin-ukraynanin-kurska-hucumundan-danisdi-danisiqlardan-niye-imtina-etdikleri-aydin-oldu\/"},"wordCount":937,"publisher":{"@id":"https:\/\/www.meydan.tv\/az\/#organization"},"image":{"@id":"https:\/\/www.meydan.tv\/az\/article\/putin-ukraynanin-kurska-hucumundan-danisdi-danisiqlardan-niye-imtina-etdikleri-aydin-oldu\/#primaryimage"},"thumbnailUrl":"https:\/\/www.meydan.tv\/wp-content\/uploads\/img_9408-scaled-e1679072966458.jpg","articleSection":["D\u00fcnya","Siyas\u0259t","Video","X\u0259b\u0259rl\u0259r"],"inLanguage":"az"},{"@type":"WebPage","@id":"https:\/\/www.meydan.tv\/az\/article\/putin-ukraynanin-kurska-hucumundan-danisdi-danisiqlardan-niye-imtina-etdikleri-aydin-oldu\/","url":"https:\/\/www.meydan.tv\/az\/article\/putin-ukraynanin-kurska-hucumundan-danisdi-danisiqlardan-niye-imtina-etdikleri-aydin-oldu\/","name":"Putin Ukraynan\u0131n Kurska h\u00fccumundan dan\u0131\u015fd\u0131: \u201cDan\u0131\u015f\u0131qlardan niy\u0259 imtina etdikl\u0259ri ayd\u0131n oldu\u201d - MEYDAN.TV","isPartOf":{"@id":"https:\/\/www.meydan.tv\/az\/#website"},"primaryImageOfPage":{"@id":"https:\/\/www.meydan.tv\/az\/article\/putin-ukraynanin-kurska-hucumundan-danisdi-danisiqlardan-niye-imtina-etdikleri-aydin-oldu\/#primaryimage"},"image":{"@id":"https:\/\/www.meydan.tv\/az\/article\/putin-ukraynanin-kurska-hucumundan-danisdi-danisiqlardan-niye-imtina-etdikleri-aydin-oldu\/#primaryimage"},"thumbnailUrl":"https:\/\/www.meydan.tv\/wp-content\/uploads\/img_9408-scaled-e1679072966458.jpg","datePublished":"2024-08-12T14:10:04+00:00","dateModified":"2024-08-13T10:51:07+00:00","description":"Putinin fikrinc\u0259, Kiyevin Moskvan\u0131n s\u00fclh dan\u0131\u015f\u0131qlar\u0131na qay\u0131tmaq t\u0259klifl\u0259rind\u0259n niy\u0259 imtina etdiyi indi ayd\u0131n olub","breadcrumb":{"@id":"https:\/\/www.meydan.tv\/az\/article\/putin-ukraynanin-kurska-hucumundan-danisdi-danisiqlardan-niye-imtina-etdikleri-aydin-oldu\/#breadcrumb"},"inLanguage":"az","potentialAction":[{"@type":"ReadAction","target":["https:\/\/www.meydan.tv\/az\/article\/putin-ukraynanin-kurska-hucumundan-danisdi-danisiqlardan-niye-imtina-etdikleri-aydin-oldu\/"]}]},{"@type":"ImageObject","inLanguage":"az","@id":"https:\/\/www.meydan.tv\/az\/article\/putin-ukraynanin-kurska-hucumundan-danisdi-danisiqlardan-niye-imtina-etdikleri-aydin-oldu\/#primaryimage","url":"https:\/\/www.meydan.tv\/wp-content\/uploads\/img_9408-scaled-e1679072966458.jpg","contentUrl":"https:\/\/www.meydan.tv\/wp-content\/uploads\/img_9408-scaled-e1679072966458.jpg","width":2560,"height":1120,"caption":"Vladimir Putin. Foto: Meydan TV"},{"@type":"BreadcrumbList","@id":"https:\/\/www.meydan.tv\/az\/article\/putin-ukraynanin-kurska-hucumundan-danisdi-danisiqlardan-niye-imtina-etdikleri-aydin-oldu\/#breadcrumb","itemListElement":[{"@type":"ListItem","position":1,"name":"Ana s\u0259hif\u0259","item":"https:\/\/www.meydan.tv\/az\/"},{"@type":"ListItem","position":2,"name":"D\u00fcnya","item":"https:\/\/www.meydan.tv\/az\/section\/dunya\/"},{"@type":"ListItem","position":3,"name":"Putin Ukraynan\u0131n Kurska h\u00fccumundan dan\u0131\u015fd\u0131: \u201cDan\u0131\u015f\u0131qlardan niy\u0259 imtina etdikl\u0259ri ayd\u0131n oldu\u201d"}]},{"@type":"WebSite","@id":"https:\/\/www.meydan.tv\/az\/#website","url":"https:\/\/www.meydan.tv\/az\/","name":"MEYDAN.TV","description":"Meydan TV Az\u0259rbaycan\u0131n media m\u0259kan\u0131ndak\u0131 alternativ s\u0259sidir","publisher":{"@id":"https:\/\/www.meydan.tv\/az\/#organization"},"potentialAction":[{"@type":"SearchAction","target":{"@type":"EntryPoint","urlTemplate":"https:\/\/www.meydan.tv\/az\/?s={search_term_string}"},"query-input":{"@type":"PropertyValueSpecification","valueRequired":true,"valueName":"search_term_string"}}],"inLanguage":"az"},{"@type":"Organization","@id":"https:\/\/www.meydan.tv\/az\/#organization","name":"Meydan TV","url":"https:\/\/www.meydan.tv\/az\/","logo":{"@type":"ImageObject","inLanguage":"az","@id":"https:\/\/www.meydan.tv\/az\/#\/schema\/logo\/image\/","url":"https:\/\/www.meydan.tv\/wp-content\/uploads\/2021\/07\/meydan-logo.svg","contentUrl":"https:\/\/www.meydan.tv\/wp-content\/uploads\/2021\/07\/meydan-logo.svg","width":195,"height":46,"caption":"Meydan TV"},"image":{"@id":"https:\/\/www.meydan.tv\/az\/#\/schema\/logo\/image\/"}},{"@type":"Person","@id":"https:\/\/www.meydan.tv\/az\/#\/schema\/person\/9cdbecf90d17180ce1dfbd95b08dcf47","name":"elli","sameAs":["https:\/\/x.com\/elli"]}]}},"_links":{"self":[{"href":"https:\/\/www.meydan.tv\/az\/wp-json\/wp\/v2\/posts\/312879","targetHints":{"allow":["GET"]}}],"collection":[{"href":"https:\/\/www.meydan.tv\/az\/wp-json\/wp\/v2\/posts"}],"about":[{"href":"https:\/\/www.meydan.tv\/az\/wp-json\/wp\/v2\/types\/post"}],"author":[{"embeddable":true,"href":"https:\/\/www.meydan.tv\/az\/wp-json\/wp\/v2\/users\/8"}],"replies":[{"embeddable":true,"href":"https:\/\/www.meydan.tv\/az\/wp-json\/wp\/v2\/comments?post=312879"}],"version-history":[{"count":2,"href":"https:\/\/www.meydan.tv\/az\/wp-json\/wp\/v2\/posts\/312879\/revisions"}],"predecessor-version":[{"id":312912,"href":"https:\/\/www.meydan.tv\/az\/wp-json\/wp\/v2\/posts\/312879\/revisions\/312912"}],"wp:featuredmedia":[{"embeddable":true,"href":"https:\/\/www.meydan.tv\/az\/wp-json\/wp\/v2\/media\/266151"}],"wp:attachment":[{"href":"https:\/\/www.meydan.tv\/az\/wp-json\/wp\/v2\/media?parent=312879"}],"wp:term":[{"taxonomy":"category","embeddable":true,"href":"https:\/\/www.meydan.tv\/az\/wp-json\/wp\/v2\/categories?post=312879"},{"taxonomy":"post_tag","embeddable":true,"href":"https:\/\/www.meydan.tv\/az\/wp-json\/wp\/v2\/tags?post=312879"}],"curies":[{"name":"wp","href":"https:\/\/api.w.org\/{rel}","templated":true}]}}