{"id":312856,"date":"2024-08-12T16:51:30","date_gmt":"2024-08-12T12:51:30","guid":{"rendered":"https:\/\/www.meydan.tv\/?p=312856"},"modified":"2024-08-12T16:51:37","modified_gmt":"2024-08-12T12:51:37","slug":"sifarisli-yazilar-hakimiyyetyonlu-media-teqsirsizlik-prezumpsiyasini-pozur","status":"publish","type":"post","link":"https:\/\/www.meydan.tv\/az\/article\/sifarisli-yazilar-hakimiyyetyonlu-media-teqsirsizlik-prezumpsiyasini-pozur\/","title":{"rendered":"Sifari\u015fli yaz\u0131lar: hakimiyy\u0259ty\u00f6nl\u00fc media t\u0259qsirsizlik prezumpsiyas\u0131n\u0131 pozur&#8230;"},"content":{"rendered":"\n<p><\/p>\n\n\n\n<p><strong><em>Yaz\u0131 v\u0259 \u00e7\u0131x\u0131\u015flardak\u0131 \u201cdonos\u201dlarla saxlan\u0131lanlara veril\u0259n ittihamlar eynidir<\/em><\/strong><\/p>\n\n\n\n<p>Az\u0259rbaycanda \u00f6t\u0259n ilin sonlar\u0131ndan ba\u015flayaraq h\u00f6kum\u0259t m\u00fcst\u0259qil mediaya basq\u0131n\u0131 g\u00fccl\u0259ndirib. \u0130lin sonundan m\u00fcst\u0259qil jurnalistl\u0259r v\u0259 v\u0259t\u0259nda\u015f c\u0259miyy\u0259ti f\u0259allar\u0131 h\u0259bs edilir.<\/p>\n\n\n\n<p>Bu g\u00fcn Az\u0259rbaycanda 20-d\u0259k jurnalist h\u0259bsd\u0259dir.<\/p>\n\n\n\n<p><strong>B\u0259s bu h\u0259bsl\u0259r Az\u0259rbaycan c\u0259miyy\u0259tin\u0259 nec\u0259 t\u0259qdim edilir?<\/strong><\/p>\n\n\n\n<p>H\u0259bs edil\u0259n jurnalistl\u0259rin \u0259ks\u0259riyy\u0259ti qa\u00e7aqmal\u00e7\u0131l\u0131qda ittiham edilir. Guya qeyri-qanuni yolla Az\u0259rbaycan \u0259razisin\u0259 xarici valyuta g\u0259tiribl\u0259r. \u0130r\u0259li s\u00fcr\u00fcl\u0259n iddialar t\u0259sdiqini tapmasa da, h\u00f6kum\u0259ty\u00f6nl\u00fc media onlar\u0131 \u201cqrant qa\u00e7aqmal\u00e7\u0131l\u0131\u011f\u0131\u201dnda g\u00fcnahland\u0131r\u0131r.<\/p>\n\n\n\n<p>Bu yaz\u0131lar bir \u00e7ox hallarda \u201cdonos\u201d rolunu oynay\u0131r, y\u0259ni \u015f\u0259xsl\u0259r h\u0259bs edilm\u0259zd\u0259n \u00f6nc\u0259 h\u00f6kum\u0259ty\u00f6nl\u00fc mediada onlar haqq\u0131nda kompromat tipli m\u0259lumatlar tirajlan\u0131r v\u0259 daha sonra h\u00fcquq-m\u00fchafiz\u0259 orqanlar\u0131 jurnalistl\u0259ri v\u0259 f\u0259allar\u0131 saxlay\u0131r.<\/p>\n\n\n\n<p><strong>Sifari\u015fli yaz\u0131lar\u0131 tirajlayan media qurumlar\u0131 hans\u0131lard\u0131r?<\/strong><\/p>\n\n\n\n<p>M\u00fcst\u0259qil mediaya qar\u015f\u0131 sifari\u015fli yaz\u0131lar\u0131 tirajlayan v\u0259 \u0259sas\u0259n d\u0259 hakimiyy\u0259tin n\u0259zar\u0259tind\u0259 olan h\u0259min media orqanlar\u0131 il\u0259 yana\u015f\u0131, eyni siyasi x\u0259tt\u0259 ba\u011fl\u0131 olan televizyalar da bu t\u0259bli\u011fat\u0131n \u0259sas ruporlar\u0131ndand\u0131r.<\/p>\n\n\n\n<p>Bu s\u0131rada ATV, REAL TV, \u201cSpace TV\u201d, \u0130ctimai Televiziya, ARB, d\u00f6vl\u0259tin r\u0259smi kanal\u0131 olan AzTV, hakimiyy\u0259td\u0259n maliyy\u0259l\u0259\u015f\u0259n \u201cBaku TV\u201d&nbsp; v\u0259 s. TV-l\u0259r durur.<\/p>\n\n\n\n<p>Media orqanlar\u0131na g\u0259linc\u0259 is\u0259 h\u0259m r\u0259smi, h\u0259m d\u0259 qeyri-r\u0259smi hakimiyy\u0259tin n\u0259zar\u0259tind\u0259 olan b\u00fct\u00fcn informasiya vasit\u0259l\u0259ri bu t\u0259bli\u011fat\u0131n al\u0259tin\u0259 \u00e7evrilib. Buraya d\u00f6vl\u0259tin r\u0259smi media qurulu\u015fu olan \u201cAz\u0259rtac\u201d <a href=\"https:\/\/azertag.az\/xeber\/gurcustan_qerbin_riyakar_siyasetini_yaxsi_xatirladigi_uchun_yeniden_sirin_vedlere_aldanmaq_istemir__serh-2987618\">agentliyi<\/a>, Prezidenti Admintrasiyas\u0131n\u0131n r\u0259smi orqan\u0131 <a href=\"https:\/\/azertag.az\/xeber\/gurcustan_qerbin_riyakar_siyasetini_yaxsi_xatirladigi_uchun_yeniden_sirin_vedlere_aldanmaq_istemir__serh-2987618\">\u201cXalq q\u0259zeti\u201d<\/a> , \u00a0Milli M\u0259clisin r\u0259smi orqan\u0131 \u201cAz\u0259rbaycan q\u0259zeti\u201d, hakimiyy\u0259tin n\u0259zar\u0259tind\u0259 olan \u201cS\u0259s\u201d, \u201cYeni M\u00fcsavat\u201d, <a href=\"https:\/\/525.az\/news\/255202-toplum-tv-uzerinden-yarim-milyon-dollardan-artiq-vesait-qeyri-qanuni-azerbaycana-catdirilaraq-muxtelif-meqsedlerle-serf-olunub\">\u201c525-ci\u201d<\/a>, \u201c\u015e\u0259rq\u201d, \u201c\u0130ki sahil\u201d, v\u0259\u201cT\u00fcrk\u00fcstan\u201d <a href=\"https:\/\/www.turkustan.az\/news\/daily\/76210\">q\u0259zetl\u0259ri<\/a>, \u00a0h\u0259m\u00e7inin h\u00f6kum\u0259ty\u00f6nl\u00fc \u201cReport\u201d, APA, bu holdinq\u0259 daxil olan \u201cLent.az\u201d, \u201cTrend\u201d, \u201cQafqazinfo\u201d, \u201cOxu.az\u201d, \u201cMilli.az\u201d, \u201c\u00d6lk\u0259.az\u201d, \u201cHaqq\u0131n.az\u201d, \u201cDay.az\u201d, \u201cTeleqraf Holdinq\u201d\u0259 daxil olan \u201cPublika.az\u201d, \u201cTeleqraf.com\u201d v\u0259 \u201cAxar.az\u201d saytlar\u0131, eyni zamanda, m\u00fcxt\u0259lif adlarla f\u0259aliyy\u0259t g\u00f6st\u0259r\u0259n v\u0259 Median\u0131n \u0130nki\u015faf\u0131 Agentliyind\u0259n h\u0259r ay 3 000 (\u00fc\u00e7 min) manat v\u0259sait alan media orqanlar\u0131, habel\u0259 d\u00fcnyan\u0131n m\u00fcxt\u0259lif \u00f6lk\u0259l\u0259rind\u0259 f\u0259aliyy\u0259ti qada\u011fan edil\u0259n Rusiyan\u0131n \u201cSputnik\u201d Agentliyinin Az\u0259rbaycan xidm\u0259ti daxildir. H\u0259min media orqanlar\u0131n\u0131n yazd\u0131\u011f\u0131 materiallarda qeyd olunur ki, guya hans\u0131sa Q\u0259rb dair\u0259l\u0259ri \u00f6lk\u0259d\u0259 qar\u0131\u015f\u0131ql\u0131q yaratmaq \u00fc\u00e7\u00fcn m\u00fcst\u0259qil mediadan istifad\u0259 edirl\u0259r. <\/p>\n\n\n\n<figure class=\"wp-block-image size-large\"><img decoding=\"async\" width=\"580\" height=\"821\" data-src=\"https:\/\/www.meydan.tv\/wp-content\/uploads\/image-52-580x821.png\" alt=\"\" class=\"wp-image-312857 lazyload\" src=\"data:image\/svg+xml;base64,PHN2ZyB3aWR0aD0iMSIgaGVpZ2h0PSIxIiB4bWxucz0iaHR0cDovL3d3dy53My5vcmcvMjAwMC9zdmciPjwvc3ZnPg==\" style=\"--smush-placeholder-width: 580px; --smush-placeholder-aspect-ratio: 580\/821;\" \/><\/figure>\n\n\n\n<p>\u018fn maraql\u0131s\u0131 da odur ki, m\u00fcxt\u0259lif media orqanlar\u0131nda yay\u0131lan v\u0259 onlar\u0131n \u201cAra\u015fd\u0131rmas\u0131\u201d kimi t\u0259qdim olunan bu yaz\u0131lar\u0131n m\u0259zmunu, m\u0259tni v\u0259 ritorikas\u0131 eynidir.<\/p>\n\n\n\n<p><\/p>\n\n\n\n<figure class=\"wp-block-image size-large\"><img decoding=\"async\" width=\"603\" height=\"821\" data-src=\"https:\/\/www.meydan.tv\/wp-content\/uploads\/image-53-603x821.png\" alt=\"\" class=\"wp-image-312860 lazyload\" src=\"data:image\/svg+xml;base64,PHN2ZyB3aWR0aD0iMSIgaGVpZ2h0PSIxIiB4bWxucz0iaHR0cDovL3d3dy53My5vcmcvMjAwMC9zdmciPjwvc3ZnPg==\" style=\"--smush-placeholder-width: 603px; --smush-placeholder-aspect-ratio: 603\/821;\" \/><\/figure>\n\n\n\n<p>Materiallardak\u0131 iddialara g\u0259linc\u0259, h\u0259bs edil\u0259n jurnalistl\u0259rin \u00e7al\u0131\u015fd\u0131qlar\u0131 media orqanlar\u0131n\u0131n maliyy\u0259 m\u0259nb\u0259l\u0259ri v\u0259 b\u00fcdc\u0259si il\u0259 ba\u011fl\u0131 r\u0259q\u0259ml\u0259r d\u0259 g\u00f6st\u0259rirl\u0259r. H\u0259min yaz\u0131 v\u0259 \u00e7\u0131x\u0131\u015flarda jurnalistl\u0259rin v\u0259 v\u0259t\u0259nda\u015f c\u0259miyy\u0259ti t\u0259msil\u00e7il\u0259rinin h\u0259bsi v\u0259 c\u0259zaland\u0131r\u0131lmas\u0131 il\u0259 ba\u011fl\u0131 \u00e7a\u011f\u0131r\u0131\u015flar da edilir. Bununla yana\u015f\u0131, saxlan\u0131lan \u015f\u0259xsl\u0259r\u0259 veril\u0259n ittihamlar da bu yaz\u0131larda s\u0259sl\u0259ndiril\u0259n ittihamlarla \u00fcst-\u00fcst\u0259 d\u00fc\u015f\u00fcr&#8230;<\/p>\n\n\n\n<figure class=\"wp-block-image size-full\"><img decoding=\"async\" width=\"975\" height=\"746\" data-src=\"https:\/\/www.meydan.tv\/wp-content\/uploads\/image-54.png\" alt=\"\" class=\"wp-image-312863 lazyload\" src=\"data:image\/svg+xml;base64,PHN2ZyB3aWR0aD0iMSIgaGVpZ2h0PSIxIiB4bWxucz0iaHR0cDovL3d3dy53My5vcmcvMjAwMC9zdmciPjwvc3ZnPg==\" style=\"--smush-placeholder-width: 975px; --smush-placeholder-aspect-ratio: 975\/746;\" \/><\/figure>\n\n\n\n<p><strong>B\u0259s m\u00fcst\u0259qil media \u00f6z\u00fcn\u00fc nec\u0259 m\u00fcdafi\u0259 edir?<\/strong><\/p>\n\n\n\n<p>H\u0259bs edil\u0259n \u015f\u0259xsl\u0259rl\u0259 ba\u011fl\u0131 yay\u0131mlanan yaz\u0131larda t\u0259qsirsizlik prezumpsiyas\u0131n\u0131n pozulmas\u0131 ayd\u0131n sezilir, bu tip sifari\u015fli materiallar d\u0259rc edil\u0259nd\u0259 ekspertl\u0259r v\u0259 v\u0259kill\u0259r m\u0259hk\u0259m\u0259y\u0259 m\u00fcraci\u0259t edir, onlar\u0131n \u201cyalan v\u0259 b\u00f6htan\u201d oldu\u011funu isbatlama\u011fa \u00e7al\u0131\u015f\u0131rlar. Bu m\u0259s\u0259l\u0259 yerli m\u0259hk\u0259m\u0259 instansiyalar\u0131nda obyektiv ara\u015fd\u0131r\u0131lmayanda v\u0259kill\u0259r Avropa \u0130nsan H\u00fcquqlar\u0131 M\u0259hk\u0259m\u0259sin\u0259 \u00fcz tuturlar.<\/p>\n\n\n\n<p>Yaz\u0131lan m\u0259qal\u0259l\u0259ri analiz etdikd\u0259 d\u0259 onlar\u0131n sifari\u015f oldu\u011funu ayd\u0131n g\u00f6rm\u0259k olur: c\u00fcml\u0259l\u0259r eyni s\u00f6zl\u0259 ba\u015flay\u0131r, eyni \u015f\u0259kild\u0259 bitir, ritorika, ittiham v\u0259 yana\u015fma eyni olur&#8230;<\/p>\n\n\n\n<p>Sad\u0259c\u0259 abzaslar\u0131n yerinin d\u0259yi\u015fdiyi bu m\u0259tnl\u0259rin redaksiyalara haz\u0131r g\u0259ldiyin\u0259 \u0259min olmaq \u00fc\u00e7\u00fcn h\u0259min materiallar\u0131 diqq\u0259tl\u0259 izl\u0259m\u0259k yet\u0259rlidir. &nbsp;<\/p>\n\n\n\n<p>Meydan TV ara\u015fd\u0131rma kimi t\u0259qdim edil\u0259n bu yaz\u0131lar\u0131n b\u0259zil\u0259rini analiz edib.<\/p>\n\n\n\n<p><strong>\u0130ki material\u0131n analizi<\/strong><\/p>\n\n\n\n<p>H\u00f6kum\u0259t\u0259 yax\u0131n iki median\u0131n aprelin 18-d\u0259 v\u0259 22-d\u0259 d\u0259rc etdiyi materiala baxaq. Ba\u015fl\u0131qda h\u0259r iki media \u201c\u201cAbzas Media\u201d v\u0259 \u201cToplum TV\u201d i\u015find\u0259&nbsp;yeni faktlar\u201d\u0131n \u00fcz\u0259 \u00e7\u0131xmas\u0131ndan yaz\u0131r. G\u00f6r\u00fcn\u00fcr, burada a\u00e7ar s\u00f6z \u201cyeni faktlar\u201d olub.<\/p>\n\n\n\n<figure class=\"wp-block-image size-full\"><img decoding=\"async\" width=\"975\" height=\"818\" data-src=\"https:\/\/www.meydan.tv\/wp-content\/uploads\/image-55.png\" alt=\"\" class=\"wp-image-312866 lazyload\" src=\"data:image\/svg+xml;base64,PHN2ZyB3aWR0aD0iMSIgaGVpZ2h0PSIxIiB4bWxucz0iaHR0cDovL3d3dy53My5vcmcvMjAwMC9zdmciPjwvc3ZnPg==\" style=\"--smush-placeholder-width: 975px; --smush-placeholder-aspect-ratio: 975\/818;\" \/><\/figure>\n\n\n\n<p><\/p>\n\n\n\n<figure class=\"wp-block-image size-large\"><img decoding=\"async\" width=\"810\" height=\"821\" data-src=\"https:\/\/www.meydan.tv\/wp-content\/uploads\/image-56-810x821.png\" alt=\"\" class=\"wp-image-312869 lazyload\" src=\"data:image\/svg+xml;base64,PHN2ZyB3aWR0aD0iMSIgaGVpZ2h0PSIxIiB4bWxucz0iaHR0cDovL3d3dy53My5vcmcvMjAwMC9zdmciPjwvc3ZnPg==\" style=\"--smush-placeholder-width: 810px; --smush-placeholder-aspect-ratio: 810\/821;\" \/><\/figure>\n\n\n\n<p><strong>Abzaslar\u0131n yeri d\u0259yi\u015fib, lakin c\u00fcml\u0259l\u0259r eynidir<\/strong> H\u0259r iki mediada ged\u0259n materialda c\u00fcml\u0259l\u0259rin qurulu\u015fu eynidir, lakin abzaslar\u0131n yeri d\u0259yi\u015fikdir. D\u00fc\u015f\u00fcn\u00fcl\u0259 bil\u0259r ki, eyni media qurumundan g\u00f6t\u00fcr\u00fcl\u00fcb, lakin yaz\u0131lar\u0131n he\u00e7 birind\u0259 istinad da yoxdur.<\/p>\n\n\n\n<figure class=\"wp-block-image size-large\"><img decoding=\"async\" width=\"900\" height=\"821\" data-src=\"https:\/\/www.meydan.tv\/wp-content\/uploads\/image-57-900x821.png\" alt=\"\" class=\"wp-image-312872 lazyload\" src=\"data:image\/svg+xml;base64,PHN2ZyB3aWR0aD0iMSIgaGVpZ2h0PSIxIiB4bWxucz0iaHR0cDovL3d3dy53My5vcmcvMjAwMC9zdmciPjwvc3ZnPg==\" style=\"--smush-placeholder-width: 900px; --smush-placeholder-aspect-ratio: 900\/821;\" \/><\/figure>\n\n\n\n<figure class=\"wp-block-image size-large\"><img decoding=\"async\" width=\"873\" height=\"821\" data-src=\"https:\/\/www.meydan.tv\/wp-content\/uploads\/image-58-873x821.png\" alt=\"\" class=\"wp-image-312875 lazyload\" src=\"data:image\/svg+xml;base64,PHN2ZyB3aWR0aD0iMSIgaGVpZ2h0PSIxIiB4bWxucz0iaHR0cDovL3d3dy53My5vcmcvMjAwMC9zdmciPjwvc3ZnPg==\" style=\"--smush-placeholder-width: 873px; --smush-placeholder-aspect-ratio: 873\/821;\" \/><\/figure>\n\n\n\n<p>Yaz\u0131da g\u0259lin\u0259n n\u0259tic\u0259 d\u0259 eynidir v\u0259 jurnalist etikas\u0131na s\u0131\u011fmayan \u015f\u0259kild\u0259 fikir bildirilib, r\u0259y formala\u015fd\u0131r\u0131l\u0131b. \u00dcst\u0259lik, istintaq\u0131 davam ed\u0259n v\u0259 h\u0259l\u0259 m\u0259hk\u0259m\u0259 q\u0259rar\u0131 olmayan i\u015f \u00fczr\u0259&#8230;<\/p>\n\n\n\n<p>Yazd\u0131\u011f\u0131m\u0131z, sad\u0259c\u0259, iki g\u00fcn f\u0259rql\u0259 yaz\u0131lm\u0131\u015f iki material\u0131n analizidir. X\u00fcsusi m\u0259lumat \u0259ld\u0259 olunmay\u0131b, b\u00fct\u00fcn h\u00f6kum\u0259t\u0259 yax\u0131n median\u0131n axtar\u0131\u015f b\u00f6l\u00fcm\u00fcnd\u0259n \u201cTolum TV\u201d, \u201cAbzas Media\u201d a\u00e7ar s\u00f6zl\u0259rini yaz\u0131b, siz d\u0259 oxuya, yaz\u0131lar\u0131 bir-biri il\u0259 tutu\u015fdura bil\u0259rsiniz. Bu zaman ham\u0131s\u0131n\u0131 eyni m\u0259nb\u0259nin, yoxsa ayr\u0131-ayr\u0131 median\u0131n yazd\u0131\u011f\u0131n\u0131 anlayacaqs\u0131n\u0131z&#8230;<\/p>\n\n\n\n<p><strong>T\u0259qsirsizlik prezumpsiyas\u0131 n\u0259dir?<\/strong><\/p>\n\n\n\n<p>Az\u0259rbaycan Konstitusiyas\u0131n\u0131n 63-c\u00fc madd\u0259si T\u0259qsirsizlik prezumpsiyas\u0131 adlan\u0131r. Bu madd\u0259y\u0259 g\u00f6r\u0259, cinay\u0259tin t\u00f6r\u0259dilm\u0259sind\u0259 t\u0259qsirl\u0259ndiril\u0259n insanlar\u0131n t\u0259qsiri qanunla n\u0259z\u0259rd\u0259 tutulan qaydada s\u00fcbuta yetirilm\u0259yibs\u0259, bar\u0259sind\u0259 m\u0259hk\u0259m\u0259nin qanuni q\u00fcvv\u0259y\u0259 minmi\u015f h\u00f6km\u00fc yoxdursa, t\u0259qsirsiz say\u0131l\u0131r.<\/p>\n\n\n\n<p>Az\u0259rbaycan\u0131n yerli, h\u00f6kum\u0259t medias\u0131 is\u0259 ba\u015fl\u0131qlar\u0131nda \u201cqrant qa\u00e7aqmal\u00e7\u0131l\u0131\u011f\u0131\u201d ifad\u0259sind\u0259n istifad\u0259 edir.<\/p>\n\n\n\n<p><strong>T\u0259qsirsizlik prezumpsiyas\u0131n\u0131 pozanlar\u0131 n\u0259 g\u00f6zl\u0259yir?<\/strong><\/p>\n\n\n\n<p>Demokratik T\u0259\u015f\u0259bb\u00fcsl\u0259r \u0130nstitutunun (IDI) \u201cT\u0259qsirsizlik Prezumpsiyas\u0131 il\u0259 ba\u011fl\u0131 Avropa \u0130nsan H\u00fcquqlar\u0131 M\u0259hk\u0259m\u0259sinin (A\u0130HM) Az\u0259rbaycana qar\u015f\u0131 q\u0259rarlar\u0131n\u0131n icra v\u0259ziyy\u0259tin\u0259 dair\u201d hesabat\u0131nda bildirilir ki, Az\u0259rbaycan Respublikas\u0131n\u0131n qanunvericiliyind\u0259 t\u0259qsirsizlik prezumpsiyas\u0131 il\u0259 ba\u011fl\u0131 m\u00fcdd\u0259alar \u0259ks olunub. Lakin bunun pozulmas\u0131na g\u00f6r\u0259 hans\u0131 n\u00f6v m\u0259suliyy\u0259t da\u015f\u0131nmas\u0131 g\u00f6st\u0259rilm\u0259yib:<\/p>\n\n\n\n<p>\u201cBu, t\u0259qsirsizlik prezumpsiyas\u0131 il\u0259 ba\u011fl\u0131 yerli qanunvericilikd\u0259 olan bo\u015fluqlardan biridir\u201d.<\/p>\n\n\n\n<p>B\u0259lk\u0259 d\u0259, c\u0259zan\u0131n olmamas\u0131 yerli median\u0131n qanun pozmas\u0131na \u015f\u0259rait yarad\u0131r. C\u0259zan\u0131n olmamas\u0131na g\u0259linc\u0259, bu sah\u0259d\u0259 h\u0259r hans\u0131 c\u0259za t\u0259tbiq edilm\u0259m\u0259si d\u0259 g\u00f6r\u00fcn\u00fcr, indiki durumda s\u0259rf\u0259lidir.<\/p>\n\n\n\n<p><strong>Jurnalist media qurumunu m\u0259hk\u0259m\u0259y\u0259 verib<\/strong><\/p>\n\n\n\n<p>H\u0259l\u0259lik h\u0259bs olunan jurnalistl\u0259rd\u0259n Hafiz Babal\u0131 \u015f\u0259r\u0259f v\u0259 l\u0259yaq\u0259tin\u0259 x\u0259l\u0259l g\u0259tir\u0259n b\u00f6htan v\u0259 t\u0259hqir xarakterli fikirl\u0259r s\u0259sl\u0259ndirdiyin\u0259 g\u00f6r\u0259 ATV telekanal\u0131n\u0131 m\u0259hk\u0259m\u0259y\u0259 verib.<\/p>\n\n\n\n<p>S\u0259bail Rayon M\u0259hk\u0259m\u0259si h\u0259min iddian\u0131 t\u0259min etm\u0259diyind\u0259n jurnalist apelyasiya \u015fikay\u0259ti verib. \u0130ddada deyilir ki, Babal\u0131n\u0131n ara\u015fd\u0131rmalar\u0131 onun jurnalist f\u0259aliyy\u0259tinin bir hiss\u0259si olub, xarici donorlar\u0131n sifari\u015fi olmay\u0131b. Bundan \u0259lav\u0259, he\u00e7 kim d\u0259rc olunmu\u015f m\u0259qal\u0259l\u0259rl\u0259 ba\u011fl\u0131 iddia qald\u0131rmay\u0131b, h\u0259min m\u0259qal\u0259l\u0259rd\u0259ki m\u0259lumatlar is\u0259 he\u00e7 bir inzibati orqan t\u0259r\u0259find\u0259n t\u0259kzib edilm\u0259yib v\u0259 m\u0259hk\u0259m\u0259d\u0259 m\u00fcbahis\u0259l\u0259ndirilm\u0259yib.<\/p>\n\n\n\n<p>\u201cLakin birinci instansiya m\u0259hk\u0259m\u0259si obyektiv ara\u015fd\u0131rma aparmay\u0131b\u201d, &#8211; v\u0259kil R\u0259sul C\u0259f\u0259rov bildirib.<\/p>\n\n\n\n<p>Onun s\u00f6zl\u0259rin\u0259 g\u00f6r\u0259, m\u0259lumat\u0131n \u201cQafqazinfo.az\u201d sayt\u0131ndan g\u00f6t\u00fcr\u00fclm\u0259sil\u0259 ba\u011fl\u0131 ATV telekanal\u0131n\u0131n n\u00fcmay\u0259nd\u0259sinin d\u0259lill\u0259ri tutarl\u0131 deyil. Qanunvericiliy\u0259 \u0259sas\u0259n, media dig\u0259r K\u0130V-in informasiyas\u0131n\u0131n yay\u0131lmas\u0131na g\u00f6r\u0259 m\u0259suliyy\u0259td\u0259n azad edilmir.<\/p>\n\n\n\n<p>\u201cMedia haqq\u0131nda\u201d Qanunun 77-ci madd\u0259sin\u0259 \u0259sas\u0259n, \u0259g\u0259r K\u0130V d\u00f6vl\u0259t orqanlar\u0131n\u0131n r\u0259smi m\u0259lumatlar\u0131n\u0131, onlar\u0131n v\u0259zif\u0259li \u015f\u0259xsl\u0259rinin, deputatlar\u0131n\u0131n b\u0259yanatlar\u0131n\u0131 v\u0259 ya \u00e7\u0131x\u0131\u015flar\u0131n\u0131, d\u00f6vl\u0259t, \u00f6z\u0259l v\u0259 qeyri-h\u00f6kum\u0259t t\u0259\u015fkilatlar\u0131n\u0131n, partiyalar\u0131n press-relizl\u0259rini, informasiya agentlikl\u0259rinin m\u0259lumatlar\u0131n\u0131 d\u0259rc etdikd\u0259 m\u0259suliyy\u0259td\u0259n azad edilir. \u0130ndik halda is\u0259 77-ci madd\u0259y\u0259 istinad uy\u011fun deyil, \u00e7\u00fcnki \u201cQafqazinfo.az\u201d informasiya agentliyi deyil, \u0130nternet- q\u0259zetdir. Dig\u0259r t\u0259r\u0259fd\u0259n, \u201cQafqazinfo.az\u201dda d\u0259rc&nbsp; edilmi\u015f m\u0259lumat he\u00e7 bir d\u00f6vl\u0259t orqan\u0131n\u0131n v\u0259 ya \u00f6z\u0259l, b\u0259l\u0259diyy\u0259 v\u0259 ya ictimai t\u0259\u015fkilat\u0131n r\u0259smi m\u0259lumat\u0131 deyildi. Saytdak\u0131 fikirl\u0259rin m\u0259nb\u0259yi, \u00fcmumiyy\u0259tl\u0259, g\u00f6st\u0259rilm\u0259yib&#8221;, &#8211; C\u0259f\u0259rov \u201cTuran\u201da a\u00e7\u0131qlamas\u0131nda bel\u0259 deyib.<\/p>\n\n\n\n<p>Jurnalistin apelyasiya \u015fikay\u0259ti d\u0259 t\u0259min olunmad\u0131\u011f\u0131ndan Ali M\u0259hk\u0259m\u0259y\u0259 kassasiya \u015fikay\u0259ti veril\u0259c\u0259k&#8230;<\/p>\n\n\n\n<p><strong>N\u0259 ba\u015f verib?<\/strong><\/p>\n\n\n\n<p>2023-c\u00fc ilin noyabr\u0131ndan bu yana Az\u0259rbaycanda 20-d\u0259k jurnalist, ictimai f\u0259al h\u0259bs edilib.<br>\u018fvv\u0259lc\u0259 h\u0259bsl\u0259r \u201cAbzasMedia\u201d i\u015fi il\u0259 \u0259laq\u0259li olub. H\u0259min i\u015fd\u0259 \u00f6nc\u0259 sayt\u0131n direktoru \u00dclvi H\u0259s\u0259nli, \u0259m\u0259kda\u015f\u0131 M\u0259h\u0259mm\u0259d Kekalov, ba\u015f redaktoru Sevinc Vaqifq\u0131z\u0131 h\u0259bs edilib.<\/p>\n\n\n\n<p>Daha sonra bu i\u015f\u0259 aid h\u0259bsl\u0259r jurnalistl\u0259r Hafiz Babal\u0131, N\u0259rgiz Absalamova v\u0259 Elnar\u0259 Qas\u0131mova il\u0259 davam edib. Onlar\u0131n haz\u0131rda h\u0259bs m\u00fcdd\u0259tl\u0259ri art\u0131r\u0131l\u0131b. H\u0259min \u015f\u0259xsl\u0259r qa\u00e7aqmal\u00e7\u0131l\u0131qda ittiham edilirl\u0259r. Amma \u00f6zl\u0259ri ittihamla raz\u0131la\u015fm\u0131r, bunu pe\u015f\u0259 f\u0259aliyy\u0259tl\u0259ri v\u0259 siyasi sifari\u015f il\u0259 izah edirl\u0259r.<\/p>\n\n\n\n<p>Daha sonra h\u0259bsl\u0259r \u201cToplum TV\u201d i\u015fi \u00fczr\u0259 davam edib. Bu il mart\u0131n 6-da polis \u201cToplum TV\u201d internet telekanal\u0131na reyd ke\u00e7ir\u0259r\u0259k kanal\u0131n ofisini ba\u011flay\u0131b. Kanal\u0131n t\u0259sis\u00e7isi \u018fl\u0259sg\u0259r M\u0259mm\u0259dli v\u0259 daha bir ne\u00e7\u0259 n\u0259f\u0259r saxlan\u0131l\u0131b.<\/p>\n\n\n\n<p>Yerli h\u00fcquq-m\u00fcdafi\u0259 t\u0259\u015fkilatlar\u0131n\u0131n haz\u0131rlad\u0131\u011f\u0131 siyah\u0131lara g\u00f6r\u0259, haz\u0131rda Az\u0259rbaycan h\u0259bsxanalar\u0131nda 250-300 siyasi m\u0259hbus var.<\/p>\n\n\n\n<p>R\u0259smil\u0259r is\u0259 a\u00e7\u0131qlamalar\u0131nda \u00f6lk\u0259d\u0259 he\u00e7 kimin s\u0131rf pe\u015f\u0259 f\u0259aliyy\u0259ti il\u0259 ba\u011fl\u0131, siyasi \u0259saslar il\u0259 h\u0259bs edilm\u0259diyini bildirirl\u0259r.<\/p>\n","protected":false},"excerpt":{"rendered":"<p>Yaz\u0131 v\u0259 \u00e7\u0131x\u0131\u015flardak\u0131 \u201cdonos\u201dlarla saxlan\u0131lanlara veril\u0259n ittihamlar eynidir Az\u0259rbaycanda \u00f6t\u0259n &#8230; <\/p>\n<p class=\"read-more-container\"><a title=\"Sifari\u015fli yaz\u0131lar: hakimiyy\u0259ty\u00f6nl\u00fc media t\u0259qsirsizlik prezumpsiyas\u0131n\u0131 pozur&#8230;\" class=\"read-more button\" href=\"https:\/\/www.meydan.tv\/az\/article\/sifarisli-yazilar-hakimiyyetyonlu-media-teqsirsizlik-prezumpsiyasini-pozur\/#more-312856\" aria-label=\"Read more about Sifari\u015fli yaz\u0131lar: hakimiyy\u0259ty\u00f6nl\u00fc media t\u0259qsirsizlik prezumpsiyas\u0131n\u0131 pozur&#8230;\">Davam\u0131<\/a><\/p>\n","protected":false},"author":8,"featured_media":310988,"comment_status":"closed","ping_status":"closed","sticky":false,"template":"","format":"standard","meta":{"_acf_changed":false,"_sitemap_exclude":false,"_sitemap_priority":"","_sitemap_frequency":"","footnotes":""},"categories":[59,79,56],"tags":[],"class_list":["post-312856","post","type-post","status-publish","format-standard","has-post-thumbnail","hentry","category-siyaset","category-featured","category-xeberler","infinite-scroll-item","generate-columns","tablet-grid-50","mobile-grid-100","grid-parent","grid-33","no-featured-image-padding"],"acf":[],"yoast_head":"<!-- This site is optimized with the Yoast SEO plugin v27.4 - https:\/\/yoast.com\/product\/yoast-seo-wordpress\/ -->\n<title>Sifari\u015fli yaz\u0131lar: hakimiyy\u0259ty\u00f6nl\u00fc media t\u0259qsirsizlik prezumpsiyas\u0131n\u0131 pozur... - MEYDAN.TV<\/title>\n<meta name=\"description\" content=\"H\u0259min media orqanlar\u0131n\u0131n yazd\u0131\u011f\u0131 materiallarda qeyd olunur ki, guya hans\u0131sa Q\u0259rb dair\u0259l\u0259ri \u00f6lk\u0259d\u0259 qar\u0131\u015f\u0131ql\u0131q yaratmaq \u00fc\u00e7\u00fcn m\u00fcst\u0259qil mediadan istifad\u0259 edirl\u0259r.\" \/>\n<meta name=\"robots\" content=\"index, follow, max-snippet:-1, max-image-preview:large, max-video-preview:-1\" \/>\n<link rel=\"canonical\" href=\"https:\/\/www.meydan.tv\/az\/article\/sifarisli-yazilar-hakimiyyetyonlu-media-teqsirsizlik-prezumpsiyasini-pozur\/\" \/>\n<meta property=\"og:locale\" content=\"az_AZ\" \/>\n<meta property=\"og:type\" content=\"article\" \/>\n<meta property=\"og:title\" content=\"Sifari\u015fli yaz\u0131lar: hakimiyy\u0259ty\u00f6nl\u00fc media t\u0259qsirsizlik prezumpsiyas\u0131n\u0131 pozur... - MEYDAN.TV\" \/>\n<meta property=\"og:description\" content=\"H\u0259min media orqanlar\u0131n\u0131n yazd\u0131\u011f\u0131 materiallarda qeyd olunur ki, guya hans\u0131sa Q\u0259rb dair\u0259l\u0259ri \u00f6lk\u0259d\u0259 qar\u0131\u015f\u0131ql\u0131q yaratmaq \u00fc\u00e7\u00fcn m\u00fcst\u0259qil mediadan istifad\u0259 edirl\u0259r.\" \/>\n<meta property=\"og:url\" content=\"https:\/\/www.meydan.tv\/az\/article\/sifarisli-yazilar-hakimiyyetyonlu-media-teqsirsizlik-prezumpsiyasini-pozur\/\" \/>\n<meta property=\"og:site_name\" content=\"MEYDAN.TV\" \/>\n<meta property=\"article:published_time\" content=\"2024-08-12T12:51:30+00:00\" \/>\n<meta property=\"article:modified_time\" content=\"2024-08-12T12:51:37+00:00\" \/>\n<meta property=\"og:image\" content=\"https:\/\/www.meydan.tv\/wp-content\/uploads\/image_from_ios-57-e1721649937548.jpg\" \/>\n\t<meta property=\"og:image:width\" content=\"1280\" \/>\n\t<meta property=\"og:image:height\" content=\"524\" \/>\n\t<meta property=\"og:image:type\" content=\"image\/jpeg\" \/>\n<meta name=\"author\" content=\"elli\" \/>\n<meta name=\"twitter:card\" content=\"summary_large_image\" \/>\n<meta name=\"twitter:creator\" content=\"@elli\" \/>\n<script type=\"application\/ld+json\" class=\"yoast-schema-graph\">{\"@context\":\"https:\\\/\\\/schema.org\",\"@graph\":[{\"@type\":\"Article\",\"@id\":\"https:\\\/\\\/www.meydan.tv\\\/az\\\/article\\\/sifarisli-yazilar-hakimiyyetyonlu-media-teqsirsizlik-prezumpsiyasini-pozur\\\/#article\",\"isPartOf\":{\"@id\":\"https:\\\/\\\/www.meydan.tv\\\/az\\\/article\\\/sifarisli-yazilar-hakimiyyetyonlu-media-teqsirsizlik-prezumpsiyasini-pozur\\\/\"},\"author\":{\"name\":\"elli\",\"@id\":\"https:\\\/\\\/www.meydan.tv\\\/az\\\/#\\\/schema\\\/person\\\/9cdbecf90d17180ce1dfbd95b08dcf47\"},\"headline\":\"Sifari\u015fli yaz\u0131lar: hakimiyy\u0259ty\u00f6nl\u00fc media t\u0259qsirsizlik prezumpsiyas\u0131n\u0131 pozur&#8230;\",\"datePublished\":\"2024-08-12T12:51:30+00:00\",\"dateModified\":\"2024-08-12T12:51:37+00:00\",\"mainEntityOfPage\":{\"@id\":\"https:\\\/\\\/www.meydan.tv\\\/az\\\/article\\\/sifarisli-yazilar-hakimiyyetyonlu-media-teqsirsizlik-prezumpsiyasini-pozur\\\/\"},\"wordCount\":1914,\"publisher\":{\"@id\":\"https:\\\/\\\/www.meydan.tv\\\/az\\\/#organization\"},\"image\":{\"@id\":\"https:\\\/\\\/www.meydan.tv\\\/az\\\/article\\\/sifarisli-yazilar-hakimiyyetyonlu-media-teqsirsizlik-prezumpsiyasini-pozur\\\/#primaryimage\"},\"thumbnailUrl\":\"https:\\\/\\\/www.meydan.tv\\\/wp-content\\\/uploads\\\/image_from_ios-57-e1721649937548.jpg\",\"articleSection\":[\"Siyas\u0259t\",\"T\u00f6vsiy\u0259\",\"X\u0259b\u0259rl\u0259r\"],\"inLanguage\":\"az\"},{\"@type\":\"WebPage\",\"@id\":\"https:\\\/\\\/www.meydan.tv\\\/az\\\/article\\\/sifarisli-yazilar-hakimiyyetyonlu-media-teqsirsizlik-prezumpsiyasini-pozur\\\/\",\"url\":\"https:\\\/\\\/www.meydan.tv\\\/az\\\/article\\\/sifarisli-yazilar-hakimiyyetyonlu-media-teqsirsizlik-prezumpsiyasini-pozur\\\/\",\"name\":\"Sifari\u015fli yaz\u0131lar: hakimiyy\u0259ty\u00f6nl\u00fc media t\u0259qsirsizlik prezumpsiyas\u0131n\u0131 pozur... - MEYDAN.TV\",\"isPartOf\":{\"@id\":\"https:\\\/\\\/www.meydan.tv\\\/az\\\/#website\"},\"primaryImageOfPage\":{\"@id\":\"https:\\\/\\\/www.meydan.tv\\\/az\\\/article\\\/sifarisli-yazilar-hakimiyyetyonlu-media-teqsirsizlik-prezumpsiyasini-pozur\\\/#primaryimage\"},\"image\":{\"@id\":\"https:\\\/\\\/www.meydan.tv\\\/az\\\/article\\\/sifarisli-yazilar-hakimiyyetyonlu-media-teqsirsizlik-prezumpsiyasini-pozur\\\/#primaryimage\"},\"thumbnailUrl\":\"https:\\\/\\\/www.meydan.tv\\\/wp-content\\\/uploads\\\/image_from_ios-57-e1721649937548.jpg\",\"datePublished\":\"2024-08-12T12:51:30+00:00\",\"dateModified\":\"2024-08-12T12:51:37+00:00\",\"description\":\"H\u0259min media orqanlar\u0131n\u0131n yazd\u0131\u011f\u0131 materiallarda qeyd olunur ki, guya hans\u0131sa Q\u0259rb dair\u0259l\u0259ri \u00f6lk\u0259d\u0259 qar\u0131\u015f\u0131ql\u0131q yaratmaq \u00fc\u00e7\u00fcn m\u00fcst\u0259qil mediadan istifad\u0259 edirl\u0259r.\",\"breadcrumb\":{\"@id\":\"https:\\\/\\\/www.meydan.tv\\\/az\\\/article\\\/sifarisli-yazilar-hakimiyyetyonlu-media-teqsirsizlik-prezumpsiyasini-pozur\\\/#breadcrumb\"},\"inLanguage\":\"az\",\"potentialAction\":[{\"@type\":\"ReadAction\",\"target\":[\"https:\\\/\\\/www.meydan.tv\\\/az\\\/article\\\/sifarisli-yazilar-hakimiyyetyonlu-media-teqsirsizlik-prezumpsiyasini-pozur\\\/\"]}]},{\"@type\":\"ImageObject\",\"inLanguage\":\"az\",\"@id\":\"https:\\\/\\\/www.meydan.tv\\\/az\\\/article\\\/sifarisli-yazilar-hakimiyyetyonlu-media-teqsirsizlik-prezumpsiyasini-pozur\\\/#primaryimage\",\"url\":\"https:\\\/\\\/www.meydan.tv\\\/wp-content\\\/uploads\\\/image_from_ios-57-e1721649937548.jpg\",\"contentUrl\":\"https:\\\/\\\/www.meydan.tv\\\/wp-content\\\/uploads\\\/image_from_ios-57-e1721649937548.jpg\",\"width\":1280,\"height\":524,\"caption\":\"Media g\u00fcn\u00fc. Foto-kollaj: Meydan TV\"},{\"@type\":\"BreadcrumbList\",\"@id\":\"https:\\\/\\\/www.meydan.tv\\\/az\\\/article\\\/sifarisli-yazilar-hakimiyyetyonlu-media-teqsirsizlik-prezumpsiyasini-pozur\\\/#breadcrumb\",\"itemListElement\":[{\"@type\":\"ListItem\",\"position\":1,\"name\":\"Ana s\u0259hif\u0259\",\"item\":\"https:\\\/\\\/www.meydan.tv\\\/az\\\/\"},{\"@type\":\"ListItem\",\"position\":2,\"name\":\"Siyas\u0259t\",\"item\":\"https:\\\/\\\/www.meydan.tv\\\/az\\\/section\\\/siyaset\\\/\"},{\"@type\":\"ListItem\",\"position\":3,\"name\":\"Sifari\u015fli yaz\u0131lar: hakimiyy\u0259ty\u00f6nl\u00fc media t\u0259qsirsizlik prezumpsiyas\u0131n\u0131 pozur&#8230;\"}]},{\"@type\":\"WebSite\",\"@id\":\"https:\\\/\\\/www.meydan.tv\\\/az\\\/#website\",\"url\":\"https:\\\/\\\/www.meydan.tv\\\/az\\\/\",\"name\":\"MEYDAN.TV\",\"description\":\"Meydan TV Az\u0259rbaycan\u0131n media m\u0259kan\u0131ndak\u0131 alternativ s\u0259sidir\",\"publisher\":{\"@id\":\"https:\\\/\\\/www.meydan.tv\\\/az\\\/#organization\"},\"potentialAction\":[{\"@type\":\"SearchAction\",\"target\":{\"@type\":\"EntryPoint\",\"urlTemplate\":\"https:\\\/\\\/www.meydan.tv\\\/az\\\/?s={search_term_string}\"},\"query-input\":{\"@type\":\"PropertyValueSpecification\",\"valueRequired\":true,\"valueName\":\"search_term_string\"}}],\"inLanguage\":\"az\"},{\"@type\":\"Organization\",\"@id\":\"https:\\\/\\\/www.meydan.tv\\\/az\\\/#organization\",\"name\":\"Meydan TV\",\"url\":\"https:\\\/\\\/www.meydan.tv\\\/az\\\/\",\"logo\":{\"@type\":\"ImageObject\",\"inLanguage\":\"az\",\"@id\":\"https:\\\/\\\/www.meydan.tv\\\/az\\\/#\\\/schema\\\/logo\\\/image\\\/\",\"url\":\"https:\\\/\\\/www.meydan.tv\\\/wp-content\\\/uploads\\\/2021\\\/07\\\/meydan-logo.svg\",\"contentUrl\":\"https:\\\/\\\/www.meydan.tv\\\/wp-content\\\/uploads\\\/2021\\\/07\\\/meydan-logo.svg\",\"width\":195,\"height\":46,\"caption\":\"Meydan TV\"},\"image\":{\"@id\":\"https:\\\/\\\/www.meydan.tv\\\/az\\\/#\\\/schema\\\/logo\\\/image\\\/\"}},{\"@type\":\"Person\",\"@id\":\"https:\\\/\\\/www.meydan.tv\\\/az\\\/#\\\/schema\\\/person\\\/9cdbecf90d17180ce1dfbd95b08dcf47\",\"name\":\"elli\",\"sameAs\":[\"https:\\\/\\\/x.com\\\/elli\"]}]}<\/script>\n<!-- \/ Yoast SEO plugin. -->","yoast_head_json":{"title":"Sifari\u015fli yaz\u0131lar: hakimiyy\u0259ty\u00f6nl\u00fc media t\u0259qsirsizlik prezumpsiyas\u0131n\u0131 pozur... - MEYDAN.TV","description":"H\u0259min media orqanlar\u0131n\u0131n yazd\u0131\u011f\u0131 materiallarda qeyd olunur ki, guya hans\u0131sa Q\u0259rb dair\u0259l\u0259ri \u00f6lk\u0259d\u0259 qar\u0131\u015f\u0131ql\u0131q yaratmaq \u00fc\u00e7\u00fcn m\u00fcst\u0259qil mediadan istifad\u0259 edirl\u0259r.","robots":{"index":"index","follow":"follow","max-snippet":"max-snippet:-1","max-image-preview":"max-image-preview:large","max-video-preview":"max-video-preview:-1"},"canonical":"https:\/\/www.meydan.tv\/az\/article\/sifarisli-yazilar-hakimiyyetyonlu-media-teqsirsizlik-prezumpsiyasini-pozur\/","og_locale":"az_AZ","og_type":"article","og_title":"Sifari\u015fli yaz\u0131lar: hakimiyy\u0259ty\u00f6nl\u00fc media t\u0259qsirsizlik prezumpsiyas\u0131n\u0131 pozur... - MEYDAN.TV","og_description":"H\u0259min media orqanlar\u0131n\u0131n yazd\u0131\u011f\u0131 materiallarda qeyd olunur ki, guya hans\u0131sa Q\u0259rb dair\u0259l\u0259ri \u00f6lk\u0259d\u0259 qar\u0131\u015f\u0131ql\u0131q yaratmaq \u00fc\u00e7\u00fcn m\u00fcst\u0259qil mediadan istifad\u0259 edirl\u0259r.","og_url":"https:\/\/www.meydan.tv\/az\/article\/sifarisli-yazilar-hakimiyyetyonlu-media-teqsirsizlik-prezumpsiyasini-pozur\/","og_site_name":"MEYDAN.TV","article_published_time":"2024-08-12T12:51:30+00:00","article_modified_time":"2024-08-12T12:51:37+00:00","og_image":[{"width":1280,"height":524,"url":"https:\/\/www.meydan.tv\/wp-content\/uploads\/image_from_ios-57-e1721649937548.jpg","type":"image\/jpeg"}],"author":"elli","twitter_card":"summary_large_image","twitter_creator":"@elli","schema":{"@context":"https:\/\/schema.org","@graph":[{"@type":"Article","@id":"https:\/\/www.meydan.tv\/az\/article\/sifarisli-yazilar-hakimiyyetyonlu-media-teqsirsizlik-prezumpsiyasini-pozur\/#article","isPartOf":{"@id":"https:\/\/www.meydan.tv\/az\/article\/sifarisli-yazilar-hakimiyyetyonlu-media-teqsirsizlik-prezumpsiyasini-pozur\/"},"author":{"name":"elli","@id":"https:\/\/www.meydan.tv\/az\/#\/schema\/person\/9cdbecf90d17180ce1dfbd95b08dcf47"},"headline":"Sifari\u015fli yaz\u0131lar: hakimiyy\u0259ty\u00f6nl\u00fc media t\u0259qsirsizlik prezumpsiyas\u0131n\u0131 pozur&#8230;","datePublished":"2024-08-12T12:51:30+00:00","dateModified":"2024-08-12T12:51:37+00:00","mainEntityOfPage":{"@id":"https:\/\/www.meydan.tv\/az\/article\/sifarisli-yazilar-hakimiyyetyonlu-media-teqsirsizlik-prezumpsiyasini-pozur\/"},"wordCount":1914,"publisher":{"@id":"https:\/\/www.meydan.tv\/az\/#organization"},"image":{"@id":"https:\/\/www.meydan.tv\/az\/article\/sifarisli-yazilar-hakimiyyetyonlu-media-teqsirsizlik-prezumpsiyasini-pozur\/#primaryimage"},"thumbnailUrl":"https:\/\/www.meydan.tv\/wp-content\/uploads\/image_from_ios-57-e1721649937548.jpg","articleSection":["Siyas\u0259t","T\u00f6vsiy\u0259","X\u0259b\u0259rl\u0259r"],"inLanguage":"az"},{"@type":"WebPage","@id":"https:\/\/www.meydan.tv\/az\/article\/sifarisli-yazilar-hakimiyyetyonlu-media-teqsirsizlik-prezumpsiyasini-pozur\/","url":"https:\/\/www.meydan.tv\/az\/article\/sifarisli-yazilar-hakimiyyetyonlu-media-teqsirsizlik-prezumpsiyasini-pozur\/","name":"Sifari\u015fli yaz\u0131lar: hakimiyy\u0259ty\u00f6nl\u00fc media t\u0259qsirsizlik prezumpsiyas\u0131n\u0131 pozur... - MEYDAN.TV","isPartOf":{"@id":"https:\/\/www.meydan.tv\/az\/#website"},"primaryImageOfPage":{"@id":"https:\/\/www.meydan.tv\/az\/article\/sifarisli-yazilar-hakimiyyetyonlu-media-teqsirsizlik-prezumpsiyasini-pozur\/#primaryimage"},"image":{"@id":"https:\/\/www.meydan.tv\/az\/article\/sifarisli-yazilar-hakimiyyetyonlu-media-teqsirsizlik-prezumpsiyasini-pozur\/#primaryimage"},"thumbnailUrl":"https:\/\/www.meydan.tv\/wp-content\/uploads\/image_from_ios-57-e1721649937548.jpg","datePublished":"2024-08-12T12:51:30+00:00","dateModified":"2024-08-12T12:51:37+00:00","description":"H\u0259min media orqanlar\u0131n\u0131n yazd\u0131\u011f\u0131 materiallarda qeyd olunur ki, guya hans\u0131sa Q\u0259rb dair\u0259l\u0259ri \u00f6lk\u0259d\u0259 qar\u0131\u015f\u0131ql\u0131q yaratmaq \u00fc\u00e7\u00fcn m\u00fcst\u0259qil mediadan istifad\u0259 edirl\u0259r.","breadcrumb":{"@id":"https:\/\/www.meydan.tv\/az\/article\/sifarisli-yazilar-hakimiyyetyonlu-media-teqsirsizlik-prezumpsiyasini-pozur\/#breadcrumb"},"inLanguage":"az","potentialAction":[{"@type":"ReadAction","target":["https:\/\/www.meydan.tv\/az\/article\/sifarisli-yazilar-hakimiyyetyonlu-media-teqsirsizlik-prezumpsiyasini-pozur\/"]}]},{"@type":"ImageObject","inLanguage":"az","@id":"https:\/\/www.meydan.tv\/az\/article\/sifarisli-yazilar-hakimiyyetyonlu-media-teqsirsizlik-prezumpsiyasini-pozur\/#primaryimage","url":"https:\/\/www.meydan.tv\/wp-content\/uploads\/image_from_ios-57-e1721649937548.jpg","contentUrl":"https:\/\/www.meydan.tv\/wp-content\/uploads\/image_from_ios-57-e1721649937548.jpg","width":1280,"height":524,"caption":"Media g\u00fcn\u00fc. Foto-kollaj: Meydan TV"},{"@type":"BreadcrumbList","@id":"https:\/\/www.meydan.tv\/az\/article\/sifarisli-yazilar-hakimiyyetyonlu-media-teqsirsizlik-prezumpsiyasini-pozur\/#breadcrumb","itemListElement":[{"@type":"ListItem","position":1,"name":"Ana s\u0259hif\u0259","item":"https:\/\/www.meydan.tv\/az\/"},{"@type":"ListItem","position":2,"name":"Siyas\u0259t","item":"https:\/\/www.meydan.tv\/az\/section\/siyaset\/"},{"@type":"ListItem","position":3,"name":"Sifari\u015fli yaz\u0131lar: hakimiyy\u0259ty\u00f6nl\u00fc media t\u0259qsirsizlik prezumpsiyas\u0131n\u0131 pozur&#8230;"}]},{"@type":"WebSite","@id":"https:\/\/www.meydan.tv\/az\/#website","url":"https:\/\/www.meydan.tv\/az\/","name":"MEYDAN.TV","description":"Meydan TV Az\u0259rbaycan\u0131n media m\u0259kan\u0131ndak\u0131 alternativ s\u0259sidir","publisher":{"@id":"https:\/\/www.meydan.tv\/az\/#organization"},"potentialAction":[{"@type":"SearchAction","target":{"@type":"EntryPoint","urlTemplate":"https:\/\/www.meydan.tv\/az\/?s={search_term_string}"},"query-input":{"@type":"PropertyValueSpecification","valueRequired":true,"valueName":"search_term_string"}}],"inLanguage":"az"},{"@type":"Organization","@id":"https:\/\/www.meydan.tv\/az\/#organization","name":"Meydan TV","url":"https:\/\/www.meydan.tv\/az\/","logo":{"@type":"ImageObject","inLanguage":"az","@id":"https:\/\/www.meydan.tv\/az\/#\/schema\/logo\/image\/","url":"https:\/\/www.meydan.tv\/wp-content\/uploads\/2021\/07\/meydan-logo.svg","contentUrl":"https:\/\/www.meydan.tv\/wp-content\/uploads\/2021\/07\/meydan-logo.svg","width":195,"height":46,"caption":"Meydan TV"},"image":{"@id":"https:\/\/www.meydan.tv\/az\/#\/schema\/logo\/image\/"}},{"@type":"Person","@id":"https:\/\/www.meydan.tv\/az\/#\/schema\/person\/9cdbecf90d17180ce1dfbd95b08dcf47","name":"elli","sameAs":["https:\/\/x.com\/elli"]}]}},"_links":{"self":[{"href":"https:\/\/www.meydan.tv\/az\/wp-json\/wp\/v2\/posts\/312856","targetHints":{"allow":["GET"]}}],"collection":[{"href":"https:\/\/www.meydan.tv\/az\/wp-json\/wp\/v2\/posts"}],"about":[{"href":"https:\/\/www.meydan.tv\/az\/wp-json\/wp\/v2\/types\/post"}],"author":[{"embeddable":true,"href":"https:\/\/www.meydan.tv\/az\/wp-json\/wp\/v2\/users\/8"}],"replies":[{"embeddable":true,"href":"https:\/\/www.meydan.tv\/az\/wp-json\/wp\/v2\/comments?post=312856"}],"version-history":[{"count":1,"href":"https:\/\/www.meydan.tv\/az\/wp-json\/wp\/v2\/posts\/312856\/revisions"}],"predecessor-version":[{"id":312878,"href":"https:\/\/www.meydan.tv\/az\/wp-json\/wp\/v2\/posts\/312856\/revisions\/312878"}],"wp:featuredmedia":[{"embeddable":true,"href":"https:\/\/www.meydan.tv\/az\/wp-json\/wp\/v2\/media\/310988"}],"wp:attachment":[{"href":"https:\/\/www.meydan.tv\/az\/wp-json\/wp\/v2\/media?parent=312856"}],"wp:term":[{"taxonomy":"category","embeddable":true,"href":"https:\/\/www.meydan.tv\/az\/wp-json\/wp\/v2\/categories?post=312856"},{"taxonomy":"post_tag","embeddable":true,"href":"https:\/\/www.meydan.tv\/az\/wp-json\/wp\/v2\/tags?post=312856"}],"curies":[{"name":"wp","href":"https:\/\/api.w.org\/{rel}","templated":true}]}}