{"id":312700,"date":"2024-08-10T14:54:57","date_gmt":"2024-08-10T10:54:57","guid":{"rendered":"https:\/\/www.meydan.tv\/?p=312700"},"modified":"2024-08-11T13:44:52","modified_gmt":"2024-08-11T09:44:52","slug":"hokmelinin-su-yol-issizlik-problemi-ejdaha-kimi-suyun-qabagini-kesibler","status":"publish","type":"post","link":"https:\/\/www.meydan.tv\/az\/article\/hokmelinin-su-yol-issizlik-problemi-ejdaha-kimi-suyun-qabagini-kesibler\/","title":{"rendered":"H\u00f6km\u0259linin su, yol, i\u015fsizlik problemi: &#8220;\u018fjdaha kimi suyun qaba\u011f\u0131n\u0131 k\u0259sibl\u0259r&#8221;"},"content":{"rendered":"\n<p><em>Sakinl\u0259rin ironik m\u00fcnasib\u0259ti: &#8220;M\u0259murlar layla \u00e7al\u0131r, biz d\u0259 yat\u0131r\u0131q&#8221;<\/em><\/p>\n\n\n\n<p>156 n\u00f6mr\u0259li avtobus \u00e7\u0259tinlikl\u0259 dar yolda h\u0259r\u0259k\u0259t edib q\u0259s\u0259b\u0259y\u0259 daxil olur. H\u0259r k\u0259s q\u0259s\u0259b\u0259daxili yollar\u0131n b\u0259rbad, ke\u00e7ilm\u0259z oldu\u011fundan \u015fikay\u0259t\u00e7idir.<\/p>\n\n\n\n<p>Ab\u015feronun H\u00f6km\u0259li q\u0259s\u0259b\u0259sin\u0259 ged\u0259n yolun giri\u015f hiss\u0259sin\u0259 asfalt \u00e7\u0259kils\u0259 d\u0259, q\u0259s\u0259b\u0259daxili yollarda iri \u00e7ala-\u00e7uxurlar diqq\u0259t \u00e7\u0259kir. \u0130ll\u0259rdir ki, q\u0259s\u0259b\u0259nin i\u00e7i asfalt \u00f6rt\u00fcy\u0259 h\u0259sr\u0259t qal\u0131b.<\/p>\n\n\n\n<p>Sakinl\u0259r H\u00f6km\u0259li q\u0259s\u0259b\u0259sin\u0259 i\u015fl\u0259y\u0259n mar\u015frut v\u0259 taksi s\u00fcr\u00fcc\u00fcl\u0259rinin da\u011f\u0131lm\u0131\u015f yol s\u0259b\u0259bind\u0259n 20 ild\u0259n art\u0131qd\u0131r ki, \u0259ziyy\u0259t \u00e7\u0259kdiyini deyirl\u0259r:<\/p>\n\n\n\n<p><em>&#8220;N\u0259 yolu yoldur, n\u0259 d\u0259 n\u0259qliyyat d\u00f6z\u00fcr. X\u0259st\u0259, ya\u015fl\u0131 qad\u0131nam. S\u00fcr\u00fcc\u00fcl\u0259r\u0259, q\u0259s\u0259b\u0259 sakinl\u0259rin\u0259 yaz\u0131\u011f\u0131m g\u0259lir. Yolu n\u0259qliyyat\u0131n rahat h\u0259r\u0259k\u0259ti \u00fc\u00e7\u00fcn normal hala g\u0259tirm\u0259lidirl\u0259r. Avtobus girintili-\u00e7\u0131x\u0131nt\u0131l\u0131 yolda h\u0259r\u0259k\u0259t ed\u0259 bilmir, tez-tez s\u0131radan \u00e7\u0131x\u0131r&#8221;<\/em>, &#8211; dey\u0259 N\u0259sib\u0259 M\u0259mm\u0259dova adl\u0131 s\u0259rni\u015fin giley-g\u00fczar edir.<\/p>\n\n\n\n<p><strong>&#8220;H\u0259r yer\u0259 deyirik, k\u00f6m\u0259k ed\u0259n yoxdur&#8221;<\/strong><\/p>\n\n\n\n<p>10-15 d\u0259qiq\u0259 intervalla q\u0259s\u0259b\u0259y\u0259 \u00fcz tutan 156 n\u00f6mr\u0259li avtobus s\u00fcr\u00fcc\u00fcs\u00fc is\u0259 n\u0259qliyyat\u0131n bel\u0259 yollarda d\u00f6zm\u0259diyini, tez-tez s\u00fcr\u00fcc\u00fcs\u00fcn\u00fc x\u0259rc\u0259 sald\u0131\u011f\u0131n\u0131 deyir:<\/p>\n\n\n\n<p><em>&#8220;H\u0259r\u0259k\u0259t etm\u0259k \u00e7\u0259tindir. G\u0259r\u0259k tez-tez avtomobili t\u0259mir etdir\u0259k. \u0130rili-x\u0131rdal\u0131 \u00e7alalar, yol k\u0259nar\u0131 qaz\u0131nt\u0131lar normal gedi\u015f-g\u0259li\u015f\u0259 mane olur. H\u0259r yer\u0259 deyirik, k\u00f6m\u0259k ed\u0259n yoxdur&#8221;<\/em>.<\/p>\n\n\n\n<figure class=\"wp-block-image size-large\"><img decoding=\"async\" width=\"1200\" height=\"554\" data-src=\"https:\/\/www.meydan.tv\/wp-content\/uploads\/img-20240727-wa0101-1200x554.jpg\" alt=\"\" class=\"wp-image-312712 lazyload\" src=\"data:image\/svg+xml;base64,PHN2ZyB3aWR0aD0iMSIgaGVpZ2h0PSIxIiB4bWxucz0iaHR0cDovL3d3dy53My5vcmcvMjAwMC9zdmciPjwvc3ZnPg==\" style=\"--smush-placeholder-width: 1200px; --smush-placeholder-aspect-ratio: 1200\/554;\" \/><\/figure>\n\n\n\n<p>Foto: Meydan TV<\/p>\n\n\n\n<p><strong>&#8220;Su ciddi problemdir\u2026&#8221;<\/strong><\/p>\n\n\n\n<p>H\u00f6km\u0259lid\u0259 dig\u0259r probleml\u0259r d\u0259 az deyil. Burada yolla yana\u015f\u0131, \u0259sas probleml\u0259rd\u0259n biri d\u0259 su il\u0259 ba\u011fl\u0131d\u0131r.<\/p>\n\n\n\n<p>Q\u0259s\u0259b\u0259 sakini Xanbala M\u0259mm\u0259dov deyir ki, q\u0259s\u0259b\u0259 \u0259halisi artd\u0131qca k\u00f6hn\u0259 su x\u0259ttin\u0259 m\u00fcdaxil\u0259 olunur, n\u0259tic\u0259d\u0259 yay m\u00f6vs\u00fcm\u00fcnd\u0259 su verili\u015find\u0259 ciddi fasil\u0259l\u0259r olur. Ona g\u00f6r\u0259 d\u0259 \u0259lacs\u0131z qalan sakinl\u0259r suyu pulla almaq m\u0259cburiyy\u0259tind\u0259 qal\u0131rlar.<\/p>\n\n\n\n<p>\u0130mkans\u0131z v\u0259 kas\u0131b ail\u0259l\u0259r is\u0259 g\u00fcnl\u0259rl\u0259 i\u00e7m\u0259li su bel\u0259 ala bilmirl\u0259r:<\/p>\n\n\n\n<p><em>&#8220;\u0130nsanlar\u0131 q\u0131namaq da olmur, yayda suya t\u0259l\u0259bat \u00e7oxdur. Bir ma\u015f\u0131n su 10 g\u00fcn gedir. El\u0259 m\u0259h\u0259ll\u0259l\u0259r var ki, orada \u00fcmumiyy\u0259tl\u0259 su yoxdur. F\u0259rq etmir, yay-q\u0131\u015f burada su ciddi problemdir. Anbardan su paylan\u0131l\u0131r dey\u0259 kiml\u0259rs\u0259 suyu t\u0259z\u0259 m\u0259h\u0259ll\u0259l\u0259r\u0259 \u00e7\u0259kirl\u0259r. Onda da su \u00e7at\u0131\u015fmazl\u0131\u011f\u0131 yaran\u0131r&#8221;<\/em>.<\/p>\n\n\n\n<p><strong>&#8220;Ayda 80-100 manat suya pul veririk&#8221;<\/strong><\/p>\n\n\n\n<p>H\u00f6km\u0259li q\u0259s\u0259b\u0259si Bak\u0131n\u0131n b\u00f6y\u00fck ya\u015fay\u0131\u015f massivl\u0259rind\u0259dir v\u0259 burada Koro\u011flu, Bab\u0259k, R\u0259sul Rza kimi m\u00fcxt\u0259lif adlarda 200-\u0259 yax\u0131n k\u00fc\u00e7\u0259 var. Amma diqq\u0259td\u0259nk\u0259nar qalan q\u0259s\u0259b\u0259d\u0259 probleml\u0259r bitib-t\u00fck\u0259nmir. Problem o h\u0259dd\u0259 \u00e7at\u0131b ki, \u0259kin-bi\u00e7in susuzluqdan m\u0259hv olur.<\/p>\n\n\n\n<p>Sakinl\u0259rin dediyin\u0259 g\u00f6r\u0259, m\u0259murlar da bir t\u0259r\u0259fd\u0259n \u0259jdaha kimi suyun qar\u015f\u0131s\u0131n\u0131 al\u0131b \u00f6z t\u0259s\u0259rr\u00fcfat\u0131na y\u00f6n\u0259ldirl\u0259r.<\/p>\n\n\n\n<p>Q\u0259s\u0259b\u0259y\u0259 yeni k\u00f6\u00e7\u0259n G\u00fclmir\u0259 \u018fliyeva buraya g\u0259li\u015fin\u0259 g\u00f6r\u0259 pe\u015fman olan sakinl\u0259rd\u0259ndir:<\/p>\n\n\n\n<p><em>&#8220;Yeni m\u0259h\u0259ll\u0259l\u0259rd\u0259 h\u0259yat z\u00fclmd\u00fcr. \u00c7ox m\u0259h\u0259ll\u0259rd\u0259 20 ild\u0259n art\u0131qd\u0131r ki, su yoxdur. El\u0259 yerl\u0259r var ki, quru s\u0259hrad\u0131r. Ayda suya 80-100 manat suya veririk. Biz ayda 3-4 d\u0259f\u0259 35 manatdan su g\u0259tirdirik. \u0130mkan\u0131 olan al\u0131r, olmayan g\u00fcnl\u0259rl\u0259 su axtar\u0131r. \u0130\u015fl\u0259m\u0259y\u0259n 100 manat\u0131 haradan tap\u0131b suya versin?&#8221;<\/em>.<\/p>\n\n\n\n<figure class=\"wp-block-image size-large\"><img decoding=\"async\" width=\"1200\" height=\"554\" data-src=\"https:\/\/www.meydan.tv\/wp-content\/uploads\/img-20240727-wa0153-1200x554.jpg\" alt=\"\" class=\"wp-image-312706 lazyload\" src=\"data:image\/svg+xml;base64,PHN2ZyB3aWR0aD0iMSIgaGVpZ2h0PSIxIiB4bWxucz0iaHR0cDovL3d3dy53My5vcmcvMjAwMC9zdmciPjwvc3ZnPg==\" style=\"--smush-placeholder-width: 1200px; --smush-placeholder-aspect-ratio: 1200\/554;\" \/><\/figure>\n\n\n\n<p>Foto: Meydan TV<\/p>\n\n\n\n<p><strong>Q\u0259s\u0259b\u0259 u\u015faqlar\u0131n g\u00f6z\u00fc il\u0259\u2026<\/strong><\/p>\n\n\n\n<p>H\u00f6km\u0259li q\u0259s\u0259b\u0259sind\u0259 add\u0131mlad\u0131qca da\u011f\u0131lm\u0131\u015f su x\u0259tl\u0259ri, \u00fcfun\u0259t iyi ver\u0259n k\u00f6hn\u0259 kanalizasiya quyular\u0131 v\u0259 t\u0259hl\u00fck\u0259li elektrik say\u011faclar\u0131n\u0131n yaratd\u0131\u011f\u0131 xo\u015fag\u0259lm\u0259z m\u0259nz\u0259r\u0259 diqq\u0259t \u00e7\u0259kir.<\/p>\n\n\n\n<p>U\u015faqlar \u00fc\u00e7\u00fcn d\u0259 q\u0259s\u0259b\u0259d\u0259 h\u0259r\u0259k\u0259t etm\u0259k v\u0259 ya\u015famaq d\u00f6z\u00fclm\u0259zdir. G\u00f6r\u00fcn\u0259n m\u0259nz\u0259r\u0259ni t\u0259svir ed\u0259n u\u015faqlar yol boyunca probleml\u0259ri g\u00f6st\u0259rirl\u0259r: <\/p>\n\n\n\n<p><em>&#8220;Bax\u0131n, bu evin aralar\u0131nda su x\u0259tl\u0259ri da\u011f\u0131l\u0131b. Da\u015f\u0131 at\u0131b doldururlar n\u0259tic\u0259d\u0259 su a\u015f\u0131b-da\u015f\u0131r v\u0259 \u0259trafa yay\u0131l\u0131r. Sonra da pis iy g\u0259lir&#8221;<\/em>.<\/p>\n\n\n\n<p>Azya\u015fl\u0131lar ist\u0259r yayda, ist\u0259rs\u0259 d\u0259 q\u0131\u015fda k\u00fc\u00e7\u0259l\u0259rd\u0259 h\u0259r\u0259k\u0259tin \u00e7\u0259tin oldu\u011funu deyirl\u0259r.<\/p>\n\n\n\n<p><strong>\u0130\u015fsizlik v\u0259 bir tik\u0259 \u00e7\u00f6r\u0259k davas\u0131\u2026<\/strong><\/p>\n\n\n\n<p>\u00d6lk\u0259nin v\u0259 Bak\u0131n\u0131n dig\u0259r \u0259razil\u0259rind\u0259 oldu\u011fu kimi H\u00f6km\u0259lid\u0259 d\u0259 i\u015fsizlik problemi var. Dem\u0259k olar ki, kas\u0131b t\u0259b\u0259q\u0259 g\u00fcn\u0259muzd i\u015fl\u0259rd\u0259n \u0259ld\u0259 edil\u0259n minimal g\u0259lirl\u0259rl\u0259 dolan\u0131r.<\/p>\n\n\n\n<figure class=\"wp-block-image size-large\"><img decoding=\"async\" width=\"1200\" height=\"554\" data-src=\"https:\/\/www.meydan.tv\/wp-content\/uploads\/img-20240727-wa0158-1200x554.jpg\" alt=\"\" class=\"wp-image-312709 lazyload\" src=\"data:image\/svg+xml;base64,PHN2ZyB3aWR0aD0iMSIgaGVpZ2h0PSIxIiB4bWxucz0iaHR0cDovL3d3dy53My5vcmcvMjAwMC9zdmciPjwvc3ZnPg==\" style=\"--smush-placeholder-width: 1200px; --smush-placeholder-aspect-ratio: 1200\/554;\" \/><\/figure>\n\n\n\n<p>Foto: Meydan TV<\/p>\n\n\n\n<p>Q\u0259s\u0259b\u0259 sakinl\u0259ri qeyd edirl\u0259r ki, i\u015fsizlik onlar\u0131 \u00e7\u00f6r\u0259kl\u0259 s\u0131na\u011fa \u00e7\u0259kir:<\/p>\n\n\n\n<p><em>&#8220;Gedib f\u0259hl\u0259lilik edirik. \u0130\u015f var? Sosial-iqtisadi v\u0259ziyy\u0259timiz o q\u0259d\u0259r a\u011f\u0131rd\u0131r ki, bir tik\u0259 \u00e7\u00f6r\u0259k sava\u015f\u0131 veririk. A\u015fa\u011f\u0131larda zavod var, i\u015f \u00fc\u00e7\u00fcn m\u00fcraci\u0259t edirik, g\u00f6t\u00fcrm\u00fcrl\u0259r. Orada 400-500 manatl\u0131q i\u015f\u0259 q\u0259bul olunanlar sevinir ki, i\u015f tap\u0131blar. N\u0259 \u00fcnvanl\u0131 sosial yard\u0131m, n\u0259 d\u0259 x\u0259st\u0259 u\u015faqlar\u0131m\u0131za pensiya d\u00fcz\u0259ld\u0259 bilirik. M\u0259\u015f\u011fulluq is\u0259 burada faydal\u0131 deyil. Vermirl\u0259r, etdiyimiz m\u00fcraci\u0259tl\u0259r k\u00f6m\u0259ksiz qal\u0131r. Qon\u015funu i\u015fd\u0259n \u00e7\u0131xar\u0131blar dey\u0259 aylarla i\u015fsizdir. Bir balaca d\u00fckan\u0131m var, x\u0131rdavat \u015feyl\u0259r sat\u0131ram. Ancaq \u00fc\u00e7 ail\u0259 bu d\u00fckandan dolan\u0131r. M\u0259murlar layla \u00e7al\u0131r, biz yat\u0131r\u0131q&#8221;<\/em>, &#8211; dey\u0259 q\u0259s\u0259b\u0259 sakini Sakit Mirz\u0259yev \u00fcmidsiz \u015f\u0259kild\u0259 naraz\u0131l\u0131\u011f\u0131n\u0131 dil\u0259 g\u0259tirir.<\/p>\n\n\n\n<figure class=\"wp-block-image size-large\"><img decoding=\"async\" width=\"1200\" height=\"552\" data-src=\"https:\/\/www.meydan.tv\/wp-content\/uploads\/screenshot-2024-08-10-at-14.51.22-1200x552.png\" alt=\"\" class=\"wp-image-312731 lazyload\" src=\"data:image\/svg+xml;base64,PHN2ZyB3aWR0aD0iMSIgaGVpZ2h0PSIxIiB4bWxucz0iaHR0cDovL3d3dy53My5vcmcvMjAwMC9zdmciPjwvc3ZnPg==\" style=\"--smush-placeholder-width: 1200px; --smush-placeholder-aspect-ratio: 1200\/552;\" \/><\/figure>\n\n\n\n<p>Foto: Meydan TV<\/p>\n\n\n\n<p><strong>&#8220;Q\u0259s\u0259b\u0259d\u0259 zibil qablar\u0131 yoxdur&#8221;<\/strong><\/p>\n\n\n\n<p>H\u00f6km\u0259lid\u0259 antisanitariya da h\u00f6km s\u00fcr\u00fcr. M\u0259s\u0259l\u0259 ondad\u0131r ki, burada zibil qutular\u0131na rast g\u0259linmir. Ona g\u00f6r\u0259 d\u0259 kim zibili hara g\u0259ldi, t\u00f6k\u00fcr.<\/p>\n\n\n\n<p>H\u0259r n\u00f6v tullant\u0131n\u0131n at\u0131ld\u0131\u011f\u0131 \u0259razil\u0259r is\u0259 h\u0259m u\u015faqlar, h\u0259m heyvanlar \u00fc\u00e7\u00fcn h\u0259yati t\u0259hl\u00fck\u0259lidir. N\u0259zar\u0259tsiz qalan k\u00fc\u00e7\u0259 heyvanlar\u0131 is\u0259 sakinl\u0259r\u0259, x\u00fcsusil\u0259 u\u015faqlara \u0259lav\u0259 bir t\u0259hl\u00fck\u0259 yarad\u0131r.<\/p>\n\n\n\n<p>Zibil at\u0131lan \u0259razil\u0259r\u0259 is\u0259 k\u0259skin \u00fcfun\u0259t qoxusundan yax\u0131n d\u00fc\u015fm\u0259k m\u00fcmk\u00fcn deyil. B\u00f6y\u00fck \u0259razini v\u0259 yol k\u0259nar\u0131na \u0259hat\u0259 ed\u0259n tullant\u0131lar x\u0259st\u0259lik m\u0259nb\u0259yidir.<\/p>\n\n\n\n<p>V\u0259t\u0259nda\u015flar is\u0259 deyirl\u0259r ki, aidiyy\u0259ti qurumlar t\u0259r\u0259find\u0259n q\u0259s\u0259b\u0259 k\u00fc\u00e7\u0259l\u0259ri, m\u0259h\u0259ll\u0259daxili yollar zibil qutular\u0131 il\u0259 t\u0259min olunsayd\u0131, bel\u0259 \u00fcr\u0259kbuland\u0131ran m\u0259nz\u0259r\u0259 yaranmazd\u0131.<\/p>\n\n\n\n<figure class=\"wp-block-image size-large\"><img decoding=\"async\" width=\"1200\" height=\"554\" data-src=\"https:\/\/www.meydan.tv\/wp-content\/uploads\/img-20240727-wa0107-1200x554.jpg\" alt=\"\" class=\"wp-image-312716 lazyload\" src=\"data:image\/svg+xml;base64,PHN2ZyB3aWR0aD0iMSIgaGVpZ2h0PSIxIiB4bWxucz0iaHR0cDovL3d3dy53My5vcmcvMjAwMC9zdmciPjwvc3ZnPg==\" style=\"--smush-placeholder-width: 1200px; --smush-placeholder-aspect-ratio: 1200\/554;\" \/><\/figure>\n\n\n\n<p>Foto: Meydan TV<\/p>\n\n\n\n<p><strong>&#8220;U\u015faqlar t\u0259hsild\u0259n geri qal\u0131rlar&#8221;<\/strong><\/p>\n\n\n\n<p>Bu m\u0259nz\u0259r\u0259nin narahat etdiyi sakinl\u0259rd\u0259n biri d\u0259 P\u00fcnhan \u018flibalayevdir.<\/p>\n\n\n\n<p>O, Meydan TV-y\u0259 deyir ki, q\u0259s\u0259b\u0259 tam n\u0259zar\u0259tsiz qal\u0131b:<\/p>\n\n\n\n<p><em>&#8220;H\u0259rd\u0259nbir zibil ma\u015f\u0131nlar\u0131 olur, o da dolur da\u015f\u0131r, \u00e7atd\u0131rm\u0131r. O &#8220;Kamaz&#8221; da k\u0259nd b\u0259l\u0259diyy\u0259sinin hesab\u0131nad\u0131r. Yoxsa bel\u0259 zibil y\u0131\u011fan ma\u015f\u0131n yoxdur. \u00c7\u00fcnki zibil qablar\u0131 yoxdur, nec\u0259 y\u0131\u011facaq? Zibil qab\u0131 yoxdur dey\u0259 ham\u0131 zibili g\u0259tirib yol k\u0259nar\u0131na at\u0131b-gedir. At\u0131lan zibill\u0259r 4-5 g\u00fcn, b\u0259z\u0259n d\u0259 h\u0259ft\u0259d\u0259n \u00e7ox \u0259razid\u0259 qal\u0131r. \u00dcfun\u0259td\u0259n adam\u0131n beyini da\u011f\u0131l\u0131r. U\u015faqlar orada topla\u015f\u0131b m\u0259kt\u0259b\u0259 gedir, yayda oynay\u0131rlar. A\u00e7\u0131q-a\u015fkar epidemiya m\u0259nb\u0259yidir. \u00dcst\u0259lik, h\u0259r yer k\u00fc\u00e7\u0259 itl\u0259ridir. Onlar da zibillliyin i\u00e7ind\u0259 olur. U\u015faqlara, b\u00f6y\u00fckl\u0259r\u0259 h\u00fccum edirl\u0259r. Q\u0259s\u0259b\u0259d\u0259 faktiki he\u00e7 n\u0259y\u0259 n\u0259zar\u0259t yoxdur&#8221;<\/em>.<\/p>\n\n\n\n<p>Q\u0259s\u0259b\u0259d\u0259 yaln\u0131z m\u0259kt\u0259bd\u0259 tikinti gedir. M\u0259lum oldu ki, burada il yar\u0131md\u0131r ki, i\u015f apar\u0131l\u0131r. Sakinl\u0259r\u0259 q\u0131sa m\u00fcdd\u0259td\u0259 t\u0259hvil veril\u0259c\u0259yi deyils\u0259 d\u0259, m\u0259kt\u0259bin tikintisi yubad\u0131l\u0131r.<\/p>\n\n\n\n<p>Bu t\u0259hsil oca\u011f\u0131nda is\u0259 600-d\u0259n \u00e7ox m\u0259kt\u0259bli var. M\u0259kt\u0259bin tikintisini aparan \u015firk\u0259t is\u0259 il yar\u0131m \u0259rzind\u0259 t\u0259hsil m\u00fc\u0259ssis\u0259sini t\u0259hvil ver\u0259c\u0259yini deyir. Amma sakinl\u0259r buna da inanm\u0131rlar:<\/p>\n\n\n\n<p><em>&#8220;K\u00f6hn\u0259 m\u0259kt\u0259b idi. Uzan\u0131r. Bu ild\u0259n u\u015faqlar\u0131 Masaz\u0131r m\u0259kt\u0259bin\u0259 g\u00f6nd\u0259rirl\u0259r. Yollarda qalm\u0131\u015f\u0131q. U\u015faqlar da t\u0259hsild\u0259n geri qal\u0131rlar, \u00e7\u00fcnki m\u0259saf\u0259 \u00e7ox uzaqd\u0131r. Bu t\u0259r\u0259fd\u0259 yax\u0131n bir m\u0259kt\u0259b d\u0259 var. Bizim u\u015faqlar\u0131 Masaz\u0131ra g\u00f6nd\u0259rinc\u0259 ora g\u00f6nd\u0259rs\u0259ydil\u0259r, daha uy\u011fun olard\u0131&#8221;<\/em>.<\/p>\n\n\n\n<figure class=\"wp-block-image size-large\"><img decoding=\"async\" width=\"1200\" height=\"554\" data-src=\"https:\/\/www.meydan.tv\/wp-content\/uploads\/img-20240727-wa0126-1200x554.jpg\" alt=\"\" class=\"wp-image-312719 lazyload\" src=\"data:image\/svg+xml;base64,PHN2ZyB3aWR0aD0iMSIgaGVpZ2h0PSIxIiB4bWxucz0iaHR0cDovL3d3dy53My5vcmcvMjAwMC9zdmciPjwvc3ZnPg==\" style=\"--smush-placeholder-width: 1200px; --smush-placeholder-aspect-ratio: 1200\/554;\" \/><\/figure>\n\n\n\n<p>Foto: Meydan TV<\/p>\n\n\n\n<p><strong>&#8220;H\u00f6km\u0259linin he\u00e7 bir yerind\u0259 daimi su il\u0259 t\u0259minat yoxdur&#8221;<\/strong><\/p>\n\n\n\n<p>\u00c7oxpill\u0259k\u0259nli H\u00f6km\u0259li b\u0259l\u0259diyy\u0259 binas\u0131n\u0131n qap\u0131s\u0131 ba\u011fl\u0131d\u0131r, i\u015fd\u0259 he\u00e7 k\u0259si tapmaq olmur. Ona g\u00f6r\u0259 d\u0259 b\u0259l\u0259diyy\u0259 s\u0259dri Ramin Orucova telefonla z\u0259ng edirik.<\/p>\n\n\n\n<p>O, Meydan TV-y\u0259 deyir ki, H\u00f6km\u0259linin he\u00e7 bir yerind\u0259 daimi su yoxdur, ona g\u00f6r\u0259 d\u0259 qrafikl\u0259 verilir:<\/p>\n\n\n\n<p><em>&#8220;Q\u0259s\u0259b\u0259d\u0259 daimi su he\u00e7 yerd\u0259 yoxdur.120 tonluq su anbar\u0131 is\u0259 q\u0259s\u0259b\u0259 \u00fc\u00e7\u00fcn yet\u0259rli deyil. Odur ki, su h\u0259ft\u0259 \u0259rzind\u0259 x\u00fcsusi qrafikl\u0259 verilir. El\u0259 bir k\u00fc\u00e7\u0259 yoxdur ki, su x\u0259tti olmas\u0131n, ancaq 90% \u0259razid\u0259 su qrafikl\u0259 g\u0259lir. Do\u011frudur ki, q\u0259s\u0259b\u0259 \u0259razisin\u0259 su x\u0259tti \u00e7\u0259kil\u0259nd\u0259 ayr\u0131-ayr\u0131 \u015f\u0259b\u0259k\u0259l\u0259r paylan\u0131lmay\u0131b. Bu da b\u0259l\u0259diyy\u0259y\u0259 aid m\u0259s\u0259l\u0259 deyil. R\u0259smi \u015f\u0259kild\u0259 &#8220;Az\u0259rsu&#8221;ya m\u00fcraci\u0259t etmi\u015fdik. Dedil\u0259r ki, H\u00f6km\u0259linin su t\u0259chizat\u0131n\u0131n v\u0259 kanalizasiya sisteminin yax\u015f\u0131la\u015fd\u0131r\u0131lmas\u0131 \u00fc\u00e7\u00fcn layih\u0259 haz\u0131rlan\u0131b. \u0130l yar\u0131m \u00fcst\u00fcnd\u0259n vaxt ke\u00e7ir, amma h\u0259ll olunmur, deyirl\u0259r ki, maliyy\u0259y\u0259 g\u00f6r\u0259 qal\u0131b&#8221;<\/em>.<\/p>\n\n\n\n<p><strong>&#8220;\u00dc\u00e7-d\u00f6rd d\u0259f\u0259 zibil qab\u0131 qoyduq, effekti olmad\u0131&#8221;<\/strong><\/p>\n\n\n\n<p>M\u0259i\u015f\u0259t tullant\u0131lar\u0131n\u0131n y\u0131\u011f\u0131\u015fd\u0131r\u0131lmamas\u0131 v\u0259 zibil qutular\u0131n\u0131n qoyulmamas\u0131na g\u0259linc\u0259 b\u0259l\u0259diyy\u0259 s\u0259dri v\u0259t\u0259nda\u015flar\u0131 &#8220;g\u00fcnahkar&#8221; say\u0131r.<\/p>\n\n\n\n<p>Onun s\u00f6zl\u0259rin\u0259 g\u00f6r\u0259, h\u0259tta Bin\u0259q\u0259di sakinl\u0259ri m\u0259qs\u0259dli \u015f\u0259kild\u0259 zibill\u0259ri H\u00f6km\u0259li \u0259razisin\u0259 t\u00f6k\u00fcrl\u0259r.<\/p>\n\n\n\n<p>Ramin Orucov deyir ki, sakinl\u0259r bu m\u0259s\u0259l\u0259d\u0259 ona d\u0259st\u0259k verm\u0259li, \u0259razinin t\u0259mizliyin\u0259 diqq\u0259t etm\u0259lidirl\u0259r.<\/p>\n\n\n\n<p><strong>&#8220;Hans\u0131sa k\u00fc\u00e7\u0259 yolunun asfaltlanmas\u0131 \u00fc\u00e7\u00fcn v\u0259sait yoxdur&#8221;<\/strong><\/p>\n\n\n\n<p>B\u0259l\u0259diyy\u0259 s\u0259dri q\u0259s\u0259b\u0259nin yolsuzluq v\u0259 gecik\u0259n m\u0259kt\u0259b problemin\u0259 d\u0259 ayd\u0131nl\u0131q g\u0259tirib.<\/p>\n\n\n\n<p>Dediyin\u0259 g\u00f6r\u0259, q\u0259s\u0259b\u0259daxili k\u00fc\u00e7\u0259l\u0259r b\u0259l\u0259diyy\u0259nin balans\u0131nda olsa da, yollar\u0131 asfaltlamaq \u00fc\u00e7\u00fcn maliyy\u0259 imkanlar\u0131 yoxdur:<\/p>\n\n\n\n<p><em>&#8220;Hans\u0131sa k\u00fc\u00e7\u0259 yolunun asfaltlanmas\u0131 \u00fc\u00e7\u00fcn v\u0259saitimiz yoxdur. \u0130mkan daxilind\u0259 ke\u00e7ilm\u0259z k\u00fc\u00e7\u0259l\u0259r\u0259 \u00e7\u0131nq\u0131l, da\u015f t\u00f6k\u00fcr\u00fck, ancaq \u0259sasl\u0131 t\u0259mir v\u0259 asfalt \u00e7\u0259k\u0259 bilmirik. Problemi Ab\u015feron Rayon \u0130cra Hakimiy\u0259tin\u0259 y\u00f6n\u0259ltmi\u015fik ki, n\u0259 vaxtsa daxili k\u00fc\u00e7\u0259l\u0259r \u00fc\u00e7\u00fcn asfalta v\u0259sait ayr\u0131larsa, bizi d\u0259 n\u0259z\u0259r\u0259 als\u0131nlar. Bizd\u0259 x\u0259st\u0259xana v\u0259 m\u0259kt\u0259b kimi vacib m\u00fc\u0259ssis\u0259l\u0259r\u0259 ged\u0259n 30-a yax\u0131n k\u00fc\u00e7\u0259 var ki, \u00fcmumilikd\u0259 20 kilometr yol t\u0259\u015fkil edir. Onu da \u00f6l\u00e7\u00fcb g\u00f6nd\u0259rmi\u015fik ki, \u0259sas bu yollar intensiv istifad\u0259 olunan yollard\u0131r. K\u00f6m\u0259k olarsa, birinci bunlar\u0131 t\u0259mir etm\u0259liyik. M\u0259kt\u0259b\u0259 g\u0259linc\u0259 is\u0259 i\u015f gedir, tez zamanda yekunla\u015fd\u0131r\u0131b t\u0259hvil veril\u0259c\u0259k&#8221;<\/em>.<\/p>\n\n\n\n<figure class=\"wp-block-image size-large\"><img decoding=\"async\" width=\"1200\" height=\"554\" data-src=\"https:\/\/www.meydan.tv\/wp-content\/uploads\/img-20240727-wa0121-1200x554.jpg\" alt=\"\" class=\"wp-image-312725 lazyload\" src=\"data:image\/svg+xml;base64,PHN2ZyB3aWR0aD0iMSIgaGVpZ2h0PSIxIiB4bWxucz0iaHR0cDovL3d3dy53My5vcmcvMjAwMC9zdmciPjwvc3ZnPg==\" style=\"--smush-placeholder-width: 1200px; --smush-placeholder-aspect-ratio: 1200\/554;\" \/><\/figure>\n\n\n\n<p>Foto: Meydan TV<\/p>\n\n\n\n<p><strong>&#8220;Oxumay\u0131blar dey\u0259 f\u0259hl\u0259likl\u0259 m\u0259\u015f\u011fuldurlar&#8221;<\/strong><\/p>\n\n\n\n<p>B\u0259l\u0259diyy\u0259 s\u0259dri q\u0259s\u0259b\u0259 sakinl\u0259rinin i\u015fsizliyin\u0259 g\u0259ldikd\u0259 is\u0259 bunu onlar\u0131n &#8220;bacar\u0131qs\u0131zl\u0131\u011f\u0131&#8221; il\u0259 \u0259laq\u0259l\u0259ndirir.<\/p>\n\n\n\n<p>Onun fikrinc\u0259, i\u015fsizlikd\u0259n kim dan\u0131\u015f\u0131rsa, bacar\u0131qs\u0131zl\u0131\u011f\u0131ndan ir\u0259li g\u0259lir:<\/p>\n\n\n\n<p><em>&#8220;\u018fvv\u0259la, h\u0259r k\u0259sin bir i\u015f qism\u0259ti var, ancaq b\u0259z\u0259n ixtisasl\u0131 kadr da tapa bilmir. Odur ki, oxumayan, t\u0259hsili olmayan adamlar\u0131n i\u015fl\u0259 ba\u011fl\u0131 probleml\u0259ri daha \u00e7oxdur. Y\u0259ni t\u0259hsild\u0259n geri qal\u0131b, oxumay\u0131b dey\u0259 f\u0259hl\u0259likl\u0259 m\u0259\u015f\u011fuldurlar. Q\u0259s\u0259b\u0259 \u0259halisind\u0259n b\u0259zil\u0259ri a\u015fa\u011f\u0131dak\u0131 zavodlarda i\u015fl\u0259yir. \u0130\u015fsizlik h\u0259r yerd\u0259 oldu\u011fu kimi H\u00f6km\u0259lid\u0259 d\u0259 var. \u018fg\u0259r ya\u015fay\u0131\u015f varsa, sosial probleml\u0259r olmal\u0131d\u0131r. Q\u0259s\u0259b\u0259 da\u011f\u0131n\u0131q v\u0259ziyy\u0259td\u0259dir, ya\u015fay\u0131\u015f vahid kompakt deyil. G\u00f6r\u00fcl\u0259n i\u015fl\u0259r d\u0259 g\u00f6r\u00fclm\u0259y\u0259nin g\u00f6z\u00fcnd\u0259 itir-bat\u0131r&#8221;<\/em>.<\/p>\n\n\n\n<p><strong>Layih\u0259 haz\u0131rlan\u0131b, icras\u0131 nam\u0259lumdur\u2026<\/strong><\/p>\n\n\n\n<p>\u0130ri \u015e\u0259h\u0259rl\u0259rin Birl\u0259\u015fmi\u015f Su T\u0259chizat\u0131 Xidm\u0259tinin m\u0259tbuat xidm\u0259tind\u0259n is\u0259 Meydan TV-y\u0259 bildirilib ki, qurumun sifari\u015fi il\u0259 problemin h\u0259lli istiqam\u0259tind\u0259 layih\u0259 s\u0259n\u0259dl\u0259ri haz\u0131rlan\u0131b, n\u0259 vaxt icra olunaca\u011f\u0131 is\u0259 b\u0259lli deyil:<\/p>\n\n\n\n<p><em>&#8220;H\u00f6km\u0259li q\u0259s\u0259b\u0259sind\u0259 olan k\u00fc\u00e7\u0259 v\u0259 yeni ya\u015fay\u0131\u015f massivl\u0259ri \u00fczr\u0259 sakinl\u0259r su il\u0259 m\u00fcxt\u0259lif qrafikl\u0259r \u0259sas\u0131nda t\u0259min olunurlar. Yeni layih\u0259l\u0259rin icras\u0131 is\u0259 su t\u0259chizat\u0131 sisteminin m\u00f6vcudlu\u011fu, texniki v\u0259ziyy\u0259ti v\u0259 dig\u0259r amill\u0259r n\u0259z\u0259r\u0259 al\u0131nmaqla apar\u0131l\u0131r. O c\u00fcml\u0259d\u0259n yeni ya\u015fay\u0131\u015f m\u0259h\u0259ll\u0259sind\u0259 su t\u0259chizat\u0131 \u015f\u0259b\u0259k\u0259sinin in\u015fas\u0131 i\u015fl\u0259ri t\u0259dbirl\u0259r plan\u0131na uy\u011fun olaraq m\u0259rh\u0259l\u0259l\u0259rl\u0259 h\u0259yata ke\u00e7irilir&#8221;<\/em>.<\/p>\n\n\n\n<p><em>&#8220;Bununla yana\u015f\u0131 H\u00f6km\u0259li q\u0259s\u0259b\u0259sinin bir \u00e7ox \u0259razil\u0259rind\u0259 sakinl\u0259rin qrafik \u0259sas\u0131nda su il\u0259 t\u0259minat\u0131nda problem yoxdur. M\u0259s\u0259l\u0259n, \u201cDa\u011fl\u0131q\u201d, \u201cKoro\u011flu\u201d, \u201c M\u0259kt\u0259b yolu\u201d, \u201cR\u0259sul Rza\u201d, \u201cAsif \u018fhm\u0259dov\u201d, \u201cMehdi H\u00fcseynzad\u0259\u201d, \u201dN\u0259simi\u201d k\u00fc\u00e7\u0259l\u0259rin\u0259 v\u0259 v\u0259t\u0259nda\u015flar t\u0259r\u0259find\u0259n \u00e7\u0259kil\u0259n \u201c\u018fl\u00f6vs\u0259tin\u201d x\u0259ttin\u0259 qrafik\u0259 uy\u011fun su verilir. \u201cBeton yol\u201d adlanan \u0259razid\u0259 v\u0259 20 Yanvar k\u00fc\u00e7\u0259sind\u0259 su \u015f\u0259b\u0259k\u0259si qurulmay\u0131b&#8221;<\/em>, &#8211; dey\u0259 qurumdan bildirilib.<\/p>\n","protected":false},"excerpt":{"rendered":"<p>Sakinl\u0259rin ironik m\u00fcnasib\u0259ti: &#8220;M\u0259murlar layla \u00e7al\u0131r, biz d\u0259 yat\u0131r\u0131q&#8221; 156 &#8230; <\/p>\n<p class=\"read-more-container\"><a title=\"H\u00f6km\u0259linin su, yol, i\u015fsizlik problemi: &#8220;\u018fjdaha kimi suyun qaba\u011f\u0131n\u0131 k\u0259sibl\u0259r&#8221;\" class=\"read-more button\" href=\"https:\/\/www.meydan.tv\/az\/article\/hokmelinin-su-yol-issizlik-problemi-ejdaha-kimi-suyun-qabagini-kesibler\/#more-312700\" aria-label=\"Read more about H\u00f6km\u0259linin su, yol, i\u015fsizlik problemi: &#8220;\u018fjdaha kimi suyun qaba\u011f\u0131n\u0131 k\u0259sibl\u0259r&#8221;\">Davam\u0131<\/a><\/p>\n","protected":false},"author":12,"featured_media":312703,"comment_status":"closed","ping_status":"closed","sticky":false,"template":"","format":"standard","meta":{"_acf_changed":false,"_sitemap_exclude":false,"_sitemap_priority":"","_sitemap_frequency":"","footnotes":""},"categories":[62,79,56],"tags":[],"class_list":["post-312700","post","type-post","status-publish","format-standard","has-post-thumbnail","hentry","category-sosial","category-featured","category-xeberler","infinite-scroll-item","generate-columns","tablet-grid-50","mobile-grid-100","grid-parent","grid-33","no-featured-image-padding"],"acf":[],"yoast_head":"<!-- This site is optimized with the Yoast SEO plugin v27.5 - https:\/\/yoast.com\/product\/yoast-seo-wordpress\/ -->\n<title>H\u00f6km\u0259linin su, yol, i\u015fsizlik problemi: &quot;\u018fjdaha kimi suyun qaba\u011f\u0131n\u0131 k\u0259sibl\u0259r&quot; - MEYDAN.TV<\/title>\n<meta name=\"description\" content=\"Sakinl\u0259r H\u00f6km\u0259li q\u0259s\u0259b\u0259sind\u0259 20 ild\u0259n art\u0131qd\u0131r ki, \u0259ziyy\u0259t \u00e7\u0259kdiyini deyirl\u0259r.\" \/>\n<meta name=\"robots\" content=\"index, follow, max-snippet:-1, max-image-preview:large, max-video-preview:-1\" \/>\n<link rel=\"canonical\" href=\"https:\/\/www.meydan.tv\/az\/article\/hokmelinin-su-yol-issizlik-problemi-ejdaha-kimi-suyun-qabagini-kesibler\/\" \/>\n<meta property=\"og:locale\" content=\"az_AZ\" \/>\n<meta property=\"og:type\" content=\"article\" \/>\n<meta property=\"og:title\" content=\"H\u00f6km\u0259linin su, yol, i\u015fsizlik problemi: &quot;\u018fjdaha kimi suyun qaba\u011f\u0131n\u0131 k\u0259sibl\u0259r&quot; - MEYDAN.TV\" \/>\n<meta property=\"og:description\" content=\"Sakinl\u0259r H\u00f6km\u0259li q\u0259s\u0259b\u0259sind\u0259 20 ild\u0259n art\u0131qd\u0131r ki, \u0259ziyy\u0259t \u00e7\u0259kdiyini deyirl\u0259r.\" \/>\n<meta property=\"og:url\" content=\"https:\/\/www.meydan.tv\/az\/article\/hokmelinin-su-yol-issizlik-problemi-ejdaha-kimi-suyun-qabagini-kesibler\/\" \/>\n<meta property=\"og:site_name\" content=\"MEYDAN.TV\" \/>\n<meta property=\"article:published_time\" content=\"2024-08-10T10:54:57+00:00\" \/>\n<meta property=\"article:modified_time\" content=\"2024-08-11T09:44:52+00:00\" \/>\n<meta property=\"og:image\" content=\"https:\/\/www.meydan.tv\/wp-content\/uploads\/img-20240727-wa0146.jpg\" \/>\n\t<meta property=\"og:image:width\" content=\"1280\" \/>\n\t<meta property=\"og:image:height\" content=\"591\" \/>\n\t<meta property=\"og:image:type\" content=\"image\/jpeg\" \/>\n<meta name=\"author\" content=\"aleks\" \/>\n<meta name=\"twitter:card\" content=\"summary_large_image\" \/>\n<script type=\"application\/ld+json\" class=\"yoast-schema-graph\">{\"@context\":\"https:\\\/\\\/schema.org\",\"@graph\":[{\"@type\":\"Article\",\"@id\":\"https:\\\/\\\/www.meydan.tv\\\/az\\\/article\\\/hokmelinin-su-yol-issizlik-problemi-ejdaha-kimi-suyun-qabagini-kesibler\\\/#article\",\"isPartOf\":{\"@id\":\"https:\\\/\\\/www.meydan.tv\\\/az\\\/article\\\/hokmelinin-su-yol-issizlik-problemi-ejdaha-kimi-suyun-qabagini-kesibler\\\/\"},\"author\":{\"name\":\"aleks\",\"@id\":\"https:\\\/\\\/www.meydan.tv\\\/az\\\/#\\\/schema\\\/person\\\/476e9360e593fa131d5d71d51866f8da\"},\"headline\":\"H\u00f6km\u0259linin su, yol, i\u015fsizlik problemi: &#8220;\u018fjdaha kimi suyun qaba\u011f\u0131n\u0131 k\u0259sibl\u0259r&#8221;\",\"datePublished\":\"2024-08-10T10:54:57+00:00\",\"dateModified\":\"2024-08-11T09:44:52+00:00\",\"mainEntityOfPage\":{\"@id\":\"https:\\\/\\\/www.meydan.tv\\\/az\\\/article\\\/hokmelinin-su-yol-issizlik-problemi-ejdaha-kimi-suyun-qabagini-kesibler\\\/\"},\"wordCount\":2490,\"publisher\":{\"@id\":\"https:\\\/\\\/www.meydan.tv\\\/az\\\/#organization\"},\"image\":{\"@id\":\"https:\\\/\\\/www.meydan.tv\\\/az\\\/article\\\/hokmelinin-su-yol-issizlik-problemi-ejdaha-kimi-suyun-qabagini-kesibler\\\/#primaryimage\"},\"thumbnailUrl\":\"https:\\\/\\\/www.meydan.tv\\\/wp-content\\\/uploads\\\/img-20240727-wa0146.jpg\",\"articleSection\":[\"Sosial\",\"T\u00f6vsiy\u0259\",\"X\u0259b\u0259rl\u0259r\"],\"inLanguage\":\"az\"},{\"@type\":\"WebPage\",\"@id\":\"https:\\\/\\\/www.meydan.tv\\\/az\\\/article\\\/hokmelinin-su-yol-issizlik-problemi-ejdaha-kimi-suyun-qabagini-kesibler\\\/\",\"url\":\"https:\\\/\\\/www.meydan.tv\\\/az\\\/article\\\/hokmelinin-su-yol-issizlik-problemi-ejdaha-kimi-suyun-qabagini-kesibler\\\/\",\"name\":\"H\u00f6km\u0259linin su, yol, i\u015fsizlik problemi: \\\"\u018fjdaha kimi suyun qaba\u011f\u0131n\u0131 k\u0259sibl\u0259r\\\" - MEYDAN.TV\",\"isPartOf\":{\"@id\":\"https:\\\/\\\/www.meydan.tv\\\/az\\\/#website\"},\"primaryImageOfPage\":{\"@id\":\"https:\\\/\\\/www.meydan.tv\\\/az\\\/article\\\/hokmelinin-su-yol-issizlik-problemi-ejdaha-kimi-suyun-qabagini-kesibler\\\/#primaryimage\"},\"image\":{\"@id\":\"https:\\\/\\\/www.meydan.tv\\\/az\\\/article\\\/hokmelinin-su-yol-issizlik-problemi-ejdaha-kimi-suyun-qabagini-kesibler\\\/#primaryimage\"},\"thumbnailUrl\":\"https:\\\/\\\/www.meydan.tv\\\/wp-content\\\/uploads\\\/img-20240727-wa0146.jpg\",\"datePublished\":\"2024-08-10T10:54:57+00:00\",\"dateModified\":\"2024-08-11T09:44:52+00:00\",\"description\":\"Sakinl\u0259r H\u00f6km\u0259li q\u0259s\u0259b\u0259sind\u0259 20 ild\u0259n art\u0131qd\u0131r ki, \u0259ziyy\u0259t \u00e7\u0259kdiyini deyirl\u0259r.\",\"breadcrumb\":{\"@id\":\"https:\\\/\\\/www.meydan.tv\\\/az\\\/article\\\/hokmelinin-su-yol-issizlik-problemi-ejdaha-kimi-suyun-qabagini-kesibler\\\/#breadcrumb\"},\"inLanguage\":\"az\",\"potentialAction\":[{\"@type\":\"ReadAction\",\"target\":[\"https:\\\/\\\/www.meydan.tv\\\/az\\\/article\\\/hokmelinin-su-yol-issizlik-problemi-ejdaha-kimi-suyun-qabagini-kesibler\\\/\"]}]},{\"@type\":\"ImageObject\",\"inLanguage\":\"az\",\"@id\":\"https:\\\/\\\/www.meydan.tv\\\/az\\\/article\\\/hokmelinin-su-yol-issizlik-problemi-ejdaha-kimi-suyun-qabagini-kesibler\\\/#primaryimage\",\"url\":\"https:\\\/\\\/www.meydan.tv\\\/wp-content\\\/uploads\\\/img-20240727-wa0146.jpg\",\"contentUrl\":\"https:\\\/\\\/www.meydan.tv\\\/wp-content\\\/uploads\\\/img-20240727-wa0146.jpg\",\"width\":1280,\"height\":591,\"caption\":\"Foto: Meydan TV\"},{\"@type\":\"BreadcrumbList\",\"@id\":\"https:\\\/\\\/www.meydan.tv\\\/az\\\/article\\\/hokmelinin-su-yol-issizlik-problemi-ejdaha-kimi-suyun-qabagini-kesibler\\\/#breadcrumb\",\"itemListElement\":[{\"@type\":\"ListItem\",\"position\":1,\"name\":\"Ana s\u0259hif\u0259\",\"item\":\"https:\\\/\\\/www.meydan.tv\\\/az\\\/\"},{\"@type\":\"ListItem\",\"position\":2,\"name\":\"Sosial\",\"item\":\"https:\\\/\\\/www.meydan.tv\\\/az\\\/section\\\/sosial\\\/\"},{\"@type\":\"ListItem\",\"position\":3,\"name\":\"H\u00f6km\u0259linin su, yol, i\u015fsizlik problemi: &#8220;\u018fjdaha kimi suyun qaba\u011f\u0131n\u0131 k\u0259sibl\u0259r&#8221;\"}]},{\"@type\":\"WebSite\",\"@id\":\"https:\\\/\\\/www.meydan.tv\\\/az\\\/#website\",\"url\":\"https:\\\/\\\/www.meydan.tv\\\/az\\\/\",\"name\":\"MEYDAN.TV\",\"description\":\"Meydan TV Az\u0259rbaycan\u0131n media m\u0259kan\u0131ndak\u0131 alternativ s\u0259sidir\",\"publisher\":{\"@id\":\"https:\\\/\\\/www.meydan.tv\\\/az\\\/#organization\"},\"potentialAction\":[{\"@type\":\"SearchAction\",\"target\":{\"@type\":\"EntryPoint\",\"urlTemplate\":\"https:\\\/\\\/www.meydan.tv\\\/az\\\/?s={search_term_string}\"},\"query-input\":{\"@type\":\"PropertyValueSpecification\",\"valueRequired\":true,\"valueName\":\"search_term_string\"}}],\"inLanguage\":\"az\"},{\"@type\":\"Organization\",\"@id\":\"https:\\\/\\\/www.meydan.tv\\\/az\\\/#organization\",\"name\":\"Meydan TV\",\"url\":\"https:\\\/\\\/www.meydan.tv\\\/az\\\/\",\"logo\":{\"@type\":\"ImageObject\",\"inLanguage\":\"az\",\"@id\":\"https:\\\/\\\/www.meydan.tv\\\/az\\\/#\\\/schema\\\/logo\\\/image\\\/\",\"url\":\"https:\\\/\\\/www.meydan.tv\\\/wp-content\\\/uploads\\\/2021\\\/07\\\/meydan-logo.svg\",\"contentUrl\":\"https:\\\/\\\/www.meydan.tv\\\/wp-content\\\/uploads\\\/2021\\\/07\\\/meydan-logo.svg\",\"width\":195,\"height\":46,\"caption\":\"Meydan TV\"},\"image\":{\"@id\":\"https:\\\/\\\/www.meydan.tv\\\/az\\\/#\\\/schema\\\/logo\\\/image\\\/\"}},{\"@type\":\"Person\",\"@id\":\"https:\\\/\\\/www.meydan.tv\\\/az\\\/#\\\/schema\\\/person\\\/476e9360e593fa131d5d71d51866f8da\",\"name\":\"aleks\"}]}<\/script>\n<!-- \/ Yoast SEO plugin. -->","yoast_head_json":{"title":"H\u00f6km\u0259linin su, yol, i\u015fsizlik problemi: \"\u018fjdaha kimi suyun qaba\u011f\u0131n\u0131 k\u0259sibl\u0259r\" - MEYDAN.TV","description":"Sakinl\u0259r H\u00f6km\u0259li q\u0259s\u0259b\u0259sind\u0259 20 ild\u0259n art\u0131qd\u0131r ki, \u0259ziyy\u0259t \u00e7\u0259kdiyini deyirl\u0259r.","robots":{"index":"index","follow":"follow","max-snippet":"max-snippet:-1","max-image-preview":"max-image-preview:large","max-video-preview":"max-video-preview:-1"},"canonical":"https:\/\/www.meydan.tv\/az\/article\/hokmelinin-su-yol-issizlik-problemi-ejdaha-kimi-suyun-qabagini-kesibler\/","og_locale":"az_AZ","og_type":"article","og_title":"H\u00f6km\u0259linin su, yol, i\u015fsizlik problemi: \"\u018fjdaha kimi suyun qaba\u011f\u0131n\u0131 k\u0259sibl\u0259r\" - MEYDAN.TV","og_description":"Sakinl\u0259r H\u00f6km\u0259li q\u0259s\u0259b\u0259sind\u0259 20 ild\u0259n art\u0131qd\u0131r ki, \u0259ziyy\u0259t \u00e7\u0259kdiyini deyirl\u0259r.","og_url":"https:\/\/www.meydan.tv\/az\/article\/hokmelinin-su-yol-issizlik-problemi-ejdaha-kimi-suyun-qabagini-kesibler\/","og_site_name":"MEYDAN.TV","article_published_time":"2024-08-10T10:54:57+00:00","article_modified_time":"2024-08-11T09:44:52+00:00","og_image":[{"width":1280,"height":591,"url":"https:\/\/www.meydan.tv\/wp-content\/uploads\/img-20240727-wa0146.jpg","type":"image\/jpeg"}],"author":"aleks","twitter_card":"summary_large_image","schema":{"@context":"https:\/\/schema.org","@graph":[{"@type":"Article","@id":"https:\/\/www.meydan.tv\/az\/article\/hokmelinin-su-yol-issizlik-problemi-ejdaha-kimi-suyun-qabagini-kesibler\/#article","isPartOf":{"@id":"https:\/\/www.meydan.tv\/az\/article\/hokmelinin-su-yol-issizlik-problemi-ejdaha-kimi-suyun-qabagini-kesibler\/"},"author":{"name":"aleks","@id":"https:\/\/www.meydan.tv\/az\/#\/schema\/person\/476e9360e593fa131d5d71d51866f8da"},"headline":"H\u00f6km\u0259linin su, yol, i\u015fsizlik problemi: &#8220;\u018fjdaha kimi suyun qaba\u011f\u0131n\u0131 k\u0259sibl\u0259r&#8221;","datePublished":"2024-08-10T10:54:57+00:00","dateModified":"2024-08-11T09:44:52+00:00","mainEntityOfPage":{"@id":"https:\/\/www.meydan.tv\/az\/article\/hokmelinin-su-yol-issizlik-problemi-ejdaha-kimi-suyun-qabagini-kesibler\/"},"wordCount":2490,"publisher":{"@id":"https:\/\/www.meydan.tv\/az\/#organization"},"image":{"@id":"https:\/\/www.meydan.tv\/az\/article\/hokmelinin-su-yol-issizlik-problemi-ejdaha-kimi-suyun-qabagini-kesibler\/#primaryimage"},"thumbnailUrl":"https:\/\/www.meydan.tv\/wp-content\/uploads\/img-20240727-wa0146.jpg","articleSection":["Sosial","T\u00f6vsiy\u0259","X\u0259b\u0259rl\u0259r"],"inLanguage":"az"},{"@type":"WebPage","@id":"https:\/\/www.meydan.tv\/az\/article\/hokmelinin-su-yol-issizlik-problemi-ejdaha-kimi-suyun-qabagini-kesibler\/","url":"https:\/\/www.meydan.tv\/az\/article\/hokmelinin-su-yol-issizlik-problemi-ejdaha-kimi-suyun-qabagini-kesibler\/","name":"H\u00f6km\u0259linin su, yol, i\u015fsizlik problemi: \"\u018fjdaha kimi suyun qaba\u011f\u0131n\u0131 k\u0259sibl\u0259r\" - MEYDAN.TV","isPartOf":{"@id":"https:\/\/www.meydan.tv\/az\/#website"},"primaryImageOfPage":{"@id":"https:\/\/www.meydan.tv\/az\/article\/hokmelinin-su-yol-issizlik-problemi-ejdaha-kimi-suyun-qabagini-kesibler\/#primaryimage"},"image":{"@id":"https:\/\/www.meydan.tv\/az\/article\/hokmelinin-su-yol-issizlik-problemi-ejdaha-kimi-suyun-qabagini-kesibler\/#primaryimage"},"thumbnailUrl":"https:\/\/www.meydan.tv\/wp-content\/uploads\/img-20240727-wa0146.jpg","datePublished":"2024-08-10T10:54:57+00:00","dateModified":"2024-08-11T09:44:52+00:00","description":"Sakinl\u0259r H\u00f6km\u0259li q\u0259s\u0259b\u0259sind\u0259 20 ild\u0259n art\u0131qd\u0131r ki, \u0259ziyy\u0259t \u00e7\u0259kdiyini deyirl\u0259r.","breadcrumb":{"@id":"https:\/\/www.meydan.tv\/az\/article\/hokmelinin-su-yol-issizlik-problemi-ejdaha-kimi-suyun-qabagini-kesibler\/#breadcrumb"},"inLanguage":"az","potentialAction":[{"@type":"ReadAction","target":["https:\/\/www.meydan.tv\/az\/article\/hokmelinin-su-yol-issizlik-problemi-ejdaha-kimi-suyun-qabagini-kesibler\/"]}]},{"@type":"ImageObject","inLanguage":"az","@id":"https:\/\/www.meydan.tv\/az\/article\/hokmelinin-su-yol-issizlik-problemi-ejdaha-kimi-suyun-qabagini-kesibler\/#primaryimage","url":"https:\/\/www.meydan.tv\/wp-content\/uploads\/img-20240727-wa0146.jpg","contentUrl":"https:\/\/www.meydan.tv\/wp-content\/uploads\/img-20240727-wa0146.jpg","width":1280,"height":591,"caption":"Foto: Meydan TV"},{"@type":"BreadcrumbList","@id":"https:\/\/www.meydan.tv\/az\/article\/hokmelinin-su-yol-issizlik-problemi-ejdaha-kimi-suyun-qabagini-kesibler\/#breadcrumb","itemListElement":[{"@type":"ListItem","position":1,"name":"Ana s\u0259hif\u0259","item":"https:\/\/www.meydan.tv\/az\/"},{"@type":"ListItem","position":2,"name":"Sosial","item":"https:\/\/www.meydan.tv\/az\/section\/sosial\/"},{"@type":"ListItem","position":3,"name":"H\u00f6km\u0259linin su, yol, i\u015fsizlik problemi: &#8220;\u018fjdaha kimi suyun qaba\u011f\u0131n\u0131 k\u0259sibl\u0259r&#8221;"}]},{"@type":"WebSite","@id":"https:\/\/www.meydan.tv\/az\/#website","url":"https:\/\/www.meydan.tv\/az\/","name":"MEYDAN.TV","description":"Meydan TV Az\u0259rbaycan\u0131n media m\u0259kan\u0131ndak\u0131 alternativ s\u0259sidir","publisher":{"@id":"https:\/\/www.meydan.tv\/az\/#organization"},"potentialAction":[{"@type":"SearchAction","target":{"@type":"EntryPoint","urlTemplate":"https:\/\/www.meydan.tv\/az\/?s={search_term_string}"},"query-input":{"@type":"PropertyValueSpecification","valueRequired":true,"valueName":"search_term_string"}}],"inLanguage":"az"},{"@type":"Organization","@id":"https:\/\/www.meydan.tv\/az\/#organization","name":"Meydan TV","url":"https:\/\/www.meydan.tv\/az\/","logo":{"@type":"ImageObject","inLanguage":"az","@id":"https:\/\/www.meydan.tv\/az\/#\/schema\/logo\/image\/","url":"https:\/\/www.meydan.tv\/wp-content\/uploads\/2021\/07\/meydan-logo.svg","contentUrl":"https:\/\/www.meydan.tv\/wp-content\/uploads\/2021\/07\/meydan-logo.svg","width":195,"height":46,"caption":"Meydan TV"},"image":{"@id":"https:\/\/www.meydan.tv\/az\/#\/schema\/logo\/image\/"}},{"@type":"Person","@id":"https:\/\/www.meydan.tv\/az\/#\/schema\/person\/476e9360e593fa131d5d71d51866f8da","name":"aleks"}]}},"_links":{"self":[{"href":"https:\/\/www.meydan.tv\/az\/wp-json\/wp\/v2\/posts\/312700","targetHints":{"allow":["GET"]}}],"collection":[{"href":"https:\/\/www.meydan.tv\/az\/wp-json\/wp\/v2\/posts"}],"about":[{"href":"https:\/\/www.meydan.tv\/az\/wp-json\/wp\/v2\/types\/post"}],"author":[{"embeddable":true,"href":"https:\/\/www.meydan.tv\/az\/wp-json\/wp\/v2\/users\/12"}],"replies":[{"embeddable":true,"href":"https:\/\/www.meydan.tv\/az\/wp-json\/wp\/v2\/comments?post=312700"}],"version-history":[{"count":8,"href":"https:\/\/www.meydan.tv\/az\/wp-json\/wp\/v2\/posts\/312700\/revisions"}],"predecessor-version":[{"id":312761,"href":"https:\/\/www.meydan.tv\/az\/wp-json\/wp\/v2\/posts\/312700\/revisions\/312761"}],"wp:featuredmedia":[{"embeddable":true,"href":"https:\/\/www.meydan.tv\/az\/wp-json\/wp\/v2\/media\/312703"}],"wp:attachment":[{"href":"https:\/\/www.meydan.tv\/az\/wp-json\/wp\/v2\/media?parent=312700"}],"wp:term":[{"taxonomy":"category","embeddable":true,"href":"https:\/\/www.meydan.tv\/az\/wp-json\/wp\/v2\/categories?post=312700"},{"taxonomy":"post_tag","embeddable":true,"href":"https:\/\/www.meydan.tv\/az\/wp-json\/wp\/v2\/tags?post=312700"}],"curies":[{"name":"wp","href":"https:\/\/api.w.org\/{rel}","templated":true}]}}