{"id":312664,"date":"2024-08-09T16:49:37","date_gmt":"2024-08-09T12:49:37","guid":{"rendered":"https:\/\/www.meydan.tv\/?p=312664"},"modified":"2024-08-09T16:49:39","modified_gmt":"2024-08-09T12:49:39","slug":"siyasi-serhci-sahin-ceferlinin-olkeden-cixisina-qadaga-qoyulub","status":"publish","type":"post","link":"https:\/\/www.meydan.tv\/az\/article\/siyasi-serhci-sahin-ceferlinin-olkeden-cixisina-qadaga-qoyulub\/","title":{"rendered":"Siyasi \u015f\u0259rh\u00e7i \u015eahin C\u0259f\u0259rlinin \u00f6lk\u0259d\u0259n \u00e7\u0131x\u0131\u015f\u0131na qada\u011fa qoyulub"},"content":{"rendered":"\n<p><\/p>\n\n\n\n<p><strong><em>S\u0259b\u0259b \u201cToplum TV\u201d i\u015fidir<\/em><\/strong><\/p>\n\n\n\n<p>Siyasi \u015f\u0259rh\u00e7i \u015eahin C\u0259f\u0259rlinin \u00f6lk\u0259d\u0259n \u00e7\u0131x\u0131\u015f\u0131na qada\u011fa qoyulub. Bu bar\u0259d\u0259 o, \u201cTuran\u201d \u0130nformasiya Agentliyin\u0259 dan\u0131\u015f\u0131b. <\/p>\n\n\n\n<p>Bildirib ki, qada\u011fa &#8220;Toplum TV&#8221; \u0130nternet kanal\u0131 il\u0259 \u0259m\u0259kda\u015fl\u0131\u011f\u0131 il\u0259 \u0259laq\u0259dar t\u0259tbiq edilib. \u015eahin C\u0259f\u0259rli \u201cToplum TV&#8221;-d\u0259 proqram apar\u0131c\u0131s\u0131 olub. Daha \u00f6nc\u0259 \u015eahin C\u0259f\u0259rli Bak\u0131 \u015e\u0259h\u0259r Ba\u015f Polis \u0130dar\u0259sind\u0259 bu i\u015f \u00fczr\u0259 \u015fahid qismind\u0259 dindirilib.<\/p>\n\n\n\n<p>\u015eahin C\u0259f\u0259rlinin \u00f6lk\u0259d\u0259n \u00e7\u0131x\u0131\u015f qada\u011fas\u0131 il\u0259 ba\u011fl\u0131 dedikl\u0259rin\u0259 Daxili \u0130\u015fl\u0259r Nazirliyind\u0259n (D\u0130N) m\u00fcnasib\u0259t \u00f6yr\u0259nm\u0259k m\u00fcmk\u00fcn olmay\u0131b.<\/p>\n\n\n\n<p>2024-c\u00fc il martin 6-8 aral\u0131\u011f\u0131nda \u201cToplum TV&#8221; v\u0259 Demokratik T\u0259\u015f\u0259bb\u00fcsl\u0259r \u0130nstitutunun 9 \u0259m\u0259kda\u015f\u0131 saxlan\u0131b. Onlar xarici valyuta qa\u00e7aqmal\u00e7\u0131l\u0131\u011f\u0131nda ittiham olunublar. Yeddi n\u0259f\u0259r h\u0259bs edilib, iki n\u0259f\u0259r polis n\u0259zar\u0259tin\u0259 verilib. Saxlan\u0131lanlar ittihamlar\u0131 r\u0259dd edir, h\u0259bsl\u0259rini siyasi adland\u0131r\u0131rlar.<\/p>\n\n\n\n<p>Bundan \u0259lav\u0259, \u201cToplum TV\u201d i\u015fi \u00fczr\u0259 onlarla jurnalist v\u0259 f\u0259al dindirilib. Onlar\u0131n \u00e7oxunun \u00f6lk\u0259d\u0259n \u00e7\u0131x\u0131\u015f\u0131na qada\u011fa qoyulub.<\/p>\n\n\n\n<p>\u00d6t\u0259n ilin noyabr\u0131ndan ba\u015flayaraq Az\u0259rbaycanda 20-d\u0259k jurnalist v\u0259 f\u0259al eyni ittihamla h\u0259bs edilib. Bir s\u0131ra yerli h\u00fcquq m\u00fcdafi\u0259 t\u0259\u015fkilatlar\u0131 hesab edirl\u0259r ki, haz\u0131rda Az\u0259rbaycan h\u0259bsxanalar\u0131nda 300 civar\u0131nda siyasi m\u0259hbus var. <\/p>\n\n\n\n<p>Az\u0259rbaycan Prezidenti d\u0259 daxil olmaqla, r\u0259smi \u015f\u0259xsl\u0259r insanlar\u0131n \u00f6lk\u0259d\u0259 fikrin\u0259 g\u00f6r\u0259 h\u0259bsini inkar edir. H\u0259bs edil\u0259nl\u0259rin s\u0131rf t\u00f6r\u0259tdikl\u0259ri \u0259m\u0259l\u0259 g\u00f6r\u0259 m\u0259suliyy\u0259t\u0259 c\u0259lb olundu\u011funu bildirirl\u0259r. <\/p>\n\n\n\n<p><\/p>\n","protected":false},"excerpt":{"rendered":"<p>S\u0259b\u0259b \u201cToplum TV\u201d i\u015fidir Siyasi \u015f\u0259rh\u00e7i \u015eahin C\u0259f\u0259rlinin \u00f6lk\u0259d\u0259n \u00e7\u0131x\u0131\u015f\u0131na &#8230; <\/p>\n<p class=\"read-more-container\"><a title=\"Siyasi \u015f\u0259rh\u00e7i \u015eahin C\u0259f\u0259rlinin \u00f6lk\u0259d\u0259n \u00e7\u0131x\u0131\u015f\u0131na qada\u011fa qoyulub\" class=\"read-more button\" href=\"https:\/\/www.meydan.tv\/az\/article\/siyasi-serhci-sahin-ceferlinin-olkeden-cixisina-qadaga-qoyulub\/#more-312664\" aria-label=\"Read more about Siyasi \u015f\u0259rh\u00e7i \u015eahin C\u0259f\u0259rlinin \u00f6lk\u0259d\u0259n \u00e7\u0131x\u0131\u015f\u0131na qada\u011fa qoyulub\">Davam\u0131<\/a><\/p>\n","protected":false},"author":8,"featured_media":95405,"comment_status":"closed","ping_status":"closed","sticky":false,"template":"","format":"standard","meta":{"_acf_changed":false,"_sitemap_exclude":false,"_sitemap_priority":"","_sitemap_frequency":"","footnotes":""},"categories":[59,56],"tags":[],"class_list":["post-312664","post","type-post","status-publish","format-standard","has-post-thumbnail","hentry","category-siyaset","category-xeberler","infinite-scroll-item","generate-columns","tablet-grid-50","mobile-grid-100","grid-parent","grid-33","no-featured-image-padding"],"acf":[],"yoast_head":"<!-- This site is optimized with the Yoast SEO plugin v27.4 - https:\/\/yoast.com\/product\/yoast-seo-wordpress\/ -->\n<title>Siyasi \u015f\u0259rh\u00e7i \u015eahin C\u0259f\u0259rlinin \u00f6lk\u0259d\u0259n \u00e7\u0131x\u0131\u015f\u0131na qada\u011fa qoyulub - MEYDAN.TV<\/title>\n<meta name=\"description\" content=\"\u015eahin C\u0259f\u0259rli \u201cToplum TV&quot;-d\u0259 proqram apar\u0131c\u0131s\u0131 olub. Daha \u00f6nc\u0259 \u015eahin C\u0259f\u0259rli Bak\u0131 \u015e\u0259h\u0259r Ba\u015f Polis \u0130dar\u0259sind\u0259 bu i\u015f \u00fczr\u0259 \u015fahid qismind\u0259 dindirilib.\" \/>\n<meta name=\"robots\" content=\"index, follow, max-snippet:-1, max-image-preview:large, max-video-preview:-1\" \/>\n<link rel=\"canonical\" href=\"https:\/\/www.meydan.tv\/az\/article\/siyasi-serhci-sahin-ceferlinin-olkeden-cixisina-qadaga-qoyulub\/\" \/>\n<meta property=\"og:locale\" content=\"az_AZ\" \/>\n<meta property=\"og:type\" content=\"article\" \/>\n<meta property=\"og:title\" content=\"Siyasi \u015f\u0259rh\u00e7i \u015eahin C\u0259f\u0259rlinin \u00f6lk\u0259d\u0259n \u00e7\u0131x\u0131\u015f\u0131na qada\u011fa qoyulub - MEYDAN.TV\" \/>\n<meta property=\"og:description\" content=\"\u015eahin C\u0259f\u0259rli \u201cToplum TV&quot;-d\u0259 proqram apar\u0131c\u0131s\u0131 olub. Daha \u00f6nc\u0259 \u015eahin C\u0259f\u0259rli Bak\u0131 \u015e\u0259h\u0259r Ba\u015f Polis \u0130dar\u0259sind\u0259 bu i\u015f \u00fczr\u0259 \u015fahid qismind\u0259 dindirilib.\" \/>\n<meta property=\"og:url\" content=\"https:\/\/www.meydan.tv\/az\/article\/siyasi-serhci-sahin-ceferlinin-olkeden-cixisina-qadaga-qoyulub\/\" \/>\n<meta property=\"og:site_name\" content=\"MEYDAN.TV\" \/>\n<meta property=\"article:published_time\" content=\"2024-08-09T12:49:37+00:00\" \/>\n<meta property=\"article:modified_time\" content=\"2024-08-09T12:49:39+00:00\" \/>\n<meta property=\"og:image\" content=\"https:\/\/www.meydan.tv\/wp-content\/uploads\/37695-e1723207383228.jpg\" \/>\n\t<meta property=\"og:image:width\" content=\"960\" \/>\n\t<meta property=\"og:image:height\" content=\"433\" \/>\n\t<meta property=\"og:image:type\" content=\"image\/jpeg\" \/>\n<meta name=\"author\" content=\"elli\" \/>\n<meta name=\"twitter:card\" content=\"summary_large_image\" \/>\n<meta name=\"twitter:creator\" content=\"@elli\" \/>\n<script type=\"application\/ld+json\" class=\"yoast-schema-graph\">{\"@context\":\"https:\\\/\\\/schema.org\",\"@graph\":[{\"@type\":\"Article\",\"@id\":\"https:\\\/\\\/www.meydan.tv\\\/az\\\/article\\\/siyasi-serhci-sahin-ceferlinin-olkeden-cixisina-qadaga-qoyulub\\\/#article\",\"isPartOf\":{\"@id\":\"https:\\\/\\\/www.meydan.tv\\\/az\\\/article\\\/siyasi-serhci-sahin-ceferlinin-olkeden-cixisina-qadaga-qoyulub\\\/\"},\"author\":{\"name\":\"elli\",\"@id\":\"https:\\\/\\\/www.meydan.tv\\\/az\\\/#\\\/schema\\\/person\\\/9cdbecf90d17180ce1dfbd95b08dcf47\"},\"headline\":\"Siyasi \u015f\u0259rh\u00e7i \u015eahin C\u0259f\u0259rlinin \u00f6lk\u0259d\u0259n \u00e7\u0131x\u0131\u015f\u0131na qada\u011fa qoyulub\",\"datePublished\":\"2024-08-09T12:49:37+00:00\",\"dateModified\":\"2024-08-09T12:49:39+00:00\",\"mainEntityOfPage\":{\"@id\":\"https:\\\/\\\/www.meydan.tv\\\/az\\\/article\\\/siyasi-serhci-sahin-ceferlinin-olkeden-cixisina-qadaga-qoyulub\\\/\"},\"wordCount\":301,\"publisher\":{\"@id\":\"https:\\\/\\\/www.meydan.tv\\\/az\\\/#organization\"},\"image\":{\"@id\":\"https:\\\/\\\/www.meydan.tv\\\/az\\\/article\\\/siyasi-serhci-sahin-ceferlinin-olkeden-cixisina-qadaga-qoyulub\\\/#primaryimage\"},\"thumbnailUrl\":\"https:\\\/\\\/www.meydan.tv\\\/wp-content\\\/uploads\\\/37695-e1723207383228.jpg\",\"articleSection\":[\"Siyas\u0259t\",\"X\u0259b\u0259rl\u0259r\"],\"inLanguage\":\"az\"},{\"@type\":\"WebPage\",\"@id\":\"https:\\\/\\\/www.meydan.tv\\\/az\\\/article\\\/siyasi-serhci-sahin-ceferlinin-olkeden-cixisina-qadaga-qoyulub\\\/\",\"url\":\"https:\\\/\\\/www.meydan.tv\\\/az\\\/article\\\/siyasi-serhci-sahin-ceferlinin-olkeden-cixisina-qadaga-qoyulub\\\/\",\"name\":\"Siyasi \u015f\u0259rh\u00e7i \u015eahin C\u0259f\u0259rlinin \u00f6lk\u0259d\u0259n \u00e7\u0131x\u0131\u015f\u0131na qada\u011fa qoyulub - MEYDAN.TV\",\"isPartOf\":{\"@id\":\"https:\\\/\\\/www.meydan.tv\\\/az\\\/#website\"},\"primaryImageOfPage\":{\"@id\":\"https:\\\/\\\/www.meydan.tv\\\/az\\\/article\\\/siyasi-serhci-sahin-ceferlinin-olkeden-cixisina-qadaga-qoyulub\\\/#primaryimage\"},\"image\":{\"@id\":\"https:\\\/\\\/www.meydan.tv\\\/az\\\/article\\\/siyasi-serhci-sahin-ceferlinin-olkeden-cixisina-qadaga-qoyulub\\\/#primaryimage\"},\"thumbnailUrl\":\"https:\\\/\\\/www.meydan.tv\\\/wp-content\\\/uploads\\\/37695-e1723207383228.jpg\",\"datePublished\":\"2024-08-09T12:49:37+00:00\",\"dateModified\":\"2024-08-09T12:49:39+00:00\",\"description\":\"\u015eahin C\u0259f\u0259rli \u201cToplum TV\\\"-d\u0259 proqram apar\u0131c\u0131s\u0131 olub. Daha \u00f6nc\u0259 \u015eahin C\u0259f\u0259rli Bak\u0131 \u015e\u0259h\u0259r Ba\u015f Polis \u0130dar\u0259sind\u0259 bu i\u015f \u00fczr\u0259 \u015fahid qismind\u0259 dindirilib.\",\"breadcrumb\":{\"@id\":\"https:\\\/\\\/www.meydan.tv\\\/az\\\/article\\\/siyasi-serhci-sahin-ceferlinin-olkeden-cixisina-qadaga-qoyulub\\\/#breadcrumb\"},\"inLanguage\":\"az\",\"potentialAction\":[{\"@type\":\"ReadAction\",\"target\":[\"https:\\\/\\\/www.meydan.tv\\\/az\\\/article\\\/siyasi-serhci-sahin-ceferlinin-olkeden-cixisina-qadaga-qoyulub\\\/\"]}]},{\"@type\":\"ImageObject\",\"inLanguage\":\"az\",\"@id\":\"https:\\\/\\\/www.meydan.tv\\\/az\\\/article\\\/siyasi-serhci-sahin-ceferlinin-olkeden-cixisina-qadaga-qoyulub\\\/#primaryimage\",\"url\":\"https:\\\/\\\/www.meydan.tv\\\/wp-content\\\/uploads\\\/37695-e1723207383228.jpg\",\"contentUrl\":\"https:\\\/\\\/www.meydan.tv\\\/wp-content\\\/uploads\\\/37695-e1723207383228.jpg\",\"width\":960,\"height\":433,\"caption\":\"Foto: \u015eahin C\u0259f\u0259rlinin \u015f\u0259xsi arxivi\"},{\"@type\":\"BreadcrumbList\",\"@id\":\"https:\\\/\\\/www.meydan.tv\\\/az\\\/article\\\/siyasi-serhci-sahin-ceferlinin-olkeden-cixisina-qadaga-qoyulub\\\/#breadcrumb\",\"itemListElement\":[{\"@type\":\"ListItem\",\"position\":1,\"name\":\"Ana s\u0259hif\u0259\",\"item\":\"https:\\\/\\\/www.meydan.tv\\\/az\\\/\"},{\"@type\":\"ListItem\",\"position\":2,\"name\":\"Siyas\u0259t\",\"item\":\"https:\\\/\\\/www.meydan.tv\\\/az\\\/section\\\/siyaset\\\/\"},{\"@type\":\"ListItem\",\"position\":3,\"name\":\"Siyasi \u015f\u0259rh\u00e7i \u015eahin C\u0259f\u0259rlinin \u00f6lk\u0259d\u0259n \u00e7\u0131x\u0131\u015f\u0131na qada\u011fa qoyulub\"}]},{\"@type\":\"WebSite\",\"@id\":\"https:\\\/\\\/www.meydan.tv\\\/az\\\/#website\",\"url\":\"https:\\\/\\\/www.meydan.tv\\\/az\\\/\",\"name\":\"MEYDAN.TV\",\"description\":\"Meydan TV Az\u0259rbaycan\u0131n media m\u0259kan\u0131ndak\u0131 alternativ s\u0259sidir\",\"publisher\":{\"@id\":\"https:\\\/\\\/www.meydan.tv\\\/az\\\/#organization\"},\"potentialAction\":[{\"@type\":\"SearchAction\",\"target\":{\"@type\":\"EntryPoint\",\"urlTemplate\":\"https:\\\/\\\/www.meydan.tv\\\/az\\\/?s={search_term_string}\"},\"query-input\":{\"@type\":\"PropertyValueSpecification\",\"valueRequired\":true,\"valueName\":\"search_term_string\"}}],\"inLanguage\":\"az\"},{\"@type\":\"Organization\",\"@id\":\"https:\\\/\\\/www.meydan.tv\\\/az\\\/#organization\",\"name\":\"Meydan TV\",\"url\":\"https:\\\/\\\/www.meydan.tv\\\/az\\\/\",\"logo\":{\"@type\":\"ImageObject\",\"inLanguage\":\"az\",\"@id\":\"https:\\\/\\\/www.meydan.tv\\\/az\\\/#\\\/schema\\\/logo\\\/image\\\/\",\"url\":\"https:\\\/\\\/www.meydan.tv\\\/wp-content\\\/uploads\\\/2021\\\/07\\\/meydan-logo.svg\",\"contentUrl\":\"https:\\\/\\\/www.meydan.tv\\\/wp-content\\\/uploads\\\/2021\\\/07\\\/meydan-logo.svg\",\"width\":195,\"height\":46,\"caption\":\"Meydan TV\"},\"image\":{\"@id\":\"https:\\\/\\\/www.meydan.tv\\\/az\\\/#\\\/schema\\\/logo\\\/image\\\/\"}},{\"@type\":\"Person\",\"@id\":\"https:\\\/\\\/www.meydan.tv\\\/az\\\/#\\\/schema\\\/person\\\/9cdbecf90d17180ce1dfbd95b08dcf47\",\"name\":\"elli\",\"sameAs\":[\"https:\\\/\\\/x.com\\\/elli\"]}]}<\/script>\n<!-- \/ Yoast SEO plugin. -->","yoast_head_json":{"title":"Siyasi \u015f\u0259rh\u00e7i \u015eahin C\u0259f\u0259rlinin \u00f6lk\u0259d\u0259n \u00e7\u0131x\u0131\u015f\u0131na qada\u011fa qoyulub - MEYDAN.TV","description":"\u015eahin C\u0259f\u0259rli \u201cToplum TV\"-d\u0259 proqram apar\u0131c\u0131s\u0131 olub. Daha \u00f6nc\u0259 \u015eahin C\u0259f\u0259rli Bak\u0131 \u015e\u0259h\u0259r Ba\u015f Polis \u0130dar\u0259sind\u0259 bu i\u015f \u00fczr\u0259 \u015fahid qismind\u0259 dindirilib.","robots":{"index":"index","follow":"follow","max-snippet":"max-snippet:-1","max-image-preview":"max-image-preview:large","max-video-preview":"max-video-preview:-1"},"canonical":"https:\/\/www.meydan.tv\/az\/article\/siyasi-serhci-sahin-ceferlinin-olkeden-cixisina-qadaga-qoyulub\/","og_locale":"az_AZ","og_type":"article","og_title":"Siyasi \u015f\u0259rh\u00e7i \u015eahin C\u0259f\u0259rlinin \u00f6lk\u0259d\u0259n \u00e7\u0131x\u0131\u015f\u0131na qada\u011fa qoyulub - MEYDAN.TV","og_description":"\u015eahin C\u0259f\u0259rli \u201cToplum TV\"-d\u0259 proqram apar\u0131c\u0131s\u0131 olub. Daha \u00f6nc\u0259 \u015eahin C\u0259f\u0259rli Bak\u0131 \u015e\u0259h\u0259r Ba\u015f Polis \u0130dar\u0259sind\u0259 bu i\u015f \u00fczr\u0259 \u015fahid qismind\u0259 dindirilib.","og_url":"https:\/\/www.meydan.tv\/az\/article\/siyasi-serhci-sahin-ceferlinin-olkeden-cixisina-qadaga-qoyulub\/","og_site_name":"MEYDAN.TV","article_published_time":"2024-08-09T12:49:37+00:00","article_modified_time":"2024-08-09T12:49:39+00:00","og_image":[{"width":960,"height":433,"url":"https:\/\/www.meydan.tv\/wp-content\/uploads\/37695-e1723207383228.jpg","type":"image\/jpeg"}],"author":"elli","twitter_card":"summary_large_image","twitter_creator":"@elli","schema":{"@context":"https:\/\/schema.org","@graph":[{"@type":"Article","@id":"https:\/\/www.meydan.tv\/az\/article\/siyasi-serhci-sahin-ceferlinin-olkeden-cixisina-qadaga-qoyulub\/#article","isPartOf":{"@id":"https:\/\/www.meydan.tv\/az\/article\/siyasi-serhci-sahin-ceferlinin-olkeden-cixisina-qadaga-qoyulub\/"},"author":{"name":"elli","@id":"https:\/\/www.meydan.tv\/az\/#\/schema\/person\/9cdbecf90d17180ce1dfbd95b08dcf47"},"headline":"Siyasi \u015f\u0259rh\u00e7i \u015eahin C\u0259f\u0259rlinin \u00f6lk\u0259d\u0259n \u00e7\u0131x\u0131\u015f\u0131na qada\u011fa qoyulub","datePublished":"2024-08-09T12:49:37+00:00","dateModified":"2024-08-09T12:49:39+00:00","mainEntityOfPage":{"@id":"https:\/\/www.meydan.tv\/az\/article\/siyasi-serhci-sahin-ceferlinin-olkeden-cixisina-qadaga-qoyulub\/"},"wordCount":301,"publisher":{"@id":"https:\/\/www.meydan.tv\/az\/#organization"},"image":{"@id":"https:\/\/www.meydan.tv\/az\/article\/siyasi-serhci-sahin-ceferlinin-olkeden-cixisina-qadaga-qoyulub\/#primaryimage"},"thumbnailUrl":"https:\/\/www.meydan.tv\/wp-content\/uploads\/37695-e1723207383228.jpg","articleSection":["Siyas\u0259t","X\u0259b\u0259rl\u0259r"],"inLanguage":"az"},{"@type":"WebPage","@id":"https:\/\/www.meydan.tv\/az\/article\/siyasi-serhci-sahin-ceferlinin-olkeden-cixisina-qadaga-qoyulub\/","url":"https:\/\/www.meydan.tv\/az\/article\/siyasi-serhci-sahin-ceferlinin-olkeden-cixisina-qadaga-qoyulub\/","name":"Siyasi \u015f\u0259rh\u00e7i \u015eahin C\u0259f\u0259rlinin \u00f6lk\u0259d\u0259n \u00e7\u0131x\u0131\u015f\u0131na qada\u011fa qoyulub - MEYDAN.TV","isPartOf":{"@id":"https:\/\/www.meydan.tv\/az\/#website"},"primaryImageOfPage":{"@id":"https:\/\/www.meydan.tv\/az\/article\/siyasi-serhci-sahin-ceferlinin-olkeden-cixisina-qadaga-qoyulub\/#primaryimage"},"image":{"@id":"https:\/\/www.meydan.tv\/az\/article\/siyasi-serhci-sahin-ceferlinin-olkeden-cixisina-qadaga-qoyulub\/#primaryimage"},"thumbnailUrl":"https:\/\/www.meydan.tv\/wp-content\/uploads\/37695-e1723207383228.jpg","datePublished":"2024-08-09T12:49:37+00:00","dateModified":"2024-08-09T12:49:39+00:00","description":"\u015eahin C\u0259f\u0259rli \u201cToplum TV\"-d\u0259 proqram apar\u0131c\u0131s\u0131 olub. Daha \u00f6nc\u0259 \u015eahin C\u0259f\u0259rli Bak\u0131 \u015e\u0259h\u0259r Ba\u015f Polis \u0130dar\u0259sind\u0259 bu i\u015f \u00fczr\u0259 \u015fahid qismind\u0259 dindirilib.","breadcrumb":{"@id":"https:\/\/www.meydan.tv\/az\/article\/siyasi-serhci-sahin-ceferlinin-olkeden-cixisina-qadaga-qoyulub\/#breadcrumb"},"inLanguage":"az","potentialAction":[{"@type":"ReadAction","target":["https:\/\/www.meydan.tv\/az\/article\/siyasi-serhci-sahin-ceferlinin-olkeden-cixisina-qadaga-qoyulub\/"]}]},{"@type":"ImageObject","inLanguage":"az","@id":"https:\/\/www.meydan.tv\/az\/article\/siyasi-serhci-sahin-ceferlinin-olkeden-cixisina-qadaga-qoyulub\/#primaryimage","url":"https:\/\/www.meydan.tv\/wp-content\/uploads\/37695-e1723207383228.jpg","contentUrl":"https:\/\/www.meydan.tv\/wp-content\/uploads\/37695-e1723207383228.jpg","width":960,"height":433,"caption":"Foto: \u015eahin C\u0259f\u0259rlinin \u015f\u0259xsi arxivi"},{"@type":"BreadcrumbList","@id":"https:\/\/www.meydan.tv\/az\/article\/siyasi-serhci-sahin-ceferlinin-olkeden-cixisina-qadaga-qoyulub\/#breadcrumb","itemListElement":[{"@type":"ListItem","position":1,"name":"Ana s\u0259hif\u0259","item":"https:\/\/www.meydan.tv\/az\/"},{"@type":"ListItem","position":2,"name":"Siyas\u0259t","item":"https:\/\/www.meydan.tv\/az\/section\/siyaset\/"},{"@type":"ListItem","position":3,"name":"Siyasi \u015f\u0259rh\u00e7i \u015eahin C\u0259f\u0259rlinin \u00f6lk\u0259d\u0259n \u00e7\u0131x\u0131\u015f\u0131na qada\u011fa qoyulub"}]},{"@type":"WebSite","@id":"https:\/\/www.meydan.tv\/az\/#website","url":"https:\/\/www.meydan.tv\/az\/","name":"MEYDAN.TV","description":"Meydan TV Az\u0259rbaycan\u0131n media m\u0259kan\u0131ndak\u0131 alternativ s\u0259sidir","publisher":{"@id":"https:\/\/www.meydan.tv\/az\/#organization"},"potentialAction":[{"@type":"SearchAction","target":{"@type":"EntryPoint","urlTemplate":"https:\/\/www.meydan.tv\/az\/?s={search_term_string}"},"query-input":{"@type":"PropertyValueSpecification","valueRequired":true,"valueName":"search_term_string"}}],"inLanguage":"az"},{"@type":"Organization","@id":"https:\/\/www.meydan.tv\/az\/#organization","name":"Meydan TV","url":"https:\/\/www.meydan.tv\/az\/","logo":{"@type":"ImageObject","inLanguage":"az","@id":"https:\/\/www.meydan.tv\/az\/#\/schema\/logo\/image\/","url":"https:\/\/www.meydan.tv\/wp-content\/uploads\/2021\/07\/meydan-logo.svg","contentUrl":"https:\/\/www.meydan.tv\/wp-content\/uploads\/2021\/07\/meydan-logo.svg","width":195,"height":46,"caption":"Meydan TV"},"image":{"@id":"https:\/\/www.meydan.tv\/az\/#\/schema\/logo\/image\/"}},{"@type":"Person","@id":"https:\/\/www.meydan.tv\/az\/#\/schema\/person\/9cdbecf90d17180ce1dfbd95b08dcf47","name":"elli","sameAs":["https:\/\/x.com\/elli"]}]}},"_links":{"self":[{"href":"https:\/\/www.meydan.tv\/az\/wp-json\/wp\/v2\/posts\/312664","targetHints":{"allow":["GET"]}}],"collection":[{"href":"https:\/\/www.meydan.tv\/az\/wp-json\/wp\/v2\/posts"}],"about":[{"href":"https:\/\/www.meydan.tv\/az\/wp-json\/wp\/v2\/types\/post"}],"author":[{"embeddable":true,"href":"https:\/\/www.meydan.tv\/az\/wp-json\/wp\/v2\/users\/8"}],"replies":[{"embeddable":true,"href":"https:\/\/www.meydan.tv\/az\/wp-json\/wp\/v2\/comments?post=312664"}],"version-history":[{"count":3,"href":"https:\/\/www.meydan.tv\/az\/wp-json\/wp\/v2\/posts\/312664\/revisions"}],"predecessor-version":[{"id":312669,"href":"https:\/\/www.meydan.tv\/az\/wp-json\/wp\/v2\/posts\/312664\/revisions\/312669"}],"wp:featuredmedia":[{"embeddable":true,"href":"https:\/\/www.meydan.tv\/az\/wp-json\/wp\/v2\/media\/95405"}],"wp:attachment":[{"href":"https:\/\/www.meydan.tv\/az\/wp-json\/wp\/v2\/media?parent=312664"}],"wp:term":[{"taxonomy":"category","embeddable":true,"href":"https:\/\/www.meydan.tv\/az\/wp-json\/wp\/v2\/categories?post=312664"},{"taxonomy":"post_tag","embeddable":true,"href":"https:\/\/www.meydan.tv\/az\/wp-json\/wp\/v2\/tags?post=312664"}],"curies":[{"name":"wp","href":"https:\/\/api.w.org\/{rel}","templated":true}]}}