{"id":312627,"date":"2024-08-09T14:05:19","date_gmt":"2024-08-09T10:05:19","guid":{"rendered":"https:\/\/www.meydan.tv\/?p=312627"},"modified":"2024-08-09T14:05:23","modified_gmt":"2024-08-09T10:05:23","slug":"beynelxalq-teskilatlar-gurcustan-hakimiyyetinden-jurnalisti-azerbaycana-vermemeyi-teleb-edib","status":"publish","type":"post","link":"https:\/\/www.meydan.tv\/az\/article\/beynelxalq-teskilatlar-gurcustan-hakimiyyetinden-jurnalisti-azerbaycana-vermemeyi-teleb-edib\/","title":{"rendered":"Beyn\u0259lxalq t\u0259\u015fkilatlar G\u00fcrc\u00fcstan hakimiyy\u0259tind\u0259n jurnalisti Az\u0259rbaycana verm\u0259m\u0259yi t\u0259l\u0259b edib"},"content":{"rendered":"\n<p><\/p>\n\n\n\n<p><strong><em>T\u0259\u015fkilatlar \u018ffqan Sad\u0131qovla ba\u011fl\u0131 narahatl\u0131qlar\u0131n\u0131 ifad\u0259 edib<\/em><\/strong><\/p>\n\n\n\n<p>Avropa Jurnalistl\u0259r Federasiyas\u0131 (EFJ), G\u00fcrc\u00fcstan Jurnalistl\u0259rinin M\u00fcst\u0259qil Assosiasiyas\u0131 (IAGJ) v\u0259 \u201cAmnesty International\u201d G\u00fcrc\u00fcstan hakimiyy\u0259tini az\u0259rbaycanl\u0131 jurnalist \u018ffqan Sad\u0131qovun ekstradisiyan\u0131 dayand\u0131rma\u011fa<a href=\"https:\/\/fom.coe.int\/en\/alerte\/detail\/107641352\" target=\"_blank\" rel=\"noreferrer noopener\"> \u00e7a\u011f\u0131r\u0131b<\/a>.<\/p>\n\n\n\n<p>\u018ffqan Sad\u0131qov \u201cAzel.TV\u201d-nin ba\u015f redaktorudur. O, avqustun 3-d\u0259 G\u00fcrc\u00fcstan\u0131n paytaxt\u0131 Tbilisi \u015f\u0259h\u0259rind\u0259 polis t\u0259r\u0259find\u0259n saxlan\u0131l\u0131b. Bar\u0259sind\u0259 h\u0259bs q\u0259timkan t\u0259dbiri se\u00e7ilib. Saxlan\u0131landan sonra m\u0259lum olub ki, Az\u0259rbaycanda onun bar\u0259sind\u0259 cinay\u0259t i\u015fi a\u00e7\u0131b, beyn\u0259lxalq axtar\u0131\u015fa verilib. Jurnalist v\u0259 ail\u0259si ittiham\u0131 r\u0259dd edir, siyasi sifari\u015f adland\u0131r\u0131r.<\/p>\n\n\n\n<p>\u018ffqan Sad\u0131qov haz\u0131rda G\u00fcrc\u00fcstanda deportasiya h\u0259bsxanas\u0131nda saxlan\u0131l\u0131r. T\u0259\u015fkilatlar bildirir ki, G\u00fcrc\u00fcstan hakimiyy\u0259ti h\u0259bsi Az\u0259rbaycan Ba\u015f Prokurorlu\u011funun ekstradisiya sor\u011fusu \u0259sas\u0131nda h\u0259yata ke\u00e7irib. \u0130ttihama \u0259sas\u0259n Az\u0259rbaycanda Sad\u0131qova qar\u015f\u0131 h\u0259d\u0259-qorxu il\u0259 t\u0259l\u0259betm\u0259 ittiham\u0131yla cinay\u0259t i\u015fi a\u00e7\u0131l\u0131b, m\u0259hk\u0259m\u0259 jurnalisti axtar\u0131\u015fa verib.<\/p>\n\n\n\n<p>Sad\u0131qovun g\u00fcrc\u00fc v\u0259kili Dimitri Nozadze m\u0259tbuata a\u00e7\u0131qlamas\u0131nda i\u015fin uydurma oldu\u011funu istisna etm\u0259yib.<\/p>\n\n\n\n<p>Avqustun 5-d\u0259 Tbilisi \u015e\u0259h\u0259r M\u0259hk\u0259m\u0259si Sad\u0131qov bar\u0259sind\u0259 iki ayl\u0131q h\u0259bs-q\u0259timkan t\u0259dbiri se\u00e7ib. T\u0259\u015fkilatlar G\u00fcrc\u00fcstan hakimiyy\u0259tind\u0259n Sad\u0131qovu Az\u0259rbaycana verm\u0259m\u0259yi t\u0259l\u0259b edib. Onun azadl\u0131\u011fa burax\u0131lmas\u0131n\u0131 ist\u0259yib. <\/p>\n\n\n\n<p><em>\u201cAz\u0259rbaycanl\u0131 jurnalist \u00f6z \u00f6lk\u0259sind\u0259 hakimiyy\u0259tin t\u0259qibl\u0259rind\u0259n xilas olmaq \u00fc\u00e7\u00fcn 2023-c\u00fc ilin dekabr\u0131nda ail\u0259si il\u0259 birlikd\u0259 G\u00fcrc\u00fcstana k\u00f6\u00e7\u00fcb v\u0259 burada m\u00fcxt\u0259lif ittihamlarla bir ne\u00e7\u0259 d\u0259f\u0259 h\u0259bs edilib ki, bu da Platforman\u0131n dig\u0259r x\u0259b\u0259rdarl\u0131qlar\u0131n\u0131n m\u00f6vzusudur\u201d<\/em>, &#8211; a\u00e7\u0131qlamada deyilir.<\/p>\n\n\n\n<p>2020-ci il noyabr\u0131n 3-d\u0259 Az\u0259rbaycanda m\u0259hk\u0259m\u0259 Sad\u0131qovu 7 il azadl\u0131qdan m\u0259hrum etmi\u015f, Ali M\u0259hk\u0259m\u0259 is\u0259 c\u0259zan\u0131 4 il\u0259 endirmi\u015fdi. O, Prezident \u0130lham \u018fliyevin 27 may 2022-ci il tarixd\u0259 imzalad\u0131\u011f\u0131 \u018ffv f\u0259rman\u0131 il\u0259 2 il 15 g\u00fcnl\u00fck h\u0259bsd\u0259n sonra azadl\u0131\u011fa \u00e7\u0131x\u0131b. 17 iyul 2024-c\u00fc ild\u0259 G\u00fcrc\u00fcstan s\u0259rh\u0259d n\u0259zar\u0259ti Sad\u0131qova v\u0259 ail\u0259sin\u0259 Tbilisi beyn\u0259lxalq hava liman\u0131ndan T\u00fcrkiy\u0259y\u0259 getm\u0259y\u0259 izin verilm\u0259yib, ona yaln\u0131z Az\u0259rbaycana ged\u0259 bil\u0259c\u0259yi bildirilib. O, bundan bir ne\u00e7\u0259 g\u00fcn sonra h\u0259bs edilib.<\/p>\n","protected":false},"excerpt":{"rendered":"<p>T\u0259\u015fkilatlar \u018ffqan Sad\u0131qovla ba\u011fl\u0131 narahatl\u0131qlar\u0131n\u0131 ifad\u0259 edib Avropa Jurnalistl\u0259r Federasiyas\u0131 &#8230; <\/p>\n<p class=\"read-more-container\"><a title=\"Beyn\u0259lxalq t\u0259\u015fkilatlar G\u00fcrc\u00fcstan hakimiyy\u0259tind\u0259n jurnalisti Az\u0259rbaycana verm\u0259m\u0259yi t\u0259l\u0259b edib\" class=\"read-more button\" href=\"https:\/\/www.meydan.tv\/az\/article\/beynelxalq-teskilatlar-gurcustan-hakimiyyetinden-jurnalisti-azerbaycana-vermemeyi-teleb-edib\/#more-312627\" aria-label=\"Read more about Beyn\u0259lxalq t\u0259\u015fkilatlar G\u00fcrc\u00fcstan hakimiyy\u0259tind\u0259n jurnalisti Az\u0259rbaycana verm\u0259m\u0259yi t\u0259l\u0259b edib\">Davam\u0131<\/a><\/p>\n","protected":false},"author":8,"featured_media":312163,"comment_status":"closed","ping_status":"closed","sticky":false,"template":"","format":"standard","meta":{"_acf_changed":false,"_sitemap_exclude":false,"_sitemap_priority":"","_sitemap_frequency":"","footnotes":""},"categories":[59,56],"tags":[],"class_list":["post-312627","post","type-post","status-publish","format-standard","has-post-thumbnail","hentry","category-siyaset","category-xeberler","infinite-scroll-item","generate-columns","tablet-grid-50","mobile-grid-100","grid-parent","grid-33","no-featured-image-padding"],"acf":[],"yoast_head":"<!-- This site is optimized with the Yoast SEO plugin v27.4 - https:\/\/yoast.com\/product\/yoast-seo-wordpress\/ -->\n<title>Beyn\u0259lxalq t\u0259\u015fkilatlar G\u00fcrc\u00fcstan hakimiyy\u0259tind\u0259n jurnalisti Az\u0259rbaycana verm\u0259m\u0259yi t\u0259l\u0259b edib - MEYDAN.TV<\/title>\n<meta name=\"description\" content=\"\u018ffqan Sad\u0131qov haz\u0131rda G\u00fcrc\u00fcstanda deportasiya h\u0259bsxanas\u0131nda saxlan\u0131l\u0131r.\" \/>\n<meta name=\"robots\" content=\"index, follow, max-snippet:-1, max-image-preview:large, max-video-preview:-1\" \/>\n<link rel=\"canonical\" href=\"https:\/\/www.meydan.tv\/az\/article\/beynelxalq-teskilatlar-gurcustan-hakimiyyetinden-jurnalisti-azerbaycana-vermemeyi-teleb-edib\/\" \/>\n<meta property=\"og:locale\" content=\"az_AZ\" \/>\n<meta property=\"og:type\" content=\"article\" \/>\n<meta property=\"og:title\" content=\"Beyn\u0259lxalq t\u0259\u015fkilatlar G\u00fcrc\u00fcstan hakimiyy\u0259tind\u0259n jurnalisti Az\u0259rbaycana verm\u0259m\u0259yi t\u0259l\u0259b edib - MEYDAN.TV\" \/>\n<meta property=\"og:description\" content=\"\u018ffqan Sad\u0131qov haz\u0131rda G\u00fcrc\u00fcstanda deportasiya h\u0259bsxanas\u0131nda saxlan\u0131l\u0131r.\" \/>\n<meta property=\"og:url\" content=\"https:\/\/www.meydan.tv\/az\/article\/beynelxalq-teskilatlar-gurcustan-hakimiyyetinden-jurnalisti-azerbaycana-vermemeyi-teleb-edib\/\" \/>\n<meta property=\"og:site_name\" content=\"MEYDAN.TV\" \/>\n<meta property=\"article:published_time\" content=\"2024-08-09T10:05:19+00:00\" \/>\n<meta property=\"article:modified_time\" content=\"2024-08-09T10:05:23+00:00\" \/>\n<meta property=\"og:image\" content=\"https:\/\/www.meydan.tv\/wp-content\/uploads\/img_2150-e1723197633871.jpg\" \/>\n\t<meta property=\"og:image:width\" content=\"1179\" \/>\n\t<meta property=\"og:image:height\" content=\"636\" \/>\n\t<meta property=\"og:image:type\" content=\"image\/jpeg\" \/>\n<meta name=\"author\" content=\"elli\" \/>\n<meta name=\"twitter:card\" content=\"summary_large_image\" \/>\n<meta name=\"twitter:creator\" content=\"@elli\" \/>\n<script type=\"application\/ld+json\" class=\"yoast-schema-graph\">{\"@context\":\"https:\\\/\\\/schema.org\",\"@graph\":[{\"@type\":\"Article\",\"@id\":\"https:\\\/\\\/www.meydan.tv\\\/az\\\/article\\\/beynelxalq-teskilatlar-gurcustan-hakimiyyetinden-jurnalisti-azerbaycana-vermemeyi-teleb-edib\\\/#article\",\"isPartOf\":{\"@id\":\"https:\\\/\\\/www.meydan.tv\\\/az\\\/article\\\/beynelxalq-teskilatlar-gurcustan-hakimiyyetinden-jurnalisti-azerbaycana-vermemeyi-teleb-edib\\\/\"},\"author\":{\"name\":\"elli\",\"@id\":\"https:\\\/\\\/www.meydan.tv\\\/az\\\/#\\\/schema\\\/person\\\/9cdbecf90d17180ce1dfbd95b08dcf47\"},\"headline\":\"Beyn\u0259lxalq t\u0259\u015fkilatlar G\u00fcrc\u00fcstan hakimiyy\u0259tind\u0259n jurnalisti Az\u0259rbaycana verm\u0259m\u0259yi t\u0259l\u0259b edib\",\"datePublished\":\"2024-08-09T10:05:19+00:00\",\"dateModified\":\"2024-08-09T10:05:23+00:00\",\"mainEntityOfPage\":{\"@id\":\"https:\\\/\\\/www.meydan.tv\\\/az\\\/article\\\/beynelxalq-teskilatlar-gurcustan-hakimiyyetinden-jurnalisti-azerbaycana-vermemeyi-teleb-edib\\\/\"},\"wordCount\":447,\"publisher\":{\"@id\":\"https:\\\/\\\/www.meydan.tv\\\/az\\\/#organization\"},\"image\":{\"@id\":\"https:\\\/\\\/www.meydan.tv\\\/az\\\/article\\\/beynelxalq-teskilatlar-gurcustan-hakimiyyetinden-jurnalisti-azerbaycana-vermemeyi-teleb-edib\\\/#primaryimage\"},\"thumbnailUrl\":\"https:\\\/\\\/www.meydan.tv\\\/wp-content\\\/uploads\\\/img_2150-e1723197633871.jpg\",\"articleSection\":[\"Siyas\u0259t\",\"X\u0259b\u0259rl\u0259r\"],\"inLanguage\":\"az\"},{\"@type\":\"WebPage\",\"@id\":\"https:\\\/\\\/www.meydan.tv\\\/az\\\/article\\\/beynelxalq-teskilatlar-gurcustan-hakimiyyetinden-jurnalisti-azerbaycana-vermemeyi-teleb-edib\\\/\",\"url\":\"https:\\\/\\\/www.meydan.tv\\\/az\\\/article\\\/beynelxalq-teskilatlar-gurcustan-hakimiyyetinden-jurnalisti-azerbaycana-vermemeyi-teleb-edib\\\/\",\"name\":\"Beyn\u0259lxalq t\u0259\u015fkilatlar G\u00fcrc\u00fcstan hakimiyy\u0259tind\u0259n jurnalisti Az\u0259rbaycana verm\u0259m\u0259yi t\u0259l\u0259b edib - MEYDAN.TV\",\"isPartOf\":{\"@id\":\"https:\\\/\\\/www.meydan.tv\\\/az\\\/#website\"},\"primaryImageOfPage\":{\"@id\":\"https:\\\/\\\/www.meydan.tv\\\/az\\\/article\\\/beynelxalq-teskilatlar-gurcustan-hakimiyyetinden-jurnalisti-azerbaycana-vermemeyi-teleb-edib\\\/#primaryimage\"},\"image\":{\"@id\":\"https:\\\/\\\/www.meydan.tv\\\/az\\\/article\\\/beynelxalq-teskilatlar-gurcustan-hakimiyyetinden-jurnalisti-azerbaycana-vermemeyi-teleb-edib\\\/#primaryimage\"},\"thumbnailUrl\":\"https:\\\/\\\/www.meydan.tv\\\/wp-content\\\/uploads\\\/img_2150-e1723197633871.jpg\",\"datePublished\":\"2024-08-09T10:05:19+00:00\",\"dateModified\":\"2024-08-09T10:05:23+00:00\",\"description\":\"\u018ffqan Sad\u0131qov haz\u0131rda G\u00fcrc\u00fcstanda deportasiya h\u0259bsxanas\u0131nda saxlan\u0131l\u0131r.\",\"breadcrumb\":{\"@id\":\"https:\\\/\\\/www.meydan.tv\\\/az\\\/article\\\/beynelxalq-teskilatlar-gurcustan-hakimiyyetinden-jurnalisti-azerbaycana-vermemeyi-teleb-edib\\\/#breadcrumb\"},\"inLanguage\":\"az\",\"potentialAction\":[{\"@type\":\"ReadAction\",\"target\":[\"https:\\\/\\\/www.meydan.tv\\\/az\\\/article\\\/beynelxalq-teskilatlar-gurcustan-hakimiyyetinden-jurnalisti-azerbaycana-vermemeyi-teleb-edib\\\/\"]}]},{\"@type\":\"ImageObject\",\"inLanguage\":\"az\",\"@id\":\"https:\\\/\\\/www.meydan.tv\\\/az\\\/article\\\/beynelxalq-teskilatlar-gurcustan-hakimiyyetinden-jurnalisti-azerbaycana-vermemeyi-teleb-edib\\\/#primaryimage\",\"url\":\"https:\\\/\\\/www.meydan.tv\\\/wp-content\\\/uploads\\\/img_2150-e1723197633871.jpg\",\"contentUrl\":\"https:\\\/\\\/www.meydan.tv\\\/wp-content\\\/uploads\\\/img_2150-e1723197633871.jpg\",\"width\":1179,\"height\":636,\"caption\":\"\u018ffqan Sad\u0131qov G\u00fcrc\u00fcstanda saxlan\u0131lark\u0259n. Foto: Sevinc Sad\u0131qova\"},{\"@type\":\"BreadcrumbList\",\"@id\":\"https:\\\/\\\/www.meydan.tv\\\/az\\\/article\\\/beynelxalq-teskilatlar-gurcustan-hakimiyyetinden-jurnalisti-azerbaycana-vermemeyi-teleb-edib\\\/#breadcrumb\",\"itemListElement\":[{\"@type\":\"ListItem\",\"position\":1,\"name\":\"Ana s\u0259hif\u0259\",\"item\":\"https:\\\/\\\/www.meydan.tv\\\/az\\\/\"},{\"@type\":\"ListItem\",\"position\":2,\"name\":\"Siyas\u0259t\",\"item\":\"https:\\\/\\\/www.meydan.tv\\\/az\\\/section\\\/siyaset\\\/\"},{\"@type\":\"ListItem\",\"position\":3,\"name\":\"Beyn\u0259lxalq t\u0259\u015fkilatlar G\u00fcrc\u00fcstan hakimiyy\u0259tind\u0259n jurnalisti Az\u0259rbaycana verm\u0259m\u0259yi t\u0259l\u0259b edib\"}]},{\"@type\":\"WebSite\",\"@id\":\"https:\\\/\\\/www.meydan.tv\\\/az\\\/#website\",\"url\":\"https:\\\/\\\/www.meydan.tv\\\/az\\\/\",\"name\":\"MEYDAN.TV\",\"description\":\"Meydan TV Az\u0259rbaycan\u0131n media m\u0259kan\u0131ndak\u0131 alternativ s\u0259sidir\",\"publisher\":{\"@id\":\"https:\\\/\\\/www.meydan.tv\\\/az\\\/#organization\"},\"potentialAction\":[{\"@type\":\"SearchAction\",\"target\":{\"@type\":\"EntryPoint\",\"urlTemplate\":\"https:\\\/\\\/www.meydan.tv\\\/az\\\/?s={search_term_string}\"},\"query-input\":{\"@type\":\"PropertyValueSpecification\",\"valueRequired\":true,\"valueName\":\"search_term_string\"}}],\"inLanguage\":\"az\"},{\"@type\":\"Organization\",\"@id\":\"https:\\\/\\\/www.meydan.tv\\\/az\\\/#organization\",\"name\":\"Meydan TV\",\"url\":\"https:\\\/\\\/www.meydan.tv\\\/az\\\/\",\"logo\":{\"@type\":\"ImageObject\",\"inLanguage\":\"az\",\"@id\":\"https:\\\/\\\/www.meydan.tv\\\/az\\\/#\\\/schema\\\/logo\\\/image\\\/\",\"url\":\"https:\\\/\\\/www.meydan.tv\\\/wp-content\\\/uploads\\\/2021\\\/07\\\/meydan-logo.svg\",\"contentUrl\":\"https:\\\/\\\/www.meydan.tv\\\/wp-content\\\/uploads\\\/2021\\\/07\\\/meydan-logo.svg\",\"width\":195,\"height\":46,\"caption\":\"Meydan TV\"},\"image\":{\"@id\":\"https:\\\/\\\/www.meydan.tv\\\/az\\\/#\\\/schema\\\/logo\\\/image\\\/\"}},{\"@type\":\"Person\",\"@id\":\"https:\\\/\\\/www.meydan.tv\\\/az\\\/#\\\/schema\\\/person\\\/9cdbecf90d17180ce1dfbd95b08dcf47\",\"name\":\"elli\",\"sameAs\":[\"https:\\\/\\\/x.com\\\/elli\"]}]}<\/script>\n<!-- \/ Yoast SEO plugin. -->","yoast_head_json":{"title":"Beyn\u0259lxalq t\u0259\u015fkilatlar G\u00fcrc\u00fcstan hakimiyy\u0259tind\u0259n jurnalisti Az\u0259rbaycana verm\u0259m\u0259yi t\u0259l\u0259b edib - MEYDAN.TV","description":"\u018ffqan Sad\u0131qov haz\u0131rda G\u00fcrc\u00fcstanda deportasiya h\u0259bsxanas\u0131nda saxlan\u0131l\u0131r.","robots":{"index":"index","follow":"follow","max-snippet":"max-snippet:-1","max-image-preview":"max-image-preview:large","max-video-preview":"max-video-preview:-1"},"canonical":"https:\/\/www.meydan.tv\/az\/article\/beynelxalq-teskilatlar-gurcustan-hakimiyyetinden-jurnalisti-azerbaycana-vermemeyi-teleb-edib\/","og_locale":"az_AZ","og_type":"article","og_title":"Beyn\u0259lxalq t\u0259\u015fkilatlar G\u00fcrc\u00fcstan hakimiyy\u0259tind\u0259n jurnalisti Az\u0259rbaycana verm\u0259m\u0259yi t\u0259l\u0259b edib - MEYDAN.TV","og_description":"\u018ffqan Sad\u0131qov haz\u0131rda G\u00fcrc\u00fcstanda deportasiya h\u0259bsxanas\u0131nda saxlan\u0131l\u0131r.","og_url":"https:\/\/www.meydan.tv\/az\/article\/beynelxalq-teskilatlar-gurcustan-hakimiyyetinden-jurnalisti-azerbaycana-vermemeyi-teleb-edib\/","og_site_name":"MEYDAN.TV","article_published_time":"2024-08-09T10:05:19+00:00","article_modified_time":"2024-08-09T10:05:23+00:00","og_image":[{"width":1179,"height":636,"url":"https:\/\/www.meydan.tv\/wp-content\/uploads\/img_2150-e1723197633871.jpg","type":"image\/jpeg"}],"author":"elli","twitter_card":"summary_large_image","twitter_creator":"@elli","schema":{"@context":"https:\/\/schema.org","@graph":[{"@type":"Article","@id":"https:\/\/www.meydan.tv\/az\/article\/beynelxalq-teskilatlar-gurcustan-hakimiyyetinden-jurnalisti-azerbaycana-vermemeyi-teleb-edib\/#article","isPartOf":{"@id":"https:\/\/www.meydan.tv\/az\/article\/beynelxalq-teskilatlar-gurcustan-hakimiyyetinden-jurnalisti-azerbaycana-vermemeyi-teleb-edib\/"},"author":{"name":"elli","@id":"https:\/\/www.meydan.tv\/az\/#\/schema\/person\/9cdbecf90d17180ce1dfbd95b08dcf47"},"headline":"Beyn\u0259lxalq t\u0259\u015fkilatlar G\u00fcrc\u00fcstan hakimiyy\u0259tind\u0259n jurnalisti Az\u0259rbaycana verm\u0259m\u0259yi t\u0259l\u0259b edib","datePublished":"2024-08-09T10:05:19+00:00","dateModified":"2024-08-09T10:05:23+00:00","mainEntityOfPage":{"@id":"https:\/\/www.meydan.tv\/az\/article\/beynelxalq-teskilatlar-gurcustan-hakimiyyetinden-jurnalisti-azerbaycana-vermemeyi-teleb-edib\/"},"wordCount":447,"publisher":{"@id":"https:\/\/www.meydan.tv\/az\/#organization"},"image":{"@id":"https:\/\/www.meydan.tv\/az\/article\/beynelxalq-teskilatlar-gurcustan-hakimiyyetinden-jurnalisti-azerbaycana-vermemeyi-teleb-edib\/#primaryimage"},"thumbnailUrl":"https:\/\/www.meydan.tv\/wp-content\/uploads\/img_2150-e1723197633871.jpg","articleSection":["Siyas\u0259t","X\u0259b\u0259rl\u0259r"],"inLanguage":"az"},{"@type":"WebPage","@id":"https:\/\/www.meydan.tv\/az\/article\/beynelxalq-teskilatlar-gurcustan-hakimiyyetinden-jurnalisti-azerbaycana-vermemeyi-teleb-edib\/","url":"https:\/\/www.meydan.tv\/az\/article\/beynelxalq-teskilatlar-gurcustan-hakimiyyetinden-jurnalisti-azerbaycana-vermemeyi-teleb-edib\/","name":"Beyn\u0259lxalq t\u0259\u015fkilatlar G\u00fcrc\u00fcstan hakimiyy\u0259tind\u0259n jurnalisti Az\u0259rbaycana verm\u0259m\u0259yi t\u0259l\u0259b edib - MEYDAN.TV","isPartOf":{"@id":"https:\/\/www.meydan.tv\/az\/#website"},"primaryImageOfPage":{"@id":"https:\/\/www.meydan.tv\/az\/article\/beynelxalq-teskilatlar-gurcustan-hakimiyyetinden-jurnalisti-azerbaycana-vermemeyi-teleb-edib\/#primaryimage"},"image":{"@id":"https:\/\/www.meydan.tv\/az\/article\/beynelxalq-teskilatlar-gurcustan-hakimiyyetinden-jurnalisti-azerbaycana-vermemeyi-teleb-edib\/#primaryimage"},"thumbnailUrl":"https:\/\/www.meydan.tv\/wp-content\/uploads\/img_2150-e1723197633871.jpg","datePublished":"2024-08-09T10:05:19+00:00","dateModified":"2024-08-09T10:05:23+00:00","description":"\u018ffqan Sad\u0131qov haz\u0131rda G\u00fcrc\u00fcstanda deportasiya h\u0259bsxanas\u0131nda saxlan\u0131l\u0131r.","breadcrumb":{"@id":"https:\/\/www.meydan.tv\/az\/article\/beynelxalq-teskilatlar-gurcustan-hakimiyyetinden-jurnalisti-azerbaycana-vermemeyi-teleb-edib\/#breadcrumb"},"inLanguage":"az","potentialAction":[{"@type":"ReadAction","target":["https:\/\/www.meydan.tv\/az\/article\/beynelxalq-teskilatlar-gurcustan-hakimiyyetinden-jurnalisti-azerbaycana-vermemeyi-teleb-edib\/"]}]},{"@type":"ImageObject","inLanguage":"az","@id":"https:\/\/www.meydan.tv\/az\/article\/beynelxalq-teskilatlar-gurcustan-hakimiyyetinden-jurnalisti-azerbaycana-vermemeyi-teleb-edib\/#primaryimage","url":"https:\/\/www.meydan.tv\/wp-content\/uploads\/img_2150-e1723197633871.jpg","contentUrl":"https:\/\/www.meydan.tv\/wp-content\/uploads\/img_2150-e1723197633871.jpg","width":1179,"height":636,"caption":"\u018ffqan Sad\u0131qov G\u00fcrc\u00fcstanda saxlan\u0131lark\u0259n. Foto: Sevinc Sad\u0131qova"},{"@type":"BreadcrumbList","@id":"https:\/\/www.meydan.tv\/az\/article\/beynelxalq-teskilatlar-gurcustan-hakimiyyetinden-jurnalisti-azerbaycana-vermemeyi-teleb-edib\/#breadcrumb","itemListElement":[{"@type":"ListItem","position":1,"name":"Ana s\u0259hif\u0259","item":"https:\/\/www.meydan.tv\/az\/"},{"@type":"ListItem","position":2,"name":"Siyas\u0259t","item":"https:\/\/www.meydan.tv\/az\/section\/siyaset\/"},{"@type":"ListItem","position":3,"name":"Beyn\u0259lxalq t\u0259\u015fkilatlar G\u00fcrc\u00fcstan hakimiyy\u0259tind\u0259n jurnalisti Az\u0259rbaycana verm\u0259m\u0259yi t\u0259l\u0259b edib"}]},{"@type":"WebSite","@id":"https:\/\/www.meydan.tv\/az\/#website","url":"https:\/\/www.meydan.tv\/az\/","name":"MEYDAN.TV","description":"Meydan TV Az\u0259rbaycan\u0131n media m\u0259kan\u0131ndak\u0131 alternativ s\u0259sidir","publisher":{"@id":"https:\/\/www.meydan.tv\/az\/#organization"},"potentialAction":[{"@type":"SearchAction","target":{"@type":"EntryPoint","urlTemplate":"https:\/\/www.meydan.tv\/az\/?s={search_term_string}"},"query-input":{"@type":"PropertyValueSpecification","valueRequired":true,"valueName":"search_term_string"}}],"inLanguage":"az"},{"@type":"Organization","@id":"https:\/\/www.meydan.tv\/az\/#organization","name":"Meydan TV","url":"https:\/\/www.meydan.tv\/az\/","logo":{"@type":"ImageObject","inLanguage":"az","@id":"https:\/\/www.meydan.tv\/az\/#\/schema\/logo\/image\/","url":"https:\/\/www.meydan.tv\/wp-content\/uploads\/2021\/07\/meydan-logo.svg","contentUrl":"https:\/\/www.meydan.tv\/wp-content\/uploads\/2021\/07\/meydan-logo.svg","width":195,"height":46,"caption":"Meydan TV"},"image":{"@id":"https:\/\/www.meydan.tv\/az\/#\/schema\/logo\/image\/"}},{"@type":"Person","@id":"https:\/\/www.meydan.tv\/az\/#\/schema\/person\/9cdbecf90d17180ce1dfbd95b08dcf47","name":"elli","sameAs":["https:\/\/x.com\/elli"]}]}},"_links":{"self":[{"href":"https:\/\/www.meydan.tv\/az\/wp-json\/wp\/v2\/posts\/312627","targetHints":{"allow":["GET"]}}],"collection":[{"href":"https:\/\/www.meydan.tv\/az\/wp-json\/wp\/v2\/posts"}],"about":[{"href":"https:\/\/www.meydan.tv\/az\/wp-json\/wp\/v2\/types\/post"}],"author":[{"embeddable":true,"href":"https:\/\/www.meydan.tv\/az\/wp-json\/wp\/v2\/users\/8"}],"replies":[{"embeddable":true,"href":"https:\/\/www.meydan.tv\/az\/wp-json\/wp\/v2\/comments?post=312627"}],"version-history":[{"count":3,"href":"https:\/\/www.meydan.tv\/az\/wp-json\/wp\/v2\/posts\/312627\/revisions"}],"predecessor-version":[{"id":312634,"href":"https:\/\/www.meydan.tv\/az\/wp-json\/wp\/v2\/posts\/312627\/revisions\/312634"}],"wp:featuredmedia":[{"embeddable":true,"href":"https:\/\/www.meydan.tv\/az\/wp-json\/wp\/v2\/media\/312163"}],"wp:attachment":[{"href":"https:\/\/www.meydan.tv\/az\/wp-json\/wp\/v2\/media?parent=312627"}],"wp:term":[{"taxonomy":"category","embeddable":true,"href":"https:\/\/www.meydan.tv\/az\/wp-json\/wp\/v2\/categories?post=312627"},{"taxonomy":"post_tag","embeddable":true,"href":"https:\/\/www.meydan.tv\/az\/wp-json\/wp\/v2\/tags?post=312627"}],"curies":[{"name":"wp","href":"https:\/\/api.w.org\/{rel}","templated":true}]}}