{"id":312501,"date":"2024-08-08T14:54:47","date_gmt":"2024-08-08T10:54:47","guid":{"rendered":"https:\/\/www.meydan.tv\/?p=312501"},"modified":"2024-08-08T17:34:35","modified_gmt":"2024-08-08T13:34:35","slug":"moped-surucusunun-bacisi-qardasim-kimlerinse-ucbatindan-heyatini-itirdi","status":"publish","type":"post","link":"https:\/\/www.meydan.tv\/az\/article\/moped-surucusunun-bacisi-qardasim-kimlerinse-ucbatindan-heyatini-itirdi\/","title":{"rendered":"Moped s\u00fcr\u00fcc\u00fcs\u00fcn\u00fcn bac\u0131s\u0131: &#8220;Qarda\u015f\u0131m kiml\u0259rins\u0259 ucbat\u0131ndan h\u0259yat\u0131n\u0131 itirdi&#8221;"},"content":{"rendered":"\n<figure class=\"wp-block-embed is-type-video is-provider-youtube wp-block-embed-youtube wp-embed-aspect-16-9 wp-has-aspect-ratio\"><div class=\"wp-block-embed__wrapper\">\n<iframe title=\"Avtomobill\u0259 toqqu\u015fmada \u00f6l\u0259n \u015f\u0259xsin ail\u0259si polisi ittiham edir\" width=\"1200\" height=\"675\" data-src=\"https:\/\/www.youtube.com\/embed\/QSVM2E-exv8?feature=oembed\" frameborder=\"0\" allow=\"accelerometer; autoplay; clipboard-write; encrypted-media; gyroscope; picture-in-picture; web-share\" referrerpolicy=\"strict-origin-when-cross-origin\" allowfullscreen src=\"data:image\/svg+xml;base64,PHN2ZyB3aWR0aD0iMSIgaGVpZ2h0PSIxIiB4bWxucz0iaHR0cDovL3d3dy53My5vcmcvMjAwMC9zdmciPjwvc3ZnPg==\" class=\"lazyload\" data-load-mode=\"1\"><\/iframe>\n<\/div><\/figure>\n\n\n\n<!--more-->\n\n\n\n<p><strong><em>D\u0130N faktla ba\u011fl\u0131 ara\u015fd\u0131rma apar\u0131ld\u0131\u011f\u0131n\u0131 deyir<\/em><\/strong><\/p>\n\n\n\n<p>Avqustun 1-d\u0259 Bak\u0131n\u0131n X\u0259tai rayonunda mopedl\u0259 \u201cHyundai\u201d markal\u0131 avtomobilin toqqu\u015fmas\u0131 n\u0259tic\u0259sind\u0259 ba\u015f vermi\u015f \u00f6l\u00fcm hadis\u0259sinin videog\u00f6r\u00fcnt\u00fcl\u0259ri yay\u0131l\u0131b.<\/p>\n\n\n\n<p>Videonu hadis\u0259 n\u0259tic\u0259sind\u0259 h\u0259yat\u0131n\u0131 itir\u0259n Nurlan Mirz\u0259yevin bac\u0131s\u0131 Fatim\u0259 Mirz\u0259liyeva <a href=\"https:\/\/www.instagram.com\/p\/C-QgHiyKB7e\/\" target=\"_blank\" rel=\"noreferrer noopener\">payla\u015f\u0131b.<\/a><\/p>\n\n\n\n<p><em>\u201cQarda\u015f\u0131m kiml\u0259rins\u0259 ucbat\u0131ndan h\u0259yat\u0131n\u0131 itirdi. Polisin ixtiyar\u0131, h\u00fcququ olmad\u0131\u011f\u0131 halda, onu qovub, t\u0259hqir v\u0259 t\u0259hdid etdiyi \u00fc\u00e7\u00fcn qarda\u015f\u0131m (mopedi-red.) saxlamay\u0131b. Qayda-qanun var, \u015f\u0259klini \u00e7\u0259k, c\u0259rim\u0259ni yaz. U\u015faqla prinsipiniz n\u0259 idi ki, \u00f6ld\u00fcrm\u0259d\u0259n \u0259l \u00e7\u0259km\u0259diniz? Bir polis, iki m\u00fclki ma\u015f\u0131n arxadan vuraraq q\u0259za \u015f\u0259raiti yarad\u0131r. H\u0259min iki m\u00fclki ma\u015f\u0131n s\u0131x\u0131\u015fd\u0131r\u0131r, divara s\u00fcrt\u00fcl\u00fcr. Soyuq silahla z\u0259rb\u0259 vurur, y\u0259ni dubinka il\u0259, daha sonra is\u0259 qarda\u015f\u0131m ma\u015f\u0131na \u00e7\u0131rp\u0131l\u0131r v\u0259 yerind\u0259c\u0259 ke\u00e7inir\u201d, &#8211; <\/em>Fatim\u0259 Mirz\u0259liyeva yaz\u0131b.<\/p>\n\n\n\n<p>V\u0259t\u0259nda\u015f hadis\u0259nin \u00f6rt-basd\u0131r edildiyini, h\u0259tta aidiyy\u0259ti qurumdan bununla ba\u011fl\u0131 m\u0259tbuata m\u0259lumat verilm\u0259diyini d\u0259 deyib.<\/p>\n\n\n\n<p>Videodan g\u00f6r\u00fcn\u00fcr ki, iki m\u00fclki v\u0259 bir D\u00f6vl\u0259t Yol Polisi (DYP) avtomobili moped s\u00fcr\u00fcc\u00fcs\u00fcn\u00fc izl\u0259yir.<\/p>\n\n\n\n<p>Onlar bir ne\u00e7\u0259 d\u0259f\u0259 q\u0259za v\u0259ziyy\u0259ti yarad\u0131rlar.<\/p>\n\n\n\n<p>DYP avtomobilini idar\u0259 ed\u0259n polis is\u0259 moped s\u00fcr\u00fcc\u00fcs\u00fcn\u0259 s\u00f6y\u00fc\u015f s\u00f6y\u0259r\u0259k saxlama\u011f\u0131 \u0259mr edir.<\/p>\n\n\n\n<p>Daxili \u0130\u015fl\u0259r Nazirliyinin (D\u0130N) m\u0259tbuat xidm\u0259tind\u0259n Meydan TV-nin m\u0259s\u0259l\u0259 il\u0259 ba\u011fl\u0131 \u00fcnvanlad\u0131\u011f\u0131 sor\u011fusuna cavab olaraq bildirilib ki, hadis\u0259 avqustun 1-d\u0259 saat 04:30 rad\u0259l\u0259rind\u0259 paytaxtda ba\u015f verib.<\/p>\n\n\n\n<p>\u201c<em>\u018frazid\u0259 xidm\u0259t aparan polis \u0259m\u0259kda\u015flar\u0131 t\u0259r\u0259find\u0259n moped o\u011furluqlar\u0131na qar\u015f\u0131 ke\u00e7iril\u0259n t\u0259dbirl\u0259r \u00e7\u0259r\u00e7iv\u0259sind\u0259 d\u00f6vl\u0259t qeydiyyat ni\u015fan\u0131 olmayan, t\u0259hl\u00fck\u0259li manevrl\u0259r ed\u0259n moped\u0259 \u201csaxla\u201d i\u015far\u0259si verilib. \u201cSaxla\u201d i\u015far\u0259sin\u0259 m\u0259h\u0259l qoymayan moped s\u00fcr\u00fcc\u00fcs\u00fc h\u0259r\u0259k\u0259tini davam etdir\u0259r\u0259k \u201cHyundai\u201d markal\u0131 avtomobil\u0259 \u00e7\u0131rp\u0131l\u0131b. Hadis\u0259 n\u0259tic\u0259sind\u0259 mopedin s\u00fcr\u00fcc\u00fcs\u00fc paytaxt sakini Nurlan Mirz\u0259yev hadis\u0259 yerind\u0259 \u00f6l\u00fcb. Faktla ba\u011fl\u0131 ara\u015fd\u0131rma apar\u0131l\u0131r\u201d, <\/em>&#8211; m\u0259lumatda deyilir.<\/p>\n\n\n\n<p>Meydan TV-nin D\u0130N-\u0259 \u00fcnvanlad\u0131\u011f\u0131 \u201c\u00d6l\u00fcm fakt\u0131 oldu\u011fu \u00fc\u00e7\u00fcn polis \u0259m\u0259kda\u015flar\u0131na qar\u015f\u0131 hans\u0131sa t\u0259dbir g\u00f6r\u00fcl\u00fcbm\u00fc?\u201d, &#8211; sual\u0131 cavabs\u0131z burax\u0131l\u0131b.<\/p>\n","protected":false},"excerpt":{"rendered":"","protected":false},"author":8,"featured_media":308118,"comment_status":"closed","ping_status":"closed","sticky":false,"template":"","format":"standard","meta":{"_acf_changed":false,"_sitemap_exclude":false,"_sitemap_priority":"","_sitemap_frequency":"","footnotes":""},"categories":[62,79,63,56],"tags":[],"class_list":["post-312501","post","type-post","status-publish","format-standard","has-post-thumbnail","hentry","category-sosial","category-featured","category-video-2","category-xeberler","infinite-scroll-item","generate-columns","tablet-grid-50","mobile-grid-100","grid-parent","grid-33","no-featured-image-padding"],"acf":[],"yoast_head":"<!-- This site is optimized with the Yoast SEO plugin v27.4 - https:\/\/yoast.com\/product\/yoast-seo-wordpress\/ -->\n<title>Moped s\u00fcr\u00fcc\u00fcs\u00fcn\u00fcn bac\u0131s\u0131: &quot;Qarda\u015f\u0131m kiml\u0259rins\u0259 ucbat\u0131ndan h\u0259yat\u0131n\u0131 itirdi&quot; - MEYDAN.TV<\/title>\n<meta name=\"description\" content=\"V\u0259t\u0259nda\u015f hadis\u0259nin \u00f6rt-basd\u0131r edildiyini, h\u0259tta aidiyy\u0259ti qurumdan bununla ba\u011fl\u0131 m\u0259tbuata m\u0259lumat verilm\u0259diyini d\u0259 deyib\" \/>\n<meta name=\"robots\" content=\"index, follow, max-snippet:-1, max-image-preview:large, max-video-preview:-1\" \/>\n<link rel=\"canonical\" href=\"https:\/\/www.meydan.tv\/az\/article\/moped-surucusunun-bacisi-qardasim-kimlerinse-ucbatindan-heyatini-itirdi\/\" \/>\n<meta property=\"og:locale\" content=\"az_AZ\" \/>\n<meta property=\"og:type\" content=\"article\" \/>\n<meta property=\"og:title\" content=\"Moped s\u00fcr\u00fcc\u00fcs\u00fcn\u00fcn bac\u0131s\u0131: &quot;Qarda\u015f\u0131m kiml\u0259rins\u0259 ucbat\u0131ndan h\u0259yat\u0131n\u0131 itirdi&quot; - MEYDAN.TV\" \/>\n<meta property=\"og:description\" content=\"V\u0259t\u0259nda\u015f hadis\u0259nin \u00f6rt-basd\u0131r edildiyini, h\u0259tta aidiyy\u0259ti qurumdan bununla ba\u011fl\u0131 m\u0259tbuata m\u0259lumat verilm\u0259diyini d\u0259 deyib\" \/>\n<meta property=\"og:url\" content=\"https:\/\/www.meydan.tv\/az\/article\/moped-surucusunun-bacisi-qardasim-kimlerinse-ucbatindan-heyatini-itirdi\/\" \/>\n<meta property=\"og:site_name\" content=\"MEYDAN.TV\" \/>\n<meta property=\"article:published_time\" content=\"2024-08-08T10:54:47+00:00\" \/>\n<meta property=\"article:modified_time\" content=\"2024-08-08T13:34:35+00:00\" \/>\n<meta property=\"og:image\" content=\"https:\/\/www.meydan.tv\/wp-content\/uploads\/whatsapp-image-2024-06-14-at-12.43.25_68dd87b5.jpg\" \/>\n\t<meta property=\"og:image:width\" content=\"1200\" \/>\n\t<meta property=\"og:image:height\" content=\"800\" \/>\n\t<meta property=\"og:image:type\" content=\"image\/jpeg\" \/>\n<meta name=\"author\" content=\"elli\" \/>\n<meta name=\"twitter:card\" content=\"summary_large_image\" \/>\n<meta name=\"twitter:creator\" content=\"@elli\" \/>\n<script type=\"application\/ld+json\" class=\"yoast-schema-graph\">{\"@context\":\"https:\\\/\\\/schema.org\",\"@graph\":[{\"@type\":\"Article\",\"@id\":\"https:\\\/\\\/www.meydan.tv\\\/az\\\/article\\\/moped-surucusunun-bacisi-qardasim-kimlerinse-ucbatindan-heyatini-itirdi\\\/#article\",\"isPartOf\":{\"@id\":\"https:\\\/\\\/www.meydan.tv\\\/az\\\/article\\\/moped-surucusunun-bacisi-qardasim-kimlerinse-ucbatindan-heyatini-itirdi\\\/\"},\"author\":{\"name\":\"elli\",\"@id\":\"https:\\\/\\\/www.meydan.tv\\\/az\\\/#\\\/schema\\\/person\\\/9cdbecf90d17180ce1dfbd95b08dcf47\"},\"headline\":\"Moped s\u00fcr\u00fcc\u00fcs\u00fcn\u00fcn bac\u0131s\u0131: &#8220;Qarda\u015f\u0131m kiml\u0259rins\u0259 ucbat\u0131ndan h\u0259yat\u0131n\u0131 itirdi&#8221;\",\"datePublished\":\"2024-08-08T10:54:47+00:00\",\"dateModified\":\"2024-08-08T13:34:35+00:00\",\"mainEntityOfPage\":{\"@id\":\"https:\\\/\\\/www.meydan.tv\\\/az\\\/article\\\/moped-surucusunun-bacisi-qardasim-kimlerinse-ucbatindan-heyatini-itirdi\\\/\"},\"wordCount\":456,\"publisher\":{\"@id\":\"https:\\\/\\\/www.meydan.tv\\\/az\\\/#organization\"},\"image\":{\"@id\":\"https:\\\/\\\/www.meydan.tv\\\/az\\\/article\\\/moped-surucusunun-bacisi-qardasim-kimlerinse-ucbatindan-heyatini-itirdi\\\/#primaryimage\"},\"thumbnailUrl\":\"https:\\\/\\\/www.meydan.tv\\\/wp-content\\\/uploads\\\/whatsapp-image-2024-06-14-at-12.43.25_68dd87b5.jpg\",\"articleSection\":[\"Sosial\",\"T\u00f6vsiy\u0259\",\"Video\",\"X\u0259b\u0259rl\u0259r\"],\"inLanguage\":\"az\"},{\"@type\":\"WebPage\",\"@id\":\"https:\\\/\\\/www.meydan.tv\\\/az\\\/article\\\/moped-surucusunun-bacisi-qardasim-kimlerinse-ucbatindan-heyatini-itirdi\\\/\",\"url\":\"https:\\\/\\\/www.meydan.tv\\\/az\\\/article\\\/moped-surucusunun-bacisi-qardasim-kimlerinse-ucbatindan-heyatini-itirdi\\\/\",\"name\":\"Moped s\u00fcr\u00fcc\u00fcs\u00fcn\u00fcn bac\u0131s\u0131: \\\"Qarda\u015f\u0131m kiml\u0259rins\u0259 ucbat\u0131ndan h\u0259yat\u0131n\u0131 itirdi\\\" - MEYDAN.TV\",\"isPartOf\":{\"@id\":\"https:\\\/\\\/www.meydan.tv\\\/az\\\/#website\"},\"primaryImageOfPage\":{\"@id\":\"https:\\\/\\\/www.meydan.tv\\\/az\\\/article\\\/moped-surucusunun-bacisi-qardasim-kimlerinse-ucbatindan-heyatini-itirdi\\\/#primaryimage\"},\"image\":{\"@id\":\"https:\\\/\\\/www.meydan.tv\\\/az\\\/article\\\/moped-surucusunun-bacisi-qardasim-kimlerinse-ucbatindan-heyatini-itirdi\\\/#primaryimage\"},\"thumbnailUrl\":\"https:\\\/\\\/www.meydan.tv\\\/wp-content\\\/uploads\\\/whatsapp-image-2024-06-14-at-12.43.25_68dd87b5.jpg\",\"datePublished\":\"2024-08-08T10:54:47+00:00\",\"dateModified\":\"2024-08-08T13:34:35+00:00\",\"description\":\"V\u0259t\u0259nda\u015f hadis\u0259nin \u00f6rt-basd\u0131r edildiyini, h\u0259tta aidiyy\u0259ti qurumdan bununla ba\u011fl\u0131 m\u0259tbuata m\u0259lumat verilm\u0259diyini d\u0259 deyib\",\"breadcrumb\":{\"@id\":\"https:\\\/\\\/www.meydan.tv\\\/az\\\/article\\\/moped-surucusunun-bacisi-qardasim-kimlerinse-ucbatindan-heyatini-itirdi\\\/#breadcrumb\"},\"inLanguage\":\"az\",\"potentialAction\":[{\"@type\":\"ReadAction\",\"target\":[\"https:\\\/\\\/www.meydan.tv\\\/az\\\/article\\\/moped-surucusunun-bacisi-qardasim-kimlerinse-ucbatindan-heyatini-itirdi\\\/\"]}]},{\"@type\":\"ImageObject\",\"inLanguage\":\"az\",\"@id\":\"https:\\\/\\\/www.meydan.tv\\\/az\\\/article\\\/moped-surucusunun-bacisi-qardasim-kimlerinse-ucbatindan-heyatini-itirdi\\\/#primaryimage\",\"url\":\"https:\\\/\\\/www.meydan.tv\\\/wp-content\\\/uploads\\\/whatsapp-image-2024-06-14-at-12.43.25_68dd87b5.jpg\",\"contentUrl\":\"https:\\\/\\\/www.meydan.tv\\\/wp-content\\\/uploads\\\/whatsapp-image-2024-06-14-at-12.43.25_68dd87b5.jpg\",\"width\":1200,\"height\":800,\"caption\":\"Q\u0259za, \u015f\u0259rti \u015f\u0259kil. Foto: D\u0130N\"},{\"@type\":\"BreadcrumbList\",\"@id\":\"https:\\\/\\\/www.meydan.tv\\\/az\\\/article\\\/moped-surucusunun-bacisi-qardasim-kimlerinse-ucbatindan-heyatini-itirdi\\\/#breadcrumb\",\"itemListElement\":[{\"@type\":\"ListItem\",\"position\":1,\"name\":\"Ana s\u0259hif\u0259\",\"item\":\"https:\\\/\\\/www.meydan.tv\\\/az\\\/\"},{\"@type\":\"ListItem\",\"position\":2,\"name\":\"Sosial\",\"item\":\"https:\\\/\\\/www.meydan.tv\\\/az\\\/section\\\/sosial\\\/\"},{\"@type\":\"ListItem\",\"position\":3,\"name\":\"Moped s\u00fcr\u00fcc\u00fcs\u00fcn\u00fcn bac\u0131s\u0131: &#8220;Qarda\u015f\u0131m kiml\u0259rins\u0259 ucbat\u0131ndan h\u0259yat\u0131n\u0131 itirdi&#8221;\"}]},{\"@type\":\"WebSite\",\"@id\":\"https:\\\/\\\/www.meydan.tv\\\/az\\\/#website\",\"url\":\"https:\\\/\\\/www.meydan.tv\\\/az\\\/\",\"name\":\"MEYDAN.TV\",\"description\":\"Meydan TV Az\u0259rbaycan\u0131n media m\u0259kan\u0131ndak\u0131 alternativ s\u0259sidir\",\"publisher\":{\"@id\":\"https:\\\/\\\/www.meydan.tv\\\/az\\\/#organization\"},\"potentialAction\":[{\"@type\":\"SearchAction\",\"target\":{\"@type\":\"EntryPoint\",\"urlTemplate\":\"https:\\\/\\\/www.meydan.tv\\\/az\\\/?s={search_term_string}\"},\"query-input\":{\"@type\":\"PropertyValueSpecification\",\"valueRequired\":true,\"valueName\":\"search_term_string\"}}],\"inLanguage\":\"az\"},{\"@type\":\"Organization\",\"@id\":\"https:\\\/\\\/www.meydan.tv\\\/az\\\/#organization\",\"name\":\"Meydan TV\",\"url\":\"https:\\\/\\\/www.meydan.tv\\\/az\\\/\",\"logo\":{\"@type\":\"ImageObject\",\"inLanguage\":\"az\",\"@id\":\"https:\\\/\\\/www.meydan.tv\\\/az\\\/#\\\/schema\\\/logo\\\/image\\\/\",\"url\":\"https:\\\/\\\/www.meydan.tv\\\/wp-content\\\/uploads\\\/2021\\\/07\\\/meydan-logo.svg\",\"contentUrl\":\"https:\\\/\\\/www.meydan.tv\\\/wp-content\\\/uploads\\\/2021\\\/07\\\/meydan-logo.svg\",\"width\":195,\"height\":46,\"caption\":\"Meydan TV\"},\"image\":{\"@id\":\"https:\\\/\\\/www.meydan.tv\\\/az\\\/#\\\/schema\\\/logo\\\/image\\\/\"}},{\"@type\":\"Person\",\"@id\":\"https:\\\/\\\/www.meydan.tv\\\/az\\\/#\\\/schema\\\/person\\\/9cdbecf90d17180ce1dfbd95b08dcf47\",\"name\":\"elli\",\"sameAs\":[\"https:\\\/\\\/x.com\\\/elli\"]}]}<\/script>\n<!-- \/ Yoast SEO plugin. -->","yoast_head_json":{"title":"Moped s\u00fcr\u00fcc\u00fcs\u00fcn\u00fcn bac\u0131s\u0131: \"Qarda\u015f\u0131m kiml\u0259rins\u0259 ucbat\u0131ndan h\u0259yat\u0131n\u0131 itirdi\" - MEYDAN.TV","description":"V\u0259t\u0259nda\u015f hadis\u0259nin \u00f6rt-basd\u0131r edildiyini, h\u0259tta aidiyy\u0259ti qurumdan bununla ba\u011fl\u0131 m\u0259tbuata m\u0259lumat verilm\u0259diyini d\u0259 deyib","robots":{"index":"index","follow":"follow","max-snippet":"max-snippet:-1","max-image-preview":"max-image-preview:large","max-video-preview":"max-video-preview:-1"},"canonical":"https:\/\/www.meydan.tv\/az\/article\/moped-surucusunun-bacisi-qardasim-kimlerinse-ucbatindan-heyatini-itirdi\/","og_locale":"az_AZ","og_type":"article","og_title":"Moped s\u00fcr\u00fcc\u00fcs\u00fcn\u00fcn bac\u0131s\u0131: \"Qarda\u015f\u0131m kiml\u0259rins\u0259 ucbat\u0131ndan h\u0259yat\u0131n\u0131 itirdi\" - MEYDAN.TV","og_description":"V\u0259t\u0259nda\u015f hadis\u0259nin \u00f6rt-basd\u0131r edildiyini, h\u0259tta aidiyy\u0259ti qurumdan bununla ba\u011fl\u0131 m\u0259tbuata m\u0259lumat verilm\u0259diyini d\u0259 deyib","og_url":"https:\/\/www.meydan.tv\/az\/article\/moped-surucusunun-bacisi-qardasim-kimlerinse-ucbatindan-heyatini-itirdi\/","og_site_name":"MEYDAN.TV","article_published_time":"2024-08-08T10:54:47+00:00","article_modified_time":"2024-08-08T13:34:35+00:00","og_image":[{"width":1200,"height":800,"url":"https:\/\/www.meydan.tv\/wp-content\/uploads\/whatsapp-image-2024-06-14-at-12.43.25_68dd87b5.jpg","type":"image\/jpeg"}],"author":"elli","twitter_card":"summary_large_image","twitter_creator":"@elli","schema":{"@context":"https:\/\/schema.org","@graph":[{"@type":"Article","@id":"https:\/\/www.meydan.tv\/az\/article\/moped-surucusunun-bacisi-qardasim-kimlerinse-ucbatindan-heyatini-itirdi\/#article","isPartOf":{"@id":"https:\/\/www.meydan.tv\/az\/article\/moped-surucusunun-bacisi-qardasim-kimlerinse-ucbatindan-heyatini-itirdi\/"},"author":{"name":"elli","@id":"https:\/\/www.meydan.tv\/az\/#\/schema\/person\/9cdbecf90d17180ce1dfbd95b08dcf47"},"headline":"Moped s\u00fcr\u00fcc\u00fcs\u00fcn\u00fcn bac\u0131s\u0131: &#8220;Qarda\u015f\u0131m kiml\u0259rins\u0259 ucbat\u0131ndan h\u0259yat\u0131n\u0131 itirdi&#8221;","datePublished":"2024-08-08T10:54:47+00:00","dateModified":"2024-08-08T13:34:35+00:00","mainEntityOfPage":{"@id":"https:\/\/www.meydan.tv\/az\/article\/moped-surucusunun-bacisi-qardasim-kimlerinse-ucbatindan-heyatini-itirdi\/"},"wordCount":456,"publisher":{"@id":"https:\/\/www.meydan.tv\/az\/#organization"},"image":{"@id":"https:\/\/www.meydan.tv\/az\/article\/moped-surucusunun-bacisi-qardasim-kimlerinse-ucbatindan-heyatini-itirdi\/#primaryimage"},"thumbnailUrl":"https:\/\/www.meydan.tv\/wp-content\/uploads\/whatsapp-image-2024-06-14-at-12.43.25_68dd87b5.jpg","articleSection":["Sosial","T\u00f6vsiy\u0259","Video","X\u0259b\u0259rl\u0259r"],"inLanguage":"az"},{"@type":"WebPage","@id":"https:\/\/www.meydan.tv\/az\/article\/moped-surucusunun-bacisi-qardasim-kimlerinse-ucbatindan-heyatini-itirdi\/","url":"https:\/\/www.meydan.tv\/az\/article\/moped-surucusunun-bacisi-qardasim-kimlerinse-ucbatindan-heyatini-itirdi\/","name":"Moped s\u00fcr\u00fcc\u00fcs\u00fcn\u00fcn bac\u0131s\u0131: \"Qarda\u015f\u0131m kiml\u0259rins\u0259 ucbat\u0131ndan h\u0259yat\u0131n\u0131 itirdi\" - MEYDAN.TV","isPartOf":{"@id":"https:\/\/www.meydan.tv\/az\/#website"},"primaryImageOfPage":{"@id":"https:\/\/www.meydan.tv\/az\/article\/moped-surucusunun-bacisi-qardasim-kimlerinse-ucbatindan-heyatini-itirdi\/#primaryimage"},"image":{"@id":"https:\/\/www.meydan.tv\/az\/article\/moped-surucusunun-bacisi-qardasim-kimlerinse-ucbatindan-heyatini-itirdi\/#primaryimage"},"thumbnailUrl":"https:\/\/www.meydan.tv\/wp-content\/uploads\/whatsapp-image-2024-06-14-at-12.43.25_68dd87b5.jpg","datePublished":"2024-08-08T10:54:47+00:00","dateModified":"2024-08-08T13:34:35+00:00","description":"V\u0259t\u0259nda\u015f hadis\u0259nin \u00f6rt-basd\u0131r edildiyini, h\u0259tta aidiyy\u0259ti qurumdan bununla ba\u011fl\u0131 m\u0259tbuata m\u0259lumat verilm\u0259diyini d\u0259 deyib","breadcrumb":{"@id":"https:\/\/www.meydan.tv\/az\/article\/moped-surucusunun-bacisi-qardasim-kimlerinse-ucbatindan-heyatini-itirdi\/#breadcrumb"},"inLanguage":"az","potentialAction":[{"@type":"ReadAction","target":["https:\/\/www.meydan.tv\/az\/article\/moped-surucusunun-bacisi-qardasim-kimlerinse-ucbatindan-heyatini-itirdi\/"]}]},{"@type":"ImageObject","inLanguage":"az","@id":"https:\/\/www.meydan.tv\/az\/article\/moped-surucusunun-bacisi-qardasim-kimlerinse-ucbatindan-heyatini-itirdi\/#primaryimage","url":"https:\/\/www.meydan.tv\/wp-content\/uploads\/whatsapp-image-2024-06-14-at-12.43.25_68dd87b5.jpg","contentUrl":"https:\/\/www.meydan.tv\/wp-content\/uploads\/whatsapp-image-2024-06-14-at-12.43.25_68dd87b5.jpg","width":1200,"height":800,"caption":"Q\u0259za, \u015f\u0259rti \u015f\u0259kil. Foto: D\u0130N"},{"@type":"BreadcrumbList","@id":"https:\/\/www.meydan.tv\/az\/article\/moped-surucusunun-bacisi-qardasim-kimlerinse-ucbatindan-heyatini-itirdi\/#breadcrumb","itemListElement":[{"@type":"ListItem","position":1,"name":"Ana s\u0259hif\u0259","item":"https:\/\/www.meydan.tv\/az\/"},{"@type":"ListItem","position":2,"name":"Sosial","item":"https:\/\/www.meydan.tv\/az\/section\/sosial\/"},{"@type":"ListItem","position":3,"name":"Moped s\u00fcr\u00fcc\u00fcs\u00fcn\u00fcn bac\u0131s\u0131: &#8220;Qarda\u015f\u0131m kiml\u0259rins\u0259 ucbat\u0131ndan h\u0259yat\u0131n\u0131 itirdi&#8221;"}]},{"@type":"WebSite","@id":"https:\/\/www.meydan.tv\/az\/#website","url":"https:\/\/www.meydan.tv\/az\/","name":"MEYDAN.TV","description":"Meydan TV Az\u0259rbaycan\u0131n media m\u0259kan\u0131ndak\u0131 alternativ s\u0259sidir","publisher":{"@id":"https:\/\/www.meydan.tv\/az\/#organization"},"potentialAction":[{"@type":"SearchAction","target":{"@type":"EntryPoint","urlTemplate":"https:\/\/www.meydan.tv\/az\/?s={search_term_string}"},"query-input":{"@type":"PropertyValueSpecification","valueRequired":true,"valueName":"search_term_string"}}],"inLanguage":"az"},{"@type":"Organization","@id":"https:\/\/www.meydan.tv\/az\/#organization","name":"Meydan TV","url":"https:\/\/www.meydan.tv\/az\/","logo":{"@type":"ImageObject","inLanguage":"az","@id":"https:\/\/www.meydan.tv\/az\/#\/schema\/logo\/image\/","url":"https:\/\/www.meydan.tv\/wp-content\/uploads\/2021\/07\/meydan-logo.svg","contentUrl":"https:\/\/www.meydan.tv\/wp-content\/uploads\/2021\/07\/meydan-logo.svg","width":195,"height":46,"caption":"Meydan TV"},"image":{"@id":"https:\/\/www.meydan.tv\/az\/#\/schema\/logo\/image\/"}},{"@type":"Person","@id":"https:\/\/www.meydan.tv\/az\/#\/schema\/person\/9cdbecf90d17180ce1dfbd95b08dcf47","name":"elli","sameAs":["https:\/\/x.com\/elli"]}]}},"_links":{"self":[{"href":"https:\/\/www.meydan.tv\/az\/wp-json\/wp\/v2\/posts\/312501","targetHints":{"allow":["GET"]}}],"collection":[{"href":"https:\/\/www.meydan.tv\/az\/wp-json\/wp\/v2\/posts"}],"about":[{"href":"https:\/\/www.meydan.tv\/az\/wp-json\/wp\/v2\/types\/post"}],"author":[{"embeddable":true,"href":"https:\/\/www.meydan.tv\/az\/wp-json\/wp\/v2\/users\/8"}],"replies":[{"embeddable":true,"href":"https:\/\/www.meydan.tv\/az\/wp-json\/wp\/v2\/comments?post=312501"}],"version-history":[{"count":4,"href":"https:\/\/www.meydan.tv\/az\/wp-json\/wp\/v2\/posts\/312501\/revisions"}],"predecessor-version":[{"id":312534,"href":"https:\/\/www.meydan.tv\/az\/wp-json\/wp\/v2\/posts\/312501\/revisions\/312534"}],"wp:featuredmedia":[{"embeddable":true,"href":"https:\/\/www.meydan.tv\/az\/wp-json\/wp\/v2\/media\/308118"}],"wp:attachment":[{"href":"https:\/\/www.meydan.tv\/az\/wp-json\/wp\/v2\/media?parent=312501"}],"wp:term":[{"taxonomy":"category","embeddable":true,"href":"https:\/\/www.meydan.tv\/az\/wp-json\/wp\/v2\/categories?post=312501"},{"taxonomy":"post_tag","embeddable":true,"href":"https:\/\/www.meydan.tv\/az\/wp-json\/wp\/v2\/tags?post=312501"}],"curies":[{"name":"wp","href":"https:\/\/api.w.org\/{rel}","templated":true}]}}