{"id":312491,"date":"2024-08-08T14:18:44","date_gmt":"2024-08-08T10:18:44","guid":{"rendered":"https:\/\/www.meydan.tv\/?p=312491"},"modified":"2024-08-08T14:18:46","modified_gmt":"2024-08-08T10:18:46","slug":"atv-nin-kecmis-prezidenti-mehkeme-qarsisina-cixarildi-10-neferin-olumunde-ittiham-edilir","status":"publish","type":"post","link":"https:\/\/www.meydan.tv\/az\/article\/atv-nin-kecmis-prezidenti-mehkeme-qarsisina-cixarildi-10-neferin-olumunde-ittiham-edilir\/","title":{"rendered":"ATV-nin ke\u00e7mi\u015f prezidenti m\u0259hk\u0259m\u0259 qar\u015f\u0131s\u0131na \u00e7\u0131xar\u0131ld\u0131: 10 n\u0259f\u0259rin \u00f6l\u00fcm\u00fcnd\u0259 ittiham edilir"},"content":{"rendered":"\n<p><\/p>\n\n\n\n<p><strong><em>Hakim i\u015fl\u0259 tan\u0131\u015f olmaq \u00fc\u00e7\u00fcn m\u0259hk\u0259m\u0259 iclas\u0131n\u0131 bir ay sonraya t\u0259yin etdi<\/em><\/strong><\/p>\n\n\n\n<p>\u201cAzad Az\u0259rbaycan\u201d telekanal\u0131n\u0131n (ATV) ke\u00e7mi\u015f prezidenti, 7 aydan \u00e7oxdur h\u0259bsd\u0259 olan Ta\u011f\u0131 \u0130brahimovun avqustun 8-d\u0259 m\u0259hk\u0259m\u0259si ba\u015flay\u0131b. Onun i\u015fin\u0259 Bak\u0131 A\u011f\u0131r Cinay\u0259tl\u0259r M\u0259hk\u0259m\u0259sind\u0259 hakim Elmin R\u00fcst\u0259movun s\u0259drliyil\u0259 bax\u0131l\u0131r.<\/p>\n\n\n\n<p>Bin\u0259q\u0259di rayonu, 7-ci mikrorayonda sahibi oldu\u011fu obyektd\u0259 10 n\u0259f\u0259rin \u00f6l\u00fcm\u00fc, 23 n\u0259f\u0259rin yaralanmas\u0131yla n\u0259tic\u0259l\u0259n\u0259n yan\u011f\u0131na g\u00f6r\u0259 h\u0259bs edil\u0259n 62 ya\u015fl\u0131 Ta\u011f\u0131 \u0130brahimov m\u0259hk\u0259m\u0259 qar\u015f\u0131s\u0131nda t\u0259k deyil. M\u00fc\u0259ssis\u0259nin inzibati-t\u0259s\u0259rr\u00fcfat idar\u0259\u00e7iliyini h\u0259yata ke\u00e7ir\u0259n 32 ya\u015fl\u0131 To\u011frul Rzayev d\u0259 onunla birlikd\u0259 m\u00fchakim\u0259 olunur.<\/p>\n\n\n\n<p>\u201cBak\u0131 A\u011fac Emal\u0131\u201d A\u00e7\u0131q S\u0259hmdar C\u0259miyy\u0259tinin (ASC) s\u0259hmdar\u0131 olan Ta\u011f\u0131 \u0130brahimov yanvarda h\u0259bs olunanda ona qar\u015f\u0131 s\u0259hl\u0259nkarl\u0131q ittiham\u0131 ir\u0259li s\u00fcr\u00fcls\u0259 d\u0259, istintaq\u0131n yekununda ittiham d\u0259yi\u015fib. Ona Cinay\u0259t M\u0259c\u0259ll\u0259sinin 213.3 (x\u00fcsusil\u0259 k\u00fclli miqdarda vergil\u0259ri \u00f6d\u0259m\u0259kd\u0259n yay\u0131nma) v\u0259 225.3 (yan\u011f\u0131n t\u0259hl\u00fck\u0259sizliyi qaydalar\u0131n\u0131 pozma, ehtiyats\u0131zl\u0131qdan iki v\u0259 daha \u00e7ox \u015f\u0259xsin \u00f6l\u00fcm\u00fcn\u0259 s\u0259b\u0259b olduqda) madd\u0259l\u0259ril\u0259 ittiham verilib. Bu madd\u0259l\u0259rd\u0259 10 il\u0259 q\u0259d\u0259r azadl\u0131qdan m\u0259hrumetm\u0259 c\u0259zas\u0131 n\u0259z\u0259rd\u0259 tutulub.<\/p>\n\n\n\n<p>To\u011frul Rzayev\u0259 qar\u015f\u0131 is\u0259 yaln\u0131z Cinay\u0259t M\u0259c\u0259ll\u0259sinin 225-ci madd\u0259sil\u0259 ittiham ir\u0259li s\u00fcr\u00fcl\u00fcb.<\/p>\n\n\n\n<p>Avqustun 8-d\u0259 m\u0259hk\u0259m\u0259nin haz\u0131rl\u0131q iclas\u0131nda t\u0259qsirl\u0259ndiril\u0259n \u015f\u0259xsl\u0259rin anket m\u0259lumatlar\u0131 d\u0259qiql\u0259\u015fdirilib, m\u0259hk\u0259m\u0259d\u0259ki h\u00fcquq v\u0259 v\u0259zif\u0259l\u0259ri izah olunub. Bu cinay\u0259t i\u015fi \u00fczr\u0259 44 n\u0259f\u0259r fiziki v\u0259 h\u00fcquqi \u015f\u0259xs z\u0259r\u0259r\u00e7\u0259kmi\u015f qismind\u0259 tan\u0131n\u0131b. Onlar\u0131n aras\u0131nda yan\u011f\u0131nda h\u0259yat\u0131n\u0131 itir\u0259n \u015f\u0259xsl\u0259rin h\u00fcquqi varisi qimind\u0259 tan\u0131nan ail\u0259 \u00fczvl\u0259ri, Ekologiya v\u0259 T\u0259bii S\u0259rv\u0259tl\u0259r Nazirliyi d\u0259 var.<\/p>\n\n\n\n<p>Z\u0259r\u0259r\u00e7\u0259kmi\u015fl\u0259r bildirib ki, onlar ittiham akt\u0131n\u0131 almay\u0131blar.&nbsp; Onlara ittiham akt\u0131n\u0131n verilm\u0259si, h\u0259m\u00e7inin Bak\u0131 A\u011f\u0131r Cinay\u0259tl\u0259r M\u0259hk\u0259m\u0259sin\u0259 yeni g\u00f6nd\u0259ril\u0259n v\u0259 i\u015f\u0259 baxan hakim Elmin R\u00fcst\u0259movun \u00f6z\u00fcn\u00fcn d\u0259 i\u015f materiallar\u0131 il\u0259 tan\u0131\u015f olmas\u0131 \u00fc\u00e7\u00fcn m\u0259hk\u0259m\u0259 prosesi bir ay t\u0259xir\u0259 sal\u0131n\u0131b. Haz\u0131rl\u0131q iclas\u0131 sentyabr\u0131n 5-d\u0259 davam ed\u0259c\u0259k.<\/p>\n\n\n\n<p>Ta\u011f\u0131 \u0130brahimov v\u0259 To\u011frul Rzayevin h\u0259bsil\u0259 n\u0259tic\u0259l\u0259n\u0259n yan\u011f\u0131n yanvar\u0131n 15-d\u0259 ba\u015f verib. Yan\u011f\u0131n n\u0259tic\u0259sind\u0259 10 n\u0259f\u0259r h\u0259yat\u0131n\u0131 itirib, 23 n\u0259f\u0259r m\u00fcxt\u0259lif d\u0259r\u0259c\u0259li x\u0259sar\u0259t al\u0131b.<\/p>\n\n\n\n<p>Cinay\u0259t i\u015finin materiallar\u0131na \u0259sas\u0259n, mebel sexind\u0259 taxta materiallar\u0131n emal\u0131 zaman\u0131 yaranm\u0131\u015f taxta tozu v\u0259 kimy\u0259vi t\u0259rkibli materiallar\u0131n buxar qar\u0131\u015f\u0131\u011f\u0131 uzun m\u00fcdd\u0259t t\u0259mizl\u0259nm\u0259yib. N\u0259tic\u0259d\u0259 minimum konsentrasiya limiti a\u015f\u0131l\u0131b v\u0259 bu \u00fczd\u0259n partlay\u0131\u015f ba\u015f verib.<\/p>\n\n\n\n<p>Ta\u011f\u0131 \u0130brahimov Diasporla \u0130\u015f \u00fczr\u0259 D\u00f6vl\u0259t Komit\u0259sinin ke\u00e7mi\u015f s\u0259dri Nazim \u0130brahimov, \u201cAvesta\u201d \u015firk\u0259tinin sabiq prezidenti Hac\u0131 \u0130brahim Nehr\u0259mlinin qarda\u015f\u0131d\u0131r. \u0130brahimovlar\u0131n daha bir qarda\u015f\u0131 \u2013 Bak\u0131da h\u00fcnd\u00fcrm\u0259rt\u0259b\u0259li ya\u015fay\u0131\u015f binalar\u0131 v\u0259 obyektl\u0259rin tikintisiyl\u0259 m\u0259\u015f\u011ful olan Sahib \u0130brahimov da bir ne\u00e7\u0259 ildir h\u0259bsd\u0259dir.<\/p>\n\n\n\n<p>\u0130brahim Nehr\u0259mli mediaya a\u00e7\u0131qlamas\u0131nda bildirib ki, yan\u011f\u0131n\u0131n ba\u015f verdiyi obyekt qarda\u015f\u0131n\u0131n m\u00fclkiyy\u0259tind\u0259 olsa da, onun istifad\u0259sind\u0259 deyildi. Onun s\u00f6zl\u0259rin\u0259 g\u00f6r\u0259, obyekti qarda\u015f\u0131 icar\u0259y\u0259 vermi\u015fdi v\u0259 icar\u0259\u00e7i d\u0259 mebel sexi kimi istifad\u0259 edirdi:<\/p>\n\n\n\n<p><em>\u201cTa\u011f\u0131 \u0130brahimov orada ya\u015fay\u0131\u015f binas\u0131 tik\u0259c\u0259kdi. Bununla ba\u011fl\u0131 layih\u0259 d\u0259 vermi\u015fdik. H\u0259l\u0259lik t\u0259sdiql\u0259nm\u0259diyi \u00fc\u00e7\u00fcn \u0259razini sahibkara icar\u0259y\u0259 vermi\u015fdik v\u0259 bu hadis\u0259 ba\u015f verdi. H\u0259min sahibkar da hadis\u0259 zaman\u0131 d\u00fcnyas\u0131n\u0131 d\u0259yi\u015fib. Yaz\u0131q Ta\u011f\u0131 buna n\u0259 etsin? \u0130car\u0259y\u0259 vermi\u015fdi, b\u00fct\u00fcn texniki t\u0259hl\u00fck\u0259sizliy\u0259 s\u00f6z\u00fcged\u0259n sahibkar cavabdeh idi\u201d<\/em>.<\/p>\n","protected":false},"excerpt":{"rendered":"<p>Hakim i\u015fl\u0259 tan\u0131\u015f olmaq \u00fc\u00e7\u00fcn m\u0259hk\u0259m\u0259 iclas\u0131n\u0131 bir ay sonraya &#8230; <\/p>\n<p class=\"read-more-container\"><a title=\"ATV-nin ke\u00e7mi\u015f prezidenti m\u0259hk\u0259m\u0259 qar\u015f\u0131s\u0131na \u00e7\u0131xar\u0131ld\u0131: 10 n\u0259f\u0259rin \u00f6l\u00fcm\u00fcnd\u0259 ittiham edilir\" class=\"read-more button\" href=\"https:\/\/www.meydan.tv\/az\/article\/atv-nin-kecmis-prezidenti-mehkeme-qarsisina-cixarildi-10-neferin-olumunde-ittiham-edilir\/#more-312491\" aria-label=\"Read more about ATV-nin ke\u00e7mi\u015f prezidenti m\u0259hk\u0259m\u0259 qar\u015f\u0131s\u0131na \u00e7\u0131xar\u0131ld\u0131: 10 n\u0259f\u0259rin \u00f6l\u00fcm\u00fcnd\u0259 ittiham edilir\">Davam\u0131<\/a><\/p>\n","protected":false},"author":8,"featured_media":312493,"comment_status":"closed","ping_status":"closed","sticky":false,"template":"","format":"standard","meta":{"_acf_changed":false,"_sitemap_exclude":false,"_sitemap_priority":"","_sitemap_frequency":"","footnotes":""},"categories":[62,56],"tags":[],"class_list":["post-312491","post","type-post","status-publish","format-standard","has-post-thumbnail","hentry","category-sosial","category-xeberler","infinite-scroll-item","generate-columns","tablet-grid-50","mobile-grid-100","grid-parent","grid-33","no-featured-image-padding"],"acf":[],"yoast_head":"<!-- This site is optimized with the Yoast SEO plugin v27.5 - https:\/\/yoast.com\/product\/yoast-seo-wordpress\/ -->\n<title>ATV-nin ke\u00e7mi\u015f prezidenti m\u0259hk\u0259m\u0259 qar\u015f\u0131s\u0131na \u00e7\u0131xar\u0131ld\u0131: 10 n\u0259f\u0259rin \u00f6l\u00fcm\u00fcnd\u0259 ittiham edilir - MEYDAN.TV<\/title>\n<meta name=\"description\" content=\"Ta\u011f\u0131 \u0130brahimov Diasporla \u0130\u015f \u00fczr\u0259 D\u00f6vl\u0259t Komit\u0259sinin ke\u00e7mi\u015f s\u0259dri Nazim \u0130brahimov, \u201cAvesta\u201d \u015firk\u0259tinin sabiq prezidenti Hac\u0131 \u0130brahim Nehr\u0259mlinin qarda\u015f\u0131d\u0131r.\" \/>\n<meta name=\"robots\" content=\"index, follow, max-snippet:-1, max-image-preview:large, max-video-preview:-1\" \/>\n<link rel=\"canonical\" href=\"https:\/\/www.meydan.tv\/az\/article\/atv-nin-kecmis-prezidenti-mehkeme-qarsisina-cixarildi-10-neferin-olumunde-ittiham-edilir\/\" \/>\n<meta property=\"og:locale\" content=\"az_AZ\" \/>\n<meta property=\"og:type\" content=\"article\" \/>\n<meta property=\"og:title\" content=\"ATV-nin ke\u00e7mi\u015f prezidenti m\u0259hk\u0259m\u0259 qar\u015f\u0131s\u0131na \u00e7\u0131xar\u0131ld\u0131: 10 n\u0259f\u0259rin \u00f6l\u00fcm\u00fcnd\u0259 ittiham edilir - MEYDAN.TV\" \/>\n<meta property=\"og:description\" content=\"Ta\u011f\u0131 \u0130brahimov Diasporla \u0130\u015f \u00fczr\u0259 D\u00f6vl\u0259t Komit\u0259sinin ke\u00e7mi\u015f s\u0259dri Nazim \u0130brahimov, \u201cAvesta\u201d \u015firk\u0259tinin sabiq prezidenti Hac\u0131 \u0130brahim Nehr\u0259mlinin qarda\u015f\u0131d\u0131r.\" \/>\n<meta property=\"og:url\" content=\"https:\/\/www.meydan.tv\/az\/article\/atv-nin-kecmis-prezidenti-mehkeme-qarsisina-cixarildi-10-neferin-olumunde-ittiham-edilir\/\" \/>\n<meta property=\"og:site_name\" content=\"MEYDAN.TV\" \/>\n<meta property=\"article:published_time\" content=\"2024-08-08T10:18:44+00:00\" \/>\n<meta property=\"article:modified_time\" content=\"2024-08-08T10:18:46+00:00\" \/>\n<meta property=\"og:image\" content=\"https:\/\/www.meydan.tv\/wp-content\/uploads\/photo-2024-08-08-13-58-44.jpg\" \/>\n\t<meta property=\"og:image:width\" content=\"1200\" \/>\n\t<meta property=\"og:image:height\" content=\"794\" \/>\n\t<meta property=\"og:image:type\" content=\"image\/jpeg\" \/>\n<meta name=\"author\" content=\"elli\" \/>\n<meta name=\"twitter:card\" content=\"summary_large_image\" \/>\n<meta name=\"twitter:creator\" content=\"@elli\" \/>\n<script type=\"application\/ld+json\" class=\"yoast-schema-graph\">{\"@context\":\"https:\\\/\\\/schema.org\",\"@graph\":[{\"@type\":\"Article\",\"@id\":\"https:\\\/\\\/www.meydan.tv\\\/az\\\/article\\\/atv-nin-kecmis-prezidenti-mehkeme-qarsisina-cixarildi-10-neferin-olumunde-ittiham-edilir\\\/#article\",\"isPartOf\":{\"@id\":\"https:\\\/\\\/www.meydan.tv\\\/az\\\/article\\\/atv-nin-kecmis-prezidenti-mehkeme-qarsisina-cixarildi-10-neferin-olumunde-ittiham-edilir\\\/\"},\"author\":{\"name\":\"elli\",\"@id\":\"https:\\\/\\\/www.meydan.tv\\\/az\\\/#\\\/schema\\\/person\\\/9cdbecf90d17180ce1dfbd95b08dcf47\"},\"headline\":\"ATV-nin ke\u00e7mi\u015f prezidenti m\u0259hk\u0259m\u0259 qar\u015f\u0131s\u0131na \u00e7\u0131xar\u0131ld\u0131: 10 n\u0259f\u0259rin \u00f6l\u00fcm\u00fcnd\u0259 ittiham edilir\",\"datePublished\":\"2024-08-08T10:18:44+00:00\",\"dateModified\":\"2024-08-08T10:18:46+00:00\",\"mainEntityOfPage\":{\"@id\":\"https:\\\/\\\/www.meydan.tv\\\/az\\\/article\\\/atv-nin-kecmis-prezidenti-mehkeme-qarsisina-cixarildi-10-neferin-olumunde-ittiham-edilir\\\/\"},\"wordCount\":738,\"publisher\":{\"@id\":\"https:\\\/\\\/www.meydan.tv\\\/az\\\/#organization\"},\"image\":{\"@id\":\"https:\\\/\\\/www.meydan.tv\\\/az\\\/article\\\/atv-nin-kecmis-prezidenti-mehkeme-qarsisina-cixarildi-10-neferin-olumunde-ittiham-edilir\\\/#primaryimage\"},\"thumbnailUrl\":\"https:\\\/\\\/www.meydan.tv\\\/wp-content\\\/uploads\\\/photo-2024-08-08-13-58-44-e1727984532806.jpg\",\"articleSection\":[\"Sosial\",\"X\u0259b\u0259rl\u0259r\"],\"inLanguage\":\"az\"},{\"@type\":\"WebPage\",\"@id\":\"https:\\\/\\\/www.meydan.tv\\\/az\\\/article\\\/atv-nin-kecmis-prezidenti-mehkeme-qarsisina-cixarildi-10-neferin-olumunde-ittiham-edilir\\\/\",\"url\":\"https:\\\/\\\/www.meydan.tv\\\/az\\\/article\\\/atv-nin-kecmis-prezidenti-mehkeme-qarsisina-cixarildi-10-neferin-olumunde-ittiham-edilir\\\/\",\"name\":\"ATV-nin ke\u00e7mi\u015f prezidenti m\u0259hk\u0259m\u0259 qar\u015f\u0131s\u0131na \u00e7\u0131xar\u0131ld\u0131: 10 n\u0259f\u0259rin \u00f6l\u00fcm\u00fcnd\u0259 ittiham edilir - MEYDAN.TV\",\"isPartOf\":{\"@id\":\"https:\\\/\\\/www.meydan.tv\\\/az\\\/#website\"},\"primaryImageOfPage\":{\"@id\":\"https:\\\/\\\/www.meydan.tv\\\/az\\\/article\\\/atv-nin-kecmis-prezidenti-mehkeme-qarsisina-cixarildi-10-neferin-olumunde-ittiham-edilir\\\/#primaryimage\"},\"image\":{\"@id\":\"https:\\\/\\\/www.meydan.tv\\\/az\\\/article\\\/atv-nin-kecmis-prezidenti-mehkeme-qarsisina-cixarildi-10-neferin-olumunde-ittiham-edilir\\\/#primaryimage\"},\"thumbnailUrl\":\"https:\\\/\\\/www.meydan.tv\\\/wp-content\\\/uploads\\\/photo-2024-08-08-13-58-44-e1727984532806.jpg\",\"datePublished\":\"2024-08-08T10:18:44+00:00\",\"dateModified\":\"2024-08-08T10:18:46+00:00\",\"description\":\"Ta\u011f\u0131 \u0130brahimov Diasporla \u0130\u015f \u00fczr\u0259 D\u00f6vl\u0259t Komit\u0259sinin ke\u00e7mi\u015f s\u0259dri Nazim \u0130brahimov, \u201cAvesta\u201d \u015firk\u0259tinin sabiq prezidenti Hac\u0131 \u0130brahim Nehr\u0259mlinin qarda\u015f\u0131d\u0131r.\",\"breadcrumb\":{\"@id\":\"https:\\\/\\\/www.meydan.tv\\\/az\\\/article\\\/atv-nin-kecmis-prezidenti-mehkeme-qarsisina-cixarildi-10-neferin-olumunde-ittiham-edilir\\\/#breadcrumb\"},\"inLanguage\":\"az\",\"potentialAction\":[{\"@type\":\"ReadAction\",\"target\":[\"https:\\\/\\\/www.meydan.tv\\\/az\\\/article\\\/atv-nin-kecmis-prezidenti-mehkeme-qarsisina-cixarildi-10-neferin-olumunde-ittiham-edilir\\\/\"]}]},{\"@type\":\"ImageObject\",\"inLanguage\":\"az\",\"@id\":\"https:\\\/\\\/www.meydan.tv\\\/az\\\/article\\\/atv-nin-kecmis-prezidenti-mehkeme-qarsisina-cixarildi-10-neferin-olumunde-ittiham-edilir\\\/#primaryimage\",\"url\":\"https:\\\/\\\/www.meydan.tv\\\/wp-content\\\/uploads\\\/photo-2024-08-08-13-58-44-e1727984532806.jpg\",\"contentUrl\":\"https:\\\/\\\/www.meydan.tv\\\/wp-content\\\/uploads\\\/photo-2024-08-08-13-58-44-e1727984532806.jpg\",\"width\":1200,\"height\":570,\"caption\":\"Ta\u011f\u0131 \u0130brahimov m\u0259hk\u0259m\u0259 qar\u015f\u0131s\u0131nda (sa\u011fda). Foto: Meydan TV\"},{\"@type\":\"BreadcrumbList\",\"@id\":\"https:\\\/\\\/www.meydan.tv\\\/az\\\/article\\\/atv-nin-kecmis-prezidenti-mehkeme-qarsisina-cixarildi-10-neferin-olumunde-ittiham-edilir\\\/#breadcrumb\",\"itemListElement\":[{\"@type\":\"ListItem\",\"position\":1,\"name\":\"Ana s\u0259hif\u0259\",\"item\":\"https:\\\/\\\/www.meydan.tv\\\/az\\\/\"},{\"@type\":\"ListItem\",\"position\":2,\"name\":\"X\u0259b\u0259rl\u0259r\",\"item\":\"https:\\\/\\\/www.meydan.tv\\\/az\\\/section\\\/xeberler\\\/\"},{\"@type\":\"ListItem\",\"position\":3,\"name\":\"ATV-nin ke\u00e7mi\u015f prezidenti m\u0259hk\u0259m\u0259 qar\u015f\u0131s\u0131na \u00e7\u0131xar\u0131ld\u0131: 10 n\u0259f\u0259rin \u00f6l\u00fcm\u00fcnd\u0259 ittiham edilir\"}]},{\"@type\":\"WebSite\",\"@id\":\"https:\\\/\\\/www.meydan.tv\\\/az\\\/#website\",\"url\":\"https:\\\/\\\/www.meydan.tv\\\/az\\\/\",\"name\":\"MEYDAN.TV\",\"description\":\"Meydan TV Az\u0259rbaycan\u0131n media m\u0259kan\u0131ndak\u0131 alternativ s\u0259sidir\",\"publisher\":{\"@id\":\"https:\\\/\\\/www.meydan.tv\\\/az\\\/#organization\"},\"potentialAction\":[{\"@type\":\"SearchAction\",\"target\":{\"@type\":\"EntryPoint\",\"urlTemplate\":\"https:\\\/\\\/www.meydan.tv\\\/az\\\/?s={search_term_string}\"},\"query-input\":{\"@type\":\"PropertyValueSpecification\",\"valueRequired\":true,\"valueName\":\"search_term_string\"}}],\"inLanguage\":\"az\"},{\"@type\":\"Organization\",\"@id\":\"https:\\\/\\\/www.meydan.tv\\\/az\\\/#organization\",\"name\":\"Meydan TV\",\"url\":\"https:\\\/\\\/www.meydan.tv\\\/az\\\/\",\"logo\":{\"@type\":\"ImageObject\",\"inLanguage\":\"az\",\"@id\":\"https:\\\/\\\/www.meydan.tv\\\/az\\\/#\\\/schema\\\/logo\\\/image\\\/\",\"url\":\"https:\\\/\\\/www.meydan.tv\\\/wp-content\\\/uploads\\\/2021\\\/07\\\/meydan-logo.svg\",\"contentUrl\":\"https:\\\/\\\/www.meydan.tv\\\/wp-content\\\/uploads\\\/2021\\\/07\\\/meydan-logo.svg\",\"width\":195,\"height\":46,\"caption\":\"Meydan TV\"},\"image\":{\"@id\":\"https:\\\/\\\/www.meydan.tv\\\/az\\\/#\\\/schema\\\/logo\\\/image\\\/\"}},{\"@type\":\"Person\",\"@id\":\"https:\\\/\\\/www.meydan.tv\\\/az\\\/#\\\/schema\\\/person\\\/9cdbecf90d17180ce1dfbd95b08dcf47\",\"name\":\"elli\",\"sameAs\":[\"https:\\\/\\\/x.com\\\/elli\"]}]}<\/script>\n<!-- \/ Yoast SEO plugin. -->","yoast_head_json":{"title":"ATV-nin ke\u00e7mi\u015f prezidenti m\u0259hk\u0259m\u0259 qar\u015f\u0131s\u0131na \u00e7\u0131xar\u0131ld\u0131: 10 n\u0259f\u0259rin \u00f6l\u00fcm\u00fcnd\u0259 ittiham edilir - MEYDAN.TV","description":"Ta\u011f\u0131 \u0130brahimov Diasporla \u0130\u015f \u00fczr\u0259 D\u00f6vl\u0259t Komit\u0259sinin ke\u00e7mi\u015f s\u0259dri Nazim \u0130brahimov, \u201cAvesta\u201d \u015firk\u0259tinin sabiq prezidenti Hac\u0131 \u0130brahim Nehr\u0259mlinin qarda\u015f\u0131d\u0131r.","robots":{"index":"index","follow":"follow","max-snippet":"max-snippet:-1","max-image-preview":"max-image-preview:large","max-video-preview":"max-video-preview:-1"},"canonical":"https:\/\/www.meydan.tv\/az\/article\/atv-nin-kecmis-prezidenti-mehkeme-qarsisina-cixarildi-10-neferin-olumunde-ittiham-edilir\/","og_locale":"az_AZ","og_type":"article","og_title":"ATV-nin ke\u00e7mi\u015f prezidenti m\u0259hk\u0259m\u0259 qar\u015f\u0131s\u0131na \u00e7\u0131xar\u0131ld\u0131: 10 n\u0259f\u0259rin \u00f6l\u00fcm\u00fcnd\u0259 ittiham edilir - MEYDAN.TV","og_description":"Ta\u011f\u0131 \u0130brahimov Diasporla \u0130\u015f \u00fczr\u0259 D\u00f6vl\u0259t Komit\u0259sinin ke\u00e7mi\u015f s\u0259dri Nazim \u0130brahimov, \u201cAvesta\u201d \u015firk\u0259tinin sabiq prezidenti Hac\u0131 \u0130brahim Nehr\u0259mlinin qarda\u015f\u0131d\u0131r.","og_url":"https:\/\/www.meydan.tv\/az\/article\/atv-nin-kecmis-prezidenti-mehkeme-qarsisina-cixarildi-10-neferin-olumunde-ittiham-edilir\/","og_site_name":"MEYDAN.TV","article_published_time":"2024-08-08T10:18:44+00:00","article_modified_time":"2024-08-08T10:18:46+00:00","og_image":[{"width":1200,"height":794,"url":"https:\/\/www.meydan.tv\/wp-content\/uploads\/photo-2024-08-08-13-58-44.jpg","type":"image\/jpeg"}],"author":"elli","twitter_card":"summary_large_image","twitter_creator":"@elli","schema":{"@context":"https:\/\/schema.org","@graph":[{"@type":"Article","@id":"https:\/\/www.meydan.tv\/az\/article\/atv-nin-kecmis-prezidenti-mehkeme-qarsisina-cixarildi-10-neferin-olumunde-ittiham-edilir\/#article","isPartOf":{"@id":"https:\/\/www.meydan.tv\/az\/article\/atv-nin-kecmis-prezidenti-mehkeme-qarsisina-cixarildi-10-neferin-olumunde-ittiham-edilir\/"},"author":{"name":"elli","@id":"https:\/\/www.meydan.tv\/az\/#\/schema\/person\/9cdbecf90d17180ce1dfbd95b08dcf47"},"headline":"ATV-nin ke\u00e7mi\u015f prezidenti m\u0259hk\u0259m\u0259 qar\u015f\u0131s\u0131na \u00e7\u0131xar\u0131ld\u0131: 10 n\u0259f\u0259rin \u00f6l\u00fcm\u00fcnd\u0259 ittiham edilir","datePublished":"2024-08-08T10:18:44+00:00","dateModified":"2024-08-08T10:18:46+00:00","mainEntityOfPage":{"@id":"https:\/\/www.meydan.tv\/az\/article\/atv-nin-kecmis-prezidenti-mehkeme-qarsisina-cixarildi-10-neferin-olumunde-ittiham-edilir\/"},"wordCount":738,"publisher":{"@id":"https:\/\/www.meydan.tv\/az\/#organization"},"image":{"@id":"https:\/\/www.meydan.tv\/az\/article\/atv-nin-kecmis-prezidenti-mehkeme-qarsisina-cixarildi-10-neferin-olumunde-ittiham-edilir\/#primaryimage"},"thumbnailUrl":"https:\/\/www.meydan.tv\/wp-content\/uploads\/photo-2024-08-08-13-58-44-e1727984532806.jpg","articleSection":["Sosial","X\u0259b\u0259rl\u0259r"],"inLanguage":"az"},{"@type":"WebPage","@id":"https:\/\/www.meydan.tv\/az\/article\/atv-nin-kecmis-prezidenti-mehkeme-qarsisina-cixarildi-10-neferin-olumunde-ittiham-edilir\/","url":"https:\/\/www.meydan.tv\/az\/article\/atv-nin-kecmis-prezidenti-mehkeme-qarsisina-cixarildi-10-neferin-olumunde-ittiham-edilir\/","name":"ATV-nin ke\u00e7mi\u015f prezidenti m\u0259hk\u0259m\u0259 qar\u015f\u0131s\u0131na \u00e7\u0131xar\u0131ld\u0131: 10 n\u0259f\u0259rin \u00f6l\u00fcm\u00fcnd\u0259 ittiham edilir - MEYDAN.TV","isPartOf":{"@id":"https:\/\/www.meydan.tv\/az\/#website"},"primaryImageOfPage":{"@id":"https:\/\/www.meydan.tv\/az\/article\/atv-nin-kecmis-prezidenti-mehkeme-qarsisina-cixarildi-10-neferin-olumunde-ittiham-edilir\/#primaryimage"},"image":{"@id":"https:\/\/www.meydan.tv\/az\/article\/atv-nin-kecmis-prezidenti-mehkeme-qarsisina-cixarildi-10-neferin-olumunde-ittiham-edilir\/#primaryimage"},"thumbnailUrl":"https:\/\/www.meydan.tv\/wp-content\/uploads\/photo-2024-08-08-13-58-44-e1727984532806.jpg","datePublished":"2024-08-08T10:18:44+00:00","dateModified":"2024-08-08T10:18:46+00:00","description":"Ta\u011f\u0131 \u0130brahimov Diasporla \u0130\u015f \u00fczr\u0259 D\u00f6vl\u0259t Komit\u0259sinin ke\u00e7mi\u015f s\u0259dri Nazim \u0130brahimov, \u201cAvesta\u201d \u015firk\u0259tinin sabiq prezidenti Hac\u0131 \u0130brahim Nehr\u0259mlinin qarda\u015f\u0131d\u0131r.","breadcrumb":{"@id":"https:\/\/www.meydan.tv\/az\/article\/atv-nin-kecmis-prezidenti-mehkeme-qarsisina-cixarildi-10-neferin-olumunde-ittiham-edilir\/#breadcrumb"},"inLanguage":"az","potentialAction":[{"@type":"ReadAction","target":["https:\/\/www.meydan.tv\/az\/article\/atv-nin-kecmis-prezidenti-mehkeme-qarsisina-cixarildi-10-neferin-olumunde-ittiham-edilir\/"]}]},{"@type":"ImageObject","inLanguage":"az","@id":"https:\/\/www.meydan.tv\/az\/article\/atv-nin-kecmis-prezidenti-mehkeme-qarsisina-cixarildi-10-neferin-olumunde-ittiham-edilir\/#primaryimage","url":"https:\/\/www.meydan.tv\/wp-content\/uploads\/photo-2024-08-08-13-58-44-e1727984532806.jpg","contentUrl":"https:\/\/www.meydan.tv\/wp-content\/uploads\/photo-2024-08-08-13-58-44-e1727984532806.jpg","width":1200,"height":570,"caption":"Ta\u011f\u0131 \u0130brahimov m\u0259hk\u0259m\u0259 qar\u015f\u0131s\u0131nda (sa\u011fda). Foto: Meydan TV"},{"@type":"BreadcrumbList","@id":"https:\/\/www.meydan.tv\/az\/article\/atv-nin-kecmis-prezidenti-mehkeme-qarsisina-cixarildi-10-neferin-olumunde-ittiham-edilir\/#breadcrumb","itemListElement":[{"@type":"ListItem","position":1,"name":"Ana s\u0259hif\u0259","item":"https:\/\/www.meydan.tv\/az\/"},{"@type":"ListItem","position":2,"name":"X\u0259b\u0259rl\u0259r","item":"https:\/\/www.meydan.tv\/az\/section\/xeberler\/"},{"@type":"ListItem","position":3,"name":"ATV-nin ke\u00e7mi\u015f prezidenti m\u0259hk\u0259m\u0259 qar\u015f\u0131s\u0131na \u00e7\u0131xar\u0131ld\u0131: 10 n\u0259f\u0259rin \u00f6l\u00fcm\u00fcnd\u0259 ittiham edilir"}]},{"@type":"WebSite","@id":"https:\/\/www.meydan.tv\/az\/#website","url":"https:\/\/www.meydan.tv\/az\/","name":"MEYDAN.TV","description":"Meydan TV Az\u0259rbaycan\u0131n media m\u0259kan\u0131ndak\u0131 alternativ s\u0259sidir","publisher":{"@id":"https:\/\/www.meydan.tv\/az\/#organization"},"potentialAction":[{"@type":"SearchAction","target":{"@type":"EntryPoint","urlTemplate":"https:\/\/www.meydan.tv\/az\/?s={search_term_string}"},"query-input":{"@type":"PropertyValueSpecification","valueRequired":true,"valueName":"search_term_string"}}],"inLanguage":"az"},{"@type":"Organization","@id":"https:\/\/www.meydan.tv\/az\/#organization","name":"Meydan TV","url":"https:\/\/www.meydan.tv\/az\/","logo":{"@type":"ImageObject","inLanguage":"az","@id":"https:\/\/www.meydan.tv\/az\/#\/schema\/logo\/image\/","url":"https:\/\/www.meydan.tv\/wp-content\/uploads\/2021\/07\/meydan-logo.svg","contentUrl":"https:\/\/www.meydan.tv\/wp-content\/uploads\/2021\/07\/meydan-logo.svg","width":195,"height":46,"caption":"Meydan TV"},"image":{"@id":"https:\/\/www.meydan.tv\/az\/#\/schema\/logo\/image\/"}},{"@type":"Person","@id":"https:\/\/www.meydan.tv\/az\/#\/schema\/person\/9cdbecf90d17180ce1dfbd95b08dcf47","name":"elli","sameAs":["https:\/\/x.com\/elli"]}]}},"_links":{"self":[{"href":"https:\/\/www.meydan.tv\/az\/wp-json\/wp\/v2\/posts\/312491","targetHints":{"allow":["GET"]}}],"collection":[{"href":"https:\/\/www.meydan.tv\/az\/wp-json\/wp\/v2\/posts"}],"about":[{"href":"https:\/\/www.meydan.tv\/az\/wp-json\/wp\/v2\/types\/post"}],"author":[{"embeddable":true,"href":"https:\/\/www.meydan.tv\/az\/wp-json\/wp\/v2\/users\/8"}],"replies":[{"embeddable":true,"href":"https:\/\/www.meydan.tv\/az\/wp-json\/wp\/v2\/comments?post=312491"}],"version-history":[{"count":2,"href":"https:\/\/www.meydan.tv\/az\/wp-json\/wp\/v2\/posts\/312491\/revisions"}],"predecessor-version":[{"id":312496,"href":"https:\/\/www.meydan.tv\/az\/wp-json\/wp\/v2\/posts\/312491\/revisions\/312496"}],"wp:featuredmedia":[{"embeddable":true,"href":"https:\/\/www.meydan.tv\/az\/wp-json\/wp\/v2\/media\/312493"}],"wp:attachment":[{"href":"https:\/\/www.meydan.tv\/az\/wp-json\/wp\/v2\/media?parent=312491"}],"wp:term":[{"taxonomy":"category","embeddable":true,"href":"https:\/\/www.meydan.tv\/az\/wp-json\/wp\/v2\/categories?post=312491"},{"taxonomy":"post_tag","embeddable":true,"href":"https:\/\/www.meydan.tv\/az\/wp-json\/wp\/v2\/tags?post=312491"}],"curies":[{"name":"wp","href":"https:\/\/api.w.org\/{rel}","templated":true}]}}