{"id":312474,"date":"2024-08-08T00:13:23","date_gmt":"2024-08-07T20:13:23","guid":{"rendered":"https:\/\/www.meydan.tv\/?p=312474"},"modified":"2024-08-08T10:37:40","modified_gmt":"2024-08-08T06:37:40","slug":"ermenistan-xin-kommunikasiyalara-dair-maddenin-sulh-muqavilesinden-cixarildigini-tesdiqleyib","status":"publish","type":"post","link":"https:\/\/www.meydan.tv\/az\/article\/ermenistan-xin-kommunikasiyalara-dair-maddenin-sulh-muqavilesinden-cixarildigini-tesdiqleyib\/","title":{"rendered":"Erm\u0259nistan X\u0130N kommunikasiyalara dair madd\u0259nin s\u00fclh m\u00fcqavil\u0259sind\u0259n \u00e7\u0131xar\u0131ld\u0131\u011f\u0131n\u0131 t\u0259sdiql\u0259yib"},"content":{"rendered":"\n<p><\/p>\n\n\n\n<p><em><strong>Ani Badalyan qar\u015f\u0131l\u0131ql\u0131 raz\u0131la\u015fma il\u0259 buna q\u0259rar verildiyini deyib<\/strong><\/em><\/p>\n\n\n\n<p>Erm\u0259nistan Xarici \u0130\u015fl\u0259r Nazirliyi regional kommunikasiyalara dair madd\u0259nin qar\u015f\u0131l\u0131ql\u0131 raz\u0131la\u015fma \u0259sas\u0131nda s\u00fclh m\u00fcqavil\u0259si layih\u0259sind\u0259n \u00e7\u0131xar\u0131ld\u0131\u011f\u0131 il\u0259 ba\u011fl\u0131 r\u0259smi Bak\u0131n\u0131n b\u0259yanat\u0131n\u0131 t\u0259sdiql\u0259yib. Bu bar\u0259d\u0259 avqustun 7-d\u0259 Erm\u0259nistan Xarici \u0130\u015fl\u0259r Nazirliyinin m\u0259tbuat xidm\u0259tinin r\u0259hb\u0259ri Ani Badalyan dan\u0131\u015f\u0131b.<\/p>\n\n\n\n<p>Bir ne\u00e7\u0259 g\u00fcn \u0259vv\u0259l Az\u0259rbaycan Prezidentinin x\u00fcsusi tap\u015f\u0131r\u0131qlar \u00fczr\u0259 n\u00fcmay\u0259nd\u0259si El\u00e7in \u018fmirb\u0259yov bildirmi\u015fdi ki, qar\u015f\u0131l\u0131ql\u0131 raz\u0131l\u0131\u011fa \u0259sas\u0259n, bu b\u0259ndi (kommunikasiyalar\u0131n blokdan \u00e7\u0131xar\u0131lmas\u0131) s\u00fclh sazi\u015find\u0259n \u00e7\u0131xarmaq v\u0259 m\u00fczakir\u0259ni sonrak\u0131 m\u0259rh\u0259l\u0259y\u0259 ke\u00e7irm\u0259k q\u0259rar\u0131na g\u0259libl\u0259r. Ani Badalyan deyib ki, bu raz\u0131la\u015fma say\u0259sind\u0259 kommunikasiyalar\u0131n a\u00e7\u0131lmas\u0131 Erm\u0259nistan\u0131n suverenlik, yurisdiksiya, qar\u015f\u0131l\u0131ql\u0131l\u0131q v\u0259 b\u0259rab\u0259rliy\u0259 \u0259saslanan \u201cD\u00fcnyan\u0131n k\u0259si\u015fm\u0259si\u201d proqram\u0131nda \u00f6z \u0259ksini tapm\u0131\u015f s\u00fclh v\u0259 iqtisadi inki\u015fafa dair bax\u0131\u015f\u0131n\u0131n m\u00fch\u00fcm hiss\u0259si olmaqda <a href=\"https:\/\/news.am\/rus\/news\/837393.html\" target=\"_blank\" rel=\"noreferrer noopener\">davam edir<\/a>.<\/p>\n\n\n\n<p>\u0130yulun 25-d\u0259 Erm\u0259nistan Xarici \u0130\u015fl\u0259r Nazirliyinin m\u0259tbuat katibi Ani Badalyan yerli mediaya <a href=\"https:\/\/www.meydan.tv\/az\/article\/ermenistan-xin-sulh-muqavilesi-ile-bagli-cavab-paketi-hazirlandigini-deyir\/\" target=\"_blank\" rel=\"noreferrer noopener\">bildirmi\u015fdi<\/a> ki, \u00f6lk\u0259sinin s\u00fclh m\u00fcqavil\u0259si il\u0259 ba\u011fl\u0131 cavab t\u0259klifl\u0259ri haz\u0131rl\u0131q m\u0259rh\u0259l\u0259sind\u0259dir: <\/p>\n\n\n\n<p>\u201c<em>Erm\u0259nistan art\u0131q s\u0259sl\u0259ndiril\u0259n v\u0259 t\u0259qdim olunan fundamental m\u00fcdd\u0259alara uy\u011fun olaraq, sazi\u015fi m\u00fcmk\u00fcn q\u0259d\u0259r tez imzalama\u011fa haz\u0131rd\u0131r<\/em>\u201d.<\/p>\n\n\n\n<p>Erm\u0259nistan iyun ay\u0131nda Az\u0259rbaycandan s\u00fclh m\u00fcqavil\u0259si layih\u0259si il\u0259 ba\u011fl\u0131 10-cu t\u0259klifl\u0259r paketini al\u0131b.<\/p>\n\n\n\n<p>\u0130yulun 20-d\u0259 Az\u0259rbaycan\u0131n Prezidenti \u0130lham \u018fliyev bildirmi\u015fdi ki, s\u00fclh sazi\u015finin m\u0259tninin 80-90 faizi raz\u0131la\u015fd\u0131r\u0131l\u0131b: <\/p>\n\n\n\n<p><em>\u201cErm\u0259nistan h\u0259min o m\u00fcdd\u0259an\u0131 v\u0259 terminologiyan\u0131 (Qaraba\u011fla ba\u011fl\u0131 \u2013 red.) oradan g\u00f6t\u00fcrm\u0259y\u0259 raz\u0131 oldu v\u0259 bel\u0259likl\u0259, normalla\u015fma prosesind\u0259 ir\u0259lil\u0259yi\u015f ba\u015f verir\u201d<\/em>. <\/p>\n\n\n\n<p>Amma \u0130.\u018fliyev iki m\u0259s\u0259l\u0259nin h\u0259l\u0259 a\u00e7\u0131q qald\u0131\u011f\u0131n\u0131 \u0259lav\u0259 etmi\u015fdi:<\/p>\n\n\n\n<p>\u201c<em>Onlardan biri odur ki, Erm\u0259nistan bizim t\u0259klifl\u0259r\u0259 m\u00fcsb\u0259t cavab verm\u0259lidir. \u0130kincisi, h\u0259m Erm\u0259nistan, h\u0259m Az\u0259rbaycan birg\u0259 AT\u018fT-\u0259 m\u00fcraci\u0259t etsin ki, Minsk Qrupu l\u0259\u011fv edilsin. \u00c7\u00fcnki bu qrup art\u0131q uzun m\u00fcdd\u0259tdir f\u0259aliyy\u0259tsizdir<\/em>\u201d. <\/p>\n\n\n\n<p>2020-ci ild\u0259 Qaraba\u011fda apar\u0131lan 44 g\u00fcnl\u00fck m\u00fcharib\u0259 n\u0259tic\u0259sind\u0259 Az\u0259rbaycan i\u015f\u011fal olunmu\u015f \u0259razil\u0259rinin b\u00f6y\u00fck hiss\u0259sind\u0259 n\u0259zar\u0259ti b\u0259rpa edib. 2023-c\u00fc ild\u0259 is\u0259 apard\u0131\u011f\u0131 h\u0259rbi \u0259m\u0259liyyatlarla \u0259razini tam n\u0259zar\u0259t\u0259 g\u00f6t\u00fcr\u00fcb. Ondan sonra Az\u0259rbaycan v\u0259 Erm\u0259nistan aras\u0131nda ged\u0259n s\u00fclh dan\u0131\u015f\u0131qlar\u0131 fonunda b\u0259zi \u0259razil\u0259rd\u0259 s\u0259rh\u0259dl\u0259rin delimitasiyas\u0131 prosesi h\u0259yata ke\u00e7irilib. Haz\u0131rda bu sah\u0259d\u0259 dan\u0131\u015f\u0131qlar davam edir. Bu dan\u0131\u015f\u0131qlarda is\u0259 h\u0259m AB\u015e, Avropa \u0130ttifaq\u0131, h\u0259m d\u0259 Rusiya vasit\u0259\u00e7ilik edir. Ancaq t\u0259r\u0259fl\u0259r aras\u0131nda h\u0259l\u0259 d\u0259 s\u00fclh m\u00fcqavil\u0259si imzalanmay\u0131b.<\/p>\n","protected":false},"excerpt":{"rendered":"<p>Ani Badalyan qar\u015f\u0131l\u0131ql\u0131 raz\u0131la\u015fma il\u0259 buna q\u0259rar verildiyini deyib Erm\u0259nistan &#8230; <\/p>\n<p class=\"read-more-container\"><a title=\"Erm\u0259nistan X\u0130N kommunikasiyalara dair madd\u0259nin s\u00fclh m\u00fcqavil\u0259sind\u0259n \u00e7\u0131xar\u0131ld\u0131\u011f\u0131n\u0131 t\u0259sdiql\u0259yib\" class=\"read-more button\" href=\"https:\/\/www.meydan.tv\/az\/article\/ermenistan-xin-kommunikasiyalara-dair-maddenin-sulh-muqavilesinden-cixarildigini-tesdiqleyib\/#more-312474\" aria-label=\"Read more about Erm\u0259nistan X\u0130N kommunikasiyalara dair madd\u0259nin s\u00fclh m\u00fcqavil\u0259sind\u0259n \u00e7\u0131xar\u0131ld\u0131\u011f\u0131n\u0131 t\u0259sdiql\u0259yib\">Davam\u0131<\/a><\/p>\n","protected":false},"author":13,"featured_media":231440,"comment_status":"closed","ping_status":"closed","sticky":false,"template":"","format":"standard","meta":{"_acf_changed":false,"_sitemap_exclude":false,"_sitemap_priority":"","_sitemap_frequency":"","footnotes":""},"categories":[59,56],"tags":[],"class_list":["post-312474","post","type-post","status-publish","format-standard","has-post-thumbnail","hentry","category-siyaset","category-xeberler","infinite-scroll-item","generate-columns","tablet-grid-50","mobile-grid-100","grid-parent","grid-33","no-featured-image-padding"],"acf":[],"yoast_head":"<!-- This site is optimized with the Yoast SEO plugin v27.4 - https:\/\/yoast.com\/product\/yoast-seo-wordpress\/ -->\n<title>Erm\u0259nistan X\u0130N kommunikasiyalara dair madd\u0259nin s\u00fclh m\u00fcqavil\u0259sind\u0259n \u00e7\u0131xar\u0131ld\u0131\u011f\u0131n\u0131 t\u0259sdiql\u0259yib - MEYDAN.TV<\/title>\n<meta name=\"description\" content=\"regional kommunikasiyalara dair madd\u0259nin s\u00fclh m\u00fcqavil\u0259si layih\u0259sind\u0259n \u00e7\u0131xar\u0131ld\u0131\u011f\u0131 il\u0259 ba\u011fl\u0131 r\u0259smi Bak\u0131n\u0131n b\u0259yanat\u0131 t\u0259sdiql\u0259nib\" \/>\n<meta name=\"robots\" content=\"index, follow, max-snippet:-1, max-image-preview:large, max-video-preview:-1\" \/>\n<link rel=\"canonical\" href=\"https:\/\/www.meydan.tv\/az\/article\/ermenistan-xin-kommunikasiyalara-dair-maddenin-sulh-muqavilesinden-cixarildigini-tesdiqleyib\/\" \/>\n<meta property=\"og:locale\" content=\"az_AZ\" \/>\n<meta property=\"og:type\" content=\"article\" \/>\n<meta property=\"og:title\" content=\"Erm\u0259nistan X\u0130N kommunikasiyalara dair madd\u0259nin s\u00fclh m\u00fcqavil\u0259sind\u0259n \u00e7\u0131xar\u0131ld\u0131\u011f\u0131n\u0131 t\u0259sdiql\u0259yib - MEYDAN.TV\" \/>\n<meta property=\"og:description\" content=\"regional kommunikasiyalara dair madd\u0259nin s\u00fclh m\u00fcqavil\u0259si layih\u0259sind\u0259n \u00e7\u0131xar\u0131ld\u0131\u011f\u0131 il\u0259 ba\u011fl\u0131 r\u0259smi Bak\u0131n\u0131n b\u0259yanat\u0131 t\u0259sdiql\u0259nib\" \/>\n<meta property=\"og:url\" content=\"https:\/\/www.meydan.tv\/az\/article\/ermenistan-xin-kommunikasiyalara-dair-maddenin-sulh-muqavilesinden-cixarildigini-tesdiqleyib\/\" \/>\n<meta property=\"og:site_name\" content=\"MEYDAN.TV\" \/>\n<meta property=\"article:published_time\" content=\"2024-08-07T20:13:23+00:00\" \/>\n<meta property=\"article:modified_time\" content=\"2024-08-08T06:37:40+00:00\" \/>\n<meta property=\"og:image\" content=\"https:\/\/www.meydan.tv\/wp-content\/uploads\/shutterstock_1775183870-1.jpg\" \/>\n\t<meta property=\"og:image:width\" content=\"1200\" \/>\n\t<meta property=\"og:image:height\" content=\"800\" \/>\n\t<meta property=\"og:image:type\" content=\"image\/jpeg\" \/>\n<meta name=\"author\" content=\"meri\" \/>\n<meta name=\"twitter:card\" content=\"summary_large_image\" \/>\n<script type=\"application\/ld+json\" class=\"yoast-schema-graph\">{\"@context\":\"https:\\\/\\\/schema.org\",\"@graph\":[{\"@type\":\"Article\",\"@id\":\"https:\\\/\\\/www.meydan.tv\\\/az\\\/article\\\/ermenistan-xin-kommunikasiyalara-dair-maddenin-sulh-muqavilesinden-cixarildigini-tesdiqleyib\\\/#article\",\"isPartOf\":{\"@id\":\"https:\\\/\\\/www.meydan.tv\\\/az\\\/article\\\/ermenistan-xin-kommunikasiyalara-dair-maddenin-sulh-muqavilesinden-cixarildigini-tesdiqleyib\\\/\"},\"author\":{\"name\":\"meri\",\"@id\":\"https:\\\/\\\/www.meydan.tv\\\/az\\\/#\\\/schema\\\/person\\\/f5399057f0b7fa223fa6c9b7c3321968\"},\"headline\":\"Erm\u0259nistan X\u0130N kommunikasiyalara dair madd\u0259nin s\u00fclh m\u00fcqavil\u0259sind\u0259n \u00e7\u0131xar\u0131ld\u0131\u011f\u0131n\u0131 t\u0259sdiql\u0259yib\",\"datePublished\":\"2024-08-07T20:13:23+00:00\",\"dateModified\":\"2024-08-08T06:37:40+00:00\",\"mainEntityOfPage\":{\"@id\":\"https:\\\/\\\/www.meydan.tv\\\/az\\\/article\\\/ermenistan-xin-kommunikasiyalara-dair-maddenin-sulh-muqavilesinden-cixarildigini-tesdiqleyib\\\/\"},\"wordCount\":566,\"publisher\":{\"@id\":\"https:\\\/\\\/www.meydan.tv\\\/az\\\/#organization\"},\"image\":{\"@id\":\"https:\\\/\\\/www.meydan.tv\\\/az\\\/article\\\/ermenistan-xin-kommunikasiyalara-dair-maddenin-sulh-muqavilesinden-cixarildigini-tesdiqleyib\\\/#primaryimage\"},\"thumbnailUrl\":\"https:\\\/\\\/www.meydan.tv\\\/wp-content\\\/uploads\\\/shutterstock_1775183870-1.jpg\",\"articleSection\":[\"Siyas\u0259t\",\"X\u0259b\u0259rl\u0259r\"],\"inLanguage\":\"az\"},{\"@type\":\"WebPage\",\"@id\":\"https:\\\/\\\/www.meydan.tv\\\/az\\\/article\\\/ermenistan-xin-kommunikasiyalara-dair-maddenin-sulh-muqavilesinden-cixarildigini-tesdiqleyib\\\/\",\"url\":\"https:\\\/\\\/www.meydan.tv\\\/az\\\/article\\\/ermenistan-xin-kommunikasiyalara-dair-maddenin-sulh-muqavilesinden-cixarildigini-tesdiqleyib\\\/\",\"name\":\"Erm\u0259nistan X\u0130N kommunikasiyalara dair madd\u0259nin s\u00fclh m\u00fcqavil\u0259sind\u0259n \u00e7\u0131xar\u0131ld\u0131\u011f\u0131n\u0131 t\u0259sdiql\u0259yib - MEYDAN.TV\",\"isPartOf\":{\"@id\":\"https:\\\/\\\/www.meydan.tv\\\/az\\\/#website\"},\"primaryImageOfPage\":{\"@id\":\"https:\\\/\\\/www.meydan.tv\\\/az\\\/article\\\/ermenistan-xin-kommunikasiyalara-dair-maddenin-sulh-muqavilesinden-cixarildigini-tesdiqleyib\\\/#primaryimage\"},\"image\":{\"@id\":\"https:\\\/\\\/www.meydan.tv\\\/az\\\/article\\\/ermenistan-xin-kommunikasiyalara-dair-maddenin-sulh-muqavilesinden-cixarildigini-tesdiqleyib\\\/#primaryimage\"},\"thumbnailUrl\":\"https:\\\/\\\/www.meydan.tv\\\/wp-content\\\/uploads\\\/shutterstock_1775183870-1.jpg\",\"datePublished\":\"2024-08-07T20:13:23+00:00\",\"dateModified\":\"2024-08-08T06:37:40+00:00\",\"description\":\"regional kommunikasiyalara dair madd\u0259nin s\u00fclh m\u00fcqavil\u0259si layih\u0259sind\u0259n \u00e7\u0131xar\u0131ld\u0131\u011f\u0131 il\u0259 ba\u011fl\u0131 r\u0259smi Bak\u0131n\u0131n b\u0259yanat\u0131 t\u0259sdiql\u0259nib\",\"breadcrumb\":{\"@id\":\"https:\\\/\\\/www.meydan.tv\\\/az\\\/article\\\/ermenistan-xin-kommunikasiyalara-dair-maddenin-sulh-muqavilesinden-cixarildigini-tesdiqleyib\\\/#breadcrumb\"},\"inLanguage\":\"az\",\"potentialAction\":[{\"@type\":\"ReadAction\",\"target\":[\"https:\\\/\\\/www.meydan.tv\\\/az\\\/article\\\/ermenistan-xin-kommunikasiyalara-dair-maddenin-sulh-muqavilesinden-cixarildigini-tesdiqleyib\\\/\"]}]},{\"@type\":\"ImageObject\",\"inLanguage\":\"az\",\"@id\":\"https:\\\/\\\/www.meydan.tv\\\/az\\\/article\\\/ermenistan-xin-kommunikasiyalara-dair-maddenin-sulh-muqavilesinden-cixarildigini-tesdiqleyib\\\/#primaryimage\",\"url\":\"https:\\\/\\\/www.meydan.tv\\\/wp-content\\\/uploads\\\/shutterstock_1775183870-1.jpg\",\"contentUrl\":\"https:\\\/\\\/www.meydan.tv\\\/wp-content\\\/uploads\\\/shutterstock_1775183870-1.jpg\",\"width\":1200,\"height\":800,\"caption\":\"Az\u0259rbaycan-Erm\u0259nistan, Andrii Anna photographers\\\/Shutterstock\"},{\"@type\":\"BreadcrumbList\",\"@id\":\"https:\\\/\\\/www.meydan.tv\\\/az\\\/article\\\/ermenistan-xin-kommunikasiyalara-dair-maddenin-sulh-muqavilesinden-cixarildigini-tesdiqleyib\\\/#breadcrumb\",\"itemListElement\":[{\"@type\":\"ListItem\",\"position\":1,\"name\":\"Ana s\u0259hif\u0259\",\"item\":\"https:\\\/\\\/www.meydan.tv\\\/az\\\/\"},{\"@type\":\"ListItem\",\"position\":2,\"name\":\"Siyas\u0259t\",\"item\":\"https:\\\/\\\/www.meydan.tv\\\/az\\\/section\\\/siyaset\\\/\"},{\"@type\":\"ListItem\",\"position\":3,\"name\":\"Erm\u0259nistan X\u0130N kommunikasiyalara dair madd\u0259nin s\u00fclh m\u00fcqavil\u0259sind\u0259n \u00e7\u0131xar\u0131ld\u0131\u011f\u0131n\u0131 t\u0259sdiql\u0259yib\"}]},{\"@type\":\"WebSite\",\"@id\":\"https:\\\/\\\/www.meydan.tv\\\/az\\\/#website\",\"url\":\"https:\\\/\\\/www.meydan.tv\\\/az\\\/\",\"name\":\"MEYDAN.TV\",\"description\":\"Meydan TV Az\u0259rbaycan\u0131n media m\u0259kan\u0131ndak\u0131 alternativ s\u0259sidir\",\"publisher\":{\"@id\":\"https:\\\/\\\/www.meydan.tv\\\/az\\\/#organization\"},\"potentialAction\":[{\"@type\":\"SearchAction\",\"target\":{\"@type\":\"EntryPoint\",\"urlTemplate\":\"https:\\\/\\\/www.meydan.tv\\\/az\\\/?s={search_term_string}\"},\"query-input\":{\"@type\":\"PropertyValueSpecification\",\"valueRequired\":true,\"valueName\":\"search_term_string\"}}],\"inLanguage\":\"az\"},{\"@type\":\"Organization\",\"@id\":\"https:\\\/\\\/www.meydan.tv\\\/az\\\/#organization\",\"name\":\"Meydan TV\",\"url\":\"https:\\\/\\\/www.meydan.tv\\\/az\\\/\",\"logo\":{\"@type\":\"ImageObject\",\"inLanguage\":\"az\",\"@id\":\"https:\\\/\\\/www.meydan.tv\\\/az\\\/#\\\/schema\\\/logo\\\/image\\\/\",\"url\":\"https:\\\/\\\/www.meydan.tv\\\/wp-content\\\/uploads\\\/2021\\\/07\\\/meydan-logo.svg\",\"contentUrl\":\"https:\\\/\\\/www.meydan.tv\\\/wp-content\\\/uploads\\\/2021\\\/07\\\/meydan-logo.svg\",\"width\":195,\"height\":46,\"caption\":\"Meydan TV\"},\"image\":{\"@id\":\"https:\\\/\\\/www.meydan.tv\\\/az\\\/#\\\/schema\\\/logo\\\/image\\\/\"}},{\"@type\":\"Person\",\"@id\":\"https:\\\/\\\/www.meydan.tv\\\/az\\\/#\\\/schema\\\/person\\\/f5399057f0b7fa223fa6c9b7c3321968\",\"name\":\"meri\"}]}<\/script>\n<!-- \/ Yoast SEO plugin. -->","yoast_head_json":{"title":"Erm\u0259nistan X\u0130N kommunikasiyalara dair madd\u0259nin s\u00fclh m\u00fcqavil\u0259sind\u0259n \u00e7\u0131xar\u0131ld\u0131\u011f\u0131n\u0131 t\u0259sdiql\u0259yib - MEYDAN.TV","description":"regional kommunikasiyalara dair madd\u0259nin s\u00fclh m\u00fcqavil\u0259si layih\u0259sind\u0259n \u00e7\u0131xar\u0131ld\u0131\u011f\u0131 il\u0259 ba\u011fl\u0131 r\u0259smi Bak\u0131n\u0131n b\u0259yanat\u0131 t\u0259sdiql\u0259nib","robots":{"index":"index","follow":"follow","max-snippet":"max-snippet:-1","max-image-preview":"max-image-preview:large","max-video-preview":"max-video-preview:-1"},"canonical":"https:\/\/www.meydan.tv\/az\/article\/ermenistan-xin-kommunikasiyalara-dair-maddenin-sulh-muqavilesinden-cixarildigini-tesdiqleyib\/","og_locale":"az_AZ","og_type":"article","og_title":"Erm\u0259nistan X\u0130N kommunikasiyalara dair madd\u0259nin s\u00fclh m\u00fcqavil\u0259sind\u0259n \u00e7\u0131xar\u0131ld\u0131\u011f\u0131n\u0131 t\u0259sdiql\u0259yib - MEYDAN.TV","og_description":"regional kommunikasiyalara dair madd\u0259nin s\u00fclh m\u00fcqavil\u0259si layih\u0259sind\u0259n \u00e7\u0131xar\u0131ld\u0131\u011f\u0131 il\u0259 ba\u011fl\u0131 r\u0259smi Bak\u0131n\u0131n b\u0259yanat\u0131 t\u0259sdiql\u0259nib","og_url":"https:\/\/www.meydan.tv\/az\/article\/ermenistan-xin-kommunikasiyalara-dair-maddenin-sulh-muqavilesinden-cixarildigini-tesdiqleyib\/","og_site_name":"MEYDAN.TV","article_published_time":"2024-08-07T20:13:23+00:00","article_modified_time":"2024-08-08T06:37:40+00:00","og_image":[{"width":1200,"height":800,"url":"https:\/\/www.meydan.tv\/wp-content\/uploads\/shutterstock_1775183870-1.jpg","type":"image\/jpeg"}],"author":"meri","twitter_card":"summary_large_image","schema":{"@context":"https:\/\/schema.org","@graph":[{"@type":"Article","@id":"https:\/\/www.meydan.tv\/az\/article\/ermenistan-xin-kommunikasiyalara-dair-maddenin-sulh-muqavilesinden-cixarildigini-tesdiqleyib\/#article","isPartOf":{"@id":"https:\/\/www.meydan.tv\/az\/article\/ermenistan-xin-kommunikasiyalara-dair-maddenin-sulh-muqavilesinden-cixarildigini-tesdiqleyib\/"},"author":{"name":"meri","@id":"https:\/\/www.meydan.tv\/az\/#\/schema\/person\/f5399057f0b7fa223fa6c9b7c3321968"},"headline":"Erm\u0259nistan X\u0130N kommunikasiyalara dair madd\u0259nin s\u00fclh m\u00fcqavil\u0259sind\u0259n \u00e7\u0131xar\u0131ld\u0131\u011f\u0131n\u0131 t\u0259sdiql\u0259yib","datePublished":"2024-08-07T20:13:23+00:00","dateModified":"2024-08-08T06:37:40+00:00","mainEntityOfPage":{"@id":"https:\/\/www.meydan.tv\/az\/article\/ermenistan-xin-kommunikasiyalara-dair-maddenin-sulh-muqavilesinden-cixarildigini-tesdiqleyib\/"},"wordCount":566,"publisher":{"@id":"https:\/\/www.meydan.tv\/az\/#organization"},"image":{"@id":"https:\/\/www.meydan.tv\/az\/article\/ermenistan-xin-kommunikasiyalara-dair-maddenin-sulh-muqavilesinden-cixarildigini-tesdiqleyib\/#primaryimage"},"thumbnailUrl":"https:\/\/www.meydan.tv\/wp-content\/uploads\/shutterstock_1775183870-1.jpg","articleSection":["Siyas\u0259t","X\u0259b\u0259rl\u0259r"],"inLanguage":"az"},{"@type":"WebPage","@id":"https:\/\/www.meydan.tv\/az\/article\/ermenistan-xin-kommunikasiyalara-dair-maddenin-sulh-muqavilesinden-cixarildigini-tesdiqleyib\/","url":"https:\/\/www.meydan.tv\/az\/article\/ermenistan-xin-kommunikasiyalara-dair-maddenin-sulh-muqavilesinden-cixarildigini-tesdiqleyib\/","name":"Erm\u0259nistan X\u0130N kommunikasiyalara dair madd\u0259nin s\u00fclh m\u00fcqavil\u0259sind\u0259n \u00e7\u0131xar\u0131ld\u0131\u011f\u0131n\u0131 t\u0259sdiql\u0259yib - MEYDAN.TV","isPartOf":{"@id":"https:\/\/www.meydan.tv\/az\/#website"},"primaryImageOfPage":{"@id":"https:\/\/www.meydan.tv\/az\/article\/ermenistan-xin-kommunikasiyalara-dair-maddenin-sulh-muqavilesinden-cixarildigini-tesdiqleyib\/#primaryimage"},"image":{"@id":"https:\/\/www.meydan.tv\/az\/article\/ermenistan-xin-kommunikasiyalara-dair-maddenin-sulh-muqavilesinden-cixarildigini-tesdiqleyib\/#primaryimage"},"thumbnailUrl":"https:\/\/www.meydan.tv\/wp-content\/uploads\/shutterstock_1775183870-1.jpg","datePublished":"2024-08-07T20:13:23+00:00","dateModified":"2024-08-08T06:37:40+00:00","description":"regional kommunikasiyalara dair madd\u0259nin s\u00fclh m\u00fcqavil\u0259si layih\u0259sind\u0259n \u00e7\u0131xar\u0131ld\u0131\u011f\u0131 il\u0259 ba\u011fl\u0131 r\u0259smi Bak\u0131n\u0131n b\u0259yanat\u0131 t\u0259sdiql\u0259nib","breadcrumb":{"@id":"https:\/\/www.meydan.tv\/az\/article\/ermenistan-xin-kommunikasiyalara-dair-maddenin-sulh-muqavilesinden-cixarildigini-tesdiqleyib\/#breadcrumb"},"inLanguage":"az","potentialAction":[{"@type":"ReadAction","target":["https:\/\/www.meydan.tv\/az\/article\/ermenistan-xin-kommunikasiyalara-dair-maddenin-sulh-muqavilesinden-cixarildigini-tesdiqleyib\/"]}]},{"@type":"ImageObject","inLanguage":"az","@id":"https:\/\/www.meydan.tv\/az\/article\/ermenistan-xin-kommunikasiyalara-dair-maddenin-sulh-muqavilesinden-cixarildigini-tesdiqleyib\/#primaryimage","url":"https:\/\/www.meydan.tv\/wp-content\/uploads\/shutterstock_1775183870-1.jpg","contentUrl":"https:\/\/www.meydan.tv\/wp-content\/uploads\/shutterstock_1775183870-1.jpg","width":1200,"height":800,"caption":"Az\u0259rbaycan-Erm\u0259nistan, Andrii Anna photographers\/Shutterstock"},{"@type":"BreadcrumbList","@id":"https:\/\/www.meydan.tv\/az\/article\/ermenistan-xin-kommunikasiyalara-dair-maddenin-sulh-muqavilesinden-cixarildigini-tesdiqleyib\/#breadcrumb","itemListElement":[{"@type":"ListItem","position":1,"name":"Ana s\u0259hif\u0259","item":"https:\/\/www.meydan.tv\/az\/"},{"@type":"ListItem","position":2,"name":"Siyas\u0259t","item":"https:\/\/www.meydan.tv\/az\/section\/siyaset\/"},{"@type":"ListItem","position":3,"name":"Erm\u0259nistan X\u0130N kommunikasiyalara dair madd\u0259nin s\u00fclh m\u00fcqavil\u0259sind\u0259n \u00e7\u0131xar\u0131ld\u0131\u011f\u0131n\u0131 t\u0259sdiql\u0259yib"}]},{"@type":"WebSite","@id":"https:\/\/www.meydan.tv\/az\/#website","url":"https:\/\/www.meydan.tv\/az\/","name":"MEYDAN.TV","description":"Meydan TV Az\u0259rbaycan\u0131n media m\u0259kan\u0131ndak\u0131 alternativ s\u0259sidir","publisher":{"@id":"https:\/\/www.meydan.tv\/az\/#organization"},"potentialAction":[{"@type":"SearchAction","target":{"@type":"EntryPoint","urlTemplate":"https:\/\/www.meydan.tv\/az\/?s={search_term_string}"},"query-input":{"@type":"PropertyValueSpecification","valueRequired":true,"valueName":"search_term_string"}}],"inLanguage":"az"},{"@type":"Organization","@id":"https:\/\/www.meydan.tv\/az\/#organization","name":"Meydan TV","url":"https:\/\/www.meydan.tv\/az\/","logo":{"@type":"ImageObject","inLanguage":"az","@id":"https:\/\/www.meydan.tv\/az\/#\/schema\/logo\/image\/","url":"https:\/\/www.meydan.tv\/wp-content\/uploads\/2021\/07\/meydan-logo.svg","contentUrl":"https:\/\/www.meydan.tv\/wp-content\/uploads\/2021\/07\/meydan-logo.svg","width":195,"height":46,"caption":"Meydan TV"},"image":{"@id":"https:\/\/www.meydan.tv\/az\/#\/schema\/logo\/image\/"}},{"@type":"Person","@id":"https:\/\/www.meydan.tv\/az\/#\/schema\/person\/f5399057f0b7fa223fa6c9b7c3321968","name":"meri"}]}},"_links":{"self":[{"href":"https:\/\/www.meydan.tv\/az\/wp-json\/wp\/v2\/posts\/312474","targetHints":{"allow":["GET"]}}],"collection":[{"href":"https:\/\/www.meydan.tv\/az\/wp-json\/wp\/v2\/posts"}],"about":[{"href":"https:\/\/www.meydan.tv\/az\/wp-json\/wp\/v2\/types\/post"}],"author":[{"embeddable":true,"href":"https:\/\/www.meydan.tv\/az\/wp-json\/wp\/v2\/users\/13"}],"replies":[{"embeddable":true,"href":"https:\/\/www.meydan.tv\/az\/wp-json\/wp\/v2\/comments?post=312474"}],"version-history":[{"count":3,"href":"https:\/\/www.meydan.tv\/az\/wp-json\/wp\/v2\/posts\/312474\/revisions"}],"predecessor-version":[{"id":312477,"href":"https:\/\/www.meydan.tv\/az\/wp-json\/wp\/v2\/posts\/312474\/revisions\/312477"}],"wp:featuredmedia":[{"embeddable":true,"href":"https:\/\/www.meydan.tv\/az\/wp-json\/wp\/v2\/media\/231440"}],"wp:attachment":[{"href":"https:\/\/www.meydan.tv\/az\/wp-json\/wp\/v2\/media?parent=312474"}],"wp:term":[{"taxonomy":"category","embeddable":true,"href":"https:\/\/www.meydan.tv\/az\/wp-json\/wp\/v2\/categories?post=312474"},{"taxonomy":"post_tag","embeddable":true,"href":"https:\/\/www.meydan.tv\/az\/wp-json\/wp\/v2\/tags?post=312474"}],"curies":[{"name":"wp","href":"https:\/\/api.w.org\/{rel}","templated":true}]}}