{"id":312456,"date":"2024-08-07T19:37:35","date_gmt":"2024-08-07T15:37:35","guid":{"rendered":"https:\/\/www.meydan.tv\/?p=312456"},"modified":"2024-08-07T23:06:28","modified_gmt":"2024-08-07T19:06:28","slug":"meyiti-tapilan-esgerlere-gore-iki-herbci-hebs-edilib","status":"publish","type":"post","link":"https:\/\/www.meydan.tv\/az\/article\/meyiti-tapilan-esgerlere-gore-iki-herbci-hebs-edilib\/","title":{"rendered":"Meyiti tap\u0131lan \u0259sg\u0259rl\u0259r\u0259 g\u00f6r\u0259 iki h\u0259rb\u00e7i h\u0259bs edilib"},"content":{"rendered":"\n<p><\/p>\n\n\n\n<p><em><strong>Onlar cinay\u0259ti t\u00f6r\u0259tm\u0259kd\u0259 t\u0259qsirli bilinibl\u0259r<\/strong><\/em><\/p>\n\n\n\n<p>Az\u0259rbaycan ordusunun h\u0259rbi qulluq\u00e7ular\u0131 F\u0259rid M\u0259mm\u0259dov v\u0259 Firdovsi Abdullayevin itkin d\u00fc\u015fm\u0259si il\u0259 ba\u011fl\u0131 cinay\u0259t i\u015fi a\u00e7\u0131l\u0131b.<\/p>\n\n\n\n<p>Bu bar\u0259d\u0259 H\u0259rbi Prokurorlu\u011fun ictimaiyy\u0259tl\u0259 \u0259laq\u0259l\u0259r \u015f\u0259b\u0259sinin m\u00fcdiri Firad \u018fliyev Meydan TV-y\u0259 a\u00e7\u0131qlama verib.<\/p>\n\n\n\n<p>Onun s\u00f6zl\u0259rin\u0259 g\u00f6r\u0259, hadis\u0259 il\u0259 ba\u011fl\u0131 Az\u0259rbaycan ortdusunun iki h\u0259rb\u00e7isi &#8211; T\u0259briz Babayev v\u0259 Taleh H\u0259m\u0259\u015f\u0259yev h\u0259bs edilib:<\/p>\n\n\n\n<p><em>\u201cT\u0259briz Babayev\u0259 Cinay\u0259t M\u0259c\u0259ll\u0259sinin 329.2.1-ci, 329.2.2-ci, 329.2.6-c\u0131 v\u0259 341.3-c\u00fc madd\u0259l\u0259ri il\u0259, Taleh H\u0259m\u0259\u015f\u0259yev\u0259 is\u0259 Cinay\u0259t M\u0259c\u0259ll\u0259sinin 341.3-c\u00fc madd\u0259si il\u0259 cinay\u0259t i\u015fi a\u00e7\u0131l\u0131b. Haz\u0131rda i\u015f bax\u0131lmas\u0131 \u00fc\u00e7\u00fcn F\u00fczuli h\u0259rbi m\u0259hk\u0259m\u0259sin\u0259 g\u00f6nd\u0259rilib\u201d.<\/em><\/p>\n\n\n<div class=\"wp-block-image\">\n<figure class=\"alignleft size-large is-resized\"><img decoding=\"async\" width=\"1022\" height=\"821\" data-src=\"https:\/\/www.meydan.tv\/wp-content\/uploads\/whatsapp-image-2024-08-07-at-18.17.43_4e6d2130-1022x821.jpg\" alt=\"\" class=\"wp-image-312459 lazyload\" style=\"--smush-placeholder-width: 1022px; --smush-placeholder-aspect-ratio: 1022\/821;width:389px;height:auto\" src=\"data:image\/svg+xml;base64,PHN2ZyB3aWR0aD0iMSIgaGVpZ2h0PSIxIiB4bWxucz0iaHR0cDovL3d3dy53My5vcmcvMjAwMC9zdmciPjwvc3ZnPg==\" \/><figcaption class=\"wp-element-caption\">Foto: Firad \u018fliyevin \u015f\u0259xsi arxivind\u0259n <\/figcaption><\/figure>\n<\/div>\n\n\n<p><em>\u201cF\u0259rid M\u0259mm\u0259dov v\u0259 Firdovsi Abdullayevin 3 mart 2022-ci il tarixd\u0259 La\u00e7\u0131n rayonu \u0259razisind\u0259 itkin d\u00fc\u015fm\u0259l\u0259ri il\u0259 \u0259laq\u0259dar Az\u0259rbaycan Respublikas\u0131 H\u0259rbi Prokurorlu\u011funun \u0130stintaq \u0130dar\u0259sind\u0259 istintaq\u0131 apar\u0131l\u0131b. Cinay\u0259t i\u015fi \u00fczr\u0259 \u201cF\u00fczuli H\u0259rbi M\u0259hk\u0259m\u0259sinin 22.09.2023-c\u00fc il tarixli h\u00f6km\u00fc il\u0259 T\u0259briz Babayev v\u0259 Taleh H\u0259m\u0259\u015f\u0259yev n\u0259z\u0259rd\u0259 tutulmu\u015f cinay\u0259t \u0259m\u0259ll\u0259rini t\u00f6r\u0259tm\u0259kd\u0259 t\u0259qsirli bilin\u0259r\u0259k m\u00fcxt\u0259lif m\u00fcdd\u0259tl\u0259rd\u0259 azadl\u0131qdan m\u0259hrumetm\u0259 c\u0259zas\u0131na m\u0259hkum edilibl\u0259r\u201d, <\/em>&#8211; dey\u0259 Firad \u018fliyev bildirib.<\/p>\n\n\n\n<p>Az\u0259rbaycan ordusunun \u0259sg\u0259rl\u0259ri F\u0259rid M\u0259mm\u0259dov v\u0259 Firdovsi Abdullayev 2022-ci ilin mart\u0131n 3-d\u0259 La\u00e7\u0131n rayonu \u0259razisind\u0259 itkin d\u00fc\u015fm\u00fc\u015fd\u00fcl\u0259r.<\/p>\n\n\n\n<p>Bir m\u00fcdd\u0259t sonra onlar\u0131n meyitl\u0259ri tap\u0131lm\u0131\u015fd\u0131.<\/p>\n","protected":false},"excerpt":{"rendered":"<p>Onlar cinay\u0259ti t\u00f6r\u0259tm\u0259kd\u0259 t\u0259qsirli bilinibl\u0259r Az\u0259rbaycan ordusunun h\u0259rbi qulluq\u00e7ular\u0131 F\u0259rid &#8230; <\/p>\n<p class=\"read-more-container\"><a title=\"Meyiti tap\u0131lan \u0259sg\u0259rl\u0259r\u0259 g\u00f6r\u0259 iki h\u0259rb\u00e7i h\u0259bs edilib\" class=\"read-more button\" href=\"https:\/\/www.meydan.tv\/az\/article\/meyiti-tapilan-esgerlere-gore-iki-herbci-hebs-edilib\/#more-312456\" aria-label=\"Read more about Meyiti tap\u0131lan \u0259sg\u0259rl\u0259r\u0259 g\u00f6r\u0259 iki h\u0259rb\u00e7i h\u0259bs edilib\">Davam\u0131<\/a><\/p>\n","protected":false},"author":12,"featured_media":210394,"comment_status":"closed","ping_status":"closed","sticky":false,"template":"","format":"standard","meta":{"_acf_changed":false,"_sitemap_exclude":false,"_sitemap_priority":"","_sitemap_frequency":"","footnotes":""},"categories":[62,56],"tags":[],"class_list":["post-312456","post","type-post","status-publish","format-standard","has-post-thumbnail","hentry","category-sosial","category-xeberler","infinite-scroll-item","generate-columns","tablet-grid-50","mobile-grid-100","grid-parent","grid-33","no-featured-image-padding"],"acf":[],"yoast_head":"<!-- This site is optimized with the Yoast SEO plugin v27.5 - https:\/\/yoast.com\/product\/yoast-seo-wordpress\/ -->\n<title>Meyiti tap\u0131lan \u0259sg\u0259rl\u0259r\u0259 g\u00f6r\u0259 iki h\u0259rb\u00e7i h\u0259bs edilib - MEYDAN.TV<\/title>\n<meta name=\"description\" content=\"Az\u0259rbaycan ordusunun h\u0259rbi qulluq\u00e7ular\u0131 F\u0259rid M\u0259mm\u0259dov v\u0259 Firdovsi Abdullayevin itkin d\u00fc\u015fm\u0259si il\u0259 ba\u011fl\u0131 cinay\u0259t i\u015fi a\u00e7\u0131l\u0131b.\" \/>\n<meta name=\"robots\" content=\"index, follow, max-snippet:-1, max-image-preview:large, max-video-preview:-1\" \/>\n<link rel=\"canonical\" href=\"https:\/\/www.meydan.tv\/az\/article\/meyiti-tapilan-esgerlere-gore-iki-herbci-hebs-edilib\/\" \/>\n<meta property=\"og:locale\" content=\"az_AZ\" \/>\n<meta property=\"og:type\" content=\"article\" \/>\n<meta property=\"og:title\" content=\"Meyiti tap\u0131lan \u0259sg\u0259rl\u0259r\u0259 g\u00f6r\u0259 iki h\u0259rb\u00e7i h\u0259bs edilib - MEYDAN.TV\" \/>\n<meta property=\"og:description\" content=\"Az\u0259rbaycan ordusunun h\u0259rbi qulluq\u00e7ular\u0131 F\u0259rid M\u0259mm\u0259dov v\u0259 Firdovsi Abdullayevin itkin d\u00fc\u015fm\u0259si il\u0259 ba\u011fl\u0131 cinay\u0259t i\u015fi a\u00e7\u0131l\u0131b.\" \/>\n<meta property=\"og:url\" content=\"https:\/\/www.meydan.tv\/az\/article\/meyiti-tapilan-esgerlere-gore-iki-herbci-hebs-edilib\/\" \/>\n<meta property=\"og:site_name\" content=\"MEYDAN.TV\" \/>\n<meta property=\"article:published_time\" content=\"2024-08-07T15:37:35+00:00\" \/>\n<meta property=\"article:modified_time\" content=\"2024-08-07T19:06:28+00:00\" \/>\n<meta property=\"og:image\" content=\"https:\/\/www.meydan.tv\/wp-content\/uploads\/img_6032_chkzuec-scaled.jpg\" \/>\n\t<meta property=\"og:image:width\" content=\"2560\" \/>\n\t<meta property=\"og:image:height\" content=\"1440\" \/>\n\t<meta property=\"og:image:type\" content=\"image\/jpeg\" \/>\n<meta name=\"author\" content=\"aleks\" \/>\n<meta name=\"twitter:card\" content=\"summary_large_image\" \/>\n<script type=\"application\/ld+json\" class=\"yoast-schema-graph\">{\"@context\":\"https:\\\/\\\/schema.org\",\"@graph\":[{\"@type\":\"Article\",\"@id\":\"https:\\\/\\\/www.meydan.tv\\\/az\\\/article\\\/meyiti-tapilan-esgerlere-gore-iki-herbci-hebs-edilib\\\/#article\",\"isPartOf\":{\"@id\":\"https:\\\/\\\/www.meydan.tv\\\/az\\\/article\\\/meyiti-tapilan-esgerlere-gore-iki-herbci-hebs-edilib\\\/\"},\"author\":{\"name\":\"aleks\",\"@id\":\"https:\\\/\\\/www.meydan.tv\\\/az\\\/#\\\/schema\\\/person\\\/476e9360e593fa131d5d71d51866f8da\"},\"headline\":\"Meyiti tap\u0131lan \u0259sg\u0259rl\u0259r\u0259 g\u00f6r\u0259 iki h\u0259rb\u00e7i h\u0259bs edilib\",\"datePublished\":\"2024-08-07T15:37:35+00:00\",\"dateModified\":\"2024-08-07T19:06:28+00:00\",\"mainEntityOfPage\":{\"@id\":\"https:\\\/\\\/www.meydan.tv\\\/az\\\/article\\\/meyiti-tapilan-esgerlere-gore-iki-herbci-hebs-edilib\\\/\"},\"wordCount\":317,\"publisher\":{\"@id\":\"https:\\\/\\\/www.meydan.tv\\\/az\\\/#organization\"},\"image\":{\"@id\":\"https:\\\/\\\/www.meydan.tv\\\/az\\\/article\\\/meyiti-tapilan-esgerlere-gore-iki-herbci-hebs-edilib\\\/#primaryimage\"},\"thumbnailUrl\":\"https:\\\/\\\/www.meydan.tv\\\/wp-content\\\/uploads\\\/img_6032_chkzuec-scaled.jpg\",\"articleSection\":[\"Sosial\",\"X\u0259b\u0259rl\u0259r\"],\"inLanguage\":\"az\"},{\"@type\":\"WebPage\",\"@id\":\"https:\\\/\\\/www.meydan.tv\\\/az\\\/article\\\/meyiti-tapilan-esgerlere-gore-iki-herbci-hebs-edilib\\\/\",\"url\":\"https:\\\/\\\/www.meydan.tv\\\/az\\\/article\\\/meyiti-tapilan-esgerlere-gore-iki-herbci-hebs-edilib\\\/\",\"name\":\"Meyiti tap\u0131lan \u0259sg\u0259rl\u0259r\u0259 g\u00f6r\u0259 iki h\u0259rb\u00e7i h\u0259bs edilib - MEYDAN.TV\",\"isPartOf\":{\"@id\":\"https:\\\/\\\/www.meydan.tv\\\/az\\\/#website\"},\"primaryImageOfPage\":{\"@id\":\"https:\\\/\\\/www.meydan.tv\\\/az\\\/article\\\/meyiti-tapilan-esgerlere-gore-iki-herbci-hebs-edilib\\\/#primaryimage\"},\"image\":{\"@id\":\"https:\\\/\\\/www.meydan.tv\\\/az\\\/article\\\/meyiti-tapilan-esgerlere-gore-iki-herbci-hebs-edilib\\\/#primaryimage\"},\"thumbnailUrl\":\"https:\\\/\\\/www.meydan.tv\\\/wp-content\\\/uploads\\\/img_6032_chkzuec-scaled.jpg\",\"datePublished\":\"2024-08-07T15:37:35+00:00\",\"dateModified\":\"2024-08-07T19:06:28+00:00\",\"description\":\"Az\u0259rbaycan ordusunun h\u0259rbi qulluq\u00e7ular\u0131 F\u0259rid M\u0259mm\u0259dov v\u0259 Firdovsi Abdullayevin itkin d\u00fc\u015fm\u0259si il\u0259 ba\u011fl\u0131 cinay\u0259t i\u015fi a\u00e7\u0131l\u0131b.\",\"breadcrumb\":{\"@id\":\"https:\\\/\\\/www.meydan.tv\\\/az\\\/article\\\/meyiti-tapilan-esgerlere-gore-iki-herbci-hebs-edilib\\\/#breadcrumb\"},\"inLanguage\":\"az\",\"potentialAction\":[{\"@type\":\"ReadAction\",\"target\":[\"https:\\\/\\\/www.meydan.tv\\\/az\\\/article\\\/meyiti-tapilan-esgerlere-gore-iki-herbci-hebs-edilib\\\/\"]}]},{\"@type\":\"ImageObject\",\"inLanguage\":\"az\",\"@id\":\"https:\\\/\\\/www.meydan.tv\\\/az\\\/article\\\/meyiti-tapilan-esgerlere-gore-iki-herbci-hebs-edilib\\\/#primaryimage\",\"url\":\"https:\\\/\\\/www.meydan.tv\\\/wp-content\\\/uploads\\\/img_6032_chkzuec-scaled.jpg\",\"contentUrl\":\"https:\\\/\\\/www.meydan.tv\\\/wp-content\\\/uploads\\\/img_6032_chkzuec-scaled.jpg\",\"width\":2560,\"height\":1440,\"caption\":\"Foto: Meydan.TV\"},{\"@type\":\"BreadcrumbList\",\"@id\":\"https:\\\/\\\/www.meydan.tv\\\/az\\\/article\\\/meyiti-tapilan-esgerlere-gore-iki-herbci-hebs-edilib\\\/#breadcrumb\",\"itemListElement\":[{\"@type\":\"ListItem\",\"position\":1,\"name\":\"Ana s\u0259hif\u0259\",\"item\":\"https:\\\/\\\/www.meydan.tv\\\/az\\\/\"},{\"@type\":\"ListItem\",\"position\":2,\"name\":\"X\u0259b\u0259rl\u0259r\",\"item\":\"https:\\\/\\\/www.meydan.tv\\\/az\\\/section\\\/xeberler\\\/\"},{\"@type\":\"ListItem\",\"position\":3,\"name\":\"Meyiti tap\u0131lan \u0259sg\u0259rl\u0259r\u0259 g\u00f6r\u0259 iki h\u0259rb\u00e7i h\u0259bs edilib\"}]},{\"@type\":\"WebSite\",\"@id\":\"https:\\\/\\\/www.meydan.tv\\\/az\\\/#website\",\"url\":\"https:\\\/\\\/www.meydan.tv\\\/az\\\/\",\"name\":\"MEYDAN.TV\",\"description\":\"Meydan TV Az\u0259rbaycan\u0131n media m\u0259kan\u0131ndak\u0131 alternativ s\u0259sidir\",\"publisher\":{\"@id\":\"https:\\\/\\\/www.meydan.tv\\\/az\\\/#organization\"},\"potentialAction\":[{\"@type\":\"SearchAction\",\"target\":{\"@type\":\"EntryPoint\",\"urlTemplate\":\"https:\\\/\\\/www.meydan.tv\\\/az\\\/?s={search_term_string}\"},\"query-input\":{\"@type\":\"PropertyValueSpecification\",\"valueRequired\":true,\"valueName\":\"search_term_string\"}}],\"inLanguage\":\"az\"},{\"@type\":\"Organization\",\"@id\":\"https:\\\/\\\/www.meydan.tv\\\/az\\\/#organization\",\"name\":\"Meydan TV\",\"url\":\"https:\\\/\\\/www.meydan.tv\\\/az\\\/\",\"logo\":{\"@type\":\"ImageObject\",\"inLanguage\":\"az\",\"@id\":\"https:\\\/\\\/www.meydan.tv\\\/az\\\/#\\\/schema\\\/logo\\\/image\\\/\",\"url\":\"https:\\\/\\\/www.meydan.tv\\\/wp-content\\\/uploads\\\/2021\\\/07\\\/meydan-logo.svg\",\"contentUrl\":\"https:\\\/\\\/www.meydan.tv\\\/wp-content\\\/uploads\\\/2021\\\/07\\\/meydan-logo.svg\",\"width\":195,\"height\":46,\"caption\":\"Meydan TV\"},\"image\":{\"@id\":\"https:\\\/\\\/www.meydan.tv\\\/az\\\/#\\\/schema\\\/logo\\\/image\\\/\"}},{\"@type\":\"Person\",\"@id\":\"https:\\\/\\\/www.meydan.tv\\\/az\\\/#\\\/schema\\\/person\\\/476e9360e593fa131d5d71d51866f8da\",\"name\":\"aleks\"}]}<\/script>\n<!-- \/ Yoast SEO plugin. -->","yoast_head_json":{"title":"Meyiti tap\u0131lan \u0259sg\u0259rl\u0259r\u0259 g\u00f6r\u0259 iki h\u0259rb\u00e7i h\u0259bs edilib - MEYDAN.TV","description":"Az\u0259rbaycan ordusunun h\u0259rbi qulluq\u00e7ular\u0131 F\u0259rid M\u0259mm\u0259dov v\u0259 Firdovsi Abdullayevin itkin d\u00fc\u015fm\u0259si il\u0259 ba\u011fl\u0131 cinay\u0259t i\u015fi a\u00e7\u0131l\u0131b.","robots":{"index":"index","follow":"follow","max-snippet":"max-snippet:-1","max-image-preview":"max-image-preview:large","max-video-preview":"max-video-preview:-1"},"canonical":"https:\/\/www.meydan.tv\/az\/article\/meyiti-tapilan-esgerlere-gore-iki-herbci-hebs-edilib\/","og_locale":"az_AZ","og_type":"article","og_title":"Meyiti tap\u0131lan \u0259sg\u0259rl\u0259r\u0259 g\u00f6r\u0259 iki h\u0259rb\u00e7i h\u0259bs edilib - MEYDAN.TV","og_description":"Az\u0259rbaycan ordusunun h\u0259rbi qulluq\u00e7ular\u0131 F\u0259rid M\u0259mm\u0259dov v\u0259 Firdovsi Abdullayevin itkin d\u00fc\u015fm\u0259si il\u0259 ba\u011fl\u0131 cinay\u0259t i\u015fi a\u00e7\u0131l\u0131b.","og_url":"https:\/\/www.meydan.tv\/az\/article\/meyiti-tapilan-esgerlere-gore-iki-herbci-hebs-edilib\/","og_site_name":"MEYDAN.TV","article_published_time":"2024-08-07T15:37:35+00:00","article_modified_time":"2024-08-07T19:06:28+00:00","og_image":[{"width":2560,"height":1440,"url":"https:\/\/www.meydan.tv\/wp-content\/uploads\/img_6032_chkzuec-scaled.jpg","type":"image\/jpeg"}],"author":"aleks","twitter_card":"summary_large_image","schema":{"@context":"https:\/\/schema.org","@graph":[{"@type":"Article","@id":"https:\/\/www.meydan.tv\/az\/article\/meyiti-tapilan-esgerlere-gore-iki-herbci-hebs-edilib\/#article","isPartOf":{"@id":"https:\/\/www.meydan.tv\/az\/article\/meyiti-tapilan-esgerlere-gore-iki-herbci-hebs-edilib\/"},"author":{"name":"aleks","@id":"https:\/\/www.meydan.tv\/az\/#\/schema\/person\/476e9360e593fa131d5d71d51866f8da"},"headline":"Meyiti tap\u0131lan \u0259sg\u0259rl\u0259r\u0259 g\u00f6r\u0259 iki h\u0259rb\u00e7i h\u0259bs edilib","datePublished":"2024-08-07T15:37:35+00:00","dateModified":"2024-08-07T19:06:28+00:00","mainEntityOfPage":{"@id":"https:\/\/www.meydan.tv\/az\/article\/meyiti-tapilan-esgerlere-gore-iki-herbci-hebs-edilib\/"},"wordCount":317,"publisher":{"@id":"https:\/\/www.meydan.tv\/az\/#organization"},"image":{"@id":"https:\/\/www.meydan.tv\/az\/article\/meyiti-tapilan-esgerlere-gore-iki-herbci-hebs-edilib\/#primaryimage"},"thumbnailUrl":"https:\/\/www.meydan.tv\/wp-content\/uploads\/img_6032_chkzuec-scaled.jpg","articleSection":["Sosial","X\u0259b\u0259rl\u0259r"],"inLanguage":"az"},{"@type":"WebPage","@id":"https:\/\/www.meydan.tv\/az\/article\/meyiti-tapilan-esgerlere-gore-iki-herbci-hebs-edilib\/","url":"https:\/\/www.meydan.tv\/az\/article\/meyiti-tapilan-esgerlere-gore-iki-herbci-hebs-edilib\/","name":"Meyiti tap\u0131lan \u0259sg\u0259rl\u0259r\u0259 g\u00f6r\u0259 iki h\u0259rb\u00e7i h\u0259bs edilib - MEYDAN.TV","isPartOf":{"@id":"https:\/\/www.meydan.tv\/az\/#website"},"primaryImageOfPage":{"@id":"https:\/\/www.meydan.tv\/az\/article\/meyiti-tapilan-esgerlere-gore-iki-herbci-hebs-edilib\/#primaryimage"},"image":{"@id":"https:\/\/www.meydan.tv\/az\/article\/meyiti-tapilan-esgerlere-gore-iki-herbci-hebs-edilib\/#primaryimage"},"thumbnailUrl":"https:\/\/www.meydan.tv\/wp-content\/uploads\/img_6032_chkzuec-scaled.jpg","datePublished":"2024-08-07T15:37:35+00:00","dateModified":"2024-08-07T19:06:28+00:00","description":"Az\u0259rbaycan ordusunun h\u0259rbi qulluq\u00e7ular\u0131 F\u0259rid M\u0259mm\u0259dov v\u0259 Firdovsi Abdullayevin itkin d\u00fc\u015fm\u0259si il\u0259 ba\u011fl\u0131 cinay\u0259t i\u015fi a\u00e7\u0131l\u0131b.","breadcrumb":{"@id":"https:\/\/www.meydan.tv\/az\/article\/meyiti-tapilan-esgerlere-gore-iki-herbci-hebs-edilib\/#breadcrumb"},"inLanguage":"az","potentialAction":[{"@type":"ReadAction","target":["https:\/\/www.meydan.tv\/az\/article\/meyiti-tapilan-esgerlere-gore-iki-herbci-hebs-edilib\/"]}]},{"@type":"ImageObject","inLanguage":"az","@id":"https:\/\/www.meydan.tv\/az\/article\/meyiti-tapilan-esgerlere-gore-iki-herbci-hebs-edilib\/#primaryimage","url":"https:\/\/www.meydan.tv\/wp-content\/uploads\/img_6032_chkzuec-scaled.jpg","contentUrl":"https:\/\/www.meydan.tv\/wp-content\/uploads\/img_6032_chkzuec-scaled.jpg","width":2560,"height":1440,"caption":"Foto: Meydan.TV"},{"@type":"BreadcrumbList","@id":"https:\/\/www.meydan.tv\/az\/article\/meyiti-tapilan-esgerlere-gore-iki-herbci-hebs-edilib\/#breadcrumb","itemListElement":[{"@type":"ListItem","position":1,"name":"Ana s\u0259hif\u0259","item":"https:\/\/www.meydan.tv\/az\/"},{"@type":"ListItem","position":2,"name":"X\u0259b\u0259rl\u0259r","item":"https:\/\/www.meydan.tv\/az\/section\/xeberler\/"},{"@type":"ListItem","position":3,"name":"Meyiti tap\u0131lan \u0259sg\u0259rl\u0259r\u0259 g\u00f6r\u0259 iki h\u0259rb\u00e7i h\u0259bs edilib"}]},{"@type":"WebSite","@id":"https:\/\/www.meydan.tv\/az\/#website","url":"https:\/\/www.meydan.tv\/az\/","name":"MEYDAN.TV","description":"Meydan TV Az\u0259rbaycan\u0131n media m\u0259kan\u0131ndak\u0131 alternativ s\u0259sidir","publisher":{"@id":"https:\/\/www.meydan.tv\/az\/#organization"},"potentialAction":[{"@type":"SearchAction","target":{"@type":"EntryPoint","urlTemplate":"https:\/\/www.meydan.tv\/az\/?s={search_term_string}"},"query-input":{"@type":"PropertyValueSpecification","valueRequired":true,"valueName":"search_term_string"}}],"inLanguage":"az"},{"@type":"Organization","@id":"https:\/\/www.meydan.tv\/az\/#organization","name":"Meydan TV","url":"https:\/\/www.meydan.tv\/az\/","logo":{"@type":"ImageObject","inLanguage":"az","@id":"https:\/\/www.meydan.tv\/az\/#\/schema\/logo\/image\/","url":"https:\/\/www.meydan.tv\/wp-content\/uploads\/2021\/07\/meydan-logo.svg","contentUrl":"https:\/\/www.meydan.tv\/wp-content\/uploads\/2021\/07\/meydan-logo.svg","width":195,"height":46,"caption":"Meydan TV"},"image":{"@id":"https:\/\/www.meydan.tv\/az\/#\/schema\/logo\/image\/"}},{"@type":"Person","@id":"https:\/\/www.meydan.tv\/az\/#\/schema\/person\/476e9360e593fa131d5d71d51866f8da","name":"aleks"}]}},"_links":{"self":[{"href":"https:\/\/www.meydan.tv\/az\/wp-json\/wp\/v2\/posts\/312456","targetHints":{"allow":["GET"]}}],"collection":[{"href":"https:\/\/www.meydan.tv\/az\/wp-json\/wp\/v2\/posts"}],"about":[{"href":"https:\/\/www.meydan.tv\/az\/wp-json\/wp\/v2\/types\/post"}],"author":[{"embeddable":true,"href":"https:\/\/www.meydan.tv\/az\/wp-json\/wp\/v2\/users\/12"}],"replies":[{"embeddable":true,"href":"https:\/\/www.meydan.tv\/az\/wp-json\/wp\/v2\/comments?post=312456"}],"version-history":[{"count":5,"href":"https:\/\/www.meydan.tv\/az\/wp-json\/wp\/v2\/posts\/312456\/revisions"}],"predecessor-version":[{"id":312470,"href":"https:\/\/www.meydan.tv\/az\/wp-json\/wp\/v2\/posts\/312456\/revisions\/312470"}],"wp:featuredmedia":[{"embeddable":true,"href":"https:\/\/www.meydan.tv\/az\/wp-json\/wp\/v2\/media\/210394"}],"wp:attachment":[{"href":"https:\/\/www.meydan.tv\/az\/wp-json\/wp\/v2\/media?parent=312456"}],"wp:term":[{"taxonomy":"category","embeddable":true,"href":"https:\/\/www.meydan.tv\/az\/wp-json\/wp\/v2\/categories?post=312456"},{"taxonomy":"post_tag","embeddable":true,"href":"https:\/\/www.meydan.tv\/az\/wp-json\/wp\/v2\/tags?post=312456"}],"curies":[{"name":"wp","href":"https:\/\/api.w.org\/{rel}","templated":true}]}}