{"id":312449,"date":"2024-08-07T19:22:16","date_gmt":"2024-08-07T15:22:16","guid":{"rendered":"https:\/\/www.meydan.tv\/?p=312449"},"modified":"2024-08-07T22:56:40","modified_gmt":"2024-08-07T18:56:40","slug":"ukraynanin-kursk-emeliyyatindan-sonra-putin-ordu-rehberliyini-topladi","status":"publish","type":"post","link":"https:\/\/www.meydan.tv\/az\/article\/ukraynanin-kursk-emeliyyatindan-sonra-putin-ordu-rehberliyini-topladi\/","title":{"rendered":"Ukraynan\u0131n &#8220;Kursk \u0259m\u0259liyyat\u0131&#8221;ndan sonra Putin ordu r\u0259hb\u0259rliyini toplad\u0131"},"content":{"rendered":"\n<figure class=\"wp-block-embed is-type-video is-provider-youtube wp-block-embed-youtube wp-embed-aspect-16-9 wp-has-aspect-ratio\"><div class=\"wp-block-embed__wrapper\">\n<iframe title=\"Ukrayna Rusiya \u0259razisind\u0259 h\u0259rbi \u0259m\u0259liyyat ke\u00e7irir\" width=\"1200\" height=\"675\" data-src=\"https:\/\/www.youtube.com\/embed\/hyfM7OxsxsE?feature=oembed\" frameborder=\"0\" allow=\"accelerometer; autoplay; clipboard-write; encrypted-media; gyroscope; picture-in-picture; web-share\" referrerpolicy=\"strict-origin-when-cross-origin\" allowfullscreen src=\"data:image\/svg+xml;base64,PHN2ZyB3aWR0aD0iMSIgaGVpZ2h0PSIxIiB4bWxucz0iaHR0cDovL3d3dy53My5vcmcvMjAwMC9zdmciPjwvc3ZnPg==\" class=\"lazyload\" data-load-mode=\"1\"><\/iframe>\n<\/div><\/figure>\n\n\n\n<!--more-->\n\n\n\n<p><\/p>\n\n\n\n<p><em><strong>Gerasimovun operativ idar\u0259etm\u0259 m\u0259nt\u0259q\u0259l\u0259rind\u0259n birind\u0259 oldu\u011fu deyilir<\/strong><\/em><\/p>\n\n\n\n<p>Avqustun 7-d\u0259 Rusiyan\u0131n Prezidenti Vladimir Putin m\u00fcdafi\u0259 naziri Andrey Belousov, Federal T\u0259hl\u00fck\u0259sizlik Xidm\u0259tinin r\u0259hb\u0259ri Aleksandr Bortnikov v\u0259 T\u0259hl\u00fck\u0259sizlik \u015euras\u0131n\u0131n katibi Sergey \u015eoyqunun i\u015ftirak\u0131 il\u0259 \u201cKursk vilay\u0259tind\u0259 v\u0259ziyy\u0259tl\u0259 ba\u011fl\u0131\u201d iclas ke\u00e7irib.<\/p>\n\n\n\n<p>Toplant\u0131da Putin bildirib ki, Ba\u015f Q\u0259rargah r\u0259isi Valeri Gerasimov operativ idar\u0259etm\u0259 m\u0259nt\u0259q\u0259l\u0259rind\u0259n birind\u0259dir.<\/p>\n\n\n\n<p>O, Kursk yax\u0131nl\u0131\u011f\u0131ndak\u0131 v\u0259ziyy\u0259t bar\u0259d\u0259 videoba\u011flant\u0131 vasit\u0259sil\u0259 m\u0259lumat verib.<\/p>\n\n\n\n<p>Ba\u015f Q\u0259rargah r\u0259isi bildirib ki, avqustun 6-da Ukrayna Silahl\u0131 Q\u00fcvv\u0259l\u0259rinin min n\u0259f\u0259r\u0259 q\u0259d\u0259r olan b\u00f6lm\u0259l\u0259ri Sudjanski rayonunun \u0259razisinin bir hiss\u0259sini \u0259l\u0259 ke\u00e7irm\u0259k m\u0259qs\u0259di il\u0259 h\u00fccuma ke\u00e7ib.<\/p>\n\n\n\n<p>Onun s\u00f6zl\u0259rin\u0259 g\u00f6r\u0259, Ukrayna Silahl\u0131 Q\u00fcvv\u0259l\u0259rinin Kursk istiqam\u0259tind\u0259 Rusiyan\u0131n d\u0259rinlikl\u0259rin\u0259 do\u011fru ir\u0259lil\u0259m\u0259si dayand\u0131r\u0131l\u0131b.<\/p>\n\n\n\n<p>Ba\u015f Q\u0259rargah r\u0259sinin iddias\u0131na g\u00f6r\u0259, Ukrayna Silahl\u0131 Q\u00fcvv\u0259l\u0259rinin itkil\u0259ri 315 n\u0259f\u0259r t\u0259\u015fkil edib, o c\u00fcml\u0259d\u0259n az\u0131 100 n\u0259f\u0259r \u00f6l\u00fcb, qalanlar\u0131 is\u0259 yaralan\u0131b:<\/p>\n\n\n\n<p><em>\u201cH\u0259m\u00e7inin 7 tank olmaqla 54 zirehli texnika m\u0259hv edilib. \u018fm\u0259liyyat d\u00fc\u015fm\u0259ni m\u0259\u011flub ed\u0259r\u0259k d\u00f6vl\u0259t s\u0259rh\u0259din\u0259 \u00e7atmaqla ba\u015fa \u00e7atacaq\u201d.<\/em><\/p>\n\n\n\n<p>Avqustun 6-na ke\u00e7\u0259n gec\u0259 Kursk vilay\u0259tin\u0259 daxil olan Ukrayna qo\u015funlar\u0131 s\u0259rh\u0259d zonas\u0131nda m\u00f6hk\u0259ml\u0259nib.<\/p>\n\n\n\n<p>Rusiya M\u00fcdafi\u0259 Nazirliyin\u0259 yax\u0131n \u201cR\u0131bar\u201d h\u0259rbi &#8220;Telegram&#8221; kanal\u0131n\u0131n m\u0259lumat\u0131na g\u00f6r\u0259, avqustun 7-n\u0259 ke\u00e7\u0259n gec\u0259 Ukrayna Silahl\u0131 Q\u00fcvv\u0259l\u0259rinin b\u00f6lm\u0259l\u0259ri Sudjanski rayonunun Nikolaevo-Daryino, Sverdlikovo v\u0259 Darino k\u0259ndl\u0259rini i\u015f\u011fal edib.<\/p>\n\n\n\n<p>Kursk b\u00f6lg\u0259si (Daryino Ukrayna s\u0259rh\u0259dind\u0259n \u0259n uzaqd\u0131r &#8211; d\u00f6rd kilometr). H\u0259m\u00e7inin iddia olunur ki, Ukrayna \u0259sg\u0259rl\u0259ri R\u0131lsk-Sudja magistral\u0131na n\u0259zar\u0259ti \u0259l\u0259 ke\u00e7irm\u0259y\u0259 c\u0259hd edibl\u0259r.<\/p>\n\n\n\n<p>Ukrayna h\u0259rb\u00e7il\u0259ri t\u0259sdiql\u0259nm\u0259mi\u015f m\u0259lumatlara g\u00f6r\u0259 d\u00f6y\u00fc\u015fl\u0259rin getdiyi Sudja \u015f\u0259h\u0259rinin q\u0259rb \u0259traf\u0131 &#8211; Qon\u00e7arovkaya (s\u0259rh\u0259dd\u0259n s\u0259kkiz kilometr aral\u0131da) do\u011fru ir\u0259lil\u0259yib.<\/p>\n\n\n\n<p>Bundan \u0259lav\u0259, s\u0259rh\u0259dd\u0259 yerl\u0259\u015f\u0259n Ole\u015fnya k\u0259ndind\u0259 d\u00f6y\u00fc\u015fl\u0259r gedir:<\/p>\n\n\n\n<p><em>\u201cUkrayna Silahl\u0131 Q\u00fcvv\u0259l\u0259ri qaz\u0131n Ukrayna \u0259razisind\u0259n ke\u00e7m\u0259kl\u0259 Avropaya n\u0259ql edildiyi Sudja qaz\u00f6l\u00e7m\u0259 stansiyas\u0131n\u0131 \u0259l\u0259 ke\u00e7irib. S\u0259rh\u0259dd\u0259n 500 metr aral\u0131da Sudja ke\u00e7id m\u0259nt\u0259q\u0259sinin yax\u0131nl\u0131\u011f\u0131nda yerl\u0259\u015fir. Ukrayna Silahl\u0131 Q\u00fcvv\u0259l\u0259rinin n\u0259zar\u0259t-burax\u0131l\u0131\u015f m\u0259nt\u0259q\u0259sini \u0259l\u0259 ke\u00e7ir\u0259 bilib-bilm\u0259diyi m\u0259lum deyil. \u201cH\u0259rbi m\u00fcxbirl\u0259r\u201d yaz\u0131r ki, orada s\u0259rh\u0259d\u00e7il\u0259r h\u0259l\u0259 d\u0259 m\u00fcdafi\u0259 edir\u201d<\/em>.<\/p>\n\n\n\n<p>Ukrayna v\u0259 Rusiya t\u0259r\u0259fl\u0259ri texnika itkisin\u0259 m\u0259ruz qal\u0131b. Ukrayna &#8220;Telegram&#8221; kanallar\u0131 Ukrayna Silahl\u0131 Q\u00fcvv\u0259l\u0259rinin h\u00fccumu zaman\u0131 iki Rusiya tank\u0131n\u0131n v\u0259 bir \u201cKa-52\u201d helikopterinin m\u0259hv edildiyi iddia edil\u0259n foto\u015f\u0259kill\u0259ri yay\u0131b.<\/p>\n\n\n\n<p><strong>M\u00fcharib\u0259nin xronikas\u0131<\/strong><\/p>\n\n\n\n<p>2022-ci il Rusiya Prezidenti Vladimir Putin Ukraynan\u0131n \u015f\u0259rqind\u0259ki separat\u00e7\u0131 qurumlar\u0131 tan\u0131d\u0131\u011f\u0131n\u0131 b\u0259yan etdikd\u0259n 2 g\u00fcn sonra, fevral\u0131n 24-d\u0259 Ukraynaya qar\u015f\u0131 m\u00fcharib\u0259y\u0259 ba\u015flay\u0131b.<\/p>\n\n\n\n<p>D\u00fcnyan\u0131n \u0259ks\u0259r \u00f6lk\u0259si Rusiyan\u0131n h\u00fccumunu pisl\u0259yib.<\/p>\n\n\n\n<p>Bundan sonra Avropa Birliyi \u00f6lk\u0259l\u0259ri, el\u0259c\u0259 d\u0259 AB\u015e Rusiyaya qar\u015f\u0131 sanksiyalar t\u0259tbiq edib.<\/p>\n\n\n\n<p>600-d\u0259n \u00e7ox rusiyal\u0131 oliqarx, y\u00fcks\u0259k r\u00fctb\u0259li h\u0259rb\u00e7il\u0259r, \u015firk\u0259t sahibl\u0259ri, biznesmenl\u0259rl\u0259 yana\u015f\u0131, Rusiya Prezidenti Vladimir Putin v\u0259 xarici i\u015fl\u0259r naziri Sergey Lavrova qar\u015f\u0131 sanksiyalar t\u0259tbiq edilib. Rusiyada t\u0259\u015fkil olunacaq yar\u0131\u015flar t\u0259xir\u0259 sal\u0131n\u0131b, bu \u00f6lk\u0259nin ad\u0131 m\u00fch\u00fcm t\u0259dbirl\u0259rd\u0259n v\u0259 t\u0259\u015fkilatlardan \u00e7\u0131xar\u0131l\u0131b.<\/p>\n\n\n\n<p>2022-ci il aprelin 7-d\u0259 is\u0259 BMT Ba\u015f Assambleyas\u0131 Rusiyan\u0131n t\u0259\u015fkilat\u0131n \u0130nsan H\u00fcquqlar\u0131 \u015euras\u0131ndan \u00e7\u0131xar\u0131lmas\u0131 il\u0259 ba\u011fl\u0131 q\u0259tnam\u0259 q\u0259bul edib. Rusiya is\u0259 Avropa \u015euras\u0131 \u00fczvl\u00fcy\u00fcnd\u0259n \u00e7\u0131x\u0131b.<\/p>\n\n\n\n<p>Rusiya ordusunun Bu\u00e7a v\u0259 dig\u0259r Ukrayna \u015f\u0259h\u0259rl\u0259rind\u0259 k\u00fctl\u0259vi q\u0259tliamlar v\u0259 m\u00fcharib\u0259 cinay\u0259tl\u0259ri t\u00f6r\u0259tdiyi iddia olunur.<\/p>\n\n\n\n<p>2022-ci il iyunun 25-d\u0259 Avropa \u0130ttifaq\u0131n\u0131n 12 \u00f6lk\u0259si Rusiya qaz\u0131n\u0131n t\u0259dar\u00fck\u00fcnd\u0259n tamamil\u0259 v\u0259 ya qism\u0259n imtina edib.<\/p>\n\n\n\n<p>2022-ci ilin sentyabr\u0131n 30-da Vladimir Putin Rusiyan\u0131n n\u0259zar\u0259ti \u0259l\u0259 ke\u00e7irdiyi \u0259razil\u0259rl\u0259 m\u00fcqavil\u0259 imzalay\u0131b.<\/p>\n\n\n\n<p>Sentyabr\u0131n 23-d\u0259n 27-d\u0259k Rusiyan\u0131n i\u015f\u011fal alt\u0131nda saxlad\u0131\u011f\u0131 Donetsk, Luqansk, Xerson v\u0259 Zaporojye vilay\u0259tl\u0259rind\u0259 referendum ke\u00e7irilib.<\/p>\n\n\n\n<p>Rusiyan\u0131n a\u00e7\u0131qlad\u0131\u011f\u0131 n\u0259tic\u0259l\u0259r\u0259 g\u00f6r\u0259, h\u0259min vilay\u0259tl\u0259rin sakinl\u0259ri Rusiyan\u0131 d\u0259st\u0259kl\u0259yib.<\/p>\n\n\n\n<p>Ukrayna v\u0259 Q\u0259rb \u00f6lk\u0259l\u0259ri is\u0259 referendumu saxta adland\u0131r\u0131b.<\/p>\n","protected":false},"excerpt":{"rendered":"","protected":false},"author":12,"featured_media":312450,"comment_status":"closed","ping_status":"closed","sticky":false,"template":"","format":"standard","meta":{"_acf_changed":false,"_sitemap_exclude":false,"_sitemap_priority":"","_sitemap_frequency":"","footnotes":""},"categories":[64,63,56],"tags":[],"class_list":["post-312449","post","type-post","status-publish","format-standard","has-post-thumbnail","hentry","category-dunya","category-video-2","category-xeberler","infinite-scroll-item","generate-columns","tablet-grid-50","mobile-grid-100","grid-parent","grid-33","no-featured-image-padding"],"acf":[],"yoast_head":"<!-- This site is optimized with the Yoast SEO plugin v27.4 - https:\/\/yoast.com\/product\/yoast-seo-wordpress\/ -->\n<title>Ukraynan\u0131n &quot;Kursk \u0259m\u0259liyyat\u0131&quot;ndan sonra Putin ordu r\u0259hb\u0259rliyini toplad\u0131 - MEYDAN.TV<\/title>\n<meta name=\"description\" content=\"Ba\u015f Q\u0259rargah r\u0259isi bildirib ki, avqustun 6-da Ukrayna Silahl\u0131 Q\u00fcvv\u0259l\u0259rinin min n\u0259f\u0259r\u0259 q\u0259d\u0259r olan b\u00f6lm\u0259l\u0259ri Sudjanski rayonunun \u0259razisinin bir hiss\u0259sini \u0259l\u0259 ke\u00e7irm\u0259k m\u0259qs\u0259di il\u0259 h\u00fccuma ke\u00e7ib.\" \/>\n<meta name=\"robots\" content=\"index, follow, max-snippet:-1, max-image-preview:large, max-video-preview:-1\" \/>\n<link rel=\"canonical\" href=\"https:\/\/www.meydan.tv\/az\/article\/ukraynanin-kursk-emeliyyatindan-sonra-putin-ordu-rehberliyini-topladi\/\" \/>\n<meta property=\"og:locale\" content=\"az_AZ\" \/>\n<meta property=\"og:type\" content=\"article\" \/>\n<meta property=\"og:title\" content=\"Ukraynan\u0131n &quot;Kursk \u0259m\u0259liyyat\u0131&quot;ndan sonra Putin ordu r\u0259hb\u0259rliyini toplad\u0131 - MEYDAN.TV\" \/>\n<meta property=\"og:description\" content=\"Ba\u015f Q\u0259rargah r\u0259isi bildirib ki, avqustun 6-da Ukrayna Silahl\u0131 Q\u00fcvv\u0259l\u0259rinin min n\u0259f\u0259r\u0259 q\u0259d\u0259r olan b\u00f6lm\u0259l\u0259ri Sudjanski rayonunun \u0259razisinin bir hiss\u0259sini \u0259l\u0259 ke\u00e7irm\u0259k m\u0259qs\u0259di il\u0259 h\u00fccuma ke\u00e7ib.\" \/>\n<meta property=\"og:url\" content=\"https:\/\/www.meydan.tv\/az\/article\/ukraynanin-kursk-emeliyyatindan-sonra-putin-ordu-rehberliyini-topladi\/\" \/>\n<meta property=\"og:site_name\" content=\"MEYDAN.TV\" \/>\n<meta property=\"article:published_time\" content=\"2024-08-07T15:22:16+00:00\" \/>\n<meta property=\"article:modified_time\" content=\"2024-08-07T18:56:40+00:00\" \/>\n<meta property=\"og:image\" content=\"https:\/\/www.meydan.tv\/wp-content\/uploads\/2024-08-07t143600z_666094230_rc22b9apcktc_rtrmadp_3_ukraine-crisis-russia-kursk-scaled.jpg\" \/>\n\t<meta property=\"og:image:width\" content=\"2560\" \/>\n\t<meta property=\"og:image:height\" content=\"1707\" \/>\n\t<meta property=\"og:image:type\" content=\"image\/jpeg\" \/>\n<meta name=\"author\" content=\"aleks\" \/>\n<meta name=\"twitter:card\" content=\"summary_large_image\" \/>\n<script type=\"application\/ld+json\" class=\"yoast-schema-graph\">{\"@context\":\"https:\\\/\\\/schema.org\",\"@graph\":[{\"@type\":\"Article\",\"@id\":\"https:\\\/\\\/www.meydan.tv\\\/az\\\/article\\\/ukraynanin-kursk-emeliyyatindan-sonra-putin-ordu-rehberliyini-topladi\\\/#article\",\"isPartOf\":{\"@id\":\"https:\\\/\\\/www.meydan.tv\\\/az\\\/article\\\/ukraynanin-kursk-emeliyyatindan-sonra-putin-ordu-rehberliyini-topladi\\\/\"},\"author\":{\"name\":\"aleks\",\"@id\":\"https:\\\/\\\/www.meydan.tv\\\/az\\\/#\\\/schema\\\/person\\\/476e9360e593fa131d5d71d51866f8da\"},\"headline\":\"Ukraynan\u0131n &#8220;Kursk \u0259m\u0259liyyat\u0131&#8221;ndan sonra Putin ordu r\u0259hb\u0259rliyini toplad\u0131\",\"datePublished\":\"2024-08-07T15:22:16+00:00\",\"dateModified\":\"2024-08-07T18:56:40+00:00\",\"mainEntityOfPage\":{\"@id\":\"https:\\\/\\\/www.meydan.tv\\\/az\\\/article\\\/ukraynanin-kursk-emeliyyatindan-sonra-putin-ordu-rehberliyini-topladi\\\/\"},\"wordCount\":869,\"publisher\":{\"@id\":\"https:\\\/\\\/www.meydan.tv\\\/az\\\/#organization\"},\"image\":{\"@id\":\"https:\\\/\\\/www.meydan.tv\\\/az\\\/article\\\/ukraynanin-kursk-emeliyyatindan-sonra-putin-ordu-rehberliyini-topladi\\\/#primaryimage\"},\"thumbnailUrl\":\"https:\\\/\\\/www.meydan.tv\\\/wp-content\\\/uploads\\\/2024-08-07t143600z_666094230_rc22b9apcktc_rtrmadp_3_ukraine-crisis-russia-kursk-scaled.jpg\",\"articleSection\":[\"D\u00fcnya\",\"Video\",\"X\u0259b\u0259rl\u0259r\"],\"inLanguage\":\"az\"},{\"@type\":\"WebPage\",\"@id\":\"https:\\\/\\\/www.meydan.tv\\\/az\\\/article\\\/ukraynanin-kursk-emeliyyatindan-sonra-putin-ordu-rehberliyini-topladi\\\/\",\"url\":\"https:\\\/\\\/www.meydan.tv\\\/az\\\/article\\\/ukraynanin-kursk-emeliyyatindan-sonra-putin-ordu-rehberliyini-topladi\\\/\",\"name\":\"Ukraynan\u0131n \\\"Kursk \u0259m\u0259liyyat\u0131\\\"ndan sonra Putin ordu r\u0259hb\u0259rliyini toplad\u0131 - MEYDAN.TV\",\"isPartOf\":{\"@id\":\"https:\\\/\\\/www.meydan.tv\\\/az\\\/#website\"},\"primaryImageOfPage\":{\"@id\":\"https:\\\/\\\/www.meydan.tv\\\/az\\\/article\\\/ukraynanin-kursk-emeliyyatindan-sonra-putin-ordu-rehberliyini-topladi\\\/#primaryimage\"},\"image\":{\"@id\":\"https:\\\/\\\/www.meydan.tv\\\/az\\\/article\\\/ukraynanin-kursk-emeliyyatindan-sonra-putin-ordu-rehberliyini-topladi\\\/#primaryimage\"},\"thumbnailUrl\":\"https:\\\/\\\/www.meydan.tv\\\/wp-content\\\/uploads\\\/2024-08-07t143600z_666094230_rc22b9apcktc_rtrmadp_3_ukraine-crisis-russia-kursk-scaled.jpg\",\"datePublished\":\"2024-08-07T15:22:16+00:00\",\"dateModified\":\"2024-08-07T18:56:40+00:00\",\"description\":\"Ba\u015f Q\u0259rargah r\u0259isi bildirib ki, avqustun 6-da Ukrayna Silahl\u0131 Q\u00fcvv\u0259l\u0259rinin min n\u0259f\u0259r\u0259 q\u0259d\u0259r olan b\u00f6lm\u0259l\u0259ri Sudjanski rayonunun \u0259razisinin bir hiss\u0259sini \u0259l\u0259 ke\u00e7irm\u0259k m\u0259qs\u0259di il\u0259 h\u00fccuma ke\u00e7ib.\",\"breadcrumb\":{\"@id\":\"https:\\\/\\\/www.meydan.tv\\\/az\\\/article\\\/ukraynanin-kursk-emeliyyatindan-sonra-putin-ordu-rehberliyini-topladi\\\/#breadcrumb\"},\"inLanguage\":\"az\",\"potentialAction\":[{\"@type\":\"ReadAction\",\"target\":[\"https:\\\/\\\/www.meydan.tv\\\/az\\\/article\\\/ukraynanin-kursk-emeliyyatindan-sonra-putin-ordu-rehberliyini-topladi\\\/\"]}]},{\"@type\":\"ImageObject\",\"inLanguage\":\"az\",\"@id\":\"https:\\\/\\\/www.meydan.tv\\\/az\\\/article\\\/ukraynanin-kursk-emeliyyatindan-sonra-putin-ordu-rehberliyini-topladi\\\/#primaryimage\",\"url\":\"https:\\\/\\\/www.meydan.tv\\\/wp-content\\\/uploads\\\/2024-08-07t143600z_666094230_rc22b9apcktc_rtrmadp_3_ukraine-crisis-russia-kursk-scaled.jpg\",\"contentUrl\":\"https:\\\/\\\/www.meydan.tv\\\/wp-content\\\/uploads\\\/2024-08-07t143600z_666094230_rc22b9apcktc_rtrmadp_3_ukraine-crisis-russia-kursk-scaled.jpg\",\"width\":2560,\"height\":1707,\"caption\":\"Putin ordu r\u0259hb\u0259rliyini toplad\u0131. Foto: Reuters\"},{\"@type\":\"BreadcrumbList\",\"@id\":\"https:\\\/\\\/www.meydan.tv\\\/az\\\/article\\\/ukraynanin-kursk-emeliyyatindan-sonra-putin-ordu-rehberliyini-topladi\\\/#breadcrumb\",\"itemListElement\":[{\"@type\":\"ListItem\",\"position\":1,\"name\":\"Ana s\u0259hif\u0259\",\"item\":\"https:\\\/\\\/www.meydan.tv\\\/az\\\/\"},{\"@type\":\"ListItem\",\"position\":2,\"name\":\"X\u0259b\u0259rl\u0259r\",\"item\":\"https:\\\/\\\/www.meydan.tv\\\/az\\\/section\\\/xeberler\\\/\"},{\"@type\":\"ListItem\",\"position\":3,\"name\":\"Ukraynan\u0131n &#8220;Kursk \u0259m\u0259liyyat\u0131&#8221;ndan sonra Putin ordu r\u0259hb\u0259rliyini toplad\u0131\"}]},{\"@type\":\"WebSite\",\"@id\":\"https:\\\/\\\/www.meydan.tv\\\/az\\\/#website\",\"url\":\"https:\\\/\\\/www.meydan.tv\\\/az\\\/\",\"name\":\"MEYDAN.TV\",\"description\":\"Meydan TV Az\u0259rbaycan\u0131n media m\u0259kan\u0131ndak\u0131 alternativ s\u0259sidir\",\"publisher\":{\"@id\":\"https:\\\/\\\/www.meydan.tv\\\/az\\\/#organization\"},\"potentialAction\":[{\"@type\":\"SearchAction\",\"target\":{\"@type\":\"EntryPoint\",\"urlTemplate\":\"https:\\\/\\\/www.meydan.tv\\\/az\\\/?s={search_term_string}\"},\"query-input\":{\"@type\":\"PropertyValueSpecification\",\"valueRequired\":true,\"valueName\":\"search_term_string\"}}],\"inLanguage\":\"az\"},{\"@type\":\"Organization\",\"@id\":\"https:\\\/\\\/www.meydan.tv\\\/az\\\/#organization\",\"name\":\"Meydan TV\",\"url\":\"https:\\\/\\\/www.meydan.tv\\\/az\\\/\",\"logo\":{\"@type\":\"ImageObject\",\"inLanguage\":\"az\",\"@id\":\"https:\\\/\\\/www.meydan.tv\\\/az\\\/#\\\/schema\\\/logo\\\/image\\\/\",\"url\":\"https:\\\/\\\/www.meydan.tv\\\/wp-content\\\/uploads\\\/2021\\\/07\\\/meydan-logo.svg\",\"contentUrl\":\"https:\\\/\\\/www.meydan.tv\\\/wp-content\\\/uploads\\\/2021\\\/07\\\/meydan-logo.svg\",\"width\":195,\"height\":46,\"caption\":\"Meydan TV\"},\"image\":{\"@id\":\"https:\\\/\\\/www.meydan.tv\\\/az\\\/#\\\/schema\\\/logo\\\/image\\\/\"}},{\"@type\":\"Person\",\"@id\":\"https:\\\/\\\/www.meydan.tv\\\/az\\\/#\\\/schema\\\/person\\\/476e9360e593fa131d5d71d51866f8da\",\"name\":\"aleks\"}]}<\/script>\n<!-- \/ Yoast SEO plugin. -->","yoast_head_json":{"title":"Ukraynan\u0131n \"Kursk \u0259m\u0259liyyat\u0131\"ndan sonra Putin ordu r\u0259hb\u0259rliyini toplad\u0131 - MEYDAN.TV","description":"Ba\u015f Q\u0259rargah r\u0259isi bildirib ki, avqustun 6-da Ukrayna Silahl\u0131 Q\u00fcvv\u0259l\u0259rinin min n\u0259f\u0259r\u0259 q\u0259d\u0259r olan b\u00f6lm\u0259l\u0259ri Sudjanski rayonunun \u0259razisinin bir hiss\u0259sini \u0259l\u0259 ke\u00e7irm\u0259k m\u0259qs\u0259di il\u0259 h\u00fccuma ke\u00e7ib.","robots":{"index":"index","follow":"follow","max-snippet":"max-snippet:-1","max-image-preview":"max-image-preview:large","max-video-preview":"max-video-preview:-1"},"canonical":"https:\/\/www.meydan.tv\/az\/article\/ukraynanin-kursk-emeliyyatindan-sonra-putin-ordu-rehberliyini-topladi\/","og_locale":"az_AZ","og_type":"article","og_title":"Ukraynan\u0131n \"Kursk \u0259m\u0259liyyat\u0131\"ndan sonra Putin ordu r\u0259hb\u0259rliyini toplad\u0131 - MEYDAN.TV","og_description":"Ba\u015f Q\u0259rargah r\u0259isi bildirib ki, avqustun 6-da Ukrayna Silahl\u0131 Q\u00fcvv\u0259l\u0259rinin min n\u0259f\u0259r\u0259 q\u0259d\u0259r olan b\u00f6lm\u0259l\u0259ri Sudjanski rayonunun \u0259razisinin bir hiss\u0259sini \u0259l\u0259 ke\u00e7irm\u0259k m\u0259qs\u0259di il\u0259 h\u00fccuma ke\u00e7ib.","og_url":"https:\/\/www.meydan.tv\/az\/article\/ukraynanin-kursk-emeliyyatindan-sonra-putin-ordu-rehberliyini-topladi\/","og_site_name":"MEYDAN.TV","article_published_time":"2024-08-07T15:22:16+00:00","article_modified_time":"2024-08-07T18:56:40+00:00","og_image":[{"width":2560,"height":1707,"url":"https:\/\/www.meydan.tv\/wp-content\/uploads\/2024-08-07t143600z_666094230_rc22b9apcktc_rtrmadp_3_ukraine-crisis-russia-kursk-scaled.jpg","type":"image\/jpeg"}],"author":"aleks","twitter_card":"summary_large_image","schema":{"@context":"https:\/\/schema.org","@graph":[{"@type":"Article","@id":"https:\/\/www.meydan.tv\/az\/article\/ukraynanin-kursk-emeliyyatindan-sonra-putin-ordu-rehberliyini-topladi\/#article","isPartOf":{"@id":"https:\/\/www.meydan.tv\/az\/article\/ukraynanin-kursk-emeliyyatindan-sonra-putin-ordu-rehberliyini-topladi\/"},"author":{"name":"aleks","@id":"https:\/\/www.meydan.tv\/az\/#\/schema\/person\/476e9360e593fa131d5d71d51866f8da"},"headline":"Ukraynan\u0131n &#8220;Kursk \u0259m\u0259liyyat\u0131&#8221;ndan sonra Putin ordu r\u0259hb\u0259rliyini toplad\u0131","datePublished":"2024-08-07T15:22:16+00:00","dateModified":"2024-08-07T18:56:40+00:00","mainEntityOfPage":{"@id":"https:\/\/www.meydan.tv\/az\/article\/ukraynanin-kursk-emeliyyatindan-sonra-putin-ordu-rehberliyini-topladi\/"},"wordCount":869,"publisher":{"@id":"https:\/\/www.meydan.tv\/az\/#organization"},"image":{"@id":"https:\/\/www.meydan.tv\/az\/article\/ukraynanin-kursk-emeliyyatindan-sonra-putin-ordu-rehberliyini-topladi\/#primaryimage"},"thumbnailUrl":"https:\/\/www.meydan.tv\/wp-content\/uploads\/2024-08-07t143600z_666094230_rc22b9apcktc_rtrmadp_3_ukraine-crisis-russia-kursk-scaled.jpg","articleSection":["D\u00fcnya","Video","X\u0259b\u0259rl\u0259r"],"inLanguage":"az"},{"@type":"WebPage","@id":"https:\/\/www.meydan.tv\/az\/article\/ukraynanin-kursk-emeliyyatindan-sonra-putin-ordu-rehberliyini-topladi\/","url":"https:\/\/www.meydan.tv\/az\/article\/ukraynanin-kursk-emeliyyatindan-sonra-putin-ordu-rehberliyini-topladi\/","name":"Ukraynan\u0131n \"Kursk \u0259m\u0259liyyat\u0131\"ndan sonra Putin ordu r\u0259hb\u0259rliyini toplad\u0131 - MEYDAN.TV","isPartOf":{"@id":"https:\/\/www.meydan.tv\/az\/#website"},"primaryImageOfPage":{"@id":"https:\/\/www.meydan.tv\/az\/article\/ukraynanin-kursk-emeliyyatindan-sonra-putin-ordu-rehberliyini-topladi\/#primaryimage"},"image":{"@id":"https:\/\/www.meydan.tv\/az\/article\/ukraynanin-kursk-emeliyyatindan-sonra-putin-ordu-rehberliyini-topladi\/#primaryimage"},"thumbnailUrl":"https:\/\/www.meydan.tv\/wp-content\/uploads\/2024-08-07t143600z_666094230_rc22b9apcktc_rtrmadp_3_ukraine-crisis-russia-kursk-scaled.jpg","datePublished":"2024-08-07T15:22:16+00:00","dateModified":"2024-08-07T18:56:40+00:00","description":"Ba\u015f Q\u0259rargah r\u0259isi bildirib ki, avqustun 6-da Ukrayna Silahl\u0131 Q\u00fcvv\u0259l\u0259rinin min n\u0259f\u0259r\u0259 q\u0259d\u0259r olan b\u00f6lm\u0259l\u0259ri Sudjanski rayonunun \u0259razisinin bir hiss\u0259sini \u0259l\u0259 ke\u00e7irm\u0259k m\u0259qs\u0259di il\u0259 h\u00fccuma ke\u00e7ib.","breadcrumb":{"@id":"https:\/\/www.meydan.tv\/az\/article\/ukraynanin-kursk-emeliyyatindan-sonra-putin-ordu-rehberliyini-topladi\/#breadcrumb"},"inLanguage":"az","potentialAction":[{"@type":"ReadAction","target":["https:\/\/www.meydan.tv\/az\/article\/ukraynanin-kursk-emeliyyatindan-sonra-putin-ordu-rehberliyini-topladi\/"]}]},{"@type":"ImageObject","inLanguage":"az","@id":"https:\/\/www.meydan.tv\/az\/article\/ukraynanin-kursk-emeliyyatindan-sonra-putin-ordu-rehberliyini-topladi\/#primaryimage","url":"https:\/\/www.meydan.tv\/wp-content\/uploads\/2024-08-07t143600z_666094230_rc22b9apcktc_rtrmadp_3_ukraine-crisis-russia-kursk-scaled.jpg","contentUrl":"https:\/\/www.meydan.tv\/wp-content\/uploads\/2024-08-07t143600z_666094230_rc22b9apcktc_rtrmadp_3_ukraine-crisis-russia-kursk-scaled.jpg","width":2560,"height":1707,"caption":"Putin ordu r\u0259hb\u0259rliyini toplad\u0131. Foto: Reuters"},{"@type":"BreadcrumbList","@id":"https:\/\/www.meydan.tv\/az\/article\/ukraynanin-kursk-emeliyyatindan-sonra-putin-ordu-rehberliyini-topladi\/#breadcrumb","itemListElement":[{"@type":"ListItem","position":1,"name":"Ana s\u0259hif\u0259","item":"https:\/\/www.meydan.tv\/az\/"},{"@type":"ListItem","position":2,"name":"X\u0259b\u0259rl\u0259r","item":"https:\/\/www.meydan.tv\/az\/section\/xeberler\/"},{"@type":"ListItem","position":3,"name":"Ukraynan\u0131n &#8220;Kursk \u0259m\u0259liyyat\u0131&#8221;ndan sonra Putin ordu r\u0259hb\u0259rliyini toplad\u0131"}]},{"@type":"WebSite","@id":"https:\/\/www.meydan.tv\/az\/#website","url":"https:\/\/www.meydan.tv\/az\/","name":"MEYDAN.TV","description":"Meydan TV Az\u0259rbaycan\u0131n media m\u0259kan\u0131ndak\u0131 alternativ s\u0259sidir","publisher":{"@id":"https:\/\/www.meydan.tv\/az\/#organization"},"potentialAction":[{"@type":"SearchAction","target":{"@type":"EntryPoint","urlTemplate":"https:\/\/www.meydan.tv\/az\/?s={search_term_string}"},"query-input":{"@type":"PropertyValueSpecification","valueRequired":true,"valueName":"search_term_string"}}],"inLanguage":"az"},{"@type":"Organization","@id":"https:\/\/www.meydan.tv\/az\/#organization","name":"Meydan TV","url":"https:\/\/www.meydan.tv\/az\/","logo":{"@type":"ImageObject","inLanguage":"az","@id":"https:\/\/www.meydan.tv\/az\/#\/schema\/logo\/image\/","url":"https:\/\/www.meydan.tv\/wp-content\/uploads\/2021\/07\/meydan-logo.svg","contentUrl":"https:\/\/www.meydan.tv\/wp-content\/uploads\/2021\/07\/meydan-logo.svg","width":195,"height":46,"caption":"Meydan TV"},"image":{"@id":"https:\/\/www.meydan.tv\/az\/#\/schema\/logo\/image\/"}},{"@type":"Person","@id":"https:\/\/www.meydan.tv\/az\/#\/schema\/person\/476e9360e593fa131d5d71d51866f8da","name":"aleks"}]}},"_links":{"self":[{"href":"https:\/\/www.meydan.tv\/az\/wp-json\/wp\/v2\/posts\/312449","targetHints":{"allow":["GET"]}}],"collection":[{"href":"https:\/\/www.meydan.tv\/az\/wp-json\/wp\/v2\/posts"}],"about":[{"href":"https:\/\/www.meydan.tv\/az\/wp-json\/wp\/v2\/types\/post"}],"author":[{"embeddable":true,"href":"https:\/\/www.meydan.tv\/az\/wp-json\/wp\/v2\/users\/12"}],"replies":[{"embeddable":true,"href":"https:\/\/www.meydan.tv\/az\/wp-json\/wp\/v2\/comments?post=312449"}],"version-history":[{"count":4,"href":"https:\/\/www.meydan.tv\/az\/wp-json\/wp\/v2\/posts\/312449\/revisions"}],"predecessor-version":[{"id":312466,"href":"https:\/\/www.meydan.tv\/az\/wp-json\/wp\/v2\/posts\/312449\/revisions\/312466"}],"wp:featuredmedia":[{"embeddable":true,"href":"https:\/\/www.meydan.tv\/az\/wp-json\/wp\/v2\/media\/312450"}],"wp:attachment":[{"href":"https:\/\/www.meydan.tv\/az\/wp-json\/wp\/v2\/media?parent=312449"}],"wp:term":[{"taxonomy":"category","embeddable":true,"href":"https:\/\/www.meydan.tv\/az\/wp-json\/wp\/v2\/categories?post=312449"},{"taxonomy":"post_tag","embeddable":true,"href":"https:\/\/www.meydan.tv\/az\/wp-json\/wp\/v2\/tags?post=312449"}],"curies":[{"name":"wp","href":"https:\/\/api.w.org\/{rel}","templated":true}]}}