{"id":312212,"date":"2024-08-05T16:02:26","date_gmt":"2024-08-05T12:02:26","guid":{"rendered":"https:\/\/www.meydan.tv\/?p=312212"},"modified":"2024-08-05T16:04:14","modified_gmt":"2024-08-05T12:04:14","slug":"qarabag-universitetinde-xarici-telebeler-ucun-de-qebul-elan-olunacaq","status":"publish","type":"post","link":"https:\/\/www.meydan.tv\/az\/article\/qarabag-universitetinde-xarici-telebeler-ucun-de-qebul-elan-olunacaq\/","title":{"rendered":"Qaraba\u011f Universitetind\u0259 xarici t\u0259l\u0259b\u0259l\u0259r \u00fc\u00e7\u00fcn d\u0259 q\u0259bul elan olunacaq"},"content":{"rendered":"\n<p><\/p>\n\n\n\n<p><strong><em>&#8220;Universitetin Az\u0259rbaycan\u0131 d\u00fcnyada \u0259n yax\u015f\u0131 s\u0259viyy\u0259d\u0259 t\u0259msil etm\u0259sini ist\u0259yirik&#8221;<\/em><\/strong><\/p>\n\n\n\n<p>Qaraba\u011f Universitetind\u0259 magistratura v\u0259 doktoranturaya q\u0259bul ke\u00e7iril\u0259c\u0259yi, h\u0259m\u00e7inin xarici t\u0259l\u0259b\u0259l\u0259rin t\u0259hsil alaca\u011f\u0131 bildirilir.<\/p>\n\n\n\n<p>Bu bar\u0259d\u0259 m\u0259lumat\u0131 universitetin rektoru \u015eahin Bayramov Diaspor G\u0259ncl\u0259rinin V Yay D\u00fc\u015f\u0259rg\u0259sinin i\u015ftirak\u00e7\u0131lar\u0131 il\u0259 g\u00f6r\u00fc\u015f\u00fc zaman\u0131 verib.<\/p>\n\n\n\n<p><em>\u201cQaraba\u011f universitetinin m\u00fcasir bir t\u0259hsil oca\u011f\u0131 olaraq Az\u0259rbaycan ali t\u0259hsilini d\u00fcnyada \u0259n yax\u015f\u0131 s\u0259viyy\u0259d\u0259 t\u0259msil etm\u0259sini ist\u0259yirik\u201d<\/em>, &#8211; \u015eahin Bayramov bildirib.<\/p>\n\n\n\n<p>Qaraba\u011f Universiteti Prezident \u0130lham \u018fliyevin s\u0259r\u0259ncam\u0131 il\u0259 2023-c\u00fc ild\u0259 yarad\u0131l\u0131b.<\/p>\n\n\n\n<p>Universitetd\u0259 bu il t\u0259hsil alacaq t\u0259l\u0259b\u0259 yeri 1200 n\u0259f\u0259r m\u00fc\u0259yy\u0259nl\u0259\u015fdirilib.<\/p>\n\n\n\n<p>2024\/2025-ci t\u0259dris ili \u00fc\u00e7\u00fcn \u00fcmumilikd\u0259 27 ixtisas \u00fczr\u0259 t\u0259l\u0259b\u0259 q\u0259bulu olacaq.<\/p>\n\n\n\n<p>\u0130lkin m\u0259rh\u0259l\u0259d\u0259 Qaraba\u011f Universitetind\u0259 kadr haz\u0131rl\u0131\u011f\u0131 6 fak\u00fclt\u0259d\u0259 apar\u0131lacaq: Pedaqoji, \u0130nc\u0259s\u0259n\u0259t, Humanitar v\u0259 sosial elml\u0259r, \u0130qtisadiyyat, M\u00fch\u0259ndislik v\u0259 Turizm.<\/p>\n\n\n\n<p>Pedaqoji fak\u00fclt\u0259d\u0259 \u201cRiyaziyyat m\u00fc\u0259llimliyi\u201d, \u201c\u0130btidai sinif m\u00fc\u0259llimliyi\u201d, \u201cXarici dil m\u00fc\u0259llimliyi (ingilis dili)\u201d, \u201cAz\u0259rbaycan dili v\u0259 \u0259d\u0259biyyat\u0131 m\u00fc\u0259llimliyi\u201d ixtisaslar\u0131 \u00fczr\u0259 t\u0259dris apar\u0131lacaq.<\/p>\n\n\n\n<p>\u0130nc\u0259s\u0259n\u0259t fak\u00fclt\u0259si \u201cMusiqi m\u00fc\u0259llimliyi\u201d, \u201cDekorativ-t\u0259tbiqi s\u0259n\u0259t\u201d, \u201cDizayn\u201d, \u201c\u0130nstrumental ifa\u00e7\u0131l\u0131q\u201d v\u0259 \u201cVokal s\u0259n\u0259ti\u201d ixtisaslar\u0131n\u0131 \u0259hat\u0259 edir.<\/p>\n\n\n\n<p>Humanitar v\u0259 sosial elml\u0259r fak\u00fclt\u0259sind\u0259 \u201cBeyn\u0259lxalq m\u00fcnasib\u0259tl\u0259r\u201d, \u201cH\u00fcquq\u015f\u00fcnasl\u0131q\u201d, \u201cTarix\u201d v\u0259 \u201cPsixologiya\u201d ixtisaslar\u0131 \u00fczr\u0259 kadr haz\u0131rl\u0131\u011f\u0131 t\u0259\u015fkil edil\u0259c\u0259k.<\/p>\n\n\n\n<p>\u0130qtisadiyyat fak\u00fclt\u0259sind\u0259 \u201cBeyn\u0259lxalq ticar\u0259t v\u0259 logistika\u201d, \u201c\u0130qtisadiyyat\u201d, \u201cMaliyy\u0259\u201d, \u201cMenecment\u201d, \u201cM\u00fchasibat\u201d, \u201cD\u00f6vl\u0259t v\u0259 b\u0259l\u0259diyy\u0259 idar\u0259etm\u0259si\u201d ixtisaslar\u0131 t\u0259dris olunacaq.<\/p>\n\n\n\n<p>M\u00fch\u0259ndislik fak\u00fclt\u0259sind\u0259 \u201cElektrik v\u0259 elektronika m\u00fch\u0259ndisliyi\u201d, \u201c\u0130n\u015faat m\u00fch\u0259ndisliyi\u201d, \u201cKomp\u00fcter m\u00fch\u0259ndisliyi\u201d, \u201cLogistika v\u0259 n\u0259qliyyat texnologiyalar\u0131 m\u00fch\u0259ndisliyi\u201d, \u201cMexatronika v\u0259 robototexnika m\u00fch\u0259ndisliyi\u201d ixtisaslar\u0131 \u00fczr\u0259 kadr haz\u0131rl\u0131\u011f\u0131 n\u0259z\u0259rd\u0259 tutulub.<\/p>\n\n\n\n<p>Turizm fak\u00fclt\u0259sind\u0259 is\u0259 \u201cTurizm i\u015finin t\u0259\u015fkili ixtisas\u0131\u201d \u00fczr\u0259 y\u00fcks\u0259k ixtisasl\u0131 m\u00fct\u0259x\u0259ssis haz\u0131rl\u0131\u011f\u0131na ba\u015flan\u0131lacaq.<\/p>\n","protected":false},"excerpt":{"rendered":"<p>&#8220;Universitetin Az\u0259rbaycan\u0131 d\u00fcnyada \u0259n yax\u015f\u0131 s\u0259viyy\u0259d\u0259 t\u0259msil etm\u0259sini ist\u0259yirik&#8221; Qaraba\u011f &#8230; <\/p>\n<p class=\"read-more-container\"><a title=\"Qaraba\u011f Universitetind\u0259 xarici t\u0259l\u0259b\u0259l\u0259r \u00fc\u00e7\u00fcn d\u0259 q\u0259bul elan olunacaq\" class=\"read-more button\" href=\"https:\/\/www.meydan.tv\/az\/article\/qarabag-universitetinde-xarici-telebeler-ucun-de-qebul-elan-olunacaq\/#more-312212\" aria-label=\"Read more about Qaraba\u011f Universitetind\u0259 xarici t\u0259l\u0259b\u0259l\u0259r \u00fc\u00e7\u00fcn d\u0259 q\u0259bul elan olunacaq\">Davam\u0131<\/a><\/p>\n","protected":false},"author":8,"featured_media":308133,"comment_status":"closed","ping_status":"closed","sticky":false,"template":"","format":"standard","meta":{"_acf_changed":false,"_sitemap_exclude":false,"_sitemap_priority":"","_sitemap_frequency":"","footnotes":""},"categories":[62,56],"tags":[],"class_list":["post-312212","post","type-post","status-publish","format-standard","has-post-thumbnail","hentry","category-sosial","category-xeberler","infinite-scroll-item","generate-columns","tablet-grid-50","mobile-grid-100","grid-parent","grid-33","no-featured-image-padding"],"acf":[],"yoast_head":"<!-- This site is optimized with the Yoast SEO plugin v27.5 - https:\/\/yoast.com\/product\/yoast-seo-wordpress\/ -->\n<title>Qaraba\u011f Universitetind\u0259 xarici t\u0259l\u0259b\u0259l\u0259r \u00fc\u00e7\u00fcn d\u0259 q\u0259bul elan olunacaq - MEYDAN.TV<\/title>\n<meta name=\"description\" content=\"Qaraba\u011f Universitetind\u0259 magistratura v\u0259 doktoranturaya q\u0259bul ke\u00e7iril\u0259c\u0259yi, h\u0259m\u00e7inin xarici t\u0259l\u0259b\u0259l\u0259rin t\u0259hsil alaca\u011f\u0131 bildirilir.\" \/>\n<meta name=\"robots\" content=\"index, follow, max-snippet:-1, max-image-preview:large, max-video-preview:-1\" \/>\n<link rel=\"canonical\" href=\"https:\/\/www.meydan.tv\/az\/article\/qarabag-universitetinde-xarici-telebeler-ucun-de-qebul-elan-olunacaq\/\" \/>\n<meta property=\"og:locale\" content=\"az_AZ\" \/>\n<meta property=\"og:type\" content=\"article\" \/>\n<meta property=\"og:title\" content=\"Qaraba\u011f Universitetind\u0259 xarici t\u0259l\u0259b\u0259l\u0259r \u00fc\u00e7\u00fcn d\u0259 q\u0259bul elan olunacaq - MEYDAN.TV\" \/>\n<meta property=\"og:description\" content=\"Qaraba\u011f Universitetind\u0259 magistratura v\u0259 doktoranturaya q\u0259bul ke\u00e7iril\u0259c\u0259yi, h\u0259m\u00e7inin xarici t\u0259l\u0259b\u0259l\u0259rin t\u0259hsil alaca\u011f\u0131 bildirilir.\" \/>\n<meta property=\"og:url\" content=\"https:\/\/www.meydan.tv\/az\/article\/qarabag-universitetinde-xarici-telebeler-ucun-de-qebul-elan-olunacaq\/\" \/>\n<meta property=\"og:site_name\" content=\"MEYDAN.TV\" \/>\n<meta property=\"article:published_time\" content=\"2024-08-05T12:02:26+00:00\" \/>\n<meta property=\"article:modified_time\" content=\"2024-08-05T12:04:14+00:00\" \/>\n<meta property=\"og:image\" content=\"https:\/\/www.meydan.tv\/wp-content\/uploads\/6626013de50d26626013de50d317137667176626013de50d06626013de50d1.jpg\" \/>\n\t<meta property=\"og:image:width\" content=\"1200\" \/>\n\t<meta property=\"og:image:height\" content=\"800\" \/>\n\t<meta property=\"og:image:type\" content=\"image\/jpeg\" \/>\n<meta name=\"author\" content=\"elli\" \/>\n<meta name=\"twitter:card\" content=\"summary_large_image\" \/>\n<meta name=\"twitter:creator\" content=\"@elli\" \/>\n<script type=\"application\/ld+json\" class=\"yoast-schema-graph\">{\"@context\":\"https:\\\/\\\/schema.org\",\"@graph\":[{\"@type\":\"Article\",\"@id\":\"https:\\\/\\\/www.meydan.tv\\\/az\\\/article\\\/qarabag-universitetinde-xarici-telebeler-ucun-de-qebul-elan-olunacaq\\\/#article\",\"isPartOf\":{\"@id\":\"https:\\\/\\\/www.meydan.tv\\\/az\\\/article\\\/qarabag-universitetinde-xarici-telebeler-ucun-de-qebul-elan-olunacaq\\\/\"},\"author\":{\"name\":\"elli\",\"@id\":\"https:\\\/\\\/www.meydan.tv\\\/az\\\/#\\\/schema\\\/person\\\/9cdbecf90d17180ce1dfbd95b08dcf47\"},\"headline\":\"Qaraba\u011f Universitetind\u0259 xarici t\u0259l\u0259b\u0259l\u0259r \u00fc\u00e7\u00fcn d\u0259 q\u0259bul elan olunacaq\",\"datePublished\":\"2024-08-05T12:02:26+00:00\",\"dateModified\":\"2024-08-05T12:04:14+00:00\",\"mainEntityOfPage\":{\"@id\":\"https:\\\/\\\/www.meydan.tv\\\/az\\\/article\\\/qarabag-universitetinde-xarici-telebeler-ucun-de-qebul-elan-olunacaq\\\/\"},\"wordCount\":378,\"publisher\":{\"@id\":\"https:\\\/\\\/www.meydan.tv\\\/az\\\/#organization\"},\"image\":{\"@id\":\"https:\\\/\\\/www.meydan.tv\\\/az\\\/article\\\/qarabag-universitetinde-xarici-telebeler-ucun-de-qebul-elan-olunacaq\\\/#primaryimage\"},\"thumbnailUrl\":\"https:\\\/\\\/www.meydan.tv\\\/wp-content\\\/uploads\\\/6626013de50d26626013de50d317137667176626013de50d06626013de50d1.jpg\",\"articleSection\":[\"Sosial\",\"X\u0259b\u0259rl\u0259r\"],\"inLanguage\":\"az\"},{\"@type\":\"WebPage\",\"@id\":\"https:\\\/\\\/www.meydan.tv\\\/az\\\/article\\\/qarabag-universitetinde-xarici-telebeler-ucun-de-qebul-elan-olunacaq\\\/\",\"url\":\"https:\\\/\\\/www.meydan.tv\\\/az\\\/article\\\/qarabag-universitetinde-xarici-telebeler-ucun-de-qebul-elan-olunacaq\\\/\",\"name\":\"Qaraba\u011f Universitetind\u0259 xarici t\u0259l\u0259b\u0259l\u0259r \u00fc\u00e7\u00fcn d\u0259 q\u0259bul elan olunacaq - MEYDAN.TV\",\"isPartOf\":{\"@id\":\"https:\\\/\\\/www.meydan.tv\\\/az\\\/#website\"},\"primaryImageOfPage\":{\"@id\":\"https:\\\/\\\/www.meydan.tv\\\/az\\\/article\\\/qarabag-universitetinde-xarici-telebeler-ucun-de-qebul-elan-olunacaq\\\/#primaryimage\"},\"image\":{\"@id\":\"https:\\\/\\\/www.meydan.tv\\\/az\\\/article\\\/qarabag-universitetinde-xarici-telebeler-ucun-de-qebul-elan-olunacaq\\\/#primaryimage\"},\"thumbnailUrl\":\"https:\\\/\\\/www.meydan.tv\\\/wp-content\\\/uploads\\\/6626013de50d26626013de50d317137667176626013de50d06626013de50d1.jpg\",\"datePublished\":\"2024-08-05T12:02:26+00:00\",\"dateModified\":\"2024-08-05T12:04:14+00:00\",\"description\":\"Qaraba\u011f Universitetind\u0259 magistratura v\u0259 doktoranturaya q\u0259bul ke\u00e7iril\u0259c\u0259yi, h\u0259m\u00e7inin xarici t\u0259l\u0259b\u0259l\u0259rin t\u0259hsil alaca\u011f\u0131 bildirilir.\",\"breadcrumb\":{\"@id\":\"https:\\\/\\\/www.meydan.tv\\\/az\\\/article\\\/qarabag-universitetinde-xarici-telebeler-ucun-de-qebul-elan-olunacaq\\\/#breadcrumb\"},\"inLanguage\":\"az\",\"potentialAction\":[{\"@type\":\"ReadAction\",\"target\":[\"https:\\\/\\\/www.meydan.tv\\\/az\\\/article\\\/qarabag-universitetinde-xarici-telebeler-ucun-de-qebul-elan-olunacaq\\\/\"]}]},{\"@type\":\"ImageObject\",\"inLanguage\":\"az\",\"@id\":\"https:\\\/\\\/www.meydan.tv\\\/az\\\/article\\\/qarabag-universitetinde-xarici-telebeler-ucun-de-qebul-elan-olunacaq\\\/#primaryimage\",\"url\":\"https:\\\/\\\/www.meydan.tv\\\/wp-content\\\/uploads\\\/6626013de50d26626013de50d317137667176626013de50d06626013de50d1.jpg\",\"contentUrl\":\"https:\\\/\\\/www.meydan.tv\\\/wp-content\\\/uploads\\\/6626013de50d26626013de50d317137667176626013de50d06626013de50d1.jpg\",\"width\":1200,\"height\":800,\"caption\":\"Foto: Qaraba\u011f Universiteti.\"},{\"@type\":\"BreadcrumbList\",\"@id\":\"https:\\\/\\\/www.meydan.tv\\\/az\\\/article\\\/qarabag-universitetinde-xarici-telebeler-ucun-de-qebul-elan-olunacaq\\\/#breadcrumb\",\"itemListElement\":[{\"@type\":\"ListItem\",\"position\":1,\"name\":\"Ana s\u0259hif\u0259\",\"item\":\"https:\\\/\\\/www.meydan.tv\\\/az\\\/\"},{\"@type\":\"ListItem\",\"position\":2,\"name\":\"Sosial\",\"item\":\"https:\\\/\\\/www.meydan.tv\\\/az\\\/section\\\/sosial\\\/\"},{\"@type\":\"ListItem\",\"position\":3,\"name\":\"Qaraba\u011f Universitetind\u0259 xarici t\u0259l\u0259b\u0259l\u0259r \u00fc\u00e7\u00fcn d\u0259 q\u0259bul elan olunacaq\"}]},{\"@type\":\"WebSite\",\"@id\":\"https:\\\/\\\/www.meydan.tv\\\/az\\\/#website\",\"url\":\"https:\\\/\\\/www.meydan.tv\\\/az\\\/\",\"name\":\"MEYDAN.TV\",\"description\":\"Meydan TV Az\u0259rbaycan\u0131n media m\u0259kan\u0131ndak\u0131 alternativ s\u0259sidir\",\"publisher\":{\"@id\":\"https:\\\/\\\/www.meydan.tv\\\/az\\\/#organization\"},\"potentialAction\":[{\"@type\":\"SearchAction\",\"target\":{\"@type\":\"EntryPoint\",\"urlTemplate\":\"https:\\\/\\\/www.meydan.tv\\\/az\\\/?s={search_term_string}\"},\"query-input\":{\"@type\":\"PropertyValueSpecification\",\"valueRequired\":true,\"valueName\":\"search_term_string\"}}],\"inLanguage\":\"az\"},{\"@type\":\"Organization\",\"@id\":\"https:\\\/\\\/www.meydan.tv\\\/az\\\/#organization\",\"name\":\"Meydan TV\",\"url\":\"https:\\\/\\\/www.meydan.tv\\\/az\\\/\",\"logo\":{\"@type\":\"ImageObject\",\"inLanguage\":\"az\",\"@id\":\"https:\\\/\\\/www.meydan.tv\\\/az\\\/#\\\/schema\\\/logo\\\/image\\\/\",\"url\":\"https:\\\/\\\/www.meydan.tv\\\/wp-content\\\/uploads\\\/2021\\\/07\\\/meydan-logo.svg\",\"contentUrl\":\"https:\\\/\\\/www.meydan.tv\\\/wp-content\\\/uploads\\\/2021\\\/07\\\/meydan-logo.svg\",\"width\":195,\"height\":46,\"caption\":\"Meydan TV\"},\"image\":{\"@id\":\"https:\\\/\\\/www.meydan.tv\\\/az\\\/#\\\/schema\\\/logo\\\/image\\\/\"}},{\"@type\":\"Person\",\"@id\":\"https:\\\/\\\/www.meydan.tv\\\/az\\\/#\\\/schema\\\/person\\\/9cdbecf90d17180ce1dfbd95b08dcf47\",\"name\":\"elli\",\"sameAs\":[\"https:\\\/\\\/x.com\\\/elli\"]}]}<\/script>\n<!-- \/ Yoast SEO plugin. -->","yoast_head_json":{"title":"Qaraba\u011f Universitetind\u0259 xarici t\u0259l\u0259b\u0259l\u0259r \u00fc\u00e7\u00fcn d\u0259 q\u0259bul elan olunacaq - MEYDAN.TV","description":"Qaraba\u011f Universitetind\u0259 magistratura v\u0259 doktoranturaya q\u0259bul ke\u00e7iril\u0259c\u0259yi, h\u0259m\u00e7inin xarici t\u0259l\u0259b\u0259l\u0259rin t\u0259hsil alaca\u011f\u0131 bildirilir.","robots":{"index":"index","follow":"follow","max-snippet":"max-snippet:-1","max-image-preview":"max-image-preview:large","max-video-preview":"max-video-preview:-1"},"canonical":"https:\/\/www.meydan.tv\/az\/article\/qarabag-universitetinde-xarici-telebeler-ucun-de-qebul-elan-olunacaq\/","og_locale":"az_AZ","og_type":"article","og_title":"Qaraba\u011f Universitetind\u0259 xarici t\u0259l\u0259b\u0259l\u0259r \u00fc\u00e7\u00fcn d\u0259 q\u0259bul elan olunacaq - MEYDAN.TV","og_description":"Qaraba\u011f Universitetind\u0259 magistratura v\u0259 doktoranturaya q\u0259bul ke\u00e7iril\u0259c\u0259yi, h\u0259m\u00e7inin xarici t\u0259l\u0259b\u0259l\u0259rin t\u0259hsil alaca\u011f\u0131 bildirilir.","og_url":"https:\/\/www.meydan.tv\/az\/article\/qarabag-universitetinde-xarici-telebeler-ucun-de-qebul-elan-olunacaq\/","og_site_name":"MEYDAN.TV","article_published_time":"2024-08-05T12:02:26+00:00","article_modified_time":"2024-08-05T12:04:14+00:00","og_image":[{"width":1200,"height":800,"url":"https:\/\/www.meydan.tv\/wp-content\/uploads\/6626013de50d26626013de50d317137667176626013de50d06626013de50d1.jpg","type":"image\/jpeg"}],"author":"elli","twitter_card":"summary_large_image","twitter_creator":"@elli","schema":{"@context":"https:\/\/schema.org","@graph":[{"@type":"Article","@id":"https:\/\/www.meydan.tv\/az\/article\/qarabag-universitetinde-xarici-telebeler-ucun-de-qebul-elan-olunacaq\/#article","isPartOf":{"@id":"https:\/\/www.meydan.tv\/az\/article\/qarabag-universitetinde-xarici-telebeler-ucun-de-qebul-elan-olunacaq\/"},"author":{"name":"elli","@id":"https:\/\/www.meydan.tv\/az\/#\/schema\/person\/9cdbecf90d17180ce1dfbd95b08dcf47"},"headline":"Qaraba\u011f Universitetind\u0259 xarici t\u0259l\u0259b\u0259l\u0259r \u00fc\u00e7\u00fcn d\u0259 q\u0259bul elan olunacaq","datePublished":"2024-08-05T12:02:26+00:00","dateModified":"2024-08-05T12:04:14+00:00","mainEntityOfPage":{"@id":"https:\/\/www.meydan.tv\/az\/article\/qarabag-universitetinde-xarici-telebeler-ucun-de-qebul-elan-olunacaq\/"},"wordCount":378,"publisher":{"@id":"https:\/\/www.meydan.tv\/az\/#organization"},"image":{"@id":"https:\/\/www.meydan.tv\/az\/article\/qarabag-universitetinde-xarici-telebeler-ucun-de-qebul-elan-olunacaq\/#primaryimage"},"thumbnailUrl":"https:\/\/www.meydan.tv\/wp-content\/uploads\/6626013de50d26626013de50d317137667176626013de50d06626013de50d1.jpg","articleSection":["Sosial","X\u0259b\u0259rl\u0259r"],"inLanguage":"az"},{"@type":"WebPage","@id":"https:\/\/www.meydan.tv\/az\/article\/qarabag-universitetinde-xarici-telebeler-ucun-de-qebul-elan-olunacaq\/","url":"https:\/\/www.meydan.tv\/az\/article\/qarabag-universitetinde-xarici-telebeler-ucun-de-qebul-elan-olunacaq\/","name":"Qaraba\u011f Universitetind\u0259 xarici t\u0259l\u0259b\u0259l\u0259r \u00fc\u00e7\u00fcn d\u0259 q\u0259bul elan olunacaq - MEYDAN.TV","isPartOf":{"@id":"https:\/\/www.meydan.tv\/az\/#website"},"primaryImageOfPage":{"@id":"https:\/\/www.meydan.tv\/az\/article\/qarabag-universitetinde-xarici-telebeler-ucun-de-qebul-elan-olunacaq\/#primaryimage"},"image":{"@id":"https:\/\/www.meydan.tv\/az\/article\/qarabag-universitetinde-xarici-telebeler-ucun-de-qebul-elan-olunacaq\/#primaryimage"},"thumbnailUrl":"https:\/\/www.meydan.tv\/wp-content\/uploads\/6626013de50d26626013de50d317137667176626013de50d06626013de50d1.jpg","datePublished":"2024-08-05T12:02:26+00:00","dateModified":"2024-08-05T12:04:14+00:00","description":"Qaraba\u011f Universitetind\u0259 magistratura v\u0259 doktoranturaya q\u0259bul ke\u00e7iril\u0259c\u0259yi, h\u0259m\u00e7inin xarici t\u0259l\u0259b\u0259l\u0259rin t\u0259hsil alaca\u011f\u0131 bildirilir.","breadcrumb":{"@id":"https:\/\/www.meydan.tv\/az\/article\/qarabag-universitetinde-xarici-telebeler-ucun-de-qebul-elan-olunacaq\/#breadcrumb"},"inLanguage":"az","potentialAction":[{"@type":"ReadAction","target":["https:\/\/www.meydan.tv\/az\/article\/qarabag-universitetinde-xarici-telebeler-ucun-de-qebul-elan-olunacaq\/"]}]},{"@type":"ImageObject","inLanguage":"az","@id":"https:\/\/www.meydan.tv\/az\/article\/qarabag-universitetinde-xarici-telebeler-ucun-de-qebul-elan-olunacaq\/#primaryimage","url":"https:\/\/www.meydan.tv\/wp-content\/uploads\/6626013de50d26626013de50d317137667176626013de50d06626013de50d1.jpg","contentUrl":"https:\/\/www.meydan.tv\/wp-content\/uploads\/6626013de50d26626013de50d317137667176626013de50d06626013de50d1.jpg","width":1200,"height":800,"caption":"Foto: Qaraba\u011f Universiteti."},{"@type":"BreadcrumbList","@id":"https:\/\/www.meydan.tv\/az\/article\/qarabag-universitetinde-xarici-telebeler-ucun-de-qebul-elan-olunacaq\/#breadcrumb","itemListElement":[{"@type":"ListItem","position":1,"name":"Ana s\u0259hif\u0259","item":"https:\/\/www.meydan.tv\/az\/"},{"@type":"ListItem","position":2,"name":"Sosial","item":"https:\/\/www.meydan.tv\/az\/section\/sosial\/"},{"@type":"ListItem","position":3,"name":"Qaraba\u011f Universitetind\u0259 xarici t\u0259l\u0259b\u0259l\u0259r \u00fc\u00e7\u00fcn d\u0259 q\u0259bul elan olunacaq"}]},{"@type":"WebSite","@id":"https:\/\/www.meydan.tv\/az\/#website","url":"https:\/\/www.meydan.tv\/az\/","name":"MEYDAN.TV","description":"Meydan TV Az\u0259rbaycan\u0131n media m\u0259kan\u0131ndak\u0131 alternativ s\u0259sidir","publisher":{"@id":"https:\/\/www.meydan.tv\/az\/#organization"},"potentialAction":[{"@type":"SearchAction","target":{"@type":"EntryPoint","urlTemplate":"https:\/\/www.meydan.tv\/az\/?s={search_term_string}"},"query-input":{"@type":"PropertyValueSpecification","valueRequired":true,"valueName":"search_term_string"}}],"inLanguage":"az"},{"@type":"Organization","@id":"https:\/\/www.meydan.tv\/az\/#organization","name":"Meydan TV","url":"https:\/\/www.meydan.tv\/az\/","logo":{"@type":"ImageObject","inLanguage":"az","@id":"https:\/\/www.meydan.tv\/az\/#\/schema\/logo\/image\/","url":"https:\/\/www.meydan.tv\/wp-content\/uploads\/2021\/07\/meydan-logo.svg","contentUrl":"https:\/\/www.meydan.tv\/wp-content\/uploads\/2021\/07\/meydan-logo.svg","width":195,"height":46,"caption":"Meydan TV"},"image":{"@id":"https:\/\/www.meydan.tv\/az\/#\/schema\/logo\/image\/"}},{"@type":"Person","@id":"https:\/\/www.meydan.tv\/az\/#\/schema\/person\/9cdbecf90d17180ce1dfbd95b08dcf47","name":"elli","sameAs":["https:\/\/x.com\/elli"]}]}},"_links":{"self":[{"href":"https:\/\/www.meydan.tv\/az\/wp-json\/wp\/v2\/posts\/312212","targetHints":{"allow":["GET"]}}],"collection":[{"href":"https:\/\/www.meydan.tv\/az\/wp-json\/wp\/v2\/posts"}],"about":[{"href":"https:\/\/www.meydan.tv\/az\/wp-json\/wp\/v2\/types\/post"}],"author":[{"embeddable":true,"href":"https:\/\/www.meydan.tv\/az\/wp-json\/wp\/v2\/users\/8"}],"replies":[{"embeddable":true,"href":"https:\/\/www.meydan.tv\/az\/wp-json\/wp\/v2\/comments?post=312212"}],"version-history":[{"count":4,"href":"https:\/\/www.meydan.tv\/az\/wp-json\/wp\/v2\/posts\/312212\/revisions"}],"predecessor-version":[{"id":312216,"href":"https:\/\/www.meydan.tv\/az\/wp-json\/wp\/v2\/posts\/312212\/revisions\/312216"}],"wp:featuredmedia":[{"embeddable":true,"href":"https:\/\/www.meydan.tv\/az\/wp-json\/wp\/v2\/media\/308133"}],"wp:attachment":[{"href":"https:\/\/www.meydan.tv\/az\/wp-json\/wp\/v2\/media?parent=312212"}],"wp:term":[{"taxonomy":"category","embeddable":true,"href":"https:\/\/www.meydan.tv\/az\/wp-json\/wp\/v2\/categories?post=312212"},{"taxonomy":"post_tag","embeddable":true,"href":"https:\/\/www.meydan.tv\/az\/wp-json\/wp\/v2\/tags?post=312212"}],"curies":[{"name":"wp","href":"https:\/\/api.w.org\/{rel}","templated":true}]}}