{"id":312160,"date":"2024-08-03T15:08:22","date_gmt":"2024-08-03T11:08:22","guid":{"rendered":"https:\/\/www.meydan.tv\/?p=312160"},"modified":"2024-08-03T15:08:25","modified_gmt":"2024-08-03T11:08:25","slug":"iyulda-serhedi-pozmaqda-ittiham-olunan-22-nefer-saxlanilib","status":"publish","type":"post","link":"https:\/\/www.meydan.tv\/az\/article\/iyulda-serhedi-pozmaqda-ittiham-olunan-22-nefer-saxlanilib\/","title":{"rendered":"\u0130yulda s\u0259rh\u0259di pozmaqda ittiham olunan 22 n\u0259f\u0259r saxlan\u0131l\u0131b"},"content":{"rendered":"\n<p><\/p>\n\n\n\n<p><strong><em>\u00c7\u0131x\u0131\u015f\u0131 qada\u011fan olunan 556 n\u0259f\u0259r \u00f6lk\u0259d\u0259n burax\u0131lmay\u0131b<\/em><\/strong><\/p>\n\n\n\n<p>\u00d6t\u0259n ay Az\u0259rbaycan s\u0259rh\u0259dl\u0259rini pozmaq ist\u0259y\u0259n 22 n\u0259f\u0259r saxlan\u0131l\u0131b.<\/p>\n\n\n\n<p>Bu bar\u0259d\u0259 D\u00f6vl\u0259t S\u0259rh\u0259d Xidm\u0259tinin (DSX) iyul ay\u0131 il\u0259 ba\u011fl\u0131 <a href=\"https:\/\/www.dsx.gov.az\/news\/1779\" target=\"_blank\" rel=\"noreferrer noopener\">hesabat\u0131nda<\/a> bildirilir.<\/p>\n\n\n\n<p>DSX qeyd edir ki, saxlan\u0131lanlardan 13-\u00fc Az\u0259rbaycan, 3-\u00fc Pakistan, 2-si \u0130ran, 2-si M\u0259rake\u015f, 1-i T\u00fcrkiy\u0259, 1-i Banqlade\u015f v\u0259t\u0259nda\u015f\u0131d\u0131r.<\/p>\n\n\n\n<p><em>\u201cOn bir n\u0259f\u0259r saxta \u015ftamp v\u0259 pasport, ba\u015fqa \u015f\u0259xsl\u0259r\u0259 m\u0259xsus s\u0259n\u0259dl\u0259rl\u0259 d\u00f6vl\u0259t s\u0259rh\u0259dind\u0259n ke\u00e7m\u0259y\u0259 c\u0259hd g\u00f6st\u0259r\u0259rk\u0259n saxlan\u0131l\u0131b\u201d<\/em>.<\/p>\n\n\n\n<p>S\u0259rh\u0259d rejimi qaydalar\u0131n\u0131 pozdu\u011fu \u00fc\u00e7\u00fcns\u0259 862 n\u0259f\u0259r saxlan\u0131l\u0131b:<\/p>\n\n\n\n<p><em>\u201cAxtar\u0131\u015fda olan 309 n\u0259f\u0259r saxlan\u0131laraq aidiyy\u0259ti \u043erqanlara t\u0259hvil v\u0435rilib, \u00f6lk\u0259d\u0259n \u00e7\u0131x\u0131\u015f\u0131 qada\u011fan olunan 556 n\u0259f\u0259rin \u00f6lk\u0259ni t\u0259rk etm\u0259sinin, giri\u015fi qada\u011fan olunan 14 n\u0259f\u0259rin \u00f6lk\u0259y\u0259 daxil olmas\u0131n\u0131n qar\u015f\u0131s\u0131 al\u0131n\u0131b\u201d.<\/em><\/p>\n\n\n\n<p>M\u0259lumatda bildirilir ki, narkotikl\u0259rl\u0259 m\u00fcbariz\u0259 t\u0259dbirl\u0259ri n\u0259tic\u0259sind\u0259 d\u00f6vriyy\u0259d\u0259n 336 kq narkotik vasit\u0259 v\u0259 6486 psixotrop h\u0259b g\u00f6t\u00fcr\u00fcl\u00fcb.<\/p>\n\n\n\n<p>\u00dcmumi d\u0259y\u0259ri 3 milyon 388 min manat olan qa\u00e7aqmal, o c\u00fcml\u0259d\u0259n gec\u0259g\u00f6rm\u0259 cihazlar\u0131, ov t\u00fcf\u0259ngl\u0259ri, d\u00f6y\u00fc\u015f sursatlar\u0131, d\u0259rman vasit\u0259l\u0259ri, spirtli i\u00e7kil\u0259r v\u0259 t\u00fct\u00fcn m\u0259mulatlar\u0131 saxlan\u0131l\u0131b.<\/p>\n\n\n\n<p>\u0130yulun 24-d\u0259 Az\u0259rbaycan-\u0130ran s\u0259rh\u0259dind\u0259 insident yaranm\u0131\u015fd\u0131. S\u0259rh\u0259d Qo\u015funlar\u0131n\u0131n \u201cG\u00f6yt\u0259p\u0259\u201d s\u0259rh\u0259d d\u0259st\u0259sinin xidm\u0259ti \u0259razisind\u0259 2 n\u0259f\u0259r nam\u0259lum \u015f\u0259xs \u0130ran \u0130slam Respublikas\u0131ndan Az\u0259rbaycan istiqam\u0259tind\u0259 d\u00f6vl\u0259t s\u0259rh\u0259dini pozmaq ist\u0259yib v\u0259 h\u0259rb\u00e7il\u0259r\u0259 at\u0259\u015f a\u00e7m\u0131\u015fd\u0131. Silahl\u0131 insident n\u0259tic\u0259sind\u0259 s\u0259rh\u0259d naryad\u0131n\u0131n 2 \u00fczv\u00fc x\u0259sar\u0259t alm\u0131\u015fd\u0131.<\/p>\n","protected":false},"excerpt":{"rendered":"<p>\u00c7\u0131x\u0131\u015f\u0131 qada\u011fan olunan 556 n\u0259f\u0259r \u00f6lk\u0259d\u0259n burax\u0131lmay\u0131b \u00d6t\u0259n ay Az\u0259rbaycan &#8230; <\/p>\n<p class=\"read-more-container\"><a title=\"\u0130yulda s\u0259rh\u0259di pozmaqda ittiham olunan 22 n\u0259f\u0259r saxlan\u0131l\u0131b\" class=\"read-more button\" href=\"https:\/\/www.meydan.tv\/az\/article\/iyulda-serhedi-pozmaqda-ittiham-olunan-22-nefer-saxlanilib\/#more-312160\" aria-label=\"Read more about \u0130yulda s\u0259rh\u0259di pozmaqda ittiham olunan 22 n\u0259f\u0259r saxlan\u0131l\u0131b\">Davam\u0131<\/a><\/p>\n","protected":false},"author":21,"featured_media":298992,"comment_status":"closed","ping_status":"closed","sticky":false,"template":"","format":"standard","meta":{"_acf_changed":false,"_sitemap_exclude":false,"_sitemap_priority":"","_sitemap_frequency":"","footnotes":""},"categories":[62,56],"tags":[],"class_list":["post-312160","post","type-post","status-publish","format-standard","has-post-thumbnail","hentry","category-sosial","category-xeberler","infinite-scroll-item","generate-columns","tablet-grid-50","mobile-grid-100","grid-parent","grid-33","no-featured-image-padding"],"acf":[],"yoast_head":"<!-- This site is optimized with the Yoast SEO plugin v27.5 - https:\/\/yoast.com\/product\/yoast-seo-wordpress\/ -->\n<title>\u0130yulda s\u0259rh\u0259di pozmaqda ittiham olunan 22 n\u0259f\u0259r saxlan\u0131l\u0131b - MEYDAN.TV<\/title>\n<meta name=\"description\" content=\"DSX qeyd edir ki, saxlan\u0131lanlardan 13-\u00fc Az\u0259rbaycan, 3-\u00fc Pakistan, 2-si \u0130ran, 2-si M\u0259rake\u015f, 1-i T\u00fcrkiy\u0259, 1-i Banqlade\u015f v\u0259t\u0259nda\u015f\u0131d\u0131r.\" \/>\n<meta name=\"robots\" content=\"index, follow, max-snippet:-1, max-image-preview:large, max-video-preview:-1\" \/>\n<link rel=\"canonical\" href=\"https:\/\/www.meydan.tv\/az\/article\/iyulda-serhedi-pozmaqda-ittiham-olunan-22-nefer-saxlanilib\/\" \/>\n<meta property=\"og:locale\" content=\"az_AZ\" \/>\n<meta property=\"og:type\" content=\"article\" \/>\n<meta property=\"og:title\" content=\"\u0130yulda s\u0259rh\u0259di pozmaqda ittiham olunan 22 n\u0259f\u0259r saxlan\u0131l\u0131b - MEYDAN.TV\" \/>\n<meta property=\"og:description\" content=\"DSX qeyd edir ki, saxlan\u0131lanlardan 13-\u00fc Az\u0259rbaycan, 3-\u00fc Pakistan, 2-si \u0130ran, 2-si M\u0259rake\u015f, 1-i T\u00fcrkiy\u0259, 1-i Banqlade\u015f v\u0259t\u0259nda\u015f\u0131d\u0131r.\" \/>\n<meta property=\"og:url\" content=\"https:\/\/www.meydan.tv\/az\/article\/iyulda-serhedi-pozmaqda-ittiham-olunan-22-nefer-saxlanilib\/\" \/>\n<meta property=\"og:site_name\" content=\"MEYDAN.TV\" \/>\n<meta property=\"article:published_time\" content=\"2024-08-03T11:08:22+00:00\" \/>\n<meta property=\"article:modified_time\" content=\"2024-08-03T11:08:25+00:00\" \/>\n<meta property=\"og:image\" content=\"https:\/\/www.meydan.tv\/wp-content\/uploads\/shutterstock_320672735.jpg\" \/>\n\t<meta property=\"og:image:width\" content=\"1200\" \/>\n\t<meta property=\"og:image:height\" content=\"859\" \/>\n\t<meta property=\"og:image:type\" content=\"image\/jpeg\" \/>\n<meta name=\"author\" content=\"mahmud\" \/>\n<meta name=\"twitter:card\" content=\"summary_large_image\" \/>\n<script type=\"application\/ld+json\" class=\"yoast-schema-graph\">{\"@context\":\"https:\\\/\\\/schema.org\",\"@graph\":[{\"@type\":\"Article\",\"@id\":\"https:\\\/\\\/www.meydan.tv\\\/az\\\/article\\\/iyulda-serhedi-pozmaqda-ittiham-olunan-22-nefer-saxlanilib\\\/#article\",\"isPartOf\":{\"@id\":\"https:\\\/\\\/www.meydan.tv\\\/az\\\/article\\\/iyulda-serhedi-pozmaqda-ittiham-olunan-22-nefer-saxlanilib\\\/\"},\"author\":{\"name\":\"mahmud\",\"@id\":\"https:\\\/\\\/www.meydan.tv\\\/az\\\/#\\\/schema\\\/person\\\/09863e516102a829e72bedcf3f84c6b0\"},\"headline\":\"\u0130yulda s\u0259rh\u0259di pozmaqda ittiham olunan 22 n\u0259f\u0259r saxlan\u0131l\u0131b\",\"datePublished\":\"2024-08-03T11:08:22+00:00\",\"dateModified\":\"2024-08-03T11:08:25+00:00\",\"mainEntityOfPage\":{\"@id\":\"https:\\\/\\\/www.meydan.tv\\\/az\\\/article\\\/iyulda-serhedi-pozmaqda-ittiham-olunan-22-nefer-saxlanilib\\\/\"},\"wordCount\":402,\"publisher\":{\"@id\":\"https:\\\/\\\/www.meydan.tv\\\/az\\\/#organization\"},\"image\":{\"@id\":\"https:\\\/\\\/www.meydan.tv\\\/az\\\/article\\\/iyulda-serhedi-pozmaqda-ittiham-olunan-22-nefer-saxlanilib\\\/#primaryimage\"},\"thumbnailUrl\":\"https:\\\/\\\/www.meydan.tv\\\/wp-content\\\/uploads\\\/shutterstock_320672735.jpg\",\"articleSection\":[\"Sosial\",\"X\u0259b\u0259rl\u0259r\"],\"inLanguage\":\"az\"},{\"@type\":\"WebPage\",\"@id\":\"https:\\\/\\\/www.meydan.tv\\\/az\\\/article\\\/iyulda-serhedi-pozmaqda-ittiham-olunan-22-nefer-saxlanilib\\\/\",\"url\":\"https:\\\/\\\/www.meydan.tv\\\/az\\\/article\\\/iyulda-serhedi-pozmaqda-ittiham-olunan-22-nefer-saxlanilib\\\/\",\"name\":\"\u0130yulda s\u0259rh\u0259di pozmaqda ittiham olunan 22 n\u0259f\u0259r saxlan\u0131l\u0131b - MEYDAN.TV\",\"isPartOf\":{\"@id\":\"https:\\\/\\\/www.meydan.tv\\\/az\\\/#website\"},\"primaryImageOfPage\":{\"@id\":\"https:\\\/\\\/www.meydan.tv\\\/az\\\/article\\\/iyulda-serhedi-pozmaqda-ittiham-olunan-22-nefer-saxlanilib\\\/#primaryimage\"},\"image\":{\"@id\":\"https:\\\/\\\/www.meydan.tv\\\/az\\\/article\\\/iyulda-serhedi-pozmaqda-ittiham-olunan-22-nefer-saxlanilib\\\/#primaryimage\"},\"thumbnailUrl\":\"https:\\\/\\\/www.meydan.tv\\\/wp-content\\\/uploads\\\/shutterstock_320672735.jpg\",\"datePublished\":\"2024-08-03T11:08:22+00:00\",\"dateModified\":\"2024-08-03T11:08:25+00:00\",\"description\":\"DSX qeyd edir ki, saxlan\u0131lanlardan 13-\u00fc Az\u0259rbaycan, 3-\u00fc Pakistan, 2-si \u0130ran, 2-si M\u0259rake\u015f, 1-i T\u00fcrkiy\u0259, 1-i Banqlade\u015f v\u0259t\u0259nda\u015f\u0131d\u0131r.\",\"breadcrumb\":{\"@id\":\"https:\\\/\\\/www.meydan.tv\\\/az\\\/article\\\/iyulda-serhedi-pozmaqda-ittiham-olunan-22-nefer-saxlanilib\\\/#breadcrumb\"},\"inLanguage\":\"az\",\"potentialAction\":[{\"@type\":\"ReadAction\",\"target\":[\"https:\\\/\\\/www.meydan.tv\\\/az\\\/article\\\/iyulda-serhedi-pozmaqda-ittiham-olunan-22-nefer-saxlanilib\\\/\"]}]},{\"@type\":\"ImageObject\",\"inLanguage\":\"az\",\"@id\":\"https:\\\/\\\/www.meydan.tv\\\/az\\\/article\\\/iyulda-serhedi-pozmaqda-ittiham-olunan-22-nefer-saxlanilib\\\/#primaryimage\",\"url\":\"https:\\\/\\\/www.meydan.tv\\\/wp-content\\\/uploads\\\/shutterstock_320672735.jpg\",\"contentUrl\":\"https:\\\/\\\/www.meydan.tv\\\/wp-content\\\/uploads\\\/shutterstock_320672735.jpg\",\"width\":1200,\"height\":859,\"caption\":\"S\u0259rh\u0259d. Foto: Prazis Images\\\/shutterstock\"},{\"@type\":\"BreadcrumbList\",\"@id\":\"https:\\\/\\\/www.meydan.tv\\\/az\\\/article\\\/iyulda-serhedi-pozmaqda-ittiham-olunan-22-nefer-saxlanilib\\\/#breadcrumb\",\"itemListElement\":[{\"@type\":\"ListItem\",\"position\":1,\"name\":\"Ana s\u0259hif\u0259\",\"item\":\"https:\\\/\\\/www.meydan.tv\\\/az\\\/\"},{\"@type\":\"ListItem\",\"position\":2,\"name\":\"Sosial\",\"item\":\"https:\\\/\\\/www.meydan.tv\\\/az\\\/section\\\/sosial\\\/\"},{\"@type\":\"ListItem\",\"position\":3,\"name\":\"\u0130yulda s\u0259rh\u0259di pozmaqda ittiham olunan 22 n\u0259f\u0259r saxlan\u0131l\u0131b\"}]},{\"@type\":\"WebSite\",\"@id\":\"https:\\\/\\\/www.meydan.tv\\\/az\\\/#website\",\"url\":\"https:\\\/\\\/www.meydan.tv\\\/az\\\/\",\"name\":\"MEYDAN.TV\",\"description\":\"Meydan TV Az\u0259rbaycan\u0131n media m\u0259kan\u0131ndak\u0131 alternativ s\u0259sidir\",\"publisher\":{\"@id\":\"https:\\\/\\\/www.meydan.tv\\\/az\\\/#organization\"},\"potentialAction\":[{\"@type\":\"SearchAction\",\"target\":{\"@type\":\"EntryPoint\",\"urlTemplate\":\"https:\\\/\\\/www.meydan.tv\\\/az\\\/?s={search_term_string}\"},\"query-input\":{\"@type\":\"PropertyValueSpecification\",\"valueRequired\":true,\"valueName\":\"search_term_string\"}}],\"inLanguage\":\"az\"},{\"@type\":\"Organization\",\"@id\":\"https:\\\/\\\/www.meydan.tv\\\/az\\\/#organization\",\"name\":\"Meydan TV\",\"url\":\"https:\\\/\\\/www.meydan.tv\\\/az\\\/\",\"logo\":{\"@type\":\"ImageObject\",\"inLanguage\":\"az\",\"@id\":\"https:\\\/\\\/www.meydan.tv\\\/az\\\/#\\\/schema\\\/logo\\\/image\\\/\",\"url\":\"https:\\\/\\\/www.meydan.tv\\\/wp-content\\\/uploads\\\/2021\\\/07\\\/meydan-logo.svg\",\"contentUrl\":\"https:\\\/\\\/www.meydan.tv\\\/wp-content\\\/uploads\\\/2021\\\/07\\\/meydan-logo.svg\",\"width\":195,\"height\":46,\"caption\":\"Meydan TV\"},\"image\":{\"@id\":\"https:\\\/\\\/www.meydan.tv\\\/az\\\/#\\\/schema\\\/logo\\\/image\\\/\"}},{\"@type\":\"Person\",\"@id\":\"https:\\\/\\\/www.meydan.tv\\\/az\\\/#\\\/schema\\\/person\\\/09863e516102a829e72bedcf3f84c6b0\",\"name\":\"mahmud\"}]}<\/script>\n<!-- \/ Yoast SEO plugin. -->","yoast_head_json":{"title":"\u0130yulda s\u0259rh\u0259di pozmaqda ittiham olunan 22 n\u0259f\u0259r saxlan\u0131l\u0131b - MEYDAN.TV","description":"DSX qeyd edir ki, saxlan\u0131lanlardan 13-\u00fc Az\u0259rbaycan, 3-\u00fc Pakistan, 2-si \u0130ran, 2-si M\u0259rake\u015f, 1-i T\u00fcrkiy\u0259, 1-i Banqlade\u015f v\u0259t\u0259nda\u015f\u0131d\u0131r.","robots":{"index":"index","follow":"follow","max-snippet":"max-snippet:-1","max-image-preview":"max-image-preview:large","max-video-preview":"max-video-preview:-1"},"canonical":"https:\/\/www.meydan.tv\/az\/article\/iyulda-serhedi-pozmaqda-ittiham-olunan-22-nefer-saxlanilib\/","og_locale":"az_AZ","og_type":"article","og_title":"\u0130yulda s\u0259rh\u0259di pozmaqda ittiham olunan 22 n\u0259f\u0259r saxlan\u0131l\u0131b - MEYDAN.TV","og_description":"DSX qeyd edir ki, saxlan\u0131lanlardan 13-\u00fc Az\u0259rbaycan, 3-\u00fc Pakistan, 2-si \u0130ran, 2-si M\u0259rake\u015f, 1-i T\u00fcrkiy\u0259, 1-i Banqlade\u015f v\u0259t\u0259nda\u015f\u0131d\u0131r.","og_url":"https:\/\/www.meydan.tv\/az\/article\/iyulda-serhedi-pozmaqda-ittiham-olunan-22-nefer-saxlanilib\/","og_site_name":"MEYDAN.TV","article_published_time":"2024-08-03T11:08:22+00:00","article_modified_time":"2024-08-03T11:08:25+00:00","og_image":[{"width":1200,"height":859,"url":"https:\/\/www.meydan.tv\/wp-content\/uploads\/shutterstock_320672735.jpg","type":"image\/jpeg"}],"author":"mahmud","twitter_card":"summary_large_image","schema":{"@context":"https:\/\/schema.org","@graph":[{"@type":"Article","@id":"https:\/\/www.meydan.tv\/az\/article\/iyulda-serhedi-pozmaqda-ittiham-olunan-22-nefer-saxlanilib\/#article","isPartOf":{"@id":"https:\/\/www.meydan.tv\/az\/article\/iyulda-serhedi-pozmaqda-ittiham-olunan-22-nefer-saxlanilib\/"},"author":{"name":"mahmud","@id":"https:\/\/www.meydan.tv\/az\/#\/schema\/person\/09863e516102a829e72bedcf3f84c6b0"},"headline":"\u0130yulda s\u0259rh\u0259di pozmaqda ittiham olunan 22 n\u0259f\u0259r saxlan\u0131l\u0131b","datePublished":"2024-08-03T11:08:22+00:00","dateModified":"2024-08-03T11:08:25+00:00","mainEntityOfPage":{"@id":"https:\/\/www.meydan.tv\/az\/article\/iyulda-serhedi-pozmaqda-ittiham-olunan-22-nefer-saxlanilib\/"},"wordCount":402,"publisher":{"@id":"https:\/\/www.meydan.tv\/az\/#organization"},"image":{"@id":"https:\/\/www.meydan.tv\/az\/article\/iyulda-serhedi-pozmaqda-ittiham-olunan-22-nefer-saxlanilib\/#primaryimage"},"thumbnailUrl":"https:\/\/www.meydan.tv\/wp-content\/uploads\/shutterstock_320672735.jpg","articleSection":["Sosial","X\u0259b\u0259rl\u0259r"],"inLanguage":"az"},{"@type":"WebPage","@id":"https:\/\/www.meydan.tv\/az\/article\/iyulda-serhedi-pozmaqda-ittiham-olunan-22-nefer-saxlanilib\/","url":"https:\/\/www.meydan.tv\/az\/article\/iyulda-serhedi-pozmaqda-ittiham-olunan-22-nefer-saxlanilib\/","name":"\u0130yulda s\u0259rh\u0259di pozmaqda ittiham olunan 22 n\u0259f\u0259r saxlan\u0131l\u0131b - MEYDAN.TV","isPartOf":{"@id":"https:\/\/www.meydan.tv\/az\/#website"},"primaryImageOfPage":{"@id":"https:\/\/www.meydan.tv\/az\/article\/iyulda-serhedi-pozmaqda-ittiham-olunan-22-nefer-saxlanilib\/#primaryimage"},"image":{"@id":"https:\/\/www.meydan.tv\/az\/article\/iyulda-serhedi-pozmaqda-ittiham-olunan-22-nefer-saxlanilib\/#primaryimage"},"thumbnailUrl":"https:\/\/www.meydan.tv\/wp-content\/uploads\/shutterstock_320672735.jpg","datePublished":"2024-08-03T11:08:22+00:00","dateModified":"2024-08-03T11:08:25+00:00","description":"DSX qeyd edir ki, saxlan\u0131lanlardan 13-\u00fc Az\u0259rbaycan, 3-\u00fc Pakistan, 2-si \u0130ran, 2-si M\u0259rake\u015f, 1-i T\u00fcrkiy\u0259, 1-i Banqlade\u015f v\u0259t\u0259nda\u015f\u0131d\u0131r.","breadcrumb":{"@id":"https:\/\/www.meydan.tv\/az\/article\/iyulda-serhedi-pozmaqda-ittiham-olunan-22-nefer-saxlanilib\/#breadcrumb"},"inLanguage":"az","potentialAction":[{"@type":"ReadAction","target":["https:\/\/www.meydan.tv\/az\/article\/iyulda-serhedi-pozmaqda-ittiham-olunan-22-nefer-saxlanilib\/"]}]},{"@type":"ImageObject","inLanguage":"az","@id":"https:\/\/www.meydan.tv\/az\/article\/iyulda-serhedi-pozmaqda-ittiham-olunan-22-nefer-saxlanilib\/#primaryimage","url":"https:\/\/www.meydan.tv\/wp-content\/uploads\/shutterstock_320672735.jpg","contentUrl":"https:\/\/www.meydan.tv\/wp-content\/uploads\/shutterstock_320672735.jpg","width":1200,"height":859,"caption":"S\u0259rh\u0259d. Foto: Prazis Images\/shutterstock"},{"@type":"BreadcrumbList","@id":"https:\/\/www.meydan.tv\/az\/article\/iyulda-serhedi-pozmaqda-ittiham-olunan-22-nefer-saxlanilib\/#breadcrumb","itemListElement":[{"@type":"ListItem","position":1,"name":"Ana s\u0259hif\u0259","item":"https:\/\/www.meydan.tv\/az\/"},{"@type":"ListItem","position":2,"name":"Sosial","item":"https:\/\/www.meydan.tv\/az\/section\/sosial\/"},{"@type":"ListItem","position":3,"name":"\u0130yulda s\u0259rh\u0259di pozmaqda ittiham olunan 22 n\u0259f\u0259r saxlan\u0131l\u0131b"}]},{"@type":"WebSite","@id":"https:\/\/www.meydan.tv\/az\/#website","url":"https:\/\/www.meydan.tv\/az\/","name":"MEYDAN.TV","description":"Meydan TV Az\u0259rbaycan\u0131n media m\u0259kan\u0131ndak\u0131 alternativ s\u0259sidir","publisher":{"@id":"https:\/\/www.meydan.tv\/az\/#organization"},"potentialAction":[{"@type":"SearchAction","target":{"@type":"EntryPoint","urlTemplate":"https:\/\/www.meydan.tv\/az\/?s={search_term_string}"},"query-input":{"@type":"PropertyValueSpecification","valueRequired":true,"valueName":"search_term_string"}}],"inLanguage":"az"},{"@type":"Organization","@id":"https:\/\/www.meydan.tv\/az\/#organization","name":"Meydan TV","url":"https:\/\/www.meydan.tv\/az\/","logo":{"@type":"ImageObject","inLanguage":"az","@id":"https:\/\/www.meydan.tv\/az\/#\/schema\/logo\/image\/","url":"https:\/\/www.meydan.tv\/wp-content\/uploads\/2021\/07\/meydan-logo.svg","contentUrl":"https:\/\/www.meydan.tv\/wp-content\/uploads\/2021\/07\/meydan-logo.svg","width":195,"height":46,"caption":"Meydan TV"},"image":{"@id":"https:\/\/www.meydan.tv\/az\/#\/schema\/logo\/image\/"}},{"@type":"Person","@id":"https:\/\/www.meydan.tv\/az\/#\/schema\/person\/09863e516102a829e72bedcf3f84c6b0","name":"mahmud"}]}},"_links":{"self":[{"href":"https:\/\/www.meydan.tv\/az\/wp-json\/wp\/v2\/posts\/312160","targetHints":{"allow":["GET"]}}],"collection":[{"href":"https:\/\/www.meydan.tv\/az\/wp-json\/wp\/v2\/posts"}],"about":[{"href":"https:\/\/www.meydan.tv\/az\/wp-json\/wp\/v2\/types\/post"}],"author":[{"embeddable":true,"href":"https:\/\/www.meydan.tv\/az\/wp-json\/wp\/v2\/users\/21"}],"replies":[{"embeddable":true,"href":"https:\/\/www.meydan.tv\/az\/wp-json\/wp\/v2\/comments?post=312160"}],"version-history":[{"count":1,"href":"https:\/\/www.meydan.tv\/az\/wp-json\/wp\/v2\/posts\/312160\/revisions"}],"predecessor-version":[{"id":312161,"href":"https:\/\/www.meydan.tv\/az\/wp-json\/wp\/v2\/posts\/312160\/revisions\/312161"}],"wp:featuredmedia":[{"embeddable":true,"href":"https:\/\/www.meydan.tv\/az\/wp-json\/wp\/v2\/media\/298992"}],"wp:attachment":[{"href":"https:\/\/www.meydan.tv\/az\/wp-json\/wp\/v2\/media?parent=312160"}],"wp:term":[{"taxonomy":"category","embeddable":true,"href":"https:\/\/www.meydan.tv\/az\/wp-json\/wp\/v2\/categories?post=312160"},{"taxonomy":"post_tag","embeddable":true,"href":"https:\/\/www.meydan.tv\/az\/wp-json\/wp\/v2\/tags?post=312160"}],"curies":[{"name":"wp","href":"https:\/\/api.w.org\/{rel}","templated":true}]}}